{"id":82771,"date":"2023-09-17T23:43:53","date_gmt":"2023-09-17T23:43:53","guid":{"rendered":"https:\/\/elregionalvm.com.ar\/noticias-villa-maria\/?p=82771"},"modified":"2023-09-17T23:43:57","modified_gmt":"2023-09-17T23:43:57","slug":"proyectan-sumar-25-kilometros-mas-de-ciclovias-a-los-10-ya-existentes","status":"publish","type":"post","link":"https:\/\/elregionalvm.com.ar\/noticias-villa-maria\/proyectan-sumar-25-kilometros-mas-de-ciclovias-a-los-10-ya-existentes\/","title":{"rendered":"Proyectan sumar 25 kil\u00f3metros m\u00e1s de ciclov\u00edas a los 10 ya existentes"},"content":{"rendered":"\n<p><\/p>\n\n\n\n<p>Villa Mar\u00eda cuenta con una red integral de bicisendas y ciclov\u00edas de 10 kil\u00f3metros. Con el objetivo de mejorar el espacio p\u00fablico y la circulaci\u00f3n vehicular, el municipio trabaja en un Plan de Movilidad Urbana Sustentable para alcanzar los 35 kil\u00f3metros.<\/p>\n\n\n\n<p>Seg\u00fan se indic\u00f3, \u201campliar la red de ciclov\u00edas existente en Villa Mar\u00eda tiene como principal objetivo conectar a todos barrios con los puntos neur\u00e1lgicos de la ciudad, promoviendo la conectividad ecol\u00f3gica y la concientizaci\u00f3n ambiental de la poblaci\u00f3n y apuntando a la utilizaci\u00f3n de un medio de transporte ambientalmente amigable, accesible e inclusivo\u201d.<\/p>\n\n\n\n<p><\/p>\n\n\n\n<figure class=\"wp-block-image size-full\"><img data-recalc-dims=\"1\" fetchpriority=\"high\" decoding=\"async\" width=\"947\" height=\"594\" src=\"https:\/\/i0.wp.com\/elregionalvm.com.ar\/noticias-villa-maria\/wp-content\/uploads\/2023\/09\/Proyecto-ciclovias-VM.jpg?resize=947%2C594&#038;ssl=1\" alt=\"\" class=\"wp-image-82772\" srcset=\"https:\/\/i0.wp.com\/elregionalvm.com.ar\/noticias-villa-maria\/wp-content\/uploads\/2023\/09\/Proyecto-ciclovias-VM.jpg?w=947&amp;ssl=1 947w, https:\/\/i0.wp.com\/elregionalvm.com.ar\/noticias-villa-maria\/wp-content\/uploads\/2023\/09\/Proyecto-ciclovias-VM.jpg?resize=300%2C188&amp;ssl=1 300w, https:\/\/i0.wp.com\/elregionalvm.com.ar\/noticias-villa-maria\/wp-content\/uploads\/2023\/09\/Proyecto-ciclovias-VM.jpg?resize=768%2C482&amp;ssl=1 768w\" sizes=\"(max-width: 947px) 100vw, 947px\" \/><\/figure>\n\n\n\n<p><\/p>\n\n\n\n<p>\u201cCon esto se busca favorecer la movilidad urbana sustentable y atender a problemas medioambientales y sociales ocasionados por un modelo de transporte urbano basado en la priorizaci\u00f3n del veh\u00edculo particular a motor\u201d, inform\u00f3 el gobierno local.<\/p>\n\n\n\n<p>Esta iniciativa busca lograr un triple impacto desde lo ambiental, el desarrollo de un medio de movilidad no contaminante y una disminuci\u00f3n de los gases efecto invernadero; desde lo econ\u00f3mico, un medio de comunicaci\u00f3n accesible y de bajo costo; desde lo social y urbano, la conectividad de todos los barrios.<\/p>\n\n\n\n<p>Por definici\u00f3n, las ciclov\u00edas \u201cson espacios reversados \u00fanicamente a las personas que circulan sobre una bicicleta\u201d. Este tipo de v\u00eda se ubica, generalmente, en los laterales de calles, autopistas o avenidas.<\/p>\n\n\n\n<p>El principal objetivo \u201ces aislar el tr\u00e1fico vehicular y el tr\u00e1fico ciclista con el fin de mantener a salvo y fuera de peligros\u201d a los usuarios de la red.<\/p>\n","protected":false},"excerpt":{"rendered":"<p>Villa Mar\u00eda cuenta con una red integral de bicisendas y ciclov\u00edas de 10 kil\u00f3metros. Con el objetivo de mejorar el espacio p\u00fablico y la circulaci\u00f3n vehicular, el municipio trabaja en un Plan de Movilidad Urbana Sustentable para alcanzar los 35 kil\u00f3metros. Seg\u00fan se indic\u00f3, \u201campliar la red de ciclov\u00edas existente en Villa Mar\u00eda tiene como [&hellip;]<\/p>\n","protected":false},"author":4,"featured_media":82775,"comment_status":"open","ping_status":"open","sticky":false,"template":"","format":"standard","meta":{"site-sidebar-layout":"default","site-content-layout":"","ast-site-content-layout":"default","site-content-style":"default","site-sidebar-style":"default","ast-global-header-display":"","ast-banner-title-visibility":"","ast-main-header-display":"","ast-hfb-above-header-display":"","ast-hfb-below-header-display":"","ast-hfb-mobile-header-display":"","site-post-title":"","ast-breadcrumbs-content":"","ast-featured-img":"","footer-sml-layout":"","ast-disable-related-posts":"","theme-transparent-header-meta":"","adv-header-id-meta":"","stick-header-meta":"","header-above-stick-meta":"","header-main-stick-meta":"","header-below-stick-meta":"","astra-migrate-meta-layouts":"set","ast-page-background-enabled":"default","ast-page-background-meta":{"desktop":{"background-color":"","background-image":"","background-repeat":"repeat","background-position":"center center","background-size":"auto","background-attachment":"scroll","background-type":"","background-media":"","overlay-type":"","overlay-color":"","overlay-opacity":"","overlay-gradient":""},"tablet":{"background-color":"","background-image":"","background-repeat":"repeat","background-position":"center center","background-size":"auto","background-attachment":"scroll","background-type":"","background-media":"","overlay-type":"","overlay-color":"","overlay-opacity":"","overlay-gradient":""},"mobile":{"background-color":"","background-image":"","background-repeat":"repeat","background-position":"center center","background-size":"auto","background-attachment":"scroll","background-type":"","background-media":"","overlay-type":"","overlay-color":"","overlay-opacity":"","overlay-gradient":""}},"ast-content-background-meta":{"desktop":{"background-color":"var(--ast-global-color-5)","background-image":"","background-repeat":"repeat","background-position":"center center","background-size":"auto","background-attachment":"scroll","background-type":"","background-media":"","overlay-type":"","overlay-color":"","overlay-opacity":"","overlay-gradient":""},"tablet":{"background-color":"var(--ast-global-color-5)","background-image":"","background-repeat":"repeat","background-position":"center center","background-size":"auto","background-attachment":"scroll","background-type":"","background-media":"","overlay-type":"","overlay-color":"","overlay-opacity":"","overlay-gradient":""},"mobile":{"background-color":"var(--ast-global-color-5)","background-image":"","background-repeat":"repeat","background-position":"center center","background-size":"auto","background-attachment":"scroll","background-type":"","background-media":"","overlay-type":"","overlay-color":"","overlay-opacity":"","overlay-gradient":""}},"_jetpack_memberships_contains_paid_content":false,"_joinchat":[],"footnotes":""},"categories":[15302,2],"tags":[19395,20904,3223,22916,1036,5009],"class_list":["post-82771","post","type-post","status-publish","format-standard","has-post-thumbnail","hentry","category-destacado","category-villa-maria","tag-bicisendas","tag-ciclovia","tag-medio-ambiente","tag-movilidad-sustentable","tag-proyecto","tag-union-europea"],"yoast_head":"<!-- This site is optimized with the Yoast SEO plugin v26.8 - https:\/\/yoast.com\/product\/yoast-seo-wordpress\/ -->\n<title>Proyectan sumar 25 kil\u00f3metros m\u00e1s de ciclov\u00edas a los 10 ya existentes - El Regional<\/title>\n<meta name=\"robots\" content=\"index, follow, max-snippet:-1, max-image-preview:large, max-video-preview:-1\" \/>\n<link rel=\"canonical\" href=\"http:\/\/elregionalvm.com.ar\/noticias-villa-maria\/proyectan-sumar-25-kilometros-mas-de-ciclovias-a-los-10-ya-existentes\/\" \/>\n<meta property=\"og:locale\" content=\"es_ES\" \/>\n<meta property=\"og:type\" content=\"article\" \/>\n<meta property=\"og:title\" content=\"Proyectan sumar 25 kil\u00f3metros m\u00e1s de ciclov\u00edas a los 10 ya existentes - El Regional\" \/>\n<meta property=\"og:description\" content=\"Villa Mar\u00eda cuenta con una red integral de bicisendas y ciclov\u00edas de 10 kil\u00f3metros. Con el objetivo de mejorar el espacio p\u00fablico y la circulaci\u00f3n vehicular, el municipio trabaja en un Plan de Movilidad Urbana Sustentable para alcanzar los 35 kil\u00f3metros. Seg\u00fan se indic\u00f3, \u201campliar la red de ciclov\u00edas existente en Villa Mar\u00eda tiene como [&hellip;]\" \/>\n<meta property=\"og:url\" content=\"http:\/\/elregionalvm.com.ar\/noticias-villa-maria\/proyectan-sumar-25-kilometros-mas-de-ciclovias-a-los-10-ya-existentes\/\" \/>\n<meta property=\"og:site_name\" content=\"El Regional\" \/>\n<meta property=\"article:publisher\" content=\"https:\/\/www.facebook.com\/elregionalvm\" \/>\n<meta property=\"article:published_time\" content=\"2023-09-17T23:43:53+00:00\" \/>\n<meta property=\"article:modified_time\" content=\"2023-09-17T23:43:57+00:00\" \/>\n<meta property=\"og:image\" content=\"http:\/\/elregionalvm.com.ar\/noticias-villa-maria\/wp-content\/uploads\/2023\/09\/Ciclovia-villa-maria.jpg\" \/>\n\t<meta property=\"og:image:width\" content=\"848\" \/>\n\t<meta property=\"og:image:height\" content=\"565\" \/>\n\t<meta property=\"og:image:type\" content=\"image\/jpeg\" \/>\n<meta name=\"author\" content=\"Contenidos El Regional\" \/>\n<meta name=\"twitter:card\" content=\"summary_large_image\" \/>\n<meta name=\"twitter:creator\" content=\"@elregionalvm1\" \/>\n<meta name=\"twitter:site\" content=\"@elregionalvm1\" \/>\n<meta name=\"twitter:label1\" content=\"Escrito por\" \/>\n\t<meta name=\"twitter:data1\" content=\"Contenidos El Regional\" \/>\n\t<meta name=\"twitter:label2\" content=\"Tiempo de lectura\" \/>\n\t<meta name=\"twitter:data2\" content=\"2 minutos\" \/>\n<script type=\"application\/ld+json\" class=\"yoast-schema-graph\">{\"@context\":\"https:\/\/schema.org\",\"@graph\":[{\"@type\":\"Article\",\"@id\":\"http:\/\/elregionalvm.com.ar\/noticias-villa-maria\/proyectan-sumar-25-kilometros-mas-de-ciclovias-a-los-10-ya-existentes\/#article\",\"isPartOf\":{\"@id\":\"http:\/\/elregionalvm.com.ar\/noticias-villa-maria\/proyectan-sumar-25-kilometros-mas-de-ciclovias-a-los-10-ya-existentes\/\"},\"author\":{\"name\":\"Contenidos El Regional\",\"@id\":\"http:\/\/elregionalvm.com.ar\/noticias-villa-maria\/#\/schema\/person\/a0fb9c422317faca23d50163151bc354\"},\"headline\":\"Proyectan sumar 25 kil\u00f3metros m\u00e1s de ciclov\u00edas a los 10 ya existentes\",\"datePublished\":\"2023-09-17T23:43:53+00:00\",\"dateModified\":\"2023-09-17T23:43:57+00:00\",\"mainEntityOfPage\":{\"@id\":\"http:\/\/elregionalvm.com.ar\/noticias-villa-maria\/proyectan-sumar-25-kilometros-mas-de-ciclovias-a-los-10-ya-existentes\/\"},\"wordCount\":275,\"commentCount\":0,\"image\":{\"@id\":\"http:\/\/elregionalvm.com.ar\/noticias-villa-maria\/proyectan-sumar-25-kilometros-mas-de-ciclovias-a-los-10-ya-existentes\/#primaryimage\"},\"thumbnailUrl\":\"https:\/\/i0.wp.com\/elregionalvm.com.ar\/noticias-villa-maria\/wp-content\/uploads\/2023\/09\/Ciclovia-villa-maria.jpg?fit=848%2C565&ssl=1\",\"keywords\":[\"Bicisendas\",\"ciclov\u00eda\",\"Medio ambiente\",\"movilidad sustentable\",\"Proyecto\",\"Uni\u00f3n Europea\"],\"articleSection\":[\"destacado\",\"Villa Mar\u00eda\"],\"inLanguage\":\"es\",\"potentialAction\":[{\"@type\":\"CommentAction\",\"name\":\"Comment\",\"target\":[\"http:\/\/elregionalvm.com.ar\/noticias-villa-maria\/proyectan-sumar-25-kilometros-mas-de-ciclovias-a-los-10-ya-existentes\/#respond\"]}]},{\"@type\":\"WebPage\",\"@id\":\"http:\/\/elregionalvm.com.ar\/noticias-villa-maria\/proyectan-sumar-25-kilometros-mas-de-ciclovias-a-los-10-ya-existentes\/\",\"url\":\"http:\/\/elregionalvm.com.ar\/noticias-villa-maria\/proyectan-sumar-25-kilometros-mas-de-ciclovias-a-los-10-ya-existentes\/\",\"name\":\"Proyectan sumar 25 kil\u00f3metros m\u00e1s de ciclov\u00edas a los 10 ya existentes - El Regional\",\"isPartOf\":{\"@id\":\"http:\/\/elregionalvm.com.ar\/noticias-villa-maria\/#website\"},\"primaryImageOfPage\":{\"@id\":\"http:\/\/elregionalvm.com.ar\/noticias-villa-maria\/proyectan-sumar-25-kilometros-mas-de-ciclovias-a-los-10-ya-existentes\/#primaryimage\"},\"image\":{\"@id\":\"http:\/\/elregionalvm.com.ar\/noticias-villa-maria\/proyectan-sumar-25-kilometros-mas-de-ciclovias-a-los-10-ya-existentes\/#primaryimage\"},\"thumbnailUrl\":\"https:\/\/i0.wp.com\/elregionalvm.com.ar\/noticias-villa-maria\/wp-content\/uploads\/2023\/09\/Ciclovia-villa-maria.jpg?fit=848%2C565&ssl=1\",\"datePublished\":\"2023-09-17T23:43:53+00:00\",\"dateModified\":\"2023-09-17T23:43:57+00:00\",\"author\":{\"@id\":\"http:\/\/elregionalvm.com.ar\/noticias-villa-maria\/#\/schema\/person\/a0fb9c422317faca23d50163151bc354\"},\"breadcrumb\":{\"@id\":\"http:\/\/elregionalvm.com.ar\/noticias-villa-maria\/proyectan-sumar-25-kilometros-mas-de-ciclovias-a-los-10-ya-existentes\/#breadcrumb\"},\"inLanguage\":\"es\",\"potentialAction\":[{\"@type\":\"ReadAction\",\"target\":[\"http:\/\/elregionalvm.com.ar\/noticias-villa-maria\/proyectan-sumar-25-kilometros-mas-de-ciclovias-a-los-10-ya-existentes\/\"]}]},{\"@type\":\"ImageObject\",\"inLanguage\":\"es\",\"@id\":\"http:\/\/elregionalvm.com.ar\/noticias-villa-maria\/proyectan-sumar-25-kilometros-mas-de-ciclovias-a-los-10-ya-existentes\/#primaryimage\",\"url\":\"https:\/\/i0.wp.com\/elregionalvm.com.ar\/noticias-villa-maria\/wp-content\/uploads\/2023\/09\/Ciclovia-villa-maria.jpg?fit=848%2C565&ssl=1\",\"contentUrl\":\"https:\/\/i0.wp.com\/elregionalvm.com.ar\/noticias-villa-maria\/wp-content\/uploads\/2023\/09\/Ciclovia-villa-maria.jpg?fit=848%2C565&ssl=1\",\"width\":848,\"height\":565},{\"@type\":\"BreadcrumbList\",\"@id\":\"http:\/\/elregionalvm.com.ar\/noticias-villa-maria\/proyectan-sumar-25-kilometros-mas-de-ciclovias-a-los-10-ya-existentes\/#breadcrumb\",\"itemListElement\":[{\"@type\":\"ListItem\",\"position\":1,\"name\":\"Portada\",\"item\":\"https:\/\/elregionalvm.com.ar\/noticias-villa-maria\/\"},{\"@type\":\"ListItem\",\"position\":2,\"name\":\"Proyectan sumar 25 kil\u00f3metros m\u00e1s de ciclov\u00edas a los 10 ya existentes\"}]},{\"@type\":\"WebSite\",\"@id\":\"http:\/\/elregionalvm.com.ar\/noticias-villa-maria\/#website\",\"url\":\"http:\/\/elregionalvm.com.ar\/noticias-villa-maria\/\",\"name\":\"El Regional\",\"description\":\"Mucho m\u00e1s que informaci\u00f3n\",\"potentialAction\":[{\"@type\":\"SearchAction\",\"target\":{\"@type\":\"EntryPoint\",\"urlTemplate\":\"http:\/\/elregionalvm.com.ar\/noticias-villa-maria\/?s={search_term_string}\"},\"query-input\":{\"@type\":\"PropertyValueSpecification\",\"valueRequired\":true,\"valueName\":\"search_term_string\"}}],\"inLanguage\":\"es\"},{\"@type\":\"Person\",\"@id\":\"http:\/\/elregionalvm.com.ar\/noticias-villa-maria\/#\/schema\/person\/a0fb9c422317faca23d50163151bc354\",\"name\":\"Contenidos El Regional\",\"image\":{\"@type\":\"ImageObject\",\"inLanguage\":\"es\",\"@id\":\"http:\/\/elregionalvm.com.ar\/noticias-villa-maria\/#\/schema\/person\/image\/\",\"url\":\"https:\/\/secure.gravatar.com\/avatar\/265b27cb2209af7bb3a1318f03305787d7981a5cc6e6cd08fe5a4ecdf99d4b48?s=96&d=mm&r=g\",\"contentUrl\":\"https:\/\/secure.gravatar.com\/avatar\/265b27cb2209af7bb3a1318f03305787d7981a5cc6e6cd08fe5a4ecdf99d4b48?s=96&d=mm&r=g\",\"caption\":\"Contenidos El Regional\"},\"url\":\"https:\/\/elregionalvm.com.ar\/noticias-villa-maria\/author\/contenido\/\"}]}<\/script>\n<!-- \/ Yoast SEO plugin. -->","yoast_head_json":{"title":"Proyectan sumar 25 kil\u00f3metros m\u00e1s de ciclov\u00edas a los 10 ya existentes - El Regional","robots":{"index":"index","follow":"follow","max-snippet":"max-snippet:-1","max-image-preview":"max-image-preview:large","max-video-preview":"max-video-preview:-1"},"canonical":"http:\/\/elregionalvm.com.ar\/noticias-villa-maria\/proyectan-sumar-25-kilometros-mas-de-ciclovias-a-los-10-ya-existentes\/","og_locale":"es_ES","og_type":"article","og_title":"Proyectan sumar 25 kil\u00f3metros m\u00e1s de ciclov\u00edas a los 10 ya existentes - El Regional","og_description":"Villa Mar\u00eda cuenta con una red integral de bicisendas y ciclov\u00edas de 10 kil\u00f3metros. Con el objetivo de mejorar el espacio p\u00fablico y la circulaci\u00f3n vehicular, el municipio trabaja en un Plan de Movilidad Urbana Sustentable para alcanzar los 35 kil\u00f3metros. Seg\u00fan se indic\u00f3, \u201campliar la red de ciclov\u00edas existente en Villa Mar\u00eda tiene como [&hellip;]","og_url":"http:\/\/elregionalvm.com.ar\/noticias-villa-maria\/proyectan-sumar-25-kilometros-mas-de-ciclovias-a-los-10-ya-existentes\/","og_site_name":"El Regional","article_publisher":"https:\/\/www.facebook.com\/elregionalvm","article_published_time":"2023-09-17T23:43:53+00:00","article_modified_time":"2023-09-17T23:43:57+00:00","og_image":[{"width":848,"height":565,"url":"http:\/\/elregionalvm.com.ar\/noticias-villa-maria\/wp-content\/uploads\/2023\/09\/Ciclovia-villa-maria.jpg","type":"image\/jpeg"}],"author":"Contenidos El Regional","twitter_card":"summary_large_image","twitter_creator":"@elregionalvm1","twitter_site":"@elregionalvm1","twitter_misc":{"Escrito por":"Contenidos El Regional","Tiempo de lectura":"2 minutos"},"schema":{"@context":"https:\/\/schema.org","@graph":[{"@type":"Article","@id":"http:\/\/elregionalvm.com.ar\/noticias-villa-maria\/proyectan-sumar-25-kilometros-mas-de-ciclovias-a-los-10-ya-existentes\/#article","isPartOf":{"@id":"http:\/\/elregionalvm.com.ar\/noticias-villa-maria\/proyectan-sumar-25-kilometros-mas-de-ciclovias-a-los-10-ya-existentes\/"},"author":{"name":"Contenidos El Regional","@id":"http:\/\/elregionalvm.com.ar\/noticias-villa-maria\/#\/schema\/person\/a0fb9c422317faca23d50163151bc354"},"headline":"Proyectan sumar 25 kil\u00f3metros m\u00e1s de ciclov\u00edas a los 10 ya existentes","datePublished":"2023-09-17T23:43:53+00:00","dateModified":"2023-09-17T23:43:57+00:00","mainEntityOfPage":{"@id":"http:\/\/elregionalvm.com.ar\/noticias-villa-maria\/proyectan-sumar-25-kilometros-mas-de-ciclovias-a-los-10-ya-existentes\/"},"wordCount":275,"commentCount":0,"image":{"@id":"http:\/\/elregionalvm.com.ar\/noticias-villa-maria\/proyectan-sumar-25-kilometros-mas-de-ciclovias-a-los-10-ya-existentes\/#primaryimage"},"thumbnailUrl":"https:\/\/i0.wp.com\/elregionalvm.com.ar\/noticias-villa-maria\/wp-content\/uploads\/2023\/09\/Ciclovia-villa-maria.jpg?fit=848%2C565&ssl=1","keywords":["Bicisendas","ciclov\u00eda","Medio ambiente","movilidad sustentable","Proyecto","Uni\u00f3n Europea"],"articleSection":["destacado","Villa Mar\u00eda"],"inLanguage":"es","potentialAction":[{"@type":"CommentAction","name":"Comment","target":["http:\/\/elregionalvm.com.ar\/noticias-villa-maria\/proyectan-sumar-25-kilometros-mas-de-ciclovias-a-los-10-ya-existentes\/#respond"]}]},{"@type":"WebPage","@id":"http:\/\/elregionalvm.com.ar\/noticias-villa-maria\/proyectan-sumar-25-kilometros-mas-de-ciclovias-a-los-10-ya-existentes\/","url":"http:\/\/elregionalvm.com.ar\/noticias-villa-maria\/proyectan-sumar-25-kilometros-mas-de-ciclovias-a-los-10-ya-existentes\/","name":"Proyectan sumar 25 kil\u00f3metros m\u00e1s de ciclov\u00edas a los 10 ya existentes - El Regional","isPartOf":{"@id":"http:\/\/elregionalvm.com.ar\/noticias-villa-maria\/#website"},"primaryImageOfPage":{"@id":"http:\/\/elregionalvm.com.ar\/noticias-villa-maria\/proyectan-sumar-25-kilometros-mas-de-ciclovias-a-los-10-ya-existentes\/#primaryimage"},"image":{"@id":"http:\/\/elregionalvm.com.ar\/noticias-villa-maria\/proyectan-sumar-25-kilometros-mas-de-ciclovias-a-los-10-ya-existentes\/#primaryimage"},"thumbnailUrl":"https:\/\/i0.wp.com\/elregionalvm.com.ar\/noticias-villa-maria\/wp-content\/uploads\/2023\/09\/Ciclovia-villa-maria.jpg?fit=848%2C565&ssl=1","datePublished":"2023-09-17T23:43:53+00:00","dateModified":"2023-09-17T23:43:57+00:00","author":{"@id":"http:\/\/elregionalvm.com.ar\/noticias-villa-maria\/#\/schema\/person\/a0fb9c422317faca23d50163151bc354"},"breadcrumb":{"@id":"http:\/\/elregionalvm.com.ar\/noticias-villa-maria\/proyectan-sumar-25-kilometros-mas-de-ciclovias-a-los-10-ya-existentes\/#breadcrumb"},"inLanguage":"es","potentialAction":[{"@type":"ReadAction","target":["http:\/\/elregionalvm.com.ar\/noticias-villa-maria\/proyectan-sumar-25-kilometros-mas-de-ciclovias-a-los-10-ya-existentes\/"]}]},{"@type":"ImageObject","inLanguage":"es","@id":"http:\/\/elregionalvm.com.ar\/noticias-villa-maria\/proyectan-sumar-25-kilometros-mas-de-ciclovias-a-los-10-ya-existentes\/#primaryimage","url":"https:\/\/i0.wp.com\/elregionalvm.com.ar\/noticias-villa-maria\/wp-content\/uploads\/2023\/09\/Ciclovia-villa-maria.jpg?fit=848%2C565&ssl=1","contentUrl":"https:\/\/i0.wp.com\/elregionalvm.com.ar\/noticias-villa-maria\/wp-content\/uploads\/2023\/09\/Ciclovia-villa-maria.jpg?fit=848%2C565&ssl=1","width":848,"height":565},{"@type":"BreadcrumbList","@id":"http:\/\/elregionalvm.com.ar\/noticias-villa-maria\/proyectan-sumar-25-kilometros-mas-de-ciclovias-a-los-10-ya-existentes\/#breadcrumb","itemListElement":[{"@type":"ListItem","position":1,"name":"Portada","item":"https:\/\/elregionalvm.com.ar\/noticias-villa-maria\/"},{"@type":"ListItem","position":2,"name":"Proyectan sumar 25 kil\u00f3metros m\u00e1s de ciclov\u00edas a los 10 ya existentes"}]},{"@type":"WebSite","@id":"http:\/\/elregionalvm.com.ar\/noticias-villa-maria\/#website","url":"http:\/\/elregionalvm.com.ar\/noticias-villa-maria\/","name":"El Regional","description":"Mucho m\u00e1s que informaci\u00f3n","potentialAction":[{"@type":"SearchAction","target":{"@type":"EntryPoint","urlTemplate":"http:\/\/elregionalvm.com.ar\/noticias-villa-maria\/?s={search_term_string}"},"query-input":{"@type":"PropertyValueSpecification","valueRequired":true,"valueName":"search_term_string"}}],"inLanguage":"es"},{"@type":"Person","@id":"http:\/\/elregionalvm.com.ar\/noticias-villa-maria\/#\/schema\/person\/a0fb9c422317faca23d50163151bc354","name":"Contenidos El Regional","image":{"@type":"ImageObject","inLanguage":"es","@id":"http:\/\/elregionalvm.com.ar\/noticias-villa-maria\/#\/schema\/person\/image\/","url":"https:\/\/secure.gravatar.com\/avatar\/265b27cb2209af7bb3a1318f03305787d7981a5cc6e6cd08fe5a4ecdf99d4b48?s=96&d=mm&r=g","contentUrl":"https:\/\/secure.gravatar.com\/avatar\/265b27cb2209af7bb3a1318f03305787d7981a5cc6e6cd08fe5a4ecdf99d4b48?s=96&d=mm&r=g","caption":"Contenidos El Regional"},"url":"https:\/\/elregionalvm.com.ar\/noticias-villa-maria\/author\/contenido\/"}]}},"jetpack_featured_media_url":"https:\/\/i0.wp.com\/elregionalvm.com.ar\/noticias-villa-maria\/wp-content\/uploads\/2023\/09\/Ciclovia-villa-maria.jpg?fit=848%2C565&ssl=1","jetpack_sharing_enabled":true,"_links":{"self":[{"href":"https:\/\/elregionalvm.com.ar\/noticias-villa-maria\/wp-json\/wp\/v2\/posts\/82771","targetHints":{"allow":["GET"]}}],"collection":[{"href":"https:\/\/elregionalvm.com.ar\/noticias-villa-maria\/wp-json\/wp\/v2\/posts"}],"about":[{"href":"https:\/\/elregionalvm.com.ar\/noticias-villa-maria\/wp-json\/wp\/v2\/types\/post"}],"author":[{"embeddable":true,"href":"https:\/\/elregionalvm.com.ar\/noticias-villa-maria\/wp-json\/wp\/v2\/users\/4"}],"replies":[{"embeddable":true,"href":"https:\/\/elregionalvm.com.ar\/noticias-villa-maria\/wp-json\/wp\/v2\/comments?post=82771"}],"version-history":[{"count":1,"href":"https:\/\/elregionalvm.com.ar\/noticias-villa-maria\/wp-json\/wp\/v2\/posts\/82771\/revisions"}],"predecessor-version":[{"id":82773,"href":"https:\/\/elregionalvm.com.ar\/noticias-villa-maria\/wp-json\/wp\/v2\/posts\/82771\/revisions\/82773"}],"wp:featuredmedia":[{"embeddable":true,"href":"https:\/\/elregionalvm.com.ar\/noticias-villa-maria\/wp-json\/wp\/v2\/media\/82775"}],"wp:attachment":[{"href":"https:\/\/elregionalvm.com.ar\/noticias-villa-maria\/wp-json\/wp\/v2\/media?parent=82771"}],"wp:term":[{"taxonomy":"category","embeddable":true,"href":"https:\/\/elregionalvm.com.ar\/noticias-villa-maria\/wp-json\/wp\/v2\/categories?post=82771"},{"taxonomy":"post_tag","embeddable":true,"href":"https:\/\/elregionalvm.com.ar\/noticias-villa-maria\/wp-json\/wp\/v2\/tags?post=82771"}],"curies":[{"name":"wp","href":"https:\/\/api.w.org\/{rel}","templated":true}]}}