{"id":82991,"date":"2023-09-21T18:45:07","date_gmt":"2023-09-21T18:45:07","guid":{"rendered":"https:\/\/elregionalvm.com.ar\/noticias-villa-maria\/?p=82991"},"modified":"2023-09-21T18:45:09","modified_gmt":"2023-09-21T18:45:09","slug":"la-feria-franca-celebra-su-quinto-aniversario-con-bandas-en-vivo-sorteos-y-sorpresas-para-disfrutar-en-familia","status":"publish","type":"post","link":"https:\/\/elregionalvm.com.ar\/noticias-villa-maria\/la-feria-franca-celebra-su-quinto-aniversario-con-bandas-en-vivo-sorteos-y-sorpresas-para-disfrutar-en-familia\/","title":{"rendered":"La Feria Franca celebra su quinto aniversario con bandas en vivo, sorteos y sorpresas para disfrutar en familia"},"content":{"rendered":"\n<p>La iniciativa impulsada desde el municipio, junto al Instituto Nacional de Tecnolog\u00eda Agropecuaria (INTA) y el Mercado de Abasto, celebra su quinto aniversario de encuentro, intercambio justo y alimentaci\u00f3n de calidad. En esta oportunidad, la Feria Franca tendr\u00e1 lugar el pr\u00f3ximo s\u00e1bado de 10:00 a 14:00 horas, en la Plaza Independencia. Para celebrar el camino recorrido, se invita a la comunidad a participar del tradicional evento, que en esta oportunidad contar\u00e1 con la presencia de artistas locales en vivo, sorteos de productos y m\u00e1s sorpresas.<\/p>\n\n\n\n<p>Cabe destacar que la pol\u00edtica de soberan\u00eda alimentaria implementada desde la Secretar\u00eda de Inclusi\u00f3n Social y Territorio, tiene por objetivo acercar alimentos frescos de calidad y a un precio justo a vecinas y vecinos de la ciudad, promoviendo as\u00ed la compra de alimento saludables y sustentables, que contribuyan al mismo tiempo a la econom\u00eda familiar y a la preservaci\u00f3n del medio ambiente. En caso de lluvia, las actividades previstas se trasladan a Entre R\u00edos y Costanera<\/p>\n\n\n\n<figure class=\"wp-block-image size-large\"><img data-recalc-dims=\"1\" fetchpriority=\"high\" decoding=\"async\" width=\"1024\" height=\"683\" src=\"https:\/\/i0.wp.com\/elregionalvm.com.ar\/noticias-villa-maria\/wp-content\/uploads\/2023\/09\/WhatsApp-Image-2023-09-21-at-12.51.26.jpeg?resize=1024%2C683&#038;ssl=1\" alt=\"\" class=\"wp-image-82992\" srcset=\"https:\/\/i0.wp.com\/elregionalvm.com.ar\/noticias-villa-maria\/wp-content\/uploads\/2023\/09\/WhatsApp-Image-2023-09-21-at-12.51.26.jpeg?resize=1024%2C683&amp;ssl=1 1024w, https:\/\/i0.wp.com\/elregionalvm.com.ar\/noticias-villa-maria\/wp-content\/uploads\/2023\/09\/WhatsApp-Image-2023-09-21-at-12.51.26.jpeg?resize=300%2C200&amp;ssl=1 300w, https:\/\/i0.wp.com\/elregionalvm.com.ar\/noticias-villa-maria\/wp-content\/uploads\/2023\/09\/WhatsApp-Image-2023-09-21-at-12.51.26.jpeg?resize=768%2C512&amp;ssl=1 768w, https:\/\/i0.wp.com\/elregionalvm.com.ar\/noticias-villa-maria\/wp-content\/uploads\/2023\/09\/WhatsApp-Image-2023-09-21-at-12.51.26.jpeg?resize=1536%2C1024&amp;ssl=1 1536w, https:\/\/i0.wp.com\/elregionalvm.com.ar\/noticias-villa-maria\/wp-content\/uploads\/2023\/09\/WhatsApp-Image-2023-09-21-at-12.51.26.jpeg?w=1599&amp;ssl=1 1599w\" sizes=\"(max-width: 1000px) 100vw, 1000px\" \/><\/figure>\n\n\n\n<p>La Feria durante el primer semestre del a\u00f1o<\/p>\n\n\n\n<p>En la primera mitad del a\u00f1o, la Feria Franca involucr\u00f3 a m\u00e1s de 30 feriantes activos, quienes participaron vendiendo sus productos en las 15 ferias realizadas. En este sentido, el total de ventas alcanz\u00f3 los 17 mil kilogramos de mercader\u00eda, con un promedio de 1.300 kilos por edici\u00f3n.<\/p>\n\n\n\n<p>Por otro lado, entre los productos m\u00e1s comercializados, se encuentran las verduras y frutas, con el 33 y el 15 por ciento respectivamente, junto con los productos de panificaci\u00f3n. Estos \u00edndices superan a los de la carne de pollo, 15 por ciento; de cerdo, 9 por ciento y de pescado, 7 por ciento.<\/p>\n","protected":false},"excerpt":{"rendered":"<p>La iniciativa impulsada desde el municipio, junto al Instituto Nacional de Tecnolog\u00eda Agropecuaria (INTA) y el Mercado de Abasto, celebra su quinto aniversario de encuentro, intercambio justo y alimentaci\u00f3n de calidad. En esta oportunidad, la Feria Franca tendr\u00e1 lugar el pr\u00f3ximo s\u00e1bado de 10:00 a 14:00 horas, en la Plaza Independencia. Para celebrar el camino [&hellip;]<\/p>\n","protected":false},"author":4,"featured_media":82993,"comment_status":"open","ping_status":"open","sticky":false,"template":"","format":"standard","meta":{"site-sidebar-layout":"default","site-content-layout":"","ast-site-content-layout":"default","site-content-style":"default","site-sidebar-style":"default","ast-global-header-display":"","ast-banner-title-visibility":"","ast-main-header-display":"","ast-hfb-above-header-display":"","ast-hfb-below-header-display":"","ast-hfb-mobile-header-display":"","site-post-title":"","ast-breadcrumbs-content":"","ast-featured-img":"","footer-sml-layout":"","ast-disable-related-posts":"","theme-transparent-header-meta":"","adv-header-id-meta":"","stick-header-meta":"","header-above-stick-meta":"","header-main-stick-meta":"","header-below-stick-meta":"","astra-migrate-meta-layouts":"set","ast-page-background-enabled":"default","ast-page-background-meta":{"desktop":{"background-color":"","background-image":"","background-repeat":"repeat","background-position":"center center","background-size":"auto","background-attachment":"scroll","background-type":"","background-media":"","overlay-type":"","overlay-color":"","overlay-opacity":"","overlay-gradient":""},"tablet":{"background-color":"","background-image":"","background-repeat":"repeat","background-position":"center center","background-size":"auto","background-attachment":"scroll","background-type":"","background-media":"","overlay-type":"","overlay-color":"","overlay-opacity":"","overlay-gradient":""},"mobile":{"background-color":"","background-image":"","background-repeat":"repeat","background-position":"center center","background-size":"auto","background-attachment":"scroll","background-type":"","background-media":"","overlay-type":"","overlay-color":"","overlay-opacity":"","overlay-gradient":""}},"ast-content-background-meta":{"desktop":{"background-color":"var(--ast-global-color-5)","background-image":"","background-repeat":"repeat","background-position":"center center","background-size":"auto","background-attachment":"scroll","background-type":"","background-media":"","overlay-type":"","overlay-color":"","overlay-opacity":"","overlay-gradient":""},"tablet":{"background-color":"var(--ast-global-color-5)","background-image":"","background-repeat":"repeat","background-position":"center center","background-size":"auto","background-attachment":"scroll","background-type":"","background-media":"","overlay-type":"","overlay-color":"","overlay-opacity":"","overlay-gradient":""},"mobile":{"background-color":"var(--ast-global-color-5)","background-image":"","background-repeat":"repeat","background-position":"center center","background-size":"auto","background-attachment":"scroll","background-type":"","background-media":"","overlay-type":"","overlay-color":"","overlay-opacity":"","overlay-gradient":""}},"_jetpack_memberships_contains_paid_content":false,"_joinchat":[],"footnotes":""},"categories":[15302,5,2],"tags":[],"class_list":["post-82991","post","type-post","status-publish","format-standard","has-post-thumbnail","hentry","category-destacado","category-sociedad","category-villa-maria"],"yoast_head":"<!-- This site is optimized with the Yoast SEO plugin v26.8 - https:\/\/yoast.com\/product\/yoast-seo-wordpress\/ -->\n<title>La Feria Franca celebra su quinto aniversario con bandas en vivo, sorteos y sorpresas para disfrutar en familia - El Regional<\/title>\n<meta name=\"robots\" content=\"index, follow, max-snippet:-1, max-image-preview:large, max-video-preview:-1\" \/>\n<link rel=\"canonical\" href=\"http:\/\/elregionalvm.com.ar\/noticias-villa-maria\/la-feria-franca-celebra-su-quinto-aniversario-con-bandas-en-vivo-sorteos-y-sorpresas-para-disfrutar-en-familia\/\" \/>\n<meta property=\"og:locale\" content=\"es_ES\" \/>\n<meta property=\"og:type\" content=\"article\" \/>\n<meta property=\"og:title\" content=\"La Feria Franca celebra su quinto aniversario con bandas en vivo, sorteos y sorpresas para disfrutar en familia - El Regional\" \/>\n<meta property=\"og:description\" content=\"La iniciativa impulsada desde el municipio, junto al Instituto Nacional de Tecnolog\u00eda Agropecuaria (INTA) y el Mercado de Abasto, celebra su quinto aniversario de encuentro, intercambio justo y alimentaci\u00f3n de calidad. En esta oportunidad, la Feria Franca tendr\u00e1 lugar el pr\u00f3ximo s\u00e1bado de 10:00 a 14:00 horas, en la Plaza Independencia. Para celebrar el camino [&hellip;]\" \/>\n<meta property=\"og:url\" content=\"http:\/\/elregionalvm.com.ar\/noticias-villa-maria\/la-feria-franca-celebra-su-quinto-aniversario-con-bandas-en-vivo-sorteos-y-sorpresas-para-disfrutar-en-familia\/\" \/>\n<meta property=\"og:site_name\" content=\"El Regional\" \/>\n<meta property=\"article:publisher\" content=\"https:\/\/www.facebook.com\/elregionalvm\" \/>\n<meta property=\"article:published_time\" content=\"2023-09-21T18:45:07+00:00\" \/>\n<meta property=\"article:modified_time\" content=\"2023-09-21T18:45:09+00:00\" \/>\n<meta property=\"og:image\" content=\"http:\/\/elregionalvm.com.ar\/noticias-villa-maria\/wp-content\/uploads\/2023\/09\/WhatsApp-Image-2023-09-21-at-12.51.26-1.jpeg\" \/>\n\t<meta property=\"og:image:width\" content=\"1599\" \/>\n\t<meta property=\"og:image:height\" content=\"1066\" \/>\n\t<meta property=\"og:image:type\" content=\"image\/jpeg\" \/>\n<meta name=\"author\" content=\"Contenidos El Regional\" \/>\n<meta name=\"twitter:card\" content=\"summary_large_image\" \/>\n<meta name=\"twitter:creator\" content=\"@elregionalvm1\" \/>\n<meta name=\"twitter:site\" content=\"@elregionalvm1\" \/>\n<meta name=\"twitter:label1\" content=\"Escrito por\" \/>\n\t<meta name=\"twitter:data1\" content=\"Contenidos El Regional\" \/>\n\t<meta name=\"twitter:label2\" content=\"Tiempo de lectura\" \/>\n\t<meta name=\"twitter:data2\" content=\"2 minutos\" \/>\n<script type=\"application\/ld+json\" class=\"yoast-schema-graph\">{\"@context\":\"https:\/\/schema.org\",\"@graph\":[{\"@type\":\"Article\",\"@id\":\"http:\/\/elregionalvm.com.ar\/noticias-villa-maria\/la-feria-franca-celebra-su-quinto-aniversario-con-bandas-en-vivo-sorteos-y-sorpresas-para-disfrutar-en-familia\/#article\",\"isPartOf\":{\"@id\":\"http:\/\/elregionalvm.com.ar\/noticias-villa-maria\/la-feria-franca-celebra-su-quinto-aniversario-con-bandas-en-vivo-sorteos-y-sorpresas-para-disfrutar-en-familia\/\"},\"author\":{\"name\":\"Contenidos El Regional\",\"@id\":\"http:\/\/elregionalvm.com.ar\/noticias-villa-maria\/#\/schema\/person\/a0fb9c422317faca23d50163151bc354\"},\"headline\":\"La Feria Franca celebra su quinto aniversario con bandas en vivo, sorteos y sorpresas para disfrutar en familia\",\"datePublished\":\"2023-09-21T18:45:07+00:00\",\"dateModified\":\"2023-09-21T18:45:09+00:00\",\"mainEntityOfPage\":{\"@id\":\"http:\/\/elregionalvm.com.ar\/noticias-villa-maria\/la-feria-franca-celebra-su-quinto-aniversario-con-bandas-en-vivo-sorteos-y-sorpresas-para-disfrutar-en-familia\/\"},\"wordCount\":296,\"commentCount\":0,\"image\":{\"@id\":\"http:\/\/elregionalvm.com.ar\/noticias-villa-maria\/la-feria-franca-celebra-su-quinto-aniversario-con-bandas-en-vivo-sorteos-y-sorpresas-para-disfrutar-en-familia\/#primaryimage\"},\"thumbnailUrl\":\"https:\/\/i0.wp.com\/elregionalvm.com.ar\/noticias-villa-maria\/wp-content\/uploads\/2023\/09\/WhatsApp-Image-2023-09-21-at-12.51.26-1.jpeg?fit=1599%2C1066&ssl=1\",\"articleSection\":[\"destacado\",\"Sociedad\",\"Villa Mar\u00eda\"],\"inLanguage\":\"es\",\"potentialAction\":[{\"@type\":\"CommentAction\",\"name\":\"Comment\",\"target\":[\"http:\/\/elregionalvm.com.ar\/noticias-villa-maria\/la-feria-franca-celebra-su-quinto-aniversario-con-bandas-en-vivo-sorteos-y-sorpresas-para-disfrutar-en-familia\/#respond\"]}]},{\"@type\":\"WebPage\",\"@id\":\"http:\/\/elregionalvm.com.ar\/noticias-villa-maria\/la-feria-franca-celebra-su-quinto-aniversario-con-bandas-en-vivo-sorteos-y-sorpresas-para-disfrutar-en-familia\/\",\"url\":\"http:\/\/elregionalvm.com.ar\/noticias-villa-maria\/la-feria-franca-celebra-su-quinto-aniversario-con-bandas-en-vivo-sorteos-y-sorpresas-para-disfrutar-en-familia\/\",\"name\":\"La Feria Franca celebra su quinto aniversario con bandas en vivo, sorteos y sorpresas para disfrutar en familia - El Regional\",\"isPartOf\":{\"@id\":\"http:\/\/elregionalvm.com.ar\/noticias-villa-maria\/#website\"},\"primaryImageOfPage\":{\"@id\":\"http:\/\/elregionalvm.com.ar\/noticias-villa-maria\/la-feria-franca-celebra-su-quinto-aniversario-con-bandas-en-vivo-sorteos-y-sorpresas-para-disfrutar-en-familia\/#primaryimage\"},\"image\":{\"@id\":\"http:\/\/elregionalvm.com.ar\/noticias-villa-maria\/la-feria-franca-celebra-su-quinto-aniversario-con-bandas-en-vivo-sorteos-y-sorpresas-para-disfrutar-en-familia\/#primaryimage\"},\"thumbnailUrl\":\"https:\/\/i0.wp.com\/elregionalvm.com.ar\/noticias-villa-maria\/wp-content\/uploads\/2023\/09\/WhatsApp-Image-2023-09-21-at-12.51.26-1.jpeg?fit=1599%2C1066&ssl=1\",\"datePublished\":\"2023-09-21T18:45:07+00:00\",\"dateModified\":\"2023-09-21T18:45:09+00:00\",\"author\":{\"@id\":\"http:\/\/elregionalvm.com.ar\/noticias-villa-maria\/#\/schema\/person\/a0fb9c422317faca23d50163151bc354\"},\"breadcrumb\":{\"@id\":\"http:\/\/elregionalvm.com.ar\/noticias-villa-maria\/la-feria-franca-celebra-su-quinto-aniversario-con-bandas-en-vivo-sorteos-y-sorpresas-para-disfrutar-en-familia\/#breadcrumb\"},\"inLanguage\":\"es\",\"potentialAction\":[{\"@type\":\"ReadAction\",\"target\":[\"http:\/\/elregionalvm.com.ar\/noticias-villa-maria\/la-feria-franca-celebra-su-quinto-aniversario-con-bandas-en-vivo-sorteos-y-sorpresas-para-disfrutar-en-familia\/\"]}]},{\"@type\":\"ImageObject\",\"inLanguage\":\"es\",\"@id\":\"http:\/\/elregionalvm.com.ar\/noticias-villa-maria\/la-feria-franca-celebra-su-quinto-aniversario-con-bandas-en-vivo-sorteos-y-sorpresas-para-disfrutar-en-familia\/#primaryimage\",\"url\":\"https:\/\/i0.wp.com\/elregionalvm.com.ar\/noticias-villa-maria\/wp-content\/uploads\/2023\/09\/WhatsApp-Image-2023-09-21-at-12.51.26-1.jpeg?fit=1599%2C1066&ssl=1\",\"contentUrl\":\"https:\/\/i0.wp.com\/elregionalvm.com.ar\/noticias-villa-maria\/wp-content\/uploads\/2023\/09\/WhatsApp-Image-2023-09-21-at-12.51.26-1.jpeg?fit=1599%2C1066&ssl=1\",\"width\":1599,\"height\":1066},{\"@type\":\"BreadcrumbList\",\"@id\":\"http:\/\/elregionalvm.com.ar\/noticias-villa-maria\/la-feria-franca-celebra-su-quinto-aniversario-con-bandas-en-vivo-sorteos-y-sorpresas-para-disfrutar-en-familia\/#breadcrumb\",\"itemListElement\":[{\"@type\":\"ListItem\",\"position\":1,\"name\":\"Portada\",\"item\":\"https:\/\/elregionalvm.com.ar\/noticias-villa-maria\/\"},{\"@type\":\"ListItem\",\"position\":2,\"name\":\"La Feria Franca celebra su quinto aniversario con bandas en vivo, sorteos y sorpresas para disfrutar en familia\"}]},{\"@type\":\"WebSite\",\"@id\":\"http:\/\/elregionalvm.com.ar\/noticias-villa-maria\/#website\",\"url\":\"http:\/\/elregionalvm.com.ar\/noticias-villa-maria\/\",\"name\":\"El Regional\",\"description\":\"Mucho m\u00e1s que informaci\u00f3n\",\"potentialAction\":[{\"@type\":\"SearchAction\",\"target\":{\"@type\":\"EntryPoint\",\"urlTemplate\":\"http:\/\/elregionalvm.com.ar\/noticias-villa-maria\/?s={search_term_string}\"},\"query-input\":{\"@type\":\"PropertyValueSpecification\",\"valueRequired\":true,\"valueName\":\"search_term_string\"}}],\"inLanguage\":\"es\"},{\"@type\":\"Person\",\"@id\":\"http:\/\/elregionalvm.com.ar\/noticias-villa-maria\/#\/schema\/person\/a0fb9c422317faca23d50163151bc354\",\"name\":\"Contenidos El Regional\",\"image\":{\"@type\":\"ImageObject\",\"inLanguage\":\"es\",\"@id\":\"http:\/\/elregionalvm.com.ar\/noticias-villa-maria\/#\/schema\/person\/image\/\",\"url\":\"https:\/\/secure.gravatar.com\/avatar\/265b27cb2209af7bb3a1318f03305787d7981a5cc6e6cd08fe5a4ecdf99d4b48?s=96&d=mm&r=g\",\"contentUrl\":\"https:\/\/secure.gravatar.com\/avatar\/265b27cb2209af7bb3a1318f03305787d7981a5cc6e6cd08fe5a4ecdf99d4b48?s=96&d=mm&r=g\",\"caption\":\"Contenidos El Regional\"},\"url\":\"https:\/\/elregionalvm.com.ar\/noticias-villa-maria\/author\/contenido\/\"}]}<\/script>\n<!-- \/ Yoast SEO plugin. -->","yoast_head_json":{"title":"La Feria Franca celebra su quinto aniversario con bandas en vivo, sorteos y sorpresas para disfrutar en familia - El Regional","robots":{"index":"index","follow":"follow","max-snippet":"max-snippet:-1","max-image-preview":"max-image-preview:large","max-video-preview":"max-video-preview:-1"},"canonical":"http:\/\/elregionalvm.com.ar\/noticias-villa-maria\/la-feria-franca-celebra-su-quinto-aniversario-con-bandas-en-vivo-sorteos-y-sorpresas-para-disfrutar-en-familia\/","og_locale":"es_ES","og_type":"article","og_title":"La Feria Franca celebra su quinto aniversario con bandas en vivo, sorteos y sorpresas para disfrutar en familia - El Regional","og_description":"La iniciativa impulsada desde el municipio, junto al Instituto Nacional de Tecnolog\u00eda Agropecuaria (INTA) y el Mercado de Abasto, celebra su quinto aniversario de encuentro, intercambio justo y alimentaci\u00f3n de calidad. En esta oportunidad, la Feria Franca tendr\u00e1 lugar el pr\u00f3ximo s\u00e1bado de 10:00 a 14:00 horas, en la Plaza Independencia. Para celebrar el camino [&hellip;]","og_url":"http:\/\/elregionalvm.com.ar\/noticias-villa-maria\/la-feria-franca-celebra-su-quinto-aniversario-con-bandas-en-vivo-sorteos-y-sorpresas-para-disfrutar-en-familia\/","og_site_name":"El Regional","article_publisher":"https:\/\/www.facebook.com\/elregionalvm","article_published_time":"2023-09-21T18:45:07+00:00","article_modified_time":"2023-09-21T18:45:09+00:00","og_image":[{"width":1599,"height":1066,"url":"http:\/\/elregionalvm.com.ar\/noticias-villa-maria\/wp-content\/uploads\/2023\/09\/WhatsApp-Image-2023-09-21-at-12.51.26-1.jpeg","type":"image\/jpeg"}],"author":"Contenidos El Regional","twitter_card":"summary_large_image","twitter_creator":"@elregionalvm1","twitter_site":"@elregionalvm1","twitter_misc":{"Escrito por":"Contenidos El Regional","Tiempo de lectura":"2 minutos"},"schema":{"@context":"https:\/\/schema.org","@graph":[{"@type":"Article","@id":"http:\/\/elregionalvm.com.ar\/noticias-villa-maria\/la-feria-franca-celebra-su-quinto-aniversario-con-bandas-en-vivo-sorteos-y-sorpresas-para-disfrutar-en-familia\/#article","isPartOf":{"@id":"http:\/\/elregionalvm.com.ar\/noticias-villa-maria\/la-feria-franca-celebra-su-quinto-aniversario-con-bandas-en-vivo-sorteos-y-sorpresas-para-disfrutar-en-familia\/"},"author":{"name":"Contenidos El Regional","@id":"http:\/\/elregionalvm.com.ar\/noticias-villa-maria\/#\/schema\/person\/a0fb9c422317faca23d50163151bc354"},"headline":"La Feria Franca celebra su quinto aniversario con bandas en vivo, sorteos y sorpresas para disfrutar en familia","datePublished":"2023-09-21T18:45:07+00:00","dateModified":"2023-09-21T18:45:09+00:00","mainEntityOfPage":{"@id":"http:\/\/elregionalvm.com.ar\/noticias-villa-maria\/la-feria-franca-celebra-su-quinto-aniversario-con-bandas-en-vivo-sorteos-y-sorpresas-para-disfrutar-en-familia\/"},"wordCount":296,"commentCount":0,"image":{"@id":"http:\/\/elregionalvm.com.ar\/noticias-villa-maria\/la-feria-franca-celebra-su-quinto-aniversario-con-bandas-en-vivo-sorteos-y-sorpresas-para-disfrutar-en-familia\/#primaryimage"},"thumbnailUrl":"https:\/\/i0.wp.com\/elregionalvm.com.ar\/noticias-villa-maria\/wp-content\/uploads\/2023\/09\/WhatsApp-Image-2023-09-21-at-12.51.26-1.jpeg?fit=1599%2C1066&ssl=1","articleSection":["destacado","Sociedad","Villa Mar\u00eda"],"inLanguage":"es","potentialAction":[{"@type":"CommentAction","name":"Comment","target":["http:\/\/elregionalvm.com.ar\/noticias-villa-maria\/la-feria-franca-celebra-su-quinto-aniversario-con-bandas-en-vivo-sorteos-y-sorpresas-para-disfrutar-en-familia\/#respond"]}]},{"@type":"WebPage","@id":"http:\/\/elregionalvm.com.ar\/noticias-villa-maria\/la-feria-franca-celebra-su-quinto-aniversario-con-bandas-en-vivo-sorteos-y-sorpresas-para-disfrutar-en-familia\/","url":"http:\/\/elregionalvm.com.ar\/noticias-villa-maria\/la-feria-franca-celebra-su-quinto-aniversario-con-bandas-en-vivo-sorteos-y-sorpresas-para-disfrutar-en-familia\/","name":"La Feria Franca celebra su quinto aniversario con bandas en vivo, sorteos y sorpresas para disfrutar en familia - El Regional","isPartOf":{"@id":"http:\/\/elregionalvm.com.ar\/noticias-villa-maria\/#website"},"primaryImageOfPage":{"@id":"http:\/\/elregionalvm.com.ar\/noticias-villa-maria\/la-feria-franca-celebra-su-quinto-aniversario-con-bandas-en-vivo-sorteos-y-sorpresas-para-disfrutar-en-familia\/#primaryimage"},"image":{"@id":"http:\/\/elregionalvm.com.ar\/noticias-villa-maria\/la-feria-franca-celebra-su-quinto-aniversario-con-bandas-en-vivo-sorteos-y-sorpresas-para-disfrutar-en-familia\/#primaryimage"},"thumbnailUrl":"https:\/\/i0.wp.com\/elregionalvm.com.ar\/noticias-villa-maria\/wp-content\/uploads\/2023\/09\/WhatsApp-Image-2023-09-21-at-12.51.26-1.jpeg?fit=1599%2C1066&ssl=1","datePublished":"2023-09-21T18:45:07+00:00","dateModified":"2023-09-21T18:45:09+00:00","author":{"@id":"http:\/\/elregionalvm.com.ar\/noticias-villa-maria\/#\/schema\/person\/a0fb9c422317faca23d50163151bc354"},"breadcrumb":{"@id":"http:\/\/elregionalvm.com.ar\/noticias-villa-maria\/la-feria-franca-celebra-su-quinto-aniversario-con-bandas-en-vivo-sorteos-y-sorpresas-para-disfrutar-en-familia\/#breadcrumb"},"inLanguage":"es","potentialAction":[{"@type":"ReadAction","target":["http:\/\/elregionalvm.com.ar\/noticias-villa-maria\/la-feria-franca-celebra-su-quinto-aniversario-con-bandas-en-vivo-sorteos-y-sorpresas-para-disfrutar-en-familia\/"]}]},{"@type":"ImageObject","inLanguage":"es","@id":"http:\/\/elregionalvm.com.ar\/noticias-villa-maria\/la-feria-franca-celebra-su-quinto-aniversario-con-bandas-en-vivo-sorteos-y-sorpresas-para-disfrutar-en-familia\/#primaryimage","url":"https:\/\/i0.wp.com\/elregionalvm.com.ar\/noticias-villa-maria\/wp-content\/uploads\/2023\/09\/WhatsApp-Image-2023-09-21-at-12.51.26-1.jpeg?fit=1599%2C1066&ssl=1","contentUrl":"https:\/\/i0.wp.com\/elregionalvm.com.ar\/noticias-villa-maria\/wp-content\/uploads\/2023\/09\/WhatsApp-Image-2023-09-21-at-12.51.26-1.jpeg?fit=1599%2C1066&ssl=1","width":1599,"height":1066},{"@type":"BreadcrumbList","@id":"http:\/\/elregionalvm.com.ar\/noticias-villa-maria\/la-feria-franca-celebra-su-quinto-aniversario-con-bandas-en-vivo-sorteos-y-sorpresas-para-disfrutar-en-familia\/#breadcrumb","itemListElement":[{"@type":"ListItem","position":1,"name":"Portada","item":"https:\/\/elregionalvm.com.ar\/noticias-villa-maria\/"},{"@type":"ListItem","position":2,"name":"La Feria Franca celebra su quinto aniversario con bandas en vivo, sorteos y sorpresas para disfrutar en familia"}]},{"@type":"WebSite","@id":"http:\/\/elregionalvm.com.ar\/noticias-villa-maria\/#website","url":"http:\/\/elregionalvm.com.ar\/noticias-villa-maria\/","name":"El Regional","description":"Mucho m\u00e1s que informaci\u00f3n","potentialAction":[{"@type":"SearchAction","target":{"@type":"EntryPoint","urlTemplate":"http:\/\/elregionalvm.com.ar\/noticias-villa-maria\/?s={search_term_string}"},"query-input":{"@type":"PropertyValueSpecification","valueRequired":true,"valueName":"search_term_string"}}],"inLanguage":"es"},{"@type":"Person","@id":"http:\/\/elregionalvm.com.ar\/noticias-villa-maria\/#\/schema\/person\/a0fb9c422317faca23d50163151bc354","name":"Contenidos El Regional","image":{"@type":"ImageObject","inLanguage":"es","@id":"http:\/\/elregionalvm.com.ar\/noticias-villa-maria\/#\/schema\/person\/image\/","url":"https:\/\/secure.gravatar.com\/avatar\/265b27cb2209af7bb3a1318f03305787d7981a5cc6e6cd08fe5a4ecdf99d4b48?s=96&d=mm&r=g","contentUrl":"https:\/\/secure.gravatar.com\/avatar\/265b27cb2209af7bb3a1318f03305787d7981a5cc6e6cd08fe5a4ecdf99d4b48?s=96&d=mm&r=g","caption":"Contenidos El Regional"},"url":"https:\/\/elregionalvm.com.ar\/noticias-villa-maria\/author\/contenido\/"}]}},"jetpack_featured_media_url":"https:\/\/i0.wp.com\/elregionalvm.com.ar\/noticias-villa-maria\/wp-content\/uploads\/2023\/09\/WhatsApp-Image-2023-09-21-at-12.51.26-1.jpeg?fit=1599%2C1066&ssl=1","jetpack_sharing_enabled":true,"_links":{"self":[{"href":"https:\/\/elregionalvm.com.ar\/noticias-villa-maria\/wp-json\/wp\/v2\/posts\/82991","targetHints":{"allow":["GET"]}}],"collection":[{"href":"https:\/\/elregionalvm.com.ar\/noticias-villa-maria\/wp-json\/wp\/v2\/posts"}],"about":[{"href":"https:\/\/elregionalvm.com.ar\/noticias-villa-maria\/wp-json\/wp\/v2\/types\/post"}],"author":[{"embeddable":true,"href":"https:\/\/elregionalvm.com.ar\/noticias-villa-maria\/wp-json\/wp\/v2\/users\/4"}],"replies":[{"embeddable":true,"href":"https:\/\/elregionalvm.com.ar\/noticias-villa-maria\/wp-json\/wp\/v2\/comments?post=82991"}],"version-history":[{"count":1,"href":"https:\/\/elregionalvm.com.ar\/noticias-villa-maria\/wp-json\/wp\/v2\/posts\/82991\/revisions"}],"predecessor-version":[{"id":82994,"href":"https:\/\/elregionalvm.com.ar\/noticias-villa-maria\/wp-json\/wp\/v2\/posts\/82991\/revisions\/82994"}],"wp:featuredmedia":[{"embeddable":true,"href":"https:\/\/elregionalvm.com.ar\/noticias-villa-maria\/wp-json\/wp\/v2\/media\/82993"}],"wp:attachment":[{"href":"https:\/\/elregionalvm.com.ar\/noticias-villa-maria\/wp-json\/wp\/v2\/media?parent=82991"}],"wp:term":[{"taxonomy":"category","embeddable":true,"href":"https:\/\/elregionalvm.com.ar\/noticias-villa-maria\/wp-json\/wp\/v2\/categories?post=82991"},{"taxonomy":"post_tag","embeddable":true,"href":"https:\/\/elregionalvm.com.ar\/noticias-villa-maria\/wp-json\/wp\/v2\/tags?post=82991"}],"curies":[{"name":"wp","href":"https:\/\/api.w.org\/{rel}","templated":true}]}}