{"id":83110,"date":"2023-09-25T00:01:23","date_gmt":"2023-09-25T00:01:23","guid":{"rendered":"https:\/\/elregionalvm.com.ar\/noticias-villa-maria\/?p=83110"},"modified":"2023-09-27T23:54:34","modified_gmt":"2023-09-27T23:54:34","slug":"historias-miramar-el-pueblo-fantasma-que-emergio-despues-de-45-anos-bajo-el-agua","status":"publish","type":"post","link":"https:\/\/elregionalvm.com.ar\/noticias-villa-maria\/historias-miramar-el-pueblo-fantasma-que-emergio-despues-de-45-anos-bajo-el-agua\/","title":{"rendered":"[Historias] Miramar, el \u201cpueblo fantasma\u201d que emergi\u00f3 despu\u00e9s de 45 a\u00f1os bajo el agua"},"content":{"rendered":"\n<h3 class=\"wp-block-heading\"><strong>La bajante de la laguna salada de Mar Chiquita, en nuestra provincia, dej\u00f3 al descubierto la vieja localidad de Miramar, que fue arrasada por las aguas en la d\u00e9cada de 1970.<\/strong><\/h3>\n\n\n\n<p><\/p>\n\n\n\n<p><strong>Escribe: JULIO A. BEN\u00cdTEZ \u2013 benitezjulioalberto<\/strong>@miguelandreis<\/p>\n\n\n\n<h3 class=\"wp-block-heading\"><\/h3>\n\n\n\n<p><\/p>\n\n\n\n<p>Lidia Castellanos ten\u00eda solo 15 a\u00f1os cuando el agua acorral\u00f3 su casa. Recuerda c\u00f3mo iba avanzando muy lentamente ante la impotencia de su familia que resisti\u00f3 todo lo que pudo, hasta diciembre de 1977.<\/p>\n\n\n\n<p>Entonces, vencidos por la creciente hist\u00f3rica de Mar Chiquita, que sumergi\u00f3 al 60% de la localidad cordobesa de Miramar, en Argentina, el \u00fanico pueblo ribere\u00f1o de la laguna salada, a la que todos la llaman mar.<\/p>\n\n\n\n<p>-Era imposible seguir all\u00ed, siempre tuvimos la ilusi\u00f3n de regresar, hasta que el agua tap\u00f3 totalmente la casa y no volvimos m\u00e1s- relata.<\/p>\n\n\n\n<p><\/p>\n\n\n\n<figure class=\"wp-block-image size-full\"><img data-recalc-dims=\"1\" fetchpriority=\"high\" decoding=\"async\" width=\"896\" height=\"504\" src=\"https:\/\/i0.wp.com\/elregionalvm.com.ar\/noticias-villa-maria\/wp-content\/uploads\/2023\/09\/Miramar.jpg?resize=896%2C504&#038;ssl=1\" alt=\"\" class=\"wp-image-83112\" srcset=\"https:\/\/i0.wp.com\/elregionalvm.com.ar\/noticias-villa-maria\/wp-content\/uploads\/2023\/09\/Miramar.jpg?w=896&amp;ssl=1 896w, https:\/\/i0.wp.com\/elregionalvm.com.ar\/noticias-villa-maria\/wp-content\/uploads\/2023\/09\/Miramar.jpg?resize=300%2C169&amp;ssl=1 300w, https:\/\/i0.wp.com\/elregionalvm.com.ar\/noticias-villa-maria\/wp-content\/uploads\/2023\/09\/Miramar.jpg?resize=768%2C432&amp;ssl=1 768w\" sizes=\"(max-width: 896px) 100vw, 896px\" \/><\/figure>\n\n\n\n<p><\/p>\n\n\n\n<p><strong>La Mar Chiquita<\/strong><\/p>\n\n\n\n<p>Mar Chiquita es una cuenca endorreica sin salida al mar, que recibe agua de tres r\u00edos y s\u00f3lo se escurre por evaporaci\u00f3n. La laguna, tambi\u00e9n conocida como Mar de Ansenuza, sube y baja siguiendo el ritmo del cambio clim\u00e1tico.<\/p>\n\n\n\n<p>Hoy est\u00e1 en uno de sus puntos m\u00e1s bajos por la falta de lluvias y el desv\u00edo de agua del r\u00edo Dulce, para riego, su principal afluente.<\/p>\n\n\n\n<p>Tiene una superficie sorprendente: la Ciudad Aut\u00f3noma de Buenos Aires entra diez veces en su cuenca (25 veces cuando est\u00e1 al nivel m\u00e1ximo).<\/p>\n\n\n\n<p>Es la laguna salada m\u00e1s grande de Sudam\u00e9rica y la quinta en el mundo, con una enorme concentraci\u00f3n de sal \u201382 gramos por litro, tres veces m\u00e1s que el oc\u00e9ano\u2013 y otros minerales que le otorgan al agua y al fango propiedades terap\u00e9uticas similares al Mar Muerto.<\/p>\n\n\n\n<p><\/p>\n\n\n\n<figure class=\"wp-block-image size-large\"><img data-recalc-dims=\"1\" decoding=\"async\" width=\"1024\" height=\"573\" src=\"https:\/\/i0.wp.com\/elregionalvm.com.ar\/noticias-villa-maria\/wp-content\/uploads\/2023\/09\/mar-chiquita-pueblo-emergido-miramar-1.jpg?resize=1024%2C573&#038;ssl=1\" alt=\"\" class=\"wp-image-83118\" srcset=\"https:\/\/i0.wp.com\/elregionalvm.com.ar\/noticias-villa-maria\/wp-content\/uploads\/2023\/09\/mar-chiquita-pueblo-emergido-miramar-1.jpg?resize=1024%2C573&amp;ssl=1 1024w, https:\/\/i0.wp.com\/elregionalvm.com.ar\/noticias-villa-maria\/wp-content\/uploads\/2023\/09\/mar-chiquita-pueblo-emergido-miramar-1.jpg?resize=300%2C168&amp;ssl=1 300w, https:\/\/i0.wp.com\/elregionalvm.com.ar\/noticias-villa-maria\/wp-content\/uploads\/2023\/09\/mar-chiquita-pueblo-emergido-miramar-1.jpg?resize=768%2C430&amp;ssl=1 768w, https:\/\/i0.wp.com\/elregionalvm.com.ar\/noticias-villa-maria\/wp-content\/uploads\/2023\/09\/mar-chiquita-pueblo-emergido-miramar-1.jpg?w=1366&amp;ssl=1 1366w\" sizes=\"(max-width: 1000px) 100vw, 1000px\" \/><\/figure>\n\n\n\n<p><\/p>\n\n\n\n<p>La bajante comenz\u00f3 en 2017, hoy est\u00e1 a seis metros por debajo de su cota m\u00e1xima, lo que explica la reaparici\u00f3n del pueblo hundido hace 45 a\u00f1os.<\/p>\n\n\n\n<p>El&nbsp; bi\u00f3logo Enrique Bucher, profesor em\u00e9rito de la Universidad Nacional de C\u00f3rdoba, investigador del Consejo Nacional de Investigaciones Cient\u00edficas y T\u00e9cnicas (Conicet) y director del equipo que elabora el plan de manejo del Parque Nacional Ansenuza, explica que este fen\u00f3meno ocurre por dos factores: la ca\u00edda marcada de lluvias en toda la regi\u00f3n, asociada a los cambios clim\u00e1ticos recientes y la extracci\u00f3n cada vez m\u00e1s intensa del agua para riego en la cuenca superior del r\u00edo Dulce, al norte de la laguna, un elemento que, dice, \u201cno est\u00e1 muy claro en la conciencia local\u201d.<\/p>\n\n\n\n<p>\u201cEsta laguna est\u00e1 seriamente amenazada independientemente de cambios clim\u00e1ticos por esta extracci\u00f3n para riego sumamente importante, que se est\u00e1 acrecentando\u201d.<\/p>\n\n\n\n<p>En este momento hay una empresa china desarrollando canales de irrigaci\u00f3n para varias decenas de miles de hect\u00e1reas, son dos factores claves que afectan el nivel. Uno percibido por la sociedad y el otro, no\u201d, insiste.<\/p>\n\n\n\n<p><\/p>\n\n\n\n<figure class=\"wp-block-image size-full is-resized\"><img data-recalc-dims=\"1\" decoding=\"async\" src=\"https:\/\/i0.wp.com\/elregionalvm.com.ar\/noticias-villa-maria\/wp-content\/uploads\/2023\/09\/Laguna-Mar-Chiquita-Miramar-emergido-1.jpg?resize=908%2C648&#038;ssl=1\" alt=\"\" class=\"wp-image-83117\" width=\"908\" height=\"648\" srcset=\"https:\/\/i0.wp.com\/elregionalvm.com.ar\/noticias-villa-maria\/wp-content\/uploads\/2023\/09\/Laguna-Mar-Chiquita-Miramar-emergido-1.jpg?w=746&amp;ssl=1 746w, https:\/\/i0.wp.com\/elregionalvm.com.ar\/noticias-villa-maria\/wp-content\/uploads\/2023\/09\/Laguna-Mar-Chiquita-Miramar-emergido-1.jpg?resize=300%2C214&amp;ssl=1 300w\" sizes=\"(max-width: 908px) 100vw, 908px\" \/><\/figure>\n\n\n\n<p><\/p>\n\n\n\n<p>Mat\u00edas Michelutti, miembro del Grupo de Conservaci\u00f3n del Flamenco Alto Andino (GCFA) y gu\u00eda de turismo, \u201cexplica que hoy, la laguna, ronda las 300.000 hect\u00e1reas, unos 50 kil\u00f3metros por 90 kil\u00f3metros. Su tama\u00f1o con todo el caudal es de 100 kil\u00f3metros por 90, de este a oeste, unas 600.000 hect\u00e1reas. En el 2003 lleg\u00f3 a un mill\u00f3n de hect\u00e1reas\u201d, puntualiza.<\/p>\n\n\n\n<p><strong>Flora y fauna<\/strong><\/p>\n\n\n\n<p>La laguna se encuentra protegida por el flamante Parque Nacional de Ansenuza, son 661.416 hect\u00e1reas que, junto a los Ba\u00f1ados del R\u00edo Dulce, conforman un enorme humedal, fundamental para la conservaci\u00f3n de la biodiversidad.<\/p>\n\n\n\n<p>Alberga el 66% de todas las aves migratorias y playeras registradas en Argentina, es h\u00e1bitat de 350 especies y el para\u00edso de los flamencos australes.<\/p>\n\n\n\n<p>El \u00faltimo censo realizado en 2022 por el GCFA arroj\u00f3 la presencia de 350.000 ejemplares en la laguna y alrededores y desde 2007, la poblaci\u00f3n no dej\u00f3 de crecer. \u201cEs el sitio con mayor concentraci\u00f3n de flamencos de Am\u00e9rica\u201d, explica Michelutti.<\/p>\n\n\n\n<p>Consultado otro vecino que sufri\u00f3 esta inundaci\u00f3n, don Juan Bergia, al preguntarle \u00bfCu\u00e1l es la sensaci\u00f3n de ver esto? Responde: \u2013Ninguna, aprend\u00ed a no quejarme de las cosas. Atravesamos situaciones econ\u00f3micas muy buenas y muy malas. La vida ha sido generosa conmigo, en parte s\u00ed y en parte no. Tuve oportunidades de ir a trabajar al sur argentino e incluso a Roma, pero opt\u00e9 por quedarme en el pueblo, soy uno de los 1.600 habitantes que no se march\u00f3, la mayor\u00eda se fue, un \u00e9xodo del 70%. Nos quedamos sin turismo por 30 a\u00f1os.<\/p>\n\n\n\n<p>Otro entrevistado, don Daniel Fontana, hoy due\u00f1o del Hotel Miramar, se dedicaba a la peleter\u00eda, hasta que la \u00faltima inundaci\u00f3n del 2003 arras\u00f3 con su f\u00e1brica. En la d\u00e9cada de 1970 a 1980, Miramar era la meca de las pieles de Coipos o falsas nutrias que se exportaban a Rusia. Hab\u00eda 200 peleter\u00edas y cinco curtiembres.<\/p>\n\n\n\n<p><strong>Ciudad bajo agua<\/strong><\/p>\n\n\n\n<p>La ciudad sumergida fue demolida el 15 de setiembre de 1992 por cuestiones de seguridad y con ello se derrib\u00f3 tambi\u00e9n ese triste pasado. Ahora, con la sequ\u00eda, aquel Miramar desaparecido durante d\u00e9cadas, ha resurgido como monta\u00f1as de escombros.<\/p>\n\n\n\n<p>El Ej\u00e9rcito se encarg\u00f3 de implosionar toda la infraestructura bajo las aguas. La Iglesia Virgen del Valle tambi\u00e9n se demoli\u00f3 y fue el cura de entonces el encargado de activar el detonador.<\/p>\n\n\n\n<p><\/p>\n\n\n\n<figure class=\"wp-block-image size-full\"><img data-recalc-dims=\"1\" loading=\"lazy\" decoding=\"async\" width=\"1023\" height=\"757\" src=\"https:\/\/i0.wp.com\/elregionalvm.com.ar\/noticias-villa-maria\/wp-content\/uploads\/2023\/09\/Miramar-inundacion-Mar-Chiquita-1.jpg?resize=1023%2C757&#038;ssl=1\" alt=\"\" class=\"wp-image-83120\" srcset=\"https:\/\/i0.wp.com\/elregionalvm.com.ar\/noticias-villa-maria\/wp-content\/uploads\/2023\/09\/Miramar-inundacion-Mar-Chiquita-1.jpg?w=1023&amp;ssl=1 1023w, https:\/\/i0.wp.com\/elregionalvm.com.ar\/noticias-villa-maria\/wp-content\/uploads\/2023\/09\/Miramar-inundacion-Mar-Chiquita-1.jpg?resize=300%2C222&amp;ssl=1 300w, https:\/\/i0.wp.com\/elregionalvm.com.ar\/noticias-villa-maria\/wp-content\/uploads\/2023\/09\/Miramar-inundacion-Mar-Chiquita-1.jpg?resize=768%2C568&amp;ssl=1 768w\" sizes=\"(max-width: 1000px) 100vw, 1000px\" \/><\/figure>\n\n\n\n<p><\/p>\n\n\n\n<p>La demolici\u00f3n signific\u00f3 de alg\u00fan modo el punto de largada para el renacimiento. Pero en 2003 se volvi\u00f3 a inundar, con mayor volumen de agua, pero menos da\u00f1os. Se perdieron un centenar de viviendas y se fij\u00f3 la cota m\u00e1xima de la laguna para ordenar la edificaci\u00f3n y evitar nuevos desastres.<\/p>\n\n\n\n<p>La historiadora Mariana Zapata considera que la demolici\u00f3n fue dolorosa pero necesaria para el resurgimiento del pueblo. \u201cEra levantarse y ver la historia de vida de cada uno debajo del agua, un esqueleto emergiendo de la laguna\u201d, se\u00f1ala. \u201cPero con cada detonaci\u00f3n para los vecinos era inevitable pensar en las familias, en las que fueron sus casas\u201d.<\/p>\n\n\n\n<p><\/p>\n\n\n\n<figure class=\"wp-block-image size-large\"><img data-recalc-dims=\"1\" loading=\"lazy\" decoding=\"async\" width=\"1024\" height=\"648\" src=\"https:\/\/i0.wp.com\/elregionalvm.com.ar\/noticias-villa-maria\/wp-content\/uploads\/2021\/02\/Miramar-finde-carnaval.jpg?resize=1024%2C648&#038;ssl=1\" alt=\"\" class=\"wp-image-32561\" srcset=\"https:\/\/i0.wp.com\/elregionalvm.com.ar\/noticias-villa-maria\/wp-content\/uploads\/2021\/02\/Miramar-finde-carnaval.jpg?resize=1024%2C648&amp;ssl=1 1024w, https:\/\/i0.wp.com\/elregionalvm.com.ar\/noticias-villa-maria\/wp-content\/uploads\/2021\/02\/Miramar-finde-carnaval.jpg?resize=300%2C190&amp;ssl=1 300w, https:\/\/i0.wp.com\/elregionalvm.com.ar\/noticias-villa-maria\/wp-content\/uploads\/2021\/02\/Miramar-finde-carnaval.jpg?resize=768%2C486&amp;ssl=1 768w, https:\/\/i0.wp.com\/elregionalvm.com.ar\/noticias-villa-maria\/wp-content\/uploads\/2021\/02\/Miramar-finde-carnaval.jpg?w=1080&amp;ssl=1 1080w\" sizes=\"(max-width: 1000px) 100vw, 1000px\" \/><\/figure>\n\n\n\n<p><\/p>\n\n\n\n<p>En esta ocasi\u00f3n, el agua tambi\u00e9n cubri\u00f3 los s\u00f3tanos del monumental Gran Hotel Viena (hoy museo), que hab\u00eda sido construido por una familia alemana-austr\u00edaca entre 1940\/1945, que habr\u00eda sido refugio de jerarcas nazis, al terminar la Segunda Guerra Mundial.<\/p>\n\n\n\n<p>Hoy Miramar ha vuelto a ser una ciudad tur\u00edstica con 219 hoteles y alojamientos de diferentes categor\u00edas y 1.800 plazas de campings y recibe m\u00e1s de 10.000 visitantes en el verano.<\/p>\n\n\n\n<p><em>Fuente: <a href=\"http:\/\/www.lavoz.com.ar\">www.lavoz.com.ar<\/a><\/em><\/p>\n\n\n\n<p><\/p>\n\n\n\n<p><\/p>\n\n\n\n<h3 class=\"wp-block-heading\"><strong>Tambi\u00e9n pod\u00e9s ver:<\/strong><\/h3>\n\n\n\n<p><\/p>\n\n\n\n<p><\/p>\n\n\n\n<figure class=\"wp-block-embed is-type-wp-embed is-provider-el-regional wp-block-embed-el-regional\"><div class=\"wp-block-embed__wrapper\">\n<blockquote class=\"wp-embedded-content\" data-secret=\"xYFRQhp7kO\"><a href=\"https:\/\/elregionalvm.com.ar\/noticias-villa-maria\/historias-ni-river-ni-boca-midland-el-club-dueno-del-record-sudamericano-invicto-por-50-partidos\/\">[Historias] Ni River, ni Boca: Midland, el club due\u00f1o del r\u00e9cord sudamericano \u00abinvicto por 50 partidos\u00bb<\/a><\/blockquote><iframe class=\"wp-embedded-content\" sandbox=\"allow-scripts\" security=\"restricted\" style=\"position: absolute; clip: rect(1px, 1px, 1px, 1px);\" title=\"\u00ab[Historias] Ni River, ni Boca: Midland, el club due\u00f1o del r\u00e9cord sudamericano \u00abinvicto por 50 partidos\u00bb\u00bb \u2014 El Regional\" src=\"https:\/\/elregionalvm.com.ar\/noticias-villa-maria\/historias-ni-river-ni-boca-midland-el-club-dueno-del-record-sudamericano-invicto-por-50-partidos\/embed\/#?secret=5fLqI2G3OQ#?secret=xYFRQhp7kO\" data-secret=\"xYFRQhp7kO\" width=\"500\" height=\"282\" frameborder=\"0\" marginwidth=\"0\" marginheight=\"0\" scrolling=\"no\"><\/iframe>\n<\/div><\/figure>\n","protected":false},"excerpt":{"rendered":"<p>La bajante de la laguna salada de Mar Chiquita, en nuestra provincia, dej\u00f3 al descubierto la vieja localidad de Miramar, que fue arrasada por las aguas en la d\u00e9cada de 1970. Escribe: JULIO A. BEN\u00cdTEZ \u2013 benitezjulioalberto@miguelandreis Lidia Castellanos ten\u00eda solo 15 a\u00f1os cuando el agua acorral\u00f3 su casa. Recuerda c\u00f3mo iba avanzando muy lentamente [&hellip;]<\/p>\n","protected":false},"author":6,"featured_media":83119,"comment_status":"open","ping_status":"open","sticky":false,"template":"","format":"standard","meta":{"site-sidebar-layout":"default","site-content-layout":"","ast-site-content-layout":"default","site-content-style":"default","site-sidebar-style":"default","ast-global-header-display":"","ast-banner-title-visibility":"","ast-main-header-display":"","ast-hfb-above-header-display":"","ast-hfb-below-header-display":"","ast-hfb-mobile-header-display":"","site-post-title":"","ast-breadcrumbs-content":"","ast-featured-img":"","footer-sml-layout":"","ast-disable-related-posts":"","theme-transparent-header-meta":"","adv-header-id-meta":"","stick-header-meta":"","header-above-stick-meta":"","header-main-stick-meta":"","header-below-stick-meta":"","astra-migrate-meta-layouts":"set","ast-page-background-enabled":"default","ast-page-background-meta":{"desktop":{"background-color":"","background-image":"","background-repeat":"repeat","background-position":"center center","background-size":"auto","background-attachment":"scroll","background-type":"","background-media":"","overlay-type":"","overlay-color":"","overlay-opacity":"","overlay-gradient":""},"tablet":{"background-color":"","background-image":"","background-repeat":"repeat","background-position":"center center","background-size":"auto","background-attachment":"scroll","background-type":"","background-media":"","overlay-type":"","overlay-color":"","overlay-opacity":"","overlay-gradient":""},"mobile":{"background-color":"","background-image":"","background-repeat":"repeat","background-position":"center center","background-size":"auto","background-attachment":"scroll","background-type":"","background-media":"","overlay-type":"","overlay-color":"","overlay-opacity":"","overlay-gradient":""}},"ast-content-background-meta":{"desktop":{"background-color":"var(--ast-global-color-5)","background-image":"","background-repeat":"repeat","background-position":"center center","background-size":"auto","background-attachment":"scroll","background-type":"","background-media":"","overlay-type":"","overlay-color":"","overlay-opacity":"","overlay-gradient":""},"tablet":{"background-color":"var(--ast-global-color-5)","background-image":"","background-repeat":"repeat","background-position":"center center","background-size":"auto","background-attachment":"scroll","background-type":"","background-media":"","overlay-type":"","overlay-color":"","overlay-opacity":"","overlay-gradient":""},"mobile":{"background-color":"var(--ast-global-color-5)","background-image":"","background-repeat":"repeat","background-position":"center center","background-size":"auto","background-attachment":"scroll","background-type":"","background-media":"","overlay-type":"","overlay-color":"","overlay-opacity":"","overlay-gradient":""}},"_jetpack_memberships_contains_paid_content":false,"_joinchat":[],"footnotes":""},"categories":[2098,3557],"tags":[8875,1386,1124,22929,3491,22930,12709,22931,2494],"class_list":["post-83110","post","type-post","status-publish","format-standard","has-post-thumbnail","hentry","category-historias","category-tercera","tag-cambio-climatico","tag-historias","tag-inundacion","tag-laguna-mar-chiquita","tag-lluvias","tag-miramar","tag-parque-nacional","tag-pueblo-fantasma","tag-sequia"],"yoast_head":"<!-- This site is optimized with the Yoast SEO plugin v26.8 - https:\/\/yoast.com\/product\/yoast-seo-wordpress\/ -->\n<title>[Historias] Miramar, el \u201cpueblo fantasma\u201d que emergi\u00f3 despu\u00e9s de 45 a\u00f1os bajo el agua - El Regional<\/title>\n<meta name=\"robots\" content=\"index, follow, max-snippet:-1, max-image-preview:large, max-video-preview:-1\" \/>\n<link rel=\"canonical\" href=\"http:\/\/elregionalvm.com.ar\/noticias-villa-maria\/historias-miramar-el-pueblo-fantasma-que-emergio-despues-de-45-anos-bajo-el-agua\/\" \/>\n<meta property=\"og:locale\" content=\"es_ES\" \/>\n<meta property=\"og:type\" content=\"article\" \/>\n<meta property=\"og:title\" content=\"[Historias] Miramar, el \u201cpueblo fantasma\u201d que emergi\u00f3 despu\u00e9s de 45 a\u00f1os bajo el agua - El Regional\" \/>\n<meta property=\"og:description\" content=\"La bajante de la laguna salada de Mar Chiquita, en nuestra provincia, dej\u00f3 al descubierto la vieja localidad de Miramar, que fue arrasada por las aguas en la d\u00e9cada de 1970. Escribe: JULIO A. BEN\u00cdTEZ \u2013 benitezjulioalberto@miguelandreis Lidia Castellanos ten\u00eda solo 15 a\u00f1os cuando el agua acorral\u00f3 su casa. Recuerda c\u00f3mo iba avanzando muy lentamente [&hellip;]\" \/>\n<meta property=\"og:url\" content=\"http:\/\/elregionalvm.com.ar\/noticias-villa-maria\/historias-miramar-el-pueblo-fantasma-que-emergio-despues-de-45-anos-bajo-el-agua\/\" \/>\n<meta property=\"og:site_name\" content=\"El Regional\" \/>\n<meta property=\"article:publisher\" content=\"https:\/\/www.facebook.com\/elregionalvm\" \/>\n<meta property=\"article:published_time\" content=\"2023-09-25T00:01:23+00:00\" \/>\n<meta property=\"article:modified_time\" content=\"2023-09-27T23:54:34+00:00\" \/>\n<meta property=\"og:image\" content=\"http:\/\/elregionalvm.com.ar\/noticias-villa-maria\/wp-content\/uploads\/2023\/09\/Gran_Hotel_Viena-Miramar-Ansenuza-1.jpg\" \/>\n\t<meta property=\"og:image:width\" content=\"1024\" \/>\n\t<meta property=\"og:image:height\" content=\"615\" \/>\n\t<meta property=\"og:image:type\" content=\"image\/jpeg\" \/>\n<meta name=\"author\" content=\"Germ\u00e1n Giacchero\" \/>\n<meta name=\"twitter:card\" content=\"summary_large_image\" \/>\n<meta name=\"twitter:creator\" content=\"@elregionalvm1\" \/>\n<meta name=\"twitter:site\" content=\"@elregionalvm1\" \/>\n<meta name=\"twitter:label1\" content=\"Escrito por\" \/>\n\t<meta name=\"twitter:data1\" content=\"Germ\u00e1n Giacchero\" \/>\n\t<meta name=\"twitter:label2\" content=\"Tiempo de lectura\" \/>\n\t<meta name=\"twitter:data2\" content=\"6 minutos\" \/>\n<script type=\"application\/ld+json\" class=\"yoast-schema-graph\">{\"@context\":\"https:\/\/schema.org\",\"@graph\":[{\"@type\":\"Article\",\"@id\":\"http:\/\/elregionalvm.com.ar\/noticias-villa-maria\/historias-miramar-el-pueblo-fantasma-que-emergio-despues-de-45-anos-bajo-el-agua\/#article\",\"isPartOf\":{\"@id\":\"http:\/\/elregionalvm.com.ar\/noticias-villa-maria\/historias-miramar-el-pueblo-fantasma-que-emergio-despues-de-45-anos-bajo-el-agua\/\"},\"author\":{\"name\":\"Germ\u00e1n Giacchero\",\"@id\":\"http:\/\/elregionalvm.com.ar\/noticias-villa-maria\/#\/schema\/person\/d5e4b04966154131701e52c45d3efec9\"},\"headline\":\"[Historias] Miramar, el \u201cpueblo fantasma\u201d que emergi\u00f3 despu\u00e9s de 45 a\u00f1os bajo el agua\",\"datePublished\":\"2023-09-25T00:01:23+00:00\",\"dateModified\":\"2023-09-27T23:54:34+00:00\",\"mainEntityOfPage\":{\"@id\":\"http:\/\/elregionalvm.com.ar\/noticias-villa-maria\/historias-miramar-el-pueblo-fantasma-que-emergio-despues-de-45-anos-bajo-el-agua\/\"},\"wordCount\":1109,\"commentCount\":0,\"image\":{\"@id\":\"http:\/\/elregionalvm.com.ar\/noticias-villa-maria\/historias-miramar-el-pueblo-fantasma-que-emergio-despues-de-45-anos-bajo-el-agua\/#primaryimage\"},\"thumbnailUrl\":\"https:\/\/i0.wp.com\/elregionalvm.com.ar\/noticias-villa-maria\/wp-content\/uploads\/2023\/09\/Gran_Hotel_Viena-Miramar-Ansenuza-1.jpg?fit=1024%2C615&ssl=1\",\"keywords\":[\"cambio clim\u00e1tico\",\"historias\",\"inundaci\u00f3n\",\"Laguna Mar Chiquita\",\"Lluvias\",\"Miramar\",\"Parque Nacional\",\"pueblo fantasma\",\"sequ\u00eda\"],\"articleSection\":[\"Historias\",\"tercera\"],\"inLanguage\":\"es\",\"potentialAction\":[{\"@type\":\"CommentAction\",\"name\":\"Comment\",\"target\":[\"http:\/\/elregionalvm.com.ar\/noticias-villa-maria\/historias-miramar-el-pueblo-fantasma-que-emergio-despues-de-45-anos-bajo-el-agua\/#respond\"]}]},{\"@type\":\"WebPage\",\"@id\":\"http:\/\/elregionalvm.com.ar\/noticias-villa-maria\/historias-miramar-el-pueblo-fantasma-que-emergio-despues-de-45-anos-bajo-el-agua\/\",\"url\":\"http:\/\/elregionalvm.com.ar\/noticias-villa-maria\/historias-miramar-el-pueblo-fantasma-que-emergio-despues-de-45-anos-bajo-el-agua\/\",\"name\":\"[Historias] Miramar, el \u201cpueblo fantasma\u201d que emergi\u00f3 despu\u00e9s de 45 a\u00f1os bajo el agua - El Regional\",\"isPartOf\":{\"@id\":\"http:\/\/elregionalvm.com.ar\/noticias-villa-maria\/#website\"},\"primaryImageOfPage\":{\"@id\":\"http:\/\/elregionalvm.com.ar\/noticias-villa-maria\/historias-miramar-el-pueblo-fantasma-que-emergio-despues-de-45-anos-bajo-el-agua\/#primaryimage\"},\"image\":{\"@id\":\"http:\/\/elregionalvm.com.ar\/noticias-villa-maria\/historias-miramar-el-pueblo-fantasma-que-emergio-despues-de-45-anos-bajo-el-agua\/#primaryimage\"},\"thumbnailUrl\":\"https:\/\/i0.wp.com\/elregionalvm.com.ar\/noticias-villa-maria\/wp-content\/uploads\/2023\/09\/Gran_Hotel_Viena-Miramar-Ansenuza-1.jpg?fit=1024%2C615&ssl=1\",\"datePublished\":\"2023-09-25T00:01:23+00:00\",\"dateModified\":\"2023-09-27T23:54:34+00:00\",\"author\":{\"@id\":\"http:\/\/elregionalvm.com.ar\/noticias-villa-maria\/#\/schema\/person\/d5e4b04966154131701e52c45d3efec9\"},\"breadcrumb\":{\"@id\":\"http:\/\/elregionalvm.com.ar\/noticias-villa-maria\/historias-miramar-el-pueblo-fantasma-que-emergio-despues-de-45-anos-bajo-el-agua\/#breadcrumb\"},\"inLanguage\":\"es\",\"potentialAction\":[{\"@type\":\"ReadAction\",\"target\":[\"http:\/\/elregionalvm.com.ar\/noticias-villa-maria\/historias-miramar-el-pueblo-fantasma-que-emergio-despues-de-45-anos-bajo-el-agua\/\"]}]},{\"@type\":\"ImageObject\",\"inLanguage\":\"es\",\"@id\":\"http:\/\/elregionalvm.com.ar\/noticias-villa-maria\/historias-miramar-el-pueblo-fantasma-que-emergio-despues-de-45-anos-bajo-el-agua\/#primaryimage\",\"url\":\"https:\/\/i0.wp.com\/elregionalvm.com.ar\/noticias-villa-maria\/wp-content\/uploads\/2023\/09\/Gran_Hotel_Viena-Miramar-Ansenuza-1.jpg?fit=1024%2C615&ssl=1\",\"contentUrl\":\"https:\/\/i0.wp.com\/elregionalvm.com.ar\/noticias-villa-maria\/wp-content\/uploads\/2023\/09\/Gran_Hotel_Viena-Miramar-Ansenuza-1.jpg?fit=1024%2C615&ssl=1\",\"width\":1024,\"height\":615},{\"@type\":\"BreadcrumbList\",\"@id\":\"http:\/\/elregionalvm.com.ar\/noticias-villa-maria\/historias-miramar-el-pueblo-fantasma-que-emergio-despues-de-45-anos-bajo-el-agua\/#breadcrumb\",\"itemListElement\":[{\"@type\":\"ListItem\",\"position\":1,\"name\":\"Portada\",\"item\":\"https:\/\/elregionalvm.com.ar\/noticias-villa-maria\/\"},{\"@type\":\"ListItem\",\"position\":2,\"name\":\"[Historias] Miramar, el \u201cpueblo fantasma\u201d que emergi\u00f3 despu\u00e9s de 45 a\u00f1os bajo el agua\"}]},{\"@type\":\"WebSite\",\"@id\":\"http:\/\/elregionalvm.com.ar\/noticias-villa-maria\/#website\",\"url\":\"http:\/\/elregionalvm.com.ar\/noticias-villa-maria\/\",\"name\":\"El Regional\",\"description\":\"Mucho m\u00e1s que informaci\u00f3n\",\"potentialAction\":[{\"@type\":\"SearchAction\",\"target\":{\"@type\":\"EntryPoint\",\"urlTemplate\":\"http:\/\/elregionalvm.com.ar\/noticias-villa-maria\/?s={search_term_string}\"},\"query-input\":{\"@type\":\"PropertyValueSpecification\",\"valueRequired\":true,\"valueName\":\"search_term_string\"}}],\"inLanguage\":\"es\"},{\"@type\":\"Person\",\"@id\":\"http:\/\/elregionalvm.com.ar\/noticias-villa-maria\/#\/schema\/person\/d5e4b04966154131701e52c45d3efec9\",\"name\":\"Germ\u00e1n Giacchero\",\"image\":{\"@type\":\"ImageObject\",\"inLanguage\":\"es\",\"@id\":\"http:\/\/elregionalvm.com.ar\/noticias-villa-maria\/#\/schema\/person\/image\/\",\"url\":\"https:\/\/secure.gravatar.com\/avatar\/fda163ba5ef0307ee5be9846e10f83b6e83d0cfb260d3b2464830318894c6b04?s=96&d=mm&r=g\",\"contentUrl\":\"https:\/\/secure.gravatar.com\/avatar\/fda163ba5ef0307ee5be9846e10f83b6e83d0cfb260d3b2464830318894c6b04?s=96&d=mm&r=g\",\"caption\":\"Germ\u00e1n Giacchero\"},\"url\":\"https:\/\/elregionalvm.com.ar\/noticias-villa-maria\/author\/germangiacchero\/\"}]}<\/script>\n<!-- \/ Yoast SEO plugin. -->","yoast_head_json":{"title":"[Historias] Miramar, el \u201cpueblo fantasma\u201d que emergi\u00f3 despu\u00e9s de 45 a\u00f1os bajo el agua - El Regional","robots":{"index":"index","follow":"follow","max-snippet":"max-snippet:-1","max-image-preview":"max-image-preview:large","max-video-preview":"max-video-preview:-1"},"canonical":"http:\/\/elregionalvm.com.ar\/noticias-villa-maria\/historias-miramar-el-pueblo-fantasma-que-emergio-despues-de-45-anos-bajo-el-agua\/","og_locale":"es_ES","og_type":"article","og_title":"[Historias] Miramar, el \u201cpueblo fantasma\u201d que emergi\u00f3 despu\u00e9s de 45 a\u00f1os bajo el agua - El Regional","og_description":"La bajante de la laguna salada de Mar Chiquita, en nuestra provincia, dej\u00f3 al descubierto la vieja localidad de Miramar, que fue arrasada por las aguas en la d\u00e9cada de 1970. Escribe: JULIO A. BEN\u00cdTEZ \u2013 benitezjulioalberto@miguelandreis Lidia Castellanos ten\u00eda solo 15 a\u00f1os cuando el agua acorral\u00f3 su casa. Recuerda c\u00f3mo iba avanzando muy lentamente [&hellip;]","og_url":"http:\/\/elregionalvm.com.ar\/noticias-villa-maria\/historias-miramar-el-pueblo-fantasma-que-emergio-despues-de-45-anos-bajo-el-agua\/","og_site_name":"El Regional","article_publisher":"https:\/\/www.facebook.com\/elregionalvm","article_published_time":"2023-09-25T00:01:23+00:00","article_modified_time":"2023-09-27T23:54:34+00:00","og_image":[{"width":1024,"height":615,"url":"http:\/\/elregionalvm.com.ar\/noticias-villa-maria\/wp-content\/uploads\/2023\/09\/Gran_Hotel_Viena-Miramar-Ansenuza-1.jpg","type":"image\/jpeg"}],"author":"Germ\u00e1n Giacchero","twitter_card":"summary_large_image","twitter_creator":"@elregionalvm1","twitter_site":"@elregionalvm1","twitter_misc":{"Escrito por":"Germ\u00e1n Giacchero","Tiempo de lectura":"6 minutos"},"schema":{"@context":"https:\/\/schema.org","@graph":[{"@type":"Article","@id":"http:\/\/elregionalvm.com.ar\/noticias-villa-maria\/historias-miramar-el-pueblo-fantasma-que-emergio-despues-de-45-anos-bajo-el-agua\/#article","isPartOf":{"@id":"http:\/\/elregionalvm.com.ar\/noticias-villa-maria\/historias-miramar-el-pueblo-fantasma-que-emergio-despues-de-45-anos-bajo-el-agua\/"},"author":{"name":"Germ\u00e1n Giacchero","@id":"http:\/\/elregionalvm.com.ar\/noticias-villa-maria\/#\/schema\/person\/d5e4b04966154131701e52c45d3efec9"},"headline":"[Historias] Miramar, el \u201cpueblo fantasma\u201d que emergi\u00f3 despu\u00e9s de 45 a\u00f1os bajo el agua","datePublished":"2023-09-25T00:01:23+00:00","dateModified":"2023-09-27T23:54:34+00:00","mainEntityOfPage":{"@id":"http:\/\/elregionalvm.com.ar\/noticias-villa-maria\/historias-miramar-el-pueblo-fantasma-que-emergio-despues-de-45-anos-bajo-el-agua\/"},"wordCount":1109,"commentCount":0,"image":{"@id":"http:\/\/elregionalvm.com.ar\/noticias-villa-maria\/historias-miramar-el-pueblo-fantasma-que-emergio-despues-de-45-anos-bajo-el-agua\/#primaryimage"},"thumbnailUrl":"https:\/\/i0.wp.com\/elregionalvm.com.ar\/noticias-villa-maria\/wp-content\/uploads\/2023\/09\/Gran_Hotel_Viena-Miramar-Ansenuza-1.jpg?fit=1024%2C615&ssl=1","keywords":["cambio clim\u00e1tico","historias","inundaci\u00f3n","Laguna Mar Chiquita","Lluvias","Miramar","Parque Nacional","pueblo fantasma","sequ\u00eda"],"articleSection":["Historias","tercera"],"inLanguage":"es","potentialAction":[{"@type":"CommentAction","name":"Comment","target":["http:\/\/elregionalvm.com.ar\/noticias-villa-maria\/historias-miramar-el-pueblo-fantasma-que-emergio-despues-de-45-anos-bajo-el-agua\/#respond"]}]},{"@type":"WebPage","@id":"http:\/\/elregionalvm.com.ar\/noticias-villa-maria\/historias-miramar-el-pueblo-fantasma-que-emergio-despues-de-45-anos-bajo-el-agua\/","url":"http:\/\/elregionalvm.com.ar\/noticias-villa-maria\/historias-miramar-el-pueblo-fantasma-que-emergio-despues-de-45-anos-bajo-el-agua\/","name":"[Historias] Miramar, el \u201cpueblo fantasma\u201d que emergi\u00f3 despu\u00e9s de 45 a\u00f1os bajo el agua - El Regional","isPartOf":{"@id":"http:\/\/elregionalvm.com.ar\/noticias-villa-maria\/#website"},"primaryImageOfPage":{"@id":"http:\/\/elregionalvm.com.ar\/noticias-villa-maria\/historias-miramar-el-pueblo-fantasma-que-emergio-despues-de-45-anos-bajo-el-agua\/#primaryimage"},"image":{"@id":"http:\/\/elregionalvm.com.ar\/noticias-villa-maria\/historias-miramar-el-pueblo-fantasma-que-emergio-despues-de-45-anos-bajo-el-agua\/#primaryimage"},"thumbnailUrl":"https:\/\/i0.wp.com\/elregionalvm.com.ar\/noticias-villa-maria\/wp-content\/uploads\/2023\/09\/Gran_Hotel_Viena-Miramar-Ansenuza-1.jpg?fit=1024%2C615&ssl=1","datePublished":"2023-09-25T00:01:23+00:00","dateModified":"2023-09-27T23:54:34+00:00","author":{"@id":"http:\/\/elregionalvm.com.ar\/noticias-villa-maria\/#\/schema\/person\/d5e4b04966154131701e52c45d3efec9"},"breadcrumb":{"@id":"http:\/\/elregionalvm.com.ar\/noticias-villa-maria\/historias-miramar-el-pueblo-fantasma-que-emergio-despues-de-45-anos-bajo-el-agua\/#breadcrumb"},"inLanguage":"es","potentialAction":[{"@type":"ReadAction","target":["http:\/\/elregionalvm.com.ar\/noticias-villa-maria\/historias-miramar-el-pueblo-fantasma-que-emergio-despues-de-45-anos-bajo-el-agua\/"]}]},{"@type":"ImageObject","inLanguage":"es","@id":"http:\/\/elregionalvm.com.ar\/noticias-villa-maria\/historias-miramar-el-pueblo-fantasma-que-emergio-despues-de-45-anos-bajo-el-agua\/#primaryimage","url":"https:\/\/i0.wp.com\/elregionalvm.com.ar\/noticias-villa-maria\/wp-content\/uploads\/2023\/09\/Gran_Hotel_Viena-Miramar-Ansenuza-1.jpg?fit=1024%2C615&ssl=1","contentUrl":"https:\/\/i0.wp.com\/elregionalvm.com.ar\/noticias-villa-maria\/wp-content\/uploads\/2023\/09\/Gran_Hotel_Viena-Miramar-Ansenuza-1.jpg?fit=1024%2C615&ssl=1","width":1024,"height":615},{"@type":"BreadcrumbList","@id":"http:\/\/elregionalvm.com.ar\/noticias-villa-maria\/historias-miramar-el-pueblo-fantasma-que-emergio-despues-de-45-anos-bajo-el-agua\/#breadcrumb","itemListElement":[{"@type":"ListItem","position":1,"name":"Portada","item":"https:\/\/elregionalvm.com.ar\/noticias-villa-maria\/"},{"@type":"ListItem","position":2,"name":"[Historias] Miramar, el \u201cpueblo fantasma\u201d que emergi\u00f3 despu\u00e9s de 45 a\u00f1os bajo el agua"}]},{"@type":"WebSite","@id":"http:\/\/elregionalvm.com.ar\/noticias-villa-maria\/#website","url":"http:\/\/elregionalvm.com.ar\/noticias-villa-maria\/","name":"El Regional","description":"Mucho m\u00e1s que informaci\u00f3n","potentialAction":[{"@type":"SearchAction","target":{"@type":"EntryPoint","urlTemplate":"http:\/\/elregionalvm.com.ar\/noticias-villa-maria\/?s={search_term_string}"},"query-input":{"@type":"PropertyValueSpecification","valueRequired":true,"valueName":"search_term_string"}}],"inLanguage":"es"},{"@type":"Person","@id":"http:\/\/elregionalvm.com.ar\/noticias-villa-maria\/#\/schema\/person\/d5e4b04966154131701e52c45d3efec9","name":"Germ\u00e1n Giacchero","image":{"@type":"ImageObject","inLanguage":"es","@id":"http:\/\/elregionalvm.com.ar\/noticias-villa-maria\/#\/schema\/person\/image\/","url":"https:\/\/secure.gravatar.com\/avatar\/fda163ba5ef0307ee5be9846e10f83b6e83d0cfb260d3b2464830318894c6b04?s=96&d=mm&r=g","contentUrl":"https:\/\/secure.gravatar.com\/avatar\/fda163ba5ef0307ee5be9846e10f83b6e83d0cfb260d3b2464830318894c6b04?s=96&d=mm&r=g","caption":"Germ\u00e1n Giacchero"},"url":"https:\/\/elregionalvm.com.ar\/noticias-villa-maria\/author\/germangiacchero\/"}]}},"jetpack_featured_media_url":"https:\/\/i0.wp.com\/elregionalvm.com.ar\/noticias-villa-maria\/wp-content\/uploads\/2023\/09\/Gran_Hotel_Viena-Miramar-Ansenuza-1.jpg?fit=1024%2C615&ssl=1","jetpack_sharing_enabled":true,"_links":{"self":[{"href":"https:\/\/elregionalvm.com.ar\/noticias-villa-maria\/wp-json\/wp\/v2\/posts\/83110","targetHints":{"allow":["GET"]}}],"collection":[{"href":"https:\/\/elregionalvm.com.ar\/noticias-villa-maria\/wp-json\/wp\/v2\/posts"}],"about":[{"href":"https:\/\/elregionalvm.com.ar\/noticias-villa-maria\/wp-json\/wp\/v2\/types\/post"}],"author":[{"embeddable":true,"href":"https:\/\/elregionalvm.com.ar\/noticias-villa-maria\/wp-json\/wp\/v2\/users\/6"}],"replies":[{"embeddable":true,"href":"https:\/\/elregionalvm.com.ar\/noticias-villa-maria\/wp-json\/wp\/v2\/comments?post=83110"}],"version-history":[{"count":2,"href":"https:\/\/elregionalvm.com.ar\/noticias-villa-maria\/wp-json\/wp\/v2\/posts\/83110\/revisions"}],"predecessor-version":[{"id":83121,"href":"https:\/\/elregionalvm.com.ar\/noticias-villa-maria\/wp-json\/wp\/v2\/posts\/83110\/revisions\/83121"}],"wp:featuredmedia":[{"embeddable":true,"href":"https:\/\/elregionalvm.com.ar\/noticias-villa-maria\/wp-json\/wp\/v2\/media\/83119"}],"wp:attachment":[{"href":"https:\/\/elregionalvm.com.ar\/noticias-villa-maria\/wp-json\/wp\/v2\/media?parent=83110"}],"wp:term":[{"taxonomy":"category","embeddable":true,"href":"https:\/\/elregionalvm.com.ar\/noticias-villa-maria\/wp-json\/wp\/v2\/categories?post=83110"},{"taxonomy":"post_tag","embeddable":true,"href":"https:\/\/elregionalvm.com.ar\/noticias-villa-maria\/wp-json\/wp\/v2\/tags?post=83110"}],"curies":[{"name":"wp","href":"https:\/\/api.w.org\/{rel}","templated":true}]}}