{"id":83202,"date":"2023-09-25T22:04:47","date_gmt":"2023-09-25T22:04:47","guid":{"rendered":"https:\/\/elregionalvm.com.ar\/noticias-villa-maria\/?p=83202"},"modified":"2023-09-25T22:04:49","modified_gmt":"2023-09-25T22:04:49","slug":"el-viernes-concluye-el-plazo-para-regularizar-deudas-municipales-con-quitas-de-intereses","status":"publish","type":"post","link":"https:\/\/elregionalvm.com.ar\/noticias-villa-maria\/el-viernes-concluye-el-plazo-para-regularizar-deudas-municipales-con-quitas-de-intereses\/","title":{"rendered":"El viernes concluye el plazo para regularizar deudas municipales con quitas de intereses"},"content":{"rendered":"\n<p>En el marco del Plan de Regularizaci\u00f3n de deudas municipales, coordinado por la Secretar\u00eda de Econom\u00eda y Modernizaci\u00f3n, el pr\u00f3ximo viernes 29 de septiembre culmina el plazo del tercer vencimiento para quienes adeuden tributos municipales. Cabe recordar que, por motivo del aniversario de la ciudad, el mi\u00e9rcoles 27 no se brindar\u00e1 atenci\u00f3n en las cajas municipales, por lo que no se podr\u00e1n efectivizar planes ese d\u00eda.<\/p>\n\n\n\n<p>El programa de saneamiento tiene por objetivo lograr la equidad tributaria basada en el principio de la solidaridad. Para ello, el Gobierno local puso en marcha este plan a los fines de que los vecinos y vecinas puedan saldar sus deudas, a trav\u00e9s del pago en cuotas, con distintos beneficios en la quita de intereses generados.<\/p>\n\n\n\n<p>El Plan de Regularizaci\u00f3n es un conjunto de medidas que otorgan beneficios de manera escalonada, seg\u00fan la modalidad y vencimiento escogido por cada vecino para cancelar su deuda. El paquete de medidas, que entr\u00f3 en vigencia en junio de este a\u00f1o, transita su \u00faltima semana. El paquete de medidas es abarcativo de todas las deudas, e incluye contribuci\u00f3n por mejora, multas, inmueble, rodados y todo \u00edtem que exija un cumplimiento de obligaciones para con el estado municipal.<\/p>\n\n\n\n<p>El actual vencimiento del plan inicia con un 90 por ciento de quita de intereses por pago de contado. A partir de ah\u00ed, las quitas son menores a medida que se incrementan las cuotas, que pueden ser hasta 36.<\/p>\n\n\n\n<p>Los vecinos interesados pueden acercarse al \u00e1rea de Ingresos P\u00fablicos del municipio esta semana para ejecutar su plan de regularizaci\u00f3n. En este sentido, cabe recordar que el mi\u00e9rcoles, por el 156\u00b0 aniversario de la ciudad, no habr\u00e1 atenci\u00f3n al p\u00fablico en las oficinas municipales.<\/p>\n","protected":false},"excerpt":{"rendered":"<p>En el marco del Plan de Regularizaci\u00f3n de deudas municipales, coordinado por la Secretar\u00eda de Econom\u00eda y Modernizaci\u00f3n, el pr\u00f3ximo viernes 29 de septiembre culmina el plazo del tercer vencimiento para quienes adeuden tributos municipales. Cabe recordar que, por motivo del aniversario de la ciudad, el mi\u00e9rcoles 27 no se brindar\u00e1 atenci\u00f3n en las cajas [&hellip;]<\/p>\n","protected":false},"author":4,"featured_media":83203,"comment_status":"open","ping_status":"open","sticky":false,"template":"","format":"standard","meta":{"site-sidebar-layout":"default","site-content-layout":"","ast-site-content-layout":"default","site-content-style":"default","site-sidebar-style":"default","ast-global-header-display":"","ast-banner-title-visibility":"","ast-main-header-display":"","ast-hfb-above-header-display":"","ast-hfb-below-header-display":"","ast-hfb-mobile-header-display":"","site-post-title":"","ast-breadcrumbs-content":"","ast-featured-img":"","footer-sml-layout":"","ast-disable-related-posts":"","theme-transparent-header-meta":"","adv-header-id-meta":"","stick-header-meta":"","header-above-stick-meta":"","header-main-stick-meta":"","header-below-stick-meta":"","astra-migrate-meta-layouts":"set","ast-page-background-enabled":"default","ast-page-background-meta":{"desktop":{"background-color":"","background-image":"","background-repeat":"repeat","background-position":"center center","background-size":"auto","background-attachment":"scroll","background-type":"","background-media":"","overlay-type":"","overlay-color":"","overlay-opacity":"","overlay-gradient":""},"tablet":{"background-color":"","background-image":"","background-repeat":"repeat","background-position":"center center","background-size":"auto","background-attachment":"scroll","background-type":"","background-media":"","overlay-type":"","overlay-color":"","overlay-opacity":"","overlay-gradient":""},"mobile":{"background-color":"","background-image":"","background-repeat":"repeat","background-position":"center center","background-size":"auto","background-attachment":"scroll","background-type":"","background-media":"","overlay-type":"","overlay-color":"","overlay-opacity":"","overlay-gradient":""}},"ast-content-background-meta":{"desktop":{"background-color":"var(--ast-global-color-5)","background-image":"","background-repeat":"repeat","background-position":"center center","background-size":"auto","background-attachment":"scroll","background-type":"","background-media":"","overlay-type":"","overlay-color":"","overlay-opacity":"","overlay-gradient":""},"tablet":{"background-color":"var(--ast-global-color-5)","background-image":"","background-repeat":"repeat","background-position":"center center","background-size":"auto","background-attachment":"scroll","background-type":"","background-media":"","overlay-type":"","overlay-color":"","overlay-opacity":"","overlay-gradient":""},"mobile":{"background-color":"var(--ast-global-color-5)","background-image":"","background-repeat":"repeat","background-position":"center center","background-size":"auto","background-attachment":"scroll","background-type":"","background-media":"","overlay-type":"","overlay-color":"","overlay-opacity":"","overlay-gradient":""}},"_jetpack_memberships_contains_paid_content":false,"_joinchat":[],"footnotes":""},"categories":[15302,5,2],"tags":[],"class_list":["post-83202","post","type-post","status-publish","format-standard","has-post-thumbnail","hentry","category-destacado","category-sociedad","category-villa-maria"],"yoast_head":"<!-- This site is optimized with the Yoast SEO plugin v26.8 - https:\/\/yoast.com\/product\/yoast-seo-wordpress\/ -->\n<title>El viernes concluye el plazo para regularizar deudas municipales con quitas de intereses - El Regional<\/title>\n<meta name=\"robots\" content=\"index, follow, max-snippet:-1, max-image-preview:large, max-video-preview:-1\" \/>\n<link rel=\"canonical\" href=\"http:\/\/elregionalvm.com.ar\/noticias-villa-maria\/el-viernes-concluye-el-plazo-para-regularizar-deudas-municipales-con-quitas-de-intereses\/\" \/>\n<meta property=\"og:locale\" content=\"es_ES\" \/>\n<meta property=\"og:type\" content=\"article\" \/>\n<meta property=\"og:title\" content=\"El viernes concluye el plazo para regularizar deudas municipales con quitas de intereses - El Regional\" \/>\n<meta property=\"og:description\" content=\"En el marco del Plan de Regularizaci\u00f3n de deudas municipales, coordinado por la Secretar\u00eda de Econom\u00eda y Modernizaci\u00f3n, el pr\u00f3ximo viernes 29 de septiembre culmina el plazo del tercer vencimiento para quienes adeuden tributos municipales. Cabe recordar que, por motivo del aniversario de la ciudad, el mi\u00e9rcoles 27 no se brindar\u00e1 atenci\u00f3n en las cajas [&hellip;]\" \/>\n<meta property=\"og:url\" content=\"http:\/\/elregionalvm.com.ar\/noticias-villa-maria\/el-viernes-concluye-el-plazo-para-regularizar-deudas-municipales-con-quitas-de-intereses\/\" \/>\n<meta property=\"og:site_name\" content=\"El Regional\" \/>\n<meta property=\"article:publisher\" content=\"https:\/\/www.facebook.com\/elregionalvm\" \/>\n<meta property=\"article:published_time\" content=\"2023-09-25T22:04:47+00:00\" \/>\n<meta property=\"article:modified_time\" content=\"2023-09-25T22:04:49+00:00\" \/>\n<meta property=\"og:image\" content=\"http:\/\/elregionalvm.com.ar\/noticias-villa-maria\/wp-content\/uploads\/2023\/09\/WhatsApp-Image-2023-09-25-at-15.02.34.jpeg\" \/>\n\t<meta property=\"og:image:width\" content=\"1600\" \/>\n\t<meta property=\"og:image:height\" content=\"1067\" \/>\n\t<meta property=\"og:image:type\" content=\"image\/jpeg\" \/>\n<meta name=\"author\" content=\"Contenidos El Regional\" \/>\n<meta name=\"twitter:card\" content=\"summary_large_image\" \/>\n<meta name=\"twitter:creator\" content=\"@elregionalvm1\" \/>\n<meta name=\"twitter:site\" content=\"@elregionalvm1\" \/>\n<meta name=\"twitter:label1\" content=\"Escrito por\" \/>\n\t<meta name=\"twitter:data1\" content=\"Contenidos El Regional\" \/>\n\t<meta name=\"twitter:label2\" content=\"Tiempo de lectura\" \/>\n\t<meta name=\"twitter:data2\" content=\"2 minutos\" \/>\n<script type=\"application\/ld+json\" class=\"yoast-schema-graph\">{\"@context\":\"https:\/\/schema.org\",\"@graph\":[{\"@type\":\"Article\",\"@id\":\"http:\/\/elregionalvm.com.ar\/noticias-villa-maria\/el-viernes-concluye-el-plazo-para-regularizar-deudas-municipales-con-quitas-de-intereses\/#article\",\"isPartOf\":{\"@id\":\"http:\/\/elregionalvm.com.ar\/noticias-villa-maria\/el-viernes-concluye-el-plazo-para-regularizar-deudas-municipales-con-quitas-de-intereses\/\"},\"author\":{\"name\":\"Contenidos El Regional\",\"@id\":\"http:\/\/elregionalvm.com.ar\/noticias-villa-maria\/#\/schema\/person\/a0fb9c422317faca23d50163151bc354\"},\"headline\":\"El viernes concluye el plazo para regularizar deudas municipales con quitas de intereses\",\"datePublished\":\"2023-09-25T22:04:47+00:00\",\"dateModified\":\"2023-09-25T22:04:49+00:00\",\"mainEntityOfPage\":{\"@id\":\"http:\/\/elregionalvm.com.ar\/noticias-villa-maria\/el-viernes-concluye-el-plazo-para-regularizar-deudas-municipales-con-quitas-de-intereses\/\"},\"wordCount\":309,\"commentCount\":0,\"image\":{\"@id\":\"http:\/\/elregionalvm.com.ar\/noticias-villa-maria\/el-viernes-concluye-el-plazo-para-regularizar-deudas-municipales-con-quitas-de-intereses\/#primaryimage\"},\"thumbnailUrl\":\"https:\/\/i0.wp.com\/elregionalvm.com.ar\/noticias-villa-maria\/wp-content\/uploads\/2023\/09\/WhatsApp-Image-2023-09-25-at-15.02.34.jpeg?fit=1600%2C1067&ssl=1\",\"articleSection\":[\"destacado\",\"Sociedad\",\"Villa Mar\u00eda\"],\"inLanguage\":\"es\",\"potentialAction\":[{\"@type\":\"CommentAction\",\"name\":\"Comment\",\"target\":[\"http:\/\/elregionalvm.com.ar\/noticias-villa-maria\/el-viernes-concluye-el-plazo-para-regularizar-deudas-municipales-con-quitas-de-intereses\/#respond\"]}]},{\"@type\":\"WebPage\",\"@id\":\"http:\/\/elregionalvm.com.ar\/noticias-villa-maria\/el-viernes-concluye-el-plazo-para-regularizar-deudas-municipales-con-quitas-de-intereses\/\",\"url\":\"http:\/\/elregionalvm.com.ar\/noticias-villa-maria\/el-viernes-concluye-el-plazo-para-regularizar-deudas-municipales-con-quitas-de-intereses\/\",\"name\":\"El viernes concluye el plazo para regularizar deudas municipales con quitas de intereses - El Regional\",\"isPartOf\":{\"@id\":\"http:\/\/elregionalvm.com.ar\/noticias-villa-maria\/#website\"},\"primaryImageOfPage\":{\"@id\":\"http:\/\/elregionalvm.com.ar\/noticias-villa-maria\/el-viernes-concluye-el-plazo-para-regularizar-deudas-municipales-con-quitas-de-intereses\/#primaryimage\"},\"image\":{\"@id\":\"http:\/\/elregionalvm.com.ar\/noticias-villa-maria\/el-viernes-concluye-el-plazo-para-regularizar-deudas-municipales-con-quitas-de-intereses\/#primaryimage\"},\"thumbnailUrl\":\"https:\/\/i0.wp.com\/elregionalvm.com.ar\/noticias-villa-maria\/wp-content\/uploads\/2023\/09\/WhatsApp-Image-2023-09-25-at-15.02.34.jpeg?fit=1600%2C1067&ssl=1\",\"datePublished\":\"2023-09-25T22:04:47+00:00\",\"dateModified\":\"2023-09-25T22:04:49+00:00\",\"author\":{\"@id\":\"http:\/\/elregionalvm.com.ar\/noticias-villa-maria\/#\/schema\/person\/a0fb9c422317faca23d50163151bc354\"},\"breadcrumb\":{\"@id\":\"http:\/\/elregionalvm.com.ar\/noticias-villa-maria\/el-viernes-concluye-el-plazo-para-regularizar-deudas-municipales-con-quitas-de-intereses\/#breadcrumb\"},\"inLanguage\":\"es\",\"potentialAction\":[{\"@type\":\"ReadAction\",\"target\":[\"http:\/\/elregionalvm.com.ar\/noticias-villa-maria\/el-viernes-concluye-el-plazo-para-regularizar-deudas-municipales-con-quitas-de-intereses\/\"]}]},{\"@type\":\"ImageObject\",\"inLanguage\":\"es\",\"@id\":\"http:\/\/elregionalvm.com.ar\/noticias-villa-maria\/el-viernes-concluye-el-plazo-para-regularizar-deudas-municipales-con-quitas-de-intereses\/#primaryimage\",\"url\":\"https:\/\/i0.wp.com\/elregionalvm.com.ar\/noticias-villa-maria\/wp-content\/uploads\/2023\/09\/WhatsApp-Image-2023-09-25-at-15.02.34.jpeg?fit=1600%2C1067&ssl=1\",\"contentUrl\":\"https:\/\/i0.wp.com\/elregionalvm.com.ar\/noticias-villa-maria\/wp-content\/uploads\/2023\/09\/WhatsApp-Image-2023-09-25-at-15.02.34.jpeg?fit=1600%2C1067&ssl=1\",\"width\":1600,\"height\":1067},{\"@type\":\"BreadcrumbList\",\"@id\":\"http:\/\/elregionalvm.com.ar\/noticias-villa-maria\/el-viernes-concluye-el-plazo-para-regularizar-deudas-municipales-con-quitas-de-intereses\/#breadcrumb\",\"itemListElement\":[{\"@type\":\"ListItem\",\"position\":1,\"name\":\"Portada\",\"item\":\"https:\/\/elregionalvm.com.ar\/noticias-villa-maria\/\"},{\"@type\":\"ListItem\",\"position\":2,\"name\":\"El viernes concluye el plazo para regularizar deudas municipales con quitas de intereses\"}]},{\"@type\":\"WebSite\",\"@id\":\"http:\/\/elregionalvm.com.ar\/noticias-villa-maria\/#website\",\"url\":\"http:\/\/elregionalvm.com.ar\/noticias-villa-maria\/\",\"name\":\"El Regional\",\"description\":\"Mucho m\u00e1s que informaci\u00f3n\",\"potentialAction\":[{\"@type\":\"SearchAction\",\"target\":{\"@type\":\"EntryPoint\",\"urlTemplate\":\"http:\/\/elregionalvm.com.ar\/noticias-villa-maria\/?s={search_term_string}\"},\"query-input\":{\"@type\":\"PropertyValueSpecification\",\"valueRequired\":true,\"valueName\":\"search_term_string\"}}],\"inLanguage\":\"es\"},{\"@type\":\"Person\",\"@id\":\"http:\/\/elregionalvm.com.ar\/noticias-villa-maria\/#\/schema\/person\/a0fb9c422317faca23d50163151bc354\",\"name\":\"Contenidos El Regional\",\"image\":{\"@type\":\"ImageObject\",\"inLanguage\":\"es\",\"@id\":\"http:\/\/elregionalvm.com.ar\/noticias-villa-maria\/#\/schema\/person\/image\/\",\"url\":\"https:\/\/secure.gravatar.com\/avatar\/265b27cb2209af7bb3a1318f03305787d7981a5cc6e6cd08fe5a4ecdf99d4b48?s=96&d=mm&r=g\",\"contentUrl\":\"https:\/\/secure.gravatar.com\/avatar\/265b27cb2209af7bb3a1318f03305787d7981a5cc6e6cd08fe5a4ecdf99d4b48?s=96&d=mm&r=g\",\"caption\":\"Contenidos El Regional\"},\"url\":\"https:\/\/elregionalvm.com.ar\/noticias-villa-maria\/author\/contenido\/\"}]}<\/script>\n<!-- \/ Yoast SEO plugin. -->","yoast_head_json":{"title":"El viernes concluye el plazo para regularizar deudas municipales con quitas de intereses - El Regional","robots":{"index":"index","follow":"follow","max-snippet":"max-snippet:-1","max-image-preview":"max-image-preview:large","max-video-preview":"max-video-preview:-1"},"canonical":"http:\/\/elregionalvm.com.ar\/noticias-villa-maria\/el-viernes-concluye-el-plazo-para-regularizar-deudas-municipales-con-quitas-de-intereses\/","og_locale":"es_ES","og_type":"article","og_title":"El viernes concluye el plazo para regularizar deudas municipales con quitas de intereses - El Regional","og_description":"En el marco del Plan de Regularizaci\u00f3n de deudas municipales, coordinado por la Secretar\u00eda de Econom\u00eda y Modernizaci\u00f3n, el pr\u00f3ximo viernes 29 de septiembre culmina el plazo del tercer vencimiento para quienes adeuden tributos municipales. Cabe recordar que, por motivo del aniversario de la ciudad, el mi\u00e9rcoles 27 no se brindar\u00e1 atenci\u00f3n en las cajas [&hellip;]","og_url":"http:\/\/elregionalvm.com.ar\/noticias-villa-maria\/el-viernes-concluye-el-plazo-para-regularizar-deudas-municipales-con-quitas-de-intereses\/","og_site_name":"El Regional","article_publisher":"https:\/\/www.facebook.com\/elregionalvm","article_published_time":"2023-09-25T22:04:47+00:00","article_modified_time":"2023-09-25T22:04:49+00:00","og_image":[{"width":1600,"height":1067,"url":"http:\/\/elregionalvm.com.ar\/noticias-villa-maria\/wp-content\/uploads\/2023\/09\/WhatsApp-Image-2023-09-25-at-15.02.34.jpeg","type":"image\/jpeg"}],"author":"Contenidos El Regional","twitter_card":"summary_large_image","twitter_creator":"@elregionalvm1","twitter_site":"@elregionalvm1","twitter_misc":{"Escrito por":"Contenidos El Regional","Tiempo de lectura":"2 minutos"},"schema":{"@context":"https:\/\/schema.org","@graph":[{"@type":"Article","@id":"http:\/\/elregionalvm.com.ar\/noticias-villa-maria\/el-viernes-concluye-el-plazo-para-regularizar-deudas-municipales-con-quitas-de-intereses\/#article","isPartOf":{"@id":"http:\/\/elregionalvm.com.ar\/noticias-villa-maria\/el-viernes-concluye-el-plazo-para-regularizar-deudas-municipales-con-quitas-de-intereses\/"},"author":{"name":"Contenidos El Regional","@id":"http:\/\/elregionalvm.com.ar\/noticias-villa-maria\/#\/schema\/person\/a0fb9c422317faca23d50163151bc354"},"headline":"El viernes concluye el plazo para regularizar deudas municipales con quitas de intereses","datePublished":"2023-09-25T22:04:47+00:00","dateModified":"2023-09-25T22:04:49+00:00","mainEntityOfPage":{"@id":"http:\/\/elregionalvm.com.ar\/noticias-villa-maria\/el-viernes-concluye-el-plazo-para-regularizar-deudas-municipales-con-quitas-de-intereses\/"},"wordCount":309,"commentCount":0,"image":{"@id":"http:\/\/elregionalvm.com.ar\/noticias-villa-maria\/el-viernes-concluye-el-plazo-para-regularizar-deudas-municipales-con-quitas-de-intereses\/#primaryimage"},"thumbnailUrl":"https:\/\/i0.wp.com\/elregionalvm.com.ar\/noticias-villa-maria\/wp-content\/uploads\/2023\/09\/WhatsApp-Image-2023-09-25-at-15.02.34.jpeg?fit=1600%2C1067&ssl=1","articleSection":["destacado","Sociedad","Villa Mar\u00eda"],"inLanguage":"es","potentialAction":[{"@type":"CommentAction","name":"Comment","target":["http:\/\/elregionalvm.com.ar\/noticias-villa-maria\/el-viernes-concluye-el-plazo-para-regularizar-deudas-municipales-con-quitas-de-intereses\/#respond"]}]},{"@type":"WebPage","@id":"http:\/\/elregionalvm.com.ar\/noticias-villa-maria\/el-viernes-concluye-el-plazo-para-regularizar-deudas-municipales-con-quitas-de-intereses\/","url":"http:\/\/elregionalvm.com.ar\/noticias-villa-maria\/el-viernes-concluye-el-plazo-para-regularizar-deudas-municipales-con-quitas-de-intereses\/","name":"El viernes concluye el plazo para regularizar deudas municipales con quitas de intereses - El Regional","isPartOf":{"@id":"http:\/\/elregionalvm.com.ar\/noticias-villa-maria\/#website"},"primaryImageOfPage":{"@id":"http:\/\/elregionalvm.com.ar\/noticias-villa-maria\/el-viernes-concluye-el-plazo-para-regularizar-deudas-municipales-con-quitas-de-intereses\/#primaryimage"},"image":{"@id":"http:\/\/elregionalvm.com.ar\/noticias-villa-maria\/el-viernes-concluye-el-plazo-para-regularizar-deudas-municipales-con-quitas-de-intereses\/#primaryimage"},"thumbnailUrl":"https:\/\/i0.wp.com\/elregionalvm.com.ar\/noticias-villa-maria\/wp-content\/uploads\/2023\/09\/WhatsApp-Image-2023-09-25-at-15.02.34.jpeg?fit=1600%2C1067&ssl=1","datePublished":"2023-09-25T22:04:47+00:00","dateModified":"2023-09-25T22:04:49+00:00","author":{"@id":"http:\/\/elregionalvm.com.ar\/noticias-villa-maria\/#\/schema\/person\/a0fb9c422317faca23d50163151bc354"},"breadcrumb":{"@id":"http:\/\/elregionalvm.com.ar\/noticias-villa-maria\/el-viernes-concluye-el-plazo-para-regularizar-deudas-municipales-con-quitas-de-intereses\/#breadcrumb"},"inLanguage":"es","potentialAction":[{"@type":"ReadAction","target":["http:\/\/elregionalvm.com.ar\/noticias-villa-maria\/el-viernes-concluye-el-plazo-para-regularizar-deudas-municipales-con-quitas-de-intereses\/"]}]},{"@type":"ImageObject","inLanguage":"es","@id":"http:\/\/elregionalvm.com.ar\/noticias-villa-maria\/el-viernes-concluye-el-plazo-para-regularizar-deudas-municipales-con-quitas-de-intereses\/#primaryimage","url":"https:\/\/i0.wp.com\/elregionalvm.com.ar\/noticias-villa-maria\/wp-content\/uploads\/2023\/09\/WhatsApp-Image-2023-09-25-at-15.02.34.jpeg?fit=1600%2C1067&ssl=1","contentUrl":"https:\/\/i0.wp.com\/elregionalvm.com.ar\/noticias-villa-maria\/wp-content\/uploads\/2023\/09\/WhatsApp-Image-2023-09-25-at-15.02.34.jpeg?fit=1600%2C1067&ssl=1","width":1600,"height":1067},{"@type":"BreadcrumbList","@id":"http:\/\/elregionalvm.com.ar\/noticias-villa-maria\/el-viernes-concluye-el-plazo-para-regularizar-deudas-municipales-con-quitas-de-intereses\/#breadcrumb","itemListElement":[{"@type":"ListItem","position":1,"name":"Portada","item":"https:\/\/elregionalvm.com.ar\/noticias-villa-maria\/"},{"@type":"ListItem","position":2,"name":"El viernes concluye el plazo para regularizar deudas municipales con quitas de intereses"}]},{"@type":"WebSite","@id":"http:\/\/elregionalvm.com.ar\/noticias-villa-maria\/#website","url":"http:\/\/elregionalvm.com.ar\/noticias-villa-maria\/","name":"El Regional","description":"Mucho m\u00e1s que informaci\u00f3n","potentialAction":[{"@type":"SearchAction","target":{"@type":"EntryPoint","urlTemplate":"http:\/\/elregionalvm.com.ar\/noticias-villa-maria\/?s={search_term_string}"},"query-input":{"@type":"PropertyValueSpecification","valueRequired":true,"valueName":"search_term_string"}}],"inLanguage":"es"},{"@type":"Person","@id":"http:\/\/elregionalvm.com.ar\/noticias-villa-maria\/#\/schema\/person\/a0fb9c422317faca23d50163151bc354","name":"Contenidos El Regional","image":{"@type":"ImageObject","inLanguage":"es","@id":"http:\/\/elregionalvm.com.ar\/noticias-villa-maria\/#\/schema\/person\/image\/","url":"https:\/\/secure.gravatar.com\/avatar\/265b27cb2209af7bb3a1318f03305787d7981a5cc6e6cd08fe5a4ecdf99d4b48?s=96&d=mm&r=g","contentUrl":"https:\/\/secure.gravatar.com\/avatar\/265b27cb2209af7bb3a1318f03305787d7981a5cc6e6cd08fe5a4ecdf99d4b48?s=96&d=mm&r=g","caption":"Contenidos El Regional"},"url":"https:\/\/elregionalvm.com.ar\/noticias-villa-maria\/author\/contenido\/"}]}},"jetpack_featured_media_url":"https:\/\/i0.wp.com\/elregionalvm.com.ar\/noticias-villa-maria\/wp-content\/uploads\/2023\/09\/WhatsApp-Image-2023-09-25-at-15.02.34.jpeg?fit=1600%2C1067&ssl=1","jetpack_sharing_enabled":true,"_links":{"self":[{"href":"https:\/\/elregionalvm.com.ar\/noticias-villa-maria\/wp-json\/wp\/v2\/posts\/83202","targetHints":{"allow":["GET"]}}],"collection":[{"href":"https:\/\/elregionalvm.com.ar\/noticias-villa-maria\/wp-json\/wp\/v2\/posts"}],"about":[{"href":"https:\/\/elregionalvm.com.ar\/noticias-villa-maria\/wp-json\/wp\/v2\/types\/post"}],"author":[{"embeddable":true,"href":"https:\/\/elregionalvm.com.ar\/noticias-villa-maria\/wp-json\/wp\/v2\/users\/4"}],"replies":[{"embeddable":true,"href":"https:\/\/elregionalvm.com.ar\/noticias-villa-maria\/wp-json\/wp\/v2\/comments?post=83202"}],"version-history":[{"count":1,"href":"https:\/\/elregionalvm.com.ar\/noticias-villa-maria\/wp-json\/wp\/v2\/posts\/83202\/revisions"}],"predecessor-version":[{"id":83204,"href":"https:\/\/elregionalvm.com.ar\/noticias-villa-maria\/wp-json\/wp\/v2\/posts\/83202\/revisions\/83204"}],"wp:featuredmedia":[{"embeddable":true,"href":"https:\/\/elregionalvm.com.ar\/noticias-villa-maria\/wp-json\/wp\/v2\/media\/83203"}],"wp:attachment":[{"href":"https:\/\/elregionalvm.com.ar\/noticias-villa-maria\/wp-json\/wp\/v2\/media?parent=83202"}],"wp:term":[{"taxonomy":"category","embeddable":true,"href":"https:\/\/elregionalvm.com.ar\/noticias-villa-maria\/wp-json\/wp\/v2\/categories?post=83202"},{"taxonomy":"post_tag","embeddable":true,"href":"https:\/\/elregionalvm.com.ar\/noticias-villa-maria\/wp-json\/wp\/v2\/tags?post=83202"}],"curies":[{"name":"wp","href":"https:\/\/api.w.org\/{rel}","templated":true}]}}