{"id":83205,"date":"2023-09-25T22:12:05","date_gmt":"2023-09-25T22:12:05","guid":{"rendered":"https:\/\/elregionalvm.com.ar\/noticias-villa-maria\/?p=83205"},"modified":"2023-09-25T22:12:08","modified_gmt":"2023-09-25T22:12:08","slug":"villa-maria-celebra-su-156-aniversario-con-la-presentacion-de-jairo-en-el-teatro-verdi","status":"publish","type":"post","link":"https:\/\/elregionalvm.com.ar\/noticias-villa-maria\/villa-maria-celebra-su-156-aniversario-con-la-presentacion-de-jairo-en-el-teatro-verdi\/","title":{"rendered":"Villa Mar\u00eda celebra su 156\u00b0 aniversario con la presentaci\u00f3n de Jairo en el Teatro Verdi"},"content":{"rendered":"\n<p>El intendente Mart\u00edn Gill, acompa\u00f1ado por el jefe de Gabinete, H\u00e9ctor Mu\u00f1oz, y el secretario de Educaci\u00f3n, Cultura y Promoci\u00f3n de la Ciencia, Rafael Sachetto, presentaron la agenda de eventos en el marco del 156\u00b0 aniversario de la ciudad, que incluye una serie de actividades culturales que se desarrollar\u00e1n desde hoy y hasta el 30 de septiembre.<\/p>\n\n\n\n<p>Como antesala del aniversario, en la noche del martes 26 tendr\u00e1 lugar la tradicional velada de gala, en el Teatro Verdi a partir de las 21:00 horas. El mandatario explic\u00f3 que el programa se estructur\u00f3 en dos partes, con \u201cla presencia de tres artistas que fueron un s\u00edmbolo del retorno a la democracia de C\u00f3rdoba, Ariel Borda, Horacio Sosa y Sergio Korn\u201d. \u201cAl cumplirse 40 a\u00f1os del retorno a la democracia en Argentina, nos parece muy significativo que puedan estar\u201d, reflexion\u00f3.<\/p>\n\n\n\n<figure class=\"wp-block-image size-large\"><img data-recalc-dims=\"1\" fetchpriority=\"high\" decoding=\"async\" width=\"1024\" height=\"683\" src=\"https:\/\/i0.wp.com\/elregionalvm.com.ar\/noticias-villa-maria\/wp-content\/uploads\/2023\/09\/WhatsApp-Image-2023-09-25-at-14.01.09.jpeg?resize=1024%2C683&#038;ssl=1\" alt=\"\" class=\"wp-image-83207\" srcset=\"https:\/\/i0.wp.com\/elregionalvm.com.ar\/noticias-villa-maria\/wp-content\/uploads\/2023\/09\/WhatsApp-Image-2023-09-25-at-14.01.09.jpeg?resize=1024%2C683&amp;ssl=1 1024w, https:\/\/i0.wp.com\/elregionalvm.com.ar\/noticias-villa-maria\/wp-content\/uploads\/2023\/09\/WhatsApp-Image-2023-09-25-at-14.01.09.jpeg?resize=300%2C200&amp;ssl=1 300w, https:\/\/i0.wp.com\/elregionalvm.com.ar\/noticias-villa-maria\/wp-content\/uploads\/2023\/09\/WhatsApp-Image-2023-09-25-at-14.01.09.jpeg?resize=768%2C512&amp;ssl=1 768w, https:\/\/i0.wp.com\/elregionalvm.com.ar\/noticias-villa-maria\/wp-content\/uploads\/2023\/09\/WhatsApp-Image-2023-09-25-at-14.01.09.jpeg?resize=1536%2C1024&amp;ssl=1 1536w, https:\/\/i0.wp.com\/elregionalvm.com.ar\/noticias-villa-maria\/wp-content\/uploads\/2023\/09\/WhatsApp-Image-2023-09-25-at-14.01.09.jpeg?w=1599&amp;ssl=1 1599w\" sizes=\"(max-width: 1000px) 100vw, 1000px\" \/><\/figure>\n\n\n\n<p>La velada tendr\u00e1 continuidad con la presencia de \u201cotro artista cordob\u00e9s del que nos sentimos orgullosos, Jairo, donde nos dejara varias de sus canciones y de alguna manera va a ser la previa del aniversario de la ciudad\u201d, complet\u00f3 Gill. La entrada a la tradicional velada de gala ser\u00e1 libre y gratuita, hasta completar la capacidad del teatro.<\/p>\n\n\n\n<p>Por otro lado, el mi\u00e9rcoles 27 desde las 11:00 horas, los festejos continuar\u00e1n en el predio de la Escuela Granja con un Granjazo. Las actividades, pensadas para que la tarde sea un encuentro popular celebrado en familia, estar\u00e1n coordinadas por el \u00e1rea de Educaci\u00f3n, Cultura y Promoci\u00f3n de la Ciencia, a trav\u00e9s de la Medioteca, Tecnoteca y el Programa Ser Arte y Parte. <\/p>\n\n\n\n<p>All\u00ed, cerca de las 13:00 horas, se prev\u00e9 la actuaci\u00f3n del canta-autor infantil Ra\u00fal Manfredini, los grupos folkl\u00f3ricos Kallpa, Shalaku, Herencia Arrieta, Cuerda y Cuero, entre otros espect\u00e1culos musicales. Adem\u00e1s, habr\u00e1 presentaciones de danza circular, show de las copleras, clases de zumba y la intervenci\u00f3n de cantores y cantoras barriales.<\/p>\n\n\n\n<p>En detalle, desde la Escuela de M\u00fasica de Ser Arte y Parte, se har\u00e1 la presentaci\u00f3n de dos canciones para homenajear a la ciudad, mientras que por parte de Tecnoteca y Medioteca, habr\u00e1 talleres de rob\u00f3tica, observaci\u00f3n con telescopios, campamento literario, cabina de fotos y transmisi\u00f3n radial en vivo, por parte de Radio Tecnoteca. Durante todo el evento, las familias que asistan podr\u00e1n disfrutar de la oferta gastron\u00f3mica, ofrecida tanto en los food trucks como por parte de la Escuela Granja.<\/p>\n\n\n\n<p>Acto protocolar en Plaza Centenario<\/p>\n\n\n\n<p>La conmemoraci\u00f3n del nuevo cumplea\u00f1os de la ciudad se llevar\u00e1 a cabo con un evento ceremonial, a realizarse el mi\u00e9rcoles 27 de septiembre a las 9:30 horas, en Plaza Centenario. En este sentido, durante la presentaci\u00f3n de la grilla, Gill puso de relieve que \u201ces una alegr\u00eda poder celebrar nuevamente el aniversario de la ciudad en la Plaza Centenario, porque tiene un gran valor simb\u00f3lico\u201d, ya que el espacio est\u00e1 camino a ser declarado Monumento Hist\u00f3rico Nacional, tras la obra de restauraci\u00f3n a la que fue sometida la obra del arquitecto Francisco Salamone.<\/p>\n\n\n\n<p>Desde el municipio, se invita a vecinos, vecinas e instituciones a participar del acto protocolar, que contar\u00e1 con la presencia de autoridades del Gobierno local, el Ballet de Adultos Mayores que interpretar\u00e1 la Zamba a Villa Mar\u00eda, y una exposici\u00f3n de veh\u00edculos antiguos. Por otro lado, en el transcurso de la ma\u00f1ana se colocar\u00e1 una ofrenda floral en honor a Manuel Anselmo Ocampos, en su busto ubicado en la esquina de avenida Sabattini y calle San Juan.<\/p>\n\n\n\n<p>M\u00e1s actividades<\/p>\n\n\n\n<p>Como parte de la agenda prevista, las celebraciones comenzar\u00e1n hoy en el Centro Cultural Comunitario Leonardo Favio, a las 20:30 horas, con la presentaci\u00f3n de la obra de teatro musical Nocturna, la dama de la noche; los interesados en asistir, pueden retirar su entrada sin costo a partir de las 19:00 horas.<\/p>\n\n\n\n<p>Por otro lado, ma\u00f1ana desde las 17:00 horas, tendr\u00e1 lugar la celebraci\u00f3n del primer aniversario del Centro Comunitario de Inclusi\u00f3n Integral, cuyo edificio se eleva en barrio Evita. El festejo, contar\u00e1 con actividades recreativas para toda la familia y una merienda.<\/p>\n\n\n\n<p>Hacia el final de la semana, el s\u00e1bado 30 de septiembre, a las 15:00 horas, tendr\u00e1 lugar un recorrido abierto a todo p\u00fablico por el circuito ferroviario emplazado en el Parque de la Vida, con motivo de celebrar el cuarto a\u00f1o de existencia del Museo Ferroviario. Como parte de la actividad, se visitar\u00e1n la estaci\u00f3n y el and\u00e9n recientemente recuperados, de la mano de la Asociaci\u00f3n Amigos del Museo Ferroviario.<\/p>\n","protected":false},"excerpt":{"rendered":"<p>El intendente Mart\u00edn Gill, acompa\u00f1ado por el jefe de Gabinete, H\u00e9ctor Mu\u00f1oz, y el secretario de Educaci\u00f3n, Cultura y Promoci\u00f3n de la Ciencia, Rafael Sachetto, presentaron la agenda de eventos en el marco del 156\u00b0 aniversario de la ciudad, que incluye una serie de actividades culturales que se desarrollar\u00e1n desde hoy y hasta el 30 [&hellip;]<\/p>\n","protected":false},"author":4,"featured_media":83206,"comment_status":"open","ping_status":"open","sticky":false,"template":"","format":"standard","meta":{"site-sidebar-layout":"default","site-content-layout":"","ast-site-content-layout":"default","site-content-style":"default","site-sidebar-style":"default","ast-global-header-display":"","ast-banner-title-visibility":"","ast-main-header-display":"","ast-hfb-above-header-display":"","ast-hfb-below-header-display":"","ast-hfb-mobile-header-display":"","site-post-title":"","ast-breadcrumbs-content":"","ast-featured-img":"","footer-sml-layout":"","ast-disable-related-posts":"","theme-transparent-header-meta":"","adv-header-id-meta":"","stick-header-meta":"","header-above-stick-meta":"","header-main-stick-meta":"","header-below-stick-meta":"","astra-migrate-meta-layouts":"set","ast-page-background-enabled":"default","ast-page-background-meta":{"desktop":{"background-color":"","background-image":"","background-repeat":"repeat","background-position":"center center","background-size":"auto","background-attachment":"scroll","background-type":"","background-media":"","overlay-type":"","overlay-color":"","overlay-opacity":"","overlay-gradient":""},"tablet":{"background-color":"","background-image":"","background-repeat":"repeat","background-position":"center center","background-size":"auto","background-attachment":"scroll","background-type":"","background-media":"","overlay-type":"","overlay-color":"","overlay-opacity":"","overlay-gradient":""},"mobile":{"background-color":"","background-image":"","background-repeat":"repeat","background-position":"center center","background-size":"auto","background-attachment":"scroll","background-type":"","background-media":"","overlay-type":"","overlay-color":"","overlay-opacity":"","overlay-gradient":""}},"ast-content-background-meta":{"desktop":{"background-color":"var(--ast-global-color-5)","background-image":"","background-repeat":"repeat","background-position":"center center","background-size":"auto","background-attachment":"scroll","background-type":"","background-media":"","overlay-type":"","overlay-color":"","overlay-opacity":"","overlay-gradient":""},"tablet":{"background-color":"var(--ast-global-color-5)","background-image":"","background-repeat":"repeat","background-position":"center center","background-size":"auto","background-attachment":"scroll","background-type":"","background-media":"","overlay-type":"","overlay-color":"","overlay-opacity":"","overlay-gradient":""},"mobile":{"background-color":"var(--ast-global-color-5)","background-image":"","background-repeat":"repeat","background-position":"center center","background-size":"auto","background-attachment":"scroll","background-type":"","background-media":"","overlay-type":"","overlay-color":"","overlay-opacity":"","overlay-gradient":""}},"_jetpack_memberships_contains_paid_content":false,"_joinchat":[],"footnotes":""},"categories":[15302,5,2],"tags":[],"class_list":["post-83205","post","type-post","status-publish","format-standard","has-post-thumbnail","hentry","category-destacado","category-sociedad","category-villa-maria"],"yoast_head":"<!-- This site is optimized with the Yoast SEO plugin v26.8 - https:\/\/yoast.com\/product\/yoast-seo-wordpress\/ -->\n<title>Villa Mar\u00eda celebra su 156\u00b0 aniversario con la presentaci\u00f3n de Jairo en el Teatro Verdi - El Regional<\/title>\n<meta name=\"robots\" content=\"index, follow, max-snippet:-1, max-image-preview:large, max-video-preview:-1\" \/>\n<link rel=\"canonical\" href=\"http:\/\/elregionalvm.com.ar\/noticias-villa-maria\/villa-maria-celebra-su-156-aniversario-con-la-presentacion-de-jairo-en-el-teatro-verdi\/\" \/>\n<meta property=\"og:locale\" content=\"es_ES\" \/>\n<meta property=\"og:type\" content=\"article\" \/>\n<meta property=\"og:title\" content=\"Villa Mar\u00eda celebra su 156\u00b0 aniversario con la presentaci\u00f3n de Jairo en el Teatro Verdi - El Regional\" \/>\n<meta property=\"og:description\" content=\"El intendente Mart\u00edn Gill, acompa\u00f1ado por el jefe de Gabinete, H\u00e9ctor Mu\u00f1oz, y el secretario de Educaci\u00f3n, Cultura y Promoci\u00f3n de la Ciencia, Rafael Sachetto, presentaron la agenda de eventos en el marco del 156\u00b0 aniversario de la ciudad, que incluye una serie de actividades culturales que se desarrollar\u00e1n desde hoy y hasta el 30 [&hellip;]\" \/>\n<meta property=\"og:url\" content=\"http:\/\/elregionalvm.com.ar\/noticias-villa-maria\/villa-maria-celebra-su-156-aniversario-con-la-presentacion-de-jairo-en-el-teatro-verdi\/\" \/>\n<meta property=\"og:site_name\" content=\"El Regional\" \/>\n<meta property=\"article:publisher\" content=\"https:\/\/www.facebook.com\/elregionalvm\" \/>\n<meta property=\"article:published_time\" content=\"2023-09-25T22:12:05+00:00\" \/>\n<meta property=\"article:modified_time\" content=\"2023-09-25T22:12:08+00:00\" \/>\n<meta property=\"og:image\" content=\"http:\/\/elregionalvm.com.ar\/noticias-villa-maria\/wp-content\/uploads\/2023\/09\/WhatsApp-Image-2023-09-25-at-14.01.08.jpeg\" \/>\n\t<meta property=\"og:image:width\" content=\"1599\" \/>\n\t<meta property=\"og:image:height\" content=\"1066\" \/>\n\t<meta property=\"og:image:type\" content=\"image\/jpeg\" \/>\n<meta name=\"author\" content=\"Contenidos El Regional\" \/>\n<meta name=\"twitter:card\" content=\"summary_large_image\" \/>\n<meta name=\"twitter:creator\" content=\"@elregionalvm1\" \/>\n<meta name=\"twitter:site\" content=\"@elregionalvm1\" \/>\n<meta name=\"twitter:label1\" content=\"Escrito por\" \/>\n\t<meta name=\"twitter:data1\" content=\"Contenidos El Regional\" \/>\n\t<meta name=\"twitter:label2\" content=\"Tiempo de lectura\" \/>\n\t<meta name=\"twitter:data2\" content=\"4 minutos\" \/>\n<script type=\"application\/ld+json\" class=\"yoast-schema-graph\">{\"@context\":\"https:\/\/schema.org\",\"@graph\":[{\"@type\":\"Article\",\"@id\":\"http:\/\/elregionalvm.com.ar\/noticias-villa-maria\/villa-maria-celebra-su-156-aniversario-con-la-presentacion-de-jairo-en-el-teatro-verdi\/#article\",\"isPartOf\":{\"@id\":\"http:\/\/elregionalvm.com.ar\/noticias-villa-maria\/villa-maria-celebra-su-156-aniversario-con-la-presentacion-de-jairo-en-el-teatro-verdi\/\"},\"author\":{\"name\":\"Contenidos El Regional\",\"@id\":\"http:\/\/elregionalvm.com.ar\/noticias-villa-maria\/#\/schema\/person\/a0fb9c422317faca23d50163151bc354\"},\"headline\":\"Villa Mar\u00eda celebra su 156\u00b0 aniversario con la presentaci\u00f3n de Jairo en el Teatro Verdi\",\"datePublished\":\"2023-09-25T22:12:05+00:00\",\"dateModified\":\"2023-09-25T22:12:08+00:00\",\"mainEntityOfPage\":{\"@id\":\"http:\/\/elregionalvm.com.ar\/noticias-villa-maria\/villa-maria-celebra-su-156-aniversario-con-la-presentacion-de-jairo-en-el-teatro-verdi\/\"},\"wordCount\":786,\"commentCount\":0,\"image\":{\"@id\":\"http:\/\/elregionalvm.com.ar\/noticias-villa-maria\/villa-maria-celebra-su-156-aniversario-con-la-presentacion-de-jairo-en-el-teatro-verdi\/#primaryimage\"},\"thumbnailUrl\":\"https:\/\/i0.wp.com\/elregionalvm.com.ar\/noticias-villa-maria\/wp-content\/uploads\/2023\/09\/WhatsApp-Image-2023-09-25-at-14.01.08.jpeg?fit=1599%2C1066&ssl=1\",\"articleSection\":[\"destacado\",\"Sociedad\",\"Villa Mar\u00eda\"],\"inLanguage\":\"es\",\"potentialAction\":[{\"@type\":\"CommentAction\",\"name\":\"Comment\",\"target\":[\"http:\/\/elregionalvm.com.ar\/noticias-villa-maria\/villa-maria-celebra-su-156-aniversario-con-la-presentacion-de-jairo-en-el-teatro-verdi\/#respond\"]}]},{\"@type\":\"WebPage\",\"@id\":\"http:\/\/elregionalvm.com.ar\/noticias-villa-maria\/villa-maria-celebra-su-156-aniversario-con-la-presentacion-de-jairo-en-el-teatro-verdi\/\",\"url\":\"http:\/\/elregionalvm.com.ar\/noticias-villa-maria\/villa-maria-celebra-su-156-aniversario-con-la-presentacion-de-jairo-en-el-teatro-verdi\/\",\"name\":\"Villa Mar\u00eda celebra su 156\u00b0 aniversario con la presentaci\u00f3n de Jairo en el Teatro Verdi - El Regional\",\"isPartOf\":{\"@id\":\"http:\/\/elregionalvm.com.ar\/noticias-villa-maria\/#website\"},\"primaryImageOfPage\":{\"@id\":\"http:\/\/elregionalvm.com.ar\/noticias-villa-maria\/villa-maria-celebra-su-156-aniversario-con-la-presentacion-de-jairo-en-el-teatro-verdi\/#primaryimage\"},\"image\":{\"@id\":\"http:\/\/elregionalvm.com.ar\/noticias-villa-maria\/villa-maria-celebra-su-156-aniversario-con-la-presentacion-de-jairo-en-el-teatro-verdi\/#primaryimage\"},\"thumbnailUrl\":\"https:\/\/i0.wp.com\/elregionalvm.com.ar\/noticias-villa-maria\/wp-content\/uploads\/2023\/09\/WhatsApp-Image-2023-09-25-at-14.01.08.jpeg?fit=1599%2C1066&ssl=1\",\"datePublished\":\"2023-09-25T22:12:05+00:00\",\"dateModified\":\"2023-09-25T22:12:08+00:00\",\"author\":{\"@id\":\"http:\/\/elregionalvm.com.ar\/noticias-villa-maria\/#\/schema\/person\/a0fb9c422317faca23d50163151bc354\"},\"breadcrumb\":{\"@id\":\"http:\/\/elregionalvm.com.ar\/noticias-villa-maria\/villa-maria-celebra-su-156-aniversario-con-la-presentacion-de-jairo-en-el-teatro-verdi\/#breadcrumb\"},\"inLanguage\":\"es\",\"potentialAction\":[{\"@type\":\"ReadAction\",\"target\":[\"http:\/\/elregionalvm.com.ar\/noticias-villa-maria\/villa-maria-celebra-su-156-aniversario-con-la-presentacion-de-jairo-en-el-teatro-verdi\/\"]}]},{\"@type\":\"ImageObject\",\"inLanguage\":\"es\",\"@id\":\"http:\/\/elregionalvm.com.ar\/noticias-villa-maria\/villa-maria-celebra-su-156-aniversario-con-la-presentacion-de-jairo-en-el-teatro-verdi\/#primaryimage\",\"url\":\"https:\/\/i0.wp.com\/elregionalvm.com.ar\/noticias-villa-maria\/wp-content\/uploads\/2023\/09\/WhatsApp-Image-2023-09-25-at-14.01.08.jpeg?fit=1599%2C1066&ssl=1\",\"contentUrl\":\"https:\/\/i0.wp.com\/elregionalvm.com.ar\/noticias-villa-maria\/wp-content\/uploads\/2023\/09\/WhatsApp-Image-2023-09-25-at-14.01.08.jpeg?fit=1599%2C1066&ssl=1\",\"width\":1599,\"height\":1066},{\"@type\":\"BreadcrumbList\",\"@id\":\"http:\/\/elregionalvm.com.ar\/noticias-villa-maria\/villa-maria-celebra-su-156-aniversario-con-la-presentacion-de-jairo-en-el-teatro-verdi\/#breadcrumb\",\"itemListElement\":[{\"@type\":\"ListItem\",\"position\":1,\"name\":\"Portada\",\"item\":\"https:\/\/elregionalvm.com.ar\/noticias-villa-maria\/\"},{\"@type\":\"ListItem\",\"position\":2,\"name\":\"Villa Mar\u00eda celebra su 156\u00b0 aniversario con la presentaci\u00f3n de Jairo en el Teatro Verdi\"}]},{\"@type\":\"WebSite\",\"@id\":\"http:\/\/elregionalvm.com.ar\/noticias-villa-maria\/#website\",\"url\":\"http:\/\/elregionalvm.com.ar\/noticias-villa-maria\/\",\"name\":\"El Regional\",\"description\":\"Mucho m\u00e1s que informaci\u00f3n\",\"potentialAction\":[{\"@type\":\"SearchAction\",\"target\":{\"@type\":\"EntryPoint\",\"urlTemplate\":\"http:\/\/elregionalvm.com.ar\/noticias-villa-maria\/?s={search_term_string}\"},\"query-input\":{\"@type\":\"PropertyValueSpecification\",\"valueRequired\":true,\"valueName\":\"search_term_string\"}}],\"inLanguage\":\"es\"},{\"@type\":\"Person\",\"@id\":\"http:\/\/elregionalvm.com.ar\/noticias-villa-maria\/#\/schema\/person\/a0fb9c422317faca23d50163151bc354\",\"name\":\"Contenidos El Regional\",\"image\":{\"@type\":\"ImageObject\",\"inLanguage\":\"es\",\"@id\":\"http:\/\/elregionalvm.com.ar\/noticias-villa-maria\/#\/schema\/person\/image\/\",\"url\":\"https:\/\/secure.gravatar.com\/avatar\/265b27cb2209af7bb3a1318f03305787d7981a5cc6e6cd08fe5a4ecdf99d4b48?s=96&d=mm&r=g\",\"contentUrl\":\"https:\/\/secure.gravatar.com\/avatar\/265b27cb2209af7bb3a1318f03305787d7981a5cc6e6cd08fe5a4ecdf99d4b48?s=96&d=mm&r=g\",\"caption\":\"Contenidos El Regional\"},\"url\":\"https:\/\/elregionalvm.com.ar\/noticias-villa-maria\/author\/contenido\/\"}]}<\/script>\n<!-- \/ Yoast SEO plugin. -->","yoast_head_json":{"title":"Villa Mar\u00eda celebra su 156\u00b0 aniversario con la presentaci\u00f3n de Jairo en el Teatro Verdi - El Regional","robots":{"index":"index","follow":"follow","max-snippet":"max-snippet:-1","max-image-preview":"max-image-preview:large","max-video-preview":"max-video-preview:-1"},"canonical":"http:\/\/elregionalvm.com.ar\/noticias-villa-maria\/villa-maria-celebra-su-156-aniversario-con-la-presentacion-de-jairo-en-el-teatro-verdi\/","og_locale":"es_ES","og_type":"article","og_title":"Villa Mar\u00eda celebra su 156\u00b0 aniversario con la presentaci\u00f3n de Jairo en el Teatro Verdi - El Regional","og_description":"El intendente Mart\u00edn Gill, acompa\u00f1ado por el jefe de Gabinete, H\u00e9ctor Mu\u00f1oz, y el secretario de Educaci\u00f3n, Cultura y Promoci\u00f3n de la Ciencia, Rafael Sachetto, presentaron la agenda de eventos en el marco del 156\u00b0 aniversario de la ciudad, que incluye una serie de actividades culturales que se desarrollar\u00e1n desde hoy y hasta el 30 [&hellip;]","og_url":"http:\/\/elregionalvm.com.ar\/noticias-villa-maria\/villa-maria-celebra-su-156-aniversario-con-la-presentacion-de-jairo-en-el-teatro-verdi\/","og_site_name":"El Regional","article_publisher":"https:\/\/www.facebook.com\/elregionalvm","article_published_time":"2023-09-25T22:12:05+00:00","article_modified_time":"2023-09-25T22:12:08+00:00","og_image":[{"width":1599,"height":1066,"url":"http:\/\/elregionalvm.com.ar\/noticias-villa-maria\/wp-content\/uploads\/2023\/09\/WhatsApp-Image-2023-09-25-at-14.01.08.jpeg","type":"image\/jpeg"}],"author":"Contenidos El Regional","twitter_card":"summary_large_image","twitter_creator":"@elregionalvm1","twitter_site":"@elregionalvm1","twitter_misc":{"Escrito por":"Contenidos El Regional","Tiempo de lectura":"4 minutos"},"schema":{"@context":"https:\/\/schema.org","@graph":[{"@type":"Article","@id":"http:\/\/elregionalvm.com.ar\/noticias-villa-maria\/villa-maria-celebra-su-156-aniversario-con-la-presentacion-de-jairo-en-el-teatro-verdi\/#article","isPartOf":{"@id":"http:\/\/elregionalvm.com.ar\/noticias-villa-maria\/villa-maria-celebra-su-156-aniversario-con-la-presentacion-de-jairo-en-el-teatro-verdi\/"},"author":{"name":"Contenidos El Regional","@id":"http:\/\/elregionalvm.com.ar\/noticias-villa-maria\/#\/schema\/person\/a0fb9c422317faca23d50163151bc354"},"headline":"Villa Mar\u00eda celebra su 156\u00b0 aniversario con la presentaci\u00f3n de Jairo en el Teatro Verdi","datePublished":"2023-09-25T22:12:05+00:00","dateModified":"2023-09-25T22:12:08+00:00","mainEntityOfPage":{"@id":"http:\/\/elregionalvm.com.ar\/noticias-villa-maria\/villa-maria-celebra-su-156-aniversario-con-la-presentacion-de-jairo-en-el-teatro-verdi\/"},"wordCount":786,"commentCount":0,"image":{"@id":"http:\/\/elregionalvm.com.ar\/noticias-villa-maria\/villa-maria-celebra-su-156-aniversario-con-la-presentacion-de-jairo-en-el-teatro-verdi\/#primaryimage"},"thumbnailUrl":"https:\/\/i0.wp.com\/elregionalvm.com.ar\/noticias-villa-maria\/wp-content\/uploads\/2023\/09\/WhatsApp-Image-2023-09-25-at-14.01.08.jpeg?fit=1599%2C1066&ssl=1","articleSection":["destacado","Sociedad","Villa Mar\u00eda"],"inLanguage":"es","potentialAction":[{"@type":"CommentAction","name":"Comment","target":["http:\/\/elregionalvm.com.ar\/noticias-villa-maria\/villa-maria-celebra-su-156-aniversario-con-la-presentacion-de-jairo-en-el-teatro-verdi\/#respond"]}]},{"@type":"WebPage","@id":"http:\/\/elregionalvm.com.ar\/noticias-villa-maria\/villa-maria-celebra-su-156-aniversario-con-la-presentacion-de-jairo-en-el-teatro-verdi\/","url":"http:\/\/elregionalvm.com.ar\/noticias-villa-maria\/villa-maria-celebra-su-156-aniversario-con-la-presentacion-de-jairo-en-el-teatro-verdi\/","name":"Villa Mar\u00eda celebra su 156\u00b0 aniversario con la presentaci\u00f3n de Jairo en el Teatro Verdi - El Regional","isPartOf":{"@id":"http:\/\/elregionalvm.com.ar\/noticias-villa-maria\/#website"},"primaryImageOfPage":{"@id":"http:\/\/elregionalvm.com.ar\/noticias-villa-maria\/villa-maria-celebra-su-156-aniversario-con-la-presentacion-de-jairo-en-el-teatro-verdi\/#primaryimage"},"image":{"@id":"http:\/\/elregionalvm.com.ar\/noticias-villa-maria\/villa-maria-celebra-su-156-aniversario-con-la-presentacion-de-jairo-en-el-teatro-verdi\/#primaryimage"},"thumbnailUrl":"https:\/\/i0.wp.com\/elregionalvm.com.ar\/noticias-villa-maria\/wp-content\/uploads\/2023\/09\/WhatsApp-Image-2023-09-25-at-14.01.08.jpeg?fit=1599%2C1066&ssl=1","datePublished":"2023-09-25T22:12:05+00:00","dateModified":"2023-09-25T22:12:08+00:00","author":{"@id":"http:\/\/elregionalvm.com.ar\/noticias-villa-maria\/#\/schema\/person\/a0fb9c422317faca23d50163151bc354"},"breadcrumb":{"@id":"http:\/\/elregionalvm.com.ar\/noticias-villa-maria\/villa-maria-celebra-su-156-aniversario-con-la-presentacion-de-jairo-en-el-teatro-verdi\/#breadcrumb"},"inLanguage":"es","potentialAction":[{"@type":"ReadAction","target":["http:\/\/elregionalvm.com.ar\/noticias-villa-maria\/villa-maria-celebra-su-156-aniversario-con-la-presentacion-de-jairo-en-el-teatro-verdi\/"]}]},{"@type":"ImageObject","inLanguage":"es","@id":"http:\/\/elregionalvm.com.ar\/noticias-villa-maria\/villa-maria-celebra-su-156-aniversario-con-la-presentacion-de-jairo-en-el-teatro-verdi\/#primaryimage","url":"https:\/\/i0.wp.com\/elregionalvm.com.ar\/noticias-villa-maria\/wp-content\/uploads\/2023\/09\/WhatsApp-Image-2023-09-25-at-14.01.08.jpeg?fit=1599%2C1066&ssl=1","contentUrl":"https:\/\/i0.wp.com\/elregionalvm.com.ar\/noticias-villa-maria\/wp-content\/uploads\/2023\/09\/WhatsApp-Image-2023-09-25-at-14.01.08.jpeg?fit=1599%2C1066&ssl=1","width":1599,"height":1066},{"@type":"BreadcrumbList","@id":"http:\/\/elregionalvm.com.ar\/noticias-villa-maria\/villa-maria-celebra-su-156-aniversario-con-la-presentacion-de-jairo-en-el-teatro-verdi\/#breadcrumb","itemListElement":[{"@type":"ListItem","position":1,"name":"Portada","item":"https:\/\/elregionalvm.com.ar\/noticias-villa-maria\/"},{"@type":"ListItem","position":2,"name":"Villa Mar\u00eda celebra su 156\u00b0 aniversario con la presentaci\u00f3n de Jairo en el Teatro Verdi"}]},{"@type":"WebSite","@id":"http:\/\/elregionalvm.com.ar\/noticias-villa-maria\/#website","url":"http:\/\/elregionalvm.com.ar\/noticias-villa-maria\/","name":"El Regional","description":"Mucho m\u00e1s que informaci\u00f3n","potentialAction":[{"@type":"SearchAction","target":{"@type":"EntryPoint","urlTemplate":"http:\/\/elregionalvm.com.ar\/noticias-villa-maria\/?s={search_term_string}"},"query-input":{"@type":"PropertyValueSpecification","valueRequired":true,"valueName":"search_term_string"}}],"inLanguage":"es"},{"@type":"Person","@id":"http:\/\/elregionalvm.com.ar\/noticias-villa-maria\/#\/schema\/person\/a0fb9c422317faca23d50163151bc354","name":"Contenidos El Regional","image":{"@type":"ImageObject","inLanguage":"es","@id":"http:\/\/elregionalvm.com.ar\/noticias-villa-maria\/#\/schema\/person\/image\/","url":"https:\/\/secure.gravatar.com\/avatar\/265b27cb2209af7bb3a1318f03305787d7981a5cc6e6cd08fe5a4ecdf99d4b48?s=96&d=mm&r=g","contentUrl":"https:\/\/secure.gravatar.com\/avatar\/265b27cb2209af7bb3a1318f03305787d7981a5cc6e6cd08fe5a4ecdf99d4b48?s=96&d=mm&r=g","caption":"Contenidos El Regional"},"url":"https:\/\/elregionalvm.com.ar\/noticias-villa-maria\/author\/contenido\/"}]}},"jetpack_featured_media_url":"https:\/\/i0.wp.com\/elregionalvm.com.ar\/noticias-villa-maria\/wp-content\/uploads\/2023\/09\/WhatsApp-Image-2023-09-25-at-14.01.08.jpeg?fit=1599%2C1066&ssl=1","jetpack_sharing_enabled":true,"_links":{"self":[{"href":"https:\/\/elregionalvm.com.ar\/noticias-villa-maria\/wp-json\/wp\/v2\/posts\/83205","targetHints":{"allow":["GET"]}}],"collection":[{"href":"https:\/\/elregionalvm.com.ar\/noticias-villa-maria\/wp-json\/wp\/v2\/posts"}],"about":[{"href":"https:\/\/elregionalvm.com.ar\/noticias-villa-maria\/wp-json\/wp\/v2\/types\/post"}],"author":[{"embeddable":true,"href":"https:\/\/elregionalvm.com.ar\/noticias-villa-maria\/wp-json\/wp\/v2\/users\/4"}],"replies":[{"embeddable":true,"href":"https:\/\/elregionalvm.com.ar\/noticias-villa-maria\/wp-json\/wp\/v2\/comments?post=83205"}],"version-history":[{"count":1,"href":"https:\/\/elregionalvm.com.ar\/noticias-villa-maria\/wp-json\/wp\/v2\/posts\/83205\/revisions"}],"predecessor-version":[{"id":83208,"href":"https:\/\/elregionalvm.com.ar\/noticias-villa-maria\/wp-json\/wp\/v2\/posts\/83205\/revisions\/83208"}],"wp:featuredmedia":[{"embeddable":true,"href":"https:\/\/elregionalvm.com.ar\/noticias-villa-maria\/wp-json\/wp\/v2\/media\/83206"}],"wp:attachment":[{"href":"https:\/\/elregionalvm.com.ar\/noticias-villa-maria\/wp-json\/wp\/v2\/media?parent=83205"}],"wp:term":[{"taxonomy":"category","embeddable":true,"href":"https:\/\/elregionalvm.com.ar\/noticias-villa-maria\/wp-json\/wp\/v2\/categories?post=83205"},{"taxonomy":"post_tag","embeddable":true,"href":"https:\/\/elregionalvm.com.ar\/noticias-villa-maria\/wp-json\/wp\/v2\/tags?post=83205"}],"curies":[{"name":"wp","href":"https:\/\/api.w.org\/{rel}","templated":true}]}}