{"id":83227,"date":"2023-09-25T22:46:53","date_gmt":"2023-09-25T22:46:53","guid":{"rendered":"https:\/\/elregionalvm.com.ar\/noticias-villa-maria\/?p=83227"},"modified":"2023-09-25T22:46:55","modified_gmt":"2023-09-25T22:46:55","slug":"congreso-de-administracion-y-ciencias-economicas-2023","status":"publish","type":"post","link":"https:\/\/elregionalvm.com.ar\/noticias-villa-maria\/congreso-de-administracion-y-ciencias-economicas-2023\/","title":{"rendered":"Congreso de Administraci\u00f3n y Ciencias Econ\u00f3micas 2023"},"content":{"rendered":"\n<h5 class=\"wp-block-heading\"><strong>Se realizar\u00e1 del 4 al 6 de octubre bajo el lema \u201cDemocracia y sustentabilidad. Nuevos paradigmas en la gesti\u00f3n\u201d.<\/strong><\/h5>\n\n\n\n<p>La Universidad Nacional de Villa Mar\u00eda (UNVM) ser\u00e1 sede de una nueva edici\u00f3n del&nbsp;<strong>Congreso de Administraci\u00f3n del Centro de la Rep\u00fablica<\/strong>, previsto para los d\u00edas 4, 5 y 6 de octubre con modalidad h\u00edbrida.<\/p>\n\n\n\n<p>Este encuentro acad\u00e9mico se desarrollar\u00e1 en simult\u00e1neo con el&nbsp;<strong>VIII Congreso de Ciencias Econ\u00f3micas del Centro de la Rep\u00fablica<\/strong>&nbsp;y el&nbsp;<strong>IX Encuentro Internacional de Administraci\u00f3n del Centro de la Rep\u00fablica<\/strong>.<\/p>\n\n\n\n<p>Bajo el lema<em>&nbsp;\u201cDemocracia y sustentabilidad. Nuevos paradigmas en la gesti\u00f3n\u201d<\/em>, el evento buscar\u00e1 generar espacios para debatir, comprender y proponer saberes y\/o pr\u00e1cticas desde las Ciencias Econ\u00f3micas en el escenario actual. Adem\u00e1s, permitir\u00e1 compartir investigaciones, experiencias en docencia, reflexiones, propuestas de investigaci\u00f3n y producciones acad\u00e9micas.<\/p>\n\n\n\n<p>Las actividades presenciales y virtuales estar\u00e1n orientadas a docentes de grado y posgrado; graduadas\/os; estudiantes de grado y posgrado; profesoras\/es de nivel Secundario; profesionales y representantes del sector empresarial; organizaciones sociales y p\u00fablico en general.<\/p>\n\n\n\n<p>Durante tres jornadas se suceder\u00e1n conferencias, paneles y ponencias que trabajar\u00e1n en torno a Administraci\u00f3n | Contabilidad | Econom\u00eda | Legislaci\u00f3n impositiva, laboral y seguridad social | Derecho en las Ciencias Econ\u00f3micas | Responsabilidad Social | Comercio Internacional | Desarrollo en las Econom\u00edas Regionales | Educaci\u00f3n en las Ciencias Econ\u00f3micas | Nuevas Tecnolog\u00edas aplicadas a la gesti\u00f3n e investigaci\u00f3n | Perspectivas metodol\u00f3gicas | Otras perspectivas.<\/p>\n\n\n\n<p>Las inscripciones permanecen abiertas hasta el d\u00eda de inicio del evento. Se entregar\u00e1n certificaciones.<\/p>\n\n\n\n<p>Para obtener mayor informaci\u00f3n, las personas interesadas deber\u00e1n enviar un mail a congresoce@sociales.unvm.edu.ar.<\/p>\n\n\n\n<p>Cabe precisar que este evento es organizado por el Instituto de Ciencias Sociales, a trav\u00e9s de su Escuela de Ciencias Econ\u00f3micas, y la Secretar\u00eda de Internacionalizaci\u00f3n de la UNVM.<\/p>\n\n\n\n<h5 class=\"wp-block-heading\"><a href=\"https:\/\/bit.ly\/inscripci%C3%B3nCE23\" target=\"_blank\" rel=\"noreferrer noopener\"><strong>&#x1f4bb; INSCRIPCIONES<\/strong><\/a><\/h5>\n\n\n\n<h5 class=\"wp-block-heading\"><a href=\"http:\/\/si.unvm.edu.ar\/wp-content\/uploads\/2023\/09\/Programa-Detalllado-14-09.pdf\" target=\"_blank\" rel=\"noreferrer noopener\"><strong>&#x1f5d3;&#xfe0f; PROGRAMA<\/strong><\/a><\/h5>\n","protected":false},"excerpt":{"rendered":"<p>Se realizar\u00e1 del 4 al 6 de octubre bajo el lema \u201cDemocracia y sustentabilidad. Nuevos paradigmas en la gesti\u00f3n\u201d. La Universidad Nacional de Villa Mar\u00eda (UNVM) ser\u00e1 sede de una nueva edici\u00f3n del&nbsp;Congreso de Administraci\u00f3n del Centro de la Rep\u00fablica, previsto para los d\u00edas 4, 5 y 6 de octubre con modalidad h\u00edbrida. Este encuentro [&hellip;]<\/p>\n","protected":false},"author":4,"featured_media":83228,"comment_status":"open","ping_status":"open","sticky":false,"template":"","format":"standard","meta":{"site-sidebar-layout":"default","site-content-layout":"","ast-site-content-layout":"default","site-content-style":"default","site-sidebar-style":"default","ast-global-header-display":"","ast-banner-title-visibility":"","ast-main-header-display":"","ast-hfb-above-header-display":"","ast-hfb-below-header-display":"","ast-hfb-mobile-header-display":"","site-post-title":"","ast-breadcrumbs-content":"","ast-featured-img":"","footer-sml-layout":"","ast-disable-related-posts":"","theme-transparent-header-meta":"","adv-header-id-meta":"","stick-header-meta":"","header-above-stick-meta":"","header-main-stick-meta":"","header-below-stick-meta":"","astra-migrate-meta-layouts":"set","ast-page-background-enabled":"default","ast-page-background-meta":{"desktop":{"background-color":"","background-image":"","background-repeat":"repeat","background-position":"center center","background-size":"auto","background-attachment":"scroll","background-type":"","background-media":"","overlay-type":"","overlay-color":"","overlay-opacity":"","overlay-gradient":""},"tablet":{"background-color":"","background-image":"","background-repeat":"repeat","background-position":"center center","background-size":"auto","background-attachment":"scroll","background-type":"","background-media":"","overlay-type":"","overlay-color":"","overlay-opacity":"","overlay-gradient":""},"mobile":{"background-color":"","background-image":"","background-repeat":"repeat","background-position":"center center","background-size":"auto","background-attachment":"scroll","background-type":"","background-media":"","overlay-type":"","overlay-color":"","overlay-opacity":"","overlay-gradient":""}},"ast-content-background-meta":{"desktop":{"background-color":"var(--ast-global-color-5)","background-image":"","background-repeat":"repeat","background-position":"center center","background-size":"auto","background-attachment":"scroll","background-type":"","background-media":"","overlay-type":"","overlay-color":"","overlay-opacity":"","overlay-gradient":""},"tablet":{"background-color":"var(--ast-global-color-5)","background-image":"","background-repeat":"repeat","background-position":"center center","background-size":"auto","background-attachment":"scroll","background-type":"","background-media":"","overlay-type":"","overlay-color":"","overlay-opacity":"","overlay-gradient":""},"mobile":{"background-color":"var(--ast-global-color-5)","background-image":"","background-repeat":"repeat","background-position":"center center","background-size":"auto","background-attachment":"scroll","background-type":"","background-media":"","overlay-type":"","overlay-color":"","overlay-opacity":"","overlay-gradient":""}},"_jetpack_memberships_contains_paid_content":false,"_joinchat":[],"footnotes":""},"categories":[5,2],"tags":[],"class_list":["post-83227","post","type-post","status-publish","format-standard","has-post-thumbnail","hentry","category-sociedad","category-villa-maria"],"yoast_head":"<!-- This site is optimized with the Yoast SEO plugin v26.8 - https:\/\/yoast.com\/product\/yoast-seo-wordpress\/ -->\n<title>Congreso de Administraci\u00f3n y Ciencias Econ\u00f3micas 2023 - El Regional<\/title>\n<meta name=\"robots\" content=\"index, follow, max-snippet:-1, max-image-preview:large, max-video-preview:-1\" \/>\n<link rel=\"canonical\" href=\"http:\/\/elregionalvm.com.ar\/noticias-villa-maria\/congreso-de-administracion-y-ciencias-economicas-2023\/\" \/>\n<meta property=\"og:locale\" content=\"es_ES\" \/>\n<meta property=\"og:type\" content=\"article\" \/>\n<meta property=\"og:title\" content=\"Congreso de Administraci\u00f3n y Ciencias Econ\u00f3micas 2023 - El Regional\" \/>\n<meta property=\"og:description\" content=\"Se realizar\u00e1 del 4 al 6 de octubre bajo el lema \u201cDemocracia y sustentabilidad. Nuevos paradigmas en la gesti\u00f3n\u201d. La Universidad Nacional de Villa Mar\u00eda (UNVM) ser\u00e1 sede de una nueva edici\u00f3n del&nbsp;Congreso de Administraci\u00f3n del Centro de la Rep\u00fablica, previsto para los d\u00edas 4, 5 y 6 de octubre con modalidad h\u00edbrida. Este encuentro [&hellip;]\" \/>\n<meta property=\"og:url\" content=\"http:\/\/elregionalvm.com.ar\/noticias-villa-maria\/congreso-de-administracion-y-ciencias-economicas-2023\/\" \/>\n<meta property=\"og:site_name\" content=\"El Regional\" \/>\n<meta property=\"article:publisher\" content=\"https:\/\/www.facebook.com\/elregionalvm\" \/>\n<meta property=\"article:published_time\" content=\"2023-09-25T22:46:53+00:00\" \/>\n<meta property=\"article:modified_time\" content=\"2023-09-25T22:46:55+00:00\" \/>\n<meta property=\"og:image\" content=\"http:\/\/elregionalvm.com.ar\/noticias-villa-maria\/wp-content\/uploads\/2023\/09\/congreso-ce-2023_edit.jpg\" \/>\n\t<meta property=\"og:image:width\" content=\"946\" \/>\n\t<meta property=\"og:image:height\" content=\"562\" \/>\n\t<meta property=\"og:image:type\" content=\"image\/jpeg\" \/>\n<meta name=\"author\" content=\"Contenidos El Regional\" \/>\n<meta name=\"twitter:card\" content=\"summary_large_image\" \/>\n<meta name=\"twitter:creator\" content=\"@elregionalvm1\" \/>\n<meta name=\"twitter:site\" content=\"@elregionalvm1\" \/>\n<meta name=\"twitter:label1\" content=\"Escrito por\" \/>\n\t<meta name=\"twitter:data1\" content=\"Contenidos El Regional\" \/>\n\t<meta name=\"twitter:label2\" content=\"Tiempo de lectura\" \/>\n\t<meta name=\"twitter:data2\" content=\"2 minutos\" \/>\n<script type=\"application\/ld+json\" class=\"yoast-schema-graph\">{\"@context\":\"https:\/\/schema.org\",\"@graph\":[{\"@type\":\"Article\",\"@id\":\"http:\/\/elregionalvm.com.ar\/noticias-villa-maria\/congreso-de-administracion-y-ciencias-economicas-2023\/#article\",\"isPartOf\":{\"@id\":\"http:\/\/elregionalvm.com.ar\/noticias-villa-maria\/congreso-de-administracion-y-ciencias-economicas-2023\/\"},\"author\":{\"name\":\"Contenidos El Regional\",\"@id\":\"http:\/\/elregionalvm.com.ar\/noticias-villa-maria\/#\/schema\/person\/a0fb9c422317faca23d50163151bc354\"},\"headline\":\"Congreso de Administraci\u00f3n y Ciencias Econ\u00f3micas 2023\",\"datePublished\":\"2023-09-25T22:46:53+00:00\",\"dateModified\":\"2023-09-25T22:46:55+00:00\",\"mainEntityOfPage\":{\"@id\":\"http:\/\/elregionalvm.com.ar\/noticias-villa-maria\/congreso-de-administracion-y-ciencias-economicas-2023\/\"},\"wordCount\":343,\"commentCount\":0,\"image\":{\"@id\":\"http:\/\/elregionalvm.com.ar\/noticias-villa-maria\/congreso-de-administracion-y-ciencias-economicas-2023\/#primaryimage\"},\"thumbnailUrl\":\"https:\/\/i0.wp.com\/elregionalvm.com.ar\/noticias-villa-maria\/wp-content\/uploads\/2023\/09\/congreso-ce-2023_edit.jpg?fit=946%2C562&ssl=1\",\"articleSection\":[\"Sociedad\",\"Villa Mar\u00eda\"],\"inLanguage\":\"es\",\"potentialAction\":[{\"@type\":\"CommentAction\",\"name\":\"Comment\",\"target\":[\"http:\/\/elregionalvm.com.ar\/noticias-villa-maria\/congreso-de-administracion-y-ciencias-economicas-2023\/#respond\"]}]},{\"@type\":\"WebPage\",\"@id\":\"http:\/\/elregionalvm.com.ar\/noticias-villa-maria\/congreso-de-administracion-y-ciencias-economicas-2023\/\",\"url\":\"http:\/\/elregionalvm.com.ar\/noticias-villa-maria\/congreso-de-administracion-y-ciencias-economicas-2023\/\",\"name\":\"Congreso de Administraci\u00f3n y Ciencias Econ\u00f3micas 2023 - El Regional\",\"isPartOf\":{\"@id\":\"http:\/\/elregionalvm.com.ar\/noticias-villa-maria\/#website\"},\"primaryImageOfPage\":{\"@id\":\"http:\/\/elregionalvm.com.ar\/noticias-villa-maria\/congreso-de-administracion-y-ciencias-economicas-2023\/#primaryimage\"},\"image\":{\"@id\":\"http:\/\/elregionalvm.com.ar\/noticias-villa-maria\/congreso-de-administracion-y-ciencias-economicas-2023\/#primaryimage\"},\"thumbnailUrl\":\"https:\/\/i0.wp.com\/elregionalvm.com.ar\/noticias-villa-maria\/wp-content\/uploads\/2023\/09\/congreso-ce-2023_edit.jpg?fit=946%2C562&ssl=1\",\"datePublished\":\"2023-09-25T22:46:53+00:00\",\"dateModified\":\"2023-09-25T22:46:55+00:00\",\"author\":{\"@id\":\"http:\/\/elregionalvm.com.ar\/noticias-villa-maria\/#\/schema\/person\/a0fb9c422317faca23d50163151bc354\"},\"breadcrumb\":{\"@id\":\"http:\/\/elregionalvm.com.ar\/noticias-villa-maria\/congreso-de-administracion-y-ciencias-economicas-2023\/#breadcrumb\"},\"inLanguage\":\"es\",\"potentialAction\":[{\"@type\":\"ReadAction\",\"target\":[\"http:\/\/elregionalvm.com.ar\/noticias-villa-maria\/congreso-de-administracion-y-ciencias-economicas-2023\/\"]}]},{\"@type\":\"ImageObject\",\"inLanguage\":\"es\",\"@id\":\"http:\/\/elregionalvm.com.ar\/noticias-villa-maria\/congreso-de-administracion-y-ciencias-economicas-2023\/#primaryimage\",\"url\":\"https:\/\/i0.wp.com\/elregionalvm.com.ar\/noticias-villa-maria\/wp-content\/uploads\/2023\/09\/congreso-ce-2023_edit.jpg?fit=946%2C562&ssl=1\",\"contentUrl\":\"https:\/\/i0.wp.com\/elregionalvm.com.ar\/noticias-villa-maria\/wp-content\/uploads\/2023\/09\/congreso-ce-2023_edit.jpg?fit=946%2C562&ssl=1\",\"width\":946,\"height\":562},{\"@type\":\"BreadcrumbList\",\"@id\":\"http:\/\/elregionalvm.com.ar\/noticias-villa-maria\/congreso-de-administracion-y-ciencias-economicas-2023\/#breadcrumb\",\"itemListElement\":[{\"@type\":\"ListItem\",\"position\":1,\"name\":\"Portada\",\"item\":\"https:\/\/elregionalvm.com.ar\/noticias-villa-maria\/\"},{\"@type\":\"ListItem\",\"position\":2,\"name\":\"Congreso de Administraci\u00f3n y Ciencias Econ\u00f3micas 2023\"}]},{\"@type\":\"WebSite\",\"@id\":\"http:\/\/elregionalvm.com.ar\/noticias-villa-maria\/#website\",\"url\":\"http:\/\/elregionalvm.com.ar\/noticias-villa-maria\/\",\"name\":\"El Regional\",\"description\":\"Mucho m\u00e1s que informaci\u00f3n\",\"potentialAction\":[{\"@type\":\"SearchAction\",\"target\":{\"@type\":\"EntryPoint\",\"urlTemplate\":\"http:\/\/elregionalvm.com.ar\/noticias-villa-maria\/?s={search_term_string}\"},\"query-input\":{\"@type\":\"PropertyValueSpecification\",\"valueRequired\":true,\"valueName\":\"search_term_string\"}}],\"inLanguage\":\"es\"},{\"@type\":\"Person\",\"@id\":\"http:\/\/elregionalvm.com.ar\/noticias-villa-maria\/#\/schema\/person\/a0fb9c422317faca23d50163151bc354\",\"name\":\"Contenidos El Regional\",\"image\":{\"@type\":\"ImageObject\",\"inLanguage\":\"es\",\"@id\":\"http:\/\/elregionalvm.com.ar\/noticias-villa-maria\/#\/schema\/person\/image\/\",\"url\":\"https:\/\/secure.gravatar.com\/avatar\/265b27cb2209af7bb3a1318f03305787d7981a5cc6e6cd08fe5a4ecdf99d4b48?s=96&d=mm&r=g\",\"contentUrl\":\"https:\/\/secure.gravatar.com\/avatar\/265b27cb2209af7bb3a1318f03305787d7981a5cc6e6cd08fe5a4ecdf99d4b48?s=96&d=mm&r=g\",\"caption\":\"Contenidos El Regional\"},\"url\":\"https:\/\/elregionalvm.com.ar\/noticias-villa-maria\/author\/contenido\/\"}]}<\/script>\n<!-- \/ Yoast SEO plugin. -->","yoast_head_json":{"title":"Congreso de Administraci\u00f3n y Ciencias Econ\u00f3micas 2023 - El Regional","robots":{"index":"index","follow":"follow","max-snippet":"max-snippet:-1","max-image-preview":"max-image-preview:large","max-video-preview":"max-video-preview:-1"},"canonical":"http:\/\/elregionalvm.com.ar\/noticias-villa-maria\/congreso-de-administracion-y-ciencias-economicas-2023\/","og_locale":"es_ES","og_type":"article","og_title":"Congreso de Administraci\u00f3n y Ciencias Econ\u00f3micas 2023 - El Regional","og_description":"Se realizar\u00e1 del 4 al 6 de octubre bajo el lema \u201cDemocracia y sustentabilidad. Nuevos paradigmas en la gesti\u00f3n\u201d. La Universidad Nacional de Villa Mar\u00eda (UNVM) ser\u00e1 sede de una nueva edici\u00f3n del&nbsp;Congreso de Administraci\u00f3n del Centro de la Rep\u00fablica, previsto para los d\u00edas 4, 5 y 6 de octubre con modalidad h\u00edbrida. Este encuentro [&hellip;]","og_url":"http:\/\/elregionalvm.com.ar\/noticias-villa-maria\/congreso-de-administracion-y-ciencias-economicas-2023\/","og_site_name":"El Regional","article_publisher":"https:\/\/www.facebook.com\/elregionalvm","article_published_time":"2023-09-25T22:46:53+00:00","article_modified_time":"2023-09-25T22:46:55+00:00","og_image":[{"width":946,"height":562,"url":"http:\/\/elregionalvm.com.ar\/noticias-villa-maria\/wp-content\/uploads\/2023\/09\/congreso-ce-2023_edit.jpg","type":"image\/jpeg"}],"author":"Contenidos El Regional","twitter_card":"summary_large_image","twitter_creator":"@elregionalvm1","twitter_site":"@elregionalvm1","twitter_misc":{"Escrito por":"Contenidos El Regional","Tiempo de lectura":"2 minutos"},"schema":{"@context":"https:\/\/schema.org","@graph":[{"@type":"Article","@id":"http:\/\/elregionalvm.com.ar\/noticias-villa-maria\/congreso-de-administracion-y-ciencias-economicas-2023\/#article","isPartOf":{"@id":"http:\/\/elregionalvm.com.ar\/noticias-villa-maria\/congreso-de-administracion-y-ciencias-economicas-2023\/"},"author":{"name":"Contenidos El Regional","@id":"http:\/\/elregionalvm.com.ar\/noticias-villa-maria\/#\/schema\/person\/a0fb9c422317faca23d50163151bc354"},"headline":"Congreso de Administraci\u00f3n y Ciencias Econ\u00f3micas 2023","datePublished":"2023-09-25T22:46:53+00:00","dateModified":"2023-09-25T22:46:55+00:00","mainEntityOfPage":{"@id":"http:\/\/elregionalvm.com.ar\/noticias-villa-maria\/congreso-de-administracion-y-ciencias-economicas-2023\/"},"wordCount":343,"commentCount":0,"image":{"@id":"http:\/\/elregionalvm.com.ar\/noticias-villa-maria\/congreso-de-administracion-y-ciencias-economicas-2023\/#primaryimage"},"thumbnailUrl":"https:\/\/i0.wp.com\/elregionalvm.com.ar\/noticias-villa-maria\/wp-content\/uploads\/2023\/09\/congreso-ce-2023_edit.jpg?fit=946%2C562&ssl=1","articleSection":["Sociedad","Villa Mar\u00eda"],"inLanguage":"es","potentialAction":[{"@type":"CommentAction","name":"Comment","target":["http:\/\/elregionalvm.com.ar\/noticias-villa-maria\/congreso-de-administracion-y-ciencias-economicas-2023\/#respond"]}]},{"@type":"WebPage","@id":"http:\/\/elregionalvm.com.ar\/noticias-villa-maria\/congreso-de-administracion-y-ciencias-economicas-2023\/","url":"http:\/\/elregionalvm.com.ar\/noticias-villa-maria\/congreso-de-administracion-y-ciencias-economicas-2023\/","name":"Congreso de Administraci\u00f3n y Ciencias Econ\u00f3micas 2023 - El Regional","isPartOf":{"@id":"http:\/\/elregionalvm.com.ar\/noticias-villa-maria\/#website"},"primaryImageOfPage":{"@id":"http:\/\/elregionalvm.com.ar\/noticias-villa-maria\/congreso-de-administracion-y-ciencias-economicas-2023\/#primaryimage"},"image":{"@id":"http:\/\/elregionalvm.com.ar\/noticias-villa-maria\/congreso-de-administracion-y-ciencias-economicas-2023\/#primaryimage"},"thumbnailUrl":"https:\/\/i0.wp.com\/elregionalvm.com.ar\/noticias-villa-maria\/wp-content\/uploads\/2023\/09\/congreso-ce-2023_edit.jpg?fit=946%2C562&ssl=1","datePublished":"2023-09-25T22:46:53+00:00","dateModified":"2023-09-25T22:46:55+00:00","author":{"@id":"http:\/\/elregionalvm.com.ar\/noticias-villa-maria\/#\/schema\/person\/a0fb9c422317faca23d50163151bc354"},"breadcrumb":{"@id":"http:\/\/elregionalvm.com.ar\/noticias-villa-maria\/congreso-de-administracion-y-ciencias-economicas-2023\/#breadcrumb"},"inLanguage":"es","potentialAction":[{"@type":"ReadAction","target":["http:\/\/elregionalvm.com.ar\/noticias-villa-maria\/congreso-de-administracion-y-ciencias-economicas-2023\/"]}]},{"@type":"ImageObject","inLanguage":"es","@id":"http:\/\/elregionalvm.com.ar\/noticias-villa-maria\/congreso-de-administracion-y-ciencias-economicas-2023\/#primaryimage","url":"https:\/\/i0.wp.com\/elregionalvm.com.ar\/noticias-villa-maria\/wp-content\/uploads\/2023\/09\/congreso-ce-2023_edit.jpg?fit=946%2C562&ssl=1","contentUrl":"https:\/\/i0.wp.com\/elregionalvm.com.ar\/noticias-villa-maria\/wp-content\/uploads\/2023\/09\/congreso-ce-2023_edit.jpg?fit=946%2C562&ssl=1","width":946,"height":562},{"@type":"BreadcrumbList","@id":"http:\/\/elregionalvm.com.ar\/noticias-villa-maria\/congreso-de-administracion-y-ciencias-economicas-2023\/#breadcrumb","itemListElement":[{"@type":"ListItem","position":1,"name":"Portada","item":"https:\/\/elregionalvm.com.ar\/noticias-villa-maria\/"},{"@type":"ListItem","position":2,"name":"Congreso de Administraci\u00f3n y Ciencias Econ\u00f3micas 2023"}]},{"@type":"WebSite","@id":"http:\/\/elregionalvm.com.ar\/noticias-villa-maria\/#website","url":"http:\/\/elregionalvm.com.ar\/noticias-villa-maria\/","name":"El Regional","description":"Mucho m\u00e1s que informaci\u00f3n","potentialAction":[{"@type":"SearchAction","target":{"@type":"EntryPoint","urlTemplate":"http:\/\/elregionalvm.com.ar\/noticias-villa-maria\/?s={search_term_string}"},"query-input":{"@type":"PropertyValueSpecification","valueRequired":true,"valueName":"search_term_string"}}],"inLanguage":"es"},{"@type":"Person","@id":"http:\/\/elregionalvm.com.ar\/noticias-villa-maria\/#\/schema\/person\/a0fb9c422317faca23d50163151bc354","name":"Contenidos El Regional","image":{"@type":"ImageObject","inLanguage":"es","@id":"http:\/\/elregionalvm.com.ar\/noticias-villa-maria\/#\/schema\/person\/image\/","url":"https:\/\/secure.gravatar.com\/avatar\/265b27cb2209af7bb3a1318f03305787d7981a5cc6e6cd08fe5a4ecdf99d4b48?s=96&d=mm&r=g","contentUrl":"https:\/\/secure.gravatar.com\/avatar\/265b27cb2209af7bb3a1318f03305787d7981a5cc6e6cd08fe5a4ecdf99d4b48?s=96&d=mm&r=g","caption":"Contenidos El Regional"},"url":"https:\/\/elregionalvm.com.ar\/noticias-villa-maria\/author\/contenido\/"}]}},"jetpack_featured_media_url":"https:\/\/i0.wp.com\/elregionalvm.com.ar\/noticias-villa-maria\/wp-content\/uploads\/2023\/09\/congreso-ce-2023_edit.jpg?fit=946%2C562&ssl=1","jetpack_sharing_enabled":true,"_links":{"self":[{"href":"https:\/\/elregionalvm.com.ar\/noticias-villa-maria\/wp-json\/wp\/v2\/posts\/83227","targetHints":{"allow":["GET"]}}],"collection":[{"href":"https:\/\/elregionalvm.com.ar\/noticias-villa-maria\/wp-json\/wp\/v2\/posts"}],"about":[{"href":"https:\/\/elregionalvm.com.ar\/noticias-villa-maria\/wp-json\/wp\/v2\/types\/post"}],"author":[{"embeddable":true,"href":"https:\/\/elregionalvm.com.ar\/noticias-villa-maria\/wp-json\/wp\/v2\/users\/4"}],"replies":[{"embeddable":true,"href":"https:\/\/elregionalvm.com.ar\/noticias-villa-maria\/wp-json\/wp\/v2\/comments?post=83227"}],"version-history":[{"count":1,"href":"https:\/\/elregionalvm.com.ar\/noticias-villa-maria\/wp-json\/wp\/v2\/posts\/83227\/revisions"}],"predecessor-version":[{"id":83229,"href":"https:\/\/elregionalvm.com.ar\/noticias-villa-maria\/wp-json\/wp\/v2\/posts\/83227\/revisions\/83229"}],"wp:featuredmedia":[{"embeddable":true,"href":"https:\/\/elregionalvm.com.ar\/noticias-villa-maria\/wp-json\/wp\/v2\/media\/83228"}],"wp:attachment":[{"href":"https:\/\/elregionalvm.com.ar\/noticias-villa-maria\/wp-json\/wp\/v2\/media?parent=83227"}],"wp:term":[{"taxonomy":"category","embeddable":true,"href":"https:\/\/elregionalvm.com.ar\/noticias-villa-maria\/wp-json\/wp\/v2\/categories?post=83227"},{"taxonomy":"post_tag","embeddable":true,"href":"https:\/\/elregionalvm.com.ar\/noticias-villa-maria\/wp-json\/wp\/v2\/tags?post=83227"}],"curies":[{"name":"wp","href":"https:\/\/api.w.org\/{rel}","templated":true}]}}