{"id":83259,"date":"2023-09-26T19:07:15","date_gmt":"2023-09-26T19:07:15","guid":{"rendered":"https:\/\/elregionalvm.com.ar\/noticias-villa-maria\/?p=83259"},"modified":"2023-09-26T20:54:51","modified_gmt":"2023-09-26T20:54:51","slug":"la-policia-detuvo-a-un-joven-que-robo-una-moto-en-el-centro-y-quiso-huir-en-la-madrugada","status":"publish","type":"post","link":"https:\/\/elregionalvm.com.ar\/noticias-villa-maria\/la-policia-detuvo-a-un-joven-que-robo-una-moto-en-el-centro-y-quiso-huir-en-la-madrugada\/","title":{"rendered":"La polic\u00eda detuvo a un joven que rob\u00f3 una moto en el centro y quiso huir en la madrugada"},"content":{"rendered":"\n<p>Siendo aproximadamente las 04:50 horas de la fecha, personal de la Patrulla Preventiva en calle Paraguay al 2200 procedi\u00f3 a la detenci\u00f3n de un joven de 19 a\u00f1os de edad por supuesto autor del delito de \u201cEncubrimiento\u201d.<\/p>\n\n\n\n<p> Ya que en momentos antes los funcionarios policiales tomaron conocimiento de la sustracci\u00f3n de una motocicleta que se encontraba en la v\u00eda p\u00fablica en calle Catamarca al 1300 de barrio Centro de esta ciudad, y de inmediato teniendo en cuenta las caracter\u00edsticas del rodado se implement\u00f3 un operativo cerrojo en los sectores cercanos.<\/p>\n\n\n\n<p> Lo que result\u00f3 seguidamente en la individualizaci\u00f3n de un sujeto que circulaba sobre una motocicleta que respond\u00eda a esas caracter\u00edsticas y que al procurar los uniformados su control e identificaci\u00f3n, \u00e9ste comenz\u00f3 la huida por diferentes arterias de la ciudad hasta que pudo ser interceptado en barrio Los Olmos, donde finalmente se concret\u00f3 la detenci\u00f3n y se procedi\u00f3 al secuestro de la motocicleta Keller de 110 c.c.<\/p>\n\n\n\n<p>Se labran actuaciones a disposici\u00f3n de la Fiscal\u00eda de Instrucci\u00f3n de Segundo Turno a cargo de la Dra. Juliana Companys, Sec. Dra. Florencia Bortolussi.<\/p>\n","protected":false},"excerpt":{"rendered":"<p>Siendo aproximadamente las 04:50 horas de la fecha, personal de la Patrulla Preventiva en calle Paraguay al 2200 procedi\u00f3 a la detenci\u00f3n de un joven de 19 a\u00f1os de edad por supuesto autor del delito de \u201cEncubrimiento\u201d. Ya que en momentos antes los funcionarios policiales tomaron conocimiento de la sustracci\u00f3n de una motocicleta que se [&hellip;]<\/p>\n","protected":false},"author":4,"featured_media":83260,"comment_status":"open","ping_status":"open","sticky":false,"template":"","format":"standard","meta":{"site-sidebar-layout":"default","site-content-layout":"","ast-site-content-layout":"default","site-content-style":"default","site-sidebar-style":"default","ast-global-header-display":"","ast-banner-title-visibility":"","ast-main-header-display":"","ast-hfb-above-header-display":"","ast-hfb-below-header-display":"","ast-hfb-mobile-header-display":"","site-post-title":"","ast-breadcrumbs-content":"","ast-featured-img":"","footer-sml-layout":"","ast-disable-related-posts":"","theme-transparent-header-meta":"","adv-header-id-meta":"","stick-header-meta":"","header-above-stick-meta":"","header-main-stick-meta":"","header-below-stick-meta":"","astra-migrate-meta-layouts":"set","ast-page-background-enabled":"default","ast-page-background-meta":{"desktop":{"background-color":"","background-image":"","background-repeat":"repeat","background-position":"center center","background-size":"auto","background-attachment":"scroll","background-type":"","background-media":"","overlay-type":"","overlay-color":"","overlay-opacity":"","overlay-gradient":""},"tablet":{"background-color":"","background-image":"","background-repeat":"repeat","background-position":"center center","background-size":"auto","background-attachment":"scroll","background-type":"","background-media":"","overlay-type":"","overlay-color":"","overlay-opacity":"","overlay-gradient":""},"mobile":{"background-color":"","background-image":"","background-repeat":"repeat","background-position":"center center","background-size":"auto","background-attachment":"scroll","background-type":"","background-media":"","overlay-type":"","overlay-color":"","overlay-opacity":"","overlay-gradient":""}},"ast-content-background-meta":{"desktop":{"background-color":"var(--ast-global-color-5)","background-image":"","background-repeat":"repeat","background-position":"center center","background-size":"auto","background-attachment":"scroll","background-type":"","background-media":"","overlay-type":"","overlay-color":"","overlay-opacity":"","overlay-gradient":""},"tablet":{"background-color":"var(--ast-global-color-5)","background-image":"","background-repeat":"repeat","background-position":"center center","background-size":"auto","background-attachment":"scroll","background-type":"","background-media":"","overlay-type":"","overlay-color":"","overlay-opacity":"","overlay-gradient":""},"mobile":{"background-color":"var(--ast-global-color-5)","background-image":"","background-repeat":"repeat","background-position":"center center","background-size":"auto","background-attachment":"scroll","background-type":"","background-media":"","overlay-type":"","overlay-color":"","overlay-opacity":"","overlay-gradient":""}},"_jetpack_memberships_contains_paid_content":false,"_joinchat":[],"footnotes":""},"categories":[15302,2234,5,2],"tags":[],"class_list":["post-83259","post","type-post","status-publish","format-standard","has-post-thumbnail","hentry","category-destacado","category-policiales","category-sociedad","category-villa-maria"],"yoast_head":"<!-- This site is optimized with the Yoast SEO plugin v26.8 - https:\/\/yoast.com\/product\/yoast-seo-wordpress\/ -->\n<title>La polic\u00eda detuvo a un joven que rob\u00f3 una moto en el centro y quiso huir en la madrugada - El Regional<\/title>\n<meta name=\"robots\" content=\"index, follow, max-snippet:-1, max-image-preview:large, max-video-preview:-1\" \/>\n<link rel=\"canonical\" href=\"http:\/\/elregionalvm.com.ar\/noticias-villa-maria\/la-policia-detuvo-a-un-joven-que-robo-una-moto-en-el-centro-y-quiso-huir-en-la-madrugada\/\" \/>\n<meta property=\"og:locale\" content=\"es_ES\" \/>\n<meta property=\"og:type\" content=\"article\" \/>\n<meta property=\"og:title\" content=\"La polic\u00eda detuvo a un joven que rob\u00f3 una moto en el centro y quiso huir en la madrugada - El Regional\" \/>\n<meta property=\"og:description\" content=\"Siendo aproximadamente las 04:50 horas de la fecha, personal de la Patrulla Preventiva en calle Paraguay al 2200 procedi\u00f3 a la detenci\u00f3n de un joven de 19 a\u00f1os de edad por supuesto autor del delito de \u201cEncubrimiento\u201d. Ya que en momentos antes los funcionarios policiales tomaron conocimiento de la sustracci\u00f3n de una motocicleta que se [&hellip;]\" \/>\n<meta property=\"og:url\" content=\"http:\/\/elregionalvm.com.ar\/noticias-villa-maria\/la-policia-detuvo-a-un-joven-que-robo-una-moto-en-el-centro-y-quiso-huir-en-la-madrugada\/\" \/>\n<meta property=\"og:site_name\" content=\"El Regional\" \/>\n<meta property=\"article:publisher\" content=\"https:\/\/www.facebook.com\/elregionalvm\" \/>\n<meta property=\"article:published_time\" content=\"2023-09-26T19:07:15+00:00\" \/>\n<meta property=\"article:modified_time\" content=\"2023-09-26T20:54:51+00:00\" \/>\n<meta property=\"og:image\" content=\"http:\/\/elregionalvm.com.ar\/noticias-villa-maria\/wp-content\/uploads\/2023\/09\/WhatsApp-Image-2023-09-26-at-11.13.22.jpeg\" \/>\n\t<meta property=\"og:image:width\" content=\"899\" \/>\n\t<meta property=\"og:image:height\" content=\"1599\" \/>\n\t<meta property=\"og:image:type\" content=\"image\/jpeg\" \/>\n<meta name=\"author\" content=\"Contenidos El Regional\" \/>\n<meta name=\"twitter:card\" content=\"summary_large_image\" \/>\n<meta name=\"twitter:creator\" content=\"@elregionalvm1\" \/>\n<meta name=\"twitter:site\" content=\"@elregionalvm1\" \/>\n<meta name=\"twitter:label1\" content=\"Escrito por\" \/>\n\t<meta name=\"twitter:data1\" content=\"Contenidos El Regional\" \/>\n\t<meta name=\"twitter:label2\" content=\"Tiempo de lectura\" \/>\n\t<meta name=\"twitter:data2\" content=\"1 minuto\" \/>\n<script type=\"application\/ld+json\" class=\"yoast-schema-graph\">{\"@context\":\"https:\/\/schema.org\",\"@graph\":[{\"@type\":\"Article\",\"@id\":\"http:\/\/elregionalvm.com.ar\/noticias-villa-maria\/la-policia-detuvo-a-un-joven-que-robo-una-moto-en-el-centro-y-quiso-huir-en-la-madrugada\/#article\",\"isPartOf\":{\"@id\":\"http:\/\/elregionalvm.com.ar\/noticias-villa-maria\/la-policia-detuvo-a-un-joven-que-robo-una-moto-en-el-centro-y-quiso-huir-en-la-madrugada\/\"},\"author\":{\"name\":\"Contenidos El Regional\",\"@id\":\"http:\/\/elregionalvm.com.ar\/noticias-villa-maria\/#\/schema\/person\/a0fb9c422317faca23d50163151bc354\"},\"headline\":\"La polic\u00eda detuvo a un joven que rob\u00f3 una moto en el centro y quiso huir en la madrugada\",\"datePublished\":\"2023-09-26T19:07:15+00:00\",\"dateModified\":\"2023-09-26T20:54:51+00:00\",\"mainEntityOfPage\":{\"@id\":\"http:\/\/elregionalvm.com.ar\/noticias-villa-maria\/la-policia-detuvo-a-un-joven-que-robo-una-moto-en-el-centro-y-quiso-huir-en-la-madrugada\/\"},\"wordCount\":211,\"commentCount\":0,\"image\":{\"@id\":\"http:\/\/elregionalvm.com.ar\/noticias-villa-maria\/la-policia-detuvo-a-un-joven-que-robo-una-moto-en-el-centro-y-quiso-huir-en-la-madrugada\/#primaryimage\"},\"thumbnailUrl\":\"https:\/\/i0.wp.com\/elregionalvm.com.ar\/noticias-villa-maria\/wp-content\/uploads\/2023\/09\/WhatsApp-Image-2023-09-26-at-11.13.22.jpeg?fit=899%2C1599&ssl=1\",\"articleSection\":[\"destacado\",\"Policiales\",\"Sociedad\",\"Villa Mar\u00eda\"],\"inLanguage\":\"es\",\"potentialAction\":[{\"@type\":\"CommentAction\",\"name\":\"Comment\",\"target\":[\"http:\/\/elregionalvm.com.ar\/noticias-villa-maria\/la-policia-detuvo-a-un-joven-que-robo-una-moto-en-el-centro-y-quiso-huir-en-la-madrugada\/#respond\"]}]},{\"@type\":\"WebPage\",\"@id\":\"http:\/\/elregionalvm.com.ar\/noticias-villa-maria\/la-policia-detuvo-a-un-joven-que-robo-una-moto-en-el-centro-y-quiso-huir-en-la-madrugada\/\",\"url\":\"http:\/\/elregionalvm.com.ar\/noticias-villa-maria\/la-policia-detuvo-a-un-joven-que-robo-una-moto-en-el-centro-y-quiso-huir-en-la-madrugada\/\",\"name\":\"La polic\u00eda detuvo a un joven que rob\u00f3 una moto en el centro y quiso huir en la madrugada - El Regional\",\"isPartOf\":{\"@id\":\"http:\/\/elregionalvm.com.ar\/noticias-villa-maria\/#website\"},\"primaryImageOfPage\":{\"@id\":\"http:\/\/elregionalvm.com.ar\/noticias-villa-maria\/la-policia-detuvo-a-un-joven-que-robo-una-moto-en-el-centro-y-quiso-huir-en-la-madrugada\/#primaryimage\"},\"image\":{\"@id\":\"http:\/\/elregionalvm.com.ar\/noticias-villa-maria\/la-policia-detuvo-a-un-joven-que-robo-una-moto-en-el-centro-y-quiso-huir-en-la-madrugada\/#primaryimage\"},\"thumbnailUrl\":\"https:\/\/i0.wp.com\/elregionalvm.com.ar\/noticias-villa-maria\/wp-content\/uploads\/2023\/09\/WhatsApp-Image-2023-09-26-at-11.13.22.jpeg?fit=899%2C1599&ssl=1\",\"datePublished\":\"2023-09-26T19:07:15+00:00\",\"dateModified\":\"2023-09-26T20:54:51+00:00\",\"author\":{\"@id\":\"http:\/\/elregionalvm.com.ar\/noticias-villa-maria\/#\/schema\/person\/a0fb9c422317faca23d50163151bc354\"},\"breadcrumb\":{\"@id\":\"http:\/\/elregionalvm.com.ar\/noticias-villa-maria\/la-policia-detuvo-a-un-joven-que-robo-una-moto-en-el-centro-y-quiso-huir-en-la-madrugada\/#breadcrumb\"},\"inLanguage\":\"es\",\"potentialAction\":[{\"@type\":\"ReadAction\",\"target\":[\"http:\/\/elregionalvm.com.ar\/noticias-villa-maria\/la-policia-detuvo-a-un-joven-que-robo-una-moto-en-el-centro-y-quiso-huir-en-la-madrugada\/\"]}]},{\"@type\":\"ImageObject\",\"inLanguage\":\"es\",\"@id\":\"http:\/\/elregionalvm.com.ar\/noticias-villa-maria\/la-policia-detuvo-a-un-joven-que-robo-una-moto-en-el-centro-y-quiso-huir-en-la-madrugada\/#primaryimage\",\"url\":\"https:\/\/i0.wp.com\/elregionalvm.com.ar\/noticias-villa-maria\/wp-content\/uploads\/2023\/09\/WhatsApp-Image-2023-09-26-at-11.13.22.jpeg?fit=899%2C1599&ssl=1\",\"contentUrl\":\"https:\/\/i0.wp.com\/elregionalvm.com.ar\/noticias-villa-maria\/wp-content\/uploads\/2023\/09\/WhatsApp-Image-2023-09-26-at-11.13.22.jpeg?fit=899%2C1599&ssl=1\",\"width\":899,\"height\":1599},{\"@type\":\"BreadcrumbList\",\"@id\":\"http:\/\/elregionalvm.com.ar\/noticias-villa-maria\/la-policia-detuvo-a-un-joven-que-robo-una-moto-en-el-centro-y-quiso-huir-en-la-madrugada\/#breadcrumb\",\"itemListElement\":[{\"@type\":\"ListItem\",\"position\":1,\"name\":\"Portada\",\"item\":\"https:\/\/elregionalvm.com.ar\/noticias-villa-maria\/\"},{\"@type\":\"ListItem\",\"position\":2,\"name\":\"La polic\u00eda detuvo a un joven que rob\u00f3 una moto en el centro y quiso huir en la madrugada\"}]},{\"@type\":\"WebSite\",\"@id\":\"http:\/\/elregionalvm.com.ar\/noticias-villa-maria\/#website\",\"url\":\"http:\/\/elregionalvm.com.ar\/noticias-villa-maria\/\",\"name\":\"El Regional\",\"description\":\"Mucho m\u00e1s que informaci\u00f3n\",\"potentialAction\":[{\"@type\":\"SearchAction\",\"target\":{\"@type\":\"EntryPoint\",\"urlTemplate\":\"http:\/\/elregionalvm.com.ar\/noticias-villa-maria\/?s={search_term_string}\"},\"query-input\":{\"@type\":\"PropertyValueSpecification\",\"valueRequired\":true,\"valueName\":\"search_term_string\"}}],\"inLanguage\":\"es\"},{\"@type\":\"Person\",\"@id\":\"http:\/\/elregionalvm.com.ar\/noticias-villa-maria\/#\/schema\/person\/a0fb9c422317faca23d50163151bc354\",\"name\":\"Contenidos El Regional\",\"image\":{\"@type\":\"ImageObject\",\"inLanguage\":\"es\",\"@id\":\"http:\/\/elregionalvm.com.ar\/noticias-villa-maria\/#\/schema\/person\/image\/\",\"url\":\"https:\/\/secure.gravatar.com\/avatar\/265b27cb2209af7bb3a1318f03305787d7981a5cc6e6cd08fe5a4ecdf99d4b48?s=96&d=mm&r=g\",\"contentUrl\":\"https:\/\/secure.gravatar.com\/avatar\/265b27cb2209af7bb3a1318f03305787d7981a5cc6e6cd08fe5a4ecdf99d4b48?s=96&d=mm&r=g\",\"caption\":\"Contenidos El Regional\"},\"url\":\"https:\/\/elregionalvm.com.ar\/noticias-villa-maria\/author\/contenido\/\"}]}<\/script>\n<!-- \/ Yoast SEO plugin. -->","yoast_head_json":{"title":"La polic\u00eda detuvo a un joven que rob\u00f3 una moto en el centro y quiso huir en la madrugada - El Regional","robots":{"index":"index","follow":"follow","max-snippet":"max-snippet:-1","max-image-preview":"max-image-preview:large","max-video-preview":"max-video-preview:-1"},"canonical":"http:\/\/elregionalvm.com.ar\/noticias-villa-maria\/la-policia-detuvo-a-un-joven-que-robo-una-moto-en-el-centro-y-quiso-huir-en-la-madrugada\/","og_locale":"es_ES","og_type":"article","og_title":"La polic\u00eda detuvo a un joven que rob\u00f3 una moto en el centro y quiso huir en la madrugada - El Regional","og_description":"Siendo aproximadamente las 04:50 horas de la fecha, personal de la Patrulla Preventiva en calle Paraguay al 2200 procedi\u00f3 a la detenci\u00f3n de un joven de 19 a\u00f1os de edad por supuesto autor del delito de \u201cEncubrimiento\u201d. Ya que en momentos antes los funcionarios policiales tomaron conocimiento de la sustracci\u00f3n de una motocicleta que se [&hellip;]","og_url":"http:\/\/elregionalvm.com.ar\/noticias-villa-maria\/la-policia-detuvo-a-un-joven-que-robo-una-moto-en-el-centro-y-quiso-huir-en-la-madrugada\/","og_site_name":"El Regional","article_publisher":"https:\/\/www.facebook.com\/elregionalvm","article_published_time":"2023-09-26T19:07:15+00:00","article_modified_time":"2023-09-26T20:54:51+00:00","og_image":[{"width":899,"height":1599,"url":"http:\/\/elregionalvm.com.ar\/noticias-villa-maria\/wp-content\/uploads\/2023\/09\/WhatsApp-Image-2023-09-26-at-11.13.22.jpeg","type":"image\/jpeg"}],"author":"Contenidos El Regional","twitter_card":"summary_large_image","twitter_creator":"@elregionalvm1","twitter_site":"@elregionalvm1","twitter_misc":{"Escrito por":"Contenidos El Regional","Tiempo de lectura":"1 minuto"},"schema":{"@context":"https:\/\/schema.org","@graph":[{"@type":"Article","@id":"http:\/\/elregionalvm.com.ar\/noticias-villa-maria\/la-policia-detuvo-a-un-joven-que-robo-una-moto-en-el-centro-y-quiso-huir-en-la-madrugada\/#article","isPartOf":{"@id":"http:\/\/elregionalvm.com.ar\/noticias-villa-maria\/la-policia-detuvo-a-un-joven-que-robo-una-moto-en-el-centro-y-quiso-huir-en-la-madrugada\/"},"author":{"name":"Contenidos El Regional","@id":"http:\/\/elregionalvm.com.ar\/noticias-villa-maria\/#\/schema\/person\/a0fb9c422317faca23d50163151bc354"},"headline":"La polic\u00eda detuvo a un joven que rob\u00f3 una moto en el centro y quiso huir en la madrugada","datePublished":"2023-09-26T19:07:15+00:00","dateModified":"2023-09-26T20:54:51+00:00","mainEntityOfPage":{"@id":"http:\/\/elregionalvm.com.ar\/noticias-villa-maria\/la-policia-detuvo-a-un-joven-que-robo-una-moto-en-el-centro-y-quiso-huir-en-la-madrugada\/"},"wordCount":211,"commentCount":0,"image":{"@id":"http:\/\/elregionalvm.com.ar\/noticias-villa-maria\/la-policia-detuvo-a-un-joven-que-robo-una-moto-en-el-centro-y-quiso-huir-en-la-madrugada\/#primaryimage"},"thumbnailUrl":"https:\/\/i0.wp.com\/elregionalvm.com.ar\/noticias-villa-maria\/wp-content\/uploads\/2023\/09\/WhatsApp-Image-2023-09-26-at-11.13.22.jpeg?fit=899%2C1599&ssl=1","articleSection":["destacado","Policiales","Sociedad","Villa Mar\u00eda"],"inLanguage":"es","potentialAction":[{"@type":"CommentAction","name":"Comment","target":["http:\/\/elregionalvm.com.ar\/noticias-villa-maria\/la-policia-detuvo-a-un-joven-que-robo-una-moto-en-el-centro-y-quiso-huir-en-la-madrugada\/#respond"]}]},{"@type":"WebPage","@id":"http:\/\/elregionalvm.com.ar\/noticias-villa-maria\/la-policia-detuvo-a-un-joven-que-robo-una-moto-en-el-centro-y-quiso-huir-en-la-madrugada\/","url":"http:\/\/elregionalvm.com.ar\/noticias-villa-maria\/la-policia-detuvo-a-un-joven-que-robo-una-moto-en-el-centro-y-quiso-huir-en-la-madrugada\/","name":"La polic\u00eda detuvo a un joven que rob\u00f3 una moto en el centro y quiso huir en la madrugada - El Regional","isPartOf":{"@id":"http:\/\/elregionalvm.com.ar\/noticias-villa-maria\/#website"},"primaryImageOfPage":{"@id":"http:\/\/elregionalvm.com.ar\/noticias-villa-maria\/la-policia-detuvo-a-un-joven-que-robo-una-moto-en-el-centro-y-quiso-huir-en-la-madrugada\/#primaryimage"},"image":{"@id":"http:\/\/elregionalvm.com.ar\/noticias-villa-maria\/la-policia-detuvo-a-un-joven-que-robo-una-moto-en-el-centro-y-quiso-huir-en-la-madrugada\/#primaryimage"},"thumbnailUrl":"https:\/\/i0.wp.com\/elregionalvm.com.ar\/noticias-villa-maria\/wp-content\/uploads\/2023\/09\/WhatsApp-Image-2023-09-26-at-11.13.22.jpeg?fit=899%2C1599&ssl=1","datePublished":"2023-09-26T19:07:15+00:00","dateModified":"2023-09-26T20:54:51+00:00","author":{"@id":"http:\/\/elregionalvm.com.ar\/noticias-villa-maria\/#\/schema\/person\/a0fb9c422317faca23d50163151bc354"},"breadcrumb":{"@id":"http:\/\/elregionalvm.com.ar\/noticias-villa-maria\/la-policia-detuvo-a-un-joven-que-robo-una-moto-en-el-centro-y-quiso-huir-en-la-madrugada\/#breadcrumb"},"inLanguage":"es","potentialAction":[{"@type":"ReadAction","target":["http:\/\/elregionalvm.com.ar\/noticias-villa-maria\/la-policia-detuvo-a-un-joven-que-robo-una-moto-en-el-centro-y-quiso-huir-en-la-madrugada\/"]}]},{"@type":"ImageObject","inLanguage":"es","@id":"http:\/\/elregionalvm.com.ar\/noticias-villa-maria\/la-policia-detuvo-a-un-joven-que-robo-una-moto-en-el-centro-y-quiso-huir-en-la-madrugada\/#primaryimage","url":"https:\/\/i0.wp.com\/elregionalvm.com.ar\/noticias-villa-maria\/wp-content\/uploads\/2023\/09\/WhatsApp-Image-2023-09-26-at-11.13.22.jpeg?fit=899%2C1599&ssl=1","contentUrl":"https:\/\/i0.wp.com\/elregionalvm.com.ar\/noticias-villa-maria\/wp-content\/uploads\/2023\/09\/WhatsApp-Image-2023-09-26-at-11.13.22.jpeg?fit=899%2C1599&ssl=1","width":899,"height":1599},{"@type":"BreadcrumbList","@id":"http:\/\/elregionalvm.com.ar\/noticias-villa-maria\/la-policia-detuvo-a-un-joven-que-robo-una-moto-en-el-centro-y-quiso-huir-en-la-madrugada\/#breadcrumb","itemListElement":[{"@type":"ListItem","position":1,"name":"Portada","item":"https:\/\/elregionalvm.com.ar\/noticias-villa-maria\/"},{"@type":"ListItem","position":2,"name":"La polic\u00eda detuvo a un joven que rob\u00f3 una moto en el centro y quiso huir en la madrugada"}]},{"@type":"WebSite","@id":"http:\/\/elregionalvm.com.ar\/noticias-villa-maria\/#website","url":"http:\/\/elregionalvm.com.ar\/noticias-villa-maria\/","name":"El Regional","description":"Mucho m\u00e1s que informaci\u00f3n","potentialAction":[{"@type":"SearchAction","target":{"@type":"EntryPoint","urlTemplate":"http:\/\/elregionalvm.com.ar\/noticias-villa-maria\/?s={search_term_string}"},"query-input":{"@type":"PropertyValueSpecification","valueRequired":true,"valueName":"search_term_string"}}],"inLanguage":"es"},{"@type":"Person","@id":"http:\/\/elregionalvm.com.ar\/noticias-villa-maria\/#\/schema\/person\/a0fb9c422317faca23d50163151bc354","name":"Contenidos El Regional","image":{"@type":"ImageObject","inLanguage":"es","@id":"http:\/\/elregionalvm.com.ar\/noticias-villa-maria\/#\/schema\/person\/image\/","url":"https:\/\/secure.gravatar.com\/avatar\/265b27cb2209af7bb3a1318f03305787d7981a5cc6e6cd08fe5a4ecdf99d4b48?s=96&d=mm&r=g","contentUrl":"https:\/\/secure.gravatar.com\/avatar\/265b27cb2209af7bb3a1318f03305787d7981a5cc6e6cd08fe5a4ecdf99d4b48?s=96&d=mm&r=g","caption":"Contenidos El Regional"},"url":"https:\/\/elregionalvm.com.ar\/noticias-villa-maria\/author\/contenido\/"}]}},"jetpack_featured_media_url":"https:\/\/i0.wp.com\/elregionalvm.com.ar\/noticias-villa-maria\/wp-content\/uploads\/2023\/09\/WhatsApp-Image-2023-09-26-at-11.13.22.jpeg?fit=899%2C1599&ssl=1","jetpack_sharing_enabled":true,"_links":{"self":[{"href":"https:\/\/elregionalvm.com.ar\/noticias-villa-maria\/wp-json\/wp\/v2\/posts\/83259","targetHints":{"allow":["GET"]}}],"collection":[{"href":"https:\/\/elregionalvm.com.ar\/noticias-villa-maria\/wp-json\/wp\/v2\/posts"}],"about":[{"href":"https:\/\/elregionalvm.com.ar\/noticias-villa-maria\/wp-json\/wp\/v2\/types\/post"}],"author":[{"embeddable":true,"href":"https:\/\/elregionalvm.com.ar\/noticias-villa-maria\/wp-json\/wp\/v2\/users\/4"}],"replies":[{"embeddable":true,"href":"https:\/\/elregionalvm.com.ar\/noticias-villa-maria\/wp-json\/wp\/v2\/comments?post=83259"}],"version-history":[{"count":2,"href":"https:\/\/elregionalvm.com.ar\/noticias-villa-maria\/wp-json\/wp\/v2\/posts\/83259\/revisions"}],"predecessor-version":[{"id":83305,"href":"https:\/\/elregionalvm.com.ar\/noticias-villa-maria\/wp-json\/wp\/v2\/posts\/83259\/revisions\/83305"}],"wp:featuredmedia":[{"embeddable":true,"href":"https:\/\/elregionalvm.com.ar\/noticias-villa-maria\/wp-json\/wp\/v2\/media\/83260"}],"wp:attachment":[{"href":"https:\/\/elregionalvm.com.ar\/noticias-villa-maria\/wp-json\/wp\/v2\/media?parent=83259"}],"wp:term":[{"taxonomy":"category","embeddable":true,"href":"https:\/\/elregionalvm.com.ar\/noticias-villa-maria\/wp-json\/wp\/v2\/categories?post=83259"},{"taxonomy":"post_tag","embeddable":true,"href":"https:\/\/elregionalvm.com.ar\/noticias-villa-maria\/wp-json\/wp\/v2\/tags?post=83259"}],"curies":[{"name":"wp","href":"https:\/\/api.w.org\/{rel}","templated":true}]}}