{"id":83262,"date":"2023-09-26T19:13:38","date_gmt":"2023-09-26T19:13:38","guid":{"rendered":"https:\/\/elregionalvm.com.ar\/noticias-villa-maria\/?p=83262"},"modified":"2023-09-26T19:13:40","modified_gmt":"2023-09-26T19:13:40","slug":"en-el-dia-mundial-del-corazon-se-realizara-una-gran-jornada-de-rcp-en-plaza-centenario","status":"publish","type":"post","link":"https:\/\/elregionalvm.com.ar\/noticias-villa-maria\/en-el-dia-mundial-del-corazon-se-realizara-una-gran-jornada-de-rcp-en-plaza-centenario\/","title":{"rendered":"En el D\u00eda Mundial del Coraz\u00f3n, se realizar\u00e1 una gran jornada de RCP en Plaza Centenario"},"content":{"rendered":"\n<p>En el marco del D\u00eda Mundial del Coraz\u00f3n, se pondr\u00e1 en marcha la iniciativa 24 horas de Reanimaci\u00f3n Cardiopulmonar (RCP) por un coraz\u00f3n sano. Las actividades, que tendr\u00e1n lugar en la Plaza Centenario, estar\u00e1n divididas en dos jornadas: el jueves 28 de septiembre, de 12:00 a 20:00 horas, y el viernes 29, de 7:00 a 12:00 horas. Entre las diversas propuestas, habr\u00e1 capacitaciones, postas de salud, consejer\u00eda y una caminata saludable.<\/p>\n\n\n\n<p>Se trata de una iniciativa del municipio, junto a la Federaci\u00f3n Argentina de Cardiolog\u00eda y a la Sociedad de Cardiolog\u00eda de Villa Mar\u00eda, que se brinda en el marco del D\u00eda Mundial del Coraz\u00f3n, a conmemorarse el 29 de septiembre, y del 156\u00b0 aniversario de la ciudad.<\/p>\n\n\n\n<p>Precisamente, la propuesta sigue las recomendaciones de la Organizaci\u00f3n Mundial de la Salud (OMS), y tiene por objetivo central capacitar sobre la t\u00e9cnica correcta de RCP, con un entrenamiento en el lugar con mu\u00f1ecos dise\u00f1ados para la tarea; promover h\u00e1bitos saludables e informar acerca de la importancia de prevenir ciertas acciones que derivan en enfermedades cardiovasculares, ya que este tipo de afecciones son la principal causa de muerte en el mundo.<\/p>\n\n\n\n<p>Concretamente, la propuesta de la Secretar\u00eda de Salud consiste en realizar RCP con mu\u00f1ecos de entrenamiento la mayor cantidad de horas consecutivas posibles. Es por esto que las y los interesados en participar del curso deber\u00e1n inscribirse previamente a trav\u00e9s del enlace: https:\/\/wk.ar\/9aO, ya que los cupos son limitados.<\/p>\n\n\n\n<p>Cada equipo contar\u00e1 con 12 personas por hora, con una intervenci\u00f3n de cinco minutos cada uno, a los fines de que todas y todos puedan capacitarse de forma eficiente y bajo la supervisi\u00f3n de los profesionales del Servicios de Emergencias Municipal 107.<\/p>\n\n\n\n<p>Adem\u00e1s, el equipo de la Secretar\u00eda de Salud, en conjunto con la Asociaci\u00f3n de Cardiolog\u00eda local, informar\u00e1n a los presentes sobre la magnitud de las enfermedades cardiovasculares, la importancia de su detecci\u00f3n temprana, como as\u00ed tambi\u00e9n la toma regular y correcta de la tensi\u00f3n arterial.<\/p>\n\n\n\n<p>Al mismo tiempo, se dispondr\u00e1n stands dirigidos a tratar diferentes tem\u00e1ticas. Entre ellas, habr\u00e1 charlas y consejer\u00eda sobre cesaci\u00f3n tab\u00e1quica, diabetes, vacunaci\u00f3n, nutrici\u00f3n y terapia ocupacional. Estas actividades complementarias no requieren inscripci\u00f3n previa.<\/p>\n","protected":false},"excerpt":{"rendered":"<p>En el marco del D\u00eda Mundial del Coraz\u00f3n, se pondr\u00e1 en marcha la iniciativa 24 horas de Reanimaci\u00f3n Cardiopulmonar (RCP) por un coraz\u00f3n sano. Las actividades, que tendr\u00e1n lugar en la Plaza Centenario, estar\u00e1n divididas en dos jornadas: el jueves 28 de septiembre, de 12:00 a 20:00 horas, y el viernes 29, de 7:00 a [&hellip;]<\/p>\n","protected":false},"author":4,"featured_media":83263,"comment_status":"open","ping_status":"open","sticky":false,"template":"","format":"standard","meta":{"site-sidebar-layout":"default","site-content-layout":"","ast-site-content-layout":"default","site-content-style":"default","site-sidebar-style":"default","ast-global-header-display":"","ast-banner-title-visibility":"","ast-main-header-display":"","ast-hfb-above-header-display":"","ast-hfb-below-header-display":"","ast-hfb-mobile-header-display":"","site-post-title":"","ast-breadcrumbs-content":"","ast-featured-img":"","footer-sml-layout":"","ast-disable-related-posts":"","theme-transparent-header-meta":"","adv-header-id-meta":"","stick-header-meta":"","header-above-stick-meta":"","header-main-stick-meta":"","header-below-stick-meta":"","astra-migrate-meta-layouts":"set","ast-page-background-enabled":"default","ast-page-background-meta":{"desktop":{"background-color":"","background-image":"","background-repeat":"repeat","background-position":"center center","background-size":"auto","background-attachment":"scroll","background-type":"","background-media":"","overlay-type":"","overlay-color":"","overlay-opacity":"","overlay-gradient":""},"tablet":{"background-color":"","background-image":"","background-repeat":"repeat","background-position":"center center","background-size":"auto","background-attachment":"scroll","background-type":"","background-media":"","overlay-type":"","overlay-color":"","overlay-opacity":"","overlay-gradient":""},"mobile":{"background-color":"","background-image":"","background-repeat":"repeat","background-position":"center center","background-size":"auto","background-attachment":"scroll","background-type":"","background-media":"","overlay-type":"","overlay-color":"","overlay-opacity":"","overlay-gradient":""}},"ast-content-background-meta":{"desktop":{"background-color":"var(--ast-global-color-5)","background-image":"","background-repeat":"repeat","background-position":"center center","background-size":"auto","background-attachment":"scroll","background-type":"","background-media":"","overlay-type":"","overlay-color":"","overlay-opacity":"","overlay-gradient":""},"tablet":{"background-color":"var(--ast-global-color-5)","background-image":"","background-repeat":"repeat","background-position":"center center","background-size":"auto","background-attachment":"scroll","background-type":"","background-media":"","overlay-type":"","overlay-color":"","overlay-opacity":"","overlay-gradient":""},"mobile":{"background-color":"var(--ast-global-color-5)","background-image":"","background-repeat":"repeat","background-position":"center center","background-size":"auto","background-attachment":"scroll","background-type":"","background-media":"","overlay-type":"","overlay-color":"","overlay-opacity":"","overlay-gradient":""}},"_jetpack_memberships_contains_paid_content":false,"_joinchat":[],"footnotes":""},"categories":[15302,5,2],"tags":[],"class_list":["post-83262","post","type-post","status-publish","format-standard","has-post-thumbnail","hentry","category-destacado","category-sociedad","category-villa-maria"],"yoast_head":"<!-- This site is optimized with the Yoast SEO plugin v26.8 - https:\/\/yoast.com\/product\/yoast-seo-wordpress\/ -->\n<title>En el D\u00eda Mundial del Coraz\u00f3n, se realizar\u00e1 una gran jornada de RCP en Plaza Centenario - El Regional<\/title>\n<meta name=\"robots\" content=\"index, follow, max-snippet:-1, max-image-preview:large, max-video-preview:-1\" \/>\n<link rel=\"canonical\" href=\"http:\/\/elregionalvm.com.ar\/noticias-villa-maria\/en-el-dia-mundial-del-corazon-se-realizara-una-gran-jornada-de-rcp-en-plaza-centenario\/\" \/>\n<meta property=\"og:locale\" content=\"es_ES\" \/>\n<meta property=\"og:type\" content=\"article\" \/>\n<meta property=\"og:title\" content=\"En el D\u00eda Mundial del Coraz\u00f3n, se realizar\u00e1 una gran jornada de RCP en Plaza Centenario - El Regional\" \/>\n<meta property=\"og:description\" content=\"En el marco del D\u00eda Mundial del Coraz\u00f3n, se pondr\u00e1 en marcha la iniciativa 24 horas de Reanimaci\u00f3n Cardiopulmonar (RCP) por un coraz\u00f3n sano. Las actividades, que tendr\u00e1n lugar en la Plaza Centenario, estar\u00e1n divididas en dos jornadas: el jueves 28 de septiembre, de 12:00 a 20:00 horas, y el viernes 29, de 7:00 a [&hellip;]\" \/>\n<meta property=\"og:url\" content=\"http:\/\/elregionalvm.com.ar\/noticias-villa-maria\/en-el-dia-mundial-del-corazon-se-realizara-una-gran-jornada-de-rcp-en-plaza-centenario\/\" \/>\n<meta property=\"og:site_name\" content=\"El Regional\" \/>\n<meta property=\"article:publisher\" content=\"https:\/\/www.facebook.com\/elregionalvm\" \/>\n<meta property=\"article:published_time\" content=\"2023-09-26T19:13:38+00:00\" \/>\n<meta property=\"article:modified_time\" content=\"2023-09-26T19:13:40+00:00\" \/>\n<meta property=\"og:image\" content=\"http:\/\/elregionalvm.com.ar\/noticias-villa-maria\/wp-content\/uploads\/2023\/09\/Dia-Mundial-del-Corazon.jpg\" \/>\n\t<meta property=\"og:image:width\" content=\"1200\" \/>\n\t<meta property=\"og:image:height\" content=\"800\" \/>\n\t<meta property=\"og:image:type\" content=\"image\/jpeg\" \/>\n<meta name=\"author\" content=\"Contenidos El Regional\" \/>\n<meta name=\"twitter:card\" content=\"summary_large_image\" \/>\n<meta name=\"twitter:creator\" content=\"@elregionalvm1\" \/>\n<meta name=\"twitter:site\" content=\"@elregionalvm1\" \/>\n<meta name=\"twitter:label1\" content=\"Escrito por\" \/>\n\t<meta name=\"twitter:data1\" content=\"Contenidos El Regional\" \/>\n\t<meta name=\"twitter:label2\" content=\"Tiempo de lectura\" \/>\n\t<meta name=\"twitter:data2\" content=\"2 minutos\" \/>\n<script type=\"application\/ld+json\" class=\"yoast-schema-graph\">{\"@context\":\"https:\/\/schema.org\",\"@graph\":[{\"@type\":\"Article\",\"@id\":\"http:\/\/elregionalvm.com.ar\/noticias-villa-maria\/en-el-dia-mundial-del-corazon-se-realizara-una-gran-jornada-de-rcp-en-plaza-centenario\/#article\",\"isPartOf\":{\"@id\":\"http:\/\/elregionalvm.com.ar\/noticias-villa-maria\/en-el-dia-mundial-del-corazon-se-realizara-una-gran-jornada-de-rcp-en-plaza-centenario\/\"},\"author\":{\"name\":\"Contenidos El Regional\",\"@id\":\"http:\/\/elregionalvm.com.ar\/noticias-villa-maria\/#\/schema\/person\/a0fb9c422317faca23d50163151bc354\"},\"headline\":\"En el D\u00eda Mundial del Coraz\u00f3n, se realizar\u00e1 una gran jornada de RCP en Plaza Centenario\",\"datePublished\":\"2023-09-26T19:13:38+00:00\",\"dateModified\":\"2023-09-26T19:13:40+00:00\",\"mainEntityOfPage\":{\"@id\":\"http:\/\/elregionalvm.com.ar\/noticias-villa-maria\/en-el-dia-mundial-del-corazon-se-realizara-una-gran-jornada-de-rcp-en-plaza-centenario\/\"},\"wordCount\":408,\"commentCount\":0,\"image\":{\"@id\":\"http:\/\/elregionalvm.com.ar\/noticias-villa-maria\/en-el-dia-mundial-del-corazon-se-realizara-una-gran-jornada-de-rcp-en-plaza-centenario\/#primaryimage\"},\"thumbnailUrl\":\"https:\/\/i0.wp.com\/elregionalvm.com.ar\/noticias-villa-maria\/wp-content\/uploads\/2023\/09\/Dia-Mundial-del-Corazon.jpg?fit=1200%2C800&ssl=1\",\"articleSection\":[\"destacado\",\"Sociedad\",\"Villa Mar\u00eda\"],\"inLanguage\":\"es\",\"potentialAction\":[{\"@type\":\"CommentAction\",\"name\":\"Comment\",\"target\":[\"http:\/\/elregionalvm.com.ar\/noticias-villa-maria\/en-el-dia-mundial-del-corazon-se-realizara-una-gran-jornada-de-rcp-en-plaza-centenario\/#respond\"]}]},{\"@type\":\"WebPage\",\"@id\":\"http:\/\/elregionalvm.com.ar\/noticias-villa-maria\/en-el-dia-mundial-del-corazon-se-realizara-una-gran-jornada-de-rcp-en-plaza-centenario\/\",\"url\":\"http:\/\/elregionalvm.com.ar\/noticias-villa-maria\/en-el-dia-mundial-del-corazon-se-realizara-una-gran-jornada-de-rcp-en-plaza-centenario\/\",\"name\":\"En el D\u00eda Mundial del Coraz\u00f3n, se realizar\u00e1 una gran jornada de RCP en Plaza Centenario - El Regional\",\"isPartOf\":{\"@id\":\"http:\/\/elregionalvm.com.ar\/noticias-villa-maria\/#website\"},\"primaryImageOfPage\":{\"@id\":\"http:\/\/elregionalvm.com.ar\/noticias-villa-maria\/en-el-dia-mundial-del-corazon-se-realizara-una-gran-jornada-de-rcp-en-plaza-centenario\/#primaryimage\"},\"image\":{\"@id\":\"http:\/\/elregionalvm.com.ar\/noticias-villa-maria\/en-el-dia-mundial-del-corazon-se-realizara-una-gran-jornada-de-rcp-en-plaza-centenario\/#primaryimage\"},\"thumbnailUrl\":\"https:\/\/i0.wp.com\/elregionalvm.com.ar\/noticias-villa-maria\/wp-content\/uploads\/2023\/09\/Dia-Mundial-del-Corazon.jpg?fit=1200%2C800&ssl=1\",\"datePublished\":\"2023-09-26T19:13:38+00:00\",\"dateModified\":\"2023-09-26T19:13:40+00:00\",\"author\":{\"@id\":\"http:\/\/elregionalvm.com.ar\/noticias-villa-maria\/#\/schema\/person\/a0fb9c422317faca23d50163151bc354\"},\"breadcrumb\":{\"@id\":\"http:\/\/elregionalvm.com.ar\/noticias-villa-maria\/en-el-dia-mundial-del-corazon-se-realizara-una-gran-jornada-de-rcp-en-plaza-centenario\/#breadcrumb\"},\"inLanguage\":\"es\",\"potentialAction\":[{\"@type\":\"ReadAction\",\"target\":[\"http:\/\/elregionalvm.com.ar\/noticias-villa-maria\/en-el-dia-mundial-del-corazon-se-realizara-una-gran-jornada-de-rcp-en-plaza-centenario\/\"]}]},{\"@type\":\"ImageObject\",\"inLanguage\":\"es\",\"@id\":\"http:\/\/elregionalvm.com.ar\/noticias-villa-maria\/en-el-dia-mundial-del-corazon-se-realizara-una-gran-jornada-de-rcp-en-plaza-centenario\/#primaryimage\",\"url\":\"https:\/\/i0.wp.com\/elregionalvm.com.ar\/noticias-villa-maria\/wp-content\/uploads\/2023\/09\/Dia-Mundial-del-Corazon.jpg?fit=1200%2C800&ssl=1\",\"contentUrl\":\"https:\/\/i0.wp.com\/elregionalvm.com.ar\/noticias-villa-maria\/wp-content\/uploads\/2023\/09\/Dia-Mundial-del-Corazon.jpg?fit=1200%2C800&ssl=1\",\"width\":1200,\"height\":800},{\"@type\":\"BreadcrumbList\",\"@id\":\"http:\/\/elregionalvm.com.ar\/noticias-villa-maria\/en-el-dia-mundial-del-corazon-se-realizara-una-gran-jornada-de-rcp-en-plaza-centenario\/#breadcrumb\",\"itemListElement\":[{\"@type\":\"ListItem\",\"position\":1,\"name\":\"Portada\",\"item\":\"https:\/\/elregionalvm.com.ar\/noticias-villa-maria\/\"},{\"@type\":\"ListItem\",\"position\":2,\"name\":\"En el D\u00eda Mundial del Coraz\u00f3n, se realizar\u00e1 una gran jornada de RCP en Plaza Centenario\"}]},{\"@type\":\"WebSite\",\"@id\":\"http:\/\/elregionalvm.com.ar\/noticias-villa-maria\/#website\",\"url\":\"http:\/\/elregionalvm.com.ar\/noticias-villa-maria\/\",\"name\":\"El Regional\",\"description\":\"Mucho m\u00e1s que informaci\u00f3n\",\"potentialAction\":[{\"@type\":\"SearchAction\",\"target\":{\"@type\":\"EntryPoint\",\"urlTemplate\":\"http:\/\/elregionalvm.com.ar\/noticias-villa-maria\/?s={search_term_string}\"},\"query-input\":{\"@type\":\"PropertyValueSpecification\",\"valueRequired\":true,\"valueName\":\"search_term_string\"}}],\"inLanguage\":\"es\"},{\"@type\":\"Person\",\"@id\":\"http:\/\/elregionalvm.com.ar\/noticias-villa-maria\/#\/schema\/person\/a0fb9c422317faca23d50163151bc354\",\"name\":\"Contenidos El Regional\",\"image\":{\"@type\":\"ImageObject\",\"inLanguage\":\"es\",\"@id\":\"http:\/\/elregionalvm.com.ar\/noticias-villa-maria\/#\/schema\/person\/image\/\",\"url\":\"https:\/\/secure.gravatar.com\/avatar\/265b27cb2209af7bb3a1318f03305787d7981a5cc6e6cd08fe5a4ecdf99d4b48?s=96&d=mm&r=g\",\"contentUrl\":\"https:\/\/secure.gravatar.com\/avatar\/265b27cb2209af7bb3a1318f03305787d7981a5cc6e6cd08fe5a4ecdf99d4b48?s=96&d=mm&r=g\",\"caption\":\"Contenidos El Regional\"},\"url\":\"https:\/\/elregionalvm.com.ar\/noticias-villa-maria\/author\/contenido\/\"}]}<\/script>\n<!-- \/ Yoast SEO plugin. -->","yoast_head_json":{"title":"En el D\u00eda Mundial del Coraz\u00f3n, se realizar\u00e1 una gran jornada de RCP en Plaza Centenario - El Regional","robots":{"index":"index","follow":"follow","max-snippet":"max-snippet:-1","max-image-preview":"max-image-preview:large","max-video-preview":"max-video-preview:-1"},"canonical":"http:\/\/elregionalvm.com.ar\/noticias-villa-maria\/en-el-dia-mundial-del-corazon-se-realizara-una-gran-jornada-de-rcp-en-plaza-centenario\/","og_locale":"es_ES","og_type":"article","og_title":"En el D\u00eda Mundial del Coraz\u00f3n, se realizar\u00e1 una gran jornada de RCP en Plaza Centenario - El Regional","og_description":"En el marco del D\u00eda Mundial del Coraz\u00f3n, se pondr\u00e1 en marcha la iniciativa 24 horas de Reanimaci\u00f3n Cardiopulmonar (RCP) por un coraz\u00f3n sano. Las actividades, que tendr\u00e1n lugar en la Plaza Centenario, estar\u00e1n divididas en dos jornadas: el jueves 28 de septiembre, de 12:00 a 20:00 horas, y el viernes 29, de 7:00 a [&hellip;]","og_url":"http:\/\/elregionalvm.com.ar\/noticias-villa-maria\/en-el-dia-mundial-del-corazon-se-realizara-una-gran-jornada-de-rcp-en-plaza-centenario\/","og_site_name":"El Regional","article_publisher":"https:\/\/www.facebook.com\/elregionalvm","article_published_time":"2023-09-26T19:13:38+00:00","article_modified_time":"2023-09-26T19:13:40+00:00","og_image":[{"width":1200,"height":800,"url":"http:\/\/elregionalvm.com.ar\/noticias-villa-maria\/wp-content\/uploads\/2023\/09\/Dia-Mundial-del-Corazon.jpg","type":"image\/jpeg"}],"author":"Contenidos El Regional","twitter_card":"summary_large_image","twitter_creator":"@elregionalvm1","twitter_site":"@elregionalvm1","twitter_misc":{"Escrito por":"Contenidos El Regional","Tiempo de lectura":"2 minutos"},"schema":{"@context":"https:\/\/schema.org","@graph":[{"@type":"Article","@id":"http:\/\/elregionalvm.com.ar\/noticias-villa-maria\/en-el-dia-mundial-del-corazon-se-realizara-una-gran-jornada-de-rcp-en-plaza-centenario\/#article","isPartOf":{"@id":"http:\/\/elregionalvm.com.ar\/noticias-villa-maria\/en-el-dia-mundial-del-corazon-se-realizara-una-gran-jornada-de-rcp-en-plaza-centenario\/"},"author":{"name":"Contenidos El Regional","@id":"http:\/\/elregionalvm.com.ar\/noticias-villa-maria\/#\/schema\/person\/a0fb9c422317faca23d50163151bc354"},"headline":"En el D\u00eda Mundial del Coraz\u00f3n, se realizar\u00e1 una gran jornada de RCP en Plaza Centenario","datePublished":"2023-09-26T19:13:38+00:00","dateModified":"2023-09-26T19:13:40+00:00","mainEntityOfPage":{"@id":"http:\/\/elregionalvm.com.ar\/noticias-villa-maria\/en-el-dia-mundial-del-corazon-se-realizara-una-gran-jornada-de-rcp-en-plaza-centenario\/"},"wordCount":408,"commentCount":0,"image":{"@id":"http:\/\/elregionalvm.com.ar\/noticias-villa-maria\/en-el-dia-mundial-del-corazon-se-realizara-una-gran-jornada-de-rcp-en-plaza-centenario\/#primaryimage"},"thumbnailUrl":"https:\/\/i0.wp.com\/elregionalvm.com.ar\/noticias-villa-maria\/wp-content\/uploads\/2023\/09\/Dia-Mundial-del-Corazon.jpg?fit=1200%2C800&ssl=1","articleSection":["destacado","Sociedad","Villa Mar\u00eda"],"inLanguage":"es","potentialAction":[{"@type":"CommentAction","name":"Comment","target":["http:\/\/elregionalvm.com.ar\/noticias-villa-maria\/en-el-dia-mundial-del-corazon-se-realizara-una-gran-jornada-de-rcp-en-plaza-centenario\/#respond"]}]},{"@type":"WebPage","@id":"http:\/\/elregionalvm.com.ar\/noticias-villa-maria\/en-el-dia-mundial-del-corazon-se-realizara-una-gran-jornada-de-rcp-en-plaza-centenario\/","url":"http:\/\/elregionalvm.com.ar\/noticias-villa-maria\/en-el-dia-mundial-del-corazon-se-realizara-una-gran-jornada-de-rcp-en-plaza-centenario\/","name":"En el D\u00eda Mundial del Coraz\u00f3n, se realizar\u00e1 una gran jornada de RCP en Plaza Centenario - El Regional","isPartOf":{"@id":"http:\/\/elregionalvm.com.ar\/noticias-villa-maria\/#website"},"primaryImageOfPage":{"@id":"http:\/\/elregionalvm.com.ar\/noticias-villa-maria\/en-el-dia-mundial-del-corazon-se-realizara-una-gran-jornada-de-rcp-en-plaza-centenario\/#primaryimage"},"image":{"@id":"http:\/\/elregionalvm.com.ar\/noticias-villa-maria\/en-el-dia-mundial-del-corazon-se-realizara-una-gran-jornada-de-rcp-en-plaza-centenario\/#primaryimage"},"thumbnailUrl":"https:\/\/i0.wp.com\/elregionalvm.com.ar\/noticias-villa-maria\/wp-content\/uploads\/2023\/09\/Dia-Mundial-del-Corazon.jpg?fit=1200%2C800&ssl=1","datePublished":"2023-09-26T19:13:38+00:00","dateModified":"2023-09-26T19:13:40+00:00","author":{"@id":"http:\/\/elregionalvm.com.ar\/noticias-villa-maria\/#\/schema\/person\/a0fb9c422317faca23d50163151bc354"},"breadcrumb":{"@id":"http:\/\/elregionalvm.com.ar\/noticias-villa-maria\/en-el-dia-mundial-del-corazon-se-realizara-una-gran-jornada-de-rcp-en-plaza-centenario\/#breadcrumb"},"inLanguage":"es","potentialAction":[{"@type":"ReadAction","target":["http:\/\/elregionalvm.com.ar\/noticias-villa-maria\/en-el-dia-mundial-del-corazon-se-realizara-una-gran-jornada-de-rcp-en-plaza-centenario\/"]}]},{"@type":"ImageObject","inLanguage":"es","@id":"http:\/\/elregionalvm.com.ar\/noticias-villa-maria\/en-el-dia-mundial-del-corazon-se-realizara-una-gran-jornada-de-rcp-en-plaza-centenario\/#primaryimage","url":"https:\/\/i0.wp.com\/elregionalvm.com.ar\/noticias-villa-maria\/wp-content\/uploads\/2023\/09\/Dia-Mundial-del-Corazon.jpg?fit=1200%2C800&ssl=1","contentUrl":"https:\/\/i0.wp.com\/elregionalvm.com.ar\/noticias-villa-maria\/wp-content\/uploads\/2023\/09\/Dia-Mundial-del-Corazon.jpg?fit=1200%2C800&ssl=1","width":1200,"height":800},{"@type":"BreadcrumbList","@id":"http:\/\/elregionalvm.com.ar\/noticias-villa-maria\/en-el-dia-mundial-del-corazon-se-realizara-una-gran-jornada-de-rcp-en-plaza-centenario\/#breadcrumb","itemListElement":[{"@type":"ListItem","position":1,"name":"Portada","item":"https:\/\/elregionalvm.com.ar\/noticias-villa-maria\/"},{"@type":"ListItem","position":2,"name":"En el D\u00eda Mundial del Coraz\u00f3n, se realizar\u00e1 una gran jornada de RCP en Plaza Centenario"}]},{"@type":"WebSite","@id":"http:\/\/elregionalvm.com.ar\/noticias-villa-maria\/#website","url":"http:\/\/elregionalvm.com.ar\/noticias-villa-maria\/","name":"El Regional","description":"Mucho m\u00e1s que informaci\u00f3n","potentialAction":[{"@type":"SearchAction","target":{"@type":"EntryPoint","urlTemplate":"http:\/\/elregionalvm.com.ar\/noticias-villa-maria\/?s={search_term_string}"},"query-input":{"@type":"PropertyValueSpecification","valueRequired":true,"valueName":"search_term_string"}}],"inLanguage":"es"},{"@type":"Person","@id":"http:\/\/elregionalvm.com.ar\/noticias-villa-maria\/#\/schema\/person\/a0fb9c422317faca23d50163151bc354","name":"Contenidos El Regional","image":{"@type":"ImageObject","inLanguage":"es","@id":"http:\/\/elregionalvm.com.ar\/noticias-villa-maria\/#\/schema\/person\/image\/","url":"https:\/\/secure.gravatar.com\/avatar\/265b27cb2209af7bb3a1318f03305787d7981a5cc6e6cd08fe5a4ecdf99d4b48?s=96&d=mm&r=g","contentUrl":"https:\/\/secure.gravatar.com\/avatar\/265b27cb2209af7bb3a1318f03305787d7981a5cc6e6cd08fe5a4ecdf99d4b48?s=96&d=mm&r=g","caption":"Contenidos El Regional"},"url":"https:\/\/elregionalvm.com.ar\/noticias-villa-maria\/author\/contenido\/"}]}},"jetpack_featured_media_url":"https:\/\/i0.wp.com\/elregionalvm.com.ar\/noticias-villa-maria\/wp-content\/uploads\/2023\/09\/Dia-Mundial-del-Corazon.jpg?fit=1200%2C800&ssl=1","jetpack_sharing_enabled":true,"_links":{"self":[{"href":"https:\/\/elregionalvm.com.ar\/noticias-villa-maria\/wp-json\/wp\/v2\/posts\/83262","targetHints":{"allow":["GET"]}}],"collection":[{"href":"https:\/\/elregionalvm.com.ar\/noticias-villa-maria\/wp-json\/wp\/v2\/posts"}],"about":[{"href":"https:\/\/elregionalvm.com.ar\/noticias-villa-maria\/wp-json\/wp\/v2\/types\/post"}],"author":[{"embeddable":true,"href":"https:\/\/elregionalvm.com.ar\/noticias-villa-maria\/wp-json\/wp\/v2\/users\/4"}],"replies":[{"embeddable":true,"href":"https:\/\/elregionalvm.com.ar\/noticias-villa-maria\/wp-json\/wp\/v2\/comments?post=83262"}],"version-history":[{"count":1,"href":"https:\/\/elregionalvm.com.ar\/noticias-villa-maria\/wp-json\/wp\/v2\/posts\/83262\/revisions"}],"predecessor-version":[{"id":83264,"href":"https:\/\/elregionalvm.com.ar\/noticias-villa-maria\/wp-json\/wp\/v2\/posts\/83262\/revisions\/83264"}],"wp:featuredmedia":[{"embeddable":true,"href":"https:\/\/elregionalvm.com.ar\/noticias-villa-maria\/wp-json\/wp\/v2\/media\/83263"}],"wp:attachment":[{"href":"https:\/\/elregionalvm.com.ar\/noticias-villa-maria\/wp-json\/wp\/v2\/media?parent=83262"}],"wp:term":[{"taxonomy":"category","embeddable":true,"href":"https:\/\/elregionalvm.com.ar\/noticias-villa-maria\/wp-json\/wp\/v2\/categories?post=83262"},{"taxonomy":"post_tag","embeddable":true,"href":"https:\/\/elregionalvm.com.ar\/noticias-villa-maria\/wp-json\/wp\/v2\/tags?post=83262"}],"curies":[{"name":"wp","href":"https:\/\/api.w.org\/{rel}","templated":true}]}}