{"id":83276,"date":"2023-09-26T19:38:02","date_gmt":"2023-09-26T19:38:02","guid":{"rendered":"https:\/\/elregionalvm.com.ar\/noticias-villa-maria\/?p=83276"},"modified":"2023-09-28T01:49:21","modified_gmt":"2023-09-28T01:49:21","slug":"comenzo-la-construccion-del-ecobarrio","status":"publish","type":"post","link":"https:\/\/elregionalvm.com.ar\/noticias-villa-maria\/comenzo-la-construccion-del-ecobarrio\/","title":{"rendered":"Comenz\u00f3 la construcci\u00f3n del Ecobarrio"},"content":{"rendered":"\n<p>El sector sur de la ciudad contin\u00faa creciendo de la mano de diversas obras de infraestructura comunitaria, entre las que se destaca la reciente puesta en marcha de 300 nuevas viviendas en barrio Las Playas. A d\u00edas de comenzar las labores, el intendente Mart\u00edn Gill supervis\u00f3 el inicio de la construcci\u00f3n del Ecobarrio de 23 hect\u00e1reas que brindar\u00e1 respuesta habitacional a vecinos y vecinas, en un trabajo articulado entre el municipio y el Gobierno nacional, a trav\u00e9s del Programa Casa Propia, Construir Futuro.<\/p>\n\n\n\n<p>En orden con lo previsto, las intervenciones dieron inicio primeramente en uno de los sectores, sobre calle Costa Rica, donde comienzan a erigirse 50 unidades habitacionales, a cargo de la firma Arias P\u00e9rez, adjudicataria de una de las licitaciones en que se dividi\u00f3 el plan. En tanto, en los pr\u00f3ximos d\u00edas se dar\u00e1 curso a las intervenciones de los dem\u00e1s lotes, cuyas labores fueron otorgadas a las firmas Darfer Construcciones y Roma Servicios Integrales S.A, tras resultar seleccionadas mediante el proceso licitatorio que llev\u00f3 adelante el Instituto Municipal de la Vivienda (IMV), con financiamiento del Ministerio de Desarrollo Territorial y H\u00e1bitat de la Naci\u00f3n.<\/p>\n\n\n\n<figure class=\"wp-block-image size-large\"><img data-recalc-dims=\"1\" fetchpriority=\"high\" decoding=\"async\" width=\"1024\" height=\"683\" src=\"https:\/\/i0.wp.com\/elregionalvm.com.ar\/noticias-villa-maria\/wp-content\/uploads\/2023\/09\/WhatsApp-Image-2023-09-26-at-13.32.40.jpeg?resize=1024%2C683&#038;ssl=1\" alt=\"\" class=\"wp-image-83278\" srcset=\"https:\/\/i0.wp.com\/elregionalvm.com.ar\/noticias-villa-maria\/wp-content\/uploads\/2023\/09\/WhatsApp-Image-2023-09-26-at-13.32.40.jpeg?resize=1024%2C683&amp;ssl=1 1024w, https:\/\/i0.wp.com\/elregionalvm.com.ar\/noticias-villa-maria\/wp-content\/uploads\/2023\/09\/WhatsApp-Image-2023-09-26-at-13.32.40.jpeg?resize=300%2C200&amp;ssl=1 300w, https:\/\/i0.wp.com\/elregionalvm.com.ar\/noticias-villa-maria\/wp-content\/uploads\/2023\/09\/WhatsApp-Image-2023-09-26-at-13.32.40.jpeg?resize=768%2C512&amp;ssl=1 768w, https:\/\/i0.wp.com\/elregionalvm.com.ar\/noticias-villa-maria\/wp-content\/uploads\/2023\/09\/WhatsApp-Image-2023-09-26-at-13.32.40.jpeg?resize=1536%2C1024&amp;ssl=1 1536w, https:\/\/i0.wp.com\/elregionalvm.com.ar\/noticias-villa-maria\/wp-content\/uploads\/2023\/09\/WhatsApp-Image-2023-09-26-at-13.32.40.jpeg?w=1599&amp;ssl=1 1599w\" sizes=\"(max-width: 1000px) 100vw, 1000px\" \/><\/figure>\n\n\n\n<p>Tras inspeccionar los avances que actualmente radican en la preparaci\u00f3n de bases y construcci\u00f3n de plateas, el jefe comunal se\u00f1al\u00f3: \u201cCon fuerte compromiso estamos trabajando para hacer realidad el sue\u00f1o del acceso al suelo a 300 familias de la ciudad\u201d. \u201cJunto al Ministerio de Desarrollo Territorial y H\u00e1bitat de la Naci\u00f3n, y tirando todos para el mismo lado, haremos posible que Villa Mar\u00eda tenga cada d\u00eda m\u00e1s oportunidades para todos\u201d, enfatiz\u00f3.<\/p>\n\n\n\n<p>En el lugar, el intendente tambi\u00e9n dialog\u00f3 con a trabajadores a cargo de la obra y repas\u00f3 el proyecto ejecutivo junto al presidente del IMV, Carlos Ram\u00edrez, y el equipo t\u00e9cnico abocado a la intervenci\u00f3n. En este marco, abordaron los lineamientos del modelo sustentable que, una vez erigido, buscar\u00e1 disminuir el consumo energ\u00e9tico, mediante la instalaci\u00f3n de termotanques y paneles solares, cubierta con aislaci\u00f3n de poliuretano, ventilaci\u00f3n cruzada, dise\u00f1o bioclim\u00e1tico en implantaci\u00f3n de suelo y muros verdes.<\/p>\n\n\n\n<p>As\u00ed, las edificaciones se realizar\u00e1n bajo un sistema constructivo tradicional que contempla la creaci\u00f3n de viviendas en tramo, en esquina y adaptadas. En detalle, alcanzar\u00e1n una superficie que ronda los 65 metros cuadrados, y contar\u00e1n con comedor, ba\u00f1o y dos dormitorios. Se trata de casas con techo a dos aguas y calef\u00f3n solar, cuyo dise\u00f1o prev\u00e9 ampliaciones para la construcci\u00f3n de cocheras y nuevos dormitorios.<\/p>\n\n\n\n<figure class=\"wp-block-image size-large\"><img data-recalc-dims=\"1\" decoding=\"async\" width=\"1024\" height=\"683\" src=\"https:\/\/i0.wp.com\/elregionalvm.com.ar\/noticias-villa-maria\/wp-content\/uploads\/2023\/09\/WhatsApp-Image-2023-09-26-at-13.32.40-1.jpeg?resize=1024%2C683&#038;ssl=1\" alt=\"\" class=\"wp-image-83279\" srcset=\"https:\/\/i0.wp.com\/elregionalvm.com.ar\/noticias-villa-maria\/wp-content\/uploads\/2023\/09\/WhatsApp-Image-2023-09-26-at-13.32.40-1.jpeg?resize=1024%2C683&amp;ssl=1 1024w, https:\/\/i0.wp.com\/elregionalvm.com.ar\/noticias-villa-maria\/wp-content\/uploads\/2023\/09\/WhatsApp-Image-2023-09-26-at-13.32.40-1.jpeg?resize=300%2C200&amp;ssl=1 300w, https:\/\/i0.wp.com\/elregionalvm.com.ar\/noticias-villa-maria\/wp-content\/uploads\/2023\/09\/WhatsApp-Image-2023-09-26-at-13.32.40-1.jpeg?resize=768%2C512&amp;ssl=1 768w, https:\/\/i0.wp.com\/elregionalvm.com.ar\/noticias-villa-maria\/wp-content\/uploads\/2023\/09\/WhatsApp-Image-2023-09-26-at-13.32.40-1.jpeg?resize=1536%2C1024&amp;ssl=1 1536w, https:\/\/i0.wp.com\/elregionalvm.com.ar\/noticias-villa-maria\/wp-content\/uploads\/2023\/09\/WhatsApp-Image-2023-09-26-at-13.32.40-1.jpeg?w=1599&amp;ssl=1 1599w\" sizes=\"(max-width: 1000px) 100vw, 1000px\" \/><\/figure>\n\n\n\n<p>Adem\u00e1s, el predio contar\u00e1 con un gran espacio verde de m\u00e1s de 10 hect\u00e1reas con equipamiento urbano que funcionar\u00e1 como un pulm\u00f3n verde del sector, con bosques y especies aut\u00f3ctonas. De esta manera, el proyecto no s\u00f3lo persigue mejorar la habitabilidad del \u00e1rea, sino tambi\u00e9n darle prioridad a la conservaci\u00f3n del bosque nativo existente.<\/p>\n\n\n\n<p>Es oportuno recordar que previamente, mediante la labor del municipio, se llevaron a cabo las obras necesarias en materia de infraestructura vial, de agua potable, desag\u00fces cloacales, red el\u00e9ctrica, de alumbrado p\u00fablico, cord\u00f3n cuneta y desag\u00fces pluviales, como as\u00ed tambi\u00e9n factibilidad para la ejecuci\u00f3n de tendido de provisi\u00f3n gas natural.<\/p>\n","protected":false},"excerpt":{"rendered":"<p>El sector sur de la ciudad contin\u00faa creciendo de la mano de diversas obras de infraestructura comunitaria, entre las que se destaca la reciente puesta en marcha de 300 nuevas viviendas en barrio Las Playas. A d\u00edas de comenzar las labores, el intendente Mart\u00edn Gill supervis\u00f3 el inicio de la construcci\u00f3n del Ecobarrio de 23 [&hellip;]<\/p>\n","protected":false},"author":4,"featured_media":83277,"comment_status":"open","ping_status":"open","sticky":false,"template":"","format":"standard","meta":{"site-sidebar-layout":"default","site-content-layout":"","ast-site-content-layout":"default","site-content-style":"default","site-sidebar-style":"default","ast-global-header-display":"","ast-banner-title-visibility":"","ast-main-header-display":"","ast-hfb-above-header-display":"","ast-hfb-below-header-display":"","ast-hfb-mobile-header-display":"","site-post-title":"","ast-breadcrumbs-content":"","ast-featured-img":"","footer-sml-layout":"","ast-disable-related-posts":"","theme-transparent-header-meta":"","adv-header-id-meta":"","stick-header-meta":"","header-above-stick-meta":"","header-main-stick-meta":"","header-below-stick-meta":"","astra-migrate-meta-layouts":"set","ast-page-background-enabled":"default","ast-page-background-meta":{"desktop":{"background-color":"","background-image":"","background-repeat":"repeat","background-position":"center center","background-size":"auto","background-attachment":"scroll","background-type":"","background-media":"","overlay-type":"","overlay-color":"","overlay-opacity":"","overlay-gradient":""},"tablet":{"background-color":"","background-image":"","background-repeat":"repeat","background-position":"center center","background-size":"auto","background-attachment":"scroll","background-type":"","background-media":"","overlay-type":"","overlay-color":"","overlay-opacity":"","overlay-gradient":""},"mobile":{"background-color":"","background-image":"","background-repeat":"repeat","background-position":"center center","background-size":"auto","background-attachment":"scroll","background-type":"","background-media":"","overlay-type":"","overlay-color":"","overlay-opacity":"","overlay-gradient":""}},"ast-content-background-meta":{"desktop":{"background-color":"var(--ast-global-color-5)","background-image":"","background-repeat":"repeat","background-position":"center center","background-size":"auto","background-attachment":"scroll","background-type":"","background-media":"","overlay-type":"","overlay-color":"","overlay-opacity":"","overlay-gradient":""},"tablet":{"background-color":"var(--ast-global-color-5)","background-image":"","background-repeat":"repeat","background-position":"center center","background-size":"auto","background-attachment":"scroll","background-type":"","background-media":"","overlay-type":"","overlay-color":"","overlay-opacity":"","overlay-gradient":""},"mobile":{"background-color":"var(--ast-global-color-5)","background-image":"","background-repeat":"repeat","background-position":"center center","background-size":"auto","background-attachment":"scroll","background-type":"","background-media":"","overlay-type":"","overlay-color":"","overlay-opacity":"","overlay-gradient":""}},"_jetpack_memberships_contains_paid_content":false,"_joinchat":[],"footnotes":""},"categories":[15302,5,2],"tags":[],"class_list":["post-83276","post","type-post","status-publish","format-standard","has-post-thumbnail","hentry","category-destacado","category-sociedad","category-villa-maria"],"yoast_head":"<!-- This site is optimized with the Yoast SEO plugin v26.8 - https:\/\/yoast.com\/product\/yoast-seo-wordpress\/ -->\n<title>Comenz\u00f3 la construcci\u00f3n del Ecobarrio - El Regional<\/title>\n<meta name=\"robots\" content=\"index, follow, max-snippet:-1, max-image-preview:large, max-video-preview:-1\" \/>\n<link rel=\"canonical\" href=\"http:\/\/elregionalvm.com.ar\/noticias-villa-maria\/comenzo-la-construccion-del-ecobarrio\/\" \/>\n<meta property=\"og:locale\" content=\"es_ES\" \/>\n<meta property=\"og:type\" content=\"article\" \/>\n<meta property=\"og:title\" content=\"Comenz\u00f3 la construcci\u00f3n del Ecobarrio - El Regional\" \/>\n<meta property=\"og:description\" content=\"El sector sur de la ciudad contin\u00faa creciendo de la mano de diversas obras de infraestructura comunitaria, entre las que se destaca la reciente puesta en marcha de 300 nuevas viviendas en barrio Las Playas. A d\u00edas de comenzar las labores, el intendente Mart\u00edn Gill supervis\u00f3 el inicio de la construcci\u00f3n del Ecobarrio de 23 [&hellip;]\" \/>\n<meta property=\"og:url\" content=\"http:\/\/elregionalvm.com.ar\/noticias-villa-maria\/comenzo-la-construccion-del-ecobarrio\/\" \/>\n<meta property=\"og:site_name\" content=\"El Regional\" \/>\n<meta property=\"article:publisher\" content=\"https:\/\/www.facebook.com\/elregionalvm\" \/>\n<meta property=\"article:published_time\" content=\"2023-09-26T19:38:02+00:00\" \/>\n<meta property=\"article:modified_time\" content=\"2023-09-28T01:49:21+00:00\" \/>\n<meta property=\"og:image\" content=\"http:\/\/elregionalvm.com.ar\/noticias-villa-maria\/wp-content\/uploads\/2023\/09\/WhatsApp-Image-2023-09-26-at-13.32.39.jpeg\" \/>\n\t<meta property=\"og:image:width\" content=\"1599\" \/>\n\t<meta property=\"og:image:height\" content=\"1066\" \/>\n\t<meta property=\"og:image:type\" content=\"image\/jpeg\" \/>\n<meta name=\"author\" content=\"Contenidos El Regional\" \/>\n<meta name=\"twitter:card\" content=\"summary_large_image\" \/>\n<meta name=\"twitter:creator\" content=\"@elregionalvm1\" \/>\n<meta name=\"twitter:site\" content=\"@elregionalvm1\" \/>\n<meta name=\"twitter:label1\" content=\"Escrito por\" \/>\n\t<meta name=\"twitter:data1\" content=\"Contenidos El Regional\" \/>\n\t<meta name=\"twitter:label2\" content=\"Tiempo de lectura\" \/>\n\t<meta name=\"twitter:data2\" content=\"3 minutos\" \/>\n<script type=\"application\/ld+json\" class=\"yoast-schema-graph\">{\"@context\":\"https:\/\/schema.org\",\"@graph\":[{\"@type\":\"Article\",\"@id\":\"http:\/\/elregionalvm.com.ar\/noticias-villa-maria\/comenzo-la-construccion-del-ecobarrio\/#article\",\"isPartOf\":{\"@id\":\"http:\/\/elregionalvm.com.ar\/noticias-villa-maria\/comenzo-la-construccion-del-ecobarrio\/\"},\"author\":{\"name\":\"Contenidos El Regional\",\"@id\":\"http:\/\/elregionalvm.com.ar\/noticias-villa-maria\/#\/schema\/person\/a0fb9c422317faca23d50163151bc354\"},\"headline\":\"Comenz\u00f3 la construcci\u00f3n del Ecobarrio\",\"datePublished\":\"2023-09-26T19:38:02+00:00\",\"dateModified\":\"2023-09-28T01:49:21+00:00\",\"mainEntityOfPage\":{\"@id\":\"http:\/\/elregionalvm.com.ar\/noticias-villa-maria\/comenzo-la-construccion-del-ecobarrio\/\"},\"wordCount\":561,\"commentCount\":0,\"image\":{\"@id\":\"http:\/\/elregionalvm.com.ar\/noticias-villa-maria\/comenzo-la-construccion-del-ecobarrio\/#primaryimage\"},\"thumbnailUrl\":\"https:\/\/i0.wp.com\/elregionalvm.com.ar\/noticias-villa-maria\/wp-content\/uploads\/2023\/09\/WhatsApp-Image-2023-09-26-at-13.32.39.jpeg?fit=1599%2C1066&ssl=1\",\"articleSection\":[\"destacado\",\"Sociedad\",\"Villa Mar\u00eda\"],\"inLanguage\":\"es\",\"potentialAction\":[{\"@type\":\"CommentAction\",\"name\":\"Comment\",\"target\":[\"http:\/\/elregionalvm.com.ar\/noticias-villa-maria\/comenzo-la-construccion-del-ecobarrio\/#respond\"]}]},{\"@type\":\"WebPage\",\"@id\":\"http:\/\/elregionalvm.com.ar\/noticias-villa-maria\/comenzo-la-construccion-del-ecobarrio\/\",\"url\":\"http:\/\/elregionalvm.com.ar\/noticias-villa-maria\/comenzo-la-construccion-del-ecobarrio\/\",\"name\":\"Comenz\u00f3 la construcci\u00f3n del Ecobarrio - El Regional\",\"isPartOf\":{\"@id\":\"http:\/\/elregionalvm.com.ar\/noticias-villa-maria\/#website\"},\"primaryImageOfPage\":{\"@id\":\"http:\/\/elregionalvm.com.ar\/noticias-villa-maria\/comenzo-la-construccion-del-ecobarrio\/#primaryimage\"},\"image\":{\"@id\":\"http:\/\/elregionalvm.com.ar\/noticias-villa-maria\/comenzo-la-construccion-del-ecobarrio\/#primaryimage\"},\"thumbnailUrl\":\"https:\/\/i0.wp.com\/elregionalvm.com.ar\/noticias-villa-maria\/wp-content\/uploads\/2023\/09\/WhatsApp-Image-2023-09-26-at-13.32.39.jpeg?fit=1599%2C1066&ssl=1\",\"datePublished\":\"2023-09-26T19:38:02+00:00\",\"dateModified\":\"2023-09-28T01:49:21+00:00\",\"author\":{\"@id\":\"http:\/\/elregionalvm.com.ar\/noticias-villa-maria\/#\/schema\/person\/a0fb9c422317faca23d50163151bc354\"},\"breadcrumb\":{\"@id\":\"http:\/\/elregionalvm.com.ar\/noticias-villa-maria\/comenzo-la-construccion-del-ecobarrio\/#breadcrumb\"},\"inLanguage\":\"es\",\"potentialAction\":[{\"@type\":\"ReadAction\",\"target\":[\"http:\/\/elregionalvm.com.ar\/noticias-villa-maria\/comenzo-la-construccion-del-ecobarrio\/\"]}]},{\"@type\":\"ImageObject\",\"inLanguage\":\"es\",\"@id\":\"http:\/\/elregionalvm.com.ar\/noticias-villa-maria\/comenzo-la-construccion-del-ecobarrio\/#primaryimage\",\"url\":\"https:\/\/i0.wp.com\/elregionalvm.com.ar\/noticias-villa-maria\/wp-content\/uploads\/2023\/09\/WhatsApp-Image-2023-09-26-at-13.32.39.jpeg?fit=1599%2C1066&ssl=1\",\"contentUrl\":\"https:\/\/i0.wp.com\/elregionalvm.com.ar\/noticias-villa-maria\/wp-content\/uploads\/2023\/09\/WhatsApp-Image-2023-09-26-at-13.32.39.jpeg?fit=1599%2C1066&ssl=1\",\"width\":1599,\"height\":1066},{\"@type\":\"BreadcrumbList\",\"@id\":\"http:\/\/elregionalvm.com.ar\/noticias-villa-maria\/comenzo-la-construccion-del-ecobarrio\/#breadcrumb\",\"itemListElement\":[{\"@type\":\"ListItem\",\"position\":1,\"name\":\"Portada\",\"item\":\"https:\/\/elregionalvm.com.ar\/noticias-villa-maria\/\"},{\"@type\":\"ListItem\",\"position\":2,\"name\":\"Comenz\u00f3 la construcci\u00f3n del Ecobarrio\"}]},{\"@type\":\"WebSite\",\"@id\":\"http:\/\/elregionalvm.com.ar\/noticias-villa-maria\/#website\",\"url\":\"http:\/\/elregionalvm.com.ar\/noticias-villa-maria\/\",\"name\":\"El Regional\",\"description\":\"Mucho m\u00e1s que informaci\u00f3n\",\"potentialAction\":[{\"@type\":\"SearchAction\",\"target\":{\"@type\":\"EntryPoint\",\"urlTemplate\":\"http:\/\/elregionalvm.com.ar\/noticias-villa-maria\/?s={search_term_string}\"},\"query-input\":{\"@type\":\"PropertyValueSpecification\",\"valueRequired\":true,\"valueName\":\"search_term_string\"}}],\"inLanguage\":\"es\"},{\"@type\":\"Person\",\"@id\":\"http:\/\/elregionalvm.com.ar\/noticias-villa-maria\/#\/schema\/person\/a0fb9c422317faca23d50163151bc354\",\"name\":\"Contenidos El Regional\",\"image\":{\"@type\":\"ImageObject\",\"inLanguage\":\"es\",\"@id\":\"http:\/\/elregionalvm.com.ar\/noticias-villa-maria\/#\/schema\/person\/image\/\",\"url\":\"https:\/\/secure.gravatar.com\/avatar\/265b27cb2209af7bb3a1318f03305787d7981a5cc6e6cd08fe5a4ecdf99d4b48?s=96&d=mm&r=g\",\"contentUrl\":\"https:\/\/secure.gravatar.com\/avatar\/265b27cb2209af7bb3a1318f03305787d7981a5cc6e6cd08fe5a4ecdf99d4b48?s=96&d=mm&r=g\",\"caption\":\"Contenidos El Regional\"},\"url\":\"https:\/\/elregionalvm.com.ar\/noticias-villa-maria\/author\/contenido\/\"}]}<\/script>\n<!-- \/ Yoast SEO plugin. -->","yoast_head_json":{"title":"Comenz\u00f3 la construcci\u00f3n del Ecobarrio - El Regional","robots":{"index":"index","follow":"follow","max-snippet":"max-snippet:-1","max-image-preview":"max-image-preview:large","max-video-preview":"max-video-preview:-1"},"canonical":"http:\/\/elregionalvm.com.ar\/noticias-villa-maria\/comenzo-la-construccion-del-ecobarrio\/","og_locale":"es_ES","og_type":"article","og_title":"Comenz\u00f3 la construcci\u00f3n del Ecobarrio - El Regional","og_description":"El sector sur de la ciudad contin\u00faa creciendo de la mano de diversas obras de infraestructura comunitaria, entre las que se destaca la reciente puesta en marcha de 300 nuevas viviendas en barrio Las Playas. A d\u00edas de comenzar las labores, el intendente Mart\u00edn Gill supervis\u00f3 el inicio de la construcci\u00f3n del Ecobarrio de 23 [&hellip;]","og_url":"http:\/\/elregionalvm.com.ar\/noticias-villa-maria\/comenzo-la-construccion-del-ecobarrio\/","og_site_name":"El Regional","article_publisher":"https:\/\/www.facebook.com\/elregionalvm","article_published_time":"2023-09-26T19:38:02+00:00","article_modified_time":"2023-09-28T01:49:21+00:00","og_image":[{"width":1599,"height":1066,"url":"http:\/\/elregionalvm.com.ar\/noticias-villa-maria\/wp-content\/uploads\/2023\/09\/WhatsApp-Image-2023-09-26-at-13.32.39.jpeg","type":"image\/jpeg"}],"author":"Contenidos El Regional","twitter_card":"summary_large_image","twitter_creator":"@elregionalvm1","twitter_site":"@elregionalvm1","twitter_misc":{"Escrito por":"Contenidos El Regional","Tiempo de lectura":"3 minutos"},"schema":{"@context":"https:\/\/schema.org","@graph":[{"@type":"Article","@id":"http:\/\/elregionalvm.com.ar\/noticias-villa-maria\/comenzo-la-construccion-del-ecobarrio\/#article","isPartOf":{"@id":"http:\/\/elregionalvm.com.ar\/noticias-villa-maria\/comenzo-la-construccion-del-ecobarrio\/"},"author":{"name":"Contenidos El Regional","@id":"http:\/\/elregionalvm.com.ar\/noticias-villa-maria\/#\/schema\/person\/a0fb9c422317faca23d50163151bc354"},"headline":"Comenz\u00f3 la construcci\u00f3n del Ecobarrio","datePublished":"2023-09-26T19:38:02+00:00","dateModified":"2023-09-28T01:49:21+00:00","mainEntityOfPage":{"@id":"http:\/\/elregionalvm.com.ar\/noticias-villa-maria\/comenzo-la-construccion-del-ecobarrio\/"},"wordCount":561,"commentCount":0,"image":{"@id":"http:\/\/elregionalvm.com.ar\/noticias-villa-maria\/comenzo-la-construccion-del-ecobarrio\/#primaryimage"},"thumbnailUrl":"https:\/\/i0.wp.com\/elregionalvm.com.ar\/noticias-villa-maria\/wp-content\/uploads\/2023\/09\/WhatsApp-Image-2023-09-26-at-13.32.39.jpeg?fit=1599%2C1066&ssl=1","articleSection":["destacado","Sociedad","Villa Mar\u00eda"],"inLanguage":"es","potentialAction":[{"@type":"CommentAction","name":"Comment","target":["http:\/\/elregionalvm.com.ar\/noticias-villa-maria\/comenzo-la-construccion-del-ecobarrio\/#respond"]}]},{"@type":"WebPage","@id":"http:\/\/elregionalvm.com.ar\/noticias-villa-maria\/comenzo-la-construccion-del-ecobarrio\/","url":"http:\/\/elregionalvm.com.ar\/noticias-villa-maria\/comenzo-la-construccion-del-ecobarrio\/","name":"Comenz\u00f3 la construcci\u00f3n del Ecobarrio - El Regional","isPartOf":{"@id":"http:\/\/elregionalvm.com.ar\/noticias-villa-maria\/#website"},"primaryImageOfPage":{"@id":"http:\/\/elregionalvm.com.ar\/noticias-villa-maria\/comenzo-la-construccion-del-ecobarrio\/#primaryimage"},"image":{"@id":"http:\/\/elregionalvm.com.ar\/noticias-villa-maria\/comenzo-la-construccion-del-ecobarrio\/#primaryimage"},"thumbnailUrl":"https:\/\/i0.wp.com\/elregionalvm.com.ar\/noticias-villa-maria\/wp-content\/uploads\/2023\/09\/WhatsApp-Image-2023-09-26-at-13.32.39.jpeg?fit=1599%2C1066&ssl=1","datePublished":"2023-09-26T19:38:02+00:00","dateModified":"2023-09-28T01:49:21+00:00","author":{"@id":"http:\/\/elregionalvm.com.ar\/noticias-villa-maria\/#\/schema\/person\/a0fb9c422317faca23d50163151bc354"},"breadcrumb":{"@id":"http:\/\/elregionalvm.com.ar\/noticias-villa-maria\/comenzo-la-construccion-del-ecobarrio\/#breadcrumb"},"inLanguage":"es","potentialAction":[{"@type":"ReadAction","target":["http:\/\/elregionalvm.com.ar\/noticias-villa-maria\/comenzo-la-construccion-del-ecobarrio\/"]}]},{"@type":"ImageObject","inLanguage":"es","@id":"http:\/\/elregionalvm.com.ar\/noticias-villa-maria\/comenzo-la-construccion-del-ecobarrio\/#primaryimage","url":"https:\/\/i0.wp.com\/elregionalvm.com.ar\/noticias-villa-maria\/wp-content\/uploads\/2023\/09\/WhatsApp-Image-2023-09-26-at-13.32.39.jpeg?fit=1599%2C1066&ssl=1","contentUrl":"https:\/\/i0.wp.com\/elregionalvm.com.ar\/noticias-villa-maria\/wp-content\/uploads\/2023\/09\/WhatsApp-Image-2023-09-26-at-13.32.39.jpeg?fit=1599%2C1066&ssl=1","width":1599,"height":1066},{"@type":"BreadcrumbList","@id":"http:\/\/elregionalvm.com.ar\/noticias-villa-maria\/comenzo-la-construccion-del-ecobarrio\/#breadcrumb","itemListElement":[{"@type":"ListItem","position":1,"name":"Portada","item":"https:\/\/elregionalvm.com.ar\/noticias-villa-maria\/"},{"@type":"ListItem","position":2,"name":"Comenz\u00f3 la construcci\u00f3n del Ecobarrio"}]},{"@type":"WebSite","@id":"http:\/\/elregionalvm.com.ar\/noticias-villa-maria\/#website","url":"http:\/\/elregionalvm.com.ar\/noticias-villa-maria\/","name":"El Regional","description":"Mucho m\u00e1s que informaci\u00f3n","potentialAction":[{"@type":"SearchAction","target":{"@type":"EntryPoint","urlTemplate":"http:\/\/elregionalvm.com.ar\/noticias-villa-maria\/?s={search_term_string}"},"query-input":{"@type":"PropertyValueSpecification","valueRequired":true,"valueName":"search_term_string"}}],"inLanguage":"es"},{"@type":"Person","@id":"http:\/\/elregionalvm.com.ar\/noticias-villa-maria\/#\/schema\/person\/a0fb9c422317faca23d50163151bc354","name":"Contenidos El Regional","image":{"@type":"ImageObject","inLanguage":"es","@id":"http:\/\/elregionalvm.com.ar\/noticias-villa-maria\/#\/schema\/person\/image\/","url":"https:\/\/secure.gravatar.com\/avatar\/265b27cb2209af7bb3a1318f03305787d7981a5cc6e6cd08fe5a4ecdf99d4b48?s=96&d=mm&r=g","contentUrl":"https:\/\/secure.gravatar.com\/avatar\/265b27cb2209af7bb3a1318f03305787d7981a5cc6e6cd08fe5a4ecdf99d4b48?s=96&d=mm&r=g","caption":"Contenidos El Regional"},"url":"https:\/\/elregionalvm.com.ar\/noticias-villa-maria\/author\/contenido\/"}]}},"jetpack_featured_media_url":"https:\/\/i0.wp.com\/elregionalvm.com.ar\/noticias-villa-maria\/wp-content\/uploads\/2023\/09\/WhatsApp-Image-2023-09-26-at-13.32.39.jpeg?fit=1599%2C1066&ssl=1","jetpack_sharing_enabled":true,"_links":{"self":[{"href":"https:\/\/elregionalvm.com.ar\/noticias-villa-maria\/wp-json\/wp\/v2\/posts\/83276","targetHints":{"allow":["GET"]}}],"collection":[{"href":"https:\/\/elregionalvm.com.ar\/noticias-villa-maria\/wp-json\/wp\/v2\/posts"}],"about":[{"href":"https:\/\/elregionalvm.com.ar\/noticias-villa-maria\/wp-json\/wp\/v2\/types\/post"}],"author":[{"embeddable":true,"href":"https:\/\/elregionalvm.com.ar\/noticias-villa-maria\/wp-json\/wp\/v2\/users\/4"}],"replies":[{"embeddable":true,"href":"https:\/\/elregionalvm.com.ar\/noticias-villa-maria\/wp-json\/wp\/v2\/comments?post=83276"}],"version-history":[{"count":1,"href":"https:\/\/elregionalvm.com.ar\/noticias-villa-maria\/wp-json\/wp\/v2\/posts\/83276\/revisions"}],"predecessor-version":[{"id":83280,"href":"https:\/\/elregionalvm.com.ar\/noticias-villa-maria\/wp-json\/wp\/v2\/posts\/83276\/revisions\/83280"}],"wp:featuredmedia":[{"embeddable":true,"href":"https:\/\/elregionalvm.com.ar\/noticias-villa-maria\/wp-json\/wp\/v2\/media\/83277"}],"wp:attachment":[{"href":"https:\/\/elregionalvm.com.ar\/noticias-villa-maria\/wp-json\/wp\/v2\/media?parent=83276"}],"wp:term":[{"taxonomy":"category","embeddable":true,"href":"https:\/\/elregionalvm.com.ar\/noticias-villa-maria\/wp-json\/wp\/v2\/categories?post=83276"},{"taxonomy":"post_tag","embeddable":true,"href":"https:\/\/elregionalvm.com.ar\/noticias-villa-maria\/wp-json\/wp\/v2\/tags?post=83276"}],"curies":[{"name":"wp","href":"https:\/\/api.w.org\/{rel}","templated":true}]}}