{"id":83281,"date":"2023-09-26T19:42:58","date_gmt":"2023-09-26T19:42:58","guid":{"rendered":"https:\/\/elregionalvm.com.ar\/noticias-villa-maria\/?p=83281"},"modified":"2023-09-26T19:43:00","modified_gmt":"2023-09-26T19:43:00","slug":"schiaretti-habilito-otro-tramo-de-la-autovia-ruta-5","status":"publish","type":"post","link":"https:\/\/elregionalvm.com.ar\/noticias-villa-maria\/schiaretti-habilito-otro-tramo-de-la-autovia-ruta-5\/","title":{"rendered":"Schiaretti habilit\u00f3 otro tramo de la autov\u00eda ruta 5"},"content":{"rendered":"\n<p>El gobernador de C\u00f3rdoba,&nbsp;<strong>Juan Schiaretti<\/strong>, habilit\u00f3 este martes un&nbsp;<strong>nuevo tramo de la obra de la autov\u00eda ruta 5<\/strong>&nbsp;que se est\u00e1 construyendo en el Valle de Paravachasca y que unir\u00e1 la ciudad de Alta Gracia con Villa Ciudad Am\u00e9rica.<\/p>\n\n\n\n<p>Se trata de&nbsp;<strong>dos kil\u00f3metros<\/strong>, comprendidos<strong>&nbsp;entre los kil\u00f3metros 48 y 50 de la traza actual de la ruta 5<\/strong>, que a partir de ahora tendr\u00e1n dos carriles por sentido de circulaci\u00f3n y separador central de hormig\u00f3n.<\/p>\n\n\n\n<p>Durante la recorrida, Schiaretti expres\u00f3:\u00a0<em>\u201cEsto le alivia la vida a quienes transitan por aqu\u00ed y les da m\u00e1s tranquilidad, seguridad y celeridad a quienes todos los d\u00edas deben ir desde esta zona a otros puntos. Y tambi\u00e9n beneficia a los turistas\u201d.<\/em><\/p>\n\n\n\n<figure class=\"wp-block-image size-full\"><img data-recalc-dims=\"1\" fetchpriority=\"high\" decoding=\"async\" width=\"993\" height=\"662\" src=\"https:\/\/i0.wp.com\/elregionalvm.com.ar\/noticias-villa-maria\/wp-content\/uploads\/2023\/09\/Tramo-Autovia-Ruta-5-7753-1.jpg?resize=993%2C662&#038;ssl=1\" alt=\"\" class=\"wp-image-83282\" srcset=\"https:\/\/i0.wp.com\/elregionalvm.com.ar\/noticias-villa-maria\/wp-content\/uploads\/2023\/09\/Tramo-Autovia-Ruta-5-7753-1.jpg?w=993&amp;ssl=1 993w, https:\/\/i0.wp.com\/elregionalvm.com.ar\/noticias-villa-maria\/wp-content\/uploads\/2023\/09\/Tramo-Autovia-Ruta-5-7753-1.jpg?resize=300%2C200&amp;ssl=1 300w, https:\/\/i0.wp.com\/elregionalvm.com.ar\/noticias-villa-maria\/wp-content\/uploads\/2023\/09\/Tramo-Autovia-Ruta-5-7753-1.jpg?resize=768%2C512&amp;ssl=1 768w\" sizes=\"(max-width: 993px) 100vw, 993px\" \/><\/figure>\n\n\n\n<p>En esta l\u00ednea, el gobernador se refiri\u00f3 al turismo como econom\u00eda regional:&nbsp;<em>\u201cEs una fuente de ingreso para nuestra provincia, que ocupa a 160 mil cordobeses. Y en C\u00f3rdoba queremos puestos de trabajo y obras de infraestructura como \u00e9sta, que generan m\u00e1s empleo, potencian las capacidades tur\u00edsticas y ponen en valor la belleza de nuestros valles\u201d.<\/em><\/p>\n\n\n\n<p>Con estos dos kil\u00f3metros,&nbsp;<strong>ya son siete kil\u00f3metros habilitados en total<\/strong>. Previamente, se hab\u00edan culminado cinco kil\u00f3metros en la zona comprendida entre el acceso a la localidad de La Serranita y la rotonda de acceso a Villa Ciudad Am\u00e9rica.<\/p>\n\n\n\n<p>El gobernador indic\u00f3 que&nbsp;<em>\u201cantes que finalice octubre estar\u00e1 totalmente lista la obra en el tramo Villa Ciudad de Am\u00e9rica \u2013 La Serranita, que es uno de los sectores de la ruta provincial 5 que tiene mayor cantidad de curvas\u201d.<\/em><\/p>\n\n\n\n<p>Agreg\u00f3, adem\u00e1s:\u00a0<em>\u201cEsperamos y confiamos en que antes que comience la temporada de verano, podamos habilitar totalmente la Autov\u00eda Ruta 5, y si no, una gran parte, porque si hay algo que tenemos que tener en claro, es que en C\u00f3rdoba, la obra no se para, sigue adelante\u201d.<\/em><\/p>\n\n\n\n<figure class=\"wp-block-image size-full\"><img data-recalc-dims=\"1\" decoding=\"async\" width=\"993\" height=\"662\" src=\"https:\/\/i0.wp.com\/elregionalvm.com.ar\/noticias-villa-maria\/wp-content\/uploads\/2023\/09\/Tramo-Autovia-Ruta-5-7774.jpg?resize=993%2C662&#038;ssl=1\" alt=\"\" class=\"wp-image-83283\" srcset=\"https:\/\/i0.wp.com\/elregionalvm.com.ar\/noticias-villa-maria\/wp-content\/uploads\/2023\/09\/Tramo-Autovia-Ruta-5-7774.jpg?w=993&amp;ssl=1 993w, https:\/\/i0.wp.com\/elregionalvm.com.ar\/noticias-villa-maria\/wp-content\/uploads\/2023\/09\/Tramo-Autovia-Ruta-5-7774.jpg?resize=300%2C200&amp;ssl=1 300w, https:\/\/i0.wp.com\/elregionalvm.com.ar\/noticias-villa-maria\/wp-content\/uploads\/2023\/09\/Tramo-Autovia-Ruta-5-7774.jpg?resize=768%2C512&amp;ssl=1 768w\" sizes=\"(max-width: 993px) 100vw, 993px\" \/><\/figure>\n\n\n\n<p>Carlos Guzm\u00e1n, presidente comunal de La Serranita, se mostr\u00f3 agradecido&nbsp;<em>\u201cpor una obra tan importante para nuestra regi\u00f3n donde la econom\u00eda, el turismo y el crecimiento poblaci\u00f3n va a ser lo que marque el hito de esta zona\u201d.<\/em><\/p>\n\n\n\n<p>En esta oportunidad, el gobernador estuvo acompa\u00f1ado por el ministro de Obras P\u00fablicas, Ricardo Sosa; el presidente de Caminos de las Sierras, Jorge \u00c1lves; e intendentes de localidades beneficiadas con la obra.<\/p>\n\n\n\n<p>La autov\u00eda ruta 5 tendr\u00e1 una&nbsp;<strong>extensi\u00f3n total de 27,8 kil\u00f3metros<\/strong>. La obra est\u00e1 a cargo de la empresa concesionaria de la Red de Accesos a C\u00f3rdoba (RAC), Caminos de las Sierras.<\/p>\n\n\n\n<p>La obra\u00a0<strong>es importante para los habitantes de Paravachasca y Calamuchita<\/strong>, debido al crecimiento demogr\u00e1fico exponencial de las localidades ubicadas en la zona y el tr\u00e1nsito que se genera, por lo que permitir\u00e1 agilizar la circulaci\u00f3n vehicular.<\/p>\n\n\n\n<p>Carlos Guzm\u00e1n, presidente comunal de La Serranita, se mostr\u00f3 agradecido&nbsp;<em>\u201cpor una obra tan importante para nuestra regi\u00f3n donde la econom\u00eda, el turismo y el crecimiento poblaci\u00f3n va a ser lo que marque el hito de esta zona\u201d.<\/em><\/p>\n\n\n\n<p>En esta oportunidad, el gobernador estuvo acompa\u00f1ado por el ministro de Obras P\u00fablicas, Ricardo Sosa; el presidente de Caminos de las Sierras, Jorge \u00c1lves; e intendentes de localidades beneficiadas con la obra.<\/p>\n\n\n\n<p>La autov\u00eda ruta 5 tendr\u00e1 una&nbsp;<strong>extensi\u00f3n total de 27,8 kil\u00f3metros<\/strong>. La obra est\u00e1 a cargo de la empresa concesionaria de la Red de Accesos a C\u00f3rdoba (RAC), Caminos de las Sierras.<\/p>\n\n\n\n<p>La obra&nbsp;<strong>es importante para los habitantes de Paravachasca y Calamuchita<\/strong>, debido al crecimiento demogr\u00e1fico exponencial de las localidades ubicadas en la zona y el tr\u00e1nsito que se genera, por lo que permitir\u00e1 agilizar la circulaci\u00f3n vehicular.<\/p>\n","protected":false},"excerpt":{"rendered":"<p>El gobernador de C\u00f3rdoba,&nbsp;Juan Schiaretti, habilit\u00f3 este martes un&nbsp;nuevo tramo de la obra de la autov\u00eda ruta 5&nbsp;que se est\u00e1 construyendo en el Valle de Paravachasca y que unir\u00e1 la ciudad de Alta Gracia con Villa Ciudad Am\u00e9rica. Se trata de&nbsp;dos kil\u00f3metros, comprendidos&nbsp;entre los kil\u00f3metros 48 y 50 de la traza actual de la ruta [&hellip;]<\/p>\n","protected":false},"author":4,"featured_media":83284,"comment_status":"open","ping_status":"open","sticky":false,"template":"","format":"standard","meta":{"site-sidebar-layout":"default","site-content-layout":"","ast-site-content-layout":"default","site-content-style":"default","site-sidebar-style":"default","ast-global-header-display":"","ast-banner-title-visibility":"","ast-main-header-display":"","ast-hfb-above-header-display":"","ast-hfb-below-header-display":"","ast-hfb-mobile-header-display":"","site-post-title":"","ast-breadcrumbs-content":"","ast-featured-img":"","footer-sml-layout":"","ast-disable-related-posts":"","theme-transparent-header-meta":"","adv-header-id-meta":"","stick-header-meta":"","header-above-stick-meta":"","header-main-stick-meta":"","header-below-stick-meta":"","astra-migrate-meta-layouts":"set","ast-page-background-enabled":"default","ast-page-background-meta":{"desktop":{"background-color":"","background-image":"","background-repeat":"repeat","background-position":"center center","background-size":"auto","background-attachment":"scroll","background-type":"","background-media":"","overlay-type":"","overlay-color":"","overlay-opacity":"","overlay-gradient":""},"tablet":{"background-color":"","background-image":"","background-repeat":"repeat","background-position":"center center","background-size":"auto","background-attachment":"scroll","background-type":"","background-media":"","overlay-type":"","overlay-color":"","overlay-opacity":"","overlay-gradient":""},"mobile":{"background-color":"","background-image":"","background-repeat":"repeat","background-position":"center center","background-size":"auto","background-attachment":"scroll","background-type":"","background-media":"","overlay-type":"","overlay-color":"","overlay-opacity":"","overlay-gradient":""}},"ast-content-background-meta":{"desktop":{"background-color":"var(--ast-global-color-5)","background-image":"","background-repeat":"repeat","background-position":"center center","background-size":"auto","background-attachment":"scroll","background-type":"","background-media":"","overlay-type":"","overlay-color":"","overlay-opacity":"","overlay-gradient":""},"tablet":{"background-color":"var(--ast-global-color-5)","background-image":"","background-repeat":"repeat","background-position":"center center","background-size":"auto","background-attachment":"scroll","background-type":"","background-media":"","overlay-type":"","overlay-color":"","overlay-opacity":"","overlay-gradient":""},"mobile":{"background-color":"var(--ast-global-color-5)","background-image":"","background-repeat":"repeat","background-position":"center center","background-size":"auto","background-attachment":"scroll","background-type":"","background-media":"","overlay-type":"","overlay-color":"","overlay-opacity":"","overlay-gradient":""}},"_jetpack_memberships_contains_paid_content":false,"_joinchat":[],"footnotes":""},"categories":[16095,5],"tags":[],"class_list":["post-83281","post","type-post","status-publish","format-standard","has-post-thumbnail","hentry","category-provinciales","category-sociedad"],"yoast_head":"<!-- This site is optimized with the Yoast SEO plugin v26.8 - https:\/\/yoast.com\/product\/yoast-seo-wordpress\/ -->\n<title>Schiaretti habilit\u00f3 otro tramo de la autov\u00eda ruta 5 - El Regional<\/title>\n<meta name=\"robots\" content=\"index, follow, max-snippet:-1, max-image-preview:large, max-video-preview:-1\" \/>\n<link rel=\"canonical\" href=\"http:\/\/elregionalvm.com.ar\/noticias-villa-maria\/schiaretti-habilito-otro-tramo-de-la-autovia-ruta-5\/\" \/>\n<meta property=\"og:locale\" content=\"es_ES\" \/>\n<meta property=\"og:type\" content=\"article\" \/>\n<meta property=\"og:title\" content=\"Schiaretti habilit\u00f3 otro tramo de la autov\u00eda ruta 5 - El Regional\" \/>\n<meta property=\"og:description\" content=\"El gobernador de C\u00f3rdoba,&nbsp;Juan Schiaretti, habilit\u00f3 este martes un&nbsp;nuevo tramo de la obra de la autov\u00eda ruta 5&nbsp;que se est\u00e1 construyendo en el Valle de Paravachasca y que unir\u00e1 la ciudad de Alta Gracia con Villa Ciudad Am\u00e9rica. Se trata de&nbsp;dos kil\u00f3metros, comprendidos&nbsp;entre los kil\u00f3metros 48 y 50 de la traza actual de la ruta [&hellip;]\" \/>\n<meta property=\"og:url\" content=\"http:\/\/elregionalvm.com.ar\/noticias-villa-maria\/schiaretti-habilito-otro-tramo-de-la-autovia-ruta-5\/\" \/>\n<meta property=\"og:site_name\" content=\"El Regional\" \/>\n<meta property=\"article:publisher\" content=\"https:\/\/www.facebook.com\/elregionalvm\" \/>\n<meta property=\"article:published_time\" content=\"2023-09-26T19:42:58+00:00\" \/>\n<meta property=\"article:modified_time\" content=\"2023-09-26T19:43:00+00:00\" \/>\n<meta property=\"og:image\" content=\"http:\/\/elregionalvm.com.ar\/noticias-villa-maria\/wp-content\/uploads\/2023\/09\/Tramo-Autovia-Ruta-5-7889.jpg\" \/>\n\t<meta property=\"og:image:width\" content=\"993\" \/>\n\t<meta property=\"og:image:height\" content=\"662\" \/>\n\t<meta property=\"og:image:type\" content=\"image\/jpeg\" \/>\n<meta name=\"author\" content=\"Contenidos El Regional\" \/>\n<meta name=\"twitter:card\" content=\"summary_large_image\" \/>\n<meta name=\"twitter:creator\" content=\"@elregionalvm1\" \/>\n<meta name=\"twitter:site\" content=\"@elregionalvm1\" \/>\n<meta name=\"twitter:label1\" content=\"Escrito por\" \/>\n\t<meta name=\"twitter:data1\" content=\"Contenidos El Regional\" \/>\n\t<meta name=\"twitter:label2\" content=\"Tiempo de lectura\" \/>\n\t<meta name=\"twitter:data2\" content=\"4 minutos\" \/>\n<script type=\"application\/ld+json\" class=\"yoast-schema-graph\">{\"@context\":\"https:\/\/schema.org\",\"@graph\":[{\"@type\":\"Article\",\"@id\":\"http:\/\/elregionalvm.com.ar\/noticias-villa-maria\/schiaretti-habilito-otro-tramo-de-la-autovia-ruta-5\/#article\",\"isPartOf\":{\"@id\":\"http:\/\/elregionalvm.com.ar\/noticias-villa-maria\/schiaretti-habilito-otro-tramo-de-la-autovia-ruta-5\/\"},\"author\":{\"name\":\"Contenidos El Regional\",\"@id\":\"http:\/\/elregionalvm.com.ar\/noticias-villa-maria\/#\/schema\/person\/a0fb9c422317faca23d50163151bc354\"},\"headline\":\"Schiaretti habilit\u00f3 otro tramo de la autov\u00eda ruta 5\",\"datePublished\":\"2023-09-26T19:42:58+00:00\",\"dateModified\":\"2023-09-26T19:43:00+00:00\",\"mainEntityOfPage\":{\"@id\":\"http:\/\/elregionalvm.com.ar\/noticias-villa-maria\/schiaretti-habilito-otro-tramo-de-la-autovia-ruta-5\/\"},\"wordCount\":642,\"commentCount\":0,\"image\":{\"@id\":\"http:\/\/elregionalvm.com.ar\/noticias-villa-maria\/schiaretti-habilito-otro-tramo-de-la-autovia-ruta-5\/#primaryimage\"},\"thumbnailUrl\":\"https:\/\/i0.wp.com\/elregionalvm.com.ar\/noticias-villa-maria\/wp-content\/uploads\/2023\/09\/Tramo-Autovia-Ruta-5-7889.jpg?fit=993%2C662&ssl=1\",\"articleSection\":[\"Provinciales\",\"Sociedad\"],\"inLanguage\":\"es\",\"potentialAction\":[{\"@type\":\"CommentAction\",\"name\":\"Comment\",\"target\":[\"http:\/\/elregionalvm.com.ar\/noticias-villa-maria\/schiaretti-habilito-otro-tramo-de-la-autovia-ruta-5\/#respond\"]}]},{\"@type\":\"WebPage\",\"@id\":\"http:\/\/elregionalvm.com.ar\/noticias-villa-maria\/schiaretti-habilito-otro-tramo-de-la-autovia-ruta-5\/\",\"url\":\"http:\/\/elregionalvm.com.ar\/noticias-villa-maria\/schiaretti-habilito-otro-tramo-de-la-autovia-ruta-5\/\",\"name\":\"Schiaretti habilit\u00f3 otro tramo de la autov\u00eda ruta 5 - El Regional\",\"isPartOf\":{\"@id\":\"http:\/\/elregionalvm.com.ar\/noticias-villa-maria\/#website\"},\"primaryImageOfPage\":{\"@id\":\"http:\/\/elregionalvm.com.ar\/noticias-villa-maria\/schiaretti-habilito-otro-tramo-de-la-autovia-ruta-5\/#primaryimage\"},\"image\":{\"@id\":\"http:\/\/elregionalvm.com.ar\/noticias-villa-maria\/schiaretti-habilito-otro-tramo-de-la-autovia-ruta-5\/#primaryimage\"},\"thumbnailUrl\":\"https:\/\/i0.wp.com\/elregionalvm.com.ar\/noticias-villa-maria\/wp-content\/uploads\/2023\/09\/Tramo-Autovia-Ruta-5-7889.jpg?fit=993%2C662&ssl=1\",\"datePublished\":\"2023-09-26T19:42:58+00:00\",\"dateModified\":\"2023-09-26T19:43:00+00:00\",\"author\":{\"@id\":\"http:\/\/elregionalvm.com.ar\/noticias-villa-maria\/#\/schema\/person\/a0fb9c422317faca23d50163151bc354\"},\"breadcrumb\":{\"@id\":\"http:\/\/elregionalvm.com.ar\/noticias-villa-maria\/schiaretti-habilito-otro-tramo-de-la-autovia-ruta-5\/#breadcrumb\"},\"inLanguage\":\"es\",\"potentialAction\":[{\"@type\":\"ReadAction\",\"target\":[\"http:\/\/elregionalvm.com.ar\/noticias-villa-maria\/schiaretti-habilito-otro-tramo-de-la-autovia-ruta-5\/\"]}]},{\"@type\":\"ImageObject\",\"inLanguage\":\"es\",\"@id\":\"http:\/\/elregionalvm.com.ar\/noticias-villa-maria\/schiaretti-habilito-otro-tramo-de-la-autovia-ruta-5\/#primaryimage\",\"url\":\"https:\/\/i0.wp.com\/elregionalvm.com.ar\/noticias-villa-maria\/wp-content\/uploads\/2023\/09\/Tramo-Autovia-Ruta-5-7889.jpg?fit=993%2C662&ssl=1\",\"contentUrl\":\"https:\/\/i0.wp.com\/elregionalvm.com.ar\/noticias-villa-maria\/wp-content\/uploads\/2023\/09\/Tramo-Autovia-Ruta-5-7889.jpg?fit=993%2C662&ssl=1\",\"width\":993,\"height\":662},{\"@type\":\"BreadcrumbList\",\"@id\":\"http:\/\/elregionalvm.com.ar\/noticias-villa-maria\/schiaretti-habilito-otro-tramo-de-la-autovia-ruta-5\/#breadcrumb\",\"itemListElement\":[{\"@type\":\"ListItem\",\"position\":1,\"name\":\"Portada\",\"item\":\"https:\/\/elregionalvm.com.ar\/noticias-villa-maria\/\"},{\"@type\":\"ListItem\",\"position\":2,\"name\":\"Schiaretti habilit\u00f3 otro tramo de la autov\u00eda ruta 5\"}]},{\"@type\":\"WebSite\",\"@id\":\"http:\/\/elregionalvm.com.ar\/noticias-villa-maria\/#website\",\"url\":\"http:\/\/elregionalvm.com.ar\/noticias-villa-maria\/\",\"name\":\"El Regional\",\"description\":\"Mucho m\u00e1s que informaci\u00f3n\",\"potentialAction\":[{\"@type\":\"SearchAction\",\"target\":{\"@type\":\"EntryPoint\",\"urlTemplate\":\"http:\/\/elregionalvm.com.ar\/noticias-villa-maria\/?s={search_term_string}\"},\"query-input\":{\"@type\":\"PropertyValueSpecification\",\"valueRequired\":true,\"valueName\":\"search_term_string\"}}],\"inLanguage\":\"es\"},{\"@type\":\"Person\",\"@id\":\"http:\/\/elregionalvm.com.ar\/noticias-villa-maria\/#\/schema\/person\/a0fb9c422317faca23d50163151bc354\",\"name\":\"Contenidos El Regional\",\"image\":{\"@type\":\"ImageObject\",\"inLanguage\":\"es\",\"@id\":\"http:\/\/elregionalvm.com.ar\/noticias-villa-maria\/#\/schema\/person\/image\/\",\"url\":\"https:\/\/secure.gravatar.com\/avatar\/265b27cb2209af7bb3a1318f03305787d7981a5cc6e6cd08fe5a4ecdf99d4b48?s=96&d=mm&r=g\",\"contentUrl\":\"https:\/\/secure.gravatar.com\/avatar\/265b27cb2209af7bb3a1318f03305787d7981a5cc6e6cd08fe5a4ecdf99d4b48?s=96&d=mm&r=g\",\"caption\":\"Contenidos El Regional\"},\"url\":\"https:\/\/elregionalvm.com.ar\/noticias-villa-maria\/author\/contenido\/\"}]}<\/script>\n<!-- \/ Yoast SEO plugin. -->","yoast_head_json":{"title":"Schiaretti habilit\u00f3 otro tramo de la autov\u00eda ruta 5 - El Regional","robots":{"index":"index","follow":"follow","max-snippet":"max-snippet:-1","max-image-preview":"max-image-preview:large","max-video-preview":"max-video-preview:-1"},"canonical":"http:\/\/elregionalvm.com.ar\/noticias-villa-maria\/schiaretti-habilito-otro-tramo-de-la-autovia-ruta-5\/","og_locale":"es_ES","og_type":"article","og_title":"Schiaretti habilit\u00f3 otro tramo de la autov\u00eda ruta 5 - El Regional","og_description":"El gobernador de C\u00f3rdoba,&nbsp;Juan Schiaretti, habilit\u00f3 este martes un&nbsp;nuevo tramo de la obra de la autov\u00eda ruta 5&nbsp;que se est\u00e1 construyendo en el Valle de Paravachasca y que unir\u00e1 la ciudad de Alta Gracia con Villa Ciudad Am\u00e9rica. Se trata de&nbsp;dos kil\u00f3metros, comprendidos&nbsp;entre los kil\u00f3metros 48 y 50 de la traza actual de la ruta [&hellip;]","og_url":"http:\/\/elregionalvm.com.ar\/noticias-villa-maria\/schiaretti-habilito-otro-tramo-de-la-autovia-ruta-5\/","og_site_name":"El Regional","article_publisher":"https:\/\/www.facebook.com\/elregionalvm","article_published_time":"2023-09-26T19:42:58+00:00","article_modified_time":"2023-09-26T19:43:00+00:00","og_image":[{"width":993,"height":662,"url":"http:\/\/elregionalvm.com.ar\/noticias-villa-maria\/wp-content\/uploads\/2023\/09\/Tramo-Autovia-Ruta-5-7889.jpg","type":"image\/jpeg"}],"author":"Contenidos El Regional","twitter_card":"summary_large_image","twitter_creator":"@elregionalvm1","twitter_site":"@elregionalvm1","twitter_misc":{"Escrito por":"Contenidos El Regional","Tiempo de lectura":"4 minutos"},"schema":{"@context":"https:\/\/schema.org","@graph":[{"@type":"Article","@id":"http:\/\/elregionalvm.com.ar\/noticias-villa-maria\/schiaretti-habilito-otro-tramo-de-la-autovia-ruta-5\/#article","isPartOf":{"@id":"http:\/\/elregionalvm.com.ar\/noticias-villa-maria\/schiaretti-habilito-otro-tramo-de-la-autovia-ruta-5\/"},"author":{"name":"Contenidos El Regional","@id":"http:\/\/elregionalvm.com.ar\/noticias-villa-maria\/#\/schema\/person\/a0fb9c422317faca23d50163151bc354"},"headline":"Schiaretti habilit\u00f3 otro tramo de la autov\u00eda ruta 5","datePublished":"2023-09-26T19:42:58+00:00","dateModified":"2023-09-26T19:43:00+00:00","mainEntityOfPage":{"@id":"http:\/\/elregionalvm.com.ar\/noticias-villa-maria\/schiaretti-habilito-otro-tramo-de-la-autovia-ruta-5\/"},"wordCount":642,"commentCount":0,"image":{"@id":"http:\/\/elregionalvm.com.ar\/noticias-villa-maria\/schiaretti-habilito-otro-tramo-de-la-autovia-ruta-5\/#primaryimage"},"thumbnailUrl":"https:\/\/i0.wp.com\/elregionalvm.com.ar\/noticias-villa-maria\/wp-content\/uploads\/2023\/09\/Tramo-Autovia-Ruta-5-7889.jpg?fit=993%2C662&ssl=1","articleSection":["Provinciales","Sociedad"],"inLanguage":"es","potentialAction":[{"@type":"CommentAction","name":"Comment","target":["http:\/\/elregionalvm.com.ar\/noticias-villa-maria\/schiaretti-habilito-otro-tramo-de-la-autovia-ruta-5\/#respond"]}]},{"@type":"WebPage","@id":"http:\/\/elregionalvm.com.ar\/noticias-villa-maria\/schiaretti-habilito-otro-tramo-de-la-autovia-ruta-5\/","url":"http:\/\/elregionalvm.com.ar\/noticias-villa-maria\/schiaretti-habilito-otro-tramo-de-la-autovia-ruta-5\/","name":"Schiaretti habilit\u00f3 otro tramo de la autov\u00eda ruta 5 - El Regional","isPartOf":{"@id":"http:\/\/elregionalvm.com.ar\/noticias-villa-maria\/#website"},"primaryImageOfPage":{"@id":"http:\/\/elregionalvm.com.ar\/noticias-villa-maria\/schiaretti-habilito-otro-tramo-de-la-autovia-ruta-5\/#primaryimage"},"image":{"@id":"http:\/\/elregionalvm.com.ar\/noticias-villa-maria\/schiaretti-habilito-otro-tramo-de-la-autovia-ruta-5\/#primaryimage"},"thumbnailUrl":"https:\/\/i0.wp.com\/elregionalvm.com.ar\/noticias-villa-maria\/wp-content\/uploads\/2023\/09\/Tramo-Autovia-Ruta-5-7889.jpg?fit=993%2C662&ssl=1","datePublished":"2023-09-26T19:42:58+00:00","dateModified":"2023-09-26T19:43:00+00:00","author":{"@id":"http:\/\/elregionalvm.com.ar\/noticias-villa-maria\/#\/schema\/person\/a0fb9c422317faca23d50163151bc354"},"breadcrumb":{"@id":"http:\/\/elregionalvm.com.ar\/noticias-villa-maria\/schiaretti-habilito-otro-tramo-de-la-autovia-ruta-5\/#breadcrumb"},"inLanguage":"es","potentialAction":[{"@type":"ReadAction","target":["http:\/\/elregionalvm.com.ar\/noticias-villa-maria\/schiaretti-habilito-otro-tramo-de-la-autovia-ruta-5\/"]}]},{"@type":"ImageObject","inLanguage":"es","@id":"http:\/\/elregionalvm.com.ar\/noticias-villa-maria\/schiaretti-habilito-otro-tramo-de-la-autovia-ruta-5\/#primaryimage","url":"https:\/\/i0.wp.com\/elregionalvm.com.ar\/noticias-villa-maria\/wp-content\/uploads\/2023\/09\/Tramo-Autovia-Ruta-5-7889.jpg?fit=993%2C662&ssl=1","contentUrl":"https:\/\/i0.wp.com\/elregionalvm.com.ar\/noticias-villa-maria\/wp-content\/uploads\/2023\/09\/Tramo-Autovia-Ruta-5-7889.jpg?fit=993%2C662&ssl=1","width":993,"height":662},{"@type":"BreadcrumbList","@id":"http:\/\/elregionalvm.com.ar\/noticias-villa-maria\/schiaretti-habilito-otro-tramo-de-la-autovia-ruta-5\/#breadcrumb","itemListElement":[{"@type":"ListItem","position":1,"name":"Portada","item":"https:\/\/elregionalvm.com.ar\/noticias-villa-maria\/"},{"@type":"ListItem","position":2,"name":"Schiaretti habilit\u00f3 otro tramo de la autov\u00eda ruta 5"}]},{"@type":"WebSite","@id":"http:\/\/elregionalvm.com.ar\/noticias-villa-maria\/#website","url":"http:\/\/elregionalvm.com.ar\/noticias-villa-maria\/","name":"El Regional","description":"Mucho m\u00e1s que informaci\u00f3n","potentialAction":[{"@type":"SearchAction","target":{"@type":"EntryPoint","urlTemplate":"http:\/\/elregionalvm.com.ar\/noticias-villa-maria\/?s={search_term_string}"},"query-input":{"@type":"PropertyValueSpecification","valueRequired":true,"valueName":"search_term_string"}}],"inLanguage":"es"},{"@type":"Person","@id":"http:\/\/elregionalvm.com.ar\/noticias-villa-maria\/#\/schema\/person\/a0fb9c422317faca23d50163151bc354","name":"Contenidos El Regional","image":{"@type":"ImageObject","inLanguage":"es","@id":"http:\/\/elregionalvm.com.ar\/noticias-villa-maria\/#\/schema\/person\/image\/","url":"https:\/\/secure.gravatar.com\/avatar\/265b27cb2209af7bb3a1318f03305787d7981a5cc6e6cd08fe5a4ecdf99d4b48?s=96&d=mm&r=g","contentUrl":"https:\/\/secure.gravatar.com\/avatar\/265b27cb2209af7bb3a1318f03305787d7981a5cc6e6cd08fe5a4ecdf99d4b48?s=96&d=mm&r=g","caption":"Contenidos El Regional"},"url":"https:\/\/elregionalvm.com.ar\/noticias-villa-maria\/author\/contenido\/"}]}},"jetpack_featured_media_url":"https:\/\/i0.wp.com\/elregionalvm.com.ar\/noticias-villa-maria\/wp-content\/uploads\/2023\/09\/Tramo-Autovia-Ruta-5-7889.jpg?fit=993%2C662&ssl=1","jetpack_sharing_enabled":true,"_links":{"self":[{"href":"https:\/\/elregionalvm.com.ar\/noticias-villa-maria\/wp-json\/wp\/v2\/posts\/83281","targetHints":{"allow":["GET"]}}],"collection":[{"href":"https:\/\/elregionalvm.com.ar\/noticias-villa-maria\/wp-json\/wp\/v2\/posts"}],"about":[{"href":"https:\/\/elregionalvm.com.ar\/noticias-villa-maria\/wp-json\/wp\/v2\/types\/post"}],"author":[{"embeddable":true,"href":"https:\/\/elregionalvm.com.ar\/noticias-villa-maria\/wp-json\/wp\/v2\/users\/4"}],"replies":[{"embeddable":true,"href":"https:\/\/elregionalvm.com.ar\/noticias-villa-maria\/wp-json\/wp\/v2\/comments?post=83281"}],"version-history":[{"count":1,"href":"https:\/\/elregionalvm.com.ar\/noticias-villa-maria\/wp-json\/wp\/v2\/posts\/83281\/revisions"}],"predecessor-version":[{"id":83285,"href":"https:\/\/elregionalvm.com.ar\/noticias-villa-maria\/wp-json\/wp\/v2\/posts\/83281\/revisions\/83285"}],"wp:featuredmedia":[{"embeddable":true,"href":"https:\/\/elregionalvm.com.ar\/noticias-villa-maria\/wp-json\/wp\/v2\/media\/83284"}],"wp:attachment":[{"href":"https:\/\/elregionalvm.com.ar\/noticias-villa-maria\/wp-json\/wp\/v2\/media?parent=83281"}],"wp:term":[{"taxonomy":"category","embeddable":true,"href":"https:\/\/elregionalvm.com.ar\/noticias-villa-maria\/wp-json\/wp\/v2\/categories?post=83281"},{"taxonomy":"post_tag","embeddable":true,"href":"https:\/\/elregionalvm.com.ar\/noticias-villa-maria\/wp-json\/wp\/v2\/tags?post=83281"}],"curies":[{"name":"wp","href":"https:\/\/api.w.org\/{rel}","templated":true}]}}