{"id":83287,"date":"2023-09-26T19:56:00","date_gmt":"2023-09-26T19:56:00","guid":{"rendered":"https:\/\/elregionalvm.com.ar\/noticias-villa-maria\/?p=83287"},"modified":"2023-09-28T01:48:05","modified_gmt":"2023-09-28T01:48:05","slug":"empleados-de-la-cooperativa-ctalamuchita-protestaron-por-despidos-malos-tratos-y-bajo-sueldo","status":"publish","type":"post","link":"https:\/\/elregionalvm.com.ar\/noticias-villa-maria\/empleados-de-la-cooperativa-ctalamuchita-protestaron-por-despidos-malos-tratos-y-bajo-sueldo\/","title":{"rendered":"Empleados de la Cooperativa Talamochita protestaron por \u00abdespidos, malos tratos y bajo sueldo\u00bb"},"content":{"rendered":"\n<p>Esta ma\u00f1ana, frente al municipio, trabajadores que hab\u00edan sido expulsados de la Cooperativa Talamochita, encargada de la prestaci\u00f3n del barrido de calles en la ciudad, protestaron frente al municipio. <\/p>\n\n\n\n<p>Se\u00f1alaron que ha habido alrededor de una decena despidos y que con la&nbsp; protesta quieren visibilizar los bajos sueldos y los malos tratos que est\u00e1n teniendo.<\/p>\n\n\n\n<p><em>\u00abCobramos 130 mil pesos mensuales por 8 horas de trabajo, muy poca plata para lo que es el costo de vida en la actualidad\u00bb<\/em>, se\u00f1al\u00f3 uno de los trabajadores que protestaban en Plaza Independencia.<\/p>\n\n\n\n<p>Los operarios manifestaron que mantuvieron una reuni\u00f3n con funcionarios municipales y de la empresa Cotreco. Pero que lo conversado no fue tenido en cuenta por las autoridades de la cooperativa.<\/p>\n\n\n\n<p>Para el jueves, prev\u00e9n una nueva movilizaci\u00f3n hacia el municipio, si no reciben respuestas satisfactorias. <\/p>\n\n\n\n<p><\/p>\n\n\n\n<p><\/p>\n\n\n\n<p><em><strong>Foto<\/strong> <strong>Gentileza: Radio Centro &#8211; Franco Bossa <\/strong><\/em><\/p>\n","protected":false},"excerpt":{"rendered":"<p>Esta ma\u00f1ana, frente al municipio, trabajadores que hab\u00edan sido expulsados de la Cooperativa Talamochita, encargada de la prestaci\u00f3n del barrido de calles en la ciudad, protestaron frente al municipio. Se\u00f1alaron que ha habido alrededor de una decena despidos y que con la&nbsp; protesta quieren visibilizar los bajos sueldos y los malos tratos que est\u00e1n teniendo. [&hellip;]<\/p>\n","protected":false},"author":4,"featured_media":83293,"comment_status":"open","ping_status":"open","sticky":false,"template":"","format":"standard","meta":{"site-sidebar-layout":"default","site-content-layout":"","ast-site-content-layout":"default","site-content-style":"default","site-sidebar-style":"default","ast-global-header-display":"","ast-banner-title-visibility":"","ast-main-header-display":"","ast-hfb-above-header-display":"","ast-hfb-below-header-display":"","ast-hfb-mobile-header-display":"","site-post-title":"","ast-breadcrumbs-content":"","ast-featured-img":"","footer-sml-layout":"","ast-disable-related-posts":"","theme-transparent-header-meta":"","adv-header-id-meta":"","stick-header-meta":"","header-above-stick-meta":"","header-main-stick-meta":"","header-below-stick-meta":"","astra-migrate-meta-layouts":"set","ast-page-background-enabled":"default","ast-page-background-meta":{"desktop":{"background-color":"","background-image":"","background-repeat":"repeat","background-position":"center center","background-size":"auto","background-attachment":"scroll","background-type":"","background-media":"","overlay-type":"","overlay-color":"","overlay-opacity":"","overlay-gradient":""},"tablet":{"background-color":"","background-image":"","background-repeat":"repeat","background-position":"center center","background-size":"auto","background-attachment":"scroll","background-type":"","background-media":"","overlay-type":"","overlay-color":"","overlay-opacity":"","overlay-gradient":""},"mobile":{"background-color":"","background-image":"","background-repeat":"repeat","background-position":"center center","background-size":"auto","background-attachment":"scroll","background-type":"","background-media":"","overlay-type":"","overlay-color":"","overlay-opacity":"","overlay-gradient":""}},"ast-content-background-meta":{"desktop":{"background-color":"var(--ast-global-color-5)","background-image":"","background-repeat":"repeat","background-position":"center center","background-size":"auto","background-attachment":"scroll","background-type":"","background-media":"","overlay-type":"","overlay-color":"","overlay-opacity":"","overlay-gradient":""},"tablet":{"background-color":"var(--ast-global-color-5)","background-image":"","background-repeat":"repeat","background-position":"center center","background-size":"auto","background-attachment":"scroll","background-type":"","background-media":"","overlay-type":"","overlay-color":"","overlay-opacity":"","overlay-gradient":""},"mobile":{"background-color":"var(--ast-global-color-5)","background-image":"","background-repeat":"repeat","background-position":"center center","background-size":"auto","background-attachment":"scroll","background-type":"","background-media":"","overlay-type":"","overlay-color":"","overlay-opacity":"","overlay-gradient":""}},"_jetpack_memberships_contains_paid_content":false,"_joinchat":[],"footnotes":""},"categories":[5,2],"tags":[],"class_list":["post-83287","post","type-post","status-publish","format-standard","has-post-thumbnail","hentry","category-sociedad","category-villa-maria"],"yoast_head":"<!-- This site is optimized with the Yoast SEO plugin v26.8 - https:\/\/yoast.com\/product\/yoast-seo-wordpress\/ -->\n<title>Empleados de la Cooperativa Talamochita protestaron por &quot;despidos, malos tratos y bajo sueldo&quot; - El Regional<\/title>\n<meta name=\"robots\" content=\"index, follow, max-snippet:-1, max-image-preview:large, max-video-preview:-1\" \/>\n<link rel=\"canonical\" href=\"http:\/\/elregionalvm.com.ar\/noticias-villa-maria\/empleados-de-la-cooperativa-ctalamuchita-protestaron-por-despidos-malos-tratos-y-bajo-sueldo\/\" \/>\n<meta property=\"og:locale\" content=\"es_ES\" \/>\n<meta property=\"og:type\" content=\"article\" \/>\n<meta property=\"og:title\" content=\"Empleados de la Cooperativa Talamochita protestaron por &quot;despidos, malos tratos y bajo sueldo&quot; - El Regional\" \/>\n<meta property=\"og:description\" content=\"Esta ma\u00f1ana, frente al municipio, trabajadores que hab\u00edan sido expulsados de la Cooperativa Talamochita, encargada de la prestaci\u00f3n del barrido de calles en la ciudad, protestaron frente al municipio. Se\u00f1alaron que ha habido alrededor de una decena despidos y que con la&nbsp; protesta quieren visibilizar los bajos sueldos y los malos tratos que est\u00e1n teniendo. [&hellip;]\" \/>\n<meta property=\"og:url\" content=\"http:\/\/elregionalvm.com.ar\/noticias-villa-maria\/empleados-de-la-cooperativa-ctalamuchita-protestaron-por-despidos-malos-tratos-y-bajo-sueldo\/\" \/>\n<meta property=\"og:site_name\" content=\"El Regional\" \/>\n<meta property=\"article:publisher\" content=\"https:\/\/www.facebook.com\/elregionalvm\" \/>\n<meta property=\"article:published_time\" content=\"2023-09-26T19:56:00+00:00\" \/>\n<meta property=\"article:modified_time\" content=\"2023-09-28T01:48:05+00:00\" \/>\n<meta property=\"og:image\" content=\"http:\/\/elregionalvm.com.ar\/noticias-villa-maria\/wp-content\/uploads\/2023\/09\/WhatsApp-Image-2023-09-26-at-11.08.48.jpeg\" \/>\n\t<meta property=\"og:image:width\" content=\"1280\" \/>\n\t<meta property=\"og:image:height\" content=\"720\" \/>\n\t<meta property=\"og:image:type\" content=\"image\/jpeg\" \/>\n<meta name=\"author\" content=\"Contenidos El Regional\" \/>\n<meta name=\"twitter:card\" content=\"summary_large_image\" \/>\n<meta name=\"twitter:creator\" content=\"@elregionalvm1\" \/>\n<meta name=\"twitter:site\" content=\"@elregionalvm1\" \/>\n<meta name=\"twitter:label1\" content=\"Escrito por\" \/>\n\t<meta name=\"twitter:data1\" content=\"Contenidos El Regional\" \/>\n\t<meta name=\"twitter:label2\" content=\"Tiempo de lectura\" \/>\n\t<meta name=\"twitter:data2\" content=\"1 minuto\" \/>\n<script type=\"application\/ld+json\" class=\"yoast-schema-graph\">{\"@context\":\"https:\/\/schema.org\",\"@graph\":[{\"@type\":\"Article\",\"@id\":\"http:\/\/elregionalvm.com.ar\/noticias-villa-maria\/empleados-de-la-cooperativa-ctalamuchita-protestaron-por-despidos-malos-tratos-y-bajo-sueldo\/#article\",\"isPartOf\":{\"@id\":\"http:\/\/elregionalvm.com.ar\/noticias-villa-maria\/empleados-de-la-cooperativa-ctalamuchita-protestaron-por-despidos-malos-tratos-y-bajo-sueldo\/\"},\"author\":{\"name\":\"Contenidos El Regional\",\"@id\":\"http:\/\/elregionalvm.com.ar\/noticias-villa-maria\/#\/schema\/person\/a0fb9c422317faca23d50163151bc354\"},\"headline\":\"Empleados de la Cooperativa Talamochita protestaron por \u00abdespidos, malos tratos y bajo sueldo\u00bb\",\"datePublished\":\"2023-09-26T19:56:00+00:00\",\"dateModified\":\"2023-09-28T01:48:05+00:00\",\"mainEntityOfPage\":{\"@id\":\"http:\/\/elregionalvm.com.ar\/noticias-villa-maria\/empleados-de-la-cooperativa-ctalamuchita-protestaron-por-despidos-malos-tratos-y-bajo-sueldo\/\"},\"wordCount\":162,\"commentCount\":0,\"image\":{\"@id\":\"http:\/\/elregionalvm.com.ar\/noticias-villa-maria\/empleados-de-la-cooperativa-ctalamuchita-protestaron-por-despidos-malos-tratos-y-bajo-sueldo\/#primaryimage\"},\"thumbnailUrl\":\"https:\/\/i0.wp.com\/elregionalvm.com.ar\/noticias-villa-maria\/wp-content\/uploads\/2023\/09\/WhatsApp-Image-2023-09-26-at-11.08.48.jpeg?fit=1280%2C720&ssl=1\",\"articleSection\":[\"Sociedad\",\"Villa Mar\u00eda\"],\"inLanguage\":\"es\",\"potentialAction\":[{\"@type\":\"CommentAction\",\"name\":\"Comment\",\"target\":[\"http:\/\/elregionalvm.com.ar\/noticias-villa-maria\/empleados-de-la-cooperativa-ctalamuchita-protestaron-por-despidos-malos-tratos-y-bajo-sueldo\/#respond\"]}]},{\"@type\":\"WebPage\",\"@id\":\"http:\/\/elregionalvm.com.ar\/noticias-villa-maria\/empleados-de-la-cooperativa-ctalamuchita-protestaron-por-despidos-malos-tratos-y-bajo-sueldo\/\",\"url\":\"http:\/\/elregionalvm.com.ar\/noticias-villa-maria\/empleados-de-la-cooperativa-ctalamuchita-protestaron-por-despidos-malos-tratos-y-bajo-sueldo\/\",\"name\":\"Empleados de la Cooperativa Talamochita protestaron por \\\"despidos, malos tratos y bajo sueldo\\\" - El Regional\",\"isPartOf\":{\"@id\":\"http:\/\/elregionalvm.com.ar\/noticias-villa-maria\/#website\"},\"primaryImageOfPage\":{\"@id\":\"http:\/\/elregionalvm.com.ar\/noticias-villa-maria\/empleados-de-la-cooperativa-ctalamuchita-protestaron-por-despidos-malos-tratos-y-bajo-sueldo\/#primaryimage\"},\"image\":{\"@id\":\"http:\/\/elregionalvm.com.ar\/noticias-villa-maria\/empleados-de-la-cooperativa-ctalamuchita-protestaron-por-despidos-malos-tratos-y-bajo-sueldo\/#primaryimage\"},\"thumbnailUrl\":\"https:\/\/i0.wp.com\/elregionalvm.com.ar\/noticias-villa-maria\/wp-content\/uploads\/2023\/09\/WhatsApp-Image-2023-09-26-at-11.08.48.jpeg?fit=1280%2C720&ssl=1\",\"datePublished\":\"2023-09-26T19:56:00+00:00\",\"dateModified\":\"2023-09-28T01:48:05+00:00\",\"author\":{\"@id\":\"http:\/\/elregionalvm.com.ar\/noticias-villa-maria\/#\/schema\/person\/a0fb9c422317faca23d50163151bc354\"},\"breadcrumb\":{\"@id\":\"http:\/\/elregionalvm.com.ar\/noticias-villa-maria\/empleados-de-la-cooperativa-ctalamuchita-protestaron-por-despidos-malos-tratos-y-bajo-sueldo\/#breadcrumb\"},\"inLanguage\":\"es\",\"potentialAction\":[{\"@type\":\"ReadAction\",\"target\":[\"http:\/\/elregionalvm.com.ar\/noticias-villa-maria\/empleados-de-la-cooperativa-ctalamuchita-protestaron-por-despidos-malos-tratos-y-bajo-sueldo\/\"]}]},{\"@type\":\"ImageObject\",\"inLanguage\":\"es\",\"@id\":\"http:\/\/elregionalvm.com.ar\/noticias-villa-maria\/empleados-de-la-cooperativa-ctalamuchita-protestaron-por-despidos-malos-tratos-y-bajo-sueldo\/#primaryimage\",\"url\":\"https:\/\/i0.wp.com\/elregionalvm.com.ar\/noticias-villa-maria\/wp-content\/uploads\/2023\/09\/WhatsApp-Image-2023-09-26-at-11.08.48.jpeg?fit=1280%2C720&ssl=1\",\"contentUrl\":\"https:\/\/i0.wp.com\/elregionalvm.com.ar\/noticias-villa-maria\/wp-content\/uploads\/2023\/09\/WhatsApp-Image-2023-09-26-at-11.08.48.jpeg?fit=1280%2C720&ssl=1\",\"width\":1280,\"height\":720},{\"@type\":\"BreadcrumbList\",\"@id\":\"http:\/\/elregionalvm.com.ar\/noticias-villa-maria\/empleados-de-la-cooperativa-ctalamuchita-protestaron-por-despidos-malos-tratos-y-bajo-sueldo\/#breadcrumb\",\"itemListElement\":[{\"@type\":\"ListItem\",\"position\":1,\"name\":\"Portada\",\"item\":\"https:\/\/elregionalvm.com.ar\/noticias-villa-maria\/\"},{\"@type\":\"ListItem\",\"position\":2,\"name\":\"Empleados de la Cooperativa Talamochita protestaron por \u00abdespidos, malos tratos y bajo sueldo\u00bb\"}]},{\"@type\":\"WebSite\",\"@id\":\"http:\/\/elregionalvm.com.ar\/noticias-villa-maria\/#website\",\"url\":\"http:\/\/elregionalvm.com.ar\/noticias-villa-maria\/\",\"name\":\"El Regional\",\"description\":\"Mucho m\u00e1s que informaci\u00f3n\",\"potentialAction\":[{\"@type\":\"SearchAction\",\"target\":{\"@type\":\"EntryPoint\",\"urlTemplate\":\"http:\/\/elregionalvm.com.ar\/noticias-villa-maria\/?s={search_term_string}\"},\"query-input\":{\"@type\":\"PropertyValueSpecification\",\"valueRequired\":true,\"valueName\":\"search_term_string\"}}],\"inLanguage\":\"es\"},{\"@type\":\"Person\",\"@id\":\"http:\/\/elregionalvm.com.ar\/noticias-villa-maria\/#\/schema\/person\/a0fb9c422317faca23d50163151bc354\",\"name\":\"Contenidos El Regional\",\"image\":{\"@type\":\"ImageObject\",\"inLanguage\":\"es\",\"@id\":\"http:\/\/elregionalvm.com.ar\/noticias-villa-maria\/#\/schema\/person\/image\/\",\"url\":\"https:\/\/secure.gravatar.com\/avatar\/265b27cb2209af7bb3a1318f03305787d7981a5cc6e6cd08fe5a4ecdf99d4b48?s=96&d=mm&r=g\",\"contentUrl\":\"https:\/\/secure.gravatar.com\/avatar\/265b27cb2209af7bb3a1318f03305787d7981a5cc6e6cd08fe5a4ecdf99d4b48?s=96&d=mm&r=g\",\"caption\":\"Contenidos El Regional\"},\"url\":\"https:\/\/elregionalvm.com.ar\/noticias-villa-maria\/author\/contenido\/\"}]}<\/script>\n<!-- \/ Yoast SEO plugin. -->","yoast_head_json":{"title":"Empleados de la Cooperativa Talamochita protestaron por \"despidos, malos tratos y bajo sueldo\" - El Regional","robots":{"index":"index","follow":"follow","max-snippet":"max-snippet:-1","max-image-preview":"max-image-preview:large","max-video-preview":"max-video-preview:-1"},"canonical":"http:\/\/elregionalvm.com.ar\/noticias-villa-maria\/empleados-de-la-cooperativa-ctalamuchita-protestaron-por-despidos-malos-tratos-y-bajo-sueldo\/","og_locale":"es_ES","og_type":"article","og_title":"Empleados de la Cooperativa Talamochita protestaron por \"despidos, malos tratos y bajo sueldo\" - El Regional","og_description":"Esta ma\u00f1ana, frente al municipio, trabajadores que hab\u00edan sido expulsados de la Cooperativa Talamochita, encargada de la prestaci\u00f3n del barrido de calles en la ciudad, protestaron frente al municipio. Se\u00f1alaron que ha habido alrededor de una decena despidos y que con la&nbsp; protesta quieren visibilizar los bajos sueldos y los malos tratos que est\u00e1n teniendo. [&hellip;]","og_url":"http:\/\/elregionalvm.com.ar\/noticias-villa-maria\/empleados-de-la-cooperativa-ctalamuchita-protestaron-por-despidos-malos-tratos-y-bajo-sueldo\/","og_site_name":"El Regional","article_publisher":"https:\/\/www.facebook.com\/elregionalvm","article_published_time":"2023-09-26T19:56:00+00:00","article_modified_time":"2023-09-28T01:48:05+00:00","og_image":[{"width":1280,"height":720,"url":"http:\/\/elregionalvm.com.ar\/noticias-villa-maria\/wp-content\/uploads\/2023\/09\/WhatsApp-Image-2023-09-26-at-11.08.48.jpeg","type":"image\/jpeg"}],"author":"Contenidos El Regional","twitter_card":"summary_large_image","twitter_creator":"@elregionalvm1","twitter_site":"@elregionalvm1","twitter_misc":{"Escrito por":"Contenidos El Regional","Tiempo de lectura":"1 minuto"},"schema":{"@context":"https:\/\/schema.org","@graph":[{"@type":"Article","@id":"http:\/\/elregionalvm.com.ar\/noticias-villa-maria\/empleados-de-la-cooperativa-ctalamuchita-protestaron-por-despidos-malos-tratos-y-bajo-sueldo\/#article","isPartOf":{"@id":"http:\/\/elregionalvm.com.ar\/noticias-villa-maria\/empleados-de-la-cooperativa-ctalamuchita-protestaron-por-despidos-malos-tratos-y-bajo-sueldo\/"},"author":{"name":"Contenidos El Regional","@id":"http:\/\/elregionalvm.com.ar\/noticias-villa-maria\/#\/schema\/person\/a0fb9c422317faca23d50163151bc354"},"headline":"Empleados de la Cooperativa Talamochita protestaron por \u00abdespidos, malos tratos y bajo sueldo\u00bb","datePublished":"2023-09-26T19:56:00+00:00","dateModified":"2023-09-28T01:48:05+00:00","mainEntityOfPage":{"@id":"http:\/\/elregionalvm.com.ar\/noticias-villa-maria\/empleados-de-la-cooperativa-ctalamuchita-protestaron-por-despidos-malos-tratos-y-bajo-sueldo\/"},"wordCount":162,"commentCount":0,"image":{"@id":"http:\/\/elregionalvm.com.ar\/noticias-villa-maria\/empleados-de-la-cooperativa-ctalamuchita-protestaron-por-despidos-malos-tratos-y-bajo-sueldo\/#primaryimage"},"thumbnailUrl":"https:\/\/i0.wp.com\/elregionalvm.com.ar\/noticias-villa-maria\/wp-content\/uploads\/2023\/09\/WhatsApp-Image-2023-09-26-at-11.08.48.jpeg?fit=1280%2C720&ssl=1","articleSection":["Sociedad","Villa Mar\u00eda"],"inLanguage":"es","potentialAction":[{"@type":"CommentAction","name":"Comment","target":["http:\/\/elregionalvm.com.ar\/noticias-villa-maria\/empleados-de-la-cooperativa-ctalamuchita-protestaron-por-despidos-malos-tratos-y-bajo-sueldo\/#respond"]}]},{"@type":"WebPage","@id":"http:\/\/elregionalvm.com.ar\/noticias-villa-maria\/empleados-de-la-cooperativa-ctalamuchita-protestaron-por-despidos-malos-tratos-y-bajo-sueldo\/","url":"http:\/\/elregionalvm.com.ar\/noticias-villa-maria\/empleados-de-la-cooperativa-ctalamuchita-protestaron-por-despidos-malos-tratos-y-bajo-sueldo\/","name":"Empleados de la Cooperativa Talamochita protestaron por \"despidos, malos tratos y bajo sueldo\" - El Regional","isPartOf":{"@id":"http:\/\/elregionalvm.com.ar\/noticias-villa-maria\/#website"},"primaryImageOfPage":{"@id":"http:\/\/elregionalvm.com.ar\/noticias-villa-maria\/empleados-de-la-cooperativa-ctalamuchita-protestaron-por-despidos-malos-tratos-y-bajo-sueldo\/#primaryimage"},"image":{"@id":"http:\/\/elregionalvm.com.ar\/noticias-villa-maria\/empleados-de-la-cooperativa-ctalamuchita-protestaron-por-despidos-malos-tratos-y-bajo-sueldo\/#primaryimage"},"thumbnailUrl":"https:\/\/i0.wp.com\/elregionalvm.com.ar\/noticias-villa-maria\/wp-content\/uploads\/2023\/09\/WhatsApp-Image-2023-09-26-at-11.08.48.jpeg?fit=1280%2C720&ssl=1","datePublished":"2023-09-26T19:56:00+00:00","dateModified":"2023-09-28T01:48:05+00:00","author":{"@id":"http:\/\/elregionalvm.com.ar\/noticias-villa-maria\/#\/schema\/person\/a0fb9c422317faca23d50163151bc354"},"breadcrumb":{"@id":"http:\/\/elregionalvm.com.ar\/noticias-villa-maria\/empleados-de-la-cooperativa-ctalamuchita-protestaron-por-despidos-malos-tratos-y-bajo-sueldo\/#breadcrumb"},"inLanguage":"es","potentialAction":[{"@type":"ReadAction","target":["http:\/\/elregionalvm.com.ar\/noticias-villa-maria\/empleados-de-la-cooperativa-ctalamuchita-protestaron-por-despidos-malos-tratos-y-bajo-sueldo\/"]}]},{"@type":"ImageObject","inLanguage":"es","@id":"http:\/\/elregionalvm.com.ar\/noticias-villa-maria\/empleados-de-la-cooperativa-ctalamuchita-protestaron-por-despidos-malos-tratos-y-bajo-sueldo\/#primaryimage","url":"https:\/\/i0.wp.com\/elregionalvm.com.ar\/noticias-villa-maria\/wp-content\/uploads\/2023\/09\/WhatsApp-Image-2023-09-26-at-11.08.48.jpeg?fit=1280%2C720&ssl=1","contentUrl":"https:\/\/i0.wp.com\/elregionalvm.com.ar\/noticias-villa-maria\/wp-content\/uploads\/2023\/09\/WhatsApp-Image-2023-09-26-at-11.08.48.jpeg?fit=1280%2C720&ssl=1","width":1280,"height":720},{"@type":"BreadcrumbList","@id":"http:\/\/elregionalvm.com.ar\/noticias-villa-maria\/empleados-de-la-cooperativa-ctalamuchita-protestaron-por-despidos-malos-tratos-y-bajo-sueldo\/#breadcrumb","itemListElement":[{"@type":"ListItem","position":1,"name":"Portada","item":"https:\/\/elregionalvm.com.ar\/noticias-villa-maria\/"},{"@type":"ListItem","position":2,"name":"Empleados de la Cooperativa Talamochita protestaron por \u00abdespidos, malos tratos y bajo sueldo\u00bb"}]},{"@type":"WebSite","@id":"http:\/\/elregionalvm.com.ar\/noticias-villa-maria\/#website","url":"http:\/\/elregionalvm.com.ar\/noticias-villa-maria\/","name":"El Regional","description":"Mucho m\u00e1s que informaci\u00f3n","potentialAction":[{"@type":"SearchAction","target":{"@type":"EntryPoint","urlTemplate":"http:\/\/elregionalvm.com.ar\/noticias-villa-maria\/?s={search_term_string}"},"query-input":{"@type":"PropertyValueSpecification","valueRequired":true,"valueName":"search_term_string"}}],"inLanguage":"es"},{"@type":"Person","@id":"http:\/\/elregionalvm.com.ar\/noticias-villa-maria\/#\/schema\/person\/a0fb9c422317faca23d50163151bc354","name":"Contenidos El Regional","image":{"@type":"ImageObject","inLanguage":"es","@id":"http:\/\/elregionalvm.com.ar\/noticias-villa-maria\/#\/schema\/person\/image\/","url":"https:\/\/secure.gravatar.com\/avatar\/265b27cb2209af7bb3a1318f03305787d7981a5cc6e6cd08fe5a4ecdf99d4b48?s=96&d=mm&r=g","contentUrl":"https:\/\/secure.gravatar.com\/avatar\/265b27cb2209af7bb3a1318f03305787d7981a5cc6e6cd08fe5a4ecdf99d4b48?s=96&d=mm&r=g","caption":"Contenidos El Regional"},"url":"https:\/\/elregionalvm.com.ar\/noticias-villa-maria\/author\/contenido\/"}]}},"jetpack_featured_media_url":"https:\/\/i0.wp.com\/elregionalvm.com.ar\/noticias-villa-maria\/wp-content\/uploads\/2023\/09\/WhatsApp-Image-2023-09-26-at-11.08.48.jpeg?fit=1280%2C720&ssl=1","jetpack_sharing_enabled":true,"_links":{"self":[{"href":"https:\/\/elregionalvm.com.ar\/noticias-villa-maria\/wp-json\/wp\/v2\/posts\/83287","targetHints":{"allow":["GET"]}}],"collection":[{"href":"https:\/\/elregionalvm.com.ar\/noticias-villa-maria\/wp-json\/wp\/v2\/posts"}],"about":[{"href":"https:\/\/elregionalvm.com.ar\/noticias-villa-maria\/wp-json\/wp\/v2\/types\/post"}],"author":[{"embeddable":true,"href":"https:\/\/elregionalvm.com.ar\/noticias-villa-maria\/wp-json\/wp\/v2\/users\/4"}],"replies":[{"embeddable":true,"href":"https:\/\/elregionalvm.com.ar\/noticias-villa-maria\/wp-json\/wp\/v2\/comments?post=83287"}],"version-history":[{"count":5,"href":"https:\/\/elregionalvm.com.ar\/noticias-villa-maria\/wp-json\/wp\/v2\/posts\/83287\/revisions"}],"predecessor-version":[{"id":83314,"href":"https:\/\/elregionalvm.com.ar\/noticias-villa-maria\/wp-json\/wp\/v2\/posts\/83287\/revisions\/83314"}],"wp:featuredmedia":[{"embeddable":true,"href":"https:\/\/elregionalvm.com.ar\/noticias-villa-maria\/wp-json\/wp\/v2\/media\/83293"}],"wp:attachment":[{"href":"https:\/\/elregionalvm.com.ar\/noticias-villa-maria\/wp-json\/wp\/v2\/media?parent=83287"}],"wp:term":[{"taxonomy":"category","embeddable":true,"href":"https:\/\/elregionalvm.com.ar\/noticias-villa-maria\/wp-json\/wp\/v2\/categories?post=83287"},{"taxonomy":"post_tag","embeddable":true,"href":"https:\/\/elregionalvm.com.ar\/noticias-villa-maria\/wp-json\/wp\/v2\/tags?post=83287"}],"curies":[{"name":"wp","href":"https:\/\/api.w.org\/{rel}","templated":true}]}}