{"id":83315,"date":"2023-09-26T22:07:28","date_gmt":"2023-09-26T22:07:28","guid":{"rendered":"https:\/\/elregionalvm.com.ar\/noticias-villa-maria\/?p=83315"},"modified":"2023-09-30T14:35:17","modified_gmt":"2023-09-30T14:35:17","slug":"villa-maria-aniversario-156-por-que-se-celebra-un-27-de-septiembre-la-historia-detras-del-festejo","status":"publish","type":"post","link":"https:\/\/elregionalvm.com.ar\/noticias-villa-maria\/villa-maria-aniversario-156-por-que-se-celebra-un-27-de-septiembre-la-historia-detras-del-festejo\/","title":{"rendered":"[Aniversario 156 de Villa Mar\u00eda] \u00bfPor qu\u00e9 se celebra un 27 de septiembre? La historia detr\u00e1s del festejo"},"content":{"rendered":"\t\t<div data-elementor-type=\"wp-post\" data-elementor-id=\"83315\" class=\"elementor elementor-83315\" data-elementor-post-type=\"post\">\n\t\t\t\t\t\t<section data-particle_enable=\"false\" data-particle-mobile-disabled=\"false\" class=\"elementor-section elementor-top-section elementor-element elementor-element-53f7726 elementor-section-boxed elementor-section-height-default elementor-section-height-default\" data-id=\"53f7726\" data-element_type=\"section\">\n\t\t\t\t\t\t<div class=\"elementor-container elementor-column-gap-default\">\n\t\t\t\t\t<div class=\"elementor-column elementor-col-100 elementor-top-column elementor-element elementor-element-3503a746\" data-id=\"3503a746\" data-element_type=\"column\">\n\t\t\t<div class=\"elementor-widget-wrap elementor-element-populated\">\n\t\t\t\t\t\t<div class=\"elementor-element elementor-element-30d8ea48 elementor-widget elementor-widget-text-editor\" data-id=\"30d8ea48\" data-element_type=\"widget\" data-widget_type=\"text-editor.default\">\n\t\t\t\t<div class=\"elementor-widget-container\">\n\t\t\t\t\t\t\t\t\t\n<p>\u00a0<\/p>\n\n<h3 class=\"wp-block-heading\"><strong>La presente nota fue escrita a partir de un ensayo que el autor publicar\u00e1 en breve mediante El Mens\u00fa con el t\u00edtulo \u201c<em>\u00bfPor qu\u00e9 un 27 de septiembre? <\/em>El nacimiento de Villa Mar\u00eda: relatos hist\u00f3ricos y ceremonias conmemorativas\u201d.<\/strong><\/h3>\n\n<p>\u00a0<\/p>\n\n<p><strong>Escribe: Augusto L\u00f3pez (Archivo Hist\u00f3rico Municipal de Villa Mar\u00eda)<\/strong><\/p>\n\n<p><img fetchpriority=\"high\" decoding=\"async\" data-recalc-dims=\"1\" class=\"alignnone size-full wp-image-83324\" src=\"https:\/\/i0.wp.com\/elregionalvm.com.ar\/noticias-villa-maria\/wp-content\/uploads\/2023\/09\/mutual_pc.jpg?resize=1199%2C399\" alt=\"\" width=\"1199\" height=\"399\" \/><\/p>\n\n<p>Los aniversarios son momentos que activan (y reactivan) el ejercicio de recordar en comunidad. En Villa Mar\u00eda, cada 27 de septiembre, se conmemora el nacimiento de la ciudad. Pero\u2026 \u00bfQu\u00e9 se recuerda? \u00bfPor qu\u00e9 se recuerda cu\u00e1ndo se recuerda? \u00bfC\u00f3mo se instituy\u00f3 este aniversario?<\/p>\n\n<p>Buscar una respuesta en ese sentido, es involucrarse en la identidad villamariense; es decir, en la autoimagen que forma una comunidad a partir de lo que relata y recuerda de su pasado compartido.<\/p>\n\n<p><strong>Nacimiento sin ceremonia <\/strong><\/p>\n\n<p>\u00a0<\/p>\n\n<figure class=\"wp-block-pullquote\">\n<blockquote>\n<p>Es importante marcar que Villa Mar\u00eda no es una ciudad colonial y, en virtud de eso, no tiene ceremonia ni acta <em>fundacionales, <\/em>c\u00f3mo, por ejemplo, C\u00f3rdoba<\/p>\n<\/blockquote>\n<\/figure>\n\n<p>\u00a0<\/p>\n\n<p>Es importante marcar que Villa Mar\u00eda no es una ciudad colonial y, en virtud de eso, no tiene ceremonia ni acta <em>fundacionales, <\/em>c\u00f3mo, por ejemplo, C\u00f3rdoba.<\/p>\n\n<p>Consecuentemente, reconocer cu\u00e1ndo y c\u00f3mo, en concreto, naci\u00f3 la ciudad, es una cuesti\u00f3n que, a partir de 1930, interesa a muchos estudiosos de la historia local.<\/p>\n\n<p>\u00a0<\/p>\n\n<figure class=\"wp-block-image size-full\"><img decoding=\"async\" width=\"959\" height=\"553\" data-recalc-dims=\"1\" class=\"wp-image-73789\" src=\"https:\/\/i0.wp.com\/elregionalvm.com.ar\/noticias-villa-maria\/wp-content\/uploads\/2023\/03\/Villa-Maria-1915-declarada-ciudad.jpg\" alt=\"\" srcset=\"https:\/\/i0.wp.com\/elregionalvm.com.ar\/noticias-villa-maria\/wp-content\/uploads\/2023\/03\/Villa-Maria-1915-declarada-ciudad.jpg?w=959&amp;ssl=1 959w, https:\/\/i0.wp.com\/elregionalvm.com.ar\/noticias-villa-maria\/wp-content\/uploads\/2023\/03\/Villa-Maria-1915-declarada-ciudad.jpg?resize=300%2C173&amp;ssl=1 300w, https:\/\/i0.wp.com\/elregionalvm.com.ar\/noticias-villa-maria\/wp-content\/uploads\/2023\/03\/Villa-Maria-1915-declarada-ciudad.jpg?resize=768%2C443&amp;ssl=1 768w\" sizes=\"(max-width: 959px) 100vw, 959px\" \/>\n<figcaption><em>Villa Mar\u00eda fue declarada ciudad en 1915. <\/em><\/figcaption>\n<\/figure>\n\n<p>\u00a0<\/p>\n\n<p>Entre las miradas que se construyeron sobre el surgimiento de Villa Mar\u00eda, algunas se instituyeron \u2013es decir, fueron apoyadas y\/o reproducidas gubernamentalmente -mediante monumentos, publicaciones y ceremonias-, como acontece con los relatos de Juan Pereira (12 de octubre de 1932); Raimundo Chaulot (12 de enero de 1933); Jos\u00e9 Pedernera (1970) y Bernardino Calvo (1971, 1985, 1989 y 2000); y otras, cr\u00edticas de las anteriores, se consideran alternativas -son los casos de Eneas Alvarez Igarzabal (1968) y de Jes\u00fas Chirino (24 de septiembre de 2017 y 4 de septiembre de 2022).<\/p>\n\n<p>Pereira (12 de octubre de 1932); Chaulot (12 de enero de 1933); Alvarez Igarzabal (1968); Pedernera (1970) y Calvo (1971, 1985, 1989 y 2000), con singularidades, asocian el surgimiento de Villa Mar\u00eda con operaciones inmobiliarias -compraventas de solares-, tr\u00e1mites gubernamentales -aprobaciones de proyectos- y tareas urban\u00edsticas -mensuras, amojonamientos- concretadas en 1867, particularmente entre junio y septiembre, por Manuel Anselmo Ocampo, propietario de la parcela donde, a partir de una estaci\u00f3n ferroviaria \u2013Ferrocarril Central Argentino- se demarc\u00f3 Villa Mar\u00eda; Pablo Barrelier, apoderado de Ocampo en esas gestiones, y Santiago Echenique, agrimensor que proyect\u00f3 la urbe.<\/p>\n\n<p>Frente a esos relatos, Jes\u00fas Chirino (24 de septiembre de 2017) plantea una interpretaci\u00f3n continua -porque conecta pasado y presente: ninguna poblaci\u00f3n se funda para siempre, dice- y colectiva, ya que involucra a todo el vecindario en ese proceso diario y continuo.<\/p>\n<p><img decoding=\"async\" data-recalc-dims=\"1\" class=\"alignnone size-full wp-image-64717\" src=\"https:\/\/i0.wp.com\/elregionalvm.com.ar\/noticias-villa-maria\/wp-content\/uploads\/2022\/09\/ITAL-CAFE.jpg?resize=550%2C628\" alt=\"\" width=\"550\" height=\"628\" srcset=\"https:\/\/i0.wp.com\/elregionalvm.com.ar\/noticias-villa-maria\/wp-content\/uploads\/2022\/09\/ITAL-CAFE.jpg?w=550&amp;ssl=1 550w, https:\/\/i0.wp.com\/elregionalvm.com.ar\/noticias-villa-maria\/wp-content\/uploads\/2022\/09\/ITAL-CAFE.jpg?resize=263%2C300&amp;ssl=1 263w\" sizes=\"(max-width: 550px) 100vw, 550px\" \/><\/p>\n\n<p><strong>\u00bfFundador sin fundaci\u00f3n? <\/strong><\/p>\n\n<p>\u00a0<\/p>\n\n<figure class=\"wp-block-pullquote\">\n<blockquote>\n<p>Villa Mar\u00eda no tuvo ceremonia de fundaci\u00f3n, ni, en consecuencia, acta de fundaci\u00f3n, pero: <strong>\u00bfTiene fundador?<\/strong><\/p>\n<\/blockquote>\n<\/figure>\n\n<p>Villa Mar\u00eda no tuvo ceremonia de fundaci\u00f3n, ni, en consecuencia, acta de fundaci\u00f3n, pero: <strong>\u00bfTiene fundador?<\/strong><\/p>\n\n<p>En ciudades con ascendencia hispana, el actor fundacional muchas veces es comparable a un protector urbano que se venera secularmente como a un patrono.<\/p>\n\n<p>En ese sentido, instituir un fundador fue una cuesti\u00f3n que tambi\u00e9n concentr\u00f3 el inter\u00e9s de historiadores y autoridades. Entre los primeros, para la mayor\u00eda \u2013Pereira; Chaulot; Pedernera y Calvo- ese status debe imputarse a Manuel Anselmo Ocampo, porque resolvi\u00f3 crear la urbe y colocarle un nombre en honor a su hija Mar\u00eda Luisa.<\/p>\n\n<p>\u00a0<\/p>\n\n<figure class=\"wp-block-image size-large\"><img loading=\"lazy\" decoding=\"async\" data-recalc-dims=\"1\" height=\"1024\" width=\"755\" class=\"wp-image-83319\" src=\"https:\/\/i0.wp.com\/elregionalvm.com.ar\/noticias-villa-maria\/wp-content\/uploads\/2023\/09\/Monumento-Manuel-Anselmo-Ocampo-Veglia-755x1024.jpg?resize=755%2C1024\" alt=\"\" srcset=\"https:\/\/i0.wp.com\/elregionalvm.com.ar\/noticias-villa-maria\/wp-content\/uploads\/2023\/09\/Monumento-Manuel-Anselmo-Ocampo-Veglia.jpg?resize=755%2C1024&amp;ssl=1 755w, https:\/\/i0.wp.com\/elregionalvm.com.ar\/noticias-villa-maria\/wp-content\/uploads\/2023\/09\/Monumento-Manuel-Anselmo-Ocampo-Veglia.jpg?resize=221%2C300&amp;ssl=1 221w, https:\/\/i0.wp.com\/elregionalvm.com.ar\/noticias-villa-maria\/wp-content\/uploads\/2023\/09\/Monumento-Manuel-Anselmo-Ocampo-Veglia.jpg?resize=768%2C1041&amp;ssl=1 768w, https:\/\/i0.wp.com\/elregionalvm.com.ar\/noticias-villa-maria\/wp-content\/uploads\/2023\/09\/Monumento-Manuel-Anselmo-Ocampo-Veglia.jpg?w=1032&amp;ssl=1 1032w\" sizes=\"(max-width: 755px) 100vw, 755px\" \/>\n<figcaption><em>Monumento a Manuel Anselmo Ocampo en la ciudad. <\/em><\/figcaption>\n<\/figure>\n\n<p>\u00a0<\/p>\n\n<p>En discrepancia con ese criterio, Alvarez Igarzabal (1968) considera que Pablo Barrelier, gestor de Ocampo en esos tr\u00e1mites, merece el reconocimiento por ejecutar -en el sentido de materializar- la voluntad de Ocampo.<\/p>\n\n<p>Jos\u00e9 Pedernera (1970), invalida a Barrelier porque actu\u00f3 estrictamente dentro de su mandato: \u201ccumpli\u00f3 simplemente sus instrucciones sin realizar nada por su cuenta\u201d (Calvo, 1985: 14). Pero, precisamente por eso, Alvarez Igarzabal argumenta: \u201cCabrera fund\u00f3 una ciudad -C\u00f3rdoba- por mandato del virrey Toledo\u201d y nadie considera fundador de C\u00f3rdoba a Toledo (Calvo, 1985: 15).<\/p>\n<p><img loading=\"lazy\" decoding=\"async\" data-recalc-dims=\"1\" class=\"alignnone size-full wp-image-45522\" src=\"https:\/\/i0.wp.com\/elregionalvm.com.ar\/noticias-villa-maria\/wp-content\/uploads\/2021\/09\/0-auditoria2.jpg?resize=830%2C272\" alt=\"\" width=\"830\" height=\"272\" srcset=\"https:\/\/i0.wp.com\/elregionalvm.com.ar\/noticias-villa-maria\/wp-content\/uploads\/2021\/09\/0-auditoria2.jpg?w=830&amp;ssl=1 830w, https:\/\/i0.wp.com\/elregionalvm.com.ar\/noticias-villa-maria\/wp-content\/uploads\/2021\/09\/0-auditoria2.jpg?resize=300%2C98&amp;ssl=1 300w, https:\/\/i0.wp.com\/elregionalvm.com.ar\/noticias-villa-maria\/wp-content\/uploads\/2021\/09\/0-auditoria2.jpg?resize=768%2C252&amp;ssl=1 768w\" sizes=\"(max-width: 830px) 100vw, 830px\" \/><\/p>\n\n<p>Convalidando el primer criterio, la Municipalidad de Villa Mar\u00eda instituy\u00f3 a Manuel Anselmo Ocampo como fundador de la ciudad. En ese marco, coloc\u00f3 su nombre a una plaza y a una calle y realiz\u00f3 un monumento -ubicado en el bulevar Gobernador Sabattini, frente a la mencionada plaza-.<\/p>\n\n<p>Nuevamente, enjuiciando esos criterios, Chirino no ancla en ning\u00fan actor individual (Ocampo, Barrelier o Echenique) incluyendo, como se dijo, a todo el vecindario en la cotidiana y continua formaci\u00f3n de la ciudad.<\/p>\n\n<p><strong>\u00bfCu\u00e1ndo conmemorar el aniversario? <\/strong><\/p>\n\n<p>La Municipalidad de Villa Mar\u00eda conmemora el nacimiento de la ciudad a partir de 1942, cuando, en la primera intendencia de Salom\u00f3n Deiver (1940-1943), el 25 de septiembre, fue recordado el 75\u00ba aniversario de ese acontecimiento.<\/p>\n\n<p>\u00a0<\/p>\n\n<figure class=\"wp-block-image size-full\"><img loading=\"lazy\" decoding=\"async\" width=\"960\" height=\"672\" data-recalc-dims=\"1\" class=\"wp-image-83318\" src=\"https:\/\/i0.wp.com\/elregionalvm.com.ar\/noticias-villa-maria\/wp-content\/uploads\/2023\/09\/Deiver-Salomon.jpg\" alt=\"\" srcset=\"https:\/\/i0.wp.com\/elregionalvm.com.ar\/noticias-villa-maria\/wp-content\/uploads\/2023\/09\/Deiver-Salomon.jpg?w=960&amp;ssl=1 960w, https:\/\/i0.wp.com\/elregionalvm.com.ar\/noticias-villa-maria\/wp-content\/uploads\/2023\/09\/Deiver-Salomon.jpg?resize=300%2C210&amp;ssl=1 300w, https:\/\/i0.wp.com\/elregionalvm.com.ar\/noticias-villa-maria\/wp-content\/uploads\/2023\/09\/Deiver-Salomon.jpg?resize=768%2C538&amp;ssl=1 768w\" sizes=\"(max-width: 960px) 100vw, 960px\" \/>\n<figcaption><em>Salom\u00f3n Deiver instituy\u00f3 el 25 de septiembre como la fecha fundacional. <\/em><\/figcaption>\n<\/figure>\n\n<p>\u00a0<\/p>\n\n<p>El criterio considerado, conmemorar el aniversario un 25 de septiembre \u2013argumentando que Pablo Barrelier, apoderado de Ocampo, pidi\u00f3 que fuera aprobado el proyecto urbano-, con algunas omisiones, se mantuvo entre 1942 y 1955.<\/p>\n\n<p>En septiembre de 1956, el Departamento Ejecutivo Municipal (DEMVM) record\u00f3 el nacimiento de Villa Mar\u00eda el 27 y no el 25.\u00a0<\/p>\n<p><img loading=\"lazy\" decoding=\"async\" data-recalc-dims=\"1\" class=\"alignnone size-full wp-image-45325\" src=\"https:\/\/i0.wp.com\/elregionalvm.com.ar\/noticias-villa-maria\/wp-content\/uploads\/2021\/09\/centro-construcciones-gr.jpg?resize=830%2C277\" alt=\"\" width=\"830\" height=\"277\" srcset=\"https:\/\/i0.wp.com\/elregionalvm.com.ar\/noticias-villa-maria\/wp-content\/uploads\/2021\/09\/centro-construcciones-gr.jpg?w=830&amp;ssl=1 830w, https:\/\/i0.wp.com\/elregionalvm.com.ar\/noticias-villa-maria\/wp-content\/uploads\/2021\/09\/centro-construcciones-gr.jpg?resize=300%2C100&amp;ssl=1 300w, https:\/\/i0.wp.com\/elregionalvm.com.ar\/noticias-villa-maria\/wp-content\/uploads\/2021\/09\/centro-construcciones-gr.jpg?resize=768%2C256&amp;ssl=1 768w\" sizes=\"(max-width: 830px) 100vw, 830px\" \/><\/p>\n\n<p>El Decreto sancionado (13 de septiembre de 1956) con esta finalidad, plantea que ese d\u00eda el nombre de la ciudad fue escrito primitivamente en un documento estatal; circunstancia que, por otra parte, desvirt\u00faa un mapa realizado en 1866, donde, frente a Villa Nueva, ya se observa un punto denominado Villa Mar\u00eda (Chirino, 4 de septiembre de 2022).<\/p>\n\n<p>En 1959, transitando su segunda intendencia (1958-1960), Salom\u00f3n Deiver reimplant\u00f3 el 25 de septiembre; pero Alfredo Vijande (en 1960), tras ser intervenido el Municipio, recuper\u00f3 el criterio alternativo. Consecuentemente, a partir de 1960, el aniversario se conmemora el 27 de septiembre.<\/p>\n\n<p><strong>El 27 de septiembre en la identidad villamariense<\/strong><\/p>\n\n<p>Para terminar, es clave decir que Villa Mar\u00eda no naci\u00f3 como resultado de un suceso, sino en el marco de un proceso, que pudo activarse en 1867 o, incluso, antes, si se pretende ubicar el origen urbano en per\u00edodos anteriores -hispano o ind\u00edgena-.<\/p>\n\n<p>Aun as\u00ed, para realizar la ceremonia protocolar, el aniversario debe conmemorarse un d\u00eda en particular. Actualmente, es el 27 de septiembre; antes fue el 25, y tambi\u00e9n podr\u00eda ser el 7 de junio (fue medida la parcela donde se construy\u00f3 la estaci\u00f3n ferroviaria), el 10 de agosto (se demarc\u00f3 la urbe), el 1 de septiembre (fue inaugurada la mencionada estaci\u00f3n) o el 28 de septiembre (se aprob\u00f3 el plano).<\/p>\n\n<p><em>Todo puede discutirse, todo debe discutirse.<\/em><\/p>\n\n<p>\u00a0<\/p>\n\n<figure class=\"wp-block-image size-large\"><img loading=\"lazy\" decoding=\"async\" data-recalc-dims=\"1\" height=\"768\" width=\"1024\" class=\"wp-image-76601\" src=\"https:\/\/i0.wp.com\/elregionalvm.com.ar\/noticias-villa-maria\/wp-content\/uploads\/2023\/05\/Villa-Maria-cartel-costanera-compuertas-1024x768.jpg?resize=1024%2C768\" alt=\"\" srcset=\"https:\/\/i0.wp.com\/elregionalvm.com.ar\/noticias-villa-maria\/wp-content\/uploads\/2023\/05\/Villa-Maria-cartel-costanera-compuertas.jpg?resize=1024%2C768&amp;ssl=1 1024w, https:\/\/i0.wp.com\/elregionalvm.com.ar\/noticias-villa-maria\/wp-content\/uploads\/2023\/05\/Villa-Maria-cartel-costanera-compuertas.jpg?resize=300%2C225&amp;ssl=1 300w, https:\/\/i0.wp.com\/elregionalvm.com.ar\/noticias-villa-maria\/wp-content\/uploads\/2023\/05\/Villa-Maria-cartel-costanera-compuertas.jpg?resize=768%2C576&amp;ssl=1 768w, https:\/\/i0.wp.com\/elregionalvm.com.ar\/noticias-villa-maria\/wp-content\/uploads\/2023\/05\/Villa-Maria-cartel-costanera-compuertas.jpg?w=1200&amp;ssl=1 1200w\" sizes=\"(max-width: 1000px) 100vw, 1000px\" \/>\n<figcaption><em>Una postal actual de la ciudad con su c\u00e9lebre Costanera. <\/em><\/figcaption>\n<\/figure>\n\n<p>\u00a0<\/p>\n\n<p>\u00bfLa ciudad fue creada por actores individuales o por actores colectivos? \u00bfAfros, asi\u00e1ticos y nativos son parte de esa historia? \u00bfO Villa Mar\u00eda \u00fanicamente es producto de la colonizaci\u00f3n hispana y de la inmigraci\u00f3n agroexportadora?<\/p>\n\n<p>El 27 de septiembre ya constituye la identidad villamariense y en virtud de eso, probablemente, no haya cambios en ese sentido; pero esto no debe impedir discusiones, ni invalidar cuestionamientos.<\/p>\n\n<p>Pretendiendo resolver ese asunto, surgieron centros de estudios (1948 y 1968), hubo investigaciones y, a partir de estas, el Municipio y otros actores comunitarios generaron debates y apoyaron publicaciones.<\/p>\n\n<p>Aun as\u00ed, no se construyeron grandes consensos. Jos\u00e9 Pedernera, cuyo trabajo <em>(Historia de la Ciudad de Villa Mar\u00eda)<\/em> fue premiado en un certamen convocado por la Municipalidad con esa finalidad cuando se conmemor\u00f3 el Centenario (1967), considera que el aniversario puede recordarse el 25 o el 27, dependiendo de la interpretaci\u00f3n que se privilegie en cada caso, y Calvo (1989), despu\u00e9s de criticar el 27 de septiembre en 1971, convalida este criterio en <em>Historia de la Ciudad de Villa Mar\u00eda y de sus barrios.<\/em><\/p>\n\n<p>Eneas Alvarez Igarzabal se inclina por el 1\u00b0; Raimundo Chaulot \u00fanicamente dice que la ciudad naci\u00f3 en 1867, y Jes\u00fas Chirino, en su interpretaci\u00f3n continua, no ancla en ning\u00fan acontecimiento en particular.<\/p>\n\n<p>Es una discusi\u00f3n viva, porque involucra la identidad villamariense, y, en ese marco, interesa -y nos interpela- en el presente.<\/p>\n\n<p>\u00a0<\/p>\n\n<h4 class=\"wp-block-heading\"><strong>Sobre el autor<\/strong><\/h4>\n\n<p>Augusto Javier L\u00f3pez naci\u00f3 (1985) en Villa Mar\u00eda (C\u00f3rdoba), Argentina. Es profesor de Historia en los niveles Medio y Superior, integra el Instituto Municipal de Historia de Villa Mar\u00eda (IMHVM) y trabaja en el Archivo Hist\u00f3rico Municipal de la misma ciudad (AHMVM).<\/p>\n\n<p>En ese marco, interviene en proyectos de investigaci\u00f3n y de extensi\u00f3n dependientes de la Universidad Nacional de Villa Mar\u00eda (UNVM) y, como docente, en la\u00a0<em>Diplomatura Universitaria en Estudios Hist\u00f3ricos en Contextos Regionales,\u00a0<\/em>concretada (2022-2023) entre la UNVM y el IMHVM.<\/p>\n\n<p>Entre otros trabajos, public\u00f3:<\/p>\n\n<p>\u00b7\u00a0\u00a0\u00a0\u00a0\u00a0\u00a0\u00a0\u00a0\u00a0Los archivos de Villa Mar\u00eda como una dimensi\u00f3n de su patrimonio hist\u00f3rico (2022). En Gili, M. L. y P\u00e9rez Zavala, G. (compiladoras).\u00a0<em>Cultura viva, relatos orales y patrimonio cultural inmaterial<\/em>\u00a0(85-103): Aspha<\/p>\n\n<p>\u00b7\u00a0\u00a0\u00a0\u00a0\u00a0\u00a0\u00a0\u00a0\u00a0<em>El ferrocarril en Villa Mar\u00eda. Una mirada sobre su auge y declive en la ciudad<\/em>\u00a0(2019): El Mens\u00fa<\/p>\n\n<p>\u00b7\u00a0\u00a0\u00a0\u00a0\u00a0\u00a0\u00a0\u00a0\u00a0La operaci\u00f3n inmobiliaria de Manuel Anselmo Ocampo (1861-1880) (2017). En Gili, M. L.; Russo, G. y Achilli, C. (compiladores).\u00a0<em>Historia de Villa Mar\u00eda y la Regi\u00f3n &#8211; II Jornadas de Historia y Memoria Local y Regional (IMHVM)<\/em>\u00a0(137-148): Mediterr\u00e1nea<\/p>\n\n<p><strong><em>Referencias<\/em><\/strong><\/p>\n\n<p>Alvarez Igarzabal, E. (1968). <em>Villa Mar\u00eda en la historia. Tierras sin t\u00edtulos. Fraude en el periodismo. <\/em>Villa Mar\u00eda, Argentina[BPMMM]<\/p>\n\n<p>Calvo, B. (1971).Or\u00edgenes de Villa Mar\u00eda (En el Antiguo Paso de Ferreira). <em>Noticias.<\/em> Villa Mar\u00eda, Argentina [AHMVM]<\/p>\n\n<p>_(1982). <em>Centenario del periodismo villamariense.<\/em> Villa Mar\u00eda, Argentina: Centro de Periodistas Lucio Capdevila [AHMVM]<\/p>\n\n<p>_(1989). <em>Historia popular de Villa Mar\u00eda. Tomo II. Historia de Villa Mar\u00eda y de sus barrios.<\/em> C\u00f3rdoba, Argentina: C\u00e1mara de Senadores de la Provincia de C\u00f3rdoba [BMPMM]<\/p>\n\n<p>_(2000). <em>Villa Mar\u00eda del recuerdo (\u2026y algunos secretos de la ciudad oculta).<\/em> Villa Mar\u00eda, Argentina: Sociedad Argentina de Escritores. Filial Villa Mar\u00eda [BMPMM]<\/p>\n\n<p>Chaulot, R. (12 de enero de 1933). <em>Origen y fundaci\u00f3n de Villa Mar\u00eda<\/em>. [AHMVM]<\/p>\n\n<p>Chirino, J. (24 de septiembre de 2017). Villa Mar\u00eda, fundada por orden del patr\u00f3n Ocampo. <em>El Diario<\/em>. Recuperado de: <a href=\"http:\/\/www.eldiariodelcentrodelpa\u00eds.com\">www.eldiariodelcentrodelpa\u00eds.com<\/a><\/p>\n\n<p>_(4 de septiembre de 2022). Villa Mar\u00eda en un plano de 1866: un a\u00f1o antes de su \u00abfundaci\u00f3n\u00bb. <em>El Diario<\/em>. Recuperado de: www.eldiariodelcentrodelpa\u00eds.com<\/p>\n\n<p>DEMVM (13 de septiembre de 1956). Decreto n\u00ba 760 R. Villa Mar\u00eda, Argentina [DEMVM]<\/p>\n\n<p>Pedernera, J. (1970). <em>Historia de la Ciudad de Villa Mar\u00eda<\/em>. Villa Mar\u00eda, Argentina: Instituto de Investigaciones Hist\u00f3ricas Ram\u00f3n J. C\u00e1rcano &#8211; Escuela Normal V\u00edctor Mercante [BMPMM]<\/p>\n\n<p>Pereira, J. (12 de octubre de 1932). Villa Mar\u00eda. Apuntes Hist\u00f3ricos. <em>Revista de la Asociaci\u00f3n Espa\u00f1ola de S.M. de Villa Mar\u00eda y Villa Nueva, <\/em>II (13) [AHMVM]<\/p>\n\t\t\t\t\t\t\t\t<\/div>\n\t\t\t\t<\/div>\n\t\t\t\t\t<\/div>\n\t\t<\/div>\n\t\t\t\t\t<\/div>\n\t\t<\/section>\n\t\t\t\t<\/div>\n\t\t","protected":false},"excerpt":{"rendered":"<p>\u00a0 La presente nota fue escrita a partir de un ensayo que el autor publicar\u00e1 en breve mediante El Mens\u00fa con el t\u00edtulo \u201c\u00bfPor qu\u00e9 un 27 de septiembre? El nacimiento de Villa Mar\u00eda: relatos hist\u00f3ricos y ceremonias conmemorativas\u201d. \u00a0 Escribe: Augusto L\u00f3pez (Archivo Hist\u00f3rico Municipal de Villa Mar\u00eda) Los aniversarios son momentos que activan [&hellip;]<\/p>\n","protected":false},"author":4,"featured_media":83317,"comment_status":"open","ping_status":"open","sticky":false,"template":"","format":"standard","meta":{"site-sidebar-layout":"default","site-content-layout":"","ast-site-content-layout":"default","site-content-style":"default","site-sidebar-style":"default","ast-global-header-display":"","ast-banner-title-visibility":"","ast-main-header-display":"","ast-hfb-above-header-display":"","ast-hfb-below-header-display":"","ast-hfb-mobile-header-display":"","site-post-title":"","ast-breadcrumbs-content":"","ast-featured-img":"","footer-sml-layout":"","ast-disable-related-posts":"","theme-transparent-header-meta":"","adv-header-id-meta":"","stick-header-meta":"","header-above-stick-meta":"","header-main-stick-meta":"","header-below-stick-meta":"","astra-migrate-meta-layouts":"set","ast-page-background-enabled":"default","ast-page-background-meta":{"desktop":{"background-color":"","background-image":"","background-repeat":"repeat","background-position":"center center","background-size":"auto","background-attachment":"scroll","background-type":"","background-media":"","overlay-type":"","overlay-color":"","overlay-opacity":"","overlay-gradient":""},"tablet":{"background-color":"","background-image":"","background-repeat":"repeat","background-position":"center center","background-size":"auto","background-attachment":"scroll","background-type":"","background-media":"","overlay-type":"","overlay-color":"","overlay-opacity":"","overlay-gradient":""},"mobile":{"background-color":"","background-image":"","background-repeat":"repeat","background-position":"center center","background-size":"auto","background-attachment":"scroll","background-type":"","background-media":"","overlay-type":"","overlay-color":"","overlay-opacity":"","overlay-gradient":""}},"ast-content-background-meta":{"desktop":{"background-color":"var(--ast-global-color-5)","background-image":"","background-repeat":"repeat","background-position":"center center","background-size":"auto","background-attachment":"scroll","background-type":"","background-media":"","overlay-type":"","overlay-color":"","overlay-opacity":"","overlay-gradient":""},"tablet":{"background-color":"var(--ast-global-color-5)","background-image":"","background-repeat":"repeat","background-position":"center center","background-size":"auto","background-attachment":"scroll","background-type":"","background-media":"","overlay-type":"","overlay-color":"","overlay-opacity":"","overlay-gradient":""},"mobile":{"background-color":"var(--ast-global-color-5)","background-image":"","background-repeat":"repeat","background-position":"center center","background-size":"auto","background-attachment":"scroll","background-type":"","background-media":"","overlay-type":"","overlay-color":"","overlay-opacity":"","overlay-gradient":""}},"_jetpack_memberships_contains_paid_content":false,"_joinchat":[],"footnotes":""},"categories":[2098,3557,2],"tags":[11251,1223,17196,22948,7519,1123,22498,11348,679,4218,6216,534],"class_list":["post-83315","post","type-post","status-publish","format-standard","has-post-thumbnail","hentry","category-historias","category-tercera","category-villa-maria","tag-27-de-septiembre","tag-aniversario","tag-archivo-historico-municipal","tag-augusto-lopez","tag-celebracion","tag-ciudad","tag-fecha","tag-fundacion","tag-historia","tag-manuel-anselmo-ocampo","tag-origen","tag-villa-maria"],"yoast_head":"<!-- This site is optimized with the Yoast SEO plugin v26.8 - https:\/\/yoast.com\/product\/yoast-seo-wordpress\/ -->\n<title>[Aniversario 156 de Villa Mar\u00eda] \u00bfPor qu\u00e9 se celebra un 27 de septiembre? La historia detr\u00e1s del festejo - El Regional<\/title>\n<meta name=\"robots\" content=\"index, follow, max-snippet:-1, max-image-preview:large, max-video-preview:-1\" \/>\n<link rel=\"canonical\" href=\"http:\/\/elregionalvm.com.ar\/noticias-villa-maria\/villa-maria-aniversario-156-por-que-se-celebra-un-27-de-septiembre-la-historia-detras-del-festejo\/\" \/>\n<meta property=\"og:locale\" content=\"es_ES\" \/>\n<meta property=\"og:type\" content=\"article\" \/>\n<meta property=\"og:title\" content=\"[Aniversario 156 de Villa Mar\u00eda] \u00bfPor qu\u00e9 se celebra un 27 de septiembre? La historia detr\u00e1s del festejo - El Regional\" \/>\n<meta property=\"og:description\" content=\"\u00a0 La presente nota fue escrita a partir de un ensayo que el autor publicar\u00e1 en breve mediante El Mens\u00fa con el t\u00edtulo \u201c\u00bfPor qu\u00e9 un 27 de septiembre? El nacimiento de Villa Mar\u00eda: relatos hist\u00f3ricos y ceremonias conmemorativas\u201d. \u00a0 Escribe: Augusto L\u00f3pez (Archivo Hist\u00f3rico Municipal de Villa Mar\u00eda) Los aniversarios son momentos que activan [&hellip;]\" \/>\n<meta property=\"og:url\" content=\"http:\/\/elregionalvm.com.ar\/noticias-villa-maria\/villa-maria-aniversario-156-por-que-se-celebra-un-27-de-septiembre-la-historia-detras-del-festejo\/\" \/>\n<meta property=\"og:site_name\" content=\"El Regional\" \/>\n<meta property=\"article:publisher\" content=\"https:\/\/www.facebook.com\/elregionalvm\" \/>\n<meta property=\"article:published_time\" content=\"2023-09-26T22:07:28+00:00\" \/>\n<meta property=\"article:modified_time\" content=\"2023-09-30T14:35:17+00:00\" \/>\n<meta property=\"og:image\" content=\"http:\/\/elregionalvm.com.ar\/noticias-villa-maria\/wp-content\/uploads\/2023\/09\/Tren-vecinos-fundacion-Villa-Maria.jpg\" \/>\n\t<meta property=\"og:image:width\" content=\"2560\" \/>\n\t<meta property=\"og:image:height\" content=\"1536\" \/>\n\t<meta property=\"og:image:type\" content=\"image\/jpeg\" \/>\n<meta name=\"author\" content=\"Contenidos El Regional\" \/>\n<meta name=\"twitter:card\" content=\"summary_large_image\" \/>\n<meta name=\"twitter:creator\" content=\"@elregionalvm1\" \/>\n<meta name=\"twitter:site\" content=\"@elregionalvm1\" \/>\n<meta name=\"twitter:label1\" content=\"Escrito por\" \/>\n\t<meta name=\"twitter:data1\" content=\"Contenidos El Regional\" \/>\n\t<meta name=\"twitter:label2\" content=\"Tiempo de lectura\" \/>\n\t<meta name=\"twitter:data2\" content=\"10 minutos\" \/>\n<script type=\"application\/ld+json\" class=\"yoast-schema-graph\">{\"@context\":\"https:\/\/schema.org\",\"@graph\":[{\"@type\":\"Article\",\"@id\":\"http:\/\/elregionalvm.com.ar\/noticias-villa-maria\/villa-maria-aniversario-156-por-que-se-celebra-un-27-de-septiembre-la-historia-detras-del-festejo\/#article\",\"isPartOf\":{\"@id\":\"http:\/\/elregionalvm.com.ar\/noticias-villa-maria\/villa-maria-aniversario-156-por-que-se-celebra-un-27-de-septiembre-la-historia-detras-del-festejo\/\"},\"author\":{\"name\":\"Contenidos El Regional\",\"@id\":\"http:\/\/elregionalvm.com.ar\/noticias-villa-maria\/#\/schema\/person\/a0fb9c422317faca23d50163151bc354\"},\"headline\":\"[Aniversario 156 de Villa Mar\u00eda] \u00bfPor qu\u00e9 se celebra un 27 de septiembre? La historia detr\u00e1s del festejo\",\"datePublished\":\"2023-09-26T22:07:28+00:00\",\"dateModified\":\"2023-09-30T14:35:17+00:00\",\"mainEntityOfPage\":{\"@id\":\"http:\/\/elregionalvm.com.ar\/noticias-villa-maria\/villa-maria-aniversario-156-por-que-se-celebra-un-27-de-septiembre-la-historia-detras-del-festejo\/\"},\"wordCount\":1755,\"commentCount\":0,\"image\":{\"@id\":\"http:\/\/elregionalvm.com.ar\/noticias-villa-maria\/villa-maria-aniversario-156-por-que-se-celebra-un-27-de-septiembre-la-historia-detras-del-festejo\/#primaryimage\"},\"thumbnailUrl\":\"https:\/\/i0.wp.com\/elregionalvm.com.ar\/noticias-villa-maria\/wp-content\/uploads\/2023\/09\/Tren-vecinos-fundacion-Villa-Maria.jpg?fit=2560%2C1536&ssl=1\",\"keywords\":[\"27 de septiembre\",\"Aniversario\",\"Archivo Hist\u00f3rico Municipal\",\"Augusto L\u00f3pez\",\"celebraci\u00f3n\",\"Ciudad\",\"fecha\",\"Fundaci\u00f3n\",\"historia\",\"Manuel Anselmo Ocampo\",\"origen\",\"villa maria\"],\"articleSection\":[\"Historias\",\"tercera\",\"Villa Mar\u00eda\"],\"inLanguage\":\"es\",\"potentialAction\":[{\"@type\":\"CommentAction\",\"name\":\"Comment\",\"target\":[\"http:\/\/elregionalvm.com.ar\/noticias-villa-maria\/villa-maria-aniversario-156-por-que-se-celebra-un-27-de-septiembre-la-historia-detras-del-festejo\/#respond\"]}]},{\"@type\":\"WebPage\",\"@id\":\"http:\/\/elregionalvm.com.ar\/noticias-villa-maria\/villa-maria-aniversario-156-por-que-se-celebra-un-27-de-septiembre-la-historia-detras-del-festejo\/\",\"url\":\"http:\/\/elregionalvm.com.ar\/noticias-villa-maria\/villa-maria-aniversario-156-por-que-se-celebra-un-27-de-septiembre-la-historia-detras-del-festejo\/\",\"name\":\"[Aniversario 156 de Villa Mar\u00eda] \u00bfPor qu\u00e9 se celebra un 27 de septiembre? La historia detr\u00e1s del festejo - El Regional\",\"isPartOf\":{\"@id\":\"http:\/\/elregionalvm.com.ar\/noticias-villa-maria\/#website\"},\"primaryImageOfPage\":{\"@id\":\"http:\/\/elregionalvm.com.ar\/noticias-villa-maria\/villa-maria-aniversario-156-por-que-se-celebra-un-27-de-septiembre-la-historia-detras-del-festejo\/#primaryimage\"},\"image\":{\"@id\":\"http:\/\/elregionalvm.com.ar\/noticias-villa-maria\/villa-maria-aniversario-156-por-que-se-celebra-un-27-de-septiembre-la-historia-detras-del-festejo\/#primaryimage\"},\"thumbnailUrl\":\"https:\/\/i0.wp.com\/elregionalvm.com.ar\/noticias-villa-maria\/wp-content\/uploads\/2023\/09\/Tren-vecinos-fundacion-Villa-Maria.jpg?fit=2560%2C1536&ssl=1\",\"datePublished\":\"2023-09-26T22:07:28+00:00\",\"dateModified\":\"2023-09-30T14:35:17+00:00\",\"author\":{\"@id\":\"http:\/\/elregionalvm.com.ar\/noticias-villa-maria\/#\/schema\/person\/a0fb9c422317faca23d50163151bc354\"},\"breadcrumb\":{\"@id\":\"http:\/\/elregionalvm.com.ar\/noticias-villa-maria\/villa-maria-aniversario-156-por-que-se-celebra-un-27-de-septiembre-la-historia-detras-del-festejo\/#breadcrumb\"},\"inLanguage\":\"es\",\"potentialAction\":[{\"@type\":\"ReadAction\",\"target\":[\"http:\/\/elregionalvm.com.ar\/noticias-villa-maria\/villa-maria-aniversario-156-por-que-se-celebra-un-27-de-septiembre-la-historia-detras-del-festejo\/\"]}]},{\"@type\":\"ImageObject\",\"inLanguage\":\"es\",\"@id\":\"http:\/\/elregionalvm.com.ar\/noticias-villa-maria\/villa-maria-aniversario-156-por-que-se-celebra-un-27-de-septiembre-la-historia-detras-del-festejo\/#primaryimage\",\"url\":\"https:\/\/i0.wp.com\/elregionalvm.com.ar\/noticias-villa-maria\/wp-content\/uploads\/2023\/09\/Tren-vecinos-fundacion-Villa-Maria.jpg?fit=2560%2C1536&ssl=1\",\"contentUrl\":\"https:\/\/i0.wp.com\/elregionalvm.com.ar\/noticias-villa-maria\/wp-content\/uploads\/2023\/09\/Tren-vecinos-fundacion-Villa-Maria.jpg?fit=2560%2C1536&ssl=1\",\"width\":2560,\"height\":1536},{\"@type\":\"BreadcrumbList\",\"@id\":\"http:\/\/elregionalvm.com.ar\/noticias-villa-maria\/villa-maria-aniversario-156-por-que-se-celebra-un-27-de-septiembre-la-historia-detras-del-festejo\/#breadcrumb\",\"itemListElement\":[{\"@type\":\"ListItem\",\"position\":1,\"name\":\"Portada\",\"item\":\"https:\/\/elregionalvm.com.ar\/noticias-villa-maria\/\"},{\"@type\":\"ListItem\",\"position\":2,\"name\":\"[Aniversario 156 de Villa Mar\u00eda] \u00bfPor qu\u00e9 se celebra un 27 de septiembre? La historia detr\u00e1s del festejo\"}]},{\"@type\":\"WebSite\",\"@id\":\"http:\/\/elregionalvm.com.ar\/noticias-villa-maria\/#website\",\"url\":\"http:\/\/elregionalvm.com.ar\/noticias-villa-maria\/\",\"name\":\"El Regional\",\"description\":\"Mucho m\u00e1s que informaci\u00f3n\",\"potentialAction\":[{\"@type\":\"SearchAction\",\"target\":{\"@type\":\"EntryPoint\",\"urlTemplate\":\"http:\/\/elregionalvm.com.ar\/noticias-villa-maria\/?s={search_term_string}\"},\"query-input\":{\"@type\":\"PropertyValueSpecification\",\"valueRequired\":true,\"valueName\":\"search_term_string\"}}],\"inLanguage\":\"es\"},{\"@type\":\"Person\",\"@id\":\"http:\/\/elregionalvm.com.ar\/noticias-villa-maria\/#\/schema\/person\/a0fb9c422317faca23d50163151bc354\",\"name\":\"Contenidos El Regional\",\"image\":{\"@type\":\"ImageObject\",\"inLanguage\":\"es\",\"@id\":\"http:\/\/elregionalvm.com.ar\/noticias-villa-maria\/#\/schema\/person\/image\/\",\"url\":\"https:\/\/secure.gravatar.com\/avatar\/265b27cb2209af7bb3a1318f03305787d7981a5cc6e6cd08fe5a4ecdf99d4b48?s=96&d=mm&r=g\",\"contentUrl\":\"https:\/\/secure.gravatar.com\/avatar\/265b27cb2209af7bb3a1318f03305787d7981a5cc6e6cd08fe5a4ecdf99d4b48?s=96&d=mm&r=g\",\"caption\":\"Contenidos El Regional\"},\"url\":\"https:\/\/elregionalvm.com.ar\/noticias-villa-maria\/author\/contenido\/\"}]}<\/script>\n<!-- \/ Yoast SEO plugin. -->","yoast_head_json":{"title":"[Aniversario 156 de Villa Mar\u00eda] \u00bfPor qu\u00e9 se celebra un 27 de septiembre? La historia detr\u00e1s del festejo - El Regional","robots":{"index":"index","follow":"follow","max-snippet":"max-snippet:-1","max-image-preview":"max-image-preview:large","max-video-preview":"max-video-preview:-1"},"canonical":"http:\/\/elregionalvm.com.ar\/noticias-villa-maria\/villa-maria-aniversario-156-por-que-se-celebra-un-27-de-septiembre-la-historia-detras-del-festejo\/","og_locale":"es_ES","og_type":"article","og_title":"[Aniversario 156 de Villa Mar\u00eda] \u00bfPor qu\u00e9 se celebra un 27 de septiembre? La historia detr\u00e1s del festejo - El Regional","og_description":"\u00a0 La presente nota fue escrita a partir de un ensayo que el autor publicar\u00e1 en breve mediante El Mens\u00fa con el t\u00edtulo \u201c\u00bfPor qu\u00e9 un 27 de septiembre? El nacimiento de Villa Mar\u00eda: relatos hist\u00f3ricos y ceremonias conmemorativas\u201d. \u00a0 Escribe: Augusto L\u00f3pez (Archivo Hist\u00f3rico Municipal de Villa Mar\u00eda) Los aniversarios son momentos que activan [&hellip;]","og_url":"http:\/\/elregionalvm.com.ar\/noticias-villa-maria\/villa-maria-aniversario-156-por-que-se-celebra-un-27-de-septiembre-la-historia-detras-del-festejo\/","og_site_name":"El Regional","article_publisher":"https:\/\/www.facebook.com\/elregionalvm","article_published_time":"2023-09-26T22:07:28+00:00","article_modified_time":"2023-09-30T14:35:17+00:00","og_image":[{"width":2560,"height":1536,"url":"http:\/\/elregionalvm.com.ar\/noticias-villa-maria\/wp-content\/uploads\/2023\/09\/Tren-vecinos-fundacion-Villa-Maria.jpg","type":"image\/jpeg"}],"author":"Contenidos El Regional","twitter_card":"summary_large_image","twitter_creator":"@elregionalvm1","twitter_site":"@elregionalvm1","twitter_misc":{"Escrito por":"Contenidos El Regional","Tiempo de lectura":"10 minutos"},"schema":{"@context":"https:\/\/schema.org","@graph":[{"@type":"Article","@id":"http:\/\/elregionalvm.com.ar\/noticias-villa-maria\/villa-maria-aniversario-156-por-que-se-celebra-un-27-de-septiembre-la-historia-detras-del-festejo\/#article","isPartOf":{"@id":"http:\/\/elregionalvm.com.ar\/noticias-villa-maria\/villa-maria-aniversario-156-por-que-se-celebra-un-27-de-septiembre-la-historia-detras-del-festejo\/"},"author":{"name":"Contenidos El Regional","@id":"http:\/\/elregionalvm.com.ar\/noticias-villa-maria\/#\/schema\/person\/a0fb9c422317faca23d50163151bc354"},"headline":"[Aniversario 156 de Villa Mar\u00eda] \u00bfPor qu\u00e9 se celebra un 27 de septiembre? La historia detr\u00e1s del festejo","datePublished":"2023-09-26T22:07:28+00:00","dateModified":"2023-09-30T14:35:17+00:00","mainEntityOfPage":{"@id":"http:\/\/elregionalvm.com.ar\/noticias-villa-maria\/villa-maria-aniversario-156-por-que-se-celebra-un-27-de-septiembre-la-historia-detras-del-festejo\/"},"wordCount":1755,"commentCount":0,"image":{"@id":"http:\/\/elregionalvm.com.ar\/noticias-villa-maria\/villa-maria-aniversario-156-por-que-se-celebra-un-27-de-septiembre-la-historia-detras-del-festejo\/#primaryimage"},"thumbnailUrl":"https:\/\/i0.wp.com\/elregionalvm.com.ar\/noticias-villa-maria\/wp-content\/uploads\/2023\/09\/Tren-vecinos-fundacion-Villa-Maria.jpg?fit=2560%2C1536&ssl=1","keywords":["27 de septiembre","Aniversario","Archivo Hist\u00f3rico Municipal","Augusto L\u00f3pez","celebraci\u00f3n","Ciudad","fecha","Fundaci\u00f3n","historia","Manuel Anselmo Ocampo","origen","villa maria"],"articleSection":["Historias","tercera","Villa Mar\u00eda"],"inLanguage":"es","potentialAction":[{"@type":"CommentAction","name":"Comment","target":["http:\/\/elregionalvm.com.ar\/noticias-villa-maria\/villa-maria-aniversario-156-por-que-se-celebra-un-27-de-septiembre-la-historia-detras-del-festejo\/#respond"]}]},{"@type":"WebPage","@id":"http:\/\/elregionalvm.com.ar\/noticias-villa-maria\/villa-maria-aniversario-156-por-que-se-celebra-un-27-de-septiembre-la-historia-detras-del-festejo\/","url":"http:\/\/elregionalvm.com.ar\/noticias-villa-maria\/villa-maria-aniversario-156-por-que-se-celebra-un-27-de-septiembre-la-historia-detras-del-festejo\/","name":"[Aniversario 156 de Villa Mar\u00eda] \u00bfPor qu\u00e9 se celebra un 27 de septiembre? La historia detr\u00e1s del festejo - El Regional","isPartOf":{"@id":"http:\/\/elregionalvm.com.ar\/noticias-villa-maria\/#website"},"primaryImageOfPage":{"@id":"http:\/\/elregionalvm.com.ar\/noticias-villa-maria\/villa-maria-aniversario-156-por-que-se-celebra-un-27-de-septiembre-la-historia-detras-del-festejo\/#primaryimage"},"image":{"@id":"http:\/\/elregionalvm.com.ar\/noticias-villa-maria\/villa-maria-aniversario-156-por-que-se-celebra-un-27-de-septiembre-la-historia-detras-del-festejo\/#primaryimage"},"thumbnailUrl":"https:\/\/i0.wp.com\/elregionalvm.com.ar\/noticias-villa-maria\/wp-content\/uploads\/2023\/09\/Tren-vecinos-fundacion-Villa-Maria.jpg?fit=2560%2C1536&ssl=1","datePublished":"2023-09-26T22:07:28+00:00","dateModified":"2023-09-30T14:35:17+00:00","author":{"@id":"http:\/\/elregionalvm.com.ar\/noticias-villa-maria\/#\/schema\/person\/a0fb9c422317faca23d50163151bc354"},"breadcrumb":{"@id":"http:\/\/elregionalvm.com.ar\/noticias-villa-maria\/villa-maria-aniversario-156-por-que-se-celebra-un-27-de-septiembre-la-historia-detras-del-festejo\/#breadcrumb"},"inLanguage":"es","potentialAction":[{"@type":"ReadAction","target":["http:\/\/elregionalvm.com.ar\/noticias-villa-maria\/villa-maria-aniversario-156-por-que-se-celebra-un-27-de-septiembre-la-historia-detras-del-festejo\/"]}]},{"@type":"ImageObject","inLanguage":"es","@id":"http:\/\/elregionalvm.com.ar\/noticias-villa-maria\/villa-maria-aniversario-156-por-que-se-celebra-un-27-de-septiembre-la-historia-detras-del-festejo\/#primaryimage","url":"https:\/\/i0.wp.com\/elregionalvm.com.ar\/noticias-villa-maria\/wp-content\/uploads\/2023\/09\/Tren-vecinos-fundacion-Villa-Maria.jpg?fit=2560%2C1536&ssl=1","contentUrl":"https:\/\/i0.wp.com\/elregionalvm.com.ar\/noticias-villa-maria\/wp-content\/uploads\/2023\/09\/Tren-vecinos-fundacion-Villa-Maria.jpg?fit=2560%2C1536&ssl=1","width":2560,"height":1536},{"@type":"BreadcrumbList","@id":"http:\/\/elregionalvm.com.ar\/noticias-villa-maria\/villa-maria-aniversario-156-por-que-se-celebra-un-27-de-septiembre-la-historia-detras-del-festejo\/#breadcrumb","itemListElement":[{"@type":"ListItem","position":1,"name":"Portada","item":"https:\/\/elregionalvm.com.ar\/noticias-villa-maria\/"},{"@type":"ListItem","position":2,"name":"[Aniversario 156 de Villa Mar\u00eda] \u00bfPor qu\u00e9 se celebra un 27 de septiembre? La historia detr\u00e1s del festejo"}]},{"@type":"WebSite","@id":"http:\/\/elregionalvm.com.ar\/noticias-villa-maria\/#website","url":"http:\/\/elregionalvm.com.ar\/noticias-villa-maria\/","name":"El Regional","description":"Mucho m\u00e1s que informaci\u00f3n","potentialAction":[{"@type":"SearchAction","target":{"@type":"EntryPoint","urlTemplate":"http:\/\/elregionalvm.com.ar\/noticias-villa-maria\/?s={search_term_string}"},"query-input":{"@type":"PropertyValueSpecification","valueRequired":true,"valueName":"search_term_string"}}],"inLanguage":"es"},{"@type":"Person","@id":"http:\/\/elregionalvm.com.ar\/noticias-villa-maria\/#\/schema\/person\/a0fb9c422317faca23d50163151bc354","name":"Contenidos El Regional","image":{"@type":"ImageObject","inLanguage":"es","@id":"http:\/\/elregionalvm.com.ar\/noticias-villa-maria\/#\/schema\/person\/image\/","url":"https:\/\/secure.gravatar.com\/avatar\/265b27cb2209af7bb3a1318f03305787d7981a5cc6e6cd08fe5a4ecdf99d4b48?s=96&d=mm&r=g","contentUrl":"https:\/\/secure.gravatar.com\/avatar\/265b27cb2209af7bb3a1318f03305787d7981a5cc6e6cd08fe5a4ecdf99d4b48?s=96&d=mm&r=g","caption":"Contenidos El Regional"},"url":"https:\/\/elregionalvm.com.ar\/noticias-villa-maria\/author\/contenido\/"}]}},"jetpack_featured_media_url":"https:\/\/i0.wp.com\/elregionalvm.com.ar\/noticias-villa-maria\/wp-content\/uploads\/2023\/09\/Tren-vecinos-fundacion-Villa-Maria.jpg?fit=2560%2C1536&ssl=1","jetpack_sharing_enabled":true,"_links":{"self":[{"href":"https:\/\/elregionalvm.com.ar\/noticias-villa-maria\/wp-json\/wp\/v2\/posts\/83315","targetHints":{"allow":["GET"]}}],"collection":[{"href":"https:\/\/elregionalvm.com.ar\/noticias-villa-maria\/wp-json\/wp\/v2\/posts"}],"about":[{"href":"https:\/\/elregionalvm.com.ar\/noticias-villa-maria\/wp-json\/wp\/v2\/types\/post"}],"author":[{"embeddable":true,"href":"https:\/\/elregionalvm.com.ar\/noticias-villa-maria\/wp-json\/wp\/v2\/users\/4"}],"replies":[{"embeddable":true,"href":"https:\/\/elregionalvm.com.ar\/noticias-villa-maria\/wp-json\/wp\/v2\/comments?post=83315"}],"version-history":[{"count":7,"href":"https:\/\/elregionalvm.com.ar\/noticias-villa-maria\/wp-json\/wp\/v2\/posts\/83315\/revisions"}],"predecessor-version":[{"id":83327,"href":"https:\/\/elregionalvm.com.ar\/noticias-villa-maria\/wp-json\/wp\/v2\/posts\/83315\/revisions\/83327"}],"wp:featuredmedia":[{"embeddable":true,"href":"https:\/\/elregionalvm.com.ar\/noticias-villa-maria\/wp-json\/wp\/v2\/media\/83317"}],"wp:attachment":[{"href":"https:\/\/elregionalvm.com.ar\/noticias-villa-maria\/wp-json\/wp\/v2\/media?parent=83315"}],"wp:term":[{"taxonomy":"category","embeddable":true,"href":"https:\/\/elregionalvm.com.ar\/noticias-villa-maria\/wp-json\/wp\/v2\/categories?post=83315"},{"taxonomy":"post_tag","embeddable":true,"href":"https:\/\/elregionalvm.com.ar\/noticias-villa-maria\/wp-json\/wp\/v2\/tags?post=83315"}],"curies":[{"name":"wp","href":"https:\/\/api.w.org\/{rel}","templated":true}]}}