{"id":83760,"date":"2023-10-04T22:27:05","date_gmt":"2023-10-04T22:27:05","guid":{"rendered":"https:\/\/elregionalvm.com.ar\/noticias-villa-maria\/?p=83760"},"modified":"2023-10-04T22:27:07","modified_gmt":"2023-10-04T22:27:07","slug":"argentina-got-talent-participo-el-villamariense-javier-montes","status":"publish","type":"post","link":"https:\/\/elregionalvm.com.ar\/noticias-villa-maria\/argentina-got-talent-participo-el-villamariense-javier-montes\/","title":{"rendered":"\u00abArgentina Got Talent\u00bb: particip\u00f3 el villamariense Javier Montes"},"content":{"rendered":"\n<p>Anoche, se present\u00f3 otro villamariense en el programa de Telef\u00e9 \u00abArgentina Got Talent\u00bb. Esta vez fue el turno para Javier Montes, quien cant\u00f3 un tema de Atahualpa Yupanqui, \u00abEl arriero va\u00bb, d\u00e1ndole una impronta muy personalizada, que hizo que no le gustara a Abel Pintos, quien lo boch\u00f3 con una cruz roja, pero el resto del jurado compuesto por Florencia Pe\u00f1a, Emir y La Joaqui.<\/p>\n\n\n\n<p>Montes se\u00f1al\u00f3 que el canto le ha salvado la vida, que atraves\u00f3 un pozo depresivo, y que hasta pens\u00f3 en alg\u00fan momento suicidarse, hecho que motiv\u00f3 el apoyo de todos los jurados en tal sentido, quienes le brindaron todo su apoyo.<\/p>\n\n\n\n<p>Terminada la devoluci\u00f3n de los jurados, Javier Montes tendr\u00e1 una segunda ronda con tres de los 4 votos positivos en juego, para seguir avanzando en futuras instancias del programa busca talentos.<\/p>\n\n\n\n<p>Fuente\/Gentileza: Radio Centro<\/p>\n","protected":false},"excerpt":{"rendered":"<p>Anoche, se present\u00f3 otro villamariense en el programa de Telef\u00e9 \u00abArgentina Got Talent\u00bb. Esta vez fue el turno para Javier Montes, quien cant\u00f3 un tema de Atahualpa Yupanqui, \u00abEl arriero va\u00bb, d\u00e1ndole una impronta muy personalizada, que hizo que no le gustara a Abel Pintos, quien lo boch\u00f3 con una cruz roja, pero el resto [&hellip;]<\/p>\n","protected":false},"author":4,"featured_media":83761,"comment_status":"open","ping_status":"open","sticky":false,"template":"","format":"standard","meta":{"site-sidebar-layout":"default","site-content-layout":"","ast-site-content-layout":"default","site-content-style":"default","site-sidebar-style":"default","ast-global-header-display":"","ast-banner-title-visibility":"","ast-main-header-display":"","ast-hfb-above-header-display":"","ast-hfb-below-header-display":"","ast-hfb-mobile-header-display":"","site-post-title":"","ast-breadcrumbs-content":"","ast-featured-img":"","footer-sml-layout":"","ast-disable-related-posts":"","theme-transparent-header-meta":"","adv-header-id-meta":"","stick-header-meta":"","header-above-stick-meta":"","header-main-stick-meta":"","header-below-stick-meta":"","astra-migrate-meta-layouts":"set","ast-page-background-enabled":"default","ast-page-background-meta":{"desktop":{"background-color":"","background-image":"","background-repeat":"repeat","background-position":"center center","background-size":"auto","background-attachment":"scroll","background-type":"","background-media":"","overlay-type":"","overlay-color":"","overlay-opacity":"","overlay-gradient":""},"tablet":{"background-color":"","background-image":"","background-repeat":"repeat","background-position":"center center","background-size":"auto","background-attachment":"scroll","background-type":"","background-media":"","overlay-type":"","overlay-color":"","overlay-opacity":"","overlay-gradient":""},"mobile":{"background-color":"","background-image":"","background-repeat":"repeat","background-position":"center center","background-size":"auto","background-attachment":"scroll","background-type":"","background-media":"","overlay-type":"","overlay-color":"","overlay-opacity":"","overlay-gradient":""}},"ast-content-background-meta":{"desktop":{"background-color":"var(--ast-global-color-5)","background-image":"","background-repeat":"repeat","background-position":"center center","background-size":"auto","background-attachment":"scroll","background-type":"","background-media":"","overlay-type":"","overlay-color":"","overlay-opacity":"","overlay-gradient":""},"tablet":{"background-color":"var(--ast-global-color-5)","background-image":"","background-repeat":"repeat","background-position":"center center","background-size":"auto","background-attachment":"scroll","background-type":"","background-media":"","overlay-type":"","overlay-color":"","overlay-opacity":"","overlay-gradient":""},"mobile":{"background-color":"var(--ast-global-color-5)","background-image":"","background-repeat":"repeat","background-position":"center center","background-size":"auto","background-attachment":"scroll","background-type":"","background-media":"","overlay-type":"","overlay-color":"","overlay-opacity":"","overlay-gradient":""}},"_jetpack_memberships_contains_paid_content":false,"_joinchat":[],"footnotes":""},"categories":[15302,5,2],"tags":[],"class_list":["post-83760","post","type-post","status-publish","format-standard","has-post-thumbnail","hentry","category-destacado","category-sociedad","category-villa-maria"],"yoast_head":"<!-- This site is optimized with the Yoast SEO plugin v26.8 - https:\/\/yoast.com\/product\/yoast-seo-wordpress\/ -->\n<title>&quot;Argentina Got Talent&quot;: particip\u00f3 el villamariense Javier Montes - El Regional<\/title>\n<meta name=\"robots\" content=\"index, follow, max-snippet:-1, max-image-preview:large, max-video-preview:-1\" \/>\n<link rel=\"canonical\" href=\"http:\/\/elregionalvm.com.ar\/noticias-villa-maria\/argentina-got-talent-participo-el-villamariense-javier-montes\/\" \/>\n<meta property=\"og:locale\" content=\"es_ES\" \/>\n<meta property=\"og:type\" content=\"article\" \/>\n<meta property=\"og:title\" content=\"&quot;Argentina Got Talent&quot;: particip\u00f3 el villamariense Javier Montes - El Regional\" \/>\n<meta property=\"og:description\" content=\"Anoche, se present\u00f3 otro villamariense en el programa de Telef\u00e9 \u00abArgentina Got Talent\u00bb. Esta vez fue el turno para Javier Montes, quien cant\u00f3 un tema de Atahualpa Yupanqui, \u00abEl arriero va\u00bb, d\u00e1ndole una impronta muy personalizada, que hizo que no le gustara a Abel Pintos, quien lo boch\u00f3 con una cruz roja, pero el resto [&hellip;]\" \/>\n<meta property=\"og:url\" content=\"http:\/\/elregionalvm.com.ar\/noticias-villa-maria\/argentina-got-talent-participo-el-villamariense-javier-montes\/\" \/>\n<meta property=\"og:site_name\" content=\"El Regional\" \/>\n<meta property=\"article:publisher\" content=\"https:\/\/www.facebook.com\/elregionalvm\" \/>\n<meta property=\"article:published_time\" content=\"2023-10-04T22:27:05+00:00\" \/>\n<meta property=\"article:modified_time\" content=\"2023-10-04T22:27:07+00:00\" \/>\n<meta property=\"og:image\" content=\"http:\/\/elregionalvm.com.ar\/noticias-villa-maria\/wp-content\/uploads\/2023\/10\/FZB5PZV7MRFFBBP6UFVZXRBQCQ.webp\" \/>\n\t<meta property=\"og:image:width\" content=\"980\" \/>\n\t<meta property=\"og:image:height\" content=\"640\" \/>\n\t<meta property=\"og:image:type\" content=\"image\/webp\" \/>\n<meta name=\"author\" content=\"Contenidos El Regional\" \/>\n<meta name=\"twitter:card\" content=\"summary_large_image\" \/>\n<meta name=\"twitter:creator\" content=\"@elregionalvm1\" \/>\n<meta name=\"twitter:site\" content=\"@elregionalvm1\" \/>\n<meta name=\"twitter:label1\" content=\"Escrito por\" \/>\n\t<meta name=\"twitter:data1\" content=\"Contenidos El Regional\" \/>\n\t<meta name=\"twitter:label2\" content=\"Tiempo de lectura\" \/>\n\t<meta name=\"twitter:data2\" content=\"1 minuto\" \/>\n<script type=\"application\/ld+json\" class=\"yoast-schema-graph\">{\"@context\":\"https:\/\/schema.org\",\"@graph\":[{\"@type\":\"Article\",\"@id\":\"http:\/\/elregionalvm.com.ar\/noticias-villa-maria\/argentina-got-talent-participo-el-villamariense-javier-montes\/#article\",\"isPartOf\":{\"@id\":\"http:\/\/elregionalvm.com.ar\/noticias-villa-maria\/argentina-got-talent-participo-el-villamariense-javier-montes\/\"},\"author\":{\"name\":\"Contenidos El Regional\",\"@id\":\"http:\/\/elregionalvm.com.ar\/noticias-villa-maria\/#\/schema\/person\/a0fb9c422317faca23d50163151bc354\"},\"headline\":\"\u00abArgentina Got Talent\u00bb: particip\u00f3 el villamariense Javier Montes\",\"datePublished\":\"2023-10-04T22:27:05+00:00\",\"dateModified\":\"2023-10-04T22:27:07+00:00\",\"mainEntityOfPage\":{\"@id\":\"http:\/\/elregionalvm.com.ar\/noticias-villa-maria\/argentina-got-talent-participo-el-villamariense-javier-montes\/\"},\"wordCount\":153,\"commentCount\":0,\"image\":{\"@id\":\"http:\/\/elregionalvm.com.ar\/noticias-villa-maria\/argentina-got-talent-participo-el-villamariense-javier-montes\/#primaryimage\"},\"thumbnailUrl\":\"https:\/\/i0.wp.com\/elregionalvm.com.ar\/noticias-villa-maria\/wp-content\/uploads\/2023\/10\/FZB5PZV7MRFFBBP6UFVZXRBQCQ.webp?fit=980%2C640&ssl=1\",\"articleSection\":[\"destacado\",\"Sociedad\",\"Villa Mar\u00eda\"],\"inLanguage\":\"es\",\"potentialAction\":[{\"@type\":\"CommentAction\",\"name\":\"Comment\",\"target\":[\"http:\/\/elregionalvm.com.ar\/noticias-villa-maria\/argentina-got-talent-participo-el-villamariense-javier-montes\/#respond\"]}]},{\"@type\":\"WebPage\",\"@id\":\"http:\/\/elregionalvm.com.ar\/noticias-villa-maria\/argentina-got-talent-participo-el-villamariense-javier-montes\/\",\"url\":\"http:\/\/elregionalvm.com.ar\/noticias-villa-maria\/argentina-got-talent-participo-el-villamariense-javier-montes\/\",\"name\":\"\\\"Argentina Got Talent\\\": particip\u00f3 el villamariense Javier Montes - El Regional\",\"isPartOf\":{\"@id\":\"http:\/\/elregionalvm.com.ar\/noticias-villa-maria\/#website\"},\"primaryImageOfPage\":{\"@id\":\"http:\/\/elregionalvm.com.ar\/noticias-villa-maria\/argentina-got-talent-participo-el-villamariense-javier-montes\/#primaryimage\"},\"image\":{\"@id\":\"http:\/\/elregionalvm.com.ar\/noticias-villa-maria\/argentina-got-talent-participo-el-villamariense-javier-montes\/#primaryimage\"},\"thumbnailUrl\":\"https:\/\/i0.wp.com\/elregionalvm.com.ar\/noticias-villa-maria\/wp-content\/uploads\/2023\/10\/FZB5PZV7MRFFBBP6UFVZXRBQCQ.webp?fit=980%2C640&ssl=1\",\"datePublished\":\"2023-10-04T22:27:05+00:00\",\"dateModified\":\"2023-10-04T22:27:07+00:00\",\"author\":{\"@id\":\"http:\/\/elregionalvm.com.ar\/noticias-villa-maria\/#\/schema\/person\/a0fb9c422317faca23d50163151bc354\"},\"breadcrumb\":{\"@id\":\"http:\/\/elregionalvm.com.ar\/noticias-villa-maria\/argentina-got-talent-participo-el-villamariense-javier-montes\/#breadcrumb\"},\"inLanguage\":\"es\",\"potentialAction\":[{\"@type\":\"ReadAction\",\"target\":[\"http:\/\/elregionalvm.com.ar\/noticias-villa-maria\/argentina-got-talent-participo-el-villamariense-javier-montes\/\"]}]},{\"@type\":\"ImageObject\",\"inLanguage\":\"es\",\"@id\":\"http:\/\/elregionalvm.com.ar\/noticias-villa-maria\/argentina-got-talent-participo-el-villamariense-javier-montes\/#primaryimage\",\"url\":\"https:\/\/i0.wp.com\/elregionalvm.com.ar\/noticias-villa-maria\/wp-content\/uploads\/2023\/10\/FZB5PZV7MRFFBBP6UFVZXRBQCQ.webp?fit=980%2C640&ssl=1\",\"contentUrl\":\"https:\/\/i0.wp.com\/elregionalvm.com.ar\/noticias-villa-maria\/wp-content\/uploads\/2023\/10\/FZB5PZV7MRFFBBP6UFVZXRBQCQ.webp?fit=980%2C640&ssl=1\",\"width\":980,\"height\":640},{\"@type\":\"BreadcrumbList\",\"@id\":\"http:\/\/elregionalvm.com.ar\/noticias-villa-maria\/argentina-got-talent-participo-el-villamariense-javier-montes\/#breadcrumb\",\"itemListElement\":[{\"@type\":\"ListItem\",\"position\":1,\"name\":\"Portada\",\"item\":\"https:\/\/elregionalvm.com.ar\/noticias-villa-maria\/\"},{\"@type\":\"ListItem\",\"position\":2,\"name\":\"\u00abArgentina Got Talent\u00bb: particip\u00f3 el villamariense Javier Montes\"}]},{\"@type\":\"WebSite\",\"@id\":\"http:\/\/elregionalvm.com.ar\/noticias-villa-maria\/#website\",\"url\":\"http:\/\/elregionalvm.com.ar\/noticias-villa-maria\/\",\"name\":\"El Regional\",\"description\":\"Mucho m\u00e1s que informaci\u00f3n\",\"potentialAction\":[{\"@type\":\"SearchAction\",\"target\":{\"@type\":\"EntryPoint\",\"urlTemplate\":\"http:\/\/elregionalvm.com.ar\/noticias-villa-maria\/?s={search_term_string}\"},\"query-input\":{\"@type\":\"PropertyValueSpecification\",\"valueRequired\":true,\"valueName\":\"search_term_string\"}}],\"inLanguage\":\"es\"},{\"@type\":\"Person\",\"@id\":\"http:\/\/elregionalvm.com.ar\/noticias-villa-maria\/#\/schema\/person\/a0fb9c422317faca23d50163151bc354\",\"name\":\"Contenidos El Regional\",\"image\":{\"@type\":\"ImageObject\",\"inLanguage\":\"es\",\"@id\":\"http:\/\/elregionalvm.com.ar\/noticias-villa-maria\/#\/schema\/person\/image\/\",\"url\":\"https:\/\/secure.gravatar.com\/avatar\/265b27cb2209af7bb3a1318f03305787d7981a5cc6e6cd08fe5a4ecdf99d4b48?s=96&d=mm&r=g\",\"contentUrl\":\"https:\/\/secure.gravatar.com\/avatar\/265b27cb2209af7bb3a1318f03305787d7981a5cc6e6cd08fe5a4ecdf99d4b48?s=96&d=mm&r=g\",\"caption\":\"Contenidos El Regional\"},\"url\":\"https:\/\/elregionalvm.com.ar\/noticias-villa-maria\/author\/contenido\/\"}]}<\/script>\n<!-- \/ Yoast SEO plugin. -->","yoast_head_json":{"title":"\"Argentina Got Talent\": particip\u00f3 el villamariense Javier Montes - El Regional","robots":{"index":"index","follow":"follow","max-snippet":"max-snippet:-1","max-image-preview":"max-image-preview:large","max-video-preview":"max-video-preview:-1"},"canonical":"http:\/\/elregionalvm.com.ar\/noticias-villa-maria\/argentina-got-talent-participo-el-villamariense-javier-montes\/","og_locale":"es_ES","og_type":"article","og_title":"\"Argentina Got Talent\": particip\u00f3 el villamariense Javier Montes - El Regional","og_description":"Anoche, se present\u00f3 otro villamariense en el programa de Telef\u00e9 \u00abArgentina Got Talent\u00bb. Esta vez fue el turno para Javier Montes, quien cant\u00f3 un tema de Atahualpa Yupanqui, \u00abEl arriero va\u00bb, d\u00e1ndole una impronta muy personalizada, que hizo que no le gustara a Abel Pintos, quien lo boch\u00f3 con una cruz roja, pero el resto [&hellip;]","og_url":"http:\/\/elregionalvm.com.ar\/noticias-villa-maria\/argentina-got-talent-participo-el-villamariense-javier-montes\/","og_site_name":"El Regional","article_publisher":"https:\/\/www.facebook.com\/elregionalvm","article_published_time":"2023-10-04T22:27:05+00:00","article_modified_time":"2023-10-04T22:27:07+00:00","og_image":[{"width":980,"height":640,"url":"http:\/\/elregionalvm.com.ar\/noticias-villa-maria\/wp-content\/uploads\/2023\/10\/FZB5PZV7MRFFBBP6UFVZXRBQCQ.webp","type":"image\/webp"}],"author":"Contenidos El Regional","twitter_card":"summary_large_image","twitter_creator":"@elregionalvm1","twitter_site":"@elregionalvm1","twitter_misc":{"Escrito por":"Contenidos El Regional","Tiempo de lectura":"1 minuto"},"schema":{"@context":"https:\/\/schema.org","@graph":[{"@type":"Article","@id":"http:\/\/elregionalvm.com.ar\/noticias-villa-maria\/argentina-got-talent-participo-el-villamariense-javier-montes\/#article","isPartOf":{"@id":"http:\/\/elregionalvm.com.ar\/noticias-villa-maria\/argentina-got-talent-participo-el-villamariense-javier-montes\/"},"author":{"name":"Contenidos El Regional","@id":"http:\/\/elregionalvm.com.ar\/noticias-villa-maria\/#\/schema\/person\/a0fb9c422317faca23d50163151bc354"},"headline":"\u00abArgentina Got Talent\u00bb: particip\u00f3 el villamariense Javier Montes","datePublished":"2023-10-04T22:27:05+00:00","dateModified":"2023-10-04T22:27:07+00:00","mainEntityOfPage":{"@id":"http:\/\/elregionalvm.com.ar\/noticias-villa-maria\/argentina-got-talent-participo-el-villamariense-javier-montes\/"},"wordCount":153,"commentCount":0,"image":{"@id":"http:\/\/elregionalvm.com.ar\/noticias-villa-maria\/argentina-got-talent-participo-el-villamariense-javier-montes\/#primaryimage"},"thumbnailUrl":"https:\/\/i0.wp.com\/elregionalvm.com.ar\/noticias-villa-maria\/wp-content\/uploads\/2023\/10\/FZB5PZV7MRFFBBP6UFVZXRBQCQ.webp?fit=980%2C640&ssl=1","articleSection":["destacado","Sociedad","Villa Mar\u00eda"],"inLanguage":"es","potentialAction":[{"@type":"CommentAction","name":"Comment","target":["http:\/\/elregionalvm.com.ar\/noticias-villa-maria\/argentina-got-talent-participo-el-villamariense-javier-montes\/#respond"]}]},{"@type":"WebPage","@id":"http:\/\/elregionalvm.com.ar\/noticias-villa-maria\/argentina-got-talent-participo-el-villamariense-javier-montes\/","url":"http:\/\/elregionalvm.com.ar\/noticias-villa-maria\/argentina-got-talent-participo-el-villamariense-javier-montes\/","name":"\"Argentina Got Talent\": particip\u00f3 el villamariense Javier Montes - El Regional","isPartOf":{"@id":"http:\/\/elregionalvm.com.ar\/noticias-villa-maria\/#website"},"primaryImageOfPage":{"@id":"http:\/\/elregionalvm.com.ar\/noticias-villa-maria\/argentina-got-talent-participo-el-villamariense-javier-montes\/#primaryimage"},"image":{"@id":"http:\/\/elregionalvm.com.ar\/noticias-villa-maria\/argentina-got-talent-participo-el-villamariense-javier-montes\/#primaryimage"},"thumbnailUrl":"https:\/\/i0.wp.com\/elregionalvm.com.ar\/noticias-villa-maria\/wp-content\/uploads\/2023\/10\/FZB5PZV7MRFFBBP6UFVZXRBQCQ.webp?fit=980%2C640&ssl=1","datePublished":"2023-10-04T22:27:05+00:00","dateModified":"2023-10-04T22:27:07+00:00","author":{"@id":"http:\/\/elregionalvm.com.ar\/noticias-villa-maria\/#\/schema\/person\/a0fb9c422317faca23d50163151bc354"},"breadcrumb":{"@id":"http:\/\/elregionalvm.com.ar\/noticias-villa-maria\/argentina-got-talent-participo-el-villamariense-javier-montes\/#breadcrumb"},"inLanguage":"es","potentialAction":[{"@type":"ReadAction","target":["http:\/\/elregionalvm.com.ar\/noticias-villa-maria\/argentina-got-talent-participo-el-villamariense-javier-montes\/"]}]},{"@type":"ImageObject","inLanguage":"es","@id":"http:\/\/elregionalvm.com.ar\/noticias-villa-maria\/argentina-got-talent-participo-el-villamariense-javier-montes\/#primaryimage","url":"https:\/\/i0.wp.com\/elregionalvm.com.ar\/noticias-villa-maria\/wp-content\/uploads\/2023\/10\/FZB5PZV7MRFFBBP6UFVZXRBQCQ.webp?fit=980%2C640&ssl=1","contentUrl":"https:\/\/i0.wp.com\/elregionalvm.com.ar\/noticias-villa-maria\/wp-content\/uploads\/2023\/10\/FZB5PZV7MRFFBBP6UFVZXRBQCQ.webp?fit=980%2C640&ssl=1","width":980,"height":640},{"@type":"BreadcrumbList","@id":"http:\/\/elregionalvm.com.ar\/noticias-villa-maria\/argentina-got-talent-participo-el-villamariense-javier-montes\/#breadcrumb","itemListElement":[{"@type":"ListItem","position":1,"name":"Portada","item":"https:\/\/elregionalvm.com.ar\/noticias-villa-maria\/"},{"@type":"ListItem","position":2,"name":"\u00abArgentina Got Talent\u00bb: particip\u00f3 el villamariense Javier Montes"}]},{"@type":"WebSite","@id":"http:\/\/elregionalvm.com.ar\/noticias-villa-maria\/#website","url":"http:\/\/elregionalvm.com.ar\/noticias-villa-maria\/","name":"El Regional","description":"Mucho m\u00e1s que informaci\u00f3n","potentialAction":[{"@type":"SearchAction","target":{"@type":"EntryPoint","urlTemplate":"http:\/\/elregionalvm.com.ar\/noticias-villa-maria\/?s={search_term_string}"},"query-input":{"@type":"PropertyValueSpecification","valueRequired":true,"valueName":"search_term_string"}}],"inLanguage":"es"},{"@type":"Person","@id":"http:\/\/elregionalvm.com.ar\/noticias-villa-maria\/#\/schema\/person\/a0fb9c422317faca23d50163151bc354","name":"Contenidos El Regional","image":{"@type":"ImageObject","inLanguage":"es","@id":"http:\/\/elregionalvm.com.ar\/noticias-villa-maria\/#\/schema\/person\/image\/","url":"https:\/\/secure.gravatar.com\/avatar\/265b27cb2209af7bb3a1318f03305787d7981a5cc6e6cd08fe5a4ecdf99d4b48?s=96&d=mm&r=g","contentUrl":"https:\/\/secure.gravatar.com\/avatar\/265b27cb2209af7bb3a1318f03305787d7981a5cc6e6cd08fe5a4ecdf99d4b48?s=96&d=mm&r=g","caption":"Contenidos El Regional"},"url":"https:\/\/elregionalvm.com.ar\/noticias-villa-maria\/author\/contenido\/"}]}},"jetpack_featured_media_url":"https:\/\/i0.wp.com\/elregionalvm.com.ar\/noticias-villa-maria\/wp-content\/uploads\/2023\/10\/FZB5PZV7MRFFBBP6UFVZXRBQCQ.webp?fit=980%2C640&ssl=1","jetpack_sharing_enabled":true,"_links":{"self":[{"href":"https:\/\/elregionalvm.com.ar\/noticias-villa-maria\/wp-json\/wp\/v2\/posts\/83760","targetHints":{"allow":["GET"]}}],"collection":[{"href":"https:\/\/elregionalvm.com.ar\/noticias-villa-maria\/wp-json\/wp\/v2\/posts"}],"about":[{"href":"https:\/\/elregionalvm.com.ar\/noticias-villa-maria\/wp-json\/wp\/v2\/types\/post"}],"author":[{"embeddable":true,"href":"https:\/\/elregionalvm.com.ar\/noticias-villa-maria\/wp-json\/wp\/v2\/users\/4"}],"replies":[{"embeddable":true,"href":"https:\/\/elregionalvm.com.ar\/noticias-villa-maria\/wp-json\/wp\/v2\/comments?post=83760"}],"version-history":[{"count":1,"href":"https:\/\/elregionalvm.com.ar\/noticias-villa-maria\/wp-json\/wp\/v2\/posts\/83760\/revisions"}],"predecessor-version":[{"id":83762,"href":"https:\/\/elregionalvm.com.ar\/noticias-villa-maria\/wp-json\/wp\/v2\/posts\/83760\/revisions\/83762"}],"wp:featuredmedia":[{"embeddable":true,"href":"https:\/\/elregionalvm.com.ar\/noticias-villa-maria\/wp-json\/wp\/v2\/media\/83761"}],"wp:attachment":[{"href":"https:\/\/elregionalvm.com.ar\/noticias-villa-maria\/wp-json\/wp\/v2\/media?parent=83760"}],"wp:term":[{"taxonomy":"category","embeddable":true,"href":"https:\/\/elregionalvm.com.ar\/noticias-villa-maria\/wp-json\/wp\/v2\/categories?post=83760"},{"taxonomy":"post_tag","embeddable":true,"href":"https:\/\/elregionalvm.com.ar\/noticias-villa-maria\/wp-json\/wp\/v2\/tags?post=83760"}],"curies":[{"name":"wp","href":"https:\/\/api.w.org\/{rel}","templated":true}]}}