{"id":84767,"date":"2023-10-26T22:41:57","date_gmt":"2023-10-26T22:41:57","guid":{"rendered":"https:\/\/elregionalvm.com.ar\/noticias-villa-maria\/?p=84767"},"modified":"2023-10-26T22:41:58","modified_gmt":"2023-10-26T22:41:58","slug":"el-intendente-natalio-graglia-recibio-a-la-ministra-de-desarrollo-social-de-la-nacion-victoria-tolosa-paz","status":"publish","type":"post","link":"https:\/\/elregionalvm.com.ar\/noticias-villa-maria\/el-intendente-natalio-graglia-recibio-a-la-ministra-de-desarrollo-social-de-la-nacion-victoria-tolosa-paz\/","title":{"rendered":"El intendente, Natalio Graglia, recibi\u00f3 a la ministra de Desarrollo Social de la Naci\u00f3n Victoria Tolosa Paz"},"content":{"rendered":"\n<p>Juntos recorrieron el flamante Centro de Desarrollo Infantil de barrio El Vallecito, adem\u00e1s de reunirse con mujeres beneficiarias del Programa de asistencia \u201cMil D\u00edas\u201d, del Estado Nacional.<\/p>\n\n\n\n<p>Junto a ellos estuvieron presentes el intendente de Villa Mar\u00eda, Mart\u00edn Gill, y funcionarios de la cartera nacional.<\/p>\n\n\n\n<p>A la hora de las palabras, el mandatario local se encarg\u00f3 de agradecer por las gestiones realizadas en favor de Villa Nueva por parte del Gobierno Nacional, remarcando en ese mismo barrio la conclusi\u00f3n de los planes de viviendas, el play\u00f3n deportivo y este nuevo espacio destinado a la primera infancia.<\/p>\n\n\n\n<figure class=\"wp-block-image size-large\"><img data-recalc-dims=\"1\" fetchpriority=\"high\" decoding=\"async\" width=\"1024\" height=\"768\" src=\"https:\/\/i0.wp.com\/elregionalvm.com.ar\/noticias-villa-maria\/wp-content\/uploads\/2023\/10\/22a14464-93b8-48c6-adaf-15e1091642b6.jpg?resize=1024%2C768&#038;ssl=1\" alt=\"\" class=\"wp-image-84769\" srcset=\"https:\/\/i0.wp.com\/elregionalvm.com.ar\/noticias-villa-maria\/wp-content\/uploads\/2023\/10\/22a14464-93b8-48c6-adaf-15e1091642b6.jpg?resize=1024%2C768&amp;ssl=1 1024w, https:\/\/i0.wp.com\/elregionalvm.com.ar\/noticias-villa-maria\/wp-content\/uploads\/2023\/10\/22a14464-93b8-48c6-adaf-15e1091642b6.jpg?resize=300%2C225&amp;ssl=1 300w, https:\/\/i0.wp.com\/elregionalvm.com.ar\/noticias-villa-maria\/wp-content\/uploads\/2023\/10\/22a14464-93b8-48c6-adaf-15e1091642b6.jpg?resize=768%2C576&amp;ssl=1 768w, https:\/\/i0.wp.com\/elregionalvm.com.ar\/noticias-villa-maria\/wp-content\/uploads\/2023\/10\/22a14464-93b8-48c6-adaf-15e1091642b6.jpg?resize=1536%2C1152&amp;ssl=1 1536w, https:\/\/i0.wp.com\/elregionalvm.com.ar\/noticias-villa-maria\/wp-content\/uploads\/2023\/10\/22a14464-93b8-48c6-adaf-15e1091642b6.jpg?w=1600&amp;ssl=1 1600w\" sizes=\"(max-width: 1000px) 100vw, 1000px\" \/><\/figure>\n\n\n\n<p>\u201cCuando la gente no la pasa bien, es que el Estado tiene que estar m\u00e1s presente que nunca y en esa articulaci\u00f3n creo que hemos llegado a cada vecino de Villa Nueva\u201d, destac\u00f3, e insisti\u00f3 en que \u201ctodo esto que ocurre, ocurre porque tenemos un Estado presente. Un Estado que se ocupa de la gente\u201d.<\/p>\n\n\n\n<p>En el mismo acto, anunci\u00f3 que en poco tiempo m\u00e1s entregar\u00e1n los beneficios para cuarenta familias, a trav\u00e9s del Programa Nacional \u201cMi ba\u00f1o\u201d.<\/p>\n\n\n\n<p>A su turno, la ministra Victoria Tolosa Paz, remarc\u00f3 que \u201cme enorgullece en este lugar ver la enorme potencia del rol del Estado. Cuando ingresamos aqu\u00ed nos contaban que ac\u00e1 hab\u00eda 7 hect\u00e1reas peladas y hoy hay una escuela construida por la Provincia, las viviendas construidas por Naci\u00f3n, el play\u00f3n y este Centro de Desarrollo tambi\u00e9n con presencia del Estado Nacional\u201d.<\/p>\n\n\n\n<p>La Ministra valor\u00f3 la importancia que tienen espacios de este tipo para las familias, \u201cque permiten que las mujeres lleven a sus hijos y puedan ir a trabajar, sin tener que gastar en una guarder\u00eda. Lo que vemos aqu\u00ed es un programa nacional que cuida a las mujeres y que cuida la vida de los m\u00e1s chicos\u201d.<\/p>\n\n\n\n<p>Centro de Desarrollo Infantil<\/p>\n\n\n\n<p>El flamante espacio de barrio El Vallecito construido por el ministerio de Obras P\u00fablicas de la Naci\u00f3n cont\u00f3 con una inversi\u00f3n de m\u00e1s de 42 millones de pesos y cuenta con un equipamiento completamente nuevo.<br>Funcionar\u00e1 en el turno tarde y cuenta con una sala multiedad para ni\u00f1os de 1 y 2 a\u00f1os.<\/p>\n","protected":false},"excerpt":{"rendered":"<p>Juntos recorrieron el flamante Centro de Desarrollo Infantil de barrio El Vallecito, adem\u00e1s de reunirse con mujeres beneficiarias del Programa de asistencia \u201cMil D\u00edas\u201d, del Estado Nacional. Junto a ellos estuvieron presentes el intendente de Villa Mar\u00eda, Mart\u00edn Gill, y funcionarios de la cartera nacional. A la hora de las palabras, el mandatario local se [&hellip;]<\/p>\n","protected":false},"author":4,"featured_media":84768,"comment_status":"open","ping_status":"open","sticky":false,"template":"","format":"standard","meta":{"site-sidebar-layout":"default","site-content-layout":"","ast-site-content-layout":"default","site-content-style":"default","site-sidebar-style":"default","ast-global-header-display":"","ast-banner-title-visibility":"","ast-main-header-display":"","ast-hfb-above-header-display":"","ast-hfb-below-header-display":"","ast-hfb-mobile-header-display":"","site-post-title":"","ast-breadcrumbs-content":"","ast-featured-img":"","footer-sml-layout":"","ast-disable-related-posts":"","theme-transparent-header-meta":"","adv-header-id-meta":"","stick-header-meta":"","header-above-stick-meta":"","header-main-stick-meta":"","header-below-stick-meta":"","astra-migrate-meta-layouts":"set","ast-page-background-enabled":"default","ast-page-background-meta":{"desktop":{"background-color":"","background-image":"","background-repeat":"repeat","background-position":"center center","background-size":"auto","background-attachment":"scroll","background-type":"","background-media":"","overlay-type":"","overlay-color":"","overlay-opacity":"","overlay-gradient":""},"tablet":{"background-color":"","background-image":"","background-repeat":"repeat","background-position":"center center","background-size":"auto","background-attachment":"scroll","background-type":"","background-media":"","overlay-type":"","overlay-color":"","overlay-opacity":"","overlay-gradient":""},"mobile":{"background-color":"","background-image":"","background-repeat":"repeat","background-position":"center center","background-size":"auto","background-attachment":"scroll","background-type":"","background-media":"","overlay-type":"","overlay-color":"","overlay-opacity":"","overlay-gradient":""}},"ast-content-background-meta":{"desktop":{"background-color":"var(--ast-global-color-5)","background-image":"","background-repeat":"repeat","background-position":"center center","background-size":"auto","background-attachment":"scroll","background-type":"","background-media":"","overlay-type":"","overlay-color":"","overlay-opacity":"","overlay-gradient":""},"tablet":{"background-color":"var(--ast-global-color-5)","background-image":"","background-repeat":"repeat","background-position":"center center","background-size":"auto","background-attachment":"scroll","background-type":"","background-media":"","overlay-type":"","overlay-color":"","overlay-opacity":"","overlay-gradient":""},"mobile":{"background-color":"var(--ast-global-color-5)","background-image":"","background-repeat":"repeat","background-position":"center center","background-size":"auto","background-attachment":"scroll","background-type":"","background-media":"","overlay-type":"","overlay-color":"","overlay-opacity":"","overlay-gradient":""}},"_jetpack_memberships_contains_paid_content":false,"_joinchat":[],"footnotes":""},"categories":[15302,5,2,1408],"tags":[],"class_list":["post-84767","post","type-post","status-publish","format-standard","has-post-thumbnail","hentry","category-destacado","category-sociedad","category-villa-maria","category-villa-nueva"],"yoast_head":"<!-- This site is optimized with the Yoast SEO plugin v26.8 - https:\/\/yoast.com\/product\/yoast-seo-wordpress\/ -->\n<title>El intendente, Natalio Graglia, recibi\u00f3 a la ministra de Desarrollo Social de la Naci\u00f3n Victoria Tolosa Paz - El Regional<\/title>\n<meta name=\"robots\" content=\"index, follow, max-snippet:-1, max-image-preview:large, max-video-preview:-1\" \/>\n<link rel=\"canonical\" href=\"https:\/\/elregionalvm.com.ar\/noticias-villa-maria\/el-intendente-natalio-graglia-recibio-a-la-ministra-de-desarrollo-social-de-la-nacion-victoria-tolosa-paz\/\" \/>\n<meta property=\"og:locale\" content=\"es_ES\" \/>\n<meta property=\"og:type\" content=\"article\" \/>\n<meta property=\"og:title\" content=\"El intendente, Natalio Graglia, recibi\u00f3 a la ministra de Desarrollo Social de la Naci\u00f3n Victoria Tolosa Paz - El Regional\" \/>\n<meta property=\"og:description\" content=\"Juntos recorrieron el flamante Centro de Desarrollo Infantil de barrio El Vallecito, adem\u00e1s de reunirse con mujeres beneficiarias del Programa de asistencia \u201cMil D\u00edas\u201d, del Estado Nacional. Junto a ellos estuvieron presentes el intendente de Villa Mar\u00eda, Mart\u00edn Gill, y funcionarios de la cartera nacional. A la hora de las palabras, el mandatario local se [&hellip;]\" \/>\n<meta property=\"og:url\" content=\"https:\/\/elregionalvm.com.ar\/noticias-villa-maria\/el-intendente-natalio-graglia-recibio-a-la-ministra-de-desarrollo-social-de-la-nacion-victoria-tolosa-paz\/\" \/>\n<meta property=\"og:site_name\" content=\"El Regional\" \/>\n<meta property=\"article:publisher\" content=\"https:\/\/www.facebook.com\/elregionalvm\" \/>\n<meta property=\"article:published_time\" content=\"2023-10-26T22:41:57+00:00\" \/>\n<meta property=\"article:modified_time\" content=\"2023-10-26T22:41:58+00:00\" \/>\n<meta property=\"og:image\" content=\"https:\/\/elregionalvm.com.ar\/noticias-villa-maria\/wp-content\/uploads\/2023\/10\/a771f855-ad97-42e8-9cd2-0021cf7a9082.jpg\" \/>\n\t<meta property=\"og:image:width\" content=\"1600\" \/>\n\t<meta property=\"og:image:height\" content=\"1200\" \/>\n\t<meta property=\"og:image:type\" content=\"image\/jpeg\" \/>\n<meta name=\"author\" content=\"Contenidos El Regional\" \/>\n<meta name=\"twitter:card\" content=\"summary_large_image\" \/>\n<meta name=\"twitter:creator\" content=\"@elregionalvm1\" \/>\n<meta name=\"twitter:site\" content=\"@elregionalvm1\" \/>\n<meta name=\"twitter:label1\" content=\"Escrito por\" \/>\n\t<meta name=\"twitter:data1\" content=\"Contenidos El Regional\" \/>\n\t<meta name=\"twitter:label2\" content=\"Tiempo de lectura\" \/>\n\t<meta name=\"twitter:data2\" content=\"2 minutos\" \/>\n<script type=\"application\/ld+json\" class=\"yoast-schema-graph\">{\"@context\":\"https:\/\/schema.org\",\"@graph\":[{\"@type\":\"Article\",\"@id\":\"https:\/\/elregionalvm.com.ar\/noticias-villa-maria\/el-intendente-natalio-graglia-recibio-a-la-ministra-de-desarrollo-social-de-la-nacion-victoria-tolosa-paz\/#article\",\"isPartOf\":{\"@id\":\"https:\/\/elregionalvm.com.ar\/noticias-villa-maria\/el-intendente-natalio-graglia-recibio-a-la-ministra-de-desarrollo-social-de-la-nacion-victoria-tolosa-paz\/\"},\"author\":{\"name\":\"Contenidos El Regional\",\"@id\":\"http:\/\/elregionalvm.com.ar\/noticias-villa-maria\/#\/schema\/person\/a0fb9c422317faca23d50163151bc354\"},\"headline\":\"El intendente, Natalio Graglia, recibi\u00f3 a la ministra de Desarrollo Social de la Naci\u00f3n Victoria Tolosa Paz\",\"datePublished\":\"2023-10-26T22:41:57+00:00\",\"dateModified\":\"2023-10-26T22:41:58+00:00\",\"mainEntityOfPage\":{\"@id\":\"https:\/\/elregionalvm.com.ar\/noticias-villa-maria\/el-intendente-natalio-graglia-recibio-a-la-ministra-de-desarrollo-social-de-la-nacion-victoria-tolosa-paz\/\"},\"wordCount\":388,\"commentCount\":0,\"image\":{\"@id\":\"https:\/\/elregionalvm.com.ar\/noticias-villa-maria\/el-intendente-natalio-graglia-recibio-a-la-ministra-de-desarrollo-social-de-la-nacion-victoria-tolosa-paz\/#primaryimage\"},\"thumbnailUrl\":\"https:\/\/i0.wp.com\/elregionalvm.com.ar\/noticias-villa-maria\/wp-content\/uploads\/2023\/10\/a771f855-ad97-42e8-9cd2-0021cf7a9082.jpg?fit=1600%2C1200&ssl=1\",\"articleSection\":[\"destacado\",\"Sociedad\",\"Villa Mar\u00eda\",\"Villa Nueva\"],\"inLanguage\":\"es\",\"potentialAction\":[{\"@type\":\"CommentAction\",\"name\":\"Comment\",\"target\":[\"https:\/\/elregionalvm.com.ar\/noticias-villa-maria\/el-intendente-natalio-graglia-recibio-a-la-ministra-de-desarrollo-social-de-la-nacion-victoria-tolosa-paz\/#respond\"]}]},{\"@type\":\"WebPage\",\"@id\":\"https:\/\/elregionalvm.com.ar\/noticias-villa-maria\/el-intendente-natalio-graglia-recibio-a-la-ministra-de-desarrollo-social-de-la-nacion-victoria-tolosa-paz\/\",\"url\":\"https:\/\/elregionalvm.com.ar\/noticias-villa-maria\/el-intendente-natalio-graglia-recibio-a-la-ministra-de-desarrollo-social-de-la-nacion-victoria-tolosa-paz\/\",\"name\":\"El intendente, Natalio Graglia, recibi\u00f3 a la ministra de Desarrollo Social de la Naci\u00f3n Victoria Tolosa Paz - El Regional\",\"isPartOf\":{\"@id\":\"http:\/\/elregionalvm.com.ar\/noticias-villa-maria\/#website\"},\"primaryImageOfPage\":{\"@id\":\"https:\/\/elregionalvm.com.ar\/noticias-villa-maria\/el-intendente-natalio-graglia-recibio-a-la-ministra-de-desarrollo-social-de-la-nacion-victoria-tolosa-paz\/#primaryimage\"},\"image\":{\"@id\":\"https:\/\/elregionalvm.com.ar\/noticias-villa-maria\/el-intendente-natalio-graglia-recibio-a-la-ministra-de-desarrollo-social-de-la-nacion-victoria-tolosa-paz\/#primaryimage\"},\"thumbnailUrl\":\"https:\/\/i0.wp.com\/elregionalvm.com.ar\/noticias-villa-maria\/wp-content\/uploads\/2023\/10\/a771f855-ad97-42e8-9cd2-0021cf7a9082.jpg?fit=1600%2C1200&ssl=1\",\"datePublished\":\"2023-10-26T22:41:57+00:00\",\"dateModified\":\"2023-10-26T22:41:58+00:00\",\"author\":{\"@id\":\"http:\/\/elregionalvm.com.ar\/noticias-villa-maria\/#\/schema\/person\/a0fb9c422317faca23d50163151bc354\"},\"breadcrumb\":{\"@id\":\"https:\/\/elregionalvm.com.ar\/noticias-villa-maria\/el-intendente-natalio-graglia-recibio-a-la-ministra-de-desarrollo-social-de-la-nacion-victoria-tolosa-paz\/#breadcrumb\"},\"inLanguage\":\"es\",\"potentialAction\":[{\"@type\":\"ReadAction\",\"target\":[\"https:\/\/elregionalvm.com.ar\/noticias-villa-maria\/el-intendente-natalio-graglia-recibio-a-la-ministra-de-desarrollo-social-de-la-nacion-victoria-tolosa-paz\/\"]}]},{\"@type\":\"ImageObject\",\"inLanguage\":\"es\",\"@id\":\"https:\/\/elregionalvm.com.ar\/noticias-villa-maria\/el-intendente-natalio-graglia-recibio-a-la-ministra-de-desarrollo-social-de-la-nacion-victoria-tolosa-paz\/#primaryimage\",\"url\":\"https:\/\/i0.wp.com\/elregionalvm.com.ar\/noticias-villa-maria\/wp-content\/uploads\/2023\/10\/a771f855-ad97-42e8-9cd2-0021cf7a9082.jpg?fit=1600%2C1200&ssl=1\",\"contentUrl\":\"https:\/\/i0.wp.com\/elregionalvm.com.ar\/noticias-villa-maria\/wp-content\/uploads\/2023\/10\/a771f855-ad97-42e8-9cd2-0021cf7a9082.jpg?fit=1600%2C1200&ssl=1\",\"width\":1600,\"height\":1200},{\"@type\":\"BreadcrumbList\",\"@id\":\"https:\/\/elregionalvm.com.ar\/noticias-villa-maria\/el-intendente-natalio-graglia-recibio-a-la-ministra-de-desarrollo-social-de-la-nacion-victoria-tolosa-paz\/#breadcrumb\",\"itemListElement\":[{\"@type\":\"ListItem\",\"position\":1,\"name\":\"Portada\",\"item\":\"https:\/\/elregionalvm.com.ar\/noticias-villa-maria\/\"},{\"@type\":\"ListItem\",\"position\":2,\"name\":\"El intendente, Natalio Graglia, recibi\u00f3 a la ministra de Desarrollo Social de la Naci\u00f3n Victoria Tolosa Paz\"}]},{\"@type\":\"WebSite\",\"@id\":\"http:\/\/elregionalvm.com.ar\/noticias-villa-maria\/#website\",\"url\":\"http:\/\/elregionalvm.com.ar\/noticias-villa-maria\/\",\"name\":\"El Regional\",\"description\":\"Mucho m\u00e1s que informaci\u00f3n\",\"potentialAction\":[{\"@type\":\"SearchAction\",\"target\":{\"@type\":\"EntryPoint\",\"urlTemplate\":\"http:\/\/elregionalvm.com.ar\/noticias-villa-maria\/?s={search_term_string}\"},\"query-input\":{\"@type\":\"PropertyValueSpecification\",\"valueRequired\":true,\"valueName\":\"search_term_string\"}}],\"inLanguage\":\"es\"},{\"@type\":\"Person\",\"@id\":\"http:\/\/elregionalvm.com.ar\/noticias-villa-maria\/#\/schema\/person\/a0fb9c422317faca23d50163151bc354\",\"name\":\"Contenidos El Regional\",\"image\":{\"@type\":\"ImageObject\",\"inLanguage\":\"es\",\"@id\":\"http:\/\/elregionalvm.com.ar\/noticias-villa-maria\/#\/schema\/person\/image\/\",\"url\":\"https:\/\/secure.gravatar.com\/avatar\/265b27cb2209af7bb3a1318f03305787d7981a5cc6e6cd08fe5a4ecdf99d4b48?s=96&d=mm&r=g\",\"contentUrl\":\"https:\/\/secure.gravatar.com\/avatar\/265b27cb2209af7bb3a1318f03305787d7981a5cc6e6cd08fe5a4ecdf99d4b48?s=96&d=mm&r=g\",\"caption\":\"Contenidos El Regional\"},\"url\":\"https:\/\/elregionalvm.com.ar\/noticias-villa-maria\/author\/contenido\/\"}]}<\/script>\n<!-- \/ Yoast SEO plugin. -->","yoast_head_json":{"title":"El intendente, Natalio Graglia, recibi\u00f3 a la ministra de Desarrollo Social de la Naci\u00f3n Victoria Tolosa Paz - El Regional","robots":{"index":"index","follow":"follow","max-snippet":"max-snippet:-1","max-image-preview":"max-image-preview:large","max-video-preview":"max-video-preview:-1"},"canonical":"https:\/\/elregionalvm.com.ar\/noticias-villa-maria\/el-intendente-natalio-graglia-recibio-a-la-ministra-de-desarrollo-social-de-la-nacion-victoria-tolosa-paz\/","og_locale":"es_ES","og_type":"article","og_title":"El intendente, Natalio Graglia, recibi\u00f3 a la ministra de Desarrollo Social de la Naci\u00f3n Victoria Tolosa Paz - El Regional","og_description":"Juntos recorrieron el flamante Centro de Desarrollo Infantil de barrio El Vallecito, adem\u00e1s de reunirse con mujeres beneficiarias del Programa de asistencia \u201cMil D\u00edas\u201d, del Estado Nacional. Junto a ellos estuvieron presentes el intendente de Villa Mar\u00eda, Mart\u00edn Gill, y funcionarios de la cartera nacional. A la hora de las palabras, el mandatario local se [&hellip;]","og_url":"https:\/\/elregionalvm.com.ar\/noticias-villa-maria\/el-intendente-natalio-graglia-recibio-a-la-ministra-de-desarrollo-social-de-la-nacion-victoria-tolosa-paz\/","og_site_name":"El Regional","article_publisher":"https:\/\/www.facebook.com\/elregionalvm","article_published_time":"2023-10-26T22:41:57+00:00","article_modified_time":"2023-10-26T22:41:58+00:00","og_image":[{"width":1600,"height":1200,"url":"https:\/\/elregionalvm.com.ar\/noticias-villa-maria\/wp-content\/uploads\/2023\/10\/a771f855-ad97-42e8-9cd2-0021cf7a9082.jpg","type":"image\/jpeg"}],"author":"Contenidos El Regional","twitter_card":"summary_large_image","twitter_creator":"@elregionalvm1","twitter_site":"@elregionalvm1","twitter_misc":{"Escrito por":"Contenidos El Regional","Tiempo de lectura":"2 minutos"},"schema":{"@context":"https:\/\/schema.org","@graph":[{"@type":"Article","@id":"https:\/\/elregionalvm.com.ar\/noticias-villa-maria\/el-intendente-natalio-graglia-recibio-a-la-ministra-de-desarrollo-social-de-la-nacion-victoria-tolosa-paz\/#article","isPartOf":{"@id":"https:\/\/elregionalvm.com.ar\/noticias-villa-maria\/el-intendente-natalio-graglia-recibio-a-la-ministra-de-desarrollo-social-de-la-nacion-victoria-tolosa-paz\/"},"author":{"name":"Contenidos El Regional","@id":"http:\/\/elregionalvm.com.ar\/noticias-villa-maria\/#\/schema\/person\/a0fb9c422317faca23d50163151bc354"},"headline":"El intendente, Natalio Graglia, recibi\u00f3 a la ministra de Desarrollo Social de la Naci\u00f3n Victoria Tolosa Paz","datePublished":"2023-10-26T22:41:57+00:00","dateModified":"2023-10-26T22:41:58+00:00","mainEntityOfPage":{"@id":"https:\/\/elregionalvm.com.ar\/noticias-villa-maria\/el-intendente-natalio-graglia-recibio-a-la-ministra-de-desarrollo-social-de-la-nacion-victoria-tolosa-paz\/"},"wordCount":388,"commentCount":0,"image":{"@id":"https:\/\/elregionalvm.com.ar\/noticias-villa-maria\/el-intendente-natalio-graglia-recibio-a-la-ministra-de-desarrollo-social-de-la-nacion-victoria-tolosa-paz\/#primaryimage"},"thumbnailUrl":"https:\/\/i0.wp.com\/elregionalvm.com.ar\/noticias-villa-maria\/wp-content\/uploads\/2023\/10\/a771f855-ad97-42e8-9cd2-0021cf7a9082.jpg?fit=1600%2C1200&ssl=1","articleSection":["destacado","Sociedad","Villa Mar\u00eda","Villa Nueva"],"inLanguage":"es","potentialAction":[{"@type":"CommentAction","name":"Comment","target":["https:\/\/elregionalvm.com.ar\/noticias-villa-maria\/el-intendente-natalio-graglia-recibio-a-la-ministra-de-desarrollo-social-de-la-nacion-victoria-tolosa-paz\/#respond"]}]},{"@type":"WebPage","@id":"https:\/\/elregionalvm.com.ar\/noticias-villa-maria\/el-intendente-natalio-graglia-recibio-a-la-ministra-de-desarrollo-social-de-la-nacion-victoria-tolosa-paz\/","url":"https:\/\/elregionalvm.com.ar\/noticias-villa-maria\/el-intendente-natalio-graglia-recibio-a-la-ministra-de-desarrollo-social-de-la-nacion-victoria-tolosa-paz\/","name":"El intendente, Natalio Graglia, recibi\u00f3 a la ministra de Desarrollo Social de la Naci\u00f3n Victoria Tolosa Paz - El Regional","isPartOf":{"@id":"http:\/\/elregionalvm.com.ar\/noticias-villa-maria\/#website"},"primaryImageOfPage":{"@id":"https:\/\/elregionalvm.com.ar\/noticias-villa-maria\/el-intendente-natalio-graglia-recibio-a-la-ministra-de-desarrollo-social-de-la-nacion-victoria-tolosa-paz\/#primaryimage"},"image":{"@id":"https:\/\/elregionalvm.com.ar\/noticias-villa-maria\/el-intendente-natalio-graglia-recibio-a-la-ministra-de-desarrollo-social-de-la-nacion-victoria-tolosa-paz\/#primaryimage"},"thumbnailUrl":"https:\/\/i0.wp.com\/elregionalvm.com.ar\/noticias-villa-maria\/wp-content\/uploads\/2023\/10\/a771f855-ad97-42e8-9cd2-0021cf7a9082.jpg?fit=1600%2C1200&ssl=1","datePublished":"2023-10-26T22:41:57+00:00","dateModified":"2023-10-26T22:41:58+00:00","author":{"@id":"http:\/\/elregionalvm.com.ar\/noticias-villa-maria\/#\/schema\/person\/a0fb9c422317faca23d50163151bc354"},"breadcrumb":{"@id":"https:\/\/elregionalvm.com.ar\/noticias-villa-maria\/el-intendente-natalio-graglia-recibio-a-la-ministra-de-desarrollo-social-de-la-nacion-victoria-tolosa-paz\/#breadcrumb"},"inLanguage":"es","potentialAction":[{"@type":"ReadAction","target":["https:\/\/elregionalvm.com.ar\/noticias-villa-maria\/el-intendente-natalio-graglia-recibio-a-la-ministra-de-desarrollo-social-de-la-nacion-victoria-tolosa-paz\/"]}]},{"@type":"ImageObject","inLanguage":"es","@id":"https:\/\/elregionalvm.com.ar\/noticias-villa-maria\/el-intendente-natalio-graglia-recibio-a-la-ministra-de-desarrollo-social-de-la-nacion-victoria-tolosa-paz\/#primaryimage","url":"https:\/\/i0.wp.com\/elregionalvm.com.ar\/noticias-villa-maria\/wp-content\/uploads\/2023\/10\/a771f855-ad97-42e8-9cd2-0021cf7a9082.jpg?fit=1600%2C1200&ssl=1","contentUrl":"https:\/\/i0.wp.com\/elregionalvm.com.ar\/noticias-villa-maria\/wp-content\/uploads\/2023\/10\/a771f855-ad97-42e8-9cd2-0021cf7a9082.jpg?fit=1600%2C1200&ssl=1","width":1600,"height":1200},{"@type":"BreadcrumbList","@id":"https:\/\/elregionalvm.com.ar\/noticias-villa-maria\/el-intendente-natalio-graglia-recibio-a-la-ministra-de-desarrollo-social-de-la-nacion-victoria-tolosa-paz\/#breadcrumb","itemListElement":[{"@type":"ListItem","position":1,"name":"Portada","item":"https:\/\/elregionalvm.com.ar\/noticias-villa-maria\/"},{"@type":"ListItem","position":2,"name":"El intendente, Natalio Graglia, recibi\u00f3 a la ministra de Desarrollo Social de la Naci\u00f3n Victoria Tolosa Paz"}]},{"@type":"WebSite","@id":"http:\/\/elregionalvm.com.ar\/noticias-villa-maria\/#website","url":"http:\/\/elregionalvm.com.ar\/noticias-villa-maria\/","name":"El Regional","description":"Mucho m\u00e1s que informaci\u00f3n","potentialAction":[{"@type":"SearchAction","target":{"@type":"EntryPoint","urlTemplate":"http:\/\/elregionalvm.com.ar\/noticias-villa-maria\/?s={search_term_string}"},"query-input":{"@type":"PropertyValueSpecification","valueRequired":true,"valueName":"search_term_string"}}],"inLanguage":"es"},{"@type":"Person","@id":"http:\/\/elregionalvm.com.ar\/noticias-villa-maria\/#\/schema\/person\/a0fb9c422317faca23d50163151bc354","name":"Contenidos El Regional","image":{"@type":"ImageObject","inLanguage":"es","@id":"http:\/\/elregionalvm.com.ar\/noticias-villa-maria\/#\/schema\/person\/image\/","url":"https:\/\/secure.gravatar.com\/avatar\/265b27cb2209af7bb3a1318f03305787d7981a5cc6e6cd08fe5a4ecdf99d4b48?s=96&d=mm&r=g","contentUrl":"https:\/\/secure.gravatar.com\/avatar\/265b27cb2209af7bb3a1318f03305787d7981a5cc6e6cd08fe5a4ecdf99d4b48?s=96&d=mm&r=g","caption":"Contenidos El Regional"},"url":"https:\/\/elregionalvm.com.ar\/noticias-villa-maria\/author\/contenido\/"}]}},"jetpack_featured_media_url":"https:\/\/i0.wp.com\/elregionalvm.com.ar\/noticias-villa-maria\/wp-content\/uploads\/2023\/10\/a771f855-ad97-42e8-9cd2-0021cf7a9082.jpg?fit=1600%2C1200&ssl=1","jetpack_sharing_enabled":true,"_links":{"self":[{"href":"https:\/\/elregionalvm.com.ar\/noticias-villa-maria\/wp-json\/wp\/v2\/posts\/84767","targetHints":{"allow":["GET"]}}],"collection":[{"href":"https:\/\/elregionalvm.com.ar\/noticias-villa-maria\/wp-json\/wp\/v2\/posts"}],"about":[{"href":"https:\/\/elregionalvm.com.ar\/noticias-villa-maria\/wp-json\/wp\/v2\/types\/post"}],"author":[{"embeddable":true,"href":"https:\/\/elregionalvm.com.ar\/noticias-villa-maria\/wp-json\/wp\/v2\/users\/4"}],"replies":[{"embeddable":true,"href":"https:\/\/elregionalvm.com.ar\/noticias-villa-maria\/wp-json\/wp\/v2\/comments?post=84767"}],"version-history":[{"count":1,"href":"https:\/\/elregionalvm.com.ar\/noticias-villa-maria\/wp-json\/wp\/v2\/posts\/84767\/revisions"}],"predecessor-version":[{"id":84770,"href":"https:\/\/elregionalvm.com.ar\/noticias-villa-maria\/wp-json\/wp\/v2\/posts\/84767\/revisions\/84770"}],"wp:featuredmedia":[{"embeddable":true,"href":"https:\/\/elregionalvm.com.ar\/noticias-villa-maria\/wp-json\/wp\/v2\/media\/84768"}],"wp:attachment":[{"href":"https:\/\/elregionalvm.com.ar\/noticias-villa-maria\/wp-json\/wp\/v2\/media?parent=84767"}],"wp:term":[{"taxonomy":"category","embeddable":true,"href":"https:\/\/elregionalvm.com.ar\/noticias-villa-maria\/wp-json\/wp\/v2\/categories?post=84767"},{"taxonomy":"post_tag","embeddable":true,"href":"https:\/\/elregionalvm.com.ar\/noticias-villa-maria\/wp-json\/wp\/v2\/tags?post=84767"}],"curies":[{"name":"wp","href":"https:\/\/api.w.org\/{rel}","templated":true}]}}