{"id":84933,"date":"2023-10-30T01:16:51","date_gmt":"2023-10-30T01:16:51","guid":{"rendered":"https:\/\/elregionalvm.com.ar\/noticias-villa-maria\/?p=84933"},"modified":"2023-10-31T01:03:44","modified_gmt":"2023-10-31T01:03:44","slug":"opinion-las-exenciones-forman-parte-del-desorden-tributario","status":"publish","type":"post","link":"https:\/\/elregionalvm.com.ar\/noticias-villa-maria\/opinion-las-exenciones-forman-parte-del-desorden-tributario\/","title":{"rendered":"[Opini\u00f3n] Las exenciones forman parte del desorden tributario"},"content":{"rendered":"\n<p><\/p>\n\n\n\n<h3 class=\"wp-block-heading\"><strong>El gobierno nacional envi\u00f3 al Congreso una separata del Presupuesto donde se listan exenciones fiscales que no estaban identificadas hist\u00f3ricamente y que propone eliminarlas para llegar al super\u00e1vit fiscal. Se trata de otro ejemplo de improvisaci\u00f3n y oportunismo en el manejo de la pol\u00edtica p\u00fablica.<\/strong><\/h3>\n\n\n\n<p><\/p>\n\n\n\n<p>Antes de las elecciones, el gobierno dispuso agresivas disminuciones de impuestos y aumentos de gastos. Sin considerar estas medidas, en el proyecto de presupuesto 2024 ya se estimaba que el 2023 cerrar\u00eda con un d\u00e9ficit fiscal primario de -2,4% del PBI.<\/p>\n\n\n\n<p>Para lograr mantener esta proyecci\u00f3n necesitar\u00e1 profundizar el ajuste inflacionario, es decir, dejar que la inflaci\u00f3n lic\u00fae gastos, en particular, las jubilaciones. As\u00ed, el ajuste inflacionario permitir\u00e1 mostrar menos descontrol de las finanzas p\u00fablicas a costa de m\u00e1s costos sociales.<\/p>\n\n\n\n<p>Pero para el 2024 se postula una baja de la inflaci\u00f3n. Consistente con ello se presupuest\u00f3 para el a\u00f1o pr\u00f3ximo una reducci\u00f3n del d\u00e9ficit al -0,9% del PBI.<\/p>\n\n\n\n<p>Despu\u00e9s, seguramente para mostrar reacci\u00f3n ante la disparada de la inflaci\u00f3n, se revisaron las metas y ahora se propone un super\u00e1vit de 1% del PBI. Para lograrlo se le solicit\u00f3 al Congreso que apure la discusi\u00f3n de una \u201cseparata\u201d que presenta exenciones fiscales que, hist\u00f3ricamente, nunca se hab\u00edan identificado.<\/p>\n\n\n\n<p><\/p>\n\n\n\n<figure class=\"wp-block-image size-large\"><img data-recalc-dims=\"1\" fetchpriority=\"high\" decoding=\"async\" width=\"1024\" height=\"575\" src=\"https:\/\/i0.wp.com\/elregionalvm.com.ar\/noticias-villa-maria\/wp-content\/uploads\/2023\/05\/billete-dinero-billetera-inflacion.jpg?resize=1024%2C575&#038;ssl=1\" alt=\"\" class=\"wp-image-76694\" srcset=\"https:\/\/i0.wp.com\/elregionalvm.com.ar\/noticias-villa-maria\/wp-content\/uploads\/2023\/05\/billete-dinero-billetera-inflacion.jpg?resize=1024%2C575&amp;ssl=1 1024w, https:\/\/i0.wp.com\/elregionalvm.com.ar\/noticias-villa-maria\/wp-content\/uploads\/2023\/05\/billete-dinero-billetera-inflacion.jpg?resize=300%2C168&amp;ssl=1 300w, https:\/\/i0.wp.com\/elregionalvm.com.ar\/noticias-villa-maria\/wp-content\/uploads\/2023\/05\/billete-dinero-billetera-inflacion.jpg?resize=768%2C431&amp;ssl=1 768w, https:\/\/i0.wp.com\/elregionalvm.com.ar\/noticias-villa-maria\/wp-content\/uploads\/2023\/05\/billete-dinero-billetera-inflacion.jpg?w=1197&amp;ssl=1 1197w\" sizes=\"(max-width: 1000px) 100vw, 1000px\" \/><\/figure>\n\n\n\n<p><\/p>\n\n\n\n<p>El planteo oficial es que eliminando estas exenciones fiscales especiales es factible lograr el promedio super\u00e1vit fiscal.<\/p>\n\n\n\n<p>\u00bfA cu\u00e1nto asciende el \u201cgasto tributario\u201d, es decir, las p\u00e9rdidas de recursos tributarios por exenciones impositivas? Seg\u00fan informaci\u00f3n publicada en la p\u00e1gina del Ministerio de Econom\u00eda se observa que:<\/p>\n\n\n\n<ul class=\"wp-block-list\"><li>En los \u00faltimos 20 a\u00f1os el gasto tributario oscil\u00f3 en alrededor de 2,9% del PBI.<\/li><\/ul>\n\n\n\n<ul class=\"wp-block-list\"><li>En el proyecto de presupuesto 2024 se estim\u00f3 que llegar\u00edan al 2,3% del PBI.<\/li><\/ul>\n\n\n\n<ul class=\"wp-block-list\"><li>En la separata del presupuesto se listan exenciones \u2013que hasta ahora nunca fueron contabilizadas en el gasto tributario\u2013 por el equivalente a otros 2,4% del PBI.<\/li><\/ul>\n\n\n\n<p><\/p>\n\n\n\n<p><\/p>\n\n\n\n<figure class=\"wp-block-image\"><img data-recalc-dims=\"1\" decoding=\"async\" src=\"https:\/\/i0.wp.com\/idesa.org\/wp-content\/uploads\/2023\/10\/Captura-de-Pantalla-2023-10-29-a-las-15.41.12.png?ssl=1\" alt=\"\"\/><\/figure>\n\n\n\n<p><\/p>\n\n\n\n<p><\/p>\n\n\n\n<p>Estos datos muestran el elevado nivel de improvisaci\u00f3n y oportunismo que prevalece en el dise\u00f1o y la administraci\u00f3n de la pol\u00edtica p\u00fablica. Ante el descontrol inflacionario, derivado de la profundizaci\u00f3n de los cr\u00f3nicos desequilibrios fiscales, se anuncia un super\u00e1vit primario de 1% del PBI.<\/p>\n\n\n\n<p>Para lograrlo, se propone eliminar tratamientos impositivos especiales muchos de los cuales nunca fueron registrados en las cuentas p\u00fablicas.<\/p>\n\n\n\n<p><strong>C\u00famulo de distorsiones<\/strong><\/p>\n\n\n\n<p>La improvisaci\u00f3n llega al punto que, de los 15 \u00edtems que se presentan en la separata como nuevo gasto tributario, para 8 no se estima sus costos (figuran \u201csin datos\u201d). Tampoco figuran entre los gastos tributarios la exenci\u00f3n de ganancias de los asalariados y la devoluci\u00f3n del IVA de la canasta b\u00e1sica establecido despu\u00e9s de las PASO.<\/p>\n\n\n\n<p>En los gastos tributarios prevalece la anarqu\u00eda, arbitrariedad y falta de transparencia. Su g\u00e9nesis est\u00e1 muy asociada al desorden del Estado. Es cierto que en algunos casos son meros privilegios que logran sectores con poder. El ejemplo m\u00e1s conocido es la exenci\u00f3n de ganancias que gozan los judiciales.<\/p>\n\n\n\n<p>Pero, en muchos casos, operan como una compensaci\u00f3n, al menos parcial, de las consecuencias de las malas pol\u00edticas p\u00fablicas. Por ejemplo, ante la discriminaci\u00f3n que provocan las retenciones agropecuarias aparece la exenci\u00f3n de los campos en el impuesto a los bienes personales. El resultado es un c\u00famulo de distorsiones que contribuyen a agravar la decadencia.<\/p>\n\n\n\n<p>Como ya ocurri\u00f3 en el pasado, seguramente que la propuesta de eliminar gastos tributarios no se concretar\u00e1. La raz\u00f3n es que no es viable si no se da en el marco de un ordenamiento integral del sistema tributario. El objetivo deber\u00eda ser establecer un sistema tributario simple y homog\u00e9neo para todos los contribuyentes.<\/p>\n\n\n\n<p><\/p>\n\n\n\n<figure class=\"wp-block-image size-large\"><img data-recalc-dims=\"1\" decoding=\"async\" width=\"1024\" height=\"576\" src=\"https:\/\/i0.wp.com\/elregionalvm.com.ar\/noticias-villa-maria\/wp-content\/uploads\/2022\/12\/billetes-pesos-argentinos.jpg?resize=1024%2C576&#038;ssl=1\" alt=\"\" class=\"wp-image-68224\" srcset=\"https:\/\/i0.wp.com\/elregionalvm.com.ar\/noticias-villa-maria\/wp-content\/uploads\/2022\/12\/billetes-pesos-argentinos.jpg?resize=1024%2C576&amp;ssl=1 1024w, https:\/\/i0.wp.com\/elregionalvm.com.ar\/noticias-villa-maria\/wp-content\/uploads\/2022\/12\/billetes-pesos-argentinos.jpg?resize=300%2C169&amp;ssl=1 300w, https:\/\/i0.wp.com\/elregionalvm.com.ar\/noticias-villa-maria\/wp-content\/uploads\/2022\/12\/billetes-pesos-argentinos.jpg?resize=768%2C432&amp;ssl=1 768w, https:\/\/i0.wp.com\/elregionalvm.com.ar\/noticias-villa-maria\/wp-content\/uploads\/2022\/12\/billetes-pesos-argentinos.jpg?w=1100&amp;ssl=1 1100w\" sizes=\"(max-width: 1000px) 100vw, 1000px\" \/><\/figure>\n\n\n\n<p><\/p>\n\n\n\n<p>Si por anomal\u00edas de mercado o razones de equidad se justifica un tratamiento especial a una regi\u00f3n, sector, servicio o producto la mejor herramienta es un subsidio directo explicitando el gasto en que tiene que incurrir el Estado y no una exenci\u00f3n impositiva.<\/p>\n\n\n\n<p>Esto genera un marco de mayor transparencia y certezas de costos fiscales. Adem\u00e1s, facilita evaluar sus impactos para evaluar la conveniencia de mantenerlo o activar otros instrumentos de pol\u00edticas.<\/p>\n\n\n\n<p>El planteo del gobierno de pedirle al Congreso que elimine privilegios tributarios es oportunista. Sirve para mostrar reacci\u00f3n ante la aceleraci\u00f3n inflacionaria, pero son muy bajas las probabilidades de por esta v\u00eda se generen ahorros en la magnitud que se necesitan para equilibrar las cuentas p\u00fablicas.<\/p>\n\n\n\n<p>\u00a0Mucho m\u00e1s honesto y conducente es plantear un ordenamiento integral del Estado donde uno de los componentes m\u00e1s importante es simplificar el sistema tributario. En este marco es factible eliminar los tratamientos tributarios especiales y establecer subsidios directos cuando existan fundamentos que los legitimen.<\/p>\n\n\n\n<p><\/p>\n\n\n\n<h3 class=\"wp-block-heading\"><strong>Tambi\u00e9n pod\u00e9s ver:<\/strong><\/h3>\n\n\n\n<p><\/p>\n\n\n\n<figure class=\"wp-block-embed is-type-wp-embed is-provider-el-regional wp-block-embed-el-regional\"><div class=\"wp-block-embed__wrapper\">\n<blockquote class=\"wp-embedded-content\" data-secret=\"NRCtLYCGfD\"><a href=\"https:\/\/elregionalvm.com.ar\/noticias-villa-maria\/opinion-se-degrada-el-salario-y-tambien-la-educacion-y-la-salud-privadas\/\">[Opini\u00f3n] Se degrada el salario y tambi\u00e9n la educaci\u00f3n y la salud privadas<\/a><\/blockquote><iframe class=\"wp-embedded-content\" sandbox=\"allow-scripts\" security=\"restricted\" style=\"position: absolute; visibility: hidden;\" title=\"\u00ab[Opini\u00f3n] Se degrada el salario y tambi\u00e9n la educaci\u00f3n y la salud privadas\u00bb \u2014 El Regional\" src=\"https:\/\/elregionalvm.com.ar\/noticias-villa-maria\/opinion-se-degrada-el-salario-y-tambien-la-educacion-y-la-salud-privadas\/embed\/#?secret=d2xIFOSZ5V#?secret=NRCtLYCGfD\" data-secret=\"NRCtLYCGfD\" width=\"500\" height=\"282\" frameborder=\"0\" marginwidth=\"0\" marginheight=\"0\" scrolling=\"no\"><\/iframe>\n<\/div><\/figure>\n\n\n\n<p><\/p>\n\n\n\n<p><strong><em>Informe: Idesa<\/em><\/strong><\/p>\n","protected":false},"excerpt":{"rendered":"<p>El gobierno nacional envi\u00f3 al Congreso una separata del Presupuesto donde se listan exenciones fiscales que no estaban identificadas hist\u00f3ricamente y que propone eliminarlas para llegar al super\u00e1vit fiscal. Se trata de otro ejemplo de improvisaci\u00f3n y oportunismo en el manejo de la pol\u00edtica p\u00fablica. Antes de las elecciones, el gobierno dispuso agresivas disminuciones de [&hellip;]<\/p>\n","protected":false},"author":4,"featured_media":62767,"comment_status":"open","ping_status":"open","sticky":false,"template":"","format":"standard","meta":{"site-sidebar-layout":"default","site-content-layout":"","ast-site-content-layout":"default","site-content-style":"default","site-sidebar-style":"default","ast-global-header-display":"","ast-banner-title-visibility":"","ast-main-header-display":"","ast-hfb-above-header-display":"","ast-hfb-below-header-display":"","ast-hfb-mobile-header-display":"","site-post-title":"","ast-breadcrumbs-content":"","ast-featured-img":"","footer-sml-layout":"","ast-disable-related-posts":"","theme-transparent-header-meta":"","adv-header-id-meta":"","stick-header-meta":"","header-above-stick-meta":"","header-main-stick-meta":"","header-below-stick-meta":"","astra-migrate-meta-layouts":"set","ast-page-background-enabled":"default","ast-page-background-meta":{"desktop":{"background-color":"","background-image":"","background-repeat":"repeat","background-position":"center center","background-size":"auto","background-attachment":"scroll","background-type":"","background-media":"","overlay-type":"","overlay-color":"","overlay-opacity":"","overlay-gradient":""},"tablet":{"background-color":"","background-image":"","background-repeat":"repeat","background-position":"center center","background-size":"auto","background-attachment":"scroll","background-type":"","background-media":"","overlay-type":"","overlay-color":"","overlay-opacity":"","overlay-gradient":""},"mobile":{"background-color":"","background-image":"","background-repeat":"repeat","background-position":"center center","background-size":"auto","background-attachment":"scroll","background-type":"","background-media":"","overlay-type":"","overlay-color":"","overlay-opacity":"","overlay-gradient":""}},"ast-content-background-meta":{"desktop":{"background-color":"var(--ast-global-color-5)","background-image":"","background-repeat":"repeat","background-position":"center center","background-size":"auto","background-attachment":"scroll","background-type":"","background-media":"","overlay-type":"","overlay-color":"","overlay-opacity":"","overlay-gradient":""},"tablet":{"background-color":"var(--ast-global-color-5)","background-image":"","background-repeat":"repeat","background-position":"center center","background-size":"auto","background-attachment":"scroll","background-type":"","background-media":"","overlay-type":"","overlay-color":"","overlay-opacity":"","overlay-gradient":""},"mobile":{"background-color":"var(--ast-global-color-5)","background-image":"","background-repeat":"repeat","background-position":"center center","background-size":"auto","background-attachment":"scroll","background-type":"","background-media":"","overlay-type":"","overlay-color":"","overlay-opacity":"","overlay-gradient":""}},"_jetpack_memberships_contains_paid_content":false,"_joinchat":[],"footnotes":""},"categories":[365,3557],"tags":[23094,23093,2728,1973,3251,3572,4153,23095],"class_list":["post-84933","post","type-post","status-publish","format-standard","has-post-thumbnail","hentry","category-opinion","category-tercera","tag-desorden-tributario","tag-exenciones","tag-gasto-publico","tag-idesa","tag-impuestos","tag-jubilaciones","tag-presupuesto","tag-superavit-fiscal"],"yoast_head":"<!-- This site is optimized with the Yoast SEO plugin v26.8 - https:\/\/yoast.com\/product\/yoast-seo-wordpress\/ -->\n<title>[Opini\u00f3n] Las exenciones forman parte del desorden tributario - El Regional<\/title>\n<meta name=\"robots\" content=\"index, follow, max-snippet:-1, max-image-preview:large, max-video-preview:-1\" \/>\n<link rel=\"canonical\" href=\"https:\/\/elregionalvm.com.ar\/noticias-villa-maria\/opinion-las-exenciones-forman-parte-del-desorden-tributario\/\" \/>\n<meta property=\"og:locale\" content=\"es_ES\" \/>\n<meta property=\"og:type\" content=\"article\" \/>\n<meta property=\"og:title\" content=\"[Opini\u00f3n] Las exenciones forman parte del desorden tributario - El Regional\" \/>\n<meta property=\"og:description\" content=\"El gobierno nacional envi\u00f3 al Congreso una separata del Presupuesto donde se listan exenciones fiscales que no estaban identificadas hist\u00f3ricamente y que propone eliminarlas para llegar al super\u00e1vit fiscal. Se trata de otro ejemplo de improvisaci\u00f3n y oportunismo en el manejo de la pol\u00edtica p\u00fablica. Antes de las elecciones, el gobierno dispuso agresivas disminuciones de [&hellip;]\" \/>\n<meta property=\"og:url\" content=\"https:\/\/elregionalvm.com.ar\/noticias-villa-maria\/opinion-las-exenciones-forman-parte-del-desorden-tributario\/\" \/>\n<meta property=\"og:site_name\" content=\"El Regional\" \/>\n<meta property=\"article:publisher\" content=\"https:\/\/www.facebook.com\/elregionalvm\" \/>\n<meta property=\"article:published_time\" content=\"2023-10-30T01:16:51+00:00\" \/>\n<meta property=\"article:modified_time\" content=\"2023-10-31T01:03:44+00:00\" \/>\n<meta property=\"og:image\" content=\"https:\/\/elregionalvm.com.ar\/noticias-villa-maria\/wp-content\/uploads\/2022\/08\/Massa-oficina.jpeg\" \/>\n\t<meta property=\"og:image:width\" content=\"960\" \/>\n\t<meta property=\"og:image:height\" content=\"540\" \/>\n\t<meta property=\"og:image:type\" content=\"image\/jpeg\" \/>\n<meta name=\"author\" content=\"Contenidos El Regional\" \/>\n<meta name=\"twitter:card\" content=\"summary_large_image\" \/>\n<meta name=\"twitter:creator\" content=\"@elregionalvm1\" \/>\n<meta name=\"twitter:site\" content=\"@elregionalvm1\" \/>\n<meta name=\"twitter:label1\" content=\"Escrito por\" \/>\n\t<meta name=\"twitter:data1\" content=\"Contenidos El Regional\" \/>\n\t<meta name=\"twitter:label2\" content=\"Tiempo de lectura\" \/>\n\t<meta name=\"twitter:data2\" content=\"5 minutos\" \/>\n<script type=\"application\/ld+json\" class=\"yoast-schema-graph\">{\"@context\":\"https:\/\/schema.org\",\"@graph\":[{\"@type\":\"Article\",\"@id\":\"https:\/\/elregionalvm.com.ar\/noticias-villa-maria\/opinion-las-exenciones-forman-parte-del-desorden-tributario\/#article\",\"isPartOf\":{\"@id\":\"https:\/\/elregionalvm.com.ar\/noticias-villa-maria\/opinion-las-exenciones-forman-parte-del-desorden-tributario\/\"},\"author\":{\"name\":\"Contenidos El Regional\",\"@id\":\"http:\/\/elregionalvm.com.ar\/noticias-villa-maria\/#\/schema\/person\/a0fb9c422317faca23d50163151bc354\"},\"headline\":\"[Opini\u00f3n] Las exenciones forman parte del desorden tributario\",\"datePublished\":\"2023-10-30T01:16:51+00:00\",\"dateModified\":\"2023-10-31T01:03:44+00:00\",\"mainEntityOfPage\":{\"@id\":\"https:\/\/elregionalvm.com.ar\/noticias-villa-maria\/opinion-las-exenciones-forman-parte-del-desorden-tributario\/\"},\"wordCount\":827,\"commentCount\":0,\"image\":{\"@id\":\"https:\/\/elregionalvm.com.ar\/noticias-villa-maria\/opinion-las-exenciones-forman-parte-del-desorden-tributario\/#primaryimage\"},\"thumbnailUrl\":\"https:\/\/i0.wp.com\/elregionalvm.com.ar\/noticias-villa-maria\/wp-content\/uploads\/2022\/08\/Massa-oficina.jpeg?fit=960%2C540&ssl=1\",\"keywords\":[\"desorden tributario\",\"exenciones\",\"Gasto p\u00fablico\",\"IDESA\",\"impuestos\",\"Jubilaciones\",\"Presupuesto\",\"super\u00e1vit fiscal\"],\"articleSection\":[\"Opini\u00f3n\",\"tercera\"],\"inLanguage\":\"es\",\"potentialAction\":[{\"@type\":\"CommentAction\",\"name\":\"Comment\",\"target\":[\"https:\/\/elregionalvm.com.ar\/noticias-villa-maria\/opinion-las-exenciones-forman-parte-del-desorden-tributario\/#respond\"]}]},{\"@type\":\"WebPage\",\"@id\":\"https:\/\/elregionalvm.com.ar\/noticias-villa-maria\/opinion-las-exenciones-forman-parte-del-desorden-tributario\/\",\"url\":\"https:\/\/elregionalvm.com.ar\/noticias-villa-maria\/opinion-las-exenciones-forman-parte-del-desorden-tributario\/\",\"name\":\"[Opini\u00f3n] Las exenciones forman parte del desorden tributario - El Regional\",\"isPartOf\":{\"@id\":\"http:\/\/elregionalvm.com.ar\/noticias-villa-maria\/#website\"},\"primaryImageOfPage\":{\"@id\":\"https:\/\/elregionalvm.com.ar\/noticias-villa-maria\/opinion-las-exenciones-forman-parte-del-desorden-tributario\/#primaryimage\"},\"image\":{\"@id\":\"https:\/\/elregionalvm.com.ar\/noticias-villa-maria\/opinion-las-exenciones-forman-parte-del-desorden-tributario\/#primaryimage\"},\"thumbnailUrl\":\"https:\/\/i0.wp.com\/elregionalvm.com.ar\/noticias-villa-maria\/wp-content\/uploads\/2022\/08\/Massa-oficina.jpeg?fit=960%2C540&ssl=1\",\"datePublished\":\"2023-10-30T01:16:51+00:00\",\"dateModified\":\"2023-10-31T01:03:44+00:00\",\"author\":{\"@id\":\"http:\/\/elregionalvm.com.ar\/noticias-villa-maria\/#\/schema\/person\/a0fb9c422317faca23d50163151bc354\"},\"breadcrumb\":{\"@id\":\"https:\/\/elregionalvm.com.ar\/noticias-villa-maria\/opinion-las-exenciones-forman-parte-del-desorden-tributario\/#breadcrumb\"},\"inLanguage\":\"es\",\"potentialAction\":[{\"@type\":\"ReadAction\",\"target\":[\"https:\/\/elregionalvm.com.ar\/noticias-villa-maria\/opinion-las-exenciones-forman-parte-del-desorden-tributario\/\"]}]},{\"@type\":\"ImageObject\",\"inLanguage\":\"es\",\"@id\":\"https:\/\/elregionalvm.com.ar\/noticias-villa-maria\/opinion-las-exenciones-forman-parte-del-desorden-tributario\/#primaryimage\",\"url\":\"https:\/\/i0.wp.com\/elregionalvm.com.ar\/noticias-villa-maria\/wp-content\/uploads\/2022\/08\/Massa-oficina.jpeg?fit=960%2C540&ssl=1\",\"contentUrl\":\"https:\/\/i0.wp.com\/elregionalvm.com.ar\/noticias-villa-maria\/wp-content\/uploads\/2022\/08\/Massa-oficina.jpeg?fit=960%2C540&ssl=1\",\"width\":960,\"height\":540},{\"@type\":\"BreadcrumbList\",\"@id\":\"https:\/\/elregionalvm.com.ar\/noticias-villa-maria\/opinion-las-exenciones-forman-parte-del-desorden-tributario\/#breadcrumb\",\"itemListElement\":[{\"@type\":\"ListItem\",\"position\":1,\"name\":\"Portada\",\"item\":\"https:\/\/elregionalvm.com.ar\/noticias-villa-maria\/\"},{\"@type\":\"ListItem\",\"position\":2,\"name\":\"[Opini\u00f3n] Las exenciones forman parte del desorden tributario\"}]},{\"@type\":\"WebSite\",\"@id\":\"http:\/\/elregionalvm.com.ar\/noticias-villa-maria\/#website\",\"url\":\"http:\/\/elregionalvm.com.ar\/noticias-villa-maria\/\",\"name\":\"El Regional\",\"description\":\"Mucho m\u00e1s que informaci\u00f3n\",\"potentialAction\":[{\"@type\":\"SearchAction\",\"target\":{\"@type\":\"EntryPoint\",\"urlTemplate\":\"http:\/\/elregionalvm.com.ar\/noticias-villa-maria\/?s={search_term_string}\"},\"query-input\":{\"@type\":\"PropertyValueSpecification\",\"valueRequired\":true,\"valueName\":\"search_term_string\"}}],\"inLanguage\":\"es\"},{\"@type\":\"Person\",\"@id\":\"http:\/\/elregionalvm.com.ar\/noticias-villa-maria\/#\/schema\/person\/a0fb9c422317faca23d50163151bc354\",\"name\":\"Contenidos El Regional\",\"image\":{\"@type\":\"ImageObject\",\"inLanguage\":\"es\",\"@id\":\"http:\/\/elregionalvm.com.ar\/noticias-villa-maria\/#\/schema\/person\/image\/\",\"url\":\"https:\/\/secure.gravatar.com\/avatar\/265b27cb2209af7bb3a1318f03305787d7981a5cc6e6cd08fe5a4ecdf99d4b48?s=96&d=mm&r=g\",\"contentUrl\":\"https:\/\/secure.gravatar.com\/avatar\/265b27cb2209af7bb3a1318f03305787d7981a5cc6e6cd08fe5a4ecdf99d4b48?s=96&d=mm&r=g\",\"caption\":\"Contenidos El Regional\"},\"url\":\"https:\/\/elregionalvm.com.ar\/noticias-villa-maria\/author\/contenido\/\"}]}<\/script>\n<!-- \/ Yoast SEO plugin. -->","yoast_head_json":{"title":"[Opini\u00f3n] Las exenciones forman parte del desorden tributario - El Regional","robots":{"index":"index","follow":"follow","max-snippet":"max-snippet:-1","max-image-preview":"max-image-preview:large","max-video-preview":"max-video-preview:-1"},"canonical":"https:\/\/elregionalvm.com.ar\/noticias-villa-maria\/opinion-las-exenciones-forman-parte-del-desorden-tributario\/","og_locale":"es_ES","og_type":"article","og_title":"[Opini\u00f3n] Las exenciones forman parte del desorden tributario - El Regional","og_description":"El gobierno nacional envi\u00f3 al Congreso una separata del Presupuesto donde se listan exenciones fiscales que no estaban identificadas hist\u00f3ricamente y que propone eliminarlas para llegar al super\u00e1vit fiscal. Se trata de otro ejemplo de improvisaci\u00f3n y oportunismo en el manejo de la pol\u00edtica p\u00fablica. Antes de las elecciones, el gobierno dispuso agresivas disminuciones de [&hellip;]","og_url":"https:\/\/elregionalvm.com.ar\/noticias-villa-maria\/opinion-las-exenciones-forman-parte-del-desorden-tributario\/","og_site_name":"El Regional","article_publisher":"https:\/\/www.facebook.com\/elregionalvm","article_published_time":"2023-10-30T01:16:51+00:00","article_modified_time":"2023-10-31T01:03:44+00:00","og_image":[{"width":960,"height":540,"url":"https:\/\/elregionalvm.com.ar\/noticias-villa-maria\/wp-content\/uploads\/2022\/08\/Massa-oficina.jpeg","type":"image\/jpeg"}],"author":"Contenidos El Regional","twitter_card":"summary_large_image","twitter_creator":"@elregionalvm1","twitter_site":"@elregionalvm1","twitter_misc":{"Escrito por":"Contenidos El Regional","Tiempo de lectura":"5 minutos"},"schema":{"@context":"https:\/\/schema.org","@graph":[{"@type":"Article","@id":"https:\/\/elregionalvm.com.ar\/noticias-villa-maria\/opinion-las-exenciones-forman-parte-del-desorden-tributario\/#article","isPartOf":{"@id":"https:\/\/elregionalvm.com.ar\/noticias-villa-maria\/opinion-las-exenciones-forman-parte-del-desorden-tributario\/"},"author":{"name":"Contenidos El Regional","@id":"http:\/\/elregionalvm.com.ar\/noticias-villa-maria\/#\/schema\/person\/a0fb9c422317faca23d50163151bc354"},"headline":"[Opini\u00f3n] Las exenciones forman parte del desorden tributario","datePublished":"2023-10-30T01:16:51+00:00","dateModified":"2023-10-31T01:03:44+00:00","mainEntityOfPage":{"@id":"https:\/\/elregionalvm.com.ar\/noticias-villa-maria\/opinion-las-exenciones-forman-parte-del-desorden-tributario\/"},"wordCount":827,"commentCount":0,"image":{"@id":"https:\/\/elregionalvm.com.ar\/noticias-villa-maria\/opinion-las-exenciones-forman-parte-del-desorden-tributario\/#primaryimage"},"thumbnailUrl":"https:\/\/i0.wp.com\/elregionalvm.com.ar\/noticias-villa-maria\/wp-content\/uploads\/2022\/08\/Massa-oficina.jpeg?fit=960%2C540&ssl=1","keywords":["desorden tributario","exenciones","Gasto p\u00fablico","IDESA","impuestos","Jubilaciones","Presupuesto","super\u00e1vit fiscal"],"articleSection":["Opini\u00f3n","tercera"],"inLanguage":"es","potentialAction":[{"@type":"CommentAction","name":"Comment","target":["https:\/\/elregionalvm.com.ar\/noticias-villa-maria\/opinion-las-exenciones-forman-parte-del-desorden-tributario\/#respond"]}]},{"@type":"WebPage","@id":"https:\/\/elregionalvm.com.ar\/noticias-villa-maria\/opinion-las-exenciones-forman-parte-del-desorden-tributario\/","url":"https:\/\/elregionalvm.com.ar\/noticias-villa-maria\/opinion-las-exenciones-forman-parte-del-desorden-tributario\/","name":"[Opini\u00f3n] Las exenciones forman parte del desorden tributario - El Regional","isPartOf":{"@id":"http:\/\/elregionalvm.com.ar\/noticias-villa-maria\/#website"},"primaryImageOfPage":{"@id":"https:\/\/elregionalvm.com.ar\/noticias-villa-maria\/opinion-las-exenciones-forman-parte-del-desorden-tributario\/#primaryimage"},"image":{"@id":"https:\/\/elregionalvm.com.ar\/noticias-villa-maria\/opinion-las-exenciones-forman-parte-del-desorden-tributario\/#primaryimage"},"thumbnailUrl":"https:\/\/i0.wp.com\/elregionalvm.com.ar\/noticias-villa-maria\/wp-content\/uploads\/2022\/08\/Massa-oficina.jpeg?fit=960%2C540&ssl=1","datePublished":"2023-10-30T01:16:51+00:00","dateModified":"2023-10-31T01:03:44+00:00","author":{"@id":"http:\/\/elregionalvm.com.ar\/noticias-villa-maria\/#\/schema\/person\/a0fb9c422317faca23d50163151bc354"},"breadcrumb":{"@id":"https:\/\/elregionalvm.com.ar\/noticias-villa-maria\/opinion-las-exenciones-forman-parte-del-desorden-tributario\/#breadcrumb"},"inLanguage":"es","potentialAction":[{"@type":"ReadAction","target":["https:\/\/elregionalvm.com.ar\/noticias-villa-maria\/opinion-las-exenciones-forman-parte-del-desorden-tributario\/"]}]},{"@type":"ImageObject","inLanguage":"es","@id":"https:\/\/elregionalvm.com.ar\/noticias-villa-maria\/opinion-las-exenciones-forman-parte-del-desorden-tributario\/#primaryimage","url":"https:\/\/i0.wp.com\/elregionalvm.com.ar\/noticias-villa-maria\/wp-content\/uploads\/2022\/08\/Massa-oficina.jpeg?fit=960%2C540&ssl=1","contentUrl":"https:\/\/i0.wp.com\/elregionalvm.com.ar\/noticias-villa-maria\/wp-content\/uploads\/2022\/08\/Massa-oficina.jpeg?fit=960%2C540&ssl=1","width":960,"height":540},{"@type":"BreadcrumbList","@id":"https:\/\/elregionalvm.com.ar\/noticias-villa-maria\/opinion-las-exenciones-forman-parte-del-desorden-tributario\/#breadcrumb","itemListElement":[{"@type":"ListItem","position":1,"name":"Portada","item":"https:\/\/elregionalvm.com.ar\/noticias-villa-maria\/"},{"@type":"ListItem","position":2,"name":"[Opini\u00f3n] Las exenciones forman parte del desorden tributario"}]},{"@type":"WebSite","@id":"http:\/\/elregionalvm.com.ar\/noticias-villa-maria\/#website","url":"http:\/\/elregionalvm.com.ar\/noticias-villa-maria\/","name":"El Regional","description":"Mucho m\u00e1s que informaci\u00f3n","potentialAction":[{"@type":"SearchAction","target":{"@type":"EntryPoint","urlTemplate":"http:\/\/elregionalvm.com.ar\/noticias-villa-maria\/?s={search_term_string}"},"query-input":{"@type":"PropertyValueSpecification","valueRequired":true,"valueName":"search_term_string"}}],"inLanguage":"es"},{"@type":"Person","@id":"http:\/\/elregionalvm.com.ar\/noticias-villa-maria\/#\/schema\/person\/a0fb9c422317faca23d50163151bc354","name":"Contenidos El Regional","image":{"@type":"ImageObject","inLanguage":"es","@id":"http:\/\/elregionalvm.com.ar\/noticias-villa-maria\/#\/schema\/person\/image\/","url":"https:\/\/secure.gravatar.com\/avatar\/265b27cb2209af7bb3a1318f03305787d7981a5cc6e6cd08fe5a4ecdf99d4b48?s=96&d=mm&r=g","contentUrl":"https:\/\/secure.gravatar.com\/avatar\/265b27cb2209af7bb3a1318f03305787d7981a5cc6e6cd08fe5a4ecdf99d4b48?s=96&d=mm&r=g","caption":"Contenidos El Regional"},"url":"https:\/\/elregionalvm.com.ar\/noticias-villa-maria\/author\/contenido\/"}]}},"jetpack_featured_media_url":"https:\/\/i0.wp.com\/elregionalvm.com.ar\/noticias-villa-maria\/wp-content\/uploads\/2022\/08\/Massa-oficina.jpeg?fit=960%2C540&ssl=1","jetpack_sharing_enabled":true,"_links":{"self":[{"href":"https:\/\/elregionalvm.com.ar\/noticias-villa-maria\/wp-json\/wp\/v2\/posts\/84933","targetHints":{"allow":["GET"]}}],"collection":[{"href":"https:\/\/elregionalvm.com.ar\/noticias-villa-maria\/wp-json\/wp\/v2\/posts"}],"about":[{"href":"https:\/\/elregionalvm.com.ar\/noticias-villa-maria\/wp-json\/wp\/v2\/types\/post"}],"author":[{"embeddable":true,"href":"https:\/\/elregionalvm.com.ar\/noticias-villa-maria\/wp-json\/wp\/v2\/users\/4"}],"replies":[{"embeddable":true,"href":"https:\/\/elregionalvm.com.ar\/noticias-villa-maria\/wp-json\/wp\/v2\/comments?post=84933"}],"version-history":[{"count":2,"href":"https:\/\/elregionalvm.com.ar\/noticias-villa-maria\/wp-json\/wp\/v2\/posts\/84933\/revisions"}],"predecessor-version":[{"id":84936,"href":"https:\/\/elregionalvm.com.ar\/noticias-villa-maria\/wp-json\/wp\/v2\/posts\/84933\/revisions\/84936"}],"wp:featuredmedia":[{"embeddable":true,"href":"https:\/\/elregionalvm.com.ar\/noticias-villa-maria\/wp-json\/wp\/v2\/media\/62767"}],"wp:attachment":[{"href":"https:\/\/elregionalvm.com.ar\/noticias-villa-maria\/wp-json\/wp\/v2\/media?parent=84933"}],"wp:term":[{"taxonomy":"category","embeddable":true,"href":"https:\/\/elregionalvm.com.ar\/noticias-villa-maria\/wp-json\/wp\/v2\/categories?post=84933"},{"taxonomy":"post_tag","embeddable":true,"href":"https:\/\/elregionalvm.com.ar\/noticias-villa-maria\/wp-json\/wp\/v2\/tags?post=84933"}],"curies":[{"name":"wp","href":"https:\/\/api.w.org\/{rel}","templated":true}]}}