{"id":84967,"date":"2023-10-30T17:22:27","date_gmt":"2023-10-30T17:22:27","guid":{"rendered":"https:\/\/elregionalvm.com.ar\/noticias-villa-maria\/?p=84967"},"modified":"2023-11-02T02:09:47","modified_gmt":"2023-11-02T02:09:47","slug":"desde-adentro-leo-roganti-tengo-mucho-por-aprender-por-eso-siento-que-no-he-tocado-techo","status":"publish","type":"post","link":"https:\/\/elregionalvm.com.ar\/noticias-villa-maria\/desde-adentro-leo-roganti-tengo-mucho-por-aprender-por-eso-siento-que-no-he-tocado-techo\/","title":{"rendered":"[Desde Adentro] Leo Roganti: \u201cTengo mucho por aprender, por eso siento que no he tocado techo\u201d"},"content":{"rendered":"\n<p><\/p>\n\n\n\n<h3 class=\"wp-block-heading\"><strong>Leandro Andr\u00e9s Primo Roganti (30), director de Radio Libertad (89.7), locutor, conductor y animador. Tranquilo, sencillo, amiguero, conciliador y de gran empat\u00eda con quienes lo rodean.<\/strong><\/h3>\n\n\n\n<h3 class=\"wp-block-heading\"><strong>Con un gran profesionalismo para subir al escenario mayor de Villa Mar\u00eda a conducir un Festival de Pe\u00f1as y una enorme humildad para horas despu\u00e9s, visitar a sus clientes y cobrar una publicidad para su radio.<\/strong><\/h3>\n\n\n\n<h3 class=\"wp-block-heading\"><strong>Es<\/strong> <strong>fan\u00e1tico de Boca Juniors y del orden. Le gusta cocinar, jugar a la Play, el deporte y los animales. En esta entrevista nos cuenta sobre su vida personal y su lado m\u00e1s \u00edntimo.<\/strong><\/h3>\n\n\n\n<p><\/p>\n\n\n\n<p><strong>Entrevista: Carolina Durand <\/strong><\/p>\n\n\n\n<p><\/p>\n\n\n\n<figure class=\"wp-block-embed is-type-video is-provider-youtube wp-block-embed-youtube wp-embed-aspect-16-9 wp-has-aspect-ratio\"><div class=\"wp-block-embed__wrapper\">\n<iframe title=\"[Desde Adentro] Leo Roganti: \u201cTengo mucho por aprender, por eso siento que no he tocado techo\u201d\" width=\"500\" height=\"281\" src=\"https:\/\/www.youtube.com\/embed\/4vXAbs6_kSQ?feature=oembed\" frameborder=\"0\" allow=\"accelerometer; autoplay; clipboard-write; encrypted-media; gyroscope; picture-in-picture; web-share\" referrerpolicy=\"strict-origin-when-cross-origin\" allowfullscreen><\/iframe>\n<\/div><\/figure>\n\n\n\n<p><\/p>\n\n\n\n<p><\/p>\n\n\n\n<p><strong>En la radio, en televisi\u00f3n, en la conducci\u00f3n de eventos\u2026 se te ve c\u00f3modo. \u00bfPens\u00e1s en incursionar en alg\u00fan momento en la gr\u00e1fica?<\/strong><\/p>\n\n\n\n<p>En alg\u00fan momento lo pens\u00e9, me gustar\u00eda, pero, siento que todav\u00eda me falta aprender muchas cosas para incursionar en el formato gr\u00e1fico. Est\u00e1 en el tintero, podr\u00eda ser algo relacionado a realizar entrevistas, pero todav\u00eda no es el momento.<\/p>\n\n\n\n<p><strong>\u00bfA qu\u00e9 edad tuviste tu primer contacto con un micr\u00f3fono?<\/strong><\/p>\n\n\n\n<p>A los cinco, seis. Jugaba con una chanchita (radio) que hab\u00eda en mi casa, sub\u00eda y bajaba los botones cuando sonaba la m\u00fasica como si fueran potes de consola.<\/p>\n\n\n\n<p>Crec\u00ed en la radio y, como era chico, mi viejo (Eduardo), no me dejaba hacer radio, entonces, cuando no hab\u00eda nadie (sab\u00eda qu\u00e9 bot\u00f3n tocar y qu\u00e9 pote bajar) sal\u00eda al aire y dec\u00eda: \u201cEst\u00e1s escuchando, Radio Libertad 90.7\u201d y me iba. \u00c9l, que siempre escuchaba la radio, se daba cuenta que era yo, pero, no me dec\u00eda nada.<\/p>\n\n\n\n<p><strong>\u00bfPensabas en otra profesi\u00f3n de ni\u00f1o?<\/strong><\/p>\n\n\n\n<p>Creo que no tuve tiempo porque me apasion\u00e9 desde muy chiquito con la radio. Aunque, recuerdo que juntaba bolsas, con basura \u201cde papel\u201d y las met\u00eda en un mueble que ten\u00eda una tapa y, jugaba que era el cami\u00f3n y yo la recolectaba. Se me viene ese recuerdo de mi infancia, pero, la radio me atrajo desde muy chiquito y ah\u00ed\u2026empec\u00e9 a sentirla, a vivirla.<\/p>\n\n\n\n<p><\/p>\n\n\n\n<figure class=\"wp-block-image size-large\"><img data-recalc-dims=\"1\" fetchpriority=\"high\" decoding=\"async\" width=\"1024\" height=\"899\" src=\"https:\/\/i0.wp.com\/elregionalvm.com.ar\/noticias-villa-maria\/wp-content\/uploads\/2023\/10\/Leo-Roganti-living.jpg?resize=1024%2C899&#038;ssl=1\" alt=\"\" class=\"wp-image-84971\" srcset=\"https:\/\/i0.wp.com\/elregionalvm.com.ar\/noticias-villa-maria\/wp-content\/uploads\/2023\/10\/Leo-Roganti-living.jpg?resize=1024%2C899&amp;ssl=1 1024w, https:\/\/i0.wp.com\/elregionalvm.com.ar\/noticias-villa-maria\/wp-content\/uploads\/2023\/10\/Leo-Roganti-living.jpg?resize=300%2C264&amp;ssl=1 300w, https:\/\/i0.wp.com\/elregionalvm.com.ar\/noticias-villa-maria\/wp-content\/uploads\/2023\/10\/Leo-Roganti-living.jpg?resize=768%2C675&amp;ssl=1 768w, https:\/\/i0.wp.com\/elregionalvm.com.ar\/noticias-villa-maria\/wp-content\/uploads\/2023\/10\/Leo-Roganti-living.jpg?w=1200&amp;ssl=1 1200w\" sizes=\"(max-width: 1000px) 100vw, 1000px\" \/><\/figure>\n\n\n\n<p><\/p>\n\n\n\n<p><strong>Tres cosas que no tienen precio<\/strong>&#8230;<\/p>\n\n\n\n<p>La salud, el amor, la amistad. El dinero solo compra lo material.<\/p>\n\n\n\n<p><strong>\u00bfAtesor\u00e1s alg\u00fan consejo o frase que te haya dejado tu pap\u00e1?<\/strong><\/p>\n\n\n\n<p>Lo sigo extra\u00f1ando much\u00edsimo. Fue la persona que m\u00e1s crey\u00f3 en m\u00ed. Me ense\u00f1\u00f3 que todo tiene su tiempo. A veces, las cosas no se dan cuando uno quiere, pero, si tienen que llegar llegan, antes o despu\u00e9s, cuando tiene que ser. Esa ense\u00f1anza me sirvi\u00f3 para manejarme en la vida, en el trabajo, en los negocios, en los proyectos. Incluso de las cosas malas, sacar la ense\u00f1anza de que, por algo se dio de esa manera.<\/p>\n\n\n\n<p><strong>\u00bfTu primer programa radial?<\/strong><\/p>\n\n\n\n<p>A los 9 creo. Era para chicos e iba los domingos de 11 a 12 del mediod\u00eda. Despu\u00e9s, crec\u00ed y le cambi\u00e9 el nombre, ah\u00ed comenc\u00e9 con \u201c100% M\u00fasica\u201d y pas\u00e9 a estar durante la semana. Cuando mi pap\u00e1 falleci\u00f3, fue muy duro para m\u00ed porque estaba terminando la secundaria y \u00e9l era incondicional.<\/p>\n\n\n\n<p>A los dos a\u00f1os me hice cargo de la radio como director y a partir de ah\u00ed, no par\u00e9 nunca. De a poco la empec\u00e9 a armar estructuralmente, cambi\u00e9 equipos, pusimos calefacci\u00f3n, sum\u00e9 programaci\u00f3n y hoy en d\u00eda, Radio Libertad tiene 25 a\u00f1os al aire. Era una gran responsabilidad y con esfuerzo y humildad estoy muy orgulloso.<\/p>\n\n\n\n<p>Con el tiempo, se me abrieron puertas, estuve en Radio Centro (en la 105 Hits y en los 40 Principales), lleg\u00f3 la oportunidad de animar en el boliche Jet &#8211; Set, grandes eventos de la zona, Canal 20 y, desde hace unos a\u00f1os, radio Villa Mar\u00eda (actualmente \u201cLlamalo Como Quieras\u201d de 15 a 18 horas en la AM 930). Me zambull\u00ed en el trabajo, amando lo que hago y muchas veces, eso me salv\u00f3 (de la tristeza y los momentos de baj\u00f3n).<\/p>\n\n\n\n<p><strong>\u00bfY tus primeros pasos en televisi\u00f3n?<\/strong><\/p>\n\n\n\n<p>Fue duro (se r\u00ede, hace una pausa y se sigue riendo). Quer\u00eda hacer tele, quer\u00eda llegar a la regi\u00f3n, hacerme conocido y llegar a la zona para animar eventos, as\u00ed que le llev\u00e9 un demo a Luis P\u00e9rez Celis y me lo rechaz\u00f3. Era muy casero (y muy malo) solo eran los copetes de presentaci\u00f3n y los grafs que dec\u00edan \u201cac\u00e1 va la nota de tal y tal cosa\u201d.<\/p>\n\n\n\n<p>Despu\u00e9s, un amigo, Marco Salv\u00e1, ten\u00eda un programa de espect\u00e1culos que se emit\u00eda los domingos a la noche y me invit\u00f3. Hizo 3 o 4 y dej\u00f3\u2026 y yo quer\u00eda seguir, as\u00ed que con Gerardo Fonseca como director (y me tuvo toda la paciencia) le dimos para adelante. Despu\u00e9s, vino \u201cMa\u00f1ana de 20\u201d y actualmente estamos en \u201cModo Directo\u201d con Mart\u00edn Alan\u00eds, en el medio, infinidades de momentos graciosos, remadas, imprevistos, amigos y todo lo que uno vive en la diaria.<\/p>\n\n\n\n<p><\/p>\n\n\n\n<figure class=\"wp-block-image size-large\"><img data-recalc-dims=\"1\" decoding=\"async\" width=\"1024\" height=\"683\" src=\"https:\/\/i0.wp.com\/elregionalvm.com.ar\/noticias-villa-maria\/wp-content\/uploads\/2023\/10\/Leo-Roganti-cocina.jpg?resize=1024%2C683&#038;ssl=1\" alt=\"\" class=\"wp-image-84969\" srcset=\"https:\/\/i0.wp.com\/elregionalvm.com.ar\/noticias-villa-maria\/wp-content\/uploads\/2023\/10\/Leo-Roganti-cocina.jpg?resize=1024%2C683&amp;ssl=1 1024w, https:\/\/i0.wp.com\/elregionalvm.com.ar\/noticias-villa-maria\/wp-content\/uploads\/2023\/10\/Leo-Roganti-cocina.jpg?resize=300%2C200&amp;ssl=1 300w, https:\/\/i0.wp.com\/elregionalvm.com.ar\/noticias-villa-maria\/wp-content\/uploads\/2023\/10\/Leo-Roganti-cocina.jpg?resize=768%2C512&amp;ssl=1 768w, https:\/\/i0.wp.com\/elregionalvm.com.ar\/noticias-villa-maria\/wp-content\/uploads\/2023\/10\/Leo-Roganti-cocina.jpg?w=1200&amp;ssl=1 1200w\" sizes=\"(max-width: 1000px) 100vw, 1000px\" \/><\/figure>\n\n\n\n<p><\/p>\n\n\n\n<p><strong>\u00bfExtra\u00f1\u00e1s las noches de animaci\u00f3n en Jet-Set o es una etapa cerrada ese ritmo nocturno en tu vida profesional? \u00bfUna noche inolvidable?<\/strong><\/p>\n\n\n\n<p>Fueron 10 a\u00f1os. Fue un antes y un despu\u00e9s en mi vida, no me daba cuenta y Jet &#8211; Set fue una escuela para m\u00ed, en materia de animaci\u00f3n y conducci\u00f3n (en otro nivel). Formamos una familia, soy padrino de Bruno, hijo de Sebas, uno de los exdue\u00f1os.<\/p>\n\n\n\n<p>Pas\u00e9 infinidades de momentos memorables, aprend\u00ed un mont\u00f3n y a pesar del cansancio que genera la noche y al otro d\u00eda trabajar en la radio o en Canal 20, lo disfrutaba. Si no hubiese sido por la pandemia (2020) que tuvimos que parar obligadamente, no s\u00e9, si hubiese podido darle un corte por iniciativa propia.<\/p>\n\n\n\n<p>Es una etapa que cerr\u00e9 y am\u00e9. Muchos recuerdan lo que les signific\u00f3 hace unas d\u00e9cadas Kabranca, en el d\u00eda de ma\u00f1ana, a m\u00ed me va a pasar con Jet \u2013 Set.&nbsp;<\/p>\n\n\n\n<p><strong>En el 2017 estuviste en los estudios de Canal 13, con Marcelo Tinelli. \u00bfC\u00f3mo viviste ese momento? \u00bfSegu\u00eds admir\u00e1ndolo?<\/strong><\/p>\n\n\n\n<p>Siempre admir\u00e9 de Tinelli, la capacidad de dar trabajo, de generar situaciones que de la nada hac\u00edan el bloque de un programa. Entrar a canal 13 fue especial, pero, no por estar en el estudio y vivir el momento, sino que, era algo pendiente de realizar.<\/p>\n\n\n\n<p>En el 2005, fuimos con mi pap\u00e1 a Buenos Aires, yo hab\u00eda ido con una remera de Boca que compramos en Retiro (y que tengo atesorada) y, en esa ocasi\u00f3n no pudimos entrar.<\/p>\n\n\n\n<p>A\u00f1os despu\u00e9s, fui con mi tipo, pudimos entrar a conocer Ideas del Sur y en el 2017, para mi cumplea\u00f1os, hab\u00eda ido a ver a Joaqu\u00edn Sabina (me encanta) y se nos dio la posibilidad de ingresar. Era algo pendiente que no pude cumplir con mi viejo y, siempre me dec\u00eda, hay que saber esperar porque en alg\u00fan momento, las cosas suceden.<\/p>\n\n\n\n<p>Disfrut\u00e9 el show, observ\u00e9 lo que son esos estudios y el detr\u00e1s, por sobre todas las cosas, el nivel de producci\u00f3n que manejan.<\/p>\n\n\n\n<p><strong>Fuiste y sos parte de los eventos m\u00e1s importantes de ambas villas. \u00bfSent\u00eds que tocaste techo?<\/strong><\/p>\n\n\n\n<p>Creo que no. Si bien, en Villa Nueva pude conducir los eventos m\u00e1s tradicionales y de mayor envergadura como lo son los carnavales, el desfile del 25 de mayo, aniversarios de la ciudad, fiestas de la cerveza y, en Villa Mar\u00eda, conducir junto a Miguel (Borsatto) el Festival Internacional de Pe\u00f1as, que, para m\u00ed, es el escenario mayor por excelencia, tengo mucho por aprender y por eso, no hay techo.<\/p>\n\n\n\n<p><\/p>\n\n\n\n<figure class=\"wp-block-image size-large\"><img data-recalc-dims=\"1\" decoding=\"async\" width=\"1024\" height=\"676\" src=\"https:\/\/i0.wp.com\/elregionalvm.com.ar\/noticias-villa-maria\/wp-content\/uploads\/2023\/10\/Leo-Roganti-living-2.jpg?resize=1024%2C676&#038;ssl=1\" alt=\"\" class=\"wp-image-84972\" srcset=\"https:\/\/i0.wp.com\/elregionalvm.com.ar\/noticias-villa-maria\/wp-content\/uploads\/2023\/10\/Leo-Roganti-living-2.jpg?resize=1024%2C676&amp;ssl=1 1024w, https:\/\/i0.wp.com\/elregionalvm.com.ar\/noticias-villa-maria\/wp-content\/uploads\/2023\/10\/Leo-Roganti-living-2.jpg?resize=300%2C198&amp;ssl=1 300w, https:\/\/i0.wp.com\/elregionalvm.com.ar\/noticias-villa-maria\/wp-content\/uploads\/2023\/10\/Leo-Roganti-living-2.jpg?resize=768%2C507&amp;ssl=1 768w, https:\/\/i0.wp.com\/elregionalvm.com.ar\/noticias-villa-maria\/wp-content\/uploads\/2023\/10\/Leo-Roganti-living-2.jpg?w=1200&amp;ssl=1 1200w\" sizes=\"(max-width: 1000px) 100vw, 1000px\" \/><\/figure>\n\n\n\n<p><\/p>\n\n\n\n<p><strong>\u00bfTe ir\u00edas a C\u00f3rdoba o Buenos Aires para trabajar en medios o conducir eventos de otro calibre?<\/strong><\/p>\n\n\n\n<p>A probar suerte no. Me cost\u00f3 tanto lograr lo que logr\u00e9 en ambas villas y en la zona con animaciones de fiestas y eventos, que no me ir\u00eda. Disfruto mucho lo que hago y no podr\u00eda desprenderme. Quiz\u00e1s, en alg\u00fan momento me llaman para ser parte de\u2026 o conducir puntualmente algo y tratar\u00e9 de estar a la altura de las circunstancias, pero no me ir\u00eda.<\/p>\n\n\n\n<p><strong>En tu vida sentimental, fuera de tus v\u00ednculos m\u00e1s cercanos, siempre fuiste muy reservado. \u00bfPor algo en particular?<\/strong><\/p>\n\n\n\n<p>Me gusta mantener un perfil bajo y disfrutar de los momentos m\u00e1s \u00edntimos con mi pareja, mi familia, mis amigos. De por s\u00ed, mi trabajo conlleva mucha exposici\u00f3n, con los medios y las animaciones y, de hecho, en redes, la mayor parte de los contenidos que subo, muestran mi trabajo. Si subo algunos lindos momentos muy significativos y personales, pero, son los menos.<\/p>\n\n\n\n<p>De hecho, es la primera vez que, dejo que alguien entre a mi casa para entrevistarme, soy muy reservado de mis espacios \u00edntimos.<\/p>\n\n\n\n<p><strong>\u00bfHabilidad oculta que muchos no conozcan?<\/strong><\/p>\n\n\n\n<p>Me gusta mucho cocinar, no s\u00e9 si para un 10 pero me defiendo bastante.&nbsp;<\/p>\n\n\n\n<p><strong>\u00bfC\u00f3mo sos en tu rol de t\u00edo? \u00bfPensaste en ser padre?<\/strong><\/p>\n\n\n\n<p>Me encanta ser t\u00edo, jugar, tirarme al piso, nos vamos de vacaciones juntos en familia, soy muy presente. Tengo tres, Agustina (14), Valentino (10) y Baltazar (3). Adem\u00e1s, soy padrino de Bruno, hijo de un amigo. No soy de llevarlos al cine, pero, trabajo en hacerme los tiempos para esas cosas que son muy importantes, a mis sobrinos los disfruto mucho. Somos una familia chica, pero muy unida con mi hermana.<\/p>\n\n\n\n<p>Hijos, cuando tengan que llegar, llegar\u00e1n y, m\u00e1s ahora que estoy con Juli, la amo, nos llevamos muy bien y, si bien no estamos plane\u00e1ndolo, pero podr\u00eda pasar, me gustar\u00eda en alg\u00fan momento ser padre.<\/p>\n\n\n\n<p><strong>\u00bfCon tu hermana, Ana, son muy compinches?<\/strong><\/p>\n\n\n\n<p>\u00a1S\u00ed! Nos llevamos excelente, somos muy unidos. Es la persona que m\u00e1s me conoce, sabe cu\u00e1ndo estoy del malhumor, cu\u00e1ndo me pas\u00f3 algo lindo o feo, si estoy cansado. Siempre tuvimos una relaci\u00f3n muy estrecha.<\/p>\n\n\n\n<p><strong>En lo laboral y en lo personal \u00bfCon qu\u00e9 sos m\u00e1s odioso? \u00bfTen\u00e9s TOC?<\/strong><\/p>\n\n\n\n<p>(Se r\u00ede) Soy odioso s\u00ed, lo normal creo. En lo laboral no hay muchas cosas que me molesten, si nos divertimos lo hacemos todos, ahora, si algo que es el ABC sale mal porque est\u00e1n volando, ah\u00ed si me pongo molesto.<\/p>\n\n\n\n<p>Por ejemplo, a la hora de ponchar una c\u00e1mara, hoy en d\u00eda es un bot\u00f3n, es estar atento en eso para seguir el ritmo; o si es apretar un pote para salir al aire (en radio, un evento), es eso, no es una s\u00faper maniobra. A veces, con eso, me pongo odioso. Me gusta que las cosas salgan bien cuando tenemos todo para que as\u00ed sea.<\/p>\n\n\n\n<p>En lo personal soy odioso con el orden y la limpieza muy. Y no s\u00e9, si ser\u00e1 un TOC, pero, hay dos cosas que cuando me voy de mi casa las chequeo dos y hasta tres veces, las hornallas de la cocina, todas cerradas y, la puerta con llave.<\/p>\n\n\n\n<p>He llegado a la vereda, me ha entrado la duda y he vuelto a subir al primer piso para chequear, es inevitable hacerlo cada vez que salgo de mi casa.<\/p>\n\n\n\n<p><strong>\u00bfC\u00f3mo es un domingo, si no ten\u00e9s que trabajar?<\/strong><\/p>\n\n\n\n<p>La ma\u00f1ana tranquila, duermo un poco m\u00e1s, tipo 10. Despu\u00e9s de eso, me aburro en la cama as\u00ed que me levanto (a Juli le gusta dormir, adem\u00e1s su trabajo hace que su cansancio tenga otro ritmo), juego a la Play, veo un poco de redes para informarme y \u201ctrato\u201d de descansarlo, pero, me ha pasado que un domingo a media ma\u00f1ana estoy con la computadora armando el programa del lunes. Me cuesta soltar mi trabajo y mis compromisos.<\/p>\n\n\n\n<p><\/p>\n\n\n\n<figure class=\"wp-block-gallery has-nested-images columns-default is-cropped wp-block-gallery-1 is-layout-flex wp-block-gallery-is-layout-flex\">\n<figure class=\"wp-block-image size-large\"><img data-recalc-dims=\"1\" loading=\"lazy\" decoding=\"async\" width=\"800\" height=\"1200\" data-id=\"84974\" src=\"https:\/\/i0.wp.com\/elregionalvm.com.ar\/noticias-villa-maria\/wp-content\/uploads\/2023\/10\/Leo-Roganti-vertical.jpg?resize=800%2C1200&#038;ssl=1\" alt=\"\" class=\"wp-image-84974\" srcset=\"https:\/\/i0.wp.com\/elregionalvm.com.ar\/noticias-villa-maria\/wp-content\/uploads\/2023\/10\/Leo-Roganti-vertical.jpg?w=800&amp;ssl=1 800w, https:\/\/i0.wp.com\/elregionalvm.com.ar\/noticias-villa-maria\/wp-content\/uploads\/2023\/10\/Leo-Roganti-vertical.jpg?resize=200%2C300&amp;ssl=1 200w, https:\/\/i0.wp.com\/elregionalvm.com.ar\/noticias-villa-maria\/wp-content\/uploads\/2023\/10\/Leo-Roganti-vertical.jpg?resize=683%2C1024&amp;ssl=1 683w, https:\/\/i0.wp.com\/elregionalvm.com.ar\/noticias-villa-maria\/wp-content\/uploads\/2023\/10\/Leo-Roganti-vertical.jpg?resize=768%2C1152&amp;ssl=1 768w\" sizes=\"(max-width: 800px) 100vw, 800px\" \/><\/figure>\n\n\n\n<figure class=\"wp-block-image size-large\"><img data-recalc-dims=\"1\" loading=\"lazy\" decoding=\"async\" width=\"800\" height=\"1200\" data-id=\"84973\" src=\"https:\/\/i0.wp.com\/elregionalvm.com.ar\/noticias-villa-maria\/wp-content\/uploads\/2023\/10\/Leo-Roganti-vertical-2.jpg?resize=800%2C1200&#038;ssl=1\" alt=\"\" class=\"wp-image-84973\" srcset=\"https:\/\/i0.wp.com\/elregionalvm.com.ar\/noticias-villa-maria\/wp-content\/uploads\/2023\/10\/Leo-Roganti-vertical-2.jpg?w=800&amp;ssl=1 800w, https:\/\/i0.wp.com\/elregionalvm.com.ar\/noticias-villa-maria\/wp-content\/uploads\/2023\/10\/Leo-Roganti-vertical-2.jpg?resize=200%2C300&amp;ssl=1 200w, https:\/\/i0.wp.com\/elregionalvm.com.ar\/noticias-villa-maria\/wp-content\/uploads\/2023\/10\/Leo-Roganti-vertical-2.jpg?resize=683%2C1024&amp;ssl=1 683w, https:\/\/i0.wp.com\/elregionalvm.com.ar\/noticias-villa-maria\/wp-content\/uploads\/2023\/10\/Leo-Roganti-vertical-2.jpg?resize=768%2C1152&amp;ssl=1 768w\" sizes=\"(max-width: 800px) 100vw, 800px\" \/><\/figure>\n<\/figure>\n\n\n\n<p><\/p>\n\n\n\n<p><\/p>\n\n\n\n<p><strong>Te vas de viaje. \u00bfQu\u00e9 hac\u00e9s con tus animales, Rodo y Hanna?<\/strong><\/p>\n\n\n\n<p>Hanna, es una caniche, tiene dos a\u00f1os y si me tengo que ir unos d\u00edas, la cuida mi sobrina Agus o mi hermana. Es mi hija, le damos con todas las \u00f1a\u00f1as habidas y por haber y, Rodo, es un gato, es m\u00e1s libre, lo encontramos en la calle y lo adoptamos. No se acostumbr\u00f3 a vivir en departamento as\u00ed que lo tengo en una quinta, en Villa Nueva, y lo visito todos los d\u00edas y es un amor. Me gustan los animales.<\/p>\n\n\n\n<p><strong>\u00bfTe cuesta disfrutar de los momentos simples, fuera de tu trabajo?<\/strong><\/p>\n\n\n\n<p>Estoy aprendiendo, lo vengo trabajando con mi psic\u00f3loga desde hace un par de a\u00f1os. Perd\u00ed a mi pap\u00e1 de muy chico y el trabajo fue mi cable a tierra. Si bien me encanta tomar mates y charlar, tan simple como eso, a los 18 a\u00f1os empec\u00e9 un ritmo de vida que me hizo madurar en muchas cosas, m\u00e1s all\u00e1 de que uno trabaja con el humor, la alegr\u00eda, la diversi\u00f3n, pero, por dentro hay un caminito personal paralelo en el cual no todo es color rosa.<\/p>\n\n\n\n<p><strong>Te gusta el f\u00fatbol, hincha perro de Boca. \u00bfSos bueno jugando?<\/strong><\/p>\n\n\n\n<p>Me encanta el deporte, pero, soy mal\u00edsimo jugando. Pase por varios babys cuando era ni\u00f1o. Sin embargo, mi pap\u00e1 ten\u00eda que trabajar, mi mam\u00e1 nunca me acompa\u00f1\u00f3, no me llevaba, no iba a los partidos y eso creo me desmotiv\u00f3 mucho. Mi hermana, una genia, recuerdo cuando pod\u00eda me acompa\u00f1aba en la bici, pero, era ella era adolescente, hac\u00eda lo que pod\u00eda.<\/p>\n\n\n\n<p>Tambi\u00e9n hice b\u00e1squet un tiempo, pero me retir\u00e9 a temprana edad (se r\u00ede recordando esos momentos) y hasta hace poco, p\u00e1del. Los tiempos son tiranos para dedicarle el tiempo que se requiere.<\/p>\n\n\n\n<p><strong>\u00bfQu\u00e9 es la soledad?<\/strong><\/p>\n\n\n\n<p>Tiene doble filo. Puede ser tu amiga o tu enemiga. Hay que saber llevarse con ella. A veces es necesaria y aprender a convivir, es un gran proceso, despu\u00e9s la disfrut\u00e1s. Otras veces, es terrible, duele.<\/p>\n\n\n\n<p><strong>\u00bfCu\u00e1l fue la entrevista m\u00e1s dif\u00edcil que te haya tocado?<\/strong><\/p>\n\n\n\n<p>No hay muchas, antes, en materia de econom\u00eda porque no era mi fuerte, pero, en los \u00faltimos a\u00f1os crec\u00ed much\u00edsimo profesionalmente y, hacer un programa desde las 6 de la ma\u00f1ana en radio Villa Mar\u00eda, donde te levant\u00e1s a las 5 para estar informado, me ayud\u00f3 much\u00edsimo a manejar de otra manera algunas informaciones.<\/p>\n\n\n\n<p><strong>Un viaje que te gustar\u00eda hacer y con qui\u00e9n\u2026<\/strong><\/p>\n\n\n\n<p>Uno ya lo hice, a mediados de este 2023, Rep\u00fablica Dominicana, me fui solo y fue incre\u00edble. Es lindo viajar acompa\u00f1ado de tu pareja, tus amigos, la familia, pero, a veces, hacerlo solo tambi\u00e9n es bueno. Fue una experiencia que la disfrut\u00e9 al 100%. Era uno de mis sue\u00f1os y pude cumplirlo.<\/p>\n\n\n\n<p><\/p>\n\n\n\n<p><\/p>\n\n\n\n<h3 class=\"wp-block-heading\"><strong>Tambi\u00e9n pod\u00e9s ver: <\/strong><\/h3>\n\n\n\n<p><\/p>\n\n\n\n<p><\/p>\n\n\n\n<figure class=\"wp-block-embed is-type-wp-embed is-provider-el-regional wp-block-embed-el-regional\"><div class=\"wp-block-embed__wrapper\">\n<blockquote class=\"wp-embedded-content\" data-secret=\"u3TR90FKFO\"><a href=\"https:\/\/elregionalvm.com.ar\/noticias-villa-maria\/desde-adentro-sebastian-yani-valfre-el-vino-es-sensorial-un-viaje-sin-retorno\/\">[Desde Adentro] Sebasti\u00e1n \u201cYani\u201d Valfr\u00e9: \u201cEl vino es sensorial, un viaje sin retorno\u201d<\/a><\/blockquote><iframe class=\"wp-embedded-content\" sandbox=\"allow-scripts\" security=\"restricted\" style=\"position: absolute; clip: rect(1px, 1px, 1px, 1px);\" title=\"\u00ab[Desde Adentro] Sebasti\u00e1n \u201cYani\u201d Valfr\u00e9: \u201cEl vino es sensorial, un viaje sin retorno\u201d\u00bb \u2014 El Regional\" src=\"https:\/\/elregionalvm.com.ar\/noticias-villa-maria\/desde-adentro-sebastian-yani-valfre-el-vino-es-sensorial-un-viaje-sin-retorno\/embed\/#?secret=dh6l9LRHiZ#?secret=u3TR90FKFO\" data-secret=\"u3TR90FKFO\" width=\"500\" height=\"282\" frameborder=\"0\" marginwidth=\"0\" marginheight=\"0\" scrolling=\"no\"><\/iframe>\n<\/div><\/figure>\n","protected":false},"excerpt":{"rendered":"<p>Leandro Andr\u00e9s Primo Roganti (30), director de Radio Libertad (89.7), locutor, conductor y animador. Tranquilo, sencillo, amiguero, conciliador y de gran empat\u00eda con quienes lo rodean. Con un gran profesionalismo para subir al escenario mayor de Villa Mar\u00eda a conducir un Festival de Pe\u00f1as y una enorme humildad para horas despu\u00e9s, visitar a sus clientes [&hellip;]<\/p>\n","protected":false},"author":4,"featured_media":84970,"comment_status":"open","ping_status":"open","sticky":false,"template":"","format":"standard","meta":{"site-sidebar-layout":"default","site-content-layout":"","ast-site-content-layout":"default","site-content-style":"default","site-sidebar-style":"default","ast-global-header-display":"","ast-banner-title-visibility":"","ast-main-header-display":"","ast-hfb-above-header-display":"","ast-hfb-below-header-display":"","ast-hfb-mobile-header-display":"","site-post-title":"","ast-breadcrumbs-content":"","ast-featured-img":"","footer-sml-layout":"","ast-disable-related-posts":"","theme-transparent-header-meta":"","adv-header-id-meta":"","stick-header-meta":"","header-above-stick-meta":"","header-main-stick-meta":"","header-below-stick-meta":"","astra-migrate-meta-layouts":"set","ast-page-background-enabled":"default","ast-page-background-meta":{"desktop":{"background-color":"","background-image":"","background-repeat":"repeat","background-position":"center center","background-size":"auto","background-attachment":"scroll","background-type":"","background-media":"","overlay-type":"","overlay-color":"","overlay-opacity":"","overlay-gradient":""},"tablet":{"background-color":"","background-image":"","background-repeat":"repeat","background-position":"center center","background-size":"auto","background-attachment":"scroll","background-type":"","background-media":"","overlay-type":"","overlay-color":"","overlay-opacity":"","overlay-gradient":""},"mobile":{"background-color":"","background-image":"","background-repeat":"repeat","background-position":"center center","background-size":"auto","background-attachment":"scroll","background-type":"","background-media":"","overlay-type":"","overlay-color":"","overlay-opacity":"","overlay-gradient":""}},"ast-content-background-meta":{"desktop":{"background-color":"var(--ast-global-color-5)","background-image":"","background-repeat":"repeat","background-position":"center center","background-size":"auto","background-attachment":"scroll","background-type":"","background-media":"","overlay-type":"","overlay-color":"","overlay-opacity":"","overlay-gradient":""},"tablet":{"background-color":"var(--ast-global-color-5)","background-image":"","background-repeat":"repeat","background-position":"center center","background-size":"auto","background-attachment":"scroll","background-type":"","background-media":"","overlay-type":"","overlay-color":"","overlay-opacity":"","overlay-gradient":""},"mobile":{"background-color":"var(--ast-global-color-5)","background-image":"","background-repeat":"repeat","background-position":"center center","background-size":"auto","background-attachment":"scroll","background-type":"","background-media":"","overlay-type":"","overlay-color":"","overlay-opacity":"","overlay-gradient":""}},"_jetpack_memberships_contains_paid_content":false,"_joinchat":[],"footnotes":""},"categories":[2098,3557,2074],"tags":[12668,21332,688,1239,1386,23103,23102,1663,436,14218],"class_list":["post-84967","post","type-post","status-publish","format-standard","has-post-thumbnail","hentry","category-historias","category-tercera","category-videos","tag-conduccion","tag-desde-adentro","tag-entrevista","tag-festival-de-penas","tag-historias","tag-jet-set","tag-leo-roganti","tag-musica","tag-radio","tag-television"],"yoast_head":"<!-- This site is optimized with the Yoast SEO plugin v26.8 - https:\/\/yoast.com\/product\/yoast-seo-wordpress\/ -->\n<title>[Desde Adentro] Leo Roganti: \u201cTengo mucho por aprender, por eso siento que no he tocado techo\u201d - El Regional<\/title>\n<meta name=\"robots\" content=\"index, follow, max-snippet:-1, max-image-preview:large, max-video-preview:-1\" \/>\n<link rel=\"canonical\" href=\"https:\/\/elregionalvm.com.ar\/noticias-villa-maria\/desde-adentro-leo-roganti-tengo-mucho-por-aprender-por-eso-siento-que-no-he-tocado-techo\/\" \/>\n<meta property=\"og:locale\" content=\"es_ES\" \/>\n<meta property=\"og:type\" content=\"article\" \/>\n<meta property=\"og:title\" content=\"[Desde Adentro] Leo Roganti: \u201cTengo mucho por aprender, por eso siento que no he tocado techo\u201d - El Regional\" \/>\n<meta property=\"og:description\" content=\"Leandro Andr\u00e9s Primo Roganti (30), director de Radio Libertad (89.7), locutor, conductor y animador. Tranquilo, sencillo, amiguero, conciliador y de gran empat\u00eda con quienes lo rodean. Con un gran profesionalismo para subir al escenario mayor de Villa Mar\u00eda a conducir un Festival de Pe\u00f1as y una enorme humildad para horas despu\u00e9s, visitar a sus clientes [&hellip;]\" \/>\n<meta property=\"og:url\" content=\"https:\/\/elregionalvm.com.ar\/noticias-villa-maria\/desde-adentro-leo-roganti-tengo-mucho-por-aprender-por-eso-siento-que-no-he-tocado-techo\/\" \/>\n<meta property=\"og:site_name\" content=\"El Regional\" \/>\n<meta property=\"article:publisher\" content=\"https:\/\/www.facebook.com\/elregionalvm\" \/>\n<meta property=\"article:published_time\" content=\"2023-10-30T17:22:27+00:00\" \/>\n<meta property=\"article:modified_time\" content=\"2023-11-02T02:09:47+00:00\" \/>\n<meta property=\"og:image\" content=\"https:\/\/elregionalvm.com.ar\/noticias-villa-maria\/wp-content\/uploads\/2023\/10\/Leo-Roganti-living-perro.jpg\" \/>\n\t<meta property=\"og:image:width\" content=\"1200\" \/>\n\t<meta property=\"og:image:height\" content=\"800\" \/>\n\t<meta property=\"og:image:type\" content=\"image\/jpeg\" \/>\n<meta name=\"author\" content=\"Contenidos El Regional\" \/>\n<meta name=\"twitter:card\" content=\"summary_large_image\" \/>\n<meta name=\"twitter:creator\" content=\"@elregionalvm1\" \/>\n<meta name=\"twitter:site\" content=\"@elregionalvm1\" \/>\n<meta name=\"twitter:label1\" content=\"Escrito por\" \/>\n\t<meta name=\"twitter:data1\" content=\"Contenidos El Regional\" \/>\n\t<meta name=\"twitter:label2\" content=\"Tiempo de lectura\" \/>\n\t<meta name=\"twitter:data2\" content=\"12 minutos\" \/>\n<script type=\"application\/ld+json\" class=\"yoast-schema-graph\">{\"@context\":\"https:\/\/schema.org\",\"@graph\":[{\"@type\":\"Article\",\"@id\":\"https:\/\/elregionalvm.com.ar\/noticias-villa-maria\/desde-adentro-leo-roganti-tengo-mucho-por-aprender-por-eso-siento-que-no-he-tocado-techo\/#article\",\"isPartOf\":{\"@id\":\"https:\/\/elregionalvm.com.ar\/noticias-villa-maria\/desde-adentro-leo-roganti-tengo-mucho-por-aprender-por-eso-siento-que-no-he-tocado-techo\/\"},\"author\":{\"name\":\"Contenidos El Regional\",\"@id\":\"http:\/\/elregionalvm.com.ar\/noticias-villa-maria\/#\/schema\/person\/a0fb9c422317faca23d50163151bc354\"},\"headline\":\"[Desde Adentro] Leo Roganti: \u201cTengo mucho por aprender, por eso siento que no he tocado techo\u201d\",\"datePublished\":\"2023-10-30T17:22:27+00:00\",\"dateModified\":\"2023-11-02T02:09:47+00:00\",\"mainEntityOfPage\":{\"@id\":\"https:\/\/elregionalvm.com.ar\/noticias-villa-maria\/desde-adentro-leo-roganti-tengo-mucho-por-aprender-por-eso-siento-que-no-he-tocado-techo\/\"},\"wordCount\":2513,\"commentCount\":0,\"image\":{\"@id\":\"https:\/\/elregionalvm.com.ar\/noticias-villa-maria\/desde-adentro-leo-roganti-tengo-mucho-por-aprender-por-eso-siento-que-no-he-tocado-techo\/#primaryimage\"},\"thumbnailUrl\":\"https:\/\/i0.wp.com\/elregionalvm.com.ar\/noticias-villa-maria\/wp-content\/uploads\/2023\/10\/Leo-Roganti-living-perro.jpg?fit=1200%2C800&ssl=1\",\"keywords\":[\"conducci\u00f3n\",\"Desde Adentro\",\"Entrevista\",\"Festival de pe\u00f1as\",\"historias\",\"Jet Set\",\"Leo Roganti\",\"M\u00fasica\",\"radio\",\"televisi\u00f3n\"],\"articleSection\":[\"Historias\",\"tercera\",\"Videos\"],\"inLanguage\":\"es\",\"potentialAction\":[{\"@type\":\"CommentAction\",\"name\":\"Comment\",\"target\":[\"https:\/\/elregionalvm.com.ar\/noticias-villa-maria\/desde-adentro-leo-roganti-tengo-mucho-por-aprender-por-eso-siento-que-no-he-tocado-techo\/#respond\"]}]},{\"@type\":\"WebPage\",\"@id\":\"https:\/\/elregionalvm.com.ar\/noticias-villa-maria\/desde-adentro-leo-roganti-tengo-mucho-por-aprender-por-eso-siento-que-no-he-tocado-techo\/\",\"url\":\"https:\/\/elregionalvm.com.ar\/noticias-villa-maria\/desde-adentro-leo-roganti-tengo-mucho-por-aprender-por-eso-siento-que-no-he-tocado-techo\/\",\"name\":\"[Desde Adentro] Leo Roganti: \u201cTengo mucho por aprender, por eso siento que no he tocado techo\u201d - El Regional\",\"isPartOf\":{\"@id\":\"http:\/\/elregionalvm.com.ar\/noticias-villa-maria\/#website\"},\"primaryImageOfPage\":{\"@id\":\"https:\/\/elregionalvm.com.ar\/noticias-villa-maria\/desde-adentro-leo-roganti-tengo-mucho-por-aprender-por-eso-siento-que-no-he-tocado-techo\/#primaryimage\"},\"image\":{\"@id\":\"https:\/\/elregionalvm.com.ar\/noticias-villa-maria\/desde-adentro-leo-roganti-tengo-mucho-por-aprender-por-eso-siento-que-no-he-tocado-techo\/#primaryimage\"},\"thumbnailUrl\":\"https:\/\/i0.wp.com\/elregionalvm.com.ar\/noticias-villa-maria\/wp-content\/uploads\/2023\/10\/Leo-Roganti-living-perro.jpg?fit=1200%2C800&ssl=1\",\"datePublished\":\"2023-10-30T17:22:27+00:00\",\"dateModified\":\"2023-11-02T02:09:47+00:00\",\"author\":{\"@id\":\"http:\/\/elregionalvm.com.ar\/noticias-villa-maria\/#\/schema\/person\/a0fb9c422317faca23d50163151bc354\"},\"breadcrumb\":{\"@id\":\"https:\/\/elregionalvm.com.ar\/noticias-villa-maria\/desde-adentro-leo-roganti-tengo-mucho-por-aprender-por-eso-siento-que-no-he-tocado-techo\/#breadcrumb\"},\"inLanguage\":\"es\",\"potentialAction\":[{\"@type\":\"ReadAction\",\"target\":[\"https:\/\/elregionalvm.com.ar\/noticias-villa-maria\/desde-adentro-leo-roganti-tengo-mucho-por-aprender-por-eso-siento-que-no-he-tocado-techo\/\"]}]},{\"@type\":\"ImageObject\",\"inLanguage\":\"es\",\"@id\":\"https:\/\/elregionalvm.com.ar\/noticias-villa-maria\/desde-adentro-leo-roganti-tengo-mucho-por-aprender-por-eso-siento-que-no-he-tocado-techo\/#primaryimage\",\"url\":\"https:\/\/i0.wp.com\/elregionalvm.com.ar\/noticias-villa-maria\/wp-content\/uploads\/2023\/10\/Leo-Roganti-living-perro.jpg?fit=1200%2C800&ssl=1\",\"contentUrl\":\"https:\/\/i0.wp.com\/elregionalvm.com.ar\/noticias-villa-maria\/wp-content\/uploads\/2023\/10\/Leo-Roganti-living-perro.jpg?fit=1200%2C800&ssl=1\",\"width\":1200,\"height\":800},{\"@type\":\"BreadcrumbList\",\"@id\":\"https:\/\/elregionalvm.com.ar\/noticias-villa-maria\/desde-adentro-leo-roganti-tengo-mucho-por-aprender-por-eso-siento-que-no-he-tocado-techo\/#breadcrumb\",\"itemListElement\":[{\"@type\":\"ListItem\",\"position\":1,\"name\":\"Portada\",\"item\":\"https:\/\/elregionalvm.com.ar\/noticias-villa-maria\/\"},{\"@type\":\"ListItem\",\"position\":2,\"name\":\"[Desde Adentro] Leo Roganti: \u201cTengo mucho por aprender, por eso siento que no he tocado techo\u201d\"}]},{\"@type\":\"WebSite\",\"@id\":\"http:\/\/elregionalvm.com.ar\/noticias-villa-maria\/#website\",\"url\":\"http:\/\/elregionalvm.com.ar\/noticias-villa-maria\/\",\"name\":\"El Regional\",\"description\":\"Mucho m\u00e1s que informaci\u00f3n\",\"potentialAction\":[{\"@type\":\"SearchAction\",\"target\":{\"@type\":\"EntryPoint\",\"urlTemplate\":\"http:\/\/elregionalvm.com.ar\/noticias-villa-maria\/?s={search_term_string}\"},\"query-input\":{\"@type\":\"PropertyValueSpecification\",\"valueRequired\":true,\"valueName\":\"search_term_string\"}}],\"inLanguage\":\"es\"},{\"@type\":\"Person\",\"@id\":\"http:\/\/elregionalvm.com.ar\/noticias-villa-maria\/#\/schema\/person\/a0fb9c422317faca23d50163151bc354\",\"name\":\"Contenidos El Regional\",\"image\":{\"@type\":\"ImageObject\",\"inLanguage\":\"es\",\"@id\":\"http:\/\/elregionalvm.com.ar\/noticias-villa-maria\/#\/schema\/person\/image\/\",\"url\":\"https:\/\/secure.gravatar.com\/avatar\/265b27cb2209af7bb3a1318f03305787d7981a5cc6e6cd08fe5a4ecdf99d4b48?s=96&d=mm&r=g\",\"contentUrl\":\"https:\/\/secure.gravatar.com\/avatar\/265b27cb2209af7bb3a1318f03305787d7981a5cc6e6cd08fe5a4ecdf99d4b48?s=96&d=mm&r=g\",\"caption\":\"Contenidos El Regional\"},\"url\":\"https:\/\/elregionalvm.com.ar\/noticias-villa-maria\/author\/contenido\/\"}]}<\/script>\n<!-- \/ Yoast SEO plugin. -->","yoast_head_json":{"title":"[Desde Adentro] Leo Roganti: \u201cTengo mucho por aprender, por eso siento que no he tocado techo\u201d - El Regional","robots":{"index":"index","follow":"follow","max-snippet":"max-snippet:-1","max-image-preview":"max-image-preview:large","max-video-preview":"max-video-preview:-1"},"canonical":"https:\/\/elregionalvm.com.ar\/noticias-villa-maria\/desde-adentro-leo-roganti-tengo-mucho-por-aprender-por-eso-siento-que-no-he-tocado-techo\/","og_locale":"es_ES","og_type":"article","og_title":"[Desde Adentro] Leo Roganti: \u201cTengo mucho por aprender, por eso siento que no he tocado techo\u201d - El Regional","og_description":"Leandro Andr\u00e9s Primo Roganti (30), director de Radio Libertad (89.7), locutor, conductor y animador. Tranquilo, sencillo, amiguero, conciliador y de gran empat\u00eda con quienes lo rodean. Con un gran profesionalismo para subir al escenario mayor de Villa Mar\u00eda a conducir un Festival de Pe\u00f1as y una enorme humildad para horas despu\u00e9s, visitar a sus clientes [&hellip;]","og_url":"https:\/\/elregionalvm.com.ar\/noticias-villa-maria\/desde-adentro-leo-roganti-tengo-mucho-por-aprender-por-eso-siento-que-no-he-tocado-techo\/","og_site_name":"El Regional","article_publisher":"https:\/\/www.facebook.com\/elregionalvm","article_published_time":"2023-10-30T17:22:27+00:00","article_modified_time":"2023-11-02T02:09:47+00:00","og_image":[{"width":1200,"height":800,"url":"https:\/\/elregionalvm.com.ar\/noticias-villa-maria\/wp-content\/uploads\/2023\/10\/Leo-Roganti-living-perro.jpg","type":"image\/jpeg"}],"author":"Contenidos El Regional","twitter_card":"summary_large_image","twitter_creator":"@elregionalvm1","twitter_site":"@elregionalvm1","twitter_misc":{"Escrito por":"Contenidos El Regional","Tiempo de lectura":"12 minutos"},"schema":{"@context":"https:\/\/schema.org","@graph":[{"@type":"Article","@id":"https:\/\/elregionalvm.com.ar\/noticias-villa-maria\/desde-adentro-leo-roganti-tengo-mucho-por-aprender-por-eso-siento-que-no-he-tocado-techo\/#article","isPartOf":{"@id":"https:\/\/elregionalvm.com.ar\/noticias-villa-maria\/desde-adentro-leo-roganti-tengo-mucho-por-aprender-por-eso-siento-que-no-he-tocado-techo\/"},"author":{"name":"Contenidos El Regional","@id":"http:\/\/elregionalvm.com.ar\/noticias-villa-maria\/#\/schema\/person\/a0fb9c422317faca23d50163151bc354"},"headline":"[Desde Adentro] Leo Roganti: \u201cTengo mucho por aprender, por eso siento que no he tocado techo\u201d","datePublished":"2023-10-30T17:22:27+00:00","dateModified":"2023-11-02T02:09:47+00:00","mainEntityOfPage":{"@id":"https:\/\/elregionalvm.com.ar\/noticias-villa-maria\/desde-adentro-leo-roganti-tengo-mucho-por-aprender-por-eso-siento-que-no-he-tocado-techo\/"},"wordCount":2513,"commentCount":0,"image":{"@id":"https:\/\/elregionalvm.com.ar\/noticias-villa-maria\/desde-adentro-leo-roganti-tengo-mucho-por-aprender-por-eso-siento-que-no-he-tocado-techo\/#primaryimage"},"thumbnailUrl":"https:\/\/i0.wp.com\/elregionalvm.com.ar\/noticias-villa-maria\/wp-content\/uploads\/2023\/10\/Leo-Roganti-living-perro.jpg?fit=1200%2C800&ssl=1","keywords":["conducci\u00f3n","Desde Adentro","Entrevista","Festival de pe\u00f1as","historias","Jet Set","Leo Roganti","M\u00fasica","radio","televisi\u00f3n"],"articleSection":["Historias","tercera","Videos"],"inLanguage":"es","potentialAction":[{"@type":"CommentAction","name":"Comment","target":["https:\/\/elregionalvm.com.ar\/noticias-villa-maria\/desde-adentro-leo-roganti-tengo-mucho-por-aprender-por-eso-siento-que-no-he-tocado-techo\/#respond"]}]},{"@type":"WebPage","@id":"https:\/\/elregionalvm.com.ar\/noticias-villa-maria\/desde-adentro-leo-roganti-tengo-mucho-por-aprender-por-eso-siento-que-no-he-tocado-techo\/","url":"https:\/\/elregionalvm.com.ar\/noticias-villa-maria\/desde-adentro-leo-roganti-tengo-mucho-por-aprender-por-eso-siento-que-no-he-tocado-techo\/","name":"[Desde Adentro] Leo Roganti: \u201cTengo mucho por aprender, por eso siento que no he tocado techo\u201d - El Regional","isPartOf":{"@id":"http:\/\/elregionalvm.com.ar\/noticias-villa-maria\/#website"},"primaryImageOfPage":{"@id":"https:\/\/elregionalvm.com.ar\/noticias-villa-maria\/desde-adentro-leo-roganti-tengo-mucho-por-aprender-por-eso-siento-que-no-he-tocado-techo\/#primaryimage"},"image":{"@id":"https:\/\/elregionalvm.com.ar\/noticias-villa-maria\/desde-adentro-leo-roganti-tengo-mucho-por-aprender-por-eso-siento-que-no-he-tocado-techo\/#primaryimage"},"thumbnailUrl":"https:\/\/i0.wp.com\/elregionalvm.com.ar\/noticias-villa-maria\/wp-content\/uploads\/2023\/10\/Leo-Roganti-living-perro.jpg?fit=1200%2C800&ssl=1","datePublished":"2023-10-30T17:22:27+00:00","dateModified":"2023-11-02T02:09:47+00:00","author":{"@id":"http:\/\/elregionalvm.com.ar\/noticias-villa-maria\/#\/schema\/person\/a0fb9c422317faca23d50163151bc354"},"breadcrumb":{"@id":"https:\/\/elregionalvm.com.ar\/noticias-villa-maria\/desde-adentro-leo-roganti-tengo-mucho-por-aprender-por-eso-siento-que-no-he-tocado-techo\/#breadcrumb"},"inLanguage":"es","potentialAction":[{"@type":"ReadAction","target":["https:\/\/elregionalvm.com.ar\/noticias-villa-maria\/desde-adentro-leo-roganti-tengo-mucho-por-aprender-por-eso-siento-que-no-he-tocado-techo\/"]}]},{"@type":"ImageObject","inLanguage":"es","@id":"https:\/\/elregionalvm.com.ar\/noticias-villa-maria\/desde-adentro-leo-roganti-tengo-mucho-por-aprender-por-eso-siento-que-no-he-tocado-techo\/#primaryimage","url":"https:\/\/i0.wp.com\/elregionalvm.com.ar\/noticias-villa-maria\/wp-content\/uploads\/2023\/10\/Leo-Roganti-living-perro.jpg?fit=1200%2C800&ssl=1","contentUrl":"https:\/\/i0.wp.com\/elregionalvm.com.ar\/noticias-villa-maria\/wp-content\/uploads\/2023\/10\/Leo-Roganti-living-perro.jpg?fit=1200%2C800&ssl=1","width":1200,"height":800},{"@type":"BreadcrumbList","@id":"https:\/\/elregionalvm.com.ar\/noticias-villa-maria\/desde-adentro-leo-roganti-tengo-mucho-por-aprender-por-eso-siento-que-no-he-tocado-techo\/#breadcrumb","itemListElement":[{"@type":"ListItem","position":1,"name":"Portada","item":"https:\/\/elregionalvm.com.ar\/noticias-villa-maria\/"},{"@type":"ListItem","position":2,"name":"[Desde Adentro] Leo Roganti: \u201cTengo mucho por aprender, por eso siento que no he tocado techo\u201d"}]},{"@type":"WebSite","@id":"http:\/\/elregionalvm.com.ar\/noticias-villa-maria\/#website","url":"http:\/\/elregionalvm.com.ar\/noticias-villa-maria\/","name":"El Regional","description":"Mucho m\u00e1s que informaci\u00f3n","potentialAction":[{"@type":"SearchAction","target":{"@type":"EntryPoint","urlTemplate":"http:\/\/elregionalvm.com.ar\/noticias-villa-maria\/?s={search_term_string}"},"query-input":{"@type":"PropertyValueSpecification","valueRequired":true,"valueName":"search_term_string"}}],"inLanguage":"es"},{"@type":"Person","@id":"http:\/\/elregionalvm.com.ar\/noticias-villa-maria\/#\/schema\/person\/a0fb9c422317faca23d50163151bc354","name":"Contenidos El Regional","image":{"@type":"ImageObject","inLanguage":"es","@id":"http:\/\/elregionalvm.com.ar\/noticias-villa-maria\/#\/schema\/person\/image\/","url":"https:\/\/secure.gravatar.com\/avatar\/265b27cb2209af7bb3a1318f03305787d7981a5cc6e6cd08fe5a4ecdf99d4b48?s=96&d=mm&r=g","contentUrl":"https:\/\/secure.gravatar.com\/avatar\/265b27cb2209af7bb3a1318f03305787d7981a5cc6e6cd08fe5a4ecdf99d4b48?s=96&d=mm&r=g","caption":"Contenidos El Regional"},"url":"https:\/\/elregionalvm.com.ar\/noticias-villa-maria\/author\/contenido\/"}]}},"jetpack_featured_media_url":"https:\/\/i0.wp.com\/elregionalvm.com.ar\/noticias-villa-maria\/wp-content\/uploads\/2023\/10\/Leo-Roganti-living-perro.jpg?fit=1200%2C800&ssl=1","jetpack_sharing_enabled":true,"_links":{"self":[{"href":"https:\/\/elregionalvm.com.ar\/noticias-villa-maria\/wp-json\/wp\/v2\/posts\/84967","targetHints":{"allow":["GET"]}}],"collection":[{"href":"https:\/\/elregionalvm.com.ar\/noticias-villa-maria\/wp-json\/wp\/v2\/posts"}],"about":[{"href":"https:\/\/elregionalvm.com.ar\/noticias-villa-maria\/wp-json\/wp\/v2\/types\/post"}],"author":[{"embeddable":true,"href":"https:\/\/elregionalvm.com.ar\/noticias-villa-maria\/wp-json\/wp\/v2\/users\/4"}],"replies":[{"embeddable":true,"href":"https:\/\/elregionalvm.com.ar\/noticias-villa-maria\/wp-json\/wp\/v2\/comments?post=84967"}],"version-history":[{"count":4,"href":"https:\/\/elregionalvm.com.ar\/noticias-villa-maria\/wp-json\/wp\/v2\/posts\/84967\/revisions"}],"predecessor-version":[{"id":84980,"href":"https:\/\/elregionalvm.com.ar\/noticias-villa-maria\/wp-json\/wp\/v2\/posts\/84967\/revisions\/84980"}],"wp:featuredmedia":[{"embeddable":true,"href":"https:\/\/elregionalvm.com.ar\/noticias-villa-maria\/wp-json\/wp\/v2\/media\/84970"}],"wp:attachment":[{"href":"https:\/\/elregionalvm.com.ar\/noticias-villa-maria\/wp-json\/wp\/v2\/media?parent=84967"}],"wp:term":[{"taxonomy":"category","embeddable":true,"href":"https:\/\/elregionalvm.com.ar\/noticias-villa-maria\/wp-json\/wp\/v2\/categories?post=84967"},{"taxonomy":"post_tag","embeddable":true,"href":"https:\/\/elregionalvm.com.ar\/noticias-villa-maria\/wp-json\/wp\/v2\/tags?post=84967"}],"curies":[{"name":"wp","href":"https:\/\/api.w.org\/{rel}","templated":true}]}}