{"id":84985,"date":"2023-10-30T22:42:10","date_gmt":"2023-10-30T22:42:10","guid":{"rendered":"https:\/\/elregionalvm.com.ar\/noticias-villa-maria\/?p=84985"},"modified":"2023-10-30T22:48:59","modified_gmt":"2023-10-30T22:48:59","slug":"comenzo-el-torneo-m15-villa-maria-que-reune-a-tenistas-del-ranking-atp","status":"publish","type":"post","link":"https:\/\/elregionalvm.com.ar\/noticias-villa-maria\/comenzo-el-torneo-m15-villa-maria-que-reune-a-tenistas-del-ranking-atp\/","title":{"rendered":"Comenz\u00f3 el torneo M15 Villa Mar\u00eda, que re\u00fane a tenistas del ranking ATP"},"content":{"rendered":"\n<p>El tenis pisa fuerte en la ciudad mediante el desarrollo del torneo M15 Villa Mar\u00eda que comenz\u00f3 hoy con sede en el Sport Social Club. All\u00ed, el evento de re\u00fane a jugadores del tenis internacional, ubicados entre los puestos 300 y 800 del ranking ATP, quienes competir\u00e1n a lo largo de la semana en juegos dobles e individuales, tras culminar la etapa de pre clasificaci\u00f3n la semana pasada.<\/p>\n\n\n\n<p>El presidente del Ente Villa Mar\u00eda Deporte y Turismo, Sebasti\u00e1n Panero, la directora de la instituci\u00f3n, Lucrecia Falco, y el director de la competencia deportiva, Carlos Ronco, acompa\u00f1aron el desarrollo de la actividad que se extender\u00e1 hasta el 5 de noviembre. <\/p>\n\n\n\n<figure class=\"wp-block-image size-large\"><img data-recalc-dims=\"1\" fetchpriority=\"high\" decoding=\"async\" width=\"1024\" height=\"682\" src=\"https:\/\/i0.wp.com\/elregionalvm.com.ar\/noticias-villa-maria\/wp-content\/uploads\/2023\/10\/WhatsApp-Image-2023-10-30-at-14.02.57-1.jpeg?resize=1024%2C682&#038;ssl=1\" alt=\"\" class=\"wp-image-84987\" srcset=\"https:\/\/i0.wp.com\/elregionalvm.com.ar\/noticias-villa-maria\/wp-content\/uploads\/2023\/10\/WhatsApp-Image-2023-10-30-at-14.02.57-1.jpeg?resize=1024%2C682&amp;ssl=1 1024w, https:\/\/i0.wp.com\/elregionalvm.com.ar\/noticias-villa-maria\/wp-content\/uploads\/2023\/10\/WhatsApp-Image-2023-10-30-at-14.02.57-1.jpeg?resize=300%2C200&amp;ssl=1 300w, https:\/\/i0.wp.com\/elregionalvm.com.ar\/noticias-villa-maria\/wp-content\/uploads\/2023\/10\/WhatsApp-Image-2023-10-30-at-14.02.57-1.jpeg?resize=768%2C512&amp;ssl=1 768w, https:\/\/i0.wp.com\/elregionalvm.com.ar\/noticias-villa-maria\/wp-content\/uploads\/2023\/10\/WhatsApp-Image-2023-10-30-at-14.02.57-1.jpeg?resize=1536%2C1023&amp;ssl=1 1536w, https:\/\/i0.wp.com\/elregionalvm.com.ar\/noticias-villa-maria\/wp-content\/uploads\/2023\/10\/WhatsApp-Image-2023-10-30-at-14.02.57-1.jpeg?w=1600&amp;ssl=1 1600w\" sizes=\"(max-width: 1000px) 100vw, 1000px\" \/><\/figure>\n\n\n\n<p>Sobre canchas lentas, hoy y ma\u00f1ana los j\u00f3venes jugadores y de gran proyecci\u00f3n disputar\u00e1n la clasificaci\u00f3n. <\/p>\n\n\n\n<p>En tanto, durante la jornada de este martes tendr\u00e1 lugar el cuadro principal del que participar\u00e1n 32 jugadores, siendo en total 100 los que pasar\u00e1n por la ciudad, para disputar hasta 15 mil d\u00f3lares en premios<\/p>\n\n\n\n<p>De esta manera, el evento de jerarqu\u00eda internacional ser\u00e1 uno de los principales atractivos a nivel local durante estos d\u00edas, al que vecinos y vecinas de todas las edades podr\u00e1n acceder de manera libre y gratuita. <\/p>\n\n\n\n<p>En tanto, el Sport Social Club brindar\u00e1 la infraestructura necesaria para el desarrollo de los partidos, permitiendo a la ciudad ser una de sus principales sedes, al mismo tiempo que se fomenta la gastronom\u00eda y hoteler\u00eda.<\/p>\n\n\n\n<p>Es oportuno mencionar que el M15 es un prestigioso torneo de tenis que forma parte del circuito profesional. Por lo tanto, los participantes tendr\u00e1n la oportunidad de sumar valiosos puntos en el ranking Asociaci\u00f3n de Tenistas Profesionales (ATP).<\/p>\n","protected":false},"excerpt":{"rendered":"<p>El tenis pisa fuerte en la ciudad mediante el desarrollo del torneo M15 Villa Mar\u00eda que comenz\u00f3 hoy con sede en el Sport Social Club. All\u00ed, el evento de re\u00fane a jugadores del tenis internacional, ubicados entre los puestos 300 y 800 del ranking ATP, quienes competir\u00e1n a lo largo de la semana en juegos [&hellip;]<\/p>\n","protected":false},"author":4,"featured_media":84986,"comment_status":"open","ping_status":"open","sticky":false,"template":"","format":"standard","meta":{"site-sidebar-layout":"default","site-content-layout":"","ast-site-content-layout":"default","site-content-style":"default","site-sidebar-style":"default","ast-global-header-display":"","ast-banner-title-visibility":"","ast-main-header-display":"","ast-hfb-above-header-display":"","ast-hfb-below-header-display":"","ast-hfb-mobile-header-display":"","site-post-title":"","ast-breadcrumbs-content":"","ast-featured-img":"","footer-sml-layout":"","ast-disable-related-posts":"","theme-transparent-header-meta":"","adv-header-id-meta":"","stick-header-meta":"","header-above-stick-meta":"","header-main-stick-meta":"","header-below-stick-meta":"","astra-migrate-meta-layouts":"set","ast-page-background-enabled":"default","ast-page-background-meta":{"desktop":{"background-color":"","background-image":"","background-repeat":"repeat","background-position":"center center","background-size":"auto","background-attachment":"scroll","background-type":"","background-media":"","overlay-type":"","overlay-color":"","overlay-opacity":"","overlay-gradient":""},"tablet":{"background-color":"","background-image":"","background-repeat":"repeat","background-position":"center center","background-size":"auto","background-attachment":"scroll","background-type":"","background-media":"","overlay-type":"","overlay-color":"","overlay-opacity":"","overlay-gradient":""},"mobile":{"background-color":"","background-image":"","background-repeat":"repeat","background-position":"center center","background-size":"auto","background-attachment":"scroll","background-type":"","background-media":"","overlay-type":"","overlay-color":"","overlay-opacity":"","overlay-gradient":""}},"ast-content-background-meta":{"desktop":{"background-color":"var(--ast-global-color-5)","background-image":"","background-repeat":"repeat","background-position":"center center","background-size":"auto","background-attachment":"scroll","background-type":"","background-media":"","overlay-type":"","overlay-color":"","overlay-opacity":"","overlay-gradient":""},"tablet":{"background-color":"var(--ast-global-color-5)","background-image":"","background-repeat":"repeat","background-position":"center center","background-size":"auto","background-attachment":"scroll","background-type":"","background-media":"","overlay-type":"","overlay-color":"","overlay-opacity":"","overlay-gradient":""},"mobile":{"background-color":"var(--ast-global-color-5)","background-image":"","background-repeat":"repeat","background-position":"center center","background-size":"auto","background-attachment":"scroll","background-type":"","background-media":"","overlay-type":"","overlay-color":"","overlay-opacity":"","overlay-gradient":""}},"_jetpack_memberships_contains_paid_content":false,"_joinchat":[],"footnotes":""},"categories":[15158,15302,5,2],"tags":[],"class_list":["post-84985","post","type-post","status-publish","format-standard","has-post-thumbnail","hentry","category-deporte","category-destacado","category-sociedad","category-villa-maria"],"yoast_head":"<!-- This site is optimized with the Yoast SEO plugin v26.8 - https:\/\/yoast.com\/product\/yoast-seo-wordpress\/ -->\n<title>Comenz\u00f3 el torneo M15 Villa Mar\u00eda, que re\u00fane a tenistas del ranking ATP - El Regional<\/title>\n<meta name=\"robots\" content=\"index, follow, max-snippet:-1, max-image-preview:large, max-video-preview:-1\" \/>\n<link rel=\"canonical\" href=\"https:\/\/elregionalvm.com.ar\/noticias-villa-maria\/comenzo-el-torneo-m15-villa-maria-que-reune-a-tenistas-del-ranking-atp\/\" \/>\n<meta property=\"og:locale\" content=\"es_ES\" \/>\n<meta property=\"og:type\" content=\"article\" \/>\n<meta property=\"og:title\" content=\"Comenz\u00f3 el torneo M15 Villa Mar\u00eda, que re\u00fane a tenistas del ranking ATP - El Regional\" \/>\n<meta property=\"og:description\" content=\"El tenis pisa fuerte en la ciudad mediante el desarrollo del torneo M15 Villa Mar\u00eda que comenz\u00f3 hoy con sede en el Sport Social Club. All\u00ed, el evento de re\u00fane a jugadores del tenis internacional, ubicados entre los puestos 300 y 800 del ranking ATP, quienes competir\u00e1n a lo largo de la semana en juegos [&hellip;]\" \/>\n<meta property=\"og:url\" content=\"https:\/\/elregionalvm.com.ar\/noticias-villa-maria\/comenzo-el-torneo-m15-villa-maria-que-reune-a-tenistas-del-ranking-atp\/\" \/>\n<meta property=\"og:site_name\" content=\"El Regional\" \/>\n<meta property=\"article:publisher\" content=\"https:\/\/www.facebook.com\/elregionalvm\" \/>\n<meta property=\"article:published_time\" content=\"2023-10-30T22:42:10+00:00\" \/>\n<meta property=\"article:modified_time\" content=\"2023-10-30T22:48:59+00:00\" \/>\n<meta property=\"og:image\" content=\"https:\/\/elregionalvm.com.ar\/noticias-villa-maria\/wp-content\/uploads\/2023\/10\/WhatsApp-Image-2023-10-30-at-14.02.58.jpeg\" \/>\n\t<meta property=\"og:image:width\" content=\"1600\" \/>\n\t<meta property=\"og:image:height\" content=\"1066\" \/>\n\t<meta property=\"og:image:type\" content=\"image\/jpeg\" \/>\n<meta name=\"author\" content=\"Contenidos El Regional\" \/>\n<meta name=\"twitter:card\" content=\"summary_large_image\" \/>\n<meta name=\"twitter:creator\" content=\"@elregionalvm1\" \/>\n<meta name=\"twitter:site\" content=\"@elregionalvm1\" \/>\n<meta name=\"twitter:label1\" content=\"Escrito por\" \/>\n\t<meta name=\"twitter:data1\" content=\"Contenidos El Regional\" \/>\n\t<meta name=\"twitter:label2\" content=\"Tiempo de lectura\" \/>\n\t<meta name=\"twitter:data2\" content=\"2 minutos\" \/>\n<script type=\"application\/ld+json\" class=\"yoast-schema-graph\">{\"@context\":\"https:\/\/schema.org\",\"@graph\":[{\"@type\":\"Article\",\"@id\":\"https:\/\/elregionalvm.com.ar\/noticias-villa-maria\/comenzo-el-torneo-m15-villa-maria-que-reune-a-tenistas-del-ranking-atp\/#article\",\"isPartOf\":{\"@id\":\"https:\/\/elregionalvm.com.ar\/noticias-villa-maria\/comenzo-el-torneo-m15-villa-maria-que-reune-a-tenistas-del-ranking-atp\/\"},\"author\":{\"name\":\"Contenidos El Regional\",\"@id\":\"http:\/\/elregionalvm.com.ar\/noticias-villa-maria\/#\/schema\/person\/a0fb9c422317faca23d50163151bc354\"},\"headline\":\"Comenz\u00f3 el torneo M15 Villa Mar\u00eda, que re\u00fane a tenistas del ranking ATP\",\"datePublished\":\"2023-10-30T22:42:10+00:00\",\"dateModified\":\"2023-10-30T22:48:59+00:00\",\"mainEntityOfPage\":{\"@id\":\"https:\/\/elregionalvm.com.ar\/noticias-villa-maria\/comenzo-el-torneo-m15-villa-maria-que-reune-a-tenistas-del-ranking-atp\/\"},\"wordCount\":303,\"commentCount\":0,\"image\":{\"@id\":\"https:\/\/elregionalvm.com.ar\/noticias-villa-maria\/comenzo-el-torneo-m15-villa-maria-que-reune-a-tenistas-del-ranking-atp\/#primaryimage\"},\"thumbnailUrl\":\"https:\/\/i0.wp.com\/elregionalvm.com.ar\/noticias-villa-maria\/wp-content\/uploads\/2023\/10\/WhatsApp-Image-2023-10-30-at-14.02.58.jpeg?fit=1600%2C1066&ssl=1\",\"articleSection\":[\"Deporte\",\"destacado\",\"Sociedad\",\"Villa Mar\u00eda\"],\"inLanguage\":\"es\",\"potentialAction\":[{\"@type\":\"CommentAction\",\"name\":\"Comment\",\"target\":[\"https:\/\/elregionalvm.com.ar\/noticias-villa-maria\/comenzo-el-torneo-m15-villa-maria-que-reune-a-tenistas-del-ranking-atp\/#respond\"]}]},{\"@type\":\"WebPage\",\"@id\":\"https:\/\/elregionalvm.com.ar\/noticias-villa-maria\/comenzo-el-torneo-m15-villa-maria-que-reune-a-tenistas-del-ranking-atp\/\",\"url\":\"https:\/\/elregionalvm.com.ar\/noticias-villa-maria\/comenzo-el-torneo-m15-villa-maria-que-reune-a-tenistas-del-ranking-atp\/\",\"name\":\"Comenz\u00f3 el torneo M15 Villa Mar\u00eda, que re\u00fane a tenistas del ranking ATP - El Regional\",\"isPartOf\":{\"@id\":\"http:\/\/elregionalvm.com.ar\/noticias-villa-maria\/#website\"},\"primaryImageOfPage\":{\"@id\":\"https:\/\/elregionalvm.com.ar\/noticias-villa-maria\/comenzo-el-torneo-m15-villa-maria-que-reune-a-tenistas-del-ranking-atp\/#primaryimage\"},\"image\":{\"@id\":\"https:\/\/elregionalvm.com.ar\/noticias-villa-maria\/comenzo-el-torneo-m15-villa-maria-que-reune-a-tenistas-del-ranking-atp\/#primaryimage\"},\"thumbnailUrl\":\"https:\/\/i0.wp.com\/elregionalvm.com.ar\/noticias-villa-maria\/wp-content\/uploads\/2023\/10\/WhatsApp-Image-2023-10-30-at-14.02.58.jpeg?fit=1600%2C1066&ssl=1\",\"datePublished\":\"2023-10-30T22:42:10+00:00\",\"dateModified\":\"2023-10-30T22:48:59+00:00\",\"author\":{\"@id\":\"http:\/\/elregionalvm.com.ar\/noticias-villa-maria\/#\/schema\/person\/a0fb9c422317faca23d50163151bc354\"},\"breadcrumb\":{\"@id\":\"https:\/\/elregionalvm.com.ar\/noticias-villa-maria\/comenzo-el-torneo-m15-villa-maria-que-reune-a-tenistas-del-ranking-atp\/#breadcrumb\"},\"inLanguage\":\"es\",\"potentialAction\":[{\"@type\":\"ReadAction\",\"target\":[\"https:\/\/elregionalvm.com.ar\/noticias-villa-maria\/comenzo-el-torneo-m15-villa-maria-que-reune-a-tenistas-del-ranking-atp\/\"]}]},{\"@type\":\"ImageObject\",\"inLanguage\":\"es\",\"@id\":\"https:\/\/elregionalvm.com.ar\/noticias-villa-maria\/comenzo-el-torneo-m15-villa-maria-que-reune-a-tenistas-del-ranking-atp\/#primaryimage\",\"url\":\"https:\/\/i0.wp.com\/elregionalvm.com.ar\/noticias-villa-maria\/wp-content\/uploads\/2023\/10\/WhatsApp-Image-2023-10-30-at-14.02.58.jpeg?fit=1600%2C1066&ssl=1\",\"contentUrl\":\"https:\/\/i0.wp.com\/elregionalvm.com.ar\/noticias-villa-maria\/wp-content\/uploads\/2023\/10\/WhatsApp-Image-2023-10-30-at-14.02.58.jpeg?fit=1600%2C1066&ssl=1\",\"width\":1600,\"height\":1066},{\"@type\":\"BreadcrumbList\",\"@id\":\"https:\/\/elregionalvm.com.ar\/noticias-villa-maria\/comenzo-el-torneo-m15-villa-maria-que-reune-a-tenistas-del-ranking-atp\/#breadcrumb\",\"itemListElement\":[{\"@type\":\"ListItem\",\"position\":1,\"name\":\"Portada\",\"item\":\"https:\/\/elregionalvm.com.ar\/noticias-villa-maria\/\"},{\"@type\":\"ListItem\",\"position\":2,\"name\":\"Comenz\u00f3 el torneo M15 Villa Mar\u00eda, que re\u00fane a tenistas del ranking ATP\"}]},{\"@type\":\"WebSite\",\"@id\":\"http:\/\/elregionalvm.com.ar\/noticias-villa-maria\/#website\",\"url\":\"http:\/\/elregionalvm.com.ar\/noticias-villa-maria\/\",\"name\":\"El Regional\",\"description\":\"Mucho m\u00e1s que informaci\u00f3n\",\"potentialAction\":[{\"@type\":\"SearchAction\",\"target\":{\"@type\":\"EntryPoint\",\"urlTemplate\":\"http:\/\/elregionalvm.com.ar\/noticias-villa-maria\/?s={search_term_string}\"},\"query-input\":{\"@type\":\"PropertyValueSpecification\",\"valueRequired\":true,\"valueName\":\"search_term_string\"}}],\"inLanguage\":\"es\"},{\"@type\":\"Person\",\"@id\":\"http:\/\/elregionalvm.com.ar\/noticias-villa-maria\/#\/schema\/person\/a0fb9c422317faca23d50163151bc354\",\"name\":\"Contenidos El Regional\",\"image\":{\"@type\":\"ImageObject\",\"inLanguage\":\"es\",\"@id\":\"http:\/\/elregionalvm.com.ar\/noticias-villa-maria\/#\/schema\/person\/image\/\",\"url\":\"https:\/\/secure.gravatar.com\/avatar\/265b27cb2209af7bb3a1318f03305787d7981a5cc6e6cd08fe5a4ecdf99d4b48?s=96&d=mm&r=g\",\"contentUrl\":\"https:\/\/secure.gravatar.com\/avatar\/265b27cb2209af7bb3a1318f03305787d7981a5cc6e6cd08fe5a4ecdf99d4b48?s=96&d=mm&r=g\",\"caption\":\"Contenidos El Regional\"},\"url\":\"https:\/\/elregionalvm.com.ar\/noticias-villa-maria\/author\/contenido\/\"}]}<\/script>\n<!-- \/ Yoast SEO plugin. -->","yoast_head_json":{"title":"Comenz\u00f3 el torneo M15 Villa Mar\u00eda, que re\u00fane a tenistas del ranking ATP - El Regional","robots":{"index":"index","follow":"follow","max-snippet":"max-snippet:-1","max-image-preview":"max-image-preview:large","max-video-preview":"max-video-preview:-1"},"canonical":"https:\/\/elregionalvm.com.ar\/noticias-villa-maria\/comenzo-el-torneo-m15-villa-maria-que-reune-a-tenistas-del-ranking-atp\/","og_locale":"es_ES","og_type":"article","og_title":"Comenz\u00f3 el torneo M15 Villa Mar\u00eda, que re\u00fane a tenistas del ranking ATP - El Regional","og_description":"El tenis pisa fuerte en la ciudad mediante el desarrollo del torneo M15 Villa Mar\u00eda que comenz\u00f3 hoy con sede en el Sport Social Club. All\u00ed, el evento de re\u00fane a jugadores del tenis internacional, ubicados entre los puestos 300 y 800 del ranking ATP, quienes competir\u00e1n a lo largo de la semana en juegos [&hellip;]","og_url":"https:\/\/elregionalvm.com.ar\/noticias-villa-maria\/comenzo-el-torneo-m15-villa-maria-que-reune-a-tenistas-del-ranking-atp\/","og_site_name":"El Regional","article_publisher":"https:\/\/www.facebook.com\/elregionalvm","article_published_time":"2023-10-30T22:42:10+00:00","article_modified_time":"2023-10-30T22:48:59+00:00","og_image":[{"width":1600,"height":1066,"url":"https:\/\/elregionalvm.com.ar\/noticias-villa-maria\/wp-content\/uploads\/2023\/10\/WhatsApp-Image-2023-10-30-at-14.02.58.jpeg","type":"image\/jpeg"}],"author":"Contenidos El Regional","twitter_card":"summary_large_image","twitter_creator":"@elregionalvm1","twitter_site":"@elregionalvm1","twitter_misc":{"Escrito por":"Contenidos El Regional","Tiempo de lectura":"2 minutos"},"schema":{"@context":"https:\/\/schema.org","@graph":[{"@type":"Article","@id":"https:\/\/elregionalvm.com.ar\/noticias-villa-maria\/comenzo-el-torneo-m15-villa-maria-que-reune-a-tenistas-del-ranking-atp\/#article","isPartOf":{"@id":"https:\/\/elregionalvm.com.ar\/noticias-villa-maria\/comenzo-el-torneo-m15-villa-maria-que-reune-a-tenistas-del-ranking-atp\/"},"author":{"name":"Contenidos El Regional","@id":"http:\/\/elregionalvm.com.ar\/noticias-villa-maria\/#\/schema\/person\/a0fb9c422317faca23d50163151bc354"},"headline":"Comenz\u00f3 el torneo M15 Villa Mar\u00eda, que re\u00fane a tenistas del ranking ATP","datePublished":"2023-10-30T22:42:10+00:00","dateModified":"2023-10-30T22:48:59+00:00","mainEntityOfPage":{"@id":"https:\/\/elregionalvm.com.ar\/noticias-villa-maria\/comenzo-el-torneo-m15-villa-maria-que-reune-a-tenistas-del-ranking-atp\/"},"wordCount":303,"commentCount":0,"image":{"@id":"https:\/\/elregionalvm.com.ar\/noticias-villa-maria\/comenzo-el-torneo-m15-villa-maria-que-reune-a-tenistas-del-ranking-atp\/#primaryimage"},"thumbnailUrl":"https:\/\/i0.wp.com\/elregionalvm.com.ar\/noticias-villa-maria\/wp-content\/uploads\/2023\/10\/WhatsApp-Image-2023-10-30-at-14.02.58.jpeg?fit=1600%2C1066&ssl=1","articleSection":["Deporte","destacado","Sociedad","Villa Mar\u00eda"],"inLanguage":"es","potentialAction":[{"@type":"CommentAction","name":"Comment","target":["https:\/\/elregionalvm.com.ar\/noticias-villa-maria\/comenzo-el-torneo-m15-villa-maria-que-reune-a-tenistas-del-ranking-atp\/#respond"]}]},{"@type":"WebPage","@id":"https:\/\/elregionalvm.com.ar\/noticias-villa-maria\/comenzo-el-torneo-m15-villa-maria-que-reune-a-tenistas-del-ranking-atp\/","url":"https:\/\/elregionalvm.com.ar\/noticias-villa-maria\/comenzo-el-torneo-m15-villa-maria-que-reune-a-tenistas-del-ranking-atp\/","name":"Comenz\u00f3 el torneo M15 Villa Mar\u00eda, que re\u00fane a tenistas del ranking ATP - El Regional","isPartOf":{"@id":"http:\/\/elregionalvm.com.ar\/noticias-villa-maria\/#website"},"primaryImageOfPage":{"@id":"https:\/\/elregionalvm.com.ar\/noticias-villa-maria\/comenzo-el-torneo-m15-villa-maria-que-reune-a-tenistas-del-ranking-atp\/#primaryimage"},"image":{"@id":"https:\/\/elregionalvm.com.ar\/noticias-villa-maria\/comenzo-el-torneo-m15-villa-maria-que-reune-a-tenistas-del-ranking-atp\/#primaryimage"},"thumbnailUrl":"https:\/\/i0.wp.com\/elregionalvm.com.ar\/noticias-villa-maria\/wp-content\/uploads\/2023\/10\/WhatsApp-Image-2023-10-30-at-14.02.58.jpeg?fit=1600%2C1066&ssl=1","datePublished":"2023-10-30T22:42:10+00:00","dateModified":"2023-10-30T22:48:59+00:00","author":{"@id":"http:\/\/elregionalvm.com.ar\/noticias-villa-maria\/#\/schema\/person\/a0fb9c422317faca23d50163151bc354"},"breadcrumb":{"@id":"https:\/\/elregionalvm.com.ar\/noticias-villa-maria\/comenzo-el-torneo-m15-villa-maria-que-reune-a-tenistas-del-ranking-atp\/#breadcrumb"},"inLanguage":"es","potentialAction":[{"@type":"ReadAction","target":["https:\/\/elregionalvm.com.ar\/noticias-villa-maria\/comenzo-el-torneo-m15-villa-maria-que-reune-a-tenistas-del-ranking-atp\/"]}]},{"@type":"ImageObject","inLanguage":"es","@id":"https:\/\/elregionalvm.com.ar\/noticias-villa-maria\/comenzo-el-torneo-m15-villa-maria-que-reune-a-tenistas-del-ranking-atp\/#primaryimage","url":"https:\/\/i0.wp.com\/elregionalvm.com.ar\/noticias-villa-maria\/wp-content\/uploads\/2023\/10\/WhatsApp-Image-2023-10-30-at-14.02.58.jpeg?fit=1600%2C1066&ssl=1","contentUrl":"https:\/\/i0.wp.com\/elregionalvm.com.ar\/noticias-villa-maria\/wp-content\/uploads\/2023\/10\/WhatsApp-Image-2023-10-30-at-14.02.58.jpeg?fit=1600%2C1066&ssl=1","width":1600,"height":1066},{"@type":"BreadcrumbList","@id":"https:\/\/elregionalvm.com.ar\/noticias-villa-maria\/comenzo-el-torneo-m15-villa-maria-que-reune-a-tenistas-del-ranking-atp\/#breadcrumb","itemListElement":[{"@type":"ListItem","position":1,"name":"Portada","item":"https:\/\/elregionalvm.com.ar\/noticias-villa-maria\/"},{"@type":"ListItem","position":2,"name":"Comenz\u00f3 el torneo M15 Villa Mar\u00eda, que re\u00fane a tenistas del ranking ATP"}]},{"@type":"WebSite","@id":"http:\/\/elregionalvm.com.ar\/noticias-villa-maria\/#website","url":"http:\/\/elregionalvm.com.ar\/noticias-villa-maria\/","name":"El Regional","description":"Mucho m\u00e1s que informaci\u00f3n","potentialAction":[{"@type":"SearchAction","target":{"@type":"EntryPoint","urlTemplate":"http:\/\/elregionalvm.com.ar\/noticias-villa-maria\/?s={search_term_string}"},"query-input":{"@type":"PropertyValueSpecification","valueRequired":true,"valueName":"search_term_string"}}],"inLanguage":"es"},{"@type":"Person","@id":"http:\/\/elregionalvm.com.ar\/noticias-villa-maria\/#\/schema\/person\/a0fb9c422317faca23d50163151bc354","name":"Contenidos El Regional","image":{"@type":"ImageObject","inLanguage":"es","@id":"http:\/\/elregionalvm.com.ar\/noticias-villa-maria\/#\/schema\/person\/image\/","url":"https:\/\/secure.gravatar.com\/avatar\/265b27cb2209af7bb3a1318f03305787d7981a5cc6e6cd08fe5a4ecdf99d4b48?s=96&d=mm&r=g","contentUrl":"https:\/\/secure.gravatar.com\/avatar\/265b27cb2209af7bb3a1318f03305787d7981a5cc6e6cd08fe5a4ecdf99d4b48?s=96&d=mm&r=g","caption":"Contenidos El Regional"},"url":"https:\/\/elregionalvm.com.ar\/noticias-villa-maria\/author\/contenido\/"}]}},"jetpack_featured_media_url":"https:\/\/i0.wp.com\/elregionalvm.com.ar\/noticias-villa-maria\/wp-content\/uploads\/2023\/10\/WhatsApp-Image-2023-10-30-at-14.02.58.jpeg?fit=1600%2C1066&ssl=1","jetpack_sharing_enabled":true,"_links":{"self":[{"href":"https:\/\/elregionalvm.com.ar\/noticias-villa-maria\/wp-json\/wp\/v2\/posts\/84985","targetHints":{"allow":["GET"]}}],"collection":[{"href":"https:\/\/elregionalvm.com.ar\/noticias-villa-maria\/wp-json\/wp\/v2\/posts"}],"about":[{"href":"https:\/\/elregionalvm.com.ar\/noticias-villa-maria\/wp-json\/wp\/v2\/types\/post"}],"author":[{"embeddable":true,"href":"https:\/\/elregionalvm.com.ar\/noticias-villa-maria\/wp-json\/wp\/v2\/users\/4"}],"replies":[{"embeddable":true,"href":"https:\/\/elregionalvm.com.ar\/noticias-villa-maria\/wp-json\/wp\/v2\/comments?post=84985"}],"version-history":[{"count":2,"href":"https:\/\/elregionalvm.com.ar\/noticias-villa-maria\/wp-json\/wp\/v2\/posts\/84985\/revisions"}],"predecessor-version":[{"id":84989,"href":"https:\/\/elregionalvm.com.ar\/noticias-villa-maria\/wp-json\/wp\/v2\/posts\/84985\/revisions\/84989"}],"wp:featuredmedia":[{"embeddable":true,"href":"https:\/\/elregionalvm.com.ar\/noticias-villa-maria\/wp-json\/wp\/v2\/media\/84986"}],"wp:attachment":[{"href":"https:\/\/elregionalvm.com.ar\/noticias-villa-maria\/wp-json\/wp\/v2\/media?parent=84985"}],"wp:term":[{"taxonomy":"category","embeddable":true,"href":"https:\/\/elregionalvm.com.ar\/noticias-villa-maria\/wp-json\/wp\/v2\/categories?post=84985"},{"taxonomy":"post_tag","embeddable":true,"href":"https:\/\/elregionalvm.com.ar\/noticias-villa-maria\/wp-json\/wp\/v2\/tags?post=84985"}],"curies":[{"name":"wp","href":"https:\/\/api.w.org\/{rel}","templated":true}]}}