{"id":85560,"date":"2023-11-10T17:17:50","date_gmt":"2023-11-10T17:17:50","guid":{"rendered":"https:\/\/elregionalvm.com.ar\/noticias-villa-maria\/?p=85560"},"modified":"2023-11-10T17:17:52","modified_gmt":"2023-11-10T17:17:52","slug":"avanzan-las-obras-del-plan-de-movilidad-urbana-sustentable","status":"publish","type":"post","link":"https:\/\/elregionalvm.com.ar\/noticias-villa-maria\/avanzan-las-obras-del-plan-de-movilidad-urbana-sustentable\/","title":{"rendered":"Avanzan las obras del Plan de Movilidad Urbana Sustentable"},"content":{"rendered":"\n<p>El municipio, a trav\u00e9s del Programa de Desarrollo Integrado, cofinanciado por la Uni\u00f3n Europea, contin\u00faa con las obras en la red integral de bicisendas y ciclov\u00edas complementarias al Parque Lineal Sustentable. El Plan de Movilidad Urbana Sustentable avanza con trabajos en avenida Dante Alighieri y tambi\u00e9n en un sector de bulevar Col\u00f3n e inmediaciones de la Escuela del Trabajo.<\/p>\n\n\n\n<p>El intendente Mart\u00edn Gill supervis\u00f3 los trabajos que se llevan adelante en avenida Dante Alighieri, cerca del puente Per\u00f3n, donde se ejecutan 500 metros lineales de bicisenda de 2,20 metros de ancho por el cantero central de la arteria, a los efectos de no entorpecer la normal circulaci\u00f3n de los veh\u00edculos. Esta obra comprende la ejecuci\u00f3n completa de los trabajos de nivelaci\u00f3n, extracci\u00f3n de suelo vegetal y excavaciones; aportes de tierra y rellenos; compactaci\u00f3n y nivelaci\u00f3n, y retiro de los excedentes.<\/p>\n\n\n\n<figure class=\"wp-block-image size-large\"><img data-recalc-dims=\"1\" fetchpriority=\"high\" decoding=\"async\" width=\"1024\" height=\"683\" src=\"https:\/\/i0.wp.com\/elregionalvm.com.ar\/noticias-villa-maria\/wp-content\/uploads\/2023\/11\/WhatsApp-Image-2023-11-10-at-11.43.13.jpeg?resize=1024%2C683&#038;ssl=1\" alt=\"\" class=\"wp-image-85561\" srcset=\"https:\/\/i0.wp.com\/elregionalvm.com.ar\/noticias-villa-maria\/wp-content\/uploads\/2023\/11\/WhatsApp-Image-2023-11-10-at-11.43.13.jpeg?resize=1024%2C683&amp;ssl=1 1024w, https:\/\/i0.wp.com\/elregionalvm.com.ar\/noticias-villa-maria\/wp-content\/uploads\/2023\/11\/WhatsApp-Image-2023-11-10-at-11.43.13.jpeg?resize=300%2C200&amp;ssl=1 300w, https:\/\/i0.wp.com\/elregionalvm.com.ar\/noticias-villa-maria\/wp-content\/uploads\/2023\/11\/WhatsApp-Image-2023-11-10-at-11.43.13.jpeg?resize=768%2C512&amp;ssl=1 768w, https:\/\/i0.wp.com\/elregionalvm.com.ar\/noticias-villa-maria\/wp-content\/uploads\/2023\/11\/WhatsApp-Image-2023-11-10-at-11.43.13.jpeg?resize=1536%2C1024&amp;ssl=1 1536w, https:\/\/i0.wp.com\/elregionalvm.com.ar\/noticias-villa-maria\/wp-content\/uploads\/2023\/11\/WhatsApp-Image-2023-11-10-at-11.43.13.jpeg?w=1599&amp;ssl=1 1599w\" sizes=\"(max-width: 1000px) 100vw, 1000px\" \/><\/figure>\n\n\n\n<p>Se trata de una ciclov\u00eda de hormig\u00f3n cuya terminaci\u00f3n superficial se realizar\u00e1 mediante un alisado mec\u00e1nico de cemento y arena fina tipo Paran\u00e1. Sobre la superficie de hormig\u00f3n alisado se proceder\u00e1 a efectuar la pintura de demarcaci\u00f3n vial con coloraci\u00f3n rojo, se identificar\u00e1 una l\u00ednea discontinua que delimite las trochas, flechas indicadoras del sentido de circulaci\u00f3n y logos que la identifiquen como ciclov\u00eda. En las bocacalles se realizar\u00e1 una franja de pintura roja que permitir\u00e1 demarcar la zona de circulaci\u00f3n en bicicleta.<\/p>\n\n\n\n<p>Por otra parte, sobre avenida Col\u00f3n se avanz\u00f3 en la pintura y se\u00f1al\u00e9tica de los 800 metros ya ejecutados por el municipio, desde calle Calafate hasta Fray Mamerto Esqui\u00fa, a la vez que se sumaron 200 metros de losa de hormig\u00f3n para llegar a la intersecci\u00f3n con M\u00fcller. All\u00ed, sobre la calle continua la traza demarcada, para luego girar hacia V\u00e9lez Sarsfield y empalmar con la ciclov\u00eda del Parque Lineal Sustentable que se est\u00e1 construyendo en los cuatro bulevares.<\/p>\n\n\n\n<p>El plan apunta a disminuir los niveles de congesti\u00f3n, tiempos y costos de desplazamiento, con el prop\u00f3sito de fomentar un medio de transporte p\u00fablico eficiente, inclusivo y econ\u00f3mico, que disminuye las emisiones de di\u00f3xido de carbono al reducir la congesti\u00f3n vehicular, y que mejora la seguridad vial y ciudadana al disminuir los niveles de siniestralidad vial.<\/p>\n\n\n\n<p>Cabe destacar que la ampliaci\u00f3n de la red de ciclov\u00edas existente en Villa Mar\u00eda tiene como principal objetivo conectar a todos barrios con los puntos neur\u00e1lgicos de la ciudad, promoviendo la conectividad ecol\u00f3gica y la concientizaci\u00f3n ambiental de la poblaci\u00f3n y apuntando a la utilizaci\u00f3n de un medio de transporte ambientalmente amigable, accesible e inclusivo. Con esto se busca favorecer la movilidad urbana sustentable y atender a problemas medioambientales y sociales ocasionados por un modelo de transporte urbano basado en la priorizaci\u00f3n del veh\u00edculo particular a motor.<\/p>\n","protected":false},"excerpt":{"rendered":"<p>El municipio, a trav\u00e9s del Programa de Desarrollo Integrado, cofinanciado por la Uni\u00f3n Europea, contin\u00faa con las obras en la red integral de bicisendas y ciclov\u00edas complementarias al Parque Lineal Sustentable. El Plan de Movilidad Urbana Sustentable avanza con trabajos en avenida Dante Alighieri y tambi\u00e9n en un sector de bulevar Col\u00f3n e inmediaciones de [&hellip;]<\/p>\n","protected":false},"author":4,"featured_media":85562,"comment_status":"open","ping_status":"open","sticky":false,"template":"","format":"standard","meta":{"site-sidebar-layout":"default","site-content-layout":"","ast-site-content-layout":"default","site-content-style":"default","site-sidebar-style":"default","ast-global-header-display":"","ast-banner-title-visibility":"","ast-main-header-display":"","ast-hfb-above-header-display":"","ast-hfb-below-header-display":"","ast-hfb-mobile-header-display":"","site-post-title":"","ast-breadcrumbs-content":"","ast-featured-img":"","footer-sml-layout":"","ast-disable-related-posts":"","theme-transparent-header-meta":"","adv-header-id-meta":"","stick-header-meta":"","header-above-stick-meta":"","header-main-stick-meta":"","header-below-stick-meta":"","astra-migrate-meta-layouts":"set","ast-page-background-enabled":"default","ast-page-background-meta":{"desktop":{"background-color":"","background-image":"","background-repeat":"repeat","background-position":"center center","background-size":"auto","background-attachment":"scroll","background-type":"","background-media":"","overlay-type":"","overlay-color":"","overlay-opacity":"","overlay-gradient":""},"tablet":{"background-color":"","background-image":"","background-repeat":"repeat","background-position":"center center","background-size":"auto","background-attachment":"scroll","background-type":"","background-media":"","overlay-type":"","overlay-color":"","overlay-opacity":"","overlay-gradient":""},"mobile":{"background-color":"","background-image":"","background-repeat":"repeat","background-position":"center center","background-size":"auto","background-attachment":"scroll","background-type":"","background-media":"","overlay-type":"","overlay-color":"","overlay-opacity":"","overlay-gradient":""}},"ast-content-background-meta":{"desktop":{"background-color":"var(--ast-global-color-5)","background-image":"","background-repeat":"repeat","background-position":"center center","background-size":"auto","background-attachment":"scroll","background-type":"","background-media":"","overlay-type":"","overlay-color":"","overlay-opacity":"","overlay-gradient":""},"tablet":{"background-color":"var(--ast-global-color-5)","background-image":"","background-repeat":"repeat","background-position":"center center","background-size":"auto","background-attachment":"scroll","background-type":"","background-media":"","overlay-type":"","overlay-color":"","overlay-opacity":"","overlay-gradient":""},"mobile":{"background-color":"var(--ast-global-color-5)","background-image":"","background-repeat":"repeat","background-position":"center center","background-size":"auto","background-attachment":"scroll","background-type":"","background-media":"","overlay-type":"","overlay-color":"","overlay-opacity":"","overlay-gradient":""}},"_jetpack_memberships_contains_paid_content":false,"_joinchat":[],"footnotes":""},"categories":[15302,5,2],"tags":[],"class_list":["post-85560","post","type-post","status-publish","format-standard","has-post-thumbnail","hentry","category-destacado","category-sociedad","category-villa-maria"],"yoast_head":"<!-- This site is optimized with the Yoast SEO plugin v26.8 - https:\/\/yoast.com\/product\/yoast-seo-wordpress\/ -->\n<title>Avanzan las obras del Plan de Movilidad Urbana Sustentable - El Regional<\/title>\n<meta name=\"robots\" content=\"index, follow, max-snippet:-1, max-image-preview:large, max-video-preview:-1\" \/>\n<link rel=\"canonical\" href=\"https:\/\/elregionalvm.com.ar\/noticias-villa-maria\/avanzan-las-obras-del-plan-de-movilidad-urbana-sustentable\/\" \/>\n<meta property=\"og:locale\" content=\"es_ES\" \/>\n<meta property=\"og:type\" content=\"article\" \/>\n<meta property=\"og:title\" content=\"Avanzan las obras del Plan de Movilidad Urbana Sustentable - El Regional\" \/>\n<meta property=\"og:description\" content=\"El municipio, a trav\u00e9s del Programa de Desarrollo Integrado, cofinanciado por la Uni\u00f3n Europea, contin\u00faa con las obras en la red integral de bicisendas y ciclov\u00edas complementarias al Parque Lineal Sustentable. El Plan de Movilidad Urbana Sustentable avanza con trabajos en avenida Dante Alighieri y tambi\u00e9n en un sector de bulevar Col\u00f3n e inmediaciones de [&hellip;]\" \/>\n<meta property=\"og:url\" content=\"https:\/\/elregionalvm.com.ar\/noticias-villa-maria\/avanzan-las-obras-del-plan-de-movilidad-urbana-sustentable\/\" \/>\n<meta property=\"og:site_name\" content=\"El Regional\" \/>\n<meta property=\"article:publisher\" content=\"https:\/\/www.facebook.com\/elregionalvm\" \/>\n<meta property=\"article:published_time\" content=\"2023-11-10T17:17:50+00:00\" \/>\n<meta property=\"article:modified_time\" content=\"2023-11-10T17:17:52+00:00\" \/>\n<meta property=\"og:image\" content=\"https:\/\/elregionalvm.com.ar\/noticias-villa-maria\/wp-content\/uploads\/2023\/11\/WhatsApp-Image-2023-11-10-at-11.43.05.jpeg\" \/>\n\t<meta property=\"og:image:width\" content=\"1599\" \/>\n\t<meta property=\"og:image:height\" content=\"1066\" \/>\n\t<meta property=\"og:image:type\" content=\"image\/jpeg\" \/>\n<meta name=\"author\" content=\"Contenidos El Regional\" \/>\n<meta name=\"twitter:card\" content=\"summary_large_image\" \/>\n<meta name=\"twitter:creator\" content=\"@elregionalvm1\" \/>\n<meta name=\"twitter:site\" content=\"@elregionalvm1\" \/>\n<meta name=\"twitter:label1\" content=\"Escrito por\" \/>\n\t<meta name=\"twitter:data1\" content=\"Contenidos El Regional\" \/>\n\t<meta name=\"twitter:label2\" content=\"Tiempo de lectura\" \/>\n\t<meta name=\"twitter:data2\" content=\"3 minutos\" \/>\n<script type=\"application\/ld+json\" class=\"yoast-schema-graph\">{\"@context\":\"https:\/\/schema.org\",\"@graph\":[{\"@type\":\"Article\",\"@id\":\"https:\/\/elregionalvm.com.ar\/noticias-villa-maria\/avanzan-las-obras-del-plan-de-movilidad-urbana-sustentable\/#article\",\"isPartOf\":{\"@id\":\"https:\/\/elregionalvm.com.ar\/noticias-villa-maria\/avanzan-las-obras-del-plan-de-movilidad-urbana-sustentable\/\"},\"author\":{\"name\":\"Contenidos El Regional\",\"@id\":\"http:\/\/elregionalvm.com.ar\/noticias-villa-maria\/#\/schema\/person\/a0fb9c422317faca23d50163151bc354\"},\"headline\":\"Avanzan las obras del Plan de Movilidad Urbana Sustentable\",\"datePublished\":\"2023-11-10T17:17:50+00:00\",\"dateModified\":\"2023-11-10T17:17:52+00:00\",\"mainEntityOfPage\":{\"@id\":\"https:\/\/elregionalvm.com.ar\/noticias-villa-maria\/avanzan-las-obras-del-plan-de-movilidad-urbana-sustentable\/\"},\"wordCount\":499,\"commentCount\":0,\"image\":{\"@id\":\"https:\/\/elregionalvm.com.ar\/noticias-villa-maria\/avanzan-las-obras-del-plan-de-movilidad-urbana-sustentable\/#primaryimage\"},\"thumbnailUrl\":\"https:\/\/i0.wp.com\/elregionalvm.com.ar\/noticias-villa-maria\/wp-content\/uploads\/2023\/11\/WhatsApp-Image-2023-11-10-at-11.43.05.jpeg?fit=1599%2C1066&ssl=1\",\"articleSection\":[\"destacado\",\"Sociedad\",\"Villa Mar\u00eda\"],\"inLanguage\":\"es\",\"potentialAction\":[{\"@type\":\"CommentAction\",\"name\":\"Comment\",\"target\":[\"https:\/\/elregionalvm.com.ar\/noticias-villa-maria\/avanzan-las-obras-del-plan-de-movilidad-urbana-sustentable\/#respond\"]}]},{\"@type\":\"WebPage\",\"@id\":\"https:\/\/elregionalvm.com.ar\/noticias-villa-maria\/avanzan-las-obras-del-plan-de-movilidad-urbana-sustentable\/\",\"url\":\"https:\/\/elregionalvm.com.ar\/noticias-villa-maria\/avanzan-las-obras-del-plan-de-movilidad-urbana-sustentable\/\",\"name\":\"Avanzan las obras del Plan de Movilidad Urbana Sustentable - El Regional\",\"isPartOf\":{\"@id\":\"http:\/\/elregionalvm.com.ar\/noticias-villa-maria\/#website\"},\"primaryImageOfPage\":{\"@id\":\"https:\/\/elregionalvm.com.ar\/noticias-villa-maria\/avanzan-las-obras-del-plan-de-movilidad-urbana-sustentable\/#primaryimage\"},\"image\":{\"@id\":\"https:\/\/elregionalvm.com.ar\/noticias-villa-maria\/avanzan-las-obras-del-plan-de-movilidad-urbana-sustentable\/#primaryimage\"},\"thumbnailUrl\":\"https:\/\/i0.wp.com\/elregionalvm.com.ar\/noticias-villa-maria\/wp-content\/uploads\/2023\/11\/WhatsApp-Image-2023-11-10-at-11.43.05.jpeg?fit=1599%2C1066&ssl=1\",\"datePublished\":\"2023-11-10T17:17:50+00:00\",\"dateModified\":\"2023-11-10T17:17:52+00:00\",\"author\":{\"@id\":\"http:\/\/elregionalvm.com.ar\/noticias-villa-maria\/#\/schema\/person\/a0fb9c422317faca23d50163151bc354\"},\"breadcrumb\":{\"@id\":\"https:\/\/elregionalvm.com.ar\/noticias-villa-maria\/avanzan-las-obras-del-plan-de-movilidad-urbana-sustentable\/#breadcrumb\"},\"inLanguage\":\"es\",\"potentialAction\":[{\"@type\":\"ReadAction\",\"target\":[\"https:\/\/elregionalvm.com.ar\/noticias-villa-maria\/avanzan-las-obras-del-plan-de-movilidad-urbana-sustentable\/\"]}]},{\"@type\":\"ImageObject\",\"inLanguage\":\"es\",\"@id\":\"https:\/\/elregionalvm.com.ar\/noticias-villa-maria\/avanzan-las-obras-del-plan-de-movilidad-urbana-sustentable\/#primaryimage\",\"url\":\"https:\/\/i0.wp.com\/elregionalvm.com.ar\/noticias-villa-maria\/wp-content\/uploads\/2023\/11\/WhatsApp-Image-2023-11-10-at-11.43.05.jpeg?fit=1599%2C1066&ssl=1\",\"contentUrl\":\"https:\/\/i0.wp.com\/elregionalvm.com.ar\/noticias-villa-maria\/wp-content\/uploads\/2023\/11\/WhatsApp-Image-2023-11-10-at-11.43.05.jpeg?fit=1599%2C1066&ssl=1\",\"width\":1599,\"height\":1066},{\"@type\":\"BreadcrumbList\",\"@id\":\"https:\/\/elregionalvm.com.ar\/noticias-villa-maria\/avanzan-las-obras-del-plan-de-movilidad-urbana-sustentable\/#breadcrumb\",\"itemListElement\":[{\"@type\":\"ListItem\",\"position\":1,\"name\":\"Portada\",\"item\":\"https:\/\/elregionalvm.com.ar\/noticias-villa-maria\/\"},{\"@type\":\"ListItem\",\"position\":2,\"name\":\"Avanzan las obras del Plan de Movilidad Urbana Sustentable\"}]},{\"@type\":\"WebSite\",\"@id\":\"http:\/\/elregionalvm.com.ar\/noticias-villa-maria\/#website\",\"url\":\"http:\/\/elregionalvm.com.ar\/noticias-villa-maria\/\",\"name\":\"El Regional\",\"description\":\"Mucho m\u00e1s que informaci\u00f3n\",\"potentialAction\":[{\"@type\":\"SearchAction\",\"target\":{\"@type\":\"EntryPoint\",\"urlTemplate\":\"http:\/\/elregionalvm.com.ar\/noticias-villa-maria\/?s={search_term_string}\"},\"query-input\":{\"@type\":\"PropertyValueSpecification\",\"valueRequired\":true,\"valueName\":\"search_term_string\"}}],\"inLanguage\":\"es\"},{\"@type\":\"Person\",\"@id\":\"http:\/\/elregionalvm.com.ar\/noticias-villa-maria\/#\/schema\/person\/a0fb9c422317faca23d50163151bc354\",\"name\":\"Contenidos El Regional\",\"image\":{\"@type\":\"ImageObject\",\"inLanguage\":\"es\",\"@id\":\"http:\/\/elregionalvm.com.ar\/noticias-villa-maria\/#\/schema\/person\/image\/\",\"url\":\"https:\/\/secure.gravatar.com\/avatar\/265b27cb2209af7bb3a1318f03305787d7981a5cc6e6cd08fe5a4ecdf99d4b48?s=96&d=mm&r=g\",\"contentUrl\":\"https:\/\/secure.gravatar.com\/avatar\/265b27cb2209af7bb3a1318f03305787d7981a5cc6e6cd08fe5a4ecdf99d4b48?s=96&d=mm&r=g\",\"caption\":\"Contenidos El Regional\"},\"url\":\"https:\/\/elregionalvm.com.ar\/noticias-villa-maria\/author\/contenido\/\"}]}<\/script>\n<!-- \/ Yoast SEO plugin. -->","yoast_head_json":{"title":"Avanzan las obras del Plan de Movilidad Urbana Sustentable - El Regional","robots":{"index":"index","follow":"follow","max-snippet":"max-snippet:-1","max-image-preview":"max-image-preview:large","max-video-preview":"max-video-preview:-1"},"canonical":"https:\/\/elregionalvm.com.ar\/noticias-villa-maria\/avanzan-las-obras-del-plan-de-movilidad-urbana-sustentable\/","og_locale":"es_ES","og_type":"article","og_title":"Avanzan las obras del Plan de Movilidad Urbana Sustentable - El Regional","og_description":"El municipio, a trav\u00e9s del Programa de Desarrollo Integrado, cofinanciado por la Uni\u00f3n Europea, contin\u00faa con las obras en la red integral de bicisendas y ciclov\u00edas complementarias al Parque Lineal Sustentable. El Plan de Movilidad Urbana Sustentable avanza con trabajos en avenida Dante Alighieri y tambi\u00e9n en un sector de bulevar Col\u00f3n e inmediaciones de [&hellip;]","og_url":"https:\/\/elregionalvm.com.ar\/noticias-villa-maria\/avanzan-las-obras-del-plan-de-movilidad-urbana-sustentable\/","og_site_name":"El Regional","article_publisher":"https:\/\/www.facebook.com\/elregionalvm","article_published_time":"2023-11-10T17:17:50+00:00","article_modified_time":"2023-11-10T17:17:52+00:00","og_image":[{"width":1599,"height":1066,"url":"https:\/\/elregionalvm.com.ar\/noticias-villa-maria\/wp-content\/uploads\/2023\/11\/WhatsApp-Image-2023-11-10-at-11.43.05.jpeg","type":"image\/jpeg"}],"author":"Contenidos El Regional","twitter_card":"summary_large_image","twitter_creator":"@elregionalvm1","twitter_site":"@elregionalvm1","twitter_misc":{"Escrito por":"Contenidos El Regional","Tiempo de lectura":"3 minutos"},"schema":{"@context":"https:\/\/schema.org","@graph":[{"@type":"Article","@id":"https:\/\/elregionalvm.com.ar\/noticias-villa-maria\/avanzan-las-obras-del-plan-de-movilidad-urbana-sustentable\/#article","isPartOf":{"@id":"https:\/\/elregionalvm.com.ar\/noticias-villa-maria\/avanzan-las-obras-del-plan-de-movilidad-urbana-sustentable\/"},"author":{"name":"Contenidos El Regional","@id":"http:\/\/elregionalvm.com.ar\/noticias-villa-maria\/#\/schema\/person\/a0fb9c422317faca23d50163151bc354"},"headline":"Avanzan las obras del Plan de Movilidad Urbana Sustentable","datePublished":"2023-11-10T17:17:50+00:00","dateModified":"2023-11-10T17:17:52+00:00","mainEntityOfPage":{"@id":"https:\/\/elregionalvm.com.ar\/noticias-villa-maria\/avanzan-las-obras-del-plan-de-movilidad-urbana-sustentable\/"},"wordCount":499,"commentCount":0,"image":{"@id":"https:\/\/elregionalvm.com.ar\/noticias-villa-maria\/avanzan-las-obras-del-plan-de-movilidad-urbana-sustentable\/#primaryimage"},"thumbnailUrl":"https:\/\/i0.wp.com\/elregionalvm.com.ar\/noticias-villa-maria\/wp-content\/uploads\/2023\/11\/WhatsApp-Image-2023-11-10-at-11.43.05.jpeg?fit=1599%2C1066&ssl=1","articleSection":["destacado","Sociedad","Villa Mar\u00eda"],"inLanguage":"es","potentialAction":[{"@type":"CommentAction","name":"Comment","target":["https:\/\/elregionalvm.com.ar\/noticias-villa-maria\/avanzan-las-obras-del-plan-de-movilidad-urbana-sustentable\/#respond"]}]},{"@type":"WebPage","@id":"https:\/\/elregionalvm.com.ar\/noticias-villa-maria\/avanzan-las-obras-del-plan-de-movilidad-urbana-sustentable\/","url":"https:\/\/elregionalvm.com.ar\/noticias-villa-maria\/avanzan-las-obras-del-plan-de-movilidad-urbana-sustentable\/","name":"Avanzan las obras del Plan de Movilidad Urbana Sustentable - El Regional","isPartOf":{"@id":"http:\/\/elregionalvm.com.ar\/noticias-villa-maria\/#website"},"primaryImageOfPage":{"@id":"https:\/\/elregionalvm.com.ar\/noticias-villa-maria\/avanzan-las-obras-del-plan-de-movilidad-urbana-sustentable\/#primaryimage"},"image":{"@id":"https:\/\/elregionalvm.com.ar\/noticias-villa-maria\/avanzan-las-obras-del-plan-de-movilidad-urbana-sustentable\/#primaryimage"},"thumbnailUrl":"https:\/\/i0.wp.com\/elregionalvm.com.ar\/noticias-villa-maria\/wp-content\/uploads\/2023\/11\/WhatsApp-Image-2023-11-10-at-11.43.05.jpeg?fit=1599%2C1066&ssl=1","datePublished":"2023-11-10T17:17:50+00:00","dateModified":"2023-11-10T17:17:52+00:00","author":{"@id":"http:\/\/elregionalvm.com.ar\/noticias-villa-maria\/#\/schema\/person\/a0fb9c422317faca23d50163151bc354"},"breadcrumb":{"@id":"https:\/\/elregionalvm.com.ar\/noticias-villa-maria\/avanzan-las-obras-del-plan-de-movilidad-urbana-sustentable\/#breadcrumb"},"inLanguage":"es","potentialAction":[{"@type":"ReadAction","target":["https:\/\/elregionalvm.com.ar\/noticias-villa-maria\/avanzan-las-obras-del-plan-de-movilidad-urbana-sustentable\/"]}]},{"@type":"ImageObject","inLanguage":"es","@id":"https:\/\/elregionalvm.com.ar\/noticias-villa-maria\/avanzan-las-obras-del-plan-de-movilidad-urbana-sustentable\/#primaryimage","url":"https:\/\/i0.wp.com\/elregionalvm.com.ar\/noticias-villa-maria\/wp-content\/uploads\/2023\/11\/WhatsApp-Image-2023-11-10-at-11.43.05.jpeg?fit=1599%2C1066&ssl=1","contentUrl":"https:\/\/i0.wp.com\/elregionalvm.com.ar\/noticias-villa-maria\/wp-content\/uploads\/2023\/11\/WhatsApp-Image-2023-11-10-at-11.43.05.jpeg?fit=1599%2C1066&ssl=1","width":1599,"height":1066},{"@type":"BreadcrumbList","@id":"https:\/\/elregionalvm.com.ar\/noticias-villa-maria\/avanzan-las-obras-del-plan-de-movilidad-urbana-sustentable\/#breadcrumb","itemListElement":[{"@type":"ListItem","position":1,"name":"Portada","item":"https:\/\/elregionalvm.com.ar\/noticias-villa-maria\/"},{"@type":"ListItem","position":2,"name":"Avanzan las obras del Plan de Movilidad Urbana Sustentable"}]},{"@type":"WebSite","@id":"http:\/\/elregionalvm.com.ar\/noticias-villa-maria\/#website","url":"http:\/\/elregionalvm.com.ar\/noticias-villa-maria\/","name":"El Regional","description":"Mucho m\u00e1s que informaci\u00f3n","potentialAction":[{"@type":"SearchAction","target":{"@type":"EntryPoint","urlTemplate":"http:\/\/elregionalvm.com.ar\/noticias-villa-maria\/?s={search_term_string}"},"query-input":{"@type":"PropertyValueSpecification","valueRequired":true,"valueName":"search_term_string"}}],"inLanguage":"es"},{"@type":"Person","@id":"http:\/\/elregionalvm.com.ar\/noticias-villa-maria\/#\/schema\/person\/a0fb9c422317faca23d50163151bc354","name":"Contenidos El Regional","image":{"@type":"ImageObject","inLanguage":"es","@id":"http:\/\/elregionalvm.com.ar\/noticias-villa-maria\/#\/schema\/person\/image\/","url":"https:\/\/secure.gravatar.com\/avatar\/265b27cb2209af7bb3a1318f03305787d7981a5cc6e6cd08fe5a4ecdf99d4b48?s=96&d=mm&r=g","contentUrl":"https:\/\/secure.gravatar.com\/avatar\/265b27cb2209af7bb3a1318f03305787d7981a5cc6e6cd08fe5a4ecdf99d4b48?s=96&d=mm&r=g","caption":"Contenidos El Regional"},"url":"https:\/\/elregionalvm.com.ar\/noticias-villa-maria\/author\/contenido\/"}]}},"jetpack_featured_media_url":"https:\/\/i0.wp.com\/elregionalvm.com.ar\/noticias-villa-maria\/wp-content\/uploads\/2023\/11\/WhatsApp-Image-2023-11-10-at-11.43.05.jpeg?fit=1599%2C1066&ssl=1","jetpack_sharing_enabled":true,"_links":{"self":[{"href":"https:\/\/elregionalvm.com.ar\/noticias-villa-maria\/wp-json\/wp\/v2\/posts\/85560","targetHints":{"allow":["GET"]}}],"collection":[{"href":"https:\/\/elregionalvm.com.ar\/noticias-villa-maria\/wp-json\/wp\/v2\/posts"}],"about":[{"href":"https:\/\/elregionalvm.com.ar\/noticias-villa-maria\/wp-json\/wp\/v2\/types\/post"}],"author":[{"embeddable":true,"href":"https:\/\/elregionalvm.com.ar\/noticias-villa-maria\/wp-json\/wp\/v2\/users\/4"}],"replies":[{"embeddable":true,"href":"https:\/\/elregionalvm.com.ar\/noticias-villa-maria\/wp-json\/wp\/v2\/comments?post=85560"}],"version-history":[{"count":1,"href":"https:\/\/elregionalvm.com.ar\/noticias-villa-maria\/wp-json\/wp\/v2\/posts\/85560\/revisions"}],"predecessor-version":[{"id":85563,"href":"https:\/\/elregionalvm.com.ar\/noticias-villa-maria\/wp-json\/wp\/v2\/posts\/85560\/revisions\/85563"}],"wp:featuredmedia":[{"embeddable":true,"href":"https:\/\/elregionalvm.com.ar\/noticias-villa-maria\/wp-json\/wp\/v2\/media\/85562"}],"wp:attachment":[{"href":"https:\/\/elregionalvm.com.ar\/noticias-villa-maria\/wp-json\/wp\/v2\/media?parent=85560"}],"wp:term":[{"taxonomy":"category","embeddable":true,"href":"https:\/\/elregionalvm.com.ar\/noticias-villa-maria\/wp-json\/wp\/v2\/categories?post=85560"},{"taxonomy":"post_tag","embeddable":true,"href":"https:\/\/elregionalvm.com.ar\/noticias-villa-maria\/wp-json\/wp\/v2\/tags?post=85560"}],"curies":[{"name":"wp","href":"https:\/\/api.w.org\/{rel}","templated":true}]}}