{"id":85601,"date":"2023-11-11T14:03:08","date_gmt":"2023-11-11T14:03:08","guid":{"rendered":"https:\/\/elregionalvm.com.ar\/noticias-villa-maria\/?p=85601"},"modified":"2023-11-14T21:14:28","modified_gmt":"2023-11-14T21:14:28","slug":"historias-los-jeans-icono-popular-y-simbolo-de-lo-pobre-que-somos","status":"publish","type":"post","link":"https:\/\/elregionalvm.com.ar\/noticias-villa-maria\/historias-los-jeans-icono-popular-y-simbolo-de-lo-pobre-que-somos\/","title":{"rendered":"[Historias] Los jeans, \u00edcono popular y s\u00edmbolo de lo pobre que somos"},"content":{"rendered":"\n<p><\/p>\n\n\n\n<h3 class=\"wp-block-heading\"><strong>Los jeans, como el f\u00fatbol, la Coca Cola, Nike y Los Beatles, solo por citar algunos casos, son, a esta altura, patrimonio de la humanidad. Objetos de consumo transculturales, presentes en cualquier rinc\u00f3n del globo. En Argentina, ha pasado de ser un objeto de culto a gozar de alta popularidad. Pero, tambi\u00e9n es una muestra de c\u00f3mo la inflaci\u00f3n devasta la econom\u00eda y empobrece cada vez m\u00e1s.<\/strong><\/h3>\n\n\n\n<p><\/p>\n\n\n\n<p>\u00bfSab\u00e9s cu\u00e1nto necesita un argentino promedio para comprar un pantal\u00f3n de jeans? En principio, mucha plata. Tanta que no guarda relaci\u00f3n con el sueldo que cobra o el ingreso que tiene la mayor\u00eda de la gente. Pasa lo mismo con un par de zapatillas, ni hablar con un celular.<\/p>\n\n\n\n<p>Seg\u00fan la empresa Focus Market, para comprar un par de jeans, los argentinos necesitan trabajar 111 horas, lo que equivale a m\u00e1s de 13 jornadas laborales de 8 horas. Este n\u00famero coloca a Argentina en el segundo lugar de la lista en Am\u00e9rica Latina, solo superada por Venezuela, donde se requieren 2400 horas de trabajo para adquirir el mismo producto.<\/p>\n\n\n\n<p>En pleno contraste, Chile y Uruguay necesitan bastante menos tiempo, 21 y 29 horas respectivamente.<\/p>\n\n\n\n<p><\/p>\n\n\n\n<figure class=\"wp-block-image size-large\"><img data-recalc-dims=\"1\" fetchpriority=\"high\" decoding=\"async\" width=\"1024\" height=\"682\" src=\"https:\/\/i0.wp.com\/elregionalvm.com.ar\/noticias-villa-maria\/wp-content\/uploads\/2023\/11\/Jeans.jpg?resize=1024%2C682&#038;ssl=1\" alt=\"\" class=\"wp-image-85606\" srcset=\"https:\/\/i0.wp.com\/elregionalvm.com.ar\/noticias-villa-maria\/wp-content\/uploads\/2023\/11\/Jeans.jpg?resize=1024%2C682&amp;ssl=1 1024w, https:\/\/i0.wp.com\/elregionalvm.com.ar\/noticias-villa-maria\/wp-content\/uploads\/2023\/11\/Jeans.jpg?resize=300%2C200&amp;ssl=1 300w, https:\/\/i0.wp.com\/elregionalvm.com.ar\/noticias-villa-maria\/wp-content\/uploads\/2023\/11\/Jeans.jpg?resize=768%2C512&amp;ssl=1 768w, https:\/\/i0.wp.com\/elregionalvm.com.ar\/noticias-villa-maria\/wp-content\/uploads\/2023\/11\/Jeans.jpg?resize=1536%2C1024&amp;ssl=1 1536w, https:\/\/i0.wp.com\/elregionalvm.com.ar\/noticias-villa-maria\/wp-content\/uploads\/2023\/11\/Jeans.jpg?w=1688&amp;ssl=1 1688w\" sizes=\"(max-width: 1000px) 100vw, 1000px\" \/><\/figure>\n\n\n\n<p><\/p>\n\n\n\n<p>Pero, no es el \u00fanico bien inalcanzable, seg\u00fan datos de la firma especializada en marketing. Para comprar un par de zapatillas se debe trabajar 131 horas. En el caso de los celulares se necesita trabajar 872 horas para adquirir un dispositivo de 256 GB.<\/p>\n\n\n\n<p>Argentina se ubica as\u00ed en la cuarto posici\u00f3n en Am\u00e9rica Latina, a pesar de que el costo en d\u00f3lares de este producto es relativamente m\u00e1s bajo en Argentina que en otros pa\u00edses de la regi\u00f3n.<\/p>\n\n\n\n<p>Estos bienes b\u00e1sicos, m\u00e1s all\u00e1 de los alimentos, se encuentran cada vez m\u00e1s inalcanzables para nuestros bolsillos. La inflaci\u00f3n, la devaluaci\u00f3n del peso, la ca\u00edda real del salario y un escenario plagado de incertidumbre y especulaci\u00f3n en los precios facilitan esta indeseable situaci\u00f3n.<\/p>\n\n\n\n<p>Por suerte, en materia de indumentaria, existen algunas opciones menos costosas, aunque a veces de dudosa procedencia, menor calidad y en versiones truchas o piratas de grandes marcas. El caso de los jeans es uno de esos.<\/p>\n\n\n\n<p><strong>Historias de un \u00edcono sociocultural<\/strong><\/p>\n\n\n\n<p>Hoy como ayer, los jeans revelan las diferencias sociales y econ\u00f3micas. Si bien es una prenda b\u00e1sica, que todo el mundo posee y usa, el precio, las marcas, la moda y los estilos contribuyen con la grieta entre los jeans top y los m\u00e1s baratos, que son la inmensa mayor\u00eda. A pesar de la apariencia de uniformidad y hermandad que portan. <\/p>\n\n\n\n<p>La masificaci\u00f3n de este pantal\u00f3n se fue acentuando con el paso del tiempo y hoy es un b\u00e1sico infaltable en la vida cotidiana, se lo usa para trabajar como para asistir a fiestas. Tanto se han impuesto que usarlos rotos ya no es una postal de pobreza, sino de moda, y tendencia. Tanto, que cuando m\u00e1s roto, mejor.<\/p>\n\n\n\n<p>Cuando \u00e9ramos ni\u00f1os, en los 80, no us\u00e1bamos tantos jeans. Pensar en un vaquero ni se me ocurr\u00eda, en parte porque no eran aptos para consumo de cualquier bolsillo, no exist\u00eda tanta variedad y no gozaban de la celebridad de hoy. La que hace imposible pensar la vida sin uno de esos. Tan insustituibles como la Coca Cola, tan populares como Los Beatles.<\/p>\n\n\n\n<p>Si Levi Strauss pudiera ver en el \u00edcono de la moda planetario en que se ha transformado su lejano invento de un pantal\u00f3n resistente para mineros y buscadores de oro borrachines, se caer\u00eda de espaldas. O de culo, para hablar m\u00e1s de entre casa y hacer honor a la gran sorpresa que se llevar\u00eda el tipo.<\/p>\n\n\n\n<p><\/p>\n\n\n\n<figure class=\"wp-block-image size-full\"><img data-recalc-dims=\"1\" decoding=\"async\" width=\"900\" height=\"576\" src=\"https:\/\/i0.wp.com\/elregionalvm.com.ar\/noticias-villa-maria\/wp-content\/uploads\/2023\/11\/Jeans-2.jpeg?resize=900%2C576&#038;ssl=1\" alt=\"\" class=\"wp-image-85608\" srcset=\"https:\/\/i0.wp.com\/elregionalvm.com.ar\/noticias-villa-maria\/wp-content\/uploads\/2023\/11\/Jeans-2.jpeg?w=900&amp;ssl=1 900w, https:\/\/i0.wp.com\/elregionalvm.com.ar\/noticias-villa-maria\/wp-content\/uploads\/2023\/11\/Jeans-2.jpeg?resize=300%2C192&amp;ssl=1 300w, https:\/\/i0.wp.com\/elregionalvm.com.ar\/noticias-villa-maria\/wp-content\/uploads\/2023\/11\/Jeans-2.jpeg?resize=768%2C492&amp;ssl=1 768w\" sizes=\"(max-width: 900px) 100vw, 900px\" \/><\/figure>\n\n\n\n<p><\/p>\n\n\n\n<p>La ropa de marca, cheta o careta -la denominaci\u00f3n va en gusto- era en nuestras vidas una especie de cross al h\u00edgado desde la adolescencia. Sobre todo, si no ten\u00edas guita. La competencia era atroz.<\/p>\n\n\n\n<p>Aparecer enfundado en un Nasa o en un This Week, como ahora lo ser\u00eda con un Kosiuko, un Levi\u2019s o la marca de moda, y antes con un Far West, un Lee o un Wrangler, era exponerse a la envidia y admiraci\u00f3n ajenas.<\/p>\n\n\n\n<p>Solo eran unos pocos los privilegiados que pod\u00edan enfundarse en uno de esos. M\u00e1s o menos como ahora, pero menos todav\u00eda.<\/p>\n\n\n\n<p><strong>La aparente igualdad<\/strong><\/p>\n\n\n\n<p>En las primeras salidas, los primeros boliches, las primeras chicas, hab\u00eda que pelearla para tener unos jeans a la altura de las circunstancias. Tremenda disputa que hasta no hace mucho largaba con el acn\u00e9 y la pubertad, pero que ahora comienza, un poco m\u00e1s, apenas la partera pega un par de cachetazos para que lloriquee el bienvenido a este mundo.<\/p>\n\n\n\n<p>Resulta entre incre\u00edble y canallesco que los beb\u00e9s gocen de privilegios que nosotros con granos en la cara y hormonas alteradas no hubi\u00e9ramos ni so\u00f1ado. Esos raros objetos del deseo son tan comunes en los primeros a\u00f1os de vida que hasta los chicos de jard\u00edn de infantes parecieran tener un posgrado en tipos de jeans.<\/p>\n\n\n\n<p>Son capaces de diferenciar con precisi\u00f3n de ingeniero nuclear uno com\u00fan, de un Oxford, un chup\u00edn o un mom. \u00a1Est\u00e1bamos tan lejos de someter a eternas torturas la billetera de nuestros viejos para poder empilcharnos!<\/p>\n\n\n\n<p><\/p>\n\n\n\n<p><\/p>\n\n\n\n<figure class=\"wp-block-image size-large\"><img data-recalc-dims=\"1\" decoding=\"async\" width=\"1024\" height=\"576\" src=\"https:\/\/i0.wp.com\/elregionalvm.com.ar\/noticias-villa-maria\/wp-content\/uploads\/2020\/08\/Jeans-Levis.jpeg?resize=1024%2C576&#038;ssl=1\" alt=\"\" class=\"wp-image-22472\" srcset=\"https:\/\/i0.wp.com\/elregionalvm.com.ar\/noticias-villa-maria\/wp-content\/uploads\/2020\/08\/Jeans-Levis.jpeg?resize=1024%2C576&amp;ssl=1 1024w, https:\/\/i0.wp.com\/elregionalvm.com.ar\/noticias-villa-maria\/wp-content\/uploads\/2020\/08\/Jeans-Levis.jpeg?resize=300%2C169&amp;ssl=1 300w, https:\/\/i0.wp.com\/elregionalvm.com.ar\/noticias-villa-maria\/wp-content\/uploads\/2020\/08\/Jeans-Levis.jpeg?resize=768%2C432&amp;ssl=1 768w, https:\/\/i0.wp.com\/elregionalvm.com.ar\/noticias-villa-maria\/wp-content\/uploads\/2020\/08\/Jeans-Levis.jpeg?w=1200&amp;ssl=1 1200w\" sizes=\"(max-width: 1000px) 100vw, 1000px\" \/><\/figure>\n\n\n\n<p><\/p>\n\n\n\n<p>Al tiempo, aparecieron las versiones truchas de las grandes marcas y ah\u00ed se consigui\u00f3 algo de aparente igualdad. A su modo, la lucha de clases se resinti\u00f3 un poco, aunque el mercado de las falsificaciones reci\u00e9n fue mejorando con el tiempo y ahora hay montada tremenda industria paralela a la legal que factura millonadas.<\/p>\n\n\n\n<p>La misma que permite que muchos pibes puedan tener un jeans \u201cde marca\u201d como su primer jeans, pero con un descuento generoso por no portar \u201caltas etiquetas\u201d.<\/p>\n\n\n\n<p>Pensar en ese jeans que nos vuela la cabeza, para bien o para mal, puede parecer una simple cuesti\u00f3n de esp\u00edritu consumista, frivolidad o esnobismo. Pero tambi\u00e9n es un insolente muestrario de lo \u201cpobre\u201d que somos la gran mayor\u00eda de la poblaci\u00f3n argentina.<\/p>\n\n\n\n<p>Nos guste o no.<\/p>\n","protected":false},"excerpt":{"rendered":"<p>Los jeans, como el f\u00fatbol, la Coca Cola, Nike y Los Beatles, solo por citar algunos casos, son, a esta altura, patrimonio de la humanidad. Objetos de consumo transculturales, presentes en cualquier rinc\u00f3n del globo. En Argentina, ha pasado de ser un objeto de culto a gozar de alta popularidad. Pero, tambi\u00e9n es una muestra [&hellip;]<\/p>\n","protected":false},"author":6,"featured_media":85607,"comment_status":"open","ping_status":"open","sticky":false,"template":"","format":"standard","meta":{"site-sidebar-layout":"default","site-content-layout":"","ast-site-content-layout":"default","site-content-style":"default","site-sidebar-style":"default","ast-global-header-display":"","ast-banner-title-visibility":"","ast-main-header-display":"","ast-hfb-above-header-display":"","ast-hfb-below-header-display":"","ast-hfb-mobile-header-display":"","site-post-title":"","ast-breadcrumbs-content":"","ast-featured-img":"","footer-sml-layout":"","ast-disable-related-posts":"","theme-transparent-header-meta":"","adv-header-id-meta":"","stick-header-meta":"","header-above-stick-meta":"","header-main-stick-meta":"","header-below-stick-meta":"","astra-migrate-meta-layouts":"set","ast-page-background-enabled":"default","ast-page-background-meta":{"desktop":{"background-color":"","background-image":"","background-repeat":"repeat","background-position":"center center","background-size":"auto","background-attachment":"scroll","background-type":"","background-media":"","overlay-type":"","overlay-color":"","overlay-opacity":"","overlay-gradient":""},"tablet":{"background-color":"","background-image":"","background-repeat":"repeat","background-position":"center center","background-size":"auto","background-attachment":"scroll","background-type":"","background-media":"","overlay-type":"","overlay-color":"","overlay-opacity":"","overlay-gradient":""},"mobile":{"background-color":"","background-image":"","background-repeat":"repeat","background-position":"center center","background-size":"auto","background-attachment":"scroll","background-type":"","background-media":"","overlay-type":"","overlay-color":"","overlay-opacity":"","overlay-gradient":""}},"ast-content-background-meta":{"desktop":{"background-color":"var(--ast-global-color-5)","background-image":"","background-repeat":"repeat","background-position":"center center","background-size":"auto","background-attachment":"scroll","background-type":"","background-media":"","overlay-type":"","overlay-color":"","overlay-opacity":"","overlay-gradient":""},"tablet":{"background-color":"var(--ast-global-color-5)","background-image":"","background-repeat":"repeat","background-position":"center center","background-size":"auto","background-attachment":"scroll","background-type":"","background-media":"","overlay-type":"","overlay-color":"","overlay-opacity":"","overlay-gradient":""},"mobile":{"background-color":"var(--ast-global-color-5)","background-image":"","background-repeat":"repeat","background-position":"center center","background-size":"auto","background-attachment":"scroll","background-type":"","background-media":"","overlay-type":"","overlay-color":"","overlay-opacity":"","overlay-gradient":""}},"_jetpack_memberships_contains_paid_content":false,"_joinchat":[],"footnotes":""},"categories":[2098,3557],"tags":[3454,877,9369,3476,458,23156,609,23155],"class_list":["post-85601","post","type-post","status-publish","format-standard","has-post-thumbnail","hentry","category-historias","category-tercera","tag-desigualdad","tag-grieta","tag-icono","tag-jeans","tag-jovenes","tag-levis","tag-pobreza","tag-prenda"],"yoast_head":"<!-- This site is optimized with the Yoast SEO plugin v26.8 - https:\/\/yoast.com\/product\/yoast-seo-wordpress\/ -->\n<title>[Historias] Los jeans, \u00edcono popular y s\u00edmbolo de lo pobre que somos - El Regional<\/title>\n<meta name=\"robots\" content=\"index, follow, max-snippet:-1, max-image-preview:large, max-video-preview:-1\" \/>\n<link rel=\"canonical\" href=\"https:\/\/elregionalvm.com.ar\/noticias-villa-maria\/historias-los-jeans-icono-popular-y-simbolo-de-lo-pobre-que-somos\/\" \/>\n<meta property=\"og:locale\" content=\"es_ES\" \/>\n<meta property=\"og:type\" content=\"article\" \/>\n<meta property=\"og:title\" content=\"[Historias] Los jeans, \u00edcono popular y s\u00edmbolo de lo pobre que somos - El Regional\" \/>\n<meta property=\"og:description\" content=\"Los jeans, como el f\u00fatbol, la Coca Cola, Nike y Los Beatles, solo por citar algunos casos, son, a esta altura, patrimonio de la humanidad. Objetos de consumo transculturales, presentes en cualquier rinc\u00f3n del globo. En Argentina, ha pasado de ser un objeto de culto a gozar de alta popularidad. Pero, tambi\u00e9n es una muestra [&hellip;]\" \/>\n<meta property=\"og:url\" content=\"https:\/\/elregionalvm.com.ar\/noticias-villa-maria\/historias-los-jeans-icono-popular-y-simbolo-de-lo-pobre-que-somos\/\" \/>\n<meta property=\"og:site_name\" content=\"El Regional\" \/>\n<meta property=\"article:publisher\" content=\"https:\/\/www.facebook.com\/elregionalvm\" \/>\n<meta property=\"article:published_time\" content=\"2023-11-11T14:03:08+00:00\" \/>\n<meta property=\"article:modified_time\" content=\"2023-11-14T21:14:28+00:00\" \/>\n<meta property=\"og:image\" content=\"https:\/\/elregionalvm.com.ar\/noticias-villa-maria\/wp-content\/uploads\/2023\/11\/Hombre-mirando-jeans.jpg\" \/>\n\t<meta property=\"og:image:width\" content=\"1200\" \/>\n\t<meta property=\"og:image:height\" content=\"738\" \/>\n\t<meta property=\"og:image:type\" content=\"image\/jpeg\" \/>\n<meta name=\"author\" content=\"Germ\u00e1n Giacchero\" \/>\n<meta name=\"twitter:card\" content=\"summary_large_image\" \/>\n<meta name=\"twitter:creator\" content=\"@elregionalvm1\" \/>\n<meta name=\"twitter:site\" content=\"@elregionalvm1\" \/>\n<meta name=\"twitter:label1\" content=\"Escrito por\" \/>\n\t<meta name=\"twitter:data1\" content=\"Germ\u00e1n Giacchero\" \/>\n\t<meta name=\"twitter:label2\" content=\"Tiempo de lectura\" \/>\n\t<meta name=\"twitter:data2\" content=\"6 minutos\" \/>\n<script type=\"application\/ld+json\" class=\"yoast-schema-graph\">{\"@context\":\"https:\/\/schema.org\",\"@graph\":[{\"@type\":\"Article\",\"@id\":\"https:\/\/elregionalvm.com.ar\/noticias-villa-maria\/historias-los-jeans-icono-popular-y-simbolo-de-lo-pobre-que-somos\/#article\",\"isPartOf\":{\"@id\":\"https:\/\/elregionalvm.com.ar\/noticias-villa-maria\/historias-los-jeans-icono-popular-y-simbolo-de-lo-pobre-que-somos\/\"},\"author\":{\"name\":\"Germ\u00e1n Giacchero\",\"@id\":\"http:\/\/elregionalvm.com.ar\/noticias-villa-maria\/#\/schema\/person\/d5e4b04966154131701e52c45d3efec9\"},\"headline\":\"[Historias] Los jeans, \u00edcono popular y s\u00edmbolo de lo pobre que somos\",\"datePublished\":\"2023-11-11T14:03:08+00:00\",\"dateModified\":\"2023-11-14T21:14:28+00:00\",\"mainEntityOfPage\":{\"@id\":\"https:\/\/elregionalvm.com.ar\/noticias-villa-maria\/historias-los-jeans-icono-popular-y-simbolo-de-lo-pobre-que-somos\/\"},\"wordCount\":1050,\"commentCount\":0,\"image\":{\"@id\":\"https:\/\/elregionalvm.com.ar\/noticias-villa-maria\/historias-los-jeans-icono-popular-y-simbolo-de-lo-pobre-que-somos\/#primaryimage\"},\"thumbnailUrl\":\"https:\/\/i0.wp.com\/elregionalvm.com.ar\/noticias-villa-maria\/wp-content\/uploads\/2023\/11\/Hombre-mirando-jeans.jpg?fit=1200%2C738&ssl=1\",\"keywords\":[\"desigualdad\",\"grieta\",\"\u00edcono\",\"Jeans\",\"j\u00f3venes\",\"Levis\",\"Pobreza\",\"prenda\"],\"articleSection\":[\"Historias\",\"tercera\"],\"inLanguage\":\"es\",\"potentialAction\":[{\"@type\":\"CommentAction\",\"name\":\"Comment\",\"target\":[\"https:\/\/elregionalvm.com.ar\/noticias-villa-maria\/historias-los-jeans-icono-popular-y-simbolo-de-lo-pobre-que-somos\/#respond\"]}]},{\"@type\":\"WebPage\",\"@id\":\"https:\/\/elregionalvm.com.ar\/noticias-villa-maria\/historias-los-jeans-icono-popular-y-simbolo-de-lo-pobre-que-somos\/\",\"url\":\"https:\/\/elregionalvm.com.ar\/noticias-villa-maria\/historias-los-jeans-icono-popular-y-simbolo-de-lo-pobre-que-somos\/\",\"name\":\"[Historias] Los jeans, \u00edcono popular y s\u00edmbolo de lo pobre que somos - El Regional\",\"isPartOf\":{\"@id\":\"http:\/\/elregionalvm.com.ar\/noticias-villa-maria\/#website\"},\"primaryImageOfPage\":{\"@id\":\"https:\/\/elregionalvm.com.ar\/noticias-villa-maria\/historias-los-jeans-icono-popular-y-simbolo-de-lo-pobre-que-somos\/#primaryimage\"},\"image\":{\"@id\":\"https:\/\/elregionalvm.com.ar\/noticias-villa-maria\/historias-los-jeans-icono-popular-y-simbolo-de-lo-pobre-que-somos\/#primaryimage\"},\"thumbnailUrl\":\"https:\/\/i0.wp.com\/elregionalvm.com.ar\/noticias-villa-maria\/wp-content\/uploads\/2023\/11\/Hombre-mirando-jeans.jpg?fit=1200%2C738&ssl=1\",\"datePublished\":\"2023-11-11T14:03:08+00:00\",\"dateModified\":\"2023-11-14T21:14:28+00:00\",\"author\":{\"@id\":\"http:\/\/elregionalvm.com.ar\/noticias-villa-maria\/#\/schema\/person\/d5e4b04966154131701e52c45d3efec9\"},\"breadcrumb\":{\"@id\":\"https:\/\/elregionalvm.com.ar\/noticias-villa-maria\/historias-los-jeans-icono-popular-y-simbolo-de-lo-pobre-que-somos\/#breadcrumb\"},\"inLanguage\":\"es\",\"potentialAction\":[{\"@type\":\"ReadAction\",\"target\":[\"https:\/\/elregionalvm.com.ar\/noticias-villa-maria\/historias-los-jeans-icono-popular-y-simbolo-de-lo-pobre-que-somos\/\"]}]},{\"@type\":\"ImageObject\",\"inLanguage\":\"es\",\"@id\":\"https:\/\/elregionalvm.com.ar\/noticias-villa-maria\/historias-los-jeans-icono-popular-y-simbolo-de-lo-pobre-que-somos\/#primaryimage\",\"url\":\"https:\/\/i0.wp.com\/elregionalvm.com.ar\/noticias-villa-maria\/wp-content\/uploads\/2023\/11\/Hombre-mirando-jeans.jpg?fit=1200%2C738&ssl=1\",\"contentUrl\":\"https:\/\/i0.wp.com\/elregionalvm.com.ar\/noticias-villa-maria\/wp-content\/uploads\/2023\/11\/Hombre-mirando-jeans.jpg?fit=1200%2C738&ssl=1\",\"width\":1200,\"height\":738},{\"@type\":\"BreadcrumbList\",\"@id\":\"https:\/\/elregionalvm.com.ar\/noticias-villa-maria\/historias-los-jeans-icono-popular-y-simbolo-de-lo-pobre-que-somos\/#breadcrumb\",\"itemListElement\":[{\"@type\":\"ListItem\",\"position\":1,\"name\":\"Portada\",\"item\":\"https:\/\/elregionalvm.com.ar\/noticias-villa-maria\/\"},{\"@type\":\"ListItem\",\"position\":2,\"name\":\"[Historias] Los jeans, \u00edcono popular y s\u00edmbolo de lo pobre que somos\"}]},{\"@type\":\"WebSite\",\"@id\":\"http:\/\/elregionalvm.com.ar\/noticias-villa-maria\/#website\",\"url\":\"http:\/\/elregionalvm.com.ar\/noticias-villa-maria\/\",\"name\":\"El Regional\",\"description\":\"Mucho m\u00e1s que informaci\u00f3n\",\"potentialAction\":[{\"@type\":\"SearchAction\",\"target\":{\"@type\":\"EntryPoint\",\"urlTemplate\":\"http:\/\/elregionalvm.com.ar\/noticias-villa-maria\/?s={search_term_string}\"},\"query-input\":{\"@type\":\"PropertyValueSpecification\",\"valueRequired\":true,\"valueName\":\"search_term_string\"}}],\"inLanguage\":\"es\"},{\"@type\":\"Person\",\"@id\":\"http:\/\/elregionalvm.com.ar\/noticias-villa-maria\/#\/schema\/person\/d5e4b04966154131701e52c45d3efec9\",\"name\":\"Germ\u00e1n Giacchero\",\"image\":{\"@type\":\"ImageObject\",\"inLanguage\":\"es\",\"@id\":\"http:\/\/elregionalvm.com.ar\/noticias-villa-maria\/#\/schema\/person\/image\/\",\"url\":\"https:\/\/secure.gravatar.com\/avatar\/fda163ba5ef0307ee5be9846e10f83b6e83d0cfb260d3b2464830318894c6b04?s=96&d=mm&r=g\",\"contentUrl\":\"https:\/\/secure.gravatar.com\/avatar\/fda163ba5ef0307ee5be9846e10f83b6e83d0cfb260d3b2464830318894c6b04?s=96&d=mm&r=g\",\"caption\":\"Germ\u00e1n Giacchero\"},\"url\":\"https:\/\/elregionalvm.com.ar\/noticias-villa-maria\/author\/germangiacchero\/\"}]}<\/script>\n<!-- \/ Yoast SEO plugin. -->","yoast_head_json":{"title":"[Historias] Los jeans, \u00edcono popular y s\u00edmbolo de lo pobre que somos - El Regional","robots":{"index":"index","follow":"follow","max-snippet":"max-snippet:-1","max-image-preview":"max-image-preview:large","max-video-preview":"max-video-preview:-1"},"canonical":"https:\/\/elregionalvm.com.ar\/noticias-villa-maria\/historias-los-jeans-icono-popular-y-simbolo-de-lo-pobre-que-somos\/","og_locale":"es_ES","og_type":"article","og_title":"[Historias] Los jeans, \u00edcono popular y s\u00edmbolo de lo pobre que somos - El Regional","og_description":"Los jeans, como el f\u00fatbol, la Coca Cola, Nike y Los Beatles, solo por citar algunos casos, son, a esta altura, patrimonio de la humanidad. Objetos de consumo transculturales, presentes en cualquier rinc\u00f3n del globo. En Argentina, ha pasado de ser un objeto de culto a gozar de alta popularidad. Pero, tambi\u00e9n es una muestra [&hellip;]","og_url":"https:\/\/elregionalvm.com.ar\/noticias-villa-maria\/historias-los-jeans-icono-popular-y-simbolo-de-lo-pobre-que-somos\/","og_site_name":"El Regional","article_publisher":"https:\/\/www.facebook.com\/elregionalvm","article_published_time":"2023-11-11T14:03:08+00:00","article_modified_time":"2023-11-14T21:14:28+00:00","og_image":[{"width":1200,"height":738,"url":"https:\/\/elregionalvm.com.ar\/noticias-villa-maria\/wp-content\/uploads\/2023\/11\/Hombre-mirando-jeans.jpg","type":"image\/jpeg"}],"author":"Germ\u00e1n Giacchero","twitter_card":"summary_large_image","twitter_creator":"@elregionalvm1","twitter_site":"@elregionalvm1","twitter_misc":{"Escrito por":"Germ\u00e1n Giacchero","Tiempo de lectura":"6 minutos"},"schema":{"@context":"https:\/\/schema.org","@graph":[{"@type":"Article","@id":"https:\/\/elregionalvm.com.ar\/noticias-villa-maria\/historias-los-jeans-icono-popular-y-simbolo-de-lo-pobre-que-somos\/#article","isPartOf":{"@id":"https:\/\/elregionalvm.com.ar\/noticias-villa-maria\/historias-los-jeans-icono-popular-y-simbolo-de-lo-pobre-que-somos\/"},"author":{"name":"Germ\u00e1n Giacchero","@id":"http:\/\/elregionalvm.com.ar\/noticias-villa-maria\/#\/schema\/person\/d5e4b04966154131701e52c45d3efec9"},"headline":"[Historias] Los jeans, \u00edcono popular y s\u00edmbolo de lo pobre que somos","datePublished":"2023-11-11T14:03:08+00:00","dateModified":"2023-11-14T21:14:28+00:00","mainEntityOfPage":{"@id":"https:\/\/elregionalvm.com.ar\/noticias-villa-maria\/historias-los-jeans-icono-popular-y-simbolo-de-lo-pobre-que-somos\/"},"wordCount":1050,"commentCount":0,"image":{"@id":"https:\/\/elregionalvm.com.ar\/noticias-villa-maria\/historias-los-jeans-icono-popular-y-simbolo-de-lo-pobre-que-somos\/#primaryimage"},"thumbnailUrl":"https:\/\/i0.wp.com\/elregionalvm.com.ar\/noticias-villa-maria\/wp-content\/uploads\/2023\/11\/Hombre-mirando-jeans.jpg?fit=1200%2C738&ssl=1","keywords":["desigualdad","grieta","\u00edcono","Jeans","j\u00f3venes","Levis","Pobreza","prenda"],"articleSection":["Historias","tercera"],"inLanguage":"es","potentialAction":[{"@type":"CommentAction","name":"Comment","target":["https:\/\/elregionalvm.com.ar\/noticias-villa-maria\/historias-los-jeans-icono-popular-y-simbolo-de-lo-pobre-que-somos\/#respond"]}]},{"@type":"WebPage","@id":"https:\/\/elregionalvm.com.ar\/noticias-villa-maria\/historias-los-jeans-icono-popular-y-simbolo-de-lo-pobre-que-somos\/","url":"https:\/\/elregionalvm.com.ar\/noticias-villa-maria\/historias-los-jeans-icono-popular-y-simbolo-de-lo-pobre-que-somos\/","name":"[Historias] Los jeans, \u00edcono popular y s\u00edmbolo de lo pobre que somos - El Regional","isPartOf":{"@id":"http:\/\/elregionalvm.com.ar\/noticias-villa-maria\/#website"},"primaryImageOfPage":{"@id":"https:\/\/elregionalvm.com.ar\/noticias-villa-maria\/historias-los-jeans-icono-popular-y-simbolo-de-lo-pobre-que-somos\/#primaryimage"},"image":{"@id":"https:\/\/elregionalvm.com.ar\/noticias-villa-maria\/historias-los-jeans-icono-popular-y-simbolo-de-lo-pobre-que-somos\/#primaryimage"},"thumbnailUrl":"https:\/\/i0.wp.com\/elregionalvm.com.ar\/noticias-villa-maria\/wp-content\/uploads\/2023\/11\/Hombre-mirando-jeans.jpg?fit=1200%2C738&ssl=1","datePublished":"2023-11-11T14:03:08+00:00","dateModified":"2023-11-14T21:14:28+00:00","author":{"@id":"http:\/\/elregionalvm.com.ar\/noticias-villa-maria\/#\/schema\/person\/d5e4b04966154131701e52c45d3efec9"},"breadcrumb":{"@id":"https:\/\/elregionalvm.com.ar\/noticias-villa-maria\/historias-los-jeans-icono-popular-y-simbolo-de-lo-pobre-que-somos\/#breadcrumb"},"inLanguage":"es","potentialAction":[{"@type":"ReadAction","target":["https:\/\/elregionalvm.com.ar\/noticias-villa-maria\/historias-los-jeans-icono-popular-y-simbolo-de-lo-pobre-que-somos\/"]}]},{"@type":"ImageObject","inLanguage":"es","@id":"https:\/\/elregionalvm.com.ar\/noticias-villa-maria\/historias-los-jeans-icono-popular-y-simbolo-de-lo-pobre-que-somos\/#primaryimage","url":"https:\/\/i0.wp.com\/elregionalvm.com.ar\/noticias-villa-maria\/wp-content\/uploads\/2023\/11\/Hombre-mirando-jeans.jpg?fit=1200%2C738&ssl=1","contentUrl":"https:\/\/i0.wp.com\/elregionalvm.com.ar\/noticias-villa-maria\/wp-content\/uploads\/2023\/11\/Hombre-mirando-jeans.jpg?fit=1200%2C738&ssl=1","width":1200,"height":738},{"@type":"BreadcrumbList","@id":"https:\/\/elregionalvm.com.ar\/noticias-villa-maria\/historias-los-jeans-icono-popular-y-simbolo-de-lo-pobre-que-somos\/#breadcrumb","itemListElement":[{"@type":"ListItem","position":1,"name":"Portada","item":"https:\/\/elregionalvm.com.ar\/noticias-villa-maria\/"},{"@type":"ListItem","position":2,"name":"[Historias] Los jeans, \u00edcono popular y s\u00edmbolo de lo pobre que somos"}]},{"@type":"WebSite","@id":"http:\/\/elregionalvm.com.ar\/noticias-villa-maria\/#website","url":"http:\/\/elregionalvm.com.ar\/noticias-villa-maria\/","name":"El Regional","description":"Mucho m\u00e1s que informaci\u00f3n","potentialAction":[{"@type":"SearchAction","target":{"@type":"EntryPoint","urlTemplate":"http:\/\/elregionalvm.com.ar\/noticias-villa-maria\/?s={search_term_string}"},"query-input":{"@type":"PropertyValueSpecification","valueRequired":true,"valueName":"search_term_string"}}],"inLanguage":"es"},{"@type":"Person","@id":"http:\/\/elregionalvm.com.ar\/noticias-villa-maria\/#\/schema\/person\/d5e4b04966154131701e52c45d3efec9","name":"Germ\u00e1n Giacchero","image":{"@type":"ImageObject","inLanguage":"es","@id":"http:\/\/elregionalvm.com.ar\/noticias-villa-maria\/#\/schema\/person\/image\/","url":"https:\/\/secure.gravatar.com\/avatar\/fda163ba5ef0307ee5be9846e10f83b6e83d0cfb260d3b2464830318894c6b04?s=96&d=mm&r=g","contentUrl":"https:\/\/secure.gravatar.com\/avatar\/fda163ba5ef0307ee5be9846e10f83b6e83d0cfb260d3b2464830318894c6b04?s=96&d=mm&r=g","caption":"Germ\u00e1n Giacchero"},"url":"https:\/\/elregionalvm.com.ar\/noticias-villa-maria\/author\/germangiacchero\/"}]}},"jetpack_featured_media_url":"https:\/\/i0.wp.com\/elregionalvm.com.ar\/noticias-villa-maria\/wp-content\/uploads\/2023\/11\/Hombre-mirando-jeans.jpg?fit=1200%2C738&ssl=1","jetpack_sharing_enabled":true,"_links":{"self":[{"href":"https:\/\/elregionalvm.com.ar\/noticias-villa-maria\/wp-json\/wp\/v2\/posts\/85601","targetHints":{"allow":["GET"]}}],"collection":[{"href":"https:\/\/elregionalvm.com.ar\/noticias-villa-maria\/wp-json\/wp\/v2\/posts"}],"about":[{"href":"https:\/\/elregionalvm.com.ar\/noticias-villa-maria\/wp-json\/wp\/v2\/types\/post"}],"author":[{"embeddable":true,"href":"https:\/\/elregionalvm.com.ar\/noticias-villa-maria\/wp-json\/wp\/v2\/users\/6"}],"replies":[{"embeddable":true,"href":"https:\/\/elregionalvm.com.ar\/noticias-villa-maria\/wp-json\/wp\/v2\/comments?post=85601"}],"version-history":[{"count":5,"href":"https:\/\/elregionalvm.com.ar\/noticias-villa-maria\/wp-json\/wp\/v2\/posts\/85601\/revisions"}],"predecessor-version":[{"id":85609,"href":"https:\/\/elregionalvm.com.ar\/noticias-villa-maria\/wp-json\/wp\/v2\/posts\/85601\/revisions\/85609"}],"wp:featuredmedia":[{"embeddable":true,"href":"https:\/\/elregionalvm.com.ar\/noticias-villa-maria\/wp-json\/wp\/v2\/media\/85607"}],"wp:attachment":[{"href":"https:\/\/elregionalvm.com.ar\/noticias-villa-maria\/wp-json\/wp\/v2\/media?parent=85601"}],"wp:term":[{"taxonomy":"category","embeddable":true,"href":"https:\/\/elregionalvm.com.ar\/noticias-villa-maria\/wp-json\/wp\/v2\/categories?post=85601"},{"taxonomy":"post_tag","embeddable":true,"href":"https:\/\/elregionalvm.com.ar\/noticias-villa-maria\/wp-json\/wp\/v2\/tags?post=85601"}],"curies":[{"name":"wp","href":"https:\/\/api.w.org\/{rel}","templated":true}]}}