{"id":85876,"date":"2023-11-16T12:15:11","date_gmt":"2023-11-16T12:15:11","guid":{"rendered":"https:\/\/elregionalvm.com.ar\/noticias-villa-maria\/?p=85876"},"modified":"2023-11-18T03:30:40","modified_gmt":"2023-11-18T03:30:40","slug":"el-deschave-cuando-la-violencia-individual-puede-multiplicarse-por-millones","status":"publish","type":"post","link":"https:\/\/elregionalvm.com.ar\/noticias-villa-maria\/el-deschave-cuando-la-violencia-individual-puede-multiplicarse-por-millones\/","title":{"rendered":"[El Deschave] Cuando la violencia individual puede multiplicarse por millones\u2026"},"content":{"rendered":"\n<p><\/p>\n\n\n\n<h3 class=\"wp-block-heading\"><strong>(Planes sociales: \u00bfQu\u00e9 hacer?)<\/strong><\/h3>\n\n\n\n<p><\/p>\n\n\n\n<p><strong>Escribe: Miguel Andreis<\/strong><\/p>\n\n\n\n<p><\/p>\n\n\n\n<p>Todo parecer\u00eda que el futuro del pueblo argentino, sin fechas de vencimiento, pasa por dos apellidos: Massa- Milei. La pregunta se repite cientos de veces en el d\u00eda. Jam\u00e1s, es mi impresi\u00f3n, hab\u00eda percibido tanto inter\u00e9s por saber qui\u00e9n ser\u00e1 el nuevo Presidente.<\/p>\n\n\n\n<p>En mi interior subyace otro interrogante, inc\u00f3gnita que parece estar muy alejada del pensamiento mayoritario. Siento que nos -perd\u00f3n-, me atraviesa una perversa disyuntiva, el tener que elegir qui\u00e9n ser\u00e1 el que nos apriete la soga cuando estemos montado en el pat\u00edbulo.<\/p>\n\n\n\n<p>Insisto, no es la mirada mayoritaria, apenas nos resuelve para la observancia de unos pocos menos optimistas. En pol\u00edtica la FE, es decir, la certeza de lo que no se ve, no alcanza.<\/p>\n\n\n\n<p><\/p>\n\n\n\n<figure class=\"wp-block-image size-full\"><img data-recalc-dims=\"1\" fetchpriority=\"high\" decoding=\"async\" width=\"1024\" height=\"680\" src=\"https:\/\/i0.wp.com\/elregionalvm.com.ar\/noticias-villa-maria\/wp-content\/uploads\/2020\/12\/billetes_mil_pesos_argentinos.jpg?resize=1024%2C680&#038;ssl=1\" alt=\"\" class=\"wp-image-29474\" srcset=\"https:\/\/i0.wp.com\/elregionalvm.com.ar\/noticias-villa-maria\/wp-content\/uploads\/2020\/12\/billetes_mil_pesos_argentinos.jpg?w=1024&amp;ssl=1 1024w, https:\/\/i0.wp.com\/elregionalvm.com.ar\/noticias-villa-maria\/wp-content\/uploads\/2020\/12\/billetes_mil_pesos_argentinos.jpg?resize=300%2C199&amp;ssl=1 300w, https:\/\/i0.wp.com\/elregionalvm.com.ar\/noticias-villa-maria\/wp-content\/uploads\/2020\/12\/billetes_mil_pesos_argentinos.jpg?resize=768%2C510&amp;ssl=1 768w\" sizes=\"(max-width: 1000px) 100vw, 1000px\" \/><\/figure>\n\n\n\n<p><\/p>\n\n\n\n<p>En ese camino cotidiano de las confrontaciones inesperadas, pero que reflejan la realidad que nos aborda, se encuentran hechos que sirven de coyunturas valorativas. A veces un bot\u00f3n vale para muestra. Uno de los grandes problemas que deber\u00e1 resolver el futuro gobernante, cosa que no ser\u00e1 simple, es definir lo que se har\u00e1n con los planes sociales, subsidios, etc.<\/p>\n\n\n\n<p>Por el momento no hay cifras ciertas en cantidad de personas en esa situaci\u00f3n y mucho menos en miles de millones de pesos que les cuestan al Estado. La tramitaci\u00f3n o definici\u00f3n con los mismos ser\u00e1, indefectiblemente engorrosa y, muy posiblemente, con consecuencias de violencia.<\/p>\n\n\n\n<p><\/p>\n\n\n\n<h4 class=\"wp-block-heading\"><strong>D\u00edas atr\u00e1s en nuestra ciudad aconteci\u00f3 un hecho no de enorme gravedad pero que le da, desde la nimiedad, una dimensi\u00f3n preocupante.<\/strong><\/h4>\n\n\n\n<p><\/p>\n\n\n\n<p>Un remisero, cuyo veh\u00edculo no es de su propiedad, por lo que debe estar al volante m\u00e1s de 12 -14 horas diarias como para llevar lo m\u00ednimo indispensable para la mantenci\u00f3n de su familia. Una mujer cincuentona, cigarro en mano, festival de colores en vestimenta y rostro, levant\u00f3 la mano para detener al conductor, hombre que rondar\u00eda los sesenta y algo m\u00e1s. Detuvo la marcha y esper\u00f3 que subiera. El exceso de peso y la maciza cartera la demoraron m\u00e1s de lo normal.<\/p>\n\n\n\n<p>Mientras tanto el conductor se empecinaba en sintonizar la Mitre. Charla de rigor, pero \u00e9l estaba m\u00e1s interesado en el comentario del \u201cGordo\u201d Lanata.&nbsp; La dama abri\u00f3 los pesados enganches de la cartera y le indic\u00f3, \u201cperd\u00f3n, voy a contar el dinero porque en el banco si te pueden vacunar te vacunan\u2026\u201d.<\/p>\n\n\n\n<p>\u00a0A los pocos minutos volvi\u00f3 a dirigirle la palabra al \u201cTachero\u201d. \u201cEst\u00e1 bien, hay 320 mil pesos\u201d. Le pareci\u00f3 no escuchar bien. \u00a1\u00a1320 mil mangos y yooo rompi\u00e9ndome el tuje apenas llego a la mitad!! \u00a0Mientras clav\u00f3 las u\u00f1as al volante, pregunt\u00f3: \u00bfY usted d\u00f3nde trabaja se\u00f1ora? La respuesta no fue gestualmente agradable ni el vocabulario tampoco.<\/p>\n\n\n\n<p><\/p>\n\n\n\n<figure class=\"wp-block-image size-full is-resized\"><img data-recalc-dims=\"1\" decoding=\"async\" src=\"https:\/\/i0.wp.com\/elregionalvm.com.ar\/noticias-villa-maria\/wp-content\/uploads\/2021\/06\/taxis-villa-maria-2.jpg?resize=908%2C533&#038;ssl=1\" alt=\"\" class=\"wp-image-38983\" width=\"908\" height=\"533\" srcset=\"https:\/\/i0.wp.com\/elregionalvm.com.ar\/noticias-villa-maria\/wp-content\/uploads\/2021\/06\/taxis-villa-maria-2.jpg?w=792&amp;ssl=1 792w, https:\/\/i0.wp.com\/elregionalvm.com.ar\/noticias-villa-maria\/wp-content\/uploads\/2021\/06\/taxis-villa-maria-2.jpg?resize=300%2C176&amp;ssl=1 300w, https:\/\/i0.wp.com\/elregionalvm.com.ar\/noticias-villa-maria\/wp-content\/uploads\/2021\/06\/taxis-villa-maria-2.jpg?resize=768%2C451&amp;ssl=1 768w\" sizes=\"(max-width: 908px) 100vw, 908px\" \/><figcaption><em>(Imagen ilustrativa)<\/em><\/figcaption><\/figure>\n\n\n\n<p><\/p>\n\n\n\n<p>\u201cEs la plata de los planes que cobramos con mi esposo, que tiene problemas en una pierna, por lo que no puede trabajar; tenemos tres hijos de mis hijos, m\u00e1s lo que nos llega de contribuci\u00f3n por estos regalos pensando en fin de a\u00f1o.\u00a0 Por supuesto que los acompa\u00f1aremos con el voto\u2026 Lo menos que podemos hacer por el gobierno\u201d.<\/p>\n\n\n\n<p>Y agreg\u00f3, \u201cpor eso adoro a Cristina, nadie, pero nadie como ella nos ha protegido y nos ha dado tantas cosas\u201d.<\/p>\n\n\n\n<p>El obrero del volante transpiraba esa agua helada que a veces nos corre. Lanata volvi\u00f3 a tomar la editorial y tuvo definiciones muy duras para CFK. La radio casi al m\u00e1ximo. Ella lo escuchaba n\u00edtidamente. \u00c9l estallo: \u201cTiene raz\u00f3n. Bien dicho, vieja chorra de mierda\u2026\u201d.<\/p>\n\n\n\n<p><strong>La cartera como garrote<\/strong><\/p>\n\n\n\n<p>Afirma que fue una de las \u00faltimas cosas que el laburante recuerda. Un fren\u00e9tico y rabioso golpe desde atr\u00e1s que se fren\u00f3 en el costado de su cabeza lo dej\u00f3 fuera de combate. Las hebillas del bolso se estrellaron contra su oreja derecha. Solo atin\u00f3 a pisar el freno y detener el auto.<\/p>\n\n\n\n<p>Totalmente aturdido, obnubilado, mientras desde su pabell\u00f3n auditivo comenzaba a brotar sangre a raudales, nada le impidi\u00f3 abrir abruptamente la puerta, extraer a la mujer del auto casi a los tirones y pararla en la vereda.&nbsp; Alguien llam\u00f3 a una ambulancia y lo llevaron a una cl\u00ednica. Cinco puntos y un dolor que no ced\u00eda. Mientras lo suturaban comprendi\u00f3 lo vivido.<\/p>\n\n\n\n<p>Mir\u00f3 al m\u00e9dico y se dijo: \u201c\u00a1\u00a1Qu\u00e9 boludo\u2026 qu\u00e9 boludo!! Lo \u00fanico que falta es que esta vieja me denuncie por violencia de g\u00e9nero, pierdo el laburo y encima voy en cana\u2026 \u00a1Para qu\u00e9 carajo habl\u00e9!&#8230;<\/p>\n\n\n\n<p>Planes sociales hay m\u00e1s de 25 millones. Todos consideran que tienen derecho a cobrarlos. Posiblemente sea as\u00ed. O no. O tal vez solo por un tiempo. De cualquier manera, este ejemplo que es m\u00ednimo, nos debe llevar a pensar, cualquiera sea el elegido este domingo, se animar\u00e1 a meter la mano dentro del panal\u2026<\/p>\n\n\n\n<p>Siempre es m\u00e1s f\u00e1cil prometer. Una picadura puede no ser nada m\u00e1s que dolorosa, por miles, matan.<\/p>\n\n\n\n<p><\/p>\n\n\n\n<h3 class=\"wp-block-heading\"><strong>Tambi\u00e9n pod\u00e9s ver:<\/strong><\/h3>\n\n\n\n<p><\/p>\n\n\n\n<figure class=\"wp-block-embed is-type-wp-embed is-provider-el-regional wp-block-embed-el-regional\"><div class=\"wp-block-embed__wrapper\">\n<blockquote class=\"wp-embedded-content\" data-secret=\"jwRzCur9KB\"><a href=\"https:\/\/elregionalvm.com.ar\/noticias-villa-maria\/el-deschave-milei-massa-un-debate-que-dificilmente-cambie-un-voto-ya-pensado\/\">[El Deschave] Milei- Massa: Un debate que dif\u00edcilmente cambie un voto ya pensado\u2026<\/a><\/blockquote><iframe class=\"wp-embedded-content\" sandbox=\"allow-scripts\" security=\"restricted\" style=\"position: absolute; clip: rect(1px, 1px, 1px, 1px);\" title=\"\u00ab[El Deschave] Milei- Massa: Un debate que dif\u00edcilmente cambie un voto ya pensado\u2026\u00bb \u2014 El Regional\" src=\"https:\/\/elregionalvm.com.ar\/noticias-villa-maria\/el-deschave-milei-massa-un-debate-que-dificilmente-cambie-un-voto-ya-pensado\/embed\/#?secret=EHzmcPbCk2#?secret=jwRzCur9KB\" data-secret=\"jwRzCur9KB\" width=\"500\" height=\"282\" frameborder=\"0\" marginwidth=\"0\" marginheight=\"0\" scrolling=\"no\"><\/iframe>\n<\/div><\/figure>\n","protected":false},"excerpt":{"rendered":"<p>(Planes sociales: \u00bfQu\u00e9 hacer?) Escribe: Miguel Andreis Todo parecer\u00eda que el futuro del pueblo argentino, sin fechas de vencimiento, pasa por dos apellidos: Massa- Milei. La pregunta se repite cientos de veces en el d\u00eda. Jam\u00e1s, es mi impresi\u00f3n, hab\u00eda percibido tanto inter\u00e9s por saber qui\u00e9n ser\u00e1 el nuevo Presidente. En mi interior subyace otro [&hellip;]<\/p>\n","protected":false},"author":5,"featured_media":85879,"comment_status":"open","ping_status":"open","sticky":false,"template":"","format":"standard","meta":{"site-sidebar-layout":"default","site-content-layout":"","ast-site-content-layout":"default","site-content-style":"default","site-sidebar-style":"default","ast-global-header-display":"","ast-banner-title-visibility":"","ast-main-header-display":"","ast-hfb-above-header-display":"","ast-hfb-below-header-display":"","ast-hfb-mobile-header-display":"","site-post-title":"","ast-breadcrumbs-content":"","ast-featured-img":"","footer-sml-layout":"","ast-disable-related-posts":"","theme-transparent-header-meta":"","adv-header-id-meta":"","stick-header-meta":"","header-above-stick-meta":"","header-main-stick-meta":"","header-below-stick-meta":"","astra-migrate-meta-layouts":"set","ast-page-background-enabled":"default","ast-page-background-meta":{"desktop":{"background-color":"","background-image":"","background-repeat":"repeat","background-position":"center center","background-size":"auto","background-attachment":"scroll","background-type":"","background-media":"","overlay-type":"","overlay-color":"","overlay-opacity":"","overlay-gradient":""},"tablet":{"background-color":"","background-image":"","background-repeat":"repeat","background-position":"center center","background-size":"auto","background-attachment":"scroll","background-type":"","background-media":"","overlay-type":"","overlay-color":"","overlay-opacity":"","overlay-gradient":""},"mobile":{"background-color":"","background-image":"","background-repeat":"repeat","background-position":"center center","background-size":"auto","background-attachment":"scroll","background-type":"","background-media":"","overlay-type":"","overlay-color":"","overlay-opacity":"","overlay-gradient":""}},"ast-content-background-meta":{"desktop":{"background-color":"var(--ast-global-color-5)","background-image":"","background-repeat":"repeat","background-position":"center center","background-size":"auto","background-attachment":"scroll","background-type":"","background-media":"","overlay-type":"","overlay-color":"","overlay-opacity":"","overlay-gradient":""},"tablet":{"background-color":"var(--ast-global-color-5)","background-image":"","background-repeat":"repeat","background-position":"center center","background-size":"auto","background-attachment":"scroll","background-type":"","background-media":"","overlay-type":"","overlay-color":"","overlay-opacity":"","overlay-gradient":""},"mobile":{"background-color":"var(--ast-global-color-5)","background-image":"","background-repeat":"repeat","background-position":"center center","background-size":"auto","background-attachment":"scroll","background-type":"","background-media":"","overlay-type":"","overlay-color":"","overlay-opacity":"","overlay-gradient":""}},"_jetpack_memberships_contains_paid_content":false,"_joinchat":[],"footnotes":""},"categories":[365,3557],"tags":[3940,546,631,268,673,10223,2540,995],"class_list":["post-85876","post","type-post","status-publish","format-standard","has-post-thumbnail","hentry","category-opinion","category-tercera","tag-agresion","tag-cristina-fernandez","tag-el-deschave","tag-elecciones","tag-massa","tag-planes-sociales","tag-taxista","tag-violencia"],"yoast_head":"<!-- This site is optimized with the Yoast SEO plugin v26.8 - https:\/\/yoast.com\/product\/yoast-seo-wordpress\/ -->\n<title>[El Deschave] Cuando la violencia individual puede multiplicarse por millones\u2026 - El Regional<\/title>\n<meta name=\"robots\" content=\"index, follow, max-snippet:-1, max-image-preview:large, max-video-preview:-1\" \/>\n<link rel=\"canonical\" href=\"https:\/\/elregionalvm.com.ar\/noticias-villa-maria\/el-deschave-cuando-la-violencia-individual-puede-multiplicarse-por-millones\/\" \/>\n<meta property=\"og:locale\" content=\"es_ES\" \/>\n<meta property=\"og:type\" content=\"article\" \/>\n<meta property=\"og:title\" content=\"[El Deschave] Cuando la violencia individual puede multiplicarse por millones\u2026 - El Regional\" \/>\n<meta property=\"og:description\" content=\"(Planes sociales: \u00bfQu\u00e9 hacer?) Escribe: Miguel Andreis Todo parecer\u00eda que el futuro del pueblo argentino, sin fechas de vencimiento, pasa por dos apellidos: Massa- Milei. La pregunta se repite cientos de veces en el d\u00eda. Jam\u00e1s, es mi impresi\u00f3n, hab\u00eda percibido tanto inter\u00e9s por saber qui\u00e9n ser\u00e1 el nuevo Presidente. En mi interior subyace otro [&hellip;]\" \/>\n<meta property=\"og:url\" content=\"https:\/\/elregionalvm.com.ar\/noticias-villa-maria\/el-deschave-cuando-la-violencia-individual-puede-multiplicarse-por-millones\/\" \/>\n<meta property=\"og:site_name\" content=\"El Regional\" \/>\n<meta property=\"article:publisher\" content=\"https:\/\/www.facebook.com\/elregionalvm\" \/>\n<meta property=\"article:published_time\" content=\"2023-11-16T12:15:11+00:00\" \/>\n<meta property=\"article:modified_time\" content=\"2023-11-18T03:30:40+00:00\" \/>\n<meta property=\"og:image\" content=\"https:\/\/elregionalvm.com.ar\/noticias-villa-maria\/wp-content\/uploads\/2023\/11\/taxi-desde-adentro.jpg\" \/>\n\t<meta property=\"og:image:width\" content=\"960\" \/>\n\t<meta property=\"og:image:height\" content=\"539\" \/>\n\t<meta property=\"og:image:type\" content=\"image\/jpeg\" \/>\n<meta name=\"author\" content=\"Miguel Andreis\" \/>\n<meta name=\"twitter:card\" content=\"summary_large_image\" \/>\n<meta name=\"twitter:creator\" content=\"@elregionalvm1\" \/>\n<meta name=\"twitter:site\" content=\"@elregionalvm1\" \/>\n<meta name=\"twitter:label1\" content=\"Escrito por\" \/>\n\t<meta name=\"twitter:data1\" content=\"Miguel Andreis\" \/>\n\t<meta name=\"twitter:label2\" content=\"Tiempo de lectura\" \/>\n\t<meta name=\"twitter:data2\" content=\"5 minutos\" \/>\n<script type=\"application\/ld+json\" class=\"yoast-schema-graph\">{\"@context\":\"https:\/\/schema.org\",\"@graph\":[{\"@type\":\"Article\",\"@id\":\"https:\/\/elregionalvm.com.ar\/noticias-villa-maria\/el-deschave-cuando-la-violencia-individual-puede-multiplicarse-por-millones\/#article\",\"isPartOf\":{\"@id\":\"https:\/\/elregionalvm.com.ar\/noticias-villa-maria\/el-deschave-cuando-la-violencia-individual-puede-multiplicarse-por-millones\/\"},\"author\":{\"name\":\"Miguel Andreis\",\"@id\":\"http:\/\/elregionalvm.com.ar\/noticias-villa-maria\/#\/schema\/person\/df5ff3f005acf29788aed9cb359f1193\"},\"headline\":\"[El Deschave] Cuando la violencia individual puede multiplicarse por millones\u2026\",\"datePublished\":\"2023-11-16T12:15:11+00:00\",\"dateModified\":\"2023-11-18T03:30:40+00:00\",\"mainEntityOfPage\":{\"@id\":\"https:\/\/elregionalvm.com.ar\/noticias-villa-maria\/el-deschave-cuando-la-violencia-individual-puede-multiplicarse-por-millones\/\"},\"wordCount\":867,\"commentCount\":0,\"image\":{\"@id\":\"https:\/\/elregionalvm.com.ar\/noticias-villa-maria\/el-deschave-cuando-la-violencia-individual-puede-multiplicarse-por-millones\/#primaryimage\"},\"thumbnailUrl\":\"https:\/\/i0.wp.com\/elregionalvm.com.ar\/noticias-villa-maria\/wp-content\/uploads\/2023\/11\/taxi-desde-adentro.jpg?fit=960%2C539&ssl=1\",\"keywords\":[\"agresi\u00f3n\",\"Cristina Fern\u00e1ndez\",\"El Deschave\",\"elecciones\",\"Massa\",\"planes sociales\",\"taxista\",\"Violencia\"],\"articleSection\":[\"Opini\u00f3n\",\"tercera\"],\"inLanguage\":\"es\",\"potentialAction\":[{\"@type\":\"CommentAction\",\"name\":\"Comment\",\"target\":[\"https:\/\/elregionalvm.com.ar\/noticias-villa-maria\/el-deschave-cuando-la-violencia-individual-puede-multiplicarse-por-millones\/#respond\"]}]},{\"@type\":\"WebPage\",\"@id\":\"https:\/\/elregionalvm.com.ar\/noticias-villa-maria\/el-deschave-cuando-la-violencia-individual-puede-multiplicarse-por-millones\/\",\"url\":\"https:\/\/elregionalvm.com.ar\/noticias-villa-maria\/el-deschave-cuando-la-violencia-individual-puede-multiplicarse-por-millones\/\",\"name\":\"[El Deschave] Cuando la violencia individual puede multiplicarse por millones\u2026 - El Regional\",\"isPartOf\":{\"@id\":\"http:\/\/elregionalvm.com.ar\/noticias-villa-maria\/#website\"},\"primaryImageOfPage\":{\"@id\":\"https:\/\/elregionalvm.com.ar\/noticias-villa-maria\/el-deschave-cuando-la-violencia-individual-puede-multiplicarse-por-millones\/#primaryimage\"},\"image\":{\"@id\":\"https:\/\/elregionalvm.com.ar\/noticias-villa-maria\/el-deschave-cuando-la-violencia-individual-puede-multiplicarse-por-millones\/#primaryimage\"},\"thumbnailUrl\":\"https:\/\/i0.wp.com\/elregionalvm.com.ar\/noticias-villa-maria\/wp-content\/uploads\/2023\/11\/taxi-desde-adentro.jpg?fit=960%2C539&ssl=1\",\"datePublished\":\"2023-11-16T12:15:11+00:00\",\"dateModified\":\"2023-11-18T03:30:40+00:00\",\"author\":{\"@id\":\"http:\/\/elregionalvm.com.ar\/noticias-villa-maria\/#\/schema\/person\/df5ff3f005acf29788aed9cb359f1193\"},\"breadcrumb\":{\"@id\":\"https:\/\/elregionalvm.com.ar\/noticias-villa-maria\/el-deschave-cuando-la-violencia-individual-puede-multiplicarse-por-millones\/#breadcrumb\"},\"inLanguage\":\"es\",\"potentialAction\":[{\"@type\":\"ReadAction\",\"target\":[\"https:\/\/elregionalvm.com.ar\/noticias-villa-maria\/el-deschave-cuando-la-violencia-individual-puede-multiplicarse-por-millones\/\"]}]},{\"@type\":\"ImageObject\",\"inLanguage\":\"es\",\"@id\":\"https:\/\/elregionalvm.com.ar\/noticias-villa-maria\/el-deschave-cuando-la-violencia-individual-puede-multiplicarse-por-millones\/#primaryimage\",\"url\":\"https:\/\/i0.wp.com\/elregionalvm.com.ar\/noticias-villa-maria\/wp-content\/uploads\/2023\/11\/taxi-desde-adentro.jpg?fit=960%2C539&ssl=1\",\"contentUrl\":\"https:\/\/i0.wp.com\/elregionalvm.com.ar\/noticias-villa-maria\/wp-content\/uploads\/2023\/11\/taxi-desde-adentro.jpg?fit=960%2C539&ssl=1\",\"width\":960,\"height\":539},{\"@type\":\"BreadcrumbList\",\"@id\":\"https:\/\/elregionalvm.com.ar\/noticias-villa-maria\/el-deschave-cuando-la-violencia-individual-puede-multiplicarse-por-millones\/#breadcrumb\",\"itemListElement\":[{\"@type\":\"ListItem\",\"position\":1,\"name\":\"Portada\",\"item\":\"https:\/\/elregionalvm.com.ar\/noticias-villa-maria\/\"},{\"@type\":\"ListItem\",\"position\":2,\"name\":\"[El Deschave] Cuando la violencia individual puede multiplicarse por millones\u2026\"}]},{\"@type\":\"WebSite\",\"@id\":\"http:\/\/elregionalvm.com.ar\/noticias-villa-maria\/#website\",\"url\":\"http:\/\/elregionalvm.com.ar\/noticias-villa-maria\/\",\"name\":\"El Regional\",\"description\":\"Mucho m\u00e1s que informaci\u00f3n\",\"potentialAction\":[{\"@type\":\"SearchAction\",\"target\":{\"@type\":\"EntryPoint\",\"urlTemplate\":\"http:\/\/elregionalvm.com.ar\/noticias-villa-maria\/?s={search_term_string}\"},\"query-input\":{\"@type\":\"PropertyValueSpecification\",\"valueRequired\":true,\"valueName\":\"search_term_string\"}}],\"inLanguage\":\"es\"},{\"@type\":\"Person\",\"@id\":\"http:\/\/elregionalvm.com.ar\/noticias-villa-maria\/#\/schema\/person\/df5ff3f005acf29788aed9cb359f1193\",\"name\":\"Miguel Andreis\",\"image\":{\"@type\":\"ImageObject\",\"inLanguage\":\"es\",\"@id\":\"http:\/\/elregionalvm.com.ar\/noticias-villa-maria\/#\/schema\/person\/image\/\",\"url\":\"https:\/\/secure.gravatar.com\/avatar\/c643381cd03da38327c6407e6886e7182d881f2ecf94a7902ca262c41f9d8884?s=96&d=mm&r=g\",\"contentUrl\":\"https:\/\/secure.gravatar.com\/avatar\/c643381cd03da38327c6407e6886e7182d881f2ecf94a7902ca262c41f9d8884?s=96&d=mm&r=g\",\"caption\":\"Miguel Andreis\"},\"url\":\"https:\/\/elregionalvm.com.ar\/noticias-villa-maria\/author\/miguelandreis\/\"}]}<\/script>\n<!-- \/ Yoast SEO plugin. -->","yoast_head_json":{"title":"[El Deschave] Cuando la violencia individual puede multiplicarse por millones\u2026 - El Regional","robots":{"index":"index","follow":"follow","max-snippet":"max-snippet:-1","max-image-preview":"max-image-preview:large","max-video-preview":"max-video-preview:-1"},"canonical":"https:\/\/elregionalvm.com.ar\/noticias-villa-maria\/el-deschave-cuando-la-violencia-individual-puede-multiplicarse-por-millones\/","og_locale":"es_ES","og_type":"article","og_title":"[El Deschave] Cuando la violencia individual puede multiplicarse por millones\u2026 - El Regional","og_description":"(Planes sociales: \u00bfQu\u00e9 hacer?) Escribe: Miguel Andreis Todo parecer\u00eda que el futuro del pueblo argentino, sin fechas de vencimiento, pasa por dos apellidos: Massa- Milei. La pregunta se repite cientos de veces en el d\u00eda. Jam\u00e1s, es mi impresi\u00f3n, hab\u00eda percibido tanto inter\u00e9s por saber qui\u00e9n ser\u00e1 el nuevo Presidente. En mi interior subyace otro [&hellip;]","og_url":"https:\/\/elregionalvm.com.ar\/noticias-villa-maria\/el-deschave-cuando-la-violencia-individual-puede-multiplicarse-por-millones\/","og_site_name":"El Regional","article_publisher":"https:\/\/www.facebook.com\/elregionalvm","article_published_time":"2023-11-16T12:15:11+00:00","article_modified_time":"2023-11-18T03:30:40+00:00","og_image":[{"width":960,"height":539,"url":"https:\/\/elregionalvm.com.ar\/noticias-villa-maria\/wp-content\/uploads\/2023\/11\/taxi-desde-adentro.jpg","type":"image\/jpeg"}],"author":"Miguel Andreis","twitter_card":"summary_large_image","twitter_creator":"@elregionalvm1","twitter_site":"@elregionalvm1","twitter_misc":{"Escrito por":"Miguel Andreis","Tiempo de lectura":"5 minutos"},"schema":{"@context":"https:\/\/schema.org","@graph":[{"@type":"Article","@id":"https:\/\/elregionalvm.com.ar\/noticias-villa-maria\/el-deschave-cuando-la-violencia-individual-puede-multiplicarse-por-millones\/#article","isPartOf":{"@id":"https:\/\/elregionalvm.com.ar\/noticias-villa-maria\/el-deschave-cuando-la-violencia-individual-puede-multiplicarse-por-millones\/"},"author":{"name":"Miguel Andreis","@id":"http:\/\/elregionalvm.com.ar\/noticias-villa-maria\/#\/schema\/person\/df5ff3f005acf29788aed9cb359f1193"},"headline":"[El Deschave] Cuando la violencia individual puede multiplicarse por millones\u2026","datePublished":"2023-11-16T12:15:11+00:00","dateModified":"2023-11-18T03:30:40+00:00","mainEntityOfPage":{"@id":"https:\/\/elregionalvm.com.ar\/noticias-villa-maria\/el-deschave-cuando-la-violencia-individual-puede-multiplicarse-por-millones\/"},"wordCount":867,"commentCount":0,"image":{"@id":"https:\/\/elregionalvm.com.ar\/noticias-villa-maria\/el-deschave-cuando-la-violencia-individual-puede-multiplicarse-por-millones\/#primaryimage"},"thumbnailUrl":"https:\/\/i0.wp.com\/elregionalvm.com.ar\/noticias-villa-maria\/wp-content\/uploads\/2023\/11\/taxi-desde-adentro.jpg?fit=960%2C539&ssl=1","keywords":["agresi\u00f3n","Cristina Fern\u00e1ndez","El Deschave","elecciones","Massa","planes sociales","taxista","Violencia"],"articleSection":["Opini\u00f3n","tercera"],"inLanguage":"es","potentialAction":[{"@type":"CommentAction","name":"Comment","target":["https:\/\/elregionalvm.com.ar\/noticias-villa-maria\/el-deschave-cuando-la-violencia-individual-puede-multiplicarse-por-millones\/#respond"]}]},{"@type":"WebPage","@id":"https:\/\/elregionalvm.com.ar\/noticias-villa-maria\/el-deschave-cuando-la-violencia-individual-puede-multiplicarse-por-millones\/","url":"https:\/\/elregionalvm.com.ar\/noticias-villa-maria\/el-deschave-cuando-la-violencia-individual-puede-multiplicarse-por-millones\/","name":"[El Deschave] Cuando la violencia individual puede multiplicarse por millones\u2026 - El Regional","isPartOf":{"@id":"http:\/\/elregionalvm.com.ar\/noticias-villa-maria\/#website"},"primaryImageOfPage":{"@id":"https:\/\/elregionalvm.com.ar\/noticias-villa-maria\/el-deschave-cuando-la-violencia-individual-puede-multiplicarse-por-millones\/#primaryimage"},"image":{"@id":"https:\/\/elregionalvm.com.ar\/noticias-villa-maria\/el-deschave-cuando-la-violencia-individual-puede-multiplicarse-por-millones\/#primaryimage"},"thumbnailUrl":"https:\/\/i0.wp.com\/elregionalvm.com.ar\/noticias-villa-maria\/wp-content\/uploads\/2023\/11\/taxi-desde-adentro.jpg?fit=960%2C539&ssl=1","datePublished":"2023-11-16T12:15:11+00:00","dateModified":"2023-11-18T03:30:40+00:00","author":{"@id":"http:\/\/elregionalvm.com.ar\/noticias-villa-maria\/#\/schema\/person\/df5ff3f005acf29788aed9cb359f1193"},"breadcrumb":{"@id":"https:\/\/elregionalvm.com.ar\/noticias-villa-maria\/el-deschave-cuando-la-violencia-individual-puede-multiplicarse-por-millones\/#breadcrumb"},"inLanguage":"es","potentialAction":[{"@type":"ReadAction","target":["https:\/\/elregionalvm.com.ar\/noticias-villa-maria\/el-deschave-cuando-la-violencia-individual-puede-multiplicarse-por-millones\/"]}]},{"@type":"ImageObject","inLanguage":"es","@id":"https:\/\/elregionalvm.com.ar\/noticias-villa-maria\/el-deschave-cuando-la-violencia-individual-puede-multiplicarse-por-millones\/#primaryimage","url":"https:\/\/i0.wp.com\/elregionalvm.com.ar\/noticias-villa-maria\/wp-content\/uploads\/2023\/11\/taxi-desde-adentro.jpg?fit=960%2C539&ssl=1","contentUrl":"https:\/\/i0.wp.com\/elregionalvm.com.ar\/noticias-villa-maria\/wp-content\/uploads\/2023\/11\/taxi-desde-adentro.jpg?fit=960%2C539&ssl=1","width":960,"height":539},{"@type":"BreadcrumbList","@id":"https:\/\/elregionalvm.com.ar\/noticias-villa-maria\/el-deschave-cuando-la-violencia-individual-puede-multiplicarse-por-millones\/#breadcrumb","itemListElement":[{"@type":"ListItem","position":1,"name":"Portada","item":"https:\/\/elregionalvm.com.ar\/noticias-villa-maria\/"},{"@type":"ListItem","position":2,"name":"[El Deschave] Cuando la violencia individual puede multiplicarse por millones\u2026"}]},{"@type":"WebSite","@id":"http:\/\/elregionalvm.com.ar\/noticias-villa-maria\/#website","url":"http:\/\/elregionalvm.com.ar\/noticias-villa-maria\/","name":"El Regional","description":"Mucho m\u00e1s que informaci\u00f3n","potentialAction":[{"@type":"SearchAction","target":{"@type":"EntryPoint","urlTemplate":"http:\/\/elregionalvm.com.ar\/noticias-villa-maria\/?s={search_term_string}"},"query-input":{"@type":"PropertyValueSpecification","valueRequired":true,"valueName":"search_term_string"}}],"inLanguage":"es"},{"@type":"Person","@id":"http:\/\/elregionalvm.com.ar\/noticias-villa-maria\/#\/schema\/person\/df5ff3f005acf29788aed9cb359f1193","name":"Miguel Andreis","image":{"@type":"ImageObject","inLanguage":"es","@id":"http:\/\/elregionalvm.com.ar\/noticias-villa-maria\/#\/schema\/person\/image\/","url":"https:\/\/secure.gravatar.com\/avatar\/c643381cd03da38327c6407e6886e7182d881f2ecf94a7902ca262c41f9d8884?s=96&d=mm&r=g","contentUrl":"https:\/\/secure.gravatar.com\/avatar\/c643381cd03da38327c6407e6886e7182d881f2ecf94a7902ca262c41f9d8884?s=96&d=mm&r=g","caption":"Miguel Andreis"},"url":"https:\/\/elregionalvm.com.ar\/noticias-villa-maria\/author\/miguelandreis\/"}]}},"jetpack_featured_media_url":"https:\/\/i0.wp.com\/elregionalvm.com.ar\/noticias-villa-maria\/wp-content\/uploads\/2023\/11\/taxi-desde-adentro.jpg?fit=960%2C539&ssl=1","jetpack_sharing_enabled":true,"_links":{"self":[{"href":"https:\/\/elregionalvm.com.ar\/noticias-villa-maria\/wp-json\/wp\/v2\/posts\/85876","targetHints":{"allow":["GET"]}}],"collection":[{"href":"https:\/\/elregionalvm.com.ar\/noticias-villa-maria\/wp-json\/wp\/v2\/posts"}],"about":[{"href":"https:\/\/elregionalvm.com.ar\/noticias-villa-maria\/wp-json\/wp\/v2\/types\/post"}],"author":[{"embeddable":true,"href":"https:\/\/elregionalvm.com.ar\/noticias-villa-maria\/wp-json\/wp\/v2\/users\/5"}],"replies":[{"embeddable":true,"href":"https:\/\/elregionalvm.com.ar\/noticias-villa-maria\/wp-json\/wp\/v2\/comments?post=85876"}],"version-history":[{"count":3,"href":"https:\/\/elregionalvm.com.ar\/noticias-villa-maria\/wp-json\/wp\/v2\/posts\/85876\/revisions"}],"predecessor-version":[{"id":85893,"href":"https:\/\/elregionalvm.com.ar\/noticias-villa-maria\/wp-json\/wp\/v2\/posts\/85876\/revisions\/85893"}],"wp:featuredmedia":[{"embeddable":true,"href":"https:\/\/elregionalvm.com.ar\/noticias-villa-maria\/wp-json\/wp\/v2\/media\/85879"}],"wp:attachment":[{"href":"https:\/\/elregionalvm.com.ar\/noticias-villa-maria\/wp-json\/wp\/v2\/media?parent=85876"}],"wp:term":[{"taxonomy":"category","embeddable":true,"href":"https:\/\/elregionalvm.com.ar\/noticias-villa-maria\/wp-json\/wp\/v2\/categories?post=85876"},{"taxonomy":"post_tag","embeddable":true,"href":"https:\/\/elregionalvm.com.ar\/noticias-villa-maria\/wp-json\/wp\/v2\/tags?post=85876"}],"curies":[{"name":"wp","href":"https:\/\/api.w.org\/{rel}","templated":true}]}}