{"id":85894,"date":"2023-11-16T17:11:59","date_gmt":"2023-11-16T17:11:59","guid":{"rendered":"https:\/\/elregionalvm.com.ar\/noticias-villa-maria\/?p=85894"},"modified":"2023-11-16T17:12:01","modified_gmt":"2023-11-16T17:12:01","slug":"con-criticas-y-polemica-la-legislatura-aprobo-un-paquete-de-leyes-economicas-para-el-2024","status":"publish","type":"post","link":"https:\/\/elregionalvm.com.ar\/noticias-villa-maria\/con-criticas-y-polemica-la-legislatura-aprobo-un-paquete-de-leyes-economicas-para-el-2024\/","title":{"rendered":"Con cr\u00edticas y pol\u00e9mica, la Legislatura aprob\u00f3 un paquete de leyes econ\u00f3micas para el 2024"},"content":{"rendered":"\n<p><\/p>\n\n\n\n<p>La Unicameral cordobesa aprob\u00f3 por mayor\u00eda el paquete de medidas econ\u00f3micas para el ejercicio 2024, cuando actu\u00e9 como gobernador Mart\u00edn Llaryora.<\/p>\n\n\n\n<p>Se trat\u00f3 de las leyes de Presupuesto General para la administraci\u00f3n p\u00fablica provincial e Impositiva, adem\u00e1s de las modificaciones al C\u00f3digo Tributario Provincial.<\/p>\n\n\n\n<p>Por otro lado, se sancionaron las reglas de funcionamiento del Tribunal de Cuentas, modificaciones al C\u00f3digo Electoral y al Estatuto de Personal Aeron\u00e1utico del Estado Provincial.<\/p>\n\n\n\n<p>La extensa sesi\u00f3n en la noche del mi\u00e9rcoles recibi\u00f3 cr\u00edticas de la oposici\u00f3n por las modificaciones en el Tribunal de Cuentas y de representantes gremiales de trabajadores provinciales, que se ver\u00edan afectados con la facultad del gobierno provincial de aumentar los aportes personales a la Caja de Jubilaciones de los empleados p\u00fablicos en hasta un dos por ciento (2%).<\/p>\n\n\n\n<p><\/p>\n\n\n\n<figure class=\"wp-block-image size-full\"><img data-recalc-dims=\"1\" fetchpriority=\"high\" decoding=\"async\" width=\"990\" height=\"660\" src=\"https:\/\/i0.wp.com\/elregionalvm.com.ar\/noticias-villa-maria\/wp-content\/uploads\/2023\/11\/legislatura-cordoba-2023-1.jpg?resize=990%2C660&#038;ssl=1\" alt=\"\" class=\"wp-image-85897\" srcset=\"https:\/\/i0.wp.com\/elregionalvm.com.ar\/noticias-villa-maria\/wp-content\/uploads\/2023\/11\/legislatura-cordoba-2023-1.jpg?w=990&amp;ssl=1 990w, https:\/\/i0.wp.com\/elregionalvm.com.ar\/noticias-villa-maria\/wp-content\/uploads\/2023\/11\/legislatura-cordoba-2023-1.jpg?resize=300%2C200&amp;ssl=1 300w, https:\/\/i0.wp.com\/elregionalvm.com.ar\/noticias-villa-maria\/wp-content\/uploads\/2023\/11\/legislatura-cordoba-2023-1.jpg?resize=768%2C512&amp;ssl=1 768w\" sizes=\"(max-width: 990px) 100vw, 990px\" \/><\/figure>\n\n\n\n<p><\/p>\n\n\n\n<p><strong>Tribunal de Cuentas<\/strong><\/p>\n\n\n\n<p>Seg\u00fan el parte de prensa oficial, mediante la ley de modificaci\u00f3n del funcionamiento del \u00f3rgano de control, \u201cse incorporar\u00e1 la tecnolog\u00eda a los tr\u00e1mites necesarios para el cumplimiento de las mandas constitucionales de este organismo de control\u201d.<\/p>\n\n\n\n<p>En este sentido, la legisladora Nadia Fern\u00e1ndez expres\u00f3 que \u201cel proyecto surge de la necesidad imperiosa de adaptar nuestra legislaci\u00f3n al avance de las tecnolog\u00edas de la informaci\u00f3n y de las comunicaciones, que, sin lugar a dudas, sin ninguna discusi\u00f3n, han transformado las relaciones entre los ciudadanos y el Estado\u201d.<\/p>\n\n\n\n<p>Pero, la oposici\u00f3n denunci\u00f3 \u201cun golpe institucional\u201d al buscar cambiar la forma de operar del Tribunal que a partir de diciembre tendr\u00e1 mayor\u00eda no oficialista. Adem\u00e1s, sostuvieron que la ley \u00abbusca vaciar de poder\u00bb al \u00f3rgano de control.<\/p>\n\n\n\n<p><strong>Aportes a la Caja<\/strong><\/p>\n\n\n\n<p>Por su parte, los sindicatos estatales provinciales, entre estos el SEP y UEPC, manifestaron su rechazo a la facultad otorgada al Ejecutivo de incrementar las al\u00edcuotas de aportes personales hasta en un 2%.<\/p>\n\n\n\n<p><\/p>\n\n\n\n<figure class=\"wp-block-image size-large\"><img data-recalc-dims=\"1\" decoding=\"async\" width=\"854\" height=\"1024\" src=\"https:\/\/i0.wp.com\/elregionalvm.com.ar\/noticias-villa-maria\/wp-content\/uploads\/2023\/11\/comunicado-gremios-cordoba.jpeg?resize=854%2C1024&#038;ssl=1\" alt=\"\" class=\"wp-image-85896\" srcset=\"https:\/\/i0.wp.com\/elregionalvm.com.ar\/noticias-villa-maria\/wp-content\/uploads\/2023\/11\/comunicado-gremios-cordoba.jpeg?resize=854%2C1024&amp;ssl=1 854w, https:\/\/i0.wp.com\/elregionalvm.com.ar\/noticias-villa-maria\/wp-content\/uploads\/2023\/11\/comunicado-gremios-cordoba.jpeg?resize=250%2C300&amp;ssl=1 250w, https:\/\/i0.wp.com\/elregionalvm.com.ar\/noticias-villa-maria\/wp-content\/uploads\/2023\/11\/comunicado-gremios-cordoba.jpeg?resize=768%2C920&amp;ssl=1 768w, https:\/\/i0.wp.com\/elregionalvm.com.ar\/noticias-villa-maria\/wp-content\/uploads\/2023\/11\/comunicado-gremios-cordoba.jpeg?w=1068&amp;ssl=1 1068w\" sizes=\"(max-width: 854px) 100vw, 854px\" \/><\/figure>\n\n\n\n<p><\/p>\n\n\n\n<p>\u201cImplicar\u00eda lisa y llanamente la rebaja de los haberes de los activos y una disminuci\u00f3n en el c\u00e1lculo del haber inicial de todos los jubilados provinciales\u201d, remarcaron en un comunicado p\u00fablico.<\/p>\n\n\n\n<p>En este sentido, solicitaron el gobernador electo \u201cno hacerla efectiva a fin de evitar lo que ser\u00eda un inevitable conflicto\u201d.\u00a0<\/p>\n\n\n\n<p><\/p>\n","protected":false},"excerpt":{"rendered":"<p>La Unicameral cordobesa aprob\u00f3 por mayor\u00eda el paquete de medidas econ\u00f3micas para el ejercicio 2024, cuando actu\u00e9 como gobernador Mart\u00edn Llaryora. Se trat\u00f3 de las leyes de Presupuesto General para la administraci\u00f3n p\u00fablica provincial e Impositiva, adem\u00e1s de las modificaciones al C\u00f3digo Tributario Provincial. Por otro lado, se sancionaron las reglas de funcionamiento del Tribunal [&hellip;]<\/p>\n","protected":false},"author":4,"featured_media":85895,"comment_status":"open","ping_status":"open","sticky":false,"template":"","format":"standard","meta":{"site-sidebar-layout":"default","site-content-layout":"","ast-site-content-layout":"default","site-content-style":"default","site-sidebar-style":"default","ast-global-header-display":"","ast-banner-title-visibility":"","ast-main-header-display":"","ast-hfb-above-header-display":"","ast-hfb-below-header-display":"","ast-hfb-mobile-header-display":"","site-post-title":"","ast-breadcrumbs-content":"","ast-featured-img":"","footer-sml-layout":"","ast-disable-related-posts":"","theme-transparent-header-meta":"","adv-header-id-meta":"","stick-header-meta":"","header-above-stick-meta":"","header-main-stick-meta":"","header-below-stick-meta":"","astra-migrate-meta-layouts":"set","ast-page-background-enabled":"default","ast-page-background-meta":{"desktop":{"background-color":"","background-image":"","background-repeat":"repeat","background-position":"center center","background-size":"auto","background-attachment":"scroll","background-type":"","background-media":"","overlay-type":"","overlay-color":"","overlay-opacity":"","overlay-gradient":""},"tablet":{"background-color":"","background-image":"","background-repeat":"repeat","background-position":"center center","background-size":"auto","background-attachment":"scroll","background-type":"","background-media":"","overlay-type":"","overlay-color":"","overlay-opacity":"","overlay-gradient":""},"mobile":{"background-color":"","background-image":"","background-repeat":"repeat","background-position":"center center","background-size":"auto","background-attachment":"scroll","background-type":"","background-media":"","overlay-type":"","overlay-color":"","overlay-opacity":"","overlay-gradient":""}},"ast-content-background-meta":{"desktop":{"background-color":"var(--ast-global-color-5)","background-image":"","background-repeat":"repeat","background-position":"center center","background-size":"auto","background-attachment":"scroll","background-type":"","background-media":"","overlay-type":"","overlay-color":"","overlay-opacity":"","overlay-gradient":""},"tablet":{"background-color":"var(--ast-global-color-5)","background-image":"","background-repeat":"repeat","background-position":"center center","background-size":"auto","background-attachment":"scroll","background-type":"","background-media":"","overlay-type":"","overlay-color":"","overlay-opacity":"","overlay-gradient":""},"mobile":{"background-color":"var(--ast-global-color-5)","background-image":"","background-repeat":"repeat","background-position":"center center","background-size":"auto","background-attachment":"scroll","background-type":"","background-media":"","overlay-type":"","overlay-color":"","overlay-opacity":"","overlay-gradient":""}},"_jetpack_memberships_contains_paid_content":false,"_joinchat":[],"footnotes":""},"categories":[15302,16095],"tags":[2862,3572,9473,23178,2416,4153,13042],"class_list":["post-85894","post","type-post","status-publish","format-standard","has-post-thumbnail","hentry","category-destacado","category-provinciales","tag-criticas-2","tag-jubilaciones","tag-legislatura","tag-leyes-economicas","tag-polemica","tag-presupuesto","tag-unicameral"],"yoast_head":"<!-- This site is optimized with the Yoast SEO plugin v26.8 - https:\/\/yoast.com\/product\/yoast-seo-wordpress\/ -->\n<title>Con cr\u00edticas y pol\u00e9mica, la Legislatura aprob\u00f3 un paquete de leyes econ\u00f3micas para el 2024 - El Regional<\/title>\n<meta name=\"robots\" content=\"index, follow, max-snippet:-1, max-image-preview:large, max-video-preview:-1\" \/>\n<link rel=\"canonical\" href=\"https:\/\/elregionalvm.com.ar\/noticias-villa-maria\/con-criticas-y-polemica-la-legislatura-aprobo-un-paquete-de-leyes-economicas-para-el-2024\/\" \/>\n<meta property=\"og:locale\" content=\"es_ES\" \/>\n<meta property=\"og:type\" content=\"article\" \/>\n<meta property=\"og:title\" content=\"Con cr\u00edticas y pol\u00e9mica, la Legislatura aprob\u00f3 un paquete de leyes econ\u00f3micas para el 2024 - El Regional\" \/>\n<meta property=\"og:description\" content=\"La Unicameral cordobesa aprob\u00f3 por mayor\u00eda el paquete de medidas econ\u00f3micas para el ejercicio 2024, cuando actu\u00e9 como gobernador Mart\u00edn Llaryora. Se trat\u00f3 de las leyes de Presupuesto General para la administraci\u00f3n p\u00fablica provincial e Impositiva, adem\u00e1s de las modificaciones al C\u00f3digo Tributario Provincial. Por otro lado, se sancionaron las reglas de funcionamiento del Tribunal [&hellip;]\" \/>\n<meta property=\"og:url\" content=\"https:\/\/elregionalvm.com.ar\/noticias-villa-maria\/con-criticas-y-polemica-la-legislatura-aprobo-un-paquete-de-leyes-economicas-para-el-2024\/\" \/>\n<meta property=\"og:site_name\" content=\"El Regional\" \/>\n<meta property=\"article:publisher\" content=\"https:\/\/www.facebook.com\/elregionalvm\" \/>\n<meta property=\"article:published_time\" content=\"2023-11-16T17:11:59+00:00\" \/>\n<meta property=\"article:modified_time\" content=\"2023-11-16T17:12:01+00:00\" \/>\n<meta property=\"og:image\" content=\"https:\/\/elregionalvm.com.ar\/noticias-villa-maria\/wp-content\/uploads\/2023\/11\/Legislatura-cordoba-2023.jpg\" \/>\n\t<meta property=\"og:image:width\" content=\"990\" \/>\n\t<meta property=\"og:image:height\" content=\"660\" \/>\n\t<meta property=\"og:image:type\" content=\"image\/jpeg\" \/>\n<meta name=\"author\" content=\"Contenidos El Regional\" \/>\n<meta name=\"twitter:card\" content=\"summary_large_image\" \/>\n<meta name=\"twitter:creator\" content=\"@elregionalvm1\" \/>\n<meta name=\"twitter:site\" content=\"@elregionalvm1\" \/>\n<meta name=\"twitter:label1\" content=\"Escrito por\" \/>\n\t<meta name=\"twitter:data1\" content=\"Contenidos El Regional\" \/>\n\t<meta name=\"twitter:label2\" content=\"Tiempo de lectura\" \/>\n\t<meta name=\"twitter:data2\" content=\"2 minutos\" \/>\n<script type=\"application\/ld+json\" class=\"yoast-schema-graph\">{\"@context\":\"https:\/\/schema.org\",\"@graph\":[{\"@type\":\"Article\",\"@id\":\"https:\/\/elregionalvm.com.ar\/noticias-villa-maria\/con-criticas-y-polemica-la-legislatura-aprobo-un-paquete-de-leyes-economicas-para-el-2024\/#article\",\"isPartOf\":{\"@id\":\"https:\/\/elregionalvm.com.ar\/noticias-villa-maria\/con-criticas-y-polemica-la-legislatura-aprobo-un-paquete-de-leyes-economicas-para-el-2024\/\"},\"author\":{\"name\":\"Contenidos El Regional\",\"@id\":\"http:\/\/elregionalvm.com.ar\/noticias-villa-maria\/#\/schema\/person\/a0fb9c422317faca23d50163151bc354\"},\"headline\":\"Con cr\u00edticas y pol\u00e9mica, la Legislatura aprob\u00f3 un paquete de leyes econ\u00f3micas para el 2024\",\"datePublished\":\"2023-11-16T17:11:59+00:00\",\"dateModified\":\"2023-11-16T17:12:01+00:00\",\"mainEntityOfPage\":{\"@id\":\"https:\/\/elregionalvm.com.ar\/noticias-villa-maria\/con-criticas-y-polemica-la-legislatura-aprobo-un-paquete-de-leyes-economicas-para-el-2024\/\"},\"wordCount\":392,\"commentCount\":0,\"image\":{\"@id\":\"https:\/\/elregionalvm.com.ar\/noticias-villa-maria\/con-criticas-y-polemica-la-legislatura-aprobo-un-paquete-de-leyes-economicas-para-el-2024\/#primaryimage\"},\"thumbnailUrl\":\"https:\/\/i0.wp.com\/elregionalvm.com.ar\/noticias-villa-maria\/wp-content\/uploads\/2023\/11\/Legislatura-cordoba-2023.jpg?fit=990%2C660&ssl=1\",\"keywords\":[\"Cr\u00edticas\",\"Jubilaciones\",\"Legislatura\",\"leyes econ\u00f3micas\",\"pol\u00e9mica\",\"Presupuesto\",\"Unicameral\"],\"articleSection\":[\"destacado\",\"Provinciales\"],\"inLanguage\":\"es\",\"potentialAction\":[{\"@type\":\"CommentAction\",\"name\":\"Comment\",\"target\":[\"https:\/\/elregionalvm.com.ar\/noticias-villa-maria\/con-criticas-y-polemica-la-legislatura-aprobo-un-paquete-de-leyes-economicas-para-el-2024\/#respond\"]}]},{\"@type\":\"WebPage\",\"@id\":\"https:\/\/elregionalvm.com.ar\/noticias-villa-maria\/con-criticas-y-polemica-la-legislatura-aprobo-un-paquete-de-leyes-economicas-para-el-2024\/\",\"url\":\"https:\/\/elregionalvm.com.ar\/noticias-villa-maria\/con-criticas-y-polemica-la-legislatura-aprobo-un-paquete-de-leyes-economicas-para-el-2024\/\",\"name\":\"Con cr\u00edticas y pol\u00e9mica, la Legislatura aprob\u00f3 un paquete de leyes econ\u00f3micas para el 2024 - El Regional\",\"isPartOf\":{\"@id\":\"http:\/\/elregionalvm.com.ar\/noticias-villa-maria\/#website\"},\"primaryImageOfPage\":{\"@id\":\"https:\/\/elregionalvm.com.ar\/noticias-villa-maria\/con-criticas-y-polemica-la-legislatura-aprobo-un-paquete-de-leyes-economicas-para-el-2024\/#primaryimage\"},\"image\":{\"@id\":\"https:\/\/elregionalvm.com.ar\/noticias-villa-maria\/con-criticas-y-polemica-la-legislatura-aprobo-un-paquete-de-leyes-economicas-para-el-2024\/#primaryimage\"},\"thumbnailUrl\":\"https:\/\/i0.wp.com\/elregionalvm.com.ar\/noticias-villa-maria\/wp-content\/uploads\/2023\/11\/Legislatura-cordoba-2023.jpg?fit=990%2C660&ssl=1\",\"datePublished\":\"2023-11-16T17:11:59+00:00\",\"dateModified\":\"2023-11-16T17:12:01+00:00\",\"author\":{\"@id\":\"http:\/\/elregionalvm.com.ar\/noticias-villa-maria\/#\/schema\/person\/a0fb9c422317faca23d50163151bc354\"},\"breadcrumb\":{\"@id\":\"https:\/\/elregionalvm.com.ar\/noticias-villa-maria\/con-criticas-y-polemica-la-legislatura-aprobo-un-paquete-de-leyes-economicas-para-el-2024\/#breadcrumb\"},\"inLanguage\":\"es\",\"potentialAction\":[{\"@type\":\"ReadAction\",\"target\":[\"https:\/\/elregionalvm.com.ar\/noticias-villa-maria\/con-criticas-y-polemica-la-legislatura-aprobo-un-paquete-de-leyes-economicas-para-el-2024\/\"]}]},{\"@type\":\"ImageObject\",\"inLanguage\":\"es\",\"@id\":\"https:\/\/elregionalvm.com.ar\/noticias-villa-maria\/con-criticas-y-polemica-la-legislatura-aprobo-un-paquete-de-leyes-economicas-para-el-2024\/#primaryimage\",\"url\":\"https:\/\/i0.wp.com\/elregionalvm.com.ar\/noticias-villa-maria\/wp-content\/uploads\/2023\/11\/Legislatura-cordoba-2023.jpg?fit=990%2C660&ssl=1\",\"contentUrl\":\"https:\/\/i0.wp.com\/elregionalvm.com.ar\/noticias-villa-maria\/wp-content\/uploads\/2023\/11\/Legislatura-cordoba-2023.jpg?fit=990%2C660&ssl=1\",\"width\":990,\"height\":660},{\"@type\":\"BreadcrumbList\",\"@id\":\"https:\/\/elregionalvm.com.ar\/noticias-villa-maria\/con-criticas-y-polemica-la-legislatura-aprobo-un-paquete-de-leyes-economicas-para-el-2024\/#breadcrumb\",\"itemListElement\":[{\"@type\":\"ListItem\",\"position\":1,\"name\":\"Portada\",\"item\":\"https:\/\/elregionalvm.com.ar\/noticias-villa-maria\/\"},{\"@type\":\"ListItem\",\"position\":2,\"name\":\"Con cr\u00edticas y pol\u00e9mica, la Legislatura aprob\u00f3 un paquete de leyes econ\u00f3micas para el 2024\"}]},{\"@type\":\"WebSite\",\"@id\":\"http:\/\/elregionalvm.com.ar\/noticias-villa-maria\/#website\",\"url\":\"http:\/\/elregionalvm.com.ar\/noticias-villa-maria\/\",\"name\":\"El Regional\",\"description\":\"Mucho m\u00e1s que informaci\u00f3n\",\"potentialAction\":[{\"@type\":\"SearchAction\",\"target\":{\"@type\":\"EntryPoint\",\"urlTemplate\":\"http:\/\/elregionalvm.com.ar\/noticias-villa-maria\/?s={search_term_string}\"},\"query-input\":{\"@type\":\"PropertyValueSpecification\",\"valueRequired\":true,\"valueName\":\"search_term_string\"}}],\"inLanguage\":\"es\"},{\"@type\":\"Person\",\"@id\":\"http:\/\/elregionalvm.com.ar\/noticias-villa-maria\/#\/schema\/person\/a0fb9c422317faca23d50163151bc354\",\"name\":\"Contenidos El Regional\",\"image\":{\"@type\":\"ImageObject\",\"inLanguage\":\"es\",\"@id\":\"http:\/\/elregionalvm.com.ar\/noticias-villa-maria\/#\/schema\/person\/image\/\",\"url\":\"https:\/\/secure.gravatar.com\/avatar\/265b27cb2209af7bb3a1318f03305787d7981a5cc6e6cd08fe5a4ecdf99d4b48?s=96&d=mm&r=g\",\"contentUrl\":\"https:\/\/secure.gravatar.com\/avatar\/265b27cb2209af7bb3a1318f03305787d7981a5cc6e6cd08fe5a4ecdf99d4b48?s=96&d=mm&r=g\",\"caption\":\"Contenidos El Regional\"},\"url\":\"https:\/\/elregionalvm.com.ar\/noticias-villa-maria\/author\/contenido\/\"}]}<\/script>\n<!-- \/ Yoast SEO plugin. -->","yoast_head_json":{"title":"Con cr\u00edticas y pol\u00e9mica, la Legislatura aprob\u00f3 un paquete de leyes econ\u00f3micas para el 2024 - El Regional","robots":{"index":"index","follow":"follow","max-snippet":"max-snippet:-1","max-image-preview":"max-image-preview:large","max-video-preview":"max-video-preview:-1"},"canonical":"https:\/\/elregionalvm.com.ar\/noticias-villa-maria\/con-criticas-y-polemica-la-legislatura-aprobo-un-paquete-de-leyes-economicas-para-el-2024\/","og_locale":"es_ES","og_type":"article","og_title":"Con cr\u00edticas y pol\u00e9mica, la Legislatura aprob\u00f3 un paquete de leyes econ\u00f3micas para el 2024 - El Regional","og_description":"La Unicameral cordobesa aprob\u00f3 por mayor\u00eda el paquete de medidas econ\u00f3micas para el ejercicio 2024, cuando actu\u00e9 como gobernador Mart\u00edn Llaryora. Se trat\u00f3 de las leyes de Presupuesto General para la administraci\u00f3n p\u00fablica provincial e Impositiva, adem\u00e1s de las modificaciones al C\u00f3digo Tributario Provincial. Por otro lado, se sancionaron las reglas de funcionamiento del Tribunal [&hellip;]","og_url":"https:\/\/elregionalvm.com.ar\/noticias-villa-maria\/con-criticas-y-polemica-la-legislatura-aprobo-un-paquete-de-leyes-economicas-para-el-2024\/","og_site_name":"El Regional","article_publisher":"https:\/\/www.facebook.com\/elregionalvm","article_published_time":"2023-11-16T17:11:59+00:00","article_modified_time":"2023-11-16T17:12:01+00:00","og_image":[{"width":990,"height":660,"url":"https:\/\/elregionalvm.com.ar\/noticias-villa-maria\/wp-content\/uploads\/2023\/11\/Legislatura-cordoba-2023.jpg","type":"image\/jpeg"}],"author":"Contenidos El Regional","twitter_card":"summary_large_image","twitter_creator":"@elregionalvm1","twitter_site":"@elregionalvm1","twitter_misc":{"Escrito por":"Contenidos El Regional","Tiempo de lectura":"2 minutos"},"schema":{"@context":"https:\/\/schema.org","@graph":[{"@type":"Article","@id":"https:\/\/elregionalvm.com.ar\/noticias-villa-maria\/con-criticas-y-polemica-la-legislatura-aprobo-un-paquete-de-leyes-economicas-para-el-2024\/#article","isPartOf":{"@id":"https:\/\/elregionalvm.com.ar\/noticias-villa-maria\/con-criticas-y-polemica-la-legislatura-aprobo-un-paquete-de-leyes-economicas-para-el-2024\/"},"author":{"name":"Contenidos El Regional","@id":"http:\/\/elregionalvm.com.ar\/noticias-villa-maria\/#\/schema\/person\/a0fb9c422317faca23d50163151bc354"},"headline":"Con cr\u00edticas y pol\u00e9mica, la Legislatura aprob\u00f3 un paquete de leyes econ\u00f3micas para el 2024","datePublished":"2023-11-16T17:11:59+00:00","dateModified":"2023-11-16T17:12:01+00:00","mainEntityOfPage":{"@id":"https:\/\/elregionalvm.com.ar\/noticias-villa-maria\/con-criticas-y-polemica-la-legislatura-aprobo-un-paquete-de-leyes-economicas-para-el-2024\/"},"wordCount":392,"commentCount":0,"image":{"@id":"https:\/\/elregionalvm.com.ar\/noticias-villa-maria\/con-criticas-y-polemica-la-legislatura-aprobo-un-paquete-de-leyes-economicas-para-el-2024\/#primaryimage"},"thumbnailUrl":"https:\/\/i0.wp.com\/elregionalvm.com.ar\/noticias-villa-maria\/wp-content\/uploads\/2023\/11\/Legislatura-cordoba-2023.jpg?fit=990%2C660&ssl=1","keywords":["Cr\u00edticas","Jubilaciones","Legislatura","leyes econ\u00f3micas","pol\u00e9mica","Presupuesto","Unicameral"],"articleSection":["destacado","Provinciales"],"inLanguage":"es","potentialAction":[{"@type":"CommentAction","name":"Comment","target":["https:\/\/elregionalvm.com.ar\/noticias-villa-maria\/con-criticas-y-polemica-la-legislatura-aprobo-un-paquete-de-leyes-economicas-para-el-2024\/#respond"]}]},{"@type":"WebPage","@id":"https:\/\/elregionalvm.com.ar\/noticias-villa-maria\/con-criticas-y-polemica-la-legislatura-aprobo-un-paquete-de-leyes-economicas-para-el-2024\/","url":"https:\/\/elregionalvm.com.ar\/noticias-villa-maria\/con-criticas-y-polemica-la-legislatura-aprobo-un-paquete-de-leyes-economicas-para-el-2024\/","name":"Con cr\u00edticas y pol\u00e9mica, la Legislatura aprob\u00f3 un paquete de leyes econ\u00f3micas para el 2024 - El Regional","isPartOf":{"@id":"http:\/\/elregionalvm.com.ar\/noticias-villa-maria\/#website"},"primaryImageOfPage":{"@id":"https:\/\/elregionalvm.com.ar\/noticias-villa-maria\/con-criticas-y-polemica-la-legislatura-aprobo-un-paquete-de-leyes-economicas-para-el-2024\/#primaryimage"},"image":{"@id":"https:\/\/elregionalvm.com.ar\/noticias-villa-maria\/con-criticas-y-polemica-la-legislatura-aprobo-un-paquete-de-leyes-economicas-para-el-2024\/#primaryimage"},"thumbnailUrl":"https:\/\/i0.wp.com\/elregionalvm.com.ar\/noticias-villa-maria\/wp-content\/uploads\/2023\/11\/Legislatura-cordoba-2023.jpg?fit=990%2C660&ssl=1","datePublished":"2023-11-16T17:11:59+00:00","dateModified":"2023-11-16T17:12:01+00:00","author":{"@id":"http:\/\/elregionalvm.com.ar\/noticias-villa-maria\/#\/schema\/person\/a0fb9c422317faca23d50163151bc354"},"breadcrumb":{"@id":"https:\/\/elregionalvm.com.ar\/noticias-villa-maria\/con-criticas-y-polemica-la-legislatura-aprobo-un-paquete-de-leyes-economicas-para-el-2024\/#breadcrumb"},"inLanguage":"es","potentialAction":[{"@type":"ReadAction","target":["https:\/\/elregionalvm.com.ar\/noticias-villa-maria\/con-criticas-y-polemica-la-legislatura-aprobo-un-paquete-de-leyes-economicas-para-el-2024\/"]}]},{"@type":"ImageObject","inLanguage":"es","@id":"https:\/\/elregionalvm.com.ar\/noticias-villa-maria\/con-criticas-y-polemica-la-legislatura-aprobo-un-paquete-de-leyes-economicas-para-el-2024\/#primaryimage","url":"https:\/\/i0.wp.com\/elregionalvm.com.ar\/noticias-villa-maria\/wp-content\/uploads\/2023\/11\/Legislatura-cordoba-2023.jpg?fit=990%2C660&ssl=1","contentUrl":"https:\/\/i0.wp.com\/elregionalvm.com.ar\/noticias-villa-maria\/wp-content\/uploads\/2023\/11\/Legislatura-cordoba-2023.jpg?fit=990%2C660&ssl=1","width":990,"height":660},{"@type":"BreadcrumbList","@id":"https:\/\/elregionalvm.com.ar\/noticias-villa-maria\/con-criticas-y-polemica-la-legislatura-aprobo-un-paquete-de-leyes-economicas-para-el-2024\/#breadcrumb","itemListElement":[{"@type":"ListItem","position":1,"name":"Portada","item":"https:\/\/elregionalvm.com.ar\/noticias-villa-maria\/"},{"@type":"ListItem","position":2,"name":"Con cr\u00edticas y pol\u00e9mica, la Legislatura aprob\u00f3 un paquete de leyes econ\u00f3micas para el 2024"}]},{"@type":"WebSite","@id":"http:\/\/elregionalvm.com.ar\/noticias-villa-maria\/#website","url":"http:\/\/elregionalvm.com.ar\/noticias-villa-maria\/","name":"El Regional","description":"Mucho m\u00e1s que informaci\u00f3n","potentialAction":[{"@type":"SearchAction","target":{"@type":"EntryPoint","urlTemplate":"http:\/\/elregionalvm.com.ar\/noticias-villa-maria\/?s={search_term_string}"},"query-input":{"@type":"PropertyValueSpecification","valueRequired":true,"valueName":"search_term_string"}}],"inLanguage":"es"},{"@type":"Person","@id":"http:\/\/elregionalvm.com.ar\/noticias-villa-maria\/#\/schema\/person\/a0fb9c422317faca23d50163151bc354","name":"Contenidos El Regional","image":{"@type":"ImageObject","inLanguage":"es","@id":"http:\/\/elregionalvm.com.ar\/noticias-villa-maria\/#\/schema\/person\/image\/","url":"https:\/\/secure.gravatar.com\/avatar\/265b27cb2209af7bb3a1318f03305787d7981a5cc6e6cd08fe5a4ecdf99d4b48?s=96&d=mm&r=g","contentUrl":"https:\/\/secure.gravatar.com\/avatar\/265b27cb2209af7bb3a1318f03305787d7981a5cc6e6cd08fe5a4ecdf99d4b48?s=96&d=mm&r=g","caption":"Contenidos El Regional"},"url":"https:\/\/elregionalvm.com.ar\/noticias-villa-maria\/author\/contenido\/"}]}},"jetpack_featured_media_url":"https:\/\/i0.wp.com\/elregionalvm.com.ar\/noticias-villa-maria\/wp-content\/uploads\/2023\/11\/Legislatura-cordoba-2023.jpg?fit=990%2C660&ssl=1","jetpack_sharing_enabled":true,"_links":{"self":[{"href":"https:\/\/elregionalvm.com.ar\/noticias-villa-maria\/wp-json\/wp\/v2\/posts\/85894","targetHints":{"allow":["GET"]}}],"collection":[{"href":"https:\/\/elregionalvm.com.ar\/noticias-villa-maria\/wp-json\/wp\/v2\/posts"}],"about":[{"href":"https:\/\/elregionalvm.com.ar\/noticias-villa-maria\/wp-json\/wp\/v2\/types\/post"}],"author":[{"embeddable":true,"href":"https:\/\/elregionalvm.com.ar\/noticias-villa-maria\/wp-json\/wp\/v2\/users\/4"}],"replies":[{"embeddable":true,"href":"https:\/\/elregionalvm.com.ar\/noticias-villa-maria\/wp-json\/wp\/v2\/comments?post=85894"}],"version-history":[{"count":1,"href":"https:\/\/elregionalvm.com.ar\/noticias-villa-maria\/wp-json\/wp\/v2\/posts\/85894\/revisions"}],"predecessor-version":[{"id":85898,"href":"https:\/\/elregionalvm.com.ar\/noticias-villa-maria\/wp-json\/wp\/v2\/posts\/85894\/revisions\/85898"}],"wp:featuredmedia":[{"embeddable":true,"href":"https:\/\/elregionalvm.com.ar\/noticias-villa-maria\/wp-json\/wp\/v2\/media\/85895"}],"wp:attachment":[{"href":"https:\/\/elregionalvm.com.ar\/noticias-villa-maria\/wp-json\/wp\/v2\/media?parent=85894"}],"wp:term":[{"taxonomy":"category","embeddable":true,"href":"https:\/\/elregionalvm.com.ar\/noticias-villa-maria\/wp-json\/wp\/v2\/categories?post=85894"},{"taxonomy":"post_tag","embeddable":true,"href":"https:\/\/elregionalvm.com.ar\/noticias-villa-maria\/wp-json\/wp\/v2\/tags?post=85894"}],"curies":[{"name":"wp","href":"https:\/\/api.w.org\/{rel}","templated":true}]}}