{"id":85899,"date":"2023-11-16T17:22:43","date_gmt":"2023-11-16T17:22:43","guid":{"rendered":"https:\/\/elregionalvm.com.ar\/noticias-villa-maria\/?p=85899"},"modified":"2023-11-16T17:23:35","modified_gmt":"2023-11-16T17:23:35","slug":"accastello-fue-proclamado-como-intendente-junto-con-el-resto-de-las-autoridades-electas","status":"publish","type":"post","link":"https:\/\/elregionalvm.com.ar\/noticias-villa-maria\/accastello-fue-proclamado-como-intendente-junto-con-el-resto-de-las-autoridades-electas\/","title":{"rendered":"Accastello fue proclamado como intendente junto con el resto de las autoridades electas"},"content":{"rendered":"\n<p><\/p>\n\n\n\n<p>Eduardo Accastello recibi\u00f3 el certificado que lo proclama como Intendente de Villa Mar\u00eda en el per\u00edodo 2023-2027, por cuarta vez de manera no consecutiva, tras las elecciones del pasado 1 de octubre.<\/p>\n\n\n\n<p>El acto tuvo lugar este mi\u00e9rcoles 15 de noviembre en horas de la tarde, en el Teatro Verdi de Villa Mar\u00eda, y conforme lo estipula la Junta Electoral Municipal en los plazos correspondientes.<\/p>\n\n\n\n<p>Asimismo, se entregaron los certificados a las dem\u00e1s autoridades electas titulares y suplentes, concejales, tribunos de cuentas y al auditor general, por el periodo que va desde el 11 de diciembre de 2023 al 10 de diciembre de 2027.<\/p>\n\n\n\n<p>De esta manera, se da inicio a la etapa institucional de la gesti\u00f3n de Accastello como intendente de la ciudad.<\/p>\n\n\n\n<p><\/p>\n\n\n\n<figure class=\"wp-block-image size-large\"><img data-recalc-dims=\"1\" fetchpriority=\"high\" decoding=\"async\" width=\"1024\" height=\"683\" src=\"https:\/\/i0.wp.com\/elregionalvm.com.ar\/noticias-villa-maria\/wp-content\/uploads\/2023\/11\/Accastello-proclamado-intendente-2023-1.jpg?resize=1024%2C683&#038;ssl=1\" alt=\"\" class=\"wp-image-85900\" srcset=\"https:\/\/i0.wp.com\/elregionalvm.com.ar\/noticias-villa-maria\/wp-content\/uploads\/2023\/11\/Accastello-proclamado-intendente-2023-1.jpg?resize=1024%2C683&amp;ssl=1 1024w, https:\/\/i0.wp.com\/elregionalvm.com.ar\/noticias-villa-maria\/wp-content\/uploads\/2023\/11\/Accastello-proclamado-intendente-2023-1.jpg?resize=300%2C200&amp;ssl=1 300w, https:\/\/i0.wp.com\/elregionalvm.com.ar\/noticias-villa-maria\/wp-content\/uploads\/2023\/11\/Accastello-proclamado-intendente-2023-1.jpg?resize=768%2C512&amp;ssl=1 768w, https:\/\/i0.wp.com\/elregionalvm.com.ar\/noticias-villa-maria\/wp-content\/uploads\/2023\/11\/Accastello-proclamado-intendente-2023-1.jpg?w=1200&amp;ssl=1 1200w\" sizes=\"(max-width: 1000px) 100vw, 1000px\" \/><\/figure>\n\n\n\n<p><\/p>\n\n\n\n<p><strong>Concejales Titulares<\/strong><\/p>\n\n\n\n<p>&#8211; Hacemos Unidos por C\u00f3rdoba: Juan Pablo Inglese, Yaslil Oses, Jos\u00e9 Mar\u00eda Cativelli, Mar\u00eda Celeste Curetti, Carlos Ronco, Silvina Irusta y Diego German Olivero.<\/p>\n\n\n\n<p>&#8211; Juntos por el Cambio:Felipe Botta, Natalia Gonz\u00e1lez, Pablo Perret y Evelyn Bel\u00e9n Acevedo.<\/p>\n\n\n\n<p>&#8211; Uniendo Villa Mar\u00eda: Manuel Sosa.<\/p>\n\n\n\n<p><strong>Tribunos de Cuentas Titulares<\/strong><\/p>\n\n\n\n<p><\/p>\n\n\n\n<p>&#8211; Hacemos Unidos por Villa Mar\u00eda: Jos\u00e9 Mar\u00eda S\u00e1nchez.<\/p>\n\n\n\n<p>&#8211; Juntos por el Cambio: Virginia Margar\u00eda.<\/p>\n\n\n\n<p>&#8211; Uniendo Villa Mar\u00eda: Maximiliano Romero.<\/p>\n\n\n\n<p><\/p>\n\n\n\n<p><strong>Auditor General<\/strong><strong><\/strong><\/p>\n\n\n\n<p>&#8211; Hacemos Unidos por Villa Mar\u00eda: Rafael Sachetto.<\/p>\n\n\n\n<p><\/p>\n\n\n\n<p>Estuvieron tambi\u00e9n presentes, la Legisladora Provincial Electa, Ver\u00f3nica Navarro; el presidente de la Junta Electoral Municipal, Roque Ram\u00f3n Rebak; el intendente actual de la ciudad, Mart\u00edn Gill; el secretario de Comunicaci\u00f3n de la Provincia, Marcos Bovo; intendentes de la regi\u00f3n; Legisladores provinciales; autoridades del Poder Judicial y funcionarios del Gobierno de C\u00f3rdoba, de la Naci\u00f3n y de la Municipalidad de Villa Mar\u00eda.<\/p>\n","protected":false},"excerpt":{"rendered":"<p>Eduardo Accastello recibi\u00f3 el certificado que lo proclama como Intendente de Villa Mar\u00eda en el per\u00edodo 2023-2027, por cuarta vez de manera no consecutiva, tras las elecciones del pasado 1 de octubre. El acto tuvo lugar este mi\u00e9rcoles 15 de noviembre en horas de la tarde, en el Teatro Verdi de Villa Mar\u00eda, y conforme [&hellip;]<\/p>\n","protected":false},"author":4,"featured_media":85902,"comment_status":"open","ping_status":"open","sticky":false,"template":"","format":"standard","meta":{"site-sidebar-layout":"default","site-content-layout":"","ast-site-content-layout":"default","site-content-style":"default","site-sidebar-style":"default","ast-global-header-display":"","ast-banner-title-visibility":"","ast-main-header-display":"","ast-hfb-above-header-display":"","ast-hfb-below-header-display":"","ast-hfb-mobile-header-display":"","site-post-title":"","ast-breadcrumbs-content":"","ast-featured-img":"","footer-sml-layout":"","ast-disable-related-posts":"","theme-transparent-header-meta":"","adv-header-id-meta":"","stick-header-meta":"","header-above-stick-meta":"","header-main-stick-meta":"","header-below-stick-meta":"","astra-migrate-meta-layouts":"set","ast-page-background-enabled":"default","ast-page-background-meta":{"desktop":{"background-color":"","background-image":"","background-repeat":"repeat","background-position":"center center","background-size":"auto","background-attachment":"scroll","background-type":"","background-media":"","overlay-type":"","overlay-color":"","overlay-opacity":"","overlay-gradient":""},"tablet":{"background-color":"","background-image":"","background-repeat":"repeat","background-position":"center center","background-size":"auto","background-attachment":"scroll","background-type":"","background-media":"","overlay-type":"","overlay-color":"","overlay-opacity":"","overlay-gradient":""},"mobile":{"background-color":"","background-image":"","background-repeat":"repeat","background-position":"center center","background-size":"auto","background-attachment":"scroll","background-type":"","background-media":"","overlay-type":"","overlay-color":"","overlay-opacity":"","overlay-gradient":""}},"ast-content-background-meta":{"desktop":{"background-color":"var(--ast-global-color-5)","background-image":"","background-repeat":"repeat","background-position":"center center","background-size":"auto","background-attachment":"scroll","background-type":"","background-media":"","overlay-type":"","overlay-color":"","overlay-opacity":"","overlay-gradient":""},"tablet":{"background-color":"var(--ast-global-color-5)","background-image":"","background-repeat":"repeat","background-position":"center center","background-size":"auto","background-attachment":"scroll","background-type":"","background-media":"","overlay-type":"","overlay-color":"","overlay-opacity":"","overlay-gradient":""},"mobile":{"background-color":"var(--ast-global-color-5)","background-image":"","background-repeat":"repeat","background-position":"center center","background-size":"auto","background-attachment":"scroll","background-type":"","background-media":"","overlay-type":"","overlay-color":"","overlay-opacity":"","overlay-gradient":""}},"_jetpack_memberships_contains_paid_content":false,"_joinchat":[],"footnotes":""},"categories":[15302,2],"tags":[647,23180,5635,1597,23179,2146],"class_list":["post-85899","post","type-post","status-publish","format-standard","has-post-thumbnail","hentry","category-destacado","category-villa-maria","tag-accastello","tag-auditor-general","tag-autoridades","tag-concejo-deliberante","tag-proclamacion","tag-tribunal-de-cuentas"],"yoast_head":"<!-- This site is optimized with the Yoast SEO plugin v26.8 - https:\/\/yoast.com\/product\/yoast-seo-wordpress\/ -->\n<title>Accastello fue proclamado como intendente junto con el resto de las autoridades electas - El Regional<\/title>\n<meta name=\"robots\" content=\"index, follow, max-snippet:-1, max-image-preview:large, max-video-preview:-1\" \/>\n<link rel=\"canonical\" href=\"https:\/\/elregionalvm.com.ar\/noticias-villa-maria\/accastello-fue-proclamado-como-intendente-junto-con-el-resto-de-las-autoridades-electas\/\" \/>\n<meta property=\"og:locale\" content=\"es_ES\" \/>\n<meta property=\"og:type\" content=\"article\" \/>\n<meta property=\"og:title\" content=\"Accastello fue proclamado como intendente junto con el resto de las autoridades electas - El Regional\" \/>\n<meta property=\"og:description\" content=\"Eduardo Accastello recibi\u00f3 el certificado que lo proclama como Intendente de Villa Mar\u00eda en el per\u00edodo 2023-2027, por cuarta vez de manera no consecutiva, tras las elecciones del pasado 1 de octubre. El acto tuvo lugar este mi\u00e9rcoles 15 de noviembre en horas de la tarde, en el Teatro Verdi de Villa Mar\u00eda, y conforme [&hellip;]\" \/>\n<meta property=\"og:url\" content=\"https:\/\/elregionalvm.com.ar\/noticias-villa-maria\/accastello-fue-proclamado-como-intendente-junto-con-el-resto-de-las-autoridades-electas\/\" \/>\n<meta property=\"og:site_name\" content=\"El Regional\" \/>\n<meta property=\"article:publisher\" content=\"https:\/\/www.facebook.com\/elregionalvm\" \/>\n<meta property=\"article:published_time\" content=\"2023-11-16T17:22:43+00:00\" \/>\n<meta property=\"article:modified_time\" content=\"2023-11-16T17:23:35+00:00\" \/>\n<meta property=\"og:image\" content=\"https:\/\/elregionalvm.com.ar\/noticias-villa-maria\/wp-content\/uploads\/2023\/11\/Accastello-proclamado-intendente-2023.jpg\" \/>\n\t<meta property=\"og:image:width\" content=\"1200\" \/>\n\t<meta property=\"og:image:height\" content=\"800\" \/>\n\t<meta property=\"og:image:type\" content=\"image\/jpeg\" \/>\n<meta name=\"author\" content=\"Contenidos El Regional\" \/>\n<meta name=\"twitter:card\" content=\"summary_large_image\" \/>\n<meta name=\"twitter:creator\" content=\"@elregionalvm1\" \/>\n<meta name=\"twitter:site\" content=\"@elregionalvm1\" \/>\n<meta name=\"twitter:label1\" content=\"Escrito por\" \/>\n\t<meta name=\"twitter:data1\" content=\"Contenidos El Regional\" \/>\n\t<meta name=\"twitter:label2\" content=\"Tiempo de lectura\" \/>\n\t<meta name=\"twitter:data2\" content=\"2 minutos\" \/>\n<script type=\"application\/ld+json\" class=\"yoast-schema-graph\">{\"@context\":\"https:\/\/schema.org\",\"@graph\":[{\"@type\":\"Article\",\"@id\":\"https:\/\/elregionalvm.com.ar\/noticias-villa-maria\/accastello-fue-proclamado-como-intendente-junto-con-el-resto-de-las-autoridades-electas\/#article\",\"isPartOf\":{\"@id\":\"https:\/\/elregionalvm.com.ar\/noticias-villa-maria\/accastello-fue-proclamado-como-intendente-junto-con-el-resto-de-las-autoridades-electas\/\"},\"author\":{\"name\":\"Contenidos El Regional\",\"@id\":\"http:\/\/elregionalvm.com.ar\/noticias-villa-maria\/#\/schema\/person\/a0fb9c422317faca23d50163151bc354\"},\"headline\":\"Accastello fue proclamado como intendente junto con el resto de las autoridades electas\",\"datePublished\":\"2023-11-16T17:22:43+00:00\",\"dateModified\":\"2023-11-16T17:23:35+00:00\",\"mainEntityOfPage\":{\"@id\":\"https:\/\/elregionalvm.com.ar\/noticias-villa-maria\/accastello-fue-proclamado-como-intendente-junto-con-el-resto-de-las-autoridades-electas\/\"},\"wordCount\":303,\"commentCount\":0,\"image\":{\"@id\":\"https:\/\/elregionalvm.com.ar\/noticias-villa-maria\/accastello-fue-proclamado-como-intendente-junto-con-el-resto-de-las-autoridades-electas\/#primaryimage\"},\"thumbnailUrl\":\"https:\/\/i0.wp.com\/elregionalvm.com.ar\/noticias-villa-maria\/wp-content\/uploads\/2023\/11\/Accastello-proclamado-intendente-2023.jpg?fit=1200%2C800&ssl=1\",\"keywords\":[\"Accastello\",\"auditor general\",\"autoridades\",\"Concejo Deliberante\",\"proclamaci\u00f3n\",\"Tribunal de Cuentas\"],\"articleSection\":[\"destacado\",\"Villa Mar\u00eda\"],\"inLanguage\":\"es\",\"potentialAction\":[{\"@type\":\"CommentAction\",\"name\":\"Comment\",\"target\":[\"https:\/\/elregionalvm.com.ar\/noticias-villa-maria\/accastello-fue-proclamado-como-intendente-junto-con-el-resto-de-las-autoridades-electas\/#respond\"]}]},{\"@type\":\"WebPage\",\"@id\":\"https:\/\/elregionalvm.com.ar\/noticias-villa-maria\/accastello-fue-proclamado-como-intendente-junto-con-el-resto-de-las-autoridades-electas\/\",\"url\":\"https:\/\/elregionalvm.com.ar\/noticias-villa-maria\/accastello-fue-proclamado-como-intendente-junto-con-el-resto-de-las-autoridades-electas\/\",\"name\":\"Accastello fue proclamado como intendente junto con el resto de las autoridades electas - El Regional\",\"isPartOf\":{\"@id\":\"http:\/\/elregionalvm.com.ar\/noticias-villa-maria\/#website\"},\"primaryImageOfPage\":{\"@id\":\"https:\/\/elregionalvm.com.ar\/noticias-villa-maria\/accastello-fue-proclamado-como-intendente-junto-con-el-resto-de-las-autoridades-electas\/#primaryimage\"},\"image\":{\"@id\":\"https:\/\/elregionalvm.com.ar\/noticias-villa-maria\/accastello-fue-proclamado-como-intendente-junto-con-el-resto-de-las-autoridades-electas\/#primaryimage\"},\"thumbnailUrl\":\"https:\/\/i0.wp.com\/elregionalvm.com.ar\/noticias-villa-maria\/wp-content\/uploads\/2023\/11\/Accastello-proclamado-intendente-2023.jpg?fit=1200%2C800&ssl=1\",\"datePublished\":\"2023-11-16T17:22:43+00:00\",\"dateModified\":\"2023-11-16T17:23:35+00:00\",\"author\":{\"@id\":\"http:\/\/elregionalvm.com.ar\/noticias-villa-maria\/#\/schema\/person\/a0fb9c422317faca23d50163151bc354\"},\"breadcrumb\":{\"@id\":\"https:\/\/elregionalvm.com.ar\/noticias-villa-maria\/accastello-fue-proclamado-como-intendente-junto-con-el-resto-de-las-autoridades-electas\/#breadcrumb\"},\"inLanguage\":\"es\",\"potentialAction\":[{\"@type\":\"ReadAction\",\"target\":[\"https:\/\/elregionalvm.com.ar\/noticias-villa-maria\/accastello-fue-proclamado-como-intendente-junto-con-el-resto-de-las-autoridades-electas\/\"]}]},{\"@type\":\"ImageObject\",\"inLanguage\":\"es\",\"@id\":\"https:\/\/elregionalvm.com.ar\/noticias-villa-maria\/accastello-fue-proclamado-como-intendente-junto-con-el-resto-de-las-autoridades-electas\/#primaryimage\",\"url\":\"https:\/\/i0.wp.com\/elregionalvm.com.ar\/noticias-villa-maria\/wp-content\/uploads\/2023\/11\/Accastello-proclamado-intendente-2023.jpg?fit=1200%2C800&ssl=1\",\"contentUrl\":\"https:\/\/i0.wp.com\/elregionalvm.com.ar\/noticias-villa-maria\/wp-content\/uploads\/2023\/11\/Accastello-proclamado-intendente-2023.jpg?fit=1200%2C800&ssl=1\",\"width\":1200,\"height\":800},{\"@type\":\"BreadcrumbList\",\"@id\":\"https:\/\/elregionalvm.com.ar\/noticias-villa-maria\/accastello-fue-proclamado-como-intendente-junto-con-el-resto-de-las-autoridades-electas\/#breadcrumb\",\"itemListElement\":[{\"@type\":\"ListItem\",\"position\":1,\"name\":\"Portada\",\"item\":\"https:\/\/elregionalvm.com.ar\/noticias-villa-maria\/\"},{\"@type\":\"ListItem\",\"position\":2,\"name\":\"Accastello fue proclamado como intendente junto con el resto de las autoridades electas\"}]},{\"@type\":\"WebSite\",\"@id\":\"http:\/\/elregionalvm.com.ar\/noticias-villa-maria\/#website\",\"url\":\"http:\/\/elregionalvm.com.ar\/noticias-villa-maria\/\",\"name\":\"El Regional\",\"description\":\"Mucho m\u00e1s que informaci\u00f3n\",\"potentialAction\":[{\"@type\":\"SearchAction\",\"target\":{\"@type\":\"EntryPoint\",\"urlTemplate\":\"http:\/\/elregionalvm.com.ar\/noticias-villa-maria\/?s={search_term_string}\"},\"query-input\":{\"@type\":\"PropertyValueSpecification\",\"valueRequired\":true,\"valueName\":\"search_term_string\"}}],\"inLanguage\":\"es\"},{\"@type\":\"Person\",\"@id\":\"http:\/\/elregionalvm.com.ar\/noticias-villa-maria\/#\/schema\/person\/a0fb9c422317faca23d50163151bc354\",\"name\":\"Contenidos El Regional\",\"image\":{\"@type\":\"ImageObject\",\"inLanguage\":\"es\",\"@id\":\"http:\/\/elregionalvm.com.ar\/noticias-villa-maria\/#\/schema\/person\/image\/\",\"url\":\"https:\/\/secure.gravatar.com\/avatar\/265b27cb2209af7bb3a1318f03305787d7981a5cc6e6cd08fe5a4ecdf99d4b48?s=96&d=mm&r=g\",\"contentUrl\":\"https:\/\/secure.gravatar.com\/avatar\/265b27cb2209af7bb3a1318f03305787d7981a5cc6e6cd08fe5a4ecdf99d4b48?s=96&d=mm&r=g\",\"caption\":\"Contenidos El Regional\"},\"url\":\"https:\/\/elregionalvm.com.ar\/noticias-villa-maria\/author\/contenido\/\"}]}<\/script>\n<!-- \/ Yoast SEO plugin. -->","yoast_head_json":{"title":"Accastello fue proclamado como intendente junto con el resto de las autoridades electas - El Regional","robots":{"index":"index","follow":"follow","max-snippet":"max-snippet:-1","max-image-preview":"max-image-preview:large","max-video-preview":"max-video-preview:-1"},"canonical":"https:\/\/elregionalvm.com.ar\/noticias-villa-maria\/accastello-fue-proclamado-como-intendente-junto-con-el-resto-de-las-autoridades-electas\/","og_locale":"es_ES","og_type":"article","og_title":"Accastello fue proclamado como intendente junto con el resto de las autoridades electas - El Regional","og_description":"Eduardo Accastello recibi\u00f3 el certificado que lo proclama como Intendente de Villa Mar\u00eda en el per\u00edodo 2023-2027, por cuarta vez de manera no consecutiva, tras las elecciones del pasado 1 de octubre. El acto tuvo lugar este mi\u00e9rcoles 15 de noviembre en horas de la tarde, en el Teatro Verdi de Villa Mar\u00eda, y conforme [&hellip;]","og_url":"https:\/\/elregionalvm.com.ar\/noticias-villa-maria\/accastello-fue-proclamado-como-intendente-junto-con-el-resto-de-las-autoridades-electas\/","og_site_name":"El Regional","article_publisher":"https:\/\/www.facebook.com\/elregionalvm","article_published_time":"2023-11-16T17:22:43+00:00","article_modified_time":"2023-11-16T17:23:35+00:00","og_image":[{"width":1200,"height":800,"url":"https:\/\/elregionalvm.com.ar\/noticias-villa-maria\/wp-content\/uploads\/2023\/11\/Accastello-proclamado-intendente-2023.jpg","type":"image\/jpeg"}],"author":"Contenidos El Regional","twitter_card":"summary_large_image","twitter_creator":"@elregionalvm1","twitter_site":"@elregionalvm1","twitter_misc":{"Escrito por":"Contenidos El Regional","Tiempo de lectura":"2 minutos"},"schema":{"@context":"https:\/\/schema.org","@graph":[{"@type":"Article","@id":"https:\/\/elregionalvm.com.ar\/noticias-villa-maria\/accastello-fue-proclamado-como-intendente-junto-con-el-resto-de-las-autoridades-electas\/#article","isPartOf":{"@id":"https:\/\/elregionalvm.com.ar\/noticias-villa-maria\/accastello-fue-proclamado-como-intendente-junto-con-el-resto-de-las-autoridades-electas\/"},"author":{"name":"Contenidos El Regional","@id":"http:\/\/elregionalvm.com.ar\/noticias-villa-maria\/#\/schema\/person\/a0fb9c422317faca23d50163151bc354"},"headline":"Accastello fue proclamado como intendente junto con el resto de las autoridades electas","datePublished":"2023-11-16T17:22:43+00:00","dateModified":"2023-11-16T17:23:35+00:00","mainEntityOfPage":{"@id":"https:\/\/elregionalvm.com.ar\/noticias-villa-maria\/accastello-fue-proclamado-como-intendente-junto-con-el-resto-de-las-autoridades-electas\/"},"wordCount":303,"commentCount":0,"image":{"@id":"https:\/\/elregionalvm.com.ar\/noticias-villa-maria\/accastello-fue-proclamado-como-intendente-junto-con-el-resto-de-las-autoridades-electas\/#primaryimage"},"thumbnailUrl":"https:\/\/i0.wp.com\/elregionalvm.com.ar\/noticias-villa-maria\/wp-content\/uploads\/2023\/11\/Accastello-proclamado-intendente-2023.jpg?fit=1200%2C800&ssl=1","keywords":["Accastello","auditor general","autoridades","Concejo Deliberante","proclamaci\u00f3n","Tribunal de Cuentas"],"articleSection":["destacado","Villa Mar\u00eda"],"inLanguage":"es","potentialAction":[{"@type":"CommentAction","name":"Comment","target":["https:\/\/elregionalvm.com.ar\/noticias-villa-maria\/accastello-fue-proclamado-como-intendente-junto-con-el-resto-de-las-autoridades-electas\/#respond"]}]},{"@type":"WebPage","@id":"https:\/\/elregionalvm.com.ar\/noticias-villa-maria\/accastello-fue-proclamado-como-intendente-junto-con-el-resto-de-las-autoridades-electas\/","url":"https:\/\/elregionalvm.com.ar\/noticias-villa-maria\/accastello-fue-proclamado-como-intendente-junto-con-el-resto-de-las-autoridades-electas\/","name":"Accastello fue proclamado como intendente junto con el resto de las autoridades electas - El Regional","isPartOf":{"@id":"http:\/\/elregionalvm.com.ar\/noticias-villa-maria\/#website"},"primaryImageOfPage":{"@id":"https:\/\/elregionalvm.com.ar\/noticias-villa-maria\/accastello-fue-proclamado-como-intendente-junto-con-el-resto-de-las-autoridades-electas\/#primaryimage"},"image":{"@id":"https:\/\/elregionalvm.com.ar\/noticias-villa-maria\/accastello-fue-proclamado-como-intendente-junto-con-el-resto-de-las-autoridades-electas\/#primaryimage"},"thumbnailUrl":"https:\/\/i0.wp.com\/elregionalvm.com.ar\/noticias-villa-maria\/wp-content\/uploads\/2023\/11\/Accastello-proclamado-intendente-2023.jpg?fit=1200%2C800&ssl=1","datePublished":"2023-11-16T17:22:43+00:00","dateModified":"2023-11-16T17:23:35+00:00","author":{"@id":"http:\/\/elregionalvm.com.ar\/noticias-villa-maria\/#\/schema\/person\/a0fb9c422317faca23d50163151bc354"},"breadcrumb":{"@id":"https:\/\/elregionalvm.com.ar\/noticias-villa-maria\/accastello-fue-proclamado-como-intendente-junto-con-el-resto-de-las-autoridades-electas\/#breadcrumb"},"inLanguage":"es","potentialAction":[{"@type":"ReadAction","target":["https:\/\/elregionalvm.com.ar\/noticias-villa-maria\/accastello-fue-proclamado-como-intendente-junto-con-el-resto-de-las-autoridades-electas\/"]}]},{"@type":"ImageObject","inLanguage":"es","@id":"https:\/\/elregionalvm.com.ar\/noticias-villa-maria\/accastello-fue-proclamado-como-intendente-junto-con-el-resto-de-las-autoridades-electas\/#primaryimage","url":"https:\/\/i0.wp.com\/elregionalvm.com.ar\/noticias-villa-maria\/wp-content\/uploads\/2023\/11\/Accastello-proclamado-intendente-2023.jpg?fit=1200%2C800&ssl=1","contentUrl":"https:\/\/i0.wp.com\/elregionalvm.com.ar\/noticias-villa-maria\/wp-content\/uploads\/2023\/11\/Accastello-proclamado-intendente-2023.jpg?fit=1200%2C800&ssl=1","width":1200,"height":800},{"@type":"BreadcrumbList","@id":"https:\/\/elregionalvm.com.ar\/noticias-villa-maria\/accastello-fue-proclamado-como-intendente-junto-con-el-resto-de-las-autoridades-electas\/#breadcrumb","itemListElement":[{"@type":"ListItem","position":1,"name":"Portada","item":"https:\/\/elregionalvm.com.ar\/noticias-villa-maria\/"},{"@type":"ListItem","position":2,"name":"Accastello fue proclamado como intendente junto con el resto de las autoridades electas"}]},{"@type":"WebSite","@id":"http:\/\/elregionalvm.com.ar\/noticias-villa-maria\/#website","url":"http:\/\/elregionalvm.com.ar\/noticias-villa-maria\/","name":"El Regional","description":"Mucho m\u00e1s que informaci\u00f3n","potentialAction":[{"@type":"SearchAction","target":{"@type":"EntryPoint","urlTemplate":"http:\/\/elregionalvm.com.ar\/noticias-villa-maria\/?s={search_term_string}"},"query-input":{"@type":"PropertyValueSpecification","valueRequired":true,"valueName":"search_term_string"}}],"inLanguage":"es"},{"@type":"Person","@id":"http:\/\/elregionalvm.com.ar\/noticias-villa-maria\/#\/schema\/person\/a0fb9c422317faca23d50163151bc354","name":"Contenidos El Regional","image":{"@type":"ImageObject","inLanguage":"es","@id":"http:\/\/elregionalvm.com.ar\/noticias-villa-maria\/#\/schema\/person\/image\/","url":"https:\/\/secure.gravatar.com\/avatar\/265b27cb2209af7bb3a1318f03305787d7981a5cc6e6cd08fe5a4ecdf99d4b48?s=96&d=mm&r=g","contentUrl":"https:\/\/secure.gravatar.com\/avatar\/265b27cb2209af7bb3a1318f03305787d7981a5cc6e6cd08fe5a4ecdf99d4b48?s=96&d=mm&r=g","caption":"Contenidos El Regional"},"url":"https:\/\/elregionalvm.com.ar\/noticias-villa-maria\/author\/contenido\/"}]}},"jetpack_featured_media_url":"https:\/\/i0.wp.com\/elregionalvm.com.ar\/noticias-villa-maria\/wp-content\/uploads\/2023\/11\/Accastello-proclamado-intendente-2023.jpg?fit=1200%2C800&ssl=1","jetpack_sharing_enabled":true,"_links":{"self":[{"href":"https:\/\/elregionalvm.com.ar\/noticias-villa-maria\/wp-json\/wp\/v2\/posts\/85899","targetHints":{"allow":["GET"]}}],"collection":[{"href":"https:\/\/elregionalvm.com.ar\/noticias-villa-maria\/wp-json\/wp\/v2\/posts"}],"about":[{"href":"https:\/\/elregionalvm.com.ar\/noticias-villa-maria\/wp-json\/wp\/v2\/types\/post"}],"author":[{"embeddable":true,"href":"https:\/\/elregionalvm.com.ar\/noticias-villa-maria\/wp-json\/wp\/v2\/users\/4"}],"replies":[{"embeddable":true,"href":"https:\/\/elregionalvm.com.ar\/noticias-villa-maria\/wp-json\/wp\/v2\/comments?post=85899"}],"version-history":[{"count":1,"href":"https:\/\/elregionalvm.com.ar\/noticias-villa-maria\/wp-json\/wp\/v2\/posts\/85899\/revisions"}],"predecessor-version":[{"id":85901,"href":"https:\/\/elregionalvm.com.ar\/noticias-villa-maria\/wp-json\/wp\/v2\/posts\/85899\/revisions\/85901"}],"wp:featuredmedia":[{"embeddable":true,"href":"https:\/\/elregionalvm.com.ar\/noticias-villa-maria\/wp-json\/wp\/v2\/media\/85902"}],"wp:attachment":[{"href":"https:\/\/elregionalvm.com.ar\/noticias-villa-maria\/wp-json\/wp\/v2\/media?parent=85899"}],"wp:term":[{"taxonomy":"category","embeddable":true,"href":"https:\/\/elregionalvm.com.ar\/noticias-villa-maria\/wp-json\/wp\/v2\/categories?post=85899"},{"taxonomy":"post_tag","embeddable":true,"href":"https:\/\/elregionalvm.com.ar\/noticias-villa-maria\/wp-json\/wp\/v2\/tags?post=85899"}],"curies":[{"name":"wp","href":"https:\/\/api.w.org\/{rel}","templated":true}]}}