{"id":85904,"date":"2023-11-16T17:31:57","date_gmt":"2023-11-16T17:31:57","guid":{"rendered":"https:\/\/elregionalvm.com.ar\/noticias-villa-maria\/?p=85904"},"modified":"2023-11-16T17:32:00","modified_gmt":"2023-11-16T17:32:00","slug":"villa-maria-se-une-a-la-semana-nacional-de-la-economia-social-y-solidaria","status":"publish","type":"post","link":"https:\/\/elregionalvm.com.ar\/noticias-villa-maria\/villa-maria-se-une-a-la-semana-nacional-de-la-economia-social-y-solidaria\/","title":{"rendered":"Villa Mar\u00eda se une a la Semana Nacional de la Econom\u00eda Social y Solidaria"},"content":{"rendered":"\n<p>En el marco de la Semana Nacional de la Econom\u00eda Social y Solidaria, que tiene lugar cada noviembre, el municipio, junto a instituciones y entidades del sector, present\u00f3 su agenda de propuestas abiertas a todo p\u00fablico, en sinton\u00eda con las pol\u00edticas que buscan promover el fortalecimiento de la econom\u00eda local. Las actividades se llevar\u00e1n a cabo desde el 21 hasta el 26 de noviembre, en diferentes puntos de la ciudad.<\/p>\n\n\n\n<p>Durante la presentaci\u00f3n de la grilla, estuvo presente el intendente Mart\u00edn Gill, quien coment\u00f3: \u201cEn Argentina, el 50 por ciento de los trabajadores no cobra un sueldo fijo al final del mes, y trabajan igual; todos los d\u00edas salen a la calle viendo c\u00f3mo producen lo que necesitan para vivir, y esa econom\u00eda popular y social, debe tener un acompa\u00f1amiento para formalizarla y capacitarla\u201d. El mandatario destac\u00f3 tambi\u00e9n que la ciudad que tiene \u201cdesde un emprendedor en la Feria Franca, hasta la empresa de biocombustible m\u00e1s importante de la Argentina, por esto es muy importante rescatar, conservar y apoyar las econom\u00edas sociales\u201d.<\/p>\n\n\n\n<p>Luego, a\u00f1adi\u00f3: \u201cQuiero remarcar el trabajo que la Oficina de Empleo viene haciendo, ya que este a\u00f1o pudimos alcanzar a 130 emprendedores que por asistencia del Estado en el proceso de inversi\u00f3n y acompa\u00f1amiento, han podido prosperar\u201d. Gill tambi\u00e9n destac\u00f3 que \u201cdesde hace un tiempo tenemos el privilegio de que quiz\u00e1s la organizaci\u00f3n cooperativa en producci\u00f3n de alimentos m\u00e1s importante del pa\u00eds, como lo es la Cooperativa Obrera, eligiera Villa Mar\u00eda para introducirse en el centro del pa\u00eds, una cooperativa que produce el 7 por ciento de los alimentos que se consumen en Argentina, lo que tambi\u00e9n fue posible gracias a la intervenci\u00f3n del Grupo Gesta\u201d.<\/p>\n\n\n\n<figure class=\"wp-block-image size-large\"><img data-recalc-dims=\"1\" fetchpriority=\"high\" decoding=\"async\" width=\"1024\" height=\"682\" src=\"https:\/\/i0.wp.com\/elregionalvm.com.ar\/noticias-villa-maria\/wp-content\/uploads\/2023\/11\/WhatsApp-Image-2023-11-16-at-13.58.03.jpeg?resize=1024%2C682&#038;ssl=1\" alt=\"\" class=\"wp-image-85906\" srcset=\"https:\/\/i0.wp.com\/elregionalvm.com.ar\/noticias-villa-maria\/wp-content\/uploads\/2023\/11\/WhatsApp-Image-2023-11-16-at-13.58.03.jpeg?resize=1024%2C682&amp;ssl=1 1024w, https:\/\/i0.wp.com\/elregionalvm.com.ar\/noticias-villa-maria\/wp-content\/uploads\/2023\/11\/WhatsApp-Image-2023-11-16-at-13.58.03.jpeg?resize=300%2C200&amp;ssl=1 300w, https:\/\/i0.wp.com\/elregionalvm.com.ar\/noticias-villa-maria\/wp-content\/uploads\/2023\/11\/WhatsApp-Image-2023-11-16-at-13.58.03.jpeg?resize=768%2C512&amp;ssl=1 768w, https:\/\/i0.wp.com\/elregionalvm.com.ar\/noticias-villa-maria\/wp-content\/uploads\/2023\/11\/WhatsApp-Image-2023-11-16-at-13.58.03.jpeg?w=1280&amp;ssl=1 1280w\" sizes=\"(max-width: 1000px) 100vw, 1000px\" \/><\/figure>\n\n\n\n<p>En este sentido, es importante destacar que Villa Mar\u00eda cuenta con una nave de emprendedores de industrias varias, generada a partir de fondos nacionales, emplazada en el Parque Industrial, Log\u00edstico y Tecnol\u00f3gico (PILT), a la cual se sumar\u00e1 una segunda, orientada a albergar emprendimientos de la industria alimenticia, que \u201cson ideas ya pensadas por emprendedores, que ahora van a contar con una presencia f\u00edsica en el Parque y a una escala diferente, mucho mayor\u201d, cerr\u00f3 el jefe comunal.<\/p>\n\n\n\n<p>A su turno, el decano del instituto de Ciencias Sociales de la Universidad Nacional de Villa Mar\u00eda (UNVM), Gabriel Su\u00e1rez, agreg\u00f3: \u201cHace 10 a\u00f1os, distintas universidades formamos una red con el objetivo de generar conocimiento acerca de la econom\u00eda social y solidaria, de forma complementaria con capacitaciones e investigaciones, entendiendo que deb\u00eda salir de las puertas de la universidad, por eso este a\u00f1o decidimos trabajar conjuntamente con la Red de Municipios Cooperativos, de la cual forma parte la Municipalidad de Villa Mar\u00eda, a la cual le agradecemos la posibilidad de trabajar con un municipio abierto, que escucha, convoca y con la cual podemos hacer juntos\u201d.<\/p>\n\n\n\n<p>Tambi\u00e9n hizo uso de la palabra el coordinador del \u00e1rea de Econom\u00eda Social y Solidaria, Guido Gasparrini, quien repas\u00f3 la grilla de propuestas, a las cuales es necesario inscribirse a traves del formulario https:\/\/forms.gle\/CbRWz8VwdoZKxs4Y9, ya que los cupos son limitados.<\/p>\n\n\n\n<p>El programa, d\u00eda por d\u00eda<\/p>\n\n\n\n<p>Martes 21: Capacitaci\u00f3n sobre herramientas digitales para emprendimientos, desde las 17:00 hasta las 21 horas, en el Parlamento de los Ni\u00f1os, ubicado en el Centro Cultural Comunitario Leonardo Favio.<br>Mi\u00e9rcoles 22: Presentaci\u00f3n de programas para potenciar emprendimientos, a partir de las 18:00 horas, en el Auditorio de la Medioteca. En este mismo lugar, tambi\u00e9n se desarrollar\u00e1 un encuentro de Cooperativas locales, desde las 19:30 horas.<br>Jueves 23: Capacitaci\u00f3n en claves para emprender, de 18:00 a 21:00 horas, en el Auditorio del Grupo Gesta (Lisandro de la Torre 50)<br>Viernes 24: Festival Impulsar, con la apertura del Mercado Impulsar y la presencia de artistas locales y propuestas culturales en vivo, adem\u00e1s de opciones gastron\u00f3micas, desde las 17:00 horas, en el Parque Pereyra y Dominguez.<br>S\u00e1bado 25 y domingo 26, Feria Nuestras Manos, a partir de las 16:00 horas, en la Costanera.<\/p>\n\n\n\n<p>La iniciativa presentada se encuentra destinada a emprendedores, miembros de cooperativas y mutuales, peque\u00f1as y medianas empresas, trabajadores aut\u00f3nomos y cuentapropistas de diversos rubros, que forman parte de la econom\u00eda social de la ciudad, a los fines de potenciar sus negocios mediante encuentros de formaci\u00f3n y capacitaci\u00f3n.<\/p>\n\n\n\n<p>Organizan la semana de la Econom\u00eda Social y Solidaria en la ciudad el Programa Impulsar; la Secretar\u00eda de Inclusi\u00f3n Social y Territorio; el Grupo de Empresas Sociales de Trabajo Asociado (GESTA); la Red Universitaria de Econom\u00eda Social y Solidaria (RUESS); la Universidad Nacional de Villa Mar\u00eda, la Plataforma para el Desarrollo Productivo Territorial (PRODET); el Instituto Movilizador de Fondos Cooperativos; C\u00e1ritas Argentina; la Red de Municipios Cooperativos; el Programa PRO Huerta y el Instituto Nacional de Tecnolog\u00eda Agropecuaria (INTA).<\/p>\n","protected":false},"excerpt":{"rendered":"<p>En el marco de la Semana Nacional de la Econom\u00eda Social y Solidaria, que tiene lugar cada noviembre, el municipio, junto a instituciones y entidades del sector, present\u00f3 su agenda de propuestas abiertas a todo p\u00fablico, en sinton\u00eda con las pol\u00edticas que buscan promover el fortalecimiento de la econom\u00eda local. Las actividades se llevar\u00e1n a [&hellip;]<\/p>\n","protected":false},"author":4,"featured_media":85905,"comment_status":"open","ping_status":"open","sticky":false,"template":"","format":"standard","meta":{"site-sidebar-layout":"default","site-content-layout":"","ast-site-content-layout":"default","site-content-style":"default","site-sidebar-style":"default","ast-global-header-display":"","ast-banner-title-visibility":"","ast-main-header-display":"","ast-hfb-above-header-display":"","ast-hfb-below-header-display":"","ast-hfb-mobile-header-display":"","site-post-title":"","ast-breadcrumbs-content":"","ast-featured-img":"","footer-sml-layout":"","ast-disable-related-posts":"","theme-transparent-header-meta":"","adv-header-id-meta":"","stick-header-meta":"","header-above-stick-meta":"","header-main-stick-meta":"","header-below-stick-meta":"","astra-migrate-meta-layouts":"set","ast-page-background-enabled":"default","ast-page-background-meta":{"desktop":{"background-color":"","background-image":"","background-repeat":"repeat","background-position":"center center","background-size":"auto","background-attachment":"scroll","background-type":"","background-media":"","overlay-type":"","overlay-color":"","overlay-opacity":"","overlay-gradient":""},"tablet":{"background-color":"","background-image":"","background-repeat":"repeat","background-position":"center center","background-size":"auto","background-attachment":"scroll","background-type":"","background-media":"","overlay-type":"","overlay-color":"","overlay-opacity":"","overlay-gradient":""},"mobile":{"background-color":"","background-image":"","background-repeat":"repeat","background-position":"center center","background-size":"auto","background-attachment":"scroll","background-type":"","background-media":"","overlay-type":"","overlay-color":"","overlay-opacity":"","overlay-gradient":""}},"ast-content-background-meta":{"desktop":{"background-color":"var(--ast-global-color-5)","background-image":"","background-repeat":"repeat","background-position":"center center","background-size":"auto","background-attachment":"scroll","background-type":"","background-media":"","overlay-type":"","overlay-color":"","overlay-opacity":"","overlay-gradient":""},"tablet":{"background-color":"var(--ast-global-color-5)","background-image":"","background-repeat":"repeat","background-position":"center center","background-size":"auto","background-attachment":"scroll","background-type":"","background-media":"","overlay-type":"","overlay-color":"","overlay-opacity":"","overlay-gradient":""},"mobile":{"background-color":"var(--ast-global-color-5)","background-image":"","background-repeat":"repeat","background-position":"center center","background-size":"auto","background-attachment":"scroll","background-type":"","background-media":"","overlay-type":"","overlay-color":"","overlay-opacity":"","overlay-gradient":""}},"_jetpack_memberships_contains_paid_content":false,"_joinchat":[],"footnotes":""},"categories":[15302,5,2],"tags":[],"class_list":["post-85904","post","type-post","status-publish","format-standard","has-post-thumbnail","hentry","category-destacado","category-sociedad","category-villa-maria"],"yoast_head":"<!-- This site is optimized with the Yoast SEO plugin v26.8 - https:\/\/yoast.com\/product\/yoast-seo-wordpress\/ -->\n<title>Villa Mar\u00eda se une a la Semana Nacional de la Econom\u00eda Social y Solidaria - El Regional<\/title>\n<meta name=\"robots\" content=\"index, follow, max-snippet:-1, max-image-preview:large, max-video-preview:-1\" \/>\n<link rel=\"canonical\" href=\"https:\/\/elregionalvm.com.ar\/noticias-villa-maria\/villa-maria-se-une-a-la-semana-nacional-de-la-economia-social-y-solidaria\/\" \/>\n<meta property=\"og:locale\" content=\"es_ES\" \/>\n<meta property=\"og:type\" content=\"article\" \/>\n<meta property=\"og:title\" content=\"Villa Mar\u00eda se une a la Semana Nacional de la Econom\u00eda Social y Solidaria - El Regional\" \/>\n<meta property=\"og:description\" content=\"En el marco de la Semana Nacional de la Econom\u00eda Social y Solidaria, que tiene lugar cada noviembre, el municipio, junto a instituciones y entidades del sector, present\u00f3 su agenda de propuestas abiertas a todo p\u00fablico, en sinton\u00eda con las pol\u00edticas que buscan promover el fortalecimiento de la econom\u00eda local. Las actividades se llevar\u00e1n a [&hellip;]\" \/>\n<meta property=\"og:url\" content=\"https:\/\/elregionalvm.com.ar\/noticias-villa-maria\/villa-maria-se-une-a-la-semana-nacional-de-la-economia-social-y-solidaria\/\" \/>\n<meta property=\"og:site_name\" content=\"El Regional\" \/>\n<meta property=\"article:publisher\" content=\"https:\/\/www.facebook.com\/elregionalvm\" \/>\n<meta property=\"article:published_time\" content=\"2023-11-16T17:31:57+00:00\" \/>\n<meta property=\"article:modified_time\" content=\"2023-11-16T17:32:00+00:00\" \/>\n<meta property=\"og:image\" content=\"https:\/\/elregionalvm.com.ar\/noticias-villa-maria\/wp-content\/uploads\/2023\/11\/WhatsApp-Image-2023-11-16-at-13.57.55.jpeg\" \/>\n\t<meta property=\"og:image:width\" content=\"1280\" \/>\n\t<meta property=\"og:image:height\" content=\"853\" \/>\n\t<meta property=\"og:image:type\" content=\"image\/jpeg\" \/>\n<meta name=\"author\" content=\"Contenidos El Regional\" \/>\n<meta name=\"twitter:card\" content=\"summary_large_image\" \/>\n<meta name=\"twitter:creator\" content=\"@elregionalvm1\" \/>\n<meta name=\"twitter:site\" content=\"@elregionalvm1\" \/>\n<meta name=\"twitter:label1\" content=\"Escrito por\" \/>\n\t<meta name=\"twitter:data1\" content=\"Contenidos El Regional\" \/>\n\t<meta name=\"twitter:label2\" content=\"Tiempo de lectura\" \/>\n\t<meta name=\"twitter:data2\" content=\"4 minutos\" \/>\n<script type=\"application\/ld+json\" class=\"yoast-schema-graph\">{\"@context\":\"https:\/\/schema.org\",\"@graph\":[{\"@type\":\"Article\",\"@id\":\"https:\/\/elregionalvm.com.ar\/noticias-villa-maria\/villa-maria-se-une-a-la-semana-nacional-de-la-economia-social-y-solidaria\/#article\",\"isPartOf\":{\"@id\":\"https:\/\/elregionalvm.com.ar\/noticias-villa-maria\/villa-maria-se-une-a-la-semana-nacional-de-la-economia-social-y-solidaria\/\"},\"author\":{\"name\":\"Contenidos El Regional\",\"@id\":\"http:\/\/elregionalvm.com.ar\/noticias-villa-maria\/#\/schema\/person\/a0fb9c422317faca23d50163151bc354\"},\"headline\":\"Villa Mar\u00eda se une a la Semana Nacional de la Econom\u00eda Social y Solidaria\",\"datePublished\":\"2023-11-16T17:31:57+00:00\",\"dateModified\":\"2023-11-16T17:32:00+00:00\",\"mainEntityOfPage\":{\"@id\":\"https:\/\/elregionalvm.com.ar\/noticias-villa-maria\/villa-maria-se-une-a-la-semana-nacional-de-la-economia-social-y-solidaria\/\"},\"wordCount\":837,\"commentCount\":0,\"image\":{\"@id\":\"https:\/\/elregionalvm.com.ar\/noticias-villa-maria\/villa-maria-se-une-a-la-semana-nacional-de-la-economia-social-y-solidaria\/#primaryimage\"},\"thumbnailUrl\":\"https:\/\/i0.wp.com\/elregionalvm.com.ar\/noticias-villa-maria\/wp-content\/uploads\/2023\/11\/WhatsApp-Image-2023-11-16-at-13.57.55.jpeg?fit=1280%2C853&ssl=1\",\"articleSection\":[\"destacado\",\"Sociedad\",\"Villa Mar\u00eda\"],\"inLanguage\":\"es\",\"potentialAction\":[{\"@type\":\"CommentAction\",\"name\":\"Comment\",\"target\":[\"https:\/\/elregionalvm.com.ar\/noticias-villa-maria\/villa-maria-se-une-a-la-semana-nacional-de-la-economia-social-y-solidaria\/#respond\"]}]},{\"@type\":\"WebPage\",\"@id\":\"https:\/\/elregionalvm.com.ar\/noticias-villa-maria\/villa-maria-se-une-a-la-semana-nacional-de-la-economia-social-y-solidaria\/\",\"url\":\"https:\/\/elregionalvm.com.ar\/noticias-villa-maria\/villa-maria-se-une-a-la-semana-nacional-de-la-economia-social-y-solidaria\/\",\"name\":\"Villa Mar\u00eda se une a la Semana Nacional de la Econom\u00eda Social y Solidaria - El Regional\",\"isPartOf\":{\"@id\":\"http:\/\/elregionalvm.com.ar\/noticias-villa-maria\/#website\"},\"primaryImageOfPage\":{\"@id\":\"https:\/\/elregionalvm.com.ar\/noticias-villa-maria\/villa-maria-se-une-a-la-semana-nacional-de-la-economia-social-y-solidaria\/#primaryimage\"},\"image\":{\"@id\":\"https:\/\/elregionalvm.com.ar\/noticias-villa-maria\/villa-maria-se-une-a-la-semana-nacional-de-la-economia-social-y-solidaria\/#primaryimage\"},\"thumbnailUrl\":\"https:\/\/i0.wp.com\/elregionalvm.com.ar\/noticias-villa-maria\/wp-content\/uploads\/2023\/11\/WhatsApp-Image-2023-11-16-at-13.57.55.jpeg?fit=1280%2C853&ssl=1\",\"datePublished\":\"2023-11-16T17:31:57+00:00\",\"dateModified\":\"2023-11-16T17:32:00+00:00\",\"author\":{\"@id\":\"http:\/\/elregionalvm.com.ar\/noticias-villa-maria\/#\/schema\/person\/a0fb9c422317faca23d50163151bc354\"},\"breadcrumb\":{\"@id\":\"https:\/\/elregionalvm.com.ar\/noticias-villa-maria\/villa-maria-se-une-a-la-semana-nacional-de-la-economia-social-y-solidaria\/#breadcrumb\"},\"inLanguage\":\"es\",\"potentialAction\":[{\"@type\":\"ReadAction\",\"target\":[\"https:\/\/elregionalvm.com.ar\/noticias-villa-maria\/villa-maria-se-une-a-la-semana-nacional-de-la-economia-social-y-solidaria\/\"]}]},{\"@type\":\"ImageObject\",\"inLanguage\":\"es\",\"@id\":\"https:\/\/elregionalvm.com.ar\/noticias-villa-maria\/villa-maria-se-une-a-la-semana-nacional-de-la-economia-social-y-solidaria\/#primaryimage\",\"url\":\"https:\/\/i0.wp.com\/elregionalvm.com.ar\/noticias-villa-maria\/wp-content\/uploads\/2023\/11\/WhatsApp-Image-2023-11-16-at-13.57.55.jpeg?fit=1280%2C853&ssl=1\",\"contentUrl\":\"https:\/\/i0.wp.com\/elregionalvm.com.ar\/noticias-villa-maria\/wp-content\/uploads\/2023\/11\/WhatsApp-Image-2023-11-16-at-13.57.55.jpeg?fit=1280%2C853&ssl=1\",\"width\":1280,\"height\":853},{\"@type\":\"BreadcrumbList\",\"@id\":\"https:\/\/elregionalvm.com.ar\/noticias-villa-maria\/villa-maria-se-une-a-la-semana-nacional-de-la-economia-social-y-solidaria\/#breadcrumb\",\"itemListElement\":[{\"@type\":\"ListItem\",\"position\":1,\"name\":\"Portada\",\"item\":\"https:\/\/elregionalvm.com.ar\/noticias-villa-maria\/\"},{\"@type\":\"ListItem\",\"position\":2,\"name\":\"Villa Mar\u00eda se une a la Semana Nacional de la Econom\u00eda Social y Solidaria\"}]},{\"@type\":\"WebSite\",\"@id\":\"http:\/\/elregionalvm.com.ar\/noticias-villa-maria\/#website\",\"url\":\"http:\/\/elregionalvm.com.ar\/noticias-villa-maria\/\",\"name\":\"El Regional\",\"description\":\"Mucho m\u00e1s que informaci\u00f3n\",\"potentialAction\":[{\"@type\":\"SearchAction\",\"target\":{\"@type\":\"EntryPoint\",\"urlTemplate\":\"http:\/\/elregionalvm.com.ar\/noticias-villa-maria\/?s={search_term_string}\"},\"query-input\":{\"@type\":\"PropertyValueSpecification\",\"valueRequired\":true,\"valueName\":\"search_term_string\"}}],\"inLanguage\":\"es\"},{\"@type\":\"Person\",\"@id\":\"http:\/\/elregionalvm.com.ar\/noticias-villa-maria\/#\/schema\/person\/a0fb9c422317faca23d50163151bc354\",\"name\":\"Contenidos El Regional\",\"image\":{\"@type\":\"ImageObject\",\"inLanguage\":\"es\",\"@id\":\"http:\/\/elregionalvm.com.ar\/noticias-villa-maria\/#\/schema\/person\/image\/\",\"url\":\"https:\/\/secure.gravatar.com\/avatar\/265b27cb2209af7bb3a1318f03305787d7981a5cc6e6cd08fe5a4ecdf99d4b48?s=96&d=mm&r=g\",\"contentUrl\":\"https:\/\/secure.gravatar.com\/avatar\/265b27cb2209af7bb3a1318f03305787d7981a5cc6e6cd08fe5a4ecdf99d4b48?s=96&d=mm&r=g\",\"caption\":\"Contenidos El Regional\"},\"url\":\"https:\/\/elregionalvm.com.ar\/noticias-villa-maria\/author\/contenido\/\"}]}<\/script>\n<!-- \/ Yoast SEO plugin. -->","yoast_head_json":{"title":"Villa Mar\u00eda se une a la Semana Nacional de la Econom\u00eda Social y Solidaria - El Regional","robots":{"index":"index","follow":"follow","max-snippet":"max-snippet:-1","max-image-preview":"max-image-preview:large","max-video-preview":"max-video-preview:-1"},"canonical":"https:\/\/elregionalvm.com.ar\/noticias-villa-maria\/villa-maria-se-une-a-la-semana-nacional-de-la-economia-social-y-solidaria\/","og_locale":"es_ES","og_type":"article","og_title":"Villa Mar\u00eda se une a la Semana Nacional de la Econom\u00eda Social y Solidaria - El Regional","og_description":"En el marco de la Semana Nacional de la Econom\u00eda Social y Solidaria, que tiene lugar cada noviembre, el municipio, junto a instituciones y entidades del sector, present\u00f3 su agenda de propuestas abiertas a todo p\u00fablico, en sinton\u00eda con las pol\u00edticas que buscan promover el fortalecimiento de la econom\u00eda local. Las actividades se llevar\u00e1n a [&hellip;]","og_url":"https:\/\/elregionalvm.com.ar\/noticias-villa-maria\/villa-maria-se-une-a-la-semana-nacional-de-la-economia-social-y-solidaria\/","og_site_name":"El Regional","article_publisher":"https:\/\/www.facebook.com\/elregionalvm","article_published_time":"2023-11-16T17:31:57+00:00","article_modified_time":"2023-11-16T17:32:00+00:00","og_image":[{"width":1280,"height":853,"url":"https:\/\/elregionalvm.com.ar\/noticias-villa-maria\/wp-content\/uploads\/2023\/11\/WhatsApp-Image-2023-11-16-at-13.57.55.jpeg","type":"image\/jpeg"}],"author":"Contenidos El Regional","twitter_card":"summary_large_image","twitter_creator":"@elregionalvm1","twitter_site":"@elregionalvm1","twitter_misc":{"Escrito por":"Contenidos El Regional","Tiempo de lectura":"4 minutos"},"schema":{"@context":"https:\/\/schema.org","@graph":[{"@type":"Article","@id":"https:\/\/elregionalvm.com.ar\/noticias-villa-maria\/villa-maria-se-une-a-la-semana-nacional-de-la-economia-social-y-solidaria\/#article","isPartOf":{"@id":"https:\/\/elregionalvm.com.ar\/noticias-villa-maria\/villa-maria-se-une-a-la-semana-nacional-de-la-economia-social-y-solidaria\/"},"author":{"name":"Contenidos El Regional","@id":"http:\/\/elregionalvm.com.ar\/noticias-villa-maria\/#\/schema\/person\/a0fb9c422317faca23d50163151bc354"},"headline":"Villa Mar\u00eda se une a la Semana Nacional de la Econom\u00eda Social y Solidaria","datePublished":"2023-11-16T17:31:57+00:00","dateModified":"2023-11-16T17:32:00+00:00","mainEntityOfPage":{"@id":"https:\/\/elregionalvm.com.ar\/noticias-villa-maria\/villa-maria-se-une-a-la-semana-nacional-de-la-economia-social-y-solidaria\/"},"wordCount":837,"commentCount":0,"image":{"@id":"https:\/\/elregionalvm.com.ar\/noticias-villa-maria\/villa-maria-se-une-a-la-semana-nacional-de-la-economia-social-y-solidaria\/#primaryimage"},"thumbnailUrl":"https:\/\/i0.wp.com\/elregionalvm.com.ar\/noticias-villa-maria\/wp-content\/uploads\/2023\/11\/WhatsApp-Image-2023-11-16-at-13.57.55.jpeg?fit=1280%2C853&ssl=1","articleSection":["destacado","Sociedad","Villa Mar\u00eda"],"inLanguage":"es","potentialAction":[{"@type":"CommentAction","name":"Comment","target":["https:\/\/elregionalvm.com.ar\/noticias-villa-maria\/villa-maria-se-une-a-la-semana-nacional-de-la-economia-social-y-solidaria\/#respond"]}]},{"@type":"WebPage","@id":"https:\/\/elregionalvm.com.ar\/noticias-villa-maria\/villa-maria-se-une-a-la-semana-nacional-de-la-economia-social-y-solidaria\/","url":"https:\/\/elregionalvm.com.ar\/noticias-villa-maria\/villa-maria-se-une-a-la-semana-nacional-de-la-economia-social-y-solidaria\/","name":"Villa Mar\u00eda se une a la Semana Nacional de la Econom\u00eda Social y Solidaria - El Regional","isPartOf":{"@id":"http:\/\/elregionalvm.com.ar\/noticias-villa-maria\/#website"},"primaryImageOfPage":{"@id":"https:\/\/elregionalvm.com.ar\/noticias-villa-maria\/villa-maria-se-une-a-la-semana-nacional-de-la-economia-social-y-solidaria\/#primaryimage"},"image":{"@id":"https:\/\/elregionalvm.com.ar\/noticias-villa-maria\/villa-maria-se-une-a-la-semana-nacional-de-la-economia-social-y-solidaria\/#primaryimage"},"thumbnailUrl":"https:\/\/i0.wp.com\/elregionalvm.com.ar\/noticias-villa-maria\/wp-content\/uploads\/2023\/11\/WhatsApp-Image-2023-11-16-at-13.57.55.jpeg?fit=1280%2C853&ssl=1","datePublished":"2023-11-16T17:31:57+00:00","dateModified":"2023-11-16T17:32:00+00:00","author":{"@id":"http:\/\/elregionalvm.com.ar\/noticias-villa-maria\/#\/schema\/person\/a0fb9c422317faca23d50163151bc354"},"breadcrumb":{"@id":"https:\/\/elregionalvm.com.ar\/noticias-villa-maria\/villa-maria-se-une-a-la-semana-nacional-de-la-economia-social-y-solidaria\/#breadcrumb"},"inLanguage":"es","potentialAction":[{"@type":"ReadAction","target":["https:\/\/elregionalvm.com.ar\/noticias-villa-maria\/villa-maria-se-une-a-la-semana-nacional-de-la-economia-social-y-solidaria\/"]}]},{"@type":"ImageObject","inLanguage":"es","@id":"https:\/\/elregionalvm.com.ar\/noticias-villa-maria\/villa-maria-se-une-a-la-semana-nacional-de-la-economia-social-y-solidaria\/#primaryimage","url":"https:\/\/i0.wp.com\/elregionalvm.com.ar\/noticias-villa-maria\/wp-content\/uploads\/2023\/11\/WhatsApp-Image-2023-11-16-at-13.57.55.jpeg?fit=1280%2C853&ssl=1","contentUrl":"https:\/\/i0.wp.com\/elregionalvm.com.ar\/noticias-villa-maria\/wp-content\/uploads\/2023\/11\/WhatsApp-Image-2023-11-16-at-13.57.55.jpeg?fit=1280%2C853&ssl=1","width":1280,"height":853},{"@type":"BreadcrumbList","@id":"https:\/\/elregionalvm.com.ar\/noticias-villa-maria\/villa-maria-se-une-a-la-semana-nacional-de-la-economia-social-y-solidaria\/#breadcrumb","itemListElement":[{"@type":"ListItem","position":1,"name":"Portada","item":"https:\/\/elregionalvm.com.ar\/noticias-villa-maria\/"},{"@type":"ListItem","position":2,"name":"Villa Mar\u00eda se une a la Semana Nacional de la Econom\u00eda Social y Solidaria"}]},{"@type":"WebSite","@id":"http:\/\/elregionalvm.com.ar\/noticias-villa-maria\/#website","url":"http:\/\/elregionalvm.com.ar\/noticias-villa-maria\/","name":"El Regional","description":"Mucho m\u00e1s que informaci\u00f3n","potentialAction":[{"@type":"SearchAction","target":{"@type":"EntryPoint","urlTemplate":"http:\/\/elregionalvm.com.ar\/noticias-villa-maria\/?s={search_term_string}"},"query-input":{"@type":"PropertyValueSpecification","valueRequired":true,"valueName":"search_term_string"}}],"inLanguage":"es"},{"@type":"Person","@id":"http:\/\/elregionalvm.com.ar\/noticias-villa-maria\/#\/schema\/person\/a0fb9c422317faca23d50163151bc354","name":"Contenidos El Regional","image":{"@type":"ImageObject","inLanguage":"es","@id":"http:\/\/elregionalvm.com.ar\/noticias-villa-maria\/#\/schema\/person\/image\/","url":"https:\/\/secure.gravatar.com\/avatar\/265b27cb2209af7bb3a1318f03305787d7981a5cc6e6cd08fe5a4ecdf99d4b48?s=96&d=mm&r=g","contentUrl":"https:\/\/secure.gravatar.com\/avatar\/265b27cb2209af7bb3a1318f03305787d7981a5cc6e6cd08fe5a4ecdf99d4b48?s=96&d=mm&r=g","caption":"Contenidos El Regional"},"url":"https:\/\/elregionalvm.com.ar\/noticias-villa-maria\/author\/contenido\/"}]}},"jetpack_featured_media_url":"https:\/\/i0.wp.com\/elregionalvm.com.ar\/noticias-villa-maria\/wp-content\/uploads\/2023\/11\/WhatsApp-Image-2023-11-16-at-13.57.55.jpeg?fit=1280%2C853&ssl=1","jetpack_sharing_enabled":true,"_links":{"self":[{"href":"https:\/\/elregionalvm.com.ar\/noticias-villa-maria\/wp-json\/wp\/v2\/posts\/85904","targetHints":{"allow":["GET"]}}],"collection":[{"href":"https:\/\/elregionalvm.com.ar\/noticias-villa-maria\/wp-json\/wp\/v2\/posts"}],"about":[{"href":"https:\/\/elregionalvm.com.ar\/noticias-villa-maria\/wp-json\/wp\/v2\/types\/post"}],"author":[{"embeddable":true,"href":"https:\/\/elregionalvm.com.ar\/noticias-villa-maria\/wp-json\/wp\/v2\/users\/4"}],"replies":[{"embeddable":true,"href":"https:\/\/elregionalvm.com.ar\/noticias-villa-maria\/wp-json\/wp\/v2\/comments?post=85904"}],"version-history":[{"count":1,"href":"https:\/\/elregionalvm.com.ar\/noticias-villa-maria\/wp-json\/wp\/v2\/posts\/85904\/revisions"}],"predecessor-version":[{"id":85907,"href":"https:\/\/elregionalvm.com.ar\/noticias-villa-maria\/wp-json\/wp\/v2\/posts\/85904\/revisions\/85907"}],"wp:featuredmedia":[{"embeddable":true,"href":"https:\/\/elregionalvm.com.ar\/noticias-villa-maria\/wp-json\/wp\/v2\/media\/85905"}],"wp:attachment":[{"href":"https:\/\/elregionalvm.com.ar\/noticias-villa-maria\/wp-json\/wp\/v2\/media?parent=85904"}],"wp:term":[{"taxonomy":"category","embeddable":true,"href":"https:\/\/elregionalvm.com.ar\/noticias-villa-maria\/wp-json\/wp\/v2\/categories?post=85904"},{"taxonomy":"post_tag","embeddable":true,"href":"https:\/\/elregionalvm.com.ar\/noticias-villa-maria\/wp-json\/wp\/v2\/tags?post=85904"}],"curies":[{"name":"wp","href":"https:\/\/api.w.org\/{rel}","templated":true}]}}