{"id":85918,"date":"2023-11-16T17:56:47","date_gmt":"2023-11-16T17:56:47","guid":{"rendered":"https:\/\/elregionalvm.com.ar\/noticias-villa-maria\/?p=85918"},"modified":"2023-11-16T17:56:49","modified_gmt":"2023-11-16T17:56:49","slug":"crean-la-agencia-agro-cordoba-para-afrontar-obras-que-favorezcan-la-produccion","status":"publish","type":"post","link":"https:\/\/elregionalvm.com.ar\/noticias-villa-maria\/crean-la-agencia-agro-cordoba-para-afrontar-obras-que-favorezcan-la-produccion\/","title":{"rendered":"Crean la Agencia Agro C\u00f3rdoba, para afrontar obras que favorezcan la producci\u00f3n"},"content":{"rendered":"\n<p>En la trig\u00e9sima quinta sesi\u00f3n ordinaria qued\u00f3 aprobado el proyecto de ley referido a la creaci\u00f3n de la Agencia Agro C\u00f3rdoba \u2013 Sociedad de Econom\u00eda Mixta.<\/p>\n\n\n\n<p>La mencionada agencia tiene como objetivo actuar como una entidad de colaboraci\u00f3n entre los sectores p\u00fablico y privado. Se basa en un enfoque espec\u00edfico referido a la implementaci\u00f3n y gesti\u00f3n del Fideicomiso para el Desarrollo Agropecuario (FDA), la herramienta que permite que el campo cordob\u00e9s disponga de recursos para afrontar obras de infraestructura y mejoramiento de la red secundaria y terciaria.<\/p>\n\n\n\n<p>Cabe mencionar que el FDA funciona en virtud de recursos recaudados por el Impuesto Inmobiliario Rural, de lo cual resulta que los tributos de los productores vuelven al sector a trav\u00e9s de obras, programas y proyectos.<\/p>\n\n\n\n<p>Bajo esta iniciativa, la Agencia Agro C\u00f3rdoba estar\u00e1&nbsp;<strong>facultada para coordinar la financiaci\u00f3n de obras, acciones, planes, programas y proyectos<\/strong>&nbsp;ante el FDA, as\u00ed como ante instituciones financieras, entidades p\u00fablicas y privadas e individuos.<\/p>\n\n\n\n<p>La estructura interna de Agro C\u00f3rdoba se establecer\u00e1 mediante un directorio compuesto por representantes de los ministerios de Agricultura y Ganader\u00eda, Obras P\u00fablicas, Finanzas y Servicios P\u00fablicos. Estas designaciones se alinear\u00e1n con las competencias espec\u00edficas atribuidas a cada una de las mencionadas carteras. Adem\u00e1s, el directorio incluir\u00e1 representantes del sector privado vinculados al \u00e1mbito agropecuario y\/o agroalimentario.<\/p>\n\n\n\n<p>El legislador&nbsp;<strong>Alfredo Altamirano<\/strong>&nbsp;dijo en su mensaje ante el pleno que esta agencia se crea&nbsp;<em>\u201ccon el fin de consolidar y profundizar el compromiso del Gobierno en cuanto a la gesti\u00f3n de obras de infraestructura, programas y acciones que permitan el desarrollo agropecuario y agro alimentario de C\u00f3rdoba\u201d<\/em>.https:\/\/www.youtube.com\/embed\/LKd5eLAY9s0?si=vZ7sAwWDCml-ayDj<\/p>\n\n\n\n<p>Por su parte, el legislador&nbsp;<strong>Ra\u00fal Recalde<\/strong>, del bloque Juntos por el Cambio, destac\u00f3 que esta creaci\u00f3n cont\u00f3&nbsp;<em>\u201ccon el respaldo de los productores rurales representados por las entidades que integran la Mesa de Enlace, que estuvieron presentes en la reuni\u00f3n de comisi\u00f3n que se hizo la semana pasada\u201d<\/em>.<\/p>\n\n\n\n<p>Recalde destac\u00f3 que en esa oportunidad hicieron uso de la palabra\u00a0<em>\u201cla presidenta de Coninagro y el expresidente de Cartes, miembro de CRAC. Tambi\u00e9n habl\u00f3 el presidente de Federaci\u00f3n Agraria y una representante de la Sociedad Rural Argentina, manifestando su total acuerdo y complacencia con la creaci\u00f3n de esta entidad\u201d<\/em>.<\/p>\n\n\n\n<figure class=\"wp-block-image size-full\"><img data-recalc-dims=\"1\" fetchpriority=\"high\" decoding=\"async\" width=\"990\" height=\"660\" src=\"https:\/\/i0.wp.com\/elregionalvm.com.ar\/noticias-villa-maria\/wp-content\/uploads\/2023\/11\/35o-Sesion-Ordinaria-1.jpg?resize=990%2C660&#038;ssl=1\" alt=\"\" class=\"wp-image-85919\" srcset=\"https:\/\/i0.wp.com\/elregionalvm.com.ar\/noticias-villa-maria\/wp-content\/uploads\/2023\/11\/35o-Sesion-Ordinaria-1.jpg?w=990&amp;ssl=1 990w, https:\/\/i0.wp.com\/elregionalvm.com.ar\/noticias-villa-maria\/wp-content\/uploads\/2023\/11\/35o-Sesion-Ordinaria-1.jpg?resize=300%2C200&amp;ssl=1 300w, https:\/\/i0.wp.com\/elregionalvm.com.ar\/noticias-villa-maria\/wp-content\/uploads\/2023\/11\/35o-Sesion-Ordinaria-1.jpg?resize=768%2C512&amp;ssl=1 768w\" sizes=\"(max-width: 990px) 100vw, 990px\" \/><\/figure>\n\n\n\n<p><em>\u201cDa tranquilidad que los productores representados por estas entidades est\u00e9n de acuerdo con la creaci\u00f3n de esta sociedad mixta estatal y privada\u201d<\/em>, afirm\u00f3.<\/p>\n\n\n\n<p>El proyecto cont\u00f3 con el acompa\u00f1amiento de los bloques&nbsp;<strong>Hacemos por C\u00f3rdoba<\/strong>,&nbsp;<strong>Juntos por el Cambio<\/strong>,&nbsp;<strong>Identidad Peronista<\/strong>&nbsp;y&nbsp;<strong>C\u00f3rdoba Aut\u00e9ntica<\/strong>. Votaron de forma negativa los bloques&nbsp;<strong>MST<\/strong>,&nbsp;<strong>Izquierda Unida<\/strong>,&nbsp;<strong>Encuentro Vecinal<\/strong>,&nbsp;<strong>Bloque Independiente<\/strong>&nbsp;y&nbsp;<strong>Juntos-UCR<\/strong>.<\/p>\n\n\n\n<p>En tanto, el legislador&nbsp;<strong>Antonio Rins<\/strong>&nbsp;se abstuvo.<\/p>\n","protected":false},"excerpt":{"rendered":"<p>En la trig\u00e9sima quinta sesi\u00f3n ordinaria qued\u00f3 aprobado el proyecto de ley referido a la creaci\u00f3n de la Agencia Agro C\u00f3rdoba \u2013 Sociedad de Econom\u00eda Mixta. La mencionada agencia tiene como objetivo actuar como una entidad de colaboraci\u00f3n entre los sectores p\u00fablico y privado. Se basa en un enfoque espec\u00edfico referido a la implementaci\u00f3n y [&hellip;]<\/p>\n","protected":false},"author":4,"featured_media":85920,"comment_status":"open","ping_status":"open","sticky":false,"template":"","format":"standard","meta":{"site-sidebar-layout":"default","site-content-layout":"","ast-site-content-layout":"default","site-content-style":"default","site-sidebar-style":"default","ast-global-header-display":"","ast-banner-title-visibility":"","ast-main-header-display":"","ast-hfb-above-header-display":"","ast-hfb-below-header-display":"","ast-hfb-mobile-header-display":"","site-post-title":"","ast-breadcrumbs-content":"","ast-featured-img":"","footer-sml-layout":"","ast-disable-related-posts":"","theme-transparent-header-meta":"","adv-header-id-meta":"","stick-header-meta":"","header-above-stick-meta":"","header-main-stick-meta":"","header-below-stick-meta":"","astra-migrate-meta-layouts":"set","ast-page-background-enabled":"default","ast-page-background-meta":{"desktop":{"background-color":"","background-image":"","background-repeat":"repeat","background-position":"center center","background-size":"auto","background-attachment":"scroll","background-type":"","background-media":"","overlay-type":"","overlay-color":"","overlay-opacity":"","overlay-gradient":""},"tablet":{"background-color":"","background-image":"","background-repeat":"repeat","background-position":"center center","background-size":"auto","background-attachment":"scroll","background-type":"","background-media":"","overlay-type":"","overlay-color":"","overlay-opacity":"","overlay-gradient":""},"mobile":{"background-color":"","background-image":"","background-repeat":"repeat","background-position":"center center","background-size":"auto","background-attachment":"scroll","background-type":"","background-media":"","overlay-type":"","overlay-color":"","overlay-opacity":"","overlay-gradient":""}},"ast-content-background-meta":{"desktop":{"background-color":"var(--ast-global-color-5)","background-image":"","background-repeat":"repeat","background-position":"center center","background-size":"auto","background-attachment":"scroll","background-type":"","background-media":"","overlay-type":"","overlay-color":"","overlay-opacity":"","overlay-gradient":""},"tablet":{"background-color":"var(--ast-global-color-5)","background-image":"","background-repeat":"repeat","background-position":"center center","background-size":"auto","background-attachment":"scroll","background-type":"","background-media":"","overlay-type":"","overlay-color":"","overlay-opacity":"","overlay-gradient":""},"mobile":{"background-color":"var(--ast-global-color-5)","background-image":"","background-repeat":"repeat","background-position":"center center","background-size":"auto","background-attachment":"scroll","background-type":"","background-media":"","overlay-type":"","overlay-color":"","overlay-opacity":"","overlay-gradient":""}},"_jetpack_memberships_contains_paid_content":false,"_joinchat":[],"footnotes":""},"categories":[15302,16095,5],"tags":[],"class_list":["post-85918","post","type-post","status-publish","format-standard","has-post-thumbnail","hentry","category-destacado","category-provinciales","category-sociedad"],"yoast_head":"<!-- This site is optimized with the Yoast SEO plugin v26.8 - https:\/\/yoast.com\/product\/yoast-seo-wordpress\/ -->\n<title>Crean la Agencia Agro C\u00f3rdoba, para afrontar obras que favorezcan la producci\u00f3n - El Regional<\/title>\n<meta name=\"robots\" content=\"index, follow, max-snippet:-1, max-image-preview:large, max-video-preview:-1\" \/>\n<link rel=\"canonical\" href=\"https:\/\/elregionalvm.com.ar\/noticias-villa-maria\/crean-la-agencia-agro-cordoba-para-afrontar-obras-que-favorezcan-la-produccion\/\" \/>\n<meta property=\"og:locale\" content=\"es_ES\" \/>\n<meta property=\"og:type\" content=\"article\" \/>\n<meta property=\"og:title\" content=\"Crean la Agencia Agro C\u00f3rdoba, para afrontar obras que favorezcan la producci\u00f3n - El Regional\" \/>\n<meta property=\"og:description\" content=\"En la trig\u00e9sima quinta sesi\u00f3n ordinaria qued\u00f3 aprobado el proyecto de ley referido a la creaci\u00f3n de la Agencia Agro C\u00f3rdoba \u2013 Sociedad de Econom\u00eda Mixta. La mencionada agencia tiene como objetivo actuar como una entidad de colaboraci\u00f3n entre los sectores p\u00fablico y privado. Se basa en un enfoque espec\u00edfico referido a la implementaci\u00f3n y [&hellip;]\" \/>\n<meta property=\"og:url\" content=\"https:\/\/elregionalvm.com.ar\/noticias-villa-maria\/crean-la-agencia-agro-cordoba-para-afrontar-obras-que-favorezcan-la-produccion\/\" \/>\n<meta property=\"og:site_name\" content=\"El Regional\" \/>\n<meta property=\"article:publisher\" content=\"https:\/\/www.facebook.com\/elregionalvm\" \/>\n<meta property=\"article:published_time\" content=\"2023-11-16T17:56:47+00:00\" \/>\n<meta property=\"article:modified_time\" content=\"2023-11-16T17:56:49+00:00\" \/>\n<meta property=\"og:image\" content=\"https:\/\/elregionalvm.com.ar\/noticias-villa-maria\/wp-content\/uploads\/2023\/11\/35o-Sesion-Ordinaria_8-1.jpg\" \/>\n\t<meta property=\"og:image:width\" content=\"990\" \/>\n\t<meta property=\"og:image:height\" content=\"660\" \/>\n\t<meta property=\"og:image:type\" content=\"image\/jpeg\" \/>\n<meta name=\"author\" content=\"Contenidos El Regional\" \/>\n<meta name=\"twitter:card\" content=\"summary_large_image\" \/>\n<meta name=\"twitter:creator\" content=\"@elregionalvm1\" \/>\n<meta name=\"twitter:site\" content=\"@elregionalvm1\" \/>\n<meta name=\"twitter:label1\" content=\"Escrito por\" \/>\n\t<meta name=\"twitter:data1\" content=\"Contenidos El Regional\" \/>\n\t<meta name=\"twitter:label2\" content=\"Tiempo de lectura\" \/>\n\t<meta name=\"twitter:data2\" content=\"3 minutos\" \/>\n<script type=\"application\/ld+json\" class=\"yoast-schema-graph\">{\"@context\":\"https:\/\/schema.org\",\"@graph\":[{\"@type\":\"Article\",\"@id\":\"https:\/\/elregionalvm.com.ar\/noticias-villa-maria\/crean-la-agencia-agro-cordoba-para-afrontar-obras-que-favorezcan-la-produccion\/#article\",\"isPartOf\":{\"@id\":\"https:\/\/elregionalvm.com.ar\/noticias-villa-maria\/crean-la-agencia-agro-cordoba-para-afrontar-obras-que-favorezcan-la-produccion\/\"},\"author\":{\"name\":\"Contenidos El Regional\",\"@id\":\"http:\/\/elregionalvm.com.ar\/noticias-villa-maria\/#\/schema\/person\/a0fb9c422317faca23d50163151bc354\"},\"headline\":\"Crean la Agencia Agro C\u00f3rdoba, para afrontar obras que favorezcan la producci\u00f3n\",\"datePublished\":\"2023-11-16T17:56:47+00:00\",\"dateModified\":\"2023-11-16T17:56:49+00:00\",\"mainEntityOfPage\":{\"@id\":\"https:\/\/elregionalvm.com.ar\/noticias-villa-maria\/crean-la-agencia-agro-cordoba-para-afrontar-obras-que-favorezcan-la-produccion\/\"},\"wordCount\":511,\"commentCount\":0,\"image\":{\"@id\":\"https:\/\/elregionalvm.com.ar\/noticias-villa-maria\/crean-la-agencia-agro-cordoba-para-afrontar-obras-que-favorezcan-la-produccion\/#primaryimage\"},\"thumbnailUrl\":\"https:\/\/i0.wp.com\/elregionalvm.com.ar\/noticias-villa-maria\/wp-content\/uploads\/2023\/11\/35o-Sesion-Ordinaria_8-1.jpg?fit=990%2C660&ssl=1\",\"articleSection\":[\"destacado\",\"Provinciales\",\"Sociedad\"],\"inLanguage\":\"es\",\"potentialAction\":[{\"@type\":\"CommentAction\",\"name\":\"Comment\",\"target\":[\"https:\/\/elregionalvm.com.ar\/noticias-villa-maria\/crean-la-agencia-agro-cordoba-para-afrontar-obras-que-favorezcan-la-produccion\/#respond\"]}]},{\"@type\":\"WebPage\",\"@id\":\"https:\/\/elregionalvm.com.ar\/noticias-villa-maria\/crean-la-agencia-agro-cordoba-para-afrontar-obras-que-favorezcan-la-produccion\/\",\"url\":\"https:\/\/elregionalvm.com.ar\/noticias-villa-maria\/crean-la-agencia-agro-cordoba-para-afrontar-obras-que-favorezcan-la-produccion\/\",\"name\":\"Crean la Agencia Agro C\u00f3rdoba, para afrontar obras que favorezcan la producci\u00f3n - El Regional\",\"isPartOf\":{\"@id\":\"http:\/\/elregionalvm.com.ar\/noticias-villa-maria\/#website\"},\"primaryImageOfPage\":{\"@id\":\"https:\/\/elregionalvm.com.ar\/noticias-villa-maria\/crean-la-agencia-agro-cordoba-para-afrontar-obras-que-favorezcan-la-produccion\/#primaryimage\"},\"image\":{\"@id\":\"https:\/\/elregionalvm.com.ar\/noticias-villa-maria\/crean-la-agencia-agro-cordoba-para-afrontar-obras-que-favorezcan-la-produccion\/#primaryimage\"},\"thumbnailUrl\":\"https:\/\/i0.wp.com\/elregionalvm.com.ar\/noticias-villa-maria\/wp-content\/uploads\/2023\/11\/35o-Sesion-Ordinaria_8-1.jpg?fit=990%2C660&ssl=1\",\"datePublished\":\"2023-11-16T17:56:47+00:00\",\"dateModified\":\"2023-11-16T17:56:49+00:00\",\"author\":{\"@id\":\"http:\/\/elregionalvm.com.ar\/noticias-villa-maria\/#\/schema\/person\/a0fb9c422317faca23d50163151bc354\"},\"breadcrumb\":{\"@id\":\"https:\/\/elregionalvm.com.ar\/noticias-villa-maria\/crean-la-agencia-agro-cordoba-para-afrontar-obras-que-favorezcan-la-produccion\/#breadcrumb\"},\"inLanguage\":\"es\",\"potentialAction\":[{\"@type\":\"ReadAction\",\"target\":[\"https:\/\/elregionalvm.com.ar\/noticias-villa-maria\/crean-la-agencia-agro-cordoba-para-afrontar-obras-que-favorezcan-la-produccion\/\"]}]},{\"@type\":\"ImageObject\",\"inLanguage\":\"es\",\"@id\":\"https:\/\/elregionalvm.com.ar\/noticias-villa-maria\/crean-la-agencia-agro-cordoba-para-afrontar-obras-que-favorezcan-la-produccion\/#primaryimage\",\"url\":\"https:\/\/i0.wp.com\/elregionalvm.com.ar\/noticias-villa-maria\/wp-content\/uploads\/2023\/11\/35o-Sesion-Ordinaria_8-1.jpg?fit=990%2C660&ssl=1\",\"contentUrl\":\"https:\/\/i0.wp.com\/elregionalvm.com.ar\/noticias-villa-maria\/wp-content\/uploads\/2023\/11\/35o-Sesion-Ordinaria_8-1.jpg?fit=990%2C660&ssl=1\",\"width\":990,\"height\":660},{\"@type\":\"BreadcrumbList\",\"@id\":\"https:\/\/elregionalvm.com.ar\/noticias-villa-maria\/crean-la-agencia-agro-cordoba-para-afrontar-obras-que-favorezcan-la-produccion\/#breadcrumb\",\"itemListElement\":[{\"@type\":\"ListItem\",\"position\":1,\"name\":\"Portada\",\"item\":\"https:\/\/elregionalvm.com.ar\/noticias-villa-maria\/\"},{\"@type\":\"ListItem\",\"position\":2,\"name\":\"Crean la Agencia Agro C\u00f3rdoba, para afrontar obras que favorezcan la producci\u00f3n\"}]},{\"@type\":\"WebSite\",\"@id\":\"http:\/\/elregionalvm.com.ar\/noticias-villa-maria\/#website\",\"url\":\"http:\/\/elregionalvm.com.ar\/noticias-villa-maria\/\",\"name\":\"El Regional\",\"description\":\"Mucho m\u00e1s que informaci\u00f3n\",\"potentialAction\":[{\"@type\":\"SearchAction\",\"target\":{\"@type\":\"EntryPoint\",\"urlTemplate\":\"http:\/\/elregionalvm.com.ar\/noticias-villa-maria\/?s={search_term_string}\"},\"query-input\":{\"@type\":\"PropertyValueSpecification\",\"valueRequired\":true,\"valueName\":\"search_term_string\"}}],\"inLanguage\":\"es\"},{\"@type\":\"Person\",\"@id\":\"http:\/\/elregionalvm.com.ar\/noticias-villa-maria\/#\/schema\/person\/a0fb9c422317faca23d50163151bc354\",\"name\":\"Contenidos El Regional\",\"image\":{\"@type\":\"ImageObject\",\"inLanguage\":\"es\",\"@id\":\"http:\/\/elregionalvm.com.ar\/noticias-villa-maria\/#\/schema\/person\/image\/\",\"url\":\"https:\/\/secure.gravatar.com\/avatar\/265b27cb2209af7bb3a1318f03305787d7981a5cc6e6cd08fe5a4ecdf99d4b48?s=96&d=mm&r=g\",\"contentUrl\":\"https:\/\/secure.gravatar.com\/avatar\/265b27cb2209af7bb3a1318f03305787d7981a5cc6e6cd08fe5a4ecdf99d4b48?s=96&d=mm&r=g\",\"caption\":\"Contenidos El Regional\"},\"url\":\"https:\/\/elregionalvm.com.ar\/noticias-villa-maria\/author\/contenido\/\"}]}<\/script>\n<!-- \/ Yoast SEO plugin. -->","yoast_head_json":{"title":"Crean la Agencia Agro C\u00f3rdoba, para afrontar obras que favorezcan la producci\u00f3n - El Regional","robots":{"index":"index","follow":"follow","max-snippet":"max-snippet:-1","max-image-preview":"max-image-preview:large","max-video-preview":"max-video-preview:-1"},"canonical":"https:\/\/elregionalvm.com.ar\/noticias-villa-maria\/crean-la-agencia-agro-cordoba-para-afrontar-obras-que-favorezcan-la-produccion\/","og_locale":"es_ES","og_type":"article","og_title":"Crean la Agencia Agro C\u00f3rdoba, para afrontar obras que favorezcan la producci\u00f3n - El Regional","og_description":"En la trig\u00e9sima quinta sesi\u00f3n ordinaria qued\u00f3 aprobado el proyecto de ley referido a la creaci\u00f3n de la Agencia Agro C\u00f3rdoba \u2013 Sociedad de Econom\u00eda Mixta. La mencionada agencia tiene como objetivo actuar como una entidad de colaboraci\u00f3n entre los sectores p\u00fablico y privado. Se basa en un enfoque espec\u00edfico referido a la implementaci\u00f3n y [&hellip;]","og_url":"https:\/\/elregionalvm.com.ar\/noticias-villa-maria\/crean-la-agencia-agro-cordoba-para-afrontar-obras-que-favorezcan-la-produccion\/","og_site_name":"El Regional","article_publisher":"https:\/\/www.facebook.com\/elregionalvm","article_published_time":"2023-11-16T17:56:47+00:00","article_modified_time":"2023-11-16T17:56:49+00:00","og_image":[{"width":990,"height":660,"url":"https:\/\/elregionalvm.com.ar\/noticias-villa-maria\/wp-content\/uploads\/2023\/11\/35o-Sesion-Ordinaria_8-1.jpg","type":"image\/jpeg"}],"author":"Contenidos El Regional","twitter_card":"summary_large_image","twitter_creator":"@elregionalvm1","twitter_site":"@elregionalvm1","twitter_misc":{"Escrito por":"Contenidos El Regional","Tiempo de lectura":"3 minutos"},"schema":{"@context":"https:\/\/schema.org","@graph":[{"@type":"Article","@id":"https:\/\/elregionalvm.com.ar\/noticias-villa-maria\/crean-la-agencia-agro-cordoba-para-afrontar-obras-que-favorezcan-la-produccion\/#article","isPartOf":{"@id":"https:\/\/elregionalvm.com.ar\/noticias-villa-maria\/crean-la-agencia-agro-cordoba-para-afrontar-obras-que-favorezcan-la-produccion\/"},"author":{"name":"Contenidos El Regional","@id":"http:\/\/elregionalvm.com.ar\/noticias-villa-maria\/#\/schema\/person\/a0fb9c422317faca23d50163151bc354"},"headline":"Crean la Agencia Agro C\u00f3rdoba, para afrontar obras que favorezcan la producci\u00f3n","datePublished":"2023-11-16T17:56:47+00:00","dateModified":"2023-11-16T17:56:49+00:00","mainEntityOfPage":{"@id":"https:\/\/elregionalvm.com.ar\/noticias-villa-maria\/crean-la-agencia-agro-cordoba-para-afrontar-obras-que-favorezcan-la-produccion\/"},"wordCount":511,"commentCount":0,"image":{"@id":"https:\/\/elregionalvm.com.ar\/noticias-villa-maria\/crean-la-agencia-agro-cordoba-para-afrontar-obras-que-favorezcan-la-produccion\/#primaryimage"},"thumbnailUrl":"https:\/\/i0.wp.com\/elregionalvm.com.ar\/noticias-villa-maria\/wp-content\/uploads\/2023\/11\/35o-Sesion-Ordinaria_8-1.jpg?fit=990%2C660&ssl=1","articleSection":["destacado","Provinciales","Sociedad"],"inLanguage":"es","potentialAction":[{"@type":"CommentAction","name":"Comment","target":["https:\/\/elregionalvm.com.ar\/noticias-villa-maria\/crean-la-agencia-agro-cordoba-para-afrontar-obras-que-favorezcan-la-produccion\/#respond"]}]},{"@type":"WebPage","@id":"https:\/\/elregionalvm.com.ar\/noticias-villa-maria\/crean-la-agencia-agro-cordoba-para-afrontar-obras-que-favorezcan-la-produccion\/","url":"https:\/\/elregionalvm.com.ar\/noticias-villa-maria\/crean-la-agencia-agro-cordoba-para-afrontar-obras-que-favorezcan-la-produccion\/","name":"Crean la Agencia Agro C\u00f3rdoba, para afrontar obras que favorezcan la producci\u00f3n - El Regional","isPartOf":{"@id":"http:\/\/elregionalvm.com.ar\/noticias-villa-maria\/#website"},"primaryImageOfPage":{"@id":"https:\/\/elregionalvm.com.ar\/noticias-villa-maria\/crean-la-agencia-agro-cordoba-para-afrontar-obras-que-favorezcan-la-produccion\/#primaryimage"},"image":{"@id":"https:\/\/elregionalvm.com.ar\/noticias-villa-maria\/crean-la-agencia-agro-cordoba-para-afrontar-obras-que-favorezcan-la-produccion\/#primaryimage"},"thumbnailUrl":"https:\/\/i0.wp.com\/elregionalvm.com.ar\/noticias-villa-maria\/wp-content\/uploads\/2023\/11\/35o-Sesion-Ordinaria_8-1.jpg?fit=990%2C660&ssl=1","datePublished":"2023-11-16T17:56:47+00:00","dateModified":"2023-11-16T17:56:49+00:00","author":{"@id":"http:\/\/elregionalvm.com.ar\/noticias-villa-maria\/#\/schema\/person\/a0fb9c422317faca23d50163151bc354"},"breadcrumb":{"@id":"https:\/\/elregionalvm.com.ar\/noticias-villa-maria\/crean-la-agencia-agro-cordoba-para-afrontar-obras-que-favorezcan-la-produccion\/#breadcrumb"},"inLanguage":"es","potentialAction":[{"@type":"ReadAction","target":["https:\/\/elregionalvm.com.ar\/noticias-villa-maria\/crean-la-agencia-agro-cordoba-para-afrontar-obras-que-favorezcan-la-produccion\/"]}]},{"@type":"ImageObject","inLanguage":"es","@id":"https:\/\/elregionalvm.com.ar\/noticias-villa-maria\/crean-la-agencia-agro-cordoba-para-afrontar-obras-que-favorezcan-la-produccion\/#primaryimage","url":"https:\/\/i0.wp.com\/elregionalvm.com.ar\/noticias-villa-maria\/wp-content\/uploads\/2023\/11\/35o-Sesion-Ordinaria_8-1.jpg?fit=990%2C660&ssl=1","contentUrl":"https:\/\/i0.wp.com\/elregionalvm.com.ar\/noticias-villa-maria\/wp-content\/uploads\/2023\/11\/35o-Sesion-Ordinaria_8-1.jpg?fit=990%2C660&ssl=1","width":990,"height":660},{"@type":"BreadcrumbList","@id":"https:\/\/elregionalvm.com.ar\/noticias-villa-maria\/crean-la-agencia-agro-cordoba-para-afrontar-obras-que-favorezcan-la-produccion\/#breadcrumb","itemListElement":[{"@type":"ListItem","position":1,"name":"Portada","item":"https:\/\/elregionalvm.com.ar\/noticias-villa-maria\/"},{"@type":"ListItem","position":2,"name":"Crean la Agencia Agro C\u00f3rdoba, para afrontar obras que favorezcan la producci\u00f3n"}]},{"@type":"WebSite","@id":"http:\/\/elregionalvm.com.ar\/noticias-villa-maria\/#website","url":"http:\/\/elregionalvm.com.ar\/noticias-villa-maria\/","name":"El Regional","description":"Mucho m\u00e1s que informaci\u00f3n","potentialAction":[{"@type":"SearchAction","target":{"@type":"EntryPoint","urlTemplate":"http:\/\/elregionalvm.com.ar\/noticias-villa-maria\/?s={search_term_string}"},"query-input":{"@type":"PropertyValueSpecification","valueRequired":true,"valueName":"search_term_string"}}],"inLanguage":"es"},{"@type":"Person","@id":"http:\/\/elregionalvm.com.ar\/noticias-villa-maria\/#\/schema\/person\/a0fb9c422317faca23d50163151bc354","name":"Contenidos El Regional","image":{"@type":"ImageObject","inLanguage":"es","@id":"http:\/\/elregionalvm.com.ar\/noticias-villa-maria\/#\/schema\/person\/image\/","url":"https:\/\/secure.gravatar.com\/avatar\/265b27cb2209af7bb3a1318f03305787d7981a5cc6e6cd08fe5a4ecdf99d4b48?s=96&d=mm&r=g","contentUrl":"https:\/\/secure.gravatar.com\/avatar\/265b27cb2209af7bb3a1318f03305787d7981a5cc6e6cd08fe5a4ecdf99d4b48?s=96&d=mm&r=g","caption":"Contenidos El Regional"},"url":"https:\/\/elregionalvm.com.ar\/noticias-villa-maria\/author\/contenido\/"}]}},"jetpack_featured_media_url":"https:\/\/i0.wp.com\/elregionalvm.com.ar\/noticias-villa-maria\/wp-content\/uploads\/2023\/11\/35o-Sesion-Ordinaria_8-1.jpg?fit=990%2C660&ssl=1","jetpack_sharing_enabled":true,"_links":{"self":[{"href":"https:\/\/elregionalvm.com.ar\/noticias-villa-maria\/wp-json\/wp\/v2\/posts\/85918","targetHints":{"allow":["GET"]}}],"collection":[{"href":"https:\/\/elregionalvm.com.ar\/noticias-villa-maria\/wp-json\/wp\/v2\/posts"}],"about":[{"href":"https:\/\/elregionalvm.com.ar\/noticias-villa-maria\/wp-json\/wp\/v2\/types\/post"}],"author":[{"embeddable":true,"href":"https:\/\/elregionalvm.com.ar\/noticias-villa-maria\/wp-json\/wp\/v2\/users\/4"}],"replies":[{"embeddable":true,"href":"https:\/\/elregionalvm.com.ar\/noticias-villa-maria\/wp-json\/wp\/v2\/comments?post=85918"}],"version-history":[{"count":1,"href":"https:\/\/elregionalvm.com.ar\/noticias-villa-maria\/wp-json\/wp\/v2\/posts\/85918\/revisions"}],"predecessor-version":[{"id":85921,"href":"https:\/\/elregionalvm.com.ar\/noticias-villa-maria\/wp-json\/wp\/v2\/posts\/85918\/revisions\/85921"}],"wp:featuredmedia":[{"embeddable":true,"href":"https:\/\/elregionalvm.com.ar\/noticias-villa-maria\/wp-json\/wp\/v2\/media\/85920"}],"wp:attachment":[{"href":"https:\/\/elregionalvm.com.ar\/noticias-villa-maria\/wp-json\/wp\/v2\/media?parent=85918"}],"wp:term":[{"taxonomy":"category","embeddable":true,"href":"https:\/\/elregionalvm.com.ar\/noticias-villa-maria\/wp-json\/wp\/v2\/categories?post=85918"},{"taxonomy":"post_tag","embeddable":true,"href":"https:\/\/elregionalvm.com.ar\/noticias-villa-maria\/wp-json\/wp\/v2\/tags?post=85918"}],"curies":[{"name":"wp","href":"https:\/\/api.w.org\/{rel}","templated":true}]}}