{"id":85928,"date":"2023-11-16T18:16:36","date_gmt":"2023-11-16T18:16:36","guid":{"rendered":"https:\/\/elregionalvm.com.ar\/noticias-villa-maria\/?p=85928"},"modified":"2023-11-16T18:16:37","modified_gmt":"2023-11-16T18:16:37","slug":"los-diques-de-cordoba-se-encuentran-cercanos-a-sus-niveles-medios-para-la-epoca-del-ano","status":"publish","type":"post","link":"https:\/\/elregionalvm.com.ar\/noticias-villa-maria\/los-diques-de-cordoba-se-encuentran-cercanos-a-sus-niveles-medios-para-la-epoca-del-ano\/","title":{"rendered":"Los diques de C\u00f3rdoba se encuentran cercanos a sus niveles medios para la \u00e9poca del a\u00f1o"},"content":{"rendered":"\n<p>El Ministerio de Servicios P\u00fablicos informa que se transita un escenario h\u00eddrico con una marcada recesi\u00f3n o bajante en los r\u00edos y arroyos, particularmente en el Valle de Punilla y de Paravachasca, luego de tres a\u00f1os consecutivos de fen\u00f3meno NI\u00d1A, que afect\u00f3 a toda la regi\u00f3n, y que se ha complejizado por la falta de lluvias en los \u00faltimos meses.<\/p>\n\n\n\n<p>Sin embargo, en la actualidad, los diques se encuentran cercanos a los niveles medios para esta \u00e9poca del a\u00f1o y se esperan, seg\u00fan los pron\u00f3sticos, precipitaciones en las pr\u00f3ximas semanas que permitir\u00e1n mejorar la situaci\u00f3n.<\/p>\n\n\n\n<p><em>\u201cHemos planificado y trabajado en obras para compensar los efectos del cambio clim\u00e1tico, tal como esta secuencia de tres ciclos de Ni\u00f1a consecutivos\u201d<\/em>&nbsp;sostuvo el secretario de Recursos H\u00eddricos, Edgar Castell\u00f3 y mencion\u00f3 como ejemplo que&nbsp;<em>\u201cel sistema que abastece el dique La Quebrada hoy recibe aportes del acueducto Sierras Chicas Norte, una obra que se habilit\u00f3 recientemente y que brinda agua a trav\u00e9s de perforaciones que se encuentran a m\u00e1s de 35 kil\u00f3metros, ayudando a que el abastecimiento desde el dique no se resienta a\u00fan m\u00e1s por la falta de precipitaciones\u201d.<\/em><\/p>\n\n\n\n<p><em>\u201cAdem\u00e1s estamos trabajando en la ejecuci\u00f3n del Acueducto C\u00f3rdoba-Santa Fe para traer agua del Paran\u00e1. De esta manera generamos lo que denominamos redundancia de fuente que nos ayuda a compensar a futuro los escenarios de bajante en las fuentes de agua locales.\u201d<\/em>&nbsp;concluy\u00f3 el funcionario.<\/p>\n","protected":false},"excerpt":{"rendered":"<p>El Ministerio de Servicios P\u00fablicos informa que se transita un escenario h\u00eddrico con una marcada recesi\u00f3n o bajante en los r\u00edos y arroyos, particularmente en el Valle de Punilla y de Paravachasca, luego de tres a\u00f1os consecutivos de fen\u00f3meno NI\u00d1A, que afect\u00f3 a toda la regi\u00f3n, y que se ha complejizado por la falta de [&hellip;]<\/p>\n","protected":false},"author":4,"featured_media":85930,"comment_status":"open","ping_status":"open","sticky":false,"template":"","format":"standard","meta":{"site-sidebar-layout":"default","site-content-layout":"","ast-site-content-layout":"default","site-content-style":"default","site-sidebar-style":"default","ast-global-header-display":"","ast-banner-title-visibility":"","ast-main-header-display":"","ast-hfb-above-header-display":"","ast-hfb-below-header-display":"","ast-hfb-mobile-header-display":"","site-post-title":"","ast-breadcrumbs-content":"","ast-featured-img":"","footer-sml-layout":"","ast-disable-related-posts":"","theme-transparent-header-meta":"","adv-header-id-meta":"","stick-header-meta":"","header-above-stick-meta":"","header-main-stick-meta":"","header-below-stick-meta":"","astra-migrate-meta-layouts":"set","ast-page-background-enabled":"default","ast-page-background-meta":{"desktop":{"background-color":"","background-image":"","background-repeat":"repeat","background-position":"center center","background-size":"auto","background-attachment":"scroll","background-type":"","background-media":"","overlay-type":"","overlay-color":"","overlay-opacity":"","overlay-gradient":""},"tablet":{"background-color":"","background-image":"","background-repeat":"repeat","background-position":"center center","background-size":"auto","background-attachment":"scroll","background-type":"","background-media":"","overlay-type":"","overlay-color":"","overlay-opacity":"","overlay-gradient":""},"mobile":{"background-color":"","background-image":"","background-repeat":"repeat","background-position":"center center","background-size":"auto","background-attachment":"scroll","background-type":"","background-media":"","overlay-type":"","overlay-color":"","overlay-opacity":"","overlay-gradient":""}},"ast-content-background-meta":{"desktop":{"background-color":"var(--ast-global-color-5)","background-image":"","background-repeat":"repeat","background-position":"center center","background-size":"auto","background-attachment":"scroll","background-type":"","background-media":"","overlay-type":"","overlay-color":"","overlay-opacity":"","overlay-gradient":""},"tablet":{"background-color":"var(--ast-global-color-5)","background-image":"","background-repeat":"repeat","background-position":"center center","background-size":"auto","background-attachment":"scroll","background-type":"","background-media":"","overlay-type":"","overlay-color":"","overlay-opacity":"","overlay-gradient":""},"mobile":{"background-color":"var(--ast-global-color-5)","background-image":"","background-repeat":"repeat","background-position":"center center","background-size":"auto","background-attachment":"scroll","background-type":"","background-media":"","overlay-type":"","overlay-color":"","overlay-opacity":"","overlay-gradient":""}},"_jetpack_memberships_contains_paid_content":false,"_joinchat":[],"footnotes":""},"categories":[15302,1,5,2],"tags":[],"class_list":["post-85928","post","type-post","status-publish","format-standard","has-post-thumbnail","hentry","category-destacado","category-sin-categoria","category-sociedad","category-villa-maria"],"yoast_head":"<!-- This site is optimized with the Yoast SEO plugin v26.8 - https:\/\/yoast.com\/product\/yoast-seo-wordpress\/ -->\n<title>Los diques de C\u00f3rdoba se encuentran cercanos a sus niveles medios para la \u00e9poca del a\u00f1o - El Regional<\/title>\n<meta name=\"robots\" content=\"index, follow, max-snippet:-1, max-image-preview:large, max-video-preview:-1\" \/>\n<link rel=\"canonical\" href=\"https:\/\/elregionalvm.com.ar\/noticias-villa-maria\/los-diques-de-cordoba-se-encuentran-cercanos-a-sus-niveles-medios-para-la-epoca-del-ano\/\" \/>\n<meta property=\"og:locale\" content=\"es_ES\" \/>\n<meta property=\"og:type\" content=\"article\" \/>\n<meta property=\"og:title\" content=\"Los diques de C\u00f3rdoba se encuentran cercanos a sus niveles medios para la \u00e9poca del a\u00f1o - El Regional\" \/>\n<meta property=\"og:description\" content=\"El Ministerio de Servicios P\u00fablicos informa que se transita un escenario h\u00eddrico con una marcada recesi\u00f3n o bajante en los r\u00edos y arroyos, particularmente en el Valle de Punilla y de Paravachasca, luego de tres a\u00f1os consecutivos de fen\u00f3meno NI\u00d1A, que afect\u00f3 a toda la regi\u00f3n, y que se ha complejizado por la falta de [&hellip;]\" \/>\n<meta property=\"og:url\" content=\"https:\/\/elregionalvm.com.ar\/noticias-villa-maria\/los-diques-de-cordoba-se-encuentran-cercanos-a-sus-niveles-medios-para-la-epoca-del-ano\/\" \/>\n<meta property=\"og:site_name\" content=\"El Regional\" \/>\n<meta property=\"article:publisher\" content=\"https:\/\/www.facebook.com\/elregionalvm\" \/>\n<meta property=\"article:published_time\" content=\"2023-11-16T18:16:36+00:00\" \/>\n<meta property=\"article:modified_time\" content=\"2023-11-16T18:16:37+00:00\" \/>\n<meta property=\"og:image\" content=\"https:\/\/elregionalvm.com.ar\/noticias-villa-maria\/wp-content\/uploads\/2023\/11\/Calvo_Comuna-San-Roque_9837.jpg\" \/>\n\t<meta property=\"og:image:width\" content=\"800\" \/>\n\t<meta property=\"og:image:height\" content=\"532\" \/>\n\t<meta property=\"og:image:type\" content=\"image\/jpeg\" \/>\n<meta name=\"author\" content=\"Contenidos El Regional\" \/>\n<meta name=\"twitter:card\" content=\"summary_large_image\" \/>\n<meta name=\"twitter:creator\" content=\"@elregionalvm1\" \/>\n<meta name=\"twitter:site\" content=\"@elregionalvm1\" \/>\n<meta name=\"twitter:label1\" content=\"Escrito por\" \/>\n\t<meta name=\"twitter:data1\" content=\"Contenidos El Regional\" \/>\n\t<meta name=\"twitter:label2\" content=\"Tiempo de lectura\" \/>\n\t<meta name=\"twitter:data2\" content=\"2 minutos\" \/>\n<script type=\"application\/ld+json\" class=\"yoast-schema-graph\">{\"@context\":\"https:\/\/schema.org\",\"@graph\":[{\"@type\":\"Article\",\"@id\":\"https:\/\/elregionalvm.com.ar\/noticias-villa-maria\/los-diques-de-cordoba-se-encuentran-cercanos-a-sus-niveles-medios-para-la-epoca-del-ano\/#article\",\"isPartOf\":{\"@id\":\"https:\/\/elregionalvm.com.ar\/noticias-villa-maria\/los-diques-de-cordoba-se-encuentran-cercanos-a-sus-niveles-medios-para-la-epoca-del-ano\/\"},\"author\":{\"name\":\"Contenidos El Regional\",\"@id\":\"http:\/\/elregionalvm.com.ar\/noticias-villa-maria\/#\/schema\/person\/a0fb9c422317faca23d50163151bc354\"},\"headline\":\"Los diques de C\u00f3rdoba se encuentran cercanos a sus niveles medios para la \u00e9poca del a\u00f1o\",\"datePublished\":\"2023-11-16T18:16:36+00:00\",\"dateModified\":\"2023-11-16T18:16:37+00:00\",\"mainEntityOfPage\":{\"@id\":\"https:\/\/elregionalvm.com.ar\/noticias-villa-maria\/los-diques-de-cordoba-se-encuentran-cercanos-a-sus-niveles-medios-para-la-epoca-del-ano\/\"},\"wordCount\":277,\"commentCount\":0,\"image\":{\"@id\":\"https:\/\/elregionalvm.com.ar\/noticias-villa-maria\/los-diques-de-cordoba-se-encuentran-cercanos-a-sus-niveles-medios-para-la-epoca-del-ano\/#primaryimage\"},\"thumbnailUrl\":\"https:\/\/i0.wp.com\/elregionalvm.com.ar\/noticias-villa-maria\/wp-content\/uploads\/2023\/11\/Calvo_Comuna-San-Roque_9837.jpg?fit=800%2C532&ssl=1\",\"articleSection\":{\"0\":\"destacado\",\"2\":\"Sociedad\",\"3\":\"Villa Mar\u00eda\"},\"inLanguage\":\"es\",\"potentialAction\":[{\"@type\":\"CommentAction\",\"name\":\"Comment\",\"target\":[\"https:\/\/elregionalvm.com.ar\/noticias-villa-maria\/los-diques-de-cordoba-se-encuentran-cercanos-a-sus-niveles-medios-para-la-epoca-del-ano\/#respond\"]}]},{\"@type\":\"WebPage\",\"@id\":\"https:\/\/elregionalvm.com.ar\/noticias-villa-maria\/los-diques-de-cordoba-se-encuentran-cercanos-a-sus-niveles-medios-para-la-epoca-del-ano\/\",\"url\":\"https:\/\/elregionalvm.com.ar\/noticias-villa-maria\/los-diques-de-cordoba-se-encuentran-cercanos-a-sus-niveles-medios-para-la-epoca-del-ano\/\",\"name\":\"Los diques de C\u00f3rdoba se encuentran cercanos a sus niveles medios para la \u00e9poca del a\u00f1o - El Regional\",\"isPartOf\":{\"@id\":\"http:\/\/elregionalvm.com.ar\/noticias-villa-maria\/#website\"},\"primaryImageOfPage\":{\"@id\":\"https:\/\/elregionalvm.com.ar\/noticias-villa-maria\/los-diques-de-cordoba-se-encuentran-cercanos-a-sus-niveles-medios-para-la-epoca-del-ano\/#primaryimage\"},\"image\":{\"@id\":\"https:\/\/elregionalvm.com.ar\/noticias-villa-maria\/los-diques-de-cordoba-se-encuentran-cercanos-a-sus-niveles-medios-para-la-epoca-del-ano\/#primaryimage\"},\"thumbnailUrl\":\"https:\/\/i0.wp.com\/elregionalvm.com.ar\/noticias-villa-maria\/wp-content\/uploads\/2023\/11\/Calvo_Comuna-San-Roque_9837.jpg?fit=800%2C532&ssl=1\",\"datePublished\":\"2023-11-16T18:16:36+00:00\",\"dateModified\":\"2023-11-16T18:16:37+00:00\",\"author\":{\"@id\":\"http:\/\/elregionalvm.com.ar\/noticias-villa-maria\/#\/schema\/person\/a0fb9c422317faca23d50163151bc354\"},\"breadcrumb\":{\"@id\":\"https:\/\/elregionalvm.com.ar\/noticias-villa-maria\/los-diques-de-cordoba-se-encuentran-cercanos-a-sus-niveles-medios-para-la-epoca-del-ano\/#breadcrumb\"},\"inLanguage\":\"es\",\"potentialAction\":[{\"@type\":\"ReadAction\",\"target\":[\"https:\/\/elregionalvm.com.ar\/noticias-villa-maria\/los-diques-de-cordoba-se-encuentran-cercanos-a-sus-niveles-medios-para-la-epoca-del-ano\/\"]}]},{\"@type\":\"ImageObject\",\"inLanguage\":\"es\",\"@id\":\"https:\/\/elregionalvm.com.ar\/noticias-villa-maria\/los-diques-de-cordoba-se-encuentran-cercanos-a-sus-niveles-medios-para-la-epoca-del-ano\/#primaryimage\",\"url\":\"https:\/\/i0.wp.com\/elregionalvm.com.ar\/noticias-villa-maria\/wp-content\/uploads\/2023\/11\/Calvo_Comuna-San-Roque_9837.jpg?fit=800%2C532&ssl=1\",\"contentUrl\":\"https:\/\/i0.wp.com\/elregionalvm.com.ar\/noticias-villa-maria\/wp-content\/uploads\/2023\/11\/Calvo_Comuna-San-Roque_9837.jpg?fit=800%2C532&ssl=1\",\"width\":800,\"height\":532},{\"@type\":\"BreadcrumbList\",\"@id\":\"https:\/\/elregionalvm.com.ar\/noticias-villa-maria\/los-diques-de-cordoba-se-encuentran-cercanos-a-sus-niveles-medios-para-la-epoca-del-ano\/#breadcrumb\",\"itemListElement\":[{\"@type\":\"ListItem\",\"position\":1,\"name\":\"Portada\",\"item\":\"https:\/\/elregionalvm.com.ar\/noticias-villa-maria\/\"},{\"@type\":\"ListItem\",\"position\":2,\"name\":\"Los diques de C\u00f3rdoba se encuentran cercanos a sus niveles medios para la \u00e9poca del a\u00f1o\"}]},{\"@type\":\"WebSite\",\"@id\":\"http:\/\/elregionalvm.com.ar\/noticias-villa-maria\/#website\",\"url\":\"http:\/\/elregionalvm.com.ar\/noticias-villa-maria\/\",\"name\":\"El Regional\",\"description\":\"Mucho m\u00e1s que informaci\u00f3n\",\"potentialAction\":[{\"@type\":\"SearchAction\",\"target\":{\"@type\":\"EntryPoint\",\"urlTemplate\":\"http:\/\/elregionalvm.com.ar\/noticias-villa-maria\/?s={search_term_string}\"},\"query-input\":{\"@type\":\"PropertyValueSpecification\",\"valueRequired\":true,\"valueName\":\"search_term_string\"}}],\"inLanguage\":\"es\"},{\"@type\":\"Person\",\"@id\":\"http:\/\/elregionalvm.com.ar\/noticias-villa-maria\/#\/schema\/person\/a0fb9c422317faca23d50163151bc354\",\"name\":\"Contenidos El Regional\",\"image\":{\"@type\":\"ImageObject\",\"inLanguage\":\"es\",\"@id\":\"http:\/\/elregionalvm.com.ar\/noticias-villa-maria\/#\/schema\/person\/image\/\",\"url\":\"https:\/\/secure.gravatar.com\/avatar\/265b27cb2209af7bb3a1318f03305787d7981a5cc6e6cd08fe5a4ecdf99d4b48?s=96&d=mm&r=g\",\"contentUrl\":\"https:\/\/secure.gravatar.com\/avatar\/265b27cb2209af7bb3a1318f03305787d7981a5cc6e6cd08fe5a4ecdf99d4b48?s=96&d=mm&r=g\",\"caption\":\"Contenidos El Regional\"},\"url\":\"https:\/\/elregionalvm.com.ar\/noticias-villa-maria\/author\/contenido\/\"}]}<\/script>\n<!-- \/ Yoast SEO plugin. -->","yoast_head_json":{"title":"Los diques de C\u00f3rdoba se encuentran cercanos a sus niveles medios para la \u00e9poca del a\u00f1o - El Regional","robots":{"index":"index","follow":"follow","max-snippet":"max-snippet:-1","max-image-preview":"max-image-preview:large","max-video-preview":"max-video-preview:-1"},"canonical":"https:\/\/elregionalvm.com.ar\/noticias-villa-maria\/los-diques-de-cordoba-se-encuentran-cercanos-a-sus-niveles-medios-para-la-epoca-del-ano\/","og_locale":"es_ES","og_type":"article","og_title":"Los diques de C\u00f3rdoba se encuentran cercanos a sus niveles medios para la \u00e9poca del a\u00f1o - El Regional","og_description":"El Ministerio de Servicios P\u00fablicos informa que se transita un escenario h\u00eddrico con una marcada recesi\u00f3n o bajante en los r\u00edos y arroyos, particularmente en el Valle de Punilla y de Paravachasca, luego de tres a\u00f1os consecutivos de fen\u00f3meno NI\u00d1A, que afect\u00f3 a toda la regi\u00f3n, y que se ha complejizado por la falta de [&hellip;]","og_url":"https:\/\/elregionalvm.com.ar\/noticias-villa-maria\/los-diques-de-cordoba-se-encuentran-cercanos-a-sus-niveles-medios-para-la-epoca-del-ano\/","og_site_name":"El Regional","article_publisher":"https:\/\/www.facebook.com\/elregionalvm","article_published_time":"2023-11-16T18:16:36+00:00","article_modified_time":"2023-11-16T18:16:37+00:00","og_image":[{"width":800,"height":532,"url":"https:\/\/elregionalvm.com.ar\/noticias-villa-maria\/wp-content\/uploads\/2023\/11\/Calvo_Comuna-San-Roque_9837.jpg","type":"image\/jpeg"}],"author":"Contenidos El Regional","twitter_card":"summary_large_image","twitter_creator":"@elregionalvm1","twitter_site":"@elregionalvm1","twitter_misc":{"Escrito por":"Contenidos El Regional","Tiempo de lectura":"2 minutos"},"schema":{"@context":"https:\/\/schema.org","@graph":[{"@type":"Article","@id":"https:\/\/elregionalvm.com.ar\/noticias-villa-maria\/los-diques-de-cordoba-se-encuentran-cercanos-a-sus-niveles-medios-para-la-epoca-del-ano\/#article","isPartOf":{"@id":"https:\/\/elregionalvm.com.ar\/noticias-villa-maria\/los-diques-de-cordoba-se-encuentran-cercanos-a-sus-niveles-medios-para-la-epoca-del-ano\/"},"author":{"name":"Contenidos El Regional","@id":"http:\/\/elregionalvm.com.ar\/noticias-villa-maria\/#\/schema\/person\/a0fb9c422317faca23d50163151bc354"},"headline":"Los diques de C\u00f3rdoba se encuentran cercanos a sus niveles medios para la \u00e9poca del a\u00f1o","datePublished":"2023-11-16T18:16:36+00:00","dateModified":"2023-11-16T18:16:37+00:00","mainEntityOfPage":{"@id":"https:\/\/elregionalvm.com.ar\/noticias-villa-maria\/los-diques-de-cordoba-se-encuentran-cercanos-a-sus-niveles-medios-para-la-epoca-del-ano\/"},"wordCount":277,"commentCount":0,"image":{"@id":"https:\/\/elregionalvm.com.ar\/noticias-villa-maria\/los-diques-de-cordoba-se-encuentran-cercanos-a-sus-niveles-medios-para-la-epoca-del-ano\/#primaryimage"},"thumbnailUrl":"https:\/\/i0.wp.com\/elregionalvm.com.ar\/noticias-villa-maria\/wp-content\/uploads\/2023\/11\/Calvo_Comuna-San-Roque_9837.jpg?fit=800%2C532&ssl=1","articleSection":{"0":"destacado","2":"Sociedad","3":"Villa Mar\u00eda"},"inLanguage":"es","potentialAction":[{"@type":"CommentAction","name":"Comment","target":["https:\/\/elregionalvm.com.ar\/noticias-villa-maria\/los-diques-de-cordoba-se-encuentran-cercanos-a-sus-niveles-medios-para-la-epoca-del-ano\/#respond"]}]},{"@type":"WebPage","@id":"https:\/\/elregionalvm.com.ar\/noticias-villa-maria\/los-diques-de-cordoba-se-encuentran-cercanos-a-sus-niveles-medios-para-la-epoca-del-ano\/","url":"https:\/\/elregionalvm.com.ar\/noticias-villa-maria\/los-diques-de-cordoba-se-encuentran-cercanos-a-sus-niveles-medios-para-la-epoca-del-ano\/","name":"Los diques de C\u00f3rdoba se encuentran cercanos a sus niveles medios para la \u00e9poca del a\u00f1o - El Regional","isPartOf":{"@id":"http:\/\/elregionalvm.com.ar\/noticias-villa-maria\/#website"},"primaryImageOfPage":{"@id":"https:\/\/elregionalvm.com.ar\/noticias-villa-maria\/los-diques-de-cordoba-se-encuentran-cercanos-a-sus-niveles-medios-para-la-epoca-del-ano\/#primaryimage"},"image":{"@id":"https:\/\/elregionalvm.com.ar\/noticias-villa-maria\/los-diques-de-cordoba-se-encuentran-cercanos-a-sus-niveles-medios-para-la-epoca-del-ano\/#primaryimage"},"thumbnailUrl":"https:\/\/i0.wp.com\/elregionalvm.com.ar\/noticias-villa-maria\/wp-content\/uploads\/2023\/11\/Calvo_Comuna-San-Roque_9837.jpg?fit=800%2C532&ssl=1","datePublished":"2023-11-16T18:16:36+00:00","dateModified":"2023-11-16T18:16:37+00:00","author":{"@id":"http:\/\/elregionalvm.com.ar\/noticias-villa-maria\/#\/schema\/person\/a0fb9c422317faca23d50163151bc354"},"breadcrumb":{"@id":"https:\/\/elregionalvm.com.ar\/noticias-villa-maria\/los-diques-de-cordoba-se-encuentran-cercanos-a-sus-niveles-medios-para-la-epoca-del-ano\/#breadcrumb"},"inLanguage":"es","potentialAction":[{"@type":"ReadAction","target":["https:\/\/elregionalvm.com.ar\/noticias-villa-maria\/los-diques-de-cordoba-se-encuentran-cercanos-a-sus-niveles-medios-para-la-epoca-del-ano\/"]}]},{"@type":"ImageObject","inLanguage":"es","@id":"https:\/\/elregionalvm.com.ar\/noticias-villa-maria\/los-diques-de-cordoba-se-encuentran-cercanos-a-sus-niveles-medios-para-la-epoca-del-ano\/#primaryimage","url":"https:\/\/i0.wp.com\/elregionalvm.com.ar\/noticias-villa-maria\/wp-content\/uploads\/2023\/11\/Calvo_Comuna-San-Roque_9837.jpg?fit=800%2C532&ssl=1","contentUrl":"https:\/\/i0.wp.com\/elregionalvm.com.ar\/noticias-villa-maria\/wp-content\/uploads\/2023\/11\/Calvo_Comuna-San-Roque_9837.jpg?fit=800%2C532&ssl=1","width":800,"height":532},{"@type":"BreadcrumbList","@id":"https:\/\/elregionalvm.com.ar\/noticias-villa-maria\/los-diques-de-cordoba-se-encuentran-cercanos-a-sus-niveles-medios-para-la-epoca-del-ano\/#breadcrumb","itemListElement":[{"@type":"ListItem","position":1,"name":"Portada","item":"https:\/\/elregionalvm.com.ar\/noticias-villa-maria\/"},{"@type":"ListItem","position":2,"name":"Los diques de C\u00f3rdoba se encuentran cercanos a sus niveles medios para la \u00e9poca del a\u00f1o"}]},{"@type":"WebSite","@id":"http:\/\/elregionalvm.com.ar\/noticias-villa-maria\/#website","url":"http:\/\/elregionalvm.com.ar\/noticias-villa-maria\/","name":"El Regional","description":"Mucho m\u00e1s que informaci\u00f3n","potentialAction":[{"@type":"SearchAction","target":{"@type":"EntryPoint","urlTemplate":"http:\/\/elregionalvm.com.ar\/noticias-villa-maria\/?s={search_term_string}"},"query-input":{"@type":"PropertyValueSpecification","valueRequired":true,"valueName":"search_term_string"}}],"inLanguage":"es"},{"@type":"Person","@id":"http:\/\/elregionalvm.com.ar\/noticias-villa-maria\/#\/schema\/person\/a0fb9c422317faca23d50163151bc354","name":"Contenidos El Regional","image":{"@type":"ImageObject","inLanguage":"es","@id":"http:\/\/elregionalvm.com.ar\/noticias-villa-maria\/#\/schema\/person\/image\/","url":"https:\/\/secure.gravatar.com\/avatar\/265b27cb2209af7bb3a1318f03305787d7981a5cc6e6cd08fe5a4ecdf99d4b48?s=96&d=mm&r=g","contentUrl":"https:\/\/secure.gravatar.com\/avatar\/265b27cb2209af7bb3a1318f03305787d7981a5cc6e6cd08fe5a4ecdf99d4b48?s=96&d=mm&r=g","caption":"Contenidos El Regional"},"url":"https:\/\/elregionalvm.com.ar\/noticias-villa-maria\/author\/contenido\/"}]}},"jetpack_featured_media_url":"https:\/\/i0.wp.com\/elregionalvm.com.ar\/noticias-villa-maria\/wp-content\/uploads\/2023\/11\/Calvo_Comuna-San-Roque_9837.jpg?fit=800%2C532&ssl=1","jetpack_sharing_enabled":true,"_links":{"self":[{"href":"https:\/\/elregionalvm.com.ar\/noticias-villa-maria\/wp-json\/wp\/v2\/posts\/85928","targetHints":{"allow":["GET"]}}],"collection":[{"href":"https:\/\/elregionalvm.com.ar\/noticias-villa-maria\/wp-json\/wp\/v2\/posts"}],"about":[{"href":"https:\/\/elregionalvm.com.ar\/noticias-villa-maria\/wp-json\/wp\/v2\/types\/post"}],"author":[{"embeddable":true,"href":"https:\/\/elregionalvm.com.ar\/noticias-villa-maria\/wp-json\/wp\/v2\/users\/4"}],"replies":[{"embeddable":true,"href":"https:\/\/elregionalvm.com.ar\/noticias-villa-maria\/wp-json\/wp\/v2\/comments?post=85928"}],"version-history":[{"count":1,"href":"https:\/\/elregionalvm.com.ar\/noticias-villa-maria\/wp-json\/wp\/v2\/posts\/85928\/revisions"}],"predecessor-version":[{"id":85931,"href":"https:\/\/elregionalvm.com.ar\/noticias-villa-maria\/wp-json\/wp\/v2\/posts\/85928\/revisions\/85931"}],"wp:featuredmedia":[{"embeddable":true,"href":"https:\/\/elregionalvm.com.ar\/noticias-villa-maria\/wp-json\/wp\/v2\/media\/85930"}],"wp:attachment":[{"href":"https:\/\/elregionalvm.com.ar\/noticias-villa-maria\/wp-json\/wp\/v2\/media?parent=85928"}],"wp:term":[{"taxonomy":"category","embeddable":true,"href":"https:\/\/elregionalvm.com.ar\/noticias-villa-maria\/wp-json\/wp\/v2\/categories?post=85928"},{"taxonomy":"post_tag","embeddable":true,"href":"https:\/\/elregionalvm.com.ar\/noticias-villa-maria\/wp-json\/wp\/v2\/tags?post=85928"}],"curies":[{"name":"wp","href":"https:\/\/api.w.org\/{rel}","templated":true}]}}