{"id":85933,"date":"2023-11-16T18:35:13","date_gmt":"2023-11-16T18:35:13","guid":{"rendered":"https:\/\/elregionalvm.com.ar\/noticias-villa-maria\/?p=85933"},"modified":"2023-11-16T18:35:14","modified_gmt":"2023-11-16T18:35:14","slug":"san-francisco-estudiantes-de-la-unvm-destacan-calidad-academica-e-insercion-laboral","status":"publish","type":"post","link":"https:\/\/elregionalvm.com.ar\/noticias-villa-maria\/san-francisco-estudiantes-de-la-unvm-destacan-calidad-academica-e-insercion-laboral\/","title":{"rendered":"San Francisco: estudiantes de la UNVM destacan calidad acad\u00e9mica e inserci\u00f3n laboral"},"content":{"rendered":"\n<h5 class=\"wp-block-heading\"><strong>Florencia, Manuel y Celeste cursan el \u00faltimo tramo de su carrera en el CRES.<\/strong><\/h5>\n\n\n\n<p>Tres estudiantes del Centro Regional de Educaci\u00f3n Superior San Francisco (CRES) elogiaron la calidad acad\u00e9mica de la Universidad Nacional de Villa Mar\u00eda (UNVM) y las facilidades de inserci\u00f3n en el \u00e1mbito laboral.<\/p>\n\n\n\n<p>Manuel Cornalis y Celeste Giorgis, de la Licenciatura en Administraci\u00f3n, y Florencia Madera, de Dise\u00f1o Industrial, compartieron su testimonio con un medio period\u00edstico sanfrancisque\u00f1o.<\/p>\n\n\n\n<p>Los tres casos resaltaron, adem\u00e1s, la cercan\u00eda entre estudiantes y docentes por no ser una Universidad masiva, la disposici\u00f3n de la educaci\u00f3n p\u00fablica por mejorar\/actualizar permanentemente los contenidos de los espacios curriculares troncales y el inter\u00e9s por radicarse laboralmente en localidades de la regi\u00f3n.<\/p>\n\n\n\n<p><strong>Manuel (25 a\u00f1os \u2013 Zen\u00f3n Pereyra, provincia de Santa Fe)<\/strong><br>El estudiante de la Licenciatura en Administraci\u00f3n termin\u00f3 el Secundario con la idea de continuar su formaci\u00f3n profesional en la Universidad Nacional del Litoral (UNL), pero opt\u00f3 por la sede de la UNVM en San Francisco \u201cpor ser una ciudad m\u00e1s cercana, m\u00e1s chica y con mejores condiciones de vida\u201d.<\/p>\n\n\n\n<p>Actualmente transita el 4\u00ba a\u00f1o de la carrera y realiza una pasant\u00eda en el Centro Empresarial de Servicios (CES) a partir de una vinculaci\u00f3n previa que posibilit\u00f3 la casa de altos estudios desde una materia optativa.<\/p>\n\n\n\n<p>\u201cAdem\u00e1s de la pasant\u00eda tengo varios proyectos personales como emprendedor. A trav\u00e9s del CES estoy relacion\u00e1ndome con todos los miembros de la Comisi\u00f3n y es una ventana que estoy aprovechando al m\u00e1ximo. Todo es por la Universidad porque nos recomiendan\u201d, afirm\u00f3 el joven.<\/p>\n\n\n\n<p>El estudiante destac\u00f3 las oportunidades \u201cpor la vinculaci\u00f3n, por los perfiles que se buscan, por el entorno socioproductivo\u201d.<\/p>\n\n\n\n<p><strong>Celeste (22 a\u00f1os \u2013 La Francia)<\/strong><br>La alumna del 3\u00ba a\u00f1o de la Licenciatura en Administraci\u00f3n participa del Programa Primer Paso (PPP) impulsado por el Gobierno de la Provincia de C\u00f3rdoba y se desempe\u00f1a laboralmente en una empresa de equipamientos agr\u00edcolas de La Francia.<\/p>\n\n\n\n<p>\u201cLas propuestas de trabajo exigen contar con experiencia, entonces consider\u00e9 al PPP como una chance para ingresar al mundo del trabajo y ver si lo que estoy estudiando de verdad me gusta\u201d, explic\u00f3.<\/p>\n\n\n\n<p>Consultada acerca de la experiencia, recalc\u00f3 la ventaja \u201cde poder trabajar en una empresa de mi pueblo\u201d y la posibilidad de profundizar saberes adquiridos en las aulas.<\/p>\n\n\n\n<p><strong>Florencia (26 \u2013 San Francisco)<\/strong><br>Pr\u00f3xima a recibirse como Dise\u00f1adora Industrial, elogi\u00f3 la conexi\u00f3n entre estudiantes y empresas que posibilita la UNVM a trav\u00e9s del CRES San Francisco.<\/p>\n\n\n\n<p>La joven realiz\u00f3 sus pr\u00e1cticas profesionales obligatorias en la empresa Codini y desde la firma le ofrecieron continuar desandando su experiencia laboral en el \u00e1rea de dise\u00f1o y desarrollo mediante una pasant\u00eda.<\/p>\n\n\n\n<p>\u201cLo positivo de esta carrera es la salida laboral y el contacto directo con el sector productivo. Como estudiantes ingresamos en distintas empresas por las pr\u00e1cticas profesionales y, en mi caso, en Codini estaban desarrollando un espacio nuevo donde buscaban personal y me ofrecieron continuar\u201d, coment\u00f3.<\/p>\n\n\n\n<p>Asimismo, reconoci\u00f3 la importancia de poder aplicar lo aprendido en el campo profesional: \u201cEsta experiencia te ayuda a salir de lo acad\u00e9mico y toparte con lo que es la realidad empresarial. Sirve para aprender mucho y a veces es un poco prueba y error\u201d.<\/p>\n\n\n\n<p><strong>Fuente de referencia | Gentileza foto: El Peri\u00f3dico San Francisco (<a href=\"https:\/\/el-periodico.com.ar\/\" target=\"_blank\" rel=\"noreferrer noopener\">https:\/\/el-periodico.com.ar\/<\/a>).<\/strong><\/p>\n","protected":false},"excerpt":{"rendered":"<p>Florencia, Manuel y Celeste cursan el \u00faltimo tramo de su carrera en el CRES. Tres estudiantes del Centro Regional de Educaci\u00f3n Superior San Francisco (CRES) elogiaron la calidad acad\u00e9mica de la Universidad Nacional de Villa Mar\u00eda (UNVM) y las facilidades de inserci\u00f3n en el \u00e1mbito laboral. Manuel Cornalis y Celeste Giorgis, de la Licenciatura en [&hellip;]<\/p>\n","protected":false},"author":4,"featured_media":85936,"comment_status":"open","ping_status":"open","sticky":false,"template":"","format":"standard","meta":{"site-sidebar-layout":"default","site-content-layout":"","ast-site-content-layout":"default","site-content-style":"default","site-sidebar-style":"default","ast-global-header-display":"","ast-banner-title-visibility":"","ast-main-header-display":"","ast-hfb-above-header-display":"","ast-hfb-below-header-display":"","ast-hfb-mobile-header-display":"","site-post-title":"","ast-breadcrumbs-content":"","ast-featured-img":"","footer-sml-layout":"","ast-disable-related-posts":"","theme-transparent-header-meta":"","adv-header-id-meta":"","stick-header-meta":"","header-above-stick-meta":"","header-main-stick-meta":"","header-below-stick-meta":"","astra-migrate-meta-layouts":"set","ast-page-background-enabled":"default","ast-page-background-meta":{"desktop":{"background-color":"","background-image":"","background-repeat":"repeat","background-position":"center center","background-size":"auto","background-attachment":"scroll","background-type":"","background-media":"","overlay-type":"","overlay-color":"","overlay-opacity":"","overlay-gradient":""},"tablet":{"background-color":"","background-image":"","background-repeat":"repeat","background-position":"center center","background-size":"auto","background-attachment":"scroll","background-type":"","background-media":"","overlay-type":"","overlay-color":"","overlay-opacity":"","overlay-gradient":""},"mobile":{"background-color":"","background-image":"","background-repeat":"repeat","background-position":"center center","background-size":"auto","background-attachment":"scroll","background-type":"","background-media":"","overlay-type":"","overlay-color":"","overlay-opacity":"","overlay-gradient":""}},"ast-content-background-meta":{"desktop":{"background-color":"var(--ast-global-color-5)","background-image":"","background-repeat":"repeat","background-position":"center center","background-size":"auto","background-attachment":"scroll","background-type":"","background-media":"","overlay-type":"","overlay-color":"","overlay-opacity":"","overlay-gradient":""},"tablet":{"background-color":"var(--ast-global-color-5)","background-image":"","background-repeat":"repeat","background-position":"center center","background-size":"auto","background-attachment":"scroll","background-type":"","background-media":"","overlay-type":"","overlay-color":"","overlay-opacity":"","overlay-gradient":""},"mobile":{"background-color":"var(--ast-global-color-5)","background-image":"","background-repeat":"repeat","background-position":"center center","background-size":"auto","background-attachment":"scroll","background-type":"","background-media":"","overlay-type":"","overlay-color":"","overlay-opacity":"","overlay-gradient":""}},"_jetpack_memberships_contains_paid_content":false,"_joinchat":[],"footnotes":""},"categories":[2091,5],"tags":[],"class_list":["post-85933","post","type-post","status-publish","format-standard","has-post-thumbnail","hentry","category-region","category-sociedad"],"yoast_head":"<!-- This site is optimized with the Yoast SEO plugin v26.8 - https:\/\/yoast.com\/product\/yoast-seo-wordpress\/ -->\n<title>San Francisco: estudiantes de la UNVM destacan calidad acad\u00e9mica e inserci\u00f3n laboral - El Regional<\/title>\n<meta name=\"robots\" content=\"index, follow, max-snippet:-1, max-image-preview:large, max-video-preview:-1\" \/>\n<link rel=\"canonical\" href=\"https:\/\/elregionalvm.com.ar\/noticias-villa-maria\/san-francisco-estudiantes-de-la-unvm-destacan-calidad-academica-e-insercion-laboral\/\" \/>\n<meta property=\"og:locale\" content=\"es_ES\" \/>\n<meta property=\"og:type\" content=\"article\" \/>\n<meta property=\"og:title\" content=\"San Francisco: estudiantes de la UNVM destacan calidad acad\u00e9mica e inserci\u00f3n laboral - El Regional\" \/>\n<meta property=\"og:description\" content=\"Florencia, Manuel y Celeste cursan el \u00faltimo tramo de su carrera en el CRES. Tres estudiantes del Centro Regional de Educaci\u00f3n Superior San Francisco (CRES) elogiaron la calidad acad\u00e9mica de la Universidad Nacional de Villa Mar\u00eda (UNVM) y las facilidades de inserci\u00f3n en el \u00e1mbito laboral. Manuel Cornalis y Celeste Giorgis, de la Licenciatura en [&hellip;]\" \/>\n<meta property=\"og:url\" content=\"https:\/\/elregionalvm.com.ar\/noticias-villa-maria\/san-francisco-estudiantes-de-la-unvm-destacan-calidad-academica-e-insercion-laboral\/\" \/>\n<meta property=\"og:site_name\" content=\"El Regional\" \/>\n<meta property=\"article:publisher\" content=\"https:\/\/www.facebook.com\/elregionalvm\" \/>\n<meta property=\"article:published_time\" content=\"2023-11-16T18:35:13+00:00\" \/>\n<meta property=\"article:modified_time\" content=\"2023-11-16T18:35:14+00:00\" \/>\n<meta property=\"og:image\" content=\"https:\/\/elregionalvm.com.ar\/noticias-villa-maria\/wp-content\/uploads\/2023\/11\/Cres_UNVM_estudiantes-1080x675-1.jpg\" \/>\n\t<meta property=\"og:image:width\" content=\"1080\" \/>\n\t<meta property=\"og:image:height\" content=\"675\" \/>\n\t<meta property=\"og:image:type\" content=\"image\/jpeg\" \/>\n<meta name=\"author\" content=\"Contenidos El Regional\" \/>\n<meta name=\"twitter:card\" content=\"summary_large_image\" \/>\n<meta name=\"twitter:creator\" content=\"@elregionalvm1\" \/>\n<meta name=\"twitter:site\" content=\"@elregionalvm1\" \/>\n<meta name=\"twitter:label1\" content=\"Escrito por\" \/>\n\t<meta name=\"twitter:data1\" content=\"Contenidos El Regional\" \/>\n\t<meta name=\"twitter:label2\" content=\"Tiempo de lectura\" \/>\n\t<meta name=\"twitter:data2\" content=\"3 minutos\" \/>\n<script type=\"application\/ld+json\" class=\"yoast-schema-graph\">{\"@context\":\"https:\/\/schema.org\",\"@graph\":[{\"@type\":\"Article\",\"@id\":\"https:\/\/elregionalvm.com.ar\/noticias-villa-maria\/san-francisco-estudiantes-de-la-unvm-destacan-calidad-academica-e-insercion-laboral\/#article\",\"isPartOf\":{\"@id\":\"https:\/\/elregionalvm.com.ar\/noticias-villa-maria\/san-francisco-estudiantes-de-la-unvm-destacan-calidad-academica-e-insercion-laboral\/\"},\"author\":{\"name\":\"Contenidos El Regional\",\"@id\":\"http:\/\/elregionalvm.com.ar\/noticias-villa-maria\/#\/schema\/person\/a0fb9c422317faca23d50163151bc354\"},\"headline\":\"San Francisco: estudiantes de la UNVM destacan calidad acad\u00e9mica e inserci\u00f3n laboral\",\"datePublished\":\"2023-11-16T18:35:13+00:00\",\"dateModified\":\"2023-11-16T18:35:14+00:00\",\"mainEntityOfPage\":{\"@id\":\"https:\/\/elregionalvm.com.ar\/noticias-villa-maria\/san-francisco-estudiantes-de-la-unvm-destacan-calidad-academica-e-insercion-laboral\/\"},\"wordCount\":592,\"commentCount\":0,\"image\":{\"@id\":\"https:\/\/elregionalvm.com.ar\/noticias-villa-maria\/san-francisco-estudiantes-de-la-unvm-destacan-calidad-academica-e-insercion-laboral\/#primaryimage\"},\"thumbnailUrl\":\"https:\/\/i0.wp.com\/elregionalvm.com.ar\/noticias-villa-maria\/wp-content\/uploads\/2023\/11\/Cres_UNVM_estudiantes-1080x675-1.jpg?fit=1080%2C675&ssl=1\",\"articleSection\":[\"Regi\u00f3n\",\"Sociedad\"],\"inLanguage\":\"es\",\"potentialAction\":[{\"@type\":\"CommentAction\",\"name\":\"Comment\",\"target\":[\"https:\/\/elregionalvm.com.ar\/noticias-villa-maria\/san-francisco-estudiantes-de-la-unvm-destacan-calidad-academica-e-insercion-laboral\/#respond\"]}]},{\"@type\":\"WebPage\",\"@id\":\"https:\/\/elregionalvm.com.ar\/noticias-villa-maria\/san-francisco-estudiantes-de-la-unvm-destacan-calidad-academica-e-insercion-laboral\/\",\"url\":\"https:\/\/elregionalvm.com.ar\/noticias-villa-maria\/san-francisco-estudiantes-de-la-unvm-destacan-calidad-academica-e-insercion-laboral\/\",\"name\":\"San Francisco: estudiantes de la UNVM destacan calidad acad\u00e9mica e inserci\u00f3n laboral - El Regional\",\"isPartOf\":{\"@id\":\"http:\/\/elregionalvm.com.ar\/noticias-villa-maria\/#website\"},\"primaryImageOfPage\":{\"@id\":\"https:\/\/elregionalvm.com.ar\/noticias-villa-maria\/san-francisco-estudiantes-de-la-unvm-destacan-calidad-academica-e-insercion-laboral\/#primaryimage\"},\"image\":{\"@id\":\"https:\/\/elregionalvm.com.ar\/noticias-villa-maria\/san-francisco-estudiantes-de-la-unvm-destacan-calidad-academica-e-insercion-laboral\/#primaryimage\"},\"thumbnailUrl\":\"https:\/\/i0.wp.com\/elregionalvm.com.ar\/noticias-villa-maria\/wp-content\/uploads\/2023\/11\/Cres_UNVM_estudiantes-1080x675-1.jpg?fit=1080%2C675&ssl=1\",\"datePublished\":\"2023-11-16T18:35:13+00:00\",\"dateModified\":\"2023-11-16T18:35:14+00:00\",\"author\":{\"@id\":\"http:\/\/elregionalvm.com.ar\/noticias-villa-maria\/#\/schema\/person\/a0fb9c422317faca23d50163151bc354\"},\"breadcrumb\":{\"@id\":\"https:\/\/elregionalvm.com.ar\/noticias-villa-maria\/san-francisco-estudiantes-de-la-unvm-destacan-calidad-academica-e-insercion-laboral\/#breadcrumb\"},\"inLanguage\":\"es\",\"potentialAction\":[{\"@type\":\"ReadAction\",\"target\":[\"https:\/\/elregionalvm.com.ar\/noticias-villa-maria\/san-francisco-estudiantes-de-la-unvm-destacan-calidad-academica-e-insercion-laboral\/\"]}]},{\"@type\":\"ImageObject\",\"inLanguage\":\"es\",\"@id\":\"https:\/\/elregionalvm.com.ar\/noticias-villa-maria\/san-francisco-estudiantes-de-la-unvm-destacan-calidad-academica-e-insercion-laboral\/#primaryimage\",\"url\":\"https:\/\/i0.wp.com\/elregionalvm.com.ar\/noticias-villa-maria\/wp-content\/uploads\/2023\/11\/Cres_UNVM_estudiantes-1080x675-1.jpg?fit=1080%2C675&ssl=1\",\"contentUrl\":\"https:\/\/i0.wp.com\/elregionalvm.com.ar\/noticias-villa-maria\/wp-content\/uploads\/2023\/11\/Cres_UNVM_estudiantes-1080x675-1.jpg?fit=1080%2C675&ssl=1\",\"width\":1080,\"height\":675},{\"@type\":\"BreadcrumbList\",\"@id\":\"https:\/\/elregionalvm.com.ar\/noticias-villa-maria\/san-francisco-estudiantes-de-la-unvm-destacan-calidad-academica-e-insercion-laboral\/#breadcrumb\",\"itemListElement\":[{\"@type\":\"ListItem\",\"position\":1,\"name\":\"Portada\",\"item\":\"https:\/\/elregionalvm.com.ar\/noticias-villa-maria\/\"},{\"@type\":\"ListItem\",\"position\":2,\"name\":\"San Francisco: estudiantes de la UNVM destacan calidad acad\u00e9mica e inserci\u00f3n laboral\"}]},{\"@type\":\"WebSite\",\"@id\":\"http:\/\/elregionalvm.com.ar\/noticias-villa-maria\/#website\",\"url\":\"http:\/\/elregionalvm.com.ar\/noticias-villa-maria\/\",\"name\":\"El Regional\",\"description\":\"Mucho m\u00e1s que informaci\u00f3n\",\"potentialAction\":[{\"@type\":\"SearchAction\",\"target\":{\"@type\":\"EntryPoint\",\"urlTemplate\":\"http:\/\/elregionalvm.com.ar\/noticias-villa-maria\/?s={search_term_string}\"},\"query-input\":{\"@type\":\"PropertyValueSpecification\",\"valueRequired\":true,\"valueName\":\"search_term_string\"}}],\"inLanguage\":\"es\"},{\"@type\":\"Person\",\"@id\":\"http:\/\/elregionalvm.com.ar\/noticias-villa-maria\/#\/schema\/person\/a0fb9c422317faca23d50163151bc354\",\"name\":\"Contenidos El Regional\",\"image\":{\"@type\":\"ImageObject\",\"inLanguage\":\"es\",\"@id\":\"http:\/\/elregionalvm.com.ar\/noticias-villa-maria\/#\/schema\/person\/image\/\",\"url\":\"https:\/\/secure.gravatar.com\/avatar\/265b27cb2209af7bb3a1318f03305787d7981a5cc6e6cd08fe5a4ecdf99d4b48?s=96&d=mm&r=g\",\"contentUrl\":\"https:\/\/secure.gravatar.com\/avatar\/265b27cb2209af7bb3a1318f03305787d7981a5cc6e6cd08fe5a4ecdf99d4b48?s=96&d=mm&r=g\",\"caption\":\"Contenidos El Regional\"},\"url\":\"https:\/\/elregionalvm.com.ar\/noticias-villa-maria\/author\/contenido\/\"}]}<\/script>\n<!-- \/ Yoast SEO plugin. -->","yoast_head_json":{"title":"San Francisco: estudiantes de la UNVM destacan calidad acad\u00e9mica e inserci\u00f3n laboral - El Regional","robots":{"index":"index","follow":"follow","max-snippet":"max-snippet:-1","max-image-preview":"max-image-preview:large","max-video-preview":"max-video-preview:-1"},"canonical":"https:\/\/elregionalvm.com.ar\/noticias-villa-maria\/san-francisco-estudiantes-de-la-unvm-destacan-calidad-academica-e-insercion-laboral\/","og_locale":"es_ES","og_type":"article","og_title":"San Francisco: estudiantes de la UNVM destacan calidad acad\u00e9mica e inserci\u00f3n laboral - El Regional","og_description":"Florencia, Manuel y Celeste cursan el \u00faltimo tramo de su carrera en el CRES. Tres estudiantes del Centro Regional de Educaci\u00f3n Superior San Francisco (CRES) elogiaron la calidad acad\u00e9mica de la Universidad Nacional de Villa Mar\u00eda (UNVM) y las facilidades de inserci\u00f3n en el \u00e1mbito laboral. Manuel Cornalis y Celeste Giorgis, de la Licenciatura en [&hellip;]","og_url":"https:\/\/elregionalvm.com.ar\/noticias-villa-maria\/san-francisco-estudiantes-de-la-unvm-destacan-calidad-academica-e-insercion-laboral\/","og_site_name":"El Regional","article_publisher":"https:\/\/www.facebook.com\/elregionalvm","article_published_time":"2023-11-16T18:35:13+00:00","article_modified_time":"2023-11-16T18:35:14+00:00","og_image":[{"width":1080,"height":675,"url":"https:\/\/elregionalvm.com.ar\/noticias-villa-maria\/wp-content\/uploads\/2023\/11\/Cres_UNVM_estudiantes-1080x675-1.jpg","type":"image\/jpeg"}],"author":"Contenidos El Regional","twitter_card":"summary_large_image","twitter_creator":"@elregionalvm1","twitter_site":"@elregionalvm1","twitter_misc":{"Escrito por":"Contenidos El Regional","Tiempo de lectura":"3 minutos"},"schema":{"@context":"https:\/\/schema.org","@graph":[{"@type":"Article","@id":"https:\/\/elregionalvm.com.ar\/noticias-villa-maria\/san-francisco-estudiantes-de-la-unvm-destacan-calidad-academica-e-insercion-laboral\/#article","isPartOf":{"@id":"https:\/\/elregionalvm.com.ar\/noticias-villa-maria\/san-francisco-estudiantes-de-la-unvm-destacan-calidad-academica-e-insercion-laboral\/"},"author":{"name":"Contenidos El Regional","@id":"http:\/\/elregionalvm.com.ar\/noticias-villa-maria\/#\/schema\/person\/a0fb9c422317faca23d50163151bc354"},"headline":"San Francisco: estudiantes de la UNVM destacan calidad acad\u00e9mica e inserci\u00f3n laboral","datePublished":"2023-11-16T18:35:13+00:00","dateModified":"2023-11-16T18:35:14+00:00","mainEntityOfPage":{"@id":"https:\/\/elregionalvm.com.ar\/noticias-villa-maria\/san-francisco-estudiantes-de-la-unvm-destacan-calidad-academica-e-insercion-laboral\/"},"wordCount":592,"commentCount":0,"image":{"@id":"https:\/\/elregionalvm.com.ar\/noticias-villa-maria\/san-francisco-estudiantes-de-la-unvm-destacan-calidad-academica-e-insercion-laboral\/#primaryimage"},"thumbnailUrl":"https:\/\/i0.wp.com\/elregionalvm.com.ar\/noticias-villa-maria\/wp-content\/uploads\/2023\/11\/Cres_UNVM_estudiantes-1080x675-1.jpg?fit=1080%2C675&ssl=1","articleSection":["Regi\u00f3n","Sociedad"],"inLanguage":"es","potentialAction":[{"@type":"CommentAction","name":"Comment","target":["https:\/\/elregionalvm.com.ar\/noticias-villa-maria\/san-francisco-estudiantes-de-la-unvm-destacan-calidad-academica-e-insercion-laboral\/#respond"]}]},{"@type":"WebPage","@id":"https:\/\/elregionalvm.com.ar\/noticias-villa-maria\/san-francisco-estudiantes-de-la-unvm-destacan-calidad-academica-e-insercion-laboral\/","url":"https:\/\/elregionalvm.com.ar\/noticias-villa-maria\/san-francisco-estudiantes-de-la-unvm-destacan-calidad-academica-e-insercion-laboral\/","name":"San Francisco: estudiantes de la UNVM destacan calidad acad\u00e9mica e inserci\u00f3n laboral - El Regional","isPartOf":{"@id":"http:\/\/elregionalvm.com.ar\/noticias-villa-maria\/#website"},"primaryImageOfPage":{"@id":"https:\/\/elregionalvm.com.ar\/noticias-villa-maria\/san-francisco-estudiantes-de-la-unvm-destacan-calidad-academica-e-insercion-laboral\/#primaryimage"},"image":{"@id":"https:\/\/elregionalvm.com.ar\/noticias-villa-maria\/san-francisco-estudiantes-de-la-unvm-destacan-calidad-academica-e-insercion-laboral\/#primaryimage"},"thumbnailUrl":"https:\/\/i0.wp.com\/elregionalvm.com.ar\/noticias-villa-maria\/wp-content\/uploads\/2023\/11\/Cres_UNVM_estudiantes-1080x675-1.jpg?fit=1080%2C675&ssl=1","datePublished":"2023-11-16T18:35:13+00:00","dateModified":"2023-11-16T18:35:14+00:00","author":{"@id":"http:\/\/elregionalvm.com.ar\/noticias-villa-maria\/#\/schema\/person\/a0fb9c422317faca23d50163151bc354"},"breadcrumb":{"@id":"https:\/\/elregionalvm.com.ar\/noticias-villa-maria\/san-francisco-estudiantes-de-la-unvm-destacan-calidad-academica-e-insercion-laboral\/#breadcrumb"},"inLanguage":"es","potentialAction":[{"@type":"ReadAction","target":["https:\/\/elregionalvm.com.ar\/noticias-villa-maria\/san-francisco-estudiantes-de-la-unvm-destacan-calidad-academica-e-insercion-laboral\/"]}]},{"@type":"ImageObject","inLanguage":"es","@id":"https:\/\/elregionalvm.com.ar\/noticias-villa-maria\/san-francisco-estudiantes-de-la-unvm-destacan-calidad-academica-e-insercion-laboral\/#primaryimage","url":"https:\/\/i0.wp.com\/elregionalvm.com.ar\/noticias-villa-maria\/wp-content\/uploads\/2023\/11\/Cres_UNVM_estudiantes-1080x675-1.jpg?fit=1080%2C675&ssl=1","contentUrl":"https:\/\/i0.wp.com\/elregionalvm.com.ar\/noticias-villa-maria\/wp-content\/uploads\/2023\/11\/Cres_UNVM_estudiantes-1080x675-1.jpg?fit=1080%2C675&ssl=1","width":1080,"height":675},{"@type":"BreadcrumbList","@id":"https:\/\/elregionalvm.com.ar\/noticias-villa-maria\/san-francisco-estudiantes-de-la-unvm-destacan-calidad-academica-e-insercion-laboral\/#breadcrumb","itemListElement":[{"@type":"ListItem","position":1,"name":"Portada","item":"https:\/\/elregionalvm.com.ar\/noticias-villa-maria\/"},{"@type":"ListItem","position":2,"name":"San Francisco: estudiantes de la UNVM destacan calidad acad\u00e9mica e inserci\u00f3n laboral"}]},{"@type":"WebSite","@id":"http:\/\/elregionalvm.com.ar\/noticias-villa-maria\/#website","url":"http:\/\/elregionalvm.com.ar\/noticias-villa-maria\/","name":"El Regional","description":"Mucho m\u00e1s que informaci\u00f3n","potentialAction":[{"@type":"SearchAction","target":{"@type":"EntryPoint","urlTemplate":"http:\/\/elregionalvm.com.ar\/noticias-villa-maria\/?s={search_term_string}"},"query-input":{"@type":"PropertyValueSpecification","valueRequired":true,"valueName":"search_term_string"}}],"inLanguage":"es"},{"@type":"Person","@id":"http:\/\/elregionalvm.com.ar\/noticias-villa-maria\/#\/schema\/person\/a0fb9c422317faca23d50163151bc354","name":"Contenidos El Regional","image":{"@type":"ImageObject","inLanguage":"es","@id":"http:\/\/elregionalvm.com.ar\/noticias-villa-maria\/#\/schema\/person\/image\/","url":"https:\/\/secure.gravatar.com\/avatar\/265b27cb2209af7bb3a1318f03305787d7981a5cc6e6cd08fe5a4ecdf99d4b48?s=96&d=mm&r=g","contentUrl":"https:\/\/secure.gravatar.com\/avatar\/265b27cb2209af7bb3a1318f03305787d7981a5cc6e6cd08fe5a4ecdf99d4b48?s=96&d=mm&r=g","caption":"Contenidos El Regional"},"url":"https:\/\/elregionalvm.com.ar\/noticias-villa-maria\/author\/contenido\/"}]}},"jetpack_featured_media_url":"https:\/\/i0.wp.com\/elregionalvm.com.ar\/noticias-villa-maria\/wp-content\/uploads\/2023\/11\/Cres_UNVM_estudiantes-1080x675-1.jpg?fit=1080%2C675&ssl=1","jetpack_sharing_enabled":true,"_links":{"self":[{"href":"https:\/\/elregionalvm.com.ar\/noticias-villa-maria\/wp-json\/wp\/v2\/posts\/85933","targetHints":{"allow":["GET"]}}],"collection":[{"href":"https:\/\/elregionalvm.com.ar\/noticias-villa-maria\/wp-json\/wp\/v2\/posts"}],"about":[{"href":"https:\/\/elregionalvm.com.ar\/noticias-villa-maria\/wp-json\/wp\/v2\/types\/post"}],"author":[{"embeddable":true,"href":"https:\/\/elregionalvm.com.ar\/noticias-villa-maria\/wp-json\/wp\/v2\/users\/4"}],"replies":[{"embeddable":true,"href":"https:\/\/elregionalvm.com.ar\/noticias-villa-maria\/wp-json\/wp\/v2\/comments?post=85933"}],"version-history":[{"count":1,"href":"https:\/\/elregionalvm.com.ar\/noticias-villa-maria\/wp-json\/wp\/v2\/posts\/85933\/revisions"}],"predecessor-version":[{"id":85937,"href":"https:\/\/elregionalvm.com.ar\/noticias-villa-maria\/wp-json\/wp\/v2\/posts\/85933\/revisions\/85937"}],"wp:featuredmedia":[{"embeddable":true,"href":"https:\/\/elregionalvm.com.ar\/noticias-villa-maria\/wp-json\/wp\/v2\/media\/85936"}],"wp:attachment":[{"href":"https:\/\/elregionalvm.com.ar\/noticias-villa-maria\/wp-json\/wp\/v2\/media?parent=85933"}],"wp:term":[{"taxonomy":"category","embeddable":true,"href":"https:\/\/elregionalvm.com.ar\/noticias-villa-maria\/wp-json\/wp\/v2\/categories?post=85933"},{"taxonomy":"post_tag","embeddable":true,"href":"https:\/\/elregionalvm.com.ar\/noticias-villa-maria\/wp-json\/wp\/v2\/tags?post=85933"}],"curies":[{"name":"wp","href":"https:\/\/api.w.org\/{rel}","templated":true}]}}