{"id":85944,"date":"2023-11-17T11:30:58","date_gmt":"2023-11-17T11:30:58","guid":{"rendered":"https:\/\/elregionalvm.com.ar\/noticias-villa-maria\/?p=85944"},"modified":"2023-11-21T02:27:20","modified_gmt":"2023-11-21T02:27:20","slug":"cuando-las-palabras-hieren-no-quiero-volver-a-la-escuela","status":"publish","type":"post","link":"https:\/\/elregionalvm.com.ar\/noticias-villa-maria\/cuando-las-palabras-hieren-no-quiero-volver-a-la-escuela\/","title":{"rendered":"Cuando las palabras hieren: \u201cNo quiero volver a la escuela\u201d"},"content":{"rendered":"\n<p><\/p>\n\n\n\n<h3 class=\"wp-block-heading\"><strong>Natasha M. (17) es alumna en<\/strong> <strong>5\u00b0 a\u00f1o de Econom\u00eda y Gesti\u00f3n del I.P.E.M. N\u00b0 275 y, a un mes de terminar las clases, decidi\u00f3 (hasta el momento) abandonar la escuela y no terminar su a\u00f1o escolar, debido a una situaci\u00f3n vivida el pasado mi\u00e9rcoles 15 de noviembre con sus compa\u00f1eros, dentro del aula y en presencia de un docente. \u201cEsto que sucedi\u00f3, me golpe\u00f3 muy fuerte. No quiero volver a esa escuela\u201d.<\/strong><\/h3>\n\n\n\n<p><\/p>\n\n\n\n<p><strong>Escribe: Carolina Durand<\/strong><\/p>\n\n\n\n<p><\/p>\n\n\n\n<p>El bullying (entendido como la&nbsp;conducta de persecuci\u00f3n f\u00edsica y\/o psicol\u00f3gica que realiza un&nbsp;estudiante&nbsp;contra otro&nbsp;de forma negativa, continua e intencionada), la violencia ps\u00edquica, emocional y f\u00edsica, es moneda corriente en la sociedad.<\/p>\n\n\n\n<p>Se minimiza, se sigue sosteniendo la frase retr\u00f3grada, \u201cson cosas de ni\u00f1os o adolescentes\u201d, se espera la acumulaci\u00f3n de cientos de situaciones violentas para \u201ctomar cartas en el asunto\u201d y sigue siendo una materia pendiente, reconocer de qu\u00e9 manera, puede afectar a una persona emocionalmente, el destrato, la burla, el filo de las palabras y la falta de acci\u00f3n, por parte de quienes presencian esos hechos.<\/p>\n\n\n\n<p>Natasha es alumna del Colegio Nacional y \u201ctras sentirse atacada\u201d por las expresiones de sus compa\u00f1eros, en el marco de una actividad, guiada por un docente, pidi\u00f3 a su padre (de manera telef\u00f3nica), ser retirada de la instituci\u00f3n y desisti\u00f3 de volver a clases.<\/p>\n\n\n\n<p>Luis (padre) asegura que no recibi\u00f3 la respuesta y el gesto que esperaba de la instituci\u00f3n.<\/p>\n\n\n\n<p><\/p>\n\n\n\n<figure class=\"wp-block-image size-large\"><img data-recalc-dims=\"1\" fetchpriority=\"high\" decoding=\"async\" width=\"1024\" height=\"768\" src=\"https:\/\/i0.wp.com\/elregionalvm.com.ar\/noticias-villa-maria\/wp-content\/uploads\/2023\/11\/Colegio-nacional-frente-2.jpg?resize=1024%2C768&#038;ssl=1\" alt=\"\" class=\"wp-image-85947\" srcset=\"https:\/\/i0.wp.com\/elregionalvm.com.ar\/noticias-villa-maria\/wp-content\/uploads\/2023\/11\/Colegio-nacional-frente-2.jpg?resize=1024%2C768&amp;ssl=1 1024w, https:\/\/i0.wp.com\/elregionalvm.com.ar\/noticias-villa-maria\/wp-content\/uploads\/2023\/11\/Colegio-nacional-frente-2.jpg?resize=300%2C225&amp;ssl=1 300w, https:\/\/i0.wp.com\/elregionalvm.com.ar\/noticias-villa-maria\/wp-content\/uploads\/2023\/11\/Colegio-nacional-frente-2.jpg?resize=768%2C576&amp;ssl=1 768w, https:\/\/i0.wp.com\/elregionalvm.com.ar\/noticias-villa-maria\/wp-content\/uploads\/2023\/11\/Colegio-nacional-frente-2.jpg?w=1200&amp;ssl=1 1200w\" sizes=\"(max-width: 1000px) 100vw, 1000px\" \/><\/figure>\n\n\n\n<p><\/p>\n\n\n\n<p>Ante la impotencia, la tristeza y la desaz\u00f3n de lo ocurrido en el aula, la joven escribi\u00f3 la siguiente carta, relatando lo que vivi\u00f3 y, su padre, la hizo extensiva a este medio para visibilizar un hecho que, llev\u00f3 a su hija a querer dejar la escuela.<\/p>\n\n\n\n<p><strong>En palabras de Natasha\u2026<\/strong><\/p>\n\n\n\n<p><em>\u201cEsto lo tuve que vivir en la materia de Formaci\u00f3n para la Vida y el Trabajo con el profesor C. M. (Nota de la Redacci\u00f3n: originalmente figuraba el nombre completo) y, continu\u00f3 (por parte de mis compa\u00f1eros) en la materia de Historia con la profesora Demo. <\/em><\/p>\n\n\n\n<p><em>Estaban jugando a debatir y opinar sobre \u201cel otro\u201d (consigna dada por el docente) mientras el profesor miraba y escuchaba.<\/em><\/p>\n\n\n\n<p><em>Una chica, la cual me agradaba, dijo mi nombre y todos empezaron a gritar y re\u00edrse, me llam\u00f3 cre\u00edda, me dijo que me hago ver y que, seg\u00fan yo, yo s\u00e9 todo.<\/em><\/p>\n\n\n\n<p><em>Preguntaron, qui\u00e9nes m\u00e1s opinaban lo mismo y, todas las chicas del curso levantaron la mano, empezando a criticarme, entre ellas. Les dije que me nombraran alguna situaci\u00f3n en espec\u00edfico y, nadie dec\u00eda nada, s\u00f3lo dos o tres.<\/em><\/p>\n\n\n\n<p><em>Con J, aclar\u00e9 las cosas (me dijo que le habl\u00e9 mal y que me hac\u00eda ver superior, porque ella me hab\u00eda tocado el hombro y le dije que no lo hiciera, pero lo exager\u00f3); con R no (mencion\u00f3 sobre una vez que, pronunci\u00f3 mal mi nombre y seg\u00fan ella, le respond\u00ed groseramente, dici\u00e9ndole que es \u00abNatasha\u00bb pero, luego lo pronunci\u00f3 mal nuevamente, as\u00ed que no tuvo sentido, ya que ella me hac\u00eda burla y yo nunca le respond\u00ed mal); y L, me dijo que, seg\u00fan ella, la insultaba pero, nunca mencion\u00f3 alg\u00fan momento y, estoy segura de que, ella habla mal de m\u00ed cuando se le da la gana, al igual que todas las dem\u00e1s que se quedaron calladas.<\/em><\/p>\n\n\n\n<p><em>Luego me dijeron que, me creo mucho porque hago los trabajos sola. Ser\u00e1 porque ninguna quiere ser mi amiga, porque tengo desacuerdos con mi compa\u00f1ero de lado y, porque los varones con los que, a veces me junto, no hacen nada. Con las que intentaba juntarme, cuando era nueva, me dejaron de hablar y empezaron a tirar mierda sobre m\u00ed.<\/em><\/p>\n\n\n\n<p><em>(Volviendo al aula) Cuando intentaba defenderme, ante todas estas cosas, dec\u00edan que yo estaba faltando el respeto porque son sus opiniones ante m\u00ed y que, as\u00ed es \u201cel juego\u201d que, seg\u00fan recuerdo, nunca acept\u00e9 jugar, que as\u00ed son las opiniones que, nunca ped\u00ed sobre mi personalidad y mis gestos. No puede ser que les moleste todo de m\u00ed, cuando nunca me vinculo con esas personas.<\/em><\/p>\n\n\n\n<p><em>Nunca nada de lo que hice afect\u00f3 a nadie. No ten\u00edan el derecho a humillarme como lo hicieron, de ser tan falsos que, hasta me segu\u00edan en redes sociales (Instagram). No es mi problema que, se sientan inseguros de s\u00ed mismos como para criticar de esa manera a alguien que no conocen.<\/em><\/p>\n\n\n\n<p><em>Otra situaci\u00f3n que ninguna mencion\u00f3 fue, cuando M.A (compa\u00f1era), me sac\u00f3 de las manos mi boligoma, sin pedir permiso y fue a pegar su hoja, aunque, yo le estuviera diciendo que me la devolviera.<\/em><\/p>\n\n\n\n<p><em>Nunca agred\u00ed a nadie verbal ni f\u00edsicamente, sin embargo, todo el curso, excepto unos varones, estuvo contra m\u00ed.<\/em><\/p>\n\n\n\n<p><em>A todo esto, el profesor, me pregunt\u00f3 qu\u00e9 ten\u00eda para decir ante todo esto, cuando claramente, ya no sab\u00eda c\u00f3mo comunicarme porque todo lo que sal\u00eda de mi boca era una falta de respeto para todos, en especial para L (otra compa\u00f1era).<\/em><\/p>\n\n\n\n<p><em>Al terminar de opinar sobre m\u00ed, tuvieron el descaro de preguntarme qui\u00e9n me cae mal y dije que nadie. Claramente, no voy como jurada ni cr\u00edtica al colegio, voy a estudiar y, esto que sucedi\u00f3 hoy, me golpe\u00f3 muy fuerte mentalmente.<\/em><\/p>\n\n\n\n<p><em>Cuando fueron a retirarme (mis padres), el preceptor de turno, aclar\u00f3 que la preceptora (Daniela), estaba ausente y, por lo tanto, en estas situaciones, ten\u00eda que hablar con el profesor presente en el aula, pero, el profesor, hasta opinaba de todo lo que dec\u00edan mis compa\u00f1eros.<\/em><\/p>\n\n\n\n<p><em>Despu\u00e9s, los preceptores dijeron que la directora no estaba presente y los recibi\u00f3 la vice. Mi pap\u00e1 le pregunt\u00f3 a la secretaria y ella, dijo que estaba ah\u00ed (la directora). Sin embargo, parece que nadie se quiere hacer cargo de estas situaciones, ni de la instituci\u00f3n, los ba\u00f1os est\u00e1n como est\u00e1n (dan asco), sucios, las puertas rotas y los inodoros, llenos de mierda, que en algunos casos llega a quedar en la pared.<\/em><\/p>\n\n\n\n<p><em>No quiero volver m\u00e1s a ese colegio, quiero terminar la secundaria sin tener personas detr\u00e1s de m\u00ed, opinando y critic\u00e1ndome todo el tiempo, sin conocerme\u201d.<\/em><\/p>\n\n\n\n<p><\/p>\n\n\n\n<figure class=\"wp-block-image size-large\"><img data-recalc-dims=\"1\" decoding=\"async\" width=\"1024\" height=\"570\" src=\"https:\/\/i0.wp.com\/elregionalvm.com.ar\/noticias-villa-maria\/wp-content\/uploads\/2022\/10\/violencia-de-genero-1-e1700220513716-1024x570.jpg?resize=1024%2C570&#038;ssl=1\" alt=\"\" class=\"wp-image-65256\" srcset=\"https:\/\/i0.wp.com\/elregionalvm.com.ar\/noticias-villa-maria\/wp-content\/uploads\/2022\/10\/violencia-de-genero-1-e1700220513716.jpg?resize=1024%2C570&amp;ssl=1 1024w, https:\/\/i0.wp.com\/elregionalvm.com.ar\/noticias-villa-maria\/wp-content\/uploads\/2022\/10\/violencia-de-genero-1-e1700220513716.jpg?resize=300%2C167&amp;ssl=1 300w, https:\/\/i0.wp.com\/elregionalvm.com.ar\/noticias-villa-maria\/wp-content\/uploads\/2022\/10\/violencia-de-genero-1-e1700220513716.jpg?resize=768%2C428&amp;ssl=1 768w, https:\/\/i0.wp.com\/elregionalvm.com.ar\/noticias-villa-maria\/wp-content\/uploads\/2022\/10\/violencia-de-genero-1-e1700220513716.jpg?w=1200&amp;ssl=1 1200w\" sizes=\"(max-width: 1000px) 100vw, 1000px\" \/><\/figure>\n\n\n\n<p><\/p>\n\n\n\n<p><strong>La palabra del padre<\/strong><\/p>\n\n\n\n<p>Tras leer el descargo, en palabras de su hija y la angustia, Luis, expres\u00f3 sus sensaciones y consider\u00f3 \u201cfalta de empat\u00eda\u201d del cuerpo docente a cargo, al momento del episodio.<\/p>\n\n\n\n<p>\u201cEste es el relato de mi hija, con solo 17 a\u00f1os, sufri\u00f3 bullying de todo el curso completo, incluido los dos profesores que no detuvieron la situaci\u00f3n. Cuando nuestra hija nos llama, vamos urgente a la escuela. La encontramos ba\u00f1ada en l\u00e1grimas, pudimos ver ese dolor en su alma y \u201cnadie sab\u00eda nada\u201d. Hablamos con los preceptores y desconoc\u00edan lo que pasaba en \u201cla escuela en la que trabajan\u201d, los profesores presentes en el aula, nunca se hicieron presentes ante nosotros y la vicedirectora de la instituci\u00f3n, dijo que la directora no se encontraba (y Natasha la hab\u00eda visto en la escuela)\u201d.<\/p>\n\n\n\n<p>\u201cNos dijeron que, quer\u00edan organizar una reuni\u00f3n el mi\u00e9rcoles 22 de noviembre, una semana posterior. &nbsp;Mi hija necesitaba contenci\u00f3n en ese momento, la cual no fue brindada por las autoridades\u201d. &nbsp;<\/p>\n\n\n\n<p>Y agreg\u00f3, \u201cAtacaron a mi hija psicol\u00f3gicamente y a un mes de terminar quinto a\u00f1o, no quiere volver a esa escuela\u201d.<\/p>\n\n\n\n<p>Tras el descargo, Natasha cont\u00f3 a su padre que, existieron otros episodios de destratos por parte de sus compa\u00f1eros en los cuales, la alumna se defendi\u00f3 y termin\u00f3 minimiz\u00e1ndolos, aunque influyeron en su estado an\u00edmico. No obstante, nunca dej\u00f3 constancia verbal ante las autoridades escolares.<\/p>\n\n\n\n<p><strong>Respuesta de autoridades<\/strong><\/p>\n\n\n\n<p>Tras ser consultada, la vicedirectora a cargo, el pasado mi\u00e9rcoles en el turno de la ma\u00f1ana, Gabriela Climaco, discrep\u00f3 con parte del relato y la secuencia del episodio manifestado por el padre de la alumna. Sin embargo, prefiri\u00f3 por el momento, no ampliar su declaraci\u00f3n.<\/p>\n\n\n\n<p><\/p>\n\n\n\n<figure class=\"wp-block-image size-full\"><img data-recalc-dims=\"1\" decoding=\"async\" width=\"993\" height=\"660\" src=\"https:\/\/i0.wp.com\/elregionalvm.com.ar\/noticias-villa-maria\/wp-content\/uploads\/2021\/02\/Aula-vacia-escuela-cordobesa.jpg?resize=993%2C660&#038;ssl=1\" alt=\"\" class=\"wp-image-32971\" srcset=\"https:\/\/i0.wp.com\/elregionalvm.com.ar\/noticias-villa-maria\/wp-content\/uploads\/2021\/02\/Aula-vacia-escuela-cordobesa.jpg?w=993&amp;ssl=1 993w, https:\/\/i0.wp.com\/elregionalvm.com.ar\/noticias-villa-maria\/wp-content\/uploads\/2021\/02\/Aula-vacia-escuela-cordobesa.jpg?resize=300%2C199&amp;ssl=1 300w, https:\/\/i0.wp.com\/elregionalvm.com.ar\/noticias-villa-maria\/wp-content\/uploads\/2021\/02\/Aula-vacia-escuela-cordobesa.jpg?resize=768%2C510&amp;ssl=1 768w\" sizes=\"(max-width: 993px) 100vw, 993px\" \/><\/figure>\n\n\n\n<p><\/p>\n\n\n\n<p><strong>Violencia descontrolada<\/strong><\/p>\n\n\n\n<p>Las escuelas (primarias y secundarias), en las \u00faltimas d\u00e9cadas, han tenido un giro de 180 grados &nbsp;en el cual, ya no solo se limitan a ense\u00f1ar y educar sino que, se vieron absorbidas por un sistema que debe hacer pasar de a\u00f1o a los alumnos que no han interiorizado los contendidos correspondientes a su ciclo escolar; a la obligaci\u00f3n de contener desde lo psicol\u00f3gico, lo alimenticio y lo intrafamiliar a j\u00f3venes que, van a clases cargados de problemas (en ocasiones, externos a la escuela), de violencia y de indiferencia a las autoridades; a ser, muchas veces, un espacio sobrepasado de alumnos por falta de pol\u00edticas p\u00fablicas que, no han sabido generar infraestructura para la educaci\u00f3n de calidad con el efecto de matr\u00edculas colapsadas (haciendo muy dif\u00edcil el aprendizaje de los alumnos y el seguimiento de los docentes)<\/p>\n\n\n\n<p>No obstante, y sin \u00e1nimos de ofender, en las aulas, a\u00fan existen docentes que siguen pensando que, \u201cla violencia es la nueva forma de comunicarse entre j\u00f3venes\u201d, que \u201cel bullying no existe como tal\u201d y que, ante un problema en las aulas, no deben intervenir.<\/p>\n\n\n\n<p>A su vez, los gabinetes escolares se ven desbordados por conflictos personales de alumnos que llevan las peleas a las aulas y que, muchas veces inician fuera de las instituciones, por whats app o redes sociales.<\/p>\n\n\n\n<p>El rol de los docentes es uno de los mayores condicionantes para un estudiante, para bien y para mal. Son los responsables de transmitirles los conocimientos en sus c\u00e1tedras, pero, tambi\u00e9n, los que pueden detectar e intervenir a tiempo ante el acoso psicol\u00f3gico (o f\u00edsico) a un joven.<\/p>\n\n\n\n<p>Quiz\u00e1s, requiera de nuevas pedagog\u00edas, estrategias y actividades escolares. Quiz\u00e1s, es preferible perder una hora de matem\u00e1ticas (o cualquiera materia), cambiar la clase y, ense\u00f1arles, cu\u00e1nto da\u00f1o puede hacerles a sus propios compa\u00f1eros con palabras denigrantes y burlas.<\/p>\n\n\n\n<p><strong>Nos llevamos hasta el timbre a marzo<\/strong><\/p>\n\n\n\n<p>La sociedad toda, no queda exenta. La familia, no queda exenta. Reproducimos una violencia expandida en la calle, en nuestras casas, en el tr\u00e1nsito, en los medios de comunicaci\u00f3n, en las redes sociales que, naturalizamos ante los ni\u00f1os y adolescentes. Despu\u00e9s, escondemos la mugre bajo la alfombra y se\u00f1alamos a los otros de violentos.<\/p>\n\n\n\n<p>El estado, a trav\u00e9s de sus pol\u00edticas educativas, debe contemplar en sus curriculas que, las instituciones educativas tengan las herramientas para abordar estas problem\u00e1ticas, las cuales&nbsp;&nbsp; luego son noticas (o no) a trav\u00e9s de suicidios, patoterismos en manada, golpizas y en el peor de los casos,&nbsp;homicidios&nbsp;en grado de&nbsp;<em>tentativa. <\/em><em><\/em><\/p>\n\n\n\n<p>Cuando no queremos hacernos cargos de la realidad, ponderamos la exageraci\u00f3n ajena, sin embargo, en el 2020, la ciudad marc\u00f3 un precedente nacional, con tres exalumnas del colegio secundario Rosarinas, las cuales fueron a juicio oral, acusadas de lesiones leves por un caso de bullying, en el que la v\u00edctima fue una compa\u00f1era de curso escolar.<\/p>\n\n\n\n<p>Quedaron absueltas, ya que la Justicia consider\u00f3 que por ser menores de edad al momento del hecho (2013), el acoso no trajo consecuencias a la v\u00edctima. \u00bfNo las tuvo?&nbsp;<\/p>\n\n\n\n<p><\/p>\n\n\n\n<figure class=\"wp-block-image size-large\"><img data-recalc-dims=\"1\" loading=\"lazy\" decoding=\"async\" width=\"1024\" height=\"607\" src=\"https:\/\/i0.wp.com\/elregionalvm.com.ar\/noticias-villa-maria\/wp-content\/uploads\/2022\/10\/Violencia-mujer-mano-levantada.jpg?resize=1024%2C607&#038;ssl=1\" alt=\"\" class=\"wp-image-65077\" srcset=\"https:\/\/i0.wp.com\/elregionalvm.com.ar\/noticias-villa-maria\/wp-content\/uploads\/2022\/10\/Violencia-mujer-mano-levantada.jpg?resize=1024%2C607&amp;ssl=1 1024w, https:\/\/i0.wp.com\/elregionalvm.com.ar\/noticias-villa-maria\/wp-content\/uploads\/2022\/10\/Violencia-mujer-mano-levantada.jpg?resize=300%2C178&amp;ssl=1 300w, https:\/\/i0.wp.com\/elregionalvm.com.ar\/noticias-villa-maria\/wp-content\/uploads\/2022\/10\/Violencia-mujer-mano-levantada.jpg?resize=768%2C455&amp;ssl=1 768w, https:\/\/i0.wp.com\/elregionalvm.com.ar\/noticias-villa-maria\/wp-content\/uploads\/2022\/10\/Violencia-mujer-mano-levantada.jpg?w=1041&amp;ssl=1 1041w\" sizes=\"(max-width: 1000px) 100vw, 1000px\" \/><\/figure>\n\n\n\n<p><\/p>\n\n\n\n<p>El caso m\u00e1s reciente, ocurri\u00f3 en el polideportivo municipal, a fines de octubre, dentro de la hora de gimnasia de un establecimiento secundario local, donde un ni\u00f1o de 13 a\u00f1os con s\u00edndrome de Asperger fue agredido f\u00edsicamente. En palabas de su madre \u201cun compa\u00f1ero le dio un rodillazo y le revent\u00f3 el prepucio (el pliegue de piel que cubre el extremo del pene)\u201d.<\/p>\n\n\n\n<p>Podr\u00eda seguir enumerando casos resonantes de violencia urbana, escolar e institucional. Pero, no se trata de enumerar hechos y realidades que nos atraviesan a diario, sino de hacernos cargo de lo que nos toca y, respetar los contratos sociales y morales de los cuales, todos somos parte, si queremos bajar los niveles de violencia que atraviesan a nuestros j\u00f3venes.<\/p>\n\n\n\n<p>La violencia no se combate con violencia.<\/p>\n","protected":false},"excerpt":{"rendered":"<p>Natasha M. (17) es alumna en 5\u00b0 a\u00f1o de Econom\u00eda y Gesti\u00f3n del I.P.E.M. N\u00b0 275 y, a un mes de terminar las clases, decidi\u00f3 (hasta el momento) abandonar la escuela y no terminar su a\u00f1o escolar, debido a una situaci\u00f3n vivida el pasado mi\u00e9rcoles 15 de noviembre con sus compa\u00f1eros, dentro del aula y [&hellip;]<\/p>\n","protected":false},"author":4,"featured_media":85946,"comment_status":"open","ping_status":"open","sticky":false,"template":"","format":"standard","meta":{"site-sidebar-layout":"default","site-content-layout":"","ast-site-content-layout":"default","site-content-style":"default","site-sidebar-style":"default","ast-global-header-display":"","ast-banner-title-visibility":"","ast-main-header-display":"","ast-hfb-above-header-display":"","ast-hfb-below-header-display":"","ast-hfb-mobile-header-display":"","site-post-title":"","ast-breadcrumbs-content":"","ast-featured-img":"","footer-sml-layout":"","ast-disable-related-posts":"","theme-transparent-header-meta":"","adv-header-id-meta":"","stick-header-meta":"","header-above-stick-meta":"","header-main-stick-meta":"","header-below-stick-meta":"","astra-migrate-meta-layouts":"set","ast-page-background-enabled":"default","ast-page-background-meta":{"desktop":{"background-color":"","background-image":"","background-repeat":"repeat","background-position":"center center","background-size":"auto","background-attachment":"scroll","background-type":"","background-media":"","overlay-type":"","overlay-color":"","overlay-opacity":"","overlay-gradient":""},"tablet":{"background-color":"","background-image":"","background-repeat":"repeat","background-position":"center center","background-size":"auto","background-attachment":"scroll","background-type":"","background-media":"","overlay-type":"","overlay-color":"","overlay-opacity":"","overlay-gradient":""},"mobile":{"background-color":"","background-image":"","background-repeat":"repeat","background-position":"center center","background-size":"auto","background-attachment":"scroll","background-type":"","background-media":"","overlay-type":"","overlay-color":"","overlay-opacity":"","overlay-gradient":""}},"ast-content-background-meta":{"desktop":{"background-color":"var(--ast-global-color-5)","background-image":"","background-repeat":"repeat","background-position":"center center","background-size":"auto","background-attachment":"scroll","background-type":"","background-media":"","overlay-type":"","overlay-color":"","overlay-opacity":"","overlay-gradient":""},"tablet":{"background-color":"var(--ast-global-color-5)","background-image":"","background-repeat":"repeat","background-position":"center center","background-size":"auto","background-attachment":"scroll","background-type":"","background-media":"","overlay-type":"","overlay-color":"","overlay-opacity":"","overlay-gradient":""},"mobile":{"background-color":"var(--ast-global-color-5)","background-image":"","background-repeat":"repeat","background-position":"center center","background-size":"auto","background-attachment":"scroll","background-type":"","background-media":"","overlay-type":"","overlay-color":"","overlay-opacity":"","overlay-gradient":""}},"_jetpack_memberships_contains_paid_content":false,"_joinchat":[],"footnotes":""},"categories":[2098,3557,2],"tags":[3940,14935,7179,1661,84,18963,995],"class_list":["post-85944","post","type-post","status-publish","format-standard","has-post-thumbnail","hentry","category-historias","category-tercera","category-villa-maria","tag-agresion","tag-bullying","tag-colegio-nacional","tag-denuncia","tag-escuela","tag-estudiante","tag-violencia"],"yoast_head":"<!-- This site is optimized with the Yoast SEO plugin v26.8 - https:\/\/yoast.com\/product\/yoast-seo-wordpress\/ -->\n<title>Cuando las palabras hieren: \u201cNo quiero volver a la escuela\u201d - El Regional<\/title>\n<meta name=\"robots\" content=\"index, follow, max-snippet:-1, max-image-preview:large, max-video-preview:-1\" \/>\n<link rel=\"canonical\" href=\"https:\/\/elregionalvm.com.ar\/noticias-villa-maria\/cuando-las-palabras-hieren-no-quiero-volver-a-la-escuela\/\" \/>\n<meta property=\"og:locale\" content=\"es_ES\" \/>\n<meta property=\"og:type\" content=\"article\" \/>\n<meta property=\"og:title\" content=\"Cuando las palabras hieren: \u201cNo quiero volver a la escuela\u201d - El Regional\" \/>\n<meta property=\"og:description\" content=\"Natasha M. (17) es alumna en 5\u00b0 a\u00f1o de Econom\u00eda y Gesti\u00f3n del I.P.E.M. N\u00b0 275 y, a un mes de terminar las clases, decidi\u00f3 (hasta el momento) abandonar la escuela y no terminar su a\u00f1o escolar, debido a una situaci\u00f3n vivida el pasado mi\u00e9rcoles 15 de noviembre con sus compa\u00f1eros, dentro del aula y [&hellip;]\" \/>\n<meta property=\"og:url\" content=\"https:\/\/elregionalvm.com.ar\/noticias-villa-maria\/cuando-las-palabras-hieren-no-quiero-volver-a-la-escuela\/\" \/>\n<meta property=\"og:site_name\" content=\"El Regional\" \/>\n<meta property=\"article:publisher\" content=\"https:\/\/www.facebook.com\/elregionalvm\" \/>\n<meta property=\"article:published_time\" content=\"2023-11-17T11:30:58+00:00\" \/>\n<meta property=\"article:modified_time\" content=\"2023-11-21T02:27:20+00:00\" \/>\n<meta property=\"og:image\" content=\"https:\/\/elregionalvm.com.ar\/noticias-villa-maria\/wp-content\/uploads\/2023\/11\/Colegio-nacional-frente.jpg\" \/>\n\t<meta property=\"og:image:width\" content=\"1200\" \/>\n\t<meta property=\"og:image:height\" content=\"900\" \/>\n\t<meta property=\"og:image:type\" content=\"image\/jpeg\" \/>\n<meta name=\"author\" content=\"Contenidos El Regional\" \/>\n<meta name=\"twitter:card\" content=\"summary_large_image\" \/>\n<meta name=\"twitter:creator\" content=\"@elregionalvm1\" \/>\n<meta name=\"twitter:site\" content=\"@elregionalvm1\" \/>\n<meta name=\"twitter:label1\" content=\"Escrito por\" \/>\n\t<meta name=\"twitter:data1\" content=\"Contenidos El Regional\" \/>\n\t<meta name=\"twitter:label2\" content=\"Tiempo de lectura\" \/>\n\t<meta name=\"twitter:data2\" content=\"10 minutos\" \/>\n<script type=\"application\/ld+json\" class=\"yoast-schema-graph\">{\"@context\":\"https:\/\/schema.org\",\"@graph\":[{\"@type\":\"Article\",\"@id\":\"https:\/\/elregionalvm.com.ar\/noticias-villa-maria\/cuando-las-palabras-hieren-no-quiero-volver-a-la-escuela\/#article\",\"isPartOf\":{\"@id\":\"https:\/\/elregionalvm.com.ar\/noticias-villa-maria\/cuando-las-palabras-hieren-no-quiero-volver-a-la-escuela\/\"},\"author\":{\"name\":\"Contenidos El Regional\",\"@id\":\"http:\/\/elregionalvm.com.ar\/noticias-villa-maria\/#\/schema\/person\/a0fb9c422317faca23d50163151bc354\"},\"headline\":\"Cuando las palabras hieren: \u201cNo quiero volver a la escuela\u201d\",\"datePublished\":\"2023-11-17T11:30:58+00:00\",\"dateModified\":\"2023-11-21T02:27:20+00:00\",\"mainEntityOfPage\":{\"@id\":\"https:\/\/elregionalvm.com.ar\/noticias-villa-maria\/cuando-las-palabras-hieren-no-quiero-volver-a-la-escuela\/\"},\"wordCount\":2062,\"commentCount\":0,\"image\":{\"@id\":\"https:\/\/elregionalvm.com.ar\/noticias-villa-maria\/cuando-las-palabras-hieren-no-quiero-volver-a-la-escuela\/#primaryimage\"},\"thumbnailUrl\":\"https:\/\/i0.wp.com\/elregionalvm.com.ar\/noticias-villa-maria\/wp-content\/uploads\/2023\/11\/Colegio-nacional-frente.jpg?fit=1200%2C900&ssl=1\",\"keywords\":[\"agresi\u00f3n\",\"bullying\",\"Colegio Nacional\",\"denuncia\",\"escuela\",\"estudiante\",\"Violencia\"],\"articleSection\":[\"Historias\",\"tercera\",\"Villa Mar\u00eda\"],\"inLanguage\":\"es\",\"potentialAction\":[{\"@type\":\"CommentAction\",\"name\":\"Comment\",\"target\":[\"https:\/\/elregionalvm.com.ar\/noticias-villa-maria\/cuando-las-palabras-hieren-no-quiero-volver-a-la-escuela\/#respond\"]}]},{\"@type\":\"WebPage\",\"@id\":\"https:\/\/elregionalvm.com.ar\/noticias-villa-maria\/cuando-las-palabras-hieren-no-quiero-volver-a-la-escuela\/\",\"url\":\"https:\/\/elregionalvm.com.ar\/noticias-villa-maria\/cuando-las-palabras-hieren-no-quiero-volver-a-la-escuela\/\",\"name\":\"Cuando las palabras hieren: \u201cNo quiero volver a la escuela\u201d - El Regional\",\"isPartOf\":{\"@id\":\"http:\/\/elregionalvm.com.ar\/noticias-villa-maria\/#website\"},\"primaryImageOfPage\":{\"@id\":\"https:\/\/elregionalvm.com.ar\/noticias-villa-maria\/cuando-las-palabras-hieren-no-quiero-volver-a-la-escuela\/#primaryimage\"},\"image\":{\"@id\":\"https:\/\/elregionalvm.com.ar\/noticias-villa-maria\/cuando-las-palabras-hieren-no-quiero-volver-a-la-escuela\/#primaryimage\"},\"thumbnailUrl\":\"https:\/\/i0.wp.com\/elregionalvm.com.ar\/noticias-villa-maria\/wp-content\/uploads\/2023\/11\/Colegio-nacional-frente.jpg?fit=1200%2C900&ssl=1\",\"datePublished\":\"2023-11-17T11:30:58+00:00\",\"dateModified\":\"2023-11-21T02:27:20+00:00\",\"author\":{\"@id\":\"http:\/\/elregionalvm.com.ar\/noticias-villa-maria\/#\/schema\/person\/a0fb9c422317faca23d50163151bc354\"},\"breadcrumb\":{\"@id\":\"https:\/\/elregionalvm.com.ar\/noticias-villa-maria\/cuando-las-palabras-hieren-no-quiero-volver-a-la-escuela\/#breadcrumb\"},\"inLanguage\":\"es\",\"potentialAction\":[{\"@type\":\"ReadAction\",\"target\":[\"https:\/\/elregionalvm.com.ar\/noticias-villa-maria\/cuando-las-palabras-hieren-no-quiero-volver-a-la-escuela\/\"]}]},{\"@type\":\"ImageObject\",\"inLanguage\":\"es\",\"@id\":\"https:\/\/elregionalvm.com.ar\/noticias-villa-maria\/cuando-las-palabras-hieren-no-quiero-volver-a-la-escuela\/#primaryimage\",\"url\":\"https:\/\/i0.wp.com\/elregionalvm.com.ar\/noticias-villa-maria\/wp-content\/uploads\/2023\/11\/Colegio-nacional-frente.jpg?fit=1200%2C900&ssl=1\",\"contentUrl\":\"https:\/\/i0.wp.com\/elregionalvm.com.ar\/noticias-villa-maria\/wp-content\/uploads\/2023\/11\/Colegio-nacional-frente.jpg?fit=1200%2C900&ssl=1\",\"width\":1200,\"height\":900},{\"@type\":\"BreadcrumbList\",\"@id\":\"https:\/\/elregionalvm.com.ar\/noticias-villa-maria\/cuando-las-palabras-hieren-no-quiero-volver-a-la-escuela\/#breadcrumb\",\"itemListElement\":[{\"@type\":\"ListItem\",\"position\":1,\"name\":\"Portada\",\"item\":\"https:\/\/elregionalvm.com.ar\/noticias-villa-maria\/\"},{\"@type\":\"ListItem\",\"position\":2,\"name\":\"Cuando las palabras hieren: \u201cNo quiero volver a la escuela\u201d\"}]},{\"@type\":\"WebSite\",\"@id\":\"http:\/\/elregionalvm.com.ar\/noticias-villa-maria\/#website\",\"url\":\"http:\/\/elregionalvm.com.ar\/noticias-villa-maria\/\",\"name\":\"El Regional\",\"description\":\"Mucho m\u00e1s que informaci\u00f3n\",\"potentialAction\":[{\"@type\":\"SearchAction\",\"target\":{\"@type\":\"EntryPoint\",\"urlTemplate\":\"http:\/\/elregionalvm.com.ar\/noticias-villa-maria\/?s={search_term_string}\"},\"query-input\":{\"@type\":\"PropertyValueSpecification\",\"valueRequired\":true,\"valueName\":\"search_term_string\"}}],\"inLanguage\":\"es\"},{\"@type\":\"Person\",\"@id\":\"http:\/\/elregionalvm.com.ar\/noticias-villa-maria\/#\/schema\/person\/a0fb9c422317faca23d50163151bc354\",\"name\":\"Contenidos El Regional\",\"image\":{\"@type\":\"ImageObject\",\"inLanguage\":\"es\",\"@id\":\"http:\/\/elregionalvm.com.ar\/noticias-villa-maria\/#\/schema\/person\/image\/\",\"url\":\"https:\/\/secure.gravatar.com\/avatar\/265b27cb2209af7bb3a1318f03305787d7981a5cc6e6cd08fe5a4ecdf99d4b48?s=96&d=mm&r=g\",\"contentUrl\":\"https:\/\/secure.gravatar.com\/avatar\/265b27cb2209af7bb3a1318f03305787d7981a5cc6e6cd08fe5a4ecdf99d4b48?s=96&d=mm&r=g\",\"caption\":\"Contenidos El Regional\"},\"url\":\"https:\/\/elregionalvm.com.ar\/noticias-villa-maria\/author\/contenido\/\"}]}<\/script>\n<!-- \/ Yoast SEO plugin. -->","yoast_head_json":{"title":"Cuando las palabras hieren: \u201cNo quiero volver a la escuela\u201d - El Regional","robots":{"index":"index","follow":"follow","max-snippet":"max-snippet:-1","max-image-preview":"max-image-preview:large","max-video-preview":"max-video-preview:-1"},"canonical":"https:\/\/elregionalvm.com.ar\/noticias-villa-maria\/cuando-las-palabras-hieren-no-quiero-volver-a-la-escuela\/","og_locale":"es_ES","og_type":"article","og_title":"Cuando las palabras hieren: \u201cNo quiero volver a la escuela\u201d - El Regional","og_description":"Natasha M. (17) es alumna en 5\u00b0 a\u00f1o de Econom\u00eda y Gesti\u00f3n del I.P.E.M. N\u00b0 275 y, a un mes de terminar las clases, decidi\u00f3 (hasta el momento) abandonar la escuela y no terminar su a\u00f1o escolar, debido a una situaci\u00f3n vivida el pasado mi\u00e9rcoles 15 de noviembre con sus compa\u00f1eros, dentro del aula y [&hellip;]","og_url":"https:\/\/elregionalvm.com.ar\/noticias-villa-maria\/cuando-las-palabras-hieren-no-quiero-volver-a-la-escuela\/","og_site_name":"El Regional","article_publisher":"https:\/\/www.facebook.com\/elregionalvm","article_published_time":"2023-11-17T11:30:58+00:00","article_modified_time":"2023-11-21T02:27:20+00:00","og_image":[{"width":1200,"height":900,"url":"https:\/\/elregionalvm.com.ar\/noticias-villa-maria\/wp-content\/uploads\/2023\/11\/Colegio-nacional-frente.jpg","type":"image\/jpeg"}],"author":"Contenidos El Regional","twitter_card":"summary_large_image","twitter_creator":"@elregionalvm1","twitter_site":"@elregionalvm1","twitter_misc":{"Escrito por":"Contenidos El Regional","Tiempo de lectura":"10 minutos"},"schema":{"@context":"https:\/\/schema.org","@graph":[{"@type":"Article","@id":"https:\/\/elregionalvm.com.ar\/noticias-villa-maria\/cuando-las-palabras-hieren-no-quiero-volver-a-la-escuela\/#article","isPartOf":{"@id":"https:\/\/elregionalvm.com.ar\/noticias-villa-maria\/cuando-las-palabras-hieren-no-quiero-volver-a-la-escuela\/"},"author":{"name":"Contenidos El Regional","@id":"http:\/\/elregionalvm.com.ar\/noticias-villa-maria\/#\/schema\/person\/a0fb9c422317faca23d50163151bc354"},"headline":"Cuando las palabras hieren: \u201cNo quiero volver a la escuela\u201d","datePublished":"2023-11-17T11:30:58+00:00","dateModified":"2023-11-21T02:27:20+00:00","mainEntityOfPage":{"@id":"https:\/\/elregionalvm.com.ar\/noticias-villa-maria\/cuando-las-palabras-hieren-no-quiero-volver-a-la-escuela\/"},"wordCount":2062,"commentCount":0,"image":{"@id":"https:\/\/elregionalvm.com.ar\/noticias-villa-maria\/cuando-las-palabras-hieren-no-quiero-volver-a-la-escuela\/#primaryimage"},"thumbnailUrl":"https:\/\/i0.wp.com\/elregionalvm.com.ar\/noticias-villa-maria\/wp-content\/uploads\/2023\/11\/Colegio-nacional-frente.jpg?fit=1200%2C900&ssl=1","keywords":["agresi\u00f3n","bullying","Colegio Nacional","denuncia","escuela","estudiante","Violencia"],"articleSection":["Historias","tercera","Villa Mar\u00eda"],"inLanguage":"es","potentialAction":[{"@type":"CommentAction","name":"Comment","target":["https:\/\/elregionalvm.com.ar\/noticias-villa-maria\/cuando-las-palabras-hieren-no-quiero-volver-a-la-escuela\/#respond"]}]},{"@type":"WebPage","@id":"https:\/\/elregionalvm.com.ar\/noticias-villa-maria\/cuando-las-palabras-hieren-no-quiero-volver-a-la-escuela\/","url":"https:\/\/elregionalvm.com.ar\/noticias-villa-maria\/cuando-las-palabras-hieren-no-quiero-volver-a-la-escuela\/","name":"Cuando las palabras hieren: \u201cNo quiero volver a la escuela\u201d - El Regional","isPartOf":{"@id":"http:\/\/elregionalvm.com.ar\/noticias-villa-maria\/#website"},"primaryImageOfPage":{"@id":"https:\/\/elregionalvm.com.ar\/noticias-villa-maria\/cuando-las-palabras-hieren-no-quiero-volver-a-la-escuela\/#primaryimage"},"image":{"@id":"https:\/\/elregionalvm.com.ar\/noticias-villa-maria\/cuando-las-palabras-hieren-no-quiero-volver-a-la-escuela\/#primaryimage"},"thumbnailUrl":"https:\/\/i0.wp.com\/elregionalvm.com.ar\/noticias-villa-maria\/wp-content\/uploads\/2023\/11\/Colegio-nacional-frente.jpg?fit=1200%2C900&ssl=1","datePublished":"2023-11-17T11:30:58+00:00","dateModified":"2023-11-21T02:27:20+00:00","author":{"@id":"http:\/\/elregionalvm.com.ar\/noticias-villa-maria\/#\/schema\/person\/a0fb9c422317faca23d50163151bc354"},"breadcrumb":{"@id":"https:\/\/elregionalvm.com.ar\/noticias-villa-maria\/cuando-las-palabras-hieren-no-quiero-volver-a-la-escuela\/#breadcrumb"},"inLanguage":"es","potentialAction":[{"@type":"ReadAction","target":["https:\/\/elregionalvm.com.ar\/noticias-villa-maria\/cuando-las-palabras-hieren-no-quiero-volver-a-la-escuela\/"]}]},{"@type":"ImageObject","inLanguage":"es","@id":"https:\/\/elregionalvm.com.ar\/noticias-villa-maria\/cuando-las-palabras-hieren-no-quiero-volver-a-la-escuela\/#primaryimage","url":"https:\/\/i0.wp.com\/elregionalvm.com.ar\/noticias-villa-maria\/wp-content\/uploads\/2023\/11\/Colegio-nacional-frente.jpg?fit=1200%2C900&ssl=1","contentUrl":"https:\/\/i0.wp.com\/elregionalvm.com.ar\/noticias-villa-maria\/wp-content\/uploads\/2023\/11\/Colegio-nacional-frente.jpg?fit=1200%2C900&ssl=1","width":1200,"height":900},{"@type":"BreadcrumbList","@id":"https:\/\/elregionalvm.com.ar\/noticias-villa-maria\/cuando-las-palabras-hieren-no-quiero-volver-a-la-escuela\/#breadcrumb","itemListElement":[{"@type":"ListItem","position":1,"name":"Portada","item":"https:\/\/elregionalvm.com.ar\/noticias-villa-maria\/"},{"@type":"ListItem","position":2,"name":"Cuando las palabras hieren: \u201cNo quiero volver a la escuela\u201d"}]},{"@type":"WebSite","@id":"http:\/\/elregionalvm.com.ar\/noticias-villa-maria\/#website","url":"http:\/\/elregionalvm.com.ar\/noticias-villa-maria\/","name":"El Regional","description":"Mucho m\u00e1s que informaci\u00f3n","potentialAction":[{"@type":"SearchAction","target":{"@type":"EntryPoint","urlTemplate":"http:\/\/elregionalvm.com.ar\/noticias-villa-maria\/?s={search_term_string}"},"query-input":{"@type":"PropertyValueSpecification","valueRequired":true,"valueName":"search_term_string"}}],"inLanguage":"es"},{"@type":"Person","@id":"http:\/\/elregionalvm.com.ar\/noticias-villa-maria\/#\/schema\/person\/a0fb9c422317faca23d50163151bc354","name":"Contenidos El Regional","image":{"@type":"ImageObject","inLanguage":"es","@id":"http:\/\/elregionalvm.com.ar\/noticias-villa-maria\/#\/schema\/person\/image\/","url":"https:\/\/secure.gravatar.com\/avatar\/265b27cb2209af7bb3a1318f03305787d7981a5cc6e6cd08fe5a4ecdf99d4b48?s=96&d=mm&r=g","contentUrl":"https:\/\/secure.gravatar.com\/avatar\/265b27cb2209af7bb3a1318f03305787d7981a5cc6e6cd08fe5a4ecdf99d4b48?s=96&d=mm&r=g","caption":"Contenidos El Regional"},"url":"https:\/\/elregionalvm.com.ar\/noticias-villa-maria\/author\/contenido\/"}]}},"jetpack_featured_media_url":"https:\/\/i0.wp.com\/elregionalvm.com.ar\/noticias-villa-maria\/wp-content\/uploads\/2023\/11\/Colegio-nacional-frente.jpg?fit=1200%2C900&ssl=1","jetpack_sharing_enabled":true,"_links":{"self":[{"href":"https:\/\/elregionalvm.com.ar\/noticias-villa-maria\/wp-json\/wp\/v2\/posts\/85944","targetHints":{"allow":["GET"]}}],"collection":[{"href":"https:\/\/elregionalvm.com.ar\/noticias-villa-maria\/wp-json\/wp\/v2\/posts"}],"about":[{"href":"https:\/\/elregionalvm.com.ar\/noticias-villa-maria\/wp-json\/wp\/v2\/types\/post"}],"author":[{"embeddable":true,"href":"https:\/\/elregionalvm.com.ar\/noticias-villa-maria\/wp-json\/wp\/v2\/users\/4"}],"replies":[{"embeddable":true,"href":"https:\/\/elregionalvm.com.ar\/noticias-villa-maria\/wp-json\/wp\/v2\/comments?post=85944"}],"version-history":[{"count":4,"href":"https:\/\/elregionalvm.com.ar\/noticias-villa-maria\/wp-json\/wp\/v2\/posts\/85944\/revisions"}],"predecessor-version":[{"id":86046,"href":"https:\/\/elregionalvm.com.ar\/noticias-villa-maria\/wp-json\/wp\/v2\/posts\/85944\/revisions\/86046"}],"wp:featuredmedia":[{"embeddable":true,"href":"https:\/\/elregionalvm.com.ar\/noticias-villa-maria\/wp-json\/wp\/v2\/media\/85946"}],"wp:attachment":[{"href":"https:\/\/elregionalvm.com.ar\/noticias-villa-maria\/wp-json\/wp\/v2\/media?parent=85944"}],"wp:term":[{"taxonomy":"category","embeddable":true,"href":"https:\/\/elregionalvm.com.ar\/noticias-villa-maria\/wp-json\/wp\/v2\/categories?post=85944"},{"taxonomy":"post_tag","embeddable":true,"href":"https:\/\/elregionalvm.com.ar\/noticias-villa-maria\/wp-json\/wp\/v2\/tags?post=85944"}],"curies":[{"name":"wp","href":"https:\/\/api.w.org\/{rel}","templated":true}]}}