{"id":85963,"date":"2023-11-17T21:47:06","date_gmt":"2023-11-17T21:47:06","guid":{"rendered":"https:\/\/elregionalvm.com.ar\/noticias-villa-maria\/?p=85963"},"modified":"2023-11-17T21:47:07","modified_gmt":"2023-11-17T21:47:07","slug":"por-la-semana-de-la-diabetes-se-realizo-testeos-gratuitos-y-actividades-de-concientizacion","status":"publish","type":"post","link":"https:\/\/elregionalvm.com.ar\/noticias-villa-maria\/por-la-semana-de-la-diabetes-se-realizo-testeos-gratuitos-y-actividades-de-concientizacion\/","title":{"rendered":"Por la Semana de la Diabetes, se realiz\u00f3 testeos gratuitos y actividades de concientizaci\u00f3n"},"content":{"rendered":"\n<p>En el marco de la Semana de la Diabetes, cuyo d\u00eda mundial se conmemora cada 14 de noviembre, el equipo de Educaci\u00f3n en Diabetes perteneciente a la Secretar\u00eda de Salud del municipio, realiz\u00f3 esta ma\u00f1ana test de Findrisk, metodolog\u00eda que consiste en la medici\u00f3n de glucosa en sangre, adem\u00e1s de consejer\u00eda sobre diabetes, en la vereda de la Asistencia P\u00fablica. Los vecinos y vecinas que consintieron hacerse la prueba, accedieron de forma gratuita en el espacio dispuesto.<\/p>\n\n\n\n<p>Es importante se\u00f1alar que el testeo puede solicitarse en cualquier momento en la instituci\u00f3n de Catamarca y Lisandro de la Torre. <\/p>\n\n\n\n<figure class=\"wp-block-image size-large\"><img data-recalc-dims=\"1\" fetchpriority=\"high\" decoding=\"async\" width=\"1024\" height=\"683\" src=\"https:\/\/i0.wp.com\/elregionalvm.com.ar\/noticias-villa-maria\/wp-content\/uploads\/2023\/11\/WhatsApp-Image-2023-11-17-at-14.29.16.jpeg?resize=1024%2C683&#038;ssl=1\" alt=\"\" class=\"wp-image-85964\" srcset=\"https:\/\/i0.wp.com\/elregionalvm.com.ar\/noticias-villa-maria\/wp-content\/uploads\/2023\/11\/WhatsApp-Image-2023-11-17-at-14.29.16.jpeg?resize=1024%2C683&amp;ssl=1 1024w, https:\/\/i0.wp.com\/elregionalvm.com.ar\/noticias-villa-maria\/wp-content\/uploads\/2023\/11\/WhatsApp-Image-2023-11-17-at-14.29.16.jpeg?resize=300%2C200&amp;ssl=1 300w, https:\/\/i0.wp.com\/elregionalvm.com.ar\/noticias-villa-maria\/wp-content\/uploads\/2023\/11\/WhatsApp-Image-2023-11-17-at-14.29.16.jpeg?resize=768%2C512&amp;ssl=1 768w, https:\/\/i0.wp.com\/elregionalvm.com.ar\/noticias-villa-maria\/wp-content\/uploads\/2023\/11\/WhatsApp-Image-2023-11-17-at-14.29.16.jpeg?resize=1536%2C1024&amp;ssl=1 1536w, https:\/\/i0.wp.com\/elregionalvm.com.ar\/noticias-villa-maria\/wp-content\/uploads\/2023\/11\/WhatsApp-Image-2023-11-17-at-14.29.16.jpeg?w=1599&amp;ssl=1 1599w\" sizes=\"(max-width: 1000px) 100vw, 1000px\" \/><\/figure>\n\n\n\n<p>En este sentido, el m\u00e9dico cl\u00ednico a cargo del dispositivo que aborda esta patolog\u00eda cr\u00f3nica, Damian Tejero, coment\u00f3: \u201cEl d\u00eda mundial de la diabetes se plantea para la difusi\u00f3n y el conocimiento acerca de la patolog\u00eda, que es una enfermedad metab\u00f3lica con gran incidencia. Se calcula que una de cada diez personas mayores de 18 a\u00f1os, tienen diabetes, y m\u00e1s de la mitad no lo sabe\u201d. \u201cCon esta mesa de testeo, la idea es dar informaci\u00f3n, adem\u00e1s de hacer el an\u00e1lisis, ya que el abordaje desde la Asistencia es con un equipo interdisciplinario\u201d, explic\u00f3.<\/p>\n\n\n\n<p>Luego, el profesional agreg\u00f3: \u201cEl desaf\u00edo para nosotros es llegar en el momento oportuno para que la persona diagnosticada pueda hacer un cambio de vida que la ayude a mejorar su condici\u00f3n, ya que la diabetes no tiene cura, pero s\u00ed existen formas de aminorar los s\u00edntomas y lograr una buena calidad de vida\u201d. \u201cEl tratamiento es la educaci\u00f3n, la \u00fanica persona que puede hacer un cambio sobre la diabetes, es la persona que la padece\u201d, cerr\u00f3 el m\u00e9dico cl\u00ednico.<\/p>\n\n\n\n<p>De este modo, la trabajadora social, Carola Gaido, junto a la nutricionista Valentina D\u00e1vila, pertenecientes al equipo de Educaci\u00f3n en Diabetes de la Asistencia P\u00fablica, explicaron: \u201cEl mensaje que queremos dejar tiene que ver con la prevenci\u00f3n, el acompa\u00f1amiento, y que es posible generar cambios\u201d. A su vez, dijeron que la intenci\u00f3n con las personas que padecen la enfermedad, es ofrecerles un acompa\u00f1amiento conjunto desde tres aspectos centrales, que son la medicaci\u00f3n, la alimentaci\u00f3n, que debe ser saludable pero no por esto restrictiva, y la actividad f\u00edsica, todo esto apuntalado desde la motivaci\u00f3n constante, para que la persona logre generar cambios y convivir de la mejor forma posible con esta patolog\u00eda.<\/p>\n\n\n\n<p>Es importante mencionar que la diabetes se conoce como una enfermedad silenciosa, ya que no tiene s\u00edntomas; estos aparecen cuando la patolog\u00eda se encuentra en un estad\u00edo avanzado. En porcentaje, cerca del 80-90 por ciento de los adultos diagnosticados, tienen diabetes tipo 2, que est\u00e1 directamente asociada con el sedentarismo y\/o la obesidad, que a su vez, constituyen las dos pandemias m\u00e1s importantes a nivel mundial.<\/p>\n\n\n\n<p>A esto, se suma que se trata de una enfermedad con componente hereditario, por lo cual, a quienes tengan un abuelo, abuela, padre, madre, hermanos o primos con diabetes, se sugiere que se realicen la prueba.<\/p>\n\n\n\n<p>Por otro lado, tambi\u00e9n existe la diabetes tipo 1, que se produce cuando el organismo produce poca o ninguna cantidad de insulina, debido a una afecci\u00f3n en el p\u00e1ncreas, y debe recibirla de forma externa.<\/p>\n\n\n\n<p>Cabe recordar que, quienes deseen conocer su situaci\u00f3n acerca de esta patolog\u00eda, pueden acudir a la Asistencia P\u00fablica o al Centro de Atenci\u00f3n Primaria de la Salud (CAPS) m\u00e1s cercano, para consultar con profesionales y realizarse los an\u00e1lisis correspondientes. Tambi\u00e9n, pueden comunicarse a los tel\u00e9fonos 353 4520357 o 3534191835.<\/p>\n","protected":false},"excerpt":{"rendered":"<p>En el marco de la Semana de la Diabetes, cuyo d\u00eda mundial se conmemora cada 14 de noviembre, el equipo de Educaci\u00f3n en Diabetes perteneciente a la Secretar\u00eda de Salud del municipio, realiz\u00f3 esta ma\u00f1ana test de Findrisk, metodolog\u00eda que consiste en la medici\u00f3n de glucosa en sangre, adem\u00e1s de consejer\u00eda sobre diabetes, en la [&hellip;]<\/p>\n","protected":false},"author":4,"featured_media":85965,"comment_status":"open","ping_status":"open","sticky":false,"template":"","format":"standard","meta":{"site-sidebar-layout":"default","site-content-layout":"","ast-site-content-layout":"default","site-content-style":"default","site-sidebar-style":"default","ast-global-header-display":"","ast-banner-title-visibility":"","ast-main-header-display":"","ast-hfb-above-header-display":"","ast-hfb-below-header-display":"","ast-hfb-mobile-header-display":"","site-post-title":"","ast-breadcrumbs-content":"","ast-featured-img":"","footer-sml-layout":"","ast-disable-related-posts":"","theme-transparent-header-meta":"","adv-header-id-meta":"","stick-header-meta":"","header-above-stick-meta":"","header-main-stick-meta":"","header-below-stick-meta":"","astra-migrate-meta-layouts":"set","ast-page-background-enabled":"default","ast-page-background-meta":{"desktop":{"background-color":"","background-image":"","background-repeat":"repeat","background-position":"center center","background-size":"auto","background-attachment":"scroll","background-type":"","background-media":"","overlay-type":"","overlay-color":"","overlay-opacity":"","overlay-gradient":""},"tablet":{"background-color":"","background-image":"","background-repeat":"repeat","background-position":"center center","background-size":"auto","background-attachment":"scroll","background-type":"","background-media":"","overlay-type":"","overlay-color":"","overlay-opacity":"","overlay-gradient":""},"mobile":{"background-color":"","background-image":"","background-repeat":"repeat","background-position":"center center","background-size":"auto","background-attachment":"scroll","background-type":"","background-media":"","overlay-type":"","overlay-color":"","overlay-opacity":"","overlay-gradient":""}},"ast-content-background-meta":{"desktop":{"background-color":"var(--ast-global-color-5)","background-image":"","background-repeat":"repeat","background-position":"center center","background-size":"auto","background-attachment":"scroll","background-type":"","background-media":"","overlay-type":"","overlay-color":"","overlay-opacity":"","overlay-gradient":""},"tablet":{"background-color":"var(--ast-global-color-5)","background-image":"","background-repeat":"repeat","background-position":"center center","background-size":"auto","background-attachment":"scroll","background-type":"","background-media":"","overlay-type":"","overlay-color":"","overlay-opacity":"","overlay-gradient":""},"mobile":{"background-color":"var(--ast-global-color-5)","background-image":"","background-repeat":"repeat","background-position":"center center","background-size":"auto","background-attachment":"scroll","background-type":"","background-media":"","overlay-type":"","overlay-color":"","overlay-opacity":"","overlay-gradient":""}},"_jetpack_memberships_contains_paid_content":false,"_joinchat":[],"footnotes":""},"categories":[15302,5,2],"tags":[],"class_list":["post-85963","post","type-post","status-publish","format-standard","has-post-thumbnail","hentry","category-destacado","category-sociedad","category-villa-maria"],"yoast_head":"<!-- This site is optimized with the Yoast SEO plugin v26.8 - https:\/\/yoast.com\/product\/yoast-seo-wordpress\/ -->\n<title>Por la Semana de la Diabetes, se realiz\u00f3 testeos gratuitos y actividades de concientizaci\u00f3n - El Regional<\/title>\n<meta name=\"robots\" content=\"index, follow, max-snippet:-1, max-image-preview:large, max-video-preview:-1\" \/>\n<link rel=\"canonical\" href=\"https:\/\/elregionalvm.com.ar\/noticias-villa-maria\/por-la-semana-de-la-diabetes-se-realizo-testeos-gratuitos-y-actividades-de-concientizacion\/\" \/>\n<meta property=\"og:locale\" content=\"es_ES\" \/>\n<meta property=\"og:type\" content=\"article\" \/>\n<meta property=\"og:title\" content=\"Por la Semana de la Diabetes, se realiz\u00f3 testeos gratuitos y actividades de concientizaci\u00f3n - El Regional\" \/>\n<meta property=\"og:description\" content=\"En el marco de la Semana de la Diabetes, cuyo d\u00eda mundial se conmemora cada 14 de noviembre, el equipo de Educaci\u00f3n en Diabetes perteneciente a la Secretar\u00eda de Salud del municipio, realiz\u00f3 esta ma\u00f1ana test de Findrisk, metodolog\u00eda que consiste en la medici\u00f3n de glucosa en sangre, adem\u00e1s de consejer\u00eda sobre diabetes, en la [&hellip;]\" \/>\n<meta property=\"og:url\" content=\"https:\/\/elregionalvm.com.ar\/noticias-villa-maria\/por-la-semana-de-la-diabetes-se-realizo-testeos-gratuitos-y-actividades-de-concientizacion\/\" \/>\n<meta property=\"og:site_name\" content=\"El Regional\" \/>\n<meta property=\"article:publisher\" content=\"https:\/\/www.facebook.com\/elregionalvm\" \/>\n<meta property=\"article:published_time\" content=\"2023-11-17T21:47:06+00:00\" \/>\n<meta property=\"article:modified_time\" content=\"2023-11-17T21:47:07+00:00\" \/>\n<meta property=\"og:image\" content=\"https:\/\/elregionalvm.com.ar\/noticias-villa-maria\/wp-content\/uploads\/2023\/11\/WhatsApp-Image-2023-11-17-at-14.29.15.jpeg\" \/>\n\t<meta property=\"og:image:width\" content=\"1599\" \/>\n\t<meta property=\"og:image:height\" content=\"1066\" \/>\n\t<meta property=\"og:image:type\" content=\"image\/jpeg\" \/>\n<meta name=\"author\" content=\"Contenidos El Regional\" \/>\n<meta name=\"twitter:card\" content=\"summary_large_image\" \/>\n<meta name=\"twitter:creator\" content=\"@elregionalvm1\" \/>\n<meta name=\"twitter:site\" content=\"@elregionalvm1\" \/>\n<meta name=\"twitter:label1\" content=\"Escrito por\" \/>\n\t<meta name=\"twitter:data1\" content=\"Contenidos El Regional\" \/>\n\t<meta name=\"twitter:label2\" content=\"Tiempo de lectura\" \/>\n\t<meta name=\"twitter:data2\" content=\"3 minutos\" \/>\n<script type=\"application\/ld+json\" class=\"yoast-schema-graph\">{\"@context\":\"https:\/\/schema.org\",\"@graph\":[{\"@type\":\"Article\",\"@id\":\"https:\/\/elregionalvm.com.ar\/noticias-villa-maria\/por-la-semana-de-la-diabetes-se-realizo-testeos-gratuitos-y-actividades-de-concientizacion\/#article\",\"isPartOf\":{\"@id\":\"https:\/\/elregionalvm.com.ar\/noticias-villa-maria\/por-la-semana-de-la-diabetes-se-realizo-testeos-gratuitos-y-actividades-de-concientizacion\/\"},\"author\":{\"name\":\"Contenidos El Regional\",\"@id\":\"http:\/\/elregionalvm.com.ar\/noticias-villa-maria\/#\/schema\/person\/a0fb9c422317faca23d50163151bc354\"},\"headline\":\"Por la Semana de la Diabetes, se realiz\u00f3 testeos gratuitos y actividades de concientizaci\u00f3n\",\"datePublished\":\"2023-11-17T21:47:06+00:00\",\"dateModified\":\"2023-11-17T21:47:07+00:00\",\"mainEntityOfPage\":{\"@id\":\"https:\/\/elregionalvm.com.ar\/noticias-villa-maria\/por-la-semana-de-la-diabetes-se-realizo-testeos-gratuitos-y-actividades-de-concientizacion\/\"},\"wordCount\":635,\"commentCount\":0,\"image\":{\"@id\":\"https:\/\/elregionalvm.com.ar\/noticias-villa-maria\/por-la-semana-de-la-diabetes-se-realizo-testeos-gratuitos-y-actividades-de-concientizacion\/#primaryimage\"},\"thumbnailUrl\":\"https:\/\/i0.wp.com\/elregionalvm.com.ar\/noticias-villa-maria\/wp-content\/uploads\/2023\/11\/WhatsApp-Image-2023-11-17-at-14.29.15.jpeg?fit=1599%2C1066&ssl=1\",\"articleSection\":[\"destacado\",\"Sociedad\",\"Villa Mar\u00eda\"],\"inLanguage\":\"es\",\"potentialAction\":[{\"@type\":\"CommentAction\",\"name\":\"Comment\",\"target\":[\"https:\/\/elregionalvm.com.ar\/noticias-villa-maria\/por-la-semana-de-la-diabetes-se-realizo-testeos-gratuitos-y-actividades-de-concientizacion\/#respond\"]}]},{\"@type\":\"WebPage\",\"@id\":\"https:\/\/elregionalvm.com.ar\/noticias-villa-maria\/por-la-semana-de-la-diabetes-se-realizo-testeos-gratuitos-y-actividades-de-concientizacion\/\",\"url\":\"https:\/\/elregionalvm.com.ar\/noticias-villa-maria\/por-la-semana-de-la-diabetes-se-realizo-testeos-gratuitos-y-actividades-de-concientizacion\/\",\"name\":\"Por la Semana de la Diabetes, se realiz\u00f3 testeos gratuitos y actividades de concientizaci\u00f3n - El Regional\",\"isPartOf\":{\"@id\":\"http:\/\/elregionalvm.com.ar\/noticias-villa-maria\/#website\"},\"primaryImageOfPage\":{\"@id\":\"https:\/\/elregionalvm.com.ar\/noticias-villa-maria\/por-la-semana-de-la-diabetes-se-realizo-testeos-gratuitos-y-actividades-de-concientizacion\/#primaryimage\"},\"image\":{\"@id\":\"https:\/\/elregionalvm.com.ar\/noticias-villa-maria\/por-la-semana-de-la-diabetes-se-realizo-testeos-gratuitos-y-actividades-de-concientizacion\/#primaryimage\"},\"thumbnailUrl\":\"https:\/\/i0.wp.com\/elregionalvm.com.ar\/noticias-villa-maria\/wp-content\/uploads\/2023\/11\/WhatsApp-Image-2023-11-17-at-14.29.15.jpeg?fit=1599%2C1066&ssl=1\",\"datePublished\":\"2023-11-17T21:47:06+00:00\",\"dateModified\":\"2023-11-17T21:47:07+00:00\",\"author\":{\"@id\":\"http:\/\/elregionalvm.com.ar\/noticias-villa-maria\/#\/schema\/person\/a0fb9c422317faca23d50163151bc354\"},\"breadcrumb\":{\"@id\":\"https:\/\/elregionalvm.com.ar\/noticias-villa-maria\/por-la-semana-de-la-diabetes-se-realizo-testeos-gratuitos-y-actividades-de-concientizacion\/#breadcrumb\"},\"inLanguage\":\"es\",\"potentialAction\":[{\"@type\":\"ReadAction\",\"target\":[\"https:\/\/elregionalvm.com.ar\/noticias-villa-maria\/por-la-semana-de-la-diabetes-se-realizo-testeos-gratuitos-y-actividades-de-concientizacion\/\"]}]},{\"@type\":\"ImageObject\",\"inLanguage\":\"es\",\"@id\":\"https:\/\/elregionalvm.com.ar\/noticias-villa-maria\/por-la-semana-de-la-diabetes-se-realizo-testeos-gratuitos-y-actividades-de-concientizacion\/#primaryimage\",\"url\":\"https:\/\/i0.wp.com\/elregionalvm.com.ar\/noticias-villa-maria\/wp-content\/uploads\/2023\/11\/WhatsApp-Image-2023-11-17-at-14.29.15.jpeg?fit=1599%2C1066&ssl=1\",\"contentUrl\":\"https:\/\/i0.wp.com\/elregionalvm.com.ar\/noticias-villa-maria\/wp-content\/uploads\/2023\/11\/WhatsApp-Image-2023-11-17-at-14.29.15.jpeg?fit=1599%2C1066&ssl=1\",\"width\":1599,\"height\":1066},{\"@type\":\"BreadcrumbList\",\"@id\":\"https:\/\/elregionalvm.com.ar\/noticias-villa-maria\/por-la-semana-de-la-diabetes-se-realizo-testeos-gratuitos-y-actividades-de-concientizacion\/#breadcrumb\",\"itemListElement\":[{\"@type\":\"ListItem\",\"position\":1,\"name\":\"Portada\",\"item\":\"https:\/\/elregionalvm.com.ar\/noticias-villa-maria\/\"},{\"@type\":\"ListItem\",\"position\":2,\"name\":\"Por la Semana de la Diabetes, se realiz\u00f3 testeos gratuitos y actividades de concientizaci\u00f3n\"}]},{\"@type\":\"WebSite\",\"@id\":\"http:\/\/elregionalvm.com.ar\/noticias-villa-maria\/#website\",\"url\":\"http:\/\/elregionalvm.com.ar\/noticias-villa-maria\/\",\"name\":\"El Regional\",\"description\":\"Mucho m\u00e1s que informaci\u00f3n\",\"potentialAction\":[{\"@type\":\"SearchAction\",\"target\":{\"@type\":\"EntryPoint\",\"urlTemplate\":\"http:\/\/elregionalvm.com.ar\/noticias-villa-maria\/?s={search_term_string}\"},\"query-input\":{\"@type\":\"PropertyValueSpecification\",\"valueRequired\":true,\"valueName\":\"search_term_string\"}}],\"inLanguage\":\"es\"},{\"@type\":\"Person\",\"@id\":\"http:\/\/elregionalvm.com.ar\/noticias-villa-maria\/#\/schema\/person\/a0fb9c422317faca23d50163151bc354\",\"name\":\"Contenidos El Regional\",\"image\":{\"@type\":\"ImageObject\",\"inLanguage\":\"es\",\"@id\":\"http:\/\/elregionalvm.com.ar\/noticias-villa-maria\/#\/schema\/person\/image\/\",\"url\":\"https:\/\/secure.gravatar.com\/avatar\/265b27cb2209af7bb3a1318f03305787d7981a5cc6e6cd08fe5a4ecdf99d4b48?s=96&d=mm&r=g\",\"contentUrl\":\"https:\/\/secure.gravatar.com\/avatar\/265b27cb2209af7bb3a1318f03305787d7981a5cc6e6cd08fe5a4ecdf99d4b48?s=96&d=mm&r=g\",\"caption\":\"Contenidos El Regional\"},\"url\":\"https:\/\/elregionalvm.com.ar\/noticias-villa-maria\/author\/contenido\/\"}]}<\/script>\n<!-- \/ Yoast SEO plugin. -->","yoast_head_json":{"title":"Por la Semana de la Diabetes, se realiz\u00f3 testeos gratuitos y actividades de concientizaci\u00f3n - El Regional","robots":{"index":"index","follow":"follow","max-snippet":"max-snippet:-1","max-image-preview":"max-image-preview:large","max-video-preview":"max-video-preview:-1"},"canonical":"https:\/\/elregionalvm.com.ar\/noticias-villa-maria\/por-la-semana-de-la-diabetes-se-realizo-testeos-gratuitos-y-actividades-de-concientizacion\/","og_locale":"es_ES","og_type":"article","og_title":"Por la Semana de la Diabetes, se realiz\u00f3 testeos gratuitos y actividades de concientizaci\u00f3n - El Regional","og_description":"En el marco de la Semana de la Diabetes, cuyo d\u00eda mundial se conmemora cada 14 de noviembre, el equipo de Educaci\u00f3n en Diabetes perteneciente a la Secretar\u00eda de Salud del municipio, realiz\u00f3 esta ma\u00f1ana test de Findrisk, metodolog\u00eda que consiste en la medici\u00f3n de glucosa en sangre, adem\u00e1s de consejer\u00eda sobre diabetes, en la [&hellip;]","og_url":"https:\/\/elregionalvm.com.ar\/noticias-villa-maria\/por-la-semana-de-la-diabetes-se-realizo-testeos-gratuitos-y-actividades-de-concientizacion\/","og_site_name":"El Regional","article_publisher":"https:\/\/www.facebook.com\/elregionalvm","article_published_time":"2023-11-17T21:47:06+00:00","article_modified_time":"2023-11-17T21:47:07+00:00","og_image":[{"width":1599,"height":1066,"url":"https:\/\/elregionalvm.com.ar\/noticias-villa-maria\/wp-content\/uploads\/2023\/11\/WhatsApp-Image-2023-11-17-at-14.29.15.jpeg","type":"image\/jpeg"}],"author":"Contenidos El Regional","twitter_card":"summary_large_image","twitter_creator":"@elregionalvm1","twitter_site":"@elregionalvm1","twitter_misc":{"Escrito por":"Contenidos El Regional","Tiempo de lectura":"3 minutos"},"schema":{"@context":"https:\/\/schema.org","@graph":[{"@type":"Article","@id":"https:\/\/elregionalvm.com.ar\/noticias-villa-maria\/por-la-semana-de-la-diabetes-se-realizo-testeos-gratuitos-y-actividades-de-concientizacion\/#article","isPartOf":{"@id":"https:\/\/elregionalvm.com.ar\/noticias-villa-maria\/por-la-semana-de-la-diabetes-se-realizo-testeos-gratuitos-y-actividades-de-concientizacion\/"},"author":{"name":"Contenidos El Regional","@id":"http:\/\/elregionalvm.com.ar\/noticias-villa-maria\/#\/schema\/person\/a0fb9c422317faca23d50163151bc354"},"headline":"Por la Semana de la Diabetes, se realiz\u00f3 testeos gratuitos y actividades de concientizaci\u00f3n","datePublished":"2023-11-17T21:47:06+00:00","dateModified":"2023-11-17T21:47:07+00:00","mainEntityOfPage":{"@id":"https:\/\/elregionalvm.com.ar\/noticias-villa-maria\/por-la-semana-de-la-diabetes-se-realizo-testeos-gratuitos-y-actividades-de-concientizacion\/"},"wordCount":635,"commentCount":0,"image":{"@id":"https:\/\/elregionalvm.com.ar\/noticias-villa-maria\/por-la-semana-de-la-diabetes-se-realizo-testeos-gratuitos-y-actividades-de-concientizacion\/#primaryimage"},"thumbnailUrl":"https:\/\/i0.wp.com\/elregionalvm.com.ar\/noticias-villa-maria\/wp-content\/uploads\/2023\/11\/WhatsApp-Image-2023-11-17-at-14.29.15.jpeg?fit=1599%2C1066&ssl=1","articleSection":["destacado","Sociedad","Villa Mar\u00eda"],"inLanguage":"es","potentialAction":[{"@type":"CommentAction","name":"Comment","target":["https:\/\/elregionalvm.com.ar\/noticias-villa-maria\/por-la-semana-de-la-diabetes-se-realizo-testeos-gratuitos-y-actividades-de-concientizacion\/#respond"]}]},{"@type":"WebPage","@id":"https:\/\/elregionalvm.com.ar\/noticias-villa-maria\/por-la-semana-de-la-diabetes-se-realizo-testeos-gratuitos-y-actividades-de-concientizacion\/","url":"https:\/\/elregionalvm.com.ar\/noticias-villa-maria\/por-la-semana-de-la-diabetes-se-realizo-testeos-gratuitos-y-actividades-de-concientizacion\/","name":"Por la Semana de la Diabetes, se realiz\u00f3 testeos gratuitos y actividades de concientizaci\u00f3n - El Regional","isPartOf":{"@id":"http:\/\/elregionalvm.com.ar\/noticias-villa-maria\/#website"},"primaryImageOfPage":{"@id":"https:\/\/elregionalvm.com.ar\/noticias-villa-maria\/por-la-semana-de-la-diabetes-se-realizo-testeos-gratuitos-y-actividades-de-concientizacion\/#primaryimage"},"image":{"@id":"https:\/\/elregionalvm.com.ar\/noticias-villa-maria\/por-la-semana-de-la-diabetes-se-realizo-testeos-gratuitos-y-actividades-de-concientizacion\/#primaryimage"},"thumbnailUrl":"https:\/\/i0.wp.com\/elregionalvm.com.ar\/noticias-villa-maria\/wp-content\/uploads\/2023\/11\/WhatsApp-Image-2023-11-17-at-14.29.15.jpeg?fit=1599%2C1066&ssl=1","datePublished":"2023-11-17T21:47:06+00:00","dateModified":"2023-11-17T21:47:07+00:00","author":{"@id":"http:\/\/elregionalvm.com.ar\/noticias-villa-maria\/#\/schema\/person\/a0fb9c422317faca23d50163151bc354"},"breadcrumb":{"@id":"https:\/\/elregionalvm.com.ar\/noticias-villa-maria\/por-la-semana-de-la-diabetes-se-realizo-testeos-gratuitos-y-actividades-de-concientizacion\/#breadcrumb"},"inLanguage":"es","potentialAction":[{"@type":"ReadAction","target":["https:\/\/elregionalvm.com.ar\/noticias-villa-maria\/por-la-semana-de-la-diabetes-se-realizo-testeos-gratuitos-y-actividades-de-concientizacion\/"]}]},{"@type":"ImageObject","inLanguage":"es","@id":"https:\/\/elregionalvm.com.ar\/noticias-villa-maria\/por-la-semana-de-la-diabetes-se-realizo-testeos-gratuitos-y-actividades-de-concientizacion\/#primaryimage","url":"https:\/\/i0.wp.com\/elregionalvm.com.ar\/noticias-villa-maria\/wp-content\/uploads\/2023\/11\/WhatsApp-Image-2023-11-17-at-14.29.15.jpeg?fit=1599%2C1066&ssl=1","contentUrl":"https:\/\/i0.wp.com\/elregionalvm.com.ar\/noticias-villa-maria\/wp-content\/uploads\/2023\/11\/WhatsApp-Image-2023-11-17-at-14.29.15.jpeg?fit=1599%2C1066&ssl=1","width":1599,"height":1066},{"@type":"BreadcrumbList","@id":"https:\/\/elregionalvm.com.ar\/noticias-villa-maria\/por-la-semana-de-la-diabetes-se-realizo-testeos-gratuitos-y-actividades-de-concientizacion\/#breadcrumb","itemListElement":[{"@type":"ListItem","position":1,"name":"Portada","item":"https:\/\/elregionalvm.com.ar\/noticias-villa-maria\/"},{"@type":"ListItem","position":2,"name":"Por la Semana de la Diabetes, se realiz\u00f3 testeos gratuitos y actividades de concientizaci\u00f3n"}]},{"@type":"WebSite","@id":"http:\/\/elregionalvm.com.ar\/noticias-villa-maria\/#website","url":"http:\/\/elregionalvm.com.ar\/noticias-villa-maria\/","name":"El Regional","description":"Mucho m\u00e1s que informaci\u00f3n","potentialAction":[{"@type":"SearchAction","target":{"@type":"EntryPoint","urlTemplate":"http:\/\/elregionalvm.com.ar\/noticias-villa-maria\/?s={search_term_string}"},"query-input":{"@type":"PropertyValueSpecification","valueRequired":true,"valueName":"search_term_string"}}],"inLanguage":"es"},{"@type":"Person","@id":"http:\/\/elregionalvm.com.ar\/noticias-villa-maria\/#\/schema\/person\/a0fb9c422317faca23d50163151bc354","name":"Contenidos El Regional","image":{"@type":"ImageObject","inLanguage":"es","@id":"http:\/\/elregionalvm.com.ar\/noticias-villa-maria\/#\/schema\/person\/image\/","url":"https:\/\/secure.gravatar.com\/avatar\/265b27cb2209af7bb3a1318f03305787d7981a5cc6e6cd08fe5a4ecdf99d4b48?s=96&d=mm&r=g","contentUrl":"https:\/\/secure.gravatar.com\/avatar\/265b27cb2209af7bb3a1318f03305787d7981a5cc6e6cd08fe5a4ecdf99d4b48?s=96&d=mm&r=g","caption":"Contenidos El Regional"},"url":"https:\/\/elregionalvm.com.ar\/noticias-villa-maria\/author\/contenido\/"}]}},"jetpack_featured_media_url":"https:\/\/i0.wp.com\/elregionalvm.com.ar\/noticias-villa-maria\/wp-content\/uploads\/2023\/11\/WhatsApp-Image-2023-11-17-at-14.29.15.jpeg?fit=1599%2C1066&ssl=1","jetpack_sharing_enabled":true,"_links":{"self":[{"href":"https:\/\/elregionalvm.com.ar\/noticias-villa-maria\/wp-json\/wp\/v2\/posts\/85963","targetHints":{"allow":["GET"]}}],"collection":[{"href":"https:\/\/elregionalvm.com.ar\/noticias-villa-maria\/wp-json\/wp\/v2\/posts"}],"about":[{"href":"https:\/\/elregionalvm.com.ar\/noticias-villa-maria\/wp-json\/wp\/v2\/types\/post"}],"author":[{"embeddable":true,"href":"https:\/\/elregionalvm.com.ar\/noticias-villa-maria\/wp-json\/wp\/v2\/users\/4"}],"replies":[{"embeddable":true,"href":"https:\/\/elregionalvm.com.ar\/noticias-villa-maria\/wp-json\/wp\/v2\/comments?post=85963"}],"version-history":[{"count":1,"href":"https:\/\/elregionalvm.com.ar\/noticias-villa-maria\/wp-json\/wp\/v2\/posts\/85963\/revisions"}],"predecessor-version":[{"id":85966,"href":"https:\/\/elregionalvm.com.ar\/noticias-villa-maria\/wp-json\/wp\/v2\/posts\/85963\/revisions\/85966"}],"wp:featuredmedia":[{"embeddable":true,"href":"https:\/\/elregionalvm.com.ar\/noticias-villa-maria\/wp-json\/wp\/v2\/media\/85965"}],"wp:attachment":[{"href":"https:\/\/elregionalvm.com.ar\/noticias-villa-maria\/wp-json\/wp\/v2\/media?parent=85963"}],"wp:term":[{"taxonomy":"category","embeddable":true,"href":"https:\/\/elregionalvm.com.ar\/noticias-villa-maria\/wp-json\/wp\/v2\/categories?post=85963"},{"taxonomy":"post_tag","embeddable":true,"href":"https:\/\/elregionalvm.com.ar\/noticias-villa-maria\/wp-json\/wp\/v2\/tags?post=85963"}],"curies":[{"name":"wp","href":"https:\/\/api.w.org\/{rel}","templated":true}]}}