{"id":85967,"date":"2023-11-17T21:48:40","date_gmt":"2023-11-17T21:48:40","guid":{"rendered":"https:\/\/elregionalvm.com.ar\/noticias-villa-maria\/?p=85967"},"modified":"2023-11-18T03:31:58","modified_gmt":"2023-11-18T03:31:58","slug":"gill-acompano-la-presentacion-en-la-ciudad-del-primer-convenio-colectivo-de-trabajo-de-fabricaciones-militares","status":"publish","type":"post","link":"https:\/\/elregionalvm.com.ar\/noticias-villa-maria\/gill-acompano-la-presentacion-en-la-ciudad-del-primer-convenio-colectivo-de-trabajo-de-fabricaciones-militares\/","title":{"rendered":"Gill acompa\u00f1\u00f3 la presentaci\u00f3n del Primer Convenio Colectivo de Trabajo de Fabricaciones Militares"},"content":{"rendered":"\n<p>Como fruto de las pol\u00edticas nacionales que ampl\u00edan y conquistan derechos laborales, tuvo lugar en la ciudad la presentaci\u00f3n del Primer Convenio Colectivo de Trabajo de Fabricaciones Militares, que mejorar\u00e1 las condiciones labores de m\u00e1s de 1.400 personas que se desempe\u00f1an en las cinco plantas de todo el pa\u00eds. El intendente Mart\u00edn Gill, a la par del presidente de la instituci\u00f3n, Iv\u00e1n Durigon, encabezaron el acto que tuvo por objetivo ratificar a nivel local el documento rubricado semanas atr\u00e1s.<\/p>\n\n\n\n<p>A 40 a\u00f1os de Democracia, el acuerdo alcanzado constituye un hecho hist\u00f3rico, debido a que el \u00faltimo estatuto revisado fue en 1975, a pocos meses de iniciarse la dictadura c\u00edvico &#8211; militar. El convenio regula la relaci\u00f3n de empleo conforme a la Ley de Contrato de Trabajo General y al decreto 214\/06. En este sentido, garantiza un marco legal s\u00f3lido para todo el personal, el cual brindar\u00e1 seguridad jur\u00eddica y protecci\u00f3n de futuro a cada trabajador.<\/p>\n\n\n\n<figure class=\"wp-block-image size-large\"><img data-recalc-dims=\"1\" fetchpriority=\"high\" decoding=\"async\" width=\"1024\" height=\"683\" src=\"https:\/\/i0.wp.com\/elregionalvm.com.ar\/noticias-villa-maria\/wp-content\/uploads\/2023\/11\/WhatsApp-Image-2023-11-17-at-14.13.35.jpeg?resize=1024%2C683&#038;ssl=1\" alt=\"\" class=\"wp-image-85970\" srcset=\"https:\/\/i0.wp.com\/elregionalvm.com.ar\/noticias-villa-maria\/wp-content\/uploads\/2023\/11\/WhatsApp-Image-2023-11-17-at-14.13.35.jpeg?resize=1024%2C683&amp;ssl=1 1024w, https:\/\/i0.wp.com\/elregionalvm.com.ar\/noticias-villa-maria\/wp-content\/uploads\/2023\/11\/WhatsApp-Image-2023-11-17-at-14.13.35.jpeg?resize=300%2C200&amp;ssl=1 300w, https:\/\/i0.wp.com\/elregionalvm.com.ar\/noticias-villa-maria\/wp-content\/uploads\/2023\/11\/WhatsApp-Image-2023-11-17-at-14.13.35.jpeg?resize=768%2C512&amp;ssl=1 768w, https:\/\/i0.wp.com\/elregionalvm.com.ar\/noticias-villa-maria\/wp-content\/uploads\/2023\/11\/WhatsApp-Image-2023-11-17-at-14.13.35.jpeg?resize=1536%2C1024&amp;ssl=1 1536w, https:\/\/i0.wp.com\/elregionalvm.com.ar\/noticias-villa-maria\/wp-content\/uploads\/2023\/11\/WhatsApp-Image-2023-11-17-at-14.13.35.jpeg?w=1599&amp;ssl=1 1599w\" sizes=\"(max-width: 1000px) 100vw, 1000px\" \/><\/figure>\n\n\n\n<p>Al tomar la palabra, Durig\u00f3n se\u00f1al\u00f3: \u201cEstamos orgullosos de ser parte de esta F\u00e1brica, de haber peleado por ella y por sus derechos\u201d. Adem\u00e1s, agreg\u00f3: \u201cQuiero agradecer especialmente a Mart\u00edn porque siempre se preocup\u00f3 y ocup\u00f3 de esta f\u00e1brica, defendiendo desde el primer d\u00eda y reconociendo las dificultades\u201d. Al mismo tiempo, invit\u00f3 a los trabajadores a \u201cir por m\u00e1s , y a pelear por la industria y soberan\u00eda nacional\u201d.<\/p>\n\n\n\n<p>Por su parte, el jefe comunal expres\u00f3: \u201cTener hoy la posibilidad de venir a la F\u00e1brica celebrando algo que parec\u00eda imposible, es una alegr\u00eda inmensa, porque hace m\u00e1s de 80 a\u00f1os que se ven\u00eda esperando este suceso\u201d.<\/p>\n\n\n\n<p>Tambi\u00e9n, compartieron su testimonio los trabajadores de la F\u00e1brica, Esteban y Sergio, quienes destacaron que sin voluntad pol\u00edtica, un acuerdo de estas caracter\u00edsticas no hubiera sido posible. Al mismo tiempo, agradecieron al Gobierno nacional y aseguraron que se trata de un logro que ayuda a que Fabricaciones Militares siga adelante.<\/p>\n\n\n\n<p>Tambi\u00e9n, el acto dio lugar a la entrega de distinciones a trabajadores que culminaron sus estudios como parte del Programa Municipal de Terminalidad Educativa. En esta instancia, Gill enfatiz\u00f3 el orgullo por formar parte de la \u00fanica ciudad en el pa\u00eds en alcanzar la concreci\u00f3n secundaria por parte de m\u00e1s de mil hombres y mujeres, al mismo tiempo que felicit\u00f3 a los trabajadores egresados e inst\u00f3 a los dem\u00e1s a sumarse a la propuesta.<\/p>\n\n\n\n<figure class=\"wp-block-image size-large\"><img data-recalc-dims=\"1\" decoding=\"async\" width=\"1024\" height=\"683\" src=\"https:\/\/i0.wp.com\/elregionalvm.com.ar\/noticias-villa-maria\/wp-content\/uploads\/2023\/11\/WhatsApp-Image-2023-11-17-at-14.13.36.jpeg?resize=1024%2C683&#038;ssl=1\" alt=\"\" class=\"wp-image-85968\" srcset=\"https:\/\/i0.wp.com\/elregionalvm.com.ar\/noticias-villa-maria\/wp-content\/uploads\/2023\/11\/WhatsApp-Image-2023-11-17-at-14.13.36.jpeg?resize=1024%2C683&amp;ssl=1 1024w, https:\/\/i0.wp.com\/elregionalvm.com.ar\/noticias-villa-maria\/wp-content\/uploads\/2023\/11\/WhatsApp-Image-2023-11-17-at-14.13.36.jpeg?resize=300%2C200&amp;ssl=1 300w, https:\/\/i0.wp.com\/elregionalvm.com.ar\/noticias-villa-maria\/wp-content\/uploads\/2023\/11\/WhatsApp-Image-2023-11-17-at-14.13.36.jpeg?resize=768%2C512&amp;ssl=1 768w, https:\/\/i0.wp.com\/elregionalvm.com.ar\/noticias-villa-maria\/wp-content\/uploads\/2023\/11\/WhatsApp-Image-2023-11-17-at-14.13.36.jpeg?resize=1536%2C1024&amp;ssl=1 1536w, https:\/\/i0.wp.com\/elregionalvm.com.ar\/noticias-villa-maria\/wp-content\/uploads\/2023\/11\/WhatsApp-Image-2023-11-17-at-14.13.36.jpeg?w=1599&amp;ssl=1 1599w\" sizes=\"(max-width: 1000px) 100vw, 1000px\" \/><\/figure>\n\n\n\n<p>Del acto, tambi\u00e9n formaron parte el vicepresidente de Fabricaciones Militares, Oscar Galante, el secretario de Educaci\u00f3n Cultura y Promoci\u00f3n de la Ciencia, Rafael Sachetto, y el secretario de Comercio de C\u00f3rdoba, Juan Pablo Inglese, junto a dem\u00e1s autoridades de la entidad, el municipio y la Provincia.<\/p>\n","protected":false},"excerpt":{"rendered":"<p>Como fruto de las pol\u00edticas nacionales que ampl\u00edan y conquistan derechos laborales, tuvo lugar en la ciudad la presentaci\u00f3n del Primer Convenio Colectivo de Trabajo de Fabricaciones Militares, que mejorar\u00e1 las condiciones labores de m\u00e1s de 1.400 personas que se desempe\u00f1an en las cinco plantas de todo el pa\u00eds. El intendente Mart\u00edn Gill, a la [&hellip;]<\/p>\n","protected":false},"author":4,"featured_media":85969,"comment_status":"open","ping_status":"open","sticky":false,"template":"","format":"standard","meta":{"site-sidebar-layout":"default","site-content-layout":"","ast-site-content-layout":"default","site-content-style":"default","site-sidebar-style":"default","ast-global-header-display":"","ast-banner-title-visibility":"","ast-main-header-display":"","ast-hfb-above-header-display":"","ast-hfb-below-header-display":"","ast-hfb-mobile-header-display":"","site-post-title":"","ast-breadcrumbs-content":"","ast-featured-img":"","footer-sml-layout":"","ast-disable-related-posts":"","theme-transparent-header-meta":"","adv-header-id-meta":"","stick-header-meta":"","header-above-stick-meta":"","header-main-stick-meta":"","header-below-stick-meta":"","astra-migrate-meta-layouts":"set","ast-page-background-enabled":"default","ast-page-background-meta":{"desktop":{"background-color":"","background-image":"","background-repeat":"repeat","background-position":"center center","background-size":"auto","background-attachment":"scroll","background-type":"","background-media":"","overlay-type":"","overlay-color":"","overlay-opacity":"","overlay-gradient":""},"tablet":{"background-color":"","background-image":"","background-repeat":"repeat","background-position":"center center","background-size":"auto","background-attachment":"scroll","background-type":"","background-media":"","overlay-type":"","overlay-color":"","overlay-opacity":"","overlay-gradient":""},"mobile":{"background-color":"","background-image":"","background-repeat":"repeat","background-position":"center center","background-size":"auto","background-attachment":"scroll","background-type":"","background-media":"","overlay-type":"","overlay-color":"","overlay-opacity":"","overlay-gradient":""}},"ast-content-background-meta":{"desktop":{"background-color":"var(--ast-global-color-5)","background-image":"","background-repeat":"repeat","background-position":"center center","background-size":"auto","background-attachment":"scroll","background-type":"","background-media":"","overlay-type":"","overlay-color":"","overlay-opacity":"","overlay-gradient":""},"tablet":{"background-color":"var(--ast-global-color-5)","background-image":"","background-repeat":"repeat","background-position":"center center","background-size":"auto","background-attachment":"scroll","background-type":"","background-media":"","overlay-type":"","overlay-color":"","overlay-opacity":"","overlay-gradient":""},"mobile":{"background-color":"var(--ast-global-color-5)","background-image":"","background-repeat":"repeat","background-position":"center center","background-size":"auto","background-attachment":"scroll","background-type":"","background-media":"","overlay-type":"","overlay-color":"","overlay-opacity":"","overlay-gradient":""}},"_jetpack_memberships_contains_paid_content":false,"_joinchat":[],"footnotes":""},"categories":[15302,5,2],"tags":[],"class_list":["post-85967","post","type-post","status-publish","format-standard","has-post-thumbnail","hentry","category-destacado","category-sociedad","category-villa-maria"],"yoast_head":"<!-- This site is optimized with the Yoast SEO plugin v26.8 - https:\/\/yoast.com\/product\/yoast-seo-wordpress\/ -->\n<title>Gill acompa\u00f1\u00f3 la presentaci\u00f3n del Primer Convenio Colectivo de Trabajo de Fabricaciones Militares - El Regional<\/title>\n<meta name=\"robots\" content=\"index, follow, max-snippet:-1, max-image-preview:large, max-video-preview:-1\" \/>\n<link rel=\"canonical\" href=\"https:\/\/elregionalvm.com.ar\/noticias-villa-maria\/gill-acompano-la-presentacion-en-la-ciudad-del-primer-convenio-colectivo-de-trabajo-de-fabricaciones-militares\/\" \/>\n<meta property=\"og:locale\" content=\"es_ES\" \/>\n<meta property=\"og:type\" content=\"article\" \/>\n<meta property=\"og:title\" content=\"Gill acompa\u00f1\u00f3 la presentaci\u00f3n del Primer Convenio Colectivo de Trabajo de Fabricaciones Militares - El Regional\" \/>\n<meta property=\"og:description\" content=\"Como fruto de las pol\u00edticas nacionales que ampl\u00edan y conquistan derechos laborales, tuvo lugar en la ciudad la presentaci\u00f3n del Primer Convenio Colectivo de Trabajo de Fabricaciones Militares, que mejorar\u00e1 las condiciones labores de m\u00e1s de 1.400 personas que se desempe\u00f1an en las cinco plantas de todo el pa\u00eds. El intendente Mart\u00edn Gill, a la [&hellip;]\" \/>\n<meta property=\"og:url\" content=\"https:\/\/elregionalvm.com.ar\/noticias-villa-maria\/gill-acompano-la-presentacion-en-la-ciudad-del-primer-convenio-colectivo-de-trabajo-de-fabricaciones-militares\/\" \/>\n<meta property=\"og:site_name\" content=\"El Regional\" \/>\n<meta property=\"article:publisher\" content=\"https:\/\/www.facebook.com\/elregionalvm\" \/>\n<meta property=\"article:published_time\" content=\"2023-11-17T21:48:40+00:00\" \/>\n<meta property=\"article:modified_time\" content=\"2023-11-18T03:31:58+00:00\" \/>\n<meta property=\"og:image\" content=\"https:\/\/elregionalvm.com.ar\/noticias-villa-maria\/wp-content\/uploads\/2023\/11\/WhatsApp-Image-2023-11-17-at-14.13.35-1.jpeg\" \/>\n\t<meta property=\"og:image:width\" content=\"1599\" \/>\n\t<meta property=\"og:image:height\" content=\"1066\" \/>\n\t<meta property=\"og:image:type\" content=\"image\/jpeg\" \/>\n<meta name=\"author\" content=\"Contenidos El Regional\" \/>\n<meta name=\"twitter:card\" content=\"summary_large_image\" \/>\n<meta name=\"twitter:creator\" content=\"@elregionalvm1\" \/>\n<meta name=\"twitter:site\" content=\"@elregionalvm1\" \/>\n<meta name=\"twitter:label1\" content=\"Escrito por\" \/>\n\t<meta name=\"twitter:data1\" content=\"Contenidos El Regional\" \/>\n\t<meta name=\"twitter:label2\" content=\"Tiempo de lectura\" \/>\n\t<meta name=\"twitter:data2\" content=\"3 minutos\" \/>\n<script type=\"application\/ld+json\" class=\"yoast-schema-graph\">{\"@context\":\"https:\/\/schema.org\",\"@graph\":[{\"@type\":\"Article\",\"@id\":\"https:\/\/elregionalvm.com.ar\/noticias-villa-maria\/gill-acompano-la-presentacion-en-la-ciudad-del-primer-convenio-colectivo-de-trabajo-de-fabricaciones-militares\/#article\",\"isPartOf\":{\"@id\":\"https:\/\/elregionalvm.com.ar\/noticias-villa-maria\/gill-acompano-la-presentacion-en-la-ciudad-del-primer-convenio-colectivo-de-trabajo-de-fabricaciones-militares\/\"},\"author\":{\"name\":\"Contenidos El Regional\",\"@id\":\"http:\/\/elregionalvm.com.ar\/noticias-villa-maria\/#\/schema\/person\/a0fb9c422317faca23d50163151bc354\"},\"headline\":\"Gill acompa\u00f1\u00f3 la presentaci\u00f3n del Primer Convenio Colectivo de Trabajo de Fabricaciones Militares\",\"datePublished\":\"2023-11-17T21:48:40+00:00\",\"dateModified\":\"2023-11-18T03:31:58+00:00\",\"mainEntityOfPage\":{\"@id\":\"https:\/\/elregionalvm.com.ar\/noticias-villa-maria\/gill-acompano-la-presentacion-en-la-ciudad-del-primer-convenio-colectivo-de-trabajo-de-fabricaciones-militares\/\"},\"wordCount\":485,\"commentCount\":0,\"image\":{\"@id\":\"https:\/\/elregionalvm.com.ar\/noticias-villa-maria\/gill-acompano-la-presentacion-en-la-ciudad-del-primer-convenio-colectivo-de-trabajo-de-fabricaciones-militares\/#primaryimage\"},\"thumbnailUrl\":\"https:\/\/i0.wp.com\/elregionalvm.com.ar\/noticias-villa-maria\/wp-content\/uploads\/2023\/11\/WhatsApp-Image-2023-11-17-at-14.13.35-1.jpeg?fit=1599%2C1066&ssl=1\",\"articleSection\":[\"destacado\",\"Sociedad\",\"Villa Mar\u00eda\"],\"inLanguage\":\"es\",\"potentialAction\":[{\"@type\":\"CommentAction\",\"name\":\"Comment\",\"target\":[\"https:\/\/elregionalvm.com.ar\/noticias-villa-maria\/gill-acompano-la-presentacion-en-la-ciudad-del-primer-convenio-colectivo-de-trabajo-de-fabricaciones-militares\/#respond\"]}]},{\"@type\":\"WebPage\",\"@id\":\"https:\/\/elregionalvm.com.ar\/noticias-villa-maria\/gill-acompano-la-presentacion-en-la-ciudad-del-primer-convenio-colectivo-de-trabajo-de-fabricaciones-militares\/\",\"url\":\"https:\/\/elregionalvm.com.ar\/noticias-villa-maria\/gill-acompano-la-presentacion-en-la-ciudad-del-primer-convenio-colectivo-de-trabajo-de-fabricaciones-militares\/\",\"name\":\"Gill acompa\u00f1\u00f3 la presentaci\u00f3n del Primer Convenio Colectivo de Trabajo de Fabricaciones Militares - El Regional\",\"isPartOf\":{\"@id\":\"http:\/\/elregionalvm.com.ar\/noticias-villa-maria\/#website\"},\"primaryImageOfPage\":{\"@id\":\"https:\/\/elregionalvm.com.ar\/noticias-villa-maria\/gill-acompano-la-presentacion-en-la-ciudad-del-primer-convenio-colectivo-de-trabajo-de-fabricaciones-militares\/#primaryimage\"},\"image\":{\"@id\":\"https:\/\/elregionalvm.com.ar\/noticias-villa-maria\/gill-acompano-la-presentacion-en-la-ciudad-del-primer-convenio-colectivo-de-trabajo-de-fabricaciones-militares\/#primaryimage\"},\"thumbnailUrl\":\"https:\/\/i0.wp.com\/elregionalvm.com.ar\/noticias-villa-maria\/wp-content\/uploads\/2023\/11\/WhatsApp-Image-2023-11-17-at-14.13.35-1.jpeg?fit=1599%2C1066&ssl=1\",\"datePublished\":\"2023-11-17T21:48:40+00:00\",\"dateModified\":\"2023-11-18T03:31:58+00:00\",\"author\":{\"@id\":\"http:\/\/elregionalvm.com.ar\/noticias-villa-maria\/#\/schema\/person\/a0fb9c422317faca23d50163151bc354\"},\"breadcrumb\":{\"@id\":\"https:\/\/elregionalvm.com.ar\/noticias-villa-maria\/gill-acompano-la-presentacion-en-la-ciudad-del-primer-convenio-colectivo-de-trabajo-de-fabricaciones-militares\/#breadcrumb\"},\"inLanguage\":\"es\",\"potentialAction\":[{\"@type\":\"ReadAction\",\"target\":[\"https:\/\/elregionalvm.com.ar\/noticias-villa-maria\/gill-acompano-la-presentacion-en-la-ciudad-del-primer-convenio-colectivo-de-trabajo-de-fabricaciones-militares\/\"]}]},{\"@type\":\"ImageObject\",\"inLanguage\":\"es\",\"@id\":\"https:\/\/elregionalvm.com.ar\/noticias-villa-maria\/gill-acompano-la-presentacion-en-la-ciudad-del-primer-convenio-colectivo-de-trabajo-de-fabricaciones-militares\/#primaryimage\",\"url\":\"https:\/\/i0.wp.com\/elregionalvm.com.ar\/noticias-villa-maria\/wp-content\/uploads\/2023\/11\/WhatsApp-Image-2023-11-17-at-14.13.35-1.jpeg?fit=1599%2C1066&ssl=1\",\"contentUrl\":\"https:\/\/i0.wp.com\/elregionalvm.com.ar\/noticias-villa-maria\/wp-content\/uploads\/2023\/11\/WhatsApp-Image-2023-11-17-at-14.13.35-1.jpeg?fit=1599%2C1066&ssl=1\",\"width\":1599,\"height\":1066},{\"@type\":\"BreadcrumbList\",\"@id\":\"https:\/\/elregionalvm.com.ar\/noticias-villa-maria\/gill-acompano-la-presentacion-en-la-ciudad-del-primer-convenio-colectivo-de-trabajo-de-fabricaciones-militares\/#breadcrumb\",\"itemListElement\":[{\"@type\":\"ListItem\",\"position\":1,\"name\":\"Portada\",\"item\":\"https:\/\/elregionalvm.com.ar\/noticias-villa-maria\/\"},{\"@type\":\"ListItem\",\"position\":2,\"name\":\"Gill acompa\u00f1\u00f3 la presentaci\u00f3n del Primer Convenio Colectivo de Trabajo de Fabricaciones Militares\"}]},{\"@type\":\"WebSite\",\"@id\":\"http:\/\/elregionalvm.com.ar\/noticias-villa-maria\/#website\",\"url\":\"http:\/\/elregionalvm.com.ar\/noticias-villa-maria\/\",\"name\":\"El Regional\",\"description\":\"Mucho m\u00e1s que informaci\u00f3n\",\"potentialAction\":[{\"@type\":\"SearchAction\",\"target\":{\"@type\":\"EntryPoint\",\"urlTemplate\":\"http:\/\/elregionalvm.com.ar\/noticias-villa-maria\/?s={search_term_string}\"},\"query-input\":{\"@type\":\"PropertyValueSpecification\",\"valueRequired\":true,\"valueName\":\"search_term_string\"}}],\"inLanguage\":\"es\"},{\"@type\":\"Person\",\"@id\":\"http:\/\/elregionalvm.com.ar\/noticias-villa-maria\/#\/schema\/person\/a0fb9c422317faca23d50163151bc354\",\"name\":\"Contenidos El Regional\",\"image\":{\"@type\":\"ImageObject\",\"inLanguage\":\"es\",\"@id\":\"http:\/\/elregionalvm.com.ar\/noticias-villa-maria\/#\/schema\/person\/image\/\",\"url\":\"https:\/\/secure.gravatar.com\/avatar\/265b27cb2209af7bb3a1318f03305787d7981a5cc6e6cd08fe5a4ecdf99d4b48?s=96&d=mm&r=g\",\"contentUrl\":\"https:\/\/secure.gravatar.com\/avatar\/265b27cb2209af7bb3a1318f03305787d7981a5cc6e6cd08fe5a4ecdf99d4b48?s=96&d=mm&r=g\",\"caption\":\"Contenidos El Regional\"},\"url\":\"https:\/\/elregionalvm.com.ar\/noticias-villa-maria\/author\/contenido\/\"}]}<\/script>\n<!-- \/ Yoast SEO plugin. -->","yoast_head_json":{"title":"Gill acompa\u00f1\u00f3 la presentaci\u00f3n del Primer Convenio Colectivo de Trabajo de Fabricaciones Militares - El Regional","robots":{"index":"index","follow":"follow","max-snippet":"max-snippet:-1","max-image-preview":"max-image-preview:large","max-video-preview":"max-video-preview:-1"},"canonical":"https:\/\/elregionalvm.com.ar\/noticias-villa-maria\/gill-acompano-la-presentacion-en-la-ciudad-del-primer-convenio-colectivo-de-trabajo-de-fabricaciones-militares\/","og_locale":"es_ES","og_type":"article","og_title":"Gill acompa\u00f1\u00f3 la presentaci\u00f3n del Primer Convenio Colectivo de Trabajo de Fabricaciones Militares - El Regional","og_description":"Como fruto de las pol\u00edticas nacionales que ampl\u00edan y conquistan derechos laborales, tuvo lugar en la ciudad la presentaci\u00f3n del Primer Convenio Colectivo de Trabajo de Fabricaciones Militares, que mejorar\u00e1 las condiciones labores de m\u00e1s de 1.400 personas que se desempe\u00f1an en las cinco plantas de todo el pa\u00eds. El intendente Mart\u00edn Gill, a la [&hellip;]","og_url":"https:\/\/elregionalvm.com.ar\/noticias-villa-maria\/gill-acompano-la-presentacion-en-la-ciudad-del-primer-convenio-colectivo-de-trabajo-de-fabricaciones-militares\/","og_site_name":"El Regional","article_publisher":"https:\/\/www.facebook.com\/elregionalvm","article_published_time":"2023-11-17T21:48:40+00:00","article_modified_time":"2023-11-18T03:31:58+00:00","og_image":[{"width":1599,"height":1066,"url":"https:\/\/elregionalvm.com.ar\/noticias-villa-maria\/wp-content\/uploads\/2023\/11\/WhatsApp-Image-2023-11-17-at-14.13.35-1.jpeg","type":"image\/jpeg"}],"author":"Contenidos El Regional","twitter_card":"summary_large_image","twitter_creator":"@elregionalvm1","twitter_site":"@elregionalvm1","twitter_misc":{"Escrito por":"Contenidos El Regional","Tiempo de lectura":"3 minutos"},"schema":{"@context":"https:\/\/schema.org","@graph":[{"@type":"Article","@id":"https:\/\/elregionalvm.com.ar\/noticias-villa-maria\/gill-acompano-la-presentacion-en-la-ciudad-del-primer-convenio-colectivo-de-trabajo-de-fabricaciones-militares\/#article","isPartOf":{"@id":"https:\/\/elregionalvm.com.ar\/noticias-villa-maria\/gill-acompano-la-presentacion-en-la-ciudad-del-primer-convenio-colectivo-de-trabajo-de-fabricaciones-militares\/"},"author":{"name":"Contenidos El Regional","@id":"http:\/\/elregionalvm.com.ar\/noticias-villa-maria\/#\/schema\/person\/a0fb9c422317faca23d50163151bc354"},"headline":"Gill acompa\u00f1\u00f3 la presentaci\u00f3n del Primer Convenio Colectivo de Trabajo de Fabricaciones Militares","datePublished":"2023-11-17T21:48:40+00:00","dateModified":"2023-11-18T03:31:58+00:00","mainEntityOfPage":{"@id":"https:\/\/elregionalvm.com.ar\/noticias-villa-maria\/gill-acompano-la-presentacion-en-la-ciudad-del-primer-convenio-colectivo-de-trabajo-de-fabricaciones-militares\/"},"wordCount":485,"commentCount":0,"image":{"@id":"https:\/\/elregionalvm.com.ar\/noticias-villa-maria\/gill-acompano-la-presentacion-en-la-ciudad-del-primer-convenio-colectivo-de-trabajo-de-fabricaciones-militares\/#primaryimage"},"thumbnailUrl":"https:\/\/i0.wp.com\/elregionalvm.com.ar\/noticias-villa-maria\/wp-content\/uploads\/2023\/11\/WhatsApp-Image-2023-11-17-at-14.13.35-1.jpeg?fit=1599%2C1066&ssl=1","articleSection":["destacado","Sociedad","Villa Mar\u00eda"],"inLanguage":"es","potentialAction":[{"@type":"CommentAction","name":"Comment","target":["https:\/\/elregionalvm.com.ar\/noticias-villa-maria\/gill-acompano-la-presentacion-en-la-ciudad-del-primer-convenio-colectivo-de-trabajo-de-fabricaciones-militares\/#respond"]}]},{"@type":"WebPage","@id":"https:\/\/elregionalvm.com.ar\/noticias-villa-maria\/gill-acompano-la-presentacion-en-la-ciudad-del-primer-convenio-colectivo-de-trabajo-de-fabricaciones-militares\/","url":"https:\/\/elregionalvm.com.ar\/noticias-villa-maria\/gill-acompano-la-presentacion-en-la-ciudad-del-primer-convenio-colectivo-de-trabajo-de-fabricaciones-militares\/","name":"Gill acompa\u00f1\u00f3 la presentaci\u00f3n del Primer Convenio Colectivo de Trabajo de Fabricaciones Militares - El Regional","isPartOf":{"@id":"http:\/\/elregionalvm.com.ar\/noticias-villa-maria\/#website"},"primaryImageOfPage":{"@id":"https:\/\/elregionalvm.com.ar\/noticias-villa-maria\/gill-acompano-la-presentacion-en-la-ciudad-del-primer-convenio-colectivo-de-trabajo-de-fabricaciones-militares\/#primaryimage"},"image":{"@id":"https:\/\/elregionalvm.com.ar\/noticias-villa-maria\/gill-acompano-la-presentacion-en-la-ciudad-del-primer-convenio-colectivo-de-trabajo-de-fabricaciones-militares\/#primaryimage"},"thumbnailUrl":"https:\/\/i0.wp.com\/elregionalvm.com.ar\/noticias-villa-maria\/wp-content\/uploads\/2023\/11\/WhatsApp-Image-2023-11-17-at-14.13.35-1.jpeg?fit=1599%2C1066&ssl=1","datePublished":"2023-11-17T21:48:40+00:00","dateModified":"2023-11-18T03:31:58+00:00","author":{"@id":"http:\/\/elregionalvm.com.ar\/noticias-villa-maria\/#\/schema\/person\/a0fb9c422317faca23d50163151bc354"},"breadcrumb":{"@id":"https:\/\/elregionalvm.com.ar\/noticias-villa-maria\/gill-acompano-la-presentacion-en-la-ciudad-del-primer-convenio-colectivo-de-trabajo-de-fabricaciones-militares\/#breadcrumb"},"inLanguage":"es","potentialAction":[{"@type":"ReadAction","target":["https:\/\/elregionalvm.com.ar\/noticias-villa-maria\/gill-acompano-la-presentacion-en-la-ciudad-del-primer-convenio-colectivo-de-trabajo-de-fabricaciones-militares\/"]}]},{"@type":"ImageObject","inLanguage":"es","@id":"https:\/\/elregionalvm.com.ar\/noticias-villa-maria\/gill-acompano-la-presentacion-en-la-ciudad-del-primer-convenio-colectivo-de-trabajo-de-fabricaciones-militares\/#primaryimage","url":"https:\/\/i0.wp.com\/elregionalvm.com.ar\/noticias-villa-maria\/wp-content\/uploads\/2023\/11\/WhatsApp-Image-2023-11-17-at-14.13.35-1.jpeg?fit=1599%2C1066&ssl=1","contentUrl":"https:\/\/i0.wp.com\/elregionalvm.com.ar\/noticias-villa-maria\/wp-content\/uploads\/2023\/11\/WhatsApp-Image-2023-11-17-at-14.13.35-1.jpeg?fit=1599%2C1066&ssl=1","width":1599,"height":1066},{"@type":"BreadcrumbList","@id":"https:\/\/elregionalvm.com.ar\/noticias-villa-maria\/gill-acompano-la-presentacion-en-la-ciudad-del-primer-convenio-colectivo-de-trabajo-de-fabricaciones-militares\/#breadcrumb","itemListElement":[{"@type":"ListItem","position":1,"name":"Portada","item":"https:\/\/elregionalvm.com.ar\/noticias-villa-maria\/"},{"@type":"ListItem","position":2,"name":"Gill acompa\u00f1\u00f3 la presentaci\u00f3n del Primer Convenio Colectivo de Trabajo de Fabricaciones Militares"}]},{"@type":"WebSite","@id":"http:\/\/elregionalvm.com.ar\/noticias-villa-maria\/#website","url":"http:\/\/elregionalvm.com.ar\/noticias-villa-maria\/","name":"El Regional","description":"Mucho m\u00e1s que informaci\u00f3n","potentialAction":[{"@type":"SearchAction","target":{"@type":"EntryPoint","urlTemplate":"http:\/\/elregionalvm.com.ar\/noticias-villa-maria\/?s={search_term_string}"},"query-input":{"@type":"PropertyValueSpecification","valueRequired":true,"valueName":"search_term_string"}}],"inLanguage":"es"},{"@type":"Person","@id":"http:\/\/elregionalvm.com.ar\/noticias-villa-maria\/#\/schema\/person\/a0fb9c422317faca23d50163151bc354","name":"Contenidos El Regional","image":{"@type":"ImageObject","inLanguage":"es","@id":"http:\/\/elregionalvm.com.ar\/noticias-villa-maria\/#\/schema\/person\/image\/","url":"https:\/\/secure.gravatar.com\/avatar\/265b27cb2209af7bb3a1318f03305787d7981a5cc6e6cd08fe5a4ecdf99d4b48?s=96&d=mm&r=g","contentUrl":"https:\/\/secure.gravatar.com\/avatar\/265b27cb2209af7bb3a1318f03305787d7981a5cc6e6cd08fe5a4ecdf99d4b48?s=96&d=mm&r=g","caption":"Contenidos El Regional"},"url":"https:\/\/elregionalvm.com.ar\/noticias-villa-maria\/author\/contenido\/"}]}},"jetpack_featured_media_url":"https:\/\/i0.wp.com\/elregionalvm.com.ar\/noticias-villa-maria\/wp-content\/uploads\/2023\/11\/WhatsApp-Image-2023-11-17-at-14.13.35-1.jpeg?fit=1599%2C1066&ssl=1","jetpack_sharing_enabled":true,"_links":{"self":[{"href":"https:\/\/elregionalvm.com.ar\/noticias-villa-maria\/wp-json\/wp\/v2\/posts\/85967","targetHints":{"allow":["GET"]}}],"collection":[{"href":"https:\/\/elregionalvm.com.ar\/noticias-villa-maria\/wp-json\/wp\/v2\/posts"}],"about":[{"href":"https:\/\/elregionalvm.com.ar\/noticias-villa-maria\/wp-json\/wp\/v2\/types\/post"}],"author":[{"embeddable":true,"href":"https:\/\/elregionalvm.com.ar\/noticias-villa-maria\/wp-json\/wp\/v2\/users\/4"}],"replies":[{"embeddable":true,"href":"https:\/\/elregionalvm.com.ar\/noticias-villa-maria\/wp-json\/wp\/v2\/comments?post=85967"}],"version-history":[{"count":2,"href":"https:\/\/elregionalvm.com.ar\/noticias-villa-maria\/wp-json\/wp\/v2\/posts\/85967\/revisions"}],"predecessor-version":[{"id":86005,"href":"https:\/\/elregionalvm.com.ar\/noticias-villa-maria\/wp-json\/wp\/v2\/posts\/85967\/revisions\/86005"}],"wp:featuredmedia":[{"embeddable":true,"href":"https:\/\/elregionalvm.com.ar\/noticias-villa-maria\/wp-json\/wp\/v2\/media\/85969"}],"wp:attachment":[{"href":"https:\/\/elregionalvm.com.ar\/noticias-villa-maria\/wp-json\/wp\/v2\/media?parent=85967"}],"wp:term":[{"taxonomy":"category","embeddable":true,"href":"https:\/\/elregionalvm.com.ar\/noticias-villa-maria\/wp-json\/wp\/v2\/categories?post=85967"},{"taxonomy":"post_tag","embeddable":true,"href":"https:\/\/elregionalvm.com.ar\/noticias-villa-maria\/wp-json\/wp\/v2\/tags?post=85967"}],"curies":[{"name":"wp","href":"https:\/\/api.w.org\/{rel}","templated":true}]}}