{"id":85972,"date":"2023-11-17T21:49:36","date_gmt":"2023-11-17T21:49:36","guid":{"rendered":"https:\/\/elregionalvm.com.ar\/noticias-villa-maria\/?p=85972"},"modified":"2023-11-17T21:49:38","modified_gmt":"2023-11-17T21:49:38","slug":"por-el-feriado-nacional-el-lunes-no-se-prestara-la-recoleccion-domiciliaria-de-residuos","status":"publish","type":"post","link":"https:\/\/elregionalvm.com.ar\/noticias-villa-maria\/por-el-feriado-nacional-el-lunes-no-se-prestara-la-recoleccion-domiciliaria-de-residuos\/","title":{"rendered":"Por el feriado nacional, el lunes no se prestar\u00e1 la recolecci\u00f3n domiciliaria de residuos"},"content":{"rendered":"\n<p>La Municipalidad informa que en vista al fin de semana largo por el D\u00eda de la Soberan\u00eda Nacional, el pr\u00f3ximo lunes 20 de noviembre, la empresa Cotreco no llevar\u00e1 adelante el servicio de recolecci\u00f3n de residuos. Del mismo modo, durante la fecha se ver\u00e1n afectados los recorridos de barrido y limpieza.<\/p>\n\n\n\n<p>Por su parte, las tareas de riego a cargo de la Cooperativa El Sol se realizar\u00e1n con guardias m\u00ednimas durante la jornada, como as\u00ed tambi\u00e9n las labores concernientes al Corral\u00f3n Municipal. En tanto, el servicio de Guardia de la Asistencia P\u00fablica funcionar\u00e1 las 24 horas, como es habitual.<\/p>\n\n\n\n<p>Es oportuno reiterar que para mantener la limpieza de la ciudad, se solicita a vecinos y vecinas respetar el cronograma establecido y no sacar la basura los d\u00edas que no se presta el servicio. En este sentido, las labores se restablecer\u00e1n el martes 21 con su recorrido habitual correspondiente al d\u00eda de la fecha.<\/p>\n","protected":false},"excerpt":{"rendered":"<p>La Municipalidad informa que en vista al fin de semana largo por el D\u00eda de la Soberan\u00eda Nacional, el pr\u00f3ximo lunes 20 de noviembre, la empresa Cotreco no llevar\u00e1 adelante el servicio de recolecci\u00f3n de residuos. Del mismo modo, durante la fecha se ver\u00e1n afectados los recorridos de barrido y limpieza. Por su parte, las [&hellip;]<\/p>\n","protected":false},"author":4,"featured_media":46082,"comment_status":"open","ping_status":"open","sticky":false,"template":"","format":"standard","meta":{"site-sidebar-layout":"default","site-content-layout":"","ast-site-content-layout":"default","site-content-style":"default","site-sidebar-style":"default","ast-global-header-display":"","ast-banner-title-visibility":"","ast-main-header-display":"","ast-hfb-above-header-display":"","ast-hfb-below-header-display":"","ast-hfb-mobile-header-display":"","site-post-title":"","ast-breadcrumbs-content":"","ast-featured-img":"","footer-sml-layout":"","ast-disable-related-posts":"","theme-transparent-header-meta":"","adv-header-id-meta":"","stick-header-meta":"","header-above-stick-meta":"","header-main-stick-meta":"","header-below-stick-meta":"","astra-migrate-meta-layouts":"set","ast-page-background-enabled":"default","ast-page-background-meta":{"desktop":{"background-color":"","background-image":"","background-repeat":"repeat","background-position":"center center","background-size":"auto","background-attachment":"scroll","background-type":"","background-media":"","overlay-type":"","overlay-color":"","overlay-opacity":"","overlay-gradient":""},"tablet":{"background-color":"","background-image":"","background-repeat":"repeat","background-position":"center center","background-size":"auto","background-attachment":"scroll","background-type":"","background-media":"","overlay-type":"","overlay-color":"","overlay-opacity":"","overlay-gradient":""},"mobile":{"background-color":"","background-image":"","background-repeat":"repeat","background-position":"center center","background-size":"auto","background-attachment":"scroll","background-type":"","background-media":"","overlay-type":"","overlay-color":"","overlay-opacity":"","overlay-gradient":""}},"ast-content-background-meta":{"desktop":{"background-color":"var(--ast-global-color-5)","background-image":"","background-repeat":"repeat","background-position":"center center","background-size":"auto","background-attachment":"scroll","background-type":"","background-media":"","overlay-type":"","overlay-color":"","overlay-opacity":"","overlay-gradient":""},"tablet":{"background-color":"var(--ast-global-color-5)","background-image":"","background-repeat":"repeat","background-position":"center center","background-size":"auto","background-attachment":"scroll","background-type":"","background-media":"","overlay-type":"","overlay-color":"","overlay-opacity":"","overlay-gradient":""},"mobile":{"background-color":"var(--ast-global-color-5)","background-image":"","background-repeat":"repeat","background-position":"center center","background-size":"auto","background-attachment":"scroll","background-type":"","background-media":"","overlay-type":"","overlay-color":"","overlay-opacity":"","overlay-gradient":""}},"_jetpack_memberships_contains_paid_content":false,"_joinchat":[],"footnotes":""},"categories":[15302,5,2],"tags":[],"class_list":["post-85972","post","type-post","status-publish","format-standard","has-post-thumbnail","hentry","category-destacado","category-sociedad","category-villa-maria"],"yoast_head":"<!-- This site is optimized with the Yoast SEO plugin v26.8 - https:\/\/yoast.com\/product\/yoast-seo-wordpress\/ -->\n<title>Por el feriado nacional, el lunes no se prestar\u00e1 la recolecci\u00f3n domiciliaria de residuos - El Regional<\/title>\n<meta name=\"robots\" content=\"index, follow, max-snippet:-1, max-image-preview:large, max-video-preview:-1\" \/>\n<link rel=\"canonical\" href=\"https:\/\/elregionalvm.com.ar\/noticias-villa-maria\/por-el-feriado-nacional-el-lunes-no-se-prestara-la-recoleccion-domiciliaria-de-residuos\/\" \/>\n<meta property=\"og:locale\" content=\"es_ES\" \/>\n<meta property=\"og:type\" content=\"article\" \/>\n<meta property=\"og:title\" content=\"Por el feriado nacional, el lunes no se prestar\u00e1 la recolecci\u00f3n domiciliaria de residuos - El Regional\" \/>\n<meta property=\"og:description\" content=\"La Municipalidad informa que en vista al fin de semana largo por el D\u00eda de la Soberan\u00eda Nacional, el pr\u00f3ximo lunes 20 de noviembre, la empresa Cotreco no llevar\u00e1 adelante el servicio de recolecci\u00f3n de residuos. Del mismo modo, durante la fecha se ver\u00e1n afectados los recorridos de barrido y limpieza. Por su parte, las [&hellip;]\" \/>\n<meta property=\"og:url\" content=\"https:\/\/elregionalvm.com.ar\/noticias-villa-maria\/por-el-feriado-nacional-el-lunes-no-se-prestara-la-recoleccion-domiciliaria-de-residuos\/\" \/>\n<meta property=\"og:site_name\" content=\"El Regional\" \/>\n<meta property=\"article:publisher\" content=\"https:\/\/www.facebook.com\/elregionalvm\" \/>\n<meta property=\"article:published_time\" content=\"2023-11-17T21:49:36+00:00\" \/>\n<meta property=\"article:modified_time\" content=\"2023-11-17T21:49:38+00:00\" \/>\n<meta property=\"og:image\" content=\"https:\/\/elregionalvm.com.ar\/noticias-villa-maria\/wp-content\/uploads\/2021\/10\/cotreco-2.jpg\" \/>\n\t<meta property=\"og:image:width\" content=\"982\" \/>\n\t<meta property=\"og:image:height\" content=\"551\" \/>\n\t<meta property=\"og:image:type\" content=\"image\/jpeg\" \/>\n<meta name=\"author\" content=\"Contenidos El Regional\" \/>\n<meta name=\"twitter:card\" content=\"summary_large_image\" \/>\n<meta name=\"twitter:creator\" content=\"@elregionalvm1\" \/>\n<meta name=\"twitter:site\" content=\"@elregionalvm1\" \/>\n<meta name=\"twitter:label1\" content=\"Escrito por\" \/>\n\t<meta name=\"twitter:data1\" content=\"Contenidos El Regional\" \/>\n\t<meta name=\"twitter:label2\" content=\"Tiempo de lectura\" \/>\n\t<meta name=\"twitter:data2\" content=\"1 minuto\" \/>\n<script type=\"application\/ld+json\" class=\"yoast-schema-graph\">{\"@context\":\"https:\/\/schema.org\",\"@graph\":[{\"@type\":\"Article\",\"@id\":\"https:\/\/elregionalvm.com.ar\/noticias-villa-maria\/por-el-feriado-nacional-el-lunes-no-se-prestara-la-recoleccion-domiciliaria-de-residuos\/#article\",\"isPartOf\":{\"@id\":\"https:\/\/elregionalvm.com.ar\/noticias-villa-maria\/por-el-feriado-nacional-el-lunes-no-se-prestara-la-recoleccion-domiciliaria-de-residuos\/\"},\"author\":{\"name\":\"Contenidos El Regional\",\"@id\":\"http:\/\/elregionalvm.com.ar\/noticias-villa-maria\/#\/schema\/person\/a0fb9c422317faca23d50163151bc354\"},\"headline\":\"Por el feriado nacional, el lunes no se prestar\u00e1 la recolecci\u00f3n domiciliaria de residuos\",\"datePublished\":\"2023-11-17T21:49:36+00:00\",\"dateModified\":\"2023-11-17T21:49:38+00:00\",\"mainEntityOfPage\":{\"@id\":\"https:\/\/elregionalvm.com.ar\/noticias-villa-maria\/por-el-feriado-nacional-el-lunes-no-se-prestara-la-recoleccion-domiciliaria-de-residuos\/\"},\"wordCount\":178,\"commentCount\":0,\"image\":{\"@id\":\"https:\/\/elregionalvm.com.ar\/noticias-villa-maria\/por-el-feriado-nacional-el-lunes-no-se-prestara-la-recoleccion-domiciliaria-de-residuos\/#primaryimage\"},\"thumbnailUrl\":\"https:\/\/i0.wp.com\/elregionalvm.com.ar\/noticias-villa-maria\/wp-content\/uploads\/2021\/10\/cotreco-2.jpg?fit=982%2C551&ssl=1\",\"articleSection\":[\"destacado\",\"Sociedad\",\"Villa Mar\u00eda\"],\"inLanguage\":\"es\",\"potentialAction\":[{\"@type\":\"CommentAction\",\"name\":\"Comment\",\"target\":[\"https:\/\/elregionalvm.com.ar\/noticias-villa-maria\/por-el-feriado-nacional-el-lunes-no-se-prestara-la-recoleccion-domiciliaria-de-residuos\/#respond\"]}]},{\"@type\":\"WebPage\",\"@id\":\"https:\/\/elregionalvm.com.ar\/noticias-villa-maria\/por-el-feriado-nacional-el-lunes-no-se-prestara-la-recoleccion-domiciliaria-de-residuos\/\",\"url\":\"https:\/\/elregionalvm.com.ar\/noticias-villa-maria\/por-el-feriado-nacional-el-lunes-no-se-prestara-la-recoleccion-domiciliaria-de-residuos\/\",\"name\":\"Por el feriado nacional, el lunes no se prestar\u00e1 la recolecci\u00f3n domiciliaria de residuos - El Regional\",\"isPartOf\":{\"@id\":\"http:\/\/elregionalvm.com.ar\/noticias-villa-maria\/#website\"},\"primaryImageOfPage\":{\"@id\":\"https:\/\/elregionalvm.com.ar\/noticias-villa-maria\/por-el-feriado-nacional-el-lunes-no-se-prestara-la-recoleccion-domiciliaria-de-residuos\/#primaryimage\"},\"image\":{\"@id\":\"https:\/\/elregionalvm.com.ar\/noticias-villa-maria\/por-el-feriado-nacional-el-lunes-no-se-prestara-la-recoleccion-domiciliaria-de-residuos\/#primaryimage\"},\"thumbnailUrl\":\"https:\/\/i0.wp.com\/elregionalvm.com.ar\/noticias-villa-maria\/wp-content\/uploads\/2021\/10\/cotreco-2.jpg?fit=982%2C551&ssl=1\",\"datePublished\":\"2023-11-17T21:49:36+00:00\",\"dateModified\":\"2023-11-17T21:49:38+00:00\",\"author\":{\"@id\":\"http:\/\/elregionalvm.com.ar\/noticias-villa-maria\/#\/schema\/person\/a0fb9c422317faca23d50163151bc354\"},\"breadcrumb\":{\"@id\":\"https:\/\/elregionalvm.com.ar\/noticias-villa-maria\/por-el-feriado-nacional-el-lunes-no-se-prestara-la-recoleccion-domiciliaria-de-residuos\/#breadcrumb\"},\"inLanguage\":\"es\",\"potentialAction\":[{\"@type\":\"ReadAction\",\"target\":[\"https:\/\/elregionalvm.com.ar\/noticias-villa-maria\/por-el-feriado-nacional-el-lunes-no-se-prestara-la-recoleccion-domiciliaria-de-residuos\/\"]}]},{\"@type\":\"ImageObject\",\"inLanguage\":\"es\",\"@id\":\"https:\/\/elregionalvm.com.ar\/noticias-villa-maria\/por-el-feriado-nacional-el-lunes-no-se-prestara-la-recoleccion-domiciliaria-de-residuos\/#primaryimage\",\"url\":\"https:\/\/i0.wp.com\/elregionalvm.com.ar\/noticias-villa-maria\/wp-content\/uploads\/2021\/10\/cotreco-2.jpg?fit=982%2C551&ssl=1\",\"contentUrl\":\"https:\/\/i0.wp.com\/elregionalvm.com.ar\/noticias-villa-maria\/wp-content\/uploads\/2021\/10\/cotreco-2.jpg?fit=982%2C551&ssl=1\",\"width\":982,\"height\":551},{\"@type\":\"BreadcrumbList\",\"@id\":\"https:\/\/elregionalvm.com.ar\/noticias-villa-maria\/por-el-feriado-nacional-el-lunes-no-se-prestara-la-recoleccion-domiciliaria-de-residuos\/#breadcrumb\",\"itemListElement\":[{\"@type\":\"ListItem\",\"position\":1,\"name\":\"Portada\",\"item\":\"https:\/\/elregionalvm.com.ar\/noticias-villa-maria\/\"},{\"@type\":\"ListItem\",\"position\":2,\"name\":\"Por el feriado nacional, el lunes no se prestar\u00e1 la recolecci\u00f3n domiciliaria de residuos\"}]},{\"@type\":\"WebSite\",\"@id\":\"http:\/\/elregionalvm.com.ar\/noticias-villa-maria\/#website\",\"url\":\"http:\/\/elregionalvm.com.ar\/noticias-villa-maria\/\",\"name\":\"El Regional\",\"description\":\"Mucho m\u00e1s que informaci\u00f3n\",\"potentialAction\":[{\"@type\":\"SearchAction\",\"target\":{\"@type\":\"EntryPoint\",\"urlTemplate\":\"http:\/\/elregionalvm.com.ar\/noticias-villa-maria\/?s={search_term_string}\"},\"query-input\":{\"@type\":\"PropertyValueSpecification\",\"valueRequired\":true,\"valueName\":\"search_term_string\"}}],\"inLanguage\":\"es\"},{\"@type\":\"Person\",\"@id\":\"http:\/\/elregionalvm.com.ar\/noticias-villa-maria\/#\/schema\/person\/a0fb9c422317faca23d50163151bc354\",\"name\":\"Contenidos El Regional\",\"image\":{\"@type\":\"ImageObject\",\"inLanguage\":\"es\",\"@id\":\"http:\/\/elregionalvm.com.ar\/noticias-villa-maria\/#\/schema\/person\/image\/\",\"url\":\"https:\/\/secure.gravatar.com\/avatar\/265b27cb2209af7bb3a1318f03305787d7981a5cc6e6cd08fe5a4ecdf99d4b48?s=96&d=mm&r=g\",\"contentUrl\":\"https:\/\/secure.gravatar.com\/avatar\/265b27cb2209af7bb3a1318f03305787d7981a5cc6e6cd08fe5a4ecdf99d4b48?s=96&d=mm&r=g\",\"caption\":\"Contenidos El Regional\"},\"url\":\"https:\/\/elregionalvm.com.ar\/noticias-villa-maria\/author\/contenido\/\"}]}<\/script>\n<!-- \/ Yoast SEO plugin. -->","yoast_head_json":{"title":"Por el feriado nacional, el lunes no se prestar\u00e1 la recolecci\u00f3n domiciliaria de residuos - El Regional","robots":{"index":"index","follow":"follow","max-snippet":"max-snippet:-1","max-image-preview":"max-image-preview:large","max-video-preview":"max-video-preview:-1"},"canonical":"https:\/\/elregionalvm.com.ar\/noticias-villa-maria\/por-el-feriado-nacional-el-lunes-no-se-prestara-la-recoleccion-domiciliaria-de-residuos\/","og_locale":"es_ES","og_type":"article","og_title":"Por el feriado nacional, el lunes no se prestar\u00e1 la recolecci\u00f3n domiciliaria de residuos - El Regional","og_description":"La Municipalidad informa que en vista al fin de semana largo por el D\u00eda de la Soberan\u00eda Nacional, el pr\u00f3ximo lunes 20 de noviembre, la empresa Cotreco no llevar\u00e1 adelante el servicio de recolecci\u00f3n de residuos. Del mismo modo, durante la fecha se ver\u00e1n afectados los recorridos de barrido y limpieza. Por su parte, las [&hellip;]","og_url":"https:\/\/elregionalvm.com.ar\/noticias-villa-maria\/por-el-feriado-nacional-el-lunes-no-se-prestara-la-recoleccion-domiciliaria-de-residuos\/","og_site_name":"El Regional","article_publisher":"https:\/\/www.facebook.com\/elregionalvm","article_published_time":"2023-11-17T21:49:36+00:00","article_modified_time":"2023-11-17T21:49:38+00:00","og_image":[{"width":982,"height":551,"url":"https:\/\/elregionalvm.com.ar\/noticias-villa-maria\/wp-content\/uploads\/2021\/10\/cotreco-2.jpg","type":"image\/jpeg"}],"author":"Contenidos El Regional","twitter_card":"summary_large_image","twitter_creator":"@elregionalvm1","twitter_site":"@elregionalvm1","twitter_misc":{"Escrito por":"Contenidos El Regional","Tiempo de lectura":"1 minuto"},"schema":{"@context":"https:\/\/schema.org","@graph":[{"@type":"Article","@id":"https:\/\/elregionalvm.com.ar\/noticias-villa-maria\/por-el-feriado-nacional-el-lunes-no-se-prestara-la-recoleccion-domiciliaria-de-residuos\/#article","isPartOf":{"@id":"https:\/\/elregionalvm.com.ar\/noticias-villa-maria\/por-el-feriado-nacional-el-lunes-no-se-prestara-la-recoleccion-domiciliaria-de-residuos\/"},"author":{"name":"Contenidos El Regional","@id":"http:\/\/elregionalvm.com.ar\/noticias-villa-maria\/#\/schema\/person\/a0fb9c422317faca23d50163151bc354"},"headline":"Por el feriado nacional, el lunes no se prestar\u00e1 la recolecci\u00f3n domiciliaria de residuos","datePublished":"2023-11-17T21:49:36+00:00","dateModified":"2023-11-17T21:49:38+00:00","mainEntityOfPage":{"@id":"https:\/\/elregionalvm.com.ar\/noticias-villa-maria\/por-el-feriado-nacional-el-lunes-no-se-prestara-la-recoleccion-domiciliaria-de-residuos\/"},"wordCount":178,"commentCount":0,"image":{"@id":"https:\/\/elregionalvm.com.ar\/noticias-villa-maria\/por-el-feriado-nacional-el-lunes-no-se-prestara-la-recoleccion-domiciliaria-de-residuos\/#primaryimage"},"thumbnailUrl":"https:\/\/i0.wp.com\/elregionalvm.com.ar\/noticias-villa-maria\/wp-content\/uploads\/2021\/10\/cotreco-2.jpg?fit=982%2C551&ssl=1","articleSection":["destacado","Sociedad","Villa Mar\u00eda"],"inLanguage":"es","potentialAction":[{"@type":"CommentAction","name":"Comment","target":["https:\/\/elregionalvm.com.ar\/noticias-villa-maria\/por-el-feriado-nacional-el-lunes-no-se-prestara-la-recoleccion-domiciliaria-de-residuos\/#respond"]}]},{"@type":"WebPage","@id":"https:\/\/elregionalvm.com.ar\/noticias-villa-maria\/por-el-feriado-nacional-el-lunes-no-se-prestara-la-recoleccion-domiciliaria-de-residuos\/","url":"https:\/\/elregionalvm.com.ar\/noticias-villa-maria\/por-el-feriado-nacional-el-lunes-no-se-prestara-la-recoleccion-domiciliaria-de-residuos\/","name":"Por el feriado nacional, el lunes no se prestar\u00e1 la recolecci\u00f3n domiciliaria de residuos - El Regional","isPartOf":{"@id":"http:\/\/elregionalvm.com.ar\/noticias-villa-maria\/#website"},"primaryImageOfPage":{"@id":"https:\/\/elregionalvm.com.ar\/noticias-villa-maria\/por-el-feriado-nacional-el-lunes-no-se-prestara-la-recoleccion-domiciliaria-de-residuos\/#primaryimage"},"image":{"@id":"https:\/\/elregionalvm.com.ar\/noticias-villa-maria\/por-el-feriado-nacional-el-lunes-no-se-prestara-la-recoleccion-domiciliaria-de-residuos\/#primaryimage"},"thumbnailUrl":"https:\/\/i0.wp.com\/elregionalvm.com.ar\/noticias-villa-maria\/wp-content\/uploads\/2021\/10\/cotreco-2.jpg?fit=982%2C551&ssl=1","datePublished":"2023-11-17T21:49:36+00:00","dateModified":"2023-11-17T21:49:38+00:00","author":{"@id":"http:\/\/elregionalvm.com.ar\/noticias-villa-maria\/#\/schema\/person\/a0fb9c422317faca23d50163151bc354"},"breadcrumb":{"@id":"https:\/\/elregionalvm.com.ar\/noticias-villa-maria\/por-el-feriado-nacional-el-lunes-no-se-prestara-la-recoleccion-domiciliaria-de-residuos\/#breadcrumb"},"inLanguage":"es","potentialAction":[{"@type":"ReadAction","target":["https:\/\/elregionalvm.com.ar\/noticias-villa-maria\/por-el-feriado-nacional-el-lunes-no-se-prestara-la-recoleccion-domiciliaria-de-residuos\/"]}]},{"@type":"ImageObject","inLanguage":"es","@id":"https:\/\/elregionalvm.com.ar\/noticias-villa-maria\/por-el-feriado-nacional-el-lunes-no-se-prestara-la-recoleccion-domiciliaria-de-residuos\/#primaryimage","url":"https:\/\/i0.wp.com\/elregionalvm.com.ar\/noticias-villa-maria\/wp-content\/uploads\/2021\/10\/cotreco-2.jpg?fit=982%2C551&ssl=1","contentUrl":"https:\/\/i0.wp.com\/elregionalvm.com.ar\/noticias-villa-maria\/wp-content\/uploads\/2021\/10\/cotreco-2.jpg?fit=982%2C551&ssl=1","width":982,"height":551},{"@type":"BreadcrumbList","@id":"https:\/\/elregionalvm.com.ar\/noticias-villa-maria\/por-el-feriado-nacional-el-lunes-no-se-prestara-la-recoleccion-domiciliaria-de-residuos\/#breadcrumb","itemListElement":[{"@type":"ListItem","position":1,"name":"Portada","item":"https:\/\/elregionalvm.com.ar\/noticias-villa-maria\/"},{"@type":"ListItem","position":2,"name":"Por el feriado nacional, el lunes no se prestar\u00e1 la recolecci\u00f3n domiciliaria de residuos"}]},{"@type":"WebSite","@id":"http:\/\/elregionalvm.com.ar\/noticias-villa-maria\/#website","url":"http:\/\/elregionalvm.com.ar\/noticias-villa-maria\/","name":"El Regional","description":"Mucho m\u00e1s que informaci\u00f3n","potentialAction":[{"@type":"SearchAction","target":{"@type":"EntryPoint","urlTemplate":"http:\/\/elregionalvm.com.ar\/noticias-villa-maria\/?s={search_term_string}"},"query-input":{"@type":"PropertyValueSpecification","valueRequired":true,"valueName":"search_term_string"}}],"inLanguage":"es"},{"@type":"Person","@id":"http:\/\/elregionalvm.com.ar\/noticias-villa-maria\/#\/schema\/person\/a0fb9c422317faca23d50163151bc354","name":"Contenidos El Regional","image":{"@type":"ImageObject","inLanguage":"es","@id":"http:\/\/elregionalvm.com.ar\/noticias-villa-maria\/#\/schema\/person\/image\/","url":"https:\/\/secure.gravatar.com\/avatar\/265b27cb2209af7bb3a1318f03305787d7981a5cc6e6cd08fe5a4ecdf99d4b48?s=96&d=mm&r=g","contentUrl":"https:\/\/secure.gravatar.com\/avatar\/265b27cb2209af7bb3a1318f03305787d7981a5cc6e6cd08fe5a4ecdf99d4b48?s=96&d=mm&r=g","caption":"Contenidos El Regional"},"url":"https:\/\/elregionalvm.com.ar\/noticias-villa-maria\/author\/contenido\/"}]}},"jetpack_featured_media_url":"https:\/\/i0.wp.com\/elregionalvm.com.ar\/noticias-villa-maria\/wp-content\/uploads\/2021\/10\/cotreco-2.jpg?fit=982%2C551&ssl=1","jetpack_sharing_enabled":true,"_links":{"self":[{"href":"https:\/\/elregionalvm.com.ar\/noticias-villa-maria\/wp-json\/wp\/v2\/posts\/85972","targetHints":{"allow":["GET"]}}],"collection":[{"href":"https:\/\/elregionalvm.com.ar\/noticias-villa-maria\/wp-json\/wp\/v2\/posts"}],"about":[{"href":"https:\/\/elregionalvm.com.ar\/noticias-villa-maria\/wp-json\/wp\/v2\/types\/post"}],"author":[{"embeddable":true,"href":"https:\/\/elregionalvm.com.ar\/noticias-villa-maria\/wp-json\/wp\/v2\/users\/4"}],"replies":[{"embeddable":true,"href":"https:\/\/elregionalvm.com.ar\/noticias-villa-maria\/wp-json\/wp\/v2\/comments?post=85972"}],"version-history":[{"count":1,"href":"https:\/\/elregionalvm.com.ar\/noticias-villa-maria\/wp-json\/wp\/v2\/posts\/85972\/revisions"}],"predecessor-version":[{"id":85973,"href":"https:\/\/elregionalvm.com.ar\/noticias-villa-maria\/wp-json\/wp\/v2\/posts\/85972\/revisions\/85973"}],"wp:featuredmedia":[{"embeddable":true,"href":"https:\/\/elregionalvm.com.ar\/noticias-villa-maria\/wp-json\/wp\/v2\/media\/46082"}],"wp:attachment":[{"href":"https:\/\/elregionalvm.com.ar\/noticias-villa-maria\/wp-json\/wp\/v2\/media?parent=85972"}],"wp:term":[{"taxonomy":"category","embeddable":true,"href":"https:\/\/elregionalvm.com.ar\/noticias-villa-maria\/wp-json\/wp\/v2\/categories?post=85972"},{"taxonomy":"post_tag","embeddable":true,"href":"https:\/\/elregionalvm.com.ar\/noticias-villa-maria\/wp-json\/wp\/v2\/tags?post=85972"}],"curies":[{"name":"wp","href":"https:\/\/api.w.org\/{rel}","templated":true}]}}