{"id":85983,"date":"2023-11-17T21:58:55","date_gmt":"2023-11-17T21:58:55","guid":{"rendered":"https:\/\/elregionalvm.com.ar\/noticias-villa-maria\/?p=85983"},"modified":"2023-11-18T03:32:32","modified_gmt":"2023-11-18T03:32:32","slug":"desafios-y-oportunidades-de-la-agricultura-ejes-de-la-capacitacion-en-villa-maria%ef%bf%bc","status":"publish","type":"post","link":"https:\/\/elregionalvm.com.ar\/noticias-villa-maria\/desafios-y-oportunidades-de-la-agricultura-ejes-de-la-capacitacion-en-villa-maria%ef%bf%bc\/","title":{"rendered":"Desaf\u00edos y oportunidades de la agricultura, ejes de la capacitaci\u00f3n en Villa Mar\u00eda"},"content":{"rendered":"\n<p>En el auditorio de la Universidad Nacional de Villa Mar\u00eda (UNVM), se realiz\u00f3 la jornada&nbsp;<strong>\u201cLa agricultura como sistema: desaf\u00edos y oportunidades\u201d,<\/strong>&nbsp;con foco en mostrar el cambio y los desaf\u00edos que enfrenta la producci\u00f3n agr\u00edcola, basado en un sistema sustentable en lo econ\u00f3mico, social y medioambiental; alineado a los Objetivos de Desarrollo Sostenible (ODS).<\/p>\n\n\n\n<p>La jornada, organizada por la cartera agropecuaria, estuvo encabezada por el ministro de Agricultura y Ganader\u00eda, Sergio Busso, y cont\u00f3 con la presencia de ingenieros agr\u00f3nomos, veterinarios, alumnos y docentes.\u00a0<strong><em>\u201cNo s\u00f3lo importa lo que se produce sino c\u00f3mo se produce y eso es una enorme diferencia; hacer las cosas bien es un desaf\u00edo frente a las nuevas demandas. El Estado junto al sector privado y las universidades tenemos que ponerlo en valor y aggiornarnos a los nuevos desaf\u00edos\u201d<\/em><\/strong>, afirm\u00f3 el titular de la cartera agropecuaria.<\/p>\n\n\n\n<figure class=\"wp-block-image size-full\"><img data-recalc-dims=\"1\" fetchpriority=\"high\" decoding=\"async\" width=\"993\" height=\"748\" src=\"https:\/\/i0.wp.com\/elregionalvm.com.ar\/noticias-villa-maria\/wp-content\/uploads\/2023\/11\/WhatsApp-Image-2023-11-16-at-07.04.01-1-scaled-e1700149916362.jpeg?resize=993%2C748&#038;ssl=1\" alt=\"\" class=\"wp-image-85984\" srcset=\"https:\/\/i0.wp.com\/elregionalvm.com.ar\/noticias-villa-maria\/wp-content\/uploads\/2023\/11\/WhatsApp-Image-2023-11-16-at-07.04.01-1-scaled-e1700149916362.jpeg?w=993&amp;ssl=1 993w, https:\/\/i0.wp.com\/elregionalvm.com.ar\/noticias-villa-maria\/wp-content\/uploads\/2023\/11\/WhatsApp-Image-2023-11-16-at-07.04.01-1-scaled-e1700149916362.jpeg?resize=300%2C226&amp;ssl=1 300w, https:\/\/i0.wp.com\/elregionalvm.com.ar\/noticias-villa-maria\/wp-content\/uploads\/2023\/11\/WhatsApp-Image-2023-11-16-at-07.04.01-1-scaled-e1700149916362.jpeg?resize=768%2C579&amp;ssl=1 768w\" sizes=\"(max-width: 993px) 100vw, 993px\" \/><\/figure>\n\n\n\n<p>\u201cAgricultura hoy: del manejo del lote al manejo de ambientes y paisajes. Biodiversidad, interacciones entre plantas e insectos\u201d fue la exposici\u00f3n del ingeniero agr\u00f3nomo Lucas Garibaldi; reconocido cient\u00edfico que realiza estudios que vinculan la biodiversidad con la producci\u00f3n agropecuaria y crea sinergia entre ambas.<\/p>\n\n\n\n<p>En ese sentido, dijo que los resultados de los estudios realizados arrojan la importancia de la \u201c<strong><em>polinizaci\u00f3n para la producci\u00f3n de alimentos, la conservaci\u00f3n de h\u00e1bitats naturales y seminaturales en paisajes agropecuarios, y la restauraci\u00f3n de la biodiversidad en paisajes agropecuarios\u201d<\/em><\/strong>. Y afirm\u00f3 que es indispensable&nbsp;<strong><em>\u201cel dise\u00f1o de paisajes m\u00e1s amigables con el medio ambiente\u201d.<\/em><\/strong><\/p>\n\n\n\n<p>Por su parte, el director de Producci\u00f3n Agr\u00edcola, Lucas Andreoni, expuso sobre \u201cLos nuevos desaf\u00edos de la agricultura\u201d. En ese sentido, plante\u00f3 que&nbsp;<strong><em>\u201chay que una demanda distinta en la forma de producir alimentos; se est\u00e1 viendo mucho la sustentabilidad de los sistemas, tanto en la parte social, econ\u00f3mica como medioambiental, y esto es repensar la agricultura\u201d.<\/em><\/strong><\/p>\n\n\n\n<p>Las ingenieras Jimena Sabor y Roc\u00edo Vigliano expusieron sobre \u201cAumentar la productividad innovando en t\u00e9cnicas en insumos. Evoluci\u00f3n y futuro de los bioinsumos\u201d. \u201cMejorar la productividad no s\u00f3lo es producir m\u00e1s sino hacerlo de manera m\u00e1s inteligente y efectiva\u201d, afirmaron, al tiempo que se\u00f1alaron que los&nbsp;<strong><em>\u201cbioinsumos es una nueva manera de mirar la producci\u00f3n\u201d.<\/em><\/strong><\/p>\n\n\n\n<p>En tanto, bajo el lema \u201cPintemos de verde con diversidad\u201d, el secretario de Agricultura, Marcos Blanda, sostuvo que&nbsp;<strong>\u201cla agricultura del futuro ser\u00e1 el resultado de la incorporaci\u00f3n de nuevas tecnolog\u00edas y la capacidad de gesti\u00f3n, con una visi\u00f3n m\u00e1s amplia y sustentable\u201d.<\/strong><\/p>\n\n\n\n<p>En la jornada participaron la decana del Instituto de B\u00e1sicas de la UNVM, Carolina Morgante; el coordinador de la casa de estudios, Germ\u00e1n Casetta; el director de Desarrollo Agropecuario Sostenible, Santiago Dellarossa; el director de Agencias Zonales y Desarrollo Territorial, Germ\u00e1n Font, entre otras autoridades.<\/p>\n","protected":false},"excerpt":{"rendered":"<p>En el auditorio de la Universidad Nacional de Villa Mar\u00eda (UNVM), se realiz\u00f3 la jornada&nbsp;\u201cLa agricultura como sistema: desaf\u00edos y oportunidades\u201d,&nbsp;con foco en mostrar el cambio y los desaf\u00edos que enfrenta la producci\u00f3n agr\u00edcola, basado en un sistema sustentable en lo econ\u00f3mico, social y medioambiental; alineado a los Objetivos de Desarrollo Sostenible (ODS). La jornada, [&hellip;]<\/p>\n","protected":false},"author":4,"featured_media":85985,"comment_status":"open","ping_status":"open","sticky":false,"template":"","format":"standard","meta":{"site-sidebar-layout":"default","site-content-layout":"","ast-site-content-layout":"default","site-content-style":"default","site-sidebar-style":"default","ast-global-header-display":"","ast-banner-title-visibility":"","ast-main-header-display":"","ast-hfb-above-header-display":"","ast-hfb-below-header-display":"","ast-hfb-mobile-header-display":"","site-post-title":"","ast-breadcrumbs-content":"","ast-featured-img":"","footer-sml-layout":"","ast-disable-related-posts":"","theme-transparent-header-meta":"","adv-header-id-meta":"","stick-header-meta":"","header-above-stick-meta":"","header-main-stick-meta":"","header-below-stick-meta":"","astra-migrate-meta-layouts":"set","ast-page-background-enabled":"default","ast-page-background-meta":{"desktop":{"background-color":"","background-image":"","background-repeat":"repeat","background-position":"center center","background-size":"auto","background-attachment":"scroll","background-type":"","background-media":"","overlay-type":"","overlay-color":"","overlay-opacity":"","overlay-gradient":""},"tablet":{"background-color":"","background-image":"","background-repeat":"repeat","background-position":"center center","background-size":"auto","background-attachment":"scroll","background-type":"","background-media":"","overlay-type":"","overlay-color":"","overlay-opacity":"","overlay-gradient":""},"mobile":{"background-color":"","background-image":"","background-repeat":"repeat","background-position":"center center","background-size":"auto","background-attachment":"scroll","background-type":"","background-media":"","overlay-type":"","overlay-color":"","overlay-opacity":"","overlay-gradient":""}},"ast-content-background-meta":{"desktop":{"background-color":"var(--ast-global-color-5)","background-image":"","background-repeat":"repeat","background-position":"center center","background-size":"auto","background-attachment":"scroll","background-type":"","background-media":"","overlay-type":"","overlay-color":"","overlay-opacity":"","overlay-gradient":""},"tablet":{"background-color":"var(--ast-global-color-5)","background-image":"","background-repeat":"repeat","background-position":"center center","background-size":"auto","background-attachment":"scroll","background-type":"","background-media":"","overlay-type":"","overlay-color":"","overlay-opacity":"","overlay-gradient":""},"mobile":{"background-color":"var(--ast-global-color-5)","background-image":"","background-repeat":"repeat","background-position":"center center","background-size":"auto","background-attachment":"scroll","background-type":"","background-media":"","overlay-type":"","overlay-color":"","overlay-opacity":"","overlay-gradient":""}},"_jetpack_memberships_contains_paid_content":false,"_joinchat":[],"footnotes":""},"categories":[16095,5,2],"tags":[],"class_list":["post-85983","post","type-post","status-publish","format-standard","has-post-thumbnail","hentry","category-provinciales","category-sociedad","category-villa-maria"],"yoast_head":"<!-- This site is optimized with the Yoast SEO plugin v26.8 - https:\/\/yoast.com\/product\/yoast-seo-wordpress\/ -->\n<title>Desaf\u00edos y oportunidades de la agricultura, ejes de la capacitaci\u00f3n en Villa Mar\u00eda - El Regional<\/title>\n<meta name=\"robots\" content=\"index, follow, max-snippet:-1, max-image-preview:large, max-video-preview:-1\" \/>\n<link rel=\"canonical\" href=\"https:\/\/elregionalvm.com.ar\/noticias-villa-maria\/desafios-y-oportunidades-de-la-agricultura-ejes-de-la-capacitacion-en-villa-maria\ufffc\/\" \/>\n<meta property=\"og:locale\" content=\"es_ES\" \/>\n<meta property=\"og:type\" content=\"article\" \/>\n<meta property=\"og:title\" content=\"Desaf\u00edos y oportunidades de la agricultura, ejes de la capacitaci\u00f3n en Villa Mar\u00eda - El Regional\" \/>\n<meta property=\"og:description\" content=\"En el auditorio de la Universidad Nacional de Villa Mar\u00eda (UNVM), se realiz\u00f3 la jornada&nbsp;\u201cLa agricultura como sistema: desaf\u00edos y oportunidades\u201d,&nbsp;con foco en mostrar el cambio y los desaf\u00edos que enfrenta la producci\u00f3n agr\u00edcola, basado en un sistema sustentable en lo econ\u00f3mico, social y medioambiental; alineado a los Objetivos de Desarrollo Sostenible (ODS). La jornada, [&hellip;]\" \/>\n<meta property=\"og:url\" content=\"https:\/\/elregionalvm.com.ar\/noticias-villa-maria\/desafios-y-oportunidades-de-la-agricultura-ejes-de-la-capacitacion-en-villa-maria\ufffc\/\" \/>\n<meta property=\"og:site_name\" content=\"El Regional\" \/>\n<meta property=\"article:publisher\" content=\"https:\/\/www.facebook.com\/elregionalvm\" \/>\n<meta property=\"article:published_time\" content=\"2023-11-17T21:58:55+00:00\" \/>\n<meta property=\"article:modified_time\" content=\"2023-11-18T03:32:32+00:00\" \/>\n<meta property=\"og:image\" content=\"https:\/\/elregionalvm.com.ar\/noticias-villa-maria\/wp-content\/uploads\/2023\/11\/WhatsApp-Image-2023-11-16-at-07.04.01-scaled-e1700149608995.jpeg\" \/>\n\t<meta property=\"og:image:width\" content=\"993\" \/>\n\t<meta property=\"og:image:height\" content=\"748\" \/>\n\t<meta property=\"og:image:type\" content=\"image\/jpeg\" \/>\n<meta name=\"author\" content=\"Contenidos El Regional\" \/>\n<meta name=\"twitter:card\" content=\"summary_large_image\" \/>\n<meta name=\"twitter:creator\" content=\"@elregionalvm1\" \/>\n<meta name=\"twitter:site\" content=\"@elregionalvm1\" \/>\n<meta name=\"twitter:label1\" content=\"Escrito por\" \/>\n\t<meta name=\"twitter:data1\" content=\"Contenidos El Regional\" \/>\n\t<meta name=\"twitter:label2\" content=\"Tiempo de lectura\" \/>\n\t<meta name=\"twitter:data2\" content=\"3 minutos\" \/>\n<script type=\"application\/ld+json\" class=\"yoast-schema-graph\">{\"@context\":\"https:\/\/schema.org\",\"@graph\":[{\"@type\":\"Article\",\"@id\":\"https:\/\/elregionalvm.com.ar\/noticias-villa-maria\/desafios-y-oportunidades-de-la-agricultura-ejes-de-la-capacitacion-en-villa-maria%ef%bf%bc\/#article\",\"isPartOf\":{\"@id\":\"https:\/\/elregionalvm.com.ar\/noticias-villa-maria\/desafios-y-oportunidades-de-la-agricultura-ejes-de-la-capacitacion-en-villa-maria%ef%bf%bc\/\"},\"author\":{\"name\":\"Contenidos El Regional\",\"@id\":\"http:\/\/elregionalvm.com.ar\/noticias-villa-maria\/#\/schema\/person\/a0fb9c422317faca23d50163151bc354\"},\"headline\":\"Desaf\u00edos y oportunidades de la agricultura, ejes de la capacitaci\u00f3n en Villa Mar\u00eda\",\"datePublished\":\"2023-11-17T21:58:55+00:00\",\"dateModified\":\"2023-11-18T03:32:32+00:00\",\"mainEntityOfPage\":{\"@id\":\"https:\/\/elregionalvm.com.ar\/noticias-villa-maria\/desafios-y-oportunidades-de-la-agricultura-ejes-de-la-capacitacion-en-villa-maria%ef%bf%bc\/\"},\"wordCount\":506,\"commentCount\":0,\"image\":{\"@id\":\"https:\/\/elregionalvm.com.ar\/noticias-villa-maria\/desafios-y-oportunidades-de-la-agricultura-ejes-de-la-capacitacion-en-villa-maria%ef%bf%bc\/#primaryimage\"},\"thumbnailUrl\":\"https:\/\/i0.wp.com\/elregionalvm.com.ar\/noticias-villa-maria\/wp-content\/uploads\/2023\/11\/WhatsApp-Image-2023-11-16-at-07.04.01-scaled-e1700149608995.jpeg?fit=993%2C748&ssl=1\",\"articleSection\":[\"Provinciales\",\"Sociedad\",\"Villa Mar\u00eda\"],\"inLanguage\":\"es\",\"potentialAction\":[{\"@type\":\"CommentAction\",\"name\":\"Comment\",\"target\":[\"https:\/\/elregionalvm.com.ar\/noticias-villa-maria\/desafios-y-oportunidades-de-la-agricultura-ejes-de-la-capacitacion-en-villa-maria%ef%bf%bc\/#respond\"]}]},{\"@type\":\"WebPage\",\"@id\":\"https:\/\/elregionalvm.com.ar\/noticias-villa-maria\/desafios-y-oportunidades-de-la-agricultura-ejes-de-la-capacitacion-en-villa-maria%ef%bf%bc\/\",\"url\":\"https:\/\/elregionalvm.com.ar\/noticias-villa-maria\/desafios-y-oportunidades-de-la-agricultura-ejes-de-la-capacitacion-en-villa-maria%ef%bf%bc\/\",\"name\":\"Desaf\u00edos y oportunidades de la agricultura, ejes de la capacitaci\u00f3n en Villa Mar\u00eda - El Regional\",\"isPartOf\":{\"@id\":\"http:\/\/elregionalvm.com.ar\/noticias-villa-maria\/#website\"},\"primaryImageOfPage\":{\"@id\":\"https:\/\/elregionalvm.com.ar\/noticias-villa-maria\/desafios-y-oportunidades-de-la-agricultura-ejes-de-la-capacitacion-en-villa-maria%ef%bf%bc\/#primaryimage\"},\"image\":{\"@id\":\"https:\/\/elregionalvm.com.ar\/noticias-villa-maria\/desafios-y-oportunidades-de-la-agricultura-ejes-de-la-capacitacion-en-villa-maria%ef%bf%bc\/#primaryimage\"},\"thumbnailUrl\":\"https:\/\/i0.wp.com\/elregionalvm.com.ar\/noticias-villa-maria\/wp-content\/uploads\/2023\/11\/WhatsApp-Image-2023-11-16-at-07.04.01-scaled-e1700149608995.jpeg?fit=993%2C748&ssl=1\",\"datePublished\":\"2023-11-17T21:58:55+00:00\",\"dateModified\":\"2023-11-18T03:32:32+00:00\",\"author\":{\"@id\":\"http:\/\/elregionalvm.com.ar\/noticias-villa-maria\/#\/schema\/person\/a0fb9c422317faca23d50163151bc354\"},\"breadcrumb\":{\"@id\":\"https:\/\/elregionalvm.com.ar\/noticias-villa-maria\/desafios-y-oportunidades-de-la-agricultura-ejes-de-la-capacitacion-en-villa-maria%ef%bf%bc\/#breadcrumb\"},\"inLanguage\":\"es\",\"potentialAction\":[{\"@type\":\"ReadAction\",\"target\":[\"https:\/\/elregionalvm.com.ar\/noticias-villa-maria\/desafios-y-oportunidades-de-la-agricultura-ejes-de-la-capacitacion-en-villa-maria%ef%bf%bc\/\"]}]},{\"@type\":\"ImageObject\",\"inLanguage\":\"es\",\"@id\":\"https:\/\/elregionalvm.com.ar\/noticias-villa-maria\/desafios-y-oportunidades-de-la-agricultura-ejes-de-la-capacitacion-en-villa-maria%ef%bf%bc\/#primaryimage\",\"url\":\"https:\/\/i0.wp.com\/elregionalvm.com.ar\/noticias-villa-maria\/wp-content\/uploads\/2023\/11\/WhatsApp-Image-2023-11-16-at-07.04.01-scaled-e1700149608995.jpeg?fit=993%2C748&ssl=1\",\"contentUrl\":\"https:\/\/i0.wp.com\/elregionalvm.com.ar\/noticias-villa-maria\/wp-content\/uploads\/2023\/11\/WhatsApp-Image-2023-11-16-at-07.04.01-scaled-e1700149608995.jpeg?fit=993%2C748&ssl=1\",\"width\":993,\"height\":748},{\"@type\":\"BreadcrumbList\",\"@id\":\"https:\/\/elregionalvm.com.ar\/noticias-villa-maria\/desafios-y-oportunidades-de-la-agricultura-ejes-de-la-capacitacion-en-villa-maria%ef%bf%bc\/#breadcrumb\",\"itemListElement\":[{\"@type\":\"ListItem\",\"position\":1,\"name\":\"Portada\",\"item\":\"https:\/\/elregionalvm.com.ar\/noticias-villa-maria\/\"},{\"@type\":\"ListItem\",\"position\":2,\"name\":\"Desaf\u00edos y oportunidades de la agricultura, ejes de la capacitaci\u00f3n en Villa Mar\u00eda\"}]},{\"@type\":\"WebSite\",\"@id\":\"http:\/\/elregionalvm.com.ar\/noticias-villa-maria\/#website\",\"url\":\"http:\/\/elregionalvm.com.ar\/noticias-villa-maria\/\",\"name\":\"El Regional\",\"description\":\"Mucho m\u00e1s que informaci\u00f3n\",\"potentialAction\":[{\"@type\":\"SearchAction\",\"target\":{\"@type\":\"EntryPoint\",\"urlTemplate\":\"http:\/\/elregionalvm.com.ar\/noticias-villa-maria\/?s={search_term_string}\"},\"query-input\":{\"@type\":\"PropertyValueSpecification\",\"valueRequired\":true,\"valueName\":\"search_term_string\"}}],\"inLanguage\":\"es\"},{\"@type\":\"Person\",\"@id\":\"http:\/\/elregionalvm.com.ar\/noticias-villa-maria\/#\/schema\/person\/a0fb9c422317faca23d50163151bc354\",\"name\":\"Contenidos El Regional\",\"image\":{\"@type\":\"ImageObject\",\"inLanguage\":\"es\",\"@id\":\"http:\/\/elregionalvm.com.ar\/noticias-villa-maria\/#\/schema\/person\/image\/\",\"url\":\"https:\/\/secure.gravatar.com\/avatar\/265b27cb2209af7bb3a1318f03305787d7981a5cc6e6cd08fe5a4ecdf99d4b48?s=96&d=mm&r=g\",\"contentUrl\":\"https:\/\/secure.gravatar.com\/avatar\/265b27cb2209af7bb3a1318f03305787d7981a5cc6e6cd08fe5a4ecdf99d4b48?s=96&d=mm&r=g\",\"caption\":\"Contenidos El Regional\"},\"url\":\"https:\/\/elregionalvm.com.ar\/noticias-villa-maria\/author\/contenido\/\"}]}<\/script>\n<!-- \/ Yoast SEO plugin. -->","yoast_head_json":{"title":"Desaf\u00edos y oportunidades de la agricultura, ejes de la capacitaci\u00f3n en Villa Mar\u00eda - El Regional","robots":{"index":"index","follow":"follow","max-snippet":"max-snippet:-1","max-image-preview":"max-image-preview:large","max-video-preview":"max-video-preview:-1"},"canonical":"https:\/\/elregionalvm.com.ar\/noticias-villa-maria\/desafios-y-oportunidades-de-la-agricultura-ejes-de-la-capacitacion-en-villa-maria\ufffc\/","og_locale":"es_ES","og_type":"article","og_title":"Desaf\u00edos y oportunidades de la agricultura, ejes de la capacitaci\u00f3n en Villa Mar\u00eda - El Regional","og_description":"En el auditorio de la Universidad Nacional de Villa Mar\u00eda (UNVM), se realiz\u00f3 la jornada&nbsp;\u201cLa agricultura como sistema: desaf\u00edos y oportunidades\u201d,&nbsp;con foco en mostrar el cambio y los desaf\u00edos que enfrenta la producci\u00f3n agr\u00edcola, basado en un sistema sustentable en lo econ\u00f3mico, social y medioambiental; alineado a los Objetivos de Desarrollo Sostenible (ODS). La jornada, [&hellip;]","og_url":"https:\/\/elregionalvm.com.ar\/noticias-villa-maria\/desafios-y-oportunidades-de-la-agricultura-ejes-de-la-capacitacion-en-villa-maria\ufffc\/","og_site_name":"El Regional","article_publisher":"https:\/\/www.facebook.com\/elregionalvm","article_published_time":"2023-11-17T21:58:55+00:00","article_modified_time":"2023-11-18T03:32:32+00:00","og_image":[{"width":993,"height":748,"url":"https:\/\/elregionalvm.com.ar\/noticias-villa-maria\/wp-content\/uploads\/2023\/11\/WhatsApp-Image-2023-11-16-at-07.04.01-scaled-e1700149608995.jpeg","type":"image\/jpeg"}],"author":"Contenidos El Regional","twitter_card":"summary_large_image","twitter_creator":"@elregionalvm1","twitter_site":"@elregionalvm1","twitter_misc":{"Escrito por":"Contenidos El Regional","Tiempo de lectura":"3 minutos"},"schema":{"@context":"https:\/\/schema.org","@graph":[{"@type":"Article","@id":"https:\/\/elregionalvm.com.ar\/noticias-villa-maria\/desafios-y-oportunidades-de-la-agricultura-ejes-de-la-capacitacion-en-villa-maria%ef%bf%bc\/#article","isPartOf":{"@id":"https:\/\/elregionalvm.com.ar\/noticias-villa-maria\/desafios-y-oportunidades-de-la-agricultura-ejes-de-la-capacitacion-en-villa-maria%ef%bf%bc\/"},"author":{"name":"Contenidos El Regional","@id":"http:\/\/elregionalvm.com.ar\/noticias-villa-maria\/#\/schema\/person\/a0fb9c422317faca23d50163151bc354"},"headline":"Desaf\u00edos y oportunidades de la agricultura, ejes de la capacitaci\u00f3n en Villa Mar\u00eda","datePublished":"2023-11-17T21:58:55+00:00","dateModified":"2023-11-18T03:32:32+00:00","mainEntityOfPage":{"@id":"https:\/\/elregionalvm.com.ar\/noticias-villa-maria\/desafios-y-oportunidades-de-la-agricultura-ejes-de-la-capacitacion-en-villa-maria%ef%bf%bc\/"},"wordCount":506,"commentCount":0,"image":{"@id":"https:\/\/elregionalvm.com.ar\/noticias-villa-maria\/desafios-y-oportunidades-de-la-agricultura-ejes-de-la-capacitacion-en-villa-maria%ef%bf%bc\/#primaryimage"},"thumbnailUrl":"https:\/\/i0.wp.com\/elregionalvm.com.ar\/noticias-villa-maria\/wp-content\/uploads\/2023\/11\/WhatsApp-Image-2023-11-16-at-07.04.01-scaled-e1700149608995.jpeg?fit=993%2C748&ssl=1","articleSection":["Provinciales","Sociedad","Villa Mar\u00eda"],"inLanguage":"es","potentialAction":[{"@type":"CommentAction","name":"Comment","target":["https:\/\/elregionalvm.com.ar\/noticias-villa-maria\/desafios-y-oportunidades-de-la-agricultura-ejes-de-la-capacitacion-en-villa-maria%ef%bf%bc\/#respond"]}]},{"@type":"WebPage","@id":"https:\/\/elregionalvm.com.ar\/noticias-villa-maria\/desafios-y-oportunidades-de-la-agricultura-ejes-de-la-capacitacion-en-villa-maria%ef%bf%bc\/","url":"https:\/\/elregionalvm.com.ar\/noticias-villa-maria\/desafios-y-oportunidades-de-la-agricultura-ejes-de-la-capacitacion-en-villa-maria%ef%bf%bc\/","name":"Desaf\u00edos y oportunidades de la agricultura, ejes de la capacitaci\u00f3n en Villa Mar\u00eda - El Regional","isPartOf":{"@id":"http:\/\/elregionalvm.com.ar\/noticias-villa-maria\/#website"},"primaryImageOfPage":{"@id":"https:\/\/elregionalvm.com.ar\/noticias-villa-maria\/desafios-y-oportunidades-de-la-agricultura-ejes-de-la-capacitacion-en-villa-maria%ef%bf%bc\/#primaryimage"},"image":{"@id":"https:\/\/elregionalvm.com.ar\/noticias-villa-maria\/desafios-y-oportunidades-de-la-agricultura-ejes-de-la-capacitacion-en-villa-maria%ef%bf%bc\/#primaryimage"},"thumbnailUrl":"https:\/\/i0.wp.com\/elregionalvm.com.ar\/noticias-villa-maria\/wp-content\/uploads\/2023\/11\/WhatsApp-Image-2023-11-16-at-07.04.01-scaled-e1700149608995.jpeg?fit=993%2C748&ssl=1","datePublished":"2023-11-17T21:58:55+00:00","dateModified":"2023-11-18T03:32:32+00:00","author":{"@id":"http:\/\/elregionalvm.com.ar\/noticias-villa-maria\/#\/schema\/person\/a0fb9c422317faca23d50163151bc354"},"breadcrumb":{"@id":"https:\/\/elregionalvm.com.ar\/noticias-villa-maria\/desafios-y-oportunidades-de-la-agricultura-ejes-de-la-capacitacion-en-villa-maria%ef%bf%bc\/#breadcrumb"},"inLanguage":"es","potentialAction":[{"@type":"ReadAction","target":["https:\/\/elregionalvm.com.ar\/noticias-villa-maria\/desafios-y-oportunidades-de-la-agricultura-ejes-de-la-capacitacion-en-villa-maria%ef%bf%bc\/"]}]},{"@type":"ImageObject","inLanguage":"es","@id":"https:\/\/elregionalvm.com.ar\/noticias-villa-maria\/desafios-y-oportunidades-de-la-agricultura-ejes-de-la-capacitacion-en-villa-maria%ef%bf%bc\/#primaryimage","url":"https:\/\/i0.wp.com\/elregionalvm.com.ar\/noticias-villa-maria\/wp-content\/uploads\/2023\/11\/WhatsApp-Image-2023-11-16-at-07.04.01-scaled-e1700149608995.jpeg?fit=993%2C748&ssl=1","contentUrl":"https:\/\/i0.wp.com\/elregionalvm.com.ar\/noticias-villa-maria\/wp-content\/uploads\/2023\/11\/WhatsApp-Image-2023-11-16-at-07.04.01-scaled-e1700149608995.jpeg?fit=993%2C748&ssl=1","width":993,"height":748},{"@type":"BreadcrumbList","@id":"https:\/\/elregionalvm.com.ar\/noticias-villa-maria\/desafios-y-oportunidades-de-la-agricultura-ejes-de-la-capacitacion-en-villa-maria%ef%bf%bc\/#breadcrumb","itemListElement":[{"@type":"ListItem","position":1,"name":"Portada","item":"https:\/\/elregionalvm.com.ar\/noticias-villa-maria\/"},{"@type":"ListItem","position":2,"name":"Desaf\u00edos y oportunidades de la agricultura, ejes de la capacitaci\u00f3n en Villa Mar\u00eda"}]},{"@type":"WebSite","@id":"http:\/\/elregionalvm.com.ar\/noticias-villa-maria\/#website","url":"http:\/\/elregionalvm.com.ar\/noticias-villa-maria\/","name":"El Regional","description":"Mucho m\u00e1s que informaci\u00f3n","potentialAction":[{"@type":"SearchAction","target":{"@type":"EntryPoint","urlTemplate":"http:\/\/elregionalvm.com.ar\/noticias-villa-maria\/?s={search_term_string}"},"query-input":{"@type":"PropertyValueSpecification","valueRequired":true,"valueName":"search_term_string"}}],"inLanguage":"es"},{"@type":"Person","@id":"http:\/\/elregionalvm.com.ar\/noticias-villa-maria\/#\/schema\/person\/a0fb9c422317faca23d50163151bc354","name":"Contenidos El Regional","image":{"@type":"ImageObject","inLanguage":"es","@id":"http:\/\/elregionalvm.com.ar\/noticias-villa-maria\/#\/schema\/person\/image\/","url":"https:\/\/secure.gravatar.com\/avatar\/265b27cb2209af7bb3a1318f03305787d7981a5cc6e6cd08fe5a4ecdf99d4b48?s=96&d=mm&r=g","contentUrl":"https:\/\/secure.gravatar.com\/avatar\/265b27cb2209af7bb3a1318f03305787d7981a5cc6e6cd08fe5a4ecdf99d4b48?s=96&d=mm&r=g","caption":"Contenidos El Regional"},"url":"https:\/\/elregionalvm.com.ar\/noticias-villa-maria\/author\/contenido\/"}]}},"jetpack_featured_media_url":"https:\/\/i0.wp.com\/elregionalvm.com.ar\/noticias-villa-maria\/wp-content\/uploads\/2023\/11\/WhatsApp-Image-2023-11-16-at-07.04.01-scaled-e1700149608995.jpeg?fit=993%2C748&ssl=1","jetpack_sharing_enabled":true,"_links":{"self":[{"href":"https:\/\/elregionalvm.com.ar\/noticias-villa-maria\/wp-json\/wp\/v2\/posts\/85983","targetHints":{"allow":["GET"]}}],"collection":[{"href":"https:\/\/elregionalvm.com.ar\/noticias-villa-maria\/wp-json\/wp\/v2\/posts"}],"about":[{"href":"https:\/\/elregionalvm.com.ar\/noticias-villa-maria\/wp-json\/wp\/v2\/types\/post"}],"author":[{"embeddable":true,"href":"https:\/\/elregionalvm.com.ar\/noticias-villa-maria\/wp-json\/wp\/v2\/users\/4"}],"replies":[{"embeddable":true,"href":"https:\/\/elregionalvm.com.ar\/noticias-villa-maria\/wp-json\/wp\/v2\/comments?post=85983"}],"version-history":[{"count":2,"href":"https:\/\/elregionalvm.com.ar\/noticias-villa-maria\/wp-json\/wp\/v2\/posts\/85983\/revisions"}],"predecessor-version":[{"id":86004,"href":"https:\/\/elregionalvm.com.ar\/noticias-villa-maria\/wp-json\/wp\/v2\/posts\/85983\/revisions\/86004"}],"wp:featuredmedia":[{"embeddable":true,"href":"https:\/\/elregionalvm.com.ar\/noticias-villa-maria\/wp-json\/wp\/v2\/media\/85985"}],"wp:attachment":[{"href":"https:\/\/elregionalvm.com.ar\/noticias-villa-maria\/wp-json\/wp\/v2\/media?parent=85983"}],"wp:term":[{"taxonomy":"category","embeddable":true,"href":"https:\/\/elregionalvm.com.ar\/noticias-villa-maria\/wp-json\/wp\/v2\/categories?post=85983"},{"taxonomy":"post_tag","embeddable":true,"href":"https:\/\/elregionalvm.com.ar\/noticias-villa-maria\/wp-json\/wp\/v2\/tags?post=85983"}],"curies":[{"name":"wp","href":"https:\/\/api.w.org\/{rel}","templated":true}]}}