{"id":86009,"date":"2023-11-18T14:04:54","date_gmt":"2023-11-18T14:04:54","guid":{"rendered":"https:\/\/elregionalvm.com.ar\/noticias-villa-maria\/?p=86009"},"modified":"2023-11-18T14:04:56","modified_gmt":"2023-11-18T14:04:56","slug":"emprendedores-locales-participaron-de-una-jornada-de-salud-ocupacional","status":"publish","type":"post","link":"https:\/\/elregionalvm.com.ar\/noticias-villa-maria\/emprendedores-locales-participaron-de-una-jornada-de-salud-ocupacional\/","title":{"rendered":"Emprendedores locales participaron de una jornada de Salud Ocupacional"},"content":{"rendered":"\n<p>El auditorio de la Medioteca recibi\u00f3 a casi un centenar de emprendedores locales para capacitarse en una jornada de Salud Ocupacional. El taller se dio en el marco de un convenio firmado oportunamente entre el municipio y la Universidad Nacional de Villa Mar\u00eda.<\/p>\n\n\n\n<p>En ese sentido, alumnos y alumnas de la carrera licenciatura en Terapia Ocupacional, espec\u00edficamente de la asignatura Pr\u00e1ctica Preprofesional IV, presentaron en conjunto con la Oficina de Empleo del municipio, una propuesta cuyo objetivo fue brindar herramientas a trabajadores independientes en cuanto al cuidado de la ciudad en su propios emprendimientos, reforzando medidas y elementos de seguridad.<\/p>\n\n\n\n<p>El taller fue propicio tambi\u00e9n, para presentar los casos abordados de manera individual. As\u00ed, se realizaron intervenciones en sus puestos de trabajo y asesor\u00eda en cuanto a ergonom\u00eda para prevenir enfermedades profesionales y disminuir riesgos.<\/p>\n","protected":false},"excerpt":{"rendered":"<p>El auditorio de la Medioteca recibi\u00f3 a casi un centenar de emprendedores locales para capacitarse en una jornada de Salud Ocupacional. El taller se dio en el marco de un convenio firmado oportunamente entre el municipio y la Universidad Nacional de Villa Mar\u00eda. En ese sentido, alumnos y alumnas de la carrera licenciatura en Terapia [&hellip;]<\/p>\n","protected":false},"author":4,"featured_media":86010,"comment_status":"open","ping_status":"open","sticky":false,"template":"","format":"standard","meta":{"site-sidebar-layout":"default","site-content-layout":"","ast-site-content-layout":"default","site-content-style":"default","site-sidebar-style":"default","ast-global-header-display":"","ast-banner-title-visibility":"","ast-main-header-display":"","ast-hfb-above-header-display":"","ast-hfb-below-header-display":"","ast-hfb-mobile-header-display":"","site-post-title":"","ast-breadcrumbs-content":"","ast-featured-img":"","footer-sml-layout":"","ast-disable-related-posts":"","theme-transparent-header-meta":"","adv-header-id-meta":"","stick-header-meta":"","header-above-stick-meta":"","header-main-stick-meta":"","header-below-stick-meta":"","astra-migrate-meta-layouts":"set","ast-page-background-enabled":"default","ast-page-background-meta":{"desktop":{"background-color":"","background-image":"","background-repeat":"repeat","background-position":"center center","background-size":"auto","background-attachment":"scroll","background-type":"","background-media":"","overlay-type":"","overlay-color":"","overlay-opacity":"","overlay-gradient":""},"tablet":{"background-color":"","background-image":"","background-repeat":"repeat","background-position":"center center","background-size":"auto","background-attachment":"scroll","background-type":"","background-media":"","overlay-type":"","overlay-color":"","overlay-opacity":"","overlay-gradient":""},"mobile":{"background-color":"","background-image":"","background-repeat":"repeat","background-position":"center center","background-size":"auto","background-attachment":"scroll","background-type":"","background-media":"","overlay-type":"","overlay-color":"","overlay-opacity":"","overlay-gradient":""}},"ast-content-background-meta":{"desktop":{"background-color":"var(--ast-global-color-5)","background-image":"","background-repeat":"repeat","background-position":"center center","background-size":"auto","background-attachment":"scroll","background-type":"","background-media":"","overlay-type":"","overlay-color":"","overlay-opacity":"","overlay-gradient":""},"tablet":{"background-color":"var(--ast-global-color-5)","background-image":"","background-repeat":"repeat","background-position":"center center","background-size":"auto","background-attachment":"scroll","background-type":"","background-media":"","overlay-type":"","overlay-color":"","overlay-opacity":"","overlay-gradient":""},"mobile":{"background-color":"var(--ast-global-color-5)","background-image":"","background-repeat":"repeat","background-position":"center center","background-size":"auto","background-attachment":"scroll","background-type":"","background-media":"","overlay-type":"","overlay-color":"","overlay-opacity":"","overlay-gradient":""}},"_jetpack_memberships_contains_paid_content":false,"_joinchat":[],"footnotes":""},"categories":[15302,5,2],"tags":[],"class_list":["post-86009","post","type-post","status-publish","format-standard","has-post-thumbnail","hentry","category-destacado","category-sociedad","category-villa-maria"],"yoast_head":"<!-- This site is optimized with the Yoast SEO plugin v26.8 - https:\/\/yoast.com\/product\/yoast-seo-wordpress\/ -->\n<title>Emprendedores locales participaron de una jornada de Salud Ocupacional - El Regional<\/title>\n<meta name=\"robots\" content=\"index, follow, max-snippet:-1, max-image-preview:large, max-video-preview:-1\" \/>\n<link rel=\"canonical\" href=\"https:\/\/elregionalvm.com.ar\/noticias-villa-maria\/emprendedores-locales-participaron-de-una-jornada-de-salud-ocupacional\/\" \/>\n<meta property=\"og:locale\" content=\"es_ES\" \/>\n<meta property=\"og:type\" content=\"article\" \/>\n<meta property=\"og:title\" content=\"Emprendedores locales participaron de una jornada de Salud Ocupacional - El Regional\" \/>\n<meta property=\"og:description\" content=\"El auditorio de la Medioteca recibi\u00f3 a casi un centenar de emprendedores locales para capacitarse en una jornada de Salud Ocupacional. El taller se dio en el marco de un convenio firmado oportunamente entre el municipio y la Universidad Nacional de Villa Mar\u00eda. En ese sentido, alumnos y alumnas de la carrera licenciatura en Terapia [&hellip;]\" \/>\n<meta property=\"og:url\" content=\"https:\/\/elregionalvm.com.ar\/noticias-villa-maria\/emprendedores-locales-participaron-de-una-jornada-de-salud-ocupacional\/\" \/>\n<meta property=\"og:site_name\" content=\"El Regional\" \/>\n<meta property=\"article:publisher\" content=\"https:\/\/www.facebook.com\/elregionalvm\" \/>\n<meta property=\"article:published_time\" content=\"2023-11-18T14:04:54+00:00\" \/>\n<meta property=\"article:modified_time\" content=\"2023-11-18T14:04:56+00:00\" \/>\n<meta property=\"og:image\" content=\"https:\/\/elregionalvm.com.ar\/noticias-villa-maria\/wp-content\/uploads\/2023\/11\/WhatsApp-Image-2023-11-18-at-10.52.57.jpeg\" \/>\n\t<meta property=\"og:image:width\" content=\"1199\" \/>\n\t<meta property=\"og:image:height\" content=\"712\" \/>\n\t<meta property=\"og:image:type\" content=\"image\/jpeg\" \/>\n<meta name=\"author\" content=\"Contenidos El Regional\" \/>\n<meta name=\"twitter:card\" content=\"summary_large_image\" \/>\n<meta name=\"twitter:creator\" content=\"@elregionalvm1\" \/>\n<meta name=\"twitter:site\" content=\"@elregionalvm1\" \/>\n<meta name=\"twitter:label1\" content=\"Escrito por\" \/>\n\t<meta name=\"twitter:data1\" content=\"Contenidos El Regional\" \/>\n\t<meta name=\"twitter:label2\" content=\"Tiempo de lectura\" \/>\n\t<meta name=\"twitter:data2\" content=\"1 minuto\" \/>\n<script type=\"application\/ld+json\" class=\"yoast-schema-graph\">{\"@context\":\"https:\/\/schema.org\",\"@graph\":[{\"@type\":\"Article\",\"@id\":\"https:\/\/elregionalvm.com.ar\/noticias-villa-maria\/emprendedores-locales-participaron-de-una-jornada-de-salud-ocupacional\/#article\",\"isPartOf\":{\"@id\":\"https:\/\/elregionalvm.com.ar\/noticias-villa-maria\/emprendedores-locales-participaron-de-una-jornada-de-salud-ocupacional\/\"},\"author\":{\"name\":\"Contenidos El Regional\",\"@id\":\"http:\/\/elregionalvm.com.ar\/noticias-villa-maria\/#\/schema\/person\/a0fb9c422317faca23d50163151bc354\"},\"headline\":\"Emprendedores locales participaron de una jornada de Salud Ocupacional\",\"datePublished\":\"2023-11-18T14:04:54+00:00\",\"dateModified\":\"2023-11-18T14:04:56+00:00\",\"mainEntityOfPage\":{\"@id\":\"https:\/\/elregionalvm.com.ar\/noticias-villa-maria\/emprendedores-locales-participaron-de-una-jornada-de-salud-ocupacional\/\"},\"wordCount\":150,\"commentCount\":0,\"image\":{\"@id\":\"https:\/\/elregionalvm.com.ar\/noticias-villa-maria\/emprendedores-locales-participaron-de-una-jornada-de-salud-ocupacional\/#primaryimage\"},\"thumbnailUrl\":\"https:\/\/i0.wp.com\/elregionalvm.com.ar\/noticias-villa-maria\/wp-content\/uploads\/2023\/11\/WhatsApp-Image-2023-11-18-at-10.52.57.jpeg?fit=1199%2C712&ssl=1\",\"articleSection\":[\"destacado\",\"Sociedad\",\"Villa Mar\u00eda\"],\"inLanguage\":\"es\",\"potentialAction\":[{\"@type\":\"CommentAction\",\"name\":\"Comment\",\"target\":[\"https:\/\/elregionalvm.com.ar\/noticias-villa-maria\/emprendedores-locales-participaron-de-una-jornada-de-salud-ocupacional\/#respond\"]}]},{\"@type\":\"WebPage\",\"@id\":\"https:\/\/elregionalvm.com.ar\/noticias-villa-maria\/emprendedores-locales-participaron-de-una-jornada-de-salud-ocupacional\/\",\"url\":\"https:\/\/elregionalvm.com.ar\/noticias-villa-maria\/emprendedores-locales-participaron-de-una-jornada-de-salud-ocupacional\/\",\"name\":\"Emprendedores locales participaron de una jornada de Salud Ocupacional - El Regional\",\"isPartOf\":{\"@id\":\"http:\/\/elregionalvm.com.ar\/noticias-villa-maria\/#website\"},\"primaryImageOfPage\":{\"@id\":\"https:\/\/elregionalvm.com.ar\/noticias-villa-maria\/emprendedores-locales-participaron-de-una-jornada-de-salud-ocupacional\/#primaryimage\"},\"image\":{\"@id\":\"https:\/\/elregionalvm.com.ar\/noticias-villa-maria\/emprendedores-locales-participaron-de-una-jornada-de-salud-ocupacional\/#primaryimage\"},\"thumbnailUrl\":\"https:\/\/i0.wp.com\/elregionalvm.com.ar\/noticias-villa-maria\/wp-content\/uploads\/2023\/11\/WhatsApp-Image-2023-11-18-at-10.52.57.jpeg?fit=1199%2C712&ssl=1\",\"datePublished\":\"2023-11-18T14:04:54+00:00\",\"dateModified\":\"2023-11-18T14:04:56+00:00\",\"author\":{\"@id\":\"http:\/\/elregionalvm.com.ar\/noticias-villa-maria\/#\/schema\/person\/a0fb9c422317faca23d50163151bc354\"},\"breadcrumb\":{\"@id\":\"https:\/\/elregionalvm.com.ar\/noticias-villa-maria\/emprendedores-locales-participaron-de-una-jornada-de-salud-ocupacional\/#breadcrumb\"},\"inLanguage\":\"es\",\"potentialAction\":[{\"@type\":\"ReadAction\",\"target\":[\"https:\/\/elregionalvm.com.ar\/noticias-villa-maria\/emprendedores-locales-participaron-de-una-jornada-de-salud-ocupacional\/\"]}]},{\"@type\":\"ImageObject\",\"inLanguage\":\"es\",\"@id\":\"https:\/\/elregionalvm.com.ar\/noticias-villa-maria\/emprendedores-locales-participaron-de-una-jornada-de-salud-ocupacional\/#primaryimage\",\"url\":\"https:\/\/i0.wp.com\/elregionalvm.com.ar\/noticias-villa-maria\/wp-content\/uploads\/2023\/11\/WhatsApp-Image-2023-11-18-at-10.52.57.jpeg?fit=1199%2C712&ssl=1\",\"contentUrl\":\"https:\/\/i0.wp.com\/elregionalvm.com.ar\/noticias-villa-maria\/wp-content\/uploads\/2023\/11\/WhatsApp-Image-2023-11-18-at-10.52.57.jpeg?fit=1199%2C712&ssl=1\",\"width\":1199,\"height\":712},{\"@type\":\"BreadcrumbList\",\"@id\":\"https:\/\/elregionalvm.com.ar\/noticias-villa-maria\/emprendedores-locales-participaron-de-una-jornada-de-salud-ocupacional\/#breadcrumb\",\"itemListElement\":[{\"@type\":\"ListItem\",\"position\":1,\"name\":\"Portada\",\"item\":\"https:\/\/elregionalvm.com.ar\/noticias-villa-maria\/\"},{\"@type\":\"ListItem\",\"position\":2,\"name\":\"Emprendedores locales participaron de una jornada de Salud Ocupacional\"}]},{\"@type\":\"WebSite\",\"@id\":\"http:\/\/elregionalvm.com.ar\/noticias-villa-maria\/#website\",\"url\":\"http:\/\/elregionalvm.com.ar\/noticias-villa-maria\/\",\"name\":\"El Regional\",\"description\":\"Mucho m\u00e1s que informaci\u00f3n\",\"potentialAction\":[{\"@type\":\"SearchAction\",\"target\":{\"@type\":\"EntryPoint\",\"urlTemplate\":\"http:\/\/elregionalvm.com.ar\/noticias-villa-maria\/?s={search_term_string}\"},\"query-input\":{\"@type\":\"PropertyValueSpecification\",\"valueRequired\":true,\"valueName\":\"search_term_string\"}}],\"inLanguage\":\"es\"},{\"@type\":\"Person\",\"@id\":\"http:\/\/elregionalvm.com.ar\/noticias-villa-maria\/#\/schema\/person\/a0fb9c422317faca23d50163151bc354\",\"name\":\"Contenidos El Regional\",\"image\":{\"@type\":\"ImageObject\",\"inLanguage\":\"es\",\"@id\":\"http:\/\/elregionalvm.com.ar\/noticias-villa-maria\/#\/schema\/person\/image\/\",\"url\":\"https:\/\/secure.gravatar.com\/avatar\/265b27cb2209af7bb3a1318f03305787d7981a5cc6e6cd08fe5a4ecdf99d4b48?s=96&d=mm&r=g\",\"contentUrl\":\"https:\/\/secure.gravatar.com\/avatar\/265b27cb2209af7bb3a1318f03305787d7981a5cc6e6cd08fe5a4ecdf99d4b48?s=96&d=mm&r=g\",\"caption\":\"Contenidos El Regional\"},\"url\":\"https:\/\/elregionalvm.com.ar\/noticias-villa-maria\/author\/contenido\/\"}]}<\/script>\n<!-- \/ Yoast SEO plugin. -->","yoast_head_json":{"title":"Emprendedores locales participaron de una jornada de Salud Ocupacional - El Regional","robots":{"index":"index","follow":"follow","max-snippet":"max-snippet:-1","max-image-preview":"max-image-preview:large","max-video-preview":"max-video-preview:-1"},"canonical":"https:\/\/elregionalvm.com.ar\/noticias-villa-maria\/emprendedores-locales-participaron-de-una-jornada-de-salud-ocupacional\/","og_locale":"es_ES","og_type":"article","og_title":"Emprendedores locales participaron de una jornada de Salud Ocupacional - El Regional","og_description":"El auditorio de la Medioteca recibi\u00f3 a casi un centenar de emprendedores locales para capacitarse en una jornada de Salud Ocupacional. El taller se dio en el marco de un convenio firmado oportunamente entre el municipio y la Universidad Nacional de Villa Mar\u00eda. En ese sentido, alumnos y alumnas de la carrera licenciatura en Terapia [&hellip;]","og_url":"https:\/\/elregionalvm.com.ar\/noticias-villa-maria\/emprendedores-locales-participaron-de-una-jornada-de-salud-ocupacional\/","og_site_name":"El Regional","article_publisher":"https:\/\/www.facebook.com\/elregionalvm","article_published_time":"2023-11-18T14:04:54+00:00","article_modified_time":"2023-11-18T14:04:56+00:00","og_image":[{"width":1199,"height":712,"url":"https:\/\/elregionalvm.com.ar\/noticias-villa-maria\/wp-content\/uploads\/2023\/11\/WhatsApp-Image-2023-11-18-at-10.52.57.jpeg","type":"image\/jpeg"}],"author":"Contenidos El Regional","twitter_card":"summary_large_image","twitter_creator":"@elregionalvm1","twitter_site":"@elregionalvm1","twitter_misc":{"Escrito por":"Contenidos El Regional","Tiempo de lectura":"1 minuto"},"schema":{"@context":"https:\/\/schema.org","@graph":[{"@type":"Article","@id":"https:\/\/elregionalvm.com.ar\/noticias-villa-maria\/emprendedores-locales-participaron-de-una-jornada-de-salud-ocupacional\/#article","isPartOf":{"@id":"https:\/\/elregionalvm.com.ar\/noticias-villa-maria\/emprendedores-locales-participaron-de-una-jornada-de-salud-ocupacional\/"},"author":{"name":"Contenidos El Regional","@id":"http:\/\/elregionalvm.com.ar\/noticias-villa-maria\/#\/schema\/person\/a0fb9c422317faca23d50163151bc354"},"headline":"Emprendedores locales participaron de una jornada de Salud Ocupacional","datePublished":"2023-11-18T14:04:54+00:00","dateModified":"2023-11-18T14:04:56+00:00","mainEntityOfPage":{"@id":"https:\/\/elregionalvm.com.ar\/noticias-villa-maria\/emprendedores-locales-participaron-de-una-jornada-de-salud-ocupacional\/"},"wordCount":150,"commentCount":0,"image":{"@id":"https:\/\/elregionalvm.com.ar\/noticias-villa-maria\/emprendedores-locales-participaron-de-una-jornada-de-salud-ocupacional\/#primaryimage"},"thumbnailUrl":"https:\/\/i0.wp.com\/elregionalvm.com.ar\/noticias-villa-maria\/wp-content\/uploads\/2023\/11\/WhatsApp-Image-2023-11-18-at-10.52.57.jpeg?fit=1199%2C712&ssl=1","articleSection":["destacado","Sociedad","Villa Mar\u00eda"],"inLanguage":"es","potentialAction":[{"@type":"CommentAction","name":"Comment","target":["https:\/\/elregionalvm.com.ar\/noticias-villa-maria\/emprendedores-locales-participaron-de-una-jornada-de-salud-ocupacional\/#respond"]}]},{"@type":"WebPage","@id":"https:\/\/elregionalvm.com.ar\/noticias-villa-maria\/emprendedores-locales-participaron-de-una-jornada-de-salud-ocupacional\/","url":"https:\/\/elregionalvm.com.ar\/noticias-villa-maria\/emprendedores-locales-participaron-de-una-jornada-de-salud-ocupacional\/","name":"Emprendedores locales participaron de una jornada de Salud Ocupacional - El Regional","isPartOf":{"@id":"http:\/\/elregionalvm.com.ar\/noticias-villa-maria\/#website"},"primaryImageOfPage":{"@id":"https:\/\/elregionalvm.com.ar\/noticias-villa-maria\/emprendedores-locales-participaron-de-una-jornada-de-salud-ocupacional\/#primaryimage"},"image":{"@id":"https:\/\/elregionalvm.com.ar\/noticias-villa-maria\/emprendedores-locales-participaron-de-una-jornada-de-salud-ocupacional\/#primaryimage"},"thumbnailUrl":"https:\/\/i0.wp.com\/elregionalvm.com.ar\/noticias-villa-maria\/wp-content\/uploads\/2023\/11\/WhatsApp-Image-2023-11-18-at-10.52.57.jpeg?fit=1199%2C712&ssl=1","datePublished":"2023-11-18T14:04:54+00:00","dateModified":"2023-11-18T14:04:56+00:00","author":{"@id":"http:\/\/elregionalvm.com.ar\/noticias-villa-maria\/#\/schema\/person\/a0fb9c422317faca23d50163151bc354"},"breadcrumb":{"@id":"https:\/\/elregionalvm.com.ar\/noticias-villa-maria\/emprendedores-locales-participaron-de-una-jornada-de-salud-ocupacional\/#breadcrumb"},"inLanguage":"es","potentialAction":[{"@type":"ReadAction","target":["https:\/\/elregionalvm.com.ar\/noticias-villa-maria\/emprendedores-locales-participaron-de-una-jornada-de-salud-ocupacional\/"]}]},{"@type":"ImageObject","inLanguage":"es","@id":"https:\/\/elregionalvm.com.ar\/noticias-villa-maria\/emprendedores-locales-participaron-de-una-jornada-de-salud-ocupacional\/#primaryimage","url":"https:\/\/i0.wp.com\/elregionalvm.com.ar\/noticias-villa-maria\/wp-content\/uploads\/2023\/11\/WhatsApp-Image-2023-11-18-at-10.52.57.jpeg?fit=1199%2C712&ssl=1","contentUrl":"https:\/\/i0.wp.com\/elregionalvm.com.ar\/noticias-villa-maria\/wp-content\/uploads\/2023\/11\/WhatsApp-Image-2023-11-18-at-10.52.57.jpeg?fit=1199%2C712&ssl=1","width":1199,"height":712},{"@type":"BreadcrumbList","@id":"https:\/\/elregionalvm.com.ar\/noticias-villa-maria\/emprendedores-locales-participaron-de-una-jornada-de-salud-ocupacional\/#breadcrumb","itemListElement":[{"@type":"ListItem","position":1,"name":"Portada","item":"https:\/\/elregionalvm.com.ar\/noticias-villa-maria\/"},{"@type":"ListItem","position":2,"name":"Emprendedores locales participaron de una jornada de Salud Ocupacional"}]},{"@type":"WebSite","@id":"http:\/\/elregionalvm.com.ar\/noticias-villa-maria\/#website","url":"http:\/\/elregionalvm.com.ar\/noticias-villa-maria\/","name":"El Regional","description":"Mucho m\u00e1s que informaci\u00f3n","potentialAction":[{"@type":"SearchAction","target":{"@type":"EntryPoint","urlTemplate":"http:\/\/elregionalvm.com.ar\/noticias-villa-maria\/?s={search_term_string}"},"query-input":{"@type":"PropertyValueSpecification","valueRequired":true,"valueName":"search_term_string"}}],"inLanguage":"es"},{"@type":"Person","@id":"http:\/\/elregionalvm.com.ar\/noticias-villa-maria\/#\/schema\/person\/a0fb9c422317faca23d50163151bc354","name":"Contenidos El Regional","image":{"@type":"ImageObject","inLanguage":"es","@id":"http:\/\/elregionalvm.com.ar\/noticias-villa-maria\/#\/schema\/person\/image\/","url":"https:\/\/secure.gravatar.com\/avatar\/265b27cb2209af7bb3a1318f03305787d7981a5cc6e6cd08fe5a4ecdf99d4b48?s=96&d=mm&r=g","contentUrl":"https:\/\/secure.gravatar.com\/avatar\/265b27cb2209af7bb3a1318f03305787d7981a5cc6e6cd08fe5a4ecdf99d4b48?s=96&d=mm&r=g","caption":"Contenidos El Regional"},"url":"https:\/\/elregionalvm.com.ar\/noticias-villa-maria\/author\/contenido\/"}]}},"jetpack_featured_media_url":"https:\/\/i0.wp.com\/elregionalvm.com.ar\/noticias-villa-maria\/wp-content\/uploads\/2023\/11\/WhatsApp-Image-2023-11-18-at-10.52.57.jpeg?fit=1199%2C712&ssl=1","jetpack_sharing_enabled":true,"_links":{"self":[{"href":"https:\/\/elregionalvm.com.ar\/noticias-villa-maria\/wp-json\/wp\/v2\/posts\/86009","targetHints":{"allow":["GET"]}}],"collection":[{"href":"https:\/\/elregionalvm.com.ar\/noticias-villa-maria\/wp-json\/wp\/v2\/posts"}],"about":[{"href":"https:\/\/elregionalvm.com.ar\/noticias-villa-maria\/wp-json\/wp\/v2\/types\/post"}],"author":[{"embeddable":true,"href":"https:\/\/elregionalvm.com.ar\/noticias-villa-maria\/wp-json\/wp\/v2\/users\/4"}],"replies":[{"embeddable":true,"href":"https:\/\/elregionalvm.com.ar\/noticias-villa-maria\/wp-json\/wp\/v2\/comments?post=86009"}],"version-history":[{"count":1,"href":"https:\/\/elregionalvm.com.ar\/noticias-villa-maria\/wp-json\/wp\/v2\/posts\/86009\/revisions"}],"predecessor-version":[{"id":86011,"href":"https:\/\/elregionalvm.com.ar\/noticias-villa-maria\/wp-json\/wp\/v2\/posts\/86009\/revisions\/86011"}],"wp:featuredmedia":[{"embeddable":true,"href":"https:\/\/elregionalvm.com.ar\/noticias-villa-maria\/wp-json\/wp\/v2\/media\/86010"}],"wp:attachment":[{"href":"https:\/\/elregionalvm.com.ar\/noticias-villa-maria\/wp-json\/wp\/v2\/media?parent=86009"}],"wp:term":[{"taxonomy":"category","embeddable":true,"href":"https:\/\/elregionalvm.com.ar\/noticias-villa-maria\/wp-json\/wp\/v2\/categories?post=86009"},{"taxonomy":"post_tag","embeddable":true,"href":"https:\/\/elregionalvm.com.ar\/noticias-villa-maria\/wp-json\/wp\/v2\/tags?post=86009"}],"curies":[{"name":"wp","href":"https:\/\/api.w.org\/{rel}","templated":true}]}}