{"id":86015,"date":"2023-11-18T14:25:03","date_gmt":"2023-11-18T14:25:03","guid":{"rendered":"https:\/\/elregionalvm.com.ar\/noticias-villa-maria\/?p=86015"},"modified":"2023-11-18T14:25:05","modified_gmt":"2023-11-18T14:25:05","slug":"continua-abierto-el-llamado-para-la-adjudicacion-de-20-licencias-vacantes-de-taxis","status":"publish","type":"post","link":"https:\/\/elregionalvm.com.ar\/noticias-villa-maria\/continua-abierto-el-llamado-para-la-adjudicacion-de-20-licencias-vacantes-de-taxis\/","title":{"rendered":"Contin\u00faa abierto el llamado para la adjudicaci\u00f3n de 20 licencias vacantes de taxis"},"content":{"rendered":"\n<p>La municipalidad de Villa Mar\u00eda informa que contin\u00faa abierto el llamado para la adjudicaci\u00f3n de 20 licencias vacantes de taxis, con el objetivo de reforzar la flota actual. Cabe recordar que el llamado es exclusivo para aquellos interesados que pongan a disposici\u00f3n unidades cero kil\u00f3metros.<\/p>\n\n\n\n<p>La iniciativa, que busca brindar m\u00e1s oportunidades laborales, es la cuarta que se lleva adelante este a\u00f1o, y prev\u00e9 otorgar licencias que se encuentran vacantes. As\u00ed, los interesados deber\u00e1n cumplir con el requisito de mayor\u00eda de edad, y presentar su certificado de antecedentes y licencia de conducir.<\/p>\n\n\n\n<p>Luego, deber\u00e1n concurrir a la oficina 220 del Palacio Municipal, correspondiente al \u00e1rea de Transporte, para all\u00ed revisar la documentaci\u00f3n solicitada y validar las condiciones requeridas, a los fines de su inscripci\u00f3n.<\/p>\n","protected":false},"excerpt":{"rendered":"<p>La municipalidad de Villa Mar\u00eda informa que contin\u00faa abierto el llamado para la adjudicaci\u00f3n de 20 licencias vacantes de taxis, con el objetivo de reforzar la flota actual. Cabe recordar que el llamado es exclusivo para aquellos interesados que pongan a disposici\u00f3n unidades cero kil\u00f3metros. La iniciativa, que busca brindar m\u00e1s oportunidades laborales, es la [&hellip;]<\/p>\n","protected":false},"author":4,"featured_media":38983,"comment_status":"open","ping_status":"open","sticky":false,"template":"","format":"standard","meta":{"site-sidebar-layout":"default","site-content-layout":"","ast-site-content-layout":"default","site-content-style":"default","site-sidebar-style":"default","ast-global-header-display":"","ast-banner-title-visibility":"","ast-main-header-display":"","ast-hfb-above-header-display":"","ast-hfb-below-header-display":"","ast-hfb-mobile-header-display":"","site-post-title":"","ast-breadcrumbs-content":"","ast-featured-img":"","footer-sml-layout":"","ast-disable-related-posts":"","theme-transparent-header-meta":"","adv-header-id-meta":"","stick-header-meta":"","header-above-stick-meta":"","header-main-stick-meta":"","header-below-stick-meta":"","astra-migrate-meta-layouts":"set","ast-page-background-enabled":"default","ast-page-background-meta":{"desktop":{"background-color":"","background-image":"","background-repeat":"repeat","background-position":"center center","background-size":"auto","background-attachment":"scroll","background-type":"","background-media":"","overlay-type":"","overlay-color":"","overlay-opacity":"","overlay-gradient":""},"tablet":{"background-color":"","background-image":"","background-repeat":"repeat","background-position":"center center","background-size":"auto","background-attachment":"scroll","background-type":"","background-media":"","overlay-type":"","overlay-color":"","overlay-opacity":"","overlay-gradient":""},"mobile":{"background-color":"","background-image":"","background-repeat":"repeat","background-position":"center center","background-size":"auto","background-attachment":"scroll","background-type":"","background-media":"","overlay-type":"","overlay-color":"","overlay-opacity":"","overlay-gradient":""}},"ast-content-background-meta":{"desktop":{"background-color":"var(--ast-global-color-5)","background-image":"","background-repeat":"repeat","background-position":"center center","background-size":"auto","background-attachment":"scroll","background-type":"","background-media":"","overlay-type":"","overlay-color":"","overlay-opacity":"","overlay-gradient":""},"tablet":{"background-color":"var(--ast-global-color-5)","background-image":"","background-repeat":"repeat","background-position":"center center","background-size":"auto","background-attachment":"scroll","background-type":"","background-media":"","overlay-type":"","overlay-color":"","overlay-opacity":"","overlay-gradient":""},"mobile":{"background-color":"var(--ast-global-color-5)","background-image":"","background-repeat":"repeat","background-position":"center center","background-size":"auto","background-attachment":"scroll","background-type":"","background-media":"","overlay-type":"","overlay-color":"","overlay-opacity":"","overlay-gradient":""}},"_jetpack_memberships_contains_paid_content":false,"_joinchat":[],"footnotes":""},"categories":[15302,5,2],"tags":[],"class_list":["post-86015","post","type-post","status-publish","format-standard","has-post-thumbnail","hentry","category-destacado","category-sociedad","category-villa-maria"],"yoast_head":"<!-- This site is optimized with the Yoast SEO plugin v26.8 - https:\/\/yoast.com\/product\/yoast-seo-wordpress\/ -->\n<title>Contin\u00faa abierto el llamado para la adjudicaci\u00f3n de 20 licencias vacantes de taxis - El Regional<\/title>\n<meta name=\"robots\" content=\"index, follow, max-snippet:-1, max-image-preview:large, max-video-preview:-1\" \/>\n<link rel=\"canonical\" href=\"https:\/\/elregionalvm.com.ar\/noticias-villa-maria\/continua-abierto-el-llamado-para-la-adjudicacion-de-20-licencias-vacantes-de-taxis\/\" \/>\n<meta property=\"og:locale\" content=\"es_ES\" \/>\n<meta property=\"og:type\" content=\"article\" \/>\n<meta property=\"og:title\" content=\"Contin\u00faa abierto el llamado para la adjudicaci\u00f3n de 20 licencias vacantes de taxis - El Regional\" \/>\n<meta property=\"og:description\" content=\"La municipalidad de Villa Mar\u00eda informa que contin\u00faa abierto el llamado para la adjudicaci\u00f3n de 20 licencias vacantes de taxis, con el objetivo de reforzar la flota actual. Cabe recordar que el llamado es exclusivo para aquellos interesados que pongan a disposici\u00f3n unidades cero kil\u00f3metros. La iniciativa, que busca brindar m\u00e1s oportunidades laborales, es la [&hellip;]\" \/>\n<meta property=\"og:url\" content=\"https:\/\/elregionalvm.com.ar\/noticias-villa-maria\/continua-abierto-el-llamado-para-la-adjudicacion-de-20-licencias-vacantes-de-taxis\/\" \/>\n<meta property=\"og:site_name\" content=\"El Regional\" \/>\n<meta property=\"article:publisher\" content=\"https:\/\/www.facebook.com\/elregionalvm\" \/>\n<meta property=\"article:published_time\" content=\"2023-11-18T14:25:03+00:00\" \/>\n<meta property=\"article:modified_time\" content=\"2023-11-18T14:25:05+00:00\" \/>\n<meta property=\"og:image\" content=\"https:\/\/elregionalvm.com.ar\/noticias-villa-maria\/wp-content\/uploads\/2021\/06\/taxis-villa-maria-2.jpg\" \/>\n\t<meta property=\"og:image:width\" content=\"792\" \/>\n\t<meta property=\"og:image:height\" content=\"465\" \/>\n\t<meta property=\"og:image:type\" content=\"image\/jpeg\" \/>\n<meta name=\"author\" content=\"Contenidos El Regional\" \/>\n<meta name=\"twitter:card\" content=\"summary_large_image\" \/>\n<meta name=\"twitter:creator\" content=\"@elregionalvm1\" \/>\n<meta name=\"twitter:site\" content=\"@elregionalvm1\" \/>\n<meta name=\"twitter:label1\" content=\"Escrito por\" \/>\n\t<meta name=\"twitter:data1\" content=\"Contenidos El Regional\" \/>\n\t<meta name=\"twitter:label2\" content=\"Tiempo de lectura\" \/>\n\t<meta name=\"twitter:data2\" content=\"1 minuto\" \/>\n<script type=\"application\/ld+json\" class=\"yoast-schema-graph\">{\"@context\":\"https:\/\/schema.org\",\"@graph\":[{\"@type\":\"Article\",\"@id\":\"https:\/\/elregionalvm.com.ar\/noticias-villa-maria\/continua-abierto-el-llamado-para-la-adjudicacion-de-20-licencias-vacantes-de-taxis\/#article\",\"isPartOf\":{\"@id\":\"https:\/\/elregionalvm.com.ar\/noticias-villa-maria\/continua-abierto-el-llamado-para-la-adjudicacion-de-20-licencias-vacantes-de-taxis\/\"},\"author\":{\"name\":\"Contenidos El Regional\",\"@id\":\"http:\/\/elregionalvm.com.ar\/noticias-villa-maria\/#\/schema\/person\/a0fb9c422317faca23d50163151bc354\"},\"headline\":\"Contin\u00faa abierto el llamado para la adjudicaci\u00f3n de 20 licencias vacantes de taxis\",\"datePublished\":\"2023-11-18T14:25:03+00:00\",\"dateModified\":\"2023-11-18T14:25:05+00:00\",\"mainEntityOfPage\":{\"@id\":\"https:\/\/elregionalvm.com.ar\/noticias-villa-maria\/continua-abierto-el-llamado-para-la-adjudicacion-de-20-licencias-vacantes-de-taxis\/\"},\"wordCount\":148,\"commentCount\":0,\"image\":{\"@id\":\"https:\/\/elregionalvm.com.ar\/noticias-villa-maria\/continua-abierto-el-llamado-para-la-adjudicacion-de-20-licencias-vacantes-de-taxis\/#primaryimage\"},\"thumbnailUrl\":\"https:\/\/i0.wp.com\/elregionalvm.com.ar\/noticias-villa-maria\/wp-content\/uploads\/2021\/06\/taxis-villa-maria-2.jpg?fit=792%2C465&ssl=1\",\"articleSection\":[\"destacado\",\"Sociedad\",\"Villa Mar\u00eda\"],\"inLanguage\":\"es\",\"potentialAction\":[{\"@type\":\"CommentAction\",\"name\":\"Comment\",\"target\":[\"https:\/\/elregionalvm.com.ar\/noticias-villa-maria\/continua-abierto-el-llamado-para-la-adjudicacion-de-20-licencias-vacantes-de-taxis\/#respond\"]}]},{\"@type\":\"WebPage\",\"@id\":\"https:\/\/elregionalvm.com.ar\/noticias-villa-maria\/continua-abierto-el-llamado-para-la-adjudicacion-de-20-licencias-vacantes-de-taxis\/\",\"url\":\"https:\/\/elregionalvm.com.ar\/noticias-villa-maria\/continua-abierto-el-llamado-para-la-adjudicacion-de-20-licencias-vacantes-de-taxis\/\",\"name\":\"Contin\u00faa abierto el llamado para la adjudicaci\u00f3n de 20 licencias vacantes de taxis - El Regional\",\"isPartOf\":{\"@id\":\"http:\/\/elregionalvm.com.ar\/noticias-villa-maria\/#website\"},\"primaryImageOfPage\":{\"@id\":\"https:\/\/elregionalvm.com.ar\/noticias-villa-maria\/continua-abierto-el-llamado-para-la-adjudicacion-de-20-licencias-vacantes-de-taxis\/#primaryimage\"},\"image\":{\"@id\":\"https:\/\/elregionalvm.com.ar\/noticias-villa-maria\/continua-abierto-el-llamado-para-la-adjudicacion-de-20-licencias-vacantes-de-taxis\/#primaryimage\"},\"thumbnailUrl\":\"https:\/\/i0.wp.com\/elregionalvm.com.ar\/noticias-villa-maria\/wp-content\/uploads\/2021\/06\/taxis-villa-maria-2.jpg?fit=792%2C465&ssl=1\",\"datePublished\":\"2023-11-18T14:25:03+00:00\",\"dateModified\":\"2023-11-18T14:25:05+00:00\",\"author\":{\"@id\":\"http:\/\/elregionalvm.com.ar\/noticias-villa-maria\/#\/schema\/person\/a0fb9c422317faca23d50163151bc354\"},\"breadcrumb\":{\"@id\":\"https:\/\/elregionalvm.com.ar\/noticias-villa-maria\/continua-abierto-el-llamado-para-la-adjudicacion-de-20-licencias-vacantes-de-taxis\/#breadcrumb\"},\"inLanguage\":\"es\",\"potentialAction\":[{\"@type\":\"ReadAction\",\"target\":[\"https:\/\/elregionalvm.com.ar\/noticias-villa-maria\/continua-abierto-el-llamado-para-la-adjudicacion-de-20-licencias-vacantes-de-taxis\/\"]}]},{\"@type\":\"ImageObject\",\"inLanguage\":\"es\",\"@id\":\"https:\/\/elregionalvm.com.ar\/noticias-villa-maria\/continua-abierto-el-llamado-para-la-adjudicacion-de-20-licencias-vacantes-de-taxis\/#primaryimage\",\"url\":\"https:\/\/i0.wp.com\/elregionalvm.com.ar\/noticias-villa-maria\/wp-content\/uploads\/2021\/06\/taxis-villa-maria-2.jpg?fit=792%2C465&ssl=1\",\"contentUrl\":\"https:\/\/i0.wp.com\/elregionalvm.com.ar\/noticias-villa-maria\/wp-content\/uploads\/2021\/06\/taxis-villa-maria-2.jpg?fit=792%2C465&ssl=1\",\"width\":792,\"height\":465},{\"@type\":\"BreadcrumbList\",\"@id\":\"https:\/\/elregionalvm.com.ar\/noticias-villa-maria\/continua-abierto-el-llamado-para-la-adjudicacion-de-20-licencias-vacantes-de-taxis\/#breadcrumb\",\"itemListElement\":[{\"@type\":\"ListItem\",\"position\":1,\"name\":\"Portada\",\"item\":\"https:\/\/elregionalvm.com.ar\/noticias-villa-maria\/\"},{\"@type\":\"ListItem\",\"position\":2,\"name\":\"Contin\u00faa abierto el llamado para la adjudicaci\u00f3n de 20 licencias vacantes de taxis\"}]},{\"@type\":\"WebSite\",\"@id\":\"http:\/\/elregionalvm.com.ar\/noticias-villa-maria\/#website\",\"url\":\"http:\/\/elregionalvm.com.ar\/noticias-villa-maria\/\",\"name\":\"El Regional\",\"description\":\"Mucho m\u00e1s que informaci\u00f3n\",\"potentialAction\":[{\"@type\":\"SearchAction\",\"target\":{\"@type\":\"EntryPoint\",\"urlTemplate\":\"http:\/\/elregionalvm.com.ar\/noticias-villa-maria\/?s={search_term_string}\"},\"query-input\":{\"@type\":\"PropertyValueSpecification\",\"valueRequired\":true,\"valueName\":\"search_term_string\"}}],\"inLanguage\":\"es\"},{\"@type\":\"Person\",\"@id\":\"http:\/\/elregionalvm.com.ar\/noticias-villa-maria\/#\/schema\/person\/a0fb9c422317faca23d50163151bc354\",\"name\":\"Contenidos El Regional\",\"image\":{\"@type\":\"ImageObject\",\"inLanguage\":\"es\",\"@id\":\"http:\/\/elregionalvm.com.ar\/noticias-villa-maria\/#\/schema\/person\/image\/\",\"url\":\"https:\/\/secure.gravatar.com\/avatar\/265b27cb2209af7bb3a1318f03305787d7981a5cc6e6cd08fe5a4ecdf99d4b48?s=96&d=mm&r=g\",\"contentUrl\":\"https:\/\/secure.gravatar.com\/avatar\/265b27cb2209af7bb3a1318f03305787d7981a5cc6e6cd08fe5a4ecdf99d4b48?s=96&d=mm&r=g\",\"caption\":\"Contenidos El Regional\"},\"url\":\"https:\/\/elregionalvm.com.ar\/noticias-villa-maria\/author\/contenido\/\"}]}<\/script>\n<!-- \/ Yoast SEO plugin. -->","yoast_head_json":{"title":"Contin\u00faa abierto el llamado para la adjudicaci\u00f3n de 20 licencias vacantes de taxis - El Regional","robots":{"index":"index","follow":"follow","max-snippet":"max-snippet:-1","max-image-preview":"max-image-preview:large","max-video-preview":"max-video-preview:-1"},"canonical":"https:\/\/elregionalvm.com.ar\/noticias-villa-maria\/continua-abierto-el-llamado-para-la-adjudicacion-de-20-licencias-vacantes-de-taxis\/","og_locale":"es_ES","og_type":"article","og_title":"Contin\u00faa abierto el llamado para la adjudicaci\u00f3n de 20 licencias vacantes de taxis - El Regional","og_description":"La municipalidad de Villa Mar\u00eda informa que contin\u00faa abierto el llamado para la adjudicaci\u00f3n de 20 licencias vacantes de taxis, con el objetivo de reforzar la flota actual. Cabe recordar que el llamado es exclusivo para aquellos interesados que pongan a disposici\u00f3n unidades cero kil\u00f3metros. La iniciativa, que busca brindar m\u00e1s oportunidades laborales, es la [&hellip;]","og_url":"https:\/\/elregionalvm.com.ar\/noticias-villa-maria\/continua-abierto-el-llamado-para-la-adjudicacion-de-20-licencias-vacantes-de-taxis\/","og_site_name":"El Regional","article_publisher":"https:\/\/www.facebook.com\/elregionalvm","article_published_time":"2023-11-18T14:25:03+00:00","article_modified_time":"2023-11-18T14:25:05+00:00","og_image":[{"width":792,"height":465,"url":"https:\/\/elregionalvm.com.ar\/noticias-villa-maria\/wp-content\/uploads\/2021\/06\/taxis-villa-maria-2.jpg","type":"image\/jpeg"}],"author":"Contenidos El Regional","twitter_card":"summary_large_image","twitter_creator":"@elregionalvm1","twitter_site":"@elregionalvm1","twitter_misc":{"Escrito por":"Contenidos El Regional","Tiempo de lectura":"1 minuto"},"schema":{"@context":"https:\/\/schema.org","@graph":[{"@type":"Article","@id":"https:\/\/elregionalvm.com.ar\/noticias-villa-maria\/continua-abierto-el-llamado-para-la-adjudicacion-de-20-licencias-vacantes-de-taxis\/#article","isPartOf":{"@id":"https:\/\/elregionalvm.com.ar\/noticias-villa-maria\/continua-abierto-el-llamado-para-la-adjudicacion-de-20-licencias-vacantes-de-taxis\/"},"author":{"name":"Contenidos El Regional","@id":"http:\/\/elregionalvm.com.ar\/noticias-villa-maria\/#\/schema\/person\/a0fb9c422317faca23d50163151bc354"},"headline":"Contin\u00faa abierto el llamado para la adjudicaci\u00f3n de 20 licencias vacantes de taxis","datePublished":"2023-11-18T14:25:03+00:00","dateModified":"2023-11-18T14:25:05+00:00","mainEntityOfPage":{"@id":"https:\/\/elregionalvm.com.ar\/noticias-villa-maria\/continua-abierto-el-llamado-para-la-adjudicacion-de-20-licencias-vacantes-de-taxis\/"},"wordCount":148,"commentCount":0,"image":{"@id":"https:\/\/elregionalvm.com.ar\/noticias-villa-maria\/continua-abierto-el-llamado-para-la-adjudicacion-de-20-licencias-vacantes-de-taxis\/#primaryimage"},"thumbnailUrl":"https:\/\/i0.wp.com\/elregionalvm.com.ar\/noticias-villa-maria\/wp-content\/uploads\/2021\/06\/taxis-villa-maria-2.jpg?fit=792%2C465&ssl=1","articleSection":["destacado","Sociedad","Villa Mar\u00eda"],"inLanguage":"es","potentialAction":[{"@type":"CommentAction","name":"Comment","target":["https:\/\/elregionalvm.com.ar\/noticias-villa-maria\/continua-abierto-el-llamado-para-la-adjudicacion-de-20-licencias-vacantes-de-taxis\/#respond"]}]},{"@type":"WebPage","@id":"https:\/\/elregionalvm.com.ar\/noticias-villa-maria\/continua-abierto-el-llamado-para-la-adjudicacion-de-20-licencias-vacantes-de-taxis\/","url":"https:\/\/elregionalvm.com.ar\/noticias-villa-maria\/continua-abierto-el-llamado-para-la-adjudicacion-de-20-licencias-vacantes-de-taxis\/","name":"Contin\u00faa abierto el llamado para la adjudicaci\u00f3n de 20 licencias vacantes de taxis - El Regional","isPartOf":{"@id":"http:\/\/elregionalvm.com.ar\/noticias-villa-maria\/#website"},"primaryImageOfPage":{"@id":"https:\/\/elregionalvm.com.ar\/noticias-villa-maria\/continua-abierto-el-llamado-para-la-adjudicacion-de-20-licencias-vacantes-de-taxis\/#primaryimage"},"image":{"@id":"https:\/\/elregionalvm.com.ar\/noticias-villa-maria\/continua-abierto-el-llamado-para-la-adjudicacion-de-20-licencias-vacantes-de-taxis\/#primaryimage"},"thumbnailUrl":"https:\/\/i0.wp.com\/elregionalvm.com.ar\/noticias-villa-maria\/wp-content\/uploads\/2021\/06\/taxis-villa-maria-2.jpg?fit=792%2C465&ssl=1","datePublished":"2023-11-18T14:25:03+00:00","dateModified":"2023-11-18T14:25:05+00:00","author":{"@id":"http:\/\/elregionalvm.com.ar\/noticias-villa-maria\/#\/schema\/person\/a0fb9c422317faca23d50163151bc354"},"breadcrumb":{"@id":"https:\/\/elregionalvm.com.ar\/noticias-villa-maria\/continua-abierto-el-llamado-para-la-adjudicacion-de-20-licencias-vacantes-de-taxis\/#breadcrumb"},"inLanguage":"es","potentialAction":[{"@type":"ReadAction","target":["https:\/\/elregionalvm.com.ar\/noticias-villa-maria\/continua-abierto-el-llamado-para-la-adjudicacion-de-20-licencias-vacantes-de-taxis\/"]}]},{"@type":"ImageObject","inLanguage":"es","@id":"https:\/\/elregionalvm.com.ar\/noticias-villa-maria\/continua-abierto-el-llamado-para-la-adjudicacion-de-20-licencias-vacantes-de-taxis\/#primaryimage","url":"https:\/\/i0.wp.com\/elregionalvm.com.ar\/noticias-villa-maria\/wp-content\/uploads\/2021\/06\/taxis-villa-maria-2.jpg?fit=792%2C465&ssl=1","contentUrl":"https:\/\/i0.wp.com\/elregionalvm.com.ar\/noticias-villa-maria\/wp-content\/uploads\/2021\/06\/taxis-villa-maria-2.jpg?fit=792%2C465&ssl=1","width":792,"height":465},{"@type":"BreadcrumbList","@id":"https:\/\/elregionalvm.com.ar\/noticias-villa-maria\/continua-abierto-el-llamado-para-la-adjudicacion-de-20-licencias-vacantes-de-taxis\/#breadcrumb","itemListElement":[{"@type":"ListItem","position":1,"name":"Portada","item":"https:\/\/elregionalvm.com.ar\/noticias-villa-maria\/"},{"@type":"ListItem","position":2,"name":"Contin\u00faa abierto el llamado para la adjudicaci\u00f3n de 20 licencias vacantes de taxis"}]},{"@type":"WebSite","@id":"http:\/\/elregionalvm.com.ar\/noticias-villa-maria\/#website","url":"http:\/\/elregionalvm.com.ar\/noticias-villa-maria\/","name":"El Regional","description":"Mucho m\u00e1s que informaci\u00f3n","potentialAction":[{"@type":"SearchAction","target":{"@type":"EntryPoint","urlTemplate":"http:\/\/elregionalvm.com.ar\/noticias-villa-maria\/?s={search_term_string}"},"query-input":{"@type":"PropertyValueSpecification","valueRequired":true,"valueName":"search_term_string"}}],"inLanguage":"es"},{"@type":"Person","@id":"http:\/\/elregionalvm.com.ar\/noticias-villa-maria\/#\/schema\/person\/a0fb9c422317faca23d50163151bc354","name":"Contenidos El Regional","image":{"@type":"ImageObject","inLanguage":"es","@id":"http:\/\/elregionalvm.com.ar\/noticias-villa-maria\/#\/schema\/person\/image\/","url":"https:\/\/secure.gravatar.com\/avatar\/265b27cb2209af7bb3a1318f03305787d7981a5cc6e6cd08fe5a4ecdf99d4b48?s=96&d=mm&r=g","contentUrl":"https:\/\/secure.gravatar.com\/avatar\/265b27cb2209af7bb3a1318f03305787d7981a5cc6e6cd08fe5a4ecdf99d4b48?s=96&d=mm&r=g","caption":"Contenidos El Regional"},"url":"https:\/\/elregionalvm.com.ar\/noticias-villa-maria\/author\/contenido\/"}]}},"jetpack_featured_media_url":"https:\/\/i0.wp.com\/elregionalvm.com.ar\/noticias-villa-maria\/wp-content\/uploads\/2021\/06\/taxis-villa-maria-2.jpg?fit=792%2C465&ssl=1","jetpack_sharing_enabled":true,"_links":{"self":[{"href":"https:\/\/elregionalvm.com.ar\/noticias-villa-maria\/wp-json\/wp\/v2\/posts\/86015","targetHints":{"allow":["GET"]}}],"collection":[{"href":"https:\/\/elregionalvm.com.ar\/noticias-villa-maria\/wp-json\/wp\/v2\/posts"}],"about":[{"href":"https:\/\/elregionalvm.com.ar\/noticias-villa-maria\/wp-json\/wp\/v2\/types\/post"}],"author":[{"embeddable":true,"href":"https:\/\/elregionalvm.com.ar\/noticias-villa-maria\/wp-json\/wp\/v2\/users\/4"}],"replies":[{"embeddable":true,"href":"https:\/\/elregionalvm.com.ar\/noticias-villa-maria\/wp-json\/wp\/v2\/comments?post=86015"}],"version-history":[{"count":1,"href":"https:\/\/elregionalvm.com.ar\/noticias-villa-maria\/wp-json\/wp\/v2\/posts\/86015\/revisions"}],"predecessor-version":[{"id":86016,"href":"https:\/\/elregionalvm.com.ar\/noticias-villa-maria\/wp-json\/wp\/v2\/posts\/86015\/revisions\/86016"}],"wp:featuredmedia":[{"embeddable":true,"href":"https:\/\/elregionalvm.com.ar\/noticias-villa-maria\/wp-json\/wp\/v2\/media\/38983"}],"wp:attachment":[{"href":"https:\/\/elregionalvm.com.ar\/noticias-villa-maria\/wp-json\/wp\/v2\/media?parent=86015"}],"wp:term":[{"taxonomy":"category","embeddable":true,"href":"https:\/\/elregionalvm.com.ar\/noticias-villa-maria\/wp-json\/wp\/v2\/categories?post=86015"},{"taxonomy":"post_tag","embeddable":true,"href":"https:\/\/elregionalvm.com.ar\/noticias-villa-maria\/wp-json\/wp\/v2\/tags?post=86015"}],"curies":[{"name":"wp","href":"https:\/\/api.w.org\/{rel}","templated":true}]}}