{"id":86017,"date":"2023-11-18T14:33:03","date_gmt":"2023-11-18T14:33:03","guid":{"rendered":"https:\/\/elregionalvm.com.ar\/noticias-villa-maria\/?p=86017"},"modified":"2023-11-19T03:14:52","modified_gmt":"2023-11-19T03:14:52","slug":"piden-colaboracion-para-encontrar-a-un-joven-de-bell-ville","status":"publish","type":"post","link":"https:\/\/elregionalvm.com.ar\/noticias-villa-maria\/piden-colaboracion-para-encontrar-a-un-joven-de-bell-ville\/","title":{"rendered":"Piden colaboraci\u00f3n para encontrar a un joven de Bell Ville"},"content":{"rendered":"\n<p>La Fiscal\u00eda de Instrucci\u00f3n de Primera Nominaci\u00f3n de la ciudad de Bell Ville pide colaboraci\u00f3n para dar con el paradero de Gino Guillermo Regunaschi, de 18 a\u00f1os,\u00a0 con domicilio en la mencionada ciudad. Fue visto por \u00faltima vez el d\u00eda 17 de noviembre de 2023. Mide 1.78 , tiene tes blanca, ojos marrones, cabello corto casta\u00f1o oscuro,\u00a0presenta un tatuaje en el cuello de cruz y en el antebrazo izquierdo el nombre Lorena y el n\u00famero 1972. Vest\u00eda al momento de su salida\u00a0campera rompe viento color negra con una franja en blanca detr\u00e1s y pantal\u00f3n deportivo negro, zapatillas negro. Cualquier informaci\u00f3n podr\u00e1 ser remitida a la Unidad Judicial de Bell Ville, tel\u00e9fono 03537 450000 (interno 52801), y\/o a la Fiscal\u00eda de Instrucci\u00f3n interviniente 03537 450000 (interno 52052), o a cualquier dependencia policial m\u00e1s cercana.<\/p>\n","protected":false},"excerpt":{"rendered":"<p>La Fiscal\u00eda de Instrucci\u00f3n de Primera Nominaci\u00f3n de la ciudad de Bell Ville pide colaboraci\u00f3n para dar con el paradero de Gino Guillermo Regunaschi, de 18 a\u00f1os,\u00a0 con domicilio en la mencionada ciudad. Fue visto por \u00faltima vez el d\u00eda 17 de noviembre de 2023. Mide 1.78 , tiene tes blanca, ojos marrones, cabello corto [&hellip;]<\/p>\n","protected":false},"author":4,"featured_media":86018,"comment_status":"open","ping_status":"open","sticky":false,"template":"","format":"standard","meta":{"site-sidebar-layout":"default","site-content-layout":"","ast-site-content-layout":"default","site-content-style":"default","site-sidebar-style":"default","ast-global-header-display":"","ast-banner-title-visibility":"","ast-main-header-display":"","ast-hfb-above-header-display":"","ast-hfb-below-header-display":"","ast-hfb-mobile-header-display":"","site-post-title":"","ast-breadcrumbs-content":"","ast-featured-img":"","footer-sml-layout":"","ast-disable-related-posts":"","theme-transparent-header-meta":"","adv-header-id-meta":"","stick-header-meta":"","header-above-stick-meta":"","header-main-stick-meta":"","header-below-stick-meta":"","astra-migrate-meta-layouts":"set","ast-page-background-enabled":"default","ast-page-background-meta":{"desktop":{"background-color":"","background-image":"","background-repeat":"repeat","background-position":"center center","background-size":"auto","background-attachment":"scroll","background-type":"","background-media":"","overlay-type":"","overlay-color":"","overlay-opacity":"","overlay-gradient":""},"tablet":{"background-color":"","background-image":"","background-repeat":"repeat","background-position":"center center","background-size":"auto","background-attachment":"scroll","background-type":"","background-media":"","overlay-type":"","overlay-color":"","overlay-opacity":"","overlay-gradient":""},"mobile":{"background-color":"","background-image":"","background-repeat":"repeat","background-position":"center center","background-size":"auto","background-attachment":"scroll","background-type":"","background-media":"","overlay-type":"","overlay-color":"","overlay-opacity":"","overlay-gradient":""}},"ast-content-background-meta":{"desktop":{"background-color":"var(--ast-global-color-5)","background-image":"","background-repeat":"repeat","background-position":"center center","background-size":"auto","background-attachment":"scroll","background-type":"","background-media":"","overlay-type":"","overlay-color":"","overlay-opacity":"","overlay-gradient":""},"tablet":{"background-color":"var(--ast-global-color-5)","background-image":"","background-repeat":"repeat","background-position":"center center","background-size":"auto","background-attachment":"scroll","background-type":"","background-media":"","overlay-type":"","overlay-color":"","overlay-opacity":"","overlay-gradient":""},"mobile":{"background-color":"var(--ast-global-color-5)","background-image":"","background-repeat":"repeat","background-position":"center center","background-size":"auto","background-attachment":"scroll","background-type":"","background-media":"","overlay-type":"","overlay-color":"","overlay-opacity":"","overlay-gradient":""}},"_jetpack_memberships_contains_paid_content":false,"_joinchat":[],"footnotes":""},"categories":[2234,2091,5],"tags":[],"class_list":["post-86017","post","type-post","status-publish","format-standard","has-post-thumbnail","hentry","category-policiales","category-region","category-sociedad"],"yoast_head":"<!-- This site is optimized with the Yoast SEO plugin v26.8 - https:\/\/yoast.com\/product\/yoast-seo-wordpress\/ -->\n<title>Piden colaboraci\u00f3n para encontrar a un joven de Bell Ville - El Regional<\/title>\n<meta name=\"robots\" content=\"index, follow, max-snippet:-1, max-image-preview:large, max-video-preview:-1\" \/>\n<link rel=\"canonical\" href=\"https:\/\/elregionalvm.com.ar\/noticias-villa-maria\/piden-colaboracion-para-encontrar-a-un-joven-de-bell-ville\/\" \/>\n<meta property=\"og:locale\" content=\"es_ES\" \/>\n<meta property=\"og:type\" content=\"article\" \/>\n<meta property=\"og:title\" content=\"Piden colaboraci\u00f3n para encontrar a un joven de Bell Ville - El Regional\" \/>\n<meta property=\"og:description\" content=\"La Fiscal\u00eda de Instrucci\u00f3n de Primera Nominaci\u00f3n de la ciudad de Bell Ville pide colaboraci\u00f3n para dar con el paradero de Gino Guillermo Regunaschi, de 18 a\u00f1os,\u00a0 con domicilio en la mencionada ciudad. Fue visto por \u00faltima vez el d\u00eda 17 de noviembre de 2023. Mide 1.78 , tiene tes blanca, ojos marrones, cabello corto [&hellip;]\" \/>\n<meta property=\"og:url\" content=\"https:\/\/elregionalvm.com.ar\/noticias-villa-maria\/piden-colaboracion-para-encontrar-a-un-joven-de-bell-ville\/\" \/>\n<meta property=\"og:site_name\" content=\"El Regional\" \/>\n<meta property=\"article:publisher\" content=\"https:\/\/www.facebook.com\/elregionalvm\" \/>\n<meta property=\"article:published_time\" content=\"2023-11-18T14:33:03+00:00\" \/>\n<meta property=\"article:modified_time\" content=\"2023-11-19T03:14:52+00:00\" \/>\n<meta property=\"og:image\" content=\"https:\/\/elregionalvm.com.ar\/noticias-villa-maria\/wp-content\/uploads\/2023\/11\/gino-regusnaschi.jpg\" \/>\n\t<meta property=\"og:image:width\" content=\"743\" \/>\n\t<meta property=\"og:image:height\" content=\"823\" \/>\n\t<meta property=\"og:image:type\" content=\"image\/jpeg\" \/>\n<meta name=\"author\" content=\"Contenidos El Regional\" \/>\n<meta name=\"twitter:card\" content=\"summary_large_image\" \/>\n<meta name=\"twitter:creator\" content=\"@elregionalvm1\" \/>\n<meta name=\"twitter:site\" content=\"@elregionalvm1\" \/>\n<meta name=\"twitter:label1\" content=\"Escrito por\" \/>\n\t<meta name=\"twitter:data1\" content=\"Contenidos El Regional\" \/>\n\t<meta name=\"twitter:label2\" content=\"Tiempo de lectura\" \/>\n\t<meta name=\"twitter:data2\" content=\"1 minuto\" \/>\n<script type=\"application\/ld+json\" class=\"yoast-schema-graph\">{\"@context\":\"https:\/\/schema.org\",\"@graph\":[{\"@type\":\"Article\",\"@id\":\"https:\/\/elregionalvm.com.ar\/noticias-villa-maria\/piden-colaboracion-para-encontrar-a-un-joven-de-bell-ville\/#article\",\"isPartOf\":{\"@id\":\"https:\/\/elregionalvm.com.ar\/noticias-villa-maria\/piden-colaboracion-para-encontrar-a-un-joven-de-bell-ville\/\"},\"author\":{\"name\":\"Contenidos El Regional\",\"@id\":\"http:\/\/elregionalvm.com.ar\/noticias-villa-maria\/#\/schema\/person\/a0fb9c422317faca23d50163151bc354\"},\"headline\":\"Piden colaboraci\u00f3n para encontrar a un joven de Bell Ville\",\"datePublished\":\"2023-11-18T14:33:03+00:00\",\"dateModified\":\"2023-11-19T03:14:52+00:00\",\"mainEntityOfPage\":{\"@id\":\"https:\/\/elregionalvm.com.ar\/noticias-villa-maria\/piden-colaboracion-para-encontrar-a-un-joven-de-bell-ville\/\"},\"wordCount\":151,\"commentCount\":0,\"image\":{\"@id\":\"https:\/\/elregionalvm.com.ar\/noticias-villa-maria\/piden-colaboracion-para-encontrar-a-un-joven-de-bell-ville\/#primaryimage\"},\"thumbnailUrl\":\"https:\/\/i0.wp.com\/elregionalvm.com.ar\/noticias-villa-maria\/wp-content\/uploads\/2023\/11\/gino-regusnaschi.jpg?fit=743%2C823&ssl=1\",\"articleSection\":[\"Policiales\",\"Regi\u00f3n\",\"Sociedad\"],\"inLanguage\":\"es\",\"potentialAction\":[{\"@type\":\"CommentAction\",\"name\":\"Comment\",\"target\":[\"https:\/\/elregionalvm.com.ar\/noticias-villa-maria\/piden-colaboracion-para-encontrar-a-un-joven-de-bell-ville\/#respond\"]}]},{\"@type\":\"WebPage\",\"@id\":\"https:\/\/elregionalvm.com.ar\/noticias-villa-maria\/piden-colaboracion-para-encontrar-a-un-joven-de-bell-ville\/\",\"url\":\"https:\/\/elregionalvm.com.ar\/noticias-villa-maria\/piden-colaboracion-para-encontrar-a-un-joven-de-bell-ville\/\",\"name\":\"Piden colaboraci\u00f3n para encontrar a un joven de Bell Ville - El Regional\",\"isPartOf\":{\"@id\":\"http:\/\/elregionalvm.com.ar\/noticias-villa-maria\/#website\"},\"primaryImageOfPage\":{\"@id\":\"https:\/\/elregionalvm.com.ar\/noticias-villa-maria\/piden-colaboracion-para-encontrar-a-un-joven-de-bell-ville\/#primaryimage\"},\"image\":{\"@id\":\"https:\/\/elregionalvm.com.ar\/noticias-villa-maria\/piden-colaboracion-para-encontrar-a-un-joven-de-bell-ville\/#primaryimage\"},\"thumbnailUrl\":\"https:\/\/i0.wp.com\/elregionalvm.com.ar\/noticias-villa-maria\/wp-content\/uploads\/2023\/11\/gino-regusnaschi.jpg?fit=743%2C823&ssl=1\",\"datePublished\":\"2023-11-18T14:33:03+00:00\",\"dateModified\":\"2023-11-19T03:14:52+00:00\",\"author\":{\"@id\":\"http:\/\/elregionalvm.com.ar\/noticias-villa-maria\/#\/schema\/person\/a0fb9c422317faca23d50163151bc354\"},\"breadcrumb\":{\"@id\":\"https:\/\/elregionalvm.com.ar\/noticias-villa-maria\/piden-colaboracion-para-encontrar-a-un-joven-de-bell-ville\/#breadcrumb\"},\"inLanguage\":\"es\",\"potentialAction\":[{\"@type\":\"ReadAction\",\"target\":[\"https:\/\/elregionalvm.com.ar\/noticias-villa-maria\/piden-colaboracion-para-encontrar-a-un-joven-de-bell-ville\/\"]}]},{\"@type\":\"ImageObject\",\"inLanguage\":\"es\",\"@id\":\"https:\/\/elregionalvm.com.ar\/noticias-villa-maria\/piden-colaboracion-para-encontrar-a-un-joven-de-bell-ville\/#primaryimage\",\"url\":\"https:\/\/i0.wp.com\/elregionalvm.com.ar\/noticias-villa-maria\/wp-content\/uploads\/2023\/11\/gino-regusnaschi.jpg?fit=743%2C823&ssl=1\",\"contentUrl\":\"https:\/\/i0.wp.com\/elregionalvm.com.ar\/noticias-villa-maria\/wp-content\/uploads\/2023\/11\/gino-regusnaschi.jpg?fit=743%2C823&ssl=1\",\"width\":743,\"height\":823},{\"@type\":\"BreadcrumbList\",\"@id\":\"https:\/\/elregionalvm.com.ar\/noticias-villa-maria\/piden-colaboracion-para-encontrar-a-un-joven-de-bell-ville\/#breadcrumb\",\"itemListElement\":[{\"@type\":\"ListItem\",\"position\":1,\"name\":\"Portada\",\"item\":\"https:\/\/elregionalvm.com.ar\/noticias-villa-maria\/\"},{\"@type\":\"ListItem\",\"position\":2,\"name\":\"Piden colaboraci\u00f3n para encontrar a un joven de Bell Ville\"}]},{\"@type\":\"WebSite\",\"@id\":\"http:\/\/elregionalvm.com.ar\/noticias-villa-maria\/#website\",\"url\":\"http:\/\/elregionalvm.com.ar\/noticias-villa-maria\/\",\"name\":\"El Regional\",\"description\":\"Mucho m\u00e1s que informaci\u00f3n\",\"potentialAction\":[{\"@type\":\"SearchAction\",\"target\":{\"@type\":\"EntryPoint\",\"urlTemplate\":\"http:\/\/elregionalvm.com.ar\/noticias-villa-maria\/?s={search_term_string}\"},\"query-input\":{\"@type\":\"PropertyValueSpecification\",\"valueRequired\":true,\"valueName\":\"search_term_string\"}}],\"inLanguage\":\"es\"},{\"@type\":\"Person\",\"@id\":\"http:\/\/elregionalvm.com.ar\/noticias-villa-maria\/#\/schema\/person\/a0fb9c422317faca23d50163151bc354\",\"name\":\"Contenidos El Regional\",\"image\":{\"@type\":\"ImageObject\",\"inLanguage\":\"es\",\"@id\":\"http:\/\/elregionalvm.com.ar\/noticias-villa-maria\/#\/schema\/person\/image\/\",\"url\":\"https:\/\/secure.gravatar.com\/avatar\/265b27cb2209af7bb3a1318f03305787d7981a5cc6e6cd08fe5a4ecdf99d4b48?s=96&d=mm&r=g\",\"contentUrl\":\"https:\/\/secure.gravatar.com\/avatar\/265b27cb2209af7bb3a1318f03305787d7981a5cc6e6cd08fe5a4ecdf99d4b48?s=96&d=mm&r=g\",\"caption\":\"Contenidos El Regional\"},\"url\":\"https:\/\/elregionalvm.com.ar\/noticias-villa-maria\/author\/contenido\/\"}]}<\/script>\n<!-- \/ Yoast SEO plugin. -->","yoast_head_json":{"title":"Piden colaboraci\u00f3n para encontrar a un joven de Bell Ville - El Regional","robots":{"index":"index","follow":"follow","max-snippet":"max-snippet:-1","max-image-preview":"max-image-preview:large","max-video-preview":"max-video-preview:-1"},"canonical":"https:\/\/elregionalvm.com.ar\/noticias-villa-maria\/piden-colaboracion-para-encontrar-a-un-joven-de-bell-ville\/","og_locale":"es_ES","og_type":"article","og_title":"Piden colaboraci\u00f3n para encontrar a un joven de Bell Ville - El Regional","og_description":"La Fiscal\u00eda de Instrucci\u00f3n de Primera Nominaci\u00f3n de la ciudad de Bell Ville pide colaboraci\u00f3n para dar con el paradero de Gino Guillermo Regunaschi, de 18 a\u00f1os,\u00a0 con domicilio en la mencionada ciudad. Fue visto por \u00faltima vez el d\u00eda 17 de noviembre de 2023. Mide 1.78 , tiene tes blanca, ojos marrones, cabello corto [&hellip;]","og_url":"https:\/\/elregionalvm.com.ar\/noticias-villa-maria\/piden-colaboracion-para-encontrar-a-un-joven-de-bell-ville\/","og_site_name":"El Regional","article_publisher":"https:\/\/www.facebook.com\/elregionalvm","article_published_time":"2023-11-18T14:33:03+00:00","article_modified_time":"2023-11-19T03:14:52+00:00","og_image":[{"width":743,"height":823,"url":"https:\/\/elregionalvm.com.ar\/noticias-villa-maria\/wp-content\/uploads\/2023\/11\/gino-regusnaschi.jpg","type":"image\/jpeg"}],"author":"Contenidos El Regional","twitter_card":"summary_large_image","twitter_creator":"@elregionalvm1","twitter_site":"@elregionalvm1","twitter_misc":{"Escrito por":"Contenidos El Regional","Tiempo de lectura":"1 minuto"},"schema":{"@context":"https:\/\/schema.org","@graph":[{"@type":"Article","@id":"https:\/\/elregionalvm.com.ar\/noticias-villa-maria\/piden-colaboracion-para-encontrar-a-un-joven-de-bell-ville\/#article","isPartOf":{"@id":"https:\/\/elregionalvm.com.ar\/noticias-villa-maria\/piden-colaboracion-para-encontrar-a-un-joven-de-bell-ville\/"},"author":{"name":"Contenidos El Regional","@id":"http:\/\/elregionalvm.com.ar\/noticias-villa-maria\/#\/schema\/person\/a0fb9c422317faca23d50163151bc354"},"headline":"Piden colaboraci\u00f3n para encontrar a un joven de Bell Ville","datePublished":"2023-11-18T14:33:03+00:00","dateModified":"2023-11-19T03:14:52+00:00","mainEntityOfPage":{"@id":"https:\/\/elregionalvm.com.ar\/noticias-villa-maria\/piden-colaboracion-para-encontrar-a-un-joven-de-bell-ville\/"},"wordCount":151,"commentCount":0,"image":{"@id":"https:\/\/elregionalvm.com.ar\/noticias-villa-maria\/piden-colaboracion-para-encontrar-a-un-joven-de-bell-ville\/#primaryimage"},"thumbnailUrl":"https:\/\/i0.wp.com\/elregionalvm.com.ar\/noticias-villa-maria\/wp-content\/uploads\/2023\/11\/gino-regusnaschi.jpg?fit=743%2C823&ssl=1","articleSection":["Policiales","Regi\u00f3n","Sociedad"],"inLanguage":"es","potentialAction":[{"@type":"CommentAction","name":"Comment","target":["https:\/\/elregionalvm.com.ar\/noticias-villa-maria\/piden-colaboracion-para-encontrar-a-un-joven-de-bell-ville\/#respond"]}]},{"@type":"WebPage","@id":"https:\/\/elregionalvm.com.ar\/noticias-villa-maria\/piden-colaboracion-para-encontrar-a-un-joven-de-bell-ville\/","url":"https:\/\/elregionalvm.com.ar\/noticias-villa-maria\/piden-colaboracion-para-encontrar-a-un-joven-de-bell-ville\/","name":"Piden colaboraci\u00f3n para encontrar a un joven de Bell Ville - El Regional","isPartOf":{"@id":"http:\/\/elregionalvm.com.ar\/noticias-villa-maria\/#website"},"primaryImageOfPage":{"@id":"https:\/\/elregionalvm.com.ar\/noticias-villa-maria\/piden-colaboracion-para-encontrar-a-un-joven-de-bell-ville\/#primaryimage"},"image":{"@id":"https:\/\/elregionalvm.com.ar\/noticias-villa-maria\/piden-colaboracion-para-encontrar-a-un-joven-de-bell-ville\/#primaryimage"},"thumbnailUrl":"https:\/\/i0.wp.com\/elregionalvm.com.ar\/noticias-villa-maria\/wp-content\/uploads\/2023\/11\/gino-regusnaschi.jpg?fit=743%2C823&ssl=1","datePublished":"2023-11-18T14:33:03+00:00","dateModified":"2023-11-19T03:14:52+00:00","author":{"@id":"http:\/\/elregionalvm.com.ar\/noticias-villa-maria\/#\/schema\/person\/a0fb9c422317faca23d50163151bc354"},"breadcrumb":{"@id":"https:\/\/elregionalvm.com.ar\/noticias-villa-maria\/piden-colaboracion-para-encontrar-a-un-joven-de-bell-ville\/#breadcrumb"},"inLanguage":"es","potentialAction":[{"@type":"ReadAction","target":["https:\/\/elregionalvm.com.ar\/noticias-villa-maria\/piden-colaboracion-para-encontrar-a-un-joven-de-bell-ville\/"]}]},{"@type":"ImageObject","inLanguage":"es","@id":"https:\/\/elregionalvm.com.ar\/noticias-villa-maria\/piden-colaboracion-para-encontrar-a-un-joven-de-bell-ville\/#primaryimage","url":"https:\/\/i0.wp.com\/elregionalvm.com.ar\/noticias-villa-maria\/wp-content\/uploads\/2023\/11\/gino-regusnaschi.jpg?fit=743%2C823&ssl=1","contentUrl":"https:\/\/i0.wp.com\/elregionalvm.com.ar\/noticias-villa-maria\/wp-content\/uploads\/2023\/11\/gino-regusnaschi.jpg?fit=743%2C823&ssl=1","width":743,"height":823},{"@type":"BreadcrumbList","@id":"https:\/\/elregionalvm.com.ar\/noticias-villa-maria\/piden-colaboracion-para-encontrar-a-un-joven-de-bell-ville\/#breadcrumb","itemListElement":[{"@type":"ListItem","position":1,"name":"Portada","item":"https:\/\/elregionalvm.com.ar\/noticias-villa-maria\/"},{"@type":"ListItem","position":2,"name":"Piden colaboraci\u00f3n para encontrar a un joven de Bell Ville"}]},{"@type":"WebSite","@id":"http:\/\/elregionalvm.com.ar\/noticias-villa-maria\/#website","url":"http:\/\/elregionalvm.com.ar\/noticias-villa-maria\/","name":"El Regional","description":"Mucho m\u00e1s que informaci\u00f3n","potentialAction":[{"@type":"SearchAction","target":{"@type":"EntryPoint","urlTemplate":"http:\/\/elregionalvm.com.ar\/noticias-villa-maria\/?s={search_term_string}"},"query-input":{"@type":"PropertyValueSpecification","valueRequired":true,"valueName":"search_term_string"}}],"inLanguage":"es"},{"@type":"Person","@id":"http:\/\/elregionalvm.com.ar\/noticias-villa-maria\/#\/schema\/person\/a0fb9c422317faca23d50163151bc354","name":"Contenidos El Regional","image":{"@type":"ImageObject","inLanguage":"es","@id":"http:\/\/elregionalvm.com.ar\/noticias-villa-maria\/#\/schema\/person\/image\/","url":"https:\/\/secure.gravatar.com\/avatar\/265b27cb2209af7bb3a1318f03305787d7981a5cc6e6cd08fe5a4ecdf99d4b48?s=96&d=mm&r=g","contentUrl":"https:\/\/secure.gravatar.com\/avatar\/265b27cb2209af7bb3a1318f03305787d7981a5cc6e6cd08fe5a4ecdf99d4b48?s=96&d=mm&r=g","caption":"Contenidos El Regional"},"url":"https:\/\/elregionalvm.com.ar\/noticias-villa-maria\/author\/contenido\/"}]}},"jetpack_featured_media_url":"https:\/\/i0.wp.com\/elregionalvm.com.ar\/noticias-villa-maria\/wp-content\/uploads\/2023\/11\/gino-regusnaschi.jpg?fit=743%2C823&ssl=1","jetpack_sharing_enabled":true,"_links":{"self":[{"href":"https:\/\/elregionalvm.com.ar\/noticias-villa-maria\/wp-json\/wp\/v2\/posts\/86017","targetHints":{"allow":["GET"]}}],"collection":[{"href":"https:\/\/elregionalvm.com.ar\/noticias-villa-maria\/wp-json\/wp\/v2\/posts"}],"about":[{"href":"https:\/\/elregionalvm.com.ar\/noticias-villa-maria\/wp-json\/wp\/v2\/types\/post"}],"author":[{"embeddable":true,"href":"https:\/\/elregionalvm.com.ar\/noticias-villa-maria\/wp-json\/wp\/v2\/users\/4"}],"replies":[{"embeddable":true,"href":"https:\/\/elregionalvm.com.ar\/noticias-villa-maria\/wp-json\/wp\/v2\/comments?post=86017"}],"version-history":[{"count":1,"href":"https:\/\/elregionalvm.com.ar\/noticias-villa-maria\/wp-json\/wp\/v2\/posts\/86017\/revisions"}],"predecessor-version":[{"id":86019,"href":"https:\/\/elregionalvm.com.ar\/noticias-villa-maria\/wp-json\/wp\/v2\/posts\/86017\/revisions\/86019"}],"wp:featuredmedia":[{"embeddable":true,"href":"https:\/\/elregionalvm.com.ar\/noticias-villa-maria\/wp-json\/wp\/v2\/media\/86018"}],"wp:attachment":[{"href":"https:\/\/elregionalvm.com.ar\/noticias-villa-maria\/wp-json\/wp\/v2\/media?parent=86017"}],"wp:term":[{"taxonomy":"category","embeddable":true,"href":"https:\/\/elregionalvm.com.ar\/noticias-villa-maria\/wp-json\/wp\/v2\/categories?post=86017"},{"taxonomy":"post_tag","embeddable":true,"href":"https:\/\/elregionalvm.com.ar\/noticias-villa-maria\/wp-json\/wp\/v2\/tags?post=86017"}],"curies":[{"name":"wp","href":"https:\/\/api.w.org\/{rel}","templated":true}]}}