{"id":86052,"date":"2023-11-20T04:24:03","date_gmt":"2023-11-20T04:24:03","guid":{"rendered":"https:\/\/elregionalvm.com.ar\/noticias-villa-maria\/?p=86052"},"modified":"2023-11-22T22:00:36","modified_gmt":"2023-11-22T22:00:36","slug":"el-deschave-javier-milei-nuevo-presidente-el-peronismo-perdio-el-gobierno-y-el-poder","status":"publish","type":"post","link":"https:\/\/elregionalvm.com.ar\/noticias-villa-maria\/el-deschave-javier-milei-nuevo-presidente-el-peronismo-perdio-el-gobierno-y-el-poder\/","title":{"rendered":"[El Deschave] Javier Milei, nuevo presidente: El peronismo perdi\u00f3 el gobierno, \u00bfy el poder?"},"content":{"rendered":"\n<p class=\"wp-block-paragraph\"><\/p>\n\n\n\n<h3 class=\"wp-block-heading\"><strong>Exponencial triunfo de los Libertarios<\/strong><\/h3>\n\n\n\n<p class=\"wp-block-paragraph\"><\/p>\n\n\n\n<p class=\"wp-block-paragraph\"><strong>Escribe: Miguel Andreis<\/strong><\/p>\n\n\n\n<p class=\"wp-block-paragraph\"><\/p>\n\n\n\n<p class=\"wp-block-paragraph\"><\/p>\n\n\n\n<p class=\"wp-block-paragraph\">El l\u00edder libertario se llev\u00f3 el colosal resultado de las urnas que lo ubicar\u00e1n despu\u00e9s del 10 de diciembre, como Presidente de la Naci\u00f3n.<\/p>\n\n\n\n<p class=\"wp-block-paragraph\">Una enorme porci\u00f3n de la sociedad argentina, hastiada de un manejo discrecional del peronismo- kirchnerismo por m\u00e1s de 20 a\u00f1os, opt\u00f3 en su nombre por una alternativa de cambio.<\/p>\n\n\n\n<p class=\"wp-block-paragraph\">Para muchos no fue sorpresa, s\u00ed para otros, que quien se lanzara a la pol\u00edtica como un disrruptor de marcado amateurismo, \u201crevolc\u00f3\u201d literalmente, voto mediante a Sergio Massa quien, en buena parte de las encuestadoras aparec\u00eda como el hombre puesto.<\/p>\n\n\n\n<p class=\"wp-block-paragraph\"><\/p>\n\n\n\n<p class=\"wp-block-paragraph\"><\/p>\n\n\n\n<figure class=\"wp-block-image size-large\"><img data-recalc-dims=\"1\" fetchpriority=\"high\" decoding=\"async\" width=\"1024\" height=\"573\" src=\"https:\/\/i0.wp.com\/elregionalvm.com.ar\/noticias-villa-maria\/wp-content\/uploads\/2023\/11\/Massa-Milei-enfrentados-1024x573.jpg?resize=1024%2C573&#038;ssl=1\" alt=\"\" class=\"wp-image-85176\" srcset=\"https:\/\/i0.wp.com\/elregionalvm.com.ar\/noticias-villa-maria\/wp-content\/uploads\/2023\/11\/Massa-Milei-enfrentados.jpg?resize=1024%2C573&amp;ssl=1 1024w, https:\/\/i0.wp.com\/elregionalvm.com.ar\/noticias-villa-maria\/wp-content\/uploads\/2023\/11\/Massa-Milei-enfrentados.jpg?resize=300%2C168&amp;ssl=1 300w, https:\/\/i0.wp.com\/elregionalvm.com.ar\/noticias-villa-maria\/wp-content\/uploads\/2023\/11\/Massa-Milei-enfrentados.jpg?resize=768%2C430&amp;ssl=1 768w, https:\/\/i0.wp.com\/elregionalvm.com.ar\/noticias-villa-maria\/wp-content\/uploads\/2023\/11\/Massa-Milei-enfrentados.jpg?w=1196&amp;ssl=1 1196w\" sizes=\"(max-width: 1000px) 100vw, 1000px\" \/><\/figure>\n\n\n\n<p class=\"wp-block-paragraph\"><\/p>\n\n\n\n<p class=\"wp-block-paragraph\">Habr\u00e1 que ver si eso entra en el plano de la investigaci\u00f3n judicial ya que se trata de dinero que se le despoj\u00f3 al pueblo. Esta confrontaci\u00f3n, con m\u00e1s marco de \u201copci\u00f3n\u201d que, de elecci\u00f3n, puso, luego de conocerse los guarismos definitivos, en sentido de satisfacci\u00f3n y algarab\u00eda a m\u00e1s de la mitad de los argentinos. Otros tantos no sal\u00edan de la sorpresa.\u00a0<\/p>\n\n\n\n<p class=\"wp-block-paragraph\"><\/p>\n\n\n\n<figure class=\"wp-block-pullquote\"><blockquote><p><strong>El voto bronca, impotencia, descreimiento y una pauta de credibilidad hacia el futuro se hizo realidad. Es que la corrupci\u00f3n y la impunidad tuvieron este domingo 19 un castigo que no esperaban<\/strong><\/p><\/blockquote><\/figure>\n\n\n\n<p class=\"wp-block-paragraph\"><\/p>\n\n\n\n<p class=\"wp-block-paragraph\">No ser\u00e1 f\u00e1cil concebir un an\u00e1lisis sobre lo que aconteci\u00f3 y lo que muy posiblemente devenga en poco tiempo. Milei gan\u00f3 el gobierno, el poder qued\u00f3 en manos de los mismos que no salieron a festejar, pero se agazaparon.<\/p>\n\n\n\n<p class=\"wp-block-paragraph\">No se puede obviar que la capacidad de gobernabilidad no le ser\u00e1 f\u00e1cil al electo Presidente. No cuenta con dichos elementos. En el Congreso continuar\u00e1 el kirchnerismo y sus socios circunstanciales teniendo preeminencia a la hora de levantar las manos; en Buenos Aires Massa gan\u00f3 por 9 puntos.<\/p>\n\n\n\n<p class=\"wp-block-paragraph\">Es preciso no olvidar que ese basti\u00f3n, donde se juegan los partidos m\u00e1s fundamentales de la hegemon\u00eda pol\u00edtica, por el momento seguir\u00e1 en manos de Axel Kicilloff. Hombre de su ri\u00f1\u00f3n, por ahora.<\/p>\n\n\n\n<p class=\"wp-block-paragraph\">Los movimientos sociales, l\u00e9ase piqueteros, conservar\u00e1n los planes y las \u00f3rdenes que les bajan desde hace a\u00f1os los responsables de esos bastiones casi inexpugnables; los otros que tienen preponderancia en el manejo de las calles son los gremios. No dejaron de enaltecer a Massa.<\/p>\n\n\n\n<p class=\"wp-block-paragraph\"><\/p>\n\n\n\n<figure class=\"wp-block-image size-large\"><img data-recalc-dims=\"1\" decoding=\"async\" width=\"1024\" height=\"698\" src=\"https:\/\/i0.wp.com\/elregionalvm.com.ar\/noticias-villa-maria\/wp-content\/uploads\/2023\/11\/Milei-y-su-hermana-discurso-2023.jpg?resize=1024%2C698&#038;ssl=1\" alt=\"\" class=\"wp-image-86048\" srcset=\"https:\/\/i0.wp.com\/elregionalvm.com.ar\/noticias-villa-maria\/wp-content\/uploads\/2023\/11\/Milei-y-su-hermana-discurso-2023.jpg?resize=1024%2C698&amp;ssl=1 1024w, https:\/\/i0.wp.com\/elregionalvm.com.ar\/noticias-villa-maria\/wp-content\/uploads\/2023\/11\/Milei-y-su-hermana-discurso-2023.jpg?resize=300%2C204&amp;ssl=1 300w, https:\/\/i0.wp.com\/elregionalvm.com.ar\/noticias-villa-maria\/wp-content\/uploads\/2023\/11\/Milei-y-su-hermana-discurso-2023.jpg?resize=768%2C523&amp;ssl=1 768w, https:\/\/i0.wp.com\/elregionalvm.com.ar\/noticias-villa-maria\/wp-content\/uploads\/2023\/11\/Milei-y-su-hermana-discurso-2023.jpg?w=1104&amp;ssl=1 1104w\" sizes=\"(max-width: 1000px) 100vw, 1000px\" \/><\/figure>\n\n\n\n<p class=\"wp-block-paragraph\"><\/p>\n\n\n\n<p class=\"wp-block-paragraph\">Vale preguntarse, \u00bfexistir\u00e1 voluntad o definici\u00f3n democr\u00e1tica para ayudar a salir de este escollo que nos sumerge en todos los \u00f3rdenes, o se preparar\u00e1n para no dejar sus prerrogativas de empresarios con gordas billeteras y mamelucos de laburantes?<\/p>\n\n\n\n<p class=\"wp-block-paragraph\">Milei no tiene a su favor una sola gobernaci\u00f3n ni experiencia propia en la materia, factores altamente eminentes y, ya le avisaron que el n\u00facleo duro, desde lo demogr\u00e1fico y m\u00e1s complejo de domesticar en la territorialidad, se encuentra en el Conurbano, donde los guarismos le fueron adversos. All\u00ed Massa le sac\u00f3 9 puntos de ventajas.<\/p>\n\n\n\n<p class=\"wp-block-paragraph\">El peronismo cuando se dispone a dejar tierra arrasada la deja. A pocas horas de conocerse oficialmente los resultados, el propio Massa expres\u00f3 en su alocuci\u00f3n, donde la grandeza del perdedor estuvo ausente, que \u201cdesde el lunes (por hoy) lo que viene ser\u00e1 responsabilidad de Milei\u201d, una canallada propia del peor autoritarismo.<\/p>\n\n\n\n<p class=\"wp-block-paragraph\"><\/p>\n\n\n\n<figure class=\"wp-block-pullquote\"><blockquote><p><strong>Massa es eso y mucho m\u00e1s y, las urnas se lo expresaron de la forma m\u00e1s did\u00e1ctica y contundente. Claro que dicho acto no lo har\u00e1 mejor ni m\u00e1s democr\u00e1tico.<\/strong><\/p><\/blockquote><\/figure>\n\n\n\n<p class=\"wp-block-paragraph\"><\/p>\n\n\n\n<p class=\"wp-block-paragraph\">En el medio, como a la espera de un incierto y poco encantador futuro, todos aquellos que sosten\u00edan que en pol\u00edtica \u201chab\u00eda que probar algo nuevo\u201d, bajo el concepto de que \u201csi tiene que explotar todo, que explote\u201d. Cumplieron una parte. Llevaron a Milei al triunfo.<\/p>\n\n\n\n<p class=\"wp-block-paragraph\">Ser\u00eda formidable que la otra parte, la de las confrontaciones, no se diera. Sostuvieron la invocaci\u00f3n a las urnas y, con absoluta conjetura, merecidamente festejaron. Eso fue hasta ayer. No obstante, hasta el traspaso del mando, es decir el 10 de diciembre, ser\u00e1 m\u00ednimamente, un tiempo de especulaciones y, si es que dejan a los vencedores acomodarse en los sillones.<\/p>\n\n\n\n<p class=\"wp-block-paragraph\"><\/p>\n\n\n\n<figure class=\"wp-block-image size-full\"><img data-recalc-dims=\"1\" decoding=\"async\" width=\"1024\" height=\"768\" src=\"https:\/\/i0.wp.com\/elregionalvm.com.ar\/noticias-villa-maria\/wp-content\/uploads\/2021\/08\/Congreso-pensador-plaza-estatua.jpg?resize=1024%2C768&#038;ssl=1\" alt=\"\" class=\"wp-image-42655\" srcset=\"https:\/\/i0.wp.com\/elregionalvm.com.ar\/noticias-villa-maria\/wp-content\/uploads\/2021\/08\/Congreso-pensador-plaza-estatua.jpg?w=1024&amp;ssl=1 1024w, https:\/\/i0.wp.com\/elregionalvm.com.ar\/noticias-villa-maria\/wp-content\/uploads\/2021\/08\/Congreso-pensador-plaza-estatua.jpg?resize=300%2C225&amp;ssl=1 300w, https:\/\/i0.wp.com\/elregionalvm.com.ar\/noticias-villa-maria\/wp-content\/uploads\/2021\/08\/Congreso-pensador-plaza-estatua.jpg?resize=768%2C576&amp;ssl=1 768w\" sizes=\"(max-width: 1000px) 100vw, 1000px\" \/><\/figure>\n\n\n\n<p class=\"wp-block-paragraph\"><\/p>\n\n\n\n<p class=\"wp-block-paragraph\">Poco probable pero no imposible. Los interrogantes se multiplican. Uno de ellos es que la mitad o m\u00e1s de las listas de los hombres que se sentar\u00e1n en las C\u00e1maras de Diputados y Senadores como representantes del flamante mandatario, aseguran que fueron o son, hombres del Massismo. Del Frente Renovador. Que Massa los ubic\u00f3 en las mismas. \u00a0<\/p>\n\n\n\n<p class=\"wp-block-paragraph\"><\/p>\n\n\n\n<figure class=\"wp-block-pullquote\"><blockquote><p><strong>Milei logr\u00f3 el apoyo electoral de la ciudadan\u00eda, pero no cuenta con la elemental estructura humana de funcionarios para esparcirlos a lo largo y ancho del pa\u00eds<\/strong><\/p><\/blockquote><\/figure>\n\n\n\n<p class=\"wp-block-paragraph\"><\/p>\n\n\n\n<p class=\"wp-block-paragraph\">Cuidado con los festejos sin mirar el futuro. \u00a0Milei logr\u00f3 el apoyo electoral de la ciudadan\u00eda, pero no cuenta con la elemental estructura humana de funcionarios para esparcirlos a lo largo y ancho del pa\u00eds.<\/p>\n\n\n\n<p class=\"wp-block-paragraph\">Muy posiblemente, tambi\u00e9n all\u00ed \u201ccolabore\u201d el Massismo-kirchnerismo aportando los propios y gente que impondr\u00e1 seguramente por parte quien viene moviendo los hilos de la estrategia, Mauricio Macri y sus acompa\u00f1antes.<\/p>\n\n\n\n<p class=\"wp-block-paragraph\">De nuevo, poco y nada. La casta seguir\u00e1 en pleno. A cuarenta a\u00f1os de democracia, volvimos a vivir un triunfo que la sociedad consider\u00f3 imprescindible, justo y necesario. Sin embargo, el poder, el verdadero poder, mantiene sus islas en tierras bonaerenses.<\/p>\n\n\n\n<p class=\"wp-block-paragraph\">Ese territorio es donde se definen las elecciones. Mientras todo dependa de ellos continuaremos hundi\u00e9ndonos en la m\u00e1s impiadosa ci\u00e9naga que no nos permite ver desarrollar al pa\u00eds. De aqu\u00ed en m\u00e1s no alcanza con celebrar la derrota de Massa, sino de perforar a esta democracia \u2013 con tantos flancos de permisividad) y alentar hacia una gobernabilidad que debemos cuidar entre todos.<\/p>\n\n\n\n<p class=\"wp-block-paragraph\"><\/p>\n\n\n\n<p class=\"wp-block-paragraph\"><\/p>\n\n\n\n<figure class=\"wp-block-image size-large\"><img data-recalc-dims=\"1\" loading=\"lazy\" decoding=\"async\" width=\"1024\" height=\"631\" src=\"https:\/\/i0.wp.com\/elregionalvm.com.ar\/noticias-villa-maria\/wp-content\/uploads\/2023\/09\/Javier-Milei-brazos-levantados.jpg?resize=1024%2C631&#038;ssl=1\" alt=\"\" class=\"wp-image-82480\" srcset=\"https:\/\/i0.wp.com\/elregionalvm.com.ar\/noticias-villa-maria\/wp-content\/uploads\/2023\/09\/Javier-Milei-brazos-levantados.jpg?resize=1024%2C631&amp;ssl=1 1024w, https:\/\/i0.wp.com\/elregionalvm.com.ar\/noticias-villa-maria\/wp-content\/uploads\/2023\/09\/Javier-Milei-brazos-levantados.jpg?resize=300%2C185&amp;ssl=1 300w, https:\/\/i0.wp.com\/elregionalvm.com.ar\/noticias-villa-maria\/wp-content\/uploads\/2023\/09\/Javier-Milei-brazos-levantados.jpg?resize=768%2C473&amp;ssl=1 768w, https:\/\/i0.wp.com\/elregionalvm.com.ar\/noticias-villa-maria\/wp-content\/uploads\/2023\/09\/Javier-Milei-brazos-levantados.jpg?w=1200&amp;ssl=1 1200w\" sizes=\"(max-width: 1000px) 100vw, 1000px\" \/><\/figure>\n\n\n\n<p class=\"wp-block-paragraph\"><\/p>\n\n\n\n<p class=\"wp-block-paragraph\"><\/p>\n\n\n\n<p class=\"wp-block-paragraph\">Javier Milei es el nuevo Presidente. Esas son las reglas de juego. Que pueda gobernar, tambi\u00e9n es responsabilidad de la ciudadan\u00eda. De todos y cada uno de los que apuesta o apostamos a una Rep\u00fablica con alternancias e independencia de los poderes. A no dormirse. Elevarse demasiado baja sue\u00f1o.<\/p>\n\n\n\n<p class=\"wp-block-paragraph\">Ya empieza la transici\u00f3n y los mercados internacionales ma\u00f1ana dar\u00e1n se\u00f1ales \u201cverdes\u201d que no podemos obviar.<\/p>\n\n\n\n<p class=\"wp-block-paragraph\"><strong>Otra cuesti\u00f3n, se teme que estamos muy cerca de una muy probable acefal\u00eda del actual gobierno debido a un posible pedido de licencias por viajes de CFK y de Alberto Fern\u00e1ndez\u2026 <\/strong><\/p>\n\n\n\n<p class=\"wp-block-paragraph\"><strong>Tormentoso futuro.<\/strong> \u00a0\u00a0\u00a0\u00a0\u00a0\u00a0\u00a0<\/p>\n\n\n\n<p class=\"wp-block-paragraph\"><\/p>\n\n\n\n<p class=\"wp-block-paragraph\"><\/p>\n\n\n\n<h3 class=\"wp-block-heading\"><strong>Tambi\u00e9n pod\u00e9s ver:<\/strong><\/h3>\n\n\n\n<p class=\"wp-block-paragraph\"><\/p>\n\n\n\n<p class=\"wp-block-paragraph\"><\/p>\n\n\n\n<figure class=\"wp-block-embed is-type-wp-embed is-provider-el-regional wp-block-embed-el-regional\"><div class=\"wp-block-embed__wrapper\">\n<blockquote class=\"wp-embedded-content\" data-secret=\"Op6PhIugHx\"><a href=\"https:\/\/elregionalvm.com.ar\/noticias-villa-maria\/rugio-el-leon-milei-es-el-presidente-electo-de-argentina\/\">Rugi\u00f3 el Le\u00f3n: Milei es el presidente electo de Argentina<\/a><\/blockquote><iframe class=\"wp-embedded-content\" sandbox=\"allow-scripts\" security=\"restricted\" style=\"position: absolute; clip: rect(1px, 1px, 1px, 1px);\" title=\"\u00abRugi\u00f3 el Le\u00f3n: Milei es el presidente electo de Argentina\u00bb \u2014 El Regional\" src=\"https:\/\/elregionalvm.com.ar\/noticias-villa-maria\/rugio-el-leon-milei-es-el-presidente-electo-de-argentina\/embed\/#?secret=pIgIVZFTkm#?secret=Op6PhIugHx\" data-secret=\"Op6PhIugHx\" width=\"500\" height=\"282\" frameborder=\"0\" marginwidth=\"0\" marginheight=\"0\" scrolling=\"no\"><\/iframe>\n<\/div><\/figure>\n","protected":false},"excerpt":{"rendered":"<p>Exponencial triunfo de los Libertarios Escribe: Miguel Andreis El l\u00edder libertario se llev\u00f3 el colosal resultado de las urnas que lo ubicar\u00e1n despu\u00e9s del 10 de diciembre, como Presidente de la Naci\u00f3n. Una enorme porci\u00f3n de la sociedad argentina, hastiada de un manejo discrecional del peronismo- kirchnerismo por m\u00e1s de 20 a\u00f1os, opt\u00f3 en su [&hellip;]<\/p>\n","protected":false},"author":4,"featured_media":82481,"comment_status":"open","ping_status":"open","sticky":false,"template":"","format":"standard","meta":{"site-sidebar-layout":"default","site-content-layout":"","ast-site-content-layout":"default","site-content-style":"default","site-sidebar-style":"default","ast-global-header-display":"","ast-banner-title-visibility":"","ast-main-header-display":"","ast-hfb-above-header-display":"","ast-hfb-below-header-display":"","ast-hfb-mobile-header-display":"","site-post-title":"","ast-breadcrumbs-content":"","ast-featured-img":"","footer-sml-layout":"","ast-disable-related-posts":"","theme-transparent-header-meta":"","adv-header-id-meta":"","stick-header-meta":"","header-above-stick-meta":"","header-main-stick-meta":"","header-below-stick-meta":"","astra-migrate-meta-layouts":"set","ast-page-background-enabled":"default","ast-page-background-meta":{"desktop":{"background-color":"","background-image":"","background-repeat":"repeat","background-position":"center center","background-size":"auto","background-attachment":"scroll","background-type":"","background-media":"","overlay-type":"","overlay-color":"","overlay-opacity":"","overlay-gradient":""},"tablet":{"background-color":"","background-image":"","background-repeat":"repeat","background-position":"center center","background-size":"auto","background-attachment":"scroll","background-type":"","background-media":"","overlay-type":"","overlay-color":"","overlay-opacity":"","overlay-gradient":""},"mobile":{"background-color":"","background-image":"","background-repeat":"repeat","background-position":"center center","background-size":"auto","background-attachment":"scroll","background-type":"","background-media":"","overlay-type":"","overlay-color":"","overlay-opacity":"","overlay-gradient":""}},"ast-content-background-meta":{"desktop":{"background-color":"var(--ast-global-color-5)","background-image":"","background-repeat":"repeat","background-position":"center center","background-size":"auto","background-attachment":"scroll","background-type":"","background-media":"","overlay-type":"","overlay-color":"","overlay-opacity":"","overlay-gradient":""},"tablet":{"background-color":"var(--ast-global-color-5)","background-image":"","background-repeat":"repeat","background-position":"center center","background-size":"auto","background-attachment":"scroll","background-type":"","background-media":"","overlay-type":"","overlay-color":"","overlay-opacity":"","overlay-gradient":""},"mobile":{"background-color":"var(--ast-global-color-5)","background-image":"","background-repeat":"repeat","background-position":"center center","background-size":"auto","background-attachment":"scroll","background-type":"","background-media":"","overlay-type":"","overlay-color":"","overlay-opacity":"","overlay-gradient":""}},"_jetpack_newsletter_access":"","_jetpack_dont_email_post_to_subs":false,"_jetpack_newsletter_tier_id":0,"_jetpack_memberships_contains_paywalled_content":false,"_jetpack_memberships_contains_paid_content":false,"_joinchat":[],"footnotes":""},"categories":[365,3557],"tags":[18566,367,8114,673,15352,44,59],"class_list":["post-86052","post","type-post","status-publish","format-standard","has-post-thumbnail","hentry","category-opinion","category-tercera","tag-balotaje","tag-buenos-aires","tag-conurbano","tag-massa","tag-milei","tag-poder","tag-presidente"],"yoast_head":"<!-- This site is optimized with the Yoast SEO plugin v28.4 - https:\/\/yoast.com\/product\/yoast-seo-wordpress\/ -->\n<title>[El Deschave] Javier Milei, nuevo presidente: El peronismo perdi\u00f3 el gobierno, \u00bfy el poder? - El Regional<\/title>\n<meta name=\"robots\" content=\"index, follow, max-snippet:-1, max-image-preview:large, max-video-preview:-1\" \/>\n<link rel=\"canonical\" href=\"https:\/\/elregionalvm.com.ar\/noticias-villa-maria\/el-deschave-javier-milei-nuevo-presidente-el-peronismo-perdio-el-gobierno-y-el-poder\/\" \/>\n<meta property=\"og:locale\" content=\"es_ES\" \/>\n<meta property=\"og:type\" content=\"article\" \/>\n<meta property=\"og:title\" content=\"[El Deschave] Javier Milei, nuevo presidente: El peronismo perdi\u00f3 el gobierno, \u00bfy el poder? - El Regional\" \/>\n<meta property=\"og:description\" content=\"Exponencial triunfo de los Libertarios Escribe: Miguel Andreis El l\u00edder libertario se llev\u00f3 el colosal resultado de las urnas que lo ubicar\u00e1n despu\u00e9s del 10 de diciembre, como Presidente de la Naci\u00f3n. Una enorme porci\u00f3n de la sociedad argentina, hastiada de un manejo discrecional del peronismo- kirchnerismo por m\u00e1s de 20 a\u00f1os, opt\u00f3 en su [&hellip;]\" \/>\n<meta property=\"og:url\" content=\"https:\/\/elregionalvm.com.ar\/noticias-villa-maria\/el-deschave-javier-milei-nuevo-presidente-el-peronismo-perdio-el-gobierno-y-el-poder\/\" \/>\n<meta property=\"og:site_name\" content=\"El Regional\" \/>\n<meta property=\"article:publisher\" content=\"https:\/\/www.facebook.com\/elregionalvm\" \/>\n<meta property=\"article:published_time\" content=\"2023-11-20T04:24:03+00:00\" \/>\n<meta property=\"article:modified_time\" content=\"2023-11-22T22:00:36+00:00\" \/>\n<meta property=\"og:image\" content=\"https:\/\/elregionalvm.com.ar\/noticias-villa-maria\/wp-content\/uploads\/2023\/09\/javier-milei-atril-agita-tribuna.jpg\" \/>\n\t<meta property=\"og:image:width\" content=\"1280\" \/>\n\t<meta property=\"og:image:height\" content=\"720\" \/>\n\t<meta property=\"og:image:type\" content=\"image\/jpeg\" \/>\n<meta name=\"author\" content=\"Contenidos El Regional\" \/>\n<meta name=\"twitter:card\" content=\"summary_large_image\" \/>\n<meta name=\"twitter:creator\" content=\"@elregionalvm1\" \/>\n<meta name=\"twitter:site\" content=\"@elregionalvm1\" \/>\n<meta name=\"twitter:label1\" content=\"Escrito por\" \/>\n\t<meta name=\"twitter:data1\" content=\"Contenidos El Regional\" \/>\n\t<meta name=\"twitter:label2\" content=\"Tiempo de lectura\" \/>\n\t<meta name=\"twitter:data2\" content=\"6 minutos\" \/>\n<script type=\"application\/ld+json\" class=\"yoast-schema-graph\">{\"@context\":\"https:\\\/\\\/schema.org\",\"@graph\":[{\"@type\":\"Article\",\"@id\":\"https:\\\/\\\/elregionalvm.com.ar\\\/noticias-villa-maria\\\/el-deschave-javier-milei-nuevo-presidente-el-peronismo-perdio-el-gobierno-y-el-poder\\\/#article\",\"isPartOf\":{\"@id\":\"https:\\\/\\\/elregionalvm.com.ar\\\/noticias-villa-maria\\\/el-deschave-javier-milei-nuevo-presidente-el-peronismo-perdio-el-gobierno-y-el-poder\\\/\"},\"author\":{\"name\":\"Contenidos El Regional\",\"@id\":\"http:\\\/\\\/elregionalvm.com.ar\\\/noticias-villa-maria\\\/#\\\/schema\\\/person\\\/a0fb9c422317faca23d50163151bc354\"},\"headline\":\"[El Deschave] Javier Milei, nuevo presidente: El peronismo perdi\u00f3 el gobierno, \u00bfy el poder?\",\"datePublished\":\"2023-11-20T04:24:03+00:00\",\"dateModified\":\"2023-11-22T22:00:36+00:00\",\"mainEntityOfPage\":{\"@id\":\"https:\\\/\\\/elregionalvm.com.ar\\\/noticias-villa-maria\\\/el-deschave-javier-milei-nuevo-presidente-el-peronismo-perdio-el-gobierno-y-el-poder\\\/\"},\"wordCount\":1085,\"commentCount\":0,\"image\":{\"@id\":\"https:\\\/\\\/elregionalvm.com.ar\\\/noticias-villa-maria\\\/el-deschave-javier-milei-nuevo-presidente-el-peronismo-perdio-el-gobierno-y-el-poder\\\/#primaryimage\"},\"thumbnailUrl\":\"https:\\\/\\\/i0.wp.com\\\/elregionalvm.com.ar\\\/noticias-villa-maria\\\/wp-content\\\/uploads\\\/2023\\\/09\\\/javier-milei-atril-agita-tribuna.jpg?fit=1280%2C720&ssl=1\",\"keywords\":[\"balotaje\",\"Buenos Aires\",\"Conurbano\",\"Massa\",\"Milei\",\"poder\",\"Presidente\"],\"articleSection\":[\"Opini\u00f3n\",\"tercera\"],\"inLanguage\":\"es\",\"potentialAction\":[{\"@type\":\"CommentAction\",\"name\":\"Comment\",\"target\":[\"https:\\\/\\\/elregionalvm.com.ar\\\/noticias-villa-maria\\\/el-deschave-javier-milei-nuevo-presidente-el-peronismo-perdio-el-gobierno-y-el-poder\\\/#respond\"]}]},{\"@type\":\"WebPage\",\"@id\":\"https:\\\/\\\/elregionalvm.com.ar\\\/noticias-villa-maria\\\/el-deschave-javier-milei-nuevo-presidente-el-peronismo-perdio-el-gobierno-y-el-poder\\\/\",\"url\":\"https:\\\/\\\/elregionalvm.com.ar\\\/noticias-villa-maria\\\/el-deschave-javier-milei-nuevo-presidente-el-peronismo-perdio-el-gobierno-y-el-poder\\\/\",\"name\":\"[El Deschave] Javier Milei, nuevo presidente: El peronismo perdi\u00f3 el gobierno, \u00bfy el poder? - El Regional\",\"isPartOf\":{\"@id\":\"http:\\\/\\\/elregionalvm.com.ar\\\/noticias-villa-maria\\\/#website\"},\"primaryImageOfPage\":{\"@id\":\"https:\\\/\\\/elregionalvm.com.ar\\\/noticias-villa-maria\\\/el-deschave-javier-milei-nuevo-presidente-el-peronismo-perdio-el-gobierno-y-el-poder\\\/#primaryimage\"},\"image\":{\"@id\":\"https:\\\/\\\/elregionalvm.com.ar\\\/noticias-villa-maria\\\/el-deschave-javier-milei-nuevo-presidente-el-peronismo-perdio-el-gobierno-y-el-poder\\\/#primaryimage\"},\"thumbnailUrl\":\"https:\\\/\\\/i0.wp.com\\\/elregionalvm.com.ar\\\/noticias-villa-maria\\\/wp-content\\\/uploads\\\/2023\\\/09\\\/javier-milei-atril-agita-tribuna.jpg?fit=1280%2C720&ssl=1\",\"datePublished\":\"2023-11-20T04:24:03+00:00\",\"dateModified\":\"2023-11-22T22:00:36+00:00\",\"author\":{\"@id\":\"http:\\\/\\\/elregionalvm.com.ar\\\/noticias-villa-maria\\\/#\\\/schema\\\/person\\\/a0fb9c422317faca23d50163151bc354\"},\"breadcrumb\":{\"@id\":\"https:\\\/\\\/elregionalvm.com.ar\\\/noticias-villa-maria\\\/el-deschave-javier-milei-nuevo-presidente-el-peronismo-perdio-el-gobierno-y-el-poder\\\/#breadcrumb\"},\"inLanguage\":\"es\",\"potentialAction\":[{\"@type\":\"ReadAction\",\"target\":[\"https:\\\/\\\/elregionalvm.com.ar\\\/noticias-villa-maria\\\/el-deschave-javier-milei-nuevo-presidente-el-peronismo-perdio-el-gobierno-y-el-poder\\\/\"]}]},{\"@type\":\"ImageObject\",\"inLanguage\":\"es\",\"@id\":\"https:\\\/\\\/elregionalvm.com.ar\\\/noticias-villa-maria\\\/el-deschave-javier-milei-nuevo-presidente-el-peronismo-perdio-el-gobierno-y-el-poder\\\/#primaryimage\",\"url\":\"https:\\\/\\\/i0.wp.com\\\/elregionalvm.com.ar\\\/noticias-villa-maria\\\/wp-content\\\/uploads\\\/2023\\\/09\\\/javier-milei-atril-agita-tribuna.jpg?fit=1280%2C720&ssl=1\",\"contentUrl\":\"https:\\\/\\\/i0.wp.com\\\/elregionalvm.com.ar\\\/noticias-villa-maria\\\/wp-content\\\/uploads\\\/2023\\\/09\\\/javier-milei-atril-agita-tribuna.jpg?fit=1280%2C720&ssl=1\",\"width\":1280,\"height\":720},{\"@type\":\"BreadcrumbList\",\"@id\":\"https:\\\/\\\/elregionalvm.com.ar\\\/noticias-villa-maria\\\/el-deschave-javier-milei-nuevo-presidente-el-peronismo-perdio-el-gobierno-y-el-poder\\\/#breadcrumb\",\"itemListElement\":[{\"@type\":\"ListItem\",\"position\":1,\"name\":\"Portada\",\"item\":\"https:\\\/\\\/elregionalvm.com.ar\\\/noticias-villa-maria\\\/\"},{\"@type\":\"ListItem\",\"position\":2,\"name\":\"[El Deschave] Javier Milei, nuevo presidente: El peronismo perdi\u00f3 el gobierno, \u00bfy el poder?\"}]},{\"@type\":\"WebSite\",\"@id\":\"http:\\\/\\\/elregionalvm.com.ar\\\/noticias-villa-maria\\\/#website\",\"url\":\"http:\\\/\\\/elregionalvm.com.ar\\\/noticias-villa-maria\\\/\",\"name\":\"El Regional\",\"description\":\"Mucho m\u00e1s que informaci\u00f3n\",\"potentialAction\":[{\"@type\":\"SearchAction\",\"target\":{\"@type\":\"EntryPoint\",\"urlTemplate\":\"http:\\\/\\\/elregionalvm.com.ar\\\/noticias-villa-maria\\\/?s={search_term_string}\"},\"query-input\":{\"@type\":\"PropertyValueSpecification\",\"valueRequired\":true,\"valueName\":\"search_term_string\"}}],\"inLanguage\":\"es\"},{\"@type\":\"Person\",\"@id\":\"http:\\\/\\\/elregionalvm.com.ar\\\/noticias-villa-maria\\\/#\\\/schema\\\/person\\\/a0fb9c422317faca23d50163151bc354\",\"name\":\"Contenidos El Regional\",\"image\":{\"@type\":\"ImageObject\",\"inLanguage\":\"es\",\"@id\":\"https:\\\/\\\/secure.gravatar.com\\\/avatar\\\/265b27cb2209af7bb3a1318f03305787d7981a5cc6e6cd08fe5a4ecdf99d4b48?s=96&d=mm&r=g\",\"url\":\"https:\\\/\\\/secure.gravatar.com\\\/avatar\\\/265b27cb2209af7bb3a1318f03305787d7981a5cc6e6cd08fe5a4ecdf99d4b48?s=96&d=mm&r=g\",\"contentUrl\":\"https:\\\/\\\/secure.gravatar.com\\\/avatar\\\/265b27cb2209af7bb3a1318f03305787d7981a5cc6e6cd08fe5a4ecdf99d4b48?s=96&d=mm&r=g\",\"caption\":\"Contenidos El Regional\"},\"url\":\"https:\\\/\\\/elregionalvm.com.ar\\\/noticias-villa-maria\\\/author\\\/contenido\\\/\"}]}<\/script>\n<!-- \/ Yoast SEO plugin. -->","yoast_head_json":{"title":"[El Deschave] Javier Milei, nuevo presidente: El peronismo perdi\u00f3 el gobierno, \u00bfy el poder? - El Regional","robots":{"index":"index","follow":"follow","max-snippet":"max-snippet:-1","max-image-preview":"max-image-preview:large","max-video-preview":"max-video-preview:-1"},"canonical":"https:\/\/elregionalvm.com.ar\/noticias-villa-maria\/el-deschave-javier-milei-nuevo-presidente-el-peronismo-perdio-el-gobierno-y-el-poder\/","og_locale":"es_ES","og_type":"article","og_title":"[El Deschave] Javier Milei, nuevo presidente: El peronismo perdi\u00f3 el gobierno, \u00bfy el poder? - El Regional","og_description":"Exponencial triunfo de los Libertarios Escribe: Miguel Andreis El l\u00edder libertario se llev\u00f3 el colosal resultado de las urnas que lo ubicar\u00e1n despu\u00e9s del 10 de diciembre, como Presidente de la Naci\u00f3n. Una enorme porci\u00f3n de la sociedad argentina, hastiada de un manejo discrecional del peronismo- kirchnerismo por m\u00e1s de 20 a\u00f1os, opt\u00f3 en su [&hellip;]","og_url":"https:\/\/elregionalvm.com.ar\/noticias-villa-maria\/el-deschave-javier-milei-nuevo-presidente-el-peronismo-perdio-el-gobierno-y-el-poder\/","og_site_name":"El Regional","article_publisher":"https:\/\/www.facebook.com\/elregionalvm","article_published_time":"2023-11-20T04:24:03+00:00","article_modified_time":"2023-11-22T22:00:36+00:00","og_image":[{"width":1280,"height":720,"url":"https:\/\/elregionalvm.com.ar\/noticias-villa-maria\/wp-content\/uploads\/2023\/09\/javier-milei-atril-agita-tribuna.jpg","type":"image\/jpeg"}],"author":"Contenidos El Regional","twitter_card":"summary_large_image","twitter_creator":"@elregionalvm1","twitter_site":"@elregionalvm1","twitter_misc":{"Escrito por":"Contenidos El Regional","Tiempo de lectura":"6 minutos"},"schema":{"@context":"https:\/\/schema.org","@graph":[{"@type":"Article","@id":"https:\/\/elregionalvm.com.ar\/noticias-villa-maria\/el-deschave-javier-milei-nuevo-presidente-el-peronismo-perdio-el-gobierno-y-el-poder\/#article","isPartOf":{"@id":"https:\/\/elregionalvm.com.ar\/noticias-villa-maria\/el-deschave-javier-milei-nuevo-presidente-el-peronismo-perdio-el-gobierno-y-el-poder\/"},"author":{"name":"Contenidos El Regional","@id":"http:\/\/elregionalvm.com.ar\/noticias-villa-maria\/#\/schema\/person\/a0fb9c422317faca23d50163151bc354"},"headline":"[El Deschave] Javier Milei, nuevo presidente: El peronismo perdi\u00f3 el gobierno, \u00bfy el poder?","datePublished":"2023-11-20T04:24:03+00:00","dateModified":"2023-11-22T22:00:36+00:00","mainEntityOfPage":{"@id":"https:\/\/elregionalvm.com.ar\/noticias-villa-maria\/el-deschave-javier-milei-nuevo-presidente-el-peronismo-perdio-el-gobierno-y-el-poder\/"},"wordCount":1085,"commentCount":0,"image":{"@id":"https:\/\/elregionalvm.com.ar\/noticias-villa-maria\/el-deschave-javier-milei-nuevo-presidente-el-peronismo-perdio-el-gobierno-y-el-poder\/#primaryimage"},"thumbnailUrl":"https:\/\/i0.wp.com\/elregionalvm.com.ar\/noticias-villa-maria\/wp-content\/uploads\/2023\/09\/javier-milei-atril-agita-tribuna.jpg?fit=1280%2C720&ssl=1","keywords":["balotaje","Buenos Aires","Conurbano","Massa","Milei","poder","Presidente"],"articleSection":["Opini\u00f3n","tercera"],"inLanguage":"es","potentialAction":[{"@type":"CommentAction","name":"Comment","target":["https:\/\/elregionalvm.com.ar\/noticias-villa-maria\/el-deschave-javier-milei-nuevo-presidente-el-peronismo-perdio-el-gobierno-y-el-poder\/#respond"]}]},{"@type":"WebPage","@id":"https:\/\/elregionalvm.com.ar\/noticias-villa-maria\/el-deschave-javier-milei-nuevo-presidente-el-peronismo-perdio-el-gobierno-y-el-poder\/","url":"https:\/\/elregionalvm.com.ar\/noticias-villa-maria\/el-deschave-javier-milei-nuevo-presidente-el-peronismo-perdio-el-gobierno-y-el-poder\/","name":"[El Deschave] Javier Milei, nuevo presidente: El peronismo perdi\u00f3 el gobierno, \u00bfy el poder? - El Regional","isPartOf":{"@id":"http:\/\/elregionalvm.com.ar\/noticias-villa-maria\/#website"},"primaryImageOfPage":{"@id":"https:\/\/elregionalvm.com.ar\/noticias-villa-maria\/el-deschave-javier-milei-nuevo-presidente-el-peronismo-perdio-el-gobierno-y-el-poder\/#primaryimage"},"image":{"@id":"https:\/\/elregionalvm.com.ar\/noticias-villa-maria\/el-deschave-javier-milei-nuevo-presidente-el-peronismo-perdio-el-gobierno-y-el-poder\/#primaryimage"},"thumbnailUrl":"https:\/\/i0.wp.com\/elregionalvm.com.ar\/noticias-villa-maria\/wp-content\/uploads\/2023\/09\/javier-milei-atril-agita-tribuna.jpg?fit=1280%2C720&ssl=1","datePublished":"2023-11-20T04:24:03+00:00","dateModified":"2023-11-22T22:00:36+00:00","author":{"@id":"http:\/\/elregionalvm.com.ar\/noticias-villa-maria\/#\/schema\/person\/a0fb9c422317faca23d50163151bc354"},"breadcrumb":{"@id":"https:\/\/elregionalvm.com.ar\/noticias-villa-maria\/el-deschave-javier-milei-nuevo-presidente-el-peronismo-perdio-el-gobierno-y-el-poder\/#breadcrumb"},"inLanguage":"es","potentialAction":[{"@type":"ReadAction","target":["https:\/\/elregionalvm.com.ar\/noticias-villa-maria\/el-deschave-javier-milei-nuevo-presidente-el-peronismo-perdio-el-gobierno-y-el-poder\/"]}]},{"@type":"ImageObject","inLanguage":"es","@id":"https:\/\/elregionalvm.com.ar\/noticias-villa-maria\/el-deschave-javier-milei-nuevo-presidente-el-peronismo-perdio-el-gobierno-y-el-poder\/#primaryimage","url":"https:\/\/i0.wp.com\/elregionalvm.com.ar\/noticias-villa-maria\/wp-content\/uploads\/2023\/09\/javier-milei-atril-agita-tribuna.jpg?fit=1280%2C720&ssl=1","contentUrl":"https:\/\/i0.wp.com\/elregionalvm.com.ar\/noticias-villa-maria\/wp-content\/uploads\/2023\/09\/javier-milei-atril-agita-tribuna.jpg?fit=1280%2C720&ssl=1","width":1280,"height":720},{"@type":"BreadcrumbList","@id":"https:\/\/elregionalvm.com.ar\/noticias-villa-maria\/el-deschave-javier-milei-nuevo-presidente-el-peronismo-perdio-el-gobierno-y-el-poder\/#breadcrumb","itemListElement":[{"@type":"ListItem","position":1,"name":"Portada","item":"https:\/\/elregionalvm.com.ar\/noticias-villa-maria\/"},{"@type":"ListItem","position":2,"name":"[El Deschave] Javier Milei, nuevo presidente: El peronismo perdi\u00f3 el gobierno, \u00bfy el poder?"}]},{"@type":"WebSite","@id":"http:\/\/elregionalvm.com.ar\/noticias-villa-maria\/#website","url":"http:\/\/elregionalvm.com.ar\/noticias-villa-maria\/","name":"El Regional","description":"Mucho m\u00e1s que informaci\u00f3n","potentialAction":[{"@type":"SearchAction","target":{"@type":"EntryPoint","urlTemplate":"http:\/\/elregionalvm.com.ar\/noticias-villa-maria\/?s={search_term_string}"},"query-input":{"@type":"PropertyValueSpecification","valueRequired":true,"valueName":"search_term_string"}}],"inLanguage":"es"},{"@type":"Person","@id":"http:\/\/elregionalvm.com.ar\/noticias-villa-maria\/#\/schema\/person\/a0fb9c422317faca23d50163151bc354","name":"Contenidos El Regional","image":{"@type":"ImageObject","inLanguage":"es","@id":"https:\/\/secure.gravatar.com\/avatar\/265b27cb2209af7bb3a1318f03305787d7981a5cc6e6cd08fe5a4ecdf99d4b48?s=96&d=mm&r=g","url":"https:\/\/secure.gravatar.com\/avatar\/265b27cb2209af7bb3a1318f03305787d7981a5cc6e6cd08fe5a4ecdf99d4b48?s=96&d=mm&r=g","contentUrl":"https:\/\/secure.gravatar.com\/avatar\/265b27cb2209af7bb3a1318f03305787d7981a5cc6e6cd08fe5a4ecdf99d4b48?s=96&d=mm&r=g","caption":"Contenidos El Regional"},"url":"https:\/\/elregionalvm.com.ar\/noticias-villa-maria\/author\/contenido\/"}]}},"jetpack_sharing_enabled":true,"jetpack_featured_media_url":"https:\/\/i0.wp.com\/elregionalvm.com.ar\/noticias-villa-maria\/wp-content\/uploads\/2023\/09\/javier-milei-atril-agita-tribuna.jpg?fit=1280%2C720&ssl=1","_links":{"self":[{"href":"https:\/\/elregionalvm.com.ar\/noticias-villa-maria\/wp-json\/wp\/v2\/posts\/86052","targetHints":{"allow":["GET"]}}],"collection":[{"href":"https:\/\/elregionalvm.com.ar\/noticias-villa-maria\/wp-json\/wp\/v2\/posts"}],"about":[{"href":"https:\/\/elregionalvm.com.ar\/noticias-villa-maria\/wp-json\/wp\/v2\/types\/post"}],"author":[{"embeddable":true,"href":"https:\/\/elregionalvm.com.ar\/noticias-villa-maria\/wp-json\/wp\/v2\/users\/4"}],"replies":[{"embeddable":true,"href":"https:\/\/elregionalvm.com.ar\/noticias-villa-maria\/wp-json\/wp\/v2\/comments?post=86052"}],"version-history":[{"count":2,"href":"https:\/\/elregionalvm.com.ar\/noticias-villa-maria\/wp-json\/wp\/v2\/posts\/86052\/revisions"}],"predecessor-version":[{"id":86054,"href":"https:\/\/elregionalvm.com.ar\/noticias-villa-maria\/wp-json\/wp\/v2\/posts\/86052\/revisions\/86054"}],"wp:featuredmedia":[{"embeddable":true,"href":"https:\/\/elregionalvm.com.ar\/noticias-villa-maria\/wp-json\/wp\/v2\/media\/82481"}],"wp:attachment":[{"href":"https:\/\/elregionalvm.com.ar\/noticias-villa-maria\/wp-json\/wp\/v2\/media?parent=86052"}],"wp:term":[{"taxonomy":"category","embeddable":true,"href":"https:\/\/elregionalvm.com.ar\/noticias-villa-maria\/wp-json\/wp\/v2\/categories?post=86052"},{"taxonomy":"post_tag","embeddable":true,"href":"https:\/\/elregionalvm.com.ar\/noticias-villa-maria\/wp-json\/wp\/v2\/tags?post=86052"}],"curies":[{"name":"wp","href":"https:\/\/api.w.org\/{rel}","templated":true}]}}