{"id":86133,"date":"2023-11-22T03:48:01","date_gmt":"2023-11-22T03:48:01","guid":{"rendered":"https:\/\/elregionalvm.com.ar\/noticias-villa-maria\/?p=86133"},"modified":"2023-11-23T02:52:35","modified_gmt":"2023-11-23T02:52:35","slug":"historias-esta-que-se-parte-africa-quedara-dividida-en-dos-por-una-gran-grieta","status":"publish","type":"post","link":"https:\/\/elregionalvm.com.ar\/noticias-villa-maria\/historias-esta-que-se-parte-africa-quedara-dividida-en-dos-por-una-gran-grieta\/","title":{"rendered":"[Historias] \u00a1Est\u00e1 que se parte! \u00c1frica quedar\u00e1 dividida en dos por una gran grieta"},"content":{"rendered":"\n<p><\/p>\n\n\n\n<h3 class=\"wp-block-heading\"><strong>S\u00ed, ese continente donde se teoriza que empez\u00f3 la historia de nuestra especie y cuya gran extensi\u00f3n \u2013al menos una parte considerable- qued\u00f3 atrapada y olvidada en el tiempo (junto a sus habitantes), ser\u00e1 nuevamente protagonista de otro nacimiento espectacular, y esta vez surgir\u00e1 desde lo m\u00e1s profundo de sus entra\u00f1as.<\/strong><\/h3>\n\n\n\n<p><\/p>\n\n\n\n<p><strong>Escribe: JULIO A. BEN\u00cdTEZ \u2013 benitezjulioalberto@gmail.com<\/strong><\/p>\n\n\n\n<p><\/p>\n\n\n\n<p>Es que el \u201cContinente Negro\u201d se est\u00e1 partiendo lenta pero inexorablemente, lo que har\u00e1 que \u00c1frica se divida en dos y generar\u00e1 un nuevo oc\u00e9ano, as\u00ed lo confirmaron cient\u00edficos de varios pa\u00edses, basados en nuevas mediciones satelitales.<\/p>\n\n\n\n<p>La clave de este descubrimiento fue el hallazgo, en 2005, de una grieta profunda de cientos de kil\u00f3metros a lo largo de un tramo \u00e1rido de la regi\u00f3n de Afar, en el Oriente del continente, y que, al pararse en el lugar exacto, las profundidades subterr\u00e1neas marcan esa divisi\u00f3n.<\/p>\n\n\n\n<p>Esta desolada extensi\u00f3n se asienta sobre la uni\u00f3n de tres placas tect\u00f3nicas que se separan muy lentamente, un complejo proceso geol\u00f3gico que, seg\u00fan los cient\u00edficos, eventualmente dividir\u00e1 \u00c1frica en dos y crear\u00e1 una nueva cuenca oce\u00e1nica, dentro de millones de a\u00f1os.<\/p>\n\n\n\n<p>Desde hace varias d\u00e9cadas se estudia el destino tect\u00f3nico de este continente, pero las nuevas mediciones satelitales est\u00e1n ayudando a los cient\u00edficos a comprender mejor la transici\u00f3n y ofrecen herramientas valiosas para analizar el nacimiento gradual de un nuevo oc\u00e9ano en uno de los lugares geol\u00f3gicamente \u00fanicos del planeta.<\/p>\n\n\n\n<p><\/p>\n\n\n\n<figure class=\"wp-block-image size-full is-resized\"><img data-recalc-dims=\"1\" fetchpriority=\"high\" decoding=\"async\" src=\"https:\/\/i0.wp.com\/elregionalvm.com.ar\/noticias-villa-maria\/wp-content\/uploads\/2023\/11\/Hyg4_9MiM_720x0__1.jpg?resize=907%2C574&#038;ssl=1\" alt=\"\" class=\"wp-image-86137\" width=\"907\" height=\"574\" srcset=\"https:\/\/i0.wp.com\/elregionalvm.com.ar\/noticias-villa-maria\/wp-content\/uploads\/2023\/11\/Hyg4_9MiM_720x0__1.jpg?w=720&amp;ssl=1 720w, https:\/\/i0.wp.com\/elregionalvm.com.ar\/noticias-villa-maria\/wp-content\/uploads\/2023\/11\/Hyg4_9MiM_720x0__1.jpg?resize=300%2C190&amp;ssl=1 300w\" sizes=\"(max-width: 907px) 100vw, 907px\" \/><\/figure>\n\n\n\n<p><\/p>\n\n\n\n<p>\u201cEste es el \u00fanico lugar en la tierra donde puedes estudiar c\u00f3mo la grieta continental se convierte en una grieta oce\u00e1nica\u201d, dijo Christopher Morre, Ph.D., estudiante de doctorado en la Universidad de Leeds en el Reino Unido, que ha estado trabajando con un radar satelital para monitorear la actividad volc\u00e1nica en \u00c1frica Oriental, que est\u00e1 asociada con la ruptura del continente.<\/p>\n\n\n\n<p>Se cree que el nuevo oc\u00e9ano tardar\u00e1 entre 5 y 10 millones de a\u00f1os en formarse, pero la ubicaci\u00f3n fortuita de la regi\u00f3n Afar en los l\u00edmites de las placas de Nubia, Somalia y Arabia, lo convierte en un laboratorio \u00fanico para estudiar procesos tect\u00f3nicos elaborados.<\/p>\n\n\n\n<p>La corteza terrestre est\u00e1 formada por una docena de dichas de dichas placas tect\u00f3nicas grandes, que son lozas de forma irregular, que, constantemente se aplastan, trepan, se deslizan o se separan unas de otras.<\/p>\n\n\n\n<p>Durante los \u00faltimos 30 millones de a\u00f1os, la placa \u00e1rabe se ha alejado de \u00c1frica, un proceso que cre\u00f3 el Mar Rojo y el Golfo de Ad\u00e9n, entre las dos masas de tierra conectadas. Pero la placa somal\u00ed en \u00c1frica oriental tambi\u00e9n se extiende lejos de la placa de Nubia, separ\u00e1ndose a lo largo del Valle del Rift (\u00c1frica Oriental), que se extiende a trav\u00e9s de Etiop\u00eda y Kenia.<\/p>\n\n\n\n<p><strong>Sat\u00e9lites y GPS<\/strong><\/p>\n\n\n\n<p>Pero todav\u00eda hay algunas grandes inc\u00f3gnitas, incluida la causa de que el continente se separe, dado que algunos estudiosos del tema piensan que una columna masiva de rocas sobrecalentadas, que se elevan del manto debajo del \u00c1frica Oriental, podr\u00eda estar impulsando la grieta continental de la regi\u00f3n.<\/p>\n\n\n\n<p>\u201cEn los \u00faltimos a\u00f1os, los instrumentos GPS han revolucionado este campo de investigaci\u00f3n, permitiendo a los cient\u00edficos realizar mediciones precisas de c\u00f3mo se mueve el suelo a trav\u00e9s del tiempo\u201d, -asegur\u00f3 Ken Macdonald- un cient\u00edfico marino y profesor em\u00e9rito de la Universidad de California en Santa B\u00e1rbara.<\/p>\n\n\n\n<p><\/p>\n\n\n\n<figure class=\"wp-block-image size-full is-resized\"><img data-recalc-dims=\"1\" decoding=\"async\" src=\"https:\/\/i0.wp.com\/elregionalvm.com.ar\/noticias-villa-maria\/wp-content\/uploads\/2023\/11\/BJxrO5Mjf_720x0__1.jpg?resize=906%2C564&#038;ssl=1\" alt=\"\" class=\"wp-image-86136\" width=\"906\" height=\"564\" srcset=\"https:\/\/i0.wp.com\/elregionalvm.com.ar\/noticias-villa-maria\/wp-content\/uploads\/2023\/11\/BJxrO5Mjf_720x0__1.jpg?w=720&amp;ssl=1 720w, https:\/\/i0.wp.com\/elregionalvm.com.ar\/noticias-villa-maria\/wp-content\/uploads\/2023\/11\/BJxrO5Mjf_720x0__1.jpg?resize=300%2C187&amp;ssl=1 300w\" sizes=\"(max-width: 906px) 100vw, 906px\" \/><\/figure>\n\n\n\n<p><\/p>\n\n\n\n<p>\u201cCon los GPS, se pueden medir las tasas de movimiento hasta unos pocos mil\u00edmetros por a\u00f1o- dijo Macdonald- y a medida que recibimos m\u00e1s y m\u00e1s mediciones con ese sistema, podemos tener una idea mucho mayor de lo que est\u00e1 sucediendo\u201d.\u00a0<\/p>\n\n\n\n<p>Las observaciones satelitales detalladas y combinadas con investigaciones de campo adicionales, tambi\u00e9n podr\u00edan ayudar a los cient\u00edficos a reconstruir lo que est\u00e1 sucediendo bajo tierra en esa regi\u00f3n, pero si el \u00e1rea es un laboratorio vivo para estudiar la grieta continental, el medio ambiente no lo hace f\u00e1cil.&nbsp;<\/p>\n\n\n\n<p>\u201cSe le ha llamado el Infierno de Dante\u201d, dijo Cynthia Ebinger, geof\u00edsica de la Universidad de Tulane en Nueva Orleans, que ha llevado a cabo numerosas campa\u00f1as de campo en la regi\u00f3n de Afar, quien se\u00f1ala que la ciudad habitada m\u00e1s calurosa de la tierra est\u00e1 en Afar, donde las temperaturas diurnas a menudo alcanzan los 130 grados Fahrenheit y se enfr\u00edan a 95 grados templados por la noche\u201d.<\/p>\n\n\n\n<p><strong>Fuego y agua<\/strong><\/p>\n\n\n\n<p>\u201cAlgunas de mis investigaciones en el campo se centraron en una grieta gigante de 35 millas que se abri\u00f3 en el desierto de Etiop\u00eda, en 2005, y la divisi\u00f3n violenta fue equivalente a varios cientos de a\u00f1os de movimiento de la placa tect\u00f3nica, en solo unos d\u00edas\u201d, dijo la geof\u00edsica Ebinger.<\/p>\n\n\n\n<p>Y contin\u00faa: \u201cDesde entonces, mi trabajo se ha centrado en lo que desencadena estos eventos extremos, porque el proceso de ruptura no siempre es suave y constante, ya que a veces puede definirse por intensas sacudidas del camino\u2026 estamos tratando de entender la gota que colma el vaso\u201d, sentenci\u00f3.<\/p>\n\n\n\n<p><\/p>\n\n\n\n<figure class=\"wp-block-image size-full is-resized\"><img data-recalc-dims=\"1\" decoding=\"async\" src=\"https:\/\/i0.wp.com\/elregionalvm.com.ar\/noticias-villa-maria\/wp-content\/uploads\/2023\/11\/rkOcG7Rpf_720x0__1.jpg?resize=904%2C512&#038;ssl=1\" alt=\"\" class=\"wp-image-86134\" width=\"904\" height=\"512\" srcset=\"https:\/\/i0.wp.com\/elregionalvm.com.ar\/noticias-villa-maria\/wp-content\/uploads\/2023\/11\/rkOcG7Rpf_720x0__1.jpg?w=720&amp;ssl=1 720w, https:\/\/i0.wp.com\/elregionalvm.com.ar\/noticias-villa-maria\/wp-content\/uploads\/2023\/11\/rkOcG7Rpf_720x0__1.jpg?resize=300%2C170&amp;ssl=1 300w\" sizes=\"(max-width: 904px) 100vw, 904px\" \/><\/figure>\n\n\n\n<p><\/p>\n\n\n\n<p>Ebinger explica que: \u201cCon el tiempo, estos eventos divisorios remodelar\u00e1n el continente africano, ya que cada l\u00edmite de placa en la regi\u00f3n Afar se est\u00e1 extendiendo a diferentes velocidades, pero las fuerzas combinadas de estas placas de separaci\u00f3n est\u00e1n creando lo que se conoce como un sistema de cresta en el medio del oc\u00e9ano, donde eventualmente se formar\u00e1 un nuevo oc\u00e9ano\u201d.<\/p>\n\n\n\n<p>En esta nota, contin\u00faa explicando, el cient\u00edfico marino Macdonald que, \u201cEl Golfo de Ad\u00e9n y el Mar Rojo se inundar\u00e1n en la regi\u00f3n de Afar y en el Valle del Rift del oriente africano y se convertir\u00e1n en un nuevo oc\u00e9ano y esa parte se convertir\u00e1 en su propio peque\u00f1o continente separado, ya que las 3 placas se separan a velocidades diferentes\u201d,<\/p>\n\n\n\n<p>El cient\u00edfico manifiesta que: \u201cLa placa \u00e1rabe se aleja de \u00c1frica a una tasa de aproximadamente 1 pulgada por a\u00f1o, mientras que las dos placas africanas lo hacen m\u00e1s lentamente, entre media pulgada y 0,2 pulgadas por a\u00f1o\u201d.<\/p>\n\n\n\n<p>\u201cAdem\u00e1s \u2013 contin\u00faa \u2013 el proceso de ruptura puede estar ocurriendo a un ritmo glacial, pero los investigadores dicen que hay signos claros de que esta transici\u00f3n est\u00e1 teniendo lugar, ya que a medida que las placas se despegan, el material del interior de la tierra se mueve hacia la superficie y forma una corteza oce\u00e1nica en las crestas y ya podemos ver que esta corteza est\u00e1 empezando a formarse, porque es claramente diferente de la corteza continental en su composici\u00f3n y densidad\u201d, cerr\u00f3 Moore<\/p>\n\n\n\n<p><\/p>\n\n\n\n<p><em>Fuente: NBC News. Clar\u00edn<\/em><\/p>\n","protected":false},"excerpt":{"rendered":"<p>S\u00ed, ese continente donde se teoriza que empez\u00f3 la historia de nuestra especie y cuya gran extensi\u00f3n \u2013al menos una parte considerable- qued\u00f3 atrapada y olvidada en el tiempo (junto a sus habitantes), ser\u00e1 nuevamente protagonista de otro nacimiento espectacular, y esta vez surgir\u00e1 desde lo m\u00e1s profundo de sus entra\u00f1as. Escribe: JULIO A. BEN\u00cdTEZ [&hellip;]<\/p>\n","protected":false},"author":4,"featured_media":86135,"comment_status":"open","ping_status":"open","sticky":false,"template":"","format":"standard","meta":{"site-sidebar-layout":"default","site-content-layout":"","ast-site-content-layout":"default","site-content-style":"default","site-sidebar-style":"default","ast-global-header-display":"","ast-banner-title-visibility":"","ast-main-header-display":"","ast-hfb-above-header-display":"","ast-hfb-below-header-display":"","ast-hfb-mobile-header-display":"","site-post-title":"","ast-breadcrumbs-content":"","ast-featured-img":"","footer-sml-layout":"","ast-disable-related-posts":"","theme-transparent-header-meta":"","adv-header-id-meta":"","stick-header-meta":"","header-above-stick-meta":"","header-main-stick-meta":"","header-below-stick-meta":"","astra-migrate-meta-layouts":"set","ast-page-background-enabled":"default","ast-page-background-meta":{"desktop":{"background-color":"","background-image":"","background-repeat":"repeat","background-position":"center center","background-size":"auto","background-attachment":"scroll","background-type":"","background-media":"","overlay-type":"","overlay-color":"","overlay-opacity":"","overlay-gradient":""},"tablet":{"background-color":"","background-image":"","background-repeat":"repeat","background-position":"center center","background-size":"auto","background-attachment":"scroll","background-type":"","background-media":"","overlay-type":"","overlay-color":"","overlay-opacity":"","overlay-gradient":""},"mobile":{"background-color":"","background-image":"","background-repeat":"repeat","background-position":"center center","background-size":"auto","background-attachment":"scroll","background-type":"","background-media":"","overlay-type":"","overlay-color":"","overlay-opacity":"","overlay-gradient":""}},"ast-content-background-meta":{"desktop":{"background-color":"var(--ast-global-color-5)","background-image":"","background-repeat":"repeat","background-position":"center center","background-size":"auto","background-attachment":"scroll","background-type":"","background-media":"","overlay-type":"","overlay-color":"","overlay-opacity":"","overlay-gradient":""},"tablet":{"background-color":"var(--ast-global-color-5)","background-image":"","background-repeat":"repeat","background-position":"center center","background-size":"auto","background-attachment":"scroll","background-type":"","background-media":"","overlay-type":"","overlay-color":"","overlay-opacity":"","overlay-gradient":""},"mobile":{"background-color":"var(--ast-global-color-5)","background-image":"","background-repeat":"repeat","background-position":"center center","background-size":"auto","background-attachment":"scroll","background-type":"","background-media":"","overlay-type":"","overlay-color":"","overlay-opacity":"","overlay-gradient":""}},"_jetpack_memberships_contains_paid_content":false,"_joinchat":[],"footnotes":""},"categories":[2098,3557],"tags":[948,3850,23194,877,15531,23193,18590],"class_list":["post-86133","post","type-post","status-publish","format-standard","has-post-thumbnail","hentry","category-historias","category-tercera","tag-africa","tag-division","tag-gps","tag-grieta","tag-oceano","tag-placas","tag-satelites"],"yoast_head":"<!-- This site is optimized with the Yoast SEO plugin v26.8 - https:\/\/yoast.com\/product\/yoast-seo-wordpress\/ -->\n<title>[Historias] \u00a1Est\u00e1 que se parte! \u00c1frica quedar\u00e1 dividida en dos por una gran grieta - El Regional<\/title>\n<meta name=\"robots\" content=\"index, follow, max-snippet:-1, max-image-preview:large, max-video-preview:-1\" \/>\n<link rel=\"canonical\" href=\"https:\/\/elregionalvm.com.ar\/noticias-villa-maria\/historias-esta-que-se-parte-africa-quedara-dividida-en-dos-por-una-gran-grieta\/\" \/>\n<meta property=\"og:locale\" content=\"es_ES\" \/>\n<meta property=\"og:type\" content=\"article\" \/>\n<meta property=\"og:title\" content=\"[Historias] \u00a1Est\u00e1 que se parte! \u00c1frica quedar\u00e1 dividida en dos por una gran grieta - El Regional\" \/>\n<meta property=\"og:description\" content=\"S\u00ed, ese continente donde se teoriza que empez\u00f3 la historia de nuestra especie y cuya gran extensi\u00f3n \u2013al menos una parte considerable- qued\u00f3 atrapada y olvidada en el tiempo (junto a sus habitantes), ser\u00e1 nuevamente protagonista de otro nacimiento espectacular, y esta vez surgir\u00e1 desde lo m\u00e1s profundo de sus entra\u00f1as. Escribe: JULIO A. BEN\u00cdTEZ [&hellip;]\" \/>\n<meta property=\"og:url\" content=\"https:\/\/elregionalvm.com.ar\/noticias-villa-maria\/historias-esta-que-se-parte-africa-quedara-dividida-en-dos-por-una-gran-grieta\/\" \/>\n<meta property=\"og:site_name\" content=\"El Regional\" \/>\n<meta property=\"article:publisher\" content=\"https:\/\/www.facebook.com\/elregionalvm\" \/>\n<meta property=\"article:published_time\" content=\"2023-11-22T03:48:01+00:00\" \/>\n<meta property=\"article:modified_time\" content=\"2023-11-23T02:52:35+00:00\" \/>\n<meta property=\"og:image\" content=\"https:\/\/elregionalvm.com.ar\/noticias-villa-maria\/wp-content\/uploads\/2023\/11\/BkiEucGof_720x0__1.jpg\" \/>\n\t<meta property=\"og:image:width\" content=\"720\" \/>\n\t<meta property=\"og:image:height\" content=\"494\" \/>\n\t<meta property=\"og:image:type\" content=\"image\/jpeg\" \/>\n<meta name=\"author\" content=\"Contenidos El Regional\" \/>\n<meta name=\"twitter:card\" content=\"summary_large_image\" \/>\n<meta name=\"twitter:creator\" content=\"@elregionalvm1\" \/>\n<meta name=\"twitter:site\" content=\"@elregionalvm1\" \/>\n<meta name=\"twitter:label1\" content=\"Escrito por\" \/>\n\t<meta name=\"twitter:data1\" content=\"Contenidos El Regional\" \/>\n\t<meta name=\"twitter:label2\" content=\"Tiempo de lectura\" \/>\n\t<meta name=\"twitter:data2\" content=\"6 minutos\" \/>\n<script type=\"application\/ld+json\" class=\"yoast-schema-graph\">{\"@context\":\"https:\/\/schema.org\",\"@graph\":[{\"@type\":\"Article\",\"@id\":\"https:\/\/elregionalvm.com.ar\/noticias-villa-maria\/historias-esta-que-se-parte-africa-quedara-dividida-en-dos-por-una-gran-grieta\/#article\",\"isPartOf\":{\"@id\":\"https:\/\/elregionalvm.com.ar\/noticias-villa-maria\/historias-esta-que-se-parte-africa-quedara-dividida-en-dos-por-una-gran-grieta\/\"},\"author\":{\"name\":\"Contenidos El Regional\",\"@id\":\"http:\/\/elregionalvm.com.ar\/noticias-villa-maria\/#\/schema\/person\/a0fb9c422317faca23d50163151bc354\"},\"headline\":\"[Historias] \u00a1Est\u00e1 que se parte! \u00c1frica quedar\u00e1 dividida en dos por una gran grieta\",\"datePublished\":\"2023-11-22T03:48:01+00:00\",\"dateModified\":\"2023-11-23T02:52:35+00:00\",\"mainEntityOfPage\":{\"@id\":\"https:\/\/elregionalvm.com.ar\/noticias-villa-maria\/historias-esta-que-se-parte-africa-quedara-dividida-en-dos-por-una-gran-grieta\/\"},\"wordCount\":1157,\"commentCount\":0,\"image\":{\"@id\":\"https:\/\/elregionalvm.com.ar\/noticias-villa-maria\/historias-esta-que-se-parte-africa-quedara-dividida-en-dos-por-una-gran-grieta\/#primaryimage\"},\"thumbnailUrl\":\"https:\/\/i0.wp.com\/elregionalvm.com.ar\/noticias-villa-maria\/wp-content\/uploads\/2023\/11\/BkiEucGof_720x0__1.jpg?fit=720%2C494&ssl=1\",\"keywords\":[\"Africa\",\"Divisi\u00f3n\",\"gps\",\"grieta\",\"oc\u00e9ano\",\"placas\",\"sat\u00e9lites\"],\"articleSection\":[\"Historias\",\"tercera\"],\"inLanguage\":\"es\",\"potentialAction\":[{\"@type\":\"CommentAction\",\"name\":\"Comment\",\"target\":[\"https:\/\/elregionalvm.com.ar\/noticias-villa-maria\/historias-esta-que-se-parte-africa-quedara-dividida-en-dos-por-una-gran-grieta\/#respond\"]}]},{\"@type\":\"WebPage\",\"@id\":\"https:\/\/elregionalvm.com.ar\/noticias-villa-maria\/historias-esta-que-se-parte-africa-quedara-dividida-en-dos-por-una-gran-grieta\/\",\"url\":\"https:\/\/elregionalvm.com.ar\/noticias-villa-maria\/historias-esta-que-se-parte-africa-quedara-dividida-en-dos-por-una-gran-grieta\/\",\"name\":\"[Historias] \u00a1Est\u00e1 que se parte! \u00c1frica quedar\u00e1 dividida en dos por una gran grieta - El Regional\",\"isPartOf\":{\"@id\":\"http:\/\/elregionalvm.com.ar\/noticias-villa-maria\/#website\"},\"primaryImageOfPage\":{\"@id\":\"https:\/\/elregionalvm.com.ar\/noticias-villa-maria\/historias-esta-que-se-parte-africa-quedara-dividida-en-dos-por-una-gran-grieta\/#primaryimage\"},\"image\":{\"@id\":\"https:\/\/elregionalvm.com.ar\/noticias-villa-maria\/historias-esta-que-se-parte-africa-quedara-dividida-en-dos-por-una-gran-grieta\/#primaryimage\"},\"thumbnailUrl\":\"https:\/\/i0.wp.com\/elregionalvm.com.ar\/noticias-villa-maria\/wp-content\/uploads\/2023\/11\/BkiEucGof_720x0__1.jpg?fit=720%2C494&ssl=1\",\"datePublished\":\"2023-11-22T03:48:01+00:00\",\"dateModified\":\"2023-11-23T02:52:35+00:00\",\"author\":{\"@id\":\"http:\/\/elregionalvm.com.ar\/noticias-villa-maria\/#\/schema\/person\/a0fb9c422317faca23d50163151bc354\"},\"breadcrumb\":{\"@id\":\"https:\/\/elregionalvm.com.ar\/noticias-villa-maria\/historias-esta-que-se-parte-africa-quedara-dividida-en-dos-por-una-gran-grieta\/#breadcrumb\"},\"inLanguage\":\"es\",\"potentialAction\":[{\"@type\":\"ReadAction\",\"target\":[\"https:\/\/elregionalvm.com.ar\/noticias-villa-maria\/historias-esta-que-se-parte-africa-quedara-dividida-en-dos-por-una-gran-grieta\/\"]}]},{\"@type\":\"ImageObject\",\"inLanguage\":\"es\",\"@id\":\"https:\/\/elregionalvm.com.ar\/noticias-villa-maria\/historias-esta-que-se-parte-africa-quedara-dividida-en-dos-por-una-gran-grieta\/#primaryimage\",\"url\":\"https:\/\/i0.wp.com\/elregionalvm.com.ar\/noticias-villa-maria\/wp-content\/uploads\/2023\/11\/BkiEucGof_720x0__1.jpg?fit=720%2C494&ssl=1\",\"contentUrl\":\"https:\/\/i0.wp.com\/elregionalvm.com.ar\/noticias-villa-maria\/wp-content\/uploads\/2023\/11\/BkiEucGof_720x0__1.jpg?fit=720%2C494&ssl=1\",\"width\":720,\"height\":494},{\"@type\":\"BreadcrumbList\",\"@id\":\"https:\/\/elregionalvm.com.ar\/noticias-villa-maria\/historias-esta-que-se-parte-africa-quedara-dividida-en-dos-por-una-gran-grieta\/#breadcrumb\",\"itemListElement\":[{\"@type\":\"ListItem\",\"position\":1,\"name\":\"Portada\",\"item\":\"https:\/\/elregionalvm.com.ar\/noticias-villa-maria\/\"},{\"@type\":\"ListItem\",\"position\":2,\"name\":\"[Historias] \u00a1Est\u00e1 que se parte! \u00c1frica quedar\u00e1 dividida en dos por una gran grieta\"}]},{\"@type\":\"WebSite\",\"@id\":\"http:\/\/elregionalvm.com.ar\/noticias-villa-maria\/#website\",\"url\":\"http:\/\/elregionalvm.com.ar\/noticias-villa-maria\/\",\"name\":\"El Regional\",\"description\":\"Mucho m\u00e1s que informaci\u00f3n\",\"potentialAction\":[{\"@type\":\"SearchAction\",\"target\":{\"@type\":\"EntryPoint\",\"urlTemplate\":\"http:\/\/elregionalvm.com.ar\/noticias-villa-maria\/?s={search_term_string}\"},\"query-input\":{\"@type\":\"PropertyValueSpecification\",\"valueRequired\":true,\"valueName\":\"search_term_string\"}}],\"inLanguage\":\"es\"},{\"@type\":\"Person\",\"@id\":\"http:\/\/elregionalvm.com.ar\/noticias-villa-maria\/#\/schema\/person\/a0fb9c422317faca23d50163151bc354\",\"name\":\"Contenidos El Regional\",\"image\":{\"@type\":\"ImageObject\",\"inLanguage\":\"es\",\"@id\":\"http:\/\/elregionalvm.com.ar\/noticias-villa-maria\/#\/schema\/person\/image\/\",\"url\":\"https:\/\/secure.gravatar.com\/avatar\/265b27cb2209af7bb3a1318f03305787d7981a5cc6e6cd08fe5a4ecdf99d4b48?s=96&d=mm&r=g\",\"contentUrl\":\"https:\/\/secure.gravatar.com\/avatar\/265b27cb2209af7bb3a1318f03305787d7981a5cc6e6cd08fe5a4ecdf99d4b48?s=96&d=mm&r=g\",\"caption\":\"Contenidos El Regional\"},\"url\":\"https:\/\/elregionalvm.com.ar\/noticias-villa-maria\/author\/contenido\/\"}]}<\/script>\n<!-- \/ Yoast SEO plugin. -->","yoast_head_json":{"title":"[Historias] \u00a1Est\u00e1 que se parte! \u00c1frica quedar\u00e1 dividida en dos por una gran grieta - El Regional","robots":{"index":"index","follow":"follow","max-snippet":"max-snippet:-1","max-image-preview":"max-image-preview:large","max-video-preview":"max-video-preview:-1"},"canonical":"https:\/\/elregionalvm.com.ar\/noticias-villa-maria\/historias-esta-que-se-parte-africa-quedara-dividida-en-dos-por-una-gran-grieta\/","og_locale":"es_ES","og_type":"article","og_title":"[Historias] \u00a1Est\u00e1 que se parte! \u00c1frica quedar\u00e1 dividida en dos por una gran grieta - El Regional","og_description":"S\u00ed, ese continente donde se teoriza que empez\u00f3 la historia de nuestra especie y cuya gran extensi\u00f3n \u2013al menos una parte considerable- qued\u00f3 atrapada y olvidada en el tiempo (junto a sus habitantes), ser\u00e1 nuevamente protagonista de otro nacimiento espectacular, y esta vez surgir\u00e1 desde lo m\u00e1s profundo de sus entra\u00f1as. Escribe: JULIO A. BEN\u00cdTEZ [&hellip;]","og_url":"https:\/\/elregionalvm.com.ar\/noticias-villa-maria\/historias-esta-que-se-parte-africa-quedara-dividida-en-dos-por-una-gran-grieta\/","og_site_name":"El Regional","article_publisher":"https:\/\/www.facebook.com\/elregionalvm","article_published_time":"2023-11-22T03:48:01+00:00","article_modified_time":"2023-11-23T02:52:35+00:00","og_image":[{"width":720,"height":494,"url":"https:\/\/elregionalvm.com.ar\/noticias-villa-maria\/wp-content\/uploads\/2023\/11\/BkiEucGof_720x0__1.jpg","type":"image\/jpeg"}],"author":"Contenidos El Regional","twitter_card":"summary_large_image","twitter_creator":"@elregionalvm1","twitter_site":"@elregionalvm1","twitter_misc":{"Escrito por":"Contenidos El Regional","Tiempo de lectura":"6 minutos"},"schema":{"@context":"https:\/\/schema.org","@graph":[{"@type":"Article","@id":"https:\/\/elregionalvm.com.ar\/noticias-villa-maria\/historias-esta-que-se-parte-africa-quedara-dividida-en-dos-por-una-gran-grieta\/#article","isPartOf":{"@id":"https:\/\/elregionalvm.com.ar\/noticias-villa-maria\/historias-esta-que-se-parte-africa-quedara-dividida-en-dos-por-una-gran-grieta\/"},"author":{"name":"Contenidos El Regional","@id":"http:\/\/elregionalvm.com.ar\/noticias-villa-maria\/#\/schema\/person\/a0fb9c422317faca23d50163151bc354"},"headline":"[Historias] \u00a1Est\u00e1 que se parte! \u00c1frica quedar\u00e1 dividida en dos por una gran grieta","datePublished":"2023-11-22T03:48:01+00:00","dateModified":"2023-11-23T02:52:35+00:00","mainEntityOfPage":{"@id":"https:\/\/elregionalvm.com.ar\/noticias-villa-maria\/historias-esta-que-se-parte-africa-quedara-dividida-en-dos-por-una-gran-grieta\/"},"wordCount":1157,"commentCount":0,"image":{"@id":"https:\/\/elregionalvm.com.ar\/noticias-villa-maria\/historias-esta-que-se-parte-africa-quedara-dividida-en-dos-por-una-gran-grieta\/#primaryimage"},"thumbnailUrl":"https:\/\/i0.wp.com\/elregionalvm.com.ar\/noticias-villa-maria\/wp-content\/uploads\/2023\/11\/BkiEucGof_720x0__1.jpg?fit=720%2C494&ssl=1","keywords":["Africa","Divisi\u00f3n","gps","grieta","oc\u00e9ano","placas","sat\u00e9lites"],"articleSection":["Historias","tercera"],"inLanguage":"es","potentialAction":[{"@type":"CommentAction","name":"Comment","target":["https:\/\/elregionalvm.com.ar\/noticias-villa-maria\/historias-esta-que-se-parte-africa-quedara-dividida-en-dos-por-una-gran-grieta\/#respond"]}]},{"@type":"WebPage","@id":"https:\/\/elregionalvm.com.ar\/noticias-villa-maria\/historias-esta-que-se-parte-africa-quedara-dividida-en-dos-por-una-gran-grieta\/","url":"https:\/\/elregionalvm.com.ar\/noticias-villa-maria\/historias-esta-que-se-parte-africa-quedara-dividida-en-dos-por-una-gran-grieta\/","name":"[Historias] \u00a1Est\u00e1 que se parte! \u00c1frica quedar\u00e1 dividida en dos por una gran grieta - El Regional","isPartOf":{"@id":"http:\/\/elregionalvm.com.ar\/noticias-villa-maria\/#website"},"primaryImageOfPage":{"@id":"https:\/\/elregionalvm.com.ar\/noticias-villa-maria\/historias-esta-que-se-parte-africa-quedara-dividida-en-dos-por-una-gran-grieta\/#primaryimage"},"image":{"@id":"https:\/\/elregionalvm.com.ar\/noticias-villa-maria\/historias-esta-que-se-parte-africa-quedara-dividida-en-dos-por-una-gran-grieta\/#primaryimage"},"thumbnailUrl":"https:\/\/i0.wp.com\/elregionalvm.com.ar\/noticias-villa-maria\/wp-content\/uploads\/2023\/11\/BkiEucGof_720x0__1.jpg?fit=720%2C494&ssl=1","datePublished":"2023-11-22T03:48:01+00:00","dateModified":"2023-11-23T02:52:35+00:00","author":{"@id":"http:\/\/elregionalvm.com.ar\/noticias-villa-maria\/#\/schema\/person\/a0fb9c422317faca23d50163151bc354"},"breadcrumb":{"@id":"https:\/\/elregionalvm.com.ar\/noticias-villa-maria\/historias-esta-que-se-parte-africa-quedara-dividida-en-dos-por-una-gran-grieta\/#breadcrumb"},"inLanguage":"es","potentialAction":[{"@type":"ReadAction","target":["https:\/\/elregionalvm.com.ar\/noticias-villa-maria\/historias-esta-que-se-parte-africa-quedara-dividida-en-dos-por-una-gran-grieta\/"]}]},{"@type":"ImageObject","inLanguage":"es","@id":"https:\/\/elregionalvm.com.ar\/noticias-villa-maria\/historias-esta-que-se-parte-africa-quedara-dividida-en-dos-por-una-gran-grieta\/#primaryimage","url":"https:\/\/i0.wp.com\/elregionalvm.com.ar\/noticias-villa-maria\/wp-content\/uploads\/2023\/11\/BkiEucGof_720x0__1.jpg?fit=720%2C494&ssl=1","contentUrl":"https:\/\/i0.wp.com\/elregionalvm.com.ar\/noticias-villa-maria\/wp-content\/uploads\/2023\/11\/BkiEucGof_720x0__1.jpg?fit=720%2C494&ssl=1","width":720,"height":494},{"@type":"BreadcrumbList","@id":"https:\/\/elregionalvm.com.ar\/noticias-villa-maria\/historias-esta-que-se-parte-africa-quedara-dividida-en-dos-por-una-gran-grieta\/#breadcrumb","itemListElement":[{"@type":"ListItem","position":1,"name":"Portada","item":"https:\/\/elregionalvm.com.ar\/noticias-villa-maria\/"},{"@type":"ListItem","position":2,"name":"[Historias] \u00a1Est\u00e1 que se parte! \u00c1frica quedar\u00e1 dividida en dos por una gran grieta"}]},{"@type":"WebSite","@id":"http:\/\/elregionalvm.com.ar\/noticias-villa-maria\/#website","url":"http:\/\/elregionalvm.com.ar\/noticias-villa-maria\/","name":"El Regional","description":"Mucho m\u00e1s que informaci\u00f3n","potentialAction":[{"@type":"SearchAction","target":{"@type":"EntryPoint","urlTemplate":"http:\/\/elregionalvm.com.ar\/noticias-villa-maria\/?s={search_term_string}"},"query-input":{"@type":"PropertyValueSpecification","valueRequired":true,"valueName":"search_term_string"}}],"inLanguage":"es"},{"@type":"Person","@id":"http:\/\/elregionalvm.com.ar\/noticias-villa-maria\/#\/schema\/person\/a0fb9c422317faca23d50163151bc354","name":"Contenidos El Regional","image":{"@type":"ImageObject","inLanguage":"es","@id":"http:\/\/elregionalvm.com.ar\/noticias-villa-maria\/#\/schema\/person\/image\/","url":"https:\/\/secure.gravatar.com\/avatar\/265b27cb2209af7bb3a1318f03305787d7981a5cc6e6cd08fe5a4ecdf99d4b48?s=96&d=mm&r=g","contentUrl":"https:\/\/secure.gravatar.com\/avatar\/265b27cb2209af7bb3a1318f03305787d7981a5cc6e6cd08fe5a4ecdf99d4b48?s=96&d=mm&r=g","caption":"Contenidos El Regional"},"url":"https:\/\/elregionalvm.com.ar\/noticias-villa-maria\/author\/contenido\/"}]}},"jetpack_featured_media_url":"https:\/\/i0.wp.com\/elregionalvm.com.ar\/noticias-villa-maria\/wp-content\/uploads\/2023\/11\/BkiEucGof_720x0__1.jpg?fit=720%2C494&ssl=1","jetpack_sharing_enabled":true,"_links":{"self":[{"href":"https:\/\/elregionalvm.com.ar\/noticias-villa-maria\/wp-json\/wp\/v2\/posts\/86133","targetHints":{"allow":["GET"]}}],"collection":[{"href":"https:\/\/elregionalvm.com.ar\/noticias-villa-maria\/wp-json\/wp\/v2\/posts"}],"about":[{"href":"https:\/\/elregionalvm.com.ar\/noticias-villa-maria\/wp-json\/wp\/v2\/types\/post"}],"author":[{"embeddable":true,"href":"https:\/\/elregionalvm.com.ar\/noticias-villa-maria\/wp-json\/wp\/v2\/users\/4"}],"replies":[{"embeddable":true,"href":"https:\/\/elregionalvm.com.ar\/noticias-villa-maria\/wp-json\/wp\/v2\/comments?post=86133"}],"version-history":[{"count":1,"href":"https:\/\/elregionalvm.com.ar\/noticias-villa-maria\/wp-json\/wp\/v2\/posts\/86133\/revisions"}],"predecessor-version":[{"id":86138,"href":"https:\/\/elregionalvm.com.ar\/noticias-villa-maria\/wp-json\/wp\/v2\/posts\/86133\/revisions\/86138"}],"wp:featuredmedia":[{"embeddable":true,"href":"https:\/\/elregionalvm.com.ar\/noticias-villa-maria\/wp-json\/wp\/v2\/media\/86135"}],"wp:attachment":[{"href":"https:\/\/elregionalvm.com.ar\/noticias-villa-maria\/wp-json\/wp\/v2\/media?parent=86133"}],"wp:term":[{"taxonomy":"category","embeddable":true,"href":"https:\/\/elregionalvm.com.ar\/noticias-villa-maria\/wp-json\/wp\/v2\/categories?post=86133"},{"taxonomy":"post_tag","embeddable":true,"href":"https:\/\/elregionalvm.com.ar\/noticias-villa-maria\/wp-json\/wp\/v2\/tags?post=86133"}],"curies":[{"name":"wp","href":"https:\/\/api.w.org\/{rel}","templated":true}]}}