{"id":86146,"date":"2023-11-22T17:49:38","date_gmt":"2023-11-22T17:49:38","guid":{"rendered":"https:\/\/elregionalvm.com.ar\/noticias-villa-maria\/?p=86146"},"modified":"2023-11-23T21:52:57","modified_gmt":"2023-11-23T21:52:57","slug":"el-deschave-isla-maciel-cura-enculado-por-el-triunfo-de-milei","status":"publish","type":"post","link":"https:\/\/elregionalvm.com.ar\/noticias-villa-maria\/el-deschave-isla-maciel-cura-enculado-por-el-triunfo-de-milei\/","title":{"rendered":"[El Deschave] Isla Maciel: Cura enculado por el triunfo de Milei \u2026"},"content":{"rendered":"\n<p><\/p>\n\n\n\n<p><strong>Escribe: Miguel Andreis<\/strong><\/p>\n\n\n\n<p><\/p>\n\n\n\n<p>La emblem\u00e1tica Isla Maciel -que si bien no es una isla-, lindera con Avellaneda y La Boca, desde siempre fue uno de los grandes e inexpugnables bastiones peronistas.<\/p>\n\n\n\n<p>All\u00ed, estuvo por no poco tiempo el padre Francisco Oliveira con un comedor, que en los \u00faltimos tiempos el arzobispado que cubre dicho espacio le habr\u00eda enviado otro religioso como para contrarrestar no pocos dislates del nombrado.<\/p>\n\n\n\n<p>Ocurre que Oliveira, como tantos otros de sotanas, adem\u00e1s de autoproclamarse como religiosos progresistas, no son otra cosa que militantes kirchneristas con carta libre en el manejo de los fondos y, adem\u00e1s, el decir y hacer lo que le plazca.<\/p>\n\n\n\n<p>Por estas horas el revolucionario de mirada sesgada, que tiene un comedor para los despose\u00eddos en esa barriada se le fue la mano o, en todo caso el discurso.<\/p>\n\n\n\n<p><\/p>\n\n\n\n<figure class=\"wp-block-image size-large\"><img data-recalc-dims=\"1\" fetchpriority=\"high\" decoding=\"async\" width=\"1024\" height=\"576\" src=\"https:\/\/i0.wp.com\/elregionalvm.com.ar\/noticias-villa-maria\/wp-content\/uploads\/2021\/10\/Javier-Milei.jpg?resize=1024%2C576&#038;ssl=1\" alt=\"\" class=\"wp-image-46410\" srcset=\"https:\/\/i0.wp.com\/elregionalvm.com.ar\/noticias-villa-maria\/wp-content\/uploads\/2021\/10\/Javier-Milei.jpg?resize=1024%2C576&amp;ssl=1 1024w, https:\/\/i0.wp.com\/elregionalvm.com.ar\/noticias-villa-maria\/wp-content\/uploads\/2021\/10\/Javier-Milei.jpg?resize=300%2C169&amp;ssl=1 300w, https:\/\/i0.wp.com\/elregionalvm.com.ar\/noticias-villa-maria\/wp-content\/uploads\/2021\/10\/Javier-Milei.jpg?resize=768%2C432&amp;ssl=1 768w, https:\/\/i0.wp.com\/elregionalvm.com.ar\/noticias-villa-maria\/wp-content\/uploads\/2021\/10\/Javier-Milei.jpg?w=1200&amp;ssl=1 1200w\" sizes=\"(max-width: 1000px) 100vw, 1000px\" \/><\/figure>\n\n\n\n<p><\/p>\n\n\n\n<p>Esto pas\u00f3 luego de conocerse los resultados del domingo, cuando Milei fue ganador casi por paliza en todo el pa\u00eds. Curiosamente sin comedores y menos a\u00fan estructuras.<\/p>\n\n\n\n<p>Oliveira que semanas atr\u00e1s se hab\u00eda sincerado en una entrevista sobre el crecimiento de los concurrentes en la b\u00fasqueda de un plato de comida, diciendo que los asistentes hab\u00edan crecido enormemente \u201cporque la pobreza no deja de incrementarse\u201d.<\/p>\n\n\n\n<p><\/p>\n\n\n\n<figure class=\"wp-block-pullquote\"><blockquote><p><strong>El \u201cLibertario\u201d sac\u00f3 una buena cantidad de sufragios, lo que enloqueci\u00f3 a Francisco Oliveira<\/strong><\/p><\/blockquote><\/figure>\n\n\n\n<p><\/p>\n\n\n\n<p>En La Maciel triunf\u00f3 Massa, sin embargo, el \u201cLibertario\u201d sac\u00f3 una buena cantidad de sufragios, lo que enloqueci\u00f3 a Francisco Oliveira, a punto tal que no apel\u00f3 a eufemismos al referirse a los votantes mileistas: \u201cNi se les ocurra, por ning\u00fan caso venir en busca de servicio alguno \u2013l\u00e9ase comida\u201d, agregando que \u201cla gente tiene que ser coherente, si votaste a Milei, ac\u00e1 no te damos nada. No te damos de comer, no te damos ropa&#8230;\u201d (tal lo que le expuso en el programa radial a Eduardo Feinmann).<\/p>\n\n\n\n<p>Luego de una pregunta del conductor, el hombre de sotana, muy alejado de las principales premisas cristianas, quiso defenderse aduciendo que \u201csolo pedimos coherencia, no carn\u00e9 de afiliaci\u00f3n\u2026\u201d.<\/p>\n\n\n\n<p>Que las autoridades eclesi\u00e1sticas se queden en silencio, no habla bien de las mismas.<\/p>\n\n\n\n<p>Por otra parte, quiso justificar sus dichos aduciendo que seguramente ahora \u2013por lo que vendr\u00e1 despu\u00e9s del 10 de diciembre- ya no recibir\u00e1n m\u00e1s fondos. Definici\u00f3n que fue desmentido por el reciente electo Presidente.<\/p>\n\n\n\n<p>Adem\u00e1s, Oliveira no es el \u00fanico. Son miles y est\u00e1n en todos lados. Cuesta entender que, en el nombre de los marginados, de los despose\u00eddos, de los olvidados haya sacerdotes que se autoperciben representantes de los mismos, y que act\u00faen de tal manera. Con un fanatismo de los peores y exacerbaciones delirantes, as\u00ed se han movido por d\u00e9cadas.<\/p>\n\n\n\n<p>Eso es lo que tanto critican: fascismo- fanatismos, por m\u00e1s que lo quieran adjetivar de cualquier manera.<\/p>\n\n\n\n<p><\/p>\n\n\n\n<h3 class=\"wp-block-heading\"><strong>Tambi\u00e9n pod\u00e9s ver: <\/strong><\/h3>\n\n\n\n<p><\/p>\n\n\n\n<figure class=\"wp-block-embed is-type-wp-embed is-provider-el-regional wp-block-embed-el-regional\"><div class=\"wp-block-embed__wrapper\">\n<blockquote class=\"wp-embedded-content\" data-secret=\"kzDHTVp4fP\"><a href=\"https:\/\/elregionalvm.com.ar\/noticias-villa-maria\/el-deschave-javier-milei-nuevo-presidente-el-peronismo-perdio-el-gobierno-y-el-poder\/\">[El Deschave] Javier Milei, nuevo presidente: El peronismo perdi\u00f3 el gobierno, \u00bfy el poder?<\/a><\/blockquote><iframe class=\"wp-embedded-content\" sandbox=\"allow-scripts\" security=\"restricted\" style=\"position: absolute; clip: rect(1px, 1px, 1px, 1px);\" title=\"\u00ab[El Deschave] Javier Milei, nuevo presidente: El peronismo perdi\u00f3 el gobierno, \u00bfy el poder?\u00bb \u2014 El Regional\" src=\"https:\/\/elregionalvm.com.ar\/noticias-villa-maria\/el-deschave-javier-milei-nuevo-presidente-el-peronismo-perdio-el-gobierno-y-el-poder\/embed\/#?secret=1DcBsmrPxt#?secret=kzDHTVp4fP\" data-secret=\"kzDHTVp4fP\" width=\"500\" height=\"282\" frameborder=\"0\" marginwidth=\"0\" marginheight=\"0\" scrolling=\"no\"><\/iframe>\n<\/div><\/figure>\n","protected":false},"excerpt":{"rendered":"<p>Escribe: Miguel Andreis La emblem\u00e1tica Isla Maciel -que si bien no es una isla-, lindera con Avellaneda y La Boca, desde siempre fue uno de los grandes e inexpugnables bastiones peronistas. All\u00ed, estuvo por no poco tiempo el padre Francisco Oliveira con un comedor, que en los \u00faltimos tiempos el arzobispado que cubre dicho espacio [&hellip;]<\/p>\n","protected":false},"author":4,"featured_media":86151,"comment_status":"open","ping_status":"open","sticky":false,"template":"","format":"standard","meta":{"site-sidebar-layout":"default","site-content-layout":"","ast-site-content-layout":"default","site-content-style":"default","site-sidebar-style":"default","ast-global-header-display":"","ast-banner-title-visibility":"","ast-main-header-display":"","ast-hfb-above-header-display":"","ast-hfb-below-header-display":"","ast-hfb-mobile-header-display":"","site-post-title":"","ast-breadcrumbs-content":"","ast-featured-img":"","footer-sml-layout":"","ast-disable-related-posts":"","theme-transparent-header-meta":"","adv-header-id-meta":"","stick-header-meta":"","header-above-stick-meta":"","header-main-stick-meta":"","header-below-stick-meta":"","astra-migrate-meta-layouts":"set","ast-page-background-enabled":"default","ast-page-background-meta":{"desktop":{"background-color":"","background-image":"","background-repeat":"repeat","background-position":"center center","background-size":"auto","background-attachment":"scroll","background-type":"","background-media":"","overlay-type":"","overlay-color":"","overlay-opacity":"","overlay-gradient":""},"tablet":{"background-color":"","background-image":"","background-repeat":"repeat","background-position":"center center","background-size":"auto","background-attachment":"scroll","background-type":"","background-media":"","overlay-type":"","overlay-color":"","overlay-opacity":"","overlay-gradient":""},"mobile":{"background-color":"","background-image":"","background-repeat":"repeat","background-position":"center center","background-size":"auto","background-attachment":"scroll","background-type":"","background-media":"","overlay-type":"","overlay-color":"","overlay-opacity":"","overlay-gradient":""}},"ast-content-background-meta":{"desktop":{"background-color":"var(--ast-global-color-5)","background-image":"","background-repeat":"repeat","background-position":"center center","background-size":"auto","background-attachment":"scroll","background-type":"","background-media":"","overlay-type":"","overlay-color":"","overlay-opacity":"","overlay-gradient":""},"tablet":{"background-color":"var(--ast-global-color-5)","background-image":"","background-repeat":"repeat","background-position":"center center","background-size":"auto","background-attachment":"scroll","background-type":"","background-media":"","overlay-type":"","overlay-color":"","overlay-opacity":"","overlay-gradient":""},"mobile":{"background-color":"var(--ast-global-color-5)","background-image":"","background-repeat":"repeat","background-position":"center center","background-size":"auto","background-attachment":"scroll","background-type":"","background-media":"","overlay-type":"","overlay-color":"","overlay-opacity":"","overlay-gradient":""}},"_jetpack_memberships_contains_paid_content":false,"_joinchat":[],"footnotes":""},"categories":[365,3557],"tags":[15628,299,5387,23198,23197,15352,59],"class_list":["post-86146","post","type-post","status-publish","format-standard","has-post-thumbnail","hentry","category-opinion","category-tercera","tag-comedor","tag-cura","tag-enojo","tag-francisco-olivera","tag-isla-maciel","tag-milei","tag-presidente"],"yoast_head":"<!-- This site is optimized with the Yoast SEO plugin v26.8 - https:\/\/yoast.com\/product\/yoast-seo-wordpress\/ -->\n<title>[El Deschave] Isla Maciel: Cura enculado por el triunfo de Milei \u2026 - El Regional<\/title>\n<meta name=\"robots\" content=\"index, follow, max-snippet:-1, max-image-preview:large, max-video-preview:-1\" \/>\n<link rel=\"canonical\" href=\"https:\/\/elregionalvm.com.ar\/noticias-villa-maria\/el-deschave-isla-maciel-cura-enculado-por-el-triunfo-de-milei\/\" \/>\n<meta property=\"og:locale\" content=\"es_ES\" \/>\n<meta property=\"og:type\" content=\"article\" \/>\n<meta property=\"og:title\" content=\"[El Deschave] Isla Maciel: Cura enculado por el triunfo de Milei \u2026 - El Regional\" \/>\n<meta property=\"og:description\" content=\"Escribe: Miguel Andreis La emblem\u00e1tica Isla Maciel -que si bien no es una isla-, lindera con Avellaneda y La Boca, desde siempre fue uno de los grandes e inexpugnables bastiones peronistas. All\u00ed, estuvo por no poco tiempo el padre Francisco Oliveira con un comedor, que en los \u00faltimos tiempos el arzobispado que cubre dicho espacio [&hellip;]\" \/>\n<meta property=\"og:url\" content=\"https:\/\/elregionalvm.com.ar\/noticias-villa-maria\/el-deschave-isla-maciel-cura-enculado-por-el-triunfo-de-milei\/\" \/>\n<meta property=\"og:site_name\" content=\"El Regional\" \/>\n<meta property=\"article:publisher\" content=\"https:\/\/www.facebook.com\/elregionalvm\" \/>\n<meta property=\"article:published_time\" content=\"2023-11-22T17:49:38+00:00\" \/>\n<meta property=\"article:modified_time\" content=\"2023-11-23T21:52:57+00:00\" \/>\n<meta property=\"og:image\" content=\"https:\/\/elregionalvm.com.ar\/noticias-villa-maria\/wp-content\/uploads\/2023\/11\/Cura-Paco-Oliveira-Isla-Maciel.jpg\" \/>\n\t<meta property=\"og:image:width\" content=\"900\" \/>\n\t<meta property=\"og:image:height\" content=\"600\" \/>\n\t<meta property=\"og:image:type\" content=\"image\/jpeg\" \/>\n<meta name=\"author\" content=\"Contenidos El Regional\" \/>\n<meta name=\"twitter:card\" content=\"summary_large_image\" \/>\n<meta name=\"twitter:creator\" content=\"@elregionalvm1\" \/>\n<meta name=\"twitter:site\" content=\"@elregionalvm1\" \/>\n<meta name=\"twitter:label1\" content=\"Escrito por\" \/>\n\t<meta name=\"twitter:data1\" content=\"Contenidos El Regional\" \/>\n\t<meta name=\"twitter:label2\" content=\"Tiempo de lectura\" \/>\n\t<meta name=\"twitter:data2\" content=\"3 minutos\" \/>\n<script type=\"application\/ld+json\" class=\"yoast-schema-graph\">{\"@context\":\"https:\/\/schema.org\",\"@graph\":[{\"@type\":\"Article\",\"@id\":\"https:\/\/elregionalvm.com.ar\/noticias-villa-maria\/el-deschave-isla-maciel-cura-enculado-por-el-triunfo-de-milei\/#article\",\"isPartOf\":{\"@id\":\"https:\/\/elregionalvm.com.ar\/noticias-villa-maria\/el-deschave-isla-maciel-cura-enculado-por-el-triunfo-de-milei\/\"},\"author\":{\"name\":\"Contenidos El Regional\",\"@id\":\"http:\/\/elregionalvm.com.ar\/noticias-villa-maria\/#\/schema\/person\/a0fb9c422317faca23d50163151bc354\"},\"headline\":\"[El Deschave] Isla Maciel: Cura enculado por el triunfo de Milei \u2026\",\"datePublished\":\"2023-11-22T17:49:38+00:00\",\"dateModified\":\"2023-11-23T21:52:57+00:00\",\"mainEntityOfPage\":{\"@id\":\"https:\/\/elregionalvm.com.ar\/noticias-villa-maria\/el-deschave-isla-maciel-cura-enculado-por-el-triunfo-de-milei\/\"},\"wordCount\":501,\"commentCount\":0,\"image\":{\"@id\":\"https:\/\/elregionalvm.com.ar\/noticias-villa-maria\/el-deschave-isla-maciel-cura-enculado-por-el-triunfo-de-milei\/#primaryimage\"},\"thumbnailUrl\":\"https:\/\/i0.wp.com\/elregionalvm.com.ar\/noticias-villa-maria\/wp-content\/uploads\/2023\/11\/Cura-Paco-Oliveira-Isla-Maciel.jpg?fit=900%2C600&ssl=1\",\"keywords\":[\"comedor\",\"cura\",\"enojo\",\"Francisco Olivera\",\"Isla Maciel\",\"Milei\",\"Presidente\"],\"articleSection\":[\"Opini\u00f3n\",\"tercera\"],\"inLanguage\":\"es\",\"potentialAction\":[{\"@type\":\"CommentAction\",\"name\":\"Comment\",\"target\":[\"https:\/\/elregionalvm.com.ar\/noticias-villa-maria\/el-deschave-isla-maciel-cura-enculado-por-el-triunfo-de-milei\/#respond\"]}]},{\"@type\":\"WebPage\",\"@id\":\"https:\/\/elregionalvm.com.ar\/noticias-villa-maria\/el-deschave-isla-maciel-cura-enculado-por-el-triunfo-de-milei\/\",\"url\":\"https:\/\/elregionalvm.com.ar\/noticias-villa-maria\/el-deschave-isla-maciel-cura-enculado-por-el-triunfo-de-milei\/\",\"name\":\"[El Deschave] Isla Maciel: Cura enculado por el triunfo de Milei \u2026 - El Regional\",\"isPartOf\":{\"@id\":\"http:\/\/elregionalvm.com.ar\/noticias-villa-maria\/#website\"},\"primaryImageOfPage\":{\"@id\":\"https:\/\/elregionalvm.com.ar\/noticias-villa-maria\/el-deschave-isla-maciel-cura-enculado-por-el-triunfo-de-milei\/#primaryimage\"},\"image\":{\"@id\":\"https:\/\/elregionalvm.com.ar\/noticias-villa-maria\/el-deschave-isla-maciel-cura-enculado-por-el-triunfo-de-milei\/#primaryimage\"},\"thumbnailUrl\":\"https:\/\/i0.wp.com\/elregionalvm.com.ar\/noticias-villa-maria\/wp-content\/uploads\/2023\/11\/Cura-Paco-Oliveira-Isla-Maciel.jpg?fit=900%2C600&ssl=1\",\"datePublished\":\"2023-11-22T17:49:38+00:00\",\"dateModified\":\"2023-11-23T21:52:57+00:00\",\"author\":{\"@id\":\"http:\/\/elregionalvm.com.ar\/noticias-villa-maria\/#\/schema\/person\/a0fb9c422317faca23d50163151bc354\"},\"breadcrumb\":{\"@id\":\"https:\/\/elregionalvm.com.ar\/noticias-villa-maria\/el-deschave-isla-maciel-cura-enculado-por-el-triunfo-de-milei\/#breadcrumb\"},\"inLanguage\":\"es\",\"potentialAction\":[{\"@type\":\"ReadAction\",\"target\":[\"https:\/\/elregionalvm.com.ar\/noticias-villa-maria\/el-deschave-isla-maciel-cura-enculado-por-el-triunfo-de-milei\/\"]}]},{\"@type\":\"ImageObject\",\"inLanguage\":\"es\",\"@id\":\"https:\/\/elregionalvm.com.ar\/noticias-villa-maria\/el-deschave-isla-maciel-cura-enculado-por-el-triunfo-de-milei\/#primaryimage\",\"url\":\"https:\/\/i0.wp.com\/elregionalvm.com.ar\/noticias-villa-maria\/wp-content\/uploads\/2023\/11\/Cura-Paco-Oliveira-Isla-Maciel.jpg?fit=900%2C600&ssl=1\",\"contentUrl\":\"https:\/\/i0.wp.com\/elregionalvm.com.ar\/noticias-villa-maria\/wp-content\/uploads\/2023\/11\/Cura-Paco-Oliveira-Isla-Maciel.jpg?fit=900%2C600&ssl=1\",\"width\":900,\"height\":600},{\"@type\":\"BreadcrumbList\",\"@id\":\"https:\/\/elregionalvm.com.ar\/noticias-villa-maria\/el-deschave-isla-maciel-cura-enculado-por-el-triunfo-de-milei\/#breadcrumb\",\"itemListElement\":[{\"@type\":\"ListItem\",\"position\":1,\"name\":\"Portada\",\"item\":\"https:\/\/elregionalvm.com.ar\/noticias-villa-maria\/\"},{\"@type\":\"ListItem\",\"position\":2,\"name\":\"[El Deschave] Isla Maciel: Cura enculado por el triunfo de Milei \u2026\"}]},{\"@type\":\"WebSite\",\"@id\":\"http:\/\/elregionalvm.com.ar\/noticias-villa-maria\/#website\",\"url\":\"http:\/\/elregionalvm.com.ar\/noticias-villa-maria\/\",\"name\":\"El Regional\",\"description\":\"Mucho m\u00e1s que informaci\u00f3n\",\"potentialAction\":[{\"@type\":\"SearchAction\",\"target\":{\"@type\":\"EntryPoint\",\"urlTemplate\":\"http:\/\/elregionalvm.com.ar\/noticias-villa-maria\/?s={search_term_string}\"},\"query-input\":{\"@type\":\"PropertyValueSpecification\",\"valueRequired\":true,\"valueName\":\"search_term_string\"}}],\"inLanguage\":\"es\"},{\"@type\":\"Person\",\"@id\":\"http:\/\/elregionalvm.com.ar\/noticias-villa-maria\/#\/schema\/person\/a0fb9c422317faca23d50163151bc354\",\"name\":\"Contenidos El Regional\",\"image\":{\"@type\":\"ImageObject\",\"inLanguage\":\"es\",\"@id\":\"http:\/\/elregionalvm.com.ar\/noticias-villa-maria\/#\/schema\/person\/image\/\",\"url\":\"https:\/\/secure.gravatar.com\/avatar\/265b27cb2209af7bb3a1318f03305787d7981a5cc6e6cd08fe5a4ecdf99d4b48?s=96&d=mm&r=g\",\"contentUrl\":\"https:\/\/secure.gravatar.com\/avatar\/265b27cb2209af7bb3a1318f03305787d7981a5cc6e6cd08fe5a4ecdf99d4b48?s=96&d=mm&r=g\",\"caption\":\"Contenidos El Regional\"},\"url\":\"https:\/\/elregionalvm.com.ar\/noticias-villa-maria\/author\/contenido\/\"}]}<\/script>\n<!-- \/ Yoast SEO plugin. -->","yoast_head_json":{"title":"[El Deschave] Isla Maciel: Cura enculado por el triunfo de Milei \u2026 - El Regional","robots":{"index":"index","follow":"follow","max-snippet":"max-snippet:-1","max-image-preview":"max-image-preview:large","max-video-preview":"max-video-preview:-1"},"canonical":"https:\/\/elregionalvm.com.ar\/noticias-villa-maria\/el-deschave-isla-maciel-cura-enculado-por-el-triunfo-de-milei\/","og_locale":"es_ES","og_type":"article","og_title":"[El Deschave] Isla Maciel: Cura enculado por el triunfo de Milei \u2026 - El Regional","og_description":"Escribe: Miguel Andreis La emblem\u00e1tica Isla Maciel -que si bien no es una isla-, lindera con Avellaneda y La Boca, desde siempre fue uno de los grandes e inexpugnables bastiones peronistas. All\u00ed, estuvo por no poco tiempo el padre Francisco Oliveira con un comedor, que en los \u00faltimos tiempos el arzobispado que cubre dicho espacio [&hellip;]","og_url":"https:\/\/elregionalvm.com.ar\/noticias-villa-maria\/el-deschave-isla-maciel-cura-enculado-por-el-triunfo-de-milei\/","og_site_name":"El Regional","article_publisher":"https:\/\/www.facebook.com\/elregionalvm","article_published_time":"2023-11-22T17:49:38+00:00","article_modified_time":"2023-11-23T21:52:57+00:00","og_image":[{"width":900,"height":600,"url":"https:\/\/elregionalvm.com.ar\/noticias-villa-maria\/wp-content\/uploads\/2023\/11\/Cura-Paco-Oliveira-Isla-Maciel.jpg","type":"image\/jpeg"}],"author":"Contenidos El Regional","twitter_card":"summary_large_image","twitter_creator":"@elregionalvm1","twitter_site":"@elregionalvm1","twitter_misc":{"Escrito por":"Contenidos El Regional","Tiempo de lectura":"3 minutos"},"schema":{"@context":"https:\/\/schema.org","@graph":[{"@type":"Article","@id":"https:\/\/elregionalvm.com.ar\/noticias-villa-maria\/el-deschave-isla-maciel-cura-enculado-por-el-triunfo-de-milei\/#article","isPartOf":{"@id":"https:\/\/elregionalvm.com.ar\/noticias-villa-maria\/el-deschave-isla-maciel-cura-enculado-por-el-triunfo-de-milei\/"},"author":{"name":"Contenidos El Regional","@id":"http:\/\/elregionalvm.com.ar\/noticias-villa-maria\/#\/schema\/person\/a0fb9c422317faca23d50163151bc354"},"headline":"[El Deschave] Isla Maciel: Cura enculado por el triunfo de Milei \u2026","datePublished":"2023-11-22T17:49:38+00:00","dateModified":"2023-11-23T21:52:57+00:00","mainEntityOfPage":{"@id":"https:\/\/elregionalvm.com.ar\/noticias-villa-maria\/el-deschave-isla-maciel-cura-enculado-por-el-triunfo-de-milei\/"},"wordCount":501,"commentCount":0,"image":{"@id":"https:\/\/elregionalvm.com.ar\/noticias-villa-maria\/el-deschave-isla-maciel-cura-enculado-por-el-triunfo-de-milei\/#primaryimage"},"thumbnailUrl":"https:\/\/i0.wp.com\/elregionalvm.com.ar\/noticias-villa-maria\/wp-content\/uploads\/2023\/11\/Cura-Paco-Oliveira-Isla-Maciel.jpg?fit=900%2C600&ssl=1","keywords":["comedor","cura","enojo","Francisco Olivera","Isla Maciel","Milei","Presidente"],"articleSection":["Opini\u00f3n","tercera"],"inLanguage":"es","potentialAction":[{"@type":"CommentAction","name":"Comment","target":["https:\/\/elregionalvm.com.ar\/noticias-villa-maria\/el-deschave-isla-maciel-cura-enculado-por-el-triunfo-de-milei\/#respond"]}]},{"@type":"WebPage","@id":"https:\/\/elregionalvm.com.ar\/noticias-villa-maria\/el-deschave-isla-maciel-cura-enculado-por-el-triunfo-de-milei\/","url":"https:\/\/elregionalvm.com.ar\/noticias-villa-maria\/el-deschave-isla-maciel-cura-enculado-por-el-triunfo-de-milei\/","name":"[El Deschave] Isla Maciel: Cura enculado por el triunfo de Milei \u2026 - El Regional","isPartOf":{"@id":"http:\/\/elregionalvm.com.ar\/noticias-villa-maria\/#website"},"primaryImageOfPage":{"@id":"https:\/\/elregionalvm.com.ar\/noticias-villa-maria\/el-deschave-isla-maciel-cura-enculado-por-el-triunfo-de-milei\/#primaryimage"},"image":{"@id":"https:\/\/elregionalvm.com.ar\/noticias-villa-maria\/el-deschave-isla-maciel-cura-enculado-por-el-triunfo-de-milei\/#primaryimage"},"thumbnailUrl":"https:\/\/i0.wp.com\/elregionalvm.com.ar\/noticias-villa-maria\/wp-content\/uploads\/2023\/11\/Cura-Paco-Oliveira-Isla-Maciel.jpg?fit=900%2C600&ssl=1","datePublished":"2023-11-22T17:49:38+00:00","dateModified":"2023-11-23T21:52:57+00:00","author":{"@id":"http:\/\/elregionalvm.com.ar\/noticias-villa-maria\/#\/schema\/person\/a0fb9c422317faca23d50163151bc354"},"breadcrumb":{"@id":"https:\/\/elregionalvm.com.ar\/noticias-villa-maria\/el-deschave-isla-maciel-cura-enculado-por-el-triunfo-de-milei\/#breadcrumb"},"inLanguage":"es","potentialAction":[{"@type":"ReadAction","target":["https:\/\/elregionalvm.com.ar\/noticias-villa-maria\/el-deschave-isla-maciel-cura-enculado-por-el-triunfo-de-milei\/"]}]},{"@type":"ImageObject","inLanguage":"es","@id":"https:\/\/elregionalvm.com.ar\/noticias-villa-maria\/el-deschave-isla-maciel-cura-enculado-por-el-triunfo-de-milei\/#primaryimage","url":"https:\/\/i0.wp.com\/elregionalvm.com.ar\/noticias-villa-maria\/wp-content\/uploads\/2023\/11\/Cura-Paco-Oliveira-Isla-Maciel.jpg?fit=900%2C600&ssl=1","contentUrl":"https:\/\/i0.wp.com\/elregionalvm.com.ar\/noticias-villa-maria\/wp-content\/uploads\/2023\/11\/Cura-Paco-Oliveira-Isla-Maciel.jpg?fit=900%2C600&ssl=1","width":900,"height":600},{"@type":"BreadcrumbList","@id":"https:\/\/elregionalvm.com.ar\/noticias-villa-maria\/el-deschave-isla-maciel-cura-enculado-por-el-triunfo-de-milei\/#breadcrumb","itemListElement":[{"@type":"ListItem","position":1,"name":"Portada","item":"https:\/\/elregionalvm.com.ar\/noticias-villa-maria\/"},{"@type":"ListItem","position":2,"name":"[El Deschave] Isla Maciel: Cura enculado por el triunfo de Milei \u2026"}]},{"@type":"WebSite","@id":"http:\/\/elregionalvm.com.ar\/noticias-villa-maria\/#website","url":"http:\/\/elregionalvm.com.ar\/noticias-villa-maria\/","name":"El Regional","description":"Mucho m\u00e1s que informaci\u00f3n","potentialAction":[{"@type":"SearchAction","target":{"@type":"EntryPoint","urlTemplate":"http:\/\/elregionalvm.com.ar\/noticias-villa-maria\/?s={search_term_string}"},"query-input":{"@type":"PropertyValueSpecification","valueRequired":true,"valueName":"search_term_string"}}],"inLanguage":"es"},{"@type":"Person","@id":"http:\/\/elregionalvm.com.ar\/noticias-villa-maria\/#\/schema\/person\/a0fb9c422317faca23d50163151bc354","name":"Contenidos El Regional","image":{"@type":"ImageObject","inLanguage":"es","@id":"http:\/\/elregionalvm.com.ar\/noticias-villa-maria\/#\/schema\/person\/image\/","url":"https:\/\/secure.gravatar.com\/avatar\/265b27cb2209af7bb3a1318f03305787d7981a5cc6e6cd08fe5a4ecdf99d4b48?s=96&d=mm&r=g","contentUrl":"https:\/\/secure.gravatar.com\/avatar\/265b27cb2209af7bb3a1318f03305787d7981a5cc6e6cd08fe5a4ecdf99d4b48?s=96&d=mm&r=g","caption":"Contenidos El Regional"},"url":"https:\/\/elregionalvm.com.ar\/noticias-villa-maria\/author\/contenido\/"}]}},"jetpack_featured_media_url":"https:\/\/i0.wp.com\/elregionalvm.com.ar\/noticias-villa-maria\/wp-content\/uploads\/2023\/11\/Cura-Paco-Oliveira-Isla-Maciel.jpg?fit=900%2C600&ssl=1","jetpack_sharing_enabled":true,"_links":{"self":[{"href":"https:\/\/elregionalvm.com.ar\/noticias-villa-maria\/wp-json\/wp\/v2\/posts\/86146","targetHints":{"allow":["GET"]}}],"collection":[{"href":"https:\/\/elregionalvm.com.ar\/noticias-villa-maria\/wp-json\/wp\/v2\/posts"}],"about":[{"href":"https:\/\/elregionalvm.com.ar\/noticias-villa-maria\/wp-json\/wp\/v2\/types\/post"}],"author":[{"embeddable":true,"href":"https:\/\/elregionalvm.com.ar\/noticias-villa-maria\/wp-json\/wp\/v2\/users\/4"}],"replies":[{"embeddable":true,"href":"https:\/\/elregionalvm.com.ar\/noticias-villa-maria\/wp-json\/wp\/v2\/comments?post=86146"}],"version-history":[{"count":4,"href":"https:\/\/elregionalvm.com.ar\/noticias-villa-maria\/wp-json\/wp\/v2\/posts\/86146\/revisions"}],"predecessor-version":[{"id":86153,"href":"https:\/\/elregionalvm.com.ar\/noticias-villa-maria\/wp-json\/wp\/v2\/posts\/86146\/revisions\/86153"}],"wp:featuredmedia":[{"embeddable":true,"href":"https:\/\/elregionalvm.com.ar\/noticias-villa-maria\/wp-json\/wp\/v2\/media\/86151"}],"wp:attachment":[{"href":"https:\/\/elregionalvm.com.ar\/noticias-villa-maria\/wp-json\/wp\/v2\/media?parent=86146"}],"wp:term":[{"taxonomy":"category","embeddable":true,"href":"https:\/\/elregionalvm.com.ar\/noticias-villa-maria\/wp-json\/wp\/v2\/categories?post=86146"},{"taxonomy":"post_tag","embeddable":true,"href":"https:\/\/elregionalvm.com.ar\/noticias-villa-maria\/wp-json\/wp\/v2\/tags?post=86146"}],"curies":[{"name":"wp","href":"https:\/\/api.w.org\/{rel}","templated":true}]}}