{"id":86157,"date":"2023-11-22T20:33:31","date_gmt":"2023-11-22T20:33:31","guid":{"rendered":"https:\/\/elregionalvm.com.ar\/noticias-villa-maria\/?p=86157"},"modified":"2023-11-22T20:33:32","modified_gmt":"2023-11-22T20:33:32","slug":"aerca-nombro-a-nuevas-autoridades","status":"publish","type":"post","link":"https:\/\/elregionalvm.com.ar\/noticias-villa-maria\/aerca-nombro-a-nuevas-autoridades\/","title":{"rendered":"AERCA nombr\u00f3 a nuevas autoridades"},"content":{"rendered":"\n<p>Desde la Asociaci\u00f3n de Empresarios Regi\u00f3n Centro Argentino (AERCA) informamos<br>que el d\u00eda martes 21 de noviembre se llev\u00f3 a cabo la Asamblea General Ordinaria<br>correspondiente al 93\u00b0 Ejercicio Social. En la misma, fue aprobada la Memoria y el<br>balance que comprenden el mencionado ejercicio.<\/p>\n\n\n\n<p>Asimismo, se present\u00f3 una \u00fanica lista para ejercer los cargos de autoridades de la<br>instituci\u00f3n, per\u00edodo 2024-2026. Los mismos, tal como lo indica el estatuto, entrar\u00e1n<br>en vigencia la primera reuni\u00f3n de Comisi\u00f3n Directiva del a\u00f1o entrante. <\/p>\n\n\n\n<p>Hasta dicho momento, continuar\u00e1 el mandato de las autoridades actuales.<\/p>\n\n\n\n<p>LISTADO DE COMISI\u00d3N DIRECTIVA A.E.R.C.A<br>PER\u00cdODO 2023 \u2013 2026<br>Miembros titulares<\/p>\n\n\n\n<p>Carolina Benito \u2013 Aldo F. Benito e hijos S.A<br>Valeria Cismondi \u2013 Vale la Vida \/ Cismondi Antonio<br>Rino Mosca &#8211; Alimentos Balanceadores S.A \/ 2m Quimica S.R.L<br>Emiliano Cesarini \u2013 Hiperseco S.A<br>Lucas Ferrero \u2013 Ferrero y Matio S.R.L<\/p>\n\n\n\n<p>Secretarios suplentes<\/p>\n\n\n\n<p>Andrea Ceverio \u2013 Lo de Jacinto \/ P.A.S Servicios<br>Dar\u00edo Falvo &#8211; Terramar Log\u00edstica<\/p>\n\n\n\n<p>Comisi\u00f3n revisadora de cuentas<\/p>\n\n\n\n<p>Miembros titulares:<\/p>\n\n\n\n<p>Diego Colinas \u2013 Bulonera Camba S.R.L<br>Miembro suplente:<br>Juan Carlos Jacobo \u2013 Juan Jorge Jacobo S.A<br>CAME<\/p>\n\n\n\n<p>Delegado por Comisi\u00f3n Directiva a Consejero titular: <\/p>\n\n\n\n<p>Jacobo Juan Carlos<br>\u2013 Juan Jorge Jacobo S.A<br>Delegado por Comisi\u00f3n Directiva a Comisi\u00f3n de Comercio: Dar\u00edo<br>Pelegrino \u2013 Pellegrino S.A<\/p>\n\n\n\n<p>CAC<\/p>\n\n\n\n<p>Delegado por Comisi\u00f3n Directiva: Carolina Benito \u2013 Aldo F. Benito e Hijos<br>S.A<br>Departamento comercio exterior CAC: <\/p>\n\n\n\n<p>Delegado por Comisi\u00f3n Directiva:<br>Nicol\u00e1s Boretti -Industrias Cormetal S.A.<\/p>\n","protected":false},"excerpt":{"rendered":"<p>Desde la Asociaci\u00f3n de Empresarios Regi\u00f3n Centro Argentino (AERCA) informamosque el d\u00eda martes 21 de noviembre se llev\u00f3 a cabo la Asamblea General Ordinariacorrespondiente al 93\u00b0 Ejercicio Social. En la misma, fue aprobada la Memoria y elbalance que comprenden el mencionado ejercicio. Asimismo, se present\u00f3 una \u00fanica lista para ejercer los cargos de autoridades de [&hellip;]<\/p>\n","protected":false},"author":4,"featured_media":25088,"comment_status":"open","ping_status":"open","sticky":false,"template":"","format":"standard","meta":{"site-sidebar-layout":"default","site-content-layout":"","ast-site-content-layout":"default","site-content-style":"default","site-sidebar-style":"default","ast-global-header-display":"","ast-banner-title-visibility":"","ast-main-header-display":"","ast-hfb-above-header-display":"","ast-hfb-below-header-display":"","ast-hfb-mobile-header-display":"","site-post-title":"","ast-breadcrumbs-content":"","ast-featured-img":"","footer-sml-layout":"","ast-disable-related-posts":"","theme-transparent-header-meta":"","adv-header-id-meta":"","stick-header-meta":"","header-above-stick-meta":"","header-main-stick-meta":"","header-below-stick-meta":"","astra-migrate-meta-layouts":"set","ast-page-background-enabled":"default","ast-page-background-meta":{"desktop":{"background-color":"","background-image":"","background-repeat":"repeat","background-position":"center center","background-size":"auto","background-attachment":"scroll","background-type":"","background-media":"","overlay-type":"","overlay-color":"","overlay-opacity":"","overlay-gradient":""},"tablet":{"background-color":"","background-image":"","background-repeat":"repeat","background-position":"center center","background-size":"auto","background-attachment":"scroll","background-type":"","background-media":"","overlay-type":"","overlay-color":"","overlay-opacity":"","overlay-gradient":""},"mobile":{"background-color":"","background-image":"","background-repeat":"repeat","background-position":"center center","background-size":"auto","background-attachment":"scroll","background-type":"","background-media":"","overlay-type":"","overlay-color":"","overlay-opacity":"","overlay-gradient":""}},"ast-content-background-meta":{"desktop":{"background-color":"var(--ast-global-color-5)","background-image":"","background-repeat":"repeat","background-position":"center center","background-size":"auto","background-attachment":"scroll","background-type":"","background-media":"","overlay-type":"","overlay-color":"","overlay-opacity":"","overlay-gradient":""},"tablet":{"background-color":"var(--ast-global-color-5)","background-image":"","background-repeat":"repeat","background-position":"center center","background-size":"auto","background-attachment":"scroll","background-type":"","background-media":"","overlay-type":"","overlay-color":"","overlay-opacity":"","overlay-gradient":""},"mobile":{"background-color":"var(--ast-global-color-5)","background-image":"","background-repeat":"repeat","background-position":"center center","background-size":"auto","background-attachment":"scroll","background-type":"","background-media":"","overlay-type":"","overlay-color":"","overlay-opacity":"","overlay-gradient":""}},"_jetpack_memberships_contains_paid_content":false,"_joinchat":[],"footnotes":""},"categories":[15302,5,2],"tags":[],"class_list":["post-86157","post","type-post","status-publish","format-standard","has-post-thumbnail","hentry","category-destacado","category-sociedad","category-villa-maria"],"yoast_head":"<!-- This site is optimized with the Yoast SEO plugin v26.8 - https:\/\/yoast.com\/product\/yoast-seo-wordpress\/ -->\n<title>AERCA nombr\u00f3 a nuevas autoridades - El Regional<\/title>\n<meta name=\"robots\" content=\"index, follow, max-snippet:-1, max-image-preview:large, max-video-preview:-1\" \/>\n<link rel=\"canonical\" href=\"https:\/\/elregionalvm.com.ar\/noticias-villa-maria\/aerca-nombro-a-nuevas-autoridades\/\" \/>\n<meta property=\"og:locale\" content=\"es_ES\" \/>\n<meta property=\"og:type\" content=\"article\" \/>\n<meta property=\"og:title\" content=\"AERCA nombr\u00f3 a nuevas autoridades - El Regional\" \/>\n<meta property=\"og:description\" content=\"Desde la Asociaci\u00f3n de Empresarios Regi\u00f3n Centro Argentino (AERCA) informamosque el d\u00eda martes 21 de noviembre se llev\u00f3 a cabo la Asamblea General Ordinariacorrespondiente al 93\u00b0 Ejercicio Social. En la misma, fue aprobada la Memoria y elbalance que comprenden el mencionado ejercicio. Asimismo, se present\u00f3 una \u00fanica lista para ejercer los cargos de autoridades de [&hellip;]\" \/>\n<meta property=\"og:url\" content=\"https:\/\/elregionalvm.com.ar\/noticias-villa-maria\/aerca-nombro-a-nuevas-autoridades\/\" \/>\n<meta property=\"og:site_name\" content=\"El Regional\" \/>\n<meta property=\"article:publisher\" content=\"https:\/\/www.facebook.com\/elregionalvm\" \/>\n<meta property=\"article:published_time\" content=\"2023-11-22T20:33:31+00:00\" \/>\n<meta property=\"article:modified_time\" content=\"2023-11-22T20:33:32+00:00\" \/>\n<meta property=\"og:image\" content=\"https:\/\/elregionalvm.com.ar\/noticias-villa-maria\/wp-content\/uploads\/2020\/10\/Aerca-frente-1.jpg\" \/>\n\t<meta property=\"og:image:width\" content=\"1999\" \/>\n\t<meta property=\"og:image:height\" content=\"1267\" \/>\n\t<meta property=\"og:image:type\" content=\"image\/jpeg\" \/>\n<meta name=\"author\" content=\"Contenidos El Regional\" \/>\n<meta name=\"twitter:card\" content=\"summary_large_image\" \/>\n<meta name=\"twitter:creator\" content=\"@elregionalvm1\" \/>\n<meta name=\"twitter:site\" content=\"@elregionalvm1\" \/>\n<meta name=\"twitter:label1\" content=\"Escrito por\" \/>\n\t<meta name=\"twitter:data1\" content=\"Contenidos El Regional\" \/>\n\t<meta name=\"twitter:label2\" content=\"Tiempo de lectura\" \/>\n\t<meta name=\"twitter:data2\" content=\"2 minutos\" \/>\n<script type=\"application\/ld+json\" class=\"yoast-schema-graph\">{\"@context\":\"https:\/\/schema.org\",\"@graph\":[{\"@type\":\"Article\",\"@id\":\"https:\/\/elregionalvm.com.ar\/noticias-villa-maria\/aerca-nombro-a-nuevas-autoridades\/#article\",\"isPartOf\":{\"@id\":\"https:\/\/elregionalvm.com.ar\/noticias-villa-maria\/aerca-nombro-a-nuevas-autoridades\/\"},\"author\":{\"name\":\"Contenidos El Regional\",\"@id\":\"http:\/\/elregionalvm.com.ar\/noticias-villa-maria\/#\/schema\/person\/a0fb9c422317faca23d50163151bc354\"},\"headline\":\"AERCA nombr\u00f3 a nuevas autoridades\",\"datePublished\":\"2023-11-22T20:33:31+00:00\",\"dateModified\":\"2023-11-22T20:33:32+00:00\",\"mainEntityOfPage\":{\"@id\":\"https:\/\/elregionalvm.com.ar\/noticias-villa-maria\/aerca-nombro-a-nuevas-autoridades\/\"},\"wordCount\":248,\"commentCount\":0,\"image\":{\"@id\":\"https:\/\/elregionalvm.com.ar\/noticias-villa-maria\/aerca-nombro-a-nuevas-autoridades\/#primaryimage\"},\"thumbnailUrl\":\"https:\/\/i0.wp.com\/elregionalvm.com.ar\/noticias-villa-maria\/wp-content\/uploads\/2020\/10\/Aerca-frente-1.jpg?fit=1999%2C1267&ssl=1\",\"articleSection\":[\"destacado\",\"Sociedad\",\"Villa Mar\u00eda\"],\"inLanguage\":\"es\",\"potentialAction\":[{\"@type\":\"CommentAction\",\"name\":\"Comment\",\"target\":[\"https:\/\/elregionalvm.com.ar\/noticias-villa-maria\/aerca-nombro-a-nuevas-autoridades\/#respond\"]}]},{\"@type\":\"WebPage\",\"@id\":\"https:\/\/elregionalvm.com.ar\/noticias-villa-maria\/aerca-nombro-a-nuevas-autoridades\/\",\"url\":\"https:\/\/elregionalvm.com.ar\/noticias-villa-maria\/aerca-nombro-a-nuevas-autoridades\/\",\"name\":\"AERCA nombr\u00f3 a nuevas autoridades - El Regional\",\"isPartOf\":{\"@id\":\"http:\/\/elregionalvm.com.ar\/noticias-villa-maria\/#website\"},\"primaryImageOfPage\":{\"@id\":\"https:\/\/elregionalvm.com.ar\/noticias-villa-maria\/aerca-nombro-a-nuevas-autoridades\/#primaryimage\"},\"image\":{\"@id\":\"https:\/\/elregionalvm.com.ar\/noticias-villa-maria\/aerca-nombro-a-nuevas-autoridades\/#primaryimage\"},\"thumbnailUrl\":\"https:\/\/i0.wp.com\/elregionalvm.com.ar\/noticias-villa-maria\/wp-content\/uploads\/2020\/10\/Aerca-frente-1.jpg?fit=1999%2C1267&ssl=1\",\"datePublished\":\"2023-11-22T20:33:31+00:00\",\"dateModified\":\"2023-11-22T20:33:32+00:00\",\"author\":{\"@id\":\"http:\/\/elregionalvm.com.ar\/noticias-villa-maria\/#\/schema\/person\/a0fb9c422317faca23d50163151bc354\"},\"breadcrumb\":{\"@id\":\"https:\/\/elregionalvm.com.ar\/noticias-villa-maria\/aerca-nombro-a-nuevas-autoridades\/#breadcrumb\"},\"inLanguage\":\"es\",\"potentialAction\":[{\"@type\":\"ReadAction\",\"target\":[\"https:\/\/elregionalvm.com.ar\/noticias-villa-maria\/aerca-nombro-a-nuevas-autoridades\/\"]}]},{\"@type\":\"ImageObject\",\"inLanguage\":\"es\",\"@id\":\"https:\/\/elregionalvm.com.ar\/noticias-villa-maria\/aerca-nombro-a-nuevas-autoridades\/#primaryimage\",\"url\":\"https:\/\/i0.wp.com\/elregionalvm.com.ar\/noticias-villa-maria\/wp-content\/uploads\/2020\/10\/Aerca-frente-1.jpg?fit=1999%2C1267&ssl=1\",\"contentUrl\":\"https:\/\/i0.wp.com\/elregionalvm.com.ar\/noticias-villa-maria\/wp-content\/uploads\/2020\/10\/Aerca-frente-1.jpg?fit=1999%2C1267&ssl=1\",\"width\":1999,\"height\":1267},{\"@type\":\"BreadcrumbList\",\"@id\":\"https:\/\/elregionalvm.com.ar\/noticias-villa-maria\/aerca-nombro-a-nuevas-autoridades\/#breadcrumb\",\"itemListElement\":[{\"@type\":\"ListItem\",\"position\":1,\"name\":\"Portada\",\"item\":\"https:\/\/elregionalvm.com.ar\/noticias-villa-maria\/\"},{\"@type\":\"ListItem\",\"position\":2,\"name\":\"AERCA nombr\u00f3 a nuevas autoridades\"}]},{\"@type\":\"WebSite\",\"@id\":\"http:\/\/elregionalvm.com.ar\/noticias-villa-maria\/#website\",\"url\":\"http:\/\/elregionalvm.com.ar\/noticias-villa-maria\/\",\"name\":\"El Regional\",\"description\":\"Mucho m\u00e1s que informaci\u00f3n\",\"potentialAction\":[{\"@type\":\"SearchAction\",\"target\":{\"@type\":\"EntryPoint\",\"urlTemplate\":\"http:\/\/elregionalvm.com.ar\/noticias-villa-maria\/?s={search_term_string}\"},\"query-input\":{\"@type\":\"PropertyValueSpecification\",\"valueRequired\":true,\"valueName\":\"search_term_string\"}}],\"inLanguage\":\"es\"},{\"@type\":\"Person\",\"@id\":\"http:\/\/elregionalvm.com.ar\/noticias-villa-maria\/#\/schema\/person\/a0fb9c422317faca23d50163151bc354\",\"name\":\"Contenidos El Regional\",\"image\":{\"@type\":\"ImageObject\",\"inLanguage\":\"es\",\"@id\":\"http:\/\/elregionalvm.com.ar\/noticias-villa-maria\/#\/schema\/person\/image\/\",\"url\":\"https:\/\/secure.gravatar.com\/avatar\/265b27cb2209af7bb3a1318f03305787d7981a5cc6e6cd08fe5a4ecdf99d4b48?s=96&d=mm&r=g\",\"contentUrl\":\"https:\/\/secure.gravatar.com\/avatar\/265b27cb2209af7bb3a1318f03305787d7981a5cc6e6cd08fe5a4ecdf99d4b48?s=96&d=mm&r=g\",\"caption\":\"Contenidos El Regional\"},\"url\":\"https:\/\/elregionalvm.com.ar\/noticias-villa-maria\/author\/contenido\/\"}]}<\/script>\n<!-- \/ Yoast SEO plugin. -->","yoast_head_json":{"title":"AERCA nombr\u00f3 a nuevas autoridades - El Regional","robots":{"index":"index","follow":"follow","max-snippet":"max-snippet:-1","max-image-preview":"max-image-preview:large","max-video-preview":"max-video-preview:-1"},"canonical":"https:\/\/elregionalvm.com.ar\/noticias-villa-maria\/aerca-nombro-a-nuevas-autoridades\/","og_locale":"es_ES","og_type":"article","og_title":"AERCA nombr\u00f3 a nuevas autoridades - El Regional","og_description":"Desde la Asociaci\u00f3n de Empresarios Regi\u00f3n Centro Argentino (AERCA) informamosque el d\u00eda martes 21 de noviembre se llev\u00f3 a cabo la Asamblea General Ordinariacorrespondiente al 93\u00b0 Ejercicio Social. En la misma, fue aprobada la Memoria y elbalance que comprenden el mencionado ejercicio. Asimismo, se present\u00f3 una \u00fanica lista para ejercer los cargos de autoridades de [&hellip;]","og_url":"https:\/\/elregionalvm.com.ar\/noticias-villa-maria\/aerca-nombro-a-nuevas-autoridades\/","og_site_name":"El Regional","article_publisher":"https:\/\/www.facebook.com\/elregionalvm","article_published_time":"2023-11-22T20:33:31+00:00","article_modified_time":"2023-11-22T20:33:32+00:00","og_image":[{"width":1999,"height":1267,"url":"https:\/\/elregionalvm.com.ar\/noticias-villa-maria\/wp-content\/uploads\/2020\/10\/Aerca-frente-1.jpg","type":"image\/jpeg"}],"author":"Contenidos El Regional","twitter_card":"summary_large_image","twitter_creator":"@elregionalvm1","twitter_site":"@elregionalvm1","twitter_misc":{"Escrito por":"Contenidos El Regional","Tiempo de lectura":"2 minutos"},"schema":{"@context":"https:\/\/schema.org","@graph":[{"@type":"Article","@id":"https:\/\/elregionalvm.com.ar\/noticias-villa-maria\/aerca-nombro-a-nuevas-autoridades\/#article","isPartOf":{"@id":"https:\/\/elregionalvm.com.ar\/noticias-villa-maria\/aerca-nombro-a-nuevas-autoridades\/"},"author":{"name":"Contenidos El Regional","@id":"http:\/\/elregionalvm.com.ar\/noticias-villa-maria\/#\/schema\/person\/a0fb9c422317faca23d50163151bc354"},"headline":"AERCA nombr\u00f3 a nuevas autoridades","datePublished":"2023-11-22T20:33:31+00:00","dateModified":"2023-11-22T20:33:32+00:00","mainEntityOfPage":{"@id":"https:\/\/elregionalvm.com.ar\/noticias-villa-maria\/aerca-nombro-a-nuevas-autoridades\/"},"wordCount":248,"commentCount":0,"image":{"@id":"https:\/\/elregionalvm.com.ar\/noticias-villa-maria\/aerca-nombro-a-nuevas-autoridades\/#primaryimage"},"thumbnailUrl":"https:\/\/i0.wp.com\/elregionalvm.com.ar\/noticias-villa-maria\/wp-content\/uploads\/2020\/10\/Aerca-frente-1.jpg?fit=1999%2C1267&ssl=1","articleSection":["destacado","Sociedad","Villa Mar\u00eda"],"inLanguage":"es","potentialAction":[{"@type":"CommentAction","name":"Comment","target":["https:\/\/elregionalvm.com.ar\/noticias-villa-maria\/aerca-nombro-a-nuevas-autoridades\/#respond"]}]},{"@type":"WebPage","@id":"https:\/\/elregionalvm.com.ar\/noticias-villa-maria\/aerca-nombro-a-nuevas-autoridades\/","url":"https:\/\/elregionalvm.com.ar\/noticias-villa-maria\/aerca-nombro-a-nuevas-autoridades\/","name":"AERCA nombr\u00f3 a nuevas autoridades - El Regional","isPartOf":{"@id":"http:\/\/elregionalvm.com.ar\/noticias-villa-maria\/#website"},"primaryImageOfPage":{"@id":"https:\/\/elregionalvm.com.ar\/noticias-villa-maria\/aerca-nombro-a-nuevas-autoridades\/#primaryimage"},"image":{"@id":"https:\/\/elregionalvm.com.ar\/noticias-villa-maria\/aerca-nombro-a-nuevas-autoridades\/#primaryimage"},"thumbnailUrl":"https:\/\/i0.wp.com\/elregionalvm.com.ar\/noticias-villa-maria\/wp-content\/uploads\/2020\/10\/Aerca-frente-1.jpg?fit=1999%2C1267&ssl=1","datePublished":"2023-11-22T20:33:31+00:00","dateModified":"2023-11-22T20:33:32+00:00","author":{"@id":"http:\/\/elregionalvm.com.ar\/noticias-villa-maria\/#\/schema\/person\/a0fb9c422317faca23d50163151bc354"},"breadcrumb":{"@id":"https:\/\/elregionalvm.com.ar\/noticias-villa-maria\/aerca-nombro-a-nuevas-autoridades\/#breadcrumb"},"inLanguage":"es","potentialAction":[{"@type":"ReadAction","target":["https:\/\/elregionalvm.com.ar\/noticias-villa-maria\/aerca-nombro-a-nuevas-autoridades\/"]}]},{"@type":"ImageObject","inLanguage":"es","@id":"https:\/\/elregionalvm.com.ar\/noticias-villa-maria\/aerca-nombro-a-nuevas-autoridades\/#primaryimage","url":"https:\/\/i0.wp.com\/elregionalvm.com.ar\/noticias-villa-maria\/wp-content\/uploads\/2020\/10\/Aerca-frente-1.jpg?fit=1999%2C1267&ssl=1","contentUrl":"https:\/\/i0.wp.com\/elregionalvm.com.ar\/noticias-villa-maria\/wp-content\/uploads\/2020\/10\/Aerca-frente-1.jpg?fit=1999%2C1267&ssl=1","width":1999,"height":1267},{"@type":"BreadcrumbList","@id":"https:\/\/elregionalvm.com.ar\/noticias-villa-maria\/aerca-nombro-a-nuevas-autoridades\/#breadcrumb","itemListElement":[{"@type":"ListItem","position":1,"name":"Portada","item":"https:\/\/elregionalvm.com.ar\/noticias-villa-maria\/"},{"@type":"ListItem","position":2,"name":"AERCA nombr\u00f3 a nuevas autoridades"}]},{"@type":"WebSite","@id":"http:\/\/elregionalvm.com.ar\/noticias-villa-maria\/#website","url":"http:\/\/elregionalvm.com.ar\/noticias-villa-maria\/","name":"El Regional","description":"Mucho m\u00e1s que informaci\u00f3n","potentialAction":[{"@type":"SearchAction","target":{"@type":"EntryPoint","urlTemplate":"http:\/\/elregionalvm.com.ar\/noticias-villa-maria\/?s={search_term_string}"},"query-input":{"@type":"PropertyValueSpecification","valueRequired":true,"valueName":"search_term_string"}}],"inLanguage":"es"},{"@type":"Person","@id":"http:\/\/elregionalvm.com.ar\/noticias-villa-maria\/#\/schema\/person\/a0fb9c422317faca23d50163151bc354","name":"Contenidos El Regional","image":{"@type":"ImageObject","inLanguage":"es","@id":"http:\/\/elregionalvm.com.ar\/noticias-villa-maria\/#\/schema\/person\/image\/","url":"https:\/\/secure.gravatar.com\/avatar\/265b27cb2209af7bb3a1318f03305787d7981a5cc6e6cd08fe5a4ecdf99d4b48?s=96&d=mm&r=g","contentUrl":"https:\/\/secure.gravatar.com\/avatar\/265b27cb2209af7bb3a1318f03305787d7981a5cc6e6cd08fe5a4ecdf99d4b48?s=96&d=mm&r=g","caption":"Contenidos El Regional"},"url":"https:\/\/elregionalvm.com.ar\/noticias-villa-maria\/author\/contenido\/"}]}},"jetpack_featured_media_url":"https:\/\/i0.wp.com\/elregionalvm.com.ar\/noticias-villa-maria\/wp-content\/uploads\/2020\/10\/Aerca-frente-1.jpg?fit=1999%2C1267&ssl=1","jetpack_sharing_enabled":true,"_links":{"self":[{"href":"https:\/\/elregionalvm.com.ar\/noticias-villa-maria\/wp-json\/wp\/v2\/posts\/86157","targetHints":{"allow":["GET"]}}],"collection":[{"href":"https:\/\/elregionalvm.com.ar\/noticias-villa-maria\/wp-json\/wp\/v2\/posts"}],"about":[{"href":"https:\/\/elregionalvm.com.ar\/noticias-villa-maria\/wp-json\/wp\/v2\/types\/post"}],"author":[{"embeddable":true,"href":"https:\/\/elregionalvm.com.ar\/noticias-villa-maria\/wp-json\/wp\/v2\/users\/4"}],"replies":[{"embeddable":true,"href":"https:\/\/elregionalvm.com.ar\/noticias-villa-maria\/wp-json\/wp\/v2\/comments?post=86157"}],"version-history":[{"count":1,"href":"https:\/\/elregionalvm.com.ar\/noticias-villa-maria\/wp-json\/wp\/v2\/posts\/86157\/revisions"}],"predecessor-version":[{"id":86158,"href":"https:\/\/elregionalvm.com.ar\/noticias-villa-maria\/wp-json\/wp\/v2\/posts\/86157\/revisions\/86158"}],"wp:featuredmedia":[{"embeddable":true,"href":"https:\/\/elregionalvm.com.ar\/noticias-villa-maria\/wp-json\/wp\/v2\/media\/25088"}],"wp:attachment":[{"href":"https:\/\/elregionalvm.com.ar\/noticias-villa-maria\/wp-json\/wp\/v2\/media?parent=86157"}],"wp:term":[{"taxonomy":"category","embeddable":true,"href":"https:\/\/elregionalvm.com.ar\/noticias-villa-maria\/wp-json\/wp\/v2\/categories?post=86157"},{"taxonomy":"post_tag","embeddable":true,"href":"https:\/\/elregionalvm.com.ar\/noticias-villa-maria\/wp-json\/wp\/v2\/tags?post=86157"}],"curies":[{"name":"wp","href":"https:\/\/api.w.org\/{rel}","templated":true}]}}