{"id":86159,"date":"2023-11-22T20:36:02","date_gmt":"2023-11-22T20:36:02","guid":{"rendered":"https:\/\/elregionalvm.com.ar\/noticias-villa-maria\/?p=86159"},"modified":"2023-11-22T20:36:04","modified_gmt":"2023-11-22T20:36:04","slug":"personal-del-transporte-urbano-recibio-capacitacion-para-implementar-la-tarjeta-sube","status":"publish","type":"post","link":"https:\/\/elregionalvm.com.ar\/noticias-villa-maria\/personal-del-transporte-urbano-recibio-capacitacion-para-implementar-la-tarjeta-sube\/","title":{"rendered":"Personal del transporte urbano, recibi\u00f3 capacitaci\u00f3n para implementar la tarjeta SUBE"},"content":{"rendered":"\n<p>En la ma\u00f1ana de hoy, personal administrativo afectado al transporte p\u00fablico de pasajeros de la empresa EMTUPSE, como as\u00ed tambi\u00e9n trabajadores y trabajadoras de Transbus y los MuniCerca, recibieron una capacitaci\u00f3n, brindada por personal de Naci\u00f3n Servicios, acerca de la implementaci\u00f3n del sistema de tarjetas SUBE en la ciudad, que se encuentra pr\u00f3ximo a ser una realidad.<\/p>\n\n\n\n<p>En di\u00e1logo con medios de prensa, el presidente de EMTUPSE, Jos\u00e9 Fern\u00e1ndez, coment\u00f3: \u201cTanto ayer como hoy el personal afectado se ha estado capacitando, para lograr descentralizar la entrega y carga de tarjetas, y as\u00ed ofrecer a los vecinos y vecinas otros puntos, adem\u00e1s del Centro de Transferencia, donde obtener sus tarjetas y despejar sus dudas en cuanto al sistema, con personal capacitado\u201d.<\/p>\n\n\n\n<figure class=\"wp-block-image size-large\"><img data-recalc-dims=\"1\" fetchpriority=\"high\" decoding=\"async\" width=\"1024\" height=\"683\" src=\"https:\/\/i0.wp.com\/elregionalvm.com.ar\/noticias-villa-maria\/wp-content\/uploads\/2023\/11\/WhatsApp-Image-2023-11-22-at-13.57.39-1.jpeg?resize=1024%2C683&#038;ssl=1\" alt=\"\" class=\"wp-image-86161\" srcset=\"https:\/\/i0.wp.com\/elregionalvm.com.ar\/noticias-villa-maria\/wp-content\/uploads\/2023\/11\/WhatsApp-Image-2023-11-22-at-13.57.39-1.jpeg?resize=1024%2C683&amp;ssl=1 1024w, https:\/\/i0.wp.com\/elregionalvm.com.ar\/noticias-villa-maria\/wp-content\/uploads\/2023\/11\/WhatsApp-Image-2023-11-22-at-13.57.39-1.jpeg?resize=300%2C200&amp;ssl=1 300w, https:\/\/i0.wp.com\/elregionalvm.com.ar\/noticias-villa-maria\/wp-content\/uploads\/2023\/11\/WhatsApp-Image-2023-11-22-at-13.57.39-1.jpeg?resize=768%2C512&amp;ssl=1 768w, https:\/\/i0.wp.com\/elregionalvm.com.ar\/noticias-villa-maria\/wp-content\/uploads\/2023\/11\/WhatsApp-Image-2023-11-22-at-13.57.39-1.jpeg?resize=1536%2C1024&amp;ssl=1 1536w, https:\/\/i0.wp.com\/elregionalvm.com.ar\/noticias-villa-maria\/wp-content\/uploads\/2023\/11\/WhatsApp-Image-2023-11-22-at-13.57.39-1.jpeg?w=1599&amp;ssl=1 1599w\" sizes=\"(max-width: 1000px) 100vw, 1000px\" \/><\/figure>\n\n\n\n<p>Luego, a\u00f1adi\u00f3: \u201cA partir de ma\u00f1ana se comenzar\u00e1n a entregar y cargar tarjetas SUBE en la sede del Centro de Transferencias y los MuniCerca 2 y 3\u201d. Fern\u00e1ndez indic\u00f3 que la tarjeta tiene un costo de 730 pesos, y se pueden adquirir pl\u00e1sticos de carga negativa, es decir, que la persona la retira y cuando hace una carga, se le descuenta el valor de la tarjeta por \u00fanica vez. El \u00fanico requisito para adquirirla es presentar el documento de identidad. \u201cDesde el lunes se podr\u00e1n utilizar las tarjetas SUBE en los distintos colectivos, que ya tienen colocadas las m\u00e1quinas espec\u00edficas\u201d, cerr\u00f3 Fern\u00e1ndez.<\/p>\n\n\n\n<p>En este sentido, la intenci\u00f3n es llegar con bocas de expendio y validadoras de saldo a todos los MuniCerca y otros puntos de la ciudad, a los fines de que aumente la cantidad de usuarios del servicio de transporte p\u00fablico de pasajeros. Por el momento, las cargas se realizan de forma virtual, a trav\u00e9s de billeteras electr\u00f3nicas o homebanking; con el tiempo, se prev\u00e9 habilitar puntos para la carga de saldo en efectivo.<\/p>\n\n\n\n<p>Cabe recordar que por un plazo de cuatro meses, los y las pasajeras podr\u00e1n utilizar tanto la tarjeta actual de pago del servicio, como el abono en efectivo y el nuevo sistema, ya que convivir\u00e1n hasta lograr que todos los pasajeros adhieran a la tarjeta SUBE.<\/p>\n\n\n\n<p>En esta misma l\u00ednea, habr\u00e1 tarifas con Tributo Social Federal (TSF), que tendr\u00e1n un 55 por ciento de descuento sobre el valor del boleto en efectivo. Podr\u00e1n acceder al beneficio aquellas personas comprendidas en grupos sociales espec\u00edficos: jubilados y\/o pensionados; beneficiarios de la Asignaci\u00f3n Universal por Hijo y Asignaci\u00f3n por Embarazo; beneficiarios del Programa J\u00f3venes con M\u00e1s y Mejor Trabajo; del Seguro por Desempleo y del Seguro de Capacitaci\u00f3n y Empleo; beneficiarios del Programa Promover Igualdad de Oportunidades; personal de trabajo dom\u00e9stico que se encuentre registrado; veteranos de Guerra de Malvinas; Beneficiarios del Programa PROGRESAR, del Programa Nacional de Inclusi\u00f3n Socio productiva y Desarrollo Local Potenciar Trabajo; beneficiarios de Pensiones No Contributivas y Monotributistas Sociales.<\/p>\n\n\n\n<figure class=\"wp-block-image size-large\"><img data-recalc-dims=\"1\" decoding=\"async\" width=\"1024\" height=\"683\" src=\"https:\/\/i0.wp.com\/elregionalvm.com.ar\/noticias-villa-maria\/wp-content\/uploads\/2023\/11\/WhatsApp-Image-2023-11-22-at-13.57.39-2.jpeg?resize=1024%2C683&#038;ssl=1\" alt=\"\" class=\"wp-image-86160\" srcset=\"https:\/\/i0.wp.com\/elregionalvm.com.ar\/noticias-villa-maria\/wp-content\/uploads\/2023\/11\/WhatsApp-Image-2023-11-22-at-13.57.39-2.jpeg?resize=1024%2C683&amp;ssl=1 1024w, https:\/\/i0.wp.com\/elregionalvm.com.ar\/noticias-villa-maria\/wp-content\/uploads\/2023\/11\/WhatsApp-Image-2023-11-22-at-13.57.39-2.jpeg?resize=300%2C200&amp;ssl=1 300w, https:\/\/i0.wp.com\/elregionalvm.com.ar\/noticias-villa-maria\/wp-content\/uploads\/2023\/11\/WhatsApp-Image-2023-11-22-at-13.57.39-2.jpeg?resize=768%2C512&amp;ssl=1 768w, https:\/\/i0.wp.com\/elregionalvm.com.ar\/noticias-villa-maria\/wp-content\/uploads\/2023\/11\/WhatsApp-Image-2023-11-22-at-13.57.39-2.jpeg?resize=1536%2C1024&amp;ssl=1 1536w, https:\/\/i0.wp.com\/elregionalvm.com.ar\/noticias-villa-maria\/wp-content\/uploads\/2023\/11\/WhatsApp-Image-2023-11-22-at-13.57.39-2.jpeg?w=1599&amp;ssl=1 1599w\" sizes=\"(max-width: 1000px) 100vw, 1000px\" \/><\/figure>\n\n\n\n<p>Para gozar de las tarifas especiales de la TSF, los usuarios enumerados deber\u00e1n poseer su tarjeta SUBE personalizada con el atributo social que les corresponda. Asimismo, otro de los beneficios que tiene este sistema, es que la tarjeta puede usarse en otros puntos del pa\u00eds, ya que no tienen vencimiento. Si es importante destacar que puede haber variables en los atributos locales.<\/p>\n","protected":false},"excerpt":{"rendered":"<p>En la ma\u00f1ana de hoy, personal administrativo afectado al transporte p\u00fablico de pasajeros de la empresa EMTUPSE, como as\u00ed tambi\u00e9n trabajadores y trabajadoras de Transbus y los MuniCerca, recibieron una capacitaci\u00f3n, brindada por personal de Naci\u00f3n Servicios, acerca de la implementaci\u00f3n del sistema de tarjetas SUBE en la ciudad, que se encuentra pr\u00f3ximo a ser [&hellip;]<\/p>\n","protected":false},"author":4,"featured_media":86162,"comment_status":"open","ping_status":"open","sticky":false,"template":"","format":"standard","meta":{"site-sidebar-layout":"default","site-content-layout":"","ast-site-content-layout":"default","site-content-style":"default","site-sidebar-style":"default","ast-global-header-display":"","ast-banner-title-visibility":"","ast-main-header-display":"","ast-hfb-above-header-display":"","ast-hfb-below-header-display":"","ast-hfb-mobile-header-display":"","site-post-title":"","ast-breadcrumbs-content":"","ast-featured-img":"","footer-sml-layout":"","ast-disable-related-posts":"","theme-transparent-header-meta":"","adv-header-id-meta":"","stick-header-meta":"","header-above-stick-meta":"","header-main-stick-meta":"","header-below-stick-meta":"","astra-migrate-meta-layouts":"set","ast-page-background-enabled":"default","ast-page-background-meta":{"desktop":{"background-color":"","background-image":"","background-repeat":"repeat","background-position":"center center","background-size":"auto","background-attachment":"scroll","background-type":"","background-media":"","overlay-type":"","overlay-color":"","overlay-opacity":"","overlay-gradient":""},"tablet":{"background-color":"","background-image":"","background-repeat":"repeat","background-position":"center center","background-size":"auto","background-attachment":"scroll","background-type":"","background-media":"","overlay-type":"","overlay-color":"","overlay-opacity":"","overlay-gradient":""},"mobile":{"background-color":"","background-image":"","background-repeat":"repeat","background-position":"center center","background-size":"auto","background-attachment":"scroll","background-type":"","background-media":"","overlay-type":"","overlay-color":"","overlay-opacity":"","overlay-gradient":""}},"ast-content-background-meta":{"desktop":{"background-color":"var(--ast-global-color-5)","background-image":"","background-repeat":"repeat","background-position":"center center","background-size":"auto","background-attachment":"scroll","background-type":"","background-media":"","overlay-type":"","overlay-color":"","overlay-opacity":"","overlay-gradient":""},"tablet":{"background-color":"var(--ast-global-color-5)","background-image":"","background-repeat":"repeat","background-position":"center center","background-size":"auto","background-attachment":"scroll","background-type":"","background-media":"","overlay-type":"","overlay-color":"","overlay-opacity":"","overlay-gradient":""},"mobile":{"background-color":"var(--ast-global-color-5)","background-image":"","background-repeat":"repeat","background-position":"center center","background-size":"auto","background-attachment":"scroll","background-type":"","background-media":"","overlay-type":"","overlay-color":"","overlay-opacity":"","overlay-gradient":""}},"_jetpack_memberships_contains_paid_content":false,"_joinchat":[],"footnotes":""},"categories":[15302,5,2],"tags":[],"class_list":["post-86159","post","type-post","status-publish","format-standard","has-post-thumbnail","hentry","category-destacado","category-sociedad","category-villa-maria"],"yoast_head":"<!-- This site is optimized with the Yoast SEO plugin v26.8 - https:\/\/yoast.com\/product\/yoast-seo-wordpress\/ -->\n<title>Personal del transporte urbano, recibi\u00f3 capacitaci\u00f3n para implementar la tarjeta SUBE - El Regional<\/title>\n<meta name=\"robots\" content=\"index, follow, max-snippet:-1, max-image-preview:large, max-video-preview:-1\" \/>\n<link rel=\"canonical\" href=\"https:\/\/elregionalvm.com.ar\/noticias-villa-maria\/personal-del-transporte-urbano-recibio-capacitacion-para-implementar-la-tarjeta-sube\/\" \/>\n<meta property=\"og:locale\" content=\"es_ES\" \/>\n<meta property=\"og:type\" content=\"article\" \/>\n<meta property=\"og:title\" content=\"Personal del transporte urbano, recibi\u00f3 capacitaci\u00f3n para implementar la tarjeta SUBE - El Regional\" \/>\n<meta property=\"og:description\" content=\"En la ma\u00f1ana de hoy, personal administrativo afectado al transporte p\u00fablico de pasajeros de la empresa EMTUPSE, como as\u00ed tambi\u00e9n trabajadores y trabajadoras de Transbus y los MuniCerca, recibieron una capacitaci\u00f3n, brindada por personal de Naci\u00f3n Servicios, acerca de la implementaci\u00f3n del sistema de tarjetas SUBE en la ciudad, que se encuentra pr\u00f3ximo a ser [&hellip;]\" \/>\n<meta property=\"og:url\" content=\"https:\/\/elregionalvm.com.ar\/noticias-villa-maria\/personal-del-transporte-urbano-recibio-capacitacion-para-implementar-la-tarjeta-sube\/\" \/>\n<meta property=\"og:site_name\" content=\"El Regional\" \/>\n<meta property=\"article:publisher\" content=\"https:\/\/www.facebook.com\/elregionalvm\" \/>\n<meta property=\"article:published_time\" content=\"2023-11-22T20:36:02+00:00\" \/>\n<meta property=\"article:modified_time\" content=\"2023-11-22T20:36:04+00:00\" \/>\n<meta property=\"og:image\" content=\"https:\/\/elregionalvm.com.ar\/noticias-villa-maria\/wp-content\/uploads\/2023\/11\/WhatsApp-Image-2023-11-22-at-13.57.39.jpeg\" \/>\n\t<meta property=\"og:image:width\" content=\"1599\" \/>\n\t<meta property=\"og:image:height\" content=\"1066\" \/>\n\t<meta property=\"og:image:type\" content=\"image\/jpeg\" \/>\n<meta name=\"author\" content=\"Contenidos El Regional\" \/>\n<meta name=\"twitter:card\" content=\"summary_large_image\" \/>\n<meta name=\"twitter:creator\" content=\"@elregionalvm1\" \/>\n<meta name=\"twitter:site\" content=\"@elregionalvm1\" \/>\n<meta name=\"twitter:label1\" content=\"Escrito por\" \/>\n\t<meta name=\"twitter:data1\" content=\"Contenidos El Regional\" \/>\n\t<meta name=\"twitter:label2\" content=\"Tiempo de lectura\" \/>\n\t<meta name=\"twitter:data2\" content=\"3 minutos\" \/>\n<script type=\"application\/ld+json\" class=\"yoast-schema-graph\">{\"@context\":\"https:\/\/schema.org\",\"@graph\":[{\"@type\":\"Article\",\"@id\":\"https:\/\/elregionalvm.com.ar\/noticias-villa-maria\/personal-del-transporte-urbano-recibio-capacitacion-para-implementar-la-tarjeta-sube\/#article\",\"isPartOf\":{\"@id\":\"https:\/\/elregionalvm.com.ar\/noticias-villa-maria\/personal-del-transporte-urbano-recibio-capacitacion-para-implementar-la-tarjeta-sube\/\"},\"author\":{\"name\":\"Contenidos El Regional\",\"@id\":\"http:\/\/elregionalvm.com.ar\/noticias-villa-maria\/#\/schema\/person\/a0fb9c422317faca23d50163151bc354\"},\"headline\":\"Personal del transporte urbano, recibi\u00f3 capacitaci\u00f3n para implementar la tarjeta SUBE\",\"datePublished\":\"2023-11-22T20:36:02+00:00\",\"dateModified\":\"2023-11-22T20:36:04+00:00\",\"mainEntityOfPage\":{\"@id\":\"https:\/\/elregionalvm.com.ar\/noticias-villa-maria\/personal-del-transporte-urbano-recibio-capacitacion-para-implementar-la-tarjeta-sube\/\"},\"wordCount\":565,\"commentCount\":0,\"image\":{\"@id\":\"https:\/\/elregionalvm.com.ar\/noticias-villa-maria\/personal-del-transporte-urbano-recibio-capacitacion-para-implementar-la-tarjeta-sube\/#primaryimage\"},\"thumbnailUrl\":\"https:\/\/i0.wp.com\/elregionalvm.com.ar\/noticias-villa-maria\/wp-content\/uploads\/2023\/11\/WhatsApp-Image-2023-11-22-at-13.57.39.jpeg?fit=1599%2C1066&ssl=1\",\"articleSection\":[\"destacado\",\"Sociedad\",\"Villa Mar\u00eda\"],\"inLanguage\":\"es\",\"potentialAction\":[{\"@type\":\"CommentAction\",\"name\":\"Comment\",\"target\":[\"https:\/\/elregionalvm.com.ar\/noticias-villa-maria\/personal-del-transporte-urbano-recibio-capacitacion-para-implementar-la-tarjeta-sube\/#respond\"]}]},{\"@type\":\"WebPage\",\"@id\":\"https:\/\/elregionalvm.com.ar\/noticias-villa-maria\/personal-del-transporte-urbano-recibio-capacitacion-para-implementar-la-tarjeta-sube\/\",\"url\":\"https:\/\/elregionalvm.com.ar\/noticias-villa-maria\/personal-del-transporte-urbano-recibio-capacitacion-para-implementar-la-tarjeta-sube\/\",\"name\":\"Personal del transporte urbano, recibi\u00f3 capacitaci\u00f3n para implementar la tarjeta SUBE - El Regional\",\"isPartOf\":{\"@id\":\"http:\/\/elregionalvm.com.ar\/noticias-villa-maria\/#website\"},\"primaryImageOfPage\":{\"@id\":\"https:\/\/elregionalvm.com.ar\/noticias-villa-maria\/personal-del-transporte-urbano-recibio-capacitacion-para-implementar-la-tarjeta-sube\/#primaryimage\"},\"image\":{\"@id\":\"https:\/\/elregionalvm.com.ar\/noticias-villa-maria\/personal-del-transporte-urbano-recibio-capacitacion-para-implementar-la-tarjeta-sube\/#primaryimage\"},\"thumbnailUrl\":\"https:\/\/i0.wp.com\/elregionalvm.com.ar\/noticias-villa-maria\/wp-content\/uploads\/2023\/11\/WhatsApp-Image-2023-11-22-at-13.57.39.jpeg?fit=1599%2C1066&ssl=1\",\"datePublished\":\"2023-11-22T20:36:02+00:00\",\"dateModified\":\"2023-11-22T20:36:04+00:00\",\"author\":{\"@id\":\"http:\/\/elregionalvm.com.ar\/noticias-villa-maria\/#\/schema\/person\/a0fb9c422317faca23d50163151bc354\"},\"breadcrumb\":{\"@id\":\"https:\/\/elregionalvm.com.ar\/noticias-villa-maria\/personal-del-transporte-urbano-recibio-capacitacion-para-implementar-la-tarjeta-sube\/#breadcrumb\"},\"inLanguage\":\"es\",\"potentialAction\":[{\"@type\":\"ReadAction\",\"target\":[\"https:\/\/elregionalvm.com.ar\/noticias-villa-maria\/personal-del-transporte-urbano-recibio-capacitacion-para-implementar-la-tarjeta-sube\/\"]}]},{\"@type\":\"ImageObject\",\"inLanguage\":\"es\",\"@id\":\"https:\/\/elregionalvm.com.ar\/noticias-villa-maria\/personal-del-transporte-urbano-recibio-capacitacion-para-implementar-la-tarjeta-sube\/#primaryimage\",\"url\":\"https:\/\/i0.wp.com\/elregionalvm.com.ar\/noticias-villa-maria\/wp-content\/uploads\/2023\/11\/WhatsApp-Image-2023-11-22-at-13.57.39.jpeg?fit=1599%2C1066&ssl=1\",\"contentUrl\":\"https:\/\/i0.wp.com\/elregionalvm.com.ar\/noticias-villa-maria\/wp-content\/uploads\/2023\/11\/WhatsApp-Image-2023-11-22-at-13.57.39.jpeg?fit=1599%2C1066&ssl=1\",\"width\":1599,\"height\":1066},{\"@type\":\"BreadcrumbList\",\"@id\":\"https:\/\/elregionalvm.com.ar\/noticias-villa-maria\/personal-del-transporte-urbano-recibio-capacitacion-para-implementar-la-tarjeta-sube\/#breadcrumb\",\"itemListElement\":[{\"@type\":\"ListItem\",\"position\":1,\"name\":\"Portada\",\"item\":\"https:\/\/elregionalvm.com.ar\/noticias-villa-maria\/\"},{\"@type\":\"ListItem\",\"position\":2,\"name\":\"Personal del transporte urbano, recibi\u00f3 capacitaci\u00f3n para implementar la tarjeta SUBE\"}]},{\"@type\":\"WebSite\",\"@id\":\"http:\/\/elregionalvm.com.ar\/noticias-villa-maria\/#website\",\"url\":\"http:\/\/elregionalvm.com.ar\/noticias-villa-maria\/\",\"name\":\"El Regional\",\"description\":\"Mucho m\u00e1s que informaci\u00f3n\",\"potentialAction\":[{\"@type\":\"SearchAction\",\"target\":{\"@type\":\"EntryPoint\",\"urlTemplate\":\"http:\/\/elregionalvm.com.ar\/noticias-villa-maria\/?s={search_term_string}\"},\"query-input\":{\"@type\":\"PropertyValueSpecification\",\"valueRequired\":true,\"valueName\":\"search_term_string\"}}],\"inLanguage\":\"es\"},{\"@type\":\"Person\",\"@id\":\"http:\/\/elregionalvm.com.ar\/noticias-villa-maria\/#\/schema\/person\/a0fb9c422317faca23d50163151bc354\",\"name\":\"Contenidos El Regional\",\"image\":{\"@type\":\"ImageObject\",\"inLanguage\":\"es\",\"@id\":\"http:\/\/elregionalvm.com.ar\/noticias-villa-maria\/#\/schema\/person\/image\/\",\"url\":\"https:\/\/secure.gravatar.com\/avatar\/265b27cb2209af7bb3a1318f03305787d7981a5cc6e6cd08fe5a4ecdf99d4b48?s=96&d=mm&r=g\",\"contentUrl\":\"https:\/\/secure.gravatar.com\/avatar\/265b27cb2209af7bb3a1318f03305787d7981a5cc6e6cd08fe5a4ecdf99d4b48?s=96&d=mm&r=g\",\"caption\":\"Contenidos El Regional\"},\"url\":\"https:\/\/elregionalvm.com.ar\/noticias-villa-maria\/author\/contenido\/\"}]}<\/script>\n<!-- \/ Yoast SEO plugin. -->","yoast_head_json":{"title":"Personal del transporte urbano, recibi\u00f3 capacitaci\u00f3n para implementar la tarjeta SUBE - El Regional","robots":{"index":"index","follow":"follow","max-snippet":"max-snippet:-1","max-image-preview":"max-image-preview:large","max-video-preview":"max-video-preview:-1"},"canonical":"https:\/\/elregionalvm.com.ar\/noticias-villa-maria\/personal-del-transporte-urbano-recibio-capacitacion-para-implementar-la-tarjeta-sube\/","og_locale":"es_ES","og_type":"article","og_title":"Personal del transporte urbano, recibi\u00f3 capacitaci\u00f3n para implementar la tarjeta SUBE - El Regional","og_description":"En la ma\u00f1ana de hoy, personal administrativo afectado al transporte p\u00fablico de pasajeros de la empresa EMTUPSE, como as\u00ed tambi\u00e9n trabajadores y trabajadoras de Transbus y los MuniCerca, recibieron una capacitaci\u00f3n, brindada por personal de Naci\u00f3n Servicios, acerca de la implementaci\u00f3n del sistema de tarjetas SUBE en la ciudad, que se encuentra pr\u00f3ximo a ser [&hellip;]","og_url":"https:\/\/elregionalvm.com.ar\/noticias-villa-maria\/personal-del-transporte-urbano-recibio-capacitacion-para-implementar-la-tarjeta-sube\/","og_site_name":"El Regional","article_publisher":"https:\/\/www.facebook.com\/elregionalvm","article_published_time":"2023-11-22T20:36:02+00:00","article_modified_time":"2023-11-22T20:36:04+00:00","og_image":[{"width":1599,"height":1066,"url":"https:\/\/elregionalvm.com.ar\/noticias-villa-maria\/wp-content\/uploads\/2023\/11\/WhatsApp-Image-2023-11-22-at-13.57.39.jpeg","type":"image\/jpeg"}],"author":"Contenidos El Regional","twitter_card":"summary_large_image","twitter_creator":"@elregionalvm1","twitter_site":"@elregionalvm1","twitter_misc":{"Escrito por":"Contenidos El Regional","Tiempo de lectura":"3 minutos"},"schema":{"@context":"https:\/\/schema.org","@graph":[{"@type":"Article","@id":"https:\/\/elregionalvm.com.ar\/noticias-villa-maria\/personal-del-transporte-urbano-recibio-capacitacion-para-implementar-la-tarjeta-sube\/#article","isPartOf":{"@id":"https:\/\/elregionalvm.com.ar\/noticias-villa-maria\/personal-del-transporte-urbano-recibio-capacitacion-para-implementar-la-tarjeta-sube\/"},"author":{"name":"Contenidos El Regional","@id":"http:\/\/elregionalvm.com.ar\/noticias-villa-maria\/#\/schema\/person\/a0fb9c422317faca23d50163151bc354"},"headline":"Personal del transporte urbano, recibi\u00f3 capacitaci\u00f3n para implementar la tarjeta SUBE","datePublished":"2023-11-22T20:36:02+00:00","dateModified":"2023-11-22T20:36:04+00:00","mainEntityOfPage":{"@id":"https:\/\/elregionalvm.com.ar\/noticias-villa-maria\/personal-del-transporte-urbano-recibio-capacitacion-para-implementar-la-tarjeta-sube\/"},"wordCount":565,"commentCount":0,"image":{"@id":"https:\/\/elregionalvm.com.ar\/noticias-villa-maria\/personal-del-transporte-urbano-recibio-capacitacion-para-implementar-la-tarjeta-sube\/#primaryimage"},"thumbnailUrl":"https:\/\/i0.wp.com\/elregionalvm.com.ar\/noticias-villa-maria\/wp-content\/uploads\/2023\/11\/WhatsApp-Image-2023-11-22-at-13.57.39.jpeg?fit=1599%2C1066&ssl=1","articleSection":["destacado","Sociedad","Villa Mar\u00eda"],"inLanguage":"es","potentialAction":[{"@type":"CommentAction","name":"Comment","target":["https:\/\/elregionalvm.com.ar\/noticias-villa-maria\/personal-del-transporte-urbano-recibio-capacitacion-para-implementar-la-tarjeta-sube\/#respond"]}]},{"@type":"WebPage","@id":"https:\/\/elregionalvm.com.ar\/noticias-villa-maria\/personal-del-transporte-urbano-recibio-capacitacion-para-implementar-la-tarjeta-sube\/","url":"https:\/\/elregionalvm.com.ar\/noticias-villa-maria\/personal-del-transporte-urbano-recibio-capacitacion-para-implementar-la-tarjeta-sube\/","name":"Personal del transporte urbano, recibi\u00f3 capacitaci\u00f3n para implementar la tarjeta SUBE - El Regional","isPartOf":{"@id":"http:\/\/elregionalvm.com.ar\/noticias-villa-maria\/#website"},"primaryImageOfPage":{"@id":"https:\/\/elregionalvm.com.ar\/noticias-villa-maria\/personal-del-transporte-urbano-recibio-capacitacion-para-implementar-la-tarjeta-sube\/#primaryimage"},"image":{"@id":"https:\/\/elregionalvm.com.ar\/noticias-villa-maria\/personal-del-transporte-urbano-recibio-capacitacion-para-implementar-la-tarjeta-sube\/#primaryimage"},"thumbnailUrl":"https:\/\/i0.wp.com\/elregionalvm.com.ar\/noticias-villa-maria\/wp-content\/uploads\/2023\/11\/WhatsApp-Image-2023-11-22-at-13.57.39.jpeg?fit=1599%2C1066&ssl=1","datePublished":"2023-11-22T20:36:02+00:00","dateModified":"2023-11-22T20:36:04+00:00","author":{"@id":"http:\/\/elregionalvm.com.ar\/noticias-villa-maria\/#\/schema\/person\/a0fb9c422317faca23d50163151bc354"},"breadcrumb":{"@id":"https:\/\/elregionalvm.com.ar\/noticias-villa-maria\/personal-del-transporte-urbano-recibio-capacitacion-para-implementar-la-tarjeta-sube\/#breadcrumb"},"inLanguage":"es","potentialAction":[{"@type":"ReadAction","target":["https:\/\/elregionalvm.com.ar\/noticias-villa-maria\/personal-del-transporte-urbano-recibio-capacitacion-para-implementar-la-tarjeta-sube\/"]}]},{"@type":"ImageObject","inLanguage":"es","@id":"https:\/\/elregionalvm.com.ar\/noticias-villa-maria\/personal-del-transporte-urbano-recibio-capacitacion-para-implementar-la-tarjeta-sube\/#primaryimage","url":"https:\/\/i0.wp.com\/elregionalvm.com.ar\/noticias-villa-maria\/wp-content\/uploads\/2023\/11\/WhatsApp-Image-2023-11-22-at-13.57.39.jpeg?fit=1599%2C1066&ssl=1","contentUrl":"https:\/\/i0.wp.com\/elregionalvm.com.ar\/noticias-villa-maria\/wp-content\/uploads\/2023\/11\/WhatsApp-Image-2023-11-22-at-13.57.39.jpeg?fit=1599%2C1066&ssl=1","width":1599,"height":1066},{"@type":"BreadcrumbList","@id":"https:\/\/elregionalvm.com.ar\/noticias-villa-maria\/personal-del-transporte-urbano-recibio-capacitacion-para-implementar-la-tarjeta-sube\/#breadcrumb","itemListElement":[{"@type":"ListItem","position":1,"name":"Portada","item":"https:\/\/elregionalvm.com.ar\/noticias-villa-maria\/"},{"@type":"ListItem","position":2,"name":"Personal del transporte urbano, recibi\u00f3 capacitaci\u00f3n para implementar la tarjeta SUBE"}]},{"@type":"WebSite","@id":"http:\/\/elregionalvm.com.ar\/noticias-villa-maria\/#website","url":"http:\/\/elregionalvm.com.ar\/noticias-villa-maria\/","name":"El Regional","description":"Mucho m\u00e1s que informaci\u00f3n","potentialAction":[{"@type":"SearchAction","target":{"@type":"EntryPoint","urlTemplate":"http:\/\/elregionalvm.com.ar\/noticias-villa-maria\/?s={search_term_string}"},"query-input":{"@type":"PropertyValueSpecification","valueRequired":true,"valueName":"search_term_string"}}],"inLanguage":"es"},{"@type":"Person","@id":"http:\/\/elregionalvm.com.ar\/noticias-villa-maria\/#\/schema\/person\/a0fb9c422317faca23d50163151bc354","name":"Contenidos El Regional","image":{"@type":"ImageObject","inLanguage":"es","@id":"http:\/\/elregionalvm.com.ar\/noticias-villa-maria\/#\/schema\/person\/image\/","url":"https:\/\/secure.gravatar.com\/avatar\/265b27cb2209af7bb3a1318f03305787d7981a5cc6e6cd08fe5a4ecdf99d4b48?s=96&d=mm&r=g","contentUrl":"https:\/\/secure.gravatar.com\/avatar\/265b27cb2209af7bb3a1318f03305787d7981a5cc6e6cd08fe5a4ecdf99d4b48?s=96&d=mm&r=g","caption":"Contenidos El Regional"},"url":"https:\/\/elregionalvm.com.ar\/noticias-villa-maria\/author\/contenido\/"}]}},"jetpack_featured_media_url":"https:\/\/i0.wp.com\/elregionalvm.com.ar\/noticias-villa-maria\/wp-content\/uploads\/2023\/11\/WhatsApp-Image-2023-11-22-at-13.57.39.jpeg?fit=1599%2C1066&ssl=1","jetpack_sharing_enabled":true,"_links":{"self":[{"href":"https:\/\/elregionalvm.com.ar\/noticias-villa-maria\/wp-json\/wp\/v2\/posts\/86159","targetHints":{"allow":["GET"]}}],"collection":[{"href":"https:\/\/elregionalvm.com.ar\/noticias-villa-maria\/wp-json\/wp\/v2\/posts"}],"about":[{"href":"https:\/\/elregionalvm.com.ar\/noticias-villa-maria\/wp-json\/wp\/v2\/types\/post"}],"author":[{"embeddable":true,"href":"https:\/\/elregionalvm.com.ar\/noticias-villa-maria\/wp-json\/wp\/v2\/users\/4"}],"replies":[{"embeddable":true,"href":"https:\/\/elregionalvm.com.ar\/noticias-villa-maria\/wp-json\/wp\/v2\/comments?post=86159"}],"version-history":[{"count":1,"href":"https:\/\/elregionalvm.com.ar\/noticias-villa-maria\/wp-json\/wp\/v2\/posts\/86159\/revisions"}],"predecessor-version":[{"id":86163,"href":"https:\/\/elregionalvm.com.ar\/noticias-villa-maria\/wp-json\/wp\/v2\/posts\/86159\/revisions\/86163"}],"wp:featuredmedia":[{"embeddable":true,"href":"https:\/\/elregionalvm.com.ar\/noticias-villa-maria\/wp-json\/wp\/v2\/media\/86162"}],"wp:attachment":[{"href":"https:\/\/elregionalvm.com.ar\/noticias-villa-maria\/wp-json\/wp\/v2\/media?parent=86159"}],"wp:term":[{"taxonomy":"category","embeddable":true,"href":"https:\/\/elregionalvm.com.ar\/noticias-villa-maria\/wp-json\/wp\/v2\/categories?post=86159"},{"taxonomy":"post_tag","embeddable":true,"href":"https:\/\/elregionalvm.com.ar\/noticias-villa-maria\/wp-json\/wp\/v2\/tags?post=86159"}],"curies":[{"name":"wp","href":"https:\/\/api.w.org\/{rel}","templated":true}]}}