{"id":86164,"date":"2023-11-22T20:37:09","date_gmt":"2023-11-22T20:37:09","guid":{"rendered":"https:\/\/elregionalvm.com.ar\/noticias-villa-maria\/?p=86164"},"modified":"2023-11-22T20:37:11","modified_gmt":"2023-11-22T20:37:11","slug":"la-ciudad-se-suma-a-16-dias-de-activismo-la-campana-internacional-contra-la-violencia-de-genero","status":"publish","type":"post","link":"https:\/\/elregionalvm.com.ar\/noticias-villa-maria\/la-ciudad-se-suma-a-16-dias-de-activismo-la-campana-internacional-contra-la-violencia-de-genero\/","title":{"rendered":"La ciudad se suma a 16 D\u00edas de Activismo, la campa\u00f1a internacional contra la violencia de g\u00e9nero"},"content":{"rendered":"\n<p>La Municipalidad, a trav\u00e9s de la Secretar\u00eda de Inclusi\u00f3n Social y Territorio, invita a la comunidad a formar parte de la agenda de actividades propuestas en el marco de la campa\u00f1a internacional denominada 16 D\u00edas de Activismo contra la Violencia de G\u00e9nero, promovida por la Organizaci\u00f3n de las Naciones Unidas (ONU), que comienza cada 25 de noviembre, fecha en la que se conmemora el D\u00eda Internacional para la Eliminaci\u00f3n de la Violencia contra las Mujeres, y finaliza el 10 de diciembre, cuando se recuerda el D\u00eda de los Derechos Humanos.<\/p>\n\n\n\n<p>En este sentido, el cronograma de intervenciones propuestas por la cartera de Inclusi\u00f3n se compone de cinco actividades centrales. El viernes 24, se dar\u00e1 comienzo a la agenda con la presentaci\u00f3n del informe de los datos de Gesti\u00f3n de G\u00e9nero y Diversidad, obtenidos mediante diversos programas, que se llevar\u00e1 a cabo a partir de las 10:00 horas en el Centro Comunitario de Inclusi\u00f3n Integral (CCII), ubicado en Prolongaci\u00f3n Alvear 2450. Luego, el lunes 27, tendr\u00e1 lugar una capacitaci\u00f3n en Ley Micaela para trabajadores y trabajadoras del Estado municipal, desde las 9:00 horas, en el mismo espacio.<\/p>\n\n\n\n<p>Por su parte, diciembre comienza con una charla denominada (Re)Pensando los espacios e instituciones frente a las violencias de g\u00e9nero, en el marco de los desaf\u00edos y las estrategias desde abordajes situados, que se realizar\u00e1 el 1 de diciembre desde las 9:00 horas, en el Centro Cultural Comunitario Leonardo Favio. Adem\u00e1s, se colocar\u00e1n dos bancos de color rojo, uno en el CCII, el 6 de diciembre a las 12:00 horas, y otro en el campus de la Universidad Nacional de Villa Mar\u00eda, el jueves 7 de diciembre.<\/p>\n\n\n\n<p>Cabe recordar que los bancos rojos son un s\u00edmbolo mundial de la lucha contra la violencia de g\u00e9nero y los femicidios, adem\u00e1s de un proyecto cultural y pac\u00edfico de concientizaci\u00f3n, informaci\u00f3n y sensibilizaci\u00f3n contra este tipo de homicidios. De este modo, los dos nuevos bancos se suman a los ya emplazados en la costanera de la ciudad y la vereda de Tribunales.<\/p>\n\n\n\n<p>Asimismo, los datos recabados de forma conjunta entre el municipio y el Centro Estad\u00edstico Municipal, han permitido mantener actualizada la informaci\u00f3n en el Observatorio de Violencias, y transformarlo as\u00ed en una herramienta fundamental para la planificaci\u00f3n de acciones de prevenci\u00f3n y erradicaci\u00f3n de las violencias contra las mujeres y las disidencias sexuales.<\/p>\n\n\n\n<p>Sobre la campa\u00f1a 16 D\u00edas de Activismo contra la Violencia de G\u00e9nero, de la ONU<\/p>\n\n\n\n<p>Es un movimiento iniciado por activistas en el seno del Instituto para el Liderazgo Global de las Mujeres, durante el a\u00f1o 1991. Se trata de una estrategia implementada por personas y organizaciones de todo el mundo, a fin de exigir la prevenci\u00f3n y eliminaci\u00f3n de la violencia contra las mujeres y las ni\u00f1as. Para dar su apoyo a esta iniciativa, en 2008 el Secretario General de las Naciones Unidas lanz\u00f3 la campa\u00f1a \u00daNETE, de aqu\u00ed al 2030, para poner fin a la violencia contra las mujeres, que se celebra en conjunto con los 16 D\u00edas de Activismo.<\/p>\n","protected":false},"excerpt":{"rendered":"<p>La Municipalidad, a trav\u00e9s de la Secretar\u00eda de Inclusi\u00f3n Social y Territorio, invita a la comunidad a formar parte de la agenda de actividades propuestas en el marco de la campa\u00f1a internacional denominada 16 D\u00edas de Activismo contra la Violencia de G\u00e9nero, promovida por la Organizaci\u00f3n de las Naciones Unidas (ONU), que comienza cada 25 [&hellip;]<\/p>\n","protected":false},"author":4,"featured_media":65077,"comment_status":"open","ping_status":"open","sticky":false,"template":"","format":"standard","meta":{"site-sidebar-layout":"default","site-content-layout":"","ast-site-content-layout":"default","site-content-style":"default","site-sidebar-style":"default","ast-global-header-display":"","ast-banner-title-visibility":"","ast-main-header-display":"","ast-hfb-above-header-display":"","ast-hfb-below-header-display":"","ast-hfb-mobile-header-display":"","site-post-title":"","ast-breadcrumbs-content":"","ast-featured-img":"","footer-sml-layout":"","ast-disable-related-posts":"","theme-transparent-header-meta":"","adv-header-id-meta":"","stick-header-meta":"","header-above-stick-meta":"","header-main-stick-meta":"","header-below-stick-meta":"","astra-migrate-meta-layouts":"set","ast-page-background-enabled":"default","ast-page-background-meta":{"desktop":{"background-color":"","background-image":"","background-repeat":"repeat","background-position":"center center","background-size":"auto","background-attachment":"scroll","background-type":"","background-media":"","overlay-type":"","overlay-color":"","overlay-opacity":"","overlay-gradient":""},"tablet":{"background-color":"","background-image":"","background-repeat":"repeat","background-position":"center center","background-size":"auto","background-attachment":"scroll","background-type":"","background-media":"","overlay-type":"","overlay-color":"","overlay-opacity":"","overlay-gradient":""},"mobile":{"background-color":"","background-image":"","background-repeat":"repeat","background-position":"center center","background-size":"auto","background-attachment":"scroll","background-type":"","background-media":"","overlay-type":"","overlay-color":"","overlay-opacity":"","overlay-gradient":""}},"ast-content-background-meta":{"desktop":{"background-color":"var(--ast-global-color-5)","background-image":"","background-repeat":"repeat","background-position":"center center","background-size":"auto","background-attachment":"scroll","background-type":"","background-media":"","overlay-type":"","overlay-color":"","overlay-opacity":"","overlay-gradient":""},"tablet":{"background-color":"var(--ast-global-color-5)","background-image":"","background-repeat":"repeat","background-position":"center center","background-size":"auto","background-attachment":"scroll","background-type":"","background-media":"","overlay-type":"","overlay-color":"","overlay-opacity":"","overlay-gradient":""},"mobile":{"background-color":"var(--ast-global-color-5)","background-image":"","background-repeat":"repeat","background-position":"center center","background-size":"auto","background-attachment":"scroll","background-type":"","background-media":"","overlay-type":"","overlay-color":"","overlay-opacity":"","overlay-gradient":""}},"_jetpack_memberships_contains_paid_content":false,"_joinchat":[],"footnotes":""},"categories":[15302,5,2],"tags":[],"class_list":["post-86164","post","type-post","status-publish","format-standard","has-post-thumbnail","hentry","category-destacado","category-sociedad","category-villa-maria"],"yoast_head":"<!-- This site is optimized with the Yoast SEO plugin v26.8 - https:\/\/yoast.com\/product\/yoast-seo-wordpress\/ -->\n<title>La ciudad se suma a 16 D\u00edas de Activismo, la campa\u00f1a internacional contra la violencia de g\u00e9nero - El Regional<\/title>\n<meta name=\"robots\" content=\"index, follow, max-snippet:-1, max-image-preview:large, max-video-preview:-1\" \/>\n<link rel=\"canonical\" href=\"https:\/\/elregionalvm.com.ar\/noticias-villa-maria\/la-ciudad-se-suma-a-16-dias-de-activismo-la-campana-internacional-contra-la-violencia-de-genero\/\" \/>\n<meta property=\"og:locale\" content=\"es_ES\" \/>\n<meta property=\"og:type\" content=\"article\" \/>\n<meta property=\"og:title\" content=\"La ciudad se suma a 16 D\u00edas de Activismo, la campa\u00f1a internacional contra la violencia de g\u00e9nero - El Regional\" \/>\n<meta property=\"og:description\" content=\"La Municipalidad, a trav\u00e9s de la Secretar\u00eda de Inclusi\u00f3n Social y Territorio, invita a la comunidad a formar parte de la agenda de actividades propuestas en el marco de la campa\u00f1a internacional denominada 16 D\u00edas de Activismo contra la Violencia de G\u00e9nero, promovida por la Organizaci\u00f3n de las Naciones Unidas (ONU), que comienza cada 25 [&hellip;]\" \/>\n<meta property=\"og:url\" content=\"https:\/\/elregionalvm.com.ar\/noticias-villa-maria\/la-ciudad-se-suma-a-16-dias-de-activismo-la-campana-internacional-contra-la-violencia-de-genero\/\" \/>\n<meta property=\"og:site_name\" content=\"El Regional\" \/>\n<meta property=\"article:publisher\" content=\"https:\/\/www.facebook.com\/elregionalvm\" \/>\n<meta property=\"article:published_time\" content=\"2023-11-22T20:37:09+00:00\" \/>\n<meta property=\"article:modified_time\" content=\"2023-11-22T20:37:11+00:00\" \/>\n<meta property=\"og:image\" content=\"https:\/\/elregionalvm.com.ar\/noticias-villa-maria\/wp-content\/uploads\/2022\/10\/Violencia-mujer-mano-levantada.jpg\" \/>\n\t<meta property=\"og:image:width\" content=\"1041\" \/>\n\t<meta property=\"og:image:height\" content=\"617\" \/>\n\t<meta property=\"og:image:type\" content=\"image\/jpeg\" \/>\n<meta name=\"author\" content=\"Contenidos El Regional\" \/>\n<meta name=\"twitter:card\" content=\"summary_large_image\" \/>\n<meta name=\"twitter:creator\" content=\"@elregionalvm1\" \/>\n<meta name=\"twitter:site\" content=\"@elregionalvm1\" \/>\n<meta name=\"twitter:label1\" content=\"Escrito por\" \/>\n\t<meta name=\"twitter:data1\" content=\"Contenidos El Regional\" \/>\n\t<meta name=\"twitter:label2\" content=\"Tiempo de lectura\" \/>\n\t<meta name=\"twitter:data2\" content=\"3 minutos\" \/>\n<script type=\"application\/ld+json\" class=\"yoast-schema-graph\">{\"@context\":\"https:\/\/schema.org\",\"@graph\":[{\"@type\":\"Article\",\"@id\":\"https:\/\/elregionalvm.com.ar\/noticias-villa-maria\/la-ciudad-se-suma-a-16-dias-de-activismo-la-campana-internacional-contra-la-violencia-de-genero\/#article\",\"isPartOf\":{\"@id\":\"https:\/\/elregionalvm.com.ar\/noticias-villa-maria\/la-ciudad-se-suma-a-16-dias-de-activismo-la-campana-internacional-contra-la-violencia-de-genero\/\"},\"author\":{\"name\":\"Contenidos El Regional\",\"@id\":\"http:\/\/elregionalvm.com.ar\/noticias-villa-maria\/#\/schema\/person\/a0fb9c422317faca23d50163151bc354\"},\"headline\":\"La ciudad se suma a 16 D\u00edas de Activismo, la campa\u00f1a internacional contra la violencia de g\u00e9nero\",\"datePublished\":\"2023-11-22T20:37:09+00:00\",\"dateModified\":\"2023-11-22T20:37:11+00:00\",\"mainEntityOfPage\":{\"@id\":\"https:\/\/elregionalvm.com.ar\/noticias-villa-maria\/la-ciudad-se-suma-a-16-dias-de-activismo-la-campana-internacional-contra-la-violencia-de-genero\/\"},\"wordCount\":544,\"commentCount\":0,\"image\":{\"@id\":\"https:\/\/elregionalvm.com.ar\/noticias-villa-maria\/la-ciudad-se-suma-a-16-dias-de-activismo-la-campana-internacional-contra-la-violencia-de-genero\/#primaryimage\"},\"thumbnailUrl\":\"https:\/\/i0.wp.com\/elregionalvm.com.ar\/noticias-villa-maria\/wp-content\/uploads\/2022\/10\/Violencia-mujer-mano-levantada.jpg?fit=1041%2C617&ssl=1\",\"articleSection\":[\"destacado\",\"Sociedad\",\"Villa Mar\u00eda\"],\"inLanguage\":\"es\",\"potentialAction\":[{\"@type\":\"CommentAction\",\"name\":\"Comment\",\"target\":[\"https:\/\/elregionalvm.com.ar\/noticias-villa-maria\/la-ciudad-se-suma-a-16-dias-de-activismo-la-campana-internacional-contra-la-violencia-de-genero\/#respond\"]}]},{\"@type\":\"WebPage\",\"@id\":\"https:\/\/elregionalvm.com.ar\/noticias-villa-maria\/la-ciudad-se-suma-a-16-dias-de-activismo-la-campana-internacional-contra-la-violencia-de-genero\/\",\"url\":\"https:\/\/elregionalvm.com.ar\/noticias-villa-maria\/la-ciudad-se-suma-a-16-dias-de-activismo-la-campana-internacional-contra-la-violencia-de-genero\/\",\"name\":\"La ciudad se suma a 16 D\u00edas de Activismo, la campa\u00f1a internacional contra la violencia de g\u00e9nero - El Regional\",\"isPartOf\":{\"@id\":\"http:\/\/elregionalvm.com.ar\/noticias-villa-maria\/#website\"},\"primaryImageOfPage\":{\"@id\":\"https:\/\/elregionalvm.com.ar\/noticias-villa-maria\/la-ciudad-se-suma-a-16-dias-de-activismo-la-campana-internacional-contra-la-violencia-de-genero\/#primaryimage\"},\"image\":{\"@id\":\"https:\/\/elregionalvm.com.ar\/noticias-villa-maria\/la-ciudad-se-suma-a-16-dias-de-activismo-la-campana-internacional-contra-la-violencia-de-genero\/#primaryimage\"},\"thumbnailUrl\":\"https:\/\/i0.wp.com\/elregionalvm.com.ar\/noticias-villa-maria\/wp-content\/uploads\/2022\/10\/Violencia-mujer-mano-levantada.jpg?fit=1041%2C617&ssl=1\",\"datePublished\":\"2023-11-22T20:37:09+00:00\",\"dateModified\":\"2023-11-22T20:37:11+00:00\",\"author\":{\"@id\":\"http:\/\/elregionalvm.com.ar\/noticias-villa-maria\/#\/schema\/person\/a0fb9c422317faca23d50163151bc354\"},\"breadcrumb\":{\"@id\":\"https:\/\/elregionalvm.com.ar\/noticias-villa-maria\/la-ciudad-se-suma-a-16-dias-de-activismo-la-campana-internacional-contra-la-violencia-de-genero\/#breadcrumb\"},\"inLanguage\":\"es\",\"potentialAction\":[{\"@type\":\"ReadAction\",\"target\":[\"https:\/\/elregionalvm.com.ar\/noticias-villa-maria\/la-ciudad-se-suma-a-16-dias-de-activismo-la-campana-internacional-contra-la-violencia-de-genero\/\"]}]},{\"@type\":\"ImageObject\",\"inLanguage\":\"es\",\"@id\":\"https:\/\/elregionalvm.com.ar\/noticias-villa-maria\/la-ciudad-se-suma-a-16-dias-de-activismo-la-campana-internacional-contra-la-violencia-de-genero\/#primaryimage\",\"url\":\"https:\/\/i0.wp.com\/elregionalvm.com.ar\/noticias-villa-maria\/wp-content\/uploads\/2022\/10\/Violencia-mujer-mano-levantada.jpg?fit=1041%2C617&ssl=1\",\"contentUrl\":\"https:\/\/i0.wp.com\/elregionalvm.com.ar\/noticias-villa-maria\/wp-content\/uploads\/2022\/10\/Violencia-mujer-mano-levantada.jpg?fit=1041%2C617&ssl=1\",\"width\":1041,\"height\":617},{\"@type\":\"BreadcrumbList\",\"@id\":\"https:\/\/elregionalvm.com.ar\/noticias-villa-maria\/la-ciudad-se-suma-a-16-dias-de-activismo-la-campana-internacional-contra-la-violencia-de-genero\/#breadcrumb\",\"itemListElement\":[{\"@type\":\"ListItem\",\"position\":1,\"name\":\"Portada\",\"item\":\"https:\/\/elregionalvm.com.ar\/noticias-villa-maria\/\"},{\"@type\":\"ListItem\",\"position\":2,\"name\":\"La ciudad se suma a 16 D\u00edas de Activismo, la campa\u00f1a internacional contra la violencia de g\u00e9nero\"}]},{\"@type\":\"WebSite\",\"@id\":\"http:\/\/elregionalvm.com.ar\/noticias-villa-maria\/#website\",\"url\":\"http:\/\/elregionalvm.com.ar\/noticias-villa-maria\/\",\"name\":\"El Regional\",\"description\":\"Mucho m\u00e1s que informaci\u00f3n\",\"potentialAction\":[{\"@type\":\"SearchAction\",\"target\":{\"@type\":\"EntryPoint\",\"urlTemplate\":\"http:\/\/elregionalvm.com.ar\/noticias-villa-maria\/?s={search_term_string}\"},\"query-input\":{\"@type\":\"PropertyValueSpecification\",\"valueRequired\":true,\"valueName\":\"search_term_string\"}}],\"inLanguage\":\"es\"},{\"@type\":\"Person\",\"@id\":\"http:\/\/elregionalvm.com.ar\/noticias-villa-maria\/#\/schema\/person\/a0fb9c422317faca23d50163151bc354\",\"name\":\"Contenidos El Regional\",\"image\":{\"@type\":\"ImageObject\",\"inLanguage\":\"es\",\"@id\":\"http:\/\/elregionalvm.com.ar\/noticias-villa-maria\/#\/schema\/person\/image\/\",\"url\":\"https:\/\/secure.gravatar.com\/avatar\/265b27cb2209af7bb3a1318f03305787d7981a5cc6e6cd08fe5a4ecdf99d4b48?s=96&d=mm&r=g\",\"contentUrl\":\"https:\/\/secure.gravatar.com\/avatar\/265b27cb2209af7bb3a1318f03305787d7981a5cc6e6cd08fe5a4ecdf99d4b48?s=96&d=mm&r=g\",\"caption\":\"Contenidos El Regional\"},\"url\":\"https:\/\/elregionalvm.com.ar\/noticias-villa-maria\/author\/contenido\/\"}]}<\/script>\n<!-- \/ Yoast SEO plugin. -->","yoast_head_json":{"title":"La ciudad se suma a 16 D\u00edas de Activismo, la campa\u00f1a internacional contra la violencia de g\u00e9nero - El Regional","robots":{"index":"index","follow":"follow","max-snippet":"max-snippet:-1","max-image-preview":"max-image-preview:large","max-video-preview":"max-video-preview:-1"},"canonical":"https:\/\/elregionalvm.com.ar\/noticias-villa-maria\/la-ciudad-se-suma-a-16-dias-de-activismo-la-campana-internacional-contra-la-violencia-de-genero\/","og_locale":"es_ES","og_type":"article","og_title":"La ciudad se suma a 16 D\u00edas de Activismo, la campa\u00f1a internacional contra la violencia de g\u00e9nero - El Regional","og_description":"La Municipalidad, a trav\u00e9s de la Secretar\u00eda de Inclusi\u00f3n Social y Territorio, invita a la comunidad a formar parte de la agenda de actividades propuestas en el marco de la campa\u00f1a internacional denominada 16 D\u00edas de Activismo contra la Violencia de G\u00e9nero, promovida por la Organizaci\u00f3n de las Naciones Unidas (ONU), que comienza cada 25 [&hellip;]","og_url":"https:\/\/elregionalvm.com.ar\/noticias-villa-maria\/la-ciudad-se-suma-a-16-dias-de-activismo-la-campana-internacional-contra-la-violencia-de-genero\/","og_site_name":"El Regional","article_publisher":"https:\/\/www.facebook.com\/elregionalvm","article_published_time":"2023-11-22T20:37:09+00:00","article_modified_time":"2023-11-22T20:37:11+00:00","og_image":[{"width":1041,"height":617,"url":"https:\/\/elregionalvm.com.ar\/noticias-villa-maria\/wp-content\/uploads\/2022\/10\/Violencia-mujer-mano-levantada.jpg","type":"image\/jpeg"}],"author":"Contenidos El Regional","twitter_card":"summary_large_image","twitter_creator":"@elregionalvm1","twitter_site":"@elregionalvm1","twitter_misc":{"Escrito por":"Contenidos El Regional","Tiempo de lectura":"3 minutos"},"schema":{"@context":"https:\/\/schema.org","@graph":[{"@type":"Article","@id":"https:\/\/elregionalvm.com.ar\/noticias-villa-maria\/la-ciudad-se-suma-a-16-dias-de-activismo-la-campana-internacional-contra-la-violencia-de-genero\/#article","isPartOf":{"@id":"https:\/\/elregionalvm.com.ar\/noticias-villa-maria\/la-ciudad-se-suma-a-16-dias-de-activismo-la-campana-internacional-contra-la-violencia-de-genero\/"},"author":{"name":"Contenidos El Regional","@id":"http:\/\/elregionalvm.com.ar\/noticias-villa-maria\/#\/schema\/person\/a0fb9c422317faca23d50163151bc354"},"headline":"La ciudad se suma a 16 D\u00edas de Activismo, la campa\u00f1a internacional contra la violencia de g\u00e9nero","datePublished":"2023-11-22T20:37:09+00:00","dateModified":"2023-11-22T20:37:11+00:00","mainEntityOfPage":{"@id":"https:\/\/elregionalvm.com.ar\/noticias-villa-maria\/la-ciudad-se-suma-a-16-dias-de-activismo-la-campana-internacional-contra-la-violencia-de-genero\/"},"wordCount":544,"commentCount":0,"image":{"@id":"https:\/\/elregionalvm.com.ar\/noticias-villa-maria\/la-ciudad-se-suma-a-16-dias-de-activismo-la-campana-internacional-contra-la-violencia-de-genero\/#primaryimage"},"thumbnailUrl":"https:\/\/i0.wp.com\/elregionalvm.com.ar\/noticias-villa-maria\/wp-content\/uploads\/2022\/10\/Violencia-mujer-mano-levantada.jpg?fit=1041%2C617&ssl=1","articleSection":["destacado","Sociedad","Villa Mar\u00eda"],"inLanguage":"es","potentialAction":[{"@type":"CommentAction","name":"Comment","target":["https:\/\/elregionalvm.com.ar\/noticias-villa-maria\/la-ciudad-se-suma-a-16-dias-de-activismo-la-campana-internacional-contra-la-violencia-de-genero\/#respond"]}]},{"@type":"WebPage","@id":"https:\/\/elregionalvm.com.ar\/noticias-villa-maria\/la-ciudad-se-suma-a-16-dias-de-activismo-la-campana-internacional-contra-la-violencia-de-genero\/","url":"https:\/\/elregionalvm.com.ar\/noticias-villa-maria\/la-ciudad-se-suma-a-16-dias-de-activismo-la-campana-internacional-contra-la-violencia-de-genero\/","name":"La ciudad se suma a 16 D\u00edas de Activismo, la campa\u00f1a internacional contra la violencia de g\u00e9nero - El Regional","isPartOf":{"@id":"http:\/\/elregionalvm.com.ar\/noticias-villa-maria\/#website"},"primaryImageOfPage":{"@id":"https:\/\/elregionalvm.com.ar\/noticias-villa-maria\/la-ciudad-se-suma-a-16-dias-de-activismo-la-campana-internacional-contra-la-violencia-de-genero\/#primaryimage"},"image":{"@id":"https:\/\/elregionalvm.com.ar\/noticias-villa-maria\/la-ciudad-se-suma-a-16-dias-de-activismo-la-campana-internacional-contra-la-violencia-de-genero\/#primaryimage"},"thumbnailUrl":"https:\/\/i0.wp.com\/elregionalvm.com.ar\/noticias-villa-maria\/wp-content\/uploads\/2022\/10\/Violencia-mujer-mano-levantada.jpg?fit=1041%2C617&ssl=1","datePublished":"2023-11-22T20:37:09+00:00","dateModified":"2023-11-22T20:37:11+00:00","author":{"@id":"http:\/\/elregionalvm.com.ar\/noticias-villa-maria\/#\/schema\/person\/a0fb9c422317faca23d50163151bc354"},"breadcrumb":{"@id":"https:\/\/elregionalvm.com.ar\/noticias-villa-maria\/la-ciudad-se-suma-a-16-dias-de-activismo-la-campana-internacional-contra-la-violencia-de-genero\/#breadcrumb"},"inLanguage":"es","potentialAction":[{"@type":"ReadAction","target":["https:\/\/elregionalvm.com.ar\/noticias-villa-maria\/la-ciudad-se-suma-a-16-dias-de-activismo-la-campana-internacional-contra-la-violencia-de-genero\/"]}]},{"@type":"ImageObject","inLanguage":"es","@id":"https:\/\/elregionalvm.com.ar\/noticias-villa-maria\/la-ciudad-se-suma-a-16-dias-de-activismo-la-campana-internacional-contra-la-violencia-de-genero\/#primaryimage","url":"https:\/\/i0.wp.com\/elregionalvm.com.ar\/noticias-villa-maria\/wp-content\/uploads\/2022\/10\/Violencia-mujer-mano-levantada.jpg?fit=1041%2C617&ssl=1","contentUrl":"https:\/\/i0.wp.com\/elregionalvm.com.ar\/noticias-villa-maria\/wp-content\/uploads\/2022\/10\/Violencia-mujer-mano-levantada.jpg?fit=1041%2C617&ssl=1","width":1041,"height":617},{"@type":"BreadcrumbList","@id":"https:\/\/elregionalvm.com.ar\/noticias-villa-maria\/la-ciudad-se-suma-a-16-dias-de-activismo-la-campana-internacional-contra-la-violencia-de-genero\/#breadcrumb","itemListElement":[{"@type":"ListItem","position":1,"name":"Portada","item":"https:\/\/elregionalvm.com.ar\/noticias-villa-maria\/"},{"@type":"ListItem","position":2,"name":"La ciudad se suma a 16 D\u00edas de Activismo, la campa\u00f1a internacional contra la violencia de g\u00e9nero"}]},{"@type":"WebSite","@id":"http:\/\/elregionalvm.com.ar\/noticias-villa-maria\/#website","url":"http:\/\/elregionalvm.com.ar\/noticias-villa-maria\/","name":"El Regional","description":"Mucho m\u00e1s que informaci\u00f3n","potentialAction":[{"@type":"SearchAction","target":{"@type":"EntryPoint","urlTemplate":"http:\/\/elregionalvm.com.ar\/noticias-villa-maria\/?s={search_term_string}"},"query-input":{"@type":"PropertyValueSpecification","valueRequired":true,"valueName":"search_term_string"}}],"inLanguage":"es"},{"@type":"Person","@id":"http:\/\/elregionalvm.com.ar\/noticias-villa-maria\/#\/schema\/person\/a0fb9c422317faca23d50163151bc354","name":"Contenidos El Regional","image":{"@type":"ImageObject","inLanguage":"es","@id":"http:\/\/elregionalvm.com.ar\/noticias-villa-maria\/#\/schema\/person\/image\/","url":"https:\/\/secure.gravatar.com\/avatar\/265b27cb2209af7bb3a1318f03305787d7981a5cc6e6cd08fe5a4ecdf99d4b48?s=96&d=mm&r=g","contentUrl":"https:\/\/secure.gravatar.com\/avatar\/265b27cb2209af7bb3a1318f03305787d7981a5cc6e6cd08fe5a4ecdf99d4b48?s=96&d=mm&r=g","caption":"Contenidos El Regional"},"url":"https:\/\/elregionalvm.com.ar\/noticias-villa-maria\/author\/contenido\/"}]}},"jetpack_featured_media_url":"https:\/\/i0.wp.com\/elregionalvm.com.ar\/noticias-villa-maria\/wp-content\/uploads\/2022\/10\/Violencia-mujer-mano-levantada.jpg?fit=1041%2C617&ssl=1","jetpack_sharing_enabled":true,"_links":{"self":[{"href":"https:\/\/elregionalvm.com.ar\/noticias-villa-maria\/wp-json\/wp\/v2\/posts\/86164","targetHints":{"allow":["GET"]}}],"collection":[{"href":"https:\/\/elregionalvm.com.ar\/noticias-villa-maria\/wp-json\/wp\/v2\/posts"}],"about":[{"href":"https:\/\/elregionalvm.com.ar\/noticias-villa-maria\/wp-json\/wp\/v2\/types\/post"}],"author":[{"embeddable":true,"href":"https:\/\/elregionalvm.com.ar\/noticias-villa-maria\/wp-json\/wp\/v2\/users\/4"}],"replies":[{"embeddable":true,"href":"https:\/\/elregionalvm.com.ar\/noticias-villa-maria\/wp-json\/wp\/v2\/comments?post=86164"}],"version-history":[{"count":1,"href":"https:\/\/elregionalvm.com.ar\/noticias-villa-maria\/wp-json\/wp\/v2\/posts\/86164\/revisions"}],"predecessor-version":[{"id":86165,"href":"https:\/\/elregionalvm.com.ar\/noticias-villa-maria\/wp-json\/wp\/v2\/posts\/86164\/revisions\/86165"}],"wp:featuredmedia":[{"embeddable":true,"href":"https:\/\/elregionalvm.com.ar\/noticias-villa-maria\/wp-json\/wp\/v2\/media\/65077"}],"wp:attachment":[{"href":"https:\/\/elregionalvm.com.ar\/noticias-villa-maria\/wp-json\/wp\/v2\/media?parent=86164"}],"wp:term":[{"taxonomy":"category","embeddable":true,"href":"https:\/\/elregionalvm.com.ar\/noticias-villa-maria\/wp-json\/wp\/v2\/categories?post=86164"},{"taxonomy":"post_tag","embeddable":true,"href":"https:\/\/elregionalvm.com.ar\/noticias-villa-maria\/wp-json\/wp\/v2\/tags?post=86164"}],"curies":[{"name":"wp","href":"https:\/\/api.w.org\/{rel}","templated":true}]}}