{"id":86277,"date":"2023-11-25T03:39:18","date_gmt":"2023-11-25T03:39:18","guid":{"rendered":"https:\/\/elregionalvm.com.ar\/noticias-villa-maria\/?p=86277"},"modified":"2023-11-28T03:14:15","modified_gmt":"2023-11-28T03:14:15","slug":"los-secretos-de-los-quesos-round-18-la-pelea-en-familia-los-suizos-appenzeller","status":"publish","type":"post","link":"https:\/\/elregionalvm.com.ar\/noticias-villa-maria\/los-secretos-de-los-quesos-round-18-la-pelea-en-familia-los-suizos-appenzeller\/","title":{"rendered":"[Los secretos de los quesos] Round 18: \u00a0La pelea en familia: Los suizos Appenzeller"},"content":{"rendered":"\n<p><\/p>\n\n\n\n<h3 class=\"wp-block-heading\"><strong>El queso Appenzeller debe su nombre a su regi\u00f3n de origen: Appenzell, cerca de la frontera de Liechtenstein, en Suiza. All\u00ed fue producido desde la edad media.\u00a0 En esa \u00e9poca, los monjes del monasterio de San Galo consum\u00edan este queso elaborado por los campesinos de Appenzell. Ellos les enviaban el queso para pagar el diezmo.<\/strong><\/h3>\n\n\n\n<p><\/p>\n\n\n\n<p>Actualmente, 70 queser\u00edas producen esta especialidad. Tambi\u00e9n es elaborado en el cant\u00f3n de St. Gallen (un cerco de autoridad especial para proteger la autenticidad de Appenzell).<\/p>\n\n\n\n<p>La producci\u00f3n total anual es de aproximadamente 10.000 toneladas, la mayor\u00eda destinada a la exportaci\u00f3n. Se encuentra disponible en diferentes per\u00edodos de maduraci\u00f3n, siendo distintas sus caracter\u00edsticas organol\u00e9pticas. El tiempo de maduraci\u00f3n es de un m\u00ednimo de 3 meses.<\/p>\n\n\n\n<p><\/p>\n\n\n\n<figure class=\"wp-block-image size-large\"><img data-recalc-dims=\"1\" fetchpriority=\"high\" decoding=\"async\" width=\"1024\" height=\"682\" src=\"https:\/\/i0.wp.com\/elregionalvm.com.ar\/noticias-villa-maria\/wp-content\/uploads\/2023\/11\/Fabrica-Appenzeller.jpeg?resize=1024%2C682&#038;ssl=1\" alt=\"\" class=\"wp-image-86280\" srcset=\"https:\/\/i0.wp.com\/elregionalvm.com.ar\/noticias-villa-maria\/wp-content\/uploads\/2023\/11\/Fabrica-Appenzeller.jpeg?resize=1024%2C682&amp;ssl=1 1024w, https:\/\/i0.wp.com\/elregionalvm.com.ar\/noticias-villa-maria\/wp-content\/uploads\/2023\/11\/Fabrica-Appenzeller.jpeg?resize=300%2C200&amp;ssl=1 300w, https:\/\/i0.wp.com\/elregionalvm.com.ar\/noticias-villa-maria\/wp-content\/uploads\/2023\/11\/Fabrica-Appenzeller.jpeg?resize=768%2C512&amp;ssl=1 768w, https:\/\/i0.wp.com\/elregionalvm.com.ar\/noticias-villa-maria\/wp-content\/uploads\/2023\/11\/Fabrica-Appenzeller.jpeg?resize=1536%2C1023&amp;ssl=1 1536w, https:\/\/i0.wp.com\/elregionalvm.com.ar\/noticias-villa-maria\/wp-content\/uploads\/2023\/11\/Fabrica-Appenzeller.jpeg?w=1600&amp;ssl=1 1600w\" sizes=\"(max-width: 1000px) 100vw, 1000px\" \/><\/figure>\n\n\n\n<p><\/p>\n\n\n\n<p><strong>Appenzeller com\u00fan<\/strong><\/p>\n\n\n\n<p>El queso Appenzeller es raramente consumido en Argentina. Si embargo, en Suiza es realmente apreciado por su sabor frutado y ligeramente picante. &nbsp;El queso Appenzeller com\u00fan es elaborado a partir de leche descremada y curado con salmuera durante 12 meses.<\/p>\n\n\n\n<p><strong>Appenzeller festivo<\/strong><\/p>\n\n\n\n<p>El queso Appenzeller festivo, elaborado a base de leche entera curado tambi\u00e9n con salmuera. Se le incorpora pimienta y el sedimento de la elaboraci\u00f3n del vino blanco. Se obtiene un queso con mucha \u201cpersonalidad\u201d. <\/p>\n\n\n\n<p><\/p>\n\n\n\n<figure class=\"wp-block-image size-large\"><img data-recalc-dims=\"1\" decoding=\"async\" width=\"1024\" height=\"536\" src=\"https:\/\/i0.wp.com\/elregionalvm.com.ar\/noticias-villa-maria\/wp-content\/uploads\/2023\/11\/Appenzeller-queso.jpg?resize=1024%2C536&#038;ssl=1\" alt=\"\" class=\"wp-image-86279\" srcset=\"https:\/\/i0.wp.com\/elregionalvm.com.ar\/noticias-villa-maria\/wp-content\/uploads\/2023\/11\/Appenzeller-queso.jpg?resize=1024%2C536&amp;ssl=1 1024w, https:\/\/i0.wp.com\/elregionalvm.com.ar\/noticias-villa-maria\/wp-content\/uploads\/2023\/11\/Appenzeller-queso.jpg?resize=300%2C157&amp;ssl=1 300w, https:\/\/i0.wp.com\/elregionalvm.com.ar\/noticias-villa-maria\/wp-content\/uploads\/2023\/11\/Appenzeller-queso.jpg?resize=768%2C402&amp;ssl=1 768w, https:\/\/i0.wp.com\/elregionalvm.com.ar\/noticias-villa-maria\/wp-content\/uploads\/2023\/11\/Appenzeller-queso.jpg?w=1300&amp;ssl=1 1300w\" sizes=\"(max-width: 1000px) 100vw, 1000px\" \/><\/figure>\n\n\n\n<p><\/p>\n\n\n\n<p>Se produce a partir de leche de vaca cruda. Una parte de la leche se desnata. Luego, la mezcla de leche entera y descremada se coagula (bacterias de \u00e1cido-l\u00e1ctica y cuajo). Su cuajada es bastante firme, se moldea y sala.<\/p>\n\n\n\n<p>La maduraci\u00f3n se realiza a una temperatura de entre 14 y 15 \u00baC y un nivel de humedad del 90%. Seg\u00fan la versi\u00f3n de queso Appenzeller se proceder\u00e1 de distinta manera como se explic\u00f3 anteriormente.<\/p>\n\n\n\n<p>Sus cilindros pesan entre 6,2 y 8 kilos y tienen un di\u00e1metro de 30 a 33 cm. La corteza es seca y lisa, de color entre amarillo claro y rojo amarronado. La pasta es de color marfil ligeramente amarilla y tiene pocos orificios de tama\u00f1o muy peque\u00f1o.<\/p>\n\n\n\n<p><\/p>\n\n\n\n<h3 class=\"wp-block-heading\"><strong>Tambi\u00e9n pod\u00e9s ver: <\/strong><\/h3>\n\n\n\n<p><\/p>\n\n\n\n<figure class=\"wp-block-embed is-type-wp-embed is-provider-el-regional wp-block-embed-el-regional\"><div class=\"wp-block-embed__wrapper\">\n<blockquote class=\"wp-embedded-content\" data-secret=\"2Ec0RBQfPM\"><a href=\"https:\/\/elregionalvm.com.ar\/noticias-villa-maria\/secretos-de-los-quesos-round-16-la-otra-final-argentina-francia-provoleta-versus-munster\/\">[Secretos de los quesos] Round 16, la otra final (Argentina &#8211; Francia): Provoleta versus Munster<\/a><\/blockquote><iframe class=\"wp-embedded-content\" sandbox=\"allow-scripts\" security=\"restricted\" style=\"position: absolute; clip: rect(1px, 1px, 1px, 1px);\" title=\"\u00ab[Secretos de los quesos] Round 16, la otra final (Argentina &#8211; Francia): Provoleta versus Munster\u00bb \u2014 El Regional\" src=\"https:\/\/elregionalvm.com.ar\/noticias-villa-maria\/secretos-de-los-quesos-round-16-la-otra-final-argentina-francia-provoleta-versus-munster\/embed\/#?secret=4LZ2ZOqwI4#?secret=2Ec0RBQfPM\" data-secret=\"2Ec0RBQfPM\" width=\"500\" height=\"282\" frameborder=\"0\" marginwidth=\"0\" marginheight=\"0\" scrolling=\"no\"><\/iframe>\n<\/div><\/figure>\n\n\n\n<p><\/p>\n\n\n\n<p><strong>Recopilaci\u00f3n bibliogr\u00e1fica a cargo de Un Mundo De Alimentos (Allasia, M. C.; Forneris, M.; Gualtieri, F.; Allasia, H.; Bartolusi, G.). <\/strong><a href=\"http:\/\/www.unmundodealimentos.com.ar\"><strong>www.unmundodealimentos.com.ar<\/strong><\/a><\/p>\n\n\n\n<p><\/p>\n\n\n\n<p><strong>Fuentes: <\/strong><a href=\"http:\/\/www.lacasadelqueso.com.ar\/queso-appenzeller\/\">lacasadelqueso.com.ar\/queso-appenzeller\/<\/a>, <a href=\"https:\/\/viajonarios.com\/es\/suica-appenzell-queso-y-tradiciones\/\">viajonarios.com\/es\/suica-appenzell-queso-y-tradiciones\/<\/a><\/p>\n","protected":false},"excerpt":{"rendered":"<p>El queso Appenzeller debe su nombre a su regi\u00f3n de origen: Appenzell, cerca de la frontera de Liechtenstein, en Suiza. All\u00ed fue producido desde la edad media.\u00a0 En esa \u00e9poca, los monjes del monasterio de San Galo consum\u00edan este queso elaborado por los campesinos de Appenzell. Ellos les enviaban el queso para pagar el diezmo. [&hellip;]<\/p>\n","protected":false},"author":6,"featured_media":86278,"comment_status":"open","ping_status":"open","sticky":false,"template":"","format":"standard","meta":{"site-sidebar-layout":"default","site-content-layout":"","ast-site-content-layout":"default","site-content-style":"default","site-sidebar-style":"default","ast-global-header-display":"","ast-banner-title-visibility":"","ast-main-header-display":"","ast-hfb-above-header-display":"","ast-hfb-below-header-display":"","ast-hfb-mobile-header-display":"","site-post-title":"","ast-breadcrumbs-content":"","ast-featured-img":"","footer-sml-layout":"","ast-disable-related-posts":"","theme-transparent-header-meta":"","adv-header-id-meta":"","stick-header-meta":"","header-above-stick-meta":"","header-main-stick-meta":"","header-below-stick-meta":"","astra-migrate-meta-layouts":"set","ast-page-background-enabled":"default","ast-page-background-meta":{"desktop":{"background-color":"","background-image":"","background-repeat":"repeat","background-position":"center center","background-size":"auto","background-attachment":"scroll","background-type":"","background-media":"","overlay-type":"","overlay-color":"","overlay-opacity":"","overlay-gradient":""},"tablet":{"background-color":"","background-image":"","background-repeat":"repeat","background-position":"center center","background-size":"auto","background-attachment":"scroll","background-type":"","background-media":"","overlay-type":"","overlay-color":"","overlay-opacity":"","overlay-gradient":""},"mobile":{"background-color":"","background-image":"","background-repeat":"repeat","background-position":"center center","background-size":"auto","background-attachment":"scroll","background-type":"","background-media":"","overlay-type":"","overlay-color":"","overlay-opacity":"","overlay-gradient":""}},"ast-content-background-meta":{"desktop":{"background-color":"var(--ast-global-color-5)","background-image":"","background-repeat":"repeat","background-position":"center center","background-size":"auto","background-attachment":"scroll","background-type":"","background-media":"","overlay-type":"","overlay-color":"","overlay-opacity":"","overlay-gradient":""},"tablet":{"background-color":"var(--ast-global-color-5)","background-image":"","background-repeat":"repeat","background-position":"center center","background-size":"auto","background-attachment":"scroll","background-type":"","background-media":"","overlay-type":"","overlay-color":"","overlay-opacity":"","overlay-gradient":""},"mobile":{"background-color":"var(--ast-global-color-5)","background-image":"","background-repeat":"repeat","background-position":"center center","background-size":"auto","background-attachment":"scroll","background-type":"","background-media":"","overlay-type":"","overlay-color":"","overlay-opacity":"","overlay-gradient":""}},"_jetpack_memberships_contains_paid_content":false,"_joinchat":[],"footnotes":""},"categories":[4777,3557],"tags":[23205,9665,7086,8562,1442,21596,6987],"class_list":["post-86277","post","type-post","status-publish","format-standard","has-post-thumbnail","hentry","category-econotas","category-tercera","tag-appenzeller","tag-batalla","tag-leche","tag-quesos","tag-round","tag-secretos","tag-suiza"],"yoast_head":"<!-- This site is optimized with the Yoast SEO plugin v26.8 - https:\/\/yoast.com\/product\/yoast-seo-wordpress\/ -->\n<title>[Los secretos de los quesos] Round 18: \u00a0La pelea en familia: Los suizos Appenzeller - El Regional<\/title>\n<meta name=\"robots\" content=\"index, follow, max-snippet:-1, max-image-preview:large, max-video-preview:-1\" \/>\n<link rel=\"canonical\" href=\"https:\/\/elregionalvm.com.ar\/noticias-villa-maria\/los-secretos-de-los-quesos-round-18-la-pelea-en-familia-los-suizos-appenzeller\/\" \/>\n<meta property=\"og:locale\" content=\"es_ES\" \/>\n<meta property=\"og:type\" content=\"article\" \/>\n<meta property=\"og:title\" content=\"[Los secretos de los quesos] Round 18: \u00a0La pelea en familia: Los suizos Appenzeller - El Regional\" \/>\n<meta property=\"og:description\" content=\"El queso Appenzeller debe su nombre a su regi\u00f3n de origen: Appenzell, cerca de la frontera de Liechtenstein, en Suiza. All\u00ed fue producido desde la edad media.\u00a0 En esa \u00e9poca, los monjes del monasterio de San Galo consum\u00edan este queso elaborado por los campesinos de Appenzell. Ellos les enviaban el queso para pagar el diezmo. [&hellip;]\" \/>\n<meta property=\"og:url\" content=\"https:\/\/elregionalvm.com.ar\/noticias-villa-maria\/los-secretos-de-los-quesos-round-18-la-pelea-en-familia-los-suizos-appenzeller\/\" \/>\n<meta property=\"og:site_name\" content=\"El Regional\" \/>\n<meta property=\"article:publisher\" content=\"https:\/\/www.facebook.com\/elregionalvm\" \/>\n<meta property=\"article:published_time\" content=\"2023-11-25T03:39:18+00:00\" \/>\n<meta property=\"article:modified_time\" content=\"2023-11-28T03:14:15+00:00\" \/>\n<meta property=\"og:image\" content=\"https:\/\/elregionalvm.com.ar\/noticias-villa-maria\/wp-content\/uploads\/2023\/11\/queso-appenzeller-e1700883484150.jpeg\" \/>\n\t<meta property=\"og:image:width\" content=\"1200\" \/>\n\t<meta property=\"og:image:height\" content=\"686\" \/>\n\t<meta property=\"og:image:type\" content=\"image\/jpeg\" \/>\n<meta name=\"author\" content=\"Germ\u00e1n Giacchero\" \/>\n<meta name=\"twitter:card\" content=\"summary_large_image\" \/>\n<meta name=\"twitter:creator\" content=\"@elregionalvm1\" \/>\n<meta name=\"twitter:site\" content=\"@elregionalvm1\" \/>\n<meta name=\"twitter:label1\" content=\"Escrito por\" \/>\n\t<meta name=\"twitter:data1\" content=\"Germ\u00e1n Giacchero\" \/>\n\t<meta name=\"twitter:label2\" content=\"Tiempo de lectura\" \/>\n\t<meta name=\"twitter:data2\" content=\"2 minutos\" \/>\n<script type=\"application\/ld+json\" class=\"yoast-schema-graph\">{\"@context\":\"https:\/\/schema.org\",\"@graph\":[{\"@type\":\"Article\",\"@id\":\"https:\/\/elregionalvm.com.ar\/noticias-villa-maria\/los-secretos-de-los-quesos-round-18-la-pelea-en-familia-los-suizos-appenzeller\/#article\",\"isPartOf\":{\"@id\":\"https:\/\/elregionalvm.com.ar\/noticias-villa-maria\/los-secretos-de-los-quesos-round-18-la-pelea-en-familia-los-suizos-appenzeller\/\"},\"author\":{\"name\":\"Germ\u00e1n Giacchero\",\"@id\":\"http:\/\/elregionalvm.com.ar\/noticias-villa-maria\/#\/schema\/person\/d5e4b04966154131701e52c45d3efec9\"},\"headline\":\"[Los secretos de los quesos] Round 18: \u00a0La pelea en familia: Los suizos Appenzeller\",\"datePublished\":\"2023-11-25T03:39:18+00:00\",\"dateModified\":\"2023-11-28T03:14:15+00:00\",\"mainEntityOfPage\":{\"@id\":\"https:\/\/elregionalvm.com.ar\/noticias-villa-maria\/los-secretos-de-los-quesos-round-18-la-pelea-en-familia-los-suizos-appenzeller\/\"},\"wordCount\":395,\"commentCount\":0,\"image\":{\"@id\":\"https:\/\/elregionalvm.com.ar\/noticias-villa-maria\/los-secretos-de-los-quesos-round-18-la-pelea-en-familia-los-suizos-appenzeller\/#primaryimage\"},\"thumbnailUrl\":\"https:\/\/i0.wp.com\/elregionalvm.com.ar\/noticias-villa-maria\/wp-content\/uploads\/2023\/11\/queso-appenzeller-e1700883484150.jpeg?fit=1200%2C686&ssl=1\",\"keywords\":[\"Appenzeller\",\"batalla\",\"leche\",\"quesos\",\"round\",\"secretos\",\"Suiza\"],\"articleSection\":[\"Econotas\",\"tercera\"],\"inLanguage\":\"es\",\"potentialAction\":[{\"@type\":\"CommentAction\",\"name\":\"Comment\",\"target\":[\"https:\/\/elregionalvm.com.ar\/noticias-villa-maria\/los-secretos-de-los-quesos-round-18-la-pelea-en-familia-los-suizos-appenzeller\/#respond\"]}]},{\"@type\":\"WebPage\",\"@id\":\"https:\/\/elregionalvm.com.ar\/noticias-villa-maria\/los-secretos-de-los-quesos-round-18-la-pelea-en-familia-los-suizos-appenzeller\/\",\"url\":\"https:\/\/elregionalvm.com.ar\/noticias-villa-maria\/los-secretos-de-los-quesos-round-18-la-pelea-en-familia-los-suizos-appenzeller\/\",\"name\":\"[Los secretos de los quesos] Round 18: \u00a0La pelea en familia: Los suizos Appenzeller - El Regional\",\"isPartOf\":{\"@id\":\"http:\/\/elregionalvm.com.ar\/noticias-villa-maria\/#website\"},\"primaryImageOfPage\":{\"@id\":\"https:\/\/elregionalvm.com.ar\/noticias-villa-maria\/los-secretos-de-los-quesos-round-18-la-pelea-en-familia-los-suizos-appenzeller\/#primaryimage\"},\"image\":{\"@id\":\"https:\/\/elregionalvm.com.ar\/noticias-villa-maria\/los-secretos-de-los-quesos-round-18-la-pelea-en-familia-los-suizos-appenzeller\/#primaryimage\"},\"thumbnailUrl\":\"https:\/\/i0.wp.com\/elregionalvm.com.ar\/noticias-villa-maria\/wp-content\/uploads\/2023\/11\/queso-appenzeller-e1700883484150.jpeg?fit=1200%2C686&ssl=1\",\"datePublished\":\"2023-11-25T03:39:18+00:00\",\"dateModified\":\"2023-11-28T03:14:15+00:00\",\"author\":{\"@id\":\"http:\/\/elregionalvm.com.ar\/noticias-villa-maria\/#\/schema\/person\/d5e4b04966154131701e52c45d3efec9\"},\"breadcrumb\":{\"@id\":\"https:\/\/elregionalvm.com.ar\/noticias-villa-maria\/los-secretos-de-los-quesos-round-18-la-pelea-en-familia-los-suizos-appenzeller\/#breadcrumb\"},\"inLanguage\":\"es\",\"potentialAction\":[{\"@type\":\"ReadAction\",\"target\":[\"https:\/\/elregionalvm.com.ar\/noticias-villa-maria\/los-secretos-de-los-quesos-round-18-la-pelea-en-familia-los-suizos-appenzeller\/\"]}]},{\"@type\":\"ImageObject\",\"inLanguage\":\"es\",\"@id\":\"https:\/\/elregionalvm.com.ar\/noticias-villa-maria\/los-secretos-de-los-quesos-round-18-la-pelea-en-familia-los-suizos-appenzeller\/#primaryimage\",\"url\":\"https:\/\/i0.wp.com\/elregionalvm.com.ar\/noticias-villa-maria\/wp-content\/uploads\/2023\/11\/queso-appenzeller-e1700883484150.jpeg?fit=1200%2C686&ssl=1\",\"contentUrl\":\"https:\/\/i0.wp.com\/elregionalvm.com.ar\/noticias-villa-maria\/wp-content\/uploads\/2023\/11\/queso-appenzeller-e1700883484150.jpeg?fit=1200%2C686&ssl=1\",\"width\":1200,\"height\":686},{\"@type\":\"BreadcrumbList\",\"@id\":\"https:\/\/elregionalvm.com.ar\/noticias-villa-maria\/los-secretos-de-los-quesos-round-18-la-pelea-en-familia-los-suizos-appenzeller\/#breadcrumb\",\"itemListElement\":[{\"@type\":\"ListItem\",\"position\":1,\"name\":\"Portada\",\"item\":\"https:\/\/elregionalvm.com.ar\/noticias-villa-maria\/\"},{\"@type\":\"ListItem\",\"position\":2,\"name\":\"[Los secretos de los quesos] Round 18: \u00a0La pelea en familia: Los suizos Appenzeller\"}]},{\"@type\":\"WebSite\",\"@id\":\"http:\/\/elregionalvm.com.ar\/noticias-villa-maria\/#website\",\"url\":\"http:\/\/elregionalvm.com.ar\/noticias-villa-maria\/\",\"name\":\"El Regional\",\"description\":\"Mucho m\u00e1s que informaci\u00f3n\",\"potentialAction\":[{\"@type\":\"SearchAction\",\"target\":{\"@type\":\"EntryPoint\",\"urlTemplate\":\"http:\/\/elregionalvm.com.ar\/noticias-villa-maria\/?s={search_term_string}\"},\"query-input\":{\"@type\":\"PropertyValueSpecification\",\"valueRequired\":true,\"valueName\":\"search_term_string\"}}],\"inLanguage\":\"es\"},{\"@type\":\"Person\",\"@id\":\"http:\/\/elregionalvm.com.ar\/noticias-villa-maria\/#\/schema\/person\/d5e4b04966154131701e52c45d3efec9\",\"name\":\"Germ\u00e1n Giacchero\",\"image\":{\"@type\":\"ImageObject\",\"inLanguage\":\"es\",\"@id\":\"http:\/\/elregionalvm.com.ar\/noticias-villa-maria\/#\/schema\/person\/image\/\",\"url\":\"https:\/\/secure.gravatar.com\/avatar\/fda163ba5ef0307ee5be9846e10f83b6e83d0cfb260d3b2464830318894c6b04?s=96&d=mm&r=g\",\"contentUrl\":\"https:\/\/secure.gravatar.com\/avatar\/fda163ba5ef0307ee5be9846e10f83b6e83d0cfb260d3b2464830318894c6b04?s=96&d=mm&r=g\",\"caption\":\"Germ\u00e1n Giacchero\"},\"url\":\"https:\/\/elregionalvm.com.ar\/noticias-villa-maria\/author\/germangiacchero\/\"}]}<\/script>\n<!-- \/ Yoast SEO plugin. -->","yoast_head_json":{"title":"[Los secretos de los quesos] Round 18: \u00a0La pelea en familia: Los suizos Appenzeller - El Regional","robots":{"index":"index","follow":"follow","max-snippet":"max-snippet:-1","max-image-preview":"max-image-preview:large","max-video-preview":"max-video-preview:-1"},"canonical":"https:\/\/elregionalvm.com.ar\/noticias-villa-maria\/los-secretos-de-los-quesos-round-18-la-pelea-en-familia-los-suizos-appenzeller\/","og_locale":"es_ES","og_type":"article","og_title":"[Los secretos de los quesos] Round 18: \u00a0La pelea en familia: Los suizos Appenzeller - El Regional","og_description":"El queso Appenzeller debe su nombre a su regi\u00f3n de origen: Appenzell, cerca de la frontera de Liechtenstein, en Suiza. All\u00ed fue producido desde la edad media.\u00a0 En esa \u00e9poca, los monjes del monasterio de San Galo consum\u00edan este queso elaborado por los campesinos de Appenzell. Ellos les enviaban el queso para pagar el diezmo. [&hellip;]","og_url":"https:\/\/elregionalvm.com.ar\/noticias-villa-maria\/los-secretos-de-los-quesos-round-18-la-pelea-en-familia-los-suizos-appenzeller\/","og_site_name":"El Regional","article_publisher":"https:\/\/www.facebook.com\/elregionalvm","article_published_time":"2023-11-25T03:39:18+00:00","article_modified_time":"2023-11-28T03:14:15+00:00","og_image":[{"width":1200,"height":686,"url":"https:\/\/elregionalvm.com.ar\/noticias-villa-maria\/wp-content\/uploads\/2023\/11\/queso-appenzeller-e1700883484150.jpeg","type":"image\/jpeg"}],"author":"Germ\u00e1n Giacchero","twitter_card":"summary_large_image","twitter_creator":"@elregionalvm1","twitter_site":"@elregionalvm1","twitter_misc":{"Escrito por":"Germ\u00e1n Giacchero","Tiempo de lectura":"2 minutos"},"schema":{"@context":"https:\/\/schema.org","@graph":[{"@type":"Article","@id":"https:\/\/elregionalvm.com.ar\/noticias-villa-maria\/los-secretos-de-los-quesos-round-18-la-pelea-en-familia-los-suizos-appenzeller\/#article","isPartOf":{"@id":"https:\/\/elregionalvm.com.ar\/noticias-villa-maria\/los-secretos-de-los-quesos-round-18-la-pelea-en-familia-los-suizos-appenzeller\/"},"author":{"name":"Germ\u00e1n Giacchero","@id":"http:\/\/elregionalvm.com.ar\/noticias-villa-maria\/#\/schema\/person\/d5e4b04966154131701e52c45d3efec9"},"headline":"[Los secretos de los quesos] Round 18: \u00a0La pelea en familia: Los suizos Appenzeller","datePublished":"2023-11-25T03:39:18+00:00","dateModified":"2023-11-28T03:14:15+00:00","mainEntityOfPage":{"@id":"https:\/\/elregionalvm.com.ar\/noticias-villa-maria\/los-secretos-de-los-quesos-round-18-la-pelea-en-familia-los-suizos-appenzeller\/"},"wordCount":395,"commentCount":0,"image":{"@id":"https:\/\/elregionalvm.com.ar\/noticias-villa-maria\/los-secretos-de-los-quesos-round-18-la-pelea-en-familia-los-suizos-appenzeller\/#primaryimage"},"thumbnailUrl":"https:\/\/i0.wp.com\/elregionalvm.com.ar\/noticias-villa-maria\/wp-content\/uploads\/2023\/11\/queso-appenzeller-e1700883484150.jpeg?fit=1200%2C686&ssl=1","keywords":["Appenzeller","batalla","leche","quesos","round","secretos","Suiza"],"articleSection":["Econotas","tercera"],"inLanguage":"es","potentialAction":[{"@type":"CommentAction","name":"Comment","target":["https:\/\/elregionalvm.com.ar\/noticias-villa-maria\/los-secretos-de-los-quesos-round-18-la-pelea-en-familia-los-suizos-appenzeller\/#respond"]}]},{"@type":"WebPage","@id":"https:\/\/elregionalvm.com.ar\/noticias-villa-maria\/los-secretos-de-los-quesos-round-18-la-pelea-en-familia-los-suizos-appenzeller\/","url":"https:\/\/elregionalvm.com.ar\/noticias-villa-maria\/los-secretos-de-los-quesos-round-18-la-pelea-en-familia-los-suizos-appenzeller\/","name":"[Los secretos de los quesos] Round 18: \u00a0La pelea en familia: Los suizos Appenzeller - El Regional","isPartOf":{"@id":"http:\/\/elregionalvm.com.ar\/noticias-villa-maria\/#website"},"primaryImageOfPage":{"@id":"https:\/\/elregionalvm.com.ar\/noticias-villa-maria\/los-secretos-de-los-quesos-round-18-la-pelea-en-familia-los-suizos-appenzeller\/#primaryimage"},"image":{"@id":"https:\/\/elregionalvm.com.ar\/noticias-villa-maria\/los-secretos-de-los-quesos-round-18-la-pelea-en-familia-los-suizos-appenzeller\/#primaryimage"},"thumbnailUrl":"https:\/\/i0.wp.com\/elregionalvm.com.ar\/noticias-villa-maria\/wp-content\/uploads\/2023\/11\/queso-appenzeller-e1700883484150.jpeg?fit=1200%2C686&ssl=1","datePublished":"2023-11-25T03:39:18+00:00","dateModified":"2023-11-28T03:14:15+00:00","author":{"@id":"http:\/\/elregionalvm.com.ar\/noticias-villa-maria\/#\/schema\/person\/d5e4b04966154131701e52c45d3efec9"},"breadcrumb":{"@id":"https:\/\/elregionalvm.com.ar\/noticias-villa-maria\/los-secretos-de-los-quesos-round-18-la-pelea-en-familia-los-suizos-appenzeller\/#breadcrumb"},"inLanguage":"es","potentialAction":[{"@type":"ReadAction","target":["https:\/\/elregionalvm.com.ar\/noticias-villa-maria\/los-secretos-de-los-quesos-round-18-la-pelea-en-familia-los-suizos-appenzeller\/"]}]},{"@type":"ImageObject","inLanguage":"es","@id":"https:\/\/elregionalvm.com.ar\/noticias-villa-maria\/los-secretos-de-los-quesos-round-18-la-pelea-en-familia-los-suizos-appenzeller\/#primaryimage","url":"https:\/\/i0.wp.com\/elregionalvm.com.ar\/noticias-villa-maria\/wp-content\/uploads\/2023\/11\/queso-appenzeller-e1700883484150.jpeg?fit=1200%2C686&ssl=1","contentUrl":"https:\/\/i0.wp.com\/elregionalvm.com.ar\/noticias-villa-maria\/wp-content\/uploads\/2023\/11\/queso-appenzeller-e1700883484150.jpeg?fit=1200%2C686&ssl=1","width":1200,"height":686},{"@type":"BreadcrumbList","@id":"https:\/\/elregionalvm.com.ar\/noticias-villa-maria\/los-secretos-de-los-quesos-round-18-la-pelea-en-familia-los-suizos-appenzeller\/#breadcrumb","itemListElement":[{"@type":"ListItem","position":1,"name":"Portada","item":"https:\/\/elregionalvm.com.ar\/noticias-villa-maria\/"},{"@type":"ListItem","position":2,"name":"[Los secretos de los quesos] Round 18: \u00a0La pelea en familia: Los suizos Appenzeller"}]},{"@type":"WebSite","@id":"http:\/\/elregionalvm.com.ar\/noticias-villa-maria\/#website","url":"http:\/\/elregionalvm.com.ar\/noticias-villa-maria\/","name":"El Regional","description":"Mucho m\u00e1s que informaci\u00f3n","potentialAction":[{"@type":"SearchAction","target":{"@type":"EntryPoint","urlTemplate":"http:\/\/elregionalvm.com.ar\/noticias-villa-maria\/?s={search_term_string}"},"query-input":{"@type":"PropertyValueSpecification","valueRequired":true,"valueName":"search_term_string"}}],"inLanguage":"es"},{"@type":"Person","@id":"http:\/\/elregionalvm.com.ar\/noticias-villa-maria\/#\/schema\/person\/d5e4b04966154131701e52c45d3efec9","name":"Germ\u00e1n Giacchero","image":{"@type":"ImageObject","inLanguage":"es","@id":"http:\/\/elregionalvm.com.ar\/noticias-villa-maria\/#\/schema\/person\/image\/","url":"https:\/\/secure.gravatar.com\/avatar\/fda163ba5ef0307ee5be9846e10f83b6e83d0cfb260d3b2464830318894c6b04?s=96&d=mm&r=g","contentUrl":"https:\/\/secure.gravatar.com\/avatar\/fda163ba5ef0307ee5be9846e10f83b6e83d0cfb260d3b2464830318894c6b04?s=96&d=mm&r=g","caption":"Germ\u00e1n Giacchero"},"url":"https:\/\/elregionalvm.com.ar\/noticias-villa-maria\/author\/germangiacchero\/"}]}},"jetpack_featured_media_url":"https:\/\/i0.wp.com\/elregionalvm.com.ar\/noticias-villa-maria\/wp-content\/uploads\/2023\/11\/queso-appenzeller-e1700883484150.jpeg?fit=1200%2C686&ssl=1","jetpack_sharing_enabled":true,"_links":{"self":[{"href":"https:\/\/elregionalvm.com.ar\/noticias-villa-maria\/wp-json\/wp\/v2\/posts\/86277","targetHints":{"allow":["GET"]}}],"collection":[{"href":"https:\/\/elregionalvm.com.ar\/noticias-villa-maria\/wp-json\/wp\/v2\/posts"}],"about":[{"href":"https:\/\/elregionalvm.com.ar\/noticias-villa-maria\/wp-json\/wp\/v2\/types\/post"}],"author":[{"embeddable":true,"href":"https:\/\/elregionalvm.com.ar\/noticias-villa-maria\/wp-json\/wp\/v2\/users\/6"}],"replies":[{"embeddable":true,"href":"https:\/\/elregionalvm.com.ar\/noticias-villa-maria\/wp-json\/wp\/v2\/comments?post=86277"}],"version-history":[{"count":1,"href":"https:\/\/elregionalvm.com.ar\/noticias-villa-maria\/wp-json\/wp\/v2\/posts\/86277\/revisions"}],"predecessor-version":[{"id":86281,"href":"https:\/\/elregionalvm.com.ar\/noticias-villa-maria\/wp-json\/wp\/v2\/posts\/86277\/revisions\/86281"}],"wp:featuredmedia":[{"embeddable":true,"href":"https:\/\/elregionalvm.com.ar\/noticias-villa-maria\/wp-json\/wp\/v2\/media\/86278"}],"wp:attachment":[{"href":"https:\/\/elregionalvm.com.ar\/noticias-villa-maria\/wp-json\/wp\/v2\/media?parent=86277"}],"wp:term":[{"taxonomy":"category","embeddable":true,"href":"https:\/\/elregionalvm.com.ar\/noticias-villa-maria\/wp-json\/wp\/v2\/categories?post=86277"},{"taxonomy":"post_tag","embeddable":true,"href":"https:\/\/elregionalvm.com.ar\/noticias-villa-maria\/wp-json\/wp\/v2\/tags?post=86277"}],"curies":[{"name":"wp","href":"https:\/\/api.w.org\/{rel}","templated":true}]}}