{"id":86317,"date":"2023-11-25T15:35:10","date_gmt":"2023-11-25T15:35:10","guid":{"rendered":"https:\/\/elregionalvm.com.ar\/noticias-villa-maria\/?p=86317"},"modified":"2023-11-25T15:35:11","modified_gmt":"2023-11-25T15:35:11","slug":"la-agencia-competitividad-cordoba-cofinancia-becas-en-japon-para-directivos-y-lideres-de-empresas","status":"publish","type":"post","link":"https:\/\/elregionalvm.com.ar\/noticias-villa-maria\/la-agencia-competitividad-cordoba-cofinancia-becas-en-japon-para-directivos-y-lideres-de-empresas\/","title":{"rendered":"La Agencia Competitividad C\u00f3rdoba cofinancia becas en Jap\u00f3n para directivos y l\u00edderes de empresas"},"content":{"rendered":"\n<p class=\"wp-block-paragraph\">La&nbsp;<strong>Agencia Competitividad C\u00f3rdoba<\/strong>&nbsp;acompa\u00f1a a altos directivos y l\u00edderes de empresas locales que quieran acceder a las becas de formaci\u00f3n que otorga&nbsp;<strong>AOTS Jap\u00f3n<\/strong>, la mayor organizaci\u00f3n de cooperaci\u00f3n econ\u00f3mica internacional de base privada de ese pa\u00eds, que promueve la colaboraci\u00f3n t\u00e9cnica a trav\u00e9s de programas de capacitaci\u00f3n en dicho pa\u00eds y en el extranjero.<\/p>\n\n\n\n<p class=\"wp-block-paragraph\">A partir de un convenio suscripto entre ambas instituciones,\u00a0<strong>la Agencia cofinanciar\u00e1 una parte del valor del cursado de programas en el pa\u00eds asi\u00e1tico<\/strong>\u00a0y brindar\u00e1 asesoramiento a aquellas altos directivos y l\u00edderes de empresas, cl\u00fasteres y c\u00e1maras interesadas en postularse.<\/p>\n\n\n\n<figure class=\"wp-block-image size-full\"><img data-recalc-dims=\"1\" fetchpriority=\"high\" decoding=\"async\" width=\"600\" height=\"400\" src=\"https:\/\/i0.wp.com\/elregionalvm.com.ar\/noticias-villa-maria\/wp-content\/uploads\/2023\/11\/WhatsApp-Image-2023-11-24-at-12.51.00-1.jpeg?resize=600%2C400&#038;ssl=1\" alt=\"\" class=\"wp-image-86318\" srcset=\"https:\/\/i0.wp.com\/elregionalvm.com.ar\/noticias-villa-maria\/wp-content\/uploads\/2023\/11\/WhatsApp-Image-2023-11-24-at-12.51.00-1.jpeg?w=600&amp;ssl=1 600w, https:\/\/i0.wp.com\/elregionalvm.com.ar\/noticias-villa-maria\/wp-content\/uploads\/2023\/11\/WhatsApp-Image-2023-11-24-at-12.51.00-1.jpeg?resize=300%2C200&amp;ssl=1 300w\" sizes=\"(max-width: 600px) 100vw, 600px\" \/><\/figure>\n\n\n\n<p class=\"wp-block-paragraph\"><em>\u201cEl objetivo de esta alianza es promover el intercambio de conocimientos, herramientas y mejores pr\u00e1cticas de empresas, mediante la formaci\u00f3n en programas espec\u00edficos y experiencias directas en la cultura empresarial y organizacional japonesa; que tendr\u00e1n un impacto en la competitividad de los procesos productivos de C\u00f3rdoba\u201d,&nbsp;<\/em>precis\u00f3 el presidente de la Agencia Competitividad C\u00f3rdoba, Fernando Sibilla.&nbsp;<\/p>\n\n\n\n<p class=\"wp-block-paragraph\">La convocatoria es para acceder a los programas de \u201cRevitalizaci\u00f3n Organizacional para Am\u00e9rica Latina\u201d y de \u201cTransformaci\u00f3n al Modelo de negocio de Econom\u00eda Circular\u201d. La Agencia Competitividad C\u00f3rdoba receptar\u00e1 las postulaciones con formularios e informaci\u00f3n completa\u00a0<strong>en el plazo previsto para cada convocatoria<\/strong>\u00a0al correo\u00a0<strong>competitividadcba@gmail.com<\/strong>. Las empresas interesadas en participar deber\u00e1n enviar la postulaci\u00f3n referenciando su pertenencia a una c\u00e1mara o cl\u00faster de su sector.<\/p>\n\n\n\n<p class=\"wp-block-paragraph\">AOTS Jap\u00f3n cubre dos tercios (\u2154) del costo total del Programa y el tercio restante ser\u00e1 cofinanciado entre la Agencia Competitividad de C\u00f3rdoba y la instituci\u00f3n o empresa seleccionada.<\/p>\n\n\n\n<p class=\"wp-block-paragraph\"><strong><u>Toda la informaci\u00f3n sobre los programas<\/u><\/strong><\/p>\n\n\n\n<h3 class=\"wp-block-heading\"><strong>Programa de la Revitalizaci\u00f3n Organizacional para Am\u00e9rica Latina<\/strong><\/h3>\n\n\n\n<p class=\"wp-block-paragraph\"><strong>Fecha l\u00edmite para postularse:<\/strong>&nbsp;jueves 30 de diciembre de 2023.<\/p>\n\n\n\n<p class=\"wp-block-paragraph\"><strong>Inicio y duraci\u00f3n del cursado:<\/strong>&nbsp;21 de febrero al 05 de marzo de 2024.<\/p>\n\n\n\n<p class=\"wp-block-paragraph\"><strong>Idioma:<\/strong>&nbsp;espa\u00f1ol.<\/p>\n\n\n\n<p class=\"wp-block-paragraph\"><strong>Objetivos:<\/strong>&nbsp;comprender las actitudes de los l\u00edderes que promueven la revitalizaci\u00f3n organizacional. Conocer ejemplos de empresas japonesas que han logrado penetrar la filosof\u00eda de gesti\u00f3n e implementar iniciativas de desarrollo organizacional. Permitir a los participantes reconocer su propio papel de liderazgo en la revitalizaci\u00f3n de sus propias organizaciones y mejorar la productividad, y desarrollar planes de acci\u00f3n espec\u00edficos a su regreso.<\/p>\n\n\n\n<p class=\"wp-block-paragraph\"><strong>Perfil de participantes:<\/strong>&nbsp;propietario\/a, Gerente General, altos directivos de empresas y\/o instituciones, residentes en pa\u00edses en desarrollo de Am\u00e9rica Latina. Debe tener un m\u00ednimo de cinco a\u00f1os m\u00e1s de experiencia laboral y contar con t\u00edtulo\/s universitario\/s con experiencia profesional equivalente.<\/p>\n\n\n\n<p class=\"wp-block-paragraph\">M\u00e1s informaci\u00f3n disponible&nbsp;<a href=\"https:\/\/aotsargentina.org.ar\/elprogramaparalaresoluciondeproblemasdecalidad\/\" target=\"_blank\" rel=\"noreferrer noopener\"><strong>ac\u00e1<\/strong><\/a>; todos los archivos que deben completar los interesados en el este&nbsp;<a href=\"https:\/\/drive.google.com\/drive\/folders\/1wuCLHDgHwk3vRcnj5O5f5TkmDeHk54wk\" target=\"_blank\" rel=\"noreferrer noopener\"><strong>link.<\/strong><\/a><\/p>\n\n\n\n<h3 class=\"wp-block-heading\"><strong>Programa Transformaci\u00f3n al Modelo de negocio de Econom\u00eda Circular<\/strong><\/h3>\n\n\n\n<p class=\"wp-block-paragraph\"><strong>Fecha l\u00edmite para postularse:<\/strong>&nbsp;lunes 11 de diciembre de 2023.<\/p>\n\n\n\n<p class=\"wp-block-paragraph\"><strong>Inicio y duraci\u00f3n:<\/strong>&nbsp;06 de marzo a 19 de marzo de 2024.<\/p>\n\n\n\n<p class=\"wp-block-paragraph\"><strong>Idioma:<\/strong>&nbsp;ingl\u00e9s.<\/p>\n\n\n\n<p class=\"wp-block-paragraph\"><strong>Objetivos:<\/strong>&nbsp;organizar y reconocer cambios en el medio ambiente donde se desarrolla el negocio y profundizar la comprensi\u00f3n del concepto de Econom\u00eda Circular. Aprender a utilizar el dise\u00f1o circular y otros m\u00e9todos necesarios para desarrollar el negocio de la Econom\u00eda Circular. Obtener conocimientos pr\u00e1cticos sobre c\u00f3mo construir un negocio de Econom\u00eda Circular a trav\u00e9s de visitas a empresas. Aprender a formular planes de acci\u00f3n para el modelo de negocio de Econom\u00eda Circular a trav\u00e9s de la experiencia pr\u00e1ctica y adquirir las habilidades b\u00e1sicas para ponerlas en pr\u00e1ctica en su propia empresa.<\/p>\n\n\n\n<p class=\"wp-block-paragraph\"><strong>Perfil de participantes:<\/strong>&nbsp;directivos, ejecutivos y mandos intermedios\/superiores de empresas de pa\u00edses en desarrollo. Tambi\u00e9n podr\u00e1n participar directivos y personal de organizaciones industriales. Los participantes deber\u00e1n tener m\u00e1s de 20 a\u00f1os, conocimiento pr\u00e1ctico suficiente del ingl\u00e9s y contar con t\u00edtulo\/s universitario\/s y\/o experiencia profesional equivalente.<\/p>\n\n\n\n<p class=\"wp-block-paragraph\">M\u00e1s informaci\u00f3n disponible&nbsp;<a href=\"https:\/\/www.google.com\/url?q=https:\/\/aotsargentina.org.ar\/transformacion-al-modelo-de-negocio-de-economia-circular-copy\/&amp;sa=D&amp;source=docs&amp;ust=1700839166270977&amp;usg=AOvVaw2qHXGvWDfHUNNaFIyW2724\" target=\"_blank\" rel=\"noreferrer noopener\"><strong>ac\u00e1<\/strong><\/a>; todos los archivos que deben completar los interesados en el este&nbsp;<a href=\"https:\/\/drive.google.com\/drive\/folders\/1CATDNVsNysgmp6QtT_bSHT4wJELkuV60\" target=\"_blank\" rel=\"noreferrer noopener\"><strong>link<\/strong><\/a><strong>.<\/strong><\/p>\n","protected":false},"excerpt":{"rendered":"<p>La&nbsp;Agencia Competitividad C\u00f3rdoba&nbsp;acompa\u00f1a a altos directivos y l\u00edderes de empresas locales que quieran acceder a las becas de formaci\u00f3n que otorga&nbsp;AOTS Jap\u00f3n, la mayor organizaci\u00f3n de cooperaci\u00f3n econ\u00f3mica internacional de base privada de ese pa\u00eds, que promueve la colaboraci\u00f3n t\u00e9cnica a trav\u00e9s de programas de capacitaci\u00f3n en dicho pa\u00eds y en el extranjero. A partir [&hellip;]<\/p>\n","protected":false},"author":4,"featured_media":86319,"comment_status":"open","ping_status":"open","sticky":false,"template":"","format":"standard","meta":{"site-sidebar-layout":"default","site-content-layout":"","ast-site-content-layout":"default","site-content-style":"default","site-sidebar-style":"default","ast-global-header-display":"","ast-banner-title-visibility":"","ast-main-header-display":"","ast-hfb-above-header-display":"","ast-hfb-below-header-display":"","ast-hfb-mobile-header-display":"","site-post-title":"","ast-breadcrumbs-content":"","ast-featured-img":"","footer-sml-layout":"","ast-disable-related-posts":"","theme-transparent-header-meta":"","adv-header-id-meta":"","stick-header-meta":"","header-above-stick-meta":"","header-main-stick-meta":"","header-below-stick-meta":"","astra-migrate-meta-layouts":"set","ast-page-background-enabled":"default","ast-page-background-meta":{"desktop":{"background-color":"","background-image":"","background-repeat":"repeat","background-position":"center center","background-size":"auto","background-attachment":"scroll","background-type":"","background-media":"","overlay-type":"","overlay-color":"","overlay-opacity":"","overlay-gradient":""},"tablet":{"background-color":"","background-image":"","background-repeat":"repeat","background-position":"center center","background-size":"auto","background-attachment":"scroll","background-type":"","background-media":"","overlay-type":"","overlay-color":"","overlay-opacity":"","overlay-gradient":""},"mobile":{"background-color":"","background-image":"","background-repeat":"repeat","background-position":"center center","background-size":"auto","background-attachment":"scroll","background-type":"","background-media":"","overlay-type":"","overlay-color":"","overlay-opacity":"","overlay-gradient":""}},"ast-content-background-meta":{"desktop":{"background-color":"var(--ast-global-color-5)","background-image":"","background-repeat":"repeat","background-position":"center center","background-size":"auto","background-attachment":"scroll","background-type":"","background-media":"","overlay-type":"","overlay-color":"","overlay-opacity":"","overlay-gradient":""},"tablet":{"background-color":"var(--ast-global-color-5)","background-image":"","background-repeat":"repeat","background-position":"center center","background-size":"auto","background-attachment":"scroll","background-type":"","background-media":"","overlay-type":"","overlay-color":"","overlay-opacity":"","overlay-gradient":""},"mobile":{"background-color":"var(--ast-global-color-5)","background-image":"","background-repeat":"repeat","background-position":"center center","background-size":"auto","background-attachment":"scroll","background-type":"","background-media":"","overlay-type":"","overlay-color":"","overlay-opacity":"","overlay-gradient":""}},"_jetpack_newsletter_access":"","_jetpack_dont_email_post_to_subs":false,"_jetpack_newsletter_tier_id":0,"_jetpack_memberships_contains_paywalled_content":false,"_jetpack_memberships_contains_paid_content":false,"_joinchat":[],"footnotes":""},"categories":[15302,16095,5],"tags":[],"class_list":["post-86317","post","type-post","status-publish","format-standard","has-post-thumbnail","hentry","category-destacado","category-provinciales","category-sociedad"],"yoast_head":"<!-- This site is optimized with the Yoast SEO plugin v28.4 - https:\/\/yoast.com\/product\/yoast-seo-wordpress\/ -->\n<title>La Agencia Competitividad C\u00f3rdoba cofinancia becas en Jap\u00f3n para directivos y l\u00edderes de empresas - El Regional<\/title>\n<meta name=\"robots\" content=\"index, follow, max-snippet:-1, max-image-preview:large, max-video-preview:-1\" \/>\n<link rel=\"canonical\" href=\"https:\/\/elregionalvm.com.ar\/noticias-villa-maria\/la-agencia-competitividad-cordoba-cofinancia-becas-en-japon-para-directivos-y-lideres-de-empresas\/\" \/>\n<meta property=\"og:locale\" content=\"es_ES\" \/>\n<meta property=\"og:type\" content=\"article\" \/>\n<meta property=\"og:title\" content=\"La Agencia Competitividad C\u00f3rdoba cofinancia becas en Jap\u00f3n para directivos y l\u00edderes de empresas - El Regional\" \/>\n<meta property=\"og:description\" content=\"La&nbsp;Agencia Competitividad C\u00f3rdoba&nbsp;acompa\u00f1a a altos directivos y l\u00edderes de empresas locales que quieran acceder a las becas de formaci\u00f3n que otorga&nbsp;AOTS Jap\u00f3n, la mayor organizaci\u00f3n de cooperaci\u00f3n econ\u00f3mica internacional de base privada de ese pa\u00eds, que promueve la colaboraci\u00f3n t\u00e9cnica a trav\u00e9s de programas de capacitaci\u00f3n en dicho pa\u00eds y en el extranjero. A partir [&hellip;]\" \/>\n<meta property=\"og:url\" content=\"https:\/\/elregionalvm.com.ar\/noticias-villa-maria\/la-agencia-competitividad-cordoba-cofinancia-becas-en-japon-para-directivos-y-lideres-de-empresas\/\" \/>\n<meta property=\"og:site_name\" content=\"El Regional\" \/>\n<meta property=\"article:publisher\" content=\"https:\/\/www.facebook.com\/elregionalvm\" \/>\n<meta property=\"article:published_time\" content=\"2023-11-25T15:35:10+00:00\" \/>\n<meta property=\"article:modified_time\" content=\"2023-11-25T15:35:11+00:00\" \/>\n<meta property=\"og:image\" content=\"https:\/\/elregionalvm.com.ar\/noticias-villa-maria\/wp-content\/uploads\/2023\/11\/WhatsApp-Image-2023-11-24-at-12.53.43-1536x864-1.jpeg\" \/>\n\t<meta property=\"og:image:width\" content=\"1536\" \/>\n\t<meta property=\"og:image:height\" content=\"864\" \/>\n\t<meta property=\"og:image:type\" content=\"image\/jpeg\" \/>\n<meta name=\"author\" content=\"Contenidos El Regional\" \/>\n<meta name=\"twitter:card\" content=\"summary_large_image\" \/>\n<meta name=\"twitter:creator\" content=\"@elregionalvm1\" \/>\n<meta name=\"twitter:site\" content=\"@elregionalvm1\" \/>\n<meta name=\"twitter:label1\" content=\"Escrito por\" \/>\n\t<meta name=\"twitter:data1\" content=\"Contenidos El Regional\" \/>\n\t<meta name=\"twitter:label2\" content=\"Tiempo de lectura\" \/>\n\t<meta name=\"twitter:data2\" content=\"3 minutos\" \/>\n<script type=\"application\/ld+json\" class=\"yoast-schema-graph\">{\"@context\":\"https:\\\/\\\/schema.org\",\"@graph\":[{\"@type\":\"Article\",\"@id\":\"https:\\\/\\\/elregionalvm.com.ar\\\/noticias-villa-maria\\\/la-agencia-competitividad-cordoba-cofinancia-becas-en-japon-para-directivos-y-lideres-de-empresas\\\/#article\",\"isPartOf\":{\"@id\":\"https:\\\/\\\/elregionalvm.com.ar\\\/noticias-villa-maria\\\/la-agencia-competitividad-cordoba-cofinancia-becas-en-japon-para-directivos-y-lideres-de-empresas\\\/\"},\"author\":{\"name\":\"Contenidos El Regional\",\"@id\":\"http:\\\/\\\/elregionalvm.com.ar\\\/noticias-villa-maria\\\/#\\\/schema\\\/person\\\/a0fb9c422317faca23d50163151bc354\"},\"headline\":\"La Agencia Competitividad C\u00f3rdoba cofinancia becas en Jap\u00f3n para directivos y l\u00edderes de empresas\",\"datePublished\":\"2023-11-25T15:35:10+00:00\",\"dateModified\":\"2023-11-25T15:35:11+00:00\",\"mainEntityOfPage\":{\"@id\":\"https:\\\/\\\/elregionalvm.com.ar\\\/noticias-villa-maria\\\/la-agencia-competitividad-cordoba-cofinancia-becas-en-japon-para-directivos-y-lideres-de-empresas\\\/\"},\"wordCount\":714,\"commentCount\":0,\"image\":{\"@id\":\"https:\\\/\\\/elregionalvm.com.ar\\\/noticias-villa-maria\\\/la-agencia-competitividad-cordoba-cofinancia-becas-en-japon-para-directivos-y-lideres-de-empresas\\\/#primaryimage\"},\"thumbnailUrl\":\"https:\\\/\\\/i0.wp.com\\\/elregionalvm.com.ar\\\/noticias-villa-maria\\\/wp-content\\\/uploads\\\/2023\\\/11\\\/WhatsApp-Image-2023-11-24-at-12.53.43-1536x864-1.jpeg?fit=1536%2C864&ssl=1\",\"articleSection\":[\"destacado\",\"Provinciales\",\"Sociedad\"],\"inLanguage\":\"es\",\"potentialAction\":[{\"@type\":\"CommentAction\",\"name\":\"Comment\",\"target\":[\"https:\\\/\\\/elregionalvm.com.ar\\\/noticias-villa-maria\\\/la-agencia-competitividad-cordoba-cofinancia-becas-en-japon-para-directivos-y-lideres-de-empresas\\\/#respond\"]}]},{\"@type\":\"WebPage\",\"@id\":\"https:\\\/\\\/elregionalvm.com.ar\\\/noticias-villa-maria\\\/la-agencia-competitividad-cordoba-cofinancia-becas-en-japon-para-directivos-y-lideres-de-empresas\\\/\",\"url\":\"https:\\\/\\\/elregionalvm.com.ar\\\/noticias-villa-maria\\\/la-agencia-competitividad-cordoba-cofinancia-becas-en-japon-para-directivos-y-lideres-de-empresas\\\/\",\"name\":\"La Agencia Competitividad C\u00f3rdoba cofinancia becas en Jap\u00f3n para directivos y l\u00edderes de empresas - El Regional\",\"isPartOf\":{\"@id\":\"http:\\\/\\\/elregionalvm.com.ar\\\/noticias-villa-maria\\\/#website\"},\"primaryImageOfPage\":{\"@id\":\"https:\\\/\\\/elregionalvm.com.ar\\\/noticias-villa-maria\\\/la-agencia-competitividad-cordoba-cofinancia-becas-en-japon-para-directivos-y-lideres-de-empresas\\\/#primaryimage\"},\"image\":{\"@id\":\"https:\\\/\\\/elregionalvm.com.ar\\\/noticias-villa-maria\\\/la-agencia-competitividad-cordoba-cofinancia-becas-en-japon-para-directivos-y-lideres-de-empresas\\\/#primaryimage\"},\"thumbnailUrl\":\"https:\\\/\\\/i0.wp.com\\\/elregionalvm.com.ar\\\/noticias-villa-maria\\\/wp-content\\\/uploads\\\/2023\\\/11\\\/WhatsApp-Image-2023-11-24-at-12.53.43-1536x864-1.jpeg?fit=1536%2C864&ssl=1\",\"datePublished\":\"2023-11-25T15:35:10+00:00\",\"dateModified\":\"2023-11-25T15:35:11+00:00\",\"author\":{\"@id\":\"http:\\\/\\\/elregionalvm.com.ar\\\/noticias-villa-maria\\\/#\\\/schema\\\/person\\\/a0fb9c422317faca23d50163151bc354\"},\"breadcrumb\":{\"@id\":\"https:\\\/\\\/elregionalvm.com.ar\\\/noticias-villa-maria\\\/la-agencia-competitividad-cordoba-cofinancia-becas-en-japon-para-directivos-y-lideres-de-empresas\\\/#breadcrumb\"},\"inLanguage\":\"es\",\"potentialAction\":[{\"@type\":\"ReadAction\",\"target\":[\"https:\\\/\\\/elregionalvm.com.ar\\\/noticias-villa-maria\\\/la-agencia-competitividad-cordoba-cofinancia-becas-en-japon-para-directivos-y-lideres-de-empresas\\\/\"]}]},{\"@type\":\"ImageObject\",\"inLanguage\":\"es\",\"@id\":\"https:\\\/\\\/elregionalvm.com.ar\\\/noticias-villa-maria\\\/la-agencia-competitividad-cordoba-cofinancia-becas-en-japon-para-directivos-y-lideres-de-empresas\\\/#primaryimage\",\"url\":\"https:\\\/\\\/i0.wp.com\\\/elregionalvm.com.ar\\\/noticias-villa-maria\\\/wp-content\\\/uploads\\\/2023\\\/11\\\/WhatsApp-Image-2023-11-24-at-12.53.43-1536x864-1.jpeg?fit=1536%2C864&ssl=1\",\"contentUrl\":\"https:\\\/\\\/i0.wp.com\\\/elregionalvm.com.ar\\\/noticias-villa-maria\\\/wp-content\\\/uploads\\\/2023\\\/11\\\/WhatsApp-Image-2023-11-24-at-12.53.43-1536x864-1.jpeg?fit=1536%2C864&ssl=1\",\"width\":1536,\"height\":864},{\"@type\":\"BreadcrumbList\",\"@id\":\"https:\\\/\\\/elregionalvm.com.ar\\\/noticias-villa-maria\\\/la-agencia-competitividad-cordoba-cofinancia-becas-en-japon-para-directivos-y-lideres-de-empresas\\\/#breadcrumb\",\"itemListElement\":[{\"@type\":\"ListItem\",\"position\":1,\"name\":\"Portada\",\"item\":\"https:\\\/\\\/elregionalvm.com.ar\\\/noticias-villa-maria\\\/\"},{\"@type\":\"ListItem\",\"position\":2,\"name\":\"La Agencia Competitividad C\u00f3rdoba cofinancia becas en Jap\u00f3n para directivos y l\u00edderes de empresas\"}]},{\"@type\":\"WebSite\",\"@id\":\"http:\\\/\\\/elregionalvm.com.ar\\\/noticias-villa-maria\\\/#website\",\"url\":\"http:\\\/\\\/elregionalvm.com.ar\\\/noticias-villa-maria\\\/\",\"name\":\"El Regional\",\"description\":\"Mucho m\u00e1s que informaci\u00f3n\",\"potentialAction\":[{\"@type\":\"SearchAction\",\"target\":{\"@type\":\"EntryPoint\",\"urlTemplate\":\"http:\\\/\\\/elregionalvm.com.ar\\\/noticias-villa-maria\\\/?s={search_term_string}\"},\"query-input\":{\"@type\":\"PropertyValueSpecification\",\"valueRequired\":true,\"valueName\":\"search_term_string\"}}],\"inLanguage\":\"es\"},{\"@type\":\"Person\",\"@id\":\"http:\\\/\\\/elregionalvm.com.ar\\\/noticias-villa-maria\\\/#\\\/schema\\\/person\\\/a0fb9c422317faca23d50163151bc354\",\"name\":\"Contenidos El Regional\",\"image\":{\"@type\":\"ImageObject\",\"inLanguage\":\"es\",\"@id\":\"https:\\\/\\\/secure.gravatar.com\\\/avatar\\\/265b27cb2209af7bb3a1318f03305787d7981a5cc6e6cd08fe5a4ecdf99d4b48?s=96&d=mm&r=g\",\"url\":\"https:\\\/\\\/secure.gravatar.com\\\/avatar\\\/265b27cb2209af7bb3a1318f03305787d7981a5cc6e6cd08fe5a4ecdf99d4b48?s=96&d=mm&r=g\",\"contentUrl\":\"https:\\\/\\\/secure.gravatar.com\\\/avatar\\\/265b27cb2209af7bb3a1318f03305787d7981a5cc6e6cd08fe5a4ecdf99d4b48?s=96&d=mm&r=g\",\"caption\":\"Contenidos El Regional\"},\"url\":\"https:\\\/\\\/elregionalvm.com.ar\\\/noticias-villa-maria\\\/author\\\/contenido\\\/\"}]}<\/script>\n<!-- \/ Yoast SEO plugin. -->","yoast_head_json":{"title":"La Agencia Competitividad C\u00f3rdoba cofinancia becas en Jap\u00f3n para directivos y l\u00edderes de empresas - El Regional","robots":{"index":"index","follow":"follow","max-snippet":"max-snippet:-1","max-image-preview":"max-image-preview:large","max-video-preview":"max-video-preview:-1"},"canonical":"https:\/\/elregionalvm.com.ar\/noticias-villa-maria\/la-agencia-competitividad-cordoba-cofinancia-becas-en-japon-para-directivos-y-lideres-de-empresas\/","og_locale":"es_ES","og_type":"article","og_title":"La Agencia Competitividad C\u00f3rdoba cofinancia becas en Jap\u00f3n para directivos y l\u00edderes de empresas - El Regional","og_description":"La&nbsp;Agencia Competitividad C\u00f3rdoba&nbsp;acompa\u00f1a a altos directivos y l\u00edderes de empresas locales que quieran acceder a las becas de formaci\u00f3n que otorga&nbsp;AOTS Jap\u00f3n, la mayor organizaci\u00f3n de cooperaci\u00f3n econ\u00f3mica internacional de base privada de ese pa\u00eds, que promueve la colaboraci\u00f3n t\u00e9cnica a trav\u00e9s de programas de capacitaci\u00f3n en dicho pa\u00eds y en el extranjero. A partir [&hellip;]","og_url":"https:\/\/elregionalvm.com.ar\/noticias-villa-maria\/la-agencia-competitividad-cordoba-cofinancia-becas-en-japon-para-directivos-y-lideres-de-empresas\/","og_site_name":"El Regional","article_publisher":"https:\/\/www.facebook.com\/elregionalvm","article_published_time":"2023-11-25T15:35:10+00:00","article_modified_time":"2023-11-25T15:35:11+00:00","og_image":[{"width":1536,"height":864,"url":"https:\/\/elregionalvm.com.ar\/noticias-villa-maria\/wp-content\/uploads\/2023\/11\/WhatsApp-Image-2023-11-24-at-12.53.43-1536x864-1.jpeg","type":"image\/jpeg"}],"author":"Contenidos El Regional","twitter_card":"summary_large_image","twitter_creator":"@elregionalvm1","twitter_site":"@elregionalvm1","twitter_misc":{"Escrito por":"Contenidos El Regional","Tiempo de lectura":"3 minutos"},"schema":{"@context":"https:\/\/schema.org","@graph":[{"@type":"Article","@id":"https:\/\/elregionalvm.com.ar\/noticias-villa-maria\/la-agencia-competitividad-cordoba-cofinancia-becas-en-japon-para-directivos-y-lideres-de-empresas\/#article","isPartOf":{"@id":"https:\/\/elregionalvm.com.ar\/noticias-villa-maria\/la-agencia-competitividad-cordoba-cofinancia-becas-en-japon-para-directivos-y-lideres-de-empresas\/"},"author":{"name":"Contenidos El Regional","@id":"http:\/\/elregionalvm.com.ar\/noticias-villa-maria\/#\/schema\/person\/a0fb9c422317faca23d50163151bc354"},"headline":"La Agencia Competitividad C\u00f3rdoba cofinancia becas en Jap\u00f3n para directivos y l\u00edderes de empresas","datePublished":"2023-11-25T15:35:10+00:00","dateModified":"2023-11-25T15:35:11+00:00","mainEntityOfPage":{"@id":"https:\/\/elregionalvm.com.ar\/noticias-villa-maria\/la-agencia-competitividad-cordoba-cofinancia-becas-en-japon-para-directivos-y-lideres-de-empresas\/"},"wordCount":714,"commentCount":0,"image":{"@id":"https:\/\/elregionalvm.com.ar\/noticias-villa-maria\/la-agencia-competitividad-cordoba-cofinancia-becas-en-japon-para-directivos-y-lideres-de-empresas\/#primaryimage"},"thumbnailUrl":"https:\/\/i0.wp.com\/elregionalvm.com.ar\/noticias-villa-maria\/wp-content\/uploads\/2023\/11\/WhatsApp-Image-2023-11-24-at-12.53.43-1536x864-1.jpeg?fit=1536%2C864&ssl=1","articleSection":["destacado","Provinciales","Sociedad"],"inLanguage":"es","potentialAction":[{"@type":"CommentAction","name":"Comment","target":["https:\/\/elregionalvm.com.ar\/noticias-villa-maria\/la-agencia-competitividad-cordoba-cofinancia-becas-en-japon-para-directivos-y-lideres-de-empresas\/#respond"]}]},{"@type":"WebPage","@id":"https:\/\/elregionalvm.com.ar\/noticias-villa-maria\/la-agencia-competitividad-cordoba-cofinancia-becas-en-japon-para-directivos-y-lideres-de-empresas\/","url":"https:\/\/elregionalvm.com.ar\/noticias-villa-maria\/la-agencia-competitividad-cordoba-cofinancia-becas-en-japon-para-directivos-y-lideres-de-empresas\/","name":"La Agencia Competitividad C\u00f3rdoba cofinancia becas en Jap\u00f3n para directivos y l\u00edderes de empresas - El Regional","isPartOf":{"@id":"http:\/\/elregionalvm.com.ar\/noticias-villa-maria\/#website"},"primaryImageOfPage":{"@id":"https:\/\/elregionalvm.com.ar\/noticias-villa-maria\/la-agencia-competitividad-cordoba-cofinancia-becas-en-japon-para-directivos-y-lideres-de-empresas\/#primaryimage"},"image":{"@id":"https:\/\/elregionalvm.com.ar\/noticias-villa-maria\/la-agencia-competitividad-cordoba-cofinancia-becas-en-japon-para-directivos-y-lideres-de-empresas\/#primaryimage"},"thumbnailUrl":"https:\/\/i0.wp.com\/elregionalvm.com.ar\/noticias-villa-maria\/wp-content\/uploads\/2023\/11\/WhatsApp-Image-2023-11-24-at-12.53.43-1536x864-1.jpeg?fit=1536%2C864&ssl=1","datePublished":"2023-11-25T15:35:10+00:00","dateModified":"2023-11-25T15:35:11+00:00","author":{"@id":"http:\/\/elregionalvm.com.ar\/noticias-villa-maria\/#\/schema\/person\/a0fb9c422317faca23d50163151bc354"},"breadcrumb":{"@id":"https:\/\/elregionalvm.com.ar\/noticias-villa-maria\/la-agencia-competitividad-cordoba-cofinancia-becas-en-japon-para-directivos-y-lideres-de-empresas\/#breadcrumb"},"inLanguage":"es","potentialAction":[{"@type":"ReadAction","target":["https:\/\/elregionalvm.com.ar\/noticias-villa-maria\/la-agencia-competitividad-cordoba-cofinancia-becas-en-japon-para-directivos-y-lideres-de-empresas\/"]}]},{"@type":"ImageObject","inLanguage":"es","@id":"https:\/\/elregionalvm.com.ar\/noticias-villa-maria\/la-agencia-competitividad-cordoba-cofinancia-becas-en-japon-para-directivos-y-lideres-de-empresas\/#primaryimage","url":"https:\/\/i0.wp.com\/elregionalvm.com.ar\/noticias-villa-maria\/wp-content\/uploads\/2023\/11\/WhatsApp-Image-2023-11-24-at-12.53.43-1536x864-1.jpeg?fit=1536%2C864&ssl=1","contentUrl":"https:\/\/i0.wp.com\/elregionalvm.com.ar\/noticias-villa-maria\/wp-content\/uploads\/2023\/11\/WhatsApp-Image-2023-11-24-at-12.53.43-1536x864-1.jpeg?fit=1536%2C864&ssl=1","width":1536,"height":864},{"@type":"BreadcrumbList","@id":"https:\/\/elregionalvm.com.ar\/noticias-villa-maria\/la-agencia-competitividad-cordoba-cofinancia-becas-en-japon-para-directivos-y-lideres-de-empresas\/#breadcrumb","itemListElement":[{"@type":"ListItem","position":1,"name":"Portada","item":"https:\/\/elregionalvm.com.ar\/noticias-villa-maria\/"},{"@type":"ListItem","position":2,"name":"La Agencia Competitividad C\u00f3rdoba cofinancia becas en Jap\u00f3n para directivos y l\u00edderes de empresas"}]},{"@type":"WebSite","@id":"http:\/\/elregionalvm.com.ar\/noticias-villa-maria\/#website","url":"http:\/\/elregionalvm.com.ar\/noticias-villa-maria\/","name":"El Regional","description":"Mucho m\u00e1s que informaci\u00f3n","potentialAction":[{"@type":"SearchAction","target":{"@type":"EntryPoint","urlTemplate":"http:\/\/elregionalvm.com.ar\/noticias-villa-maria\/?s={search_term_string}"},"query-input":{"@type":"PropertyValueSpecification","valueRequired":true,"valueName":"search_term_string"}}],"inLanguage":"es"},{"@type":"Person","@id":"http:\/\/elregionalvm.com.ar\/noticias-villa-maria\/#\/schema\/person\/a0fb9c422317faca23d50163151bc354","name":"Contenidos El Regional","image":{"@type":"ImageObject","inLanguage":"es","@id":"https:\/\/secure.gravatar.com\/avatar\/265b27cb2209af7bb3a1318f03305787d7981a5cc6e6cd08fe5a4ecdf99d4b48?s=96&d=mm&r=g","url":"https:\/\/secure.gravatar.com\/avatar\/265b27cb2209af7bb3a1318f03305787d7981a5cc6e6cd08fe5a4ecdf99d4b48?s=96&d=mm&r=g","contentUrl":"https:\/\/secure.gravatar.com\/avatar\/265b27cb2209af7bb3a1318f03305787d7981a5cc6e6cd08fe5a4ecdf99d4b48?s=96&d=mm&r=g","caption":"Contenidos El Regional"},"url":"https:\/\/elregionalvm.com.ar\/noticias-villa-maria\/author\/contenido\/"}]}},"jetpack_sharing_enabled":true,"jetpack_featured_media_url":"https:\/\/i0.wp.com\/elregionalvm.com.ar\/noticias-villa-maria\/wp-content\/uploads\/2023\/11\/WhatsApp-Image-2023-11-24-at-12.53.43-1536x864-1.jpeg?fit=1536%2C864&ssl=1","_links":{"self":[{"href":"https:\/\/elregionalvm.com.ar\/noticias-villa-maria\/wp-json\/wp\/v2\/posts\/86317","targetHints":{"allow":["GET"]}}],"collection":[{"href":"https:\/\/elregionalvm.com.ar\/noticias-villa-maria\/wp-json\/wp\/v2\/posts"}],"about":[{"href":"https:\/\/elregionalvm.com.ar\/noticias-villa-maria\/wp-json\/wp\/v2\/types\/post"}],"author":[{"embeddable":true,"href":"https:\/\/elregionalvm.com.ar\/noticias-villa-maria\/wp-json\/wp\/v2\/users\/4"}],"replies":[{"embeddable":true,"href":"https:\/\/elregionalvm.com.ar\/noticias-villa-maria\/wp-json\/wp\/v2\/comments?post=86317"}],"version-history":[{"count":1,"href":"https:\/\/elregionalvm.com.ar\/noticias-villa-maria\/wp-json\/wp\/v2\/posts\/86317\/revisions"}],"predecessor-version":[{"id":86320,"href":"https:\/\/elregionalvm.com.ar\/noticias-villa-maria\/wp-json\/wp\/v2\/posts\/86317\/revisions\/86320"}],"wp:featuredmedia":[{"embeddable":true,"href":"https:\/\/elregionalvm.com.ar\/noticias-villa-maria\/wp-json\/wp\/v2\/media\/86319"}],"wp:attachment":[{"href":"https:\/\/elregionalvm.com.ar\/noticias-villa-maria\/wp-json\/wp\/v2\/media?parent=86317"}],"wp:term":[{"taxonomy":"category","embeddable":true,"href":"https:\/\/elregionalvm.com.ar\/noticias-villa-maria\/wp-json\/wp\/v2\/categories?post=86317"},{"taxonomy":"post_tag","embeddable":true,"href":"https:\/\/elregionalvm.com.ar\/noticias-villa-maria\/wp-json\/wp\/v2\/tags?post=86317"}],"curies":[{"name":"wp","href":"https:\/\/api.w.org\/{rel}","templated":true}]}}