{"id":86390,"date":"2023-11-28T03:13:46","date_gmt":"2023-11-28T03:13:46","guid":{"rendered":"https:\/\/elregionalvm.com.ar\/noticias-villa-maria\/?p=86390"},"modified":"2023-12-01T01:12:55","modified_gmt":"2023-12-01T01:12:55","slug":"opinion-el-sistema-previsional-no-necesita-ajuste-sino-orden","status":"publish","type":"post","link":"https:\/\/elregionalvm.com.ar\/noticias-villa-maria\/opinion-el-sistema-previsional-no-necesita-ajuste-sino-orden\/","title":{"rendered":"[Opini\u00f3n] El sistema previsional no necesita ajuste sino orden"},"content":{"rendered":"\n<p><\/p>\n\n\n\n<h3 class=\"wp-block-heading\"><strong>El dispositivo institucional que m\u00e1s compromete el funcionamiento de las sociedades modernas es el previsional. Al ser derechos vitalicios, decisiones que se tomaron en el pasado, generan compromisos fiscales en el presente. Con el ordenamiento previsional se pueden mejorar los resultados a futuro.<\/strong><\/h3>\n\n\n\n<p><\/p>\n\n\n\n<p>La previsi\u00f3n social en Argentina no constituye un sistema. El denominado Sistema Integrado Previsional Argentino (SIPA) est\u00e1 concebido como r\u00e9gimen general.<\/p>\n\n\n\n<p>Pero en su interior operan reg\u00edmenes especiales con beneficios superiores y reg\u00edmenes diferenciales con menor edad de retiro.<\/p>\n\n\n\n<p>En paralelo al SIPA, y con escasa articulaci\u00f3n, operan 13 cajas provinciales, 29 cajas municipales, 82 cajas de profesionales, 2 cajas de bancos p\u00fablicos y cajas complementarias.<\/p>\n\n\n\n<p><\/p>\n\n\n\n<figure class=\"wp-block-image size-large\"><img data-recalc-dims=\"1\" fetchpriority=\"high\" decoding=\"async\" width=\"1024\" height=\"575\" src=\"https:\/\/i0.wp.com\/elregionalvm.com.ar\/noticias-villa-maria\/wp-content\/uploads\/2022\/05\/anses-jubilados.jpg?resize=1024%2C575&#038;ssl=1\" alt=\"\" class=\"wp-image-57962\" srcset=\"https:\/\/i0.wp.com\/elregionalvm.com.ar\/noticias-villa-maria\/wp-content\/uploads\/2022\/05\/anses-jubilados.jpg?resize=1024%2C575&amp;ssl=1 1024w, https:\/\/i0.wp.com\/elregionalvm.com.ar\/noticias-villa-maria\/wp-content\/uploads\/2022\/05\/anses-jubilados.jpg?resize=300%2C169&amp;ssl=1 300w, https:\/\/i0.wp.com\/elregionalvm.com.ar\/noticias-villa-maria\/wp-content\/uploads\/2022\/05\/anses-jubilados.jpg?resize=768%2C431&amp;ssl=1 768w, https:\/\/i0.wp.com\/elregionalvm.com.ar\/noticias-villa-maria\/wp-content\/uploads\/2022\/05\/anses-jubilados.jpg?w=1440&amp;ssl=1 1440w\" sizes=\"(max-width: 1000px) 100vw, 1000px\" \/><\/figure>\n\n\n\n<p><\/p>\n\n\n\n<p>En general, las cajas que no pertenecen al SIPA tienen reglas m\u00e1s beneficiosas y, dentro de ellas, tambi\u00e9n hay reg\u00edmenes especiales. La suma da como resultado cerca de 240 reg\u00edmenes que pagan unos 10 millones de jubilaciones y pensiones.<\/p>\n\n\n\n<p>La fragmentaci\u00f3n produce informaci\u00f3n dispersa e insuficiente, tratamientos diferentes para personas en iguales situaciones, arbitrariedades y litigiosidad masiva.<\/p>\n\n\n\n<p>La Argentina es de los pocos pa\u00edses que tiene una rama especializada del derecho y una institucionalidad judicial espec\u00edfica para tratar juicios previsionales. Una particularidad muy importante es que los beneficios jubilatorios son derechos vitalicios cuya actualizaci\u00f3n est\u00e1 protegida en la Constituci\u00f3n. Por lo tanto, las decisiones en materia previsional generan compromisos financieros para el Estado con impacto en el largo plazo.&nbsp;<\/p>\n\n\n\n<p><strong>\u00bfEs financieramente sustentable este desorden?<\/strong><\/p>\n\n\n\n<p>Datos para responder surgen de un estudio actuarial desarrollado en IDESA sobre el r\u00e9gimen general del SIPA (es decir, sin incluir reg\u00edmenes especiales y diferenciales). Seg\u00fan este estudio, si se mantienen las actuales reglas jubilatorias, el comportamiento del gasto previsional ser\u00eda el siguiente:<\/p>\n\n\n\n<ul class=\"wp-block-list\">\n<li>El gasto previsional del SIPA en el 2023 ronda el 7,2% del PBI.<\/li>\n<\/ul>\n\n\n\n<ul class=\"wp-block-list\">\n<li>En el 2035 aumentar\u00eda al 7,5% del PBI.<\/li>\n<\/ul>\n\n\n\n<ul class=\"wp-block-list\">\n<li>En el 2045 llegar\u00eda a 8,5% del PBI.<\/li>\n<\/ul>\n\n\n\n<p><\/p>\n\n\n\n<figure class=\"wp-block-image\"><img data-recalc-dims=\"1\" decoding=\"async\" src=\"https:\/\/i0.wp.com\/idesa.org\/wp-content\/uploads\/2023\/11\/Captura-de-pantalla-2023-11-26-a-las-13.06.22.png?ssl=1\" alt=\"\"\/><\/figure>\n\n\n\n<p><\/p>\n\n\n\n<p>Estos datos muestran que, aun recuperando el crecimiento econ\u00f3mico (las proyecciones asumen un crecimiento de 3% acumulativo anual), con las reglas previsionales actuales el gasto previsional tiende a crecer, aun suponiendo que no se siguen renovando las moratorias.<\/p>\n\n\n\n<p>Esto colisiona con el prop\u00f3sito de tener un Estado solvente para eliminar la inflaci\u00f3n y promover el crecimiento econ\u00f3mico. Por eso, cambiar la tendencia del gasto previsional es un tema estrat\u00e9gico.<\/p>\n\n\n\n<p><strong>Ordenar el sistema<\/strong><\/p>\n\n\n\n<p>Ante el crecimiento del gasto, la tradici\u00f3n viene siendo aplicar ajustes. Es decir, manipular la movilidad para que los haberes se actualicen por debajo de la inflaci\u00f3n. M\u00e1s all\u00e1 de los cuestionamientos sociales y \u00e9ticos que esto supone, la licuaci\u00f3n con inflaci\u00f3n no resuelve el d\u00e9ficit previsional.<\/p>\n\n\n\n<p>Permite bajar el gasto en el corto plazo a costa de aumentar el gasto futuro cuando haya que pagar los juicios de esta ilegal licuaci\u00f3n de haberes. El actual gobierno, por ejemplo, ajust\u00f3 el gasto previsional con inflaci\u00f3n en un 1% del PBI.<\/p>\n\n\n\n<p>Las soluciones pasan por el ordenamiento previsional. Por un lado, respetar los derechos adquiridos de los actuales jubilados. Por el otro, adaptar las normas previsionales para que sean cumplibles en el futuro.<\/p>\n\n\n\n<p><\/p>\n\n\n\n<figure class=\"wp-block-image size-large\"><img data-recalc-dims=\"1\" decoding=\"async\" width=\"1024\" height=\"560\" src=\"https:\/\/i0.wp.com\/elregionalvm.com.ar\/noticias-villa-maria\/wp-content\/uploads\/2022\/11\/Banco-cola-cobro-jubilados.jpg?resize=1024%2C560&#038;ssl=1\" alt=\"\" class=\"wp-image-67985\" srcset=\"https:\/\/i0.wp.com\/elregionalvm.com.ar\/noticias-villa-maria\/wp-content\/uploads\/2022\/11\/Banco-cola-cobro-jubilados.jpg?resize=1024%2C560&amp;ssl=1 1024w, https:\/\/i0.wp.com\/elregionalvm.com.ar\/noticias-villa-maria\/wp-content\/uploads\/2022\/11\/Banco-cola-cobro-jubilados.jpg?resize=300%2C164&amp;ssl=1 300w, https:\/\/i0.wp.com\/elregionalvm.com.ar\/noticias-villa-maria\/wp-content\/uploads\/2022\/11\/Banco-cola-cobro-jubilados.jpg?resize=768%2C420&amp;ssl=1 768w, https:\/\/i0.wp.com\/elregionalvm.com.ar\/noticias-villa-maria\/wp-content\/uploads\/2022\/11\/Banco-cola-cobro-jubilados.jpg?w=1200&amp;ssl=1 1200w\" sizes=\"(max-width: 1000px) 100vw, 1000px\" \/><\/figure>\n\n\n\n<p><\/p>\n\n\n\n<p>Esto no solo es decisivo para lograr una macroeconom\u00eda sana, sino tambi\u00e9n para darle previsibilidad a los trabajadores activos sobre cu\u00e1les ser\u00e1n sus derechos cuando lleguen a la edad de retiro.<\/p>\n\n\n\n<p>Dicho de otra manera, no caer nuevamente en la tentaci\u00f3n de aplicar ajustes para lograr impactos de corto plazo sino revisar las reglas jubilatorias para que en el futuro sean cumplibles.<\/p>\n\n\n\n<p><\/p>\n\n\n\n<h3 class=\"wp-block-heading\"><strong>Informe: Idesa<\/strong><\/h3>\n\n\n\n<p><\/p>\n\n\n\n<figure class=\"wp-block-embed is-type-wp-embed is-provider-el-regional wp-block-embed-el-regional\"><div class=\"wp-block-embed__wrapper\">\n<blockquote class=\"wp-embedded-content\" data-secret=\"D2c7IMhem8\"><a href=\"https:\/\/elregionalvm.com.ar\/noticias-villa-maria\/opinion-el-indec-refleja-solo-una-parte-de-la-inflacion\/\">[Opini\u00f3n] El INDEC refleja solo una parte de la inflaci\u00f3n<\/a><\/blockquote><iframe class=\"wp-embedded-content\" sandbox=\"allow-scripts\" security=\"restricted\" style=\"position: absolute; clip: rect(1px, 1px, 1px, 1px);\" title=\"\u00ab[Opini\u00f3n] El INDEC refleja solo una parte de la inflaci\u00f3n\u00bb \u2014 El Regional\" src=\"https:\/\/elregionalvm.com.ar\/noticias-villa-maria\/opinion-el-indec-refleja-solo-una-parte-de-la-inflacion\/embed\/#?secret=oP9pdbi6Wr#?secret=D2c7IMhem8\" data-secret=\"D2c7IMhem8\" width=\"500\" height=\"282\" frameborder=\"0\" marginwidth=\"0\" marginheight=\"0\" scrolling=\"no\"><\/iframe>\n<\/div><\/figure>\n","protected":false},"excerpt":{"rendered":"<p>El dispositivo institucional que m\u00e1s compromete el funcionamiento de las sociedades modernas es el previsional. Al ser derechos vitalicios, decisiones que se tomaron en el pasado, generan compromisos fiscales en el presente. Con el ordenamiento previsional se pueden mejorar los resultados a futuro. La previsi\u00f3n social en Argentina no constituye un sistema. El denominado Sistema [&hellip;]<\/p>\n","protected":false},"author":4,"featured_media":41360,"comment_status":"open","ping_status":"open","sticky":false,"template":"","format":"standard","meta":{"site-sidebar-layout":"default","site-content-layout":"","ast-site-content-layout":"default","site-content-style":"default","site-sidebar-style":"default","ast-global-header-display":"","ast-banner-title-visibility":"","ast-main-header-display":"","ast-hfb-above-header-display":"","ast-hfb-below-header-display":"","ast-hfb-mobile-header-display":"","site-post-title":"","ast-breadcrumbs-content":"","ast-featured-img":"","footer-sml-layout":"","ast-disable-related-posts":"","theme-transparent-header-meta":"","adv-header-id-meta":"","stick-header-meta":"","header-above-stick-meta":"","header-main-stick-meta":"","header-below-stick-meta":"","astra-migrate-meta-layouts":"set","ast-page-background-enabled":"default","ast-page-background-meta":{"desktop":{"background-color":"","background-image":"","background-repeat":"repeat","background-position":"center center","background-size":"auto","background-attachment":"scroll","background-type":"","background-media":"","overlay-type":"","overlay-color":"","overlay-opacity":"","overlay-gradient":""},"tablet":{"background-color":"","background-image":"","background-repeat":"repeat","background-position":"center center","background-size":"auto","background-attachment":"scroll","background-type":"","background-media":"","overlay-type":"","overlay-color":"","overlay-opacity":"","overlay-gradient":""},"mobile":{"background-color":"","background-image":"","background-repeat":"repeat","background-position":"center center","background-size":"auto","background-attachment":"scroll","background-type":"","background-media":"","overlay-type":"","overlay-color":"","overlay-opacity":"","overlay-gradient":""}},"ast-content-background-meta":{"desktop":{"background-color":"var(--ast-global-color-5)","background-image":"","background-repeat":"repeat","background-position":"center center","background-size":"auto","background-attachment":"scroll","background-type":"","background-media":"","overlay-type":"","overlay-color":"","overlay-opacity":"","overlay-gradient":""},"tablet":{"background-color":"var(--ast-global-color-5)","background-image":"","background-repeat":"repeat","background-position":"center center","background-size":"auto","background-attachment":"scroll","background-type":"","background-media":"","overlay-type":"","overlay-color":"","overlay-opacity":"","overlay-gradient":""},"mobile":{"background-color":"var(--ast-global-color-5)","background-image":"","background-repeat":"repeat","background-position":"center center","background-size":"auto","background-attachment":"scroll","background-type":"","background-media":"","overlay-type":"","overlay-color":"","overlay-opacity":"","overlay-gradient":""}},"_jetpack_memberships_contains_paid_content":false,"_joinchat":[],"footnotes":""},"categories":[365,3557],"tags":[1025,1973,3572,23112,6832,6314],"class_list":["post-86390","post","type-post","status-publish","format-standard","has-post-thumbnail","hentry","category-opinion","category-tercera","tag-ajuste","tag-idesa","tag-jubilaciones","tag-orden","tag-pensiones","tag-sistema-previsional"],"yoast_head":"<!-- This site is optimized with the Yoast SEO plugin v26.8 - https:\/\/yoast.com\/product\/yoast-seo-wordpress\/ -->\n<title>[Opini\u00f3n] El sistema previsional no necesita ajuste sino orden - El Regional<\/title>\n<meta name=\"robots\" content=\"index, follow, max-snippet:-1, max-image-preview:large, max-video-preview:-1\" \/>\n<link rel=\"canonical\" href=\"https:\/\/elregionalvm.com.ar\/noticias-villa-maria\/opinion-el-sistema-previsional-no-necesita-ajuste-sino-orden\/\" \/>\n<meta property=\"og:locale\" content=\"es_ES\" \/>\n<meta property=\"og:type\" content=\"article\" \/>\n<meta property=\"og:title\" content=\"[Opini\u00f3n] El sistema previsional no necesita ajuste sino orden - El Regional\" \/>\n<meta property=\"og:description\" content=\"El dispositivo institucional que m\u00e1s compromete el funcionamiento de las sociedades modernas es el previsional. Al ser derechos vitalicios, decisiones que se tomaron en el pasado, generan compromisos fiscales en el presente. Con el ordenamiento previsional se pueden mejorar los resultados a futuro. La previsi\u00f3n social en Argentina no constituye un sistema. El denominado Sistema [&hellip;]\" \/>\n<meta property=\"og:url\" content=\"https:\/\/elregionalvm.com.ar\/noticias-villa-maria\/opinion-el-sistema-previsional-no-necesita-ajuste-sino-orden\/\" \/>\n<meta property=\"og:site_name\" content=\"El Regional\" \/>\n<meta property=\"article:publisher\" content=\"https:\/\/www.facebook.com\/elregionalvm\" \/>\n<meta property=\"article:published_time\" content=\"2023-11-28T03:13:46+00:00\" \/>\n<meta property=\"article:modified_time\" content=\"2023-12-01T01:12:55+00:00\" \/>\n<meta property=\"og:image\" content=\"https:\/\/elregionalvm.com.ar\/noticias-villa-maria\/wp-content\/uploads\/2021\/07\/Jubilaciones-monedas.jpg\" \/>\n\t<meta property=\"og:image:width\" content=\"1280\" \/>\n\t<meta property=\"og:image:height\" content=\"720\" \/>\n\t<meta property=\"og:image:type\" content=\"image\/jpeg\" \/>\n<meta name=\"author\" content=\"Contenidos El Regional\" \/>\n<meta name=\"twitter:card\" content=\"summary_large_image\" \/>\n<meta name=\"twitter:creator\" content=\"@elregionalvm1\" \/>\n<meta name=\"twitter:site\" content=\"@elregionalvm1\" \/>\n<meta name=\"twitter:label1\" content=\"Escrito por\" \/>\n\t<meta name=\"twitter:data1\" content=\"Contenidos El Regional\" \/>\n\t<meta name=\"twitter:label2\" content=\"Tiempo de lectura\" \/>\n\t<meta name=\"twitter:data2\" content=\"3 minutos\" \/>\n<script type=\"application\/ld+json\" class=\"yoast-schema-graph\">{\"@context\":\"https:\/\/schema.org\",\"@graph\":[{\"@type\":\"Article\",\"@id\":\"https:\/\/elregionalvm.com.ar\/noticias-villa-maria\/opinion-el-sistema-previsional-no-necesita-ajuste-sino-orden\/#article\",\"isPartOf\":{\"@id\":\"https:\/\/elregionalvm.com.ar\/noticias-villa-maria\/opinion-el-sistema-previsional-no-necesita-ajuste-sino-orden\/\"},\"author\":{\"name\":\"Contenidos El Regional\",\"@id\":\"http:\/\/elregionalvm.com.ar\/noticias-villa-maria\/#\/schema\/person\/a0fb9c422317faca23d50163151bc354\"},\"headline\":\"[Opini\u00f3n] El sistema previsional no necesita ajuste sino orden\",\"datePublished\":\"2023-11-28T03:13:46+00:00\",\"dateModified\":\"2023-12-01T01:12:55+00:00\",\"mainEntityOfPage\":{\"@id\":\"https:\/\/elregionalvm.com.ar\/noticias-villa-maria\/opinion-el-sistema-previsional-no-necesita-ajuste-sino-orden\/\"},\"wordCount\":607,\"commentCount\":0,\"image\":{\"@id\":\"https:\/\/elregionalvm.com.ar\/noticias-villa-maria\/opinion-el-sistema-previsional-no-necesita-ajuste-sino-orden\/#primaryimage\"},\"thumbnailUrl\":\"https:\/\/i0.wp.com\/elregionalvm.com.ar\/noticias-villa-maria\/wp-content\/uploads\/2021\/07\/Jubilaciones-monedas.jpg?fit=1280%2C720&ssl=1\",\"keywords\":[\"ajuste\",\"IDESA\",\"Jubilaciones\",\"orden\",\"Pensiones\",\"sistema previsional\"],\"articleSection\":[\"Opini\u00f3n\",\"tercera\"],\"inLanguage\":\"es\",\"potentialAction\":[{\"@type\":\"CommentAction\",\"name\":\"Comment\",\"target\":[\"https:\/\/elregionalvm.com.ar\/noticias-villa-maria\/opinion-el-sistema-previsional-no-necesita-ajuste-sino-orden\/#respond\"]}]},{\"@type\":\"WebPage\",\"@id\":\"https:\/\/elregionalvm.com.ar\/noticias-villa-maria\/opinion-el-sistema-previsional-no-necesita-ajuste-sino-orden\/\",\"url\":\"https:\/\/elregionalvm.com.ar\/noticias-villa-maria\/opinion-el-sistema-previsional-no-necesita-ajuste-sino-orden\/\",\"name\":\"[Opini\u00f3n] El sistema previsional no necesita ajuste sino orden - El Regional\",\"isPartOf\":{\"@id\":\"http:\/\/elregionalvm.com.ar\/noticias-villa-maria\/#website\"},\"primaryImageOfPage\":{\"@id\":\"https:\/\/elregionalvm.com.ar\/noticias-villa-maria\/opinion-el-sistema-previsional-no-necesita-ajuste-sino-orden\/#primaryimage\"},\"image\":{\"@id\":\"https:\/\/elregionalvm.com.ar\/noticias-villa-maria\/opinion-el-sistema-previsional-no-necesita-ajuste-sino-orden\/#primaryimage\"},\"thumbnailUrl\":\"https:\/\/i0.wp.com\/elregionalvm.com.ar\/noticias-villa-maria\/wp-content\/uploads\/2021\/07\/Jubilaciones-monedas.jpg?fit=1280%2C720&ssl=1\",\"datePublished\":\"2023-11-28T03:13:46+00:00\",\"dateModified\":\"2023-12-01T01:12:55+00:00\",\"author\":{\"@id\":\"http:\/\/elregionalvm.com.ar\/noticias-villa-maria\/#\/schema\/person\/a0fb9c422317faca23d50163151bc354\"},\"breadcrumb\":{\"@id\":\"https:\/\/elregionalvm.com.ar\/noticias-villa-maria\/opinion-el-sistema-previsional-no-necesita-ajuste-sino-orden\/#breadcrumb\"},\"inLanguage\":\"es\",\"potentialAction\":[{\"@type\":\"ReadAction\",\"target\":[\"https:\/\/elregionalvm.com.ar\/noticias-villa-maria\/opinion-el-sistema-previsional-no-necesita-ajuste-sino-orden\/\"]}]},{\"@type\":\"ImageObject\",\"inLanguage\":\"es\",\"@id\":\"https:\/\/elregionalvm.com.ar\/noticias-villa-maria\/opinion-el-sistema-previsional-no-necesita-ajuste-sino-orden\/#primaryimage\",\"url\":\"https:\/\/i0.wp.com\/elregionalvm.com.ar\/noticias-villa-maria\/wp-content\/uploads\/2021\/07\/Jubilaciones-monedas.jpg?fit=1280%2C720&ssl=1\",\"contentUrl\":\"https:\/\/i0.wp.com\/elregionalvm.com.ar\/noticias-villa-maria\/wp-content\/uploads\/2021\/07\/Jubilaciones-monedas.jpg?fit=1280%2C720&ssl=1\",\"width\":1280,\"height\":720},{\"@type\":\"BreadcrumbList\",\"@id\":\"https:\/\/elregionalvm.com.ar\/noticias-villa-maria\/opinion-el-sistema-previsional-no-necesita-ajuste-sino-orden\/#breadcrumb\",\"itemListElement\":[{\"@type\":\"ListItem\",\"position\":1,\"name\":\"Portada\",\"item\":\"https:\/\/elregionalvm.com.ar\/noticias-villa-maria\/\"},{\"@type\":\"ListItem\",\"position\":2,\"name\":\"[Opini\u00f3n] El sistema previsional no necesita ajuste sino orden\"}]},{\"@type\":\"WebSite\",\"@id\":\"http:\/\/elregionalvm.com.ar\/noticias-villa-maria\/#website\",\"url\":\"http:\/\/elregionalvm.com.ar\/noticias-villa-maria\/\",\"name\":\"El Regional\",\"description\":\"Mucho m\u00e1s que informaci\u00f3n\",\"potentialAction\":[{\"@type\":\"SearchAction\",\"target\":{\"@type\":\"EntryPoint\",\"urlTemplate\":\"http:\/\/elregionalvm.com.ar\/noticias-villa-maria\/?s={search_term_string}\"},\"query-input\":{\"@type\":\"PropertyValueSpecification\",\"valueRequired\":true,\"valueName\":\"search_term_string\"}}],\"inLanguage\":\"es\"},{\"@type\":\"Person\",\"@id\":\"http:\/\/elregionalvm.com.ar\/noticias-villa-maria\/#\/schema\/person\/a0fb9c422317faca23d50163151bc354\",\"name\":\"Contenidos El Regional\",\"image\":{\"@type\":\"ImageObject\",\"inLanguage\":\"es\",\"@id\":\"http:\/\/elregionalvm.com.ar\/noticias-villa-maria\/#\/schema\/person\/image\/\",\"url\":\"https:\/\/secure.gravatar.com\/avatar\/265b27cb2209af7bb3a1318f03305787d7981a5cc6e6cd08fe5a4ecdf99d4b48?s=96&d=mm&r=g\",\"contentUrl\":\"https:\/\/secure.gravatar.com\/avatar\/265b27cb2209af7bb3a1318f03305787d7981a5cc6e6cd08fe5a4ecdf99d4b48?s=96&d=mm&r=g\",\"caption\":\"Contenidos El Regional\"},\"url\":\"https:\/\/elregionalvm.com.ar\/noticias-villa-maria\/author\/contenido\/\"}]}<\/script>\n<!-- \/ Yoast SEO plugin. -->","yoast_head_json":{"title":"[Opini\u00f3n] El sistema previsional no necesita ajuste sino orden - El Regional","robots":{"index":"index","follow":"follow","max-snippet":"max-snippet:-1","max-image-preview":"max-image-preview:large","max-video-preview":"max-video-preview:-1"},"canonical":"https:\/\/elregionalvm.com.ar\/noticias-villa-maria\/opinion-el-sistema-previsional-no-necesita-ajuste-sino-orden\/","og_locale":"es_ES","og_type":"article","og_title":"[Opini\u00f3n] El sistema previsional no necesita ajuste sino orden - El Regional","og_description":"El dispositivo institucional que m\u00e1s compromete el funcionamiento de las sociedades modernas es el previsional. Al ser derechos vitalicios, decisiones que se tomaron en el pasado, generan compromisos fiscales en el presente. Con el ordenamiento previsional se pueden mejorar los resultados a futuro. La previsi\u00f3n social en Argentina no constituye un sistema. El denominado Sistema [&hellip;]","og_url":"https:\/\/elregionalvm.com.ar\/noticias-villa-maria\/opinion-el-sistema-previsional-no-necesita-ajuste-sino-orden\/","og_site_name":"El Regional","article_publisher":"https:\/\/www.facebook.com\/elregionalvm","article_published_time":"2023-11-28T03:13:46+00:00","article_modified_time":"2023-12-01T01:12:55+00:00","og_image":[{"width":1280,"height":720,"url":"https:\/\/elregionalvm.com.ar\/noticias-villa-maria\/wp-content\/uploads\/2021\/07\/Jubilaciones-monedas.jpg","type":"image\/jpeg"}],"author":"Contenidos El Regional","twitter_card":"summary_large_image","twitter_creator":"@elregionalvm1","twitter_site":"@elregionalvm1","twitter_misc":{"Escrito por":"Contenidos El Regional","Tiempo de lectura":"3 minutos"},"schema":{"@context":"https:\/\/schema.org","@graph":[{"@type":"Article","@id":"https:\/\/elregionalvm.com.ar\/noticias-villa-maria\/opinion-el-sistema-previsional-no-necesita-ajuste-sino-orden\/#article","isPartOf":{"@id":"https:\/\/elregionalvm.com.ar\/noticias-villa-maria\/opinion-el-sistema-previsional-no-necesita-ajuste-sino-orden\/"},"author":{"name":"Contenidos El Regional","@id":"http:\/\/elregionalvm.com.ar\/noticias-villa-maria\/#\/schema\/person\/a0fb9c422317faca23d50163151bc354"},"headline":"[Opini\u00f3n] El sistema previsional no necesita ajuste sino orden","datePublished":"2023-11-28T03:13:46+00:00","dateModified":"2023-12-01T01:12:55+00:00","mainEntityOfPage":{"@id":"https:\/\/elregionalvm.com.ar\/noticias-villa-maria\/opinion-el-sistema-previsional-no-necesita-ajuste-sino-orden\/"},"wordCount":607,"commentCount":0,"image":{"@id":"https:\/\/elregionalvm.com.ar\/noticias-villa-maria\/opinion-el-sistema-previsional-no-necesita-ajuste-sino-orden\/#primaryimage"},"thumbnailUrl":"https:\/\/i0.wp.com\/elregionalvm.com.ar\/noticias-villa-maria\/wp-content\/uploads\/2021\/07\/Jubilaciones-monedas.jpg?fit=1280%2C720&ssl=1","keywords":["ajuste","IDESA","Jubilaciones","orden","Pensiones","sistema previsional"],"articleSection":["Opini\u00f3n","tercera"],"inLanguage":"es","potentialAction":[{"@type":"CommentAction","name":"Comment","target":["https:\/\/elregionalvm.com.ar\/noticias-villa-maria\/opinion-el-sistema-previsional-no-necesita-ajuste-sino-orden\/#respond"]}]},{"@type":"WebPage","@id":"https:\/\/elregionalvm.com.ar\/noticias-villa-maria\/opinion-el-sistema-previsional-no-necesita-ajuste-sino-orden\/","url":"https:\/\/elregionalvm.com.ar\/noticias-villa-maria\/opinion-el-sistema-previsional-no-necesita-ajuste-sino-orden\/","name":"[Opini\u00f3n] El sistema previsional no necesita ajuste sino orden - El Regional","isPartOf":{"@id":"http:\/\/elregionalvm.com.ar\/noticias-villa-maria\/#website"},"primaryImageOfPage":{"@id":"https:\/\/elregionalvm.com.ar\/noticias-villa-maria\/opinion-el-sistema-previsional-no-necesita-ajuste-sino-orden\/#primaryimage"},"image":{"@id":"https:\/\/elregionalvm.com.ar\/noticias-villa-maria\/opinion-el-sistema-previsional-no-necesita-ajuste-sino-orden\/#primaryimage"},"thumbnailUrl":"https:\/\/i0.wp.com\/elregionalvm.com.ar\/noticias-villa-maria\/wp-content\/uploads\/2021\/07\/Jubilaciones-monedas.jpg?fit=1280%2C720&ssl=1","datePublished":"2023-11-28T03:13:46+00:00","dateModified":"2023-12-01T01:12:55+00:00","author":{"@id":"http:\/\/elregionalvm.com.ar\/noticias-villa-maria\/#\/schema\/person\/a0fb9c422317faca23d50163151bc354"},"breadcrumb":{"@id":"https:\/\/elregionalvm.com.ar\/noticias-villa-maria\/opinion-el-sistema-previsional-no-necesita-ajuste-sino-orden\/#breadcrumb"},"inLanguage":"es","potentialAction":[{"@type":"ReadAction","target":["https:\/\/elregionalvm.com.ar\/noticias-villa-maria\/opinion-el-sistema-previsional-no-necesita-ajuste-sino-orden\/"]}]},{"@type":"ImageObject","inLanguage":"es","@id":"https:\/\/elregionalvm.com.ar\/noticias-villa-maria\/opinion-el-sistema-previsional-no-necesita-ajuste-sino-orden\/#primaryimage","url":"https:\/\/i0.wp.com\/elregionalvm.com.ar\/noticias-villa-maria\/wp-content\/uploads\/2021\/07\/Jubilaciones-monedas.jpg?fit=1280%2C720&ssl=1","contentUrl":"https:\/\/i0.wp.com\/elregionalvm.com.ar\/noticias-villa-maria\/wp-content\/uploads\/2021\/07\/Jubilaciones-monedas.jpg?fit=1280%2C720&ssl=1","width":1280,"height":720},{"@type":"BreadcrumbList","@id":"https:\/\/elregionalvm.com.ar\/noticias-villa-maria\/opinion-el-sistema-previsional-no-necesita-ajuste-sino-orden\/#breadcrumb","itemListElement":[{"@type":"ListItem","position":1,"name":"Portada","item":"https:\/\/elregionalvm.com.ar\/noticias-villa-maria\/"},{"@type":"ListItem","position":2,"name":"[Opini\u00f3n] El sistema previsional no necesita ajuste sino orden"}]},{"@type":"WebSite","@id":"http:\/\/elregionalvm.com.ar\/noticias-villa-maria\/#website","url":"http:\/\/elregionalvm.com.ar\/noticias-villa-maria\/","name":"El Regional","description":"Mucho m\u00e1s que informaci\u00f3n","potentialAction":[{"@type":"SearchAction","target":{"@type":"EntryPoint","urlTemplate":"http:\/\/elregionalvm.com.ar\/noticias-villa-maria\/?s={search_term_string}"},"query-input":{"@type":"PropertyValueSpecification","valueRequired":true,"valueName":"search_term_string"}}],"inLanguage":"es"},{"@type":"Person","@id":"http:\/\/elregionalvm.com.ar\/noticias-villa-maria\/#\/schema\/person\/a0fb9c422317faca23d50163151bc354","name":"Contenidos El Regional","image":{"@type":"ImageObject","inLanguage":"es","@id":"http:\/\/elregionalvm.com.ar\/noticias-villa-maria\/#\/schema\/person\/image\/","url":"https:\/\/secure.gravatar.com\/avatar\/265b27cb2209af7bb3a1318f03305787d7981a5cc6e6cd08fe5a4ecdf99d4b48?s=96&d=mm&r=g","contentUrl":"https:\/\/secure.gravatar.com\/avatar\/265b27cb2209af7bb3a1318f03305787d7981a5cc6e6cd08fe5a4ecdf99d4b48?s=96&d=mm&r=g","caption":"Contenidos El Regional"},"url":"https:\/\/elregionalvm.com.ar\/noticias-villa-maria\/author\/contenido\/"}]}},"jetpack_featured_media_url":"https:\/\/i0.wp.com\/elregionalvm.com.ar\/noticias-villa-maria\/wp-content\/uploads\/2021\/07\/Jubilaciones-monedas.jpg?fit=1280%2C720&ssl=1","jetpack_sharing_enabled":true,"_links":{"self":[{"href":"https:\/\/elregionalvm.com.ar\/noticias-villa-maria\/wp-json\/wp\/v2\/posts\/86390","targetHints":{"allow":["GET"]}}],"collection":[{"href":"https:\/\/elregionalvm.com.ar\/noticias-villa-maria\/wp-json\/wp\/v2\/posts"}],"about":[{"href":"https:\/\/elregionalvm.com.ar\/noticias-villa-maria\/wp-json\/wp\/v2\/types\/post"}],"author":[{"embeddable":true,"href":"https:\/\/elregionalvm.com.ar\/noticias-villa-maria\/wp-json\/wp\/v2\/users\/4"}],"replies":[{"embeddable":true,"href":"https:\/\/elregionalvm.com.ar\/noticias-villa-maria\/wp-json\/wp\/v2\/comments?post=86390"}],"version-history":[{"count":2,"href":"https:\/\/elregionalvm.com.ar\/noticias-villa-maria\/wp-json\/wp\/v2\/posts\/86390\/revisions"}],"predecessor-version":[{"id":86392,"href":"https:\/\/elregionalvm.com.ar\/noticias-villa-maria\/wp-json\/wp\/v2\/posts\/86390\/revisions\/86392"}],"wp:featuredmedia":[{"embeddable":true,"href":"https:\/\/elregionalvm.com.ar\/noticias-villa-maria\/wp-json\/wp\/v2\/media\/41360"}],"wp:attachment":[{"href":"https:\/\/elregionalvm.com.ar\/noticias-villa-maria\/wp-json\/wp\/v2\/media?parent=86390"}],"wp:term":[{"taxonomy":"category","embeddable":true,"href":"https:\/\/elregionalvm.com.ar\/noticias-villa-maria\/wp-json\/wp\/v2\/categories?post=86390"},{"taxonomy":"post_tag","embeddable":true,"href":"https:\/\/elregionalvm.com.ar\/noticias-villa-maria\/wp-json\/wp\/v2\/tags?post=86390"}],"curies":[{"name":"wp","href":"https:\/\/api.w.org\/{rel}","templated":true}]}}