{"id":86437,"date":"2023-11-29T17:12:04","date_gmt":"2023-11-29T17:12:04","guid":{"rendered":"https:\/\/elregionalvm.com.ar\/noticias-villa-maria\/?p=86437"},"modified":"2023-12-03T02:47:38","modified_gmt":"2023-12-03T02:47:38","slug":"desde-adentro-marito-campo-sinonimo-de-fiesta-a-puro-cuarteto","status":"publish","type":"post","link":"https:\/\/elregionalvm.com.ar\/noticias-villa-maria\/desde-adentro-marito-campo-sinonimo-de-fiesta-a-puro-cuarteto\/","title":{"rendered":"[Desde Adentro] Marito Campo, sin\u00f3nimo de fiesta en Villa Mar\u00eda y toda la regi\u00f3n"},"content":{"rendered":"\n<p class=\"wp-block-paragraph\"><\/p>\n\n\n\n<h3 class=\"wp-block-heading\"><strong>Mario Alberto Campo (45), cantante cuartetero, conocido por todos como \u201cMarito Campo\u201d. Siempre de buen humor y con una sonrisa, ha sabido ganarse el coraz\u00f3n de la gente en cada espect\u00e1culo y lugar que visita. Inici\u00f3 en la m\u00fasica hace 15 a\u00f1os como solista y actualmente tiene una banda. Le gusta bailar, la cocina y los deportes.<\/strong><\/h3>\n\n\n\n<p class=\"wp-block-paragraph\"><\/p>\n\n\n\n<figure class=\"wp-block-embed is-type-video is-provider-youtube wp-block-embed-youtube wp-embed-aspect-16-9 wp-has-aspect-ratio\"><div class=\"wp-block-embed__wrapper\">\n<iframe title=\"[Desde Adentro] Marito Campo, sin\u00f3nimo de fiesta en Villa Mar\u00eda y toda la regi\u00f3n\" width=\"500\" height=\"281\" src=\"https:\/\/www.youtube.com\/embed\/PQfsesEpFs4?feature=oembed\" frameborder=\"0\" allow=\"accelerometer; autoplay; clipboard-write; encrypted-media; gyroscope; picture-in-picture; web-share\" referrerpolicy=\"strict-origin-when-cross-origin\" allowfullscreen><\/iframe>\n<\/div><\/figure>\n\n\n\n<p class=\"wp-block-paragraph\"><\/p>\n\n\n\n<p class=\"wp-block-paragraph\"><strong>Entrevista: Carolina Durand<\/strong><\/p>\n\n\n\n<p class=\"wp-block-paragraph\"><\/p>\n\n\n\n<p class=\"wp-block-paragraph\"><strong>En los actos escolares, \u00bferas el primero en querer participar en p\u00fablico?<\/strong><\/p>\n\n\n\n<p class=\"wp-block-paragraph\">Para actuar y esas cosas no tanto. Sin embargo, siempre estaba colaborando con mis compa\u00f1eros en todo, de hecho, en la secundaria (en Alto Alegre) fui elegido 3 a\u00f1os consecutivos como mejor compa\u00f1ero y al terminar, me dieron la medalla de Plata.<\/p>\n\n\n\n<p class=\"wp-block-paragraph\"><strong>\u00bfD\u00f3nde naciste?<\/strong><\/p>\n\n\n\n<p class=\"wp-block-paragraph\">En Pozo del Molle. A los 6, nos mudamos a Villa Nueva, all\u00ed curs\u00e9 parte de la primaria y a los 10, nos mudamos a Villa Mar\u00eda, y desde entonces, soy villamariense por adopci\u00f3n.<\/p>\n\n\n\n<p class=\"wp-block-paragraph\"><strong>\u00bfTu primer trabajo?<\/strong><\/p>\n\n\n\n<p class=\"wp-block-paragraph\">Termin\u00e9 la secundaria y empec\u00e9 a trabajar en la construcci\u00f3n, estuve muchos a\u00f1os en la gastronom\u00eda y actualmente trabajo con mi t\u00edo en una empresa de matafuegos durante la semana y, por las noches y fines de semana, canto en diferentes tipos de eventos.<\/p>\n\n\n\n<p class=\"wp-block-paragraph\"><strong>\u00bfCu\u00e1ndo te decidiste a cantar y ofrecer shows?<\/strong><\/p>\n\n\n\n<p class=\"wp-block-paragraph\">En los karaokes, hace 15 a\u00f1os. Sal\u00eda con amigos, lo hac\u00eda porque me gustaba y eso me anim\u00f3 a darme la posibilidad de hacerlo como un trabajo.<\/p>\n\n\n\n<p class=\"wp-block-paragraph\">Desde chico me gustaron bandas como Chebere, cerraba los ojos y cantaba como si tuviera una gran banda, pero siempre a solas.<\/p>\n\n\n\n<p class=\"wp-block-paragraph\"><strong>\u00bfPor qu\u00e9 \u201cMarito\u201d Campo?<\/strong><\/p>\n\n\n\n<p class=\"wp-block-paragraph\">Marito Campo lo tom\u00e9 como nombre art\u00edstico, porque la hija de una amiga, en ese momento ten\u00eda 4 a\u00f1os, cada vez que me ve\u00eda me dec\u00eda de corrido \u201cHola MaritoCampo\u201d. Su mam\u00e1, mis amigos m\u00e1s allegados, empezaron a llamarme as\u00ed y fui present\u00e1ndome de esa manera. As\u00ed qued\u00f3. De hecho, cuando me cruzo con alguien en la calle, me dice as\u00ed, nadie me dice Mario o Marito (a secas).<\/p>\n\n\n\n<p class=\"wp-block-paragraph\"><\/p>\n\n\n\n<figure class=\"wp-block-image size-large\"><img data-recalc-dims=\"1\" fetchpriority=\"high\" decoding=\"async\" width=\"1024\" height=\"722\" src=\"https:\/\/i0.wp.com\/elregionalvm.com.ar\/noticias-villa-maria\/wp-content\/uploads\/2023\/11\/Marito-Campo-4-1.jpg?resize=1024%2C722&#038;ssl=1\" alt=\"\" class=\"wp-image-86451\" srcset=\"https:\/\/i0.wp.com\/elregionalvm.com.ar\/noticias-villa-maria\/wp-content\/uploads\/2023\/11\/Marito-Campo-4-1.jpg?resize=1024%2C722&amp;ssl=1 1024w, https:\/\/i0.wp.com\/elregionalvm.com.ar\/noticias-villa-maria\/wp-content\/uploads\/2023\/11\/Marito-Campo-4-1.jpg?resize=300%2C212&amp;ssl=1 300w, https:\/\/i0.wp.com\/elregionalvm.com.ar\/noticias-villa-maria\/wp-content\/uploads\/2023\/11\/Marito-Campo-4-1.jpg?resize=768%2C541&amp;ssl=1 768w, https:\/\/i0.wp.com\/elregionalvm.com.ar\/noticias-villa-maria\/wp-content\/uploads\/2023\/11\/Marito-Campo-4-1.jpg?w=1200&amp;ssl=1 1200w\" sizes=\"(max-width: 1000px) 100vw, 1000px\" \/><\/figure>\n\n\n\n<p class=\"wp-block-paragraph\"><\/p>\n\n\n\n<p class=\"wp-block-paragraph\"><strong>\u00bfQu\u00e9 m\u00fasica escuch\u00e1s?<\/strong><\/p>\n\n\n\n<p class=\"wp-block-paragraph\">Me gusta mucho el rock nacional, Andr\u00e9s Calamaro, Aut\u00e9nticos Decadentes, Fabulosos Cadillacs y el cuarteto me empez\u00f3 a gustar a mediados de los 90, cuando aparece Jean Carlos en escena y fusiona el merengue con el cuarteto, poni\u00e9ndole matices de mambo y salsa. Si bien canto cuarteto y cumbia, en mi casa no escucho esos g\u00e9neros.<\/p>\n\n\n\n<p class=\"wp-block-paragraph\"><strong>Un tema que nunca te cans\u00e1s de escuchar<\/strong><\/p>\n\n\n\n<p class=\"wp-block-paragraph\">\u201cAs\u00ed no te amar\u00e1n jam\u00e1s\u201d de La Barra. No me canso de escucharlo ni de cantarlo, adem\u00e1s, con ese tema, me inici\u00e9 en la m\u00fasica.<\/p>\n\n\n\n<p class=\"wp-block-paragraph\">Me gusta hablar con la gente, charlar, escucharlos. Yo me bajo de los escenarios y voy mesa por mesa saludando.<\/p>\n\n\n\n<p class=\"wp-block-paragraph\"><strong>\u00bfTe llamaron para cantar fuera de la provincia de C\u00f3rdoba?<\/strong><\/p>\n\n\n\n<p class=\"wp-block-paragraph\">Estuve en Santa Fe y Mendoza, como solista.<\/p>\n\n\n\n<p class=\"wp-block-paragraph\"><strong>\u00bfCu\u00e1ndo dejaste de ser solista y conformaste la banda?<\/strong><\/p>\n\n\n\n<p class=\"wp-block-paragraph\">A los 30 a\u00f1os, empec\u00e9 a cantar solo, eventos chicos, fiestas privadas y de a poco empec\u00e9 con shows en la zona.<\/p>\n\n\n\n<p class=\"wp-block-paragraph\">La primera banda en la que particip\u00e9, fue en Los Bohemios, como segunda voz en el 2018. Estuve dos a\u00f1os y la pandemia obligadamente nos hizo parar (como a todos). En esos a\u00f1os fui conociendo gente porque al terminar el show, la banda se retiraba del escenario y yo, me iba mesa por mesa a saludar, charlar y eso, me hizo tener mucha cercan\u00eda con el p\u00fablico, siempre.<\/p>\n\n\n\n<p class=\"wp-block-paragraph\"><\/p>\n\n\n\n<figure class=\"wp-block-image size-large\"><img data-recalc-dims=\"1\" decoding=\"async\" width=\"1024\" height=\"886\" src=\"https:\/\/i0.wp.com\/elregionalvm.com.ar\/noticias-villa-maria\/wp-content\/uploads\/2023\/11\/Marito-Campo-3-1.jpg?resize=1024%2C886&#038;ssl=1\" alt=\"\" class=\"wp-image-86448\" srcset=\"https:\/\/i0.wp.com\/elregionalvm.com.ar\/noticias-villa-maria\/wp-content\/uploads\/2023\/11\/Marito-Campo-3-1.jpg?resize=1024%2C886&amp;ssl=1 1024w, https:\/\/i0.wp.com\/elregionalvm.com.ar\/noticias-villa-maria\/wp-content\/uploads\/2023\/11\/Marito-Campo-3-1.jpg?resize=300%2C260&amp;ssl=1 300w, https:\/\/i0.wp.com\/elregionalvm.com.ar\/noticias-villa-maria\/wp-content\/uploads\/2023\/11\/Marito-Campo-3-1.jpg?resize=768%2C664&amp;ssl=1 768w, https:\/\/i0.wp.com\/elregionalvm.com.ar\/noticias-villa-maria\/wp-content\/uploads\/2023\/11\/Marito-Campo-3-1.jpg?w=1200&amp;ssl=1 1200w\" sizes=\"(max-width: 1000px) 100vw, 1000px\" \/><\/figure>\n\n\n\n<p class=\"wp-block-paragraph\"><\/p>\n\n\n\n<p class=\"wp-block-paragraph\">En el 2022, arm\u00e9 \u201cMarito Campo y su Banda\u201d y dos de los m\u00fasicos, por problemas personales se fueron y tuve que desarmarla. En febrero de este a\u00f1o la rearm\u00e9 y ahora est\u00e1 conformada por Adri\u00e1n Fenoglio (acordeonistas), Elio Sosa (teclados) y Alejo Agostini (voz).<\/p>\n\n\n\n<p class=\"wp-block-paragraph\">Tuvimos un gran a\u00f1o por suerte y tenemos fechas reservadas de show hasta abril del 2024. &nbsp;<\/p>\n\n\n\n<p class=\"wp-block-paragraph\"><strong>\u00bfCre\u00e9s en la suerte?<\/strong><\/p>\n\n\n\n<p class=\"wp-block-paragraph\">S\u00ed, mucho, y en la casualidad tambi\u00e9n.<\/p>\n\n\n\n<p class=\"wp-block-paragraph\"><strong>\u00bfTen\u00e9s canciones escritas por vos?<\/strong><\/p>\n\n\n\n<p class=\"wp-block-paragraph\">Tengo un par de temas registrados, pero, no los escrib\u00ed solo. Uno lo tiene La Mona Jim\u00e9nez, otro Los Reyes del Cuarteto, y los otros, Zulma Lobato y Amigacho. Esos cuatro temas, los escrib\u00ed con un autor de Santa Fe y fueron registrados por Josecito Berardi. El \u00fanico que suelo cantar es \u201cRingtone\u201d de Los Reyes del Cuarteto.<\/p>\n\n\n\n<p class=\"wp-block-paragraph\">Hay un tema en el que estoy trabajando con colaboraci\u00f3n, est\u00e1 en proceso, es una contestaci\u00f3n al tema \u201cPura infidelidad\u201d que canta Rodrigo Tapari con Los Palmeras.<\/p>\n\n\n\n<p class=\"wp-block-paragraph\"><strong>\u00bfAdmir\u00e1s a alg\u00fan artista?<\/strong><\/p>\n\n\n\n<p class=\"wp-block-paragraph\">Jean Carlos. Iba a los bailes y lo imitaba bailando, pero, acercarme a \u00e9l nunca, una sola vez me saqu\u00e9 una foto, le di la mano y nada m\u00e1s. Soy as\u00ed, de hecho, esta es la primera vez que doy una nota para hablar de mi vida personal. Si se fijan en mis redes sociales, solo van a verme promocionar mis shows y las fechas de eventos. Soy muy reservado de mi vida personal.<\/p>\n\n\n\n<p class=\"wp-block-paragraph\"><strong>Antes de subir al escenario. \u00bfTenes alg\u00fan ritual?<\/strong><\/p>\n\n\n\n<p class=\"wp-block-paragraph\">No, me presentan y salgo. Pregunto si est\u00e1 todo listo y largo el show.<\/p>\n\n\n\n<p class=\"wp-block-paragraph\"><\/p>\n\n\n\n<figure class=\"wp-block-image size-large\"><img data-recalc-dims=\"1\" decoding=\"async\" width=\"1024\" height=\"837\" src=\"https:\/\/i0.wp.com\/elregionalvm.com.ar\/noticias-villa-maria\/wp-content\/uploads\/2023\/11\/Marito-Campo-2-1.jpg?resize=1024%2C837&#038;ssl=1\" alt=\"\" class=\"wp-image-86449\" srcset=\"https:\/\/i0.wp.com\/elregionalvm.com.ar\/noticias-villa-maria\/wp-content\/uploads\/2023\/11\/Marito-Campo-2-1.jpg?resize=1024%2C837&amp;ssl=1 1024w, https:\/\/i0.wp.com\/elregionalvm.com.ar\/noticias-villa-maria\/wp-content\/uploads\/2023\/11\/Marito-Campo-2-1.jpg?resize=300%2C245&amp;ssl=1 300w, https:\/\/i0.wp.com\/elregionalvm.com.ar\/noticias-villa-maria\/wp-content\/uploads\/2023\/11\/Marito-Campo-2-1.jpg?resize=768%2C628&amp;ssl=1 768w, https:\/\/i0.wp.com\/elregionalvm.com.ar\/noticias-villa-maria\/wp-content\/uploads\/2023\/11\/Marito-Campo-2-1.jpg?w=1200&amp;ssl=1 1200w\" sizes=\"(max-width: 1000px) 100vw, 1000px\" \/><\/figure>\n\n\n\n<p class=\"wp-block-paragraph\"><\/p>\n\n\n\n<p class=\"wp-block-paragraph\"><strong>\u00bfC\u00f3mo te llev\u00e1s con el deporte?<\/strong><\/p>\n\n\n\n<p class=\"wp-block-paragraph\">Me gusta. En la secundaria, en el \u00faltimo a\u00f1o, estando en Alto Alegre, particip\u00e9 de la Liga Cordobesa de V\u00f3ley y en Villa Mar\u00eda, jugu\u00e9 en Club Banco de C\u00f3rdoba. Tambi\u00e9n jugu\u00e9 al f\u00fatbol un tiempo en las inferiores de Alumni, En los \u00faltimos tiempos hice p\u00e1del, pero dej\u00e9 por mis horarios de trabajo.<\/p>\n\n\n\n<p class=\"wp-block-paragraph\"><strong>\u00bfQu\u00e9 cosas te enojan?<\/strong><\/p>\n\n\n\n<p class=\"wp-block-paragraph\">No soy de enojarme, para m\u00ed siempre est\u00e1 todo bien, me puedo llegar a enojar cuando no valoran lo que uno hace.<\/p>\n\n\n\n<p class=\"wp-block-paragraph\"><strong>En lo profesional, \u00bften\u00e9s alg\u00fan sue\u00f1o por cumplir?<\/strong><\/p>\n\n\n\n<p class=\"wp-block-paragraph\">En lo profesional, siento que el sue\u00f1o lo cumpl\u00ed. De la nada, animarme a cantar y la gente hoy en d\u00eda me reconoce, me saluda, se divierte conmigo, con eso me doy por satisfecho. Siempre espero, no me desespero, si tiene que llegar, llegar\u00e1.<\/p>\n\n\n\n<p class=\"wp-block-paragraph\">Si podr\u00eda decirte que me gustar\u00eda ser parte de la grilla en un \u201cFestival de Adultos Mayores\u201d. <strong>&nbsp;<\/strong><\/p>\n\n\n\n<p class=\"wp-block-paragraph\"><strong>\u00bfMo\u00f1o o corbata?<\/strong><\/p>\n\n\n\n<p class=\"wp-block-paragraph\">Corbata, me encantan.<\/p>\n\n\n\n<p class=\"wp-block-paragraph\"><strong>Siempre se te ve con mucha energ\u00eda y carisma. \u00bfSos as\u00ed todo el tiempo?<\/strong><\/p>\n\n\n\n<p class=\"wp-block-paragraph\">S\u00ed. Suena el despertador, aparece Michi, (mi gata, la cual amo) y desde ese momento, empiezo a jugar con ella y as\u00ed arranca mi d\u00eda, no s\u00e9 lo que es levantarme de mal humor. En mi trabajo nunca he peleado, ni he estado de mal humor. Siempre fui as\u00ed, me manejo en la vida con una sonrisa pase lo que pase.<\/p>\n\n\n\n<p class=\"wp-block-paragraph\"><\/p>\n\n\n\n<figure class=\"wp-block-gallery has-nested-images columns-default is-cropped wp-block-gallery-1 is-layout-flex wp-block-gallery-is-layout-flex\">\n<figure class=\"wp-block-image size-large\"><img data-recalc-dims=\"1\" loading=\"lazy\" decoding=\"async\" width=\"683\" height=\"1024\" data-id=\"86452\" src=\"https:\/\/i0.wp.com\/elregionalvm.com.ar\/noticias-villa-maria\/wp-content\/uploads\/2023\/11\/Marito-Campo-patio-vertical-1.jpg?resize=683%2C1024&#038;ssl=1\" alt=\"\" class=\"wp-image-86452\" srcset=\"https:\/\/i0.wp.com\/elregionalvm.com.ar\/noticias-villa-maria\/wp-content\/uploads\/2023\/11\/Marito-Campo-patio-vertical-1.jpg?resize=683%2C1024&amp;ssl=1 683w, https:\/\/i0.wp.com\/elregionalvm.com.ar\/noticias-villa-maria\/wp-content\/uploads\/2023\/11\/Marito-Campo-patio-vertical-1.jpg?resize=200%2C300&amp;ssl=1 200w, https:\/\/i0.wp.com\/elregionalvm.com.ar\/noticias-villa-maria\/wp-content\/uploads\/2023\/11\/Marito-Campo-patio-vertical-1.jpg?resize=768%2C1152&amp;ssl=1 768w, https:\/\/i0.wp.com\/elregionalvm.com.ar\/noticias-villa-maria\/wp-content\/uploads\/2023\/11\/Marito-Campo-patio-vertical-1.jpg?w=800&amp;ssl=1 800w\" sizes=\"(max-width: 683px) 100vw, 683px\" \/><\/figure>\n\n\n\n<figure class=\"wp-block-image size-large\"><img data-recalc-dims=\"1\" loading=\"lazy\" decoding=\"async\" width=\"665\" height=\"1024\" data-id=\"86441\" src=\"https:\/\/i0.wp.com\/elregionalvm.com.ar\/noticias-villa-maria\/wp-content\/uploads\/2023\/11\/Marito-Campo-gata-vertical.jpg?resize=665%2C1024&#038;ssl=1\" alt=\"\" class=\"wp-image-86441\" srcset=\"https:\/\/i0.wp.com\/elregionalvm.com.ar\/noticias-villa-maria\/wp-content\/uploads\/2023\/11\/Marito-Campo-gata-vertical.jpg?resize=665%2C1024&amp;ssl=1 665w, https:\/\/i0.wp.com\/elregionalvm.com.ar\/noticias-villa-maria\/wp-content\/uploads\/2023\/11\/Marito-Campo-gata-vertical.jpg?resize=195%2C300&amp;ssl=1 195w, https:\/\/i0.wp.com\/elregionalvm.com.ar\/noticias-villa-maria\/wp-content\/uploads\/2023\/11\/Marito-Campo-gata-vertical.jpg?resize=768%2C1183&amp;ssl=1 768w, https:\/\/i0.wp.com\/elregionalvm.com.ar\/noticias-villa-maria\/wp-content\/uploads\/2023\/11\/Marito-Campo-gata-vertical.jpg?w=779&amp;ssl=1 779w\" sizes=\"(max-width: 665px) 100vw, 665px\" \/><\/figure>\n<\/figure>\n\n\n\n<p class=\"wp-block-paragraph\"><\/p>\n\n\n\n<p class=\"wp-block-paragraph\"><strong>La fiesta m\u00e1s rara que hayas animado<\/strong><\/p>\n\n\n\n<p class=\"wp-block-paragraph\">Un casamiento evang\u00e9lico, si bien me dijeron que hiciera el show como lo hago siempre, pero, hice temas mucho m\u00e1s tranquilos y con menos baile y movimiento de cadera (se r\u00ede).<\/p>\n\n\n\n<p class=\"wp-block-paragraph\"><strong>\u00bfCu\u00e1les son las fiestas que m\u00e1s te gustan?<\/strong><\/p>\n\n\n\n<p class=\"wp-block-paragraph\">Personalmente, las fiestas de cumplea\u00f1os de 50 a\u00f1os para arriba.<\/p>\n\n\n\n<p class=\"wp-block-paragraph\"><strong>\u00bfPensaste en hacer radio con un programa popular?<\/strong><\/p>\n\n\n\n<p class=\"wp-block-paragraph\">Una vez fui halagado por Edgardo Munch, referente en materia radial, y eso dej\u00f3 algo pendiente para m\u00ed. En un Festival de Pe\u00f1as, cant\u00e9 en una Pe\u00f1a del Rotary Club y \u00e9l, me escucha y ve entre la gente, saludando al p\u00fablico pos show y al otro d\u00eda, en la radio, dijo unas palabras muy lindas para mi persona y, me invit\u00f3 para que trabaje en radio Capic\u00faa. Yo dije que no, no me anim\u00e9 porque de radio no sab\u00eda nada, pero es algo pendiente.<\/p>\n\n\n\n<p class=\"wp-block-paragraph\"><\/p>\n\n\n\n<p class=\"wp-block-paragraph\"><\/p>\n\n\n\n<h3 class=\"wp-block-heading\"><strong>Tambi\u00e9n pod\u00e9s ver:<\/strong><\/h3>\n\n\n\n<p class=\"wp-block-paragraph\"><\/p>\n\n\n\n<figure class=\"wp-block-embed is-type-wp-embed is-provider-el-regional wp-block-embed-el-regional\"><div class=\"wp-block-embed__wrapper\">\n<blockquote class=\"wp-embedded-content\" data-secret=\"vcRaI8N8dz\"><a href=\"https:\/\/elregionalvm.com.ar\/noticias-villa-maria\/desde-adentro-leo-roganti-tengo-mucho-por-aprender-por-eso-siento-que-no-he-tocado-techo\/\">[Desde Adentro] Leo Roganti: \u201cTengo mucho por aprender, por eso siento que no he tocado techo\u201d<\/a><\/blockquote><iframe class=\"wp-embedded-content\" sandbox=\"allow-scripts\" security=\"restricted\" style=\"position: absolute; clip: rect(1px, 1px, 1px, 1px);\" title=\"\u00ab[Desde Adentro] Leo Roganti: \u201cTengo mucho por aprender, por eso siento que no he tocado techo\u201d\u00bb \u2014 El Regional\" src=\"https:\/\/elregionalvm.com.ar\/noticias-villa-maria\/desde-adentro-leo-roganti-tengo-mucho-por-aprender-por-eso-siento-que-no-he-tocado-techo\/embed\/#?secret=efQLwUa72B#?secret=vcRaI8N8dz\" data-secret=\"vcRaI8N8dz\" width=\"500\" height=\"282\" frameborder=\"0\" marginwidth=\"0\" marginheight=\"0\" scrolling=\"no\"><\/iframe>\n<\/div><\/figure>\n","protected":false},"excerpt":{"rendered":"<p>Mario Alberto Campo (45), cantante cuartetero, conocido por todos como \u201cMarito Campo\u201d. Siempre de buen humor y con una sonrisa, ha sabido ganarse el coraz\u00f3n de la gente en cada espect\u00e1culo y lugar que visita. Inici\u00f3 en la m\u00fasica hace 15 a\u00f1os como solista y actualmente tiene una banda. Le gusta bailar, la cocina y [&hellip;]<\/p>\n","protected":false},"author":4,"featured_media":86450,"comment_status":"open","ping_status":"open","sticky":false,"template":"","format":"standard","meta":{"site-sidebar-layout":"default","site-content-layout":"","ast-site-content-layout":"default","site-content-style":"default","site-sidebar-style":"default","ast-global-header-display":"","ast-banner-title-visibility":"","ast-main-header-display":"","ast-hfb-above-header-display":"","ast-hfb-below-header-display":"","ast-hfb-mobile-header-display":"","site-post-title":"","ast-breadcrumbs-content":"","ast-featured-img":"","footer-sml-layout":"","ast-disable-related-posts":"","theme-transparent-header-meta":"","adv-header-id-meta":"","stick-header-meta":"","header-above-stick-meta":"","header-main-stick-meta":"","header-below-stick-meta":"","astra-migrate-meta-layouts":"set","ast-page-background-enabled":"default","ast-page-background-meta":{"desktop":{"background-color":"","background-image":"","background-repeat":"repeat","background-position":"center center","background-size":"auto","background-attachment":"scroll","background-type":"","background-media":"","overlay-type":"","overlay-color":"","overlay-opacity":"","overlay-gradient":""},"tablet":{"background-color":"","background-image":"","background-repeat":"repeat","background-position":"center center","background-size":"auto","background-attachment":"scroll","background-type":"","background-media":"","overlay-type":"","overlay-color":"","overlay-opacity":"","overlay-gradient":""},"mobile":{"background-color":"","background-image":"","background-repeat":"repeat","background-position":"center center","background-size":"auto","background-attachment":"scroll","background-type":"","background-media":"","overlay-type":"","overlay-color":"","overlay-opacity":"","overlay-gradient":""}},"ast-content-background-meta":{"desktop":{"background-color":"var(--ast-global-color-5)","background-image":"","background-repeat":"repeat","background-position":"center center","background-size":"auto","background-attachment":"scroll","background-type":"","background-media":"","overlay-type":"","overlay-color":"","overlay-opacity":"","overlay-gradient":""},"tablet":{"background-color":"var(--ast-global-color-5)","background-image":"","background-repeat":"repeat","background-position":"center center","background-size":"auto","background-attachment":"scroll","background-type":"","background-media":"","overlay-type":"","overlay-color":"","overlay-opacity":"","overlay-gradient":""},"mobile":{"background-color":"var(--ast-global-color-5)","background-image":"","background-repeat":"repeat","background-position":"center center","background-size":"auto","background-attachment":"scroll","background-type":"","background-media":"","overlay-type":"","overlay-color":"","overlay-opacity":"","overlay-gradient":""}},"_jetpack_newsletter_access":"","_jetpack_dont_email_post_to_subs":false,"_jetpack_newsletter_tier_id":0,"_jetpack_memberships_contains_paywalled_content":false,"_jetpack_memberships_contains_paid_content":false,"_joinchat":[],"footnotes":""},"categories":[2098,3557,2074],"tags":[17250,322,2242,21332,688,5507,1858,23216,1326,1280],"class_list":["post-86437","post","type-post","status-publish","format-standard","has-post-thumbnail","hentry","category-historias","category-tercera","category-videos","tag-cantante","tag-cordoba","tag-cuarteto","tag-desde-adentro","tag-entrevista","tag-fiesta","tag-humor","tag-marito-campo","tag-musica-popular","tag-personajes"],"yoast_head":"<!-- This site is optimized with the Yoast SEO plugin v28.4 - https:\/\/yoast.com\/product\/yoast-seo-wordpress\/ -->\n<title>[Desde Adentro] Marito Campo, sin\u00f3nimo de fiesta en Villa Mar\u00eda y toda la regi\u00f3n - El Regional<\/title>\n<meta name=\"robots\" content=\"index, follow, max-snippet:-1, max-image-preview:large, max-video-preview:-1\" \/>\n<link rel=\"canonical\" href=\"https:\/\/elregionalvm.com.ar\/noticias-villa-maria\/desde-adentro-marito-campo-sinonimo-de-fiesta-a-puro-cuarteto\/\" \/>\n<meta property=\"og:locale\" content=\"es_ES\" \/>\n<meta property=\"og:type\" content=\"article\" \/>\n<meta property=\"og:title\" content=\"[Desde Adentro] Marito Campo, sin\u00f3nimo de fiesta en Villa Mar\u00eda y toda la regi\u00f3n - El Regional\" \/>\n<meta property=\"og:description\" content=\"Mario Alberto Campo (45), cantante cuartetero, conocido por todos como \u201cMarito Campo\u201d. Siempre de buen humor y con una sonrisa, ha sabido ganarse el coraz\u00f3n de la gente en cada espect\u00e1culo y lugar que visita. Inici\u00f3 en la m\u00fasica hace 15 a\u00f1os como solista y actualmente tiene una banda. Le gusta bailar, la cocina y [&hellip;]\" \/>\n<meta property=\"og:url\" content=\"https:\/\/elregionalvm.com.ar\/noticias-villa-maria\/desde-adentro-marito-campo-sinonimo-de-fiesta-a-puro-cuarteto\/\" \/>\n<meta property=\"og:site_name\" content=\"El Regional\" \/>\n<meta property=\"article:publisher\" content=\"https:\/\/www.facebook.com\/elregionalvm\" \/>\n<meta property=\"article:published_time\" content=\"2023-11-29T17:12:04+00:00\" \/>\n<meta property=\"article:modified_time\" content=\"2023-12-03T02:47:38+00:00\" \/>\n<meta property=\"og:image\" content=\"https:\/\/elregionalvm.com.ar\/noticias-villa-maria\/wp-content\/uploads\/2023\/11\/Marito-Campo-1-1.jpg\" \/>\n\t<meta property=\"og:image:width\" content=\"1200\" \/>\n\t<meta property=\"og:image:height\" content=\"800\" \/>\n\t<meta property=\"og:image:type\" content=\"image\/jpeg\" \/>\n<meta name=\"author\" content=\"Contenidos El Regional\" \/>\n<meta name=\"twitter:card\" content=\"summary_large_image\" \/>\n<meta name=\"twitter:creator\" content=\"@elregionalvm1\" \/>\n<meta name=\"twitter:site\" content=\"@elregionalvm1\" \/>\n<meta name=\"twitter:label1\" content=\"Escrito por\" \/>\n\t<meta name=\"twitter:data1\" content=\"Contenidos El Regional\" \/>\n\t<meta name=\"twitter:label2\" content=\"Tiempo de lectura\" \/>\n\t<meta name=\"twitter:data2\" content=\"7 minutos\" \/>\n<script type=\"application\/ld+json\" class=\"yoast-schema-graph\">{\"@context\":\"https:\\\/\\\/schema.org\",\"@graph\":[{\"@type\":\"Article\",\"@id\":\"https:\\\/\\\/elregionalvm.com.ar\\\/noticias-villa-maria\\\/desde-adentro-marito-campo-sinonimo-de-fiesta-a-puro-cuarteto\\\/#article\",\"isPartOf\":{\"@id\":\"https:\\\/\\\/elregionalvm.com.ar\\\/noticias-villa-maria\\\/desde-adentro-marito-campo-sinonimo-de-fiesta-a-puro-cuarteto\\\/\"},\"author\":{\"name\":\"Contenidos El Regional\",\"@id\":\"http:\\\/\\\/elregionalvm.com.ar\\\/noticias-villa-maria\\\/#\\\/schema\\\/person\\\/a0fb9c422317faca23d50163151bc354\"},\"headline\":\"[Desde Adentro] Marito Campo, sin\u00f3nimo de fiesta en Villa Mar\u00eda y toda la regi\u00f3n\",\"datePublished\":\"2023-11-29T17:12:04+00:00\",\"dateModified\":\"2023-12-03T02:47:38+00:00\",\"mainEntityOfPage\":{\"@id\":\"https:\\\/\\\/elregionalvm.com.ar\\\/noticias-villa-maria\\\/desde-adentro-marito-campo-sinonimo-de-fiesta-a-puro-cuarteto\\\/\"},\"wordCount\":1318,\"commentCount\":0,\"image\":{\"@id\":\"https:\\\/\\\/elregionalvm.com.ar\\\/noticias-villa-maria\\\/desde-adentro-marito-campo-sinonimo-de-fiesta-a-puro-cuarteto\\\/#primaryimage\"},\"thumbnailUrl\":\"https:\\\/\\\/i0.wp.com\\\/elregionalvm.com.ar\\\/noticias-villa-maria\\\/wp-content\\\/uploads\\\/2023\\\/11\\\/Marito-Campo-1-1.jpg?fit=1200%2C800&ssl=1\",\"keywords\":[\"cantante\",\"c\u00f3rdoba\",\"Cuarteto\",\"Desde Adentro\",\"Entrevista\",\"fiesta\",\"humor\",\"Marito Campo\",\"M\u00fasica popular\",\"personajes\"],\"articleSection\":[\"Historias\",\"tercera\",\"Videos\"],\"inLanguage\":\"es\",\"potentialAction\":[{\"@type\":\"CommentAction\",\"name\":\"Comment\",\"target\":[\"https:\\\/\\\/elregionalvm.com.ar\\\/noticias-villa-maria\\\/desde-adentro-marito-campo-sinonimo-de-fiesta-a-puro-cuarteto\\\/#respond\"]}]},{\"@type\":\"WebPage\",\"@id\":\"https:\\\/\\\/elregionalvm.com.ar\\\/noticias-villa-maria\\\/desde-adentro-marito-campo-sinonimo-de-fiesta-a-puro-cuarteto\\\/\",\"url\":\"https:\\\/\\\/elregionalvm.com.ar\\\/noticias-villa-maria\\\/desde-adentro-marito-campo-sinonimo-de-fiesta-a-puro-cuarteto\\\/\",\"name\":\"[Desde Adentro] Marito Campo, sin\u00f3nimo de fiesta en Villa Mar\u00eda y toda la regi\u00f3n - El Regional\",\"isPartOf\":{\"@id\":\"http:\\\/\\\/elregionalvm.com.ar\\\/noticias-villa-maria\\\/#website\"},\"primaryImageOfPage\":{\"@id\":\"https:\\\/\\\/elregionalvm.com.ar\\\/noticias-villa-maria\\\/desde-adentro-marito-campo-sinonimo-de-fiesta-a-puro-cuarteto\\\/#primaryimage\"},\"image\":{\"@id\":\"https:\\\/\\\/elregionalvm.com.ar\\\/noticias-villa-maria\\\/desde-adentro-marito-campo-sinonimo-de-fiesta-a-puro-cuarteto\\\/#primaryimage\"},\"thumbnailUrl\":\"https:\\\/\\\/i0.wp.com\\\/elregionalvm.com.ar\\\/noticias-villa-maria\\\/wp-content\\\/uploads\\\/2023\\\/11\\\/Marito-Campo-1-1.jpg?fit=1200%2C800&ssl=1\",\"datePublished\":\"2023-11-29T17:12:04+00:00\",\"dateModified\":\"2023-12-03T02:47:38+00:00\",\"author\":{\"@id\":\"http:\\\/\\\/elregionalvm.com.ar\\\/noticias-villa-maria\\\/#\\\/schema\\\/person\\\/a0fb9c422317faca23d50163151bc354\"},\"breadcrumb\":{\"@id\":\"https:\\\/\\\/elregionalvm.com.ar\\\/noticias-villa-maria\\\/desde-adentro-marito-campo-sinonimo-de-fiesta-a-puro-cuarteto\\\/#breadcrumb\"},\"inLanguage\":\"es\",\"potentialAction\":[{\"@type\":\"ReadAction\",\"target\":[\"https:\\\/\\\/elregionalvm.com.ar\\\/noticias-villa-maria\\\/desde-adentro-marito-campo-sinonimo-de-fiesta-a-puro-cuarteto\\\/\"]}]},{\"@type\":\"ImageObject\",\"inLanguage\":\"es\",\"@id\":\"https:\\\/\\\/elregionalvm.com.ar\\\/noticias-villa-maria\\\/desde-adentro-marito-campo-sinonimo-de-fiesta-a-puro-cuarteto\\\/#primaryimage\",\"url\":\"https:\\\/\\\/i0.wp.com\\\/elregionalvm.com.ar\\\/noticias-villa-maria\\\/wp-content\\\/uploads\\\/2023\\\/11\\\/Marito-Campo-1-1.jpg?fit=1200%2C800&ssl=1\",\"contentUrl\":\"https:\\\/\\\/i0.wp.com\\\/elregionalvm.com.ar\\\/noticias-villa-maria\\\/wp-content\\\/uploads\\\/2023\\\/11\\\/Marito-Campo-1-1.jpg?fit=1200%2C800&ssl=1\",\"width\":1200,\"height\":800},{\"@type\":\"BreadcrumbList\",\"@id\":\"https:\\\/\\\/elregionalvm.com.ar\\\/noticias-villa-maria\\\/desde-adentro-marito-campo-sinonimo-de-fiesta-a-puro-cuarteto\\\/#breadcrumb\",\"itemListElement\":[{\"@type\":\"ListItem\",\"position\":1,\"name\":\"Portada\",\"item\":\"https:\\\/\\\/elregionalvm.com.ar\\\/noticias-villa-maria\\\/\"},{\"@type\":\"ListItem\",\"position\":2,\"name\":\"[Desde Adentro] Marito Campo, sin\u00f3nimo de fiesta en Villa Mar\u00eda y toda la regi\u00f3n\"}]},{\"@type\":\"WebSite\",\"@id\":\"http:\\\/\\\/elregionalvm.com.ar\\\/noticias-villa-maria\\\/#website\",\"url\":\"http:\\\/\\\/elregionalvm.com.ar\\\/noticias-villa-maria\\\/\",\"name\":\"El Regional\",\"description\":\"Mucho m\u00e1s que informaci\u00f3n\",\"potentialAction\":[{\"@type\":\"SearchAction\",\"target\":{\"@type\":\"EntryPoint\",\"urlTemplate\":\"http:\\\/\\\/elregionalvm.com.ar\\\/noticias-villa-maria\\\/?s={search_term_string}\"},\"query-input\":{\"@type\":\"PropertyValueSpecification\",\"valueRequired\":true,\"valueName\":\"search_term_string\"}}],\"inLanguage\":\"es\"},{\"@type\":\"Person\",\"@id\":\"http:\\\/\\\/elregionalvm.com.ar\\\/noticias-villa-maria\\\/#\\\/schema\\\/person\\\/a0fb9c422317faca23d50163151bc354\",\"name\":\"Contenidos El Regional\",\"image\":{\"@type\":\"ImageObject\",\"inLanguage\":\"es\",\"@id\":\"https:\\\/\\\/secure.gravatar.com\\\/avatar\\\/265b27cb2209af7bb3a1318f03305787d7981a5cc6e6cd08fe5a4ecdf99d4b48?s=96&d=mm&r=g\",\"url\":\"https:\\\/\\\/secure.gravatar.com\\\/avatar\\\/265b27cb2209af7bb3a1318f03305787d7981a5cc6e6cd08fe5a4ecdf99d4b48?s=96&d=mm&r=g\",\"contentUrl\":\"https:\\\/\\\/secure.gravatar.com\\\/avatar\\\/265b27cb2209af7bb3a1318f03305787d7981a5cc6e6cd08fe5a4ecdf99d4b48?s=96&d=mm&r=g\",\"caption\":\"Contenidos El Regional\"},\"url\":\"https:\\\/\\\/elregionalvm.com.ar\\\/noticias-villa-maria\\\/author\\\/contenido\\\/\"}]}<\/script>\n<!-- \/ Yoast SEO plugin. -->","yoast_head_json":{"title":"[Desde Adentro] Marito Campo, sin\u00f3nimo de fiesta en Villa Mar\u00eda y toda la regi\u00f3n - El Regional","robots":{"index":"index","follow":"follow","max-snippet":"max-snippet:-1","max-image-preview":"max-image-preview:large","max-video-preview":"max-video-preview:-1"},"canonical":"https:\/\/elregionalvm.com.ar\/noticias-villa-maria\/desde-adentro-marito-campo-sinonimo-de-fiesta-a-puro-cuarteto\/","og_locale":"es_ES","og_type":"article","og_title":"[Desde Adentro] Marito Campo, sin\u00f3nimo de fiesta en Villa Mar\u00eda y toda la regi\u00f3n - El Regional","og_description":"Mario Alberto Campo (45), cantante cuartetero, conocido por todos como \u201cMarito Campo\u201d. Siempre de buen humor y con una sonrisa, ha sabido ganarse el coraz\u00f3n de la gente en cada espect\u00e1culo y lugar que visita. Inici\u00f3 en la m\u00fasica hace 15 a\u00f1os como solista y actualmente tiene una banda. Le gusta bailar, la cocina y [&hellip;]","og_url":"https:\/\/elregionalvm.com.ar\/noticias-villa-maria\/desde-adentro-marito-campo-sinonimo-de-fiesta-a-puro-cuarteto\/","og_site_name":"El Regional","article_publisher":"https:\/\/www.facebook.com\/elregionalvm","article_published_time":"2023-11-29T17:12:04+00:00","article_modified_time":"2023-12-03T02:47:38+00:00","og_image":[{"width":1200,"height":800,"url":"https:\/\/elregionalvm.com.ar\/noticias-villa-maria\/wp-content\/uploads\/2023\/11\/Marito-Campo-1-1.jpg","type":"image\/jpeg"}],"author":"Contenidos El Regional","twitter_card":"summary_large_image","twitter_creator":"@elregionalvm1","twitter_site":"@elregionalvm1","twitter_misc":{"Escrito por":"Contenidos El Regional","Tiempo de lectura":"7 minutos"},"schema":{"@context":"https:\/\/schema.org","@graph":[{"@type":"Article","@id":"https:\/\/elregionalvm.com.ar\/noticias-villa-maria\/desde-adentro-marito-campo-sinonimo-de-fiesta-a-puro-cuarteto\/#article","isPartOf":{"@id":"https:\/\/elregionalvm.com.ar\/noticias-villa-maria\/desde-adentro-marito-campo-sinonimo-de-fiesta-a-puro-cuarteto\/"},"author":{"name":"Contenidos El Regional","@id":"http:\/\/elregionalvm.com.ar\/noticias-villa-maria\/#\/schema\/person\/a0fb9c422317faca23d50163151bc354"},"headline":"[Desde Adentro] Marito Campo, sin\u00f3nimo de fiesta en Villa Mar\u00eda y toda la regi\u00f3n","datePublished":"2023-11-29T17:12:04+00:00","dateModified":"2023-12-03T02:47:38+00:00","mainEntityOfPage":{"@id":"https:\/\/elregionalvm.com.ar\/noticias-villa-maria\/desde-adentro-marito-campo-sinonimo-de-fiesta-a-puro-cuarteto\/"},"wordCount":1318,"commentCount":0,"image":{"@id":"https:\/\/elregionalvm.com.ar\/noticias-villa-maria\/desde-adentro-marito-campo-sinonimo-de-fiesta-a-puro-cuarteto\/#primaryimage"},"thumbnailUrl":"https:\/\/i0.wp.com\/elregionalvm.com.ar\/noticias-villa-maria\/wp-content\/uploads\/2023\/11\/Marito-Campo-1-1.jpg?fit=1200%2C800&ssl=1","keywords":["cantante","c\u00f3rdoba","Cuarteto","Desde Adentro","Entrevista","fiesta","humor","Marito Campo","M\u00fasica popular","personajes"],"articleSection":["Historias","tercera","Videos"],"inLanguage":"es","potentialAction":[{"@type":"CommentAction","name":"Comment","target":["https:\/\/elregionalvm.com.ar\/noticias-villa-maria\/desde-adentro-marito-campo-sinonimo-de-fiesta-a-puro-cuarteto\/#respond"]}]},{"@type":"WebPage","@id":"https:\/\/elregionalvm.com.ar\/noticias-villa-maria\/desde-adentro-marito-campo-sinonimo-de-fiesta-a-puro-cuarteto\/","url":"https:\/\/elregionalvm.com.ar\/noticias-villa-maria\/desde-adentro-marito-campo-sinonimo-de-fiesta-a-puro-cuarteto\/","name":"[Desde Adentro] Marito Campo, sin\u00f3nimo de fiesta en Villa Mar\u00eda y toda la regi\u00f3n - El Regional","isPartOf":{"@id":"http:\/\/elregionalvm.com.ar\/noticias-villa-maria\/#website"},"primaryImageOfPage":{"@id":"https:\/\/elregionalvm.com.ar\/noticias-villa-maria\/desde-adentro-marito-campo-sinonimo-de-fiesta-a-puro-cuarteto\/#primaryimage"},"image":{"@id":"https:\/\/elregionalvm.com.ar\/noticias-villa-maria\/desde-adentro-marito-campo-sinonimo-de-fiesta-a-puro-cuarteto\/#primaryimage"},"thumbnailUrl":"https:\/\/i0.wp.com\/elregionalvm.com.ar\/noticias-villa-maria\/wp-content\/uploads\/2023\/11\/Marito-Campo-1-1.jpg?fit=1200%2C800&ssl=1","datePublished":"2023-11-29T17:12:04+00:00","dateModified":"2023-12-03T02:47:38+00:00","author":{"@id":"http:\/\/elregionalvm.com.ar\/noticias-villa-maria\/#\/schema\/person\/a0fb9c422317faca23d50163151bc354"},"breadcrumb":{"@id":"https:\/\/elregionalvm.com.ar\/noticias-villa-maria\/desde-adentro-marito-campo-sinonimo-de-fiesta-a-puro-cuarteto\/#breadcrumb"},"inLanguage":"es","potentialAction":[{"@type":"ReadAction","target":["https:\/\/elregionalvm.com.ar\/noticias-villa-maria\/desde-adentro-marito-campo-sinonimo-de-fiesta-a-puro-cuarteto\/"]}]},{"@type":"ImageObject","inLanguage":"es","@id":"https:\/\/elregionalvm.com.ar\/noticias-villa-maria\/desde-adentro-marito-campo-sinonimo-de-fiesta-a-puro-cuarteto\/#primaryimage","url":"https:\/\/i0.wp.com\/elregionalvm.com.ar\/noticias-villa-maria\/wp-content\/uploads\/2023\/11\/Marito-Campo-1-1.jpg?fit=1200%2C800&ssl=1","contentUrl":"https:\/\/i0.wp.com\/elregionalvm.com.ar\/noticias-villa-maria\/wp-content\/uploads\/2023\/11\/Marito-Campo-1-1.jpg?fit=1200%2C800&ssl=1","width":1200,"height":800},{"@type":"BreadcrumbList","@id":"https:\/\/elregionalvm.com.ar\/noticias-villa-maria\/desde-adentro-marito-campo-sinonimo-de-fiesta-a-puro-cuarteto\/#breadcrumb","itemListElement":[{"@type":"ListItem","position":1,"name":"Portada","item":"https:\/\/elregionalvm.com.ar\/noticias-villa-maria\/"},{"@type":"ListItem","position":2,"name":"[Desde Adentro] Marito Campo, sin\u00f3nimo de fiesta en Villa Mar\u00eda y toda la regi\u00f3n"}]},{"@type":"WebSite","@id":"http:\/\/elregionalvm.com.ar\/noticias-villa-maria\/#website","url":"http:\/\/elregionalvm.com.ar\/noticias-villa-maria\/","name":"El Regional","description":"Mucho m\u00e1s que informaci\u00f3n","potentialAction":[{"@type":"SearchAction","target":{"@type":"EntryPoint","urlTemplate":"http:\/\/elregionalvm.com.ar\/noticias-villa-maria\/?s={search_term_string}"},"query-input":{"@type":"PropertyValueSpecification","valueRequired":true,"valueName":"search_term_string"}}],"inLanguage":"es"},{"@type":"Person","@id":"http:\/\/elregionalvm.com.ar\/noticias-villa-maria\/#\/schema\/person\/a0fb9c422317faca23d50163151bc354","name":"Contenidos El Regional","image":{"@type":"ImageObject","inLanguage":"es","@id":"https:\/\/secure.gravatar.com\/avatar\/265b27cb2209af7bb3a1318f03305787d7981a5cc6e6cd08fe5a4ecdf99d4b48?s=96&d=mm&r=g","url":"https:\/\/secure.gravatar.com\/avatar\/265b27cb2209af7bb3a1318f03305787d7981a5cc6e6cd08fe5a4ecdf99d4b48?s=96&d=mm&r=g","contentUrl":"https:\/\/secure.gravatar.com\/avatar\/265b27cb2209af7bb3a1318f03305787d7981a5cc6e6cd08fe5a4ecdf99d4b48?s=96&d=mm&r=g","caption":"Contenidos El Regional"},"url":"https:\/\/elregionalvm.com.ar\/noticias-villa-maria\/author\/contenido\/"}]}},"jetpack_sharing_enabled":true,"jetpack_featured_media_url":"https:\/\/i0.wp.com\/elregionalvm.com.ar\/noticias-villa-maria\/wp-content\/uploads\/2023\/11\/Marito-Campo-1-1.jpg?fit=1200%2C800&ssl=1","_links":{"self":[{"href":"https:\/\/elregionalvm.com.ar\/noticias-villa-maria\/wp-json\/wp\/v2\/posts\/86437","targetHints":{"allow":["GET"]}}],"collection":[{"href":"https:\/\/elregionalvm.com.ar\/noticias-villa-maria\/wp-json\/wp\/v2\/posts"}],"about":[{"href":"https:\/\/elregionalvm.com.ar\/noticias-villa-maria\/wp-json\/wp\/v2\/types\/post"}],"author":[{"embeddable":true,"href":"https:\/\/elregionalvm.com.ar\/noticias-villa-maria\/wp-json\/wp\/v2\/users\/4"}],"replies":[{"embeddable":true,"href":"https:\/\/elregionalvm.com.ar\/noticias-villa-maria\/wp-json\/wp\/v2\/comments?post=86437"}],"version-history":[{"count":4,"href":"https:\/\/elregionalvm.com.ar\/noticias-villa-maria\/wp-json\/wp\/v2\/posts\/86437\/revisions"}],"predecessor-version":[{"id":86454,"href":"https:\/\/elregionalvm.com.ar\/noticias-villa-maria\/wp-json\/wp\/v2\/posts\/86437\/revisions\/86454"}],"wp:featuredmedia":[{"embeddable":true,"href":"https:\/\/elregionalvm.com.ar\/noticias-villa-maria\/wp-json\/wp\/v2\/media\/86450"}],"wp:attachment":[{"href":"https:\/\/elregionalvm.com.ar\/noticias-villa-maria\/wp-json\/wp\/v2\/media?parent=86437"}],"wp:term":[{"taxonomy":"category","embeddable":true,"href":"https:\/\/elregionalvm.com.ar\/noticias-villa-maria\/wp-json\/wp\/v2\/categories?post=86437"},{"taxonomy":"post_tag","embeddable":true,"href":"https:\/\/elregionalvm.com.ar\/noticias-villa-maria\/wp-json\/wp\/v2\/tags?post=86437"}],"curies":[{"name":"wp","href":"https:\/\/api.w.org\/{rel}","templated":true}]}}