{"id":86561,"date":"2023-12-01T21:16:02","date_gmt":"2023-12-01T21:16:02","guid":{"rendered":"https:\/\/elregionalvm.com.ar\/noticias-villa-maria\/?p=86561"},"modified":"2023-12-01T21:16:03","modified_gmt":"2023-12-01T21:16:03","slug":"aca-bio-frena-una-inversion-cercana-a-us-40-millones","status":"publish","type":"post","link":"https:\/\/elregionalvm.com.ar\/noticias-villa-maria\/aca-bio-frena-una-inversion-cercana-a-us-40-millones\/","title":{"rendered":"ACA Bio frena una inversi\u00f3n cercana a US$ 40 millones"},"content":{"rendered":"\n<p class=\"wp-block-paragraph\"><em>Santiago Acquaroli, gerente de la firma, indic\u00f3 que ese era el importe previsto para incrementar el volumen de producci\u00f3n de la planta.<\/em><\/p>\n\n\n\n<p class=\"wp-block-paragraph\">Luego de conocerse que la Resoluci\u00f3n 960\/2023 de la Secretar\u00eda de Energ\u00eda de la Naci\u00f3n, que ampl\u00eda el cupo para la producci\u00f3n de bioetanol destinado la mezcla con naftas,&nbsp;<a href=\"https:\/\/cadenadevalor.com.ar\/empresas\/aca-bio-quedo-afuera-de-la-ampliacion-de-cupo-de-bioetanol\/\" target=\"_blank\" rel=\"noreferrer noopener\">no incluy\u00f3 a la empresa ACA Bio<\/a>, desde la industria emplazada en inmediaciones a Villa Mar\u00eda anunciaron que las inversiones planificadas por el momento quedan suspendidas.<\/p>\n\n\n\n<p class=\"wp-block-paragraph\">La empresa cooperativa hab\u00eda presentado en la convocatoria realizada por el organismo nacional un proyecto para incrementar en 50.000 m3\/a\u00f1o su producci\u00f3n, pasando de 290.000 a 340.000 m3. Para ello ten\u00eda previsto desembolsar una cifra cercana a los US$ 40 millones en equipamiento.<\/p>\n\n\n\n<p class=\"wp-block-paragraph\">Santiago Acquaroli, gerente de ACA Bio, indic\u00f3 que por el momento \u00ablas inversiones que ya ten\u00edamos planificadas quedan en stand by\u00bb. Igualmente, destac\u00f3 que en la firma van a analizar minuciosamente la citada resoluci\u00f3n para tratar de iniciar gestiones ante la repartici\u00f3n.<\/p>\n\n\n\n<p class=\"wp-block-paragraph\">\u00abCon que hemos demostrado claramente que cuando decimos que vamos a invertir lo hacemos; atr\u00e1s tenemos una cooperativa con 100 a\u00f1os, conformada por productores agropecuarios, que su lema es nos une el valor de palabra\u00bb, afirm\u00f3 el directivo.<\/p>\n\n\n\n<p class=\"wp-block-paragraph\">La entrevista completa a Santiago Acquaroli se podr\u00e1 ver el pr\u00f3ximo lunes 4 de diciembre en Cadena de Valor TV, por C20 de Villa Mar\u00eda y una amplia red de canales de cable.<\/p>\n\n\n\n<p class=\"wp-block-paragraph\">Fuente: Cadena de Valor <\/p>\n","protected":false},"excerpt":{"rendered":"<p>Santiago Acquaroli, gerente de la firma, indic\u00f3 que ese era el importe previsto para incrementar el volumen de producci\u00f3n de la planta. Luego de conocerse que la Resoluci\u00f3n 960\/2023 de la Secretar\u00eda de Energ\u00eda de la Naci\u00f3n, que ampl\u00eda el cupo para la producci\u00f3n de bioetanol destinado la mezcla con naftas,&nbsp;no incluy\u00f3 a la empresa [&hellip;]<\/p>\n","protected":false},"author":4,"featured_media":86562,"comment_status":"open","ping_status":"open","sticky":false,"template":"","format":"standard","meta":{"site-sidebar-layout":"default","site-content-layout":"","ast-site-content-layout":"default","site-content-style":"default","site-sidebar-style":"default","ast-global-header-display":"","ast-banner-title-visibility":"","ast-main-header-display":"","ast-hfb-above-header-display":"","ast-hfb-below-header-display":"","ast-hfb-mobile-header-display":"","site-post-title":"","ast-breadcrumbs-content":"","ast-featured-img":"","footer-sml-layout":"","ast-disable-related-posts":"","theme-transparent-header-meta":"","adv-header-id-meta":"","stick-header-meta":"","header-above-stick-meta":"","header-main-stick-meta":"","header-below-stick-meta":"","astra-migrate-meta-layouts":"set","ast-page-background-enabled":"default","ast-page-background-meta":{"desktop":{"background-color":"","background-image":"","background-repeat":"repeat","background-position":"center center","background-size":"auto","background-attachment":"scroll","background-type":"","background-media":"","overlay-type":"","overlay-color":"","overlay-opacity":"","overlay-gradient":""},"tablet":{"background-color":"","background-image":"","background-repeat":"repeat","background-position":"center center","background-size":"auto","background-attachment":"scroll","background-type":"","background-media":"","overlay-type":"","overlay-color":"","overlay-opacity":"","overlay-gradient":""},"mobile":{"background-color":"","background-image":"","background-repeat":"repeat","background-position":"center center","background-size":"auto","background-attachment":"scroll","background-type":"","background-media":"","overlay-type":"","overlay-color":"","overlay-opacity":"","overlay-gradient":""}},"ast-content-background-meta":{"desktop":{"background-color":"var(--ast-global-color-5)","background-image":"","background-repeat":"repeat","background-position":"center center","background-size":"auto","background-attachment":"scroll","background-type":"","background-media":"","overlay-type":"","overlay-color":"","overlay-opacity":"","overlay-gradient":""},"tablet":{"background-color":"var(--ast-global-color-5)","background-image":"","background-repeat":"repeat","background-position":"center center","background-size":"auto","background-attachment":"scroll","background-type":"","background-media":"","overlay-type":"","overlay-color":"","overlay-opacity":"","overlay-gradient":""},"mobile":{"background-color":"var(--ast-global-color-5)","background-image":"","background-repeat":"repeat","background-position":"center center","background-size":"auto","background-attachment":"scroll","background-type":"","background-media":"","overlay-type":"","overlay-color":"","overlay-opacity":"","overlay-gradient":""}},"_jetpack_newsletter_access":"","_jetpack_dont_email_post_to_subs":false,"_jetpack_newsletter_tier_id":0,"_jetpack_memberships_contains_paywalled_content":false,"_jetpack_memberships_contains_paid_content":false,"_joinchat":[],"footnotes":""},"categories":[15302,5,2],"tags":[],"class_list":["post-86561","post","type-post","status-publish","format-standard","has-post-thumbnail","hentry","category-destacado","category-sociedad","category-villa-maria"],"yoast_head":"<!-- This site is optimized with the Yoast SEO plugin v28.4 - https:\/\/yoast.com\/product\/yoast-seo-wordpress\/ -->\n<title>ACA Bio frena una inversi\u00f3n cercana a US$ 40 millones - El Regional<\/title>\n<meta name=\"robots\" content=\"index, follow, max-snippet:-1, max-image-preview:large, max-video-preview:-1\" \/>\n<link rel=\"canonical\" href=\"https:\/\/elregionalvm.com.ar\/noticias-villa-maria\/aca-bio-frena-una-inversion-cercana-a-us-40-millones\/\" \/>\n<meta property=\"og:locale\" content=\"es_ES\" \/>\n<meta property=\"og:type\" content=\"article\" \/>\n<meta property=\"og:title\" content=\"ACA Bio frena una inversi\u00f3n cercana a US$ 40 millones - El Regional\" \/>\n<meta property=\"og:description\" content=\"Santiago Acquaroli, gerente de la firma, indic\u00f3 que ese era el importe previsto para incrementar el volumen de producci\u00f3n de la planta. Luego de conocerse que la Resoluci\u00f3n 960\/2023 de la Secretar\u00eda de Energ\u00eda de la Naci\u00f3n, que ampl\u00eda el cupo para la producci\u00f3n de bioetanol destinado la mezcla con naftas,&nbsp;no incluy\u00f3 a la empresa [&hellip;]\" \/>\n<meta property=\"og:url\" content=\"https:\/\/elregionalvm.com.ar\/noticias-villa-maria\/aca-bio-frena-una-inversion-cercana-a-us-40-millones\/\" \/>\n<meta property=\"og:site_name\" content=\"El Regional\" \/>\n<meta property=\"article:publisher\" content=\"https:\/\/www.facebook.com\/elregionalvm\" \/>\n<meta property=\"article:published_time\" content=\"2023-12-01T21:16:02+00:00\" \/>\n<meta property=\"article:modified_time\" content=\"2023-12-01T21:16:03+00:00\" \/>\n<meta property=\"og:image\" content=\"https:\/\/elregionalvm.com.ar\/noticias-villa-maria\/wp-content\/uploads\/2023\/12\/ACA-BIO-VILLA-MARIA.webp\" \/>\n\t<meta property=\"og:image:width\" content=\"990\" \/>\n\t<meta property=\"og:image:height\" content=\"660\" \/>\n\t<meta property=\"og:image:type\" content=\"image\/webp\" \/>\n<meta name=\"author\" content=\"Contenidos El Regional\" \/>\n<meta name=\"twitter:card\" content=\"summary_large_image\" \/>\n<meta name=\"twitter:creator\" content=\"@elregionalvm1\" \/>\n<meta name=\"twitter:site\" content=\"@elregionalvm1\" \/>\n<meta name=\"twitter:label1\" content=\"Escrito por\" \/>\n\t<meta name=\"twitter:data1\" content=\"Contenidos El Regional\" \/>\n\t<meta name=\"twitter:label2\" content=\"Tiempo de lectura\" \/>\n\t<meta name=\"twitter:data2\" content=\"1 minuto\" \/>\n<script type=\"application\/ld+json\" class=\"yoast-schema-graph\">{\"@context\":\"https:\\\/\\\/schema.org\",\"@graph\":[{\"@type\":\"Article\",\"@id\":\"https:\\\/\\\/elregionalvm.com.ar\\\/noticias-villa-maria\\\/aca-bio-frena-una-inversion-cercana-a-us-40-millones\\\/#article\",\"isPartOf\":{\"@id\":\"https:\\\/\\\/elregionalvm.com.ar\\\/noticias-villa-maria\\\/aca-bio-frena-una-inversion-cercana-a-us-40-millones\\\/\"},\"author\":{\"name\":\"Contenidos El Regional\",\"@id\":\"http:\\\/\\\/elregionalvm.com.ar\\\/noticias-villa-maria\\\/#\\\/schema\\\/person\\\/a0fb9c422317faca23d50163151bc354\"},\"headline\":\"ACA Bio frena una inversi\u00f3n cercana a US$ 40 millones\",\"datePublished\":\"2023-12-01T21:16:02+00:00\",\"dateModified\":\"2023-12-01T21:16:03+00:00\",\"mainEntityOfPage\":{\"@id\":\"https:\\\/\\\/elregionalvm.com.ar\\\/noticias-villa-maria\\\/aca-bio-frena-una-inversion-cercana-a-us-40-millones\\\/\"},\"wordCount\":261,\"commentCount\":0,\"image\":{\"@id\":\"https:\\\/\\\/elregionalvm.com.ar\\\/noticias-villa-maria\\\/aca-bio-frena-una-inversion-cercana-a-us-40-millones\\\/#primaryimage\"},\"thumbnailUrl\":\"https:\\\/\\\/i0.wp.com\\\/elregionalvm.com.ar\\\/noticias-villa-maria\\\/wp-content\\\/uploads\\\/2023\\\/12\\\/ACA-BIO-VILLA-MARIA.webp?fit=990%2C660&ssl=1\",\"articleSection\":[\"destacado\",\"Sociedad\",\"Villa Mar\u00eda\"],\"inLanguage\":\"es\",\"potentialAction\":[{\"@type\":\"CommentAction\",\"name\":\"Comment\",\"target\":[\"https:\\\/\\\/elregionalvm.com.ar\\\/noticias-villa-maria\\\/aca-bio-frena-una-inversion-cercana-a-us-40-millones\\\/#respond\"]}]},{\"@type\":\"WebPage\",\"@id\":\"https:\\\/\\\/elregionalvm.com.ar\\\/noticias-villa-maria\\\/aca-bio-frena-una-inversion-cercana-a-us-40-millones\\\/\",\"url\":\"https:\\\/\\\/elregionalvm.com.ar\\\/noticias-villa-maria\\\/aca-bio-frena-una-inversion-cercana-a-us-40-millones\\\/\",\"name\":\"ACA Bio frena una inversi\u00f3n cercana a US$ 40 millones - El Regional\",\"isPartOf\":{\"@id\":\"http:\\\/\\\/elregionalvm.com.ar\\\/noticias-villa-maria\\\/#website\"},\"primaryImageOfPage\":{\"@id\":\"https:\\\/\\\/elregionalvm.com.ar\\\/noticias-villa-maria\\\/aca-bio-frena-una-inversion-cercana-a-us-40-millones\\\/#primaryimage\"},\"image\":{\"@id\":\"https:\\\/\\\/elregionalvm.com.ar\\\/noticias-villa-maria\\\/aca-bio-frena-una-inversion-cercana-a-us-40-millones\\\/#primaryimage\"},\"thumbnailUrl\":\"https:\\\/\\\/i0.wp.com\\\/elregionalvm.com.ar\\\/noticias-villa-maria\\\/wp-content\\\/uploads\\\/2023\\\/12\\\/ACA-BIO-VILLA-MARIA.webp?fit=990%2C660&ssl=1\",\"datePublished\":\"2023-12-01T21:16:02+00:00\",\"dateModified\":\"2023-12-01T21:16:03+00:00\",\"author\":{\"@id\":\"http:\\\/\\\/elregionalvm.com.ar\\\/noticias-villa-maria\\\/#\\\/schema\\\/person\\\/a0fb9c422317faca23d50163151bc354\"},\"breadcrumb\":{\"@id\":\"https:\\\/\\\/elregionalvm.com.ar\\\/noticias-villa-maria\\\/aca-bio-frena-una-inversion-cercana-a-us-40-millones\\\/#breadcrumb\"},\"inLanguage\":\"es\",\"potentialAction\":[{\"@type\":\"ReadAction\",\"target\":[\"https:\\\/\\\/elregionalvm.com.ar\\\/noticias-villa-maria\\\/aca-bio-frena-una-inversion-cercana-a-us-40-millones\\\/\"]}]},{\"@type\":\"ImageObject\",\"inLanguage\":\"es\",\"@id\":\"https:\\\/\\\/elregionalvm.com.ar\\\/noticias-villa-maria\\\/aca-bio-frena-una-inversion-cercana-a-us-40-millones\\\/#primaryimage\",\"url\":\"https:\\\/\\\/i0.wp.com\\\/elregionalvm.com.ar\\\/noticias-villa-maria\\\/wp-content\\\/uploads\\\/2023\\\/12\\\/ACA-BIO-VILLA-MARIA.webp?fit=990%2C660&ssl=1\",\"contentUrl\":\"https:\\\/\\\/i0.wp.com\\\/elregionalvm.com.ar\\\/noticias-villa-maria\\\/wp-content\\\/uploads\\\/2023\\\/12\\\/ACA-BIO-VILLA-MARIA.webp?fit=990%2C660&ssl=1\",\"width\":990,\"height\":660},{\"@type\":\"BreadcrumbList\",\"@id\":\"https:\\\/\\\/elregionalvm.com.ar\\\/noticias-villa-maria\\\/aca-bio-frena-una-inversion-cercana-a-us-40-millones\\\/#breadcrumb\",\"itemListElement\":[{\"@type\":\"ListItem\",\"position\":1,\"name\":\"Portada\",\"item\":\"https:\\\/\\\/elregionalvm.com.ar\\\/noticias-villa-maria\\\/\"},{\"@type\":\"ListItem\",\"position\":2,\"name\":\"ACA Bio frena una inversi\u00f3n cercana a US$ 40 millones\"}]},{\"@type\":\"WebSite\",\"@id\":\"http:\\\/\\\/elregionalvm.com.ar\\\/noticias-villa-maria\\\/#website\",\"url\":\"http:\\\/\\\/elregionalvm.com.ar\\\/noticias-villa-maria\\\/\",\"name\":\"El Regional\",\"description\":\"Mucho m\u00e1s que informaci\u00f3n\",\"potentialAction\":[{\"@type\":\"SearchAction\",\"target\":{\"@type\":\"EntryPoint\",\"urlTemplate\":\"http:\\\/\\\/elregionalvm.com.ar\\\/noticias-villa-maria\\\/?s={search_term_string}\"},\"query-input\":{\"@type\":\"PropertyValueSpecification\",\"valueRequired\":true,\"valueName\":\"search_term_string\"}}],\"inLanguage\":\"es\"},{\"@type\":\"Person\",\"@id\":\"http:\\\/\\\/elregionalvm.com.ar\\\/noticias-villa-maria\\\/#\\\/schema\\\/person\\\/a0fb9c422317faca23d50163151bc354\",\"name\":\"Contenidos El Regional\",\"image\":{\"@type\":\"ImageObject\",\"inLanguage\":\"es\",\"@id\":\"https:\\\/\\\/secure.gravatar.com\\\/avatar\\\/265b27cb2209af7bb3a1318f03305787d7981a5cc6e6cd08fe5a4ecdf99d4b48?s=96&d=mm&r=g\",\"url\":\"https:\\\/\\\/secure.gravatar.com\\\/avatar\\\/265b27cb2209af7bb3a1318f03305787d7981a5cc6e6cd08fe5a4ecdf99d4b48?s=96&d=mm&r=g\",\"contentUrl\":\"https:\\\/\\\/secure.gravatar.com\\\/avatar\\\/265b27cb2209af7bb3a1318f03305787d7981a5cc6e6cd08fe5a4ecdf99d4b48?s=96&d=mm&r=g\",\"caption\":\"Contenidos El Regional\"},\"url\":\"https:\\\/\\\/elregionalvm.com.ar\\\/noticias-villa-maria\\\/author\\\/contenido\\\/\"}]}<\/script>\n<!-- \/ Yoast SEO plugin. -->","yoast_head_json":{"title":"ACA Bio frena una inversi\u00f3n cercana a US$ 40 millones - El Regional","robots":{"index":"index","follow":"follow","max-snippet":"max-snippet:-1","max-image-preview":"max-image-preview:large","max-video-preview":"max-video-preview:-1"},"canonical":"https:\/\/elregionalvm.com.ar\/noticias-villa-maria\/aca-bio-frena-una-inversion-cercana-a-us-40-millones\/","og_locale":"es_ES","og_type":"article","og_title":"ACA Bio frena una inversi\u00f3n cercana a US$ 40 millones - El Regional","og_description":"Santiago Acquaroli, gerente de la firma, indic\u00f3 que ese era el importe previsto para incrementar el volumen de producci\u00f3n de la planta. Luego de conocerse que la Resoluci\u00f3n 960\/2023 de la Secretar\u00eda de Energ\u00eda de la Naci\u00f3n, que ampl\u00eda el cupo para la producci\u00f3n de bioetanol destinado la mezcla con naftas,&nbsp;no incluy\u00f3 a la empresa [&hellip;]","og_url":"https:\/\/elregionalvm.com.ar\/noticias-villa-maria\/aca-bio-frena-una-inversion-cercana-a-us-40-millones\/","og_site_name":"El Regional","article_publisher":"https:\/\/www.facebook.com\/elregionalvm","article_published_time":"2023-12-01T21:16:02+00:00","article_modified_time":"2023-12-01T21:16:03+00:00","og_image":[{"width":990,"height":660,"url":"https:\/\/elregionalvm.com.ar\/noticias-villa-maria\/wp-content\/uploads\/2023\/12\/ACA-BIO-VILLA-MARIA.webp","type":"image\/webp"}],"author":"Contenidos El Regional","twitter_card":"summary_large_image","twitter_creator":"@elregionalvm1","twitter_site":"@elregionalvm1","twitter_misc":{"Escrito por":"Contenidos El Regional","Tiempo de lectura":"1 minuto"},"schema":{"@context":"https:\/\/schema.org","@graph":[{"@type":"Article","@id":"https:\/\/elregionalvm.com.ar\/noticias-villa-maria\/aca-bio-frena-una-inversion-cercana-a-us-40-millones\/#article","isPartOf":{"@id":"https:\/\/elregionalvm.com.ar\/noticias-villa-maria\/aca-bio-frena-una-inversion-cercana-a-us-40-millones\/"},"author":{"name":"Contenidos El Regional","@id":"http:\/\/elregionalvm.com.ar\/noticias-villa-maria\/#\/schema\/person\/a0fb9c422317faca23d50163151bc354"},"headline":"ACA Bio frena una inversi\u00f3n cercana a US$ 40 millones","datePublished":"2023-12-01T21:16:02+00:00","dateModified":"2023-12-01T21:16:03+00:00","mainEntityOfPage":{"@id":"https:\/\/elregionalvm.com.ar\/noticias-villa-maria\/aca-bio-frena-una-inversion-cercana-a-us-40-millones\/"},"wordCount":261,"commentCount":0,"image":{"@id":"https:\/\/elregionalvm.com.ar\/noticias-villa-maria\/aca-bio-frena-una-inversion-cercana-a-us-40-millones\/#primaryimage"},"thumbnailUrl":"https:\/\/i0.wp.com\/elregionalvm.com.ar\/noticias-villa-maria\/wp-content\/uploads\/2023\/12\/ACA-BIO-VILLA-MARIA.webp?fit=990%2C660&ssl=1","articleSection":["destacado","Sociedad","Villa Mar\u00eda"],"inLanguage":"es","potentialAction":[{"@type":"CommentAction","name":"Comment","target":["https:\/\/elregionalvm.com.ar\/noticias-villa-maria\/aca-bio-frena-una-inversion-cercana-a-us-40-millones\/#respond"]}]},{"@type":"WebPage","@id":"https:\/\/elregionalvm.com.ar\/noticias-villa-maria\/aca-bio-frena-una-inversion-cercana-a-us-40-millones\/","url":"https:\/\/elregionalvm.com.ar\/noticias-villa-maria\/aca-bio-frena-una-inversion-cercana-a-us-40-millones\/","name":"ACA Bio frena una inversi\u00f3n cercana a US$ 40 millones - El Regional","isPartOf":{"@id":"http:\/\/elregionalvm.com.ar\/noticias-villa-maria\/#website"},"primaryImageOfPage":{"@id":"https:\/\/elregionalvm.com.ar\/noticias-villa-maria\/aca-bio-frena-una-inversion-cercana-a-us-40-millones\/#primaryimage"},"image":{"@id":"https:\/\/elregionalvm.com.ar\/noticias-villa-maria\/aca-bio-frena-una-inversion-cercana-a-us-40-millones\/#primaryimage"},"thumbnailUrl":"https:\/\/i0.wp.com\/elregionalvm.com.ar\/noticias-villa-maria\/wp-content\/uploads\/2023\/12\/ACA-BIO-VILLA-MARIA.webp?fit=990%2C660&ssl=1","datePublished":"2023-12-01T21:16:02+00:00","dateModified":"2023-12-01T21:16:03+00:00","author":{"@id":"http:\/\/elregionalvm.com.ar\/noticias-villa-maria\/#\/schema\/person\/a0fb9c422317faca23d50163151bc354"},"breadcrumb":{"@id":"https:\/\/elregionalvm.com.ar\/noticias-villa-maria\/aca-bio-frena-una-inversion-cercana-a-us-40-millones\/#breadcrumb"},"inLanguage":"es","potentialAction":[{"@type":"ReadAction","target":["https:\/\/elregionalvm.com.ar\/noticias-villa-maria\/aca-bio-frena-una-inversion-cercana-a-us-40-millones\/"]}]},{"@type":"ImageObject","inLanguage":"es","@id":"https:\/\/elregionalvm.com.ar\/noticias-villa-maria\/aca-bio-frena-una-inversion-cercana-a-us-40-millones\/#primaryimage","url":"https:\/\/i0.wp.com\/elregionalvm.com.ar\/noticias-villa-maria\/wp-content\/uploads\/2023\/12\/ACA-BIO-VILLA-MARIA.webp?fit=990%2C660&ssl=1","contentUrl":"https:\/\/i0.wp.com\/elregionalvm.com.ar\/noticias-villa-maria\/wp-content\/uploads\/2023\/12\/ACA-BIO-VILLA-MARIA.webp?fit=990%2C660&ssl=1","width":990,"height":660},{"@type":"BreadcrumbList","@id":"https:\/\/elregionalvm.com.ar\/noticias-villa-maria\/aca-bio-frena-una-inversion-cercana-a-us-40-millones\/#breadcrumb","itemListElement":[{"@type":"ListItem","position":1,"name":"Portada","item":"https:\/\/elregionalvm.com.ar\/noticias-villa-maria\/"},{"@type":"ListItem","position":2,"name":"ACA Bio frena una inversi\u00f3n cercana a US$ 40 millones"}]},{"@type":"WebSite","@id":"http:\/\/elregionalvm.com.ar\/noticias-villa-maria\/#website","url":"http:\/\/elregionalvm.com.ar\/noticias-villa-maria\/","name":"El Regional","description":"Mucho m\u00e1s que informaci\u00f3n","potentialAction":[{"@type":"SearchAction","target":{"@type":"EntryPoint","urlTemplate":"http:\/\/elregionalvm.com.ar\/noticias-villa-maria\/?s={search_term_string}"},"query-input":{"@type":"PropertyValueSpecification","valueRequired":true,"valueName":"search_term_string"}}],"inLanguage":"es"},{"@type":"Person","@id":"http:\/\/elregionalvm.com.ar\/noticias-villa-maria\/#\/schema\/person\/a0fb9c422317faca23d50163151bc354","name":"Contenidos El Regional","image":{"@type":"ImageObject","inLanguage":"es","@id":"https:\/\/secure.gravatar.com\/avatar\/265b27cb2209af7bb3a1318f03305787d7981a5cc6e6cd08fe5a4ecdf99d4b48?s=96&d=mm&r=g","url":"https:\/\/secure.gravatar.com\/avatar\/265b27cb2209af7bb3a1318f03305787d7981a5cc6e6cd08fe5a4ecdf99d4b48?s=96&d=mm&r=g","contentUrl":"https:\/\/secure.gravatar.com\/avatar\/265b27cb2209af7bb3a1318f03305787d7981a5cc6e6cd08fe5a4ecdf99d4b48?s=96&d=mm&r=g","caption":"Contenidos El Regional"},"url":"https:\/\/elregionalvm.com.ar\/noticias-villa-maria\/author\/contenido\/"}]}},"jetpack_sharing_enabled":true,"jetpack_featured_media_url":"https:\/\/i0.wp.com\/elregionalvm.com.ar\/noticias-villa-maria\/wp-content\/uploads\/2023\/12\/ACA-BIO-VILLA-MARIA.webp?fit=990%2C660&ssl=1","_links":{"self":[{"href":"https:\/\/elregionalvm.com.ar\/noticias-villa-maria\/wp-json\/wp\/v2\/posts\/86561","targetHints":{"allow":["GET"]}}],"collection":[{"href":"https:\/\/elregionalvm.com.ar\/noticias-villa-maria\/wp-json\/wp\/v2\/posts"}],"about":[{"href":"https:\/\/elregionalvm.com.ar\/noticias-villa-maria\/wp-json\/wp\/v2\/types\/post"}],"author":[{"embeddable":true,"href":"https:\/\/elregionalvm.com.ar\/noticias-villa-maria\/wp-json\/wp\/v2\/users\/4"}],"replies":[{"embeddable":true,"href":"https:\/\/elregionalvm.com.ar\/noticias-villa-maria\/wp-json\/wp\/v2\/comments?post=86561"}],"version-history":[{"count":1,"href":"https:\/\/elregionalvm.com.ar\/noticias-villa-maria\/wp-json\/wp\/v2\/posts\/86561\/revisions"}],"predecessor-version":[{"id":86563,"href":"https:\/\/elregionalvm.com.ar\/noticias-villa-maria\/wp-json\/wp\/v2\/posts\/86561\/revisions\/86563"}],"wp:featuredmedia":[{"embeddable":true,"href":"https:\/\/elregionalvm.com.ar\/noticias-villa-maria\/wp-json\/wp\/v2\/media\/86562"}],"wp:attachment":[{"href":"https:\/\/elregionalvm.com.ar\/noticias-villa-maria\/wp-json\/wp\/v2\/media?parent=86561"}],"wp:term":[{"taxonomy":"category","embeddable":true,"href":"https:\/\/elregionalvm.com.ar\/noticias-villa-maria\/wp-json\/wp\/v2\/categories?post=86561"},{"taxonomy":"post_tag","embeddable":true,"href":"https:\/\/elregionalvm.com.ar\/noticias-villa-maria\/wp-json\/wp\/v2\/tags?post=86561"}],"curies":[{"name":"wp","href":"https:\/\/api.w.org\/{rel}","templated":true}]}}