{"id":86578,"date":"2023-12-01T21:40:18","date_gmt":"2023-12-01T21:40:18","guid":{"rendered":"https:\/\/elregionalvm.com.ar\/noticias-villa-maria\/?p=86578"},"modified":"2023-12-02T05:43:26","modified_gmt":"2023-12-02T05:43:26","slug":"sentencia-final-condena-de-12-anos-para-pampero-barrera-y-6-anos-para-la-concejal-vivo","status":"publish","type":"post","link":"https:\/\/elregionalvm.com.ar\/noticias-villa-maria\/sentencia-final-condena-de-12-anos-para-pampero-barrera-y-6-anos-para-la-concejal-vivo\/","title":{"rendered":"Sentencia final: condena de 12 a\u00f1os para \u00abPampero\u00bb Barrera y 6 a\u00f1os para la concejal Viv\u00f3"},"content":{"rendered":"\n<p class=\"wp-block-paragraph\"><strong>La C\u00e1mara del Crimen de Villa Mar\u00eda finalmente dict\u00f3 sentencia en el juicio por delitos sexuales contra el ex funcionario municipal&nbsp;<a href=\"https:\/\/villamariavivo.com\/tag\/jorge-pampero-barrera\/\">Jorge \u201cPampero\u201d Barrera<\/a>&nbsp;y la concejal del oficialismo&nbsp;<a href=\"https:\/\/villamariavivo.com\/tag\/veronica-vivo\/\">Ver\u00f3nica Viv\u00f3<\/a>.<\/strong><\/p>\n\n\n\n<p class=\"wp-block-paragraph\">En un juicio a puertas cerradas, y luego de varias jornadas de audiencia, el jurado finalmente tom\u00f3 una decisi\u00f3n:\u00a0<strong>condenar a 12 a\u00f1os de prisi\u00f3n a Jorge Barrera, y a 6 a\u00f1os a Ver\u00f3nica Viv\u00f3, quien sin embargo seguir\u00e1 en libertad hasta tanto quede firme la sentencia.<\/strong><\/p>\n\n\n\n<figure class=\"wp-block-image size-full\"><img data-recalc-dims=\"1\" fetchpriority=\"high\" decoding=\"async\" width=\"600\" height=\"315\" src=\"https:\/\/i0.wp.com\/elregionalvm.com.ar\/noticias-villa-maria\/wp-content\/uploads\/2023\/12\/audiencia-final-sentencia-juicio-pampero-barrera-vivo.jpg?resize=600%2C315&#038;ssl=1\" alt=\"\" class=\"wp-image-86580\" srcset=\"https:\/\/i0.wp.com\/elregionalvm.com.ar\/noticias-villa-maria\/wp-content\/uploads\/2023\/12\/audiencia-final-sentencia-juicio-pampero-barrera-vivo.jpg?w=600&amp;ssl=1 600w, https:\/\/i0.wp.com\/elregionalvm.com.ar\/noticias-villa-maria\/wp-content\/uploads\/2023\/12\/audiencia-final-sentencia-juicio-pampero-barrera-vivo.jpg?resize=300%2C158&amp;ssl=1 300w\" sizes=\"(max-width: 600px) 100vw, 600px\" \/><\/figure>\n\n\n\n<p class=\"wp-block-paragraph\">El 26 de diciembre se dan a conocer los argumentos de la sentencia.<\/p>\n\n\n\n<p class=\"wp-block-paragraph\">La audiencia final por este juicio comenz\u00f3 alrededor de las 11:00 horas de este viernes 1\u00ba de diciembre.<\/p>\n\n\n\n<p class=\"wp-block-paragraph\"><strong>Mientras la sentencia era le\u00edda en el quinto piso del Tribunales, la prensa pudo seguir esta instancia final desde la planta baja, a trav\u00e9s del sistema de audio y video de la C\u00e1mara del Crimen.<\/strong><\/p>\n\n\n\n<h4 class=\"wp-block-heading\"><strong>\u00daltimas palabras previas a la sentencia<\/strong><\/h4>\n\n\n\n<p class=\"wp-block-paragraph\">Los acusados y una de las v\u00edctimas ten\u00edan la oportunidad de dar&nbsp;<strong>la \u00faltima palabra,<\/strong>&nbsp;previo al cuarto intermedio que la jueza dispuso, para luego dar a conocer el veredicto.<\/p>\n\n\n\n<p class=\"wp-block-paragraph\">De acuerdo a lo que trascendi\u00f3, una v\u00edctima pidi\u00f3 que se hiciera\u00a0<strong>\u201cjusticia\u201d para poder as\u00ed \u201csuperar el infierno\u201d que dijo haber padecido en torno al caso.<\/strong><\/p>\n\n\n\n<p class=\"wp-block-paragraph\">Por su lado, los acusados hicieron sus descargos, apuntando a un supuesto&nbsp;<strong>\u201carmado pol\u00edtico\u201d<\/strong>&nbsp;detr\u00e1s de las acusaciones en su contra.<\/p>\n\n\n\n<h4 class=\"wp-block-heading\"><strong>Llegada de Viv\u00f3 a Tribunales<\/strong><\/h4>\n\n\n\n<p class=\"wp-block-paragraph\">Como la concejal Viv\u00f3 no fue detenida en esta causa, toda la instancia del juicio la atraves\u00f3 en libertad.<\/p>\n\n\n\n<figure class=\"wp-block-image size-full\"><img data-recalc-dims=\"1\" decoding=\"async\" width=\"600\" height=\"315\" src=\"https:\/\/i0.wp.com\/elregionalvm.com.ar\/noticias-villa-maria\/wp-content\/uploads\/2023\/12\/concejal-veronica-vivo-tribunales.jpg?resize=600%2C315&#038;ssl=1\" alt=\"\" class=\"wp-image-86579\" srcset=\"https:\/\/i0.wp.com\/elregionalvm.com.ar\/noticias-villa-maria\/wp-content\/uploads\/2023\/12\/concejal-veronica-vivo-tribunales.jpg?w=600&amp;ssl=1 600w, https:\/\/i0.wp.com\/elregionalvm.com.ar\/noticias-villa-maria\/wp-content\/uploads\/2023\/12\/concejal-veronica-vivo-tribunales.jpg?resize=300%2C158&amp;ssl=1 300w\" sizes=\"(max-width: 600px) 100vw, 600px\" \/><\/figure>\n\n\n\n<p class=\"wp-block-paragraph\">Para el momento de la sentencia, tuvo que hacerse presente en el edificio de calle General Paz, donde la prensa esperaba con expectativa la definici\u00f3n del juicio.<\/p>\n\n\n\n<h4 class=\"wp-block-heading\"><strong>Las acusaciones en contra de Barrera y Viv\u00f3<\/strong><\/h4>\n\n\n\n<p class=\"wp-block-paragraph\">Jorge \u201cPampero\u201d Barrera lleg\u00f3 a este juicio privado de libertad y&nbsp; acusado de los delitos de&nbsp;<strong>\u201cabuso sexual simple reiterado\u201d, \u201dabuso sexual con acceso carnal reiterado\u201d y \u201cabuso sexual con acceso carnal en grado de tentativa\u201d.<\/strong><\/p>\n\n\n\n<p class=\"wp-block-paragraph\">En tanto, la concejal Ver\u00f3nica Viv\u00f3 lo hizo en libertad, imputada por el delito de<strong>&nbsp;\u201cpart\u00edcipe necesaria\u201d en uno de los casos de abuso.<\/strong><\/p>\n\n\n\n<h4 class=\"wp-block-heading\"><strong>Las penas solicitadas<\/strong><\/h4>\n\n\n\n<p class=\"wp-block-paragraph\">En la audiencia correspondiente a los alegatos, el fiscal de C\u00e1mara,&nbsp;<strong>Ren\u00e9 Bosio,&nbsp;<a href=\"https:\/\/villamariavivo.com\/la-fiscalia-pidio-12-anos-para-barrera-y-6-para-la-concejal-vivo\/\">solicit\u00f3 una pena de 12 a\u00f1os de prisi\u00f3n para Barrera<\/a>.<\/strong><\/p>\n\n\n\n<p class=\"wp-block-paragraph\"><strong>Para Viv\u00f3, pidi\u00f3 6 a\u00f1os con la salvedad de que quede en libertad hasta que la sentencia quede firme.<\/strong><\/p>\n\n\n\n<p class=\"wp-block-paragraph\">En el juicio tambi\u00e9n particip\u00f3<strong>&nbsp;Alexis Andrada,<\/strong>&nbsp;abogado que&nbsp;<strong>representa a la querella y quien coincidi\u00f3 con los pedidos del fiscal.<\/strong><\/p>\n\n\n\n<p class=\"wp-block-paragraph\">En tanto,<strong>&nbsp;la defensa de los imputados solicit\u00f3 la absoluci\u00f3n para los dos.<\/strong><\/p>\n\n\n\n<p class=\"wp-block-paragraph\">Viv\u00f3 fue representada en el juicio por el abogado\u00a0<strong>Dar\u00edo Vezzaro,<\/strong>\u00a0y Barrera por los letrados\u00a0<strong>Luciana Laguzzi y Facundo Rodr\u00edguez de la Torre.<\/strong><\/p>\n\n\n\n<h4 class=\"wp-block-heading\"><strong>Otra causa pendiente para Pampero<\/strong><\/h4>\n\n\n\n<p class=\"wp-block-paragraph\">Estando detenido por este caso en el que se lo acus\u00f3 de ser supuesto autor de delitos sexuales, Jorge Pampero Barrera sum\u00f3 una nueva causa:<strong><a href=\"https:\/\/villamariavivo.com\/imputan-a-pampero-por-negociaciones-incompatibles-en-la-funcion-publica\/\">&nbsp;se lo acusa de negociaciones incompatibles mientras era funcionario p\u00fablico<\/a>.<\/strong><\/p>\n\n\n\n<p class=\"wp-block-paragraph\">La imputaci\u00f3n se vincula a la investigaci\u00f3n por concesiones para el<strong>&nbsp;mantenimiento de espacios verdes que habr\u00edan iniciado en 2011.<\/strong><\/p>\n\n\n\n<p class=\"wp-block-paragraph\">Este caso surgi\u00f3 tras la detenci\u00f3n del hombre por abuso sexual, que luego deriv\u00f3 en la investigaci\u00f3n por las licitaciones.<\/p>\n\n\n\n<p class=\"wp-block-paragraph\">Para ello, la fiscal\u00eda de Instrucci\u00f3n de Segundo Turno a cargo de&nbsp;<strong>Juliana Companys<\/strong>&nbsp;realiz\u00f3<strong>&nbsp;allanamientos en el municipio, precisamente en el \u00e1rea de Econom\u00eda.<\/strong><\/p>\n\n\n\n<p class=\"wp-block-paragraph\">Tambi\u00e9n existieron allanamientos en domicilios de diferentes personas por esta causa.<\/p>\n\n\n\n<h4 class=\"wp-block-heading\"><strong>C\u00f3mo comenz\u00f3 \u201cEl caso Pampero\u201d<\/strong><\/h4>\n\n\n\n<p class=\"wp-block-paragraph\">Jorge Barrera, conocido popularmente por su apodo<strong>&nbsp;\u201cPampero\u201d,&nbsp;<a href=\"https:\/\/villamariavivo.com\/confirman-la-prision-preventiva-para-pampero-barrera\/\">fue&nbsp;detenido el 16 de diciembre<\/a><\/strong>&nbsp;<strong>de 2021<\/strong>&nbsp;por supuesto autor de abuso sexual con acceso carnal.<\/p>\n\n\n\n<p class=\"wp-block-paragraph\">En principio se trataba de un solo caso, pero d\u00edas despu\u00e9s&nbsp;<strong>se sum\u00f3 otra denuncia<\/strong>&nbsp;por el mismo delito.<\/p>\n\n\n\n<p class=\"wp-block-paragraph\">Respecto a los casos de abuso, en un primer momento el abogado de Pampero dijo que el acusado negaba ser responsable de los hechos y que \u00ab<a href=\"https:\/\/villamariavivo.com\/abogado-pampero-barrera-tranquilo-niega-responsable\/\">se encontraba tranquilo<\/a>\u00bb.<\/p>\n\n\n\n<p class=\"wp-block-paragraph\">Desde su detenci\u00f3n, que pas\u00f3 de ser en la alcaid\u00eda policial a la c\u00e1rcel de barrio Belgrano, el exfuncionario nunca recuper\u00f3 la libertad.<\/p>\n\n\n\n<h4 class=\"wp-block-heading\"><strong>La relaci\u00f3n de los acusados con el Municipio<\/strong><\/h4>\n\n\n\n<p class=\"wp-block-paragraph\"><strong>Al momento de ser detenido, era todav\u00eda funcionario municipal.&nbsp;<\/strong><\/p>\n\n\n\n<p class=\"wp-block-paragraph\">Este lunes 20 de diciembre, a trav\u00e9s de su abogado,&nbsp;<strong><a href=\"https:\/\/www.facebook.com\/nestorjorge.barrera\">N\u00e9stor Jorge \u201cPampero\u201d Barrera<\/a>&nbsp;present\u00f3 su renuncia al cargo de Director de Participaci\u00f3n Vecinal.<\/strong><\/p>\n\n\n\n<p class=\"wp-block-paragraph\">La informaci\u00f3n fue dada a conocer en ese momento por el propio municipio.<\/p>\n\n\n\n<p class=\"wp-block-paragraph\">Se trata de un puesto del Ejecutivo local y la dimisi\u00f3n fue inmediatamente aceptada por\u00a0la Municipalidad de Villa Mar\u00eda.<\/p>\n\n\n\n<p class=\"wp-block-paragraph\"><em>\u201cDe manera de evitar cualquier incompatibilidad o entorpecimiento en la labor de la Justicia\u201d<\/em>, explicaron desde el municipio.<\/p>\n\n\n\n<p class=\"wp-block-paragraph\"><strong>Su esposa, la concejal Ver\u00f3nica Viv\u00f3, pidi\u00f3 licencia los seis meses que le permit\u00edan la Carta Org\u00e1nica, y&nbsp;<a href=\"https:\/\/villamariavivo.com\/vivo-retomo-funciones-concejal\/\">luego se reincorpor\u00f3 al bloque del oficialismo<\/a>.<\/strong><\/p>\n\n\n\n<p class=\"wp-block-paragraph\"><strong>Mantuvo su puesto de concejal y nunca estuvo detenida.<\/strong><\/p>\n\n\n\n<p class=\"wp-block-paragraph\">Fuente\/Gentileza: Villa Mar\u00eda VIVO<\/p>\n","protected":false},"excerpt":{"rendered":"<p>La C\u00e1mara del Crimen de Villa Mar\u00eda finalmente dict\u00f3 sentencia en el juicio por delitos sexuales contra el ex funcionario municipal&nbsp;Jorge \u201cPampero\u201d Barrera&nbsp;y la concejal del oficialismo&nbsp;Ver\u00f3nica Viv\u00f3. En un juicio a puertas cerradas, y luego de varias jornadas de audiencia, el jurado finalmente tom\u00f3 una decisi\u00f3n:\u00a0condenar a 12 a\u00f1os de prisi\u00f3n a Jorge Barrera, [&hellip;]<\/p>\n","protected":false},"author":4,"featured_media":86581,"comment_status":"open","ping_status":"open","sticky":false,"template":"","format":"standard","meta":{"site-sidebar-layout":"default","site-content-layout":"","ast-site-content-layout":"default","site-content-style":"default","site-sidebar-style":"default","ast-global-header-display":"","ast-banner-title-visibility":"","ast-main-header-display":"","ast-hfb-above-header-display":"","ast-hfb-below-header-display":"","ast-hfb-mobile-header-display":"","site-post-title":"","ast-breadcrumbs-content":"","ast-featured-img":"","footer-sml-layout":"","ast-disable-related-posts":"","theme-transparent-header-meta":"","adv-header-id-meta":"","stick-header-meta":"","header-above-stick-meta":"","header-main-stick-meta":"","header-below-stick-meta":"","astra-migrate-meta-layouts":"set","ast-page-background-enabled":"default","ast-page-background-meta":{"desktop":{"background-color":"","background-image":"","background-repeat":"repeat","background-position":"center center","background-size":"auto","background-attachment":"scroll","background-type":"","background-media":"","overlay-type":"","overlay-color":"","overlay-opacity":"","overlay-gradient":""},"tablet":{"background-color":"","background-image":"","background-repeat":"repeat","background-position":"center center","background-size":"auto","background-attachment":"scroll","background-type":"","background-media":"","overlay-type":"","overlay-color":"","overlay-opacity":"","overlay-gradient":""},"mobile":{"background-color":"","background-image":"","background-repeat":"repeat","background-position":"center center","background-size":"auto","background-attachment":"scroll","background-type":"","background-media":"","overlay-type":"","overlay-color":"","overlay-opacity":"","overlay-gradient":""}},"ast-content-background-meta":{"desktop":{"background-color":"var(--ast-global-color-5)","background-image":"","background-repeat":"repeat","background-position":"center center","background-size":"auto","background-attachment":"scroll","background-type":"","background-media":"","overlay-type":"","overlay-color":"","overlay-opacity":"","overlay-gradient":""},"tablet":{"background-color":"var(--ast-global-color-5)","background-image":"","background-repeat":"repeat","background-position":"center center","background-size":"auto","background-attachment":"scroll","background-type":"","background-media":"","overlay-type":"","overlay-color":"","overlay-opacity":"","overlay-gradient":""},"mobile":{"background-color":"var(--ast-global-color-5)","background-image":"","background-repeat":"repeat","background-position":"center center","background-size":"auto","background-attachment":"scroll","background-type":"","background-media":"","overlay-type":"","overlay-color":"","overlay-opacity":"","overlay-gradient":""}},"_jetpack_newsletter_access":"","_jetpack_dont_email_post_to_subs":false,"_jetpack_newsletter_tier_id":0,"_jetpack_memberships_contains_paywalled_content":false,"_jetpack_memberships_contains_paid_content":false,"_joinchat":[],"footnotes":""},"categories":[15302,2234,5,2],"tags":[],"class_list":["post-86578","post","type-post","status-publish","format-standard","has-post-thumbnail","hentry","category-destacado","category-policiales","category-sociedad","category-villa-maria"],"yoast_head":"<!-- This site is optimized with the Yoast SEO plugin v28.4 - https:\/\/yoast.com\/product\/yoast-seo-wordpress\/ -->\n<title>Sentencia final: condena de 12 a\u00f1os para &quot;Pampero&quot; Barrera y 6 a\u00f1os para la concejal Viv\u00f3 - El Regional<\/title>\n<meta name=\"robots\" content=\"index, follow, max-snippet:-1, max-image-preview:large, max-video-preview:-1\" \/>\n<link rel=\"canonical\" href=\"https:\/\/elregionalvm.com.ar\/noticias-villa-maria\/sentencia-final-condena-de-12-anos-para-pampero-barrera-y-6-anos-para-la-concejal-vivo\/\" \/>\n<meta property=\"og:locale\" content=\"es_ES\" \/>\n<meta property=\"og:type\" content=\"article\" \/>\n<meta property=\"og:title\" content=\"Sentencia final: condena de 12 a\u00f1os para &quot;Pampero&quot; Barrera y 6 a\u00f1os para la concejal Viv\u00f3 - El Regional\" \/>\n<meta property=\"og:description\" content=\"La C\u00e1mara del Crimen de Villa Mar\u00eda finalmente dict\u00f3 sentencia en el juicio por delitos sexuales contra el ex funcionario municipal&nbsp;Jorge \u201cPampero\u201d Barrera&nbsp;y la concejal del oficialismo&nbsp;Ver\u00f3nica Viv\u00f3. En un juicio a puertas cerradas, y luego de varias jornadas de audiencia, el jurado finalmente tom\u00f3 una decisi\u00f3n:\u00a0condenar a 12 a\u00f1os de prisi\u00f3n a Jorge Barrera, [&hellip;]\" \/>\n<meta property=\"og:url\" content=\"https:\/\/elregionalvm.com.ar\/noticias-villa-maria\/sentencia-final-condena-de-12-anos-para-pampero-barrera-y-6-anos-para-la-concejal-vivo\/\" \/>\n<meta property=\"og:site_name\" content=\"El Regional\" \/>\n<meta property=\"article:publisher\" content=\"https:\/\/www.facebook.com\/elregionalvm\" \/>\n<meta property=\"article:published_time\" content=\"2023-12-01T21:40:18+00:00\" \/>\n<meta property=\"article:modified_time\" content=\"2023-12-02T05:43:26+00:00\" \/>\n<meta property=\"og:image\" content=\"https:\/\/elregionalvm.com.ar\/noticias-villa-maria\/wp-content\/uploads\/2023\/12\/sentencia-pampero-barrera-veronica-vivo.jpg\" \/>\n\t<meta property=\"og:image:width\" content=\"600\" \/>\n\t<meta property=\"og:image:height\" content=\"315\" \/>\n\t<meta property=\"og:image:type\" content=\"image\/jpeg\" \/>\n<meta name=\"author\" content=\"Contenidos El Regional\" \/>\n<meta name=\"twitter:card\" content=\"summary_large_image\" \/>\n<meta name=\"twitter:creator\" content=\"@elregionalvm1\" \/>\n<meta name=\"twitter:site\" content=\"@elregionalvm1\" \/>\n<meta name=\"twitter:label1\" content=\"Escrito por\" \/>\n\t<meta name=\"twitter:data1\" content=\"Contenidos El Regional\" \/>\n\t<meta name=\"twitter:label2\" content=\"Tiempo de lectura\" \/>\n\t<meta name=\"twitter:data2\" content=\"4 minutos\" \/>\n<script type=\"application\/ld+json\" class=\"yoast-schema-graph\">{\"@context\":\"https:\\\/\\\/schema.org\",\"@graph\":[{\"@type\":\"Article\",\"@id\":\"https:\\\/\\\/elregionalvm.com.ar\\\/noticias-villa-maria\\\/sentencia-final-condena-de-12-anos-para-pampero-barrera-y-6-anos-para-la-concejal-vivo\\\/#article\",\"isPartOf\":{\"@id\":\"https:\\\/\\\/elregionalvm.com.ar\\\/noticias-villa-maria\\\/sentencia-final-condena-de-12-anos-para-pampero-barrera-y-6-anos-para-la-concejal-vivo\\\/\"},\"author\":{\"name\":\"Contenidos El Regional\",\"@id\":\"http:\\\/\\\/elregionalvm.com.ar\\\/noticias-villa-maria\\\/#\\\/schema\\\/person\\\/a0fb9c422317faca23d50163151bc354\"},\"headline\":\"Sentencia final: condena de 12 a\u00f1os para \u00abPampero\u00bb Barrera y 6 a\u00f1os para la concejal Viv\u00f3\",\"datePublished\":\"2023-12-01T21:40:18+00:00\",\"dateModified\":\"2023-12-02T05:43:26+00:00\",\"mainEntityOfPage\":{\"@id\":\"https:\\\/\\\/elregionalvm.com.ar\\\/noticias-villa-maria\\\/sentencia-final-condena-de-12-anos-para-pampero-barrera-y-6-anos-para-la-concejal-vivo\\\/\"},\"wordCount\":890,\"commentCount\":0,\"image\":{\"@id\":\"https:\\\/\\\/elregionalvm.com.ar\\\/noticias-villa-maria\\\/sentencia-final-condena-de-12-anos-para-pampero-barrera-y-6-anos-para-la-concejal-vivo\\\/#primaryimage\"},\"thumbnailUrl\":\"https:\\\/\\\/i0.wp.com\\\/elregionalvm.com.ar\\\/noticias-villa-maria\\\/wp-content\\\/uploads\\\/2023\\\/12\\\/sentencia-pampero-barrera-veronica-vivo.jpg?fit=600%2C315&ssl=1\",\"articleSection\":[\"destacado\",\"Policiales\",\"Sociedad\",\"Villa Mar\u00eda\"],\"inLanguage\":\"es\",\"potentialAction\":[{\"@type\":\"CommentAction\",\"name\":\"Comment\",\"target\":[\"https:\\\/\\\/elregionalvm.com.ar\\\/noticias-villa-maria\\\/sentencia-final-condena-de-12-anos-para-pampero-barrera-y-6-anos-para-la-concejal-vivo\\\/#respond\"]}]},{\"@type\":\"WebPage\",\"@id\":\"https:\\\/\\\/elregionalvm.com.ar\\\/noticias-villa-maria\\\/sentencia-final-condena-de-12-anos-para-pampero-barrera-y-6-anos-para-la-concejal-vivo\\\/\",\"url\":\"https:\\\/\\\/elregionalvm.com.ar\\\/noticias-villa-maria\\\/sentencia-final-condena-de-12-anos-para-pampero-barrera-y-6-anos-para-la-concejal-vivo\\\/\",\"name\":\"Sentencia final: condena de 12 a\u00f1os para \\\"Pampero\\\" Barrera y 6 a\u00f1os para la concejal Viv\u00f3 - El Regional\",\"isPartOf\":{\"@id\":\"http:\\\/\\\/elregionalvm.com.ar\\\/noticias-villa-maria\\\/#website\"},\"primaryImageOfPage\":{\"@id\":\"https:\\\/\\\/elregionalvm.com.ar\\\/noticias-villa-maria\\\/sentencia-final-condena-de-12-anos-para-pampero-barrera-y-6-anos-para-la-concejal-vivo\\\/#primaryimage\"},\"image\":{\"@id\":\"https:\\\/\\\/elregionalvm.com.ar\\\/noticias-villa-maria\\\/sentencia-final-condena-de-12-anos-para-pampero-barrera-y-6-anos-para-la-concejal-vivo\\\/#primaryimage\"},\"thumbnailUrl\":\"https:\\\/\\\/i0.wp.com\\\/elregionalvm.com.ar\\\/noticias-villa-maria\\\/wp-content\\\/uploads\\\/2023\\\/12\\\/sentencia-pampero-barrera-veronica-vivo.jpg?fit=600%2C315&ssl=1\",\"datePublished\":\"2023-12-01T21:40:18+00:00\",\"dateModified\":\"2023-12-02T05:43:26+00:00\",\"author\":{\"@id\":\"http:\\\/\\\/elregionalvm.com.ar\\\/noticias-villa-maria\\\/#\\\/schema\\\/person\\\/a0fb9c422317faca23d50163151bc354\"},\"breadcrumb\":{\"@id\":\"https:\\\/\\\/elregionalvm.com.ar\\\/noticias-villa-maria\\\/sentencia-final-condena-de-12-anos-para-pampero-barrera-y-6-anos-para-la-concejal-vivo\\\/#breadcrumb\"},\"inLanguage\":\"es\",\"potentialAction\":[{\"@type\":\"ReadAction\",\"target\":[\"https:\\\/\\\/elregionalvm.com.ar\\\/noticias-villa-maria\\\/sentencia-final-condena-de-12-anos-para-pampero-barrera-y-6-anos-para-la-concejal-vivo\\\/\"]}]},{\"@type\":\"ImageObject\",\"inLanguage\":\"es\",\"@id\":\"https:\\\/\\\/elregionalvm.com.ar\\\/noticias-villa-maria\\\/sentencia-final-condena-de-12-anos-para-pampero-barrera-y-6-anos-para-la-concejal-vivo\\\/#primaryimage\",\"url\":\"https:\\\/\\\/i0.wp.com\\\/elregionalvm.com.ar\\\/noticias-villa-maria\\\/wp-content\\\/uploads\\\/2023\\\/12\\\/sentencia-pampero-barrera-veronica-vivo.jpg?fit=600%2C315&ssl=1\",\"contentUrl\":\"https:\\\/\\\/i0.wp.com\\\/elregionalvm.com.ar\\\/noticias-villa-maria\\\/wp-content\\\/uploads\\\/2023\\\/12\\\/sentencia-pampero-barrera-veronica-vivo.jpg?fit=600%2C315&ssl=1\",\"width\":600,\"height\":315},{\"@type\":\"BreadcrumbList\",\"@id\":\"https:\\\/\\\/elregionalvm.com.ar\\\/noticias-villa-maria\\\/sentencia-final-condena-de-12-anos-para-pampero-barrera-y-6-anos-para-la-concejal-vivo\\\/#breadcrumb\",\"itemListElement\":[{\"@type\":\"ListItem\",\"position\":1,\"name\":\"Portada\",\"item\":\"https:\\\/\\\/elregionalvm.com.ar\\\/noticias-villa-maria\\\/\"},{\"@type\":\"ListItem\",\"position\":2,\"name\":\"Sentencia final: condena de 12 a\u00f1os para \u00abPampero\u00bb Barrera y 6 a\u00f1os para la concejal Viv\u00f3\"}]},{\"@type\":\"WebSite\",\"@id\":\"http:\\\/\\\/elregionalvm.com.ar\\\/noticias-villa-maria\\\/#website\",\"url\":\"http:\\\/\\\/elregionalvm.com.ar\\\/noticias-villa-maria\\\/\",\"name\":\"El Regional\",\"description\":\"Mucho m\u00e1s que informaci\u00f3n\",\"potentialAction\":[{\"@type\":\"SearchAction\",\"target\":{\"@type\":\"EntryPoint\",\"urlTemplate\":\"http:\\\/\\\/elregionalvm.com.ar\\\/noticias-villa-maria\\\/?s={search_term_string}\"},\"query-input\":{\"@type\":\"PropertyValueSpecification\",\"valueRequired\":true,\"valueName\":\"search_term_string\"}}],\"inLanguage\":\"es\"},{\"@type\":\"Person\",\"@id\":\"http:\\\/\\\/elregionalvm.com.ar\\\/noticias-villa-maria\\\/#\\\/schema\\\/person\\\/a0fb9c422317faca23d50163151bc354\",\"name\":\"Contenidos El Regional\",\"image\":{\"@type\":\"ImageObject\",\"inLanguage\":\"es\",\"@id\":\"https:\\\/\\\/secure.gravatar.com\\\/avatar\\\/265b27cb2209af7bb3a1318f03305787d7981a5cc6e6cd08fe5a4ecdf99d4b48?s=96&d=mm&r=g\",\"url\":\"https:\\\/\\\/secure.gravatar.com\\\/avatar\\\/265b27cb2209af7bb3a1318f03305787d7981a5cc6e6cd08fe5a4ecdf99d4b48?s=96&d=mm&r=g\",\"contentUrl\":\"https:\\\/\\\/secure.gravatar.com\\\/avatar\\\/265b27cb2209af7bb3a1318f03305787d7981a5cc6e6cd08fe5a4ecdf99d4b48?s=96&d=mm&r=g\",\"caption\":\"Contenidos El Regional\"},\"url\":\"https:\\\/\\\/elregionalvm.com.ar\\\/noticias-villa-maria\\\/author\\\/contenido\\\/\"}]}<\/script>\n<!-- \/ Yoast SEO plugin. -->","yoast_head_json":{"title":"Sentencia final: condena de 12 a\u00f1os para \"Pampero\" Barrera y 6 a\u00f1os para la concejal Viv\u00f3 - El Regional","robots":{"index":"index","follow":"follow","max-snippet":"max-snippet:-1","max-image-preview":"max-image-preview:large","max-video-preview":"max-video-preview:-1"},"canonical":"https:\/\/elregionalvm.com.ar\/noticias-villa-maria\/sentencia-final-condena-de-12-anos-para-pampero-barrera-y-6-anos-para-la-concejal-vivo\/","og_locale":"es_ES","og_type":"article","og_title":"Sentencia final: condena de 12 a\u00f1os para \"Pampero\" Barrera y 6 a\u00f1os para la concejal Viv\u00f3 - El Regional","og_description":"La C\u00e1mara del Crimen de Villa Mar\u00eda finalmente dict\u00f3 sentencia en el juicio por delitos sexuales contra el ex funcionario municipal&nbsp;Jorge \u201cPampero\u201d Barrera&nbsp;y la concejal del oficialismo&nbsp;Ver\u00f3nica Viv\u00f3. En un juicio a puertas cerradas, y luego de varias jornadas de audiencia, el jurado finalmente tom\u00f3 una decisi\u00f3n:\u00a0condenar a 12 a\u00f1os de prisi\u00f3n a Jorge Barrera, [&hellip;]","og_url":"https:\/\/elregionalvm.com.ar\/noticias-villa-maria\/sentencia-final-condena-de-12-anos-para-pampero-barrera-y-6-anos-para-la-concejal-vivo\/","og_site_name":"El Regional","article_publisher":"https:\/\/www.facebook.com\/elregionalvm","article_published_time":"2023-12-01T21:40:18+00:00","article_modified_time":"2023-12-02T05:43:26+00:00","og_image":[{"width":600,"height":315,"url":"https:\/\/elregionalvm.com.ar\/noticias-villa-maria\/wp-content\/uploads\/2023\/12\/sentencia-pampero-barrera-veronica-vivo.jpg","type":"image\/jpeg"}],"author":"Contenidos El Regional","twitter_card":"summary_large_image","twitter_creator":"@elregionalvm1","twitter_site":"@elregionalvm1","twitter_misc":{"Escrito por":"Contenidos El Regional","Tiempo de lectura":"4 minutos"},"schema":{"@context":"https:\/\/schema.org","@graph":[{"@type":"Article","@id":"https:\/\/elregionalvm.com.ar\/noticias-villa-maria\/sentencia-final-condena-de-12-anos-para-pampero-barrera-y-6-anos-para-la-concejal-vivo\/#article","isPartOf":{"@id":"https:\/\/elregionalvm.com.ar\/noticias-villa-maria\/sentencia-final-condena-de-12-anos-para-pampero-barrera-y-6-anos-para-la-concejal-vivo\/"},"author":{"name":"Contenidos El Regional","@id":"http:\/\/elregionalvm.com.ar\/noticias-villa-maria\/#\/schema\/person\/a0fb9c422317faca23d50163151bc354"},"headline":"Sentencia final: condena de 12 a\u00f1os para \u00abPampero\u00bb Barrera y 6 a\u00f1os para la concejal Viv\u00f3","datePublished":"2023-12-01T21:40:18+00:00","dateModified":"2023-12-02T05:43:26+00:00","mainEntityOfPage":{"@id":"https:\/\/elregionalvm.com.ar\/noticias-villa-maria\/sentencia-final-condena-de-12-anos-para-pampero-barrera-y-6-anos-para-la-concejal-vivo\/"},"wordCount":890,"commentCount":0,"image":{"@id":"https:\/\/elregionalvm.com.ar\/noticias-villa-maria\/sentencia-final-condena-de-12-anos-para-pampero-barrera-y-6-anos-para-la-concejal-vivo\/#primaryimage"},"thumbnailUrl":"https:\/\/i0.wp.com\/elregionalvm.com.ar\/noticias-villa-maria\/wp-content\/uploads\/2023\/12\/sentencia-pampero-barrera-veronica-vivo.jpg?fit=600%2C315&ssl=1","articleSection":["destacado","Policiales","Sociedad","Villa Mar\u00eda"],"inLanguage":"es","potentialAction":[{"@type":"CommentAction","name":"Comment","target":["https:\/\/elregionalvm.com.ar\/noticias-villa-maria\/sentencia-final-condena-de-12-anos-para-pampero-barrera-y-6-anos-para-la-concejal-vivo\/#respond"]}]},{"@type":"WebPage","@id":"https:\/\/elregionalvm.com.ar\/noticias-villa-maria\/sentencia-final-condena-de-12-anos-para-pampero-barrera-y-6-anos-para-la-concejal-vivo\/","url":"https:\/\/elregionalvm.com.ar\/noticias-villa-maria\/sentencia-final-condena-de-12-anos-para-pampero-barrera-y-6-anos-para-la-concejal-vivo\/","name":"Sentencia final: condena de 12 a\u00f1os para \"Pampero\" Barrera y 6 a\u00f1os para la concejal Viv\u00f3 - El Regional","isPartOf":{"@id":"http:\/\/elregionalvm.com.ar\/noticias-villa-maria\/#website"},"primaryImageOfPage":{"@id":"https:\/\/elregionalvm.com.ar\/noticias-villa-maria\/sentencia-final-condena-de-12-anos-para-pampero-barrera-y-6-anos-para-la-concejal-vivo\/#primaryimage"},"image":{"@id":"https:\/\/elregionalvm.com.ar\/noticias-villa-maria\/sentencia-final-condena-de-12-anos-para-pampero-barrera-y-6-anos-para-la-concejal-vivo\/#primaryimage"},"thumbnailUrl":"https:\/\/i0.wp.com\/elregionalvm.com.ar\/noticias-villa-maria\/wp-content\/uploads\/2023\/12\/sentencia-pampero-barrera-veronica-vivo.jpg?fit=600%2C315&ssl=1","datePublished":"2023-12-01T21:40:18+00:00","dateModified":"2023-12-02T05:43:26+00:00","author":{"@id":"http:\/\/elregionalvm.com.ar\/noticias-villa-maria\/#\/schema\/person\/a0fb9c422317faca23d50163151bc354"},"breadcrumb":{"@id":"https:\/\/elregionalvm.com.ar\/noticias-villa-maria\/sentencia-final-condena-de-12-anos-para-pampero-barrera-y-6-anos-para-la-concejal-vivo\/#breadcrumb"},"inLanguage":"es","potentialAction":[{"@type":"ReadAction","target":["https:\/\/elregionalvm.com.ar\/noticias-villa-maria\/sentencia-final-condena-de-12-anos-para-pampero-barrera-y-6-anos-para-la-concejal-vivo\/"]}]},{"@type":"ImageObject","inLanguage":"es","@id":"https:\/\/elregionalvm.com.ar\/noticias-villa-maria\/sentencia-final-condena-de-12-anos-para-pampero-barrera-y-6-anos-para-la-concejal-vivo\/#primaryimage","url":"https:\/\/i0.wp.com\/elregionalvm.com.ar\/noticias-villa-maria\/wp-content\/uploads\/2023\/12\/sentencia-pampero-barrera-veronica-vivo.jpg?fit=600%2C315&ssl=1","contentUrl":"https:\/\/i0.wp.com\/elregionalvm.com.ar\/noticias-villa-maria\/wp-content\/uploads\/2023\/12\/sentencia-pampero-barrera-veronica-vivo.jpg?fit=600%2C315&ssl=1","width":600,"height":315},{"@type":"BreadcrumbList","@id":"https:\/\/elregionalvm.com.ar\/noticias-villa-maria\/sentencia-final-condena-de-12-anos-para-pampero-barrera-y-6-anos-para-la-concejal-vivo\/#breadcrumb","itemListElement":[{"@type":"ListItem","position":1,"name":"Portada","item":"https:\/\/elregionalvm.com.ar\/noticias-villa-maria\/"},{"@type":"ListItem","position":2,"name":"Sentencia final: condena de 12 a\u00f1os para \u00abPampero\u00bb Barrera y 6 a\u00f1os para la concejal Viv\u00f3"}]},{"@type":"WebSite","@id":"http:\/\/elregionalvm.com.ar\/noticias-villa-maria\/#website","url":"http:\/\/elregionalvm.com.ar\/noticias-villa-maria\/","name":"El Regional","description":"Mucho m\u00e1s que informaci\u00f3n","potentialAction":[{"@type":"SearchAction","target":{"@type":"EntryPoint","urlTemplate":"http:\/\/elregionalvm.com.ar\/noticias-villa-maria\/?s={search_term_string}"},"query-input":{"@type":"PropertyValueSpecification","valueRequired":true,"valueName":"search_term_string"}}],"inLanguage":"es"},{"@type":"Person","@id":"http:\/\/elregionalvm.com.ar\/noticias-villa-maria\/#\/schema\/person\/a0fb9c422317faca23d50163151bc354","name":"Contenidos El Regional","image":{"@type":"ImageObject","inLanguage":"es","@id":"https:\/\/secure.gravatar.com\/avatar\/265b27cb2209af7bb3a1318f03305787d7981a5cc6e6cd08fe5a4ecdf99d4b48?s=96&d=mm&r=g","url":"https:\/\/secure.gravatar.com\/avatar\/265b27cb2209af7bb3a1318f03305787d7981a5cc6e6cd08fe5a4ecdf99d4b48?s=96&d=mm&r=g","contentUrl":"https:\/\/secure.gravatar.com\/avatar\/265b27cb2209af7bb3a1318f03305787d7981a5cc6e6cd08fe5a4ecdf99d4b48?s=96&d=mm&r=g","caption":"Contenidos El Regional"},"url":"https:\/\/elregionalvm.com.ar\/noticias-villa-maria\/author\/contenido\/"}]}},"jetpack_sharing_enabled":true,"jetpack_featured_media_url":"https:\/\/i0.wp.com\/elregionalvm.com.ar\/noticias-villa-maria\/wp-content\/uploads\/2023\/12\/sentencia-pampero-barrera-veronica-vivo.jpg?fit=600%2C315&ssl=1","_links":{"self":[{"href":"https:\/\/elregionalvm.com.ar\/noticias-villa-maria\/wp-json\/wp\/v2\/posts\/86578","targetHints":{"allow":["GET"]}}],"collection":[{"href":"https:\/\/elregionalvm.com.ar\/noticias-villa-maria\/wp-json\/wp\/v2\/posts"}],"about":[{"href":"https:\/\/elregionalvm.com.ar\/noticias-villa-maria\/wp-json\/wp\/v2\/types\/post"}],"author":[{"embeddable":true,"href":"https:\/\/elregionalvm.com.ar\/noticias-villa-maria\/wp-json\/wp\/v2\/users\/4"}],"replies":[{"embeddable":true,"href":"https:\/\/elregionalvm.com.ar\/noticias-villa-maria\/wp-json\/wp\/v2\/comments?post=86578"}],"version-history":[{"count":2,"href":"https:\/\/elregionalvm.com.ar\/noticias-villa-maria\/wp-json\/wp\/v2\/posts\/86578\/revisions"}],"predecessor-version":[{"id":86588,"href":"https:\/\/elregionalvm.com.ar\/noticias-villa-maria\/wp-json\/wp\/v2\/posts\/86578\/revisions\/86588"}],"wp:featuredmedia":[{"embeddable":true,"href":"https:\/\/elregionalvm.com.ar\/noticias-villa-maria\/wp-json\/wp\/v2\/media\/86581"}],"wp:attachment":[{"href":"https:\/\/elregionalvm.com.ar\/noticias-villa-maria\/wp-json\/wp\/v2\/media?parent=86578"}],"wp:term":[{"taxonomy":"category","embeddable":true,"href":"https:\/\/elregionalvm.com.ar\/noticias-villa-maria\/wp-json\/wp\/v2\/categories?post=86578"},{"taxonomy":"post_tag","embeddable":true,"href":"https:\/\/elregionalvm.com.ar\/noticias-villa-maria\/wp-json\/wp\/v2\/tags?post=86578"}],"curies":[{"name":"wp","href":"https:\/\/api.w.org\/{rel}","templated":true}]}}