{"id":86583,"date":"2023-12-02T05:43:03","date_gmt":"2023-12-02T05:43:03","guid":{"rendered":"https:\/\/elregionalvm.com.ar\/noticias-villa-maria\/?p=86583"},"modified":"2023-12-05T21:15:42","modified_gmt":"2023-12-05T21:15:42","slug":"el-deschave-nuevo-gobierno-y-de-caputo-cuando-hablamos","status":"publish","type":"post","link":"https:\/\/elregionalvm.com.ar\/noticias-villa-maria\/el-deschave-nuevo-gobierno-y-de-caputo-cuando-hablamos\/","title":{"rendered":"[El Deschave] Nuevo gobierno: \u00bfY de Caputo cu\u00e1ndo hablamos?"},"content":{"rendered":"\n<p><\/p>\n\n\n\n<p><strong>Escribe: Miguel Andreis<\/strong><\/p>\n\n\n\n<p><\/p>\n\n\n\n<p>Extra\u00f1o clima social. Incierto y atemorizador. El pa\u00eds atraviesa uno de los momentos m\u00e1s vacilantes y robadores de sue\u00f1os, en cuanto al futuro. La realidad es un camino minado por funcionarios que est\u00e1n camino a la retirada en todos los \u00f3rdenes, que no les importaron las consecuencias de sus acciones.<\/p>\n\n\n\n<p>No se pueden hacer los distra\u00eddos. Nadie, ni los que se van ni los que asumir\u00e1n pueden decir que no vieron lo que se ven\u00eda. Lo que les dejaban. Eso no es m\u00e1s que una de las tantas muestras que en funci\u00f3n de alcanzar el poder nunca interesa a costa de qu\u00e9.<\/p>\n\n\n\n<p>Por otra parte, nos encontramos con un presidente electo que, en su acci\u00f3n disruptiva y no menos intempestiva, logr\u00f3, se\u00f1alando acusatoriamente a la casta pol\u00edtica de ser responsables de todos los males, no sin raz\u00f3n, que el 56% de los votantes lo acompa\u00f1ara en las urnas. Esa casta, curiosamente, hoy es su respaldo.\u00a0 Nadie por el momento le pedir\u00e1 rendiciones de cuenta. Se asociaron.<\/p>\n\n\n\n<p><\/p>\n\n\n\n<figure class=\"wp-block-image size-large\"><img data-recalc-dims=\"1\" fetchpriority=\"high\" decoding=\"async\" width=\"1024\" height=\"576\" src=\"https:\/\/i0.wp.com\/elregionalvm.com.ar\/noticias-villa-maria\/wp-content\/uploads\/2023\/12\/macri-milei-bullrich.jpg?resize=1024%2C576&#038;ssl=1\" alt=\"\" class=\"wp-image-86586\" srcset=\"https:\/\/i0.wp.com\/elregionalvm.com.ar\/noticias-villa-maria\/wp-content\/uploads\/2023\/12\/macri-milei-bullrich.jpg?resize=1024%2C576&amp;ssl=1 1024w, https:\/\/i0.wp.com\/elregionalvm.com.ar\/noticias-villa-maria\/wp-content\/uploads\/2023\/12\/macri-milei-bullrich.jpg?resize=300%2C169&amp;ssl=1 300w, https:\/\/i0.wp.com\/elregionalvm.com.ar\/noticias-villa-maria\/wp-content\/uploads\/2023\/12\/macri-milei-bullrich.jpg?resize=768%2C432&amp;ssl=1 768w, https:\/\/i0.wp.com\/elregionalvm.com.ar\/noticias-villa-maria\/wp-content\/uploads\/2023\/12\/macri-milei-bullrich.jpg?w=1200&amp;ssl=1 1200w\" sizes=\"(max-width: 1000px) 100vw, 1000px\" \/><\/figure>\n\n\n\n<p><\/p>\n\n\n\n<p><strong>Fue sincero, no minti\u00f3<\/strong><\/p>\n\n\n\n<p>Habr\u00e1 que decir que, a su favor, el electo no apel\u00f3 a la promesa f\u00e1cil ni demag\u00f3gica, muy frecuente entre los postulantes de todos los matices, y aludi\u00f3 a una cruel realidad y, m\u00e1s brutal y conflictivo futuro. No prometi\u00f3 lluvia de flores. Hoy ya se lanza con un panorama desolador. Eso le alcanz\u00f3 para ganar. Hasta ah\u00ed se trat\u00f3 de un punto de inflexi\u00f3n.<\/p>\n\n\n\n<p>Lo que se sucedi\u00f3 en los d\u00edas siguientes al triunfo fue y es, bastante confuso a la hora de armar su Gabinete. Quiz\u00e1s, se dio en el momento en que Javier Milei, desde lo cuantitativo social, sum\u00f3 m\u00e1s voluntades. Mayores apoyos. Los mismos despose\u00eddos, no todos, pero s\u00ed muchos, hablan de la necesidad de un ajuste.<\/p>\n\n\n\n<p><\/p>\n\n\n\n<figure class=\"wp-block-pullquote\"><blockquote><p><strong>Muy posiblemente que unos y otros a\u00fan no hemos tomado conciencia de que un ajuste o como quieran llamarlo, no es otra cosa que una escalera a la pobreza de verdad, solo que hacia abajo.<\/strong><\/p><\/blockquote><\/figure>\n\n\n\n<p><\/p>\n\n\n\n<p>Por ahora nos entretienen con la \u201cEstanflaci\u00f3n\u201d, definici\u00f3n tan vieja que la mayor\u00eda de los j\u00f3venes nunca sinti\u00f3 nombrar. En realidad, dicha patolog\u00eda se viene dando desde hace 11 a\u00f1os, solo que a nadie se le ocurri\u00f3 ponerla en tinta sobre el papel.<\/p>\n\n\n\n<p>Por un lado, los gobernadores entrantes que le reclaman a Milei la carencia de fondos, (cosa curiosa sin a\u00fan no asumi\u00f3), ya que no tienen dinero para pagar en las provincias sueldos y aguinaldos. Seguramente cosa veraz.<\/p>\n\n\n\n<p><\/p>\n\n\n\n<figure class=\"wp-block-image size-full\"><img data-recalc-dims=\"1\" decoding=\"async\" width=\"889\" height=\"500\" src=\"https:\/\/i0.wp.com\/elregionalvm.com.ar\/noticias-villa-maria\/wp-content\/uploads\/2022\/11\/Casa-Rosada-ilustrativa.png?resize=889%2C500&#038;ssl=1\" alt=\"\" class=\"wp-image-66850\" srcset=\"https:\/\/i0.wp.com\/elregionalvm.com.ar\/noticias-villa-maria\/wp-content\/uploads\/2022\/11\/Casa-Rosada-ilustrativa.png?w=889&amp;ssl=1 889w, https:\/\/i0.wp.com\/elregionalvm.com.ar\/noticias-villa-maria\/wp-content\/uploads\/2022\/11\/Casa-Rosada-ilustrativa.png?resize=300%2C169&amp;ssl=1 300w, https:\/\/i0.wp.com\/elregionalvm.com.ar\/noticias-villa-maria\/wp-content\/uploads\/2022\/11\/Casa-Rosada-ilustrativa.png?resize=768%2C432&amp;ssl=1 768w\" sizes=\"(max-width: 889px) 100vw, 889px\" \/><\/figure>\n\n\n\n<p><\/p>\n\n\n\n<p>Ahora, es necesario que nos preguntemos, ninguno de ellos, sin importar el color pol\u00edtico que representan, ni tampoco los que se van, se dieron cuenta que la campa\u00f1a de Sergio Massa a presidente se trataba de una de las estafas m\u00e1s inmorales y perversas en la historia de la pol\u00edtica nacional.<\/p>\n\n\n\n<p>Indican que la misma tuvo un desvergonzado e inmoral costo de 15 mil millones de d\u00f3lares. Cifra que aparece desde sus propias fuentes. \u00bfCu\u00e1ntos de ellos, los gobernantes y candidatos para la nueva gesti\u00f3n, salieron a las calles a reclamar -como algunos pretende hacerlo en los pr\u00f3ximos d\u00edas- (aunque no todos) a reclamar por el uso monstruoso de semejante cifras?<\/p>\n\n\n\n<p>\u00bfSon tan ingenuos que no se dieron cuenta o especularon pensando que si el tigrense ganaba les cortaba los v\u00edveres? \u00bfO en todo caso creyeron que los recursos repartidos a la \u201cmanchancha\u201d, era un regalo del T\u00edo Tom? Con esa cifra alcanzar\u00eda y sobrar\u00eda para abonar, no uno, sino dos aguinaldos y sueldos de todas las provincias.<\/p>\n\n\n\n<p>Massa anunci\u00f3 que se va del pa\u00eds. Le ofrecieron laburo en el sector privado. L\u00e1stima que no haya tomado antes tal decisi\u00f3n. \u00bfNo piensan llevarlo a la Justicia? &nbsp;Se sigue dejando que la impunidad gane espacio y libertades inmerecidas.<\/p>\n\n\n\n<p><strong>No es bueno firmar un documento en blanco, cuando el papel est\u00e1 manchado<\/strong><\/p>\n\n\n\n<p>Por otra parte, aparecen nombres en el nuevo gabinete a asumir como el de Luis Caputo, nada menos que manejando la econom\u00eda. El mismo al que se lo acusan de que junto con el JP Morgan, en el gobierno de Macri, hicieran un pase m\u00e1gico de m\u00e1s de 15 mil millones de d\u00f3lares.<\/p>\n\n\n\n<p><\/p>\n\n\n\n<figure class=\"wp-block-image size-large\"><img data-recalc-dims=\"1\" decoding=\"async\" width=\"1024\" height=\"576\" src=\"https:\/\/i0.wp.com\/elregionalvm.com.ar\/noticias-villa-maria\/wp-content\/uploads\/2023\/12\/javier-milei-y-luis-caputo-2.jpg?resize=1024%2C576&#038;ssl=1\" alt=\"\" class=\"wp-image-86585\" srcset=\"https:\/\/i0.wp.com\/elregionalvm.com.ar\/noticias-villa-maria\/wp-content\/uploads\/2023\/12\/javier-milei-y-luis-caputo-2.jpg?resize=1024%2C576&amp;ssl=1 1024w, https:\/\/i0.wp.com\/elregionalvm.com.ar\/noticias-villa-maria\/wp-content\/uploads\/2023\/12\/javier-milei-y-luis-caputo-2.jpg?resize=300%2C169&amp;ssl=1 300w, https:\/\/i0.wp.com\/elregionalvm.com.ar\/noticias-villa-maria\/wp-content\/uploads\/2023\/12\/javier-milei-y-luis-caputo-2.jpg?resize=768%2C432&amp;ssl=1 768w, https:\/\/i0.wp.com\/elregionalvm.com.ar\/noticias-villa-maria\/wp-content\/uploads\/2023\/12\/javier-milei-y-luis-caputo-2.jpg?w=1280&amp;ssl=1 1280w\" sizes=\"(max-width: 1000px) 100vw, 1000px\" \/><\/figure>\n\n\n\n<p><\/p>\n\n\n\n<p>Nunca m\u00e1s se conoci\u00f3 el destino de esos ba\u00fales de verdes billetes. No ser\u00e1 f\u00e1cil convencer a la ciudadan\u00eda que tiene que darle respaldo al libertario presidente, que aguante, cuando la caja y la vida de los argentinos pasar\u00e1 en gran medida por personajes como Caputo.<\/p>\n\n\n\n<p><\/p>\n\n\n\n<figure class=\"wp-block-pullquote\"><blockquote><p><strong>\u00bfAcaso no fue este Caputo, bajo el gobierno de Mauricio Macri, quien hizo desaparecer del Cr\u00e9dito del FMI, 17.500 millones de d\u00f3lares juntos con funcionarios del JP Morgan?<\/strong><\/p><\/blockquote><\/figure>\n\n\n\n<p><\/p>\n\n\n\n<p>Pretender que a Milei le vaya bien. No necesariamente debe partir del silencio comunicacional sobre los que jugar\u00e1n con nuestro futuro. Ojo con eso. Lo peor, es que el grado de paciencia y tolerancia social se encuentra que aquellos responsables de esta hecatombe econ\u00f3mica, pol\u00edtica y social, no solo no se hacen garantes y mucho menos la Ley los molesta.<\/p>\n\n\n\n<p>Adem\u00e1s, es evidente que un sector importante del kirchnerismo y los que se llaman de izquierda, ya comienzan a atrincherarse en funci\u00f3n de desmantelar lo m\u00e1s r\u00e1pido posible toda acci\u00f3n de gobierno. Y tales tareas no la piensan hacer precisamente desde el di\u00e1logo democr\u00e1tico.<\/p>\n\n\n\n<p><strong>La complacencia de los tiempos<\/strong><\/p>\n\n\n\n<p>Ser\u00e1 disposici\u00f3n de cada argentino que piensa en el futuro con mirada alentadora, el decir basta a un populismo artero e insidioso que constitucionalmente finge que aqu\u00ed no pas\u00f3 nada.<\/p>\n\n\n\n<p>\u00bfSe ir\u00e1n de verdad o solo retroceder\u00e1n para volver avanzar? Ser\u00eda fant\u00e1stico, por encima de las valoraciones que se deba \u201cpagar\u201d, que a Milei le fuese bien. Voluntad que no es f\u00e1cil trasladar en el tiempo y en las acciones a toda una Naci\u00f3n.<\/p>\n\n\n\n<p>Hoy, en un reportaje radial de Mitre C\u00f3rdoba, dec\u00eda un antiguo funcionario del Sal\u00f3n Oval de la Casa Blanca, aludiendo a Milei que \u201cEs posible que el pueblo apoye hasta el segundo semestre del pr\u00f3ximo a\u00f1o, de ah\u00ed en m\u00e1s, toda confianza se gasta y la tolerancia se transforma en rechazo\u201d. &nbsp;<\/p>\n\n\n\n<p>Si Caputo es una notoria inc\u00f3gnita, no menos desconfianzas es la que brindan los muchos de aquellos que hoy le juran lealtad eterna al nuevo mandatario\u2026<\/p>\n\n\n\n<p>La realidad da temor, pero tambi\u00e9n la incertidumbre que promueven quienes maniobran acelerando el fracaso. En el medio, un pa\u00eds que va soportando d\u00eda a d\u00eda las expectativas y certidumbres siempre angustiosas\u2026 Todo es espera. \u00a0<\/p>\n\n\n\n<p><\/p>\n\n\n\n<figure class=\"wp-block-image size-large\"><img data-recalc-dims=\"1\" loading=\"lazy\" decoding=\"async\" width=\"1024\" height=\"631\" src=\"https:\/\/i0.wp.com\/elregionalvm.com.ar\/noticias-villa-maria\/wp-content\/uploads\/2023\/09\/Javier-Milei-brazos-levantados.jpg?resize=1024%2C631&#038;ssl=1\" alt=\"\" class=\"wp-image-82480\" srcset=\"https:\/\/i0.wp.com\/elregionalvm.com.ar\/noticias-villa-maria\/wp-content\/uploads\/2023\/09\/Javier-Milei-brazos-levantados.jpg?resize=1024%2C631&amp;ssl=1 1024w, https:\/\/i0.wp.com\/elregionalvm.com.ar\/noticias-villa-maria\/wp-content\/uploads\/2023\/09\/Javier-Milei-brazos-levantados.jpg?resize=300%2C185&amp;ssl=1 300w, https:\/\/i0.wp.com\/elregionalvm.com.ar\/noticias-villa-maria\/wp-content\/uploads\/2023\/09\/Javier-Milei-brazos-levantados.jpg?resize=768%2C473&amp;ssl=1 768w, https:\/\/i0.wp.com\/elregionalvm.com.ar\/noticias-villa-maria\/wp-content\/uploads\/2023\/09\/Javier-Milei-brazos-levantados.jpg?w=1200&amp;ssl=1 1200w\" sizes=\"(max-width: 1000px) 100vw, 1000px\" \/><\/figure>\n\n\n\n<p><\/p>\n\n\n\n<p>M\u00e1s de uno dejar\u00e1 que en su pensamiento se instale que la presente nota es una provocativa definici\u00f3n contra quien ser\u00e1 el futuro presidente Javier Milei. Nada m\u00e1s equivocado.<\/p>\n\n\n\n<p>Ser\u00eda formidable que al futuro mandatario le vaya bien, muy, bien, excelente, no obstante, la funci\u00f3n del periodismo es, entre otras cosas, abrir interrogantes. Aqu\u00ed uno concreto y que no viene de la oposici\u00f3n, sino de la necesidad de que no queden cabos sueltos.<\/p>\n\n\n\n<p>Darle apoyo al libertario no es otra cosa que sostener el orden constitucional -o lo que queda de \u00e9l-, pero no aceptar personajes que los argentinos conocemos y bien.<\/p>\n\n\n\n<p>\u00bfAcaso no fue este Caputo, bajo el gobierno de Mauricio Macri, quien hizo desaparecer del Cr\u00e9dito del FMI, 17.500 millones de d\u00f3lares juntos con funcionarios del JP Morgan? Nunca se conoci\u00f3 su fin.<\/p>\n\n\n\n<p>El silencio es bueno para los hospitales no para el periodismo.<\/p>\n","protected":false},"excerpt":{"rendered":"<p>Escribe: Miguel Andreis Extra\u00f1o clima social. Incierto y atemorizador. El pa\u00eds atraviesa uno de los momentos m\u00e1s vacilantes y robadores de sue\u00f1os, en cuanto al futuro. La realidad es un camino minado por funcionarios que est\u00e1n camino a la retirada en todos los \u00f3rdenes, que no les importaron las consecuencias de sus acciones. No se [&hellip;]<\/p>\n","protected":false},"author":5,"featured_media":86584,"comment_status":"open","ping_status":"open","sticky":false,"template":"","format":"standard","meta":{"site-sidebar-layout":"default","site-content-layout":"","ast-site-content-layout":"default","site-content-style":"default","site-sidebar-style":"default","ast-global-header-display":"","ast-banner-title-visibility":"","ast-main-header-display":"","ast-hfb-above-header-display":"","ast-hfb-below-header-display":"","ast-hfb-mobile-header-display":"","site-post-title":"","ast-breadcrumbs-content":"","ast-featured-img":"","footer-sml-layout":"","ast-disable-related-posts":"","theme-transparent-header-meta":"","adv-header-id-meta":"","stick-header-meta":"","header-above-stick-meta":"","header-main-stick-meta":"","header-below-stick-meta":"","astra-migrate-meta-layouts":"set","ast-page-background-enabled":"default","ast-page-background-meta":{"desktop":{"background-color":"","background-image":"","background-repeat":"repeat","background-position":"center center","background-size":"auto","background-attachment":"scroll","background-type":"","background-media":"","overlay-type":"","overlay-color":"","overlay-opacity":"","overlay-gradient":""},"tablet":{"background-color":"","background-image":"","background-repeat":"repeat","background-position":"center center","background-size":"auto","background-attachment":"scroll","background-type":"","background-media":"","overlay-type":"","overlay-color":"","overlay-opacity":"","overlay-gradient":""},"mobile":{"background-color":"","background-image":"","background-repeat":"repeat","background-position":"center center","background-size":"auto","background-attachment":"scroll","background-type":"","background-media":"","overlay-type":"","overlay-color":"","overlay-opacity":"","overlay-gradient":""}},"ast-content-background-meta":{"desktop":{"background-color":"var(--ast-global-color-5)","background-image":"","background-repeat":"repeat","background-position":"center center","background-size":"auto","background-attachment":"scroll","background-type":"","background-media":"","overlay-type":"","overlay-color":"","overlay-opacity":"","overlay-gradient":""},"tablet":{"background-color":"var(--ast-global-color-5)","background-image":"","background-repeat":"repeat","background-position":"center center","background-size":"auto","background-attachment":"scroll","background-type":"","background-media":"","overlay-type":"","overlay-color":"","overlay-opacity":"","overlay-gradient":""},"mobile":{"background-color":"var(--ast-global-color-5)","background-image":"","background-repeat":"repeat","background-position":"center center","background-size":"auto","background-attachment":"scroll","background-type":"","background-media":"","overlay-type":"","overlay-color":"","overlay-opacity":"","overlay-gradient":""}},"_jetpack_memberships_contains_paid_content":false,"_joinchat":[],"footnotes":""},"categories":[365,3557],"tags":[16157,1731,58,23219,15352,23220,519,884,59,255],"class_list":["post-86583","post","type-post","status-publish","format-standard","has-post-thumbnail","hentry","category-opinion","category-tercera","tag-casta","tag-gabinete","tag-kirchnerismo","tag-luis-caputo","tag-milei","tag-nuevo-gobierno","tag-politica","tag-populismo","tag-presidente","tag-pro"],"yoast_head":"<!-- This site is optimized with the Yoast SEO plugin v26.8 - https:\/\/yoast.com\/product\/yoast-seo-wordpress\/ -->\n<title>[El Deschave] Nuevo gobierno: \u00bfY de Caputo cu\u00e1ndo hablamos? - El Regional<\/title>\n<meta name=\"robots\" content=\"index, follow, max-snippet:-1, max-image-preview:large, max-video-preview:-1\" \/>\n<link rel=\"canonical\" href=\"https:\/\/elregionalvm.com.ar\/noticias-villa-maria\/el-deschave-nuevo-gobierno-y-de-caputo-cuando-hablamos\/\" \/>\n<meta property=\"og:locale\" content=\"es_ES\" \/>\n<meta property=\"og:type\" content=\"article\" \/>\n<meta property=\"og:title\" content=\"[El Deschave] Nuevo gobierno: \u00bfY de Caputo cu\u00e1ndo hablamos? - El Regional\" \/>\n<meta property=\"og:description\" content=\"Escribe: Miguel Andreis Extra\u00f1o clima social. Incierto y atemorizador. El pa\u00eds atraviesa uno de los momentos m\u00e1s vacilantes y robadores de sue\u00f1os, en cuanto al futuro. La realidad es un camino minado por funcionarios que est\u00e1n camino a la retirada en todos los \u00f3rdenes, que no les importaron las consecuencias de sus acciones. No se [&hellip;]\" \/>\n<meta property=\"og:url\" content=\"https:\/\/elregionalvm.com.ar\/noticias-villa-maria\/el-deschave-nuevo-gobierno-y-de-caputo-cuando-hablamos\/\" \/>\n<meta property=\"og:site_name\" content=\"El Regional\" \/>\n<meta property=\"article:publisher\" content=\"https:\/\/www.facebook.com\/elregionalvm\" \/>\n<meta property=\"article:published_time\" content=\"2023-12-02T05:43:03+00:00\" \/>\n<meta property=\"article:modified_time\" content=\"2023-12-05T21:15:42+00:00\" \/>\n<meta property=\"og:image\" content=\"https:\/\/elregionalvm.com.ar\/noticias-villa-maria\/wp-content\/uploads\/2023\/12\/javier-milei-luis-caputo.jpg\" \/>\n\t<meta property=\"og:image:width\" content=\"1200\" \/>\n\t<meta property=\"og:image:height\" content=\"675\" \/>\n\t<meta property=\"og:image:type\" content=\"image\/jpeg\" \/>\n<meta name=\"author\" content=\"Miguel Andreis\" \/>\n<meta name=\"twitter:card\" content=\"summary_large_image\" \/>\n<meta name=\"twitter:creator\" content=\"@elregionalvm1\" \/>\n<meta name=\"twitter:site\" content=\"@elregionalvm1\" \/>\n<meta name=\"twitter:label1\" content=\"Escrito por\" \/>\n\t<meta name=\"twitter:data1\" content=\"Miguel Andreis\" \/>\n\t<meta name=\"twitter:label2\" content=\"Tiempo de lectura\" \/>\n\t<meta name=\"twitter:data2\" content=\"6 minutos\" \/>\n<script type=\"application\/ld+json\" class=\"yoast-schema-graph\">{\"@context\":\"https:\/\/schema.org\",\"@graph\":[{\"@type\":\"Article\",\"@id\":\"https:\/\/elregionalvm.com.ar\/noticias-villa-maria\/el-deschave-nuevo-gobierno-y-de-caputo-cuando-hablamos\/#article\",\"isPartOf\":{\"@id\":\"https:\/\/elregionalvm.com.ar\/noticias-villa-maria\/el-deschave-nuevo-gobierno-y-de-caputo-cuando-hablamos\/\"},\"author\":{\"name\":\"Miguel Andreis\",\"@id\":\"http:\/\/elregionalvm.com.ar\/noticias-villa-maria\/#\/schema\/person\/df5ff3f005acf29788aed9cb359f1193\"},\"headline\":\"[El Deschave] Nuevo gobierno: \u00bfY de Caputo cu\u00e1ndo hablamos?\",\"datePublished\":\"2023-12-02T05:43:03+00:00\",\"dateModified\":\"2023-12-05T21:15:42+00:00\",\"mainEntityOfPage\":{\"@id\":\"https:\/\/elregionalvm.com.ar\/noticias-villa-maria\/el-deschave-nuevo-gobierno-y-de-caputo-cuando-hablamos\/\"},\"wordCount\":1296,\"commentCount\":0,\"image\":{\"@id\":\"https:\/\/elregionalvm.com.ar\/noticias-villa-maria\/el-deschave-nuevo-gobierno-y-de-caputo-cuando-hablamos\/#primaryimage\"},\"thumbnailUrl\":\"https:\/\/i0.wp.com\/elregionalvm.com.ar\/noticias-villa-maria\/wp-content\/uploads\/2023\/12\/javier-milei-luis-caputo.jpg?fit=1200%2C675&ssl=1\",\"keywords\":[\"casta\",\"gabinete\",\"kirchnerismo\",\"Luis Caputo\",\"Milei\",\"nuevo gobierno\",\"Pol\u00edtica\",\"Populismo\",\"Presidente\",\"Pro\"],\"articleSection\":[\"Opini\u00f3n\",\"tercera\"],\"inLanguage\":\"es\",\"potentialAction\":[{\"@type\":\"CommentAction\",\"name\":\"Comment\",\"target\":[\"https:\/\/elregionalvm.com.ar\/noticias-villa-maria\/el-deschave-nuevo-gobierno-y-de-caputo-cuando-hablamos\/#respond\"]}]},{\"@type\":\"WebPage\",\"@id\":\"https:\/\/elregionalvm.com.ar\/noticias-villa-maria\/el-deschave-nuevo-gobierno-y-de-caputo-cuando-hablamos\/\",\"url\":\"https:\/\/elregionalvm.com.ar\/noticias-villa-maria\/el-deschave-nuevo-gobierno-y-de-caputo-cuando-hablamos\/\",\"name\":\"[El Deschave] Nuevo gobierno: \u00bfY de Caputo cu\u00e1ndo hablamos? - El Regional\",\"isPartOf\":{\"@id\":\"http:\/\/elregionalvm.com.ar\/noticias-villa-maria\/#website\"},\"primaryImageOfPage\":{\"@id\":\"https:\/\/elregionalvm.com.ar\/noticias-villa-maria\/el-deschave-nuevo-gobierno-y-de-caputo-cuando-hablamos\/#primaryimage\"},\"image\":{\"@id\":\"https:\/\/elregionalvm.com.ar\/noticias-villa-maria\/el-deschave-nuevo-gobierno-y-de-caputo-cuando-hablamos\/#primaryimage\"},\"thumbnailUrl\":\"https:\/\/i0.wp.com\/elregionalvm.com.ar\/noticias-villa-maria\/wp-content\/uploads\/2023\/12\/javier-milei-luis-caputo.jpg?fit=1200%2C675&ssl=1\",\"datePublished\":\"2023-12-02T05:43:03+00:00\",\"dateModified\":\"2023-12-05T21:15:42+00:00\",\"author\":{\"@id\":\"http:\/\/elregionalvm.com.ar\/noticias-villa-maria\/#\/schema\/person\/df5ff3f005acf29788aed9cb359f1193\"},\"breadcrumb\":{\"@id\":\"https:\/\/elregionalvm.com.ar\/noticias-villa-maria\/el-deschave-nuevo-gobierno-y-de-caputo-cuando-hablamos\/#breadcrumb\"},\"inLanguage\":\"es\",\"potentialAction\":[{\"@type\":\"ReadAction\",\"target\":[\"https:\/\/elregionalvm.com.ar\/noticias-villa-maria\/el-deschave-nuevo-gobierno-y-de-caputo-cuando-hablamos\/\"]}]},{\"@type\":\"ImageObject\",\"inLanguage\":\"es\",\"@id\":\"https:\/\/elregionalvm.com.ar\/noticias-villa-maria\/el-deschave-nuevo-gobierno-y-de-caputo-cuando-hablamos\/#primaryimage\",\"url\":\"https:\/\/i0.wp.com\/elregionalvm.com.ar\/noticias-villa-maria\/wp-content\/uploads\/2023\/12\/javier-milei-luis-caputo.jpg?fit=1200%2C675&ssl=1\",\"contentUrl\":\"https:\/\/i0.wp.com\/elregionalvm.com.ar\/noticias-villa-maria\/wp-content\/uploads\/2023\/12\/javier-milei-luis-caputo.jpg?fit=1200%2C675&ssl=1\",\"width\":1200,\"height\":675},{\"@type\":\"BreadcrumbList\",\"@id\":\"https:\/\/elregionalvm.com.ar\/noticias-villa-maria\/el-deschave-nuevo-gobierno-y-de-caputo-cuando-hablamos\/#breadcrumb\",\"itemListElement\":[{\"@type\":\"ListItem\",\"position\":1,\"name\":\"Portada\",\"item\":\"https:\/\/elregionalvm.com.ar\/noticias-villa-maria\/\"},{\"@type\":\"ListItem\",\"position\":2,\"name\":\"[El Deschave] Nuevo gobierno: \u00bfY de Caputo cu\u00e1ndo hablamos?\"}]},{\"@type\":\"WebSite\",\"@id\":\"http:\/\/elregionalvm.com.ar\/noticias-villa-maria\/#website\",\"url\":\"http:\/\/elregionalvm.com.ar\/noticias-villa-maria\/\",\"name\":\"El Regional\",\"description\":\"Mucho m\u00e1s que informaci\u00f3n\",\"potentialAction\":[{\"@type\":\"SearchAction\",\"target\":{\"@type\":\"EntryPoint\",\"urlTemplate\":\"http:\/\/elregionalvm.com.ar\/noticias-villa-maria\/?s={search_term_string}\"},\"query-input\":{\"@type\":\"PropertyValueSpecification\",\"valueRequired\":true,\"valueName\":\"search_term_string\"}}],\"inLanguage\":\"es\"},{\"@type\":\"Person\",\"@id\":\"http:\/\/elregionalvm.com.ar\/noticias-villa-maria\/#\/schema\/person\/df5ff3f005acf29788aed9cb359f1193\",\"name\":\"Miguel Andreis\",\"image\":{\"@type\":\"ImageObject\",\"inLanguage\":\"es\",\"@id\":\"http:\/\/elregionalvm.com.ar\/noticias-villa-maria\/#\/schema\/person\/image\/\",\"url\":\"https:\/\/secure.gravatar.com\/avatar\/c643381cd03da38327c6407e6886e7182d881f2ecf94a7902ca262c41f9d8884?s=96&d=mm&r=g\",\"contentUrl\":\"https:\/\/secure.gravatar.com\/avatar\/c643381cd03da38327c6407e6886e7182d881f2ecf94a7902ca262c41f9d8884?s=96&d=mm&r=g\",\"caption\":\"Miguel Andreis\"},\"url\":\"https:\/\/elregionalvm.com.ar\/noticias-villa-maria\/author\/miguelandreis\/\"}]}<\/script>\n<!-- \/ Yoast SEO plugin. -->","yoast_head_json":{"title":"[El Deschave] Nuevo gobierno: \u00bfY de Caputo cu\u00e1ndo hablamos? - El Regional","robots":{"index":"index","follow":"follow","max-snippet":"max-snippet:-1","max-image-preview":"max-image-preview:large","max-video-preview":"max-video-preview:-1"},"canonical":"https:\/\/elregionalvm.com.ar\/noticias-villa-maria\/el-deschave-nuevo-gobierno-y-de-caputo-cuando-hablamos\/","og_locale":"es_ES","og_type":"article","og_title":"[El Deschave] Nuevo gobierno: \u00bfY de Caputo cu\u00e1ndo hablamos? - El Regional","og_description":"Escribe: Miguel Andreis Extra\u00f1o clima social. Incierto y atemorizador. El pa\u00eds atraviesa uno de los momentos m\u00e1s vacilantes y robadores de sue\u00f1os, en cuanto al futuro. La realidad es un camino minado por funcionarios que est\u00e1n camino a la retirada en todos los \u00f3rdenes, que no les importaron las consecuencias de sus acciones. No se [&hellip;]","og_url":"https:\/\/elregionalvm.com.ar\/noticias-villa-maria\/el-deschave-nuevo-gobierno-y-de-caputo-cuando-hablamos\/","og_site_name":"El Regional","article_publisher":"https:\/\/www.facebook.com\/elregionalvm","article_published_time":"2023-12-02T05:43:03+00:00","article_modified_time":"2023-12-05T21:15:42+00:00","og_image":[{"width":1200,"height":675,"url":"https:\/\/elregionalvm.com.ar\/noticias-villa-maria\/wp-content\/uploads\/2023\/12\/javier-milei-luis-caputo.jpg","type":"image\/jpeg"}],"author":"Miguel Andreis","twitter_card":"summary_large_image","twitter_creator":"@elregionalvm1","twitter_site":"@elregionalvm1","twitter_misc":{"Escrito por":"Miguel Andreis","Tiempo de lectura":"6 minutos"},"schema":{"@context":"https:\/\/schema.org","@graph":[{"@type":"Article","@id":"https:\/\/elregionalvm.com.ar\/noticias-villa-maria\/el-deschave-nuevo-gobierno-y-de-caputo-cuando-hablamos\/#article","isPartOf":{"@id":"https:\/\/elregionalvm.com.ar\/noticias-villa-maria\/el-deschave-nuevo-gobierno-y-de-caputo-cuando-hablamos\/"},"author":{"name":"Miguel Andreis","@id":"http:\/\/elregionalvm.com.ar\/noticias-villa-maria\/#\/schema\/person\/df5ff3f005acf29788aed9cb359f1193"},"headline":"[El Deschave] Nuevo gobierno: \u00bfY de Caputo cu\u00e1ndo hablamos?","datePublished":"2023-12-02T05:43:03+00:00","dateModified":"2023-12-05T21:15:42+00:00","mainEntityOfPage":{"@id":"https:\/\/elregionalvm.com.ar\/noticias-villa-maria\/el-deschave-nuevo-gobierno-y-de-caputo-cuando-hablamos\/"},"wordCount":1296,"commentCount":0,"image":{"@id":"https:\/\/elregionalvm.com.ar\/noticias-villa-maria\/el-deschave-nuevo-gobierno-y-de-caputo-cuando-hablamos\/#primaryimage"},"thumbnailUrl":"https:\/\/i0.wp.com\/elregionalvm.com.ar\/noticias-villa-maria\/wp-content\/uploads\/2023\/12\/javier-milei-luis-caputo.jpg?fit=1200%2C675&ssl=1","keywords":["casta","gabinete","kirchnerismo","Luis Caputo","Milei","nuevo gobierno","Pol\u00edtica","Populismo","Presidente","Pro"],"articleSection":["Opini\u00f3n","tercera"],"inLanguage":"es","potentialAction":[{"@type":"CommentAction","name":"Comment","target":["https:\/\/elregionalvm.com.ar\/noticias-villa-maria\/el-deschave-nuevo-gobierno-y-de-caputo-cuando-hablamos\/#respond"]}]},{"@type":"WebPage","@id":"https:\/\/elregionalvm.com.ar\/noticias-villa-maria\/el-deschave-nuevo-gobierno-y-de-caputo-cuando-hablamos\/","url":"https:\/\/elregionalvm.com.ar\/noticias-villa-maria\/el-deschave-nuevo-gobierno-y-de-caputo-cuando-hablamos\/","name":"[El Deschave] Nuevo gobierno: \u00bfY de Caputo cu\u00e1ndo hablamos? - El Regional","isPartOf":{"@id":"http:\/\/elregionalvm.com.ar\/noticias-villa-maria\/#website"},"primaryImageOfPage":{"@id":"https:\/\/elregionalvm.com.ar\/noticias-villa-maria\/el-deschave-nuevo-gobierno-y-de-caputo-cuando-hablamos\/#primaryimage"},"image":{"@id":"https:\/\/elregionalvm.com.ar\/noticias-villa-maria\/el-deschave-nuevo-gobierno-y-de-caputo-cuando-hablamos\/#primaryimage"},"thumbnailUrl":"https:\/\/i0.wp.com\/elregionalvm.com.ar\/noticias-villa-maria\/wp-content\/uploads\/2023\/12\/javier-milei-luis-caputo.jpg?fit=1200%2C675&ssl=1","datePublished":"2023-12-02T05:43:03+00:00","dateModified":"2023-12-05T21:15:42+00:00","author":{"@id":"http:\/\/elregionalvm.com.ar\/noticias-villa-maria\/#\/schema\/person\/df5ff3f005acf29788aed9cb359f1193"},"breadcrumb":{"@id":"https:\/\/elregionalvm.com.ar\/noticias-villa-maria\/el-deschave-nuevo-gobierno-y-de-caputo-cuando-hablamos\/#breadcrumb"},"inLanguage":"es","potentialAction":[{"@type":"ReadAction","target":["https:\/\/elregionalvm.com.ar\/noticias-villa-maria\/el-deschave-nuevo-gobierno-y-de-caputo-cuando-hablamos\/"]}]},{"@type":"ImageObject","inLanguage":"es","@id":"https:\/\/elregionalvm.com.ar\/noticias-villa-maria\/el-deschave-nuevo-gobierno-y-de-caputo-cuando-hablamos\/#primaryimage","url":"https:\/\/i0.wp.com\/elregionalvm.com.ar\/noticias-villa-maria\/wp-content\/uploads\/2023\/12\/javier-milei-luis-caputo.jpg?fit=1200%2C675&ssl=1","contentUrl":"https:\/\/i0.wp.com\/elregionalvm.com.ar\/noticias-villa-maria\/wp-content\/uploads\/2023\/12\/javier-milei-luis-caputo.jpg?fit=1200%2C675&ssl=1","width":1200,"height":675},{"@type":"BreadcrumbList","@id":"https:\/\/elregionalvm.com.ar\/noticias-villa-maria\/el-deschave-nuevo-gobierno-y-de-caputo-cuando-hablamos\/#breadcrumb","itemListElement":[{"@type":"ListItem","position":1,"name":"Portada","item":"https:\/\/elregionalvm.com.ar\/noticias-villa-maria\/"},{"@type":"ListItem","position":2,"name":"[El Deschave] Nuevo gobierno: \u00bfY de Caputo cu\u00e1ndo hablamos?"}]},{"@type":"WebSite","@id":"http:\/\/elregionalvm.com.ar\/noticias-villa-maria\/#website","url":"http:\/\/elregionalvm.com.ar\/noticias-villa-maria\/","name":"El Regional","description":"Mucho m\u00e1s que informaci\u00f3n","potentialAction":[{"@type":"SearchAction","target":{"@type":"EntryPoint","urlTemplate":"http:\/\/elregionalvm.com.ar\/noticias-villa-maria\/?s={search_term_string}"},"query-input":{"@type":"PropertyValueSpecification","valueRequired":true,"valueName":"search_term_string"}}],"inLanguage":"es"},{"@type":"Person","@id":"http:\/\/elregionalvm.com.ar\/noticias-villa-maria\/#\/schema\/person\/df5ff3f005acf29788aed9cb359f1193","name":"Miguel Andreis","image":{"@type":"ImageObject","inLanguage":"es","@id":"http:\/\/elregionalvm.com.ar\/noticias-villa-maria\/#\/schema\/person\/image\/","url":"https:\/\/secure.gravatar.com\/avatar\/c643381cd03da38327c6407e6886e7182d881f2ecf94a7902ca262c41f9d8884?s=96&d=mm&r=g","contentUrl":"https:\/\/secure.gravatar.com\/avatar\/c643381cd03da38327c6407e6886e7182d881f2ecf94a7902ca262c41f9d8884?s=96&d=mm&r=g","caption":"Miguel Andreis"},"url":"https:\/\/elregionalvm.com.ar\/noticias-villa-maria\/author\/miguelandreis\/"}]}},"jetpack_featured_media_url":"https:\/\/i0.wp.com\/elregionalvm.com.ar\/noticias-villa-maria\/wp-content\/uploads\/2023\/12\/javier-milei-luis-caputo.jpg?fit=1200%2C675&ssl=1","jetpack_sharing_enabled":true,"_links":{"self":[{"href":"https:\/\/elregionalvm.com.ar\/noticias-villa-maria\/wp-json\/wp\/v2\/posts\/86583","targetHints":{"allow":["GET"]}}],"collection":[{"href":"https:\/\/elregionalvm.com.ar\/noticias-villa-maria\/wp-json\/wp\/v2\/posts"}],"about":[{"href":"https:\/\/elregionalvm.com.ar\/noticias-villa-maria\/wp-json\/wp\/v2\/types\/post"}],"author":[{"embeddable":true,"href":"https:\/\/elregionalvm.com.ar\/noticias-villa-maria\/wp-json\/wp\/v2\/users\/5"}],"replies":[{"embeddable":true,"href":"https:\/\/elregionalvm.com.ar\/noticias-villa-maria\/wp-json\/wp\/v2\/comments?post=86583"}],"version-history":[{"count":1,"href":"https:\/\/elregionalvm.com.ar\/noticias-villa-maria\/wp-json\/wp\/v2\/posts\/86583\/revisions"}],"predecessor-version":[{"id":86587,"href":"https:\/\/elregionalvm.com.ar\/noticias-villa-maria\/wp-json\/wp\/v2\/posts\/86583\/revisions\/86587"}],"wp:featuredmedia":[{"embeddable":true,"href":"https:\/\/elregionalvm.com.ar\/noticias-villa-maria\/wp-json\/wp\/v2\/media\/86584"}],"wp:attachment":[{"href":"https:\/\/elregionalvm.com.ar\/noticias-villa-maria\/wp-json\/wp\/v2\/media?parent=86583"}],"wp:term":[{"taxonomy":"category","embeddable":true,"href":"https:\/\/elregionalvm.com.ar\/noticias-villa-maria\/wp-json\/wp\/v2\/categories?post=86583"},{"taxonomy":"post_tag","embeddable":true,"href":"https:\/\/elregionalvm.com.ar\/noticias-villa-maria\/wp-json\/wp\/v2\/tags?post=86583"}],"curies":[{"name":"wp","href":"https:\/\/api.w.org\/{rel}","templated":true}]}}