{"id":86594,"date":"2023-12-02T12:42:34","date_gmt":"2023-12-02T12:42:34","guid":{"rendered":"https:\/\/elregionalvm.com.ar\/noticias-villa-maria\/?p=86594"},"modified":"2023-12-02T12:42:37","modified_gmt":"2023-12-02T12:42:37","slug":"ignacio-tagni-asumio-como-nuevo-intendente-de-villa-nueva","status":"publish","type":"post","link":"https:\/\/elregionalvm.com.ar\/noticias-villa-maria\/ignacio-tagni-asumio-como-nuevo-intendente-de-villa-nueva\/","title":{"rendered":"Ignacio Tagni asumi\u00f3 como nuevo Intendente de Villa Nueva"},"content":{"rendered":"\n<p><strong>En la plaza Capit\u00e1n de los Andes, coraz\u00f3n de Villa Nueva, el radical Ignacio Tagni fue investido como nuevo intendente municipal de esta ciudad.<\/strong><\/p>\n\n\n\n<p>Pas\u00f3 as\u00ed de ser concejal por el radicalismo a primer mandatario de la ciudad, sucediendo al peronista Natalio Graglia, quien viene de estar 8 a\u00f1os en la conducci\u00f3n del municipio local.<\/p>\n\n\n\n<h4 class=\"wp-block-heading\"><strong>El acto de asunci\u00f3n<\/strong><\/h4>\n\n\n\n<p>Sobre la calle Marcos Ju\u00e1rez, frente al edificio municipal, se mont\u00f3 un importante escenario, con una pantalla luminosa detr\u00e1s, y una gran cantidad de sillas cubriendo pr\u00e1cticamente toda la explanada de la plaza principal.<\/p>\n\n\n\n<p>En total se colocaron unas 800 sillas para el p\u00fablico en general m\u00e1s otras 40 para autoridades.<\/p>\n\n\n\n<h4 class=\"wp-block-heading\"><strong>Nueva identidad<\/strong><\/h4>\n\n\n\n<p>El escenario armado es el que tiene el municipio y en la pantalla gigante pudo verse el nuevo logo de la gesti\u00f3n Tagni en la municipalidad de Villa Nueva.<\/p>\n\n\n\n<h4 class=\"wp-block-heading\"><strong>Invitados de Villa Mar\u00eda<\/strong><\/h4>\n\n\n\n<p>Entre los invitados estuvo el intendente Villa Mar\u00eda, Mart\u00edn Gill, el electo Eduardo Accastello, qui\u00e9n lleg\u00f3 acompa\u00f1ado por la legisladora electa Ver\u00f3nica Navarro y por el concejal electo Juan Pablo Inglese.<\/p>\n\n\n\n<p>De Villa Mar\u00eda tambi\u00e9n estuvo el futuro secretario de gobierno, Marcos Bovo, los concejales electos del oficialismo y la oposici\u00f3n, el legislador electo Alfredo Nigro, entre muchos m\u00e1s.<\/p>\n\n\n\n<h4 class=\"wp-block-heading\"><strong>Juramentos de autoridades<\/strong><\/h4>\n\n\n\n<p>El acto en s\u00ed consisti\u00f3 en la toma de juramento a quienes formar\u00e1n parte del Concejo Deliberante y el Tribunal de Cuentas, tanto por el oficialismo como por la oposici\u00f3n, hasta llegar al juramento del propio intendente Ignacio Tagni.<\/p>\n\n\n\n<h4 class=\"wp-block-heading\"><strong>Discurso duro de Tagni<\/strong><\/h4>\n\n\n\n<p>Luego de esto vino el momento del discurso inicial de su gesti\u00f3n, en el que hizo un crudo diagn\u00f3stico del estado actual de la Municipalidad de Villa Nueva, enumerando una gran cantidad de dificultades y falencias que dijo haber encontrado apenas ingres\u00f3 este d\u00eda viernes al palacio municipal para tratar de tomar conocimiento del estado general del gobierno que hereda del saliente Natalio Graglia.<\/p>\n\n\n\n<p>Enumer\u00f3 situaciones bastante cr\u00edticas en cuanto a las finanzas del municipio, el estado del parque automotor y del corral\u00f3n, pero dijo tener la firme convicci\u00f3n de poder llevar adelante un gobierno con transparencia y decisi\u00f3n para \u201clevantar la ciudad de Villa Nueva\u201d.<\/p>\n\n\n\n<p>Tambi\u00e9n agradeci\u00f3 la visita del intendente saliente y del electo de Villa Mar\u00eda, con quienes dijo que se propone trabajar en conjunto, de la misma manera que mencion\u00f3 tambi\u00e9n al gobernador electo Mart\u00edn Llaryora y al presidente electo Javier Milei, lo que levant\u00f3 un moderado aplauso de parte de los presentes.<\/p>\n\n\n\n<p>Ignacio Tagni asumi\u00f3 as\u00ed como intendente de Villa Nueva, convirti\u00e9ndose en un nuevo mandatario de origen radical, luego de tres intendentes de signo peronista que llevaron adelante las \u00faltimas gestiones.<\/p>\n\n\n\n<p>Fuente: Villa Mar\u00eda VIVO<\/p>\n","protected":false},"excerpt":{"rendered":"<p>En la plaza Capit\u00e1n de los Andes, coraz\u00f3n de Villa Nueva, el radical Ignacio Tagni fue investido como nuevo intendente municipal de esta ciudad. Pas\u00f3 as\u00ed de ser concejal por el radicalismo a primer mandatario de la ciudad, sucediendo al peronista Natalio Graglia, quien viene de estar 8 a\u00f1os en la conducci\u00f3n del municipio local. [&hellip;]<\/p>\n","protected":false},"author":4,"featured_media":86595,"comment_status":"open","ping_status":"open","sticky":false,"template":"","format":"standard","meta":{"site-sidebar-layout":"default","site-content-layout":"","ast-site-content-layout":"default","site-content-style":"default","site-sidebar-style":"default","ast-global-header-display":"","ast-banner-title-visibility":"","ast-main-header-display":"","ast-hfb-above-header-display":"","ast-hfb-below-header-display":"","ast-hfb-mobile-header-display":"","site-post-title":"","ast-breadcrumbs-content":"","ast-featured-img":"","footer-sml-layout":"","ast-disable-related-posts":"","theme-transparent-header-meta":"","adv-header-id-meta":"","stick-header-meta":"","header-above-stick-meta":"","header-main-stick-meta":"","header-below-stick-meta":"","astra-migrate-meta-layouts":"set","ast-page-background-enabled":"default","ast-page-background-meta":{"desktop":{"background-color":"","background-image":"","background-repeat":"repeat","background-position":"center center","background-size":"auto","background-attachment":"scroll","background-type":"","background-media":"","overlay-type":"","overlay-color":"","overlay-opacity":"","overlay-gradient":""},"tablet":{"background-color":"","background-image":"","background-repeat":"repeat","background-position":"center center","background-size":"auto","background-attachment":"scroll","background-type":"","background-media":"","overlay-type":"","overlay-color":"","overlay-opacity":"","overlay-gradient":""},"mobile":{"background-color":"","background-image":"","background-repeat":"repeat","background-position":"center center","background-size":"auto","background-attachment":"scroll","background-type":"","background-media":"","overlay-type":"","overlay-color":"","overlay-opacity":"","overlay-gradient":""}},"ast-content-background-meta":{"desktop":{"background-color":"var(--ast-global-color-5)","background-image":"","background-repeat":"repeat","background-position":"center center","background-size":"auto","background-attachment":"scroll","background-type":"","background-media":"","overlay-type":"","overlay-color":"","overlay-opacity":"","overlay-gradient":""},"tablet":{"background-color":"var(--ast-global-color-5)","background-image":"","background-repeat":"repeat","background-position":"center center","background-size":"auto","background-attachment":"scroll","background-type":"","background-media":"","overlay-type":"","overlay-color":"","overlay-opacity":"","overlay-gradient":""},"mobile":{"background-color":"var(--ast-global-color-5)","background-image":"","background-repeat":"repeat","background-position":"center center","background-size":"auto","background-attachment":"scroll","background-type":"","background-media":"","overlay-type":"","overlay-color":"","overlay-opacity":"","overlay-gradient":""}},"_jetpack_memberships_contains_paid_content":false,"_joinchat":[],"footnotes":""},"categories":[15302,5,1408],"tags":[],"class_list":["post-86594","post","type-post","status-publish","format-standard","has-post-thumbnail","hentry","category-destacado","category-sociedad","category-villa-nueva"],"yoast_head":"<!-- This site is optimized with the Yoast SEO plugin v26.8 - https:\/\/yoast.com\/product\/yoast-seo-wordpress\/ -->\n<title>Ignacio Tagni asumi\u00f3 como nuevo Intendente de Villa Nueva - El Regional<\/title>\n<meta name=\"robots\" content=\"index, follow, max-snippet:-1, max-image-preview:large, max-video-preview:-1\" \/>\n<link rel=\"canonical\" href=\"https:\/\/elregionalvm.com.ar\/noticias-villa-maria\/ignacio-tagni-asumio-como-nuevo-intendente-de-villa-nueva\/\" \/>\n<meta property=\"og:locale\" content=\"es_ES\" \/>\n<meta property=\"og:type\" content=\"article\" \/>\n<meta property=\"og:title\" content=\"Ignacio Tagni asumi\u00f3 como nuevo Intendente de Villa Nueva - El Regional\" \/>\n<meta property=\"og:description\" content=\"En la plaza Capit\u00e1n de los Andes, coraz\u00f3n de Villa Nueva, el radical Ignacio Tagni fue investido como nuevo intendente municipal de esta ciudad. Pas\u00f3 as\u00ed de ser concejal por el radicalismo a primer mandatario de la ciudad, sucediendo al peronista Natalio Graglia, quien viene de estar 8 a\u00f1os en la conducci\u00f3n del municipio local. [&hellip;]\" \/>\n<meta property=\"og:url\" content=\"https:\/\/elregionalvm.com.ar\/noticias-villa-maria\/ignacio-tagni-asumio-como-nuevo-intendente-de-villa-nueva\/\" \/>\n<meta property=\"og:site_name\" content=\"El Regional\" \/>\n<meta property=\"article:publisher\" content=\"https:\/\/www.facebook.com\/elregionalvm\" \/>\n<meta property=\"article:published_time\" content=\"2023-12-02T12:42:34+00:00\" \/>\n<meta property=\"article:modified_time\" content=\"2023-12-02T12:42:37+00:00\" \/>\n<meta property=\"og:image\" content=\"https:\/\/elregionalvm.com.ar\/noticias-villa-maria\/wp-content\/uploads\/2023\/12\/Ignacio-Tagni-Villa-Nueva-696x391-1.jpg\" \/>\n\t<meta property=\"og:image:width\" content=\"696\" \/>\n\t<meta property=\"og:image:height\" content=\"391\" \/>\n\t<meta property=\"og:image:type\" content=\"image\/jpeg\" \/>\n<meta name=\"author\" content=\"Contenidos El Regional\" \/>\n<meta name=\"twitter:card\" content=\"summary_large_image\" \/>\n<meta name=\"twitter:creator\" content=\"@elregionalvm1\" \/>\n<meta name=\"twitter:site\" content=\"@elregionalvm1\" \/>\n<meta name=\"twitter:label1\" content=\"Escrito por\" \/>\n\t<meta name=\"twitter:data1\" content=\"Contenidos El Regional\" \/>\n\t<meta name=\"twitter:label2\" content=\"Tiempo de lectura\" \/>\n\t<meta name=\"twitter:data2\" content=\"2 minutos\" \/>\n<script type=\"application\/ld+json\" class=\"yoast-schema-graph\">{\"@context\":\"https:\/\/schema.org\",\"@graph\":[{\"@type\":\"Article\",\"@id\":\"https:\/\/elregionalvm.com.ar\/noticias-villa-maria\/ignacio-tagni-asumio-como-nuevo-intendente-de-villa-nueva\/#article\",\"isPartOf\":{\"@id\":\"https:\/\/elregionalvm.com.ar\/noticias-villa-maria\/ignacio-tagni-asumio-como-nuevo-intendente-de-villa-nueva\/\"},\"author\":{\"name\":\"Contenidos El Regional\",\"@id\":\"http:\/\/elregionalvm.com.ar\/noticias-villa-maria\/#\/schema\/person\/a0fb9c422317faca23d50163151bc354\"},\"headline\":\"Ignacio Tagni asumi\u00f3 como nuevo Intendente de Villa Nueva\",\"datePublished\":\"2023-12-02T12:42:34+00:00\",\"dateModified\":\"2023-12-02T12:42:37+00:00\",\"mainEntityOfPage\":{\"@id\":\"https:\/\/elregionalvm.com.ar\/noticias-villa-maria\/ignacio-tagni-asumio-como-nuevo-intendente-de-villa-nueva\/\"},\"wordCount\":483,\"commentCount\":0,\"image\":{\"@id\":\"https:\/\/elregionalvm.com.ar\/noticias-villa-maria\/ignacio-tagni-asumio-como-nuevo-intendente-de-villa-nueva\/#primaryimage\"},\"thumbnailUrl\":\"https:\/\/i0.wp.com\/elregionalvm.com.ar\/noticias-villa-maria\/wp-content\/uploads\/2023\/12\/Ignacio-Tagni-Villa-Nueva-696x391-1.jpg?fit=696%2C391&ssl=1\",\"articleSection\":[\"destacado\",\"Sociedad\",\"Villa Nueva\"],\"inLanguage\":\"es\",\"potentialAction\":[{\"@type\":\"CommentAction\",\"name\":\"Comment\",\"target\":[\"https:\/\/elregionalvm.com.ar\/noticias-villa-maria\/ignacio-tagni-asumio-como-nuevo-intendente-de-villa-nueva\/#respond\"]}]},{\"@type\":\"WebPage\",\"@id\":\"https:\/\/elregionalvm.com.ar\/noticias-villa-maria\/ignacio-tagni-asumio-como-nuevo-intendente-de-villa-nueva\/\",\"url\":\"https:\/\/elregionalvm.com.ar\/noticias-villa-maria\/ignacio-tagni-asumio-como-nuevo-intendente-de-villa-nueva\/\",\"name\":\"Ignacio Tagni asumi\u00f3 como nuevo Intendente de Villa Nueva - El Regional\",\"isPartOf\":{\"@id\":\"http:\/\/elregionalvm.com.ar\/noticias-villa-maria\/#website\"},\"primaryImageOfPage\":{\"@id\":\"https:\/\/elregionalvm.com.ar\/noticias-villa-maria\/ignacio-tagni-asumio-como-nuevo-intendente-de-villa-nueva\/#primaryimage\"},\"image\":{\"@id\":\"https:\/\/elregionalvm.com.ar\/noticias-villa-maria\/ignacio-tagni-asumio-como-nuevo-intendente-de-villa-nueva\/#primaryimage\"},\"thumbnailUrl\":\"https:\/\/i0.wp.com\/elregionalvm.com.ar\/noticias-villa-maria\/wp-content\/uploads\/2023\/12\/Ignacio-Tagni-Villa-Nueva-696x391-1.jpg?fit=696%2C391&ssl=1\",\"datePublished\":\"2023-12-02T12:42:34+00:00\",\"dateModified\":\"2023-12-02T12:42:37+00:00\",\"author\":{\"@id\":\"http:\/\/elregionalvm.com.ar\/noticias-villa-maria\/#\/schema\/person\/a0fb9c422317faca23d50163151bc354\"},\"breadcrumb\":{\"@id\":\"https:\/\/elregionalvm.com.ar\/noticias-villa-maria\/ignacio-tagni-asumio-como-nuevo-intendente-de-villa-nueva\/#breadcrumb\"},\"inLanguage\":\"es\",\"potentialAction\":[{\"@type\":\"ReadAction\",\"target\":[\"https:\/\/elregionalvm.com.ar\/noticias-villa-maria\/ignacio-tagni-asumio-como-nuevo-intendente-de-villa-nueva\/\"]}]},{\"@type\":\"ImageObject\",\"inLanguage\":\"es\",\"@id\":\"https:\/\/elregionalvm.com.ar\/noticias-villa-maria\/ignacio-tagni-asumio-como-nuevo-intendente-de-villa-nueva\/#primaryimage\",\"url\":\"https:\/\/i0.wp.com\/elregionalvm.com.ar\/noticias-villa-maria\/wp-content\/uploads\/2023\/12\/Ignacio-Tagni-Villa-Nueva-696x391-1.jpg?fit=696%2C391&ssl=1\",\"contentUrl\":\"https:\/\/i0.wp.com\/elregionalvm.com.ar\/noticias-villa-maria\/wp-content\/uploads\/2023\/12\/Ignacio-Tagni-Villa-Nueva-696x391-1.jpg?fit=696%2C391&ssl=1\",\"width\":696,\"height\":391},{\"@type\":\"BreadcrumbList\",\"@id\":\"https:\/\/elregionalvm.com.ar\/noticias-villa-maria\/ignacio-tagni-asumio-como-nuevo-intendente-de-villa-nueva\/#breadcrumb\",\"itemListElement\":[{\"@type\":\"ListItem\",\"position\":1,\"name\":\"Portada\",\"item\":\"https:\/\/elregionalvm.com.ar\/noticias-villa-maria\/\"},{\"@type\":\"ListItem\",\"position\":2,\"name\":\"Ignacio Tagni asumi\u00f3 como nuevo Intendente de Villa Nueva\"}]},{\"@type\":\"WebSite\",\"@id\":\"http:\/\/elregionalvm.com.ar\/noticias-villa-maria\/#website\",\"url\":\"http:\/\/elregionalvm.com.ar\/noticias-villa-maria\/\",\"name\":\"El Regional\",\"description\":\"Mucho m\u00e1s que informaci\u00f3n\",\"potentialAction\":[{\"@type\":\"SearchAction\",\"target\":{\"@type\":\"EntryPoint\",\"urlTemplate\":\"http:\/\/elregionalvm.com.ar\/noticias-villa-maria\/?s={search_term_string}\"},\"query-input\":{\"@type\":\"PropertyValueSpecification\",\"valueRequired\":true,\"valueName\":\"search_term_string\"}}],\"inLanguage\":\"es\"},{\"@type\":\"Person\",\"@id\":\"http:\/\/elregionalvm.com.ar\/noticias-villa-maria\/#\/schema\/person\/a0fb9c422317faca23d50163151bc354\",\"name\":\"Contenidos El Regional\",\"image\":{\"@type\":\"ImageObject\",\"inLanguage\":\"es\",\"@id\":\"http:\/\/elregionalvm.com.ar\/noticias-villa-maria\/#\/schema\/person\/image\/\",\"url\":\"https:\/\/secure.gravatar.com\/avatar\/265b27cb2209af7bb3a1318f03305787d7981a5cc6e6cd08fe5a4ecdf99d4b48?s=96&d=mm&r=g\",\"contentUrl\":\"https:\/\/secure.gravatar.com\/avatar\/265b27cb2209af7bb3a1318f03305787d7981a5cc6e6cd08fe5a4ecdf99d4b48?s=96&d=mm&r=g\",\"caption\":\"Contenidos El Regional\"},\"url\":\"https:\/\/elregionalvm.com.ar\/noticias-villa-maria\/author\/contenido\/\"}]}<\/script>\n<!-- \/ Yoast SEO plugin. -->","yoast_head_json":{"title":"Ignacio Tagni asumi\u00f3 como nuevo Intendente de Villa Nueva - El Regional","robots":{"index":"index","follow":"follow","max-snippet":"max-snippet:-1","max-image-preview":"max-image-preview:large","max-video-preview":"max-video-preview:-1"},"canonical":"https:\/\/elregionalvm.com.ar\/noticias-villa-maria\/ignacio-tagni-asumio-como-nuevo-intendente-de-villa-nueva\/","og_locale":"es_ES","og_type":"article","og_title":"Ignacio Tagni asumi\u00f3 como nuevo Intendente de Villa Nueva - El Regional","og_description":"En la plaza Capit\u00e1n de los Andes, coraz\u00f3n de Villa Nueva, el radical Ignacio Tagni fue investido como nuevo intendente municipal de esta ciudad. Pas\u00f3 as\u00ed de ser concejal por el radicalismo a primer mandatario de la ciudad, sucediendo al peronista Natalio Graglia, quien viene de estar 8 a\u00f1os en la conducci\u00f3n del municipio local. [&hellip;]","og_url":"https:\/\/elregionalvm.com.ar\/noticias-villa-maria\/ignacio-tagni-asumio-como-nuevo-intendente-de-villa-nueva\/","og_site_name":"El Regional","article_publisher":"https:\/\/www.facebook.com\/elregionalvm","article_published_time":"2023-12-02T12:42:34+00:00","article_modified_time":"2023-12-02T12:42:37+00:00","og_image":[{"width":696,"height":391,"url":"https:\/\/elregionalvm.com.ar\/noticias-villa-maria\/wp-content\/uploads\/2023\/12\/Ignacio-Tagni-Villa-Nueva-696x391-1.jpg","type":"image\/jpeg"}],"author":"Contenidos El Regional","twitter_card":"summary_large_image","twitter_creator":"@elregionalvm1","twitter_site":"@elregionalvm1","twitter_misc":{"Escrito por":"Contenidos El Regional","Tiempo de lectura":"2 minutos"},"schema":{"@context":"https:\/\/schema.org","@graph":[{"@type":"Article","@id":"https:\/\/elregionalvm.com.ar\/noticias-villa-maria\/ignacio-tagni-asumio-como-nuevo-intendente-de-villa-nueva\/#article","isPartOf":{"@id":"https:\/\/elregionalvm.com.ar\/noticias-villa-maria\/ignacio-tagni-asumio-como-nuevo-intendente-de-villa-nueva\/"},"author":{"name":"Contenidos El Regional","@id":"http:\/\/elregionalvm.com.ar\/noticias-villa-maria\/#\/schema\/person\/a0fb9c422317faca23d50163151bc354"},"headline":"Ignacio Tagni asumi\u00f3 como nuevo Intendente de Villa Nueva","datePublished":"2023-12-02T12:42:34+00:00","dateModified":"2023-12-02T12:42:37+00:00","mainEntityOfPage":{"@id":"https:\/\/elregionalvm.com.ar\/noticias-villa-maria\/ignacio-tagni-asumio-como-nuevo-intendente-de-villa-nueva\/"},"wordCount":483,"commentCount":0,"image":{"@id":"https:\/\/elregionalvm.com.ar\/noticias-villa-maria\/ignacio-tagni-asumio-como-nuevo-intendente-de-villa-nueva\/#primaryimage"},"thumbnailUrl":"https:\/\/i0.wp.com\/elregionalvm.com.ar\/noticias-villa-maria\/wp-content\/uploads\/2023\/12\/Ignacio-Tagni-Villa-Nueva-696x391-1.jpg?fit=696%2C391&ssl=1","articleSection":["destacado","Sociedad","Villa Nueva"],"inLanguage":"es","potentialAction":[{"@type":"CommentAction","name":"Comment","target":["https:\/\/elregionalvm.com.ar\/noticias-villa-maria\/ignacio-tagni-asumio-como-nuevo-intendente-de-villa-nueva\/#respond"]}]},{"@type":"WebPage","@id":"https:\/\/elregionalvm.com.ar\/noticias-villa-maria\/ignacio-tagni-asumio-como-nuevo-intendente-de-villa-nueva\/","url":"https:\/\/elregionalvm.com.ar\/noticias-villa-maria\/ignacio-tagni-asumio-como-nuevo-intendente-de-villa-nueva\/","name":"Ignacio Tagni asumi\u00f3 como nuevo Intendente de Villa Nueva - El Regional","isPartOf":{"@id":"http:\/\/elregionalvm.com.ar\/noticias-villa-maria\/#website"},"primaryImageOfPage":{"@id":"https:\/\/elregionalvm.com.ar\/noticias-villa-maria\/ignacio-tagni-asumio-como-nuevo-intendente-de-villa-nueva\/#primaryimage"},"image":{"@id":"https:\/\/elregionalvm.com.ar\/noticias-villa-maria\/ignacio-tagni-asumio-como-nuevo-intendente-de-villa-nueva\/#primaryimage"},"thumbnailUrl":"https:\/\/i0.wp.com\/elregionalvm.com.ar\/noticias-villa-maria\/wp-content\/uploads\/2023\/12\/Ignacio-Tagni-Villa-Nueva-696x391-1.jpg?fit=696%2C391&ssl=1","datePublished":"2023-12-02T12:42:34+00:00","dateModified":"2023-12-02T12:42:37+00:00","author":{"@id":"http:\/\/elregionalvm.com.ar\/noticias-villa-maria\/#\/schema\/person\/a0fb9c422317faca23d50163151bc354"},"breadcrumb":{"@id":"https:\/\/elregionalvm.com.ar\/noticias-villa-maria\/ignacio-tagni-asumio-como-nuevo-intendente-de-villa-nueva\/#breadcrumb"},"inLanguage":"es","potentialAction":[{"@type":"ReadAction","target":["https:\/\/elregionalvm.com.ar\/noticias-villa-maria\/ignacio-tagni-asumio-como-nuevo-intendente-de-villa-nueva\/"]}]},{"@type":"ImageObject","inLanguage":"es","@id":"https:\/\/elregionalvm.com.ar\/noticias-villa-maria\/ignacio-tagni-asumio-como-nuevo-intendente-de-villa-nueva\/#primaryimage","url":"https:\/\/i0.wp.com\/elregionalvm.com.ar\/noticias-villa-maria\/wp-content\/uploads\/2023\/12\/Ignacio-Tagni-Villa-Nueva-696x391-1.jpg?fit=696%2C391&ssl=1","contentUrl":"https:\/\/i0.wp.com\/elregionalvm.com.ar\/noticias-villa-maria\/wp-content\/uploads\/2023\/12\/Ignacio-Tagni-Villa-Nueva-696x391-1.jpg?fit=696%2C391&ssl=1","width":696,"height":391},{"@type":"BreadcrumbList","@id":"https:\/\/elregionalvm.com.ar\/noticias-villa-maria\/ignacio-tagni-asumio-como-nuevo-intendente-de-villa-nueva\/#breadcrumb","itemListElement":[{"@type":"ListItem","position":1,"name":"Portada","item":"https:\/\/elregionalvm.com.ar\/noticias-villa-maria\/"},{"@type":"ListItem","position":2,"name":"Ignacio Tagni asumi\u00f3 como nuevo Intendente de Villa Nueva"}]},{"@type":"WebSite","@id":"http:\/\/elregionalvm.com.ar\/noticias-villa-maria\/#website","url":"http:\/\/elregionalvm.com.ar\/noticias-villa-maria\/","name":"El Regional","description":"Mucho m\u00e1s que informaci\u00f3n","potentialAction":[{"@type":"SearchAction","target":{"@type":"EntryPoint","urlTemplate":"http:\/\/elregionalvm.com.ar\/noticias-villa-maria\/?s={search_term_string}"},"query-input":{"@type":"PropertyValueSpecification","valueRequired":true,"valueName":"search_term_string"}}],"inLanguage":"es"},{"@type":"Person","@id":"http:\/\/elregionalvm.com.ar\/noticias-villa-maria\/#\/schema\/person\/a0fb9c422317faca23d50163151bc354","name":"Contenidos El Regional","image":{"@type":"ImageObject","inLanguage":"es","@id":"http:\/\/elregionalvm.com.ar\/noticias-villa-maria\/#\/schema\/person\/image\/","url":"https:\/\/secure.gravatar.com\/avatar\/265b27cb2209af7bb3a1318f03305787d7981a5cc6e6cd08fe5a4ecdf99d4b48?s=96&d=mm&r=g","contentUrl":"https:\/\/secure.gravatar.com\/avatar\/265b27cb2209af7bb3a1318f03305787d7981a5cc6e6cd08fe5a4ecdf99d4b48?s=96&d=mm&r=g","caption":"Contenidos El Regional"},"url":"https:\/\/elregionalvm.com.ar\/noticias-villa-maria\/author\/contenido\/"}]}},"jetpack_featured_media_url":"https:\/\/i0.wp.com\/elregionalvm.com.ar\/noticias-villa-maria\/wp-content\/uploads\/2023\/12\/Ignacio-Tagni-Villa-Nueva-696x391-1.jpg?fit=696%2C391&ssl=1","jetpack_sharing_enabled":true,"_links":{"self":[{"href":"https:\/\/elregionalvm.com.ar\/noticias-villa-maria\/wp-json\/wp\/v2\/posts\/86594","targetHints":{"allow":["GET"]}}],"collection":[{"href":"https:\/\/elregionalvm.com.ar\/noticias-villa-maria\/wp-json\/wp\/v2\/posts"}],"about":[{"href":"https:\/\/elregionalvm.com.ar\/noticias-villa-maria\/wp-json\/wp\/v2\/types\/post"}],"author":[{"embeddable":true,"href":"https:\/\/elregionalvm.com.ar\/noticias-villa-maria\/wp-json\/wp\/v2\/users\/4"}],"replies":[{"embeddable":true,"href":"https:\/\/elregionalvm.com.ar\/noticias-villa-maria\/wp-json\/wp\/v2\/comments?post=86594"}],"version-history":[{"count":1,"href":"https:\/\/elregionalvm.com.ar\/noticias-villa-maria\/wp-json\/wp\/v2\/posts\/86594\/revisions"}],"predecessor-version":[{"id":86596,"href":"https:\/\/elregionalvm.com.ar\/noticias-villa-maria\/wp-json\/wp\/v2\/posts\/86594\/revisions\/86596"}],"wp:featuredmedia":[{"embeddable":true,"href":"https:\/\/elregionalvm.com.ar\/noticias-villa-maria\/wp-json\/wp\/v2\/media\/86595"}],"wp:attachment":[{"href":"https:\/\/elregionalvm.com.ar\/noticias-villa-maria\/wp-json\/wp\/v2\/media?parent=86594"}],"wp:term":[{"taxonomy":"category","embeddable":true,"href":"https:\/\/elregionalvm.com.ar\/noticias-villa-maria\/wp-json\/wp\/v2\/categories?post=86594"},{"taxonomy":"post_tag","embeddable":true,"href":"https:\/\/elregionalvm.com.ar\/noticias-villa-maria\/wp-json\/wp\/v2\/tags?post=86594"}],"curies":[{"name":"wp","href":"https:\/\/api.w.org\/{rel}","templated":true}]}}