{"id":86620,"date":"2023-12-02T13:11:56","date_gmt":"2023-12-02T13:11:56","guid":{"rendered":"https:\/\/elregionalvm.com.ar\/noticias-villa-maria\/?p=86620"},"modified":"2023-12-02T13:11:59","modified_gmt":"2023-12-02T13:11:59","slug":"epec-por-la-tarde-en-barrios-del-sector-norte-de-villa-maria-habran-cortes-de-luz","status":"publish","type":"post","link":"https:\/\/elregionalvm.com.ar\/noticias-villa-maria\/epec-por-la-tarde-en-barrios-del-sector-norte-de-villa-maria-habran-cortes-de-luz\/","title":{"rendered":"EPEC: por la tarde, en barrios del sector norte de Villa Mar\u00eda habr\u00e1n cortes de luz"},"content":{"rendered":"\n<p>Hoy s\u00e1bado 2 de diciembre, por la tarde, barrios del sector norte de Villa Mar\u00eda tienen dispuestos cortes de luz el\u00e9ctrica por parte de Epec. Esto es por tareas de mantenimiento.<\/p>\n\n\n\n<p>El cr\u00f3nograma de EPEC, con respecto a los cortes de luz, es el siguiente: <\/p>\n\n\n\n<p>De 13:30 a 17:30 hs Sector: barrio Nicol\u00e1s Avellaneda, entre las calles Int. Maciel, Bv. V\u00e9lez Sarsfield, Patagones, Salta, Int. De La Colina y San Juan. Y barrios Felipe Botta, Solares del Norte, Francisco Garc\u00eda, La Arboleda, Valle Escondido, \u00c1rea 158, Las Margaritas y Mari\u00e1polis.<br>\u2013<br>De 13:30 a 17:30 hs Sector: barrios: Felipe Botta, Solares del Norte, Francisco Garc\u00eda y Nicol\u00e1s Avellaneda: calles Intendente Maciel, V\u00e9lez Sarsfield, Patagones, Salta, Intendente De La Colina y San Juan.<br>\u2013<\/p>\n\n\n\n<h2 class=\"wp-block-heading\">De 13:30 a 13:35 hs Sector: barrios La Arboleda, Valle Escondido, \u00c1rea 158, Aeropuerto, Las Margaritas y Mari\u00e1polis.<\/h2>\n\n\n\n<p>De 17:00 a 17:30 hs Sector: barrios: San Nicol\u00e1s, Portal de Buenos Aires, Malvinas Argentinas, San Mart\u00edn y Nicol\u00e1s Avellaneda: calles Intendente Correa, San Juan, Monteagudo y Buenos Aires.<br>\u2013<br>De 17:00 a 17:30 hs Sector: barrios San Nicol\u00e1s y Nicol\u00e1s Avellaneda entre las calles Int. Correa, San Juan, Monteagudo y Buenos Aires. Y barrios Portal de Buenos Aires, Malvinas Argentinas y San Mart\u00edn.<\/p>\n","protected":false},"excerpt":{"rendered":"<p>Hoy s\u00e1bado 2 de diciembre, por la tarde, barrios del sector norte de Villa Mar\u00eda tienen dispuestos cortes de luz el\u00e9ctrica por parte de Epec. Esto es por tareas de mantenimiento. El cr\u00f3nograma de EPEC, con respecto a los cortes de luz, es el siguiente: De 13:30 a 17:30 hs Sector: barrio Nicol\u00e1s Avellaneda, entre [&hellip;]<\/p>\n","protected":false},"author":4,"featured_media":58242,"comment_status":"open","ping_status":"open","sticky":false,"template":"","format":"standard","meta":{"site-sidebar-layout":"default","site-content-layout":"","ast-site-content-layout":"default","site-content-style":"default","site-sidebar-style":"default","ast-global-header-display":"","ast-banner-title-visibility":"","ast-main-header-display":"","ast-hfb-above-header-display":"","ast-hfb-below-header-display":"","ast-hfb-mobile-header-display":"","site-post-title":"","ast-breadcrumbs-content":"","ast-featured-img":"","footer-sml-layout":"","ast-disable-related-posts":"","theme-transparent-header-meta":"","adv-header-id-meta":"","stick-header-meta":"","header-above-stick-meta":"","header-main-stick-meta":"","header-below-stick-meta":"","astra-migrate-meta-layouts":"set","ast-page-background-enabled":"default","ast-page-background-meta":{"desktop":{"background-color":"","background-image":"","background-repeat":"repeat","background-position":"center center","background-size":"auto","background-attachment":"scroll","background-type":"","background-media":"","overlay-type":"","overlay-color":"","overlay-opacity":"","overlay-gradient":""},"tablet":{"background-color":"","background-image":"","background-repeat":"repeat","background-position":"center center","background-size":"auto","background-attachment":"scroll","background-type":"","background-media":"","overlay-type":"","overlay-color":"","overlay-opacity":"","overlay-gradient":""},"mobile":{"background-color":"","background-image":"","background-repeat":"repeat","background-position":"center center","background-size":"auto","background-attachment":"scroll","background-type":"","background-media":"","overlay-type":"","overlay-color":"","overlay-opacity":"","overlay-gradient":""}},"ast-content-background-meta":{"desktop":{"background-color":"var(--ast-global-color-5)","background-image":"","background-repeat":"repeat","background-position":"center center","background-size":"auto","background-attachment":"scroll","background-type":"","background-media":"","overlay-type":"","overlay-color":"","overlay-opacity":"","overlay-gradient":""},"tablet":{"background-color":"var(--ast-global-color-5)","background-image":"","background-repeat":"repeat","background-position":"center center","background-size":"auto","background-attachment":"scroll","background-type":"","background-media":"","overlay-type":"","overlay-color":"","overlay-opacity":"","overlay-gradient":""},"mobile":{"background-color":"var(--ast-global-color-5)","background-image":"","background-repeat":"repeat","background-position":"center center","background-size":"auto","background-attachment":"scroll","background-type":"","background-media":"","overlay-type":"","overlay-color":"","overlay-opacity":"","overlay-gradient":""}},"_jetpack_memberships_contains_paid_content":false,"_joinchat":[],"footnotes":""},"categories":[5,2],"tags":[],"class_list":["post-86620","post","type-post","status-publish","format-standard","has-post-thumbnail","hentry","category-sociedad","category-villa-maria"],"yoast_head":"<!-- This site is optimized with the Yoast SEO plugin v26.8 - https:\/\/yoast.com\/product\/yoast-seo-wordpress\/ -->\n<title>EPEC: por la tarde, en barrios del sector norte de Villa Mar\u00eda habr\u00e1n cortes de luz - El Regional<\/title>\n<meta name=\"robots\" content=\"index, follow, max-snippet:-1, max-image-preview:large, max-video-preview:-1\" \/>\n<link rel=\"canonical\" href=\"https:\/\/elregionalvm.com.ar\/noticias-villa-maria\/epec-por-la-tarde-en-barrios-del-sector-norte-de-villa-maria-habran-cortes-de-luz\/\" \/>\n<meta property=\"og:locale\" content=\"es_ES\" \/>\n<meta property=\"og:type\" content=\"article\" \/>\n<meta property=\"og:title\" content=\"EPEC: por la tarde, en barrios del sector norte de Villa Mar\u00eda habr\u00e1n cortes de luz - El Regional\" \/>\n<meta property=\"og:description\" content=\"Hoy s\u00e1bado 2 de diciembre, por la tarde, barrios del sector norte de Villa Mar\u00eda tienen dispuestos cortes de luz el\u00e9ctrica por parte de Epec. Esto es por tareas de mantenimiento. El cr\u00f3nograma de EPEC, con respecto a los cortes de luz, es el siguiente: De 13:30 a 17:30 hs Sector: barrio Nicol\u00e1s Avellaneda, entre [&hellip;]\" \/>\n<meta property=\"og:url\" content=\"https:\/\/elregionalvm.com.ar\/noticias-villa-maria\/epec-por-la-tarde-en-barrios-del-sector-norte-de-villa-maria-habran-cortes-de-luz\/\" \/>\n<meta property=\"og:site_name\" content=\"El Regional\" \/>\n<meta property=\"article:publisher\" content=\"https:\/\/www.facebook.com\/elregionalvm\" \/>\n<meta property=\"article:published_time\" content=\"2023-12-02T13:11:56+00:00\" \/>\n<meta property=\"article:modified_time\" content=\"2023-12-02T13:11:59+00:00\" \/>\n<meta property=\"og:image\" content=\"https:\/\/elregionalvm.com.ar\/noticias-villa-maria\/wp-content\/uploads\/2022\/06\/epec-trabajando.jpg\" \/>\n\t<meta property=\"og:image:width\" content=\"709\" \/>\n\t<meta property=\"og:image:height\" content=\"405\" \/>\n\t<meta property=\"og:image:type\" content=\"image\/jpeg\" \/>\n<meta name=\"author\" content=\"Contenidos El Regional\" \/>\n<meta name=\"twitter:card\" content=\"summary_large_image\" \/>\n<meta name=\"twitter:creator\" content=\"@elregionalvm1\" \/>\n<meta name=\"twitter:site\" content=\"@elregionalvm1\" \/>\n<meta name=\"twitter:label1\" content=\"Escrito por\" \/>\n\t<meta name=\"twitter:data1\" content=\"Contenidos El Regional\" \/>\n\t<meta name=\"twitter:label2\" content=\"Tiempo de lectura\" \/>\n\t<meta name=\"twitter:data2\" content=\"1 minuto\" \/>\n<script type=\"application\/ld+json\" class=\"yoast-schema-graph\">{\"@context\":\"https:\/\/schema.org\",\"@graph\":[{\"@type\":\"Article\",\"@id\":\"https:\/\/elregionalvm.com.ar\/noticias-villa-maria\/epec-por-la-tarde-en-barrios-del-sector-norte-de-villa-maria-habran-cortes-de-luz\/#article\",\"isPartOf\":{\"@id\":\"https:\/\/elregionalvm.com.ar\/noticias-villa-maria\/epec-por-la-tarde-en-barrios-del-sector-norte-de-villa-maria-habran-cortes-de-luz\/\"},\"author\":{\"name\":\"Contenidos El Regional\",\"@id\":\"http:\/\/elregionalvm.com.ar\/noticias-villa-maria\/#\/schema\/person\/a0fb9c422317faca23d50163151bc354\"},\"headline\":\"EPEC: por la tarde, en barrios del sector norte de Villa Mar\u00eda habr\u00e1n cortes de luz\",\"datePublished\":\"2023-12-02T13:11:56+00:00\",\"dateModified\":\"2023-12-02T13:11:59+00:00\",\"mainEntityOfPage\":{\"@id\":\"https:\/\/elregionalvm.com.ar\/noticias-villa-maria\/epec-por-la-tarde-en-barrios-del-sector-norte-de-villa-maria-habran-cortes-de-luz\/\"},\"wordCount\":225,\"commentCount\":0,\"image\":{\"@id\":\"https:\/\/elregionalvm.com.ar\/noticias-villa-maria\/epec-por-la-tarde-en-barrios-del-sector-norte-de-villa-maria-habran-cortes-de-luz\/#primaryimage\"},\"thumbnailUrl\":\"https:\/\/i0.wp.com\/elregionalvm.com.ar\/noticias-villa-maria\/wp-content\/uploads\/2022\/06\/epec-trabajando.jpg?fit=709%2C405&ssl=1\",\"articleSection\":[\"Sociedad\",\"Villa Mar\u00eda\"],\"inLanguage\":\"es\",\"potentialAction\":[{\"@type\":\"CommentAction\",\"name\":\"Comment\",\"target\":[\"https:\/\/elregionalvm.com.ar\/noticias-villa-maria\/epec-por-la-tarde-en-barrios-del-sector-norte-de-villa-maria-habran-cortes-de-luz\/#respond\"]}]},{\"@type\":\"WebPage\",\"@id\":\"https:\/\/elregionalvm.com.ar\/noticias-villa-maria\/epec-por-la-tarde-en-barrios-del-sector-norte-de-villa-maria-habran-cortes-de-luz\/\",\"url\":\"https:\/\/elregionalvm.com.ar\/noticias-villa-maria\/epec-por-la-tarde-en-barrios-del-sector-norte-de-villa-maria-habran-cortes-de-luz\/\",\"name\":\"EPEC: por la tarde, en barrios del sector norte de Villa Mar\u00eda habr\u00e1n cortes de luz - El Regional\",\"isPartOf\":{\"@id\":\"http:\/\/elregionalvm.com.ar\/noticias-villa-maria\/#website\"},\"primaryImageOfPage\":{\"@id\":\"https:\/\/elregionalvm.com.ar\/noticias-villa-maria\/epec-por-la-tarde-en-barrios-del-sector-norte-de-villa-maria-habran-cortes-de-luz\/#primaryimage\"},\"image\":{\"@id\":\"https:\/\/elregionalvm.com.ar\/noticias-villa-maria\/epec-por-la-tarde-en-barrios-del-sector-norte-de-villa-maria-habran-cortes-de-luz\/#primaryimage\"},\"thumbnailUrl\":\"https:\/\/i0.wp.com\/elregionalvm.com.ar\/noticias-villa-maria\/wp-content\/uploads\/2022\/06\/epec-trabajando.jpg?fit=709%2C405&ssl=1\",\"datePublished\":\"2023-12-02T13:11:56+00:00\",\"dateModified\":\"2023-12-02T13:11:59+00:00\",\"author\":{\"@id\":\"http:\/\/elregionalvm.com.ar\/noticias-villa-maria\/#\/schema\/person\/a0fb9c422317faca23d50163151bc354\"},\"breadcrumb\":{\"@id\":\"https:\/\/elregionalvm.com.ar\/noticias-villa-maria\/epec-por-la-tarde-en-barrios-del-sector-norte-de-villa-maria-habran-cortes-de-luz\/#breadcrumb\"},\"inLanguage\":\"es\",\"potentialAction\":[{\"@type\":\"ReadAction\",\"target\":[\"https:\/\/elregionalvm.com.ar\/noticias-villa-maria\/epec-por-la-tarde-en-barrios-del-sector-norte-de-villa-maria-habran-cortes-de-luz\/\"]}]},{\"@type\":\"ImageObject\",\"inLanguage\":\"es\",\"@id\":\"https:\/\/elregionalvm.com.ar\/noticias-villa-maria\/epec-por-la-tarde-en-barrios-del-sector-norte-de-villa-maria-habran-cortes-de-luz\/#primaryimage\",\"url\":\"https:\/\/i0.wp.com\/elregionalvm.com.ar\/noticias-villa-maria\/wp-content\/uploads\/2022\/06\/epec-trabajando.jpg?fit=709%2C405&ssl=1\",\"contentUrl\":\"https:\/\/i0.wp.com\/elregionalvm.com.ar\/noticias-villa-maria\/wp-content\/uploads\/2022\/06\/epec-trabajando.jpg?fit=709%2C405&ssl=1\",\"width\":709,\"height\":405},{\"@type\":\"BreadcrumbList\",\"@id\":\"https:\/\/elregionalvm.com.ar\/noticias-villa-maria\/epec-por-la-tarde-en-barrios-del-sector-norte-de-villa-maria-habran-cortes-de-luz\/#breadcrumb\",\"itemListElement\":[{\"@type\":\"ListItem\",\"position\":1,\"name\":\"Portada\",\"item\":\"https:\/\/elregionalvm.com.ar\/noticias-villa-maria\/\"},{\"@type\":\"ListItem\",\"position\":2,\"name\":\"EPEC: por la tarde, en barrios del sector norte de Villa Mar\u00eda habr\u00e1n cortes de luz\"}]},{\"@type\":\"WebSite\",\"@id\":\"http:\/\/elregionalvm.com.ar\/noticias-villa-maria\/#website\",\"url\":\"http:\/\/elregionalvm.com.ar\/noticias-villa-maria\/\",\"name\":\"El Regional\",\"description\":\"Mucho m\u00e1s que informaci\u00f3n\",\"potentialAction\":[{\"@type\":\"SearchAction\",\"target\":{\"@type\":\"EntryPoint\",\"urlTemplate\":\"http:\/\/elregionalvm.com.ar\/noticias-villa-maria\/?s={search_term_string}\"},\"query-input\":{\"@type\":\"PropertyValueSpecification\",\"valueRequired\":true,\"valueName\":\"search_term_string\"}}],\"inLanguage\":\"es\"},{\"@type\":\"Person\",\"@id\":\"http:\/\/elregionalvm.com.ar\/noticias-villa-maria\/#\/schema\/person\/a0fb9c422317faca23d50163151bc354\",\"name\":\"Contenidos El Regional\",\"image\":{\"@type\":\"ImageObject\",\"inLanguage\":\"es\",\"@id\":\"http:\/\/elregionalvm.com.ar\/noticias-villa-maria\/#\/schema\/person\/image\/\",\"url\":\"https:\/\/secure.gravatar.com\/avatar\/265b27cb2209af7bb3a1318f03305787d7981a5cc6e6cd08fe5a4ecdf99d4b48?s=96&d=mm&r=g\",\"contentUrl\":\"https:\/\/secure.gravatar.com\/avatar\/265b27cb2209af7bb3a1318f03305787d7981a5cc6e6cd08fe5a4ecdf99d4b48?s=96&d=mm&r=g\",\"caption\":\"Contenidos El Regional\"},\"url\":\"https:\/\/elregionalvm.com.ar\/noticias-villa-maria\/author\/contenido\/\"}]}<\/script>\n<!-- \/ Yoast SEO plugin. -->","yoast_head_json":{"title":"EPEC: por la tarde, en barrios del sector norte de Villa Mar\u00eda habr\u00e1n cortes de luz - El Regional","robots":{"index":"index","follow":"follow","max-snippet":"max-snippet:-1","max-image-preview":"max-image-preview:large","max-video-preview":"max-video-preview:-1"},"canonical":"https:\/\/elregionalvm.com.ar\/noticias-villa-maria\/epec-por-la-tarde-en-barrios-del-sector-norte-de-villa-maria-habran-cortes-de-luz\/","og_locale":"es_ES","og_type":"article","og_title":"EPEC: por la tarde, en barrios del sector norte de Villa Mar\u00eda habr\u00e1n cortes de luz - El Regional","og_description":"Hoy s\u00e1bado 2 de diciembre, por la tarde, barrios del sector norte de Villa Mar\u00eda tienen dispuestos cortes de luz el\u00e9ctrica por parte de Epec. Esto es por tareas de mantenimiento. El cr\u00f3nograma de EPEC, con respecto a los cortes de luz, es el siguiente: De 13:30 a 17:30 hs Sector: barrio Nicol\u00e1s Avellaneda, entre [&hellip;]","og_url":"https:\/\/elregionalvm.com.ar\/noticias-villa-maria\/epec-por-la-tarde-en-barrios-del-sector-norte-de-villa-maria-habran-cortes-de-luz\/","og_site_name":"El Regional","article_publisher":"https:\/\/www.facebook.com\/elregionalvm","article_published_time":"2023-12-02T13:11:56+00:00","article_modified_time":"2023-12-02T13:11:59+00:00","og_image":[{"width":709,"height":405,"url":"https:\/\/elregionalvm.com.ar\/noticias-villa-maria\/wp-content\/uploads\/2022\/06\/epec-trabajando.jpg","type":"image\/jpeg"}],"author":"Contenidos El Regional","twitter_card":"summary_large_image","twitter_creator":"@elregionalvm1","twitter_site":"@elregionalvm1","twitter_misc":{"Escrito por":"Contenidos El Regional","Tiempo de lectura":"1 minuto"},"schema":{"@context":"https:\/\/schema.org","@graph":[{"@type":"Article","@id":"https:\/\/elregionalvm.com.ar\/noticias-villa-maria\/epec-por-la-tarde-en-barrios-del-sector-norte-de-villa-maria-habran-cortes-de-luz\/#article","isPartOf":{"@id":"https:\/\/elregionalvm.com.ar\/noticias-villa-maria\/epec-por-la-tarde-en-barrios-del-sector-norte-de-villa-maria-habran-cortes-de-luz\/"},"author":{"name":"Contenidos El Regional","@id":"http:\/\/elregionalvm.com.ar\/noticias-villa-maria\/#\/schema\/person\/a0fb9c422317faca23d50163151bc354"},"headline":"EPEC: por la tarde, en barrios del sector norte de Villa Mar\u00eda habr\u00e1n cortes de luz","datePublished":"2023-12-02T13:11:56+00:00","dateModified":"2023-12-02T13:11:59+00:00","mainEntityOfPage":{"@id":"https:\/\/elregionalvm.com.ar\/noticias-villa-maria\/epec-por-la-tarde-en-barrios-del-sector-norte-de-villa-maria-habran-cortes-de-luz\/"},"wordCount":225,"commentCount":0,"image":{"@id":"https:\/\/elregionalvm.com.ar\/noticias-villa-maria\/epec-por-la-tarde-en-barrios-del-sector-norte-de-villa-maria-habran-cortes-de-luz\/#primaryimage"},"thumbnailUrl":"https:\/\/i0.wp.com\/elregionalvm.com.ar\/noticias-villa-maria\/wp-content\/uploads\/2022\/06\/epec-trabajando.jpg?fit=709%2C405&ssl=1","articleSection":["Sociedad","Villa Mar\u00eda"],"inLanguage":"es","potentialAction":[{"@type":"CommentAction","name":"Comment","target":["https:\/\/elregionalvm.com.ar\/noticias-villa-maria\/epec-por-la-tarde-en-barrios-del-sector-norte-de-villa-maria-habran-cortes-de-luz\/#respond"]}]},{"@type":"WebPage","@id":"https:\/\/elregionalvm.com.ar\/noticias-villa-maria\/epec-por-la-tarde-en-barrios-del-sector-norte-de-villa-maria-habran-cortes-de-luz\/","url":"https:\/\/elregionalvm.com.ar\/noticias-villa-maria\/epec-por-la-tarde-en-barrios-del-sector-norte-de-villa-maria-habran-cortes-de-luz\/","name":"EPEC: por la tarde, en barrios del sector norte de Villa Mar\u00eda habr\u00e1n cortes de luz - El Regional","isPartOf":{"@id":"http:\/\/elregionalvm.com.ar\/noticias-villa-maria\/#website"},"primaryImageOfPage":{"@id":"https:\/\/elregionalvm.com.ar\/noticias-villa-maria\/epec-por-la-tarde-en-barrios-del-sector-norte-de-villa-maria-habran-cortes-de-luz\/#primaryimage"},"image":{"@id":"https:\/\/elregionalvm.com.ar\/noticias-villa-maria\/epec-por-la-tarde-en-barrios-del-sector-norte-de-villa-maria-habran-cortes-de-luz\/#primaryimage"},"thumbnailUrl":"https:\/\/i0.wp.com\/elregionalvm.com.ar\/noticias-villa-maria\/wp-content\/uploads\/2022\/06\/epec-trabajando.jpg?fit=709%2C405&ssl=1","datePublished":"2023-12-02T13:11:56+00:00","dateModified":"2023-12-02T13:11:59+00:00","author":{"@id":"http:\/\/elregionalvm.com.ar\/noticias-villa-maria\/#\/schema\/person\/a0fb9c422317faca23d50163151bc354"},"breadcrumb":{"@id":"https:\/\/elregionalvm.com.ar\/noticias-villa-maria\/epec-por-la-tarde-en-barrios-del-sector-norte-de-villa-maria-habran-cortes-de-luz\/#breadcrumb"},"inLanguage":"es","potentialAction":[{"@type":"ReadAction","target":["https:\/\/elregionalvm.com.ar\/noticias-villa-maria\/epec-por-la-tarde-en-barrios-del-sector-norte-de-villa-maria-habran-cortes-de-luz\/"]}]},{"@type":"ImageObject","inLanguage":"es","@id":"https:\/\/elregionalvm.com.ar\/noticias-villa-maria\/epec-por-la-tarde-en-barrios-del-sector-norte-de-villa-maria-habran-cortes-de-luz\/#primaryimage","url":"https:\/\/i0.wp.com\/elregionalvm.com.ar\/noticias-villa-maria\/wp-content\/uploads\/2022\/06\/epec-trabajando.jpg?fit=709%2C405&ssl=1","contentUrl":"https:\/\/i0.wp.com\/elregionalvm.com.ar\/noticias-villa-maria\/wp-content\/uploads\/2022\/06\/epec-trabajando.jpg?fit=709%2C405&ssl=1","width":709,"height":405},{"@type":"BreadcrumbList","@id":"https:\/\/elregionalvm.com.ar\/noticias-villa-maria\/epec-por-la-tarde-en-barrios-del-sector-norte-de-villa-maria-habran-cortes-de-luz\/#breadcrumb","itemListElement":[{"@type":"ListItem","position":1,"name":"Portada","item":"https:\/\/elregionalvm.com.ar\/noticias-villa-maria\/"},{"@type":"ListItem","position":2,"name":"EPEC: por la tarde, en barrios del sector norte de Villa Mar\u00eda habr\u00e1n cortes de luz"}]},{"@type":"WebSite","@id":"http:\/\/elregionalvm.com.ar\/noticias-villa-maria\/#website","url":"http:\/\/elregionalvm.com.ar\/noticias-villa-maria\/","name":"El Regional","description":"Mucho m\u00e1s que informaci\u00f3n","potentialAction":[{"@type":"SearchAction","target":{"@type":"EntryPoint","urlTemplate":"http:\/\/elregionalvm.com.ar\/noticias-villa-maria\/?s={search_term_string}"},"query-input":{"@type":"PropertyValueSpecification","valueRequired":true,"valueName":"search_term_string"}}],"inLanguage":"es"},{"@type":"Person","@id":"http:\/\/elregionalvm.com.ar\/noticias-villa-maria\/#\/schema\/person\/a0fb9c422317faca23d50163151bc354","name":"Contenidos El Regional","image":{"@type":"ImageObject","inLanguage":"es","@id":"http:\/\/elregionalvm.com.ar\/noticias-villa-maria\/#\/schema\/person\/image\/","url":"https:\/\/secure.gravatar.com\/avatar\/265b27cb2209af7bb3a1318f03305787d7981a5cc6e6cd08fe5a4ecdf99d4b48?s=96&d=mm&r=g","contentUrl":"https:\/\/secure.gravatar.com\/avatar\/265b27cb2209af7bb3a1318f03305787d7981a5cc6e6cd08fe5a4ecdf99d4b48?s=96&d=mm&r=g","caption":"Contenidos El Regional"},"url":"https:\/\/elregionalvm.com.ar\/noticias-villa-maria\/author\/contenido\/"}]}},"jetpack_featured_media_url":"https:\/\/i0.wp.com\/elregionalvm.com.ar\/noticias-villa-maria\/wp-content\/uploads\/2022\/06\/epec-trabajando.jpg?fit=709%2C405&ssl=1","jetpack_sharing_enabled":true,"_links":{"self":[{"href":"https:\/\/elregionalvm.com.ar\/noticias-villa-maria\/wp-json\/wp\/v2\/posts\/86620","targetHints":{"allow":["GET"]}}],"collection":[{"href":"https:\/\/elregionalvm.com.ar\/noticias-villa-maria\/wp-json\/wp\/v2\/posts"}],"about":[{"href":"https:\/\/elregionalvm.com.ar\/noticias-villa-maria\/wp-json\/wp\/v2\/types\/post"}],"author":[{"embeddable":true,"href":"https:\/\/elregionalvm.com.ar\/noticias-villa-maria\/wp-json\/wp\/v2\/users\/4"}],"replies":[{"embeddable":true,"href":"https:\/\/elregionalvm.com.ar\/noticias-villa-maria\/wp-json\/wp\/v2\/comments?post=86620"}],"version-history":[{"count":1,"href":"https:\/\/elregionalvm.com.ar\/noticias-villa-maria\/wp-json\/wp\/v2\/posts\/86620\/revisions"}],"predecessor-version":[{"id":86621,"href":"https:\/\/elregionalvm.com.ar\/noticias-villa-maria\/wp-json\/wp\/v2\/posts\/86620\/revisions\/86621"}],"wp:featuredmedia":[{"embeddable":true,"href":"https:\/\/elregionalvm.com.ar\/noticias-villa-maria\/wp-json\/wp\/v2\/media\/58242"}],"wp:attachment":[{"href":"https:\/\/elregionalvm.com.ar\/noticias-villa-maria\/wp-json\/wp\/v2\/media?parent=86620"}],"wp:term":[{"taxonomy":"category","embeddable":true,"href":"https:\/\/elregionalvm.com.ar\/noticias-villa-maria\/wp-json\/wp\/v2\/categories?post=86620"},{"taxonomy":"post_tag","embeddable":true,"href":"https:\/\/elregionalvm.com.ar\/noticias-villa-maria\/wp-json\/wp\/v2\/tags?post=86620"}],"curies":[{"name":"wp","href":"https:\/\/api.w.org\/{rel}","templated":true}]}}