{"id":86628,"date":"2023-12-02T22:31:05","date_gmt":"2023-12-02T22:31:05","guid":{"rendered":"https:\/\/elregionalvm.com.ar\/noticias-villa-maria\/?p=86628"},"modified":"2023-12-02T22:31:08","modified_gmt":"2023-12-02T22:31:08","slug":"hallaron-muerta-a-la-mujer-desaparecida-en-oncativo-y-detuvieron-a-su-expareja","status":"publish","type":"post","link":"https:\/\/elregionalvm.com.ar\/noticias-villa-maria\/hallaron-muerta-a-la-mujer-desaparecida-en-oncativo-y-detuvieron-a-su-expareja\/","title":{"rendered":"Hallaron muerta a la mujer desaparecida en Oncativo y detuvieron a su expareja"},"content":{"rendered":"\n<p>La Fiscal\u00eda de Instrucci\u00f3n de R\u00edo Segundo, a cargo de Manuel Ayan, orden\u00f3 la detenci\u00f3n de la ex pareja de Valeria Alejandra Gancedo, cuya desaparici\u00f3n fue denunciada el 30 de noviembre. <\/p>\n\n\n\n<p>El fiscal encabez\u00f3 un operativo que culmin\u00f3 con el hallazgo del cuerpo sin vida de la v\u00edctima en un campo en las cercan\u00edas de la localidad de Impira. <\/p>\n\n\n\n<p>Gancedo y el detenido ten\u00edan denuncias cruzadas por violencia familiar, existiendo una orden de restricci\u00f3n cuya pr\u00f3rroga, la propia v\u00edctima, solicit\u00f3 que no se renovara una semana antes del hecho.<\/p>\n\n\n\n<p><\/p>\n\n\n\n<figure class=\"wp-block-image size-large\"><img data-recalc-dims=\"1\" fetchpriority=\"high\" decoding=\"async\" width=\"576\" height=\"1024\" src=\"https:\/\/i0.wp.com\/elregionalvm.com.ar\/noticias-villa-maria\/wp-content\/uploads\/2023\/12\/116930.jpg?resize=576%2C1024&#038;ssl=1\" alt=\"\" class=\"wp-image-86598\" srcset=\"https:\/\/i0.wp.com\/elregionalvm.com.ar\/noticias-villa-maria\/wp-content\/uploads\/2023\/12\/116930.jpg?resize=576%2C1024&amp;ssl=1 576w, https:\/\/i0.wp.com\/elregionalvm.com.ar\/noticias-villa-maria\/wp-content\/uploads\/2023\/12\/116930.jpg?resize=169%2C300&amp;ssl=1 169w, https:\/\/i0.wp.com\/elregionalvm.com.ar\/noticias-villa-maria\/wp-content\/uploads\/2023\/12\/116930.jpg?w=709&amp;ssl=1 709w\" sizes=\"(max-width: 576px) 100vw, 576px\" \/><\/figure>\n","protected":false},"excerpt":{"rendered":"<p>La Fiscal\u00eda de Instrucci\u00f3n de R\u00edo Segundo, a cargo de Manuel Ayan, orden\u00f3 la detenci\u00f3n de la ex pareja de Valeria Alejandra Gancedo, cuya desaparici\u00f3n fue denunciada el 30 de noviembre. El fiscal encabez\u00f3 un operativo que culmin\u00f3 con el hallazgo del cuerpo sin vida de la v\u00edctima en un campo en las cercan\u00edas de [&hellip;]<\/p>\n","protected":false},"author":4,"featured_media":86630,"comment_status":"open","ping_status":"open","sticky":false,"template":"","format":"standard","meta":{"site-sidebar-layout":"default","site-content-layout":"","ast-site-content-layout":"default","site-content-style":"default","site-sidebar-style":"default","ast-global-header-display":"","ast-banner-title-visibility":"","ast-main-header-display":"","ast-hfb-above-header-display":"","ast-hfb-below-header-display":"","ast-hfb-mobile-header-display":"","site-post-title":"","ast-breadcrumbs-content":"","ast-featured-img":"","footer-sml-layout":"","ast-disable-related-posts":"","theme-transparent-header-meta":"","adv-header-id-meta":"","stick-header-meta":"","header-above-stick-meta":"","header-main-stick-meta":"","header-below-stick-meta":"","astra-migrate-meta-layouts":"set","ast-page-background-enabled":"default","ast-page-background-meta":{"desktop":{"background-color":"","background-image":"","background-repeat":"repeat","background-position":"center center","background-size":"auto","background-attachment":"scroll","background-type":"","background-media":"","overlay-type":"","overlay-color":"","overlay-opacity":"","overlay-gradient":""},"tablet":{"background-color":"","background-image":"","background-repeat":"repeat","background-position":"center center","background-size":"auto","background-attachment":"scroll","background-type":"","background-media":"","overlay-type":"","overlay-color":"","overlay-opacity":"","overlay-gradient":""},"mobile":{"background-color":"","background-image":"","background-repeat":"repeat","background-position":"center center","background-size":"auto","background-attachment":"scroll","background-type":"","background-media":"","overlay-type":"","overlay-color":"","overlay-opacity":"","overlay-gradient":""}},"ast-content-background-meta":{"desktop":{"background-color":"var(--ast-global-color-5)","background-image":"","background-repeat":"repeat","background-position":"center center","background-size":"auto","background-attachment":"scroll","background-type":"","background-media":"","overlay-type":"","overlay-color":"","overlay-opacity":"","overlay-gradient":""},"tablet":{"background-color":"var(--ast-global-color-5)","background-image":"","background-repeat":"repeat","background-position":"center center","background-size":"auto","background-attachment":"scroll","background-type":"","background-media":"","overlay-type":"","overlay-color":"","overlay-opacity":"","overlay-gradient":""},"mobile":{"background-color":"var(--ast-global-color-5)","background-image":"","background-repeat":"repeat","background-position":"center center","background-size":"auto","background-attachment":"scroll","background-type":"","background-media":"","overlay-type":"","overlay-color":"","overlay-opacity":"","overlay-gradient":""}},"_jetpack_memberships_contains_paid_content":false,"_joinchat":[],"footnotes":""},"categories":[15302,2234,2091],"tags":[3588,261,100,12776,2739],"class_list":["post-86628","post","type-post","status-publish","format-standard","has-post-thumbnail","hentry","category-destacado","category-policiales","category-region","tag-expareja","tag-fallecimiento","tag-muerte","tag-mujer-desaparecida","tag-oncativo"],"yoast_head":"<!-- This site is optimized with the Yoast SEO plugin v26.8 - https:\/\/yoast.com\/product\/yoast-seo-wordpress\/ -->\n<title>Hallaron muerta a la mujer desaparecida en Oncativo y detuvieron a su expareja - El Regional<\/title>\n<meta name=\"robots\" content=\"index, follow, max-snippet:-1, max-image-preview:large, max-video-preview:-1\" \/>\n<link rel=\"canonical\" href=\"https:\/\/elregionalvm.com.ar\/noticias-villa-maria\/hallaron-muerta-a-la-mujer-desaparecida-en-oncativo-y-detuvieron-a-su-expareja\/\" \/>\n<meta property=\"og:locale\" content=\"es_ES\" \/>\n<meta property=\"og:type\" content=\"article\" \/>\n<meta property=\"og:title\" content=\"Hallaron muerta a la mujer desaparecida en Oncativo y detuvieron a su expareja - El Regional\" \/>\n<meta property=\"og:description\" content=\"La Fiscal\u00eda de Instrucci\u00f3n de R\u00edo Segundo, a cargo de Manuel Ayan, orden\u00f3 la detenci\u00f3n de la ex pareja de Valeria Alejandra Gancedo, cuya desaparici\u00f3n fue denunciada el 30 de noviembre. El fiscal encabez\u00f3 un operativo que culmin\u00f3 con el hallazgo del cuerpo sin vida de la v\u00edctima en un campo en las cercan\u00edas de [&hellip;]\" \/>\n<meta property=\"og:url\" content=\"https:\/\/elregionalvm.com.ar\/noticias-villa-maria\/hallaron-muerta-a-la-mujer-desaparecida-en-oncativo-y-detuvieron-a-su-expareja\/\" \/>\n<meta property=\"og:site_name\" content=\"El Regional\" \/>\n<meta property=\"article:publisher\" content=\"https:\/\/www.facebook.com\/elregionalvm\" \/>\n<meta property=\"article:published_time\" content=\"2023-12-02T22:31:05+00:00\" \/>\n<meta property=\"article:modified_time\" content=\"2023-12-02T22:31:08+00:00\" \/>\n<meta property=\"og:image\" content=\"https:\/\/elregionalvm.com.ar\/noticias-villa-maria\/wp-content\/uploads\/2023\/12\/Mujer-desaparecida-fallecida-Oncativo.jpg\" \/>\n\t<meta property=\"og:image:width\" content=\"498\" \/>\n\t<meta property=\"og:image:height\" content=\"442\" \/>\n\t<meta property=\"og:image:type\" content=\"image\/jpeg\" \/>\n<meta name=\"author\" content=\"Contenidos El Regional\" \/>\n<meta name=\"twitter:card\" content=\"summary_large_image\" \/>\n<meta name=\"twitter:creator\" content=\"@elregionalvm1\" \/>\n<meta name=\"twitter:site\" content=\"@elregionalvm1\" \/>\n<meta name=\"twitter:label1\" content=\"Escrito por\" \/>\n\t<meta name=\"twitter:data1\" content=\"Contenidos El Regional\" \/>\n<script type=\"application\/ld+json\" class=\"yoast-schema-graph\">{\"@context\":\"https:\/\/schema.org\",\"@graph\":[{\"@type\":\"Article\",\"@id\":\"https:\/\/elregionalvm.com.ar\/noticias-villa-maria\/hallaron-muerta-a-la-mujer-desaparecida-en-oncativo-y-detuvieron-a-su-expareja\/#article\",\"isPartOf\":{\"@id\":\"https:\/\/elregionalvm.com.ar\/noticias-villa-maria\/hallaron-muerta-a-la-mujer-desaparecida-en-oncativo-y-detuvieron-a-su-expareja\/\"},\"author\":{\"name\":\"Contenidos El Regional\",\"@id\":\"http:\/\/elregionalvm.com.ar\/noticias-villa-maria\/#\/schema\/person\/a0fb9c422317faca23d50163151bc354\"},\"headline\":\"Hallaron muerta a la mujer desaparecida en Oncativo y detuvieron a su expareja\",\"datePublished\":\"2023-12-02T22:31:05+00:00\",\"dateModified\":\"2023-12-02T22:31:08+00:00\",\"mainEntityOfPage\":{\"@id\":\"https:\/\/elregionalvm.com.ar\/noticias-villa-maria\/hallaron-muerta-a-la-mujer-desaparecida-en-oncativo-y-detuvieron-a-su-expareja\/\"},\"wordCount\":112,\"commentCount\":0,\"image\":{\"@id\":\"https:\/\/elregionalvm.com.ar\/noticias-villa-maria\/hallaron-muerta-a-la-mujer-desaparecida-en-oncativo-y-detuvieron-a-su-expareja\/#primaryimage\"},\"thumbnailUrl\":\"https:\/\/i0.wp.com\/elregionalvm.com.ar\/noticias-villa-maria\/wp-content\/uploads\/2023\/12\/Mujer-desaparecida-fallecida-Oncativo.jpg?fit=498%2C442&ssl=1\",\"keywords\":[\"expareja\",\"fallecimiento\",\"muerte\",\"mujer desaparecida\",\"Oncativo\"],\"articleSection\":[\"destacado\",\"Policiales\",\"Regi\u00f3n\"],\"inLanguage\":\"es\",\"potentialAction\":[{\"@type\":\"CommentAction\",\"name\":\"Comment\",\"target\":[\"https:\/\/elregionalvm.com.ar\/noticias-villa-maria\/hallaron-muerta-a-la-mujer-desaparecida-en-oncativo-y-detuvieron-a-su-expareja\/#respond\"]}]},{\"@type\":\"WebPage\",\"@id\":\"https:\/\/elregionalvm.com.ar\/noticias-villa-maria\/hallaron-muerta-a-la-mujer-desaparecida-en-oncativo-y-detuvieron-a-su-expareja\/\",\"url\":\"https:\/\/elregionalvm.com.ar\/noticias-villa-maria\/hallaron-muerta-a-la-mujer-desaparecida-en-oncativo-y-detuvieron-a-su-expareja\/\",\"name\":\"Hallaron muerta a la mujer desaparecida en Oncativo y detuvieron a su expareja - El Regional\",\"isPartOf\":{\"@id\":\"http:\/\/elregionalvm.com.ar\/noticias-villa-maria\/#website\"},\"primaryImageOfPage\":{\"@id\":\"https:\/\/elregionalvm.com.ar\/noticias-villa-maria\/hallaron-muerta-a-la-mujer-desaparecida-en-oncativo-y-detuvieron-a-su-expareja\/#primaryimage\"},\"image\":{\"@id\":\"https:\/\/elregionalvm.com.ar\/noticias-villa-maria\/hallaron-muerta-a-la-mujer-desaparecida-en-oncativo-y-detuvieron-a-su-expareja\/#primaryimage\"},\"thumbnailUrl\":\"https:\/\/i0.wp.com\/elregionalvm.com.ar\/noticias-villa-maria\/wp-content\/uploads\/2023\/12\/Mujer-desaparecida-fallecida-Oncativo.jpg?fit=498%2C442&ssl=1\",\"datePublished\":\"2023-12-02T22:31:05+00:00\",\"dateModified\":\"2023-12-02T22:31:08+00:00\",\"author\":{\"@id\":\"http:\/\/elregionalvm.com.ar\/noticias-villa-maria\/#\/schema\/person\/a0fb9c422317faca23d50163151bc354\"},\"breadcrumb\":{\"@id\":\"https:\/\/elregionalvm.com.ar\/noticias-villa-maria\/hallaron-muerta-a-la-mujer-desaparecida-en-oncativo-y-detuvieron-a-su-expareja\/#breadcrumb\"},\"inLanguage\":\"es\",\"potentialAction\":[{\"@type\":\"ReadAction\",\"target\":[\"https:\/\/elregionalvm.com.ar\/noticias-villa-maria\/hallaron-muerta-a-la-mujer-desaparecida-en-oncativo-y-detuvieron-a-su-expareja\/\"]}]},{\"@type\":\"ImageObject\",\"inLanguage\":\"es\",\"@id\":\"https:\/\/elregionalvm.com.ar\/noticias-villa-maria\/hallaron-muerta-a-la-mujer-desaparecida-en-oncativo-y-detuvieron-a-su-expareja\/#primaryimage\",\"url\":\"https:\/\/i0.wp.com\/elregionalvm.com.ar\/noticias-villa-maria\/wp-content\/uploads\/2023\/12\/Mujer-desaparecida-fallecida-Oncativo.jpg?fit=498%2C442&ssl=1\",\"contentUrl\":\"https:\/\/i0.wp.com\/elregionalvm.com.ar\/noticias-villa-maria\/wp-content\/uploads\/2023\/12\/Mujer-desaparecida-fallecida-Oncativo.jpg?fit=498%2C442&ssl=1\",\"width\":498,\"height\":442},{\"@type\":\"BreadcrumbList\",\"@id\":\"https:\/\/elregionalvm.com.ar\/noticias-villa-maria\/hallaron-muerta-a-la-mujer-desaparecida-en-oncativo-y-detuvieron-a-su-expareja\/#breadcrumb\",\"itemListElement\":[{\"@type\":\"ListItem\",\"position\":1,\"name\":\"Portada\",\"item\":\"https:\/\/elregionalvm.com.ar\/noticias-villa-maria\/\"},{\"@type\":\"ListItem\",\"position\":2,\"name\":\"Hallaron muerta a la mujer desaparecida en Oncativo y detuvieron a su expareja\"}]},{\"@type\":\"WebSite\",\"@id\":\"http:\/\/elregionalvm.com.ar\/noticias-villa-maria\/#website\",\"url\":\"http:\/\/elregionalvm.com.ar\/noticias-villa-maria\/\",\"name\":\"El Regional\",\"description\":\"Mucho m\u00e1s que informaci\u00f3n\",\"potentialAction\":[{\"@type\":\"SearchAction\",\"target\":{\"@type\":\"EntryPoint\",\"urlTemplate\":\"http:\/\/elregionalvm.com.ar\/noticias-villa-maria\/?s={search_term_string}\"},\"query-input\":{\"@type\":\"PropertyValueSpecification\",\"valueRequired\":true,\"valueName\":\"search_term_string\"}}],\"inLanguage\":\"es\"},{\"@type\":\"Person\",\"@id\":\"http:\/\/elregionalvm.com.ar\/noticias-villa-maria\/#\/schema\/person\/a0fb9c422317faca23d50163151bc354\",\"name\":\"Contenidos El Regional\",\"image\":{\"@type\":\"ImageObject\",\"inLanguage\":\"es\",\"@id\":\"http:\/\/elregionalvm.com.ar\/noticias-villa-maria\/#\/schema\/person\/image\/\",\"url\":\"https:\/\/secure.gravatar.com\/avatar\/265b27cb2209af7bb3a1318f03305787d7981a5cc6e6cd08fe5a4ecdf99d4b48?s=96&d=mm&r=g\",\"contentUrl\":\"https:\/\/secure.gravatar.com\/avatar\/265b27cb2209af7bb3a1318f03305787d7981a5cc6e6cd08fe5a4ecdf99d4b48?s=96&d=mm&r=g\",\"caption\":\"Contenidos El Regional\"},\"url\":\"https:\/\/elregionalvm.com.ar\/noticias-villa-maria\/author\/contenido\/\"}]}<\/script>\n<!-- \/ Yoast SEO plugin. -->","yoast_head_json":{"title":"Hallaron muerta a la mujer desaparecida en Oncativo y detuvieron a su expareja - El Regional","robots":{"index":"index","follow":"follow","max-snippet":"max-snippet:-1","max-image-preview":"max-image-preview:large","max-video-preview":"max-video-preview:-1"},"canonical":"https:\/\/elregionalvm.com.ar\/noticias-villa-maria\/hallaron-muerta-a-la-mujer-desaparecida-en-oncativo-y-detuvieron-a-su-expareja\/","og_locale":"es_ES","og_type":"article","og_title":"Hallaron muerta a la mujer desaparecida en Oncativo y detuvieron a su expareja - El Regional","og_description":"La Fiscal\u00eda de Instrucci\u00f3n de R\u00edo Segundo, a cargo de Manuel Ayan, orden\u00f3 la detenci\u00f3n de la ex pareja de Valeria Alejandra Gancedo, cuya desaparici\u00f3n fue denunciada el 30 de noviembre. El fiscal encabez\u00f3 un operativo que culmin\u00f3 con el hallazgo del cuerpo sin vida de la v\u00edctima en un campo en las cercan\u00edas de [&hellip;]","og_url":"https:\/\/elregionalvm.com.ar\/noticias-villa-maria\/hallaron-muerta-a-la-mujer-desaparecida-en-oncativo-y-detuvieron-a-su-expareja\/","og_site_name":"El Regional","article_publisher":"https:\/\/www.facebook.com\/elregionalvm","article_published_time":"2023-12-02T22:31:05+00:00","article_modified_time":"2023-12-02T22:31:08+00:00","og_image":[{"width":498,"height":442,"url":"https:\/\/elregionalvm.com.ar\/noticias-villa-maria\/wp-content\/uploads\/2023\/12\/Mujer-desaparecida-fallecida-Oncativo.jpg","type":"image\/jpeg"}],"author":"Contenidos El Regional","twitter_card":"summary_large_image","twitter_creator":"@elregionalvm1","twitter_site":"@elregionalvm1","twitter_misc":{"Escrito por":"Contenidos El Regional"},"schema":{"@context":"https:\/\/schema.org","@graph":[{"@type":"Article","@id":"https:\/\/elregionalvm.com.ar\/noticias-villa-maria\/hallaron-muerta-a-la-mujer-desaparecida-en-oncativo-y-detuvieron-a-su-expareja\/#article","isPartOf":{"@id":"https:\/\/elregionalvm.com.ar\/noticias-villa-maria\/hallaron-muerta-a-la-mujer-desaparecida-en-oncativo-y-detuvieron-a-su-expareja\/"},"author":{"name":"Contenidos El Regional","@id":"http:\/\/elregionalvm.com.ar\/noticias-villa-maria\/#\/schema\/person\/a0fb9c422317faca23d50163151bc354"},"headline":"Hallaron muerta a la mujer desaparecida en Oncativo y detuvieron a su expareja","datePublished":"2023-12-02T22:31:05+00:00","dateModified":"2023-12-02T22:31:08+00:00","mainEntityOfPage":{"@id":"https:\/\/elregionalvm.com.ar\/noticias-villa-maria\/hallaron-muerta-a-la-mujer-desaparecida-en-oncativo-y-detuvieron-a-su-expareja\/"},"wordCount":112,"commentCount":0,"image":{"@id":"https:\/\/elregionalvm.com.ar\/noticias-villa-maria\/hallaron-muerta-a-la-mujer-desaparecida-en-oncativo-y-detuvieron-a-su-expareja\/#primaryimage"},"thumbnailUrl":"https:\/\/i0.wp.com\/elregionalvm.com.ar\/noticias-villa-maria\/wp-content\/uploads\/2023\/12\/Mujer-desaparecida-fallecida-Oncativo.jpg?fit=498%2C442&ssl=1","keywords":["expareja","fallecimiento","muerte","mujer desaparecida","Oncativo"],"articleSection":["destacado","Policiales","Regi\u00f3n"],"inLanguage":"es","potentialAction":[{"@type":"CommentAction","name":"Comment","target":["https:\/\/elregionalvm.com.ar\/noticias-villa-maria\/hallaron-muerta-a-la-mujer-desaparecida-en-oncativo-y-detuvieron-a-su-expareja\/#respond"]}]},{"@type":"WebPage","@id":"https:\/\/elregionalvm.com.ar\/noticias-villa-maria\/hallaron-muerta-a-la-mujer-desaparecida-en-oncativo-y-detuvieron-a-su-expareja\/","url":"https:\/\/elregionalvm.com.ar\/noticias-villa-maria\/hallaron-muerta-a-la-mujer-desaparecida-en-oncativo-y-detuvieron-a-su-expareja\/","name":"Hallaron muerta a la mujer desaparecida en Oncativo y detuvieron a su expareja - El Regional","isPartOf":{"@id":"http:\/\/elregionalvm.com.ar\/noticias-villa-maria\/#website"},"primaryImageOfPage":{"@id":"https:\/\/elregionalvm.com.ar\/noticias-villa-maria\/hallaron-muerta-a-la-mujer-desaparecida-en-oncativo-y-detuvieron-a-su-expareja\/#primaryimage"},"image":{"@id":"https:\/\/elregionalvm.com.ar\/noticias-villa-maria\/hallaron-muerta-a-la-mujer-desaparecida-en-oncativo-y-detuvieron-a-su-expareja\/#primaryimage"},"thumbnailUrl":"https:\/\/i0.wp.com\/elregionalvm.com.ar\/noticias-villa-maria\/wp-content\/uploads\/2023\/12\/Mujer-desaparecida-fallecida-Oncativo.jpg?fit=498%2C442&ssl=1","datePublished":"2023-12-02T22:31:05+00:00","dateModified":"2023-12-02T22:31:08+00:00","author":{"@id":"http:\/\/elregionalvm.com.ar\/noticias-villa-maria\/#\/schema\/person\/a0fb9c422317faca23d50163151bc354"},"breadcrumb":{"@id":"https:\/\/elregionalvm.com.ar\/noticias-villa-maria\/hallaron-muerta-a-la-mujer-desaparecida-en-oncativo-y-detuvieron-a-su-expareja\/#breadcrumb"},"inLanguage":"es","potentialAction":[{"@type":"ReadAction","target":["https:\/\/elregionalvm.com.ar\/noticias-villa-maria\/hallaron-muerta-a-la-mujer-desaparecida-en-oncativo-y-detuvieron-a-su-expareja\/"]}]},{"@type":"ImageObject","inLanguage":"es","@id":"https:\/\/elregionalvm.com.ar\/noticias-villa-maria\/hallaron-muerta-a-la-mujer-desaparecida-en-oncativo-y-detuvieron-a-su-expareja\/#primaryimage","url":"https:\/\/i0.wp.com\/elregionalvm.com.ar\/noticias-villa-maria\/wp-content\/uploads\/2023\/12\/Mujer-desaparecida-fallecida-Oncativo.jpg?fit=498%2C442&ssl=1","contentUrl":"https:\/\/i0.wp.com\/elregionalvm.com.ar\/noticias-villa-maria\/wp-content\/uploads\/2023\/12\/Mujer-desaparecida-fallecida-Oncativo.jpg?fit=498%2C442&ssl=1","width":498,"height":442},{"@type":"BreadcrumbList","@id":"https:\/\/elregionalvm.com.ar\/noticias-villa-maria\/hallaron-muerta-a-la-mujer-desaparecida-en-oncativo-y-detuvieron-a-su-expareja\/#breadcrumb","itemListElement":[{"@type":"ListItem","position":1,"name":"Portada","item":"https:\/\/elregionalvm.com.ar\/noticias-villa-maria\/"},{"@type":"ListItem","position":2,"name":"Hallaron muerta a la mujer desaparecida en Oncativo y detuvieron a su expareja"}]},{"@type":"WebSite","@id":"http:\/\/elregionalvm.com.ar\/noticias-villa-maria\/#website","url":"http:\/\/elregionalvm.com.ar\/noticias-villa-maria\/","name":"El Regional","description":"Mucho m\u00e1s que informaci\u00f3n","potentialAction":[{"@type":"SearchAction","target":{"@type":"EntryPoint","urlTemplate":"http:\/\/elregionalvm.com.ar\/noticias-villa-maria\/?s={search_term_string}"},"query-input":{"@type":"PropertyValueSpecification","valueRequired":true,"valueName":"search_term_string"}}],"inLanguage":"es"},{"@type":"Person","@id":"http:\/\/elregionalvm.com.ar\/noticias-villa-maria\/#\/schema\/person\/a0fb9c422317faca23d50163151bc354","name":"Contenidos El Regional","image":{"@type":"ImageObject","inLanguage":"es","@id":"http:\/\/elregionalvm.com.ar\/noticias-villa-maria\/#\/schema\/person\/image\/","url":"https:\/\/secure.gravatar.com\/avatar\/265b27cb2209af7bb3a1318f03305787d7981a5cc6e6cd08fe5a4ecdf99d4b48?s=96&d=mm&r=g","contentUrl":"https:\/\/secure.gravatar.com\/avatar\/265b27cb2209af7bb3a1318f03305787d7981a5cc6e6cd08fe5a4ecdf99d4b48?s=96&d=mm&r=g","caption":"Contenidos El Regional"},"url":"https:\/\/elregionalvm.com.ar\/noticias-villa-maria\/author\/contenido\/"}]}},"jetpack_featured_media_url":"https:\/\/i0.wp.com\/elregionalvm.com.ar\/noticias-villa-maria\/wp-content\/uploads\/2023\/12\/Mujer-desaparecida-fallecida-Oncativo.jpg?fit=498%2C442&ssl=1","jetpack_sharing_enabled":true,"_links":{"self":[{"href":"https:\/\/elregionalvm.com.ar\/noticias-villa-maria\/wp-json\/wp\/v2\/posts\/86628","targetHints":{"allow":["GET"]}}],"collection":[{"href":"https:\/\/elregionalvm.com.ar\/noticias-villa-maria\/wp-json\/wp\/v2\/posts"}],"about":[{"href":"https:\/\/elregionalvm.com.ar\/noticias-villa-maria\/wp-json\/wp\/v2\/types\/post"}],"author":[{"embeddable":true,"href":"https:\/\/elregionalvm.com.ar\/noticias-villa-maria\/wp-json\/wp\/v2\/users\/4"}],"replies":[{"embeddable":true,"href":"https:\/\/elregionalvm.com.ar\/noticias-villa-maria\/wp-json\/wp\/v2\/comments?post=86628"}],"version-history":[{"count":2,"href":"https:\/\/elregionalvm.com.ar\/noticias-villa-maria\/wp-json\/wp\/v2\/posts\/86628\/revisions"}],"predecessor-version":[{"id":86631,"href":"https:\/\/elregionalvm.com.ar\/noticias-villa-maria\/wp-json\/wp\/v2\/posts\/86628\/revisions\/86631"}],"wp:featuredmedia":[{"embeddable":true,"href":"https:\/\/elregionalvm.com.ar\/noticias-villa-maria\/wp-json\/wp\/v2\/media\/86630"}],"wp:attachment":[{"href":"https:\/\/elregionalvm.com.ar\/noticias-villa-maria\/wp-json\/wp\/v2\/media?parent=86628"}],"wp:term":[{"taxonomy":"category","embeddable":true,"href":"https:\/\/elregionalvm.com.ar\/noticias-villa-maria\/wp-json\/wp\/v2\/categories?post=86628"},{"taxonomy":"post_tag","embeddable":true,"href":"https:\/\/elregionalvm.com.ar\/noticias-villa-maria\/wp-json\/wp\/v2\/tags?post=86628"}],"curies":[{"name":"wp","href":"https:\/\/api.w.org\/{rel}","templated":true}]}}